{"id":438484,"date":"2025-03-07T19:39:19","date_gmt":"2025-03-07T18:39:19","guid":{"rendered":"https:\/\/www.radiopiu.net\/wordpress\/?p=438484"},"modified":"2025-03-07T19:39:19","modified_gmt":"2025-03-07T18:39:19","slug":"la-falce-di-venere","status":"publish","type":"post","link":"https:\/\/www.radiopiu.net\/wordpress\/la-falce-di-venere\/","title":{"rendered":"LA FALCE DI VENERE"},"content":{"rendered":"<p>******<\/p>\n<p>&nbsp;<\/p>\n<p><strong><a class=\"dt-pswp-item\" href=\"https:\/\/www.radiopiu.net\/wordpress\/wp-content\/uploads\/2025\/03\/SCR-20250307-rcnz.png\" data-dt-img-description=\"\" data-large_image_width=\"832\" data-large_image_height=\"656\"><img loading=\"lazy\" decoding=\"async\" class=\" wp-image-438486 alignleft\" src=\"https:\/\/www.radiopiu.net\/wordpress\/wp-content\/uploads\/2025\/03\/SCR-20250307-rcnz-300x237.png\" alt=\"\" width=\"203\" height=\"160\" srcset=\"https:\/\/www.radiopiu.net\/wordpress\/wp-content\/uploads\/2025\/03\/SCR-20250307-rcnz-300x237.png 300w, https:\/\/www.radiopiu.net\/wordpress\/wp-content\/uploads\/2025\/03\/SCR-20250307-rcnz-768x606.png 768w, https:\/\/www.radiopiu.net\/wordpress\/wp-content\/uploads\/2025\/03\/SCR-20250307-rcnz.png 832w\" sizes=\"auto, (max-width: 203px) 100vw, 203px\" \/><\/a>DI CLAUDIO PRA<\/strong><\/p>\n<p>Ai profani sembrer\u00e0 impossibile, eppure la &#8220;stella&#8221; luminosissima che si mostra in queste sere ad ovest dopo il tramonto, se osservata al telescopio si trasforma in una sottile falce, svelando la sua vera natura. In effetti quell&#8217;astro luminosissimo \u00e8 il pianeta Venere, uno degli otto del Sistema Solare. In questo periodo si sta avvicinando al Sole al quale passer\u00e0 vicino il 23 marzo, raggiungendo la congiunzione inferiore. In quel momento sar\u00e0 sottilissimo, illuminato solo all&#8217;1%. In seguito si sposter\u00e0 ad ovest della nostra stella aumentando gradualmente di fase, rendendosi visibile all&#8217;alba, prima che il Sole sorga. Gli antichi chiamavano Venere Vespero o Lucifero, a seconda che si mostrasse la sera o la mattina. Essendo pianeta interno rispetto alla Terra, Venere mostra le fasi, come la Luna, rendendo interessantissima la sua osservazione gi\u00e0 in un binocolo. Data la sua grande luminosit\u00e0 occorre per\u00f2 avere l&#8217;accortezza di cercarlo prima del buio, che impasterebbe la sua immagine rendendola poco decifrabile.<\/p>\n<p>&nbsp;<\/p>\n<p>&nbsp;<\/p>\n<p>*******<\/p>\n","protected":false},"excerpt":{"rendered":"<p>****** &nbsp; DI CLAUDIO PRA Ai profani sembrer\u00e0 impossibile, eppure la &#8220;stella&#8221; luminosissima che si mostra in queste sere ad ovest dopo il tramonto, se osservata al telescopio si trasforma in una sottile falce, svelando la sua vera natura. In effetti quell&#8217;astro luminosissimo \u00e8 il pianeta Venere, uno degli otto del Sistema Solare. In questo&hellip;<\/p>\n","protected":false},"author":4,"featured_media":438486,"comment_status":"closed","ping_status":"closed","sticky":false,"template":"","format":"standard","meta":{"_monsterinsights_skip_tracking":false,"_monsterinsights_sitenote_active":false,"_monsterinsights_sitenote_note":"","_monsterinsights_sitenote_category":0,"footnotes":""},"categories":[49],"tags":[],"class_list":["post-438484","post","type-post","status-publish","format-standard","has-post-thumbnail","hentry","category-news-18","category-49","description-off"],"img_url":"https:\/\/www.radiopiu.net\/wordpress\/wp-content\/uploads\/2025\/03\/SCR-20250307-rcnz.png","_links":{"self":[{"href":"https:\/\/www.radiopiu.net\/wordpress\/wp-json\/wp\/v2\/posts\/438484","targetHints":{"allow":["GET"]}}],"collection":[{"href":"https:\/\/www.radiopiu.net\/wordpress\/wp-json\/wp\/v2\/posts"}],"about":[{"href":"https:\/\/www.radiopiu.net\/wordpress\/wp-json\/wp\/v2\/types\/post"}],"author":[{"embeddable":true,"href":"https:\/\/www.radiopiu.net\/wordpress\/wp-json\/wp\/v2\/users\/4"}],"replies":[{"embeddable":true,"href":"https:\/\/www.radiopiu.net\/wordpress\/wp-json\/wp\/v2\/comments?post=438484"}],"version-history":[{"count":1,"href":"https:\/\/www.radiopiu.net\/wordpress\/wp-json\/wp\/v2\/posts\/438484\/revisions"}],"predecessor-version":[{"id":438487,"href":"https:\/\/www.radiopiu.net\/wordpress\/wp-json\/wp\/v2\/posts\/438484\/revisions\/438487"}],"wp:featuredmedia":[{"embeddable":true,"href":"https:\/\/www.radiopiu.net\/wordpress\/wp-json\/wp\/v2\/media\/438486"}],"wp:attachment":[{"href":"https:\/\/www.radiopiu.net\/wordpress\/wp-json\/wp\/v2\/media?parent=438484"}],"wp:term":[{"taxonomy":"category","embeddable":true,"href":"https:\/\/www.radiopiu.net\/wordpress\/wp-json\/wp\/v2\/categories?post=438484"},{"taxonomy":"post_tag","embeddable":true,"href":"https:\/\/www.radiopiu.net\/wordpress\/wp-json\/wp\/v2\/tags?post=438484"}],"curies":[{"name":"wp","href":"https:\/\/api.w.org\/{rel}","templated":true}]}}