{"id":438512,"date":"2025-03-08T04:46:53","date_gmt":"2025-03-08T03:46:53","guid":{"rendered":"https:\/\/www.radiopiu.net\/wordpress\/?p=438512"},"modified":"2025-03-08T05:00:48","modified_gmt":"2025-03-08T04:00:48","slug":"la-passione-per-la-montagna-e-il-sostegno-dei-colleghi","status":"publish","type":"post","link":"https:\/\/www.radiopiu.net\/wordpress\/la-passione-per-la-montagna-e-il-sostegno-dei-colleghi\/","title":{"rendered":"GUASTO ELETTRONICO ALLA FUNIVIA: INDAGINI IN CORSO"},"content":{"rendered":"<p>*<\/p>\n<p>&nbsp;<\/p>\n<blockquote>\n<p data-start=\"0\" data-end=\"56\"><strong data-start=\"0\" data-end=\"54\"><a class=\"dt-pswp-item\" href=\"https:\/\/www.radiopiu.net\/wordpress\/wp-content\/uploads\/2025\/03\/Senza-nome-31.png\" data-dt-img-description=\"\" data-large_image_width=\"272\" data-large_image_height=\"206\"><img loading=\"lazy\" decoding=\"async\" class=\"wp-image-438263 alignleft\" src=\"https:\/\/www.radiopiu.net\/wordpress\/wp-content\/uploads\/2025\/03\/Senza-nome-31.png\" alt=\"\" width=\"133\" height=\"101\" \/><\/a><\/strong><\/p>\n<\/blockquote>\n<div class=\"flex max-w-full flex-col flex-grow\">\n<div class=\"min-h-8 text-message relative flex w-full flex-col items-end gap-2 whitespace-normal break-words text-start [.text-message+&amp;]:mt-5\" dir=\"auto\" data-message-author-role=\"assistant\" data-message-id=\"a14f7905-694b-4dc7-9246-c0393f2a3135\" data-message-model-slug=\"gpt-4o\">\n<div class=\"flex w-full flex-col gap-1 empty:hidden first:pt-[3px]\">\n<div class=\"markdown prose w-full break-words dark:prose-invert dark\">\n<p data-start=\"58\" data-end=\"341\" data-is-last-node=\"\" data-is-only-node=\"\"><strong>LIVINALLONGO<\/strong> Le indagini sulla cabina della funivia Funifor schiantatasi a Porta Vescovo si concentrano sull\u2019apparato elettronico di sicurezza. Qualcosa non ha funzionato nei sensori e nei comandi. Il macchinista, dimesso dall\u2019ospedale, racconta: \u00abHo avuto paura, i colleghi mi hanno confortato\u00bb.<\/p>\n<\/div>\n<\/div>\n<\/div>\n<\/div>\n<div class=\"flex items-center\"><\/div>\n<blockquote>\n<h1>LA PASSIONE PER LA MONTAGNA E IL SOSTEGNO DEI COLLEGHI<\/h1>\n<\/blockquote>\n<div><\/div>\n<blockquote><p><em><img loading=\"lazy\" decoding=\"async\" class=\"alignleft\" src=\"https:\/\/www.radiopiu.net\/wordpress\/wp-content\/uploads\/2025\/03\/Senza-nome-37.png\" width=\"304\" height=\"180\" \/>Da sempre appassionato di impianti a fune e alta montagna, ho seguito il cuore nella scelta del mio lavoro. L\u2019incidente che ho vissuto non \u00e8 stato piacevole, ma ci\u00f2 che mi ha colpito profondamente \u00e8 stato il sostegno dei miei colleghi<\/em><\/p><\/blockquote>\n<p><strong>AI MICROFONI DI RADIOPIU, SIMONE PRA<\/strong><\/p>\n<audio class=\"wp-audio-shortcode\" id=\"audio-438512-1\" preload=\"none\" style=\"width: 100%;\" controls=\"controls\"><source type=\"audio\/mpeg\" src=\"https:\/\/www.radiopiu.net\/wordpress\/wp-content\/uploads\/2025\/03\/SIMONE-PER-RADIO-PIU-INCIDENTE-FUNIFOR-ARABBA.mp3?_=1\" \/><a href=\"https:\/\/www.radiopiu.net\/wordpress\/wp-content\/uploads\/2025\/03\/SIMONE-PER-RADIO-PIU-INCIDENTE-FUNIFOR-ARABBA.mp3\">https:\/\/www.radiopiu.net\/wordpress\/wp-content\/uploads\/2025\/03\/SIMONE-PER-RADIO-PIU-INCIDENTE-FUNIFOR-ARABBA.mp3<\/a><\/audio>\n<p>&nbsp;<\/p>\n<hr \/>\n<p>&nbsp;<\/p>\n","protected":false},"excerpt":{"rendered":"<p>* &nbsp; LIVINALLONGO Le indagini sulla cabina della funivia Funifor schiantatasi a Porta Vescovo si concentrano sull\u2019apparato elettronico di sicurezza. Qualcosa non ha funzionato nei sensori e nei comandi. Il macchinista, dimesso dall\u2019ospedale, racconta: \u00abHo avuto paura, i colleghi mi hanno confortato\u00bb. LA PASSIONE PER LA MONTAGNA E IL SOSTEGNO DEI COLLEGHI Da sempre appassionato&hellip;<\/p>\n","protected":false},"author":4,"featured_media":438514,"comment_status":"closed","ping_status":"closed","sticky":false,"template":"","format":"standard","meta":{"_monsterinsights_skip_tracking":false,"_monsterinsights_sitenote_active":false,"_monsterinsights_sitenote_note":"","_monsterinsights_sitenote_category":0,"footnotes":""},"categories":[49],"tags":[],"class_list":["post-438512","post","type-post","status-publish","format-standard","has-post-thumbnail","hentry","category-news-18","category-49","description-off"],"img_url":"https:\/\/www.radiopiu.net\/wordpress\/wp-content\/uploads\/2025\/03\/Senza-nome-37.png","_links":{"self":[{"href":"https:\/\/www.radiopiu.net\/wordpress\/wp-json\/wp\/v2\/posts\/438512","targetHints":{"allow":["GET"]}}],"collection":[{"href":"https:\/\/www.radiopiu.net\/wordpress\/wp-json\/wp\/v2\/posts"}],"about":[{"href":"https:\/\/www.radiopiu.net\/wordpress\/wp-json\/wp\/v2\/types\/post"}],"author":[{"embeddable":true,"href":"https:\/\/www.radiopiu.net\/wordpress\/wp-json\/wp\/v2\/users\/4"}],"replies":[{"embeddable":true,"href":"https:\/\/www.radiopiu.net\/wordpress\/wp-json\/wp\/v2\/comments?post=438512"}],"version-history":[{"count":2,"href":"https:\/\/www.radiopiu.net\/wordpress\/wp-json\/wp\/v2\/posts\/438512\/revisions"}],"predecessor-version":[{"id":438520,"href":"https:\/\/www.radiopiu.net\/wordpress\/wp-json\/wp\/v2\/posts\/438512\/revisions\/438520"}],"wp:featuredmedia":[{"embeddable":true,"href":"https:\/\/www.radiopiu.net\/wordpress\/wp-json\/wp\/v2\/media\/438514"}],"wp:attachment":[{"href":"https:\/\/www.radiopiu.net\/wordpress\/wp-json\/wp\/v2\/media?parent=438512"}],"wp:term":[{"taxonomy":"category","embeddable":true,"href":"https:\/\/www.radiopiu.net\/wordpress\/wp-json\/wp\/v2\/categories?post=438512"},{"taxonomy":"post_tag","embeddable":true,"href":"https:\/\/www.radiopiu.net\/wordpress\/wp-json\/wp\/v2\/tags?post=438512"}],"curies":[{"name":"wp","href":"https:\/\/api.w.org\/{rel}","templated":true}]}}