{"id":438566,"date":"2025-03-10T05:40:26","date_gmt":"2025-03-10T04:40:26","guid":{"rendered":"https:\/\/www.radiopiu.net\/wordpress\/?p=438566"},"modified":"2025-03-11T06:55:37","modified_gmt":"2025-03-11T05:55:37","slug":"giornale-radiopiu-10-marzo-2025a","status":"publish","type":"post","link":"https:\/\/www.radiopiu.net\/wordpress\/giornale-radiopiu-10-marzo-2025a\/","title":{"rendered":"GIORNALE RADIOPIU 10 MARZO 2025 DIRETTORE MIRKO MEZZACASA\u2026DA 41 ANNI 25 GIUGNO 1983-25 GIUGNO 2024"},"content":{"rendered":"<p>*********<\/p>\n<p>&nbsp;<\/p>\n<p><em><span style=\"color: #ff0000;\"><a class=\"dt-pswp-item\" href=\"https:\/\/www.radiopiu.net\/wordpress\/wp-content\/uploads\/2024\/10\/Senza-nome-8.png\" data-dt-img-description=\"\" data-large_image_width=\"343\" data-large_image_height=\"303\"><img loading=\"lazy\" decoding=\"async\" class=\"wp-image-412130 alignleft\" src=\"https:\/\/www.radiopiu.net\/wordpress\/wp-content\/uploads\/2024\/10\/Senza-nome-8-300x265.png\" alt=\"\" width=\"105\" height=\"93\" srcset=\"https:\/\/www.radiopiu.net\/wordpress\/wp-content\/uploads\/2024\/10\/Senza-nome-8-300x265.png 300w, https:\/\/www.radiopiu.net\/wordpress\/wp-content\/uploads\/2024\/10\/Senza-nome-8.png 343w\" sizes=\"auto, (max-width: 105px) 100vw, 105px\" \/><\/a><\/span><\/em><strong><em><span style=\"color: #ff0000;\"> LA\u00a0 APP PER IOS-IPHONE di Nicola Vettorello<\/span><\/em><\/strong><\/p>\n<p><strong><span style=\"color: #0000ff;\"><a style=\"color: #0000ff;\" href=\"https:\/\/apps.apple.com\/it\/app\/radio-pi%C3%B9-emittente-agordina\/id1515939845\">https:\/\/apps.apple.com\/it\/app\/radio-pi%C3%B9-emittente-agordina\/id1515939845<\/a><\/span><\/strong><\/p>\n<p><strong><em style=\"color: #ff0000;\">LA\u00a0 APP RADIO\u00a0 PER ANDROID di Nicola Vettorello<\/em><\/strong><\/p>\n<p><strong><span style=\"color: #0000ff;\"><a style=\"color: #0000ff;\" href=\"https:\/\/play.google.com\/store\/apps\/details?id=net.radiopiu.iniko\" target=\"_blank\" rel=\"noopener noreferrer\">https:\/\/<\/a><a style=\"color: #0000ff;\" href=\"https:\/\/play.google.com\/store\/apps\/details?id=net.radiopiu.iniko\" target=\"_blank\" rel=\"noopener noreferrer\">play.google.com\/store\/apps\/details?id=net.radiopiu.iniko\u00a0\u00a0\u00a0\u00a0<\/a><\/span><\/strong><\/p>\n<p>&nbsp;<\/p>\n<p><strong>PASSO CAMPOLONGO ORE 6.45 FOTO FEDERICA<\/strong><\/p>\n<p><img decoding=\"async\" src=\"https:\/\/www.radiopiu.net\/wordpress\/wp-content\/uploads\/2025\/03\/6a7f37df-1911-4ff5-a115-e7a053fc1920.jpg\" \/><\/p>\n<p>&nbsp;<\/p>\n<p>&nbsp;<\/p>\n<hr \/>\n<p>&nbsp;<\/p>\n<p>&nbsp;<\/p>\n<p><span style=\"color: #0000ff;\"><strong><a class=\"dt-pswp-item\" href=\"https:\/\/www.radiopiu.net\/wordpress\/wp-content\/uploads\/2025\/03\/b3619b93-cc6b-44b9-af31-d7f67de8bb30.jpg\" data-dt-img-description=\"\" data-large_image_width=\"901\" data-large_image_height=\"1600\"><img loading=\"lazy\" decoding=\"async\" class=\"wp-image-438818 alignleft\" src=\"https:\/\/www.radiopiu.net\/wordpress\/wp-content\/uploads\/2025\/03\/b3619b93-cc6b-44b9-af31-d7f67de8bb30-169x300.jpg\" alt=\"\" width=\"84\" height=\"149\" srcset=\"https:\/\/www.radiopiu.net\/wordpress\/wp-content\/uploads\/2025\/03\/b3619b93-cc6b-44b9-af31-d7f67de8bb30-169x300.jpg 169w, https:\/\/www.radiopiu.net\/wordpress\/wp-content\/uploads\/2025\/03\/b3619b93-cc6b-44b9-af31-d7f67de8bb30-577x1024.jpg 577w, https:\/\/www.radiopiu.net\/wordpress\/wp-content\/uploads\/2025\/03\/b3619b93-cc6b-44b9-af31-d7f67de8bb30-768x1364.jpg 768w, https:\/\/www.radiopiu.net\/wordpress\/wp-content\/uploads\/2025\/03\/b3619b93-cc6b-44b9-af31-d7f67de8bb30-865x1536.jpg 865w, https:\/\/www.radiopiu.net\/wordpress\/wp-content\/uploads\/2025\/03\/b3619b93-cc6b-44b9-af31-d7f67de8bb30.jpg 901w\" sizes=\"auto, (max-width: 84px) 100vw, 84px\" \/><\/a>OGGI ALLE <\/strong><\/span>\u00a0<strong> 8.00<\/strong> LA RASSEGNA STAMPA LOCALE, <strong>8 20<\/strong> NCONTONSE CON MILLY CREPAZ A SEGUIRE PIU&#8217; SIAMO IL PROGRAMMA QUOTIDIANO CON MARINA DONA&#8217;<strong> 9.00 <\/strong>oggi come ieri, con Silvia Baldo <strong>9.30<\/strong> I RACCONTI DI PAOLO SOPPELSA\u00a0 <strong>10.30\u00a0 \u00a0<\/strong> sib informa, il programma delle TRE RADIO con Barbara Paolazzi<span style=\"color: #ff0000;\">\u00a0<\/span><b>13.10 <\/b>salute e societ\u00e0 con il dottor Marco Caracciolo\u00a0 <strong>14.00<\/strong> piu musica <strong>15.00 <\/strong>ritratti sonori con Alessia Dall&#8217;o\u00a0 OSPITE ELENA BRANCALEONE<br \/>\nNel pomeriggio su radio piu&#8230; la musica rock con marco costantini alle <strong>16,<\/strong> le classifiche d&#8217;annata di mirco bencivenni alle <strong>16.45<\/strong> la musica che batte, l&#8217;aperitivo con Dj Jack dalle <strong>18.30<\/strong><\/p>\n<p>&nbsp;<\/p>\n<p>&nbsp;<\/p>\n<p>&nbsp;<\/p>\n<hr \/>\n<p>&nbsp;<\/p>\n<p>&nbsp;<\/p>\n<div class=\"x11i5rnm xat24cr x1mh8g0r x1vvkbs xtlvy1s x126k92a\">\n<div dir=\"auto\">\n<div dir=\"auto\">\n<p><strong><a class=\"dt-pswp-item\" href=\"https:\/\/www.radiopiu.net\/wordpress\/wp-content\/uploads\/2024\/02\/2d44e751-d8a8-461b-8e22-d8e4e853b032.jpg\" data-dt-img-description=\"\" data-large_image_width=\"1600\" data-large_image_height=\"1200\"><img loading=\"lazy\" decoding=\"async\" class=\"wp-image-373307 alignleft\" src=\"https:\/\/www.radiopiu.net\/wordpress\/wp-content\/uploads\/2024\/02\/2d44e751-d8a8-461b-8e22-d8e4e853b032-300x225.jpg\" alt=\"\" width=\"105\" height=\"79\" srcset=\"https:\/\/www.radiopiu.net\/wordpress\/wp-content\/uploads\/2024\/02\/2d44e751-d8a8-461b-8e22-d8e4e853b032-300x225.jpg 300w, https:\/\/www.radiopiu.net\/wordpress\/wp-content\/uploads\/2024\/02\/2d44e751-d8a8-461b-8e22-d8e4e853b032-1024x768.jpg 1024w, https:\/\/www.radiopiu.net\/wordpress\/wp-content\/uploads\/2024\/02\/2d44e751-d8a8-461b-8e22-d8e4e853b032-768x576.jpg 768w, https:\/\/www.radiopiu.net\/wordpress\/wp-content\/uploads\/2024\/02\/2d44e751-d8a8-461b-8e22-d8e4e853b032-1536x1152.jpg 1536w, https:\/\/www.radiopiu.net\/wordpress\/wp-content\/uploads\/2024\/02\/2d44e751-d8a8-461b-8e22-d8e4e853b032.jpg 1600w\" sizes=\"auto, (max-width: 105px) 100vw, 105px\" \/><\/a>EL BAL DEL FIOR, DI GIULIANA DA RONCH, 10 MARZO<\/strong><strong> 2025<\/strong><\/p>\n<audio class=\"wp-audio-shortcode\" id=\"audio-438566-1\" preload=\"none\" style=\"width: 100%;\" controls=\"controls\"><source type=\"audio\/mpeg\" src=\"https:\/\/www.radiopiu.net\/wordpress\/wp-content\/uploads\/2025\/03\/GLU-1.mp3?_=1\" \/><a href=\"https:\/\/www.radiopiu.net\/wordpress\/wp-content\/uploads\/2025\/03\/GLU-1.mp3\">https:\/\/www.radiopiu.net\/wordpress\/wp-content\/uploads\/2025\/03\/GLU-1.mp3<\/a><\/audio>\n<p>&nbsp;<\/p>\n<p>&nbsp;<\/p>\n<hr \/>\n<p>&nbsp;<\/p>\n<p>&nbsp;<\/p>\n<\/div>\n<\/div>\n<\/div>\n<div class=\"x11i5rnm xat24cr x1mh8g0r x1vvkbs xtlvy1s x126k92a\">\n<blockquote>\n<h1><strong><a class=\"dt-pswp-item\" href=\"https:\/\/www.radiopiu.net\/wordpress\/wp-content\/uploads\/2024\/10\/629301fd-708d-4f53-95c2-d28cbefd500f.jpg\" data-dt-img-description=\"\" data-large_image_width=\"1600\" data-large_image_height=\"1322\"><img loading=\"lazy\" decoding=\"async\" class=\"wp-image-413782 alignright\" src=\"https:\/\/www.radiopiu.net\/wordpress\/wp-content\/uploads\/2024\/10\/629301fd-708d-4f53-95c2-d28cbefd500f-300x248.jpg\" alt=\"\" width=\"106\" height=\"88\" srcset=\"https:\/\/www.radiopiu.net\/wordpress\/wp-content\/uploads\/2024\/10\/629301fd-708d-4f53-95c2-d28cbefd500f-300x248.jpg 300w, https:\/\/www.radiopiu.net\/wordpress\/wp-content\/uploads\/2024\/10\/629301fd-708d-4f53-95c2-d28cbefd500f-1024x846.jpg 1024w, https:\/\/www.radiopiu.net\/wordpress\/wp-content\/uploads\/2024\/10\/629301fd-708d-4f53-95c2-d28cbefd500f-768x635.jpg 768w, https:\/\/www.radiopiu.net\/wordpress\/wp-content\/uploads\/2024\/10\/629301fd-708d-4f53-95c2-d28cbefd500f-1536x1269.jpg 1536w, https:\/\/www.radiopiu.net\/wordpress\/wp-content\/uploads\/2024\/10\/629301fd-708d-4f53-95c2-d28cbefd500f.jpg 1600w\" sizes=\"auto, (max-width: 106px) 100vw, 106px\" \/><\/a><\/strong><\/h1>\n<h1><strong><a class=\"dt-pswp-item\" href=\"https:\/\/www.radiopiu.net\/wordpress\/wp-content\/uploads\/2024\/11\/th-18.jpg\" data-dt-img-description=\"\" data-large_image_width=\"156\" data-large_image_height=\"180\"><img loading=\"lazy\" decoding=\"async\" class=\"size-full wp-image-421611 alignleft\" src=\"https:\/\/www.radiopiu.net\/wordpress\/wp-content\/uploads\/2024\/11\/th-18.jpg\" alt=\"\" width=\"156\" height=\"180\" \/><\/a><\/strong><\/h1>\n<h1><strong>N di parom &#8211; L Almanach de la nosta jent<\/strong><\/h1>\n<\/blockquote>\n<p>&nbsp;<\/p>\n<p>Le voci: Davide Conedera, Agordo, Michela Dell&#8217;Osbel, La Valle Agordina Simone Ganz, Falcade Veronica Lezuo, Colle Santa Lucia. La voce nella sigla \u00e8 di Giorgia Taio<\/p>\n<p><strong>LA PUNTATA DI OGGI, 10 MARZO 2025<\/strong><\/p>\n<audio class=\"wp-audio-shortcode\" id=\"audio-438566-2\" preload=\"none\" style=\"width: 100%;\" controls=\"controls\"><source type=\"audio\/mpeg\" src=\"https:\/\/www.radiopiu.net\/wordpress\/wp-content\/uploads\/2025\/03\/AL1-1.mp3?_=2\" \/><a href=\"https:\/\/www.radiopiu.net\/wordpress\/wp-content\/uploads\/2025\/03\/AL1-1.mp3\">https:\/\/www.radiopiu.net\/wordpress\/wp-content\/uploads\/2025\/03\/AL1-1.mp3<\/a><\/audio>\n<p>&nbsp;<\/p>\n<p>&nbsp;<\/p>\n<p>&nbsp;<\/p>\n<\/div>\n<div class=\"x11i5rnm xat24cr x1mh8g0r x1vvkbs xtlvy1s x126k92a\">\n<div dir=\"auto\">\n<hr \/>\n<\/div>\n<\/div>\n<blockquote>\n<blockquote>\n<h1><span style=\"color: #ff0000;\">\u00a0<\/span><\/h1>\n<h1><span style=\"color: #ff0000;\">I podcast informativi del mattino &#8211; audio &#8211;\u00a0\u00a0<\/span><\/h1>\n<\/blockquote>\n<p><strong><a class=\"dt-pswp-item\" href=\"https:\/\/www.radiopiu.net\/wordpress\/wp-content\/uploads\/2024\/11\/6.jpg\" data-dt-img-description=\"\" data-large_image_width=\"177\" data-large_image_height=\"180\"><img loading=\"lazy\" decoding=\"async\" class=\"size-full wp-image-417911 alignleft\" src=\"https:\/\/www.radiopiu.net\/wordpress\/wp-content\/uploads\/2024\/11\/6.jpg\" alt=\"\" width=\"177\" height=\"180\" \/><\/a>LA RASSEGNA STAMPA NAZIONALE ALLA RADIO, OGNI GIORNO ALLE 5 E ALLE 6 DEL MATTINO <span style=\"color: #0000ff;\">viene pubblicata alle 6.00 <span style=\"color: #ff0000;\">DIRETTA RADIO\u00a0 \u00a0\u00a0<\/span><\/span><\/strong><\/p><\/blockquote>\n<p><strong>NOTIZIE DELLA NOTTE<\/strong><\/p>\n<p><strong>Argentina,<\/strong> 3 giorni di lutto nazionale per vittime maltempo <strong>Maltempo<\/strong> in Australia, ancora 200mila utenti senza elettricit\u00e0 <strong>Colombia<\/strong>: Eln, &#8216;pronti a guerra totale contro l&#8217;esercito&#8217; <strong>Trump<\/strong>, &#8216;Musk \u00e8 speciale, il lavoro di Doge \u00e8 incredibile&#8217; <strong>Trump,<\/strong> &#8216;Kiev deve essere seria sulla pace, non ha le carte&#8217; <strong>Siria:<\/strong> Ong, 973 civili uccisi da forze sicurezza dal 6\/3 <strong>I Liberal canadesi<\/strong> hanno scelto, Carney per dopo-Trudeau<\/p>\n<h1>AUDIO dalle 6 del mattino<\/h1>\n<audio class=\"wp-audio-shortcode\" id=\"audio-438566-3\" preload=\"none\" style=\"width: 100%;\" controls=\"controls\"><source type=\"audio\/mpeg\" src=\"https:\/\/www.radiopiu.net\/wordpress\/wp-content\/uploads\/2025\/03\/GIORNALEDELLESEI-6.mp3?_=3\" \/><a href=\"https:\/\/www.radiopiu.net\/wordpress\/wp-content\/uploads\/2025\/03\/GIORNALEDELLESEI-6.mp3\">https:\/\/www.radiopiu.net\/wordpress\/wp-content\/uploads\/2025\/03\/GIORNALEDELLESEI-6.mp3<\/a><\/audio>\n<p>&nbsp;<\/p>\n<p>&nbsp;<\/p>\n<hr \/>\n<p>&nbsp;<\/p>\n<h1 style=\"text-align: center;\"><span style=\"color: #ff0000;\"><a class=\"dt-pswp-item\" href=\"https:\/\/www.radiopiu.net\/wordpress\/wp-content\/uploads\/2024\/11\/7.jpg\" data-dt-img-description=\"\" data-large_image_width=\"180\" data-large_image_height=\"180\"><img loading=\"lazy\" decoding=\"async\" class=\"size-full wp-image-417912 alignleft\" src=\"https:\/\/www.radiopiu.net\/wordpress\/wp-content\/uploads\/2024\/11\/7.jpg\" alt=\"\" width=\"180\" height=\"180\" srcset=\"https:\/\/www.radiopiu.net\/wordpress\/wp-content\/uploads\/2024\/11\/7.jpg 180w, https:\/\/www.radiopiu.net\/wordpress\/wp-content\/uploads\/2024\/11\/7-150x150.jpg 150w\" sizes=\"auto, (max-width: 180px) 100vw, 180px\" \/><\/a>I podcast informativi del mattino &#8211; audio &#8211;\u00a0<\/span><\/h1>\n<p><strong>OGNI GIORNO ALLE SETTE DEL MATTINO, LA RASSEGNA STAMPA LOCALE FLASH&#8230; PER CHI VA IN FRETTA. I TITOLI DAI GIORNALI E DAL SITO WWW.RADIOPIU.NET <span style=\"color: #0000ff;\">viene pubblicato alle 7.00<\/span> <span style=\"color: #ff0000;\">DIRETTA RADIO\u00a0<\/span><\/strong><\/p>\n<p><em><span style=\"color: #ff0000;\">per chi va in fretta&#8230; tante notizie in pochi minuti. L&#8217;informazione locale alla radio, ogni ora dalle 7 del mattino alle 19 della sera.\u00a0\u00a0<\/span><\/em><\/p>\n<p>&nbsp;<\/p>\n<p><strong><a class=\"dt-pswp-item\" href=\"https:\/\/www.radiopiu.net\/wordpress\/wp-content\/uploads\/2025\/03\/Senza-nome-41.png\" data-dt-img-description=\"\" data-large_image_width=\"386\" data-large_image_height=\"189\"><img loading=\"lazy\" decoding=\"async\" class=\"wp-image-438872 size-full aligncenter\" src=\"https:\/\/www.radiopiu.net\/wordpress\/wp-content\/uploads\/2025\/03\/Senza-nome-41.png\" alt=\"\" width=\"386\" height=\"189\" srcset=\"https:\/\/www.radiopiu.net\/wordpress\/wp-content\/uploads\/2025\/03\/Senza-nome-41.png 386w, https:\/\/www.radiopiu.net\/wordpress\/wp-content\/uploads\/2025\/03\/Senza-nome-41-300x147.png 300w\" sizes=\"auto, (max-width: 386px) 100vw, 386px\" \/><\/a> <\/strong><\/p>\n<p><strong>DICOTTENNE MUORE<\/strong> SULLE PISTE DELLO ZONCOLAN. ERA IL FIGLIO DEL PRIMARIO DEL SUEM 118 DELL&#8217;ULSS 1 DOLOMITI\u00a0 <strong>TRA GLI INTERVENTI DEL SUEM<\/strong> UN INCIDENTE SUL LAVORO E TANTO LAVORO SULLE PISTE DA SCI <strong>SCIVOLA SUL SENTIERO<\/strong> E SBATTE L&#8217;ANCA. SOCCORSO ALPINO IN AIUTO <strong>LONGARONE<\/strong> \u2013 FIAMME NEL BOSCO <strong data-start=\"0\" data-end=\"75\">DOPPIO INTERVENTO <\/strong>DEI VIGILI DEL FUOCO: INCENDI A SALZAN E STELLA MARIS<\/p>\n<h1>AUDIO dalle 7 del mattino<\/h1>\n<audio class=\"wp-audio-shortcode\" id=\"audio-438566-4\" preload=\"none\" style=\"width: 100%;\" controls=\"controls\"><source type=\"audio\/mpeg\" src=\"https:\/\/www.radiopiu.net\/wordpress\/wp-content\/uploads\/2025\/03\/GF07-7.mp3?_=4\" \/><a href=\"https:\/\/www.radiopiu.net\/wordpress\/wp-content\/uploads\/2025\/03\/GF07-7.mp3\">https:\/\/www.radiopiu.net\/wordpress\/wp-content\/uploads\/2025\/03\/GF07-7.mp3<\/a><\/audio>\n<p>&nbsp;<\/p>\n<p>&nbsp;<\/p>\n<hr \/>\n<p>&nbsp;<\/p>\n<h1><\/h1>\n<h1 style=\"text-align: center;\"><span style=\"color: #ff0000;\"><a class=\"dt-pswp-item\" href=\"https:\/\/www.radiopiu.net\/wordpress\/wp-content\/uploads\/2024\/11\/th.jpg\" data-dt-img-description=\"\" data-large_image_width=\"148\" data-large_image_height=\"179\"><img loading=\"lazy\" decoding=\"async\" class=\"size-full wp-image-417913 alignleft\" src=\"https:\/\/www.radiopiu.net\/wordpress\/wp-content\/uploads\/2024\/11\/th.jpg\" alt=\"\" width=\"148\" height=\"179\" \/><\/a>I podcast informativi del mattino &#8211; audio &#8211;\u00a0<\/span><\/h1>\n<blockquote><p><strong>GIORNALE RADIO NAZIONALE, EDIZIONE DELLE SETTE <span style=\"color: #0000ff;\">viene pubblicato alle 7.05 <span style=\"color: #ff0000;\">DIRETTA RADIO\u00a0<\/span><\/span><\/strong><\/p><\/blockquote>\n<p><strong>il giornale radionazionale e&#8217; in onda ogni ora, dalle sette del mattino alle venti della sera\u00a0 \u00a0<\/strong><\/p>\n<p>&nbsp;<\/p>\n<p>&nbsp;<\/p>\n<p><strong><a class=\"dt-pswp-item\" href=\"https:\/\/www.radiopiu.net\/wordpress\/wp-content\/uploads\/2025\/02\/download-7.jpg\" data-dt-img-description=\"\" data-large_image_width=\"211\" data-large_image_height=\"239\"><img loading=\"lazy\" decoding=\"async\" class=\" wp-image-435553 alignleft\" src=\"https:\/\/www.radiopiu.net\/wordpress\/wp-content\/uploads\/2025\/02\/download-7.jpg\" alt=\"\" width=\"176\" height=\"199\" \/><\/a>MILANO<\/strong> Pullman con 44 bambini tampona un Tir, gravissimo l&#8217;autista Due scolari e due insegnanti feriti e trasportati in ospedale <strong>ROMA<\/strong> L&#8217;aggressione in stradaPicchia la moglie con la figlia in braccio, arrestato <strong>UDINE<\/strong> Ferito sulla pista dello Zoncolan. Morto lo sciatore 18enne caduto su una pista\u00a0 <strong>ROMA<\/strong> Morta Sabrina Minardi, fu compagna del boss della banda della Magliana <strong>VATICANO<\/strong> Il Papa: &#8216;sperimento la premura del servizio e la tenerezza della cura&#8217;.\u00a0 <strong>ROMA\u00a0<\/strong> Insulta l&#8217;arbitra 16enne, &#8216;sei donna e non capisci&#8217; A Roma.Ragazza,&#8217;frasi sessiste, fa male.Poteva essere mio padre&#8217; <strong>NAPOLI<\/strong> Assolti il cantante neomelodico Tony Colombo e la moglie Inflitti 20 anni a Vincenzo Di Lauro, figlio del capoclan Paolo<br \/>\n<strong>TORINO<\/strong> Scomparsa nel Torinese, trovate le sue ossa in Val di Susa.\u00a0 La conferma che si tratti di Mara Favro arriva dal test del Dna<br \/>\n<strong><a class=\"dt-pswp-item\" href=\"https:\/\/www.radiopiu.net\/wordpress\/wp-content\/uploads\/2025\/02\/download-3.jpg\" data-dt-img-description=\"\" data-large_image_width=\"223\" data-large_image_height=\"226\"><img loading=\"lazy\" decoding=\"async\" class=\"size-full wp-image-434732 alignleft\" src=\"https:\/\/www.radiopiu.net\/wordpress\/wp-content\/uploads\/2025\/02\/download-3.jpg\" alt=\"\" width=\"223\" height=\"226\" \/><\/a>VENEZIA<\/strong> Manager del Florian vittima dell&#8217;incidente nautico a Venezia. Anna Rita Panebianco aveva 56 anni, lutto dello storico caff\u00e8 <strong>\u00a0PADOVA<\/strong> Ddl Sicurezza, protesta al Palazzo della Ragione di Padova, appesi striscioni e \u00a0attivisti in catene <strong>VICENZA<\/strong> &#8216;Bomba day&#8217; nel Vicentino, chiuse le operazioni dopo 5 ore. L&#8217;ordigno verr\u00e0 fatto brillare in una cava<br \/>\n<strong>BASSANO<\/strong> Portato fuori lo speleologo colto da malore in grotta. E&#8217; un 70enne di Bassano, condotto in elicottero in ospedale <strong>VENEZIA<\/strong> In trecento a Venezia per solidarizzare con studenti dell&#8217;Udu <strong>PADOVA<\/strong> Corteo a Padova per l&#8217;8 marzo, ricordata Giulia Cecchettin. In centinaia nel centro cittadino con &#8216;Non una di meno&#8217; <strong>VERONA<\/strong> Abbattuta nel Veronese torre\u00a0 di 40 metri, A Minerbe da Acque Veronesi, era inutilizzata da un decennio <strong>TREVISO<\/strong> Padre di Alex Marangon, &#8216;ti hanno ucciso una seconda volta&#8217; Messaggio su Facebook dopo la relazione sull&#8217;autopsia\u00a0<strong>PADOVA<\/strong> Operaio muore folgorato nel padovano Stava lavorando in zona rurale, ha colpito cavi alta tensione<\/p>\n<p>&nbsp;<\/p>\n<h1><span style=\"color: #ff0000;\"><span style=\"color: #0000ff;\">ULTIM&#8217;ORA<\/span> <span style=\"color: #000000;\">AUDIO dalle sette del mattino, ogni ora alla radio EDIZIONE DELLE SETTE<\/span><\/span><\/h1>\n<audio class=\"wp-audio-shortcode\" id=\"audio-438566-5\" preload=\"none\" style=\"width: 100%;\" controls=\"controls\"><source type=\"audio\/mpeg\" src=\"https:\/\/www.radiopiu.net\/wordpress\/wp-content\/uploads\/2025\/03\/giornale07-9.mp3?_=5\" \/><a href=\"https:\/\/www.radiopiu.net\/wordpress\/wp-content\/uploads\/2025\/03\/giornale07-9.mp3\">https:\/\/www.radiopiu.net\/wordpress\/wp-content\/uploads\/2025\/03\/giornale07-9.mp3<\/a><\/audio>\n<p>&nbsp;<\/p>\n<p>&nbsp;<\/p>\n<hr \/>\n<p>&nbsp;<\/p>\n<p>&nbsp;<\/p>\n<h1><span style=\"color: #ff0000;\"><a class=\"dt-pswp-item\" href=\"https:\/\/www.radiopiu.net\/wordpress\/wp-content\/uploads\/2024\/11\/8.jpg\" data-dt-img-description=\"\" data-large_image_width=\"180\" data-large_image_height=\"180\"><img loading=\"lazy\" decoding=\"async\" class=\"size-full wp-image-417910 alignleft\" src=\"https:\/\/www.radiopiu.net\/wordpress\/wp-content\/uploads\/2024\/11\/8.jpg\" alt=\"\" width=\"180\" height=\"180\" srcset=\"https:\/\/www.radiopiu.net\/wordpress\/wp-content\/uploads\/2024\/11\/8.jpg 180w, https:\/\/www.radiopiu.net\/wordpress\/wp-content\/uploads\/2024\/11\/8-150x150.jpg 150w\" sizes=\"auto, (max-width: 180px) 100vw, 180px\" \/><\/a>I podcast informativi del mattino &#8211; video &#8211;\u00a0<\/span><\/h1>\n<h2 style=\"text-align: left;\"><strong>RASSEGNA STAMPA LOCALE, ORE OTTO<\/strong><\/h2>\n<h2><strong> <span style=\"color: #0000ff;\">viene\u00a0 <\/span><\/strong><strong><span style=\"color: #0000ff;\">pubblicata alle 8.05 <span style=\"color: #ff0000;\">DIRETTA RADIO\u00a0 \u00a0<\/span><\/span><\/strong><strong>DI MIRKO MEZZACASA<\/strong><\/h2>\n<h2><span style=\"color: #ff0000;\"><strong>\u00a0<\/strong><\/span><\/h2>\n<h3><\/h3>\n<h3>DOMENICA CARNEVALESCA A BELLUNO CENTRO<\/h3>\n<h3>RIACCENDIAMO BELLUNO: RACCOLTE 731 FIRME<\/h3>\n<h3>SVEVA GRAZIOTTO INCONTRA GLI STUDENTI DEL CATULLO<br \/>\nANTONELLA NAPOLI INCONTRA GLI STUDENTI DELLA PROVINCIA<\/h3>\n<h3>LO STATO NON PAGA. LE IMPRESE VENETE ASPETTANO 6 MILIARDI<\/h3>\n<h3>TERZA VITTORIA CONSECUTIVA PER L&#8217;AGORDINA. FINE SETTIMANA DA ALTI E BASSI PER IL SETTORE GIOVANILE<\/h3>\n<h1><span style=\"color: #ff0000;\"><strong><a class=\"dt-pswp-item\" href=\"https:\/\/www.radiopiu.net\/wordpress\/wp-content\/uploads\/2025\/03\/AA.png\" data-dt-img-description=\"\" data-large_image_width=\"993\" data-large_image_height=\"414\"><img loading=\"lazy\" decoding=\"async\" class=\"alignnone wp-image-438871 size-full\" src=\"https:\/\/www.radiopiu.net\/wordpress\/wp-content\/uploads\/2025\/03\/AA.png\" alt=\"\" width=\"993\" height=\"414\" srcset=\"https:\/\/www.radiopiu.net\/wordpress\/wp-content\/uploads\/2025\/03\/AA.png 993w, https:\/\/www.radiopiu.net\/wordpress\/wp-content\/uploads\/2025\/03\/AA-300x125.png 300w, https:\/\/www.radiopiu.net\/wordpress\/wp-content\/uploads\/2025\/03\/AA-768x320.png 768w\" sizes=\"auto, (max-width: 993px) 100vw, 993px\" \/><\/a>\u00a0<\/strong><\/span><\/h1>\n<h1><span style=\"color: #ff0000;\"><strong>VIDEO\u00a0 \u00a0in diretta AGGIORNAMENTO\u00a0 dalle 8 del mattino\u00a0<\/strong><\/span><\/h1>\n<h2><\/h2>\n<hr \/>\n<p>&nbsp;<\/p>\n<p>&nbsp;<\/p>\n<p>&nbsp;<\/p>\n<p><strong><a class=\"dt-pswp-item\" href=\"https:\/\/www.radiopiu.net\/wordpress\/wp-content\/uploads\/2023\/12\/ANTENNA.png\" data-dt-img-description=\"\" data-large_image_width=\"300\" data-large_image_height=\"166\"><img loading=\"lazy\" decoding=\"async\" class=\"wp-image-366306 alignright\" src=\"https:\/\/www.radiopiu.net\/wordpress\/wp-content\/uploads\/2023\/12\/ANTENNA.png\" alt=\"\" width=\"101\" height=\"56\" \/><\/a><a class=\"dt-pswp-item\" href=\"https:\/\/www.radiopiu.net\/wordpress\/wp-content\/uploads\/2024\/11\/th-17.jpg\" data-dt-img-description=\"\" data-large_image_width=\"224\" data-large_image_height=\"180\"><img loading=\"lazy\" decoding=\"async\" class=\" wp-image-421610 alignleft\" src=\"https:\/\/www.radiopiu.net\/wordpress\/wp-content\/uploads\/2024\/11\/th-17.jpg\" alt=\"\" width=\"167\" height=\"134\" \/><\/a>ogni sera alle 19 le anticipazioni alla radio, quello che poi seguirete nel TELEGIORNALE BELLUNESE\u00a0 in onda alle 19.30 sul CANALE 10 del digitale terrestre.\u00a0\u00a0<\/strong><\/p>\n<p><b>\u00a0\u00a0<\/b><\/p>\n<p>&nbsp;<\/p>\n<p>&nbsp;<\/p>\n<hr \/>\n<p>&nbsp;<\/p>\n<blockquote>\n<h3>DICOTTENNE MUORE SULLE PISTE DELLO ZONCOLAN. ERA IL FIGLIO DEL PRIMARIO DEL SUEM 118 DELL&#8217;ULSS 1 DOLOMITI<\/h3>\n<\/blockquote>\n<p><strong><a class=\"dt-pswp-item\" href=\"https:\/\/www.radiopiu.net\/wordpress\/wp-content\/uploads\/2025\/03\/SCR-20250309-qkkh.jpeg\" data-dt-img-description=\"\" data-large_image_width=\"1126\" data-large_image_height=\"766\"><img loading=\"lazy\" decoding=\"async\" class=\" wp-image-438750 alignleft\" src=\"https:\/\/www.radiopiu.net\/wordpress\/wp-content\/uploads\/2025\/03\/SCR-20250309-qkkh-300x204.jpeg\" alt=\"\" width=\"210\" height=\"143\" srcset=\"https:\/\/www.radiopiu.net\/wordpress\/wp-content\/uploads\/2025\/03\/SCR-20250309-qkkh-300x204.jpeg 300w, https:\/\/www.radiopiu.net\/wordpress\/wp-content\/uploads\/2025\/03\/SCR-20250309-qkkh-1024x697.jpeg 1024w, https:\/\/www.radiopiu.net\/wordpress\/wp-content\/uploads\/2025\/03\/SCR-20250309-qkkh-768x522.jpeg 768w, https:\/\/www.radiopiu.net\/wordpress\/wp-content\/uploads\/2025\/03\/SCR-20250309-qkkh.jpeg 1126w\" sizes=\"auto, (max-width: 210px) 100vw, 210px\" \/><\/a>TOLMEZZO (UD)<\/strong> Marco Degli Uomini, 18enne di Tolmezzo, \u00e8 morto a seguito di un grave incidente sciistico avvenuto sabato 8 marzo sulle piste dello Zoncolan. Il giovane, atleta dello Sci Club Monte Dauda, stava effettuando una discesa di riscaldamento sulla pista 2 prima di una gara di SuperG. Durante la discesa ha perso il controllo degli sci in corrispondenza di un salto, compiendo un volo di circa settanta metri e impattando contro una rete di protezione. Nell\u2019incidente ha riportato fratture multiple e un grave trauma toracico. Soccorso immediatamente da un medico rianimatore presente sul posto, \u00e8 stato trasportato con l\u2019elicottero del Suem all\u2019ospedale di Tolmezzo. A causa di una complicazione, \u00e8 stato trasferito all\u2019ospedale di Udine, dove \u00e8 deceduto nella mattina di domenica 9 marzo. Marco era una promessa dello sport, appassionato di sci e pattinaggio, ed era stato campione italiano junior di short track. Lascia la madre Cristina Barbarino, primario del Suem, e il padre Angelo Degli Uomini.<\/p>\n<p>&nbsp;<\/p>\n<p><strong>IL MESSAGGIO DI VICINANZA DELL&#8217;ULSS 1 DOLOMITI<\/strong><\/p>\n<p>La Direzione Generale e l&#8217;ulss Dolomiti tutta, profondamente colpita e addolorata per la tragedia, si stringono con vicinanza e affetto alla dottoressa Cristina Barbarino, primario SUEM di Pieve di Cadore, \u00a0per l&#8217;improvvisa perdita dell&#8217;amato figlio Marco.\u00a0 Il nostro cordoglio giunga a tutta la famiglia e agli amici della giovane promessa dello sci, prematuramente scomparsa lasciando un immenso vuoto.<\/p>\n<p>&nbsp;<\/p>\n<p>&nbsp;<\/p>\n<hr \/>\n<p>&nbsp;<\/p>\n<blockquote>\n<div class=\"page-title-head hgroup\">\n<h1 class=\"entry-title\">LONGARONE \u2013 FIAMME NEL BOSCO<\/h1>\n<\/div>\n<\/blockquote>\n<p><strong data-start=\"112\" data-end=\"125\"><a class=\"dt-pswp-item\" href=\"https:\/\/www.radiopiu.net\/wordpress\/wp-content\/uploads\/2025\/03\/481383287_18445194397076509_7132408556598118607_n.jpg\" data-dt-img-description=\"\" data-large_image_width=\"600\" data-large_image_height=\"718\"><img loading=\"lazy\" decoding=\"async\" class=\"size-medium wp-image-438863 alignleft\" src=\"https:\/\/www.radiopiu.net\/wordpress\/wp-content\/uploads\/2025\/03\/481383287_18445194397076509_7132408556598118607_n-251x300.jpg\" alt=\"\" width=\"251\" height=\"300\" srcset=\"https:\/\/www.radiopiu.net\/wordpress\/wp-content\/uploads\/2025\/03\/481383287_18445194397076509_7132408556598118607_n-251x300.jpg 251w, https:\/\/www.radiopiu.net\/wordpress\/wp-content\/uploads\/2025\/03\/481383287_18445194397076509_7132408556598118607_n.jpg 600w\" sizes=\"auto, (max-width: 251px) 100vw, 251px\" \/><\/a>LONGARONE<\/strong> \u2013 Un incendio boschivo ha interessato ieri la frazione di Soffranco, sviluppandosi a mezza costa sopra la strada provinciale 251. L\u2019evento ha richiesto l\u2019intervento immediato di vigili del fuoco, servizi forestali regionali e Protezione civile, che hanno operato fino a tarda notte per contenere le fiamme e garantire la sicurezza dell\u2019area. A causa del pericolo di caduta massi, la SP 251 \u2013 che collega la Val di Zoldo con il Longaronese \u2013 \u00e8 stata chiusa al traffico per circa due ore, fino alle 19, costringendo gli automobilisti a percorrere tragitti alternativi attraverso Cibiana o Agordo. Intervento e monitoraggio notturno<\/p>\n<p>L\u2019allarme \u00e8 scattato alle 17.30, quando il fuoco ha iniziato a propagarsi in un\u2019area particolarmente impervia. Non \u00e8 stato possibile ricorrere a mezzi aerei per le operazioni di spegnimento, a causa del sopraggiungere del buio. Tuttavia, le squadre a terra sono riuscite a circoscrivere l\u2019incendio, evitando il propagarsi delle fiamme. Per tutta la notte, \u00e8 stato attivato un presidio di controllo con turni di sorveglianza, sia per prevenire eventuali riprese del rogo, sia in considerazione delle previsioni meteo, che indicavano pioggia nelle ore successive.\u00a0 Si tratta del terzo episodio di incendio boschivo che colpisce Soffranco in un breve arco di tempo. L\u2019ultimo risale allo scorso 20 febbraio, mentre il rogo pi\u00f9 grave, che tenne impegnate le squadre di soccorso per giorni, avvenne nel marzo 2022.<\/p>\n<p>&nbsp;<\/p>\n<hr \/>\n<p>&nbsp;<\/p>\n<blockquote>\n<h3>GALLERIA COMELICO: INFORTUNIO PER UN OPERAIO<\/h3>\n<\/blockquote>\n<p><strong><a class=\"dt-pswp-item\" href=\"https:\/\/www.radiopiu.net\/wordpress\/wp-content\/uploads\/2021\/10\/consulenza-formazione-sicurezza-sul-lavoro-4.jpg\" data-dt-img-description=\"\" data-large_image_width=\"600\" data-large_image_height=\"450\"><img loading=\"lazy\" decoding=\"async\" class=\" wp-image-237753 alignleft\" src=\"https:\/\/www.radiopiu.net\/wordpress\/wp-content\/uploads\/2021\/10\/consulenza-formazione-sicurezza-sul-lavoro-4-300x225.jpg\" alt=\"\" width=\"195\" height=\"146\" srcset=\"https:\/\/www.radiopiu.net\/wordpress\/wp-content\/uploads\/2021\/10\/consulenza-formazione-sicurezza-sul-lavoro-4-300x225.jpg 300w, https:\/\/www.radiopiu.net\/wordpress\/wp-content\/uploads\/2021\/10\/consulenza-formazione-sicurezza-sul-lavoro-4.jpg 600w\" sizes=\"auto, (max-width: 195px) 100vw, 195px\" \/><\/a> <\/strong><\/p>\n<p><strong>\u00a0<\/strong><\/p>\n<p><strong>COMELICO<\/strong> Un operaio di 39 anni \u00e8 caduto nel cantiere della galleria Comelico, battendo testa e spalla. Nonostante il casco di sicurezza, \u00e8 stato trasportato in elicottero all\u2019ospedale di Belluno con traumi di media gravit\u00e0. Sul posto sono intervenuti i tecnici dello Spisal per verificare le condizioni di sicurezza. L\u2019incidente potrebbe influire sulla chiusura della statale 52 Carnica, gi\u00e0 prevista per lavori.<\/p>\n<p>&nbsp;<\/p>\n<p>&nbsp;<\/p>\n<hr \/>\n<p>&nbsp;<\/p>\n<blockquote>\n<h3>SCIALPINISTA SI INFORTUNA SOTTO FORCELLA GRANDA<\/h3>\n<\/blockquote>\n<p><strong><a class=\"dt-pswp-item\" href=\"https:\/\/www.radiopiu.net\/wordpress\/wp-content\/uploads\/2024\/12\/DSC00791-scaled.jpg\" data-dt-img-description=\"\" data-large_image_width=\"2560\" data-large_image_height=\"1922\"><img loading=\"lazy\" decoding=\"async\" class=\" wp-image-424549 alignleft\" src=\"https:\/\/www.radiopiu.net\/wordpress\/wp-content\/uploads\/2024\/12\/DSC00791-300x225.jpg\" alt=\"\" width=\"188\" height=\"141\" srcset=\"https:\/\/www.radiopiu.net\/wordpress\/wp-content\/uploads\/2024\/12\/DSC00791-300x225.jpg 300w, https:\/\/www.radiopiu.net\/wordpress\/wp-content\/uploads\/2024\/12\/DSC00791-1024x769.jpg 1024w, https:\/\/www.radiopiu.net\/wordpress\/wp-content\/uploads\/2024\/12\/DSC00791-768x577.jpg 768w, https:\/\/www.radiopiu.net\/wordpress\/wp-content\/uploads\/2024\/12\/DSC00791-1536x1153.jpg 1536w, https:\/\/www.radiopiu.net\/wordpress\/wp-content\/uploads\/2024\/12\/DSC00791-2048x1538.jpg 2048w\" sizes=\"auto, (max-width: 188px) 100vw, 188px\" \/><\/a>CORTINA <\/strong>Attorno alle 13.30 di sabato la Centrale del 118 \u00e8 stata attivata da quella di Bolzano, per una scialpinista caduta sotto Forcella Granda, nel Gruppo del Cristallo. Risaliti alle coordinate del punto dove si trovava la 61enne di Perca (BZ), che stava sciando assieme al marito al momento dell&#8217;incidente, in quella direzione \u00e8 volato l&#8217;elicottero del Suem di Pieve di Cadore. Sbarcati in hovering in forcella, medico e tecnico di elisoccorso sono scesi lungo il versante nord e hanno raggiunto a 2.850 metri di quota la coppia, assistita da una guida alpina che si trovava sul posto. La donna, che aveva riportato una presunta frattura sulla gamba e varie contusioni, \u00e8 stata issata a bordo con un verricello di 10 metri e trasportata all&#8217;ospedale di Agordo. Il marito \u00e8 sceso a valle autonomamente.<\/p>\n<p>&nbsp;<\/p>\n<p>&nbsp;<\/p>\n<hr \/>\n<p>&nbsp;<\/p>\n<blockquote>\n<h3>TRA GLI INTERVENTI DEL SUEM UN INCIDENTE SUL LAVORO E TANTO LAVORO SULLE PISTE DA SCI<\/h3>\n<\/blockquote>\n<p><strong><a class=\"dt-pswp-item\" href=\"https:\/\/www.radiopiu.net\/wordpress\/wp-content\/uploads\/2024\/03\/salt-croce-verde-val-biois-1.jpg\" data-dt-img-description=\"\" data-large_image_width=\"2048\" data-large_image_height=\"1536\"><img loading=\"lazy\" decoding=\"async\" class=\" wp-image-380539 alignleft\" src=\"https:\/\/www.radiopiu.net\/wordpress\/wp-content\/uploads\/2024\/03\/salt-croce-verde-val-biois-1-300x225.jpg\" alt=\"\" width=\"175\" height=\"131\" srcset=\"https:\/\/www.radiopiu.net\/wordpress\/wp-content\/uploads\/2024\/03\/salt-croce-verde-val-biois-1-300x225.jpg 300w, https:\/\/www.radiopiu.net\/wordpress\/wp-content\/uploads\/2024\/03\/salt-croce-verde-val-biois-1-1024x768.jpg 1024w, https:\/\/www.radiopiu.net\/wordpress\/wp-content\/uploads\/2024\/03\/salt-croce-verde-val-biois-1-768x576.jpg 768w, https:\/\/www.radiopiu.net\/wordpress\/wp-content\/uploads\/2024\/03\/salt-croce-verde-val-biois-1-1536x1152.jpg 1536w, https:\/\/www.radiopiu.net\/wordpress\/wp-content\/uploads\/2024\/03\/salt-croce-verde-val-biois-1.jpg 2048w\" sizes=\"auto, (max-width: 175px) 100vw, 175px\" \/><\/a>REDAZIONE<\/strong> Un sabato impegnativo per il personale del Suem 118 impegnato su pi\u00f9 fronti in provincia di Belluno. Tra i casi pi\u00f9 rilevanti, si segnala un grave infortunio sul lavoro avvenuto alle ore 10:00 nella galleria Comelico, lungo la SS 52 ad Auronzo di Cadore. Un uomo di 39 anni, residente a Verona, ha riportato lesioni significative ed \u00e8 stato trasportato d&#8217;urgenza all&#8217;ospedale di Belluno con l\u2019elicottero &#8220;Falco&#8221;. Sulle piste da sci, invece, diversi sciatori sono stati soccorsi per traumi da caduta. A Cortina, un uomo di 64 anni di Mestre \u00e8 stato recuperato sul Faloria con l\u2019intervento dell\u2019elicottero e trasferito a Belluno. Un altro incidente si \u00e8 verificato sulle piste del Cristallo, dove una donna di 58 anni di Bolzano ha riportato traumi agli arti inferiori ed \u00e8 stata portata all\u2019ospedale di Agordo. Anche i turisti stranieri non sono stati risparmiati dagli incidenti: un tredicenne olandese \u00e8 caduto sciando nella zona di Fertazza, a Selva di Cadore, riportando un trauma e necessitando l\u2019intervento del SUEM. L\u2019attivit\u00e0 di soccorso nelle aree sciistiche si conferma dunque intensa, con il personale del SUEM sempre in prima linea per garantire assistenza rapida<\/p>\n<p>&nbsp;<\/p>\n<p>&nbsp;<\/p>\n<hr \/>\n<p>&nbsp;<\/p>\n<blockquote>\n<h3>SCIVOLA SUL SENTIERO E SBATTE L&#8217;ANCA. SOCCORSO ALPINO IN AIUTO<\/h3>\n<\/blockquote>\n<p><strong>ALPAGO<\/strong> In passeggiata assieme al marito lungo la stradina che da Buscole porta al Runal, nel pomeriggio una 74enne del posto \u00e8 caduta e ha sbattuto l&#8217;anca, senza essere pi\u00f9 in grado di muoversi. Scattato l&#8217;allarme verso le 16.15 di ieri , sul posto sono state inviate una squadra del Soccorso alpino dell&#8217;Alpago e l&#8217;ambulanza. Raggiunta a piedi dai soccorritori e dal personale sanitario, la donna \u00e8 stata caricata in barella, trasportata fino al fuoristrada e da l\u00ec all&#8217;ambulanza, partita in direzione dell&#8217;ospedale di Belluno.<\/p>\n<p>&nbsp;<\/p>\n<p>&nbsp;<\/p>\n<hr \/>\n<p>&nbsp;<\/p>\n<blockquote>\n<h3>DUE INTERVENTI NELLA DOMENICA DEL SUEM 118<\/h3>\n<\/blockquote>\n<p><strong><a class=\"dt-pswp-item\" href=\"https:\/\/www.radiopiu.net\/wordpress\/wp-content\/uploads\/2024\/08\/SALT.jpg\" data-dt-img-description=\"\" data-large_image_width=\"2048\" data-large_image_height=\"1536\"><img loading=\"lazy\" decoding=\"async\" class=\" wp-image-404421 alignleft\" src=\"https:\/\/www.radiopiu.net\/wordpress\/wp-content\/uploads\/2024\/08\/SALT-300x225.jpg\" alt=\"\" width=\"156\" height=\"117\" srcset=\"https:\/\/www.radiopiu.net\/wordpress\/wp-content\/uploads\/2024\/08\/SALT-300x225.jpg 300w, https:\/\/www.radiopiu.net\/wordpress\/wp-content\/uploads\/2024\/08\/SALT-1024x768.jpg 1024w, https:\/\/www.radiopiu.net\/wordpress\/wp-content\/uploads\/2024\/08\/SALT-768x576.jpg 768w, https:\/\/www.radiopiu.net\/wordpress\/wp-content\/uploads\/2024\/08\/SALT-1536x1152.jpg 1536w, https:\/\/www.radiopiu.net\/wordpress\/wp-content\/uploads\/2024\/08\/SALT.jpg 2048w\" sizes=\"auto, (max-width: 156px) 100vw, 156px\" \/><\/a>REDAZIONE <\/strong>Nelle ultime 24 ore, il Servizio di Urgenza ed Emergenza Medica (SUEM) 118 di Belluno \u00e8 intervenuto per due emergenze in montagna, entrambe risoltesi con il trasporto dei feriti all\u2019ospedale di Belluno tramite elisoccorso. Il primo incidente si \u00e8 verificato alle ore 11:13 nella localit\u00e0 sciistica di Arabba, dove un uomo di 57 anni, residente nei Paesi Bassi, \u00e8 rimasto coinvolto in un incidente sugli sci. A seguito della caduta, le condizioni del ferito sono state giudicate di media gravit\u00e0 (codice 2). Sul posto \u00e8 intervenuto l\u2019elisoccorso Falco, che ha trasportato l\u2019uomo all\u2019ospedale di Belluno per le cure necessarie. Poco dopo, alle 12:31, un altro intervento ha avuto luogo a Canale d\u2019Agordo. Un uomo di 55 anni, residente a Padova, ha subito un trauma di media gravit\u00e0. Anche in questo caso, l\u2019elisoccorso Falco ha provveduto al trasporto in ospedale. Sui comprensori sciistici della provincia di Belluno ci sono stati 12 interventi.<\/p>\n<p>&nbsp;<\/p>\n<p>&nbsp;<\/p>\n<hr \/>\n<p>&nbsp;<\/p>\n<blockquote>\n<h3 data-start=\"0\" data-end=\"81\"><strong data-start=\"4\" data-end=\"79\">Doppio intervento dei vigili del fuoco: incendi a Salzan e Stella Maris<\/strong><\/h3>\n<p data-start=\"83\" data-end=\"355\"><strong>SANTA GIUSTINA<\/strong><\/p>\n<\/blockquote>\n<article class=\"w-full text-token-text-primary focus-visible:outline-2 focus-visible:outline-offset-[-4px]\" dir=\"auto\" data-testid=\"conversation-turn-9\" data-scroll-anchor=\"true\">\n<div class=\"text-base my-auto mx-auto py-[18px] px-6\">\n<div class=\"mx-auto flex flex-1 text-base gap-4 md:gap-5 lg:gap-6 md:max-w-3xl lg:max-w-[40rem] xl:max-w-[48rem]\">\n<div class=\"group\/conversation-turn relative flex w-full min-w-0 flex-col agent-turn @xs\/thread:px-0 @sm\/thread:px-1.5 @md\/thread:px-4\">\n<div class=\"flex-col gap-1 md:gap-3\">\n<div class=\"flex max-w-full flex-col flex-grow\">\n<div class=\"min-h-8 text-message relative flex w-full flex-col items-end gap-2 whitespace-normal break-words text-start [.text-message+&amp;]:mt-5\" dir=\"auto\" data-message-author-role=\"assistant\" data-message-id=\"c11fd4b1-055a-4544-849e-2b3ae0c5d171\" data-message-model-slug=\"gpt-4o\">\n<div class=\"flex w-full flex-col gap-1 empty:hidden first:pt-[3px]\">\n<div class=\"markdown prose w-full break-words dark:prose-invert dark\">\n<p data-start=\"83\" data-end=\"355\">I vigili del fuoco di Feltre e Belluno sono stati impegnati dal pomeriggio fino a tarda sera per domare due incendi: uno che ha gravemente danneggiato il tetto di un\u2019abitazione a Salzan di Santa Giustina, e un focolaio nell\u2019ex Enaip di Stella Maris a Feltre.<\/p>\n<h3 data-start=\"357\" data-end=\"414\"><strong data-start=\"361\" data-end=\"412\"><a class=\"dt-pswp-item\" href=\"https:\/\/www.radiopiu.net\/wordpress\/wp-content\/uploads\/2025\/03\/2-1.png\" data-dt-img-description=\"\" data-large_image_width=\"728\" data-large_image_height=\"397\"><img loading=\"lazy\" decoding=\"async\" class=\" wp-image-438697 alignleft\" src=\"https:\/\/www.radiopiu.net\/wordpress\/wp-content\/uploads\/2025\/03\/2-1-300x164.png\" alt=\"\" width=\"285\" height=\"156\" srcset=\"https:\/\/www.radiopiu.net\/wordpress\/wp-content\/uploads\/2025\/03\/2-1-300x164.png 300w, https:\/\/www.radiopiu.net\/wordpress\/wp-content\/uploads\/2025\/03\/2-1.png 728w\" sizes=\"auto, (max-width: 285px) 100vw, 285px\" \/><\/a>Fiamme a Salzan: distrutto il tetto di una casa<\/strong><\/h3>\n<p data-start=\"415\" data-end=\"787\">L\u2019incendio \u00e8 divampato nel primo pomeriggio in via Piave a Salzan di Santa Giustina, poco distante dalla chiesa di Santa Libera. La famiglia residente si \u00e8 accorta del fumo proveniente dalla mansarda e ha allertato i soccorsi. Nel giro di pochi minuti, le fiamme \u2013 probabilmente partite dal camino \u2013 si sono propagate fino ai pannelli fotovoltaici sul tetto.<\/p>\n<p data-start=\"789\" data-end=\"1124\">L\u2019intervento dei vigili del fuoco di Feltre e Belluno con cinque mezzi, tra cui un\u2019autoscala, <a class=\"dt-pswp-item\" href=\"https:\/\/www.radiopiu.net\/wordpress\/wp-content\/uploads\/2025\/03\/1.png\" data-dt-img-description=\"\" data-large_image_width=\"348\" data-large_image_height=\"302\"><img loading=\"lazy\" decoding=\"async\" class=\"size-medium wp-image-438698 alignright\" src=\"https:\/\/www.radiopiu.net\/wordpress\/wp-content\/uploads\/2025\/03\/1-300x260.png\" alt=\"\" width=\"300\" height=\"260\" srcset=\"https:\/\/www.radiopiu.net\/wordpress\/wp-content\/uploads\/2025\/03\/1-300x260.png 300w, https:\/\/www.radiopiu.net\/wordpress\/wp-content\/uploads\/2025\/03\/1.png 348w\" sizes=\"auto, (max-width: 300px) 100vw, 300px\" \/><\/a>ha permesso di spegnere il rogo rapidamente. Tuttavia, \u00e8 stato necessario lavorare fino a sera per rimuovere tegole e pannelli e mettere in sicurezza l\u2019area. Nessuna persona \u00e8 rimasta ferita, ma i danni alla struttura sono ingenti.<\/p>\n<h3 data-start=\"1126\" data-end=\"1174\"><strong data-start=\"1130\" data-end=\"1172\">Incendio nell\u2019ex Enaip di Stella Maris<\/strong><\/h3>\n<p data-start=\"1175\" data-end=\"1512\">Poche ore dopo, intorno alle 18, una nuova emergenza \u00e8 scattata a Feltre, dove una colonna di fumo si \u00e8 levata dal complesso abbandonato di Stella Maris. Sul posto sono intervenuti i carabinieri del Radiomobile per un primo sopralluogo, seguiti dai vigili del fuoco, che hanno forzato il cancello per accedere all\u2019area. A prendere fuoco \u00e8 stato il bancone del bar vandalizzato all\u2019ingresso dell\u2019ex alberghiero. Si sospetta un\u2019origine dolosa o accidentale causata da intrusi entrati clandestinamente nella struttura. Entrambi gli episodi hanno richiesto un\u2019operazione rapida ed efficace dei soccorritori, evitando conseguenze pi\u00f9 gravi<\/p>\n<\/div>\n<\/div>\n<\/div>\n<\/div>\n<\/div>\n<\/div>\n<\/div>\n<\/div>\n<\/article>\n<p>Grazie per la collaborazione ad Andrea.<\/p>\n<p>&nbsp;<\/p>\n<hr \/>\n<p>&nbsp;<\/p>\n<blockquote>\n<h3>POMPIERI VOLONTARI DI SELVA DI CADORE AL LAVORO PER UN LAVAGGIO DELLA STRADA<\/h3>\n<\/blockquote>\n<p><strong><a class=\"dt-pswp-item\" href=\"https:\/\/www.radiopiu.net\/wordpress\/wp-content\/uploads\/2025\/03\/SCR-20250308-jyjy.jpeg\" data-dt-img-description=\"\" data-large_image_width=\"1442\" data-large_image_height=\"984\"><img loading=\"lazy\" decoding=\"async\" class=\" wp-image-438601 alignleft\" src=\"https:\/\/www.radiopiu.net\/wordpress\/wp-content\/uploads\/2025\/03\/SCR-20250308-jyjy-300x205.jpeg\" alt=\"\" width=\"196\" height=\"134\" srcset=\"https:\/\/www.radiopiu.net\/wordpress\/wp-content\/uploads\/2025\/03\/SCR-20250308-jyjy-300x205.jpeg 300w, https:\/\/www.radiopiu.net\/wordpress\/wp-content\/uploads\/2025\/03\/SCR-20250308-jyjy-1024x699.jpeg 1024w, https:\/\/www.radiopiu.net\/wordpress\/wp-content\/uploads\/2025\/03\/SCR-20250308-jyjy-768x524.jpeg 768w, https:\/\/www.radiopiu.net\/wordpress\/wp-content\/uploads\/2025\/03\/SCR-20250308-jyjy.jpeg 1442w\" sizes=\"auto, (max-width: 196px) 100vw, 196px\" \/><\/a> <\/strong><\/p>\n<p><strong>\u00a0<\/strong><\/p>\n<p><strong>SELVA DI CADORE <\/strong>Nel tardo pomeriggio di venerd\u00ec, alle 18, i Pompieri Volontari di Selva di Cadore sono stati allertati dalla Sala Operativa del Comando dei Vigili del Fuoco di Belluno per un intervento di lavaggio della sede stradale. L\u2019operazione si \u00e8 resa necessaria per garantire la sicurezza della viabilit\u00e0 e prevenire possibili incidenti. I Vigili del Fuoco sono intervenuti tempestivamente per ripristinare le normali condizioni della carreggiata.<\/p>\n<p>&nbsp;<\/p>\n<p>&nbsp;<\/p>\n<hr \/>\n<p>&nbsp;<\/p>\n<blockquote>\n<h3>8 MARZO, 2.195 DONNE INDOSSANO LA DIVISA DEI VIGILI DEL FUOCO<\/h3>\n<\/blockquote>\n<p><a class=\"dt-pswp-item\" href=\"https:\/\/www.radiopiu.net\/wordpress\/wp-content\/uploads\/2025\/03\/cb04298f-7565-44c5-9563-34b7b4c61bad.jpeg\" data-dt-img-description=\"\" data-large_image_width=\"972\" data-large_image_height=\"1107\"><img loading=\"lazy\" decoding=\"async\" class=\" wp-image-438558 alignleft\" src=\"https:\/\/www.radiopiu.net\/wordpress\/wp-content\/uploads\/2025\/03\/cb04298f-7565-44c5-9563-34b7b4c61bad-263x300.jpeg\" alt=\"\" width=\"113\" height=\"129\" srcset=\"https:\/\/www.radiopiu.net\/wordpress\/wp-content\/uploads\/2025\/03\/cb04298f-7565-44c5-9563-34b7b4c61bad-263x300.jpeg 263w, https:\/\/www.radiopiu.net\/wordpress\/wp-content\/uploads\/2025\/03\/cb04298f-7565-44c5-9563-34b7b4c61bad-899x1024.jpeg 899w, https:\/\/www.radiopiu.net\/wordpress\/wp-content\/uploads\/2025\/03\/cb04298f-7565-44c5-9563-34b7b4c61bad-768x875.jpeg 768w, https:\/\/www.radiopiu.net\/wordpress\/wp-content\/uploads\/2025\/03\/cb04298f-7565-44c5-9563-34b7b4c61bad.jpeg 972w\" sizes=\"auto, (max-width: 113px) 100vw, 113px\" \/><\/a>Sono 2.195 le donne che indossano la divisa dei vigili del fuoco, ricoprendo tutti i ruoli, da quello strettamente operativo a quello di funzionario e dirigente. Sono 33 quelle che rivestono ruoli apicali della dirigenza, anche dirigenza generale, 106 i funzionari direttivi e 59 gli ispettori operativi, 489 hanno mansioni operative tra caporeparto, caposquadra e vigile. Nella regione Veneto, in tutti i ruoli operativi, sono presenti 52 donne vigili del fuoco. Inoltre, il direttore interregionale dei vigili del fuoco per Veneto e Trentino-Alto Adige \u00e8 una donna, Cristina D\u2019Angelo. Donne anche in ruoli particolari, come 2 piloti e 1 specialista di aeromobile impiegate nei reparti volo, 13 atlete del gruppo sportivo delle Fiamme Rosse, 6 musiciste della Banda musicale del Corpo.<\/p>\n<p>&nbsp;<\/p>\n<p>&nbsp;<\/p>\n<hr \/>\n<p>&nbsp;<\/p>\n<blockquote>\n<h3>L&#8217;ASSEMBLEA D&#8217;ISTITUTO AL LICEO DAL PIAZ<\/h3>\n<\/blockquote>\n<p><strong>FELTRE <\/strong>Il Liceo Dal Piaz ha dedicato l\u2019assemblea d\u2019istituto a due temi importanti: educazione sessuale per il biennio e orientamento universitario per il triennio. La plenaria sulla sessualit\u00e0, guidata dalla dottoressa Ilaria Pezzani e dall\u2019ostetrica Alba Agostinetto, ha coinvolto 250 studenti in un dialogo interattivo su contraccezione, malattie sessualmente trasmissibili, consenso e affettivit\u00e0. L\u2019incontro, voluto dagli studenti, ha suscitato grande interesse. Parallelamente, quasi 80 ex studenti, provenienti da 40 facolt\u00e0 diverse, hanno partecipato all\u2019orientamento universitario, condividendo le loro esperienze con gli attuali liceali. L\u2019incontro \u00e8 stato aperto dal professor Gianni Moretta, che ha illustrato il funzionamento del sistema universitario. Gli studenti hanno potuto confrontarsi liberamente con gli ex alunni, chiarendosi le idee sul futuro. L\u2019evento ha registrato grande partecipazione e apprezzamento.<\/p>\n\n\t\t\t<style type='text\/css'>\n\t\t\t\t#gallery-1 {\n\t\t\t\t\tmargin: auto;\n\t\t\t\t}\n\t\t\t\t#gallery-1 .gallery-item {\n\t\t\t\t\tfloat: left;\n\t\t\t\t\tmargin-top: 10px;\n\t\t\t\t\ttext-align: center;\n\t\t\t\t\twidth: 50%;\n\t\t\t\t}\n\t\t\t\t#gallery-1 img {\n\t\t\t\t\tborder: 2px solid #cfcfcf;\n\t\t\t\t}\n\t\t\t\t#gallery-1 .gallery-caption {\n\t\t\t\t\tmargin-left: 0;\n\t\t\t\t}\n\t\t\t\t\/* see gallery_shortcode() in wp-includes\/media.php *\/\n\t\t\t<\/style>\n\t\t<div id='gallery-1' class='dt-gallery-container gallery galleryid-438566 gallery-columns-2 gallery-size-medium'><dl class='gallery-item'>\n\t\t\t\t<dt class='gallery-icon landscape'>\n\t\t\t\t\t<a class=\"rollover rollover-zoom dt-pswp-item\" title=\"IMG_0196\" data-dt-img-description=\"\" data-large_image_width=\"2560\" data-large_image_height=\"1920\"href='https:\/\/www.radiopiu.net\/wordpress\/wp-content\/uploads\/2025\/03\/IMG_0196-scaled.jpeg'><img loading=\"lazy\" decoding=\"async\" width=\"300\" height=\"225\" src=\"https:\/\/www.radiopiu.net\/wordpress\/wp-content\/uploads\/2025\/03\/IMG_0196-300x225.jpeg\" class=\"attachment-medium size-medium\" alt=\"\" srcset=\"https:\/\/www.radiopiu.net\/wordpress\/wp-content\/uploads\/2025\/03\/IMG_0196-300x225.jpeg 300w, https:\/\/www.radiopiu.net\/wordpress\/wp-content\/uploads\/2025\/03\/IMG_0196-1024x768.jpeg 1024w, https:\/\/www.radiopiu.net\/wordpress\/wp-content\/uploads\/2025\/03\/IMG_0196-768x576.jpeg 768w, https:\/\/www.radiopiu.net\/wordpress\/wp-content\/uploads\/2025\/03\/IMG_0196-1536x1152.jpeg 1536w, https:\/\/www.radiopiu.net\/wordpress\/wp-content\/uploads\/2025\/03\/IMG_0196-2048x1536.jpeg 2048w\" sizes=\"auto, (max-width: 300px) 100vw, 300px\" \/><\/a>\n\t\t\t\t<\/dt><\/dl><dl class='gallery-item'>\n\t\t\t\t<dt class='gallery-icon landscape'>\n\t\t\t\t\t<a class=\"rollover rollover-zoom dt-pswp-item\" title=\"IMG_0239\" data-dt-img-description=\"\" data-large_image_width=\"2560\" data-large_image_height=\"2072\"href='https:\/\/www.radiopiu.net\/wordpress\/wp-content\/uploads\/2025\/03\/IMG_0239-scaled.jpeg'><img loading=\"lazy\" decoding=\"async\" width=\"300\" height=\"243\" src=\"https:\/\/www.radiopiu.net\/wordpress\/wp-content\/uploads\/2025\/03\/IMG_0239-300x243.jpeg\" class=\"attachment-medium size-medium\" alt=\"\" srcset=\"https:\/\/www.radiopiu.net\/wordpress\/wp-content\/uploads\/2025\/03\/IMG_0239-300x243.jpeg 300w, https:\/\/www.radiopiu.net\/wordpress\/wp-content\/uploads\/2025\/03\/IMG_0239-1024x829.jpeg 1024w, https:\/\/www.radiopiu.net\/wordpress\/wp-content\/uploads\/2025\/03\/IMG_0239-768x622.jpeg 768w, https:\/\/www.radiopiu.net\/wordpress\/wp-content\/uploads\/2025\/03\/IMG_0239-1536x1243.jpeg 1536w, https:\/\/www.radiopiu.net\/wordpress\/wp-content\/uploads\/2025\/03\/IMG_0239-2048x1658.jpeg 2048w\" sizes=\"auto, (max-width: 300px) 100vw, 300px\" \/><\/a>\n\t\t\t\t<\/dt><\/dl><br style=\"clear: both\" \/>\n\t\t\t<\/div>\n\n<p>&nbsp;<\/p>\n<p>&nbsp;<\/p>\n<hr \/>\n<p>&nbsp;<\/p>\n<blockquote>\n<h3>RIACCENDIAMO BELLUNO: RACCOLTE 731 FIRME<\/h3>\n<\/blockquote>\n<p><strong><a class=\"dt-pswp-item\" href=\"https:\/\/www.radiopiu.net\/wordpress\/wp-content\/uploads\/2023\/05\/SIAMO-BELLUNO.png\" data-dt-img-description=\"\" data-large_image_width=\"750\" data-large_image_height=\"484\"><img loading=\"lazy\" decoding=\"async\" class=\" wp-image-336800 alignleft\" src=\"https:\/\/www.radiopiu.net\/wordpress\/wp-content\/uploads\/2023\/05\/SIAMO-BELLUNO-300x194.png\" alt=\"\" width=\"169\" height=\"109\" srcset=\"https:\/\/www.radiopiu.net\/wordpress\/wp-content\/uploads\/2023\/05\/SIAMO-BELLUNO-300x194.png 300w, https:\/\/www.radiopiu.net\/wordpress\/wp-content\/uploads\/2023\/05\/SIAMO-BELLUNO.png 750w\" sizes=\"auto, (max-width: 169px) 100vw, 169px\" \/><\/a>BELLUNO<\/strong> L&#8217;iniziativa <em data-start=\"13\" data-end=\"49\">\u201cRiaccendiamo le notti di Belluno\u201d<\/em>, promossa da <em data-start=\"63\" data-end=\"78\">SiAmo Belluno<\/em>, ha raccolto 731 firme per chiedere la riaccensione dell&#8217;illuminazione pubblica notturna. La petizione, lanciata lo scorso autunno, ha coinvolto otto appuntamenti tra novembre e febbraio nei mercati cittadini e diverse attivit\u00e0 economiche. Il portavoce Biagio Giannone ha espresso soddisfazione per la partecipazione e ha sottolineato che, con una raccolta online, il numero di adesioni sarebbe stato ancora maggiore. Molti residenti, lavoratori e frequentatori della citt\u00e0 hanno sostenuto la causa. Le firme saranno depositate a <em data-start=\"609\" data-end=\"624\">Palazzo Rosso<\/em> nei prossimi giorni. L\u2019iniziativa mira a stimolare un dibattito politico costruttivo senza polemiche. Il comitato spera in una risposta concreta da parte dell\u2019amministrazione.<\/p>\n<p>&nbsp;<\/p>\n<p>&nbsp;<\/p>\n<hr \/>\n<p>&nbsp;<\/p>\n<blockquote>\n<h3>SVEVA GRAZIOTTO INCONTRA GLI STUDENTI DEL CATULLO<\/h3>\n<\/blockquote>\n<p><strong><a class=\"dt-pswp-item\" href=\"https:\/\/www.radiopiu.net\/wordpress\/wp-content\/uploads\/2025\/03\/Foto2.jpg\" data-dt-img-description=\"\" data-large_image_width=\"2048\" data-large_image_height=\"1370\"><img loading=\"lazy\" decoding=\"async\" class=\" wp-image-438786 alignleft\" src=\"https:\/\/www.radiopiu.net\/wordpress\/wp-content\/uploads\/2025\/03\/Foto2-300x201.jpg\" alt=\"\" width=\"163\" height=\"109\" srcset=\"https:\/\/www.radiopiu.net\/wordpress\/wp-content\/uploads\/2025\/03\/Foto2-300x201.jpg 300w, https:\/\/www.radiopiu.net\/wordpress\/wp-content\/uploads\/2025\/03\/Foto2-1024x685.jpg 1024w, https:\/\/www.radiopiu.net\/wordpress\/wp-content\/uploads\/2025\/03\/Foto2-768x514.jpg 768w, https:\/\/www.radiopiu.net\/wordpress\/wp-content\/uploads\/2025\/03\/Foto2-1536x1028.jpg 1536w, https:\/\/www.radiopiu.net\/wordpress\/wp-content\/uploads\/2025\/03\/Foto2.jpg 2048w\" sizes=\"auto, (max-width: 163px) 100vw, 163px\" \/><\/a>BELLUNO<\/strong> Venerd\u00ec 7 marzo, presso l\u2019IIS \u201cCatullo\u201d, gli studenti del corso serale hanno incontrato Sveva Graziotto, giovane autrice che ha presentato il suo romanzo <em data-start=\"154\" data-end=\"168\">ImmensaMente<\/em>. Il libro, edito nel 2024, affronta il tema della salute mentale attraverso la storia di Angelina, una donna alle prese con la Depressione, che l\u2019accompagna nella sua quotidianit\u00e0. Il romanzo si conclude con un messaggio di speranza e rinascita. Durante l\u2019incontro, coordinato dalla docente Antonella Celato, l\u2019autrice ha raccontato come la scrittura sia stata per lei uno strumento terapeutico. Gli studenti, grazie al loro percorso in ambito sanitario e sociale, hanno partecipato attivamente con domande e riflessioni. La copertina del libro, con l\u2019immagine di un bambino che lascia andare un palloncino, simboleggia il distacco e l\u2019abbraccio materno. L\u2019incontro ha offerto un\u2019importante occasione di confronto su un tema delicato ma essenziale.<\/p>\n<p>&nbsp;<\/p>\n<p>&nbsp;<\/p>\n<hr \/>\n<p>&nbsp;<\/p>\n<blockquote>\n<h3><a class=\"dt-pswp-item\" href=\"https:\/\/www.radiopiu.net\/wordpress\/wp-content\/uploads\/2025\/03\/Unknown.jpeg\" data-dt-img-description=\"\" data-large_image_width=\"604\" data-large_image_height=\"671\"><img loading=\"lazy\" decoding=\"async\" class=\" wp-image-438687 alignleft\" src=\"https:\/\/www.radiopiu.net\/wordpress\/wp-content\/uploads\/2025\/03\/Unknown-270x300.jpeg\" alt=\"\" width=\"140\" height=\"156\" srcset=\"https:\/\/www.radiopiu.net\/wordpress\/wp-content\/uploads\/2025\/03\/Unknown-270x300.jpeg 270w, https:\/\/www.radiopiu.net\/wordpress\/wp-content\/uploads\/2025\/03\/Unknown.jpeg 604w\" sizes=\"auto, (max-width: 140px) 100vw, 140px\" \/><\/a>ANTONELLA NAPOLI INCONTRA GLI STUDENTI DELLA PROVINCIA<\/h3>\n<\/blockquote>\n<p><strong>BELLUNO <\/strong>In occasione della Giornata internazionale dei diritti delle donne, le Scuole in Rete organizzano il 10 e 11 marzo una serie di incontri con Antonella Napoli, reporter di guerra e scrittrice esperta di diritti umani. L&#8217;evento, dal titolo <em data-start=\"238\" data-end=\"313\">\u201cDonna e Africa: viaggio al femminile nei pi\u00f9 recenti conflitti africani\u201d<\/em>, offrir\u00e0 uno sguardo approfondito sulla condizione delle donne nel continente africano. Napoli, direttrice di <em data-start=\"427\" data-end=\"444\">Focus on Africa<\/em> e autrice di diversi libri, tra cui <em data-start=\"481\" data-end=\"504\">La luce oltre il buio<\/em>, incontrer\u00e0 studenti e cittadini a Belluno. Il primo appuntamento sar\u00e0 oggi al Liceo Tiziano e poi alle 18 alla Sala Bianchi. Il giorno successivo proseguir\u00e0 con incontri nelle scuole della provincia.<\/p>\n<p>&nbsp;<\/p>\n<p>&nbsp;<\/p>\n<hr \/>\n<p>&nbsp;<\/p>\n<blockquote>\n<h3>LO STATO NON PAGA. LE IMPRESE VENETE ASPETTANO 6 MILIARDI<\/h3>\n<\/blockquote>\n<p><a class=\"dt-pswp-item\" href=\"https:\/\/www.radiopiu.net\/wordpress\/wp-content\/uploads\/2025\/03\/20250308084402.png\" data-dt-img-description=\"\" data-large_image_width=\"562\" data-large_image_height=\"443\"><img loading=\"lazy\" decoding=\"async\" class=\"size-medium wp-image-438562 alignleft\" src=\"https:\/\/www.radiopiu.net\/wordpress\/wp-content\/uploads\/2025\/03\/20250308084402-300x236.png\" alt=\"\" width=\"300\" height=\"236\" srcset=\"https:\/\/www.radiopiu.net\/wordpress\/wp-content\/uploads\/2025\/03\/20250308084402-300x236.png 300w, https:\/\/www.radiopiu.net\/wordpress\/wp-content\/uploads\/2025\/03\/20250308084402.png 562w\" sizes=\"auto, (max-width: 300px) 100vw, 300px\" \/><\/a>E\u2019 un record di cui non dobbiamo essere per nulla fieri. Tra i 27 Paesi dell\u2019UE, l\u2019Italia presenta lo stock di debiti commerciali in rapporto al Pil pi\u00f9 elevato di tutti. Se nel 2023 la nostra Pubblica Amministrazione (PA) ha accumulato mancati pagamenti ai propri fornitori pari a 2,8 punti percentuali di Pil, al secondo posto scorgiamo il Belgio con il 2,7 e al terzo il Lussemburgo con il 2,4. Tra i nostri principali concorrenti commerciali segnaliamo che la Spagna registra una incidenza dello 0,9 per cento del Pil, la Francia dell\u20191,6 e la Germania dell\u20191,9. In valore assoluto, i mancati pagamenti della nostra PA ammontano a 58,6 miliardi di euro. Di questi, secondo l\u2019Ufficio studi della CGIA, almeno 6 miliardi sarebbero in capo alle imprese venete.<\/p>\n<p><strong>In Veneto PA virtuosa. Con PNRR situazione in peggioramento?<\/strong><br \/>\nE\u2019 comunque utile sottolineare che la Regione Veneto, le ASL e i nostri enti locali da anni pagano abbondantemente in anticipo rispetto alla scadenza stabilita per legge. Chi continua a pagare in ritardo o addirittura omette di fare questa operazione \u00e8, in particolare, lo Stato centrale e non \u00e8 da escludere che con la messa a terra delle opere pubbliche legate al PNRR i tempi di pagamento si siano dilatati. Senza contare che \u00e8 sempre pi\u00f9 diffusa la richiesta, avanzata dai funzionari\/dirigenti pubblici alle imprese esecutrici delle opere, di ritardare l\u2019emissione degli stati di avanzamento dei lavori o l\u2019invio delle fatture.<\/p>\n<p><strong>Persiste l\u2019abuso di posizione dominante<\/strong><br \/>\nI ritardi\/mancati pagamenti della nostra PA sono un malcostume che ci trasciniamo da molti decenni. Va comunque segnalato che negli ultimi anni la situazione \u00e8 migliorata; le Amministrazioni dello Stato sono diventate pi\u00f9 puntuali nel saldare le fatture entro i termini previsti dalla legge. Tuttavia, faticano a smaltire lo stock accumulato negli anni precedenti, penalizzando soprattutto le piccole imprese che, a differenza delle grandi, hanno un potere negoziale molto contenuto. Anzi, spesso sono vittime predestinate dell\u2019abuso della posizione dominante di cui dispongono i dirigenti\/funzionari degli organi costituzionali, degli enti, degli istituti, delle autorit\u00e0 e delle fondazioni dello Stato con cui sono costretti a rapportarsi.<\/p>\n<p><strong><a class=\"dt-pswp-item\" href=\"https:\/\/www.radiopiu.net\/wordpress\/wp-content\/uploads\/2025\/03\/20250308084432.png\" data-dt-img-description=\"\" data-large_image_width=\"418\" data-large_image_height=\"583\"><img loading=\"lazy\" decoding=\"async\" class=\"size-medium wp-image-438563 alignleft\" src=\"https:\/\/www.radiopiu.net\/wordpress\/wp-content\/uploads\/2025\/03\/20250308084432-215x300.png\" alt=\"\" width=\"215\" height=\"300\" srcset=\"https:\/\/www.radiopiu.net\/wordpress\/wp-content\/uploads\/2025\/03\/20250308084432-215x300.png 215w, https:\/\/www.radiopiu.net\/wordpress\/wp-content\/uploads\/2025\/03\/20250308084432.png 418w\" sizes=\"auto, (max-width: 215px) 100vw, 215px\" \/><\/a>Chi ritarda o non paga? Soprattutto lo Stato centrale<\/strong><br \/>\nLe Amministrazioni pubbliche sono composte dalle Amministrazioni dello Stato, dalle Regioni e le Province autonome, dal Servizio sanitario, dagli Enti locali, dagli Enti pubblici nazionali e da Altri Enti. Sempre secondo i dati della RGS, nel 2023 tra tutte le divisioni pubbliche lo Stato centrale \u00e8 quello che ha registrato la performance peggiore. Ha saldato \u201csolo\u201d il 92,8 per cento delle fatture ricevute, non ha pagato 1,4 miliardi di euro e ha onorato gli importi entro i termini solo nel 69,3 per cento del totale.<\/p>\n<p><strong>Quasi la met\u00e0 dei Ministeri \u00e8 in ritardo<\/strong><br \/>\nAncorch\u00e8 negli ultimi anni la situazione generale stia migliorando, dall\u2019analisi dell\u2019Indice di Tempestivit\u00e0 dei Pagamenti (ITP) del 2024 riferito ai ministeri italiani abbiamo notato che 7 su 15 hanno pagato mediamente oltre i termini di legge. La situazione pi\u00f9 critica ha interessato il Ministero del Lavoro e della Previdenza Sociale che ha pagato con un ritardo medio annuo di 13,13 giorni. Seguono il Ministero della Cultura con 10,94 giorni, il dicastero dell\u2019Interno con 10,71, il Turismo con 10,45, la Salute con 4,51, la Giustizia con 4,06 e le Infrastrutture e i Trasporti con 2,46. Per contro, i dicasteri pi\u00f9 efficienti nel pagare i fornitori sono stati l\u2019Ambiente con 20,91 giorni di anticipo, l\u2019Universit\u00e0 e la Ricerca con 15,45 e il Made in Italy con 13,85. La Presidenza del Consiglio dei Ministri, invece, ha pagato con un anticipo medio di 8,48 giorni.<\/p>\n<p><strong>Male ANSFISA, ANAS ed ARAN<\/strong><br \/>\nSempre nel 2024, tra le Amministrazioni centrali che registrano un comportamento non conforme alla legge, segnaliamo, in particolare, l\u2019ANSFISA che ha onorato le fatture ricevute con 20,62 giorni di ritardo, l\u2019ANAS \u2013 che presenta un fatturato di 3,9 miliardi &#8211; con 15, l\u2019ARAN con 13,12 e l\u2019ANBSC con 7,41. Infine, \u00e8 alquanto singolare che un soggetto come GSE Spa non abbia ancora aggiornato il dato medio 2024. Gli ultimi dati disponibili di questo gestore, infatti, sono riferiti al III e al II trimestre entrambi del 2024, con l\u2019ITP rispettivamente del +0,54 e del +13,17. Da \u201cdeplorare\u201d anche il comportamento tenuto dall\u2019ANCI che nel proprio sito internet ha come ultimo dato medio annuo quello del 2018 (con 13,16 giorni medi di ritardo).<\/p>\n<p><strong>Secondo la Cassazione se la PA non paga non \u00e8 un problema<\/strong><br \/>\nSecondo la Corte di Cassazione, il ritardato pagamento della PA rappresenta un evento prevedibile e ricorrente. Pertanto, l&#8217;imprenditore che non dispone di liquidit\u00e0 non pu\u00f2 non versare le imposte all\u2019erario, imputando questa decisione alla omessa\/ritardato pagamento da parte dell\u2019Amministrazione pubblica per cui lavora. Anche nel caso, come quello giudicato dalla Cassazione l\u2019anno scorso, in cui l\u2019azienda interessata operi solo ed esclusivamente per committenti pubblici. Insomma, una sentenza choc che \u201cviola\u201d uno dei principi cardine del nostro stato di diritto: la legge deve essere osservata da tutti, sia dai soggetti privati sia da quelli pubblici.<\/p>\n<p><strong>Perch\u00e9 la PA fatica a pagare<\/strong><\/p>\n<p>Le principali cause che hanno originato questa cattiva abitudine che ci trasciniamo da decenni sono le seguenti:<br \/>\nla mancanza di liquidit\u00e0 da parte del committente pubblico;<br \/>\ni ritardi intenzionali;<br \/>\nl\u2019inefficienza di molte amministrazioni a emettere in tempi ragionevolmente brevi i certificati di pagamento;<br \/>\nle contestazioni che allungano la liquidazione delle fatture.<br \/>\nA queste cause ne vanno aggiunte almeno altre due che, tra le altre cose, hanno indotto, nel gennaio del 2020, la Corte di Giustizia europea a condannarci. Esse sono:<br \/>\nla richiesta, spesso avanzata dalla PA nei confronti degli esecutori delle opere, di ritardare l\u2019emissione degli stati di avanzamento dei lavori o l\u2019invio delle fatture;<\/p>\n<p>l\u2019istanza rivolta dall\u2019Amministrazione pubblica al fornitore di accettare, durante la stipula del contratto, tempi di pagamento superiori ai limiti previsti per legge senza l\u2019applicazione degli interessi di mora in caso di ritardo.<\/p>\n<p><strong>Bisogna consentire la compensazione tra debiti fiscali e crediti commerciali<\/strong><\/p>\n<p>Per risolvere questa annosa questione che sta mettendo a dura prova la tenuta finanziaria di tantissime Pmi venete, per la CGIA c\u2019\u00e8 solo una cosa da fare: prevedere per legge la compensazione secca, diretta e universale tra i crediti certi liquidi ed esigibili maturati da una impresa nei confronti della PA e i debiti fiscali e contributivi che la stessa deve onorare all\u2019erario. Grazie a questo automatismo risolveremmo un problema che ci trasciniamo appresso da decenni. Senza liquidit\u00e0 a disposizione, infatti, tanti piccoli imprenditori si trovano in grave difficolt\u00e0 e in un momento cos\u00ec delicato per l\u2019economia del Paese.<\/p>\n<p>&nbsp;<\/p>\n<p>&nbsp;<\/p>\n<hr \/>\n<p>&nbsp;<\/p>\n<h1><span style=\"color: #ff0000;\">CONSIGLI COMUNALI IN AGORDINO<\/span><\/h1>\n<p><strong>AGORDO<\/strong> Consiglio convocato ad Agordo oggi alle 17:30. Quattro punti all&#8217;ordine del giorno. Il bilancio di ASCA e di Agordo Servizi, L&#8217;approvazione allo statuto di ASCA e una variazione a bilancio.<\/p>\n<p><strong class=\"photoswipe-wrapper\">VOLTAGO<\/strong>\u00a0 Il Sindaco, Giuseppe Schena, rende noto che il Consiglio Comunale \u00e8 convocato in seduta ordinaria oggi alle\u00a0 18\u00a0 nella Sala Civica \u201cGianni De Col\u201d. L\u2019ordine del giorno prevede, tra i punti principali, l\u2019approvazione dei verbali della seduta precedente, la sanatoria di un errore materiale relativo alla sede di una precedente convocazione e l\u2019approvazione di un accordo di programma per il ripristino ecologico di torbiere e risorgive. Saranno inoltre discussi il riconoscimento di debiti fuori bilancio per interventi urgenti dovuti a eventi atmosferici e incendi, oltre all\u2019approvazione del bilancio di previsione 2025-2027. Infine, verranno comunicate delibere di Giunta relative a prelevamenti dal fondo di riserva.<\/p>\n<p>&nbsp;<\/p>\n<p>&nbsp;<\/p>\n<hr \/>\n<p>&nbsp;<\/p>\n<blockquote>\n<h3>GUARDIA DI FINANZA: CONCORSO PER TITOLI ED ESAMI PER L&#8217;AMMISSIONE DI 1198 ALLIEVI MARESCIALLI<\/h3>\n<\/blockquote>\n<p><strong>BELLUNO <\/strong>Il concorso per l&#8217;anno accademico 2025\/2026 prevede l&#8217;ammissione di 1.198 allievi marescialli alla Scuola Ispettori e Sovrintendenti della Guardia di Finanza. I posti sono suddivisi in: 1.108 per il contingente ordinario, di cui 20 riservati a candidati con attestati specifici e 8 ai familiari di personale delle Forze armate e di polizia deceduto in servizio. 90 per il contingente di mare, suddivisi in specializzazioni come nocchiere, tecnico macchine e tecnico dei sistemi di comunicazione. Possono partecipare cittadini italiani tra i 17 e i 26 anni (entro il 26 marzo 2025), con possibili eccezioni per chi ha gi\u00e0 prestato servizio militare.<\/p>\n<p>&nbsp;<\/p>\n<p>&nbsp;<\/p>\n<hr \/>\n<p>&nbsp;<\/p>\n<blockquote>\n<h3>DOMENICA CARNEVALESCA A BELLUNO CENTRO<\/h3>\n<\/blockquote>\n<p><strong>di Marina Don\u00e0<\/strong><\/p>\n<p><strong>BELLUNO<\/strong> Dopo 5 anni, domenica carnevalesca a Belluno centro con sfilata di ben 15 carri Castionesi e di Sedico. Una manifestazione ben riuscita. E si ha gi\u00e0 l&#8217;entusiasmo, visto il successo ottenuto, di pensare anche al futuro, anche in vista delle Olimpiadi Milano Cortina 2026. Questi i buoni auspici del presidente Consorzio Centro Storico Belluno Andrea Dal Pont.\u00a0 Insomma una domenica vivace con partecipanti di tutte le et\u00e0, che ha lasciato colore ed emozione nei cuori di tutti proprio come la pioggia di coriandoli che ha ravvivato come un tappeto tutta Piazza dei Martiri.<\/p>\n<p><strong>SERVIZIO ED INTERVISTE<\/strong><\/p>\n<audio class=\"wp-audio-shortcode\" id=\"audio-438566-6\" preload=\"none\" style=\"width: 100%;\" controls=\"controls\"><source type=\"audio\/mpeg\" src=\"https:\/\/www.radiopiu.net\/wordpress\/wp-content\/uploads\/2025\/03\/gr-10-domenica-carnevalesca-marina.mp3?_=6\" \/><a href=\"https:\/\/www.radiopiu.net\/wordpress\/wp-content\/uploads\/2025\/03\/gr-10-domenica-carnevalesca-marina.mp3\">https:\/\/www.radiopiu.net\/wordpress\/wp-content\/uploads\/2025\/03\/gr-10-domenica-carnevalesca-marina.mp3<\/a><\/audio>\n<p>&nbsp;<\/p>\n<p><strong>IL VIDEO<\/strong><\/p>\n<p><iframe loading=\"lazy\" title=\"IL CARNEVALE A BELLUNO 2025\" width=\"1200\" height=\"675\" src=\"https:\/\/www.youtube.com\/embed\/ErgOL4Cz1dA?feature=oembed\" frameborder=\"0\" allow=\"accelerometer; autoplay; clipboard-write; encrypted-media; gyroscope; picture-in-picture; web-share\" referrerpolicy=\"strict-origin-when-cross-origin\" allowfullscreen><\/iframe><\/p>\n<p>&nbsp;<\/p>\n<p><strong>LE FOTO<\/strong><\/p>\n\n\t\t\t<style type='text\/css'>\n\t\t\t\t#gallery-2 {\n\t\t\t\t\tmargin: auto;\n\t\t\t\t}\n\t\t\t\t#gallery-2 .gallery-item {\n\t\t\t\t\tfloat: left;\n\t\t\t\t\tmargin-top: 10px;\n\t\t\t\t\ttext-align: center;\n\t\t\t\t\twidth: 16%;\n\t\t\t\t}\n\t\t\t\t#gallery-2 img {\n\t\t\t\t\tborder: 2px solid #cfcfcf;\n\t\t\t\t}\n\t\t\t\t#gallery-2 .gallery-caption {\n\t\t\t\t\tmargin-left: 0;\n\t\t\t\t}\n\t\t\t\t\/* see gallery_shortcode() in wp-includes\/media.php *\/\n\t\t\t<\/style>\n\t\t<div id='gallery-2' class='dt-gallery-container gallery galleryid-438566 gallery-columns-6 gallery-size-thumbnail'><dl class='gallery-item'>\n\t\t\t\t<dt class='gallery-icon landscape'>\n\t\t\t\t\t<a class=\"rollover rollover-zoom dt-pswp-item\" title=\"197c9c8e-5946-4147-a958-3df47be626e4\" data-dt-img-description=\"\" data-large_image_width=\"1224\" data-large_image_height=\"667\"href='https:\/\/www.radiopiu.net\/wordpress\/wp-content\/uploads\/2025\/03\/197c9c8e-5946-4147-a958-3df47be626e4.jpg'><img loading=\"lazy\" decoding=\"async\" width=\"150\" height=\"150\" src=\"https:\/\/www.radiopiu.net\/wordpress\/wp-content\/uploads\/2025\/03\/197c9c8e-5946-4147-a958-3df47be626e4-150x150.jpg\" class=\"attachment-thumbnail size-thumbnail\" alt=\"\" \/><\/a>\n\t\t\t\t<\/dt><\/dl><dl class='gallery-item'>\n\t\t\t\t<dt class='gallery-icon landscape'>\n\t\t\t\t\t<a class=\"rollover rollover-zoom dt-pswp-item\" title=\"54e80ca2-8266-4e13-a699-ecf1a9666908\" data-dt-img-description=\"\" data-large_image_width=\"1600\" data-large_image_height=\"1531\"href='https:\/\/www.radiopiu.net\/wordpress\/wp-content\/uploads\/2025\/03\/54e80ca2-8266-4e13-a699-ecf1a9666908.jpg'><img loading=\"lazy\" decoding=\"async\" width=\"150\" height=\"150\" src=\"https:\/\/www.radiopiu.net\/wordpress\/wp-content\/uploads\/2025\/03\/54e80ca2-8266-4e13-a699-ecf1a9666908-150x150.jpg\" class=\"attachment-thumbnail size-thumbnail\" alt=\"\" \/><\/a>\n\t\t\t\t<\/dt><\/dl><dl class='gallery-item'>\n\t\t\t\t<dt class='gallery-icon landscape'>\n\t\t\t\t\t<a class=\"rollover rollover-zoom dt-pswp-item\" title=\"66f29880-4d4d-4918-a07a-79cca4ab9aa9\" data-dt-img-description=\"\" data-large_image_width=\"1600\" data-large_image_height=\"1200\"href='https:\/\/www.radiopiu.net\/wordpress\/wp-content\/uploads\/2025\/03\/66f29880-4d4d-4918-a07a-79cca4ab9aa9.jpg'><img loading=\"lazy\" decoding=\"async\" width=\"150\" height=\"150\" src=\"https:\/\/www.radiopiu.net\/wordpress\/wp-content\/uploads\/2025\/03\/66f29880-4d4d-4918-a07a-79cca4ab9aa9-150x150.jpg\" class=\"attachment-thumbnail size-thumbnail\" alt=\"\" \/><\/a>\n\t\t\t\t<\/dt><\/dl><dl class='gallery-item'>\n\t\t\t\t<dt class='gallery-icon landscape'>\n\t\t\t\t\t<a class=\"rollover rollover-zoom dt-pswp-item\" title=\"694859a1-e1c5-4255-8b75-97a6501a27a9\" data-dt-img-description=\"\" data-large_image_width=\"1600\" data-large_image_height=\"1200\"href='https:\/\/www.radiopiu.net\/wordpress\/wp-content\/uploads\/2025\/03\/694859a1-e1c5-4255-8b75-97a6501a27a9.jpg'><img loading=\"lazy\" decoding=\"async\" width=\"150\" height=\"150\" src=\"https:\/\/www.radiopiu.net\/wordpress\/wp-content\/uploads\/2025\/03\/694859a1-e1c5-4255-8b75-97a6501a27a9-150x150.jpg\" class=\"attachment-thumbnail size-thumbnail\" alt=\"\" \/><\/a>\n\t\t\t\t<\/dt><\/dl><dl class='gallery-item'>\n\t\t\t\t<dt class='gallery-icon landscape'>\n\t\t\t\t\t<a class=\"rollover rollover-zoom dt-pswp-item\" title=\"1c19a6bc-8634-4b1f-9cce-8dfcea482bbd\" data-dt-img-description=\"\" data-large_image_width=\"1224\" data-large_image_height=\"687\"href='https:\/\/www.radiopiu.net\/wordpress\/wp-content\/uploads\/2025\/03\/1c19a6bc-8634-4b1f-9cce-8dfcea482bbd.jpg'><img loading=\"lazy\" decoding=\"async\" width=\"150\" height=\"150\" src=\"https:\/\/www.radiopiu.net\/wordpress\/wp-content\/uploads\/2025\/03\/1c19a6bc-8634-4b1f-9cce-8dfcea482bbd-150x150.jpg\" class=\"attachment-thumbnail size-thumbnail\" alt=\"\" \/><\/a>\n\t\t\t\t<\/dt><\/dl><dl class='gallery-item'>\n\t\t\t\t<dt class='gallery-icon landscape'>\n\t\t\t\t\t<a class=\"rollover rollover-zoom dt-pswp-item\" title=\"1c4aab51-b533-4280-8a1d-40dd26f5109f\" data-dt-img-description=\"\" data-large_image_width=\"1600\" data-large_image_height=\"1200\"href='https:\/\/www.radiopiu.net\/wordpress\/wp-content\/uploads\/2025\/03\/1c4aab51-b533-4280-8a1d-40dd26f5109f.jpg'><img loading=\"lazy\" decoding=\"async\" width=\"150\" height=\"150\" src=\"https:\/\/www.radiopiu.net\/wordpress\/wp-content\/uploads\/2025\/03\/1c4aab51-b533-4280-8a1d-40dd26f5109f-150x150.jpg\" class=\"attachment-thumbnail size-thumbnail\" alt=\"\" \/><\/a>\n\t\t\t\t<\/dt><\/dl><br style=\"clear: both\" \/><dl class='gallery-item'>\n\t\t\t\t<dt class='gallery-icon landscape'>\n\t\t\t\t\t<a class=\"rollover rollover-zoom dt-pswp-item\" title=\"60e25f58-97a4-4ef4-9ed7-34f32dc10cde\" data-dt-img-description=\"\" data-large_image_width=\"1600\" data-large_image_height=\"1200\"href='https:\/\/www.radiopiu.net\/wordpress\/wp-content\/uploads\/2025\/03\/60e25f58-97a4-4ef4-9ed7-34f32dc10cde.jpg'><img loading=\"lazy\" decoding=\"async\" width=\"150\" height=\"150\" src=\"https:\/\/www.radiopiu.net\/wordpress\/wp-content\/uploads\/2025\/03\/60e25f58-97a4-4ef4-9ed7-34f32dc10cde-150x150.jpg\" class=\"attachment-thumbnail size-thumbnail\" alt=\"\" \/><\/a>\n\t\t\t\t<\/dt><\/dl><dl class='gallery-item'>\n\t\t\t\t<dt class='gallery-icon landscape'>\n\t\t\t\t\t<a class=\"rollover rollover-zoom dt-pswp-item\" title=\"5c7421d5-f964-417c-a2e1-e977d0dfea2f\" data-dt-img-description=\"\" data-large_image_width=\"1600\" data-large_image_height=\"1200\"href='https:\/\/www.radiopiu.net\/wordpress\/wp-content\/uploads\/2025\/03\/5c7421d5-f964-417c-a2e1-e977d0dfea2f.jpg'><img loading=\"lazy\" decoding=\"async\" width=\"150\" height=\"150\" src=\"https:\/\/www.radiopiu.net\/wordpress\/wp-content\/uploads\/2025\/03\/5c7421d5-f964-417c-a2e1-e977d0dfea2f-150x150.jpg\" class=\"attachment-thumbnail size-thumbnail\" alt=\"\" \/><\/a>\n\t\t\t\t<\/dt><\/dl><dl class='gallery-item'>\n\t\t\t\t<dt class='gallery-icon landscape'>\n\t\t\t\t\t<a class=\"rollover rollover-zoom dt-pswp-item\" title=\"689b4376-daf6-4975-b35e-0680bd184a10\" data-dt-img-description=\"\" data-large_image_width=\"1600\" data-large_image_height=\"1200\"href='https:\/\/www.radiopiu.net\/wordpress\/wp-content\/uploads\/2025\/03\/689b4376-daf6-4975-b35e-0680bd184a10.jpg'><img loading=\"lazy\" decoding=\"async\" width=\"150\" height=\"150\" src=\"https:\/\/www.radiopiu.net\/wordpress\/wp-content\/uploads\/2025\/03\/689b4376-daf6-4975-b35e-0680bd184a10-150x150.jpg\" class=\"attachment-thumbnail size-thumbnail\" alt=\"\" \/><\/a>\n\t\t\t\t<\/dt><\/dl><dl class='gallery-item'>\n\t\t\t\t<dt class='gallery-icon landscape'>\n\t\t\t\t\t<a class=\"rollover rollover-zoom dt-pswp-item\" title=\"aa5f7fe7-03f5-48ab-8c2d-ee352600a7d9\" data-dt-img-description=\"\" data-large_image_width=\"1600\" data-large_image_height=\"1200\"href='https:\/\/www.radiopiu.net\/wordpress\/wp-content\/uploads\/2025\/03\/aa5f7fe7-03f5-48ab-8c2d-ee352600a7d9.jpg'><img loading=\"lazy\" decoding=\"async\" width=\"150\" height=\"150\" src=\"https:\/\/www.radiopiu.net\/wordpress\/wp-content\/uploads\/2025\/03\/aa5f7fe7-03f5-48ab-8c2d-ee352600a7d9-150x150.jpg\" class=\"attachment-thumbnail size-thumbnail\" alt=\"\" \/><\/a>\n\t\t\t\t<\/dt><\/dl><dl class='gallery-item'>\n\t\t\t\t<dt class='gallery-icon landscape'>\n\t\t\t\t\t<a class=\"rollover rollover-zoom dt-pswp-item\" title=\"20c1598e-a1bb-49d5-b738-064f60b966eb\" data-dt-img-description=\"\" data-large_image_width=\"1296\" data-large_image_height=\"972\"href='https:\/\/www.radiopiu.net\/wordpress\/wp-content\/uploads\/2025\/03\/20c1598e-a1bb-49d5-b738-064f60b966eb.jpg'><img loading=\"lazy\" decoding=\"async\" width=\"150\" height=\"150\" src=\"https:\/\/www.radiopiu.net\/wordpress\/wp-content\/uploads\/2025\/03\/20c1598e-a1bb-49d5-b738-064f60b966eb-150x150.jpg\" class=\"attachment-thumbnail size-thumbnail\" alt=\"\" \/><\/a>\n\t\t\t\t<\/dt><\/dl><dl class='gallery-item'>\n\t\t\t\t<dt class='gallery-icon landscape'>\n\t\t\t\t\t<a class=\"rollover rollover-zoom dt-pswp-item\" title=\"34bc5187-d1ed-4cb8-8a52-e2b783df5e42\" data-dt-img-description=\"\" data-large_image_width=\"1600\" data-large_image_height=\"1200\"href='https:\/\/www.radiopiu.net\/wordpress\/wp-content\/uploads\/2025\/03\/34bc5187-d1ed-4cb8-8a52-e2b783df5e42.jpg'><img loading=\"lazy\" decoding=\"async\" width=\"150\" height=\"150\" src=\"https:\/\/www.radiopiu.net\/wordpress\/wp-content\/uploads\/2025\/03\/34bc5187-d1ed-4cb8-8a52-e2b783df5e42-150x150.jpg\" class=\"attachment-thumbnail size-thumbnail\" alt=\"\" \/><\/a>\n\t\t\t\t<\/dt><\/dl><br style=\"clear: both\" \/><dl class='gallery-item'>\n\t\t\t\t<dt class='gallery-icon landscape'>\n\t\t\t\t\t<a class=\"rollover rollover-zoom dt-pswp-item\" title=\"71452d2f-53b8-46fe-ad55-5637997aba7b\" data-dt-img-description=\"\" data-large_image_width=\"1600\" data-large_image_height=\"1200\"href='https:\/\/www.radiopiu.net\/wordpress\/wp-content\/uploads\/2025\/03\/71452d2f-53b8-46fe-ad55-5637997aba7b.jpg'><img loading=\"lazy\" decoding=\"async\" width=\"150\" height=\"150\" src=\"https:\/\/www.radiopiu.net\/wordpress\/wp-content\/uploads\/2025\/03\/71452d2f-53b8-46fe-ad55-5637997aba7b-150x150.jpg\" class=\"attachment-thumbnail size-thumbnail\" alt=\"\" \/><\/a>\n\t\t\t\t<\/dt><\/dl><dl class='gallery-item'>\n\t\t\t\t<dt class='gallery-icon landscape'>\n\t\t\t\t\t<a class=\"rollover rollover-zoom dt-pswp-item\" title=\"77e76bff-e55d-4a45-8952-45d13562fa49\" data-dt-img-description=\"\" data-large_image_width=\"1600\" data-large_image_height=\"1200\"href='https:\/\/www.radiopiu.net\/wordpress\/wp-content\/uploads\/2025\/03\/77e76bff-e55d-4a45-8952-45d13562fa49.jpg'><img loading=\"lazy\" decoding=\"async\" width=\"150\" height=\"150\" src=\"https:\/\/www.radiopiu.net\/wordpress\/wp-content\/uploads\/2025\/03\/77e76bff-e55d-4a45-8952-45d13562fa49-150x150.jpg\" class=\"attachment-thumbnail size-thumbnail\" alt=\"\" \/><\/a>\n\t\t\t\t<\/dt><\/dl><dl class='gallery-item'>\n\t\t\t\t<dt class='gallery-icon landscape'>\n\t\t\t\t\t<a class=\"rollover rollover-zoom dt-pswp-item\" title=\"96170d06-ec99-4d1b-b1cd-348b90563bca\" data-dt-img-description=\"\" data-large_image_width=\"1600\" data-large_image_height=\"1200\"href='https:\/\/www.radiopiu.net\/wordpress\/wp-content\/uploads\/2025\/03\/96170d06-ec99-4d1b-b1cd-348b90563bca.jpg'><img loading=\"lazy\" decoding=\"async\" width=\"150\" height=\"150\" src=\"https:\/\/www.radiopiu.net\/wordpress\/wp-content\/uploads\/2025\/03\/96170d06-ec99-4d1b-b1cd-348b90563bca-150x150.jpg\" class=\"attachment-thumbnail size-thumbnail\" alt=\"\" \/><\/a>\n\t\t\t\t<\/dt><\/dl><dl class='gallery-item'>\n\t\t\t\t<dt class='gallery-icon landscape'>\n\t\t\t\t\t<a class=\"rollover rollover-zoom dt-pswp-item\" title=\"1bc8458e-d0b3-450b-a379-77868a61ddf9\" data-dt-img-description=\"\" data-large_image_width=\"1600\" data-large_image_height=\"1200\"href='https:\/\/www.radiopiu.net\/wordpress\/wp-content\/uploads\/2025\/03\/1bc8458e-d0b3-450b-a379-77868a61ddf9.jpg'><img loading=\"lazy\" decoding=\"async\" width=\"150\" height=\"150\" src=\"https:\/\/www.radiopiu.net\/wordpress\/wp-content\/uploads\/2025\/03\/1bc8458e-d0b3-450b-a379-77868a61ddf9-150x150.jpg\" class=\"attachment-thumbnail size-thumbnail\" alt=\"\" \/><\/a>\n\t\t\t\t<\/dt><\/dl><dl class='gallery-item'>\n\t\t\t\t<dt class='gallery-icon landscape'>\n\t\t\t\t\t<a class=\"rollover rollover-zoom dt-pswp-item\" title=\"b0cb458f-e5e5-4231-88f7-72f38b2af86f\" data-dt-img-description=\"\" data-large_image_width=\"1600\" data-large_image_height=\"1200\"href='https:\/\/www.radiopiu.net\/wordpress\/wp-content\/uploads\/2025\/03\/b0cb458f-e5e5-4231-88f7-72f38b2af86f.jpg'><img loading=\"lazy\" decoding=\"async\" width=\"150\" height=\"150\" src=\"https:\/\/www.radiopiu.net\/wordpress\/wp-content\/uploads\/2025\/03\/b0cb458f-e5e5-4231-88f7-72f38b2af86f-150x150.jpg\" class=\"attachment-thumbnail size-thumbnail\" alt=\"\" \/><\/a>\n\t\t\t\t<\/dt><\/dl><dl class='gallery-item'>\n\t\t\t\t<dt class='gallery-icon landscape'>\n\t\t\t\t\t<a class=\"rollover rollover-zoom dt-pswp-item\" title=\"930e818e-609a-4241-aa06-f2a086736379\" data-dt-img-description=\"\" data-large_image_width=\"1600\" data-large_image_height=\"1200\"href='https:\/\/www.radiopiu.net\/wordpress\/wp-content\/uploads\/2025\/03\/930e818e-609a-4241-aa06-f2a086736379.jpg'><img loading=\"lazy\" decoding=\"async\" width=\"150\" height=\"150\" src=\"https:\/\/www.radiopiu.net\/wordpress\/wp-content\/uploads\/2025\/03\/930e818e-609a-4241-aa06-f2a086736379-150x150.jpg\" class=\"attachment-thumbnail size-thumbnail\" alt=\"\" \/><\/a>\n\t\t\t\t<\/dt><\/dl><br style=\"clear: both\" \/><dl class='gallery-item'>\n\t\t\t\t<dt class='gallery-icon landscape'>\n\t\t\t\t\t<a class=\"rollover rollover-zoom dt-pswp-item\" title=\"b9cc2640-d16d-4058-97ea-6d7fbf7926a7\" data-dt-img-description=\"\" data-large_image_width=\"1600\" data-large_image_height=\"1200\"href='https:\/\/www.radiopiu.net\/wordpress\/wp-content\/uploads\/2025\/03\/b9cc2640-d16d-4058-97ea-6d7fbf7926a7.jpg'><img loading=\"lazy\" decoding=\"async\" width=\"150\" height=\"150\" src=\"https:\/\/www.radiopiu.net\/wordpress\/wp-content\/uploads\/2025\/03\/b9cc2640-d16d-4058-97ea-6d7fbf7926a7-150x150.jpg\" class=\"attachment-thumbnail size-thumbnail\" alt=\"\" \/><\/a>\n\t\t\t\t<\/dt><\/dl><dl class='gallery-item'>\n\t\t\t\t<dt class='gallery-icon landscape'>\n\t\t\t\t\t<a class=\"rollover rollover-zoom dt-pswp-item\" title=\"aa4e0f15-6b9e-4177-991d-e7ac15440922\" data-dt-img-description=\"\" data-large_image_width=\"1600\" data-large_image_height=\"1200\"href='https:\/\/www.radiopiu.net\/wordpress\/wp-content\/uploads\/2025\/03\/aa4e0f15-6b9e-4177-991d-e7ac15440922.jpg'><img loading=\"lazy\" decoding=\"async\" width=\"150\" height=\"150\" src=\"https:\/\/www.radiopiu.net\/wordpress\/wp-content\/uploads\/2025\/03\/aa4e0f15-6b9e-4177-991d-e7ac15440922-150x150.jpg\" class=\"attachment-thumbnail size-thumbnail\" alt=\"\" \/><\/a>\n\t\t\t\t<\/dt><\/dl><dl class='gallery-item'>\n\t\t\t\t<dt class='gallery-icon landscape'>\n\t\t\t\t\t<a class=\"rollover rollover-zoom dt-pswp-item\" title=\"66738cf3-da45-4a57-8ee2-36aab07657ac\" data-dt-img-description=\"\" data-large_image_width=\"1296\" data-large_image_height=\"972\"href='https:\/\/www.radiopiu.net\/wordpress\/wp-content\/uploads\/2025\/03\/66738cf3-da45-4a57-8ee2-36aab07657ac.jpg'><img loading=\"lazy\" decoding=\"async\" width=\"150\" height=\"150\" src=\"https:\/\/www.radiopiu.net\/wordpress\/wp-content\/uploads\/2025\/03\/66738cf3-da45-4a57-8ee2-36aab07657ac-150x150.jpg\" class=\"attachment-thumbnail size-thumbnail\" alt=\"\" \/><\/a>\n\t\t\t\t<\/dt><\/dl><dl class='gallery-item'>\n\t\t\t\t<dt class='gallery-icon landscape'>\n\t\t\t\t\t<a class=\"rollover rollover-zoom dt-pswp-item\" title=\"59608d0b-7661-4c1d-a316-ebf85a955a19\" data-dt-img-description=\"\" data-large_image_width=\"1296\" data-large_image_height=\"972\"href='https:\/\/www.radiopiu.net\/wordpress\/wp-content\/uploads\/2025\/03\/59608d0b-7661-4c1d-a316-ebf85a955a19.jpg'><img loading=\"lazy\" decoding=\"async\" width=\"150\" height=\"150\" src=\"https:\/\/www.radiopiu.net\/wordpress\/wp-content\/uploads\/2025\/03\/59608d0b-7661-4c1d-a316-ebf85a955a19-150x150.jpg\" class=\"attachment-thumbnail size-thumbnail\" alt=\"\" \/><\/a>\n\t\t\t\t<\/dt><\/dl><dl class='gallery-item'>\n\t\t\t\t<dt class='gallery-icon landscape'>\n\t\t\t\t\t<a class=\"rollover rollover-zoom dt-pswp-item\" title=\"7a8a383e-8ffa-4d3a-a0c8-de99026632ad\" data-dt-img-description=\"\" data-large_image_width=\"1296\" data-large_image_height=\"972\"href='https:\/\/www.radiopiu.net\/wordpress\/wp-content\/uploads\/2025\/03\/7a8a383e-8ffa-4d3a-a0c8-de99026632ad.jpg'><img loading=\"lazy\" decoding=\"async\" width=\"150\" height=\"150\" src=\"https:\/\/www.radiopiu.net\/wordpress\/wp-content\/uploads\/2025\/03\/7a8a383e-8ffa-4d3a-a0c8-de99026632ad-150x150.jpg\" class=\"attachment-thumbnail size-thumbnail\" alt=\"\" \/><\/a>\n\t\t\t\t<\/dt><\/dl><dl class='gallery-item'>\n\t\t\t\t<dt class='gallery-icon landscape'>\n\t\t\t\t\t<a class=\"rollover rollover-zoom dt-pswp-item\" title=\"fc6e7a34-3a4b-4f26-81da-7d3e175f8123\" data-dt-img-description=\"\" data-large_image_width=\"1600\" data-large_image_height=\"1200\"href='https:\/\/www.radiopiu.net\/wordpress\/wp-content\/uploads\/2025\/03\/fc6e7a34-3a4b-4f26-81da-7d3e175f8123.jpg'><img loading=\"lazy\" decoding=\"async\" width=\"150\" height=\"150\" src=\"https:\/\/www.radiopiu.net\/wordpress\/wp-content\/uploads\/2025\/03\/fc6e7a34-3a4b-4f26-81da-7d3e175f8123-150x150.jpg\" class=\"attachment-thumbnail size-thumbnail\" alt=\"\" \/><\/a>\n\t\t\t\t<\/dt><\/dl><br style=\"clear: both\" \/><dl class='gallery-item'>\n\t\t\t\t<dt class='gallery-icon landscape'>\n\t\t\t\t\t<a class=\"rollover rollover-zoom dt-pswp-item\" title=\"bd5d299d-4287-42e0-aa34-97dd97882bfb\" data-dt-img-description=\"\" data-large_image_width=\"1600\" data-large_image_height=\"1200\"href='https:\/\/www.radiopiu.net\/wordpress\/wp-content\/uploads\/2025\/03\/bd5d299d-4287-42e0-aa34-97dd97882bfb.jpg'><img loading=\"lazy\" decoding=\"async\" width=\"150\" height=\"150\" src=\"https:\/\/www.radiopiu.net\/wordpress\/wp-content\/uploads\/2025\/03\/bd5d299d-4287-42e0-aa34-97dd97882bfb-150x150.jpg\" class=\"attachment-thumbnail size-thumbnail\" alt=\"\" \/><\/a>\n\t\t\t\t<\/dt><\/dl><dl class='gallery-item'>\n\t\t\t\t<dt class='gallery-icon landscape'>\n\t\t\t\t\t<a class=\"rollover rollover-zoom dt-pswp-item\" title=\"f70baf91-61ae-40ce-930b-f488c69ec1ef\" data-dt-img-description=\"\" data-large_image_width=\"1213\" data-large_image_height=\"680\"href='https:\/\/www.radiopiu.net\/wordpress\/wp-content\/uploads\/2025\/03\/f70baf91-61ae-40ce-930b-f488c69ec1ef.jpg'><img loading=\"lazy\" decoding=\"async\" width=\"150\" height=\"150\" src=\"https:\/\/www.radiopiu.net\/wordpress\/wp-content\/uploads\/2025\/03\/f70baf91-61ae-40ce-930b-f488c69ec1ef-150x150.jpg\" class=\"attachment-thumbnail size-thumbnail\" alt=\"\" \/><\/a>\n\t\t\t\t<\/dt><\/dl><dl class='gallery-item'>\n\t\t\t\t<dt class='gallery-icon landscape'>\n\t\t\t\t\t<a class=\"rollover rollover-zoom dt-pswp-item\" title=\"73961767-0a11-4ef7-ac6b-927faddba855\" data-dt-img-description=\"\" data-large_image_width=\"1196\" data-large_image_height=\"675\"href='https:\/\/www.radiopiu.net\/wordpress\/wp-content\/uploads\/2025\/03\/73961767-0a11-4ef7-ac6b-927faddba855.jpg'><img loading=\"lazy\" decoding=\"async\" width=\"150\" height=\"150\" src=\"https:\/\/www.radiopiu.net\/wordpress\/wp-content\/uploads\/2025\/03\/73961767-0a11-4ef7-ac6b-927faddba855-150x150.jpg\" class=\"attachment-thumbnail size-thumbnail\" alt=\"\" \/><\/a>\n\t\t\t\t<\/dt><\/dl><dl class='gallery-item'>\n\t\t\t\t<dt class='gallery-icon landscape'>\n\t\t\t\t\t<a class=\"rollover rollover-zoom dt-pswp-item\" title=\"f9e5cb3c-59bc-4e4f-97d1-3208bef75803\" data-dt-img-description=\"\" data-large_image_width=\"1224\" data-large_image_height=\"673\"href='https:\/\/www.radiopiu.net\/wordpress\/wp-content\/uploads\/2025\/03\/f9e5cb3c-59bc-4e4f-97d1-3208bef75803.jpg'><img loading=\"lazy\" decoding=\"async\" width=\"150\" height=\"150\" src=\"https:\/\/www.radiopiu.net\/wordpress\/wp-content\/uploads\/2025\/03\/f9e5cb3c-59bc-4e4f-97d1-3208bef75803-150x150.jpg\" class=\"attachment-thumbnail size-thumbnail\" alt=\"\" \/><\/a>\n\t\t\t\t<\/dt><\/dl>\n\t\t\t\t<br style='clear: both' \/>\n\t\t\t<\/div>\n\n<blockquote class=\"wp-embedded-content\" data-secret=\"b0OMmhAOLA\"><p><a href=\"https:\/\/www.radiopiu.net\/wordpress\/al-carnevale-di-belluno-con-marina\/\">AL CARNEVALE DI BELLUNO CON MARINA<\/a><\/p><\/blockquote>\n<p><iframe loading=\"lazy\" class=\"wp-embedded-content\" sandbox=\"allow-scripts\" security=\"restricted\" style=\"position: absolute; visibility: hidden;\" title=\"&#8220;AL CARNEVALE DI BELLUNO CON MARINA&#8221; &#8212; Radio Pi\u00f9\" src=\"https:\/\/www.radiopiu.net\/wordpress\/al-carnevale-di-belluno-con-marina\/embed\/#?secret=RQvmpZO3t2#?secret=b0OMmhAOLA\" data-secret=\"b0OMmhAOLA\" width=\"600\" height=\"338\" frameborder=\"0\" marginwidth=\"0\" marginheight=\"0\" scrolling=\"no\"><\/iframe><\/p>\n<hr \/>\n<p>&nbsp;<\/p>\n<blockquote>\n<h3>GIORNATA MONDIALE DEL RENE: L&#8217;INCONTRO CON L&#8217;ULSS 1 DOLOMITI<\/h3>\n<\/blockquote>\n<p><strong><a class=\"dt-pswp-item\" href=\"https:\/\/www.radiopiu.net\/wordpress\/wp-content\/uploads\/2025\/02\/RENE.jpg\" data-dt-img-description=\"\" data-large_image_width=\"940\" data-large_image_height=\"550\"><img loading=\"lazy\" decoding=\"async\" class=\" wp-image-436595 alignleft\" src=\"https:\/\/www.radiopiu.net\/wordpress\/wp-content\/uploads\/2025\/02\/RENE-300x176.jpg\" alt=\"\" width=\"179\" height=\"105\" srcset=\"https:\/\/www.radiopiu.net\/wordpress\/wp-content\/uploads\/2025\/02\/RENE-300x176.jpg 300w, https:\/\/www.radiopiu.net\/wordpress\/wp-content\/uploads\/2025\/02\/RENE-768x449.jpg 768w, https:\/\/www.radiopiu.net\/wordpress\/wp-content\/uploads\/2025\/02\/RENE.jpg 940w\" sizes=\"auto, (max-width: 179px) 100vw, 179px\" \/><\/a>BELLUNO <\/strong>In occasione della giornata mondiale del rene, che ricorre il prossimo 13 marzo, l\u2019Ulss Dolomiti, con le unit\u00e0 operative di Nefrologia, organizza un incontro aperto a tutta la cittadinanza per sensibilizzare sull\u2019importanza della salute dei nostri reni e sul tema del trapianto. L\u2019 incontro dal titolo \u201cIl trapianto di rene da vivente\u201d si terr\u00e0 mercoled\u00ec 12 marzo 2025 alle 17.00 in sala convegni dell\u2019ospedale di Belluno con esperti e testimonianze di donatori e trapiantati.<\/p>\n<p>&nbsp;<\/p>\n<p>&nbsp;<\/p>\n<hr \/>\n<p>&nbsp;<\/p>\n<blockquote>\n<h3>TORNA A BELLUNO &#8220;IL VENTO TRA I CAPELLI&#8221;, LA PEDONATA NON COMPETITIVA DEL COMITATO PREVENZIONE SALUTE DONNA<\/h3>\n<\/blockquote>\n<p><strong>BELLUNO<\/strong> \u200b<span class=\"relative -mx-px my-[-0.2rem] rounded px-px py-[0.2rem]\">La 19\u00aa edizione della pedonata solidale &#8220;Il Vento tra i Capelli&#8221; si terr\u00e0 il 16 marzo 2025 alle 10 in Piazza dei Martiri a Belluno.<\/span><\/p>\n<p>&nbsp;<\/p>\n<p>&nbsp;<\/p>\n<hr \/>\n<p>&nbsp;<\/p>\n<blockquote>\n<h3>TORNANO LE CAMMINATE DI PRIMAVERA A BELLUNO<\/h3>\n<\/blockquote>\n<p><strong>BELLUNO<\/strong> Escursione \u201cBorghi Montani\u201d il 16 marzo tra natura e storia, esplorando Lamosano e il villaggio fantasma di Stracadon. Ritrovo a Belluno alle 14:30, percorso di 3-3,5 km con 100 m di dislivello. Conclusione con Messa e rinfresco. Prenotazione obbligatoria entro il 15 marzo (posti limitati a 35). Info <em>340 8769665<\/em><\/p>\n<p>&nbsp;<\/p>\n<p>&nbsp;<\/p>\n<hr \/>\n<p>&nbsp;<\/p>\n<h1><span style=\"color: #ff6600;\">IERI ALLA RADIO\u00a0<\/span><\/h1>\n<h2><span style=\"color: #ffcc00;\">I TIRATAIE PRESENTANO L&#8217;INNO DELL&#8217;HC CANALE<\/span><\/h2>\n<p><strong><a class=\"dt-pswp-item\" href=\"https:\/\/www.radiopiu.net\/wordpress\/wp-content\/uploads\/2025\/03\/bd982d1e-f35a-4a6d-b9b9-9f7efc794d91.jpg\" data-dt-img-description=\"\" data-large_image_width=\"1600\" data-large_image_height=\"1200\"><img loading=\"lazy\" decoding=\"async\" class=\" wp-image-438584 alignleft\" src=\"https:\/\/www.radiopiu.net\/wordpress\/wp-content\/uploads\/2025\/03\/bd982d1e-f35a-4a6d-b9b9-9f7efc794d91-300x225.jpg\" alt=\"\" width=\"188\" height=\"141\" srcset=\"https:\/\/www.radiopiu.net\/wordpress\/wp-content\/uploads\/2025\/03\/bd982d1e-f35a-4a6d-b9b9-9f7efc794d91-300x225.jpg 300w, https:\/\/www.radiopiu.net\/wordpress\/wp-content\/uploads\/2025\/03\/bd982d1e-f35a-4a6d-b9b9-9f7efc794d91-1024x768.jpg 1024w, https:\/\/www.radiopiu.net\/wordpress\/wp-content\/uploads\/2025\/03\/bd982d1e-f35a-4a6d-b9b9-9f7efc794d91-768x576.jpg 768w, https:\/\/www.radiopiu.net\/wordpress\/wp-content\/uploads\/2025\/03\/bd982d1e-f35a-4a6d-b9b9-9f7efc794d91-1536x1152.jpg 1536w, https:\/\/www.radiopiu.net\/wordpress\/wp-content\/uploads\/2025\/03\/bd982d1e-f35a-4a6d-b9b9-9f7efc794d91.jpg 1600w\" sizes=\"auto, (max-width: 188px) 100vw, 188px\" \/><\/a>DI MARCO GAZ<\/strong><\/p>\n<p>OSPITI: Paolo Vedova e Alessio &#8220;Ongia&#8221; Xaiz<\/p>\n<audio class=\"wp-audio-shortcode\" id=\"audio-438566-7\" preload=\"none\" style=\"width: 100%;\" controls=\"controls\"><source type=\"audio\/mpeg\" src=\"https:\/\/www.radiopiu.net\/wordpress\/wp-content\/uploads\/2025\/03\/TIRATAIE-PRESENTAZIONE-INNO-HC-CANALE.mp3?_=7\" \/><a href=\"https:\/\/www.radiopiu.net\/wordpress\/wp-content\/uploads\/2025\/03\/TIRATAIE-PRESENTAZIONE-INNO-HC-CANALE.mp3\">https:\/\/www.radiopiu.net\/wordpress\/wp-content\/uploads\/2025\/03\/TIRATAIE-PRESENTAZIONE-INNO-HC-CANALE.mp3<\/a><\/audio>\n<p>&nbsp;<\/p>\n<p>&nbsp;<\/p>\n<hr \/>\n<p>&nbsp;<\/p>\n<h2><span style=\"color: #ff00ff;\">LA RASSEGNA STAMPA DA L&#8217;AMICO DEL POPOLO<\/span><\/h2>\n<p><strong><a class=\"dt-pswp-item\" href=\"https:\/\/www.radiopiu.net\/wordpress\/wp-content\/uploads\/2024\/08\/BROI-AGORDO.jpg\" data-dt-img-description=\"\" data-large_image_width=\"1024\" data-large_image_height=\"768\"><img loading=\"lazy\" decoding=\"async\" class=\" wp-image-406589 alignleft\" src=\"https:\/\/www.radiopiu.net\/wordpress\/wp-content\/uploads\/2024\/08\/BROI-AGORDO-300x225.jpg\" alt=\"\" width=\"183\" height=\"137\" srcset=\"https:\/\/www.radiopiu.net\/wordpress\/wp-content\/uploads\/2024\/08\/BROI-AGORDO-300x225.jpg 300w, https:\/\/www.radiopiu.net\/wordpress\/wp-content\/uploads\/2024\/08\/BROI-AGORDO-768x576.jpg 768w, https:\/\/www.radiopiu.net\/wordpress\/wp-content\/uploads\/2024\/08\/BROI-AGORDO.jpg 1024w\" sizes=\"auto, (max-width: 183px) 100vw, 183px\" \/><\/a>DI GIANNI SANTOMASO<\/strong><\/p>\n<p>OSPITE: Arno Pauletti, Auser El Broi Agordo<\/p>\n<audio class=\"wp-audio-shortcode\" id=\"audio-438566-8\" preload=\"none\" style=\"width: 100%;\" controls=\"controls\"><source type=\"audio\/mpeg\" src=\"https:\/\/www.radiopiu.net\/wordpress\/wp-content\/uploads\/2025\/03\/RASSEGNA-GIANNI-PER-SITO.mp3?_=8\" \/><a href=\"https:\/\/www.radiopiu.net\/wordpress\/wp-content\/uploads\/2025\/03\/RASSEGNA-GIANNI-PER-SITO.mp3\">https:\/\/www.radiopiu.net\/wordpress\/wp-content\/uploads\/2025\/03\/RASSEGNA-GIANNI-PER-SITO.mp3<\/a><\/audio>\n<p>&nbsp;<\/p>\n<hr \/>\n<p>&nbsp;<\/p>\n<h2><span style=\"color: #993366;\">DUE MINUTI PER TE<\/span><\/h2>\n<p><strong><a class=\"dt-pswp-item\" href=\"https:\/\/www.radiopiu.net\/wordpress\/wp-content\/uploads\/2020\/12\/DON-GIORGIO-LISE.jpg\" data-dt-img-description=\"\" data-large_image_width=\"1600\" data-large_image_height=\"901\"><img loading=\"lazy\" decoding=\"async\" class=\" wp-image-177420 alignleft\" src=\"https:\/\/www.radiopiu.net\/wordpress\/wp-content\/uploads\/2020\/12\/DON-GIORGIO-LISE-300x169.jpg\" alt=\"\" width=\"185\" height=\"104\" srcset=\"https:\/\/www.radiopiu.net\/wordpress\/wp-content\/uploads\/2020\/12\/DON-GIORGIO-LISE-300x169.jpg 300w, https:\/\/www.radiopiu.net\/wordpress\/wp-content\/uploads\/2020\/12\/DON-GIORGIO-LISE-1024x577.jpg 1024w, https:\/\/www.radiopiu.net\/wordpress\/wp-content\/uploads\/2020\/12\/DON-GIORGIO-LISE-768x432.jpg 768w, https:\/\/www.radiopiu.net\/wordpress\/wp-content\/uploads\/2020\/12\/DON-GIORGIO-LISE-1536x865.jpg 1536w, https:\/\/www.radiopiu.net\/wordpress\/wp-content\/uploads\/2020\/12\/DON-GIORGIO-LISE.jpg 1600w\" sizes=\"auto, (max-width: 185px) 100vw, 185px\" \/><\/a>APPUNTAMENTO DELLA DOMENICA CON IL PENSIERO DI MONSIGNOR GIORGIO LISE<\/strong><\/p>\n<audio class=\"wp-audio-shortcode\" id=\"audio-438566-9\" preload=\"none\" style=\"width: 100%;\" controls=\"controls\"><source type=\"audio\/mpeg\" src=\"https:\/\/www.radiopiu.net\/wordpress\/wp-content\/uploads\/2025\/03\/DON-GIORGIO-1.mp3?_=9\" \/><a href=\"https:\/\/www.radiopiu.net\/wordpress\/wp-content\/uploads\/2025\/03\/DON-GIORGIO-1.mp3\">https:\/\/www.radiopiu.net\/wordpress\/wp-content\/uploads\/2025\/03\/DON-GIORGIO-1.mp3<\/a><\/audio>\n<p>&nbsp;<\/p>\n<hr \/>\n<p>&nbsp;<\/p>\n<blockquote class=\"wp-embedded-content\" data-secret=\"ZH7LpwM5S5\"><p><a href=\"https:\/\/www.radiopiu.net\/wordpress\/piu-siamo-con-marina-settimana-dal-03-al-07-marzo-2025\/\">PIU&#8217; SIAMO&#8230;CON MARINA &#8211; SETTIMANA DAL 03 AL 07 MARZO 2025<\/a><\/p><\/blockquote>\n<p><iframe loading=\"lazy\" class=\"wp-embedded-content\" sandbox=\"allow-scripts\" security=\"restricted\" style=\"position: absolute; visibility: hidden;\" title=\"&#8220;PIU&#8217; SIAMO&#8230;CON MARINA &#8211; SETTIMANA DAL 03 AL 07 MARZO 2025&#8221; &#8212; Radio Pi\u00f9\" src=\"https:\/\/www.radiopiu.net\/wordpress\/piu-siamo-con-marina-settimana-dal-03-al-07-marzo-2025\/embed\/#?secret=YNbBPSkhW8#?secret=ZH7LpwM5S5\" data-secret=\"ZH7LpwM5S5\" width=\"600\" height=\"338\" frameborder=\"0\" marginwidth=\"0\" marginheight=\"0\" scrolling=\"no\"><\/iframe><\/p>\n<p>&nbsp;<\/p>\n<hr \/>\n<p>&nbsp;<\/p>\n<blockquote class=\"wp-embedded-content\" data-secret=\"2clw0eE5T7\"><p><a href=\"https:\/\/www.radiopiu.net\/wordpress\/malga-calleda-e-duranstoria-di-un-monte-pascolivo-quarta-parte\/\">MALGA CALLEDA E DUR\u00c0N: STORIA DI UN \u201cMONTE PASCOLIVO\u201d &#8211; QUARTA PARTE<\/a><\/p><\/blockquote>\n<p><iframe loading=\"lazy\" class=\"wp-embedded-content\" sandbox=\"allow-scripts\" security=\"restricted\" style=\"position: absolute; visibility: hidden;\" title=\"&#8220;MALGA CALLEDA E DUR\u00c0N: STORIA DI UN \u201cMONTE PASCOLIVO\u201d &#8211; QUARTA PARTE&#8221; &#8212; Radio Pi\u00f9\" src=\"https:\/\/www.radiopiu.net\/wordpress\/malga-calleda-e-duranstoria-di-un-monte-pascolivo-quarta-parte\/embed\/#?secret=EHB9lGDKro#?secret=2clw0eE5T7\" data-secret=\"2clw0eE5T7\" width=\"600\" height=\"338\" frameborder=\"0\" marginwidth=\"0\" marginheight=\"0\" scrolling=\"no\"><\/iframe><\/p>\n<p>&nbsp;<\/p>\n<hr \/>\n<p>&nbsp;<\/p>\n<h2><span style=\"color: #ff0000;\"><a class=\"dt-pswp-item\" href=\"https:\/\/www.radiopiu.net\/wordpress\/wp-content\/uploads\/2018\/09\/appuntamenti.jpeg\" data-dt-img-description=\"\" data-large_image_width=\"800\" data-large_image_height=\"100\"><img loading=\"lazy\" decoding=\"async\" class=\"wp-image-61958 size-full aligncenter\" src=\"https:\/\/www.radiopiu.net\/wordpress\/wp-content\/uploads\/2018\/09\/appuntamenti.jpeg\" alt=\"\" width=\"800\" height=\"100\" srcset=\"https:\/\/www.radiopiu.net\/wordpress\/wp-content\/uploads\/2018\/09\/appuntamenti.jpeg 800w, https:\/\/www.radiopiu.net\/wordpress\/wp-content\/uploads\/2018\/09\/appuntamenti-300x38.jpeg 300w, https:\/\/www.radiopiu.net\/wordpress\/wp-content\/uploads\/2018\/09\/appuntamenti-768x96.jpeg 768w\" sizes=\"auto, (max-width: 800px) 100vw, 800px\" \/><\/a><\/span><\/h2>\n<h3 dir=\"auto\"><\/h3>\n<blockquote>\n<h3>MORGAN &amp; BATTAGLIA I RESIDENT DJ DEL SAVE THE DATE FESTIVAL<\/h3>\n<\/blockquote>\n<p><strong>FALCADE <\/strong>Il palco si accende, le casse vibrano e l\u2019atmosfera si infiamma: Morgan e Battaglia sono pronti a farvi ballare senza sosta! Con selezioni potenti e beat travolgenti, il duo porter\u00e0 un\u2019ondata di pura energia al Rifugio Laresei. Quattro ospiti speciali arricchiranno il festival, ma sar\u00e0 la loro console a tenere il cuore pulsante della serata. L\u2019unica regola? Lasciarsi andare al ritmo e vivere la musica senza freni. Preparati a un\u2019esperienza indimenticabile! L&#8217;appuntamento \u00e8 per il 29 marzo al Rifugio Laresei<\/p>\n\n\t\t\t<style type='text\/css'>\n\t\t\t\t#gallery-3 {\n\t\t\t\t\tmargin: auto;\n\t\t\t\t}\n\t\t\t\t#gallery-3 .gallery-item {\n\t\t\t\t\tfloat: left;\n\t\t\t\t\tmargin-top: 10px;\n\t\t\t\t\ttext-align: center;\n\t\t\t\t\twidth: 20%;\n\t\t\t\t}\n\t\t\t\t#gallery-3 img {\n\t\t\t\t\tborder: 2px solid #cfcfcf;\n\t\t\t\t}\n\t\t\t\t#gallery-3 .gallery-caption {\n\t\t\t\t\tmargin-left: 0;\n\t\t\t\t}\n\t\t\t\t\/* see gallery_shortcode() in wp-includes\/media.php *\/\n\t\t\t<\/style>\n\t\t<div id='gallery-3' class='dt-gallery-container gallery galleryid-438566 gallery-columns-5 gallery-size-medium'><dl class='gallery-item'>\n\t\t\t\t<dt class='gallery-icon portrait'>\n\t\t\t\t\t<a class=\"rollover rollover-zoom dt-pswp-item\" title=\"475351389_122191419572160269_4819090400106529375_n\" data-dt-img-description=\"\" data-large_image_width=\"1024\" data-large_image_height=\"1280\"href='https:\/\/www.radiopiu.net\/wordpress\/wp-content\/uploads\/2025\/02\/475351389_122191419572160269_4819090400106529375_n.jpg'><img loading=\"lazy\" decoding=\"async\" width=\"240\" height=\"300\" src=\"https:\/\/www.radiopiu.net\/wordpress\/wp-content\/uploads\/2025\/02\/475351389_122191419572160269_4819090400106529375_n-240x300.jpg\" class=\"attachment-medium size-medium\" alt=\"\" srcset=\"https:\/\/www.radiopiu.net\/wordpress\/wp-content\/uploads\/2025\/02\/475351389_122191419572160269_4819090400106529375_n-240x300.jpg 240w, https:\/\/www.radiopiu.net\/wordpress\/wp-content\/uploads\/2025\/02\/475351389_122191419572160269_4819090400106529375_n-819x1024.jpg 819w, https:\/\/www.radiopiu.net\/wordpress\/wp-content\/uploads\/2025\/02\/475351389_122191419572160269_4819090400106529375_n-768x960.jpg 768w, https:\/\/www.radiopiu.net\/wordpress\/wp-content\/uploads\/2025\/02\/475351389_122191419572160269_4819090400106529375_n.jpg 1024w\" sizes=\"auto, (max-width: 240px) 100vw, 240px\" \/><\/a>\n\t\t\t\t<\/dt><\/dl><dl class='gallery-item'>\n\t\t\t\t<dt class='gallery-icon portrait'>\n\t\t\t\t\t<a class=\"rollover rollover-zoom dt-pswp-item\" title=\"70222334-5cff-4d4b-9ab9-a2a79305f2f3\" data-dt-img-description=\"\" data-large_image_width=\"1024\" data-large_image_height=\"1280\"href='https:\/\/www.radiopiu.net\/wordpress\/wp-content\/uploads\/2025\/02\/70222334-5cff-4d4b-9ab9-a2a79305f2f3.jpg'><img loading=\"lazy\" decoding=\"async\" width=\"240\" height=\"300\" src=\"https:\/\/www.radiopiu.net\/wordpress\/wp-content\/uploads\/2025\/02\/70222334-5cff-4d4b-9ab9-a2a79305f2f3-240x300.jpg\" class=\"attachment-medium size-medium\" alt=\"\" srcset=\"https:\/\/www.radiopiu.net\/wordpress\/wp-content\/uploads\/2025\/02\/70222334-5cff-4d4b-9ab9-a2a79305f2f3-240x300.jpg 240w, https:\/\/www.radiopiu.net\/wordpress\/wp-content\/uploads\/2025\/02\/70222334-5cff-4d4b-9ab9-a2a79305f2f3-819x1024.jpg 819w, https:\/\/www.radiopiu.net\/wordpress\/wp-content\/uploads\/2025\/02\/70222334-5cff-4d4b-9ab9-a2a79305f2f3-768x960.jpg 768w, https:\/\/www.radiopiu.net\/wordpress\/wp-content\/uploads\/2025\/02\/70222334-5cff-4d4b-9ab9-a2a79305f2f3.jpg 1024w\" sizes=\"auto, (max-width: 240px) 100vw, 240px\" \/><\/a>\n\t\t\t\t<\/dt><\/dl><dl class='gallery-item'>\n\t\t\t\t<dt class='gallery-icon portrait'>\n\t\t\t\t\t<a class=\"rollover rollover-zoom dt-pswp-item\" title=\"480483463_122191800596160269_7748395789965067962_n\" data-dt-img-description=\"\" data-large_image_width=\"1024\" data-large_image_height=\"1280\"href='https:\/\/www.radiopiu.net\/wordpress\/wp-content\/uploads\/2025\/02\/480483463_122191800596160269_7748395789965067962_n.jpg'><img loading=\"lazy\" decoding=\"async\" width=\"240\" height=\"300\" src=\"https:\/\/www.radiopiu.net\/wordpress\/wp-content\/uploads\/2025\/02\/480483463_122191800596160269_7748395789965067962_n-240x300.jpg\" class=\"attachment-medium size-medium\" alt=\"\" srcset=\"https:\/\/www.radiopiu.net\/wordpress\/wp-content\/uploads\/2025\/02\/480483463_122191800596160269_7748395789965067962_n-240x300.jpg 240w, https:\/\/www.radiopiu.net\/wordpress\/wp-content\/uploads\/2025\/02\/480483463_122191800596160269_7748395789965067962_n-819x1024.jpg 819w, https:\/\/www.radiopiu.net\/wordpress\/wp-content\/uploads\/2025\/02\/480483463_122191800596160269_7748395789965067962_n-768x960.jpg 768w, https:\/\/www.radiopiu.net\/wordpress\/wp-content\/uploads\/2025\/02\/480483463_122191800596160269_7748395789965067962_n.jpg 1024w\" sizes=\"auto, (max-width: 240px) 100vw, 240px\" \/><\/a>\n\t\t\t\t<\/dt><\/dl><dl class='gallery-item'>\n\t\t\t\t<dt class='gallery-icon portrait'>\n\t\t\t\t\t<a class=\"rollover rollover-zoom dt-pswp-item\" title=\"480755395_122191974356160269_922264644982884143_n\" data-dt-img-description=\"\" data-large_image_width=\"1024\" data-large_image_height=\"1280\"href='https:\/\/www.radiopiu.net\/wordpress\/wp-content\/uploads\/2025\/02\/480755395_122191974356160269_922264644982884143_n.jpg'><img loading=\"lazy\" decoding=\"async\" width=\"240\" height=\"300\" src=\"https:\/\/www.radiopiu.net\/wordpress\/wp-content\/uploads\/2025\/02\/480755395_122191974356160269_922264644982884143_n-240x300.jpg\" class=\"attachment-medium size-medium\" alt=\"\" srcset=\"https:\/\/www.radiopiu.net\/wordpress\/wp-content\/uploads\/2025\/02\/480755395_122191974356160269_922264644982884143_n-240x300.jpg 240w, https:\/\/www.radiopiu.net\/wordpress\/wp-content\/uploads\/2025\/02\/480755395_122191974356160269_922264644982884143_n-819x1024.jpg 819w, https:\/\/www.radiopiu.net\/wordpress\/wp-content\/uploads\/2025\/02\/480755395_122191974356160269_922264644982884143_n-768x960.jpg 768w, https:\/\/www.radiopiu.net\/wordpress\/wp-content\/uploads\/2025\/02\/480755395_122191974356160269_922264644982884143_n.jpg 1024w\" sizes=\"auto, (max-width: 240px) 100vw, 240px\" \/><\/a>\n\t\t\t\t<\/dt><\/dl><dl class='gallery-item'>\n\t\t\t\t<dt class='gallery-icon portrait'>\n\t\t\t\t\t<a class=\"rollover rollover-zoom dt-pswp-item\" title=\"480946206_122192204450160269_174180551336592227_n\" data-dt-img-description=\"\" data-large_image_width=\"512\" data-large_image_height=\"640\"href='https:\/\/www.radiopiu.net\/wordpress\/wp-content\/uploads\/2025\/02\/480946206_122192204450160269_174180551336592227_n.jpg'><img loading=\"lazy\" decoding=\"async\" width=\"240\" height=\"300\" src=\"https:\/\/www.radiopiu.net\/wordpress\/wp-content\/uploads\/2025\/02\/480946206_122192204450160269_174180551336592227_n-240x300.jpg\" class=\"attachment-medium size-medium\" alt=\"\" srcset=\"https:\/\/www.radiopiu.net\/wordpress\/wp-content\/uploads\/2025\/02\/480946206_122192204450160269_174180551336592227_n-240x300.jpg 240w, https:\/\/www.radiopiu.net\/wordpress\/wp-content\/uploads\/2025\/02\/480946206_122192204450160269_174180551336592227_n.jpg 512w\" sizes=\"auto, (max-width: 240px) 100vw, 240px\" \/><\/a>\n\t\t\t\t<\/dt><\/dl><br style=\"clear: both\" \/>\n\t\t\t<\/div>\n\n<p>&nbsp;<\/p>\n<div>\n<div class=\"\" dir=\"auto\">\n<div id=\":r9h:\" class=\"x1iorvi4 x1pi30zi x1l90r2v x1swvt13\" data-ad-comet-preview=\"message\" data-ad-preview=\"message\">\n<div>\n<div class=\"\" dir=\"auto\">\n<div id=\":r9h:\" class=\"x1iorvi4 x1pi30zi x1l90r2v x1swvt13\" data-ad-comet-preview=\"message\" data-ad-preview=\"message\">\n<div>\n<div class=\"\" dir=\"auto\">\n<div id=\":r9h:\" class=\"x1iorvi4 x1pi30zi x1l90r2v x1swvt13\" data-ad-comet-preview=\"message\" data-ad-preview=\"message\">\n<div>\n<div class=\"\" dir=\"auto\">\n<div id=\":r9h:\" class=\"x1iorvi4 x1pi30zi x1l90r2v x1swvt13\" data-ad-comet-preview=\"message\" data-ad-preview=\"message\">\n<div>\n<div class=\"\" dir=\"auto\">\n<div id=\":r9h:\" class=\"x1iorvi4 x1pi30zi x1l90r2v x1swvt13\" data-ad-comet-preview=\"message\" data-ad-preview=\"message\">\n<div>\n<div class=\"\" dir=\"auto\">\n<div id=\":r9h:\" class=\"x1iorvi4 x1pi30zi x1l90r2v x1swvt13\" data-ad-comet-preview=\"message\" data-ad-preview=\"message\">\n<div class=\"xdj266r x11i5rnm xat24cr x1mh8g0r x1vvkbs x126k92a\">\n<div dir=\"auto\"><\/div>\n<\/div>\n<div>\n<div class=\"\" dir=\"auto\">\n<div id=\":r9h:\" class=\"x1iorvi4 x1pi30zi x1l90r2v x1swvt13\" data-ad-comet-preview=\"message\" data-ad-preview=\"message\">\n<div>\n<div class=\"\" dir=\"auto\">\n<div id=\":r9h:\" class=\"x1iorvi4 x1pi30zi x1l90r2v x1swvt13\" data-ad-comet-preview=\"message\" data-ad-preview=\"message\">\n\n\t\t\t<style type='text\/css'>\n\t\t\t\t#gallery-4 {\n\t\t\t\t\tmargin: auto;\n\t\t\t\t}\n\t\t\t\t#gallery-4 .gallery-item {\n\t\t\t\t\tfloat: left;\n\t\t\t\t\tmargin-top: 10px;\n\t\t\t\t\ttext-align: center;\n\t\t\t\t\twidth: 20%;\n\t\t\t\t}\n\t\t\t\t#gallery-4 img {\n\t\t\t\t\tborder: 2px solid #cfcfcf;\n\t\t\t\t}\n\t\t\t\t#gallery-4 .gallery-caption {\n\t\t\t\t\tmargin-left: 0;\n\t\t\t\t}\n\t\t\t\t\/* see gallery_shortcode() in wp-includes\/media.php *\/\n\t\t\t<\/style>\n\t\t<div id='gallery-4' class='dt-gallery-container gallery galleryid-438566 gallery-columns-5 gallery-size-thumbnail'><dl class='gallery-item'>\n\t\t\t\t<dt class='gallery-icon portrait'>\n\t\t\t\t\t<a class=\"rollover rollover-zoom dt-pswp-item\" title=\"dad1d0d2-12e8-494a-9390-929e17ce5985\" data-dt-img-description=\"\" data-large_image_width=\"900\" data-large_image_height=\"1600\"href='https:\/\/www.radiopiu.net\/wordpress\/wp-content\/uploads\/2025\/01\/dad1d0d2-12e8-494a-9390-929e17ce5985.jpg'><img loading=\"lazy\" decoding=\"async\" width=\"150\" height=\"150\" src=\"https:\/\/www.radiopiu.net\/wordpress\/wp-content\/uploads\/2025\/01\/dad1d0d2-12e8-494a-9390-929e17ce5985-150x150.jpg\" class=\"attachment-thumbnail size-thumbnail\" alt=\"\" \/><\/a>\n\t\t\t\t<\/dt><\/dl><dl class='gallery-item'>\n\t\t\t\t<dt class='gallery-icon portrait'>\n\t\t\t\t\t<a class=\"rollover rollover-zoom dt-pswp-item\" title=\"Marzo (1)\" data-dt-img-description=\"\" data-large_image_width=\"841\" data-large_image_height=\"1190\"href='https:\/\/www.radiopiu.net\/wordpress\/wp-content\/uploads\/2025\/02\/Marzo-1.jpg'><img loading=\"lazy\" decoding=\"async\" width=\"150\" height=\"150\" src=\"https:\/\/www.radiopiu.net\/wordpress\/wp-content\/uploads\/2025\/02\/Marzo-1-150x150.jpg\" class=\"attachment-thumbnail size-thumbnail\" alt=\"\" \/><\/a>\n\t\t\t\t<\/dt><\/dl><dl class='gallery-item'>\n\t\t\t\t<dt class='gallery-icon portrait'>\n\t\t\t\t\t<a class=\"rollover rollover-zoom dt-pswp-item\" title=\"Senza nome\" data-dt-img-description=\"\" data-large_image_width=\"569\" data-large_image_height=\"801\"href='https:\/\/www.radiopiu.net\/wordpress\/wp-content\/uploads\/2025\/02\/Senza-nome-23.png'><img loading=\"lazy\" decoding=\"async\" width=\"150\" height=\"150\" src=\"https:\/\/www.radiopiu.net\/wordpress\/wp-content\/uploads\/2025\/02\/Senza-nome-23-150x150.png\" class=\"attachment-thumbnail size-thumbnail\" alt=\"\" \/><\/a>\n\t\t\t\t<\/dt><\/dl><dl class='gallery-item'>\n\t\t\t\t<dt class='gallery-icon portrait'>\n\t\t\t\t\t<a class=\"rollover rollover-zoom dt-pswp-item\" title=\"ba76e127-707c-4a8a-a6ac-6ab71e879690\" data-dt-img-description=\"\" data-large_image_width=\"500\" data-large_image_height=\"696\"href='https:\/\/www.radiopiu.net\/wordpress\/wp-content\/uploads\/2025\/03\/ba76e127-707c-4a8a-a6ac-6ab71e879690.jpg'><img loading=\"lazy\" decoding=\"async\" width=\"150\" height=\"150\" src=\"https:\/\/www.radiopiu.net\/wordpress\/wp-content\/uploads\/2025\/03\/ba76e127-707c-4a8a-a6ac-6ab71e879690-150x150.jpg\" class=\"attachment-thumbnail size-thumbnail\" alt=\"\" aria-describedby=\"gallery-4-437826\" \/><\/a>\n\t\t\t\t<\/dt>\n\t\t\t\t\t<dd class='wp-caption-text gallery-caption' id='gallery-4-437826'>\n\t\t\t\t\tPOSTICIPATO AL 6 APRILE\n\t\t\t\t\t<\/dd><\/dl><dl class='gallery-item'>\n\t\t\t\t<dt class='gallery-icon portrait'>\n\t\t\t\t\t<a class=\"rollover rollover-zoom dt-pswp-item\" title=\"86913bf1-cfa4-493b-8e26-1aa10ea03f0b\" data-dt-img-description=\"\" data-large_image_width=\"1638\" data-large_image_height=\"2048\"href='https:\/\/www.radiopiu.net\/wordpress\/wp-content\/uploads\/2025\/03\/86913bf1-cfa4-493b-8e26-1aa10ea03f0b.jpg'><img loading=\"lazy\" decoding=\"async\" width=\"150\" height=\"150\" src=\"https:\/\/www.radiopiu.net\/wordpress\/wp-content\/uploads\/2025\/03\/86913bf1-cfa4-493b-8e26-1aa10ea03f0b-150x150.jpg\" class=\"attachment-thumbnail size-thumbnail\" alt=\"\" \/><\/a>\n\t\t\t\t<\/dt><\/dl><br style=\"clear: both\" \/>\n\t\t\t<\/div>\n\n<p>&nbsp;<\/p>\n<p>&nbsp;<\/p>\n<\/div>\n<\/div>\n<\/div>\n<\/div>\n<\/div>\n<\/div>\n<\/div>\n<\/div>\n<\/div>\n<\/div>\n<\/div>\n<\/div>\n<p>&nbsp;<\/p>\n<\/div>\n<\/div>\n<\/div>\n<\/div>\n<\/div>\n<\/div>\n<\/div>\n<\/div>\n<\/div>\n<\/div>\n<\/div>\n<\/div>\n<hr \/>\n<p>&nbsp;<\/p>\n<p class=\"mceTemp\"><a class=\"dt-pswp-item\" href=\"https:\/\/www.radiopiu.net\/wordpress\/wp-content\/uploads\/2018\/09\/WhatsApp-Image-2018-09-20-at-16.04.06.jpeg\" data-dt-img-description=\"\" data-large_image_width=\"800\" data-large_image_height=\"100\"><img loading=\"lazy\" decoding=\"async\" class=\"wp-image-61378 size-full aligncenter\" src=\"https:\/\/www.radiopiu.net\/wordpress\/wp-content\/uploads\/2018\/09\/WhatsApp-Image-2018-09-20-at-16.04.06.jpeg\" alt=\"\" width=\"800\" height=\"100\" srcset=\"https:\/\/www.radiopiu.net\/wordpress\/wp-content\/uploads\/2018\/09\/WhatsApp-Image-2018-09-20-at-16.04.06.jpeg 800w, https:\/\/www.radiopiu.net\/wordpress\/wp-content\/uploads\/2018\/09\/WhatsApp-Image-2018-09-20-at-16.04.06-300x38.jpeg 300w, https:\/\/www.radiopiu.net\/wordpress\/wp-content\/uploads\/2018\/09\/WhatsApp-Image-2018-09-20-at-16.04.06-768x96.jpeg 768w\" sizes=\"auto, (max-width: 800px) 100vw, 800px\" \/><\/a><\/p>\n<p><center><\/center><center><\/center>&nbsp;<\/p>\n<p><center><b>OGGI<\/b><\/center>Fase di moderato maltempo tra la notte e il mattino con cielo coperto e precipitazioni diffuse. Al pomeriggio esaurimento dei fenomeni e attenuazione della nuvolosit\u00e0 con riaffacciarsi di qualche schiarita.<br \/>\n<b>Precipitazioni: <\/b>Probabilit\u00e0 molto alta di precipitazioni diffuse, a tratti di moderata intensit\u00e0, nevose oltre i 1300-1500 m sulle Dolomiti, localmente pi\u00f9 in basso in alcune valli chiuse, e 1500-1700 m sulle Prealpi nottetempo, prima di rialzarsi nel corso della mattinata. Esaurimento dei fenomeni, gi\u00e0 nel pomeriggio.<br \/>\n<b>Temperature: <\/b>Minime in aumento nelle valli e pressoch\u00e9 stazionarie in quota, massime in ulteriore lieve diminuzione.<\/p>\n<hr \/>\n<p><center><b>DOMANI<\/b><\/center>Cielo in prevalenza nuvoloso, anche se con qualche schiarita, pi\u00f9 probabile ed ampia sulle Dolomiti al mattino. Poi intensificazione della copertura nuvolosa con graduale nuovo peggioramento, gi\u00e0 al pomeriggio sulle Prealpi e a fine giornata sulle Dolomiti.<br \/>\n<b>Precipitazioni: <\/b>Al mattino pressoch\u00e9 assenti, salvo qualche pioviggina sulle Prealpi con qualche fiocco sopra i 1500 m. Al pomeriggio maggiore probabilit\u00e0 di deboli fenomeni intermittenti, prima di nuove precipitazioni serali, nevose oltre i 1400-1600 m. Gli apporti saranno modesti.<br \/>\n<b>Temperature: <\/b>Senza notevoli variazioni rispetto a luned\u00ec, salvo qualche rialzo delle massime per minore perturbabilit\u00e0.<\/p>\n<hr \/>\n<p><center><b>MERCOLEDI<\/b><\/center>Nuova fase perturbata con cielo coperto e diffuse precipitazioni di debole, a tratti moderata intensit\u00e0. Il limite neve tender\u00e0 ad abbassarsi leggermente risultando spesso attorno ai 1300-1500 m, anche leggermente pi\u00f9 in basso in alcune valli dolomitiche nottetempo. Temperature in ulteriore leggera flessione rispetto a marted\u00ec, sia le minime che le massime.<\/p>\n<hr \/>\n<p><center><b>GIOVEDI<\/b><\/center>Cielo molto nuvoloso o coperto tutto il giorno e dopo un breve intervallo di variabilit\u00e0 al mattino, con il passare delle ore intensificazione della nuvolosit\u00e0, mentre il tempo torner\u00e0 a peggiorare fino a risultare perturbato alla sera con piogge diffuse e neve a 1200-1400 m. Temperature senza notevoli variazioni o in leggerissima flessione rispetto a mercoled\u00ec, sia le minime che le massime<\/p>\n<p>&nbsp;<\/p>\n<hr \/>\n<p>&nbsp;<\/p>\n<p class=\"mceTemp\"><a class=\"dt-pswp-item\" href=\"https:\/\/www.radiopiu.net\/wordpress\/wp-content\/uploads\/2018\/09\/sport.jpg\" data-dt-img-description=\"\" data-large_image_width=\"800\" data-large_image_height=\"100\"><img loading=\"lazy\" decoding=\"async\" class=\"aligncenter wp-image-60761 size-full\" src=\"https:\/\/www.radiopiu.net\/wordpress\/wp-content\/uploads\/2018\/09\/sport.jpg\" alt=\"\" width=\"800\" height=\"100\" srcset=\"https:\/\/www.radiopiu.net\/wordpress\/wp-content\/uploads\/2018\/09\/sport.jpg 800w, https:\/\/www.radiopiu.net\/wordpress\/wp-content\/uploads\/2018\/09\/sport-300x38.jpg 300w, https:\/\/www.radiopiu.net\/wordpress\/wp-content\/uploads\/2018\/09\/sport-768x96.jpg 768w\" sizes=\"auto, (max-width: 800px) 100vw, 800px\" \/> <\/a><\/p>\n<p class=\"mceTemp\"><span style=\"color: #0000ff;\"><strong>\u00a0 \u00a0 \u00a0 \u00a0<\/strong><\/span><\/p>\n<p><span style=\"color: #0000ff;\"><strong>CALCIO<\/strong><\/span><\/p>\n<blockquote>\n<h3>TERZA VITTORIA CONSECUTIVA PER L&#8217;AGORDINA. FINE SETTIMANA DA ALTI E BASSI PER IL SETTORE GIOVANILE<\/h3>\n<\/blockquote>\n<p><strong><a class=\"dt-pswp-item\" href=\"https:\/\/www.radiopiu.net\/wordpress\/wp-content\/uploads\/2021\/11\/CALCIO-2021.jpg\" data-dt-img-description=\"\" data-large_image_width=\"2560\" data-large_image_height=\"1707\"><img loading=\"lazy\" decoding=\"async\" class=\" wp-image-242798 alignleft\" src=\"https:\/\/www.radiopiu.net\/wordpress\/wp-content\/uploads\/2021\/11\/CALCIO-2021-300x200.jpg\" alt=\"\" width=\"196\" height=\"130\" srcset=\"https:\/\/www.radiopiu.net\/wordpress\/wp-content\/uploads\/2021\/11\/CALCIO-2021-300x200.jpg 300w, https:\/\/www.radiopiu.net\/wordpress\/wp-content\/uploads\/2021\/11\/CALCIO-2021-1024x683.jpg 1024w, https:\/\/www.radiopiu.net\/wordpress\/wp-content\/uploads\/2021\/11\/CALCIO-2021-768x512.jpg 768w, https:\/\/www.radiopiu.net\/wordpress\/wp-content\/uploads\/2021\/11\/CALCIO-2021-1536x1024.jpg 1536w, https:\/\/www.radiopiu.net\/wordpress\/wp-content\/uploads\/2021\/11\/CALCIO-2021-2048x1366.jpg 2048w\" sizes=\"auto, (max-width: 196px) 100vw, 196px\" \/><\/a>DI MARCO GAZ<\/strong><\/p>\n<p><span style=\"color: #ff0000;\"><strong>TERZA CATEGORIA<\/strong><\/span><\/p>\n<p><strong>CADORE \u2013 AGORDINA 0-3<\/strong><\/p>\n<p><strong>GOL AGORDINA: Sibillon, Selle, Pellegrini<\/strong><\/p>\n<p>L\u2019Agordina di Davare torna dalla trasferta in terra cadorina con tre punti in tasca. Bella prestazione dei giovani di Agordo che hanno dominato contro il Cadore. Terza vittoria consecutiva per gli agordini che ora si trovano a soli due punti dalla zona playoff. Parte bene la squadra di Agordo che va vicina al gol in pi\u00f9 occasioni. A sbloccare la partita ci pensa Selle e sia va al riposo su l\u20191 a 0. Nel secondo tempo gli agordini continuano a spingere e Selle mette la firma alla doppietta personale. A chiudere definitivamente la gara ci pensa Pellegrini. Tre a zero dopo una sfida che ha visto in campo una sola squadra, l\u2019Agordina.<\/p>\n<p><strong>LA CLASSIFICA:<\/strong> Auronzo 40, Fortogna e Alpes Cesio 36, Fulgor Farra 32, Lamonese e Agordina 30, Tambre 28, Dynamo Vellai 27, Piave 26, Valzoldana 22, Cortina 15, Bellunese 9, Cadore 6, Valboite 1<\/p>\n<p><strong>GIOVANILI AGORDINA<\/strong><\/p>\n<p><span style=\"color: #ff0000;\"><strong>JUNIORES<\/strong><\/span><\/p>\n<p><strong>PEDAVENA \u2013 AGORDINA 1-1<\/strong><\/p>\n<p>Finisce in parit\u00e0 la sfida di met\u00e1 classifica a Pedavena. Dopo un primo tempo chiuso sullo 0-0 la ripresa inizia male per l&#8217;Agordina che subisce l&#8217;1-0 su calcio di rigore e rimane in inferiorit\u00e0 numerica. Un gran gol da fuori di Benvegn\u00fa ristabilisce per\u00f3 la parit\u00e0 che dura fino al termine dell&#8217;incontro.<\/p>\n<p><span style=\"color: #ff0000;\"><strong>ALLIEVI<\/strong><\/span><\/p>\n<p><strong>DOMEGGE &#8211; AGORDINA 1-6<\/strong><\/p>\n<p>L\u2019Agordina domina a Domegge, vincendo con autorit\u00e0. Il primo tempo si chiude sullo 0-4 con gol di Leonardo Favero, Daniel Mezzacasa e una doppietta di Manuel Soccol. Dopo un primo tempo combattuto, gli ospiti allungano al 46\u2019 con Tommaso Serafini. Con un ampio vantaggio, l\u2019Agordina gestisce la gara e chiude sul definitivo 1-6, grazie a un altro gol di Manuel Soccol.<\/p>\n<p><span style=\"color: #ff0000;\"><strong>GIOVANISSIMI<\/strong><\/span><\/p>\n<p><span style=\"color: #ff0000;\"><strong>GIRONE A<\/strong><\/span><\/p>\n<p><strong>AGORDINA SQ. A \u2013 SAN VITTORE 9-0<\/strong><\/p>\n<p>L&#8217;Agordo vince con autorit\u00e0 grazie a ritmo e qualit\u00e0 di gioco. Dopo 5 minuti Dherek Dell&#8217;Osbel sblocca il match con un tiro preciso dal limite. Justine Manfroi segna una doppietta tra il 7\u00b0 e il 10\u00b0, prima con un tiro al volo, poi con un tocco d\u2019astuzia. Al 17\u00b0 Simone Andrich realizza un gol direttamente da calcio d&#8217;angolo, seguito da Rudatis che chiude il primo tempo con un gran tiro all\u2019incrocio. Nella ripresa, Dell&#8217;Osbel firma il 6-0 su lancio di Andrich. Dopo il 7-0, l&#8217;Agordina spreca alcune occasioni, ma Axel Minotto segna su rigore al 27\u00b0 e Noah Fusina chiude i conti su mischia.<\/p>\n<p><span style=\"color: #ff0000;\"><strong>GIRONE B<\/strong><\/span><\/p>\n<p><strong>AGORDINA SQ. B \u2013 SOIS 0-9<\/strong><\/p>\n<p>Il Sois va valere gioco e superiorit\u00e0 fisica e\u00a0 l&#8217;Agordina \u00e8 costretta a subire per lunghi tratti. Il passivo purtroppo \u00e8\u00a0 pesante. Solo nel finale i ragazzi di Agordo riescono a costruire alcune occasioni, purtroppo non sfruttate.<\/p>\n<p>&nbsp;<\/p>\n<blockquote>\n<h1>ADA trionfa a &#8220;Obiettivo Talento in Danza&#8221;: premi e borse di studio per il gruppo di Vanessa Lagan\u00e0<\/h1>\n<\/blockquote>\n<p>&nbsp;<\/p>\n<p data-start=\"159\" data-end=\"458\"><a class=\"dt-pswp-item\" href=\"https:\/\/www.radiopiu.net\/wordpress\/wp-content\/uploads\/2025\/03\/67d8f8cd-aa94-446d-84b9-5cd8a4bc2977-1.jpg\" data-dt-img-description=\"\" data-large_image_width=\"1200\" data-large_image_height=\"1600\"><img loading=\"lazy\" decoding=\"async\" class=\"size-medium wp-image-438838 alignleft\" src=\"https:\/\/www.radiopiu.net\/wordpress\/wp-content\/uploads\/2025\/03\/67d8f8cd-aa94-446d-84b9-5cd8a4bc2977-1-225x300.jpg\" alt=\"\" width=\"225\" height=\"300\" srcset=\"https:\/\/www.radiopiu.net\/wordpress\/wp-content\/uploads\/2025\/03\/67d8f8cd-aa94-446d-84b9-5cd8a4bc2977-1-225x300.jpg 225w, https:\/\/www.radiopiu.net\/wordpress\/wp-content\/uploads\/2025\/03\/67d8f8cd-aa94-446d-84b9-5cd8a4bc2977-1-768x1024.jpg 768w, https:\/\/www.radiopiu.net\/wordpress\/wp-content\/uploads\/2025\/03\/67d8f8cd-aa94-446d-84b9-5cd8a4bc2977-1-1152x1536.jpg 1152w, https:\/\/www.radiopiu.net\/wordpress\/wp-content\/uploads\/2025\/03\/67d8f8cd-aa94-446d-84b9-5cd8a4bc2977-1.jpg 1200w\" sizes=\"auto, (max-width: 225px) 100vw, 225px\" \/><\/a>Grande successo per il gruppo di punta di ADA al concorso <strong data-start=\"217\" data-end=\"249\">&#8220;Obiettivo Talento in Danza&#8221;<\/strong>, che si \u00e8 svolto a <strong data-start=\"274\" data-end=\"302\">Campolongo Maggiore (VE)<\/strong>. I talentuosi ballerini, guidati dalla coreografa <strong data-start=\"353\" data-end=\"371\">Vanessa Lagan\u00e0<\/strong>, hanno conquistato numerosi riconoscimenti in una competizione di altissimo livello. Tra i risultati pi\u00f9 prestigiosi: <strong data-start=\"497\" data-end=\"509\">2\u00b0 posto<\/strong> per il duo contemporaneo <strong data-start=\"535\" data-end=\"572\">Aurora Dona e Margherita Garzotto<\/strong>, con l\u2019assegnazione di <strong data-start=\"596\" data-end=\"619\">due borse di studio<\/strong>. <strong data-start=\"625\" data-end=\"637\">3\u00b0 posto<\/strong> per il duo contemporaneo <strong data-start=\"663\" data-end=\"701\">Arianna Cassisi e Angelica Cassisi<\/strong>. <strong data-start=\"707\" data-end=\"719\">2\u00b0 posto<\/strong> per il gruppo contemporaneo, che ha ottenuto <strong data-start=\"765\" data-end=\"788\">tre borse di studio<\/strong> e il prestigioso <strong data-start=\"806\" data-end=\"838\">Priority Pass per Barcellona<\/strong>. Premio per <strong data-start=\"855\" data-end=\"893\">Miglior Coreografia della Giornata<\/strong>, assegnato allo spettacolo <strong data-start=\"921\" data-end=\"953\">&#8220;Passato. Presente. Futuro.&#8221;<\/strong>. Oltre ai successi degli allievi, il concorso ha riconosciuto anche il grande lavoro della coreografa <strong data-start=\"1059\" data-end=\"1077\">Vanessa Lagan\u00e0<\/strong>, premiata come <strong data-start=\"1093\" data-end=\"1130\">Miglior Coreografa della Giornata<\/strong> e insignita di una <strong data-start=\"1150\" data-end=\"1181\">borsa di studio da 300 euro<\/strong>. Il gruppo vincente era composto da: <strong data-start=\"1224\" data-end=\"1369\">Angelica Cassisi, Arianna Cassisi, Aurora Dona, Martina Ganz, Margherita Garzotto, Michela Valt, Silvia Xaiz, Jacopo Mottes e Vanessa Lagan\u00e0. <\/strong>Un risultato eccezionale che conferma la qualit\u00e0 e il talento della scuola di danza ADA, capace di distinguersi in un concorso di alto livello e di portare a casa numerosi riconoscimenti. <strong data-start=\"1564\" data-end=\"1653\">Complimenti a tutti i ballerini e alla coreografa per questo straordinario traguardo!<\/strong><\/p>\n<p>__<\/p>\n<p>&nbsp;<\/p>\n<div class=\"page-title-head hgroup\">\n<h1 class=\"entry-title\">Grande spettacolo alla Dolomiti ICE Cup: brillano gli atleti della Fascia Bronze<\/h1>\n<\/div>\n<div class=\"page-title-breadcrumbs\">\n<p data-start=\"92\" data-end=\"356\">Sabato 8 marzo, il <strong data-start=\"111\" data-end=\"144\">Palaghiaccio di Tai di Cadore<\/strong> ha ospitato la <strong data-start=\"160\" data-end=\"180\">Dolomiti ICE Cup<\/strong>, competizione di pattinaggio artistico che ha visto protagonisti gli atleti della <strong data-start=\"263\" data-end=\"280\">Fascia Bronze<\/strong>. Una giornata ricca di emozioni e successi per i giovani talenti in gara. Nella categoria <strong data-start=\"374\" data-end=\"392\">Interpretativo<\/strong>, <strong data-start=\"394\" data-end=\"413\">Paola Galligani<\/strong> e <strong data-start=\"416\" data-end=\"432\">Irene De Pra<\/strong> hanno conquistato rispettivamente il <strong data-start=\"470\" data-end=\"479\">primo<\/strong> e il <strong data-start=\"485\" data-end=\"502\">secondo posto<\/strong>, dimostrando grande abilit\u00e0 e intensit\u00e0 espressiva. Altri risultati di spicco: <strong data-start=\"589\" data-end=\"610\">Stephanie Tibolla<\/strong> ha ottenuto il <strong data-start=\"626\" data-end=\"643\">secondo posto<\/strong> nella categoria <strong data-start=\"660\" data-end=\"672\">Novice B<\/strong>. <strong data-start=\"678\" data-end=\"694\">Giulia Rossi<\/strong> si \u00e8 classificata <strong data-start=\"713\" data-end=\"722\">terza<\/strong> tra gli <strong data-start=\"731\" data-end=\"747\">Esordienti B<\/strong>. <strong data-start=\"753\" data-end=\"771\">Anita Serafini<\/strong> ha conquistato il <strong data-start=\"790\" data-end=\"805\">terzo posto<\/strong> nella categoria <strong data-start=\"822\" data-end=\"833\">Cadetti<\/strong>. Di seguito gli altri piazzamenti: <strong data-start=\"876\" data-end=\"902\">Categoria Esordienti A<\/strong>: <strong data-start=\"904\" data-end=\"919\">Sofia Petri<\/strong> (7\u00aa), <strong data-start=\"926\" data-end=\"947\">Marianna Veggiato<\/strong> (10\u00aa). <strong data-start=\"959\" data-end=\"985\">Categoria Esordienti B<\/strong>: <strong data-start=\"987\" data-end=\"1009\">Vanessa Casagrande<\/strong> (8\u00aa a pari merito). <strong data-start=\"1034\" data-end=\"1054\">Categoria Junior<\/strong>: <strong data-start=\"1056\" data-end=\"1073\">Gaia Serafini<\/strong> (5\u00aa a pari merito). <strong data-start=\"1098\" data-end=\"1125\">Categoria Pulcini Rossi<\/strong>: <strong data-start=\"1127\" data-end=\"1164\">Cristel Pollazzon, Giorgia De Dea<\/strong>. <strong data-start=\"1170\" data-end=\"1197\">Categoria Pulcini Verdi<\/strong>: <strong data-start=\"1199\" data-end=\"1219\">Lucrezia Appamea<\/strong>. <strong data-start=\"1225\" data-end=\"1253\">Categoria Pulcini Gialli<\/strong>: <strong data-start=\"1255\" data-end=\"1300\">Jasmine Pinie, Ellis Lepre, Livia Appamea<\/strong>. Un plauso speciale va ai pi\u00f9 piccoli, che gara dopo gara continuano a migliorarsi e a distinguersi per impegno e determinazione. La <strong data-start=\"1440\" data-end=\"1460\">Dolomiti ICE Cup<\/strong> si conferma un\u2019importante vetrina per i giovani pattinatori, regalando emozioni e spettacolo sul ghiaccio. Complimenti a tutti gli atleti!<\/p>\n\n\t\t\t<style type='text\/css'>\n\t\t\t\t#gallery-5 {\n\t\t\t\t\tmargin: auto;\n\t\t\t\t}\n\t\t\t\t#gallery-5 .gallery-item {\n\t\t\t\t\tfloat: left;\n\t\t\t\t\tmargin-top: 10px;\n\t\t\t\t\ttext-align: center;\n\t\t\t\t\twidth: 16%;\n\t\t\t\t}\n\t\t\t\t#gallery-5 img {\n\t\t\t\t\tborder: 2px solid #cfcfcf;\n\t\t\t\t}\n\t\t\t\t#gallery-5 .gallery-caption {\n\t\t\t\t\tmargin-left: 0;\n\t\t\t\t}\n\t\t\t\t\/* see gallery_shortcode() in wp-includes\/media.php *\/\n\t\t\t<\/style>\n\t\t<div id='gallery-5' class='dt-gallery-container gallery galleryid-438566 gallery-columns-6 gallery-size-thumbnail'><dl class='gallery-item'>\n\t\t\t\t<dt class='gallery-icon portrait'>\n\t\t\t\t\t<a class=\"rollover rollover-zoom dt-pswp-item\" title=\"482018155_1142723864313781_8475507445316605328_n\" data-dt-img-description=\"\" data-large_image_width=\"1536\" data-large_image_height=\"2048\"href='https:\/\/www.radiopiu.net\/wordpress\/wp-content\/uploads\/2025\/03\/482018155_1142723864313781_8475507445316605328_n.jpg'><img loading=\"lazy\" decoding=\"async\" width=\"150\" height=\"150\" src=\"https:\/\/www.radiopiu.net\/wordpress\/wp-content\/uploads\/2025\/03\/482018155_1142723864313781_8475507445316605328_n-150x150.jpg\" class=\"attachment-thumbnail size-thumbnail\" alt=\"\" \/><\/a>\n\t\t\t\t<\/dt><\/dl><dl class='gallery-item'>\n\t\t\t\t<dt class='gallery-icon portrait'>\n\t\t\t\t\t<a class=\"rollover rollover-zoom dt-pswp-item\" title=\"482225995_1142723780980456_2755641140171335133_n\" data-dt-img-description=\"\" data-large_image_width=\"1536\" data-large_image_height=\"2048\"href='https:\/\/www.radiopiu.net\/wordpress\/wp-content\/uploads\/2025\/03\/482225995_1142723780980456_2755641140171335133_n.jpg'><img loading=\"lazy\" decoding=\"async\" width=\"150\" height=\"150\" src=\"https:\/\/www.radiopiu.net\/wordpress\/wp-content\/uploads\/2025\/03\/482225995_1142723780980456_2755641140171335133_n-150x150.jpg\" class=\"attachment-thumbnail size-thumbnail\" alt=\"\" \/><\/a>\n\t\t\t\t<\/dt><\/dl><dl class='gallery-item'>\n\t\t\t\t<dt class='gallery-icon portrait'>\n\t\t\t\t\t<a class=\"rollover rollover-zoom dt-pswp-item\" title=\"downDload (2)\" data-dt-img-description=\"\" data-large_image_width=\"720\" data-large_image_height=\"1357\"href='https:\/\/www.radiopiu.net\/wordpress\/wp-content\/uploads\/2025\/03\/downDload-2.jpg'><img loading=\"lazy\" decoding=\"async\" width=\"150\" height=\"150\" src=\"https:\/\/www.radiopiu.net\/wordpress\/wp-content\/uploads\/2025\/03\/downDload-2-150x150.jpg\" class=\"attachment-thumbnail size-thumbnail\" alt=\"\" \/><\/a>\n\t\t\t\t<\/dt><\/dl><dl class='gallery-item'>\n\t\t\t\t<dt class='gallery-icon portrait'>\n\t\t\t\t\t<a class=\"rollover rollover-zoom dt-pswp-item\" title=\"483486895_1142723267647174_219239157607720612_n\" data-dt-img-description=\"\" data-large_image_width=\"849\" data-large_image_height=\"1600\"href='https:\/\/www.radiopiu.net\/wordpress\/wp-content\/uploads\/2025\/03\/483486895_1142723267647174_219239157607720612_n.jpg'><img loading=\"lazy\" decoding=\"async\" width=\"150\" height=\"150\" src=\"https:\/\/www.radiopiu.net\/wordpress\/wp-content\/uploads\/2025\/03\/483486895_1142723267647174_219239157607720612_n-150x150.jpg\" class=\"attachment-thumbnail size-thumbnail\" alt=\"\" \/><\/a>\n\t\t\t\t<\/dt><\/dl><dl class='gallery-item'>\n\t\t\t\t<dt class='gallery-icon portrait'>\n\t\t\t\t\t<a class=\"rollover rollover-zoom dt-pswp-item\" title=\"INTERPRETATIVO\" data-dt-img-description=\"\" data-large_image_width=\"1200\" data-large_image_height=\"1600\"href='https:\/\/www.radiopiu.net\/wordpress\/wp-content\/uploads\/2025\/03\/INTERPRETATIVO.jpg'><img loading=\"lazy\" decoding=\"async\" width=\"150\" height=\"150\" src=\"https:\/\/www.radiopiu.net\/wordpress\/wp-content\/uploads\/2025\/03\/INTERPRETATIVO-150x150.jpg\" class=\"attachment-thumbnail size-thumbnail\" alt=\"\" \/><\/a>\n\t\t\t\t<\/dt><\/dl><dl class='gallery-item'>\n\t\t\t\t<dt class='gallery-icon portrait'>\n\t\t\t\t\t<a class=\"rollover rollover-zoom dt-pswp-item\" title=\"483508695_1142723624313805_6680317646816759717_n\" data-dt-img-description=\"\" data-large_image_width=\"1200\" data-large_image_height=\"1600\"href='https:\/\/www.radiopiu.net\/wordpress\/wp-content\/uploads\/2025\/03\/483508695_1142723624313805_6680317646816759717_n.jpg'><img loading=\"lazy\" decoding=\"async\" width=\"150\" height=\"150\" src=\"https:\/\/www.radiopiu.net\/wordpress\/wp-content\/uploads\/2025\/03\/483508695_1142723624313805_6680317646816759717_n-150x150.jpg\" class=\"attachment-thumbnail size-thumbnail\" alt=\"\" \/><\/a>\n\t\t\t\t<\/dt><\/dl><br style=\"clear: both\" \/><dl class='gallery-item'>\n\t\t\t\t<dt class='gallery-icon portrait'>\n\t\t\t\t\t<a class=\"rollover rollover-zoom dt-pswp-item\" title=\"482129521_1142723674313800_7288905464712495194_n\" data-dt-img-description=\"\" data-large_image_width=\"1200\" data-large_image_height=\"1600\"href='https:\/\/www.radiopiu.net\/wordpress\/wp-content\/uploads\/2025\/03\/482129521_1142723674313800_7288905464712495194_n.jpg'><img loading=\"lazy\" decoding=\"async\" width=\"150\" height=\"150\" src=\"https:\/\/www.radiopiu.net\/wordpress\/wp-content\/uploads\/2025\/03\/482129521_1142723674313800_7288905464712495194_n-150x150.jpg\" class=\"attachment-thumbnail size-thumbnail\" alt=\"\" \/><\/a>\n\t\t\t\t<\/dt><\/dl><dl class='gallery-item'>\n\t\t\t\t<dt class='gallery-icon portrait'>\n\t\t\t\t\t<a class=\"rollover rollover-zoom dt-pswp-item\" title=\"482201732_1142723544313813_1632311360876693192_n\" data-dt-img-description=\"\" data-large_image_width=\"1200\" data-large_image_height=\"1600\"href='https:\/\/www.radiopiu.net\/wordpress\/wp-content\/uploads\/2025\/03\/482201732_1142723544313813_1632311360876693192_n.jpg'><img loading=\"lazy\" decoding=\"async\" width=\"150\" height=\"150\" src=\"https:\/\/www.radiopiu.net\/wordpress\/wp-content\/uploads\/2025\/03\/482201732_1142723544313813_1632311360876693192_n-150x150.jpg\" class=\"attachment-thumbnail size-thumbnail\" alt=\"\" \/><\/a>\n\t\t\t\t<\/dt><\/dl><dl class='gallery-item'>\n\t\t\t\t<dt class='gallery-icon landscape'>\n\t\t\t\t\t<a class=\"rollover rollover-zoom dt-pswp-item\" title=\"Lucrezia Appamea Cristel Pollazzon e Giorgia De Dea\" data-dt-img-description=\"\" data-large_image_width=\"2048\" data-large_image_height=\"1536\"href='https:\/\/www.radiopiu.net\/wordpress\/wp-content\/uploads\/2025\/03\/Lucrezia-Appamea-Cristel-Pollazzon-e-Giorgia-De-Dea-.jpg'><img loading=\"lazy\" decoding=\"async\" width=\"150\" height=\"150\" src=\"https:\/\/www.radiopiu.net\/wordpress\/wp-content\/uploads\/2025\/03\/Lucrezia-Appamea-Cristel-Pollazzon-e-Giorgia-De-Dea--150x150.jpg\" class=\"attachment-thumbnail size-thumbnail\" alt=\"\" \/><\/a>\n\t\t\t\t<\/dt><\/dl><dl class='gallery-item'>\n\t\t\t\t<dt class='gallery-icon portrait'>\n\t\t\t\t\t<a class=\"rollover rollover-zoom dt-pswp-item\" title=\"482070898_1142723427647158_4807061586249097309_n\" data-dt-img-description=\"\" data-large_image_width=\"1200\" data-large_image_height=\"1600\"href='https:\/\/www.radiopiu.net\/wordpress\/wp-content\/uploads\/2025\/03\/482070898_1142723427647158_4807061586249097309_n.jpg'><img loading=\"lazy\" decoding=\"async\" width=\"150\" height=\"150\" src=\"https:\/\/www.radiopiu.net\/wordpress\/wp-content\/uploads\/2025\/03\/482070898_1142723427647158_4807061586249097309_n-150x150.jpg\" class=\"attachment-thumbnail size-thumbnail\" alt=\"\" \/><\/a>\n\t\t\t\t<\/dt><\/dl><dl class='gallery-item'>\n\t\t\t\t<dt class='gallery-icon portrait'>\n\t\t\t\t\t<a class=\"rollover rollover-zoom dt-pswp-item\" title=\"482082716_1142723494313818_6015224575087401557_n\" data-dt-img-description=\"\" data-large_image_width=\"1200\" data-large_image_height=\"1600\"href='https:\/\/www.radiopiu.net\/wordpress\/wp-content\/uploads\/2025\/03\/482082716_1142723494313818_6015224575087401557_n.jpg'><img loading=\"lazy\" decoding=\"async\" width=\"150\" height=\"150\" src=\"https:\/\/www.radiopiu.net\/wordpress\/wp-content\/uploads\/2025\/03\/482082716_1142723494313818_6015224575087401557_n-150x150.jpg\" class=\"attachment-thumbnail size-thumbnail\" alt=\"\" \/><\/a>\n\t\t\t\t<\/dt><\/dl><dl class='gallery-item'>\n\t\t\t\t<dt class='gallery-icon portrait'>\n\t\t\t\t\t<a class=\"rollover rollover-zoom dt-pswp-item\" title=\"482228844_1142723577647143_8836436660589895927_n\" data-dt-img-description=\"\" data-large_image_width=\"1200\" data-large_image_height=\"1600\"href='https:\/\/www.radiopiu.net\/wordpress\/wp-content\/uploads\/2025\/03\/482228844_1142723577647143_8836436660589895927_n.jpg'><img loading=\"lazy\" decoding=\"async\" width=\"150\" height=\"150\" src=\"https:\/\/www.radiopiu.net\/wordpress\/wp-content\/uploads\/2025\/03\/482228844_1142723577647143_8836436660589895927_n-150x150.jpg\" class=\"attachment-thumbnail size-thumbnail\" alt=\"\" \/><\/a>\n\t\t\t\t<\/dt><\/dl><br style=\"clear: both\" \/>\n\t\t\t<\/div>\n\n<p>&nbsp;<\/p>\n<\/div>\n<p>&nbsp;<\/p>\n<p>&nbsp;<\/p>\n<p><span style=\"color: #0000ff;\"><strong>HOCKEY SU GHIACCIO<\/strong><\/span><\/p>\n<blockquote>\n<h3>IL FELTRE VINCE GARA 4 E ACCEDE ALLA SEMIFINALE IHL<\/h3>\n<\/blockquote>\n<p><strong><a class=\"dt-pswp-item\" href=\"https:\/\/www.radiopiu.net\/wordpress\/wp-content\/uploads\/2024\/01\/feltre-ghiaccio.jpg\" data-dt-img-description=\"\" data-large_image_width=\"2048\" data-large_image_height=\"1185\"><img loading=\"lazy\" decoding=\"async\" class=\" wp-image-369865 alignleft\" src=\"https:\/\/www.radiopiu.net\/wordpress\/wp-content\/uploads\/2024\/01\/feltre-ghiaccio-300x174.jpg\" alt=\"\" width=\"179\" height=\"104\" srcset=\"https:\/\/www.radiopiu.net\/wordpress\/wp-content\/uploads\/2024\/01\/feltre-ghiaccio-300x174.jpg 300w, https:\/\/www.radiopiu.net\/wordpress\/wp-content\/uploads\/2024\/01\/feltre-ghiaccio-1024x593.jpg 1024w, https:\/\/www.radiopiu.net\/wordpress\/wp-content\/uploads\/2024\/01\/feltre-ghiaccio-768x444.jpg 768w, https:\/\/www.radiopiu.net\/wordpress\/wp-content\/uploads\/2024\/01\/feltre-ghiaccio-1536x889.jpg 1536w, https:\/\/www.radiopiu.net\/wordpress\/wp-content\/uploads\/2024\/01\/feltre-ghiaccio.jpg 2048w\" sizes=\"auto, (max-width: 179px) 100vw, 179px\" \/><\/a>DI MARCO GAZ<\/strong><\/p>\n<p><strong>APPIANO &#8211; FELTRE 3-4 DOT<\/strong><\/p>\n<p>PARZIALI: 1-1, 0-0, 2-2, 0-1<\/p>\n<p>GOL: pt. 0&#8217;57&#8221; Williamson, 13&#8217;00&#8221; Gabri. tt. 2&#8217;28 Da Forno, 17&#8217;10&#8221; Wlliamson, 18&#8217;16&#8221; Frick, 19&#8217;11 Dall&#8217;Agnol. ot. 1&#8217;27&#8221; Korkiakoski<\/p>\n<p>Il Feltre conquista la semifinale contro l&#8217;Aosta dopo una vittoria rocambolesca in gara 4 contro l&#8217;Appiano. Nonostante diverse assenze, i bellunesi riescono a rimontare e vincere 4-3 all&#8217;overtime. Dopo il vantaggio iniziale di Williamson, Gabri pareggia in powerplay. Nella terza frazione, Da Forno porta avanti il Feltre, ma l&#8217;Appiano ribalta con Williamson e Frick. Nel finale, Matteo Dall&#8217;Agnol pareggia senza portiere e Korkiakoski firma il gol decisivo nei supplementari, assicurando il posto tra le migliori quattro.<\/p>\n<p>&nbsp;<\/p>\n<blockquote>\n<h3>IL MERANO SI AGGIUDICA LA SECONDA EDIZIONE DEL CIVETTA CUP UNDER 8<\/h3>\n<\/blockquote>\n<p><strong>ALLEGHE <\/strong>\u00c8 andata in scena allo stadio Alvise De Toni di Alleghe la seconda edizione del Civetta Cup, il torneo dedicato ai giovani under 8. Dieci le squadre che si sono alternate sui mini campi allestiti. Ad avere la meglio \u00e8 stato il Merano che ha vinto la finalissima 2 a 0 contro l&#8217;Asiago.<\/p>\n<p><strong>LA CLASSIFICA FINALE<\/strong><\/p>\n<p>1. Merano, 2. Asiago, 3. Varese, 4. Alleghe, 5. Vipiteno, 6. Fiemme, 7. Feltre, 8. Fassa, 9. Cortina, 10. Alta Badia<\/p>\n<p><strong>LE FOTO DI ANNALISA DAL MAS<\/strong><\/p>\n\n\t\t\t<style type='text\/css'>\n\t\t\t\t#gallery-6 {\n\t\t\t\t\tmargin: auto;\n\t\t\t\t}\n\t\t\t\t#gallery-6 .gallery-item {\n\t\t\t\t\tfloat: left;\n\t\t\t\t\tmargin-top: 10px;\n\t\t\t\t\ttext-align: center;\n\t\t\t\t\twidth: 14%;\n\t\t\t\t}\n\t\t\t\t#gallery-6 img {\n\t\t\t\t\tborder: 2px solid #cfcfcf;\n\t\t\t\t}\n\t\t\t\t#gallery-6 .gallery-caption {\n\t\t\t\t\tmargin-left: 0;\n\t\t\t\t}\n\t\t\t\t\/* see gallery_shortcode() in wp-includes\/media.php *\/\n\t\t\t<\/style>\n\t\t<div id='gallery-6' class='dt-gallery-container gallery galleryid-438566 gallery-columns-7 gallery-size-thumbnail'><dl class='gallery-item'>\n\t\t\t\t<dt class='gallery-icon landscape'>\n\t\t\t\t\t<a class=\"rollover rollover-zoom dt-pswp-item\" title=\"f2cf4578-1905-47ad-a2c1-e2240dc5ed4c\" data-dt-img-description=\"\" data-large_image_width=\"1600\" data-large_image_height=\"1069\"href='https:\/\/www.radiopiu.net\/wordpress\/wp-content\/uploads\/2025\/03\/f2cf4578-1905-47ad-a2c1-e2240dc5ed4c.jpg'><img loading=\"lazy\" decoding=\"async\" width=\"150\" height=\"150\" src=\"https:\/\/www.radiopiu.net\/wordpress\/wp-content\/uploads\/2025\/03\/f2cf4578-1905-47ad-a2c1-e2240dc5ed4c-150x150.jpg\" class=\"attachment-thumbnail size-thumbnail\" alt=\"\" \/><\/a>\n\t\t\t\t<\/dt><\/dl><dl class='gallery-item'>\n\t\t\t\t<dt class='gallery-icon landscape'>\n\t\t\t\t\t<a class=\"rollover rollover-zoom dt-pswp-item\" title=\"15c89b28-10e1-46a2-9419-763b1f93958a\" data-dt-img-description=\"\" data-large_image_width=\"1600\" data-large_image_height=\"1064\"href='https:\/\/www.radiopiu.net\/wordpress\/wp-content\/uploads\/2025\/03\/15c89b28-10e1-46a2-9419-763b1f93958a.jpg'><img loading=\"lazy\" decoding=\"async\" width=\"150\" height=\"150\" src=\"https:\/\/www.radiopiu.net\/wordpress\/wp-content\/uploads\/2025\/03\/15c89b28-10e1-46a2-9419-763b1f93958a-150x150.jpg\" class=\"attachment-thumbnail size-thumbnail\" alt=\"\" \/><\/a>\n\t\t\t\t<\/dt><\/dl><dl class='gallery-item'>\n\t\t\t\t<dt class='gallery-icon landscape'>\n\t\t\t\t\t<a class=\"rollover rollover-zoom dt-pswp-item\" title=\"01fa3c2c-cbe1-4e35-9ccc-0d8f196334b3\" data-dt-img-description=\"\" data-large_image_width=\"1600\" data-large_image_height=\"1064\"href='https:\/\/www.radiopiu.net\/wordpress\/wp-content\/uploads\/2025\/03\/01fa3c2c-cbe1-4e35-9ccc-0d8f196334b3.jpg'><img loading=\"lazy\" decoding=\"async\" width=\"150\" height=\"150\" src=\"https:\/\/www.radiopiu.net\/wordpress\/wp-content\/uploads\/2025\/03\/01fa3c2c-cbe1-4e35-9ccc-0d8f196334b3-150x150.jpg\" class=\"attachment-thumbnail size-thumbnail\" alt=\"\" \/><\/a>\n\t\t\t\t<\/dt><\/dl><dl class='gallery-item'>\n\t\t\t\t<dt class='gallery-icon landscape'>\n\t\t\t\t\t<a class=\"rollover rollover-zoom dt-pswp-item\" title=\"5a857814-481f-484c-9abc-ef3c71d9633c\" data-dt-img-description=\"\" data-large_image_width=\"1600\" data-large_image_height=\"1064\"href='https:\/\/www.radiopiu.net\/wordpress\/wp-content\/uploads\/2025\/03\/5a857814-481f-484c-9abc-ef3c71d9633c.jpg'><img loading=\"lazy\" decoding=\"async\" width=\"150\" height=\"150\" src=\"https:\/\/www.radiopiu.net\/wordpress\/wp-content\/uploads\/2025\/03\/5a857814-481f-484c-9abc-ef3c71d9633c-150x150.jpg\" class=\"attachment-thumbnail size-thumbnail\" alt=\"\" \/><\/a>\n\t\t\t\t<\/dt><\/dl><dl class='gallery-item'>\n\t\t\t\t<dt class='gallery-icon landscape'>\n\t\t\t\t\t<a class=\"rollover rollover-zoom dt-pswp-item\" title=\"27d1969c-997e-4dde-b79e-9a6b3a794f8c\" data-dt-img-description=\"\" data-large_image_width=\"1600\" data-large_image_height=\"1073\"href='https:\/\/www.radiopiu.net\/wordpress\/wp-content\/uploads\/2025\/03\/27d1969c-997e-4dde-b79e-9a6b3a794f8c.jpg'><img loading=\"lazy\" decoding=\"async\" width=\"150\" height=\"150\" src=\"https:\/\/www.radiopiu.net\/wordpress\/wp-content\/uploads\/2025\/03\/27d1969c-997e-4dde-b79e-9a6b3a794f8c-150x150.jpg\" class=\"attachment-thumbnail size-thumbnail\" alt=\"\" \/><\/a>\n\t\t\t\t<\/dt><\/dl><dl class='gallery-item'>\n\t\t\t\t<dt class='gallery-icon landscape'>\n\t\t\t\t\t<a class=\"rollover rollover-zoom dt-pswp-item\" title=\"a6fc4687-82dd-4f75-bd35-1833ac5a0b0c\" data-dt-img-description=\"\" data-large_image_width=\"1600\" data-large_image_height=\"1064\"href='https:\/\/www.radiopiu.net\/wordpress\/wp-content\/uploads\/2025\/03\/a6fc4687-82dd-4f75-bd35-1833ac5a0b0c.jpg'><img loading=\"lazy\" decoding=\"async\" width=\"150\" height=\"150\" src=\"https:\/\/www.radiopiu.net\/wordpress\/wp-content\/uploads\/2025\/03\/a6fc4687-82dd-4f75-bd35-1833ac5a0b0c-150x150.jpg\" class=\"attachment-thumbnail size-thumbnail\" alt=\"\" \/><\/a>\n\t\t\t\t<\/dt><\/dl><dl class='gallery-item'>\n\t\t\t\t<dt class='gallery-icon landscape'>\n\t\t\t\t\t<a class=\"rollover rollover-zoom dt-pswp-item\" title=\"d1bb4ab4-3416-4e55-a71b-da9fbae01753\" data-dt-img-description=\"\" data-large_image_width=\"1600\" data-large_image_height=\"1064\"href='https:\/\/www.radiopiu.net\/wordpress\/wp-content\/uploads\/2025\/03\/d1bb4ab4-3416-4e55-a71b-da9fbae01753.jpg'><img loading=\"lazy\" decoding=\"async\" width=\"150\" height=\"150\" src=\"https:\/\/www.radiopiu.net\/wordpress\/wp-content\/uploads\/2025\/03\/d1bb4ab4-3416-4e55-a71b-da9fbae01753-150x150.jpg\" class=\"attachment-thumbnail size-thumbnail\" alt=\"\" \/><\/a>\n\t\t\t\t<\/dt><\/dl><br style=\"clear: both\" \/><dl class='gallery-item'>\n\t\t\t\t<dt class='gallery-icon landscape'>\n\t\t\t\t\t<a class=\"rollover rollover-zoom dt-pswp-item\" title=\"39530ce3-b40e-4e32-b25d-0cdc6caa081e\" data-dt-img-description=\"\" data-large_image_width=\"1600\" data-large_image_height=\"1065\"href='https:\/\/www.radiopiu.net\/wordpress\/wp-content\/uploads\/2025\/03\/39530ce3-b40e-4e32-b25d-0cdc6caa081e.jpg'><img loading=\"lazy\" decoding=\"async\" width=\"150\" height=\"150\" src=\"https:\/\/www.radiopiu.net\/wordpress\/wp-content\/uploads\/2025\/03\/39530ce3-b40e-4e32-b25d-0cdc6caa081e-150x150.jpg\" class=\"attachment-thumbnail size-thumbnail\" alt=\"\" \/><\/a>\n\t\t\t\t<\/dt><\/dl><dl class='gallery-item'>\n\t\t\t\t<dt class='gallery-icon landscape'>\n\t\t\t\t\t<a class=\"rollover rollover-zoom dt-pswp-item\" title=\"61c92c0a-7e4c-49b8-8ec6-1a45312fa4a3\" data-dt-img-description=\"\" data-large_image_width=\"1600\" data-large_image_height=\"1064\"href='https:\/\/www.radiopiu.net\/wordpress\/wp-content\/uploads\/2025\/03\/61c92c0a-7e4c-49b8-8ec6-1a45312fa4a3.jpg'><img loading=\"lazy\" decoding=\"async\" width=\"150\" height=\"150\" src=\"https:\/\/www.radiopiu.net\/wordpress\/wp-content\/uploads\/2025\/03\/61c92c0a-7e4c-49b8-8ec6-1a45312fa4a3-150x150.jpg\" class=\"attachment-thumbnail size-thumbnail\" alt=\"\" \/><\/a>\n\t\t\t\t<\/dt><\/dl><dl class='gallery-item'>\n\t\t\t\t<dt class='gallery-icon landscape'>\n\t\t\t\t\t<a class=\"rollover rollover-zoom dt-pswp-item\" title=\"27c49e0d-ea3c-446b-a23b-86c206eb1c31\" data-dt-img-description=\"\" data-large_image_width=\"1600\" data-large_image_height=\"1064\"href='https:\/\/www.radiopiu.net\/wordpress\/wp-content\/uploads\/2025\/03\/27c49e0d-ea3c-446b-a23b-86c206eb1c31.jpg'><img loading=\"lazy\" decoding=\"async\" width=\"150\" height=\"150\" src=\"https:\/\/www.radiopiu.net\/wordpress\/wp-content\/uploads\/2025\/03\/27c49e0d-ea3c-446b-a23b-86c206eb1c31-150x150.jpg\" class=\"attachment-thumbnail size-thumbnail\" alt=\"\" \/><\/a>\n\t\t\t\t<\/dt><\/dl><dl class='gallery-item'>\n\t\t\t\t<dt class='gallery-icon landscape'>\n\t\t\t\t\t<a class=\"rollover rollover-zoom dt-pswp-item\" title=\"2cc139d2-f005-4ba4-aa88-5cf730556e6c\" data-dt-img-description=\"\" data-large_image_width=\"1600\" data-large_image_height=\"1064\"href='https:\/\/www.radiopiu.net\/wordpress\/wp-content\/uploads\/2025\/03\/2cc139d2-f005-4ba4-aa88-5cf730556e6c.jpg'><img loading=\"lazy\" decoding=\"async\" width=\"150\" height=\"150\" src=\"https:\/\/www.radiopiu.net\/wordpress\/wp-content\/uploads\/2025\/03\/2cc139d2-f005-4ba4-aa88-5cf730556e6c-150x150.jpg\" class=\"attachment-thumbnail size-thumbnail\" alt=\"\" \/><\/a>\n\t\t\t\t<\/dt><\/dl><dl class='gallery-item'>\n\t\t\t\t<dt class='gallery-icon landscape'>\n\t\t\t\t\t<a class=\"rollover rollover-zoom dt-pswp-item\" title=\"23d85b7a-3af6-4d13-a1f2-1b3e3174dc60\" data-dt-img-description=\"\" data-large_image_width=\"1600\" data-large_image_height=\"1065\"href='https:\/\/www.radiopiu.net\/wordpress\/wp-content\/uploads\/2025\/03\/23d85b7a-3af6-4d13-a1f2-1b3e3174dc60.jpg'><img loading=\"lazy\" decoding=\"async\" width=\"150\" height=\"150\" src=\"https:\/\/www.radiopiu.net\/wordpress\/wp-content\/uploads\/2025\/03\/23d85b7a-3af6-4d13-a1f2-1b3e3174dc60-150x150.jpg\" class=\"attachment-thumbnail size-thumbnail\" alt=\"\" \/><\/a>\n\t\t\t\t<\/dt><\/dl><dl class='gallery-item'>\n\t\t\t\t<dt class='gallery-icon landscape'>\n\t\t\t\t\t<a class=\"rollover rollover-zoom dt-pswp-item\" title=\"d3adf28d-4dc7-41c3-8629-3722504ee7bf\" data-dt-img-description=\"\" data-large_image_width=\"1600\" data-large_image_height=\"1064\"href='https:\/\/www.radiopiu.net\/wordpress\/wp-content\/uploads\/2025\/03\/d3adf28d-4dc7-41c3-8629-3722504ee7bf.jpg'><img loading=\"lazy\" decoding=\"async\" width=\"150\" height=\"150\" src=\"https:\/\/www.radiopiu.net\/wordpress\/wp-content\/uploads\/2025\/03\/d3adf28d-4dc7-41c3-8629-3722504ee7bf-150x150.jpg\" class=\"attachment-thumbnail size-thumbnail\" alt=\"\" \/><\/a>\n\t\t\t\t<\/dt><\/dl><dl class='gallery-item'>\n\t\t\t\t<dt class='gallery-icon landscape'>\n\t\t\t\t\t<a class=\"rollover rollover-zoom dt-pswp-item\" title=\"a7d8037e-a008-4cb8-ab12-9066e4a60bd9\" data-dt-img-description=\"\" data-large_image_width=\"1600\" data-large_image_height=\"1064\"href='https:\/\/www.radiopiu.net\/wordpress\/wp-content\/uploads\/2025\/03\/a7d8037e-a008-4cb8-ab12-9066e4a60bd9.jpg'><img loading=\"lazy\" decoding=\"async\" width=\"150\" height=\"150\" src=\"https:\/\/www.radiopiu.net\/wordpress\/wp-content\/uploads\/2025\/03\/a7d8037e-a008-4cb8-ab12-9066e4a60bd9-150x150.jpg\" class=\"attachment-thumbnail size-thumbnail\" alt=\"\" \/><\/a>\n\t\t\t\t<\/dt><\/dl><br style=\"clear: both\" \/>\n\t\t\t<\/div>\n\n<p>&nbsp;<\/p>\n<p><span style=\"color: #0000ff;\"><strong>PALLAVOLO<\/strong><\/span><\/p>\n<blockquote>\n<h3>L&#8217;SB VOLLEY VINCE E CONQUISTA IL TERZO POSTO IN CLASSIFICA<\/h3>\n<\/blockquote>\n<p><strong><a class=\"dt-pswp-item\" href=\"https:\/\/www.radiopiu.net\/wordpress\/wp-content\/uploads\/2025\/03\/Tre_punti_per_la_SB_Volley-1.jpg\" data-dt-img-description=\"\" data-large_image_width=\"1157\" data-large_image_height=\"711\"><img loading=\"lazy\" decoding=\"async\" class=\" wp-image-438685 alignleft\" src=\"https:\/\/www.radiopiu.net\/wordpress\/wp-content\/uploads\/2025\/03\/Tre_punti_per_la_SB_Volley-1-300x184.jpg\" alt=\"\" width=\"204\" height=\"125\" srcset=\"https:\/\/www.radiopiu.net\/wordpress\/wp-content\/uploads\/2025\/03\/Tre_punti_per_la_SB_Volley-1-300x184.jpg 300w, https:\/\/www.radiopiu.net\/wordpress\/wp-content\/uploads\/2025\/03\/Tre_punti_per_la_SB_Volley-1-1024x629.jpg 1024w, https:\/\/www.radiopiu.net\/wordpress\/wp-content\/uploads\/2025\/03\/Tre_punti_per_la_SB_Volley-1-768x472.jpg 768w, https:\/\/www.radiopiu.net\/wordpress\/wp-content\/uploads\/2025\/03\/Tre_punti_per_la_SB_Volley-1.jpg 1157w\" sizes=\"auto, (max-width: 204px) 100vw, 204px\" \/><\/a>SB VOLLEY &#8211; POLESELLA 3-1 (22-25, 25-14, 25-15, 25-19)<\/strong><\/p>\n<p>La SB Volley celebra la \u201cGiornata internazionale della donna\u201d con una vittoria preziosa, battendo il Fastwindows Polesella e tornando al successo dopo due sconfitte consecutive. Grazie a una grande prova di squadra, con Fiabane (13 punti), Barp (19) e la solida regia di capitan De Barba, la formazione di coach Salvadego conquista tre punti fondamentali e aggancia il terzo posto in classifica. Dopo un primo set perso, le padrone di casa reagiscono con autorit\u00e0, dominando i successivi parziali e chiudendo la gara con un break decisivo nel quarto set. Ora le attende la sfida contro la vice capolista Imarc a Rossano Veneto.<\/p>\n<p>&nbsp;<\/p>\n<p><span style=\"color: #0000ff;\"><strong>SCI NORDICO\u00a0<\/strong><\/span><\/p>\n<blockquote>\n<h3>SECONDO POSTO PER VANESSA CAGNATI IN FESA CUP, BENE ANCHE CATERINA MILANI<\/h3>\n<\/blockquote>\n<p><strong><a class=\"dt-pswp-item\" href=\"https:\/\/www.radiopiu.net\/wordpress\/wp-content\/uploads\/2024\/01\/vanessa-cagnati-sappada-17-dic-2023-Copia.jpg\" data-dt-img-description=\"\" data-large_image_width=\"1200\" data-large_image_height=\"800\"><img loading=\"lazy\" decoding=\"async\" class=\" wp-image-369109 alignleft\" src=\"https:\/\/www.radiopiu.net\/wordpress\/wp-content\/uploads\/2024\/01\/vanessa-cagnati-sappada-17-dic-2023-Copia-300x200.jpg\" alt=\"\" width=\"219\" height=\"146\" srcset=\"https:\/\/www.radiopiu.net\/wordpress\/wp-content\/uploads\/2024\/01\/vanessa-cagnati-sappada-17-dic-2023-Copia-300x200.jpg 300w, https:\/\/www.radiopiu.net\/wordpress\/wp-content\/uploads\/2024\/01\/vanessa-cagnati-sappada-17-dic-2023-Copia-1024x683.jpg 1024w, https:\/\/www.radiopiu.net\/wordpress\/wp-content\/uploads\/2024\/01\/vanessa-cagnati-sappada-17-dic-2023-Copia-768x512.jpg 768w, https:\/\/www.radiopiu.net\/wordpress\/wp-content\/uploads\/2024\/01\/vanessa-cagnati-sappada-17-dic-2023-Copia.jpg 1200w\" sizes=\"auto, (max-width: 219px) 100vw, 219px\" \/><\/a>REDAZIONE <\/strong>Grande risultato per Vanessa Cagnati nella Fesa Cup, il prestigioso circuito continentale dedicato ai paesi alpini. La giovane atleta di Falcade, tesserata per le Fiamme Gialle e cresciuta nello Sci Club Val Biois, ha conquistato un ottimo secondo posto nella 7,5 chilometri skating Under 18, disputata a Planica, in Slovenia. Cagnati ha mostrato tutta la sua determinazione e talento, chiudendo la prova alle spalle della tedesca Anna Endress, vincitrice con un vantaggio di 53 secondi sulla fondista italiana. Un risultato che conferma la costante crescita dell\u2019atleta falcadina a livello internazionale. Sempre nella categoria Under 18, un&#8217;altra rappresentante di Falcade, Caterina Milani, ha chiuso la sua prova al sedicesimo posto, difendendo i colori dello Sci Club Val Biois.<\/p>\n<p>&nbsp;<\/p>\n<div class=\"page-title-head hgroup\">\n<h1 class=\"entry-title\">FESA CUP, CATERINA E VANESSA NEL TEAM AZZURRO<\/h1>\n<\/div>\n<p><strong>FONTE<\/strong><br \/>\n<strong>COMITATI FISI<\/strong><\/p>\n<p><img loading=\"lazy\" decoding=\"async\" class=\"alignleft\" src=\"https:\/\/www.radiopiu.net\/wordpress\/wp-content\/uploads\/2025\/03\/DeMartinPinterIris02-2-sprint-Fis-Junior-S.-Caterina-27.11.2021-scaled-1.jpg\" width=\"210\" height=\"140\" \/>La seconda e conclusiva giornata dell\u2019appuntamento di fesa Cup di Planica sorride a Iris De Martin Pinter. Nella localit\u00e0 slovena si \u00e8 disputato una 10 chilometri mass start in tecnica classica e la ragazza di Padola, azzurra della nazionale Milano Cortina 2026 e del Centro sportivo Carabinieri ha messo in fila tutta la concorrenza. La fondista comeliana ha tagliato il traguardo con 2\u201d2 di vantaggio sulla francese Julie Pierrel con l\u2019altra transalpina Juliette Ducordeau a completare il podio, staccata di 2\u20338.<br \/>\nSempre oggi, a Planica si \u00e8 disputata la staffetta mista 4\u00d75 chilometri under 18. La gara a squadre ha la Francia imporsi con il tempo davanti al quartetto azzurro composto da <strong>Caterina Milani (Sci club Val Biois),<\/strong> Luca Pietroboni,<strong> Vanessa Cagnati (Fiamme Gialle)<\/strong> e Daniel Pedranzini. Terzo posto quindi per la Germania che ha completato la prova con un ritardo di 39\u20335 dalla vetta.<\/p>\n<p><a href=\"https:\/\/www.fis-ski.com\/DB\/general\/event-details.html?sectorcode=CC&amp;eventid=57321&amp;seasoncode=2025\">CLASSIFICHE<\/a><\/p>\n<p>&nbsp;<\/p>\n<blockquote>\n<h3>FEDERICO DE COL DIVENTA MASTER WORLDLOPPET DI SCI DI FONDO<\/h3>\n<\/blockquote>\n<p><strong>LA VALLE <\/strong>Sabato, con la 50 km in tecnica classica in Polonia, Federico De Col ha raggiunto il Santo Graal dello sci di fondo, conquistando il prestigioso titolo di Master Worldloppet. Ad accompagnarlo in questa impresa, il Presidente del Team Long Distance Agordino, Luca De Zorzi, insieme a un gruppo di fondisti nostrani. De Zorzi si dice molto soddisfatto del percorso di Federico, iniziato nel 2010 con la sua prima Vasaloppet. Il Team Long Distance Agordino riunisce appassionati di gare di fondo che, per storia e importanza, sono considerate veri monumenti di questa disciplina. Con Federico e altri veterani agordini, il team partecipa ogni anno a una o due gare in varie parti del mondo, prendendo parte agli eventi internazionali che attraggono migliaia di fondisti. Ecco le tappe che hanno permesso a Federico De Col di ottenere il titolo di Master Worldloppet: <strong>Vasaloppet<\/strong> (Svezia) &#8211; 90 km, 2010, <strong>Marcialonga<\/strong> (Italia) &#8211; 70 km, 2011, <strong>Birkebeinerrennet<\/strong> (Norvegia) &#8211; 54 km, 2011, <strong>Jizerska Badesatka<\/strong> (Rep. Ceca) &#8211; 50 km, 2013, <strong>Finlandia Hiito<\/strong> (Finlandia) &#8211; 60 km, 2015, <strong>American Birkebeiner<\/strong> (USA) &#8211; 53 km, 2018, <strong>Gatineau Loppet<\/strong> (Canada) &#8211; 51 km, 2020, <strong>Engadin Skimarathon<\/strong> (Svizzera) &#8211; 42 km, 2023, <strong>Dolomitenlauf<\/strong> (Austria) &#8211; 42 km, 2024, <strong>Bieg Piastow<\/strong> (Polonia) &#8211; 50 km, 2025.\u00a0I prossimi appuntamenti di Federico sono altrettanto importanti: a maggio convoler\u00e0 a nozze con Domitilla, mentre a giugno affronter\u00e0 i 100 km della Dolomiti Extreme in Val Zoldana. Un calendario fitto di emozioni per un atleta che continua a scrivere la storia dello sci di fondo italiano.<\/p>\n\n\t\t\t<style type='text\/css'>\n\t\t\t\t#gallery-7 {\n\t\t\t\t\tmargin: auto;\n\t\t\t\t}\n\t\t\t\t#gallery-7 .gallery-item {\n\t\t\t\t\tfloat: left;\n\t\t\t\t\tmargin-top: 10px;\n\t\t\t\t\ttext-align: center;\n\t\t\t\t\twidth: 33%;\n\t\t\t\t}\n\t\t\t\t#gallery-7 img {\n\t\t\t\t\tborder: 2px solid #cfcfcf;\n\t\t\t\t}\n\t\t\t\t#gallery-7 .gallery-caption {\n\t\t\t\t\tmargin-left: 0;\n\t\t\t\t}\n\t\t\t\t\/* see gallery_shortcode() in wp-includes\/media.php *\/\n\t\t\t<\/style>\n\t\t<div id='gallery-7' class='dt-gallery-container gallery galleryid-438566 gallery-columns-3 gallery-size-thumbnail'><dl class='gallery-item'>\n\t\t\t\t<dt class='gallery-icon portrait'>\n\t\t\t\t\t<a class=\"rollover rollover-zoom dt-pswp-item\" title=\"263e269a-d099-4167-8139-cb71af279a93\" data-dt-img-description=\"\" data-large_image_width=\"1530\" data-large_image_height=\"2040\"href='https:\/\/www.radiopiu.net\/wordpress\/wp-content\/uploads\/2025\/03\/263e269a-d099-4167-8139-cb71af279a93.jpg'><img loading=\"lazy\" decoding=\"async\" width=\"150\" height=\"150\" src=\"https:\/\/www.radiopiu.net\/wordpress\/wp-content\/uploads\/2025\/03\/263e269a-d099-4167-8139-cb71af279a93-150x150.jpg\" class=\"attachment-thumbnail size-thumbnail\" alt=\"\" \/><\/a>\n\t\t\t\t<\/dt><\/dl><dl class='gallery-item'>\n\t\t\t\t<dt class='gallery-icon landscape'>\n\t\t\t\t\t<a class=\"rollover rollover-zoom dt-pswp-item\" title=\"90ce00ff-fef3-4a9b-aa20-1fd865f53bd2\" data-dt-img-description=\"\" data-large_image_width=\"2040\" data-large_image_height=\"1530\"href='https:\/\/www.radiopiu.net\/wordpress\/wp-content\/uploads\/2025\/03\/90ce00ff-fef3-4a9b-aa20-1fd865f53bd2.jpg'><img loading=\"lazy\" decoding=\"async\" width=\"150\" height=\"150\" src=\"https:\/\/www.radiopiu.net\/wordpress\/wp-content\/uploads\/2025\/03\/90ce00ff-fef3-4a9b-aa20-1fd865f53bd2-150x150.jpg\" class=\"attachment-thumbnail size-thumbnail\" alt=\"\" \/><\/a>\n\t\t\t\t<\/dt><\/dl><dl class='gallery-item'>\n\t\t\t\t<dt class='gallery-icon portrait'>\n\t\t\t\t\t<a class=\"rollover rollover-zoom dt-pswp-item\" title=\"d29088aa-839c-4d0d-b553-974008d242ca\" data-dt-img-description=\"\" data-large_image_width=\"614\" data-large_image_height=\"803\"href='https:\/\/www.radiopiu.net\/wordpress\/wp-content\/uploads\/2025\/03\/d29088aa-839c-4d0d-b553-974008d242ca.jpg'><img loading=\"lazy\" decoding=\"async\" width=\"150\" height=\"150\" src=\"https:\/\/www.radiopiu.net\/wordpress\/wp-content\/uploads\/2025\/03\/d29088aa-839c-4d0d-b553-974008d242ca-150x150.jpg\" class=\"attachment-thumbnail size-thumbnail\" alt=\"\" \/><\/a>\n\t\t\t\t<\/dt><\/dl><br style=\"clear: both\" \/>\n\t\t\t<\/div>\n\n<p><span style=\"color: #0000ff;\"><strong>SCI ALPINISMO<\/strong><\/span><\/p>\n<blockquote>\n<h3>TROFEO SKI ALP 4 VALLI: GARDENER E ZULIAN SI AGGIUDICANO LA MOLINO CAVERSON<\/h3>\n<\/blockquote>\n<p><strong>DI MATTIA VALENTINI<\/strong><\/p>\n<h2><span style=\"color: #ff0000;\">QUARTA TAPPA TROFEO SKI ALP 4 VALLI<\/span><\/h2>\n<div>\n<p dir=\"ltr\">A Caverson cala il sipario sul circuito La Sportiva Trofeo Ski Alp 4 Valli. Con l\u2019edizione numero 27 della Molino &#8211; Caverson di Falcade, si chiude in bellezza il circuito dedicato agli amanti delle pelli che per quattro venerd\u00ec, a partire dal 31 gennaio scorso, ha visto protagoniste le vallate di Fiemme, Primiero, Fassa e Biois. A vincere nell\u2019ultima frazione con un tracciato caratterizzato da 400 metri di dislivello per uno sviluppo di 2 chilometri, \u00e8 il fondista della Val di Fiemme Stefano Gardener (U.S. Cornacci) che chiude la prova in 13\u201957\u201d seguito da Simone Manfroi (Dolomiti Adventure) 14\u201931\u201d e Marco Zanoner (Bela Ladinia) 14\u201955\u201d. Al femminile, vittoria per Margit Zulian 18\u201904\u201d che si impone davanti alla giovane promessa dello skialp Veronica Bandiera (Ski Alp Valdobbiadene) 18\u201953\u201d e a Kristel Mottin (Bela Ladinia) 19\u201926\u201d.\u00a0 Sono proprio i bronzi di giornata Marco Zanoner e Kristel Mottin a vincere l\u2019edizione 2025 del circuito 4 Valli. Il fassano,infatti, chiude le quattro prove con un tempo complessivo di 1:35:03, seguito da Raffaele Teza (Ski Alp Valdobbiadene) 1:38:06 e Thomas Trettel (A.S.D. Cauriol) 1:38:12. Kristel Mottin, invece, trova per la terza volta la vittoria generale, quest\u2019anno con un crono totale di 1:59:41 davanti a Veronica Bandiera (Ski Alp Valdobbiadene) 2:01:01 e ad Anna Santini (U.S. Cermis) 2:06:39. Si chiude cos\u00ec l\u2019insieme di manifestazioni scialpinistiche in notturna organizzate con passione dai team A.S.D Cauriol, Memorial Zagonel, Bela Ladinia e Caverson Night, con l\u2019intento di proseguire insieme anche nel 2026. Tutte le classifiche al sito <a href=\"http:\/\/www.keepsporting.com\/\">www.keepsporting.com<\/a><\/p>\n<audio class=\"wp-audio-shortcode\" id=\"audio-438566-10\" preload=\"none\" style=\"width: 100%;\" controls=\"controls\"><source type=\"audio\/mpeg\" src=\"https:\/\/www.radiopiu.net\/wordpress\/wp-content\/uploads\/2025\/02\/Trofeo-4-Valli-27\u00b0-Molino-Caverson-Radio-Piu.mp3?_=10\" \/><a href=\"https:\/\/www.radiopiu.net\/wordpress\/wp-content\/uploads\/2025\/02\/Trofeo-4-Valli-27\u00b0-Molino-Caverson-Radio-Piu.mp3\">https:\/\/www.radiopiu.net\/wordpress\/wp-content\/uploads\/2025\/02\/Trofeo-4-Valli-27\u00b0-Molino-Caverson-Radio-Piu.mp3<\/a><\/audio>\n<p>&nbsp;<\/p>\n\n\t\t\t<style type='text\/css'>\n\t\t\t\t#gallery-8 {\n\t\t\t\t\tmargin: auto;\n\t\t\t\t}\n\t\t\t\t#gallery-8 .gallery-item {\n\t\t\t\t\tfloat: left;\n\t\t\t\t\tmargin-top: 10px;\n\t\t\t\t\ttext-align: center;\n\t\t\t\t\twidth: 33%;\n\t\t\t\t}\n\t\t\t\t#gallery-8 img {\n\t\t\t\t\tborder: 2px solid #cfcfcf;\n\t\t\t\t}\n\t\t\t\t#gallery-8 .gallery-caption {\n\t\t\t\t\tmargin-left: 0;\n\t\t\t\t}\n\t\t\t\t\/* see gallery_shortcode() in wp-includes\/media.php *\/\n\t\t\t<\/style>\n\t\t<div id='gallery-8' class='dt-gallery-container gallery galleryid-438566 gallery-columns-3 gallery-size-thumbnail'><dl class='gallery-item'>\n\t\t\t\t<dt class='gallery-icon portrait'>\n\t\t\t\t\t<a class=\"rollover rollover-zoom dt-pswp-item\" title=\"4 Valli 2025 - Podio Generale Maschile\" data-dt-img-description=\"\" data-large_image_width=\"1920\" data-large_image_height=\"2560\"href='https:\/\/www.radiopiu.net\/wordpress\/wp-content\/uploads\/2025\/02\/4-Valli-2025-Podio-Generale-Maschile-scaled.jpg'><img loading=\"lazy\" decoding=\"async\" width=\"150\" height=\"150\" src=\"https:\/\/www.radiopiu.net\/wordpress\/wp-content\/uploads\/2025\/02\/4-Valli-2025-Podio-Generale-Maschile-150x150.jpg\" class=\"attachment-thumbnail size-thumbnail\" alt=\"\" \/><\/a>\n\t\t\t\t<\/dt><\/dl><dl class='gallery-item'>\n\t\t\t\t<dt class='gallery-icon portrait'>\n\t\t\t\t\t<a class=\"rollover rollover-zoom dt-pswp-item\" title=\"4 Valli 2025 - Podio Generale Femminile\" data-dt-img-description=\"\" data-large_image_width=\"1920\" data-large_image_height=\"2560\"href='https:\/\/www.radiopiu.net\/wordpress\/wp-content\/uploads\/2025\/02\/4-Valli-2025-Podio-Generale-Femminile-scaled.jpg'><img loading=\"lazy\" decoding=\"async\" width=\"150\" height=\"150\" src=\"https:\/\/www.radiopiu.net\/wordpress\/wp-content\/uploads\/2025\/02\/4-Valli-2025-Podio-Generale-Femminile-150x150.jpg\" class=\"attachment-thumbnail size-thumbnail\" alt=\"\" \/><\/a>\n\t\t\t\t<\/dt><\/dl><dl class='gallery-item'>\n\t\t\t\t<dt class='gallery-icon portrait'>\n\t\t\t\t\t<a class=\"rollover rollover-zoom dt-pswp-item\" title=\"4 Valli 2025 - Organizzatori delle 4 tappe\" data-dt-img-description=\"\" data-large_image_width=\"1920\" data-large_image_height=\"2560\"href='https:\/\/www.radiopiu.net\/wordpress\/wp-content\/uploads\/2025\/02\/4-Valli-2025-Organizzatori-delle-4-tappe-scaled.jpg'><img loading=\"lazy\" decoding=\"async\" width=\"150\" height=\"150\" src=\"https:\/\/www.radiopiu.net\/wordpress\/wp-content\/uploads\/2025\/02\/4-Valli-2025-Organizzatori-delle-4-tappe-150x150.jpg\" class=\"attachment-thumbnail size-thumbnail\" alt=\"\" \/><\/a>\n\t\t\t\t<\/dt><\/dl><br style=\"clear: both\" \/>\n\t\t\t<\/div>\n\n<p>&nbsp;<\/p>\n<\/div>\n<p><span style=\"color: #0000ff;\"><strong>SCI ALPINO<\/strong><\/span><\/p>\n<blockquote>\n<h3>AD ALLEGHE DOPPIA VITTORIA BELLUNESE NELLA COPPA VENETO<\/h3>\n<\/blockquote>\n<p><strong>ALLEGHE<\/strong> Doppia vittoria bellunese nella Coppa Veneto Energiapura ad Alleghe. Nel gigante maschile ha vinto Alessandro Bertagnolli (Sci club Drusci\u00e9), seguito da Matteo Avesani e Matteo Alver\u00e0 (entrambi dello Sci club Cortina). Tra le ragazze, successo ex aequo per Caterina Perera (Ski College Veneto Falcade) e Rebecca Vetturini (Kronplatz), con Vittoria Rossi (Sci club 2000) al terzo posto<\/p>\n<p><strong>PER LE CLASSIFICHE <a href=\"https:\/\/comitati.fisi.org\/veneto\/blog\/2025\/03\/08\/alpino-in-coppa-veneto-ad-alleghe-vincono-bertagnolli-e-perera\/\"><span style=\"color: #3366ff;\">CLICCA QUI<\/span><\/a><\/strong><\/p>\n<p><strong>LE FOTO DI ILARIO RIVA (FOTORIVA)<\/strong><\/p>\n\n\t\t\t<style type='text\/css'>\n\t\t\t\t#gallery-9 {\n\t\t\t\t\tmargin: auto;\n\t\t\t\t}\n\t\t\t\t#gallery-9 .gallery-item {\n\t\t\t\t\tfloat: left;\n\t\t\t\t\tmargin-top: 10px;\n\t\t\t\t\ttext-align: center;\n\t\t\t\t\twidth: 20%;\n\t\t\t\t}\n\t\t\t\t#gallery-9 img {\n\t\t\t\t\tborder: 2px solid #cfcfcf;\n\t\t\t\t}\n\t\t\t\t#gallery-9 .gallery-caption {\n\t\t\t\t\tmargin-left: 0;\n\t\t\t\t}\n\t\t\t\t\/* see gallery_shortcode() in wp-includes\/media.php *\/\n\t\t\t<\/style>\n\t\t<div id='gallery-9' class='dt-gallery-container gallery galleryid-438566 gallery-columns-5 gallery-size-thumbnail'><dl class='gallery-item'>\n\t\t\t\t<dt class='gallery-icon landscape'>\n\t\t\t\t\t<a class=\"rollover rollover-zoom dt-pswp-item\" title=\"26cbdf88-774f-4828-994b-979a320e0d59\" data-dt-img-description=\"\" data-large_image_width=\"1600\" data-large_image_height=\"1200\"href='https:\/\/www.radiopiu.net\/wordpress\/wp-content\/uploads\/2025\/03\/26cbdf88-774f-4828-994b-979a320e0d59.jpg'><img loading=\"lazy\" decoding=\"async\" width=\"150\" height=\"150\" src=\"https:\/\/www.radiopiu.net\/wordpress\/wp-content\/uploads\/2025\/03\/26cbdf88-774f-4828-994b-979a320e0d59-150x150.jpg\" class=\"attachment-thumbnail size-thumbnail\" alt=\"\" \/><\/a>\n\t\t\t\t<\/dt><\/dl><dl class='gallery-item'>\n\t\t\t\t<dt class='gallery-icon landscape'>\n\t\t\t\t\t<a class=\"rollover rollover-zoom dt-pswp-item\" title=\"75880823-469e-47b2-b151-764ae2dd5c41\" data-dt-img-description=\"\" data-large_image_width=\"1600\" data-large_image_height=\"1200\"href='https:\/\/www.radiopiu.net\/wordpress\/wp-content\/uploads\/2025\/03\/75880823-469e-47b2-b151-764ae2dd5c41.jpg'><img loading=\"lazy\" decoding=\"async\" width=\"150\" height=\"150\" src=\"https:\/\/www.radiopiu.net\/wordpress\/wp-content\/uploads\/2025\/03\/75880823-469e-47b2-b151-764ae2dd5c41-150x150.jpg\" class=\"attachment-thumbnail size-thumbnail\" alt=\"\" \/><\/a>\n\t\t\t\t<\/dt><\/dl><dl class='gallery-item'>\n\t\t\t\t<dt class='gallery-icon landscape'>\n\t\t\t\t\t<a class=\"rollover rollover-zoom dt-pswp-item\" title=\"ac73534d-a10d-4fcd-958d-9d39821dd5a3\" data-dt-img-description=\"\" data-large_image_width=\"1600\" data-large_image_height=\"1200\"href='https:\/\/www.radiopiu.net\/wordpress\/wp-content\/uploads\/2025\/03\/ac73534d-a10d-4fcd-958d-9d39821dd5a3.jpg'><img loading=\"lazy\" decoding=\"async\" width=\"150\" height=\"150\" src=\"https:\/\/www.radiopiu.net\/wordpress\/wp-content\/uploads\/2025\/03\/ac73534d-a10d-4fcd-958d-9d39821dd5a3-150x150.jpg\" class=\"attachment-thumbnail size-thumbnail\" alt=\"\" \/><\/a>\n\t\t\t\t<\/dt><\/dl><dl class='gallery-item'>\n\t\t\t\t<dt class='gallery-icon landscape'>\n\t\t\t\t\t<a class=\"rollover rollover-zoom dt-pswp-item\" title=\"81c07f9c-7fde-48c5-a325-cc32f0be81b6\" data-dt-img-description=\"\" data-large_image_width=\"1600\" data-large_image_height=\"1200\"href='https:\/\/www.radiopiu.net\/wordpress\/wp-content\/uploads\/2025\/03\/81c07f9c-7fde-48c5-a325-cc32f0be81b6.jpg'><img loading=\"lazy\" decoding=\"async\" width=\"150\" height=\"150\" src=\"https:\/\/www.radiopiu.net\/wordpress\/wp-content\/uploads\/2025\/03\/81c07f9c-7fde-48c5-a325-cc32f0be81b6-150x150.jpg\" class=\"attachment-thumbnail size-thumbnail\" alt=\"\" \/><\/a>\n\t\t\t\t<\/dt><\/dl><dl class='gallery-item'>\n\t\t\t\t<dt class='gallery-icon landscape'>\n\t\t\t\t\t<a class=\"rollover rollover-zoom dt-pswp-item\" title=\"a0870bd8-aeb8-4001-b3f5-bfcbdf5990da\" data-dt-img-description=\"\" data-large_image_width=\"1600\" data-large_image_height=\"1200\"href='https:\/\/www.radiopiu.net\/wordpress\/wp-content\/uploads\/2025\/03\/a0870bd8-aeb8-4001-b3f5-bfcbdf5990da.jpg'><img loading=\"lazy\" decoding=\"async\" width=\"150\" height=\"150\" src=\"https:\/\/www.radiopiu.net\/wordpress\/wp-content\/uploads\/2025\/03\/a0870bd8-aeb8-4001-b3f5-bfcbdf5990da-150x150.jpg\" class=\"attachment-thumbnail size-thumbnail\" alt=\"\" \/><\/a>\n\t\t\t\t<\/dt><\/dl><br style=\"clear: both\" \/>\n\t\t\t<\/div>\n\n<blockquote>\n<h3>WEEKEND DI FINE CORSI A FORCELLA AURINE<\/h3>\n<\/blockquote>\n<p><strong>GOSALDO <\/strong>Anche quest\u2019anno si conclude una parte essenziale delle attivit\u00e0 a Forcella Aurine, segnando la fine dei corsi di sci con un weekend speciale. Un ringraziamento speciale va al <em>Skirata Team<\/em>, i maestri di sci, che con passione e grande professionalit\u00e0 dedicano il loro tempo e le loro competenze per insegnare a grandi e piccini l\u2019arte dello sci. Grazie al loro impegno, non solo si migliorano le abilit\u00e0 tecniche, ma si tramanda anche la cultura e lo spirito delle Dolomiti, un valore inestimabile per la gente di montagna e per tutti coloro che amano questo territorio. Per quanto riguarda la data di chiusura degli impianti di Forcella Aurine, bisogna valutare l\u2019evoluzione della perturbazione prevista nei prossimi giorni. Solo dopo aver valutato le condizioni meteo verr\u00e0 comunicare con certezza il termine della stagione sciistica.<\/p>\n\n\t\t\t<style type='text\/css'>\n\t\t\t\t#gallery-10 {\n\t\t\t\t\tmargin: auto;\n\t\t\t\t}\n\t\t\t\t#gallery-10 .gallery-item {\n\t\t\t\t\tfloat: left;\n\t\t\t\t\tmargin-top: 10px;\n\t\t\t\t\ttext-align: center;\n\t\t\t\t\twidth: 33%;\n\t\t\t\t}\n\t\t\t\t#gallery-10 img {\n\t\t\t\t\tborder: 2px solid #cfcfcf;\n\t\t\t\t}\n\t\t\t\t#gallery-10 .gallery-caption {\n\t\t\t\t\tmargin-left: 0;\n\t\t\t\t}\n\t\t\t\t\/* see gallery_shortcode() in wp-includes\/media.php *\/\n\t\t\t<\/style>\n\t\t<div id='gallery-10' class='dt-gallery-container gallery galleryid-438566 gallery-columns-3 gallery-size-thumbnail'><dl class='gallery-item'>\n\t\t\t\t<dt class='gallery-icon landscape'>\n\t\t\t\t\t<a class=\"rollover rollover-zoom dt-pswp-item\" title=\"Screenshot\" data-dt-img-description=\"\" data-large_image_width=\"1420\" data-large_image_height=\"948\"href='https:\/\/www.radiopiu.net\/wordpress\/wp-content\/uploads\/2025\/03\/SCR-20250309-rcsq.jpeg'><img loading=\"lazy\" decoding=\"async\" width=\"150\" height=\"150\" src=\"https:\/\/www.radiopiu.net\/wordpress\/wp-content\/uploads\/2025\/03\/SCR-20250309-rcsq-150x150.jpeg\" class=\"attachment-thumbnail size-thumbnail\" alt=\"\" \/><\/a>\n\t\t\t\t<\/dt><\/dl><dl class='gallery-item'>\n\t\t\t\t<dt class='gallery-icon portrait'>\n\t\t\t\t\t<a class=\"rollover rollover-zoom dt-pswp-item\" title=\"483064219_1069007601908658_9154972090219469759_n\" data-dt-img-description=\"\" data-large_image_width=\"1536\" data-large_image_height=\"2048\"href='https:\/\/www.radiopiu.net\/wordpress\/wp-content\/uploads\/2025\/03\/483064219_1069007601908658_9154972090219469759_n.jpg'><img loading=\"lazy\" decoding=\"async\" width=\"150\" height=\"150\" src=\"https:\/\/www.radiopiu.net\/wordpress\/wp-content\/uploads\/2025\/03\/483064219_1069007601908658_9154972090219469759_n-150x150.jpg\" class=\"attachment-thumbnail size-thumbnail\" alt=\"\" \/><\/a>\n\t\t\t\t<\/dt><\/dl><dl class='gallery-item'>\n\t\t\t\t<dt class='gallery-icon portrait'>\n\t\t\t\t\t<a class=\"rollover rollover-zoom dt-pswp-item\" title=\"482349617_1069007655241986_1742063296545696621_n\" data-dt-img-description=\"\" data-large_image_width=\"1536\" data-large_image_height=\"2048\"href='https:\/\/www.radiopiu.net\/wordpress\/wp-content\/uploads\/2025\/03\/482349617_1069007655241986_1742063296545696621_n.jpg'><img loading=\"lazy\" decoding=\"async\" width=\"150\" height=\"150\" src=\"https:\/\/www.radiopiu.net\/wordpress\/wp-content\/uploads\/2025\/03\/482349617_1069007655241986_1742063296545696621_n-150x150.jpg\" class=\"attachment-thumbnail size-thumbnail\" alt=\"\" \/><\/a>\n\t\t\t\t<\/dt><\/dl><br style=\"clear: both\" \/>\n\t\t\t<\/div>\n\n<p><span style=\"color: #0000ff;\"><strong>PALLAVOLO<\/strong><\/span><\/p>\n<div class=\"moz-text-html\" lang=\"x-unicode\">\n<div dir=\"ltr\">\n<blockquote><p><b>Savigliano superato al tie-break: bellunesi secondi nella griglia playoff<\/b><\/p><\/blockquote>\n<p><b><a class=\"dt-pswp-item\" href=\"https:\/\/www.radiopiu.net\/wordpress\/wp-content\/uploads\/2025\/03\/Belluno_Volley_schierato_prima_del_match.jpg\" data-dt-img-description=\"\" data-large_image_width=\"1620\" data-large_image_height=\"1080\"><img loading=\"lazy\" decoding=\"async\" class=\"size-medium wp-image-438874 alignleft\" src=\"https:\/\/www.radiopiu.net\/wordpress\/wp-content\/uploads\/2025\/03\/Belluno_Volley_schierato_prima_del_match-300x200.jpg\" alt=\"\" width=\"300\" height=\"200\" srcset=\"https:\/\/www.radiopiu.net\/wordpress\/wp-content\/uploads\/2025\/03\/Belluno_Volley_schierato_prima_del_match-300x200.jpg 300w, https:\/\/www.radiopiu.net\/wordpress\/wp-content\/uploads\/2025\/03\/Belluno_Volley_schierato_prima_del_match-1024x683.jpg 1024w, https:\/\/www.radiopiu.net\/wordpress\/wp-content\/uploads\/2025\/03\/Belluno_Volley_schierato_prima_del_match-768x512.jpg 768w, https:\/\/www.radiopiu.net\/wordpress\/wp-content\/uploads\/2025\/03\/Belluno_Volley_schierato_prima_del_match-1536x1024.jpg 1536w, https:\/\/www.radiopiu.net\/wordpress\/wp-content\/uploads\/2025\/03\/Belluno_Volley_schierato_prima_del_match.jpg 1620w\" sizes=\"auto, (max-width: 300px) 100vw, 300px\" \/><\/a>MONGE GERBAUDO SAVIGLIANO-BELLUNO VOLLEY 2-3<\/b><\/p>\n<p><b>PARZIALI: <\/b>19-25, 26-24, 23-25, 25-23, 9-15.<span class=\"gmail-Apple-converted-space\">\u00a0<\/span><\/p>\n<p><b>BELLUNO VOLLEY: <\/b>Ferrato 5, Mian 16, Basso 6, Luisetto 9, Schiro 18, Loglisci 15; Martinez (L), Guizzardi, Saibene, Bisi 14, Bassanello (L). N.e. Cengia, Mozzato. Allenatore: M. Marzola.<span class=\"gmail-Apple-converted-space\">\u00a0<\/span><\/p>\n<p>&nbsp;<\/p>\n<p><b>L\u2019ANALISI &#8211; <\/b>\u00ab\u00c8 stata una partita difficile, nella quale non abbiamo espresso una pallavolo spettacolare &#8211; afferma coach Marzola -. Ma, a causa di di qualche acciacco, eravamo reduci da una settimana un po\u2019 \u201cparticolare\u201d e non siamo riusciti ad allenarci con continuit\u00e0. In ogni caso, \u00e8 andata. Testa alla prossima\u00bb. Ovvero, a Savigliano: \u00abRiaffronteremo i piemontesi? Vorr\u00e0 dire che avremo qualche video in pi\u00f9 da guardare\u00bb.<span class=\"gmail-Apple-converted-space\">\u00a0<\/span><\/p>\n<\/div>\n<\/div>\n<p>&nbsp;<\/p>\n<p>&nbsp;<\/p>\n","protected":false},"excerpt":{"rendered":"<p>********* &nbsp; LA\u00a0 APP PER IOS-IPHONE di Nicola Vettorello https:\/\/apps.apple.com\/it\/app\/radio-pi%C3%B9-emittente-agordina\/id1515939845 LA\u00a0 APP RADIO\u00a0 PER ANDROID di Nicola Vettorello https:\/\/play.google.com\/store\/apps\/details?id=net.radiopiu.iniko\u00a0\u00a0\u00a0\u00a0 &nbsp; PASSO CAMPOLONGO ORE 6.45 FOTO FEDERICA &nbsp; &nbsp; &nbsp; &nbsp; OGGI ALLE \u00a0 8.00 LA RASSEGNA STAMPA LOCALE, 8 20 NCONTONSE CON MILLY CREPAZ A SEGUIRE PIU&#8217; SIAMO IL PROGRAMMA QUOTIDIANO CON MARINA DONA&#8217; 9.00&hellip;<\/p>\n","protected":false},"author":4,"featured_media":438883,"comment_status":"closed","ping_status":"closed","sticky":false,"template":"","format":"standard","meta":{"_monsterinsights_skip_tracking":false,"_monsterinsights_sitenote_active":false,"_monsterinsights_sitenote_note":"","_monsterinsights_sitenote_category":0,"footnotes":""},"categories":[51,86,49],"tags":[],"class_list":["post-438566","post","type-post","status-publish","format-standard","has-post-thumbnail","hentry","category-evidenza-top","category-gr","category-news-18","category-51","category-86","category-49","description-off"],"img_url":"https:\/\/www.radiopiu.net\/wordpress\/wp-content\/uploads\/2025\/03\/6a7f37df-1911-4ff5-a115-e7a053fc1920.jpg","_links":{"self":[{"href":"https:\/\/www.radiopiu.net\/wordpress\/wp-json\/wp\/v2\/posts\/438566","targetHints":{"allow":["GET"]}}],"collection":[{"href":"https:\/\/www.radiopiu.net\/wordpress\/wp-json\/wp\/v2\/posts"}],"about":[{"href":"https:\/\/www.radiopiu.net\/wordpress\/wp-json\/wp\/v2\/types\/post"}],"author":[{"embeddable":true,"href":"https:\/\/www.radiopiu.net\/wordpress\/wp-json\/wp\/v2\/users\/4"}],"replies":[{"embeddable":true,"href":"https:\/\/www.radiopiu.net\/wordpress\/wp-json\/wp\/v2\/comments?post=438566"}],"version-history":[{"count":42,"href":"https:\/\/www.radiopiu.net\/wordpress\/wp-json\/wp\/v2\/posts\/438566\/revisions"}],"predecessor-version":[{"id":439081,"href":"https:\/\/www.radiopiu.net\/wordpress\/wp-json\/wp\/v2\/posts\/438566\/revisions\/439081"}],"wp:featuredmedia":[{"embeddable":true,"href":"https:\/\/www.radiopiu.net\/wordpress\/wp-json\/wp\/v2\/media\/438883"}],"wp:attachment":[{"href":"https:\/\/www.radiopiu.net\/wordpress\/wp-json\/wp\/v2\/media?parent=438566"}],"wp:term":[{"taxonomy":"category","embeddable":true,"href":"https:\/\/www.radiopiu.net\/wordpress\/wp-json\/wp\/v2\/categories?post=438566"},{"taxonomy":"post_tag","embeddable":true,"href":"https:\/\/www.radiopiu.net\/wordpress\/wp-json\/wp\/v2\/tags?post=438566"}],"curies":[{"name":"wp","href":"https:\/\/api.w.org\/{rel}","templated":true}]}}