{"id":438631,"date":"2025-03-08T16:45:58","date_gmt":"2025-03-08T15:45:58","guid":{"rendered":"https:\/\/www.radiopiu.net\/wordpress\/?p=438631"},"modified":"2025-03-08T16:45:58","modified_gmt":"2025-03-08T15:45:58","slug":"lassemblea-distituto-al-liceo-dal-piaz","status":"publish","type":"post","link":"https:\/\/www.radiopiu.net\/wordpress\/lassemblea-distituto-al-liceo-dal-piaz\/","title":{"rendered":"L&#8217;ASSEMBLEA D&#8217;ISTITUTO AL LICEO DAL PIAZ"},"content":{"rendered":"<p>******<\/p>\n<p>&nbsp;<\/p>\n<p><strong>FELTRE <\/strong>Oggi il Liceo Dal Piaz ha dedicato la sua assemblea d\u2019istituto a due temi fondamentali per gli studenti: educazione sessuale e affettiva per il biennio, orientamento universitario per il triennio. La plenaria sulla sessualit\u00e0, rivolta a 250 studenti, \u00e8 stata guidata dalla dottoressa Ilaria Pezzani, primaria di Ginecologia dell\u2019ospedale di Feltre, e dall\u2019ostetrica Alba Agostinetto del consultorio familiare dell\u2019Ulss 1 Dolomiti. Per due ore gli studenti hanno partecipato a un dialogo interattivo su contraccezione, malattie sessualmente trasmissibili, consenso, affettivit\u00e0 e sostegno in caso di necessit\u00e0. L\u2019incontro, costruito con il coinvolgimento attivo dei rappresentanti d\u2019istituto, ha suscitato grande interesse e partecipazione. \u201cAbbiamo fortemente voluto affrontare il tema della sessualit\u00e0 in tutte le sue sfaccettature perch\u00e9 dagli studenti stessi \u00e8 emersa questa esigenza,\u201d spiegano i rappresentanti d\u2019istituto. \u201cInformazione e consapevolezza sono fondamentali per una relazione positiva con il proprio corpo e per una vita sessuale sicura, serena e appagante. Ringraziamo di cuore le dottoresse Pezzani e Agostinetto per il loro contributo prezioso e appassionato.\u201d Parallelamente, l\u2019assemblea del triennio ha visto la partecipazione di quasi 80 ex studenti del liceo, oggi universitari, che hanno condiviso la loro esperienza con gli attuali liceali. Provenienti da 40 facolt\u00e0 diverse, gli ex alunni hanno illustrato i loro percorsi di studio attraverso incontri liberi e interattivi, permettendo agli studenti di scegliere fino a tre presentazioni. L\u2019orientamento si \u00e8 aperto con un incontro tenuto dal professor Gianni Moretta, della rete BellunOrienta, che ha fornito una panoramica sul funzionamento del sistema universitario. Successivamente, gli studenti hanno avuto modo di confrontarsi direttamente con gli ex alunni in un contesto informale e senza barriere, chiarendosi le idee sul proprio futuro attraverso il racconto di esperienze dirette. \u201cSiamo entusiasti del grande numero di ex alunni che hanno accolto il nostro invito,\u201d raccontano i rappresentanti d\u2019istituto. \u201cMolti di loro ci hanno detto di essere tornati volentieri, perch\u00e9 conservano un bel ricordo del liceo e per aiutare i ragazzi a costruire il proprio futuro.\u201d<\/p>\n\n\t\t\t<style type='text\/css'>\n\t\t\t\t#gallery-1 {\n\t\t\t\t\tmargin: auto;\n\t\t\t\t}\n\t\t\t\t#gallery-1 .gallery-item {\n\t\t\t\t\tfloat: left;\n\t\t\t\t\tmargin-top: 10px;\n\t\t\t\t\ttext-align: center;\n\t\t\t\t\twidth: 50%;\n\t\t\t\t}\n\t\t\t\t#gallery-1 img {\n\t\t\t\t\tborder: 2px solid #cfcfcf;\n\t\t\t\t}\n\t\t\t\t#gallery-1 .gallery-caption {\n\t\t\t\t\tmargin-left: 0;\n\t\t\t\t}\n\t\t\t\t\/* see gallery_shortcode() in wp-includes\/media.php *\/\n\t\t\t<\/style>\n\t\t<div id='gallery-1' class='dt-gallery-container gallery galleryid-438631 gallery-columns-2 gallery-size-medium'><dl class='gallery-item'>\n\t\t\t\t<dt class='gallery-icon landscape'>\n\t\t\t\t\t<a class=\"rollover rollover-zoom dt-pswp-item\" title=\"IMG_0196\" data-dt-img-description=\"\" data-large_image_width=\"2560\" data-large_image_height=\"1920\"href='https:\/\/www.radiopiu.net\/wordpress\/wp-content\/uploads\/2025\/03\/IMG_0196-scaled.jpeg'><img loading=\"lazy\" decoding=\"async\" width=\"300\" height=\"225\" src=\"https:\/\/www.radiopiu.net\/wordpress\/wp-content\/uploads\/2025\/03\/IMG_0196-300x225.jpeg\" class=\"attachment-medium size-medium\" alt=\"\" srcset=\"https:\/\/www.radiopiu.net\/wordpress\/wp-content\/uploads\/2025\/03\/IMG_0196-300x225.jpeg 300w, https:\/\/www.radiopiu.net\/wordpress\/wp-content\/uploads\/2025\/03\/IMG_0196-1024x768.jpeg 1024w, https:\/\/www.radiopiu.net\/wordpress\/wp-content\/uploads\/2025\/03\/IMG_0196-768x576.jpeg 768w, https:\/\/www.radiopiu.net\/wordpress\/wp-content\/uploads\/2025\/03\/IMG_0196-1536x1152.jpeg 1536w, https:\/\/www.radiopiu.net\/wordpress\/wp-content\/uploads\/2025\/03\/IMG_0196-2048x1536.jpeg 2048w\" sizes=\"auto, (max-width: 300px) 100vw, 300px\" \/><\/a>\n\t\t\t\t<\/dt><\/dl><dl class='gallery-item'>\n\t\t\t\t<dt class='gallery-icon landscape'>\n\t\t\t\t\t<a class=\"rollover rollover-zoom dt-pswp-item\" title=\"IMG_0239\" data-dt-img-description=\"\" data-large_image_width=\"2560\" data-large_image_height=\"2072\"href='https:\/\/www.radiopiu.net\/wordpress\/wp-content\/uploads\/2025\/03\/IMG_0239-scaled.jpeg'><img loading=\"lazy\" decoding=\"async\" width=\"300\" height=\"243\" src=\"https:\/\/www.radiopiu.net\/wordpress\/wp-content\/uploads\/2025\/03\/IMG_0239-300x243.jpeg\" class=\"attachment-medium size-medium\" alt=\"\" srcset=\"https:\/\/www.radiopiu.net\/wordpress\/wp-content\/uploads\/2025\/03\/IMG_0239-300x243.jpeg 300w, https:\/\/www.radiopiu.net\/wordpress\/wp-content\/uploads\/2025\/03\/IMG_0239-1024x829.jpeg 1024w, https:\/\/www.radiopiu.net\/wordpress\/wp-content\/uploads\/2025\/03\/IMG_0239-768x622.jpeg 768w, https:\/\/www.radiopiu.net\/wordpress\/wp-content\/uploads\/2025\/03\/IMG_0239-1536x1243.jpeg 1536w, https:\/\/www.radiopiu.net\/wordpress\/wp-content\/uploads\/2025\/03\/IMG_0239-2048x1658.jpeg 2048w\" sizes=\"auto, (max-width: 300px) 100vw, 300px\" \/><\/a>\n\t\t\t\t<\/dt><\/dl><br style=\"clear: both\" \/>\n\t\t\t<\/div>\n\n<p>&nbsp;<\/p>\n<p>&nbsp;<\/p>\n<p>*********<\/p>\n","protected":false},"excerpt":{"rendered":"<p>****** &nbsp; FELTRE Oggi il Liceo Dal Piaz ha dedicato la sua assemblea d\u2019istituto a due temi fondamentali per gli studenti: educazione sessuale e affettiva per il biennio, orientamento universitario per il triennio. La plenaria sulla sessualit\u00e0, rivolta a 250 studenti, \u00e8 stata guidata dalla dottoressa Ilaria Pezzani, primaria di Ginecologia dell\u2019ospedale di Feltre, e&hellip;<\/p>\n","protected":false},"author":4,"featured_media":438628,"comment_status":"closed","ping_status":"closed","sticky":false,"template":"","format":"standard","meta":{"_monsterinsights_skip_tracking":false,"_monsterinsights_sitenote_active":false,"_monsterinsights_sitenote_note":"","_monsterinsights_sitenote_category":0,"footnotes":""},"categories":[49],"tags":[],"class_list":["post-438631","post","type-post","status-publish","format-standard","has-post-thumbnail","hentry","category-news-18","category-49","description-off"],"img_url":"https:\/\/www.radiopiu.net\/wordpress\/wp-content\/uploads\/2025\/03\/IMG_0196-scaled.jpeg","_links":{"self":[{"href":"https:\/\/www.radiopiu.net\/wordpress\/wp-json\/wp\/v2\/posts\/438631","targetHints":{"allow":["GET"]}}],"collection":[{"href":"https:\/\/www.radiopiu.net\/wordpress\/wp-json\/wp\/v2\/posts"}],"about":[{"href":"https:\/\/www.radiopiu.net\/wordpress\/wp-json\/wp\/v2\/types\/post"}],"author":[{"embeddable":true,"href":"https:\/\/www.radiopiu.net\/wordpress\/wp-json\/wp\/v2\/users\/4"}],"replies":[{"embeddable":true,"href":"https:\/\/www.radiopiu.net\/wordpress\/wp-json\/wp\/v2\/comments?post=438631"}],"version-history":[{"count":1,"href":"https:\/\/www.radiopiu.net\/wordpress\/wp-json\/wp\/v2\/posts\/438631\/revisions"}],"predecessor-version":[{"id":438632,"href":"https:\/\/www.radiopiu.net\/wordpress\/wp-json\/wp\/v2\/posts\/438631\/revisions\/438632"}],"wp:featuredmedia":[{"embeddable":true,"href":"https:\/\/www.radiopiu.net\/wordpress\/wp-json\/wp\/v2\/media\/438628"}],"wp:attachment":[{"href":"https:\/\/www.radiopiu.net\/wordpress\/wp-json\/wp\/v2\/media?parent=438631"}],"wp:term":[{"taxonomy":"category","embeddable":true,"href":"https:\/\/www.radiopiu.net\/wordpress\/wp-json\/wp\/v2\/categories?post=438631"},{"taxonomy":"post_tag","embeddable":true,"href":"https:\/\/www.radiopiu.net\/wordpress\/wp-json\/wp\/v2\/tags?post=438631"}],"curies":[{"name":"wp","href":"https:\/\/api.w.org\/{rel}","templated":true}]}}