{"id":438643,"date":"2025-03-08T19:20:06","date_gmt":"2025-03-08T18:20:06","guid":{"rendered":"https:\/\/www.radiopiu.net\/wordpress\/?p=438643"},"modified":"2025-03-08T19:20:06","modified_gmt":"2025-03-08T18:20:06","slug":"riaccendiamo-belluno-raccolte-731-firme","status":"publish","type":"post","link":"https:\/\/www.radiopiu.net\/wordpress\/riaccendiamo-belluno-raccolte-731-firme\/","title":{"rendered":"RIACCENDIAMO BELLUNO: RACCOLTE 731 FIRME"},"content":{"rendered":"<p>******<\/p>\n<p>&nbsp;<\/p>\n<p><strong><a class=\"dt-pswp-item\" href=\"https:\/\/www.radiopiu.net\/wordpress\/wp-content\/uploads\/2023\/05\/SIAMO-BELLUNO.png\" data-dt-img-description=\"\" data-large_image_width=\"750\" data-large_image_height=\"484\"><img loading=\"lazy\" decoding=\"async\" class=\" wp-image-336800 alignleft\" src=\"https:\/\/www.radiopiu.net\/wordpress\/wp-content\/uploads\/2023\/05\/SIAMO-BELLUNO-300x194.png\" alt=\"\" width=\"169\" height=\"109\" srcset=\"https:\/\/www.radiopiu.net\/wordpress\/wp-content\/uploads\/2023\/05\/SIAMO-BELLUNO-300x194.png 300w, https:\/\/www.radiopiu.net\/wordpress\/wp-content\/uploads\/2023\/05\/SIAMO-BELLUNO.png 750w\" sizes=\"auto, (max-width: 169px) 100vw, 169px\" \/><\/a>BELLUNO <\/strong>Si \u00e8 conclusa con la raccolta di 731 firme l&#8217;iniziativa \u201cRiaccendiamo le notti di Belluno\u201d, promossa dal laboratorio politico SiAmo Belluno per chiedere all&#8217;amministrazione comunale, tramite una petizione popolare, la riaccensione dell&#8217;illuminazione pubblica nelle ore notturne. Questo \u00e8 il bilancio dell&#8217;iniziativa avviata lo scorso autunno con banchetti nelle piazze: otto gli appuntamenti organizzati tra met\u00e0 novembre e inizio febbraio, tra i mercati del centro e di Cavarzano, oltre al coinvolgimento di diverse attivit\u00e0 economiche della citt\u00e0. \u201cSiamo felici e orgogliosi della risposta dei bellunesi. I numeri parlano chiaro: in tanti ci hanno contattato sulle nostre pagine social per avere informazioni e sottoscrivere la richiesta. Abbiamo dato vita a una petizione popolare \u201cvera\u201d, tra le piazze, i negozi e la gente. Con una petizione online, considerando le numerose richieste di adesione da remoto che continuano ad arrivare, il risultato sarebbe stato ancora pi\u00f9 alto \u2013 commenta il portavoce di SiAmo Belluno, Biagio Giannone \u2013. Tantissimi residenti del capoluogo, ma anche cittadini che lavorano o attraversano la citt\u00e0, hanno aderito all&#8217;iniziativa. Nei prossimi giorni depositeremo tutte le firme a Palazzo Rosso. All&#8217;amministrazione lasciamo un segnale forte e trasversale, con idee e suggerimenti, senza sterili polemiche. Ora confidiamo che il dibattito politico porti a una risposta concreta alla richiesta di queste centinaia di bellunesi\u201d.<\/p>\n<p>&nbsp;<\/p>\n<p>&nbsp;<\/p>\n<p>*******<\/p>\n","protected":false},"excerpt":{"rendered":"<p>****** &nbsp; BELLUNO Si \u00e8 conclusa con la raccolta di 731 firme l&#8217;iniziativa \u201cRiaccendiamo le notti di Belluno\u201d, promossa dal laboratorio politico SiAmo Belluno per chiedere all&#8217;amministrazione comunale, tramite una petizione popolare, la riaccensione dell&#8217;illuminazione pubblica nelle ore notturne. Questo \u00e8 il bilancio dell&#8217;iniziativa avviata lo scorso autunno con banchetti nelle piazze: otto gli appuntamenti&hellip;<\/p>\n","protected":false},"author":4,"featured_media":336800,"comment_status":"closed","ping_status":"closed","sticky":false,"template":"","format":"standard","meta":{"_monsterinsights_skip_tracking":false,"_monsterinsights_sitenote_active":false,"_monsterinsights_sitenote_note":"","_monsterinsights_sitenote_category":0,"footnotes":""},"categories":[49],"tags":[],"class_list":["post-438643","post","type-post","status-publish","format-standard","has-post-thumbnail","hentry","category-news-18","category-49","description-off"],"img_url":"https:\/\/www.radiopiu.net\/wordpress\/wp-content\/uploads\/2023\/05\/SIAMO-BELLUNO.png","_links":{"self":[{"href":"https:\/\/www.radiopiu.net\/wordpress\/wp-json\/wp\/v2\/posts\/438643","targetHints":{"allow":["GET"]}}],"collection":[{"href":"https:\/\/www.radiopiu.net\/wordpress\/wp-json\/wp\/v2\/posts"}],"about":[{"href":"https:\/\/www.radiopiu.net\/wordpress\/wp-json\/wp\/v2\/types\/post"}],"author":[{"embeddable":true,"href":"https:\/\/www.radiopiu.net\/wordpress\/wp-json\/wp\/v2\/users\/4"}],"replies":[{"embeddable":true,"href":"https:\/\/www.radiopiu.net\/wordpress\/wp-json\/wp\/v2\/comments?post=438643"}],"version-history":[{"count":1,"href":"https:\/\/www.radiopiu.net\/wordpress\/wp-json\/wp\/v2\/posts\/438643\/revisions"}],"predecessor-version":[{"id":438644,"href":"https:\/\/www.radiopiu.net\/wordpress\/wp-json\/wp\/v2\/posts\/438643\/revisions\/438644"}],"wp:featuredmedia":[{"embeddable":true,"href":"https:\/\/www.radiopiu.net\/wordpress\/wp-json\/wp\/v2\/media\/336800"}],"wp:attachment":[{"href":"https:\/\/www.radiopiu.net\/wordpress\/wp-json\/wp\/v2\/media?parent=438643"}],"wp:term":[{"taxonomy":"category","embeddable":true,"href":"https:\/\/www.radiopiu.net\/wordpress\/wp-json\/wp\/v2\/categories?post=438643"},{"taxonomy":"post_tag","embeddable":true,"href":"https:\/\/www.radiopiu.net\/wordpress\/wp-json\/wp\/v2\/tags?post=438643"}],"curies":[{"name":"wp","href":"https:\/\/api.w.org\/{rel}","templated":true}]}}