{"id":438756,"date":"2025-03-10T05:15:20","date_gmt":"2025-03-10T04:15:20","guid":{"rendered":"https:\/\/www.radiopiu.net\/wordpress\/?p=438756"},"modified":"2025-03-10T05:44:27","modified_gmt":"2025-03-10T04:44:27","slug":"malga-calleda-e-duranstoria-di-un-monte-pascolivo-quarta-parte","status":"publish","type":"post","link":"https:\/\/www.radiopiu.net\/wordpress\/malga-calleda-e-duranstoria-di-un-monte-pascolivo-quarta-parte\/","title":{"rendered":"MALGA CALLEDA E DUR\u00c0N: STORIA DI UN \u201cMONTE PASCOLIVO\u201d &#8211; QUARTA PARTE"},"content":{"rendered":"<p>*******<\/p>\n<p>&nbsp;<\/p>\n<p><strong>DI TIZIANO DE COL<\/strong><\/p>\n<p>Per una corretta lettura di quest\u2019articolo, consigliamo di anteporre la lettura delle precedenti tre parti:<\/p>\n<p><span style=\"color: #3366ff;\"><strong><a href=\"https:\/\/www.radiopiu.net\/wordpress\/malga-calleda-e-duran-storia-di-un-monte-pascolivo-prima-parte\/\">PARTE 1<\/a>\u00a0 \u00a0<a href=\"https:\/\/www.radiopiu.net\/wordpress\/malga-calleda-e-duran_storia-di-un-monte-pascolivo-seconda-parte\/\">PARTE 2<\/a>\u00a0 \u00a0<a href=\"https:\/\/www.radiopiu.net\/wordpress\/malga-calleda-e-duran-storia-di-un-monte-pascolivo-terza-parte\/\">PARTE 3<\/a><\/strong><\/span><\/p>\n<p>facendo seguito ai precedenti articoli sopra menzionati e prima di affrontare la Convenzione del 1550 tra\u00a0 il proprietario del forno da ferro di Dont, Alvise Fontana e la Regola della Valle e la Confinazione con Zoldo del 1603, riportiamo i riassunti degli atti d\u2019acquisto della Regola della Valle sul Monte Dur\u00e0n del XV\u00b0 (1400) e XVI\u00b0 (1500) secolo. Tali atti d\u2019acquisto sono stati trascritti e riportati negli atti di un processo per la propriet\u00e0 del Monte di Dur\u00e0n intentato dalla Regola Grande di Agort insieme alle Regole del Piano (Toccol-Parech-Listolade, Forno de Val, Taibon- Peden), tenutosi tra il 1720 e il 1725 e conservati presso l\u2019Archivio Storico del Comune di Belluno. Alcuni di questi, originali in pergamena , sono conservati presso l\u2019 Archivio Storico del Comune di La Valle, mentre altri originali, trascritti nel 1720-1725, sono andati purtroppo dispersi nei 300 anni trascorsi, ma fortunatamente esistono le citate trascrizioni conservate nel Fondo Prefettura dell\u2019 Archivio Storico del Comune di Belluno al n 338. In questi atti, oltre agli acquisti fatti dalla Regola della Valle sul Monte di Dur\u00e0n, troviamo anche gli acquisti da parte della Regola della Valle dell\u2019attuale Malga Roa, del Monte di Ballanzola (attuale Malga Foca con Folega e rispettivi pascoli) e della Val Clusa, ma della Roa, Ballanzola, Val Clusa scriveremo in altri approfondimenti, qui ci concentriamo sul Monte di Calleda e Dur\u00e0n. Precisiamo sempre che la diciture \u201cMonte\u201d o \u201cMontagna\u201d riportate negli antichi documenti, si riferiscono ai pascoli o prati di monte e mai alla roccia come intendiamo noi ora che veniva al tempo definita Cima o Sasso oppure Crot o Croda. I termini \u201cScofa\u201d o \u201cScuffa\u201d, derivanti dall\u2019 altotedesco (tedesco antico) \u201cSkupfe\u201d\u00a0 che tradotto significa tettoia, indicano una baita di montagna in legno o in pietra-legno. Il termine \u00e8 ancora usato pienamente a La Valle per indicare tale tipo di costruzione. Nei documenti antichi si cita molto il \u201ccarro di fieno\u201d come misura per la capacit\u00e0 produttiva di un prato segativo o di un pascolo. Carro di fieno : circa 600 libbre per carro (= circa 300 Kg per carro) [Pietro Monego_ In Val di Zoldo nel Sette \u2013 Ottocento pag 8-11- Lettera di Borca contro Zoldo \u2013 Belluno 22\/09\/1839. Essendo la documentazione originale e le trascrizioni scritte in latino, mi sono anche avvalso di appunti manoscritti di Don Ferdinando Tamis contenenti brevi traduzioni degli originali. Della pergamena del 1354 \u201cPermuta di un prato sul Monte Dur\u00e0n e acquisto di due case a Gosaldo\u201d ,conservata in Archivio Storico del Comune di La Valle Agordina abbiamo gi\u00e0 scritto delle precedenti parti di questa trattazione, riportate all\u2019inizio di questa parte, ora procediamo con l\u2019elencazione con breve riassunto dei successivi documenti pergamenacei trattanti gli acquisti della Regola della Valle su Calleda e Dur\u00e0n:<\/p>\n<ul>\n<li><strong>1426 \u2013 21 gennaio<\/strong>: la Regola della Valle a nome dei Regolieri, rappresentata da Castejono fu Bartolomeo dei Nardini da Conaggia, acquista da Martino fu Antonio da Gaidon, per lire sei di denari piccoli, la terza parte di un prato in Dur\u00e0n nel luogo detto <em>in Columpo<\/em> e la terza parte di una <em>scofa <\/em>, confinanti da ogni parte con i prati del Monte di Dur\u00e0n. Documento mancante in originale in archivio Storico del Comune di La Valle Agordina, presente in trascrizione in Archivio Storico del Comune di Belluno.<\/li>\n<li><strong>1426 \u2013 22 luglio<\/strong>: la Regola della Valle a nome dei Regolieri, rappresentata da: Casteyono Tomedi fu Betrami, Bernardo fu Francesco da Conaggia, Lugano fu Pietro da Lantrago, Lanzaroto fu Pizali dello stesso luogo, Vittore fu Antonio da Fadesso, Giacomo fu Bortolo da Fadesso e Giovanni fu Michele da Fadesso, acquista a nome dei Regolieri della Valle un prato sul Monte di Dur\u00e0n, nel luogo detto <em>soto Canzel <\/em>di circa sei carri di fieno confinante da una parte con Pietro fu Lugano da Lantrago e dall\u2019altra il bosco. La Regola acquista anche una striscia di prato nel luogo detto <em>alle Saline <\/em>confinante con gli eredi di Daniele de Molino e i prati della Montagna di Dur\u00e0n. Documento mancante in originale in archivio Storico del Comune di La Valle Agordina, presente in trascrizione in Archivio Storico del Comune di Belluno.<\/li>\n<li><strong>1427 \u2013 18 aprile<\/strong> : la Regola della Valle a nome dei Regolieri, rappresentata da Casteyono da Conaggia, Giacomo fu Bartolomeo da Fadesso, Pietro fu Lugano da Lantrago, Giovanni Canice da Cugnago, Vendramino da Gardono (Gaidon), acquista da Bonacurso figlio di Lanzaroto da Lantrago, due pezzi di prato sul Dur\u00e0n, uno nel luogo detto <em>in confin, <\/em>che confina con Vittore da Fadesso e i pascoli della Montagna e l\u2019altro confina con Giovanni fu Pizoli da Lantrago e i pascoli della stessa Montagna. Documento mancante in originale in archivio Storico del Comune di La Valle Agordina, presente in trascrizione in Archivio Storico del Comune di Belluno.<\/li>\n<li><strong>1427 \u2013 18 aprile<\/strong>: la Regola della Valle a nome dei Regolieri, rappresentata da Casteyono da Conaggia, Vendramo da Graydono (Gaidon), Pietro fu Lugano da Lantrago e Giovanni da Fadesso, acquista da Giovanni fu ser Pizoli da Lantrago, per 22 soldi, un pezzo di prato sul Dur\u00e0n, nel luogo detto <em>in confin, <\/em>confinante con Vittore da Fadesso e i pascoli della Montagna. Documento mancante in originale in archivio Storico del Comune di La Valle Agordina, presente in trascrizione in Archivio Storico del Comune di Belluno.<\/li>\n<li><strong>1428 \u2013 6 giugno<\/strong>: la Regola della Valle a nome dei Regolieri, rappresentata da Casteyono da Conaggia, Vittore da Fadesso, Bartolomeo fu Nicola da Torsaso e Giacomo fu Bartolomeo da Fadesso, acquista da Donna Caterina del fu Michele da Gaidon, per il prezzo di lire sette denari piccoli, la terza parte di un prato sul Dur\u00e0n, nel luogo detto <em>in Columpo <\/em>, con la terza parte di una <em>scofa <\/em>nel prato indiviso che tiene con Masino e Pietro di Giacomo da Gaidon, confinante da una parte con detto Pietro e dall\u2019altra con <em>la \u201cRegula de Lavalle, sine hominus et personas Regularum de Lavalle\u201d. <\/em>Documento presente sia in originale in archivio Storico del Comune di La Valle Agordina, che in trascrizione in Archivio Storico del Comune di Belluno.<\/li>\n<\/ul>\n<ul>\n<li><strong>1428 \u2013 6 giugno<\/strong>: la Regola della Valle a nome dei Regolieri, rappresentata da Casayono (Casteyono) fu Bartolomeo di ser Innardini da Conaggia, Vittore fu Antonio da Fadesso, Giacomo fu Bartolomeo dello stesso luogo e Nicola da Torsaso, acquista da Pietro fu Giacomo de Guidino (Gaidon) di La Valle, per il prezzo di lire tredici denari piccoli, la terza parte di un prato indiviso sul Dur\u00e0n nel luogo detto <em>in Columpo <\/em>, che teneva con la Regola di La Valle e la terza parte di una <em>scofa <\/em>che vi era costruita, confinate con la propriet\u00e0 della Regola e i pascoli. Documento mancante in originale in archivio Storico del Comune di La Valle Agordina, presente in trascrizione in Archivio Storico del Comune di Belluno.<\/li>\n<li><strong>1428 <\/strong>\u2013 <strong>5 settembre<\/strong>: la Regola della Valle a nome dei Regolieri, rappresentata da Casteyono fu Bartolomeo di ser Nardini di Conaggia, Vittore da Fadesso, Domenico da Cugnago fu Serafino da Fadesso, Giovanni fu Antonio Pizoli da Lantrago e a Vittore fu Giacomo de Gardono (Gaidon), acquista da Domenico fu Bartolomeo Rossi da Pedeno , che ora abita a Torsaso di La Valle, per il prezzo di 19 denari piccoli, un prato sul Dur\u00e0n nel luogo detto <em>Confin, <\/em>circondato da tutte le parti dalla Montagna di Dur\u00e0n; inoltre un pezzo di prato sullo stesso monte nel luogo detto <em>alla Roa de Salse, <\/em>confinante con Giovanni <em>Canece <\/em>da Cugnago e con la detta <em>Roa de Salse. <\/em>Documento mancante in originale in archivio Storico del Comune di La Valle Agordina, presente in trascrizione in Archivio Storico del Comune di Belluno.<\/li>\n<li><strong>1547 &#8211; 10 giugno: <\/strong>: la Regola della Valle a nome dei Regolieri e consorti, rappresentata da Antonio fu Silvestro Zas e Damiano fu Silvestro da Lantrago dal notaio Giovanni Battista de Curia o Corte, un prato di circa cinque carri di fieno sul Monte di Caleda (Calleda) , verso il Pra de Caleda, circondato dal bosco di Caleda degli stessi Regolieri, che era appartenuto a Giovanni Longo da Lantrago , i Regolieri e Consorti, ricevono a titolo di livello perpetuo , con la pensione annua di lire sette e mezza di denari piccoli, a norma degli Statuti Bellunesi, con la possibilit\u00e0 di affrancare quando avessero versato lire 150 di denari piccoli, in una volta, entro il termine di sei anni altrimenti potevano essere citati in giudizio. Documento presente sia in originale in archivio Storico del Comune di La Valle Agordina, che in trascrizione in Archivio Storico del Comune di Belluno.<\/li>\n<\/ul>\n<ul>\n<li><strong>1581 \u2013 25 giugno: <\/strong>la Regola della Valle a nome dei Regolieri, rappresentata da Bartolomeo fu Damiano Cassilario giurato della Regola di Lavalle d\u2019Agordo, Giacomo de Cassano fu Giovanni, Giovanni de Sergio de Torsassio fu Michele, Floriano de Cassano fu Bartolomeo, Dino de Cassano fu Leonardo, Bartolomeo fu Matteo \u201cdi Rodis (?)\u201d, Antonio di Cassano fu Ioata e Thomeo figlio di Daniele da Gaidono, acquista da Ser Natale de Oliverio fu Apollonio da Lantrago che agisce anche per conto del fratello Giovanni Maria e del nipote Matteo, per il prezzo di lire 325 di denari piccoli, secondo la stima fatta, un prato di circa 15 carri di fieno, con dentro una <em>scuffa <\/em>, posto nelle pertinenza di La Valle sul Monte di Calleda, detto <em>Pra del Canziel <\/em>, riservandosi gli alberi di larice esistenti, che il detto venditore potr\u00e0 tagliare nel termine di due anni, passati i quali rimarranno della Regola. I confini del detto prato: a mattina (est), mezzogiorno (sud), e sera (ovest) la Montagna di Caleda di detta Regola, a settentrione (nord) Michele Negro (Niger) da Torsassio. Documento presente sia in originale in archivio Storico del Comune di La Valle Agordina, che in trascrizione in Archivio Storico del Comune di Belluno.<\/li>\n<\/ul>\n<p>Per completare il ciclo documentale o antologia degli acquisti o atti della Regola della Valle sui Monti Pascolivi di Calleda e Dur\u00e0n nel corso dei secoli XV\u00b0 e XVI\u00b0, a cavallo tra Medioevo ed Et\u00e0 Moderna, riproponiamo un Laudo o Regolamento del 1447 riguardante il Monte di Calleda, da noi gi\u00e0 pubblicato:\u00a0<span style=\"color: #3366ff;\"><a style=\"color: #3366ff;\" href=\"https:\/\/www.radiopiu.net\/wordpress\/sui-domini-collettivi-ossia-i-cosiddetti-usi-civici-le-regole-altri-quinta-parte\/\"><strong>CLICCA QUI <\/strong><\/a><\/span>\u00a0Documento presente sia in originale in archivio Storico del Comune di La Valle Agordina, che in trascrizione in Archivio Storico del Comune di Belluno.<\/p>\n<p>Un ulteriore documento riguardate le confinazioni tra la Regola della Valle e le Regole di Dont e Goima \u00e8 gi\u00e0 stato da noi pubblicato, ma sar\u00e0 oggetto di un ulteriore nostro approfondimento dell\u2019ambito di questa serie di ricerche storiche riguardanti il \u201c Monte pascolivo di Calleda e Dur\u00e0n\u201d:\u00a0<span style=\"color: #3366ff;\"><a style=\"color: #3366ff;\" href=\"https:\/\/www.radiopiu.net\/wordpress\/propieta-e-confinazioni-antiche-sul-passo-duran-di-tiziano-de-col\/\"><strong>CLICCA QUI<\/strong><\/a><\/span><\/p>\n<p>Un particolare ringraziamento va alle dottoresse Ceiner e Miscellaneo per le utilissime notizie fornite e al dott. Luca Moimas dell\u2019 Archivio Storico del Comune di Belluno per la cortese disponibilit\u00e0 della quale sicuramente dovr\u00f2 ancora approfittare in futuro. Probabilmente nell\u2019 Archivio Storico del Comune di La Valle Agordina vi \u00e8 una ulteriore copia delle trascrizioni conservate nel Fondo Prefettura dell\u2019 Archivio Storico del Comune di Belluno al n 338, ma allo stato di fatto, non abbiamo ancora avuta la possibilit\u00e0 di verificare.<\/p>\n<p>&#8212; continua &#8212;-<\/p>\n<p>&nbsp;<\/p>\n<p><strong>DALL&#8217;ARCHIVIO DI TIZIANO DE COL<\/strong><\/p>\n\n\t\t\t<style type='text\/css'>\n\t\t\t\t#gallery-1 {\n\t\t\t\t\tmargin: auto;\n\t\t\t\t}\n\t\t\t\t#gallery-1 .gallery-item {\n\t\t\t\t\tfloat: left;\n\t\t\t\t\tmargin-top: 10px;\n\t\t\t\t\ttext-align: center;\n\t\t\t\t\twidth: 33%;\n\t\t\t\t}\n\t\t\t\t#gallery-1 img {\n\t\t\t\t\tborder: 2px solid #cfcfcf;\n\t\t\t\t}\n\t\t\t\t#gallery-1 .gallery-caption {\n\t\t\t\t\tmargin-left: 0;\n\t\t\t\t}\n\t\t\t\t\/* see gallery_shortcode() in wp-includes\/media.php *\/\n\t\t\t<\/style>\n\t\t<div id='gallery-1' class='dt-gallery-container gallery galleryid-438756 gallery-columns-3 gallery-size-thumbnail'><dl class='gallery-item'>\n\t\t\t\t<dt class='gallery-icon landscape'>\n\t\t\t\t\t<a class=\"rollover rollover-zoom dt-pswp-item\" title=\"212b9b09-252e-4bfc-904f-0b50032ac92c\" data-dt-img-description=\"\" data-large_image_width=\"886\" data-large_image_height=\"663\"href='https:\/\/www.radiopiu.net\/wordpress\/wp-content\/uploads\/2025\/03\/212b9b09-252e-4bfc-904f-0b50032ac92c.jpg'><img loading=\"lazy\" decoding=\"async\" width=\"150\" height=\"150\" src=\"https:\/\/www.radiopiu.net\/wordpress\/wp-content\/uploads\/2025\/03\/212b9b09-252e-4bfc-904f-0b50032ac92c-150x150.jpg\" class=\"attachment-thumbnail size-thumbnail\" alt=\"\" \/><\/a>\n\t\t\t\t<\/dt><\/dl><dl class='gallery-item'>\n\t\t\t\t<dt class='gallery-icon portrait'>\n\t\t\t\t\t<a class=\"rollover rollover-zoom dt-pswp-item\" title=\"9c2072b1-4a27-4c00-9c59-35ef72f44fcb\" data-dt-img-description=\"\" data-large_image_width=\"1200\" data-large_image_height=\"1600\"href='https:\/\/www.radiopiu.net\/wordpress\/wp-content\/uploads\/2025\/03\/9c2072b1-4a27-4c00-9c59-35ef72f44fcb.jpg'><img loading=\"lazy\" decoding=\"async\" width=\"150\" height=\"150\" src=\"https:\/\/www.radiopiu.net\/wordpress\/wp-content\/uploads\/2025\/03\/9c2072b1-4a27-4c00-9c59-35ef72f44fcb-150x150.jpg\" class=\"attachment-thumbnail size-thumbnail\" alt=\"\" \/><\/a>\n\t\t\t\t<\/dt><\/dl><dl class='gallery-item'>\n\t\t\t\t<dt class='gallery-icon landscape'>\n\t\t\t\t\t<a class=\"rollover rollover-zoom dt-pswp-item\" title=\"PERGAMENA_N_004\" data-dt-img-description=\"\" data-large_image_width=\"672\" data-large_image_height=\"525\"href='https:\/\/www.radiopiu.net\/wordpress\/wp-content\/uploads\/2025\/03\/PERGAMENA_N_004.jpg'><img loading=\"lazy\" decoding=\"async\" width=\"150\" height=\"150\" src=\"https:\/\/www.radiopiu.net\/wordpress\/wp-content\/uploads\/2025\/03\/PERGAMENA_N_004-150x150.jpg\" class=\"attachment-thumbnail size-thumbnail\" alt=\"\" \/><\/a>\n\t\t\t\t<\/dt><\/dl><br style=\"clear: both\" \/><dl class='gallery-item'>\n\t\t\t\t<dt class='gallery-icon landscape'>\n\t\t\t\t\t<a class=\"rollover rollover-zoom dt-pswp-item\" title=\"PERGAMENA_N_004A\" data-dt-img-description=\"\" data-large_image_width=\"662\" data-large_image_height=\"525\"href='https:\/\/www.radiopiu.net\/wordpress\/wp-content\/uploads\/2025\/03\/PERGAMENA_N_004A.jpg'><img loading=\"lazy\" decoding=\"async\" width=\"150\" height=\"150\" src=\"https:\/\/www.radiopiu.net\/wordpress\/wp-content\/uploads\/2025\/03\/PERGAMENA_N_004A-150x150.jpg\" class=\"attachment-thumbnail size-thumbnail\" alt=\"\" \/><\/a>\n\t\t\t\t<\/dt><\/dl><dl class='gallery-item'>\n\t\t\t\t<dt class='gallery-icon landscape'>\n\t\t\t\t\t<a class=\"rollover rollover-zoom dt-pswp-item\" title=\"PERGAMENA_N_041\" data-dt-img-description=\"\" data-large_image_width=\"586\" data-large_image_height=\"586\"href='https:\/\/www.radiopiu.net\/wordpress\/wp-content\/uploads\/2025\/03\/PERGAMENA_N_041.jpg'><img loading=\"lazy\" decoding=\"async\" width=\"150\" height=\"150\" src=\"https:\/\/www.radiopiu.net\/wordpress\/wp-content\/uploads\/2025\/03\/PERGAMENA_N_041-150x150.jpg\" class=\"attachment-thumbnail size-thumbnail\" alt=\"\" srcset=\"https:\/\/www.radiopiu.net\/wordpress\/wp-content\/uploads\/2025\/03\/PERGAMENA_N_041-150x150.jpg 150w, https:\/\/www.radiopiu.net\/wordpress\/wp-content\/uploads\/2025\/03\/PERGAMENA_N_041-300x300.jpg 300w, https:\/\/www.radiopiu.net\/wordpress\/wp-content\/uploads\/2025\/03\/PERGAMENA_N_041.jpg 586w\" sizes=\"auto, (max-width: 150px) 100vw, 150px\" \/><\/a>\n\t\t\t\t<\/dt><\/dl><dl class='gallery-item'>\n\t\t\t\t<dt class='gallery-icon landscape'>\n\t\t\t\t\t<a class=\"rollover rollover-zoom dt-pswp-item\" title=\"PERGAMENA_N_041A\" data-dt-img-description=\"\" data-large_image_width=\"588\" data-large_image_height=\"586\"href='https:\/\/www.radiopiu.net\/wordpress\/wp-content\/uploads\/2025\/03\/PERGAMENA_N_041A.jpg'><img loading=\"lazy\" decoding=\"async\" width=\"150\" height=\"150\" src=\"https:\/\/www.radiopiu.net\/wordpress\/wp-content\/uploads\/2025\/03\/PERGAMENA_N_041A-150x150.jpg\" class=\"attachment-thumbnail size-thumbnail\" alt=\"\" srcset=\"https:\/\/www.radiopiu.net\/wordpress\/wp-content\/uploads\/2025\/03\/PERGAMENA_N_041A-150x150.jpg 150w, https:\/\/www.radiopiu.net\/wordpress\/wp-content\/uploads\/2025\/03\/PERGAMENA_N_041A-300x300.jpg 300w, https:\/\/www.radiopiu.net\/wordpress\/wp-content\/uploads\/2025\/03\/PERGAMENA_N_041A.jpg 588w\" sizes=\"auto, (max-width: 150px) 100vw, 150px\" \/><\/a>\n\t\t\t\t<\/dt><\/dl><br style=\"clear: both\" \/><dl class='gallery-item'>\n\t\t\t\t<dt class='gallery-icon portrait'>\n\t\t\t\t\t<a class=\"rollover rollover-zoom dt-pswp-item\" title=\"PERGAMENA_N_014\" data-dt-img-description=\"\" data-large_image_width=\"391\" data-large_image_height=\"1195\"href='https:\/\/www.radiopiu.net\/wordpress\/wp-content\/uploads\/2025\/03\/PERGAMENA_N_014.jpg'><img loading=\"lazy\" decoding=\"async\" width=\"150\" height=\"150\" src=\"https:\/\/www.radiopiu.net\/wordpress\/wp-content\/uploads\/2025\/03\/PERGAMENA_N_014-150x150.jpg\" class=\"attachment-thumbnail size-thumbnail\" alt=\"\" \/><\/a>\n\t\t\t\t<\/dt><\/dl><dl class='gallery-item'>\n\t\t\t\t<dt class='gallery-icon portrait'>\n\t\t\t\t\t<a class=\"rollover rollover-zoom dt-pswp-item\" title=\"PERGAMENA_N_014A\" data-dt-img-description=\"\" data-large_image_width=\"396\" data-large_image_height=\"1182\"href='https:\/\/www.radiopiu.net\/wordpress\/wp-content\/uploads\/2025\/03\/PERGAMENA_N_014A.jpg'><img loading=\"lazy\" decoding=\"async\" width=\"150\" height=\"150\" src=\"https:\/\/www.radiopiu.net\/wordpress\/wp-content\/uploads\/2025\/03\/PERGAMENA_N_014A-150x150.jpg\" class=\"attachment-thumbnail size-thumbnail\" alt=\"\" \/><\/a>\n\t\t\t\t<\/dt><\/dl><dl class='gallery-item'>\n\t\t\t\t<dt class='gallery-icon landscape'>\n\t\t\t\t\t<a class=\"rollover rollover-zoom dt-pswp-item\" title=\"PERGAMENA_N_014B\" data-dt-img-description=\"\" data-large_image_width=\"393\" data-large_image_height=\"380\"href='https:\/\/www.radiopiu.net\/wordpress\/wp-content\/uploads\/2025\/03\/PERGAMENA_N_014B.jpg'><img loading=\"lazy\" decoding=\"async\" width=\"150\" height=\"150\" src=\"https:\/\/www.radiopiu.net\/wordpress\/wp-content\/uploads\/2025\/03\/PERGAMENA_N_014B-150x150.jpg\" class=\"attachment-thumbnail size-thumbnail\" alt=\"\" \/><\/a>\n\t\t\t\t<\/dt><\/dl><br style=\"clear: both\" \/>\n\t\t\t<\/div>\n\n<p>&nbsp;<\/p>\n<p>&nbsp;<\/p>\n<p>********<\/p>\n","protected":false},"excerpt":{"rendered":"<p>******* &nbsp; DI TIZIANO DE COL Per una corretta lettura di quest\u2019articolo, consigliamo di anteporre la lettura delle precedenti tre parti: PARTE 1\u00a0 \u00a0PARTE 2\u00a0 \u00a0PARTE 3 facendo seguito ai precedenti articoli sopra menzionati e prima di affrontare la Convenzione del 1550 tra\u00a0 il proprietario del forno da ferro di Dont, Alvise Fontana e la&hellip;<\/p>\n","protected":false},"author":4,"featured_media":438757,"comment_status":"closed","ping_status":"closed","sticky":false,"template":"","format":"standard","meta":{"_monsterinsights_skip_tracking":false,"_monsterinsights_sitenote_active":false,"_monsterinsights_sitenote_note":"","_monsterinsights_sitenote_category":0,"footnotes":""},"categories":[1,104,49],"tags":[],"class_list":["post-438756","post","type-post","status-publish","format-standard","has-post-thumbnail","hentry","category-senza-categoria","category-evidenza_3","category-news-18","category-1","category-104","category-49","description-off"],"img_url":"https:\/\/www.radiopiu.net\/wordpress\/wp-content\/uploads\/2025\/03\/212b9b09-252e-4bfc-904f-0b50032ac92c.jpg","_links":{"self":[{"href":"https:\/\/www.radiopiu.net\/wordpress\/wp-json\/wp\/v2\/posts\/438756","targetHints":{"allow":["GET"]}}],"collection":[{"href":"https:\/\/www.radiopiu.net\/wordpress\/wp-json\/wp\/v2\/posts"}],"about":[{"href":"https:\/\/www.radiopiu.net\/wordpress\/wp-json\/wp\/v2\/types\/post"}],"author":[{"embeddable":true,"href":"https:\/\/www.radiopiu.net\/wordpress\/wp-json\/wp\/v2\/users\/4"}],"replies":[{"embeddable":true,"href":"https:\/\/www.radiopiu.net\/wordpress\/wp-json\/wp\/v2\/comments?post=438756"}],"version-history":[{"count":4,"href":"https:\/\/www.radiopiu.net\/wordpress\/wp-json\/wp\/v2\/posts\/438756\/revisions"}],"predecessor-version":[{"id":438770,"href":"https:\/\/www.radiopiu.net\/wordpress\/wp-json\/wp\/v2\/posts\/438756\/revisions\/438770"}],"wp:featuredmedia":[{"embeddable":true,"href":"https:\/\/www.radiopiu.net\/wordpress\/wp-json\/wp\/v2\/media\/438757"}],"wp:attachment":[{"href":"https:\/\/www.radiopiu.net\/wordpress\/wp-json\/wp\/v2\/media?parent=438756"}],"wp:term":[{"taxonomy":"category","embeddable":true,"href":"https:\/\/www.radiopiu.net\/wordpress\/wp-json\/wp\/v2\/categories?post=438756"},{"taxonomy":"post_tag","embeddable":true,"href":"https:\/\/www.radiopiu.net\/wordpress\/wp-json\/wp\/v2\/tags?post=438756"}],"curies":[{"name":"wp","href":"https:\/\/api.w.org\/{rel}","templated":true}]}}