{"id":438776,"date":"2025-03-10T05:36:08","date_gmt":"2025-03-10T04:36:08","guid":{"rendered":"https:\/\/www.radiopiu.net\/wordpress\/?p=438776"},"modified":"2025-03-10T05:43:26","modified_gmt":"2025-03-10T04:43:26","slug":"due-interventi-nella-domenica-del-suem-118","status":"publish","type":"post","link":"https:\/\/www.radiopiu.net\/wordpress\/due-interventi-nella-domenica-del-suem-118\/","title":{"rendered":"DUE INTERVENTI NELLA DOMENICA DEL SUEM 118"},"content":{"rendered":"<p>*******<\/p>\n<p>&nbsp;<\/p>\n<p><strong><a class=\"dt-pswp-item\" href=\"https:\/\/www.radiopiu.net\/wordpress\/wp-content\/uploads\/2024\/08\/SALT.jpg\" data-dt-img-description=\"\" data-large_image_width=\"2048\" data-large_image_height=\"1536\"><img loading=\"lazy\" decoding=\"async\" class=\" wp-image-404421 alignleft\" src=\"https:\/\/www.radiopiu.net\/wordpress\/wp-content\/uploads\/2024\/08\/SALT-300x225.jpg\" alt=\"\" width=\"156\" height=\"117\" srcset=\"https:\/\/www.radiopiu.net\/wordpress\/wp-content\/uploads\/2024\/08\/SALT-300x225.jpg 300w, https:\/\/www.radiopiu.net\/wordpress\/wp-content\/uploads\/2024\/08\/SALT-1024x768.jpg 1024w, https:\/\/www.radiopiu.net\/wordpress\/wp-content\/uploads\/2024\/08\/SALT-768x576.jpg 768w, https:\/\/www.radiopiu.net\/wordpress\/wp-content\/uploads\/2024\/08\/SALT-1536x1152.jpg 1536w, https:\/\/www.radiopiu.net\/wordpress\/wp-content\/uploads\/2024\/08\/SALT.jpg 2048w\" sizes=\"auto, (max-width: 156px) 100vw, 156px\" \/><\/a>REDAZIONE <\/strong>Nelle ultime 24 ore, il Servizio di Urgenza ed Emergenza Medica (SUEM) 118 di Belluno \u00e8 intervenuto per due emergenze in montagna, entrambe risoltesi con il trasporto dei feriti all\u2019ospedale di Belluno tramite elisoccorso. Il primo incidente si \u00e8 verificato alle ore 11:13 nella localit\u00e0 sciistica di Arabba, dove un uomo di 57 anni, residente nei Paesi Bassi, \u00e8 rimasto coinvolto in un incidente sugli sci. A seguito della caduta, le condizioni del ferito sono state giudicate di media gravit\u00e0 (codice 2). Sul posto \u00e8 intervenuto l\u2019elisoccorso Falco, che ha trasportato l\u2019uomo all\u2019ospedale di Belluno per le cure necessarie. Poco dopo, alle 12:31, un altro intervento ha avuto luogo a Canale d\u2019Agordo. Un uomo di 55 anni, residente a Padova, ha subito un trauma di media gravit\u00e0. Anche in questo caso, l\u2019elisoccorso Falco ha provveduto al trasporto in ospedale. Sui comprensori sciistici della provincia di Belluno ci sono stati 12 interventi.<\/p>\n<p>&nbsp;<\/p>\n<p>&nbsp;<\/p>\n<p>&nbsp;<\/p>\n<p>*******<\/p>\n","protected":false},"excerpt":{"rendered":"<p>******* &nbsp; REDAZIONE Nelle ultime 24 ore, il Servizio di Urgenza ed Emergenza Medica (SUEM) 118 di Belluno \u00e8 intervenuto per due emergenze in montagna, entrambe risoltesi con il trasporto dei feriti all\u2019ospedale di Belluno tramite elisoccorso. Il primo incidente si \u00e8 verificato alle ore 11:13 nella localit\u00e0 sciistica di Arabba, dove un uomo di&hellip;<\/p>\n","protected":false},"author":4,"featured_media":404421,"comment_status":"closed","ping_status":"closed","sticky":false,"template":"","format":"standard","meta":{"_monsterinsights_skip_tracking":false,"_monsterinsights_sitenote_active":false,"_monsterinsights_sitenote_note":"","_monsterinsights_sitenote_category":0,"footnotes":""},"categories":[51,49],"tags":[],"class_list":["post-438776","post","type-post","status-publish","format-standard","has-post-thumbnail","hentry","category-evidenza-top","category-news-18","category-51","category-49","description-off"],"img_url":"https:\/\/www.radiopiu.net\/wordpress\/wp-content\/uploads\/2024\/08\/SALT.jpg","_links":{"self":[{"href":"https:\/\/www.radiopiu.net\/wordpress\/wp-json\/wp\/v2\/posts\/438776","targetHints":{"allow":["GET"]}}],"collection":[{"href":"https:\/\/www.radiopiu.net\/wordpress\/wp-json\/wp\/v2\/posts"}],"about":[{"href":"https:\/\/www.radiopiu.net\/wordpress\/wp-json\/wp\/v2\/types\/post"}],"author":[{"embeddable":true,"href":"https:\/\/www.radiopiu.net\/wordpress\/wp-json\/wp\/v2\/users\/4"}],"replies":[{"embeddable":true,"href":"https:\/\/www.radiopiu.net\/wordpress\/wp-json\/wp\/v2\/comments?post=438776"}],"version-history":[{"count":1,"href":"https:\/\/www.radiopiu.net\/wordpress\/wp-json\/wp\/v2\/posts\/438776\/revisions"}],"predecessor-version":[{"id":438777,"href":"https:\/\/www.radiopiu.net\/wordpress\/wp-json\/wp\/v2\/posts\/438776\/revisions\/438777"}],"wp:featuredmedia":[{"embeddable":true,"href":"https:\/\/www.radiopiu.net\/wordpress\/wp-json\/wp\/v2\/media\/404421"}],"wp:attachment":[{"href":"https:\/\/www.radiopiu.net\/wordpress\/wp-json\/wp\/v2\/media?parent=438776"}],"wp:term":[{"taxonomy":"category","embeddable":true,"href":"https:\/\/www.radiopiu.net\/wordpress\/wp-json\/wp\/v2\/categories?post=438776"},{"taxonomy":"post_tag","embeddable":true,"href":"https:\/\/www.radiopiu.net\/wordpress\/wp-json\/wp\/v2\/tags?post=438776"}],"curies":[{"name":"wp","href":"https:\/\/api.w.org\/{rel}","templated":true}]}}