{"id":438780,"date":"2025-03-11T05:43:15","date_gmt":"2025-03-11T04:43:15","guid":{"rendered":"https:\/\/www.radiopiu.net\/wordpress\/?p=438780"},"modified":"2025-03-11T07:59:16","modified_gmt":"2025-03-11T06:59:16","slug":"giornale-radiopiu-11-marzo-2025-il-quotidiano-della-redazione","status":"publish","type":"post","link":"https:\/\/www.radiopiu.net\/wordpress\/giornale-radiopiu-11-marzo-2025-il-quotidiano-della-redazione\/","title":{"rendered":"GIORNALE RADIOPIU 11 MARZO 2025 IL QUOTIDIANO DELLA REDAZIONE"},"content":{"rendered":"<p>*********<\/p>\n<p>&nbsp;<\/p>\n<p><em><span style=\"color: #ff0000;\"><a class=\"dt-pswp-item\" href=\"https:\/\/www.radiopiu.net\/wordpress\/wp-content\/uploads\/2024\/10\/Senza-nome-8.png\" data-dt-img-description=\"\" data-large_image_width=\"343\" data-large_image_height=\"303\"><img loading=\"lazy\" decoding=\"async\" class=\"wp-image-412130 alignleft\" src=\"https:\/\/www.radiopiu.net\/wordpress\/wp-content\/uploads\/2024\/10\/Senza-nome-8-300x265.png\" alt=\"\" width=\"105\" height=\"93\" srcset=\"https:\/\/www.radiopiu.net\/wordpress\/wp-content\/uploads\/2024\/10\/Senza-nome-8-300x265.png 300w, https:\/\/www.radiopiu.net\/wordpress\/wp-content\/uploads\/2024\/10\/Senza-nome-8.png 343w\" sizes=\"auto, (max-width: 105px) 100vw, 105px\" \/><\/a><\/span><\/em><strong><em><span style=\"color: #ff0000;\"> LA\u00a0 APP PER IOS-IPHONE di Nicola Vettorello<\/span><\/em><\/strong><\/p>\n<p><strong><span style=\"color: #0000ff;\"><a style=\"color: #0000ff;\" href=\"https:\/\/apps.apple.com\/it\/app\/radio-pi%C3%B9-emittente-agordina\/id1515939845\">https:\/\/apps.apple.com\/it\/app\/radio-pi%C3%B9-emittente-agordina\/id1515939845<\/a><\/span><\/strong><\/p>\n<p><strong><em style=\"color: #ff0000;\">LA\u00a0 APP RADIO\u00a0 PER ANDROID di Nicola Vettorello<\/em><\/strong><\/p>\n<p><strong><span style=\"color: #0000ff;\"><a style=\"color: #0000ff;\" href=\"https:\/\/play.google.com\/store\/apps\/details?id=net.radiopiu.iniko\" target=\"_blank\" rel=\"noopener noreferrer\">https:\/\/<\/a><a style=\"color: #0000ff;\" href=\"https:\/\/play.google.com\/store\/apps\/details?id=net.radiopiu.iniko\" target=\"_blank\" rel=\"noopener noreferrer\">play.google.com\/store\/apps\/details?id=net.radiopiu.iniko\u00a0\u00a0\u00a0\u00a0<\/a><\/span><\/strong><\/p>\n<h1 style=\"text-align: center;\"><\/h1>\n<p>&nbsp;<\/p>\n<p>&nbsp;<\/p>\n<hr \/>\n<p>&nbsp;<\/p>\n<p><span style=\"color: #0000ff;\"><strong><a class=\"dt-pswp-item\" href=\"https:\/\/www.radiopiu.net\/wordpress\/wp-content\/uploads\/2025\/03\/b4c38aee-fe3f-4ef0-82fb-8bcf61d3289f.jpg\" data-dt-img-description=\"\" data-large_image_width=\"1600\" data-large_image_height=\"1200\"><img loading=\"lazy\" decoding=\"async\" class=\" wp-image-438928 alignleft\" src=\"https:\/\/www.radiopiu.net\/wordpress\/wp-content\/uploads\/2025\/03\/b4c38aee-fe3f-4ef0-82fb-8bcf61d3289f-300x225.jpg\" alt=\"\" width=\"219\" height=\"164\" srcset=\"https:\/\/www.radiopiu.net\/wordpress\/wp-content\/uploads\/2025\/03\/b4c38aee-fe3f-4ef0-82fb-8bcf61d3289f-300x225.jpg 300w, https:\/\/www.radiopiu.net\/wordpress\/wp-content\/uploads\/2025\/03\/b4c38aee-fe3f-4ef0-82fb-8bcf61d3289f-1024x768.jpg 1024w, https:\/\/www.radiopiu.net\/wordpress\/wp-content\/uploads\/2025\/03\/b4c38aee-fe3f-4ef0-82fb-8bcf61d3289f-768x576.jpg 768w, https:\/\/www.radiopiu.net\/wordpress\/wp-content\/uploads\/2025\/03\/b4c38aee-fe3f-4ef0-82fb-8bcf61d3289f-1536x1152.jpg 1536w, https:\/\/www.radiopiu.net\/wordpress\/wp-content\/uploads\/2025\/03\/b4c38aee-fe3f-4ef0-82fb-8bcf61d3289f.jpg 1600w\" sizes=\"auto, (max-width: 219px) 100vw, 219px\" \/><\/a>OGGI ALLE<\/strong>\u00a0<\/span>\u00a0<strong> 9.00<\/strong>\u00a0 la musica country, di ALEX NASCINBEN<strong>\u00a0 9-40 <\/strong>oggi come ieri con SILVIA BALDO \u00a0\u00a0<strong>10.30\u00a0 <\/strong>\u00a0gron trophy, quando rombano i motori, a Gron di Sospirolo, ospiti in studio MIRKO PEROTTO_KEVIN DAL PONT<b>13.20 <\/b>COLLAGE OPERAZIONE NOSTALGIA DI LORIS SCUSSEL <strong>14.00<\/strong> PIU MUSICA <strong>15.00 <\/strong>il martedi pomeriggio di Luisa Alchini, ospite FRANCESCA DE BIASI<\/p>\n<p><strong>ALLE 16<\/strong> IL ROCK, ALLE 17 MIRCO BENCIVENNI, <strong>ALLE 19.00<\/strong> LE ANTICIPAZIONI DAL TG DI ANTENNA 3 DI TIZIANA BOLOGNANI<\/p>\n<p>&nbsp;<\/p>\n<p>&nbsp;<\/p>\n<p>&nbsp;<\/p>\n<hr \/>\n<p>&nbsp;<\/p>\n<p>&nbsp;<\/p>\n<div class=\"x11i5rnm xat24cr x1mh8g0r x1vvkbs xtlvy1s x126k92a\">\n<div dir=\"auto\">\n<div dir=\"auto\">\n<p><strong><a class=\"dt-pswp-item\" href=\"https:\/\/www.radiopiu.net\/wordpress\/wp-content\/uploads\/2024\/02\/2d44e751-d8a8-461b-8e22-d8e4e853b032.jpg\" data-dt-img-description=\"\" data-large_image_width=\"1600\" data-large_image_height=\"1200\"><img loading=\"lazy\" decoding=\"async\" class=\"wp-image-373307 alignleft\" src=\"https:\/\/www.radiopiu.net\/wordpress\/wp-content\/uploads\/2024\/02\/2d44e751-d8a8-461b-8e22-d8e4e853b032-300x225.jpg\" alt=\"\" width=\"105\" height=\"79\" srcset=\"https:\/\/www.radiopiu.net\/wordpress\/wp-content\/uploads\/2024\/02\/2d44e751-d8a8-461b-8e22-d8e4e853b032-300x225.jpg 300w, https:\/\/www.radiopiu.net\/wordpress\/wp-content\/uploads\/2024\/02\/2d44e751-d8a8-461b-8e22-d8e4e853b032-1024x768.jpg 1024w, https:\/\/www.radiopiu.net\/wordpress\/wp-content\/uploads\/2024\/02\/2d44e751-d8a8-461b-8e22-d8e4e853b032-768x576.jpg 768w, https:\/\/www.radiopiu.net\/wordpress\/wp-content\/uploads\/2024\/02\/2d44e751-d8a8-461b-8e22-d8e4e853b032-1536x1152.jpg 1536w, https:\/\/www.radiopiu.net\/wordpress\/wp-content\/uploads\/2024\/02\/2d44e751-d8a8-461b-8e22-d8e4e853b032.jpg 1600w\" sizes=\"auto, (max-width: 105px) 100vw, 105px\" \/><\/a>EL BAL DEL FIOR, DI GIULIANA DA RONCH, 11 MARZO<\/strong><strong> 2025<\/strong><\/p>\n<audio class=\"wp-audio-shortcode\" id=\"audio-438780-1\" preload=\"none\" style=\"width: 100%;\" controls=\"controls\"><source type=\"audio\/mpeg\" src=\"https:\/\/www.radiopiu.net\/wordpress\/wp-content\/uploads\/2025\/03\/GMA-1.mp3?_=1\" \/><a href=\"https:\/\/www.radiopiu.net\/wordpress\/wp-content\/uploads\/2025\/03\/GMA-1.mp3\">https:\/\/www.radiopiu.net\/wordpress\/wp-content\/uploads\/2025\/03\/GMA-1.mp3<\/a><\/audio>\n<p>&nbsp;<\/p>\n<hr \/>\n<p>&nbsp;<\/p>\n<p>&nbsp;<\/p>\n<\/div>\n<\/div>\n<\/div>\n<div class=\"x11i5rnm xat24cr x1mh8g0r x1vvkbs xtlvy1s x126k92a\">\n<blockquote>\n<h1><strong><a class=\"dt-pswp-item\" href=\"https:\/\/www.radiopiu.net\/wordpress\/wp-content\/uploads\/2024\/10\/629301fd-708d-4f53-95c2-d28cbefd500f.jpg\" data-dt-img-description=\"\" data-large_image_width=\"1600\" data-large_image_height=\"1322\"><img loading=\"lazy\" decoding=\"async\" class=\"wp-image-413782 alignright\" src=\"https:\/\/www.radiopiu.net\/wordpress\/wp-content\/uploads\/2024\/10\/629301fd-708d-4f53-95c2-d28cbefd500f-300x248.jpg\" alt=\"\" width=\"106\" height=\"88\" srcset=\"https:\/\/www.radiopiu.net\/wordpress\/wp-content\/uploads\/2024\/10\/629301fd-708d-4f53-95c2-d28cbefd500f-300x248.jpg 300w, https:\/\/www.radiopiu.net\/wordpress\/wp-content\/uploads\/2024\/10\/629301fd-708d-4f53-95c2-d28cbefd500f-1024x846.jpg 1024w, https:\/\/www.radiopiu.net\/wordpress\/wp-content\/uploads\/2024\/10\/629301fd-708d-4f53-95c2-d28cbefd500f-768x635.jpg 768w, https:\/\/www.radiopiu.net\/wordpress\/wp-content\/uploads\/2024\/10\/629301fd-708d-4f53-95c2-d28cbefd500f-1536x1269.jpg 1536w, https:\/\/www.radiopiu.net\/wordpress\/wp-content\/uploads\/2024\/10\/629301fd-708d-4f53-95c2-d28cbefd500f.jpg 1600w\" sizes=\"auto, (max-width: 106px) 100vw, 106px\" \/><\/a><\/strong><\/h1>\n<h1><strong><a class=\"dt-pswp-item\" href=\"https:\/\/www.radiopiu.net\/wordpress\/wp-content\/uploads\/2024\/11\/th-18.jpg\" data-dt-img-description=\"\" data-large_image_width=\"156\" data-large_image_height=\"180\"><img loading=\"lazy\" decoding=\"async\" class=\"size-full wp-image-421611 alignleft\" src=\"https:\/\/www.radiopiu.net\/wordpress\/wp-content\/uploads\/2024\/11\/th-18.jpg\" alt=\"\" width=\"156\" height=\"180\" \/><\/a><\/strong><\/h1>\n<h1><strong>N di parom &#8211; L Almanach de la nosta jent<\/strong><\/h1>\n<\/blockquote>\n<p>&nbsp;<\/p>\n<p>Le voci: Davide Conedera, Agordo, Michela Dell&#8217;Osbel, La Valle Agordina Simone Ganz, Falcade Veronica Lezuo, Colle Santa Lucia. La voce nella sigla \u00e8 di Giorgia Taio<\/p>\n<p><strong>LA PUNTATA DI OGGI, 11 MARZO 2025<\/strong><\/p>\n<audio class=\"wp-audio-shortcode\" id=\"audio-438780-2\" preload=\"none\" style=\"width: 100%;\" controls=\"controls\"><source type=\"audio\/mpeg\" src=\"https:\/\/www.radiopiu.net\/wordpress\/wp-content\/uploads\/2025\/03\/AL2-2.mp3?_=2\" \/><a href=\"https:\/\/www.radiopiu.net\/wordpress\/wp-content\/uploads\/2025\/03\/AL2-2.mp3\">https:\/\/www.radiopiu.net\/wordpress\/wp-content\/uploads\/2025\/03\/AL2-2.mp3<\/a><\/audio>\n<p>&nbsp;<\/p>\n<p>&nbsp;<\/p>\n<p>&nbsp;<\/p>\n<\/div>\n<div class=\"x11i5rnm xat24cr x1mh8g0r x1vvkbs xtlvy1s x126k92a\">\n<div dir=\"auto\">\n<hr \/>\n<\/div>\n<\/div>\n<blockquote>\n<blockquote>\n<h1><span style=\"color: #ff0000;\">\u00a0<\/span><\/h1>\n<h1><span style=\"color: #ff0000;\">I podcast informativi del mattino &#8211; audio &#8211;\u00a0\u00a0<\/span><\/h1>\n<\/blockquote>\n<p><strong><a class=\"dt-pswp-item\" href=\"https:\/\/www.radiopiu.net\/wordpress\/wp-content\/uploads\/2024\/11\/6.jpg\" data-dt-img-description=\"\" data-large_image_width=\"177\" data-large_image_height=\"180\"><img loading=\"lazy\" decoding=\"async\" class=\"size-full wp-image-417911 alignleft\" src=\"https:\/\/www.radiopiu.net\/wordpress\/wp-content\/uploads\/2024\/11\/6.jpg\" alt=\"\" width=\"177\" height=\"180\" \/><\/a>LA RASSEGNA STAMPA NAZIONALE ALLA RADIO, OGNI GIORNO ALLE 5 E ALLE 6 DEL MATTINO <span style=\"color: #0000ff;\">viene pubblicata alle 6.00 <span style=\"color: #ff0000;\">DIRETTA RADIO\u00a0 \u00a0\u00a0<\/span><\/span><\/strong><\/p><\/blockquote>\n<p>&nbsp;<\/p>\n<p><strong>NOTIZIE DELLA NOTTE<\/strong><\/p>\n<p><strong>Musk,<\/strong> cyberattacco a X da indirizzi in area dell&#8217;Ucraina <strong>Arrestato<\/strong> l&#8217;ex presidente filippino Rodrigo Duterte <strong>Attacco con droni<\/strong> su Mosca, stop ai voli in due aeroporti <strong>Serbia<\/strong>, studenti bloccano sedi tv a Belgrado e Novi Sad <strong>Nuova sentenza<\/strong> su aiuti esteri Usa, Trump deve pagare 2 miliardi<br \/>\n<strong>Brasile<\/strong>, morti quattro ospiti di un rifugio per senzatetto <strong>Il governo di Caracas<\/strong> dichiara ExxonMobil &#8216;nemica del Venezuela&#8217; <strong>Serie A:<\/strong> Lazio-Udinese 1-1<\/p>\n<h1>AUDIO dalle 6 del mattino<\/h1>\n<audio class=\"wp-audio-shortcode\" id=\"audio-438780-3\" preload=\"none\" style=\"width: 100%;\" controls=\"controls\"><source type=\"audio\/mpeg\" src=\"https:\/\/www.radiopiu.net\/wordpress\/wp-content\/uploads\/2025\/03\/GIORNALEDELLESEI-7.mp3?_=3\" \/><a href=\"https:\/\/www.radiopiu.net\/wordpress\/wp-content\/uploads\/2025\/03\/GIORNALEDELLESEI-7.mp3\">https:\/\/www.radiopiu.net\/wordpress\/wp-content\/uploads\/2025\/03\/GIORNALEDELLESEI-7.mp3<\/a><\/audio>\n<p>&nbsp;<\/p>\n<p>&nbsp;<\/p>\n<hr \/>\n<p>&nbsp;<\/p>\n<h1 style=\"text-align: center;\"><span style=\"color: #ff0000;\"><a class=\"dt-pswp-item\" href=\"https:\/\/www.radiopiu.net\/wordpress\/wp-content\/uploads\/2024\/11\/7.jpg\" data-dt-img-description=\"\" data-large_image_width=\"180\" data-large_image_height=\"180\"><img loading=\"lazy\" decoding=\"async\" class=\"size-full wp-image-417912 alignleft\" src=\"https:\/\/www.radiopiu.net\/wordpress\/wp-content\/uploads\/2024\/11\/7.jpg\" alt=\"\" width=\"180\" height=\"180\" srcset=\"https:\/\/www.radiopiu.net\/wordpress\/wp-content\/uploads\/2024\/11\/7.jpg 180w, https:\/\/www.radiopiu.net\/wordpress\/wp-content\/uploads\/2024\/11\/7-150x150.jpg 150w\" sizes=\"auto, (max-width: 180px) 100vw, 180px\" \/><\/a>I podcast informativi del mattino &#8211; audio &#8211;\u00a0<\/span><\/h1>\n<p><strong>OGNI GIORNO ALLE SETTE DEL MATTINO, LA RASSEGNA STAMPA LOCALE FLASH&#8230; PER CHI VA IN FRETTA. I TITOLI DAI GIORNALI E DAL SITO WWW.RADIOPIU.NET <span style=\"color: #0000ff;\">viene pubblicato alle 7.00<\/span> <span style=\"color: #ff0000;\">DIRETTA RADIO\u00a0<\/span><\/strong><\/p>\n<p><em><span style=\"color: #ff0000;\">per chi va in fretta&#8230; tante notizie in pochi minuti. L&#8217;informazione locale alla radio, ogni ora dalle 7 del mattino alle 19 della sera.\u00a0<\/span><\/em><\/p>\n<p data-start=\"2053\" data-end=\"2595\">A <strong data-start=\"2055\" data-end=\"2075\">Motta di Livenza<\/strong>, la partita di basket tra <strong data-start=\"2102\" data-end=\"2125\">Pallacanestro Motta<\/strong> e <strong data-start=\"2128\" data-end=\"2149\">New Basket Feltre<\/strong> \u00e8 stata interrotta per 20 minuti a causa di insulti sessisti rivolti all&#8217;arbitra, Alice Fornasier, episodio che ha suscitato indignazione e che potrebbe portare a sanzioni per i responsabili. Un altro episodio di violenza si \u00e8 verificato a <strong data-start=\"2390\" data-end=\"2400\">Feltre<\/strong>, dove una rissa \u00e8 scoppiata tra un gruppo di giovani, alcuni minorenni, in un centro cittadino. La situazione \u00e8 stata riportata alla calma grazie all&#8217;intervento di tre pattuglie dei Carabinieri. In ambito legale, un cittadino senegalese di <strong data-start=\"3286\" data-end=\"3297\">Belluno<\/strong> \u00e8 stato condannato a un anno di reclusione per <strong data-start=\"3345\" data-end=\"3361\">revenge porn<\/strong>: aveva diffuso un video intimo della sua ex moglie, causando dolore e stress alla donna. Sempre a <strong data-start=\"3460\" data-end=\"3471\">Belluno<\/strong>, un uomo \u00e8 stato assolto dalle accuse di maltrattamenti in famiglia, nonostante le accuse di violenza, per le quali non sono stati raccolti prove sufficienti.<\/p>\n<h1>AUDIO dalle 7 del mattino<\/h1>\n<audio class=\"wp-audio-shortcode\" id=\"audio-438780-4\" preload=\"none\" style=\"width: 100%;\" controls=\"controls\"><source type=\"audio\/mpeg\" src=\"https:\/\/www.radiopiu.net\/wordpress\/wp-content\/uploads\/2025\/03\/GF07-8.mp3?_=4\" \/><a href=\"https:\/\/www.radiopiu.net\/wordpress\/wp-content\/uploads\/2025\/03\/GF07-8.mp3\">https:\/\/www.radiopiu.net\/wordpress\/wp-content\/uploads\/2025\/03\/GF07-8.mp3<\/a><\/audio>\n<p>&nbsp;<\/p>\n<p>&nbsp;<\/p>\n<hr \/>\n<p>&nbsp;<\/p>\n<h1><\/h1>\n<h1 style=\"text-align: center;\"><span style=\"color: #ff0000;\"><a class=\"dt-pswp-item\" href=\"https:\/\/www.radiopiu.net\/wordpress\/wp-content\/uploads\/2024\/11\/th.jpg\" data-dt-img-description=\"\" data-large_image_width=\"148\" data-large_image_height=\"179\"><img loading=\"lazy\" decoding=\"async\" class=\"size-full wp-image-417913 alignleft\" src=\"https:\/\/www.radiopiu.net\/wordpress\/wp-content\/uploads\/2024\/11\/th.jpg\" alt=\"\" width=\"148\" height=\"179\" \/><\/a>I podcast informativi del mattino &#8211; audio &#8211;\u00a0<\/span><\/h1>\n<blockquote><p><strong>GIORNALE RADIO NAZIONALE, EDIZIONE DELLE SETTE <span style=\"color: #0000ff;\">viene pubblicato alle 7.05 <span style=\"color: #ff0000;\">DIRETTA RADIO\u00a0<\/span><\/span><\/strong><\/p><\/blockquote>\n<p><strong>il giornale radionazionale e&#8217; in onda ogni ora, dalle sette del mattino alle venti della sera\u00a0 \u00a0<\/strong><\/p>\n<p><strong><a class=\"dt-pswp-item\" href=\"https:\/\/www.radiopiu.net\/wordpress\/wp-content\/uploads\/2025\/02\/download-7.jpg\" data-dt-img-description=\"\" data-large_image_width=\"211\" data-large_image_height=\"239\"><img loading=\"lazy\" decoding=\"async\" class=\" wp-image-435553 alignleft\" src=\"https:\/\/www.radiopiu.net\/wordpress\/wp-content\/uploads\/2025\/02\/download-7.jpg\" alt=\"\" width=\"128\" height=\"145\" \/><\/a>BERGAMO<\/strong> Svolta nelle indagini Uomo ucciso in casa, due uomini fermati nel Bergamasco <strong>NAPOLI<\/strong> Nel Napoletano La figlia \u00e8 gay, i genitori la minacciano e la sequestrano <strong>MILANO<\/strong> A 13 anni muore dopo il morso di una zecca avvenuto nel 2023, aperta un&#8217;inchiesta Il giovane era stato ricoverato in alcuni ospedali lombardi. Il morso risaliva al 2023, disposta l&#8217;autopsia <strong>RIETI<\/strong> Fantoccio di Meloni bruciato in piazza, &#8216;siamo tutti antifascisti&#8217;. Durante il carnevale &#8216;liberato&#8217;\u00a0 <strong>NAPOLI<\/strong> Al via la demolizione della Vela Gialla di Scampia <strong>MILANO<\/strong> Un uomo \u00e8 stato travolto e ucciso da un treno\u00a0 Sarebbe stato visto camminare lungo i binari tra le stazioni di Milano Certosa e Milano Centrale <strong>ALATRI<\/strong> Thomas ucciso per sbaglio, condannati padre e figlio Ergastolo a Roberto Toson e 24 anni a Mattia Toson. Il delitto nel 2023 ad Alatri <strong>TERRACINA<\/strong> Il corpo di un bracciante trovato in strada a Terracina, non \u00e8 stato investito Disposta l&#8217;autopsia, sul caso indagano i carabinieri <strong>MILANO<\/strong> Inchiesta sull&#8217;urbanista Sala: &#8216;L&#8217;addio a Salva Milano non \u00e8 una resa, si legiferi&#8217;<\/p>\n<blockquote><p>&nbsp;<\/p><\/blockquote>\n<p><strong><a class=\"dt-pswp-item\" href=\"https:\/\/www.radiopiu.net\/wordpress\/wp-content\/uploads\/2025\/02\/download-3.jpg\" data-dt-img-description=\"\" data-large_image_width=\"223\" data-large_image_height=\"226\"><img loading=\"lazy\" decoding=\"async\" class=\"size-full wp-image-434732 alignleft\" src=\"https:\/\/www.radiopiu.net\/wordpress\/wp-content\/uploads\/2025\/02\/download-3.jpg\" alt=\"\" width=\"223\" height=\"226\" \/><\/a>PADOVA<\/strong> Ferisce il coinquilino con una coltellata alla gola, arrestato Intervento carabinieri <strong>PADOVA <\/strong>Save sperimenta\u00a0 il progetto Sandbox con droni a idrogeno Utilizza i mini velivoli per trasferimento di merci sanitarie <strong>PADOVA <\/strong>Spazza strade per integrarsi ma rischia espulsione Ministero non riconosce status di rifugiato a giovane nigeriano\u00a0 <strong>VERONA<\/strong> Al via Letexpo,\u00a0 la maxi kermesse della logistica Da domani a venerdi 14 la manifestazione promossa dall&#8217;Alis <strong>VENEZIA<\/strong> Vaccini: il Veneto nel 2023 al 95% al top a livello nazionale Dati dell&#8217;ultima rilevazione del Ministero della Salute <strong>PADOVA<\/strong> Universit\u00e0 Padova in rete con imprese per rilancio Delta del Po. Ricercatori dell&#8217;Ateneo studiano grande biodiversit\u00e0 dell&#8217;area <strong>MOTTA DI LIVENZA<\/strong> La madre di un giocatore insulta l&#8217;arbitra: &#8216;Vai a fare la prostituta&#8217; Le offese urlate durante una gara di basket <strong>PADOVA<\/strong> Ddl Sicurezza, protesta al Palazzo della Ragione di Padova. Rebellion appende striscione, attivisti in catene <strong>VICENZA<\/strong> &#8216;Bomba day&#8217; nel Vicentino, chiuse le operazioni dopo 5 ore L&#8217;ordigno verr\u00e0 fatto brillare in una cava<\/p>\n<h1><span style=\"color: #ff0000;\"><span style=\"color: #0000ff;\">ULTIM&#8217;ORA<\/span> <span style=\"color: #000000;\">AUDIO dalle sette del mattino, ogni ora alla radio EDIZIONE DELLE SETTE<\/span><\/span><\/h1>\n<audio class=\"wp-audio-shortcode\" id=\"audio-438780-5\" preload=\"none\" style=\"width: 100%;\" controls=\"controls\"><source type=\"audio\/mpeg\" src=\"https:\/\/www.radiopiu.net\/wordpress\/wp-content\/uploads\/2025\/03\/giornale07-10.mp3?_=5\" \/><a href=\"https:\/\/www.radiopiu.net\/wordpress\/wp-content\/uploads\/2025\/03\/giornale07-10.mp3\">https:\/\/www.radiopiu.net\/wordpress\/wp-content\/uploads\/2025\/03\/giornale07-10.mp3<\/a><\/audio>\n<p>&nbsp;<\/p>\n<p>&nbsp;<\/p>\n<hr \/>\n<p>&nbsp;<\/p>\n<p>&nbsp;<\/p>\n<h1><span style=\"color: #ff0000;\"><a class=\"dt-pswp-item\" href=\"https:\/\/www.radiopiu.net\/wordpress\/wp-content\/uploads\/2024\/11\/8.jpg\" data-dt-img-description=\"\" data-large_image_width=\"180\" data-large_image_height=\"180\"><img loading=\"lazy\" decoding=\"async\" class=\"size-full wp-image-417910 alignleft\" src=\"https:\/\/www.radiopiu.net\/wordpress\/wp-content\/uploads\/2024\/11\/8.jpg\" alt=\"\" width=\"180\" height=\"180\" srcset=\"https:\/\/www.radiopiu.net\/wordpress\/wp-content\/uploads\/2024\/11\/8.jpg 180w, https:\/\/www.radiopiu.net\/wordpress\/wp-content\/uploads\/2024\/11\/8-150x150.jpg 150w\" sizes=\"auto, (max-width: 180px) 100vw, 180px\" \/><\/a>I podcast informativi del mattino &#8211; video &#8211;\u00a0<\/span><\/h1>\n<h2 style=\"text-align: left;\"><strong>RASSEGNA STAMPA LOCALE, ORE OTTO<\/strong><\/h2>\n<h2><strong> <span style=\"color: #0000ff;\">viene\u00a0 <\/span><\/strong><strong><span style=\"color: #0000ff;\">pubblicata alle 8.05 <span style=\"color: #ff0000;\">DIRETTA RADIO\u00a0 \u00a0<\/span><\/span><\/strong><strong>DI MIRKO MEZZACASA<\/strong><span style=\"color: #ff0000;\"><strong>\u00a0 \u00a0<\/strong><\/span><\/h2>\n<p>Nel Bellunese, la comunit\u00e0 \u00e8 in lutto per la scomparsa di figure di riferimento, i donatori di sangue piangono la morte di <strong data-start=\"2735\" data-end=\"2749\">Carla Ganz<\/strong>, una storica figura dell&#8217;Associazione Bellunese Volontari del Sangue. Anche il mondo dello sport \u00e8 in lutto per la morte di <strong data-start=\"2874\" data-end=\"2895\">Giampaolo Da Roit<\/strong>, maestro di sci La sua morte ha lasciato un grande vuoto nella comunit\u00e0 locale. Inoltre, A <strong data-start=\"3054\" data-end=\"3064\">Sedico<\/strong>, la <strong data-start=\"3069\" data-end=\"3083\">Villa Patt<\/strong> \u00e8 stata presa di mira da alcuni incivili che hanno lasciato rifiuti nell&#8217;area della <strong data-start=\"3168\" data-end=\"3186\">panchina rossa<\/strong>, simbolo della lotta contro la violenza sulle donne.Infine, nel campo delle politiche sociali, il <strong data-start=\"3678\" data-end=\"3700\">sindaco di Belluno<\/strong>, <strong data-start=\"3702\" data-end=\"3724\">Oscar De Pellegrin<\/strong>, ha accolto positivamente l&#8217;attenzione ai piccoli e medi centri nella distribuzione dei fondi di coesione. Questo segna un passo importante per garantire risorse concrete ai comuni pi\u00f9 piccoli.<\/p>\n<p><iframe loading=\"lazy\" title=\"DAL 1983 LA RASSEGNA STAMPA LOCALE di mirko mezzacasa. L&#039;ORIGINALE\" width=\"1200\" height=\"675\" src=\"https:\/\/www.youtube.com\/embed\/GBLXngIfza0?feature=oembed\" frameborder=\"0\" allow=\"accelerometer; autoplay; clipboard-write; encrypted-media; gyroscope; picture-in-picture; web-share\" referrerpolicy=\"strict-origin-when-cross-origin\" allowfullscreen><\/iframe><\/p>\n\n\t\t\t<style type='text\/css'>\n\t\t\t\t#gallery-1 {\n\t\t\t\t\tmargin: auto;\n\t\t\t\t}\n\t\t\t\t#gallery-1 .gallery-item {\n\t\t\t\t\tfloat: left;\n\t\t\t\t\tmargin-top: 10px;\n\t\t\t\t\ttext-align: center;\n\t\t\t\t\twidth: 50%;\n\t\t\t\t}\n\t\t\t\t#gallery-1 img {\n\t\t\t\t\tborder: 2px solid #cfcfcf;\n\t\t\t\t}\n\t\t\t\t#gallery-1 .gallery-caption {\n\t\t\t\t\tmargin-left: 0;\n\t\t\t\t}\n\t\t\t\t\/* see gallery_shortcode() in wp-includes\/media.php *\/\n\t\t\t<\/style>\n\t\t<div id='gallery-1' class='dt-gallery-container gallery galleryid-438780 gallery-columns-2 gallery-size-medium'><dl class='gallery-item'>\n\t\t\t\t<dt class='gallery-icon landscape'>\n\t\t\t\t\t<a class=\"rollover rollover-zoom dt-pswp-item\" title=\"COOP1\" data-dt-img-description=\"\" data-large_image_width=\"638\" data-large_image_height=\"339\"href='https:\/\/www.radiopiu.net\/wordpress\/wp-content\/uploads\/2025\/03\/COOP1-6.png'><img loading=\"lazy\" decoding=\"async\" width=\"300\" height=\"159\" src=\"https:\/\/www.radiopiu.net\/wordpress\/wp-content\/uploads\/2025\/03\/COOP1-6-300x159.png\" class=\"attachment-medium size-medium\" alt=\"\" srcset=\"https:\/\/www.radiopiu.net\/wordpress\/wp-content\/uploads\/2025\/03\/COOP1-6-300x159.png 300w, https:\/\/www.radiopiu.net\/wordpress\/wp-content\/uploads\/2025\/03\/COOP1-6.png 638w\" sizes=\"auto, (max-width: 300px) 100vw, 300px\" \/><\/a>\n\t\t\t\t<\/dt><\/dl><dl class='gallery-item'>\n\t\t\t\t<dt class='gallery-icon landscape'>\n\t\t\t\t\t<a class=\"rollover rollover-zoom dt-pswp-item\" title=\"COOPE\" data-dt-img-description=\"\" data-large_image_width=\"490\" data-large_image_height=\"252\"href='https:\/\/www.radiopiu.net\/wordpress\/wp-content\/uploads\/2025\/03\/COOPE.png'><img loading=\"lazy\" decoding=\"async\" width=\"300\" height=\"154\" src=\"https:\/\/www.radiopiu.net\/wordpress\/wp-content\/uploads\/2025\/03\/COOPE-300x154.png\" class=\"attachment-medium size-medium\" alt=\"\" srcset=\"https:\/\/www.radiopiu.net\/wordpress\/wp-content\/uploads\/2025\/03\/COOPE-300x154.png 300w, https:\/\/www.radiopiu.net\/wordpress\/wp-content\/uploads\/2025\/03\/COOPE.png 490w\" sizes=\"auto, (max-width: 300px) 100vw, 300px\" \/><\/a>\n\t\t\t\t<\/dt><\/dl><br style=\"clear: both\" \/>\n\t\t\t<\/div>\n\n<h1><span style=\"color: #ff0000;\"><strong>VIDEO\u00a0 \u00a0in diretta AGGIORNAMENTO\u00a0 dalle 8 del mattino\u00a0<\/strong><\/span><\/h1>\n<h2><\/h2>\n<hr \/>\n<p>&nbsp;<\/p>\n<p>&nbsp;<\/p>\n<p>&nbsp;<\/p>\n<p><strong><a class=\"dt-pswp-item\" href=\"https:\/\/www.radiopiu.net\/wordpress\/wp-content\/uploads\/2023\/12\/ANTENNA.png\" data-dt-img-description=\"\" data-large_image_width=\"300\" data-large_image_height=\"166\"><img loading=\"lazy\" decoding=\"async\" class=\"wp-image-366306 alignright\" src=\"https:\/\/www.radiopiu.net\/wordpress\/wp-content\/uploads\/2023\/12\/ANTENNA.png\" alt=\"\" width=\"101\" height=\"56\" \/><\/a><a class=\"dt-pswp-item\" href=\"https:\/\/www.radiopiu.net\/wordpress\/wp-content\/uploads\/2024\/11\/th-17.jpg\" data-dt-img-description=\"\" data-large_image_width=\"224\" data-large_image_height=\"180\"><img loading=\"lazy\" decoding=\"async\" class=\" wp-image-421610 alignleft\" src=\"https:\/\/www.radiopiu.net\/wordpress\/wp-content\/uploads\/2024\/11\/th-17.jpg\" alt=\"\" width=\"167\" height=\"134\" \/><\/a>ogni sera alle 19 le anticipazioni alla radio, quello che poi seguirete nel TELEGIORNALE BELLUNESE\u00a0 in onda alle 19.30 sul CANALE 10 del digitale terrestre.\u00a0\u00a0<\/strong><\/p>\n<p><b>\u00a0\u00a0<\/b><\/p>\n<h1><span style=\"color: #ff0000;\"><strong>LE ANTICIPAZIONI DI Stefano Bozzi<br \/>\n<\/strong><\/span><\/h1>\n<audio class=\"wp-audio-shortcode\" id=\"audio-438780-6\" preload=\"none\" style=\"width: 100%;\" controls=\"controls\"><source type=\"audio\/mpeg\" src=\"https:\/\/www.radiopiu.net\/wordpress\/wp-content\/uploads\/2025\/03\/ANTENNA3-6.mp3?_=6\" \/><a href=\"https:\/\/www.radiopiu.net\/wordpress\/wp-content\/uploads\/2025\/03\/ANTENNA3-6.mp3\">https:\/\/www.radiopiu.net\/wordpress\/wp-content\/uploads\/2025\/03\/ANTENNA3-6.mp3<\/a><\/audio>\n<h1><span style=\"color: #ff0000;\"><strong>\u00a0<\/strong><\/span><\/h1>\n<p>&nbsp;<\/p>\n<p>&nbsp;<\/p>\n<hr \/>\n<p>&nbsp;<\/p>\n<p>&nbsp;<\/p>\n<p><a class=\"dt-pswp-item\" style=\"color: #005177; outline: 0px; text-decoration-line: none;\" href=\"https:\/\/www.radiopiu.net\/wordpress\/wp-content\/uploads\/2023\/08\/acqua.jpeg\" data-dt-img-description=\"\" data-large_image_width=\"1038\" data-large_image_height=\"688\"><img loading=\"lazy\" decoding=\"async\" class=\" wp-image-348061 alignleft\" src=\"https:\/\/www.radiopiu.net\/wordpress\/wp-content\/uploads\/2023\/08\/acqua-300x199.jpeg\" alt=\"\" width=\"165\" height=\"109\" srcset=\"https:\/\/www.radiopiu.net\/wordpress\/wp-content\/uploads\/2023\/08\/acqua-300x199.jpeg 300w, https:\/\/www.radiopiu.net\/wordpress\/wp-content\/uploads\/2023\/08\/acqua-1024x679.jpeg 1024w, https:\/\/www.radiopiu.net\/wordpress\/wp-content\/uploads\/2023\/08\/acqua-768x509.jpeg 768w, https:\/\/www.radiopiu.net\/wordpress\/wp-content\/uploads\/2023\/08\/acqua.jpeg 1038w\" sizes=\"auto, (max-width: 165px) 100vw, 165px\" \/><\/a><\/p>\n<blockquote>\n<h3>ACQUA NON POTABILE IN ALCUNE ZONE DI GOSALDO<\/h3>\n<\/blockquote>\n<p><strong>GOSALDO<\/strong> Servizi Integrati Bellunesi informa che a Gosaldo nelle localit\u00e0 Curti, Incasal e Le Case l&#8217;acqua erogata dall&#8217;acquedotto non \u00e8 potabile e non pu\u00f2 essere usata per scopi alimentari. Verr\u00e0 effettuato\u00a0servizio sostitutivo con cisterna in localit\u00e0 Curti. SIB ha, comunque, gi\u00e0 adottato le necessarie misure per la disinfezione dell&#8217;acqua presente nei serbatoi e nella rete idrica con l&#8217;aggiunta di cloro.<\/p>\n<p>&nbsp;<\/p>\n<hr \/>\n<p>&nbsp;<\/p>\n<blockquote>\n<p data-start=\"0\" data-end=\"49\"><strong data-start=\"0\" data-end=\"47\">RISSA IN CENTRO TRA VIA ROMA E PIAZZA ISOLA<\/strong><\/p>\n<p data-start=\"0\" data-end=\"49\"><a class=\"dt-pswp-item\" href=\"https:\/\/www.radiopiu.net\/wordpress\/wp-content\/uploads\/2024\/12\/CARABINIERI-16.jpg\" data-dt-img-description=\"\" data-large_image_width=\"2048\" data-large_image_height=\"1536\"><img loading=\"lazy\" decoding=\"async\" class=\"wp-image-425848 alignleft\" src=\"https:\/\/www.radiopiu.net\/wordpress\/wp-content\/uploads\/2024\/12\/CARABINIERI-16-300x225.jpg\" alt=\"\" width=\"128\" height=\"96\" srcset=\"https:\/\/www.radiopiu.net\/wordpress\/wp-content\/uploads\/2024\/12\/CARABINIERI-16-300x225.jpg 300w, https:\/\/www.radiopiu.net\/wordpress\/wp-content\/uploads\/2024\/12\/CARABINIERI-16-1024x768.jpg 1024w, https:\/\/www.radiopiu.net\/wordpress\/wp-content\/uploads\/2024\/12\/CARABINIERI-16-768x576.jpg 768w, https:\/\/www.radiopiu.net\/wordpress\/wp-content\/uploads\/2024\/12\/CARABINIERI-16-1536x1152.jpg 1536w, https:\/\/www.radiopiu.net\/wordpress\/wp-content\/uploads\/2024\/12\/CARABINIERI-16.jpg 2048w\" sizes=\"auto, (max-width: 128px) 100vw, 128px\" \/><\/a>FELTRE<\/p>\n<\/blockquote>\n<p data-start=\"51\" data-end=\"598\" data-is-last-node=\"\" data-is-only-node=\"\">Sabato sera, una rissa ha animato il centro di Feltre tra piazza Isola e via Roma. Un insulto rivolto a una ragazza ha acceso gli animi tra un gruppo di giovani, molti in attesa di partire per una festa alla Lanterna Verde. Volano spintoni e pugni finch\u00e9 tre pattuglie di carabinieri riportano la calma. Coinvolti italiani, marocchini e albanesi, alcuni minorenni. Nessun ferito grave, ma qualche contuso. A fine serata, ritrovato un coltellino. Possibili denunce nei prossimi giorni, mentre le telecamere potrebbero aiutare a chiarire l\u2019accaduto.<\/p>\n<blockquote>\n<p data-start=\"51\" data-end=\"598\" data-is-last-node=\"\" data-is-only-node=\"\">\n<\/blockquote>\n<hr \/>\n<h2 data-start=\"51\" data-end=\"598\">INSULTI SESSISTI ALL\u2019ARBITRA: INDIGNAZIONE E POSSIBILI SANZIONI<\/h2>\n<p data-start=\"75\" data-end=\"415\"><img loading=\"lazy\" decoding=\"async\" class=\"alignleft\" src=\"https:\/\/www.radiopiu.net\/wordpress\/wp-content\/uploads\/2025\/03\/02c07b22-558f-43fe-8d55-9faf627a145d-300x300.webp\" width=\"160\" height=\"160\" \/>Bufera al PalaGrassato di Motta di Livenza durante una partita di Divisione Regionale tra Pallacanestro Motta e New Basket Feltre. La giovane arbitra Alice Fornasier \u00e8 stata oggetto di un insulto sessista proveniente dal pubblico, episodio aggravato dalla coincidenza con la Giornata della Donna. La partita \u00e8 stata sospesa per 20 minuti.<\/p>\n<p data-start=\"417\" data-end=\"646\">L\u2019autore dell\u2019offesa, ancora da identificare con certezza, sarebbe una donna, forse la madre di un giocatore del Motta. La societ\u00e0 condanna l\u2019accaduto, mentre il governatore Zaia invoca il Daspo. Possibile squalifica del campo. ure le reazioni dal mondo dello sport: il Cia Veneto e la Fip condannano il gesto, sottolineando la necessit\u00e0 di maggiore cultura sportiva e rispetto.<\/p>\n<p>foto, illustrazione radiopiu__<\/p>\n<p>&nbsp;<\/p>\n<p>&nbsp;<\/p>\n<hr \/>\n<p>&nbsp;<\/p>\n<blockquote>\n<h3>DOMANI L&#8217;ULTIMO SALUTO A PAOLO SERAFINI. INSEGNAVA AL SEGATO DI BELLUNO<\/h3>\n<\/blockquote>\n<p><strong><a class=\"dt-pswp-item\" href=\"https:\/\/www.radiopiu.net\/wordpress\/wp-content\/uploads\/2025\/03\/KLDGAUYLA.jpg\" data-dt-img-description=\"\" data-large_image_width=\"251\" data-large_image_height=\"178\"><img loading=\"lazy\" decoding=\"async\" class=\" wp-image-438996 alignleft\" src=\"https:\/\/www.radiopiu.net\/wordpress\/wp-content\/uploads\/2025\/03\/KLDGAUYLA.jpg\" alt=\"\" width=\"147\" height=\"104\" \/><\/a>BELLUNO<\/strong> Paolo Serafini, detto &#8220;er Serafo&#8221;, \u00e8 scomparso a 90 anni a Belluno. Romano e romanista, insegnava tecnologia meccanica ed elettrotecnica all\u2019ITI Segato. Politicamente vicino alla Destra fin dai tempi del Movimento Sociale, era noto per il suo carattere estroverso e il suo grande cuore. Laureatosi con fatica mentre lavorava all\u2019Atac, decise di trasferirsi a Belluno dopo una visita al cognato. Come insegnante, sapeva coinvolgere gli studenti, anche i pi\u00f9 svogliati, con entusiasmo e umorismo. Sempre pronto ad aiutare chi era in difficolt\u00e0, odiava la &#8220;zella&#8221;, la sfortuna. Il suo funerale si terr\u00e0 domani alle 15 a Cavarzano. (FOTO: Corriere Delle Alpi)<\/p>\n<p>&nbsp;<\/p>\n<p>&nbsp;<\/p>\n<hr \/>\n<p>&nbsp;<\/p>\n<blockquote>\n<h3>I DONATORI DI SANGUE PIANGONO CARLA GANZ<\/h3>\n<\/blockquote>\n<p data-start=\"94\" data-end=\"413\"><img decoding=\"async\" class=\"alignleft\" src=\"https:\/\/www.radiopiu.net\/wordpress\/wp-content\/uploads\/2025\/03\/Immagine-2025-03-11-051226.png\" \/>FALCADE\u00a0<br data-start=\"106\" data-end=\"109\" \/>I donatori di sangue della Valle del Biois sono in lutto per la scomparsa di Carla Ganz, venuta a mancare all\u2019et\u00e0 di 84 anni. Figura storica dell\u2019Associazione Bellunese Volontari del Sangue (ABVS) di Falcade, \u00e8 stata per anni segretaria della sezione, diventando un punto di riferimento per i donatori.<\/p>\n<p data-start=\"415\" data-end=\"655\">\u00abCarla \u00e8 stata per tanti anni la segretaria della nostra sezione e il punto di riferimento per i donatori di sangue\u00bb, la ricorda l\u2019ABVS. \u00abIl nostro pensiero di gratitudine va a lei, per il molto tempo messo a disposizione della comunit\u00e0\u00bb.<\/p>\n<p data-start=\"657\" data-end=\"718\" data-is-last-node=\"\" data-is-only-node=\"\">Il funerale si terr\u00e0 oggi alle 14:30 nella chiesa di Falcade.<\/p>\n<blockquote>\n<p data-start=\"657\" data-end=\"718\" data-is-last-node=\"\" data-is-only-node=\"\">\n<\/blockquote>\n<hr \/>\n<blockquote>\n<h3 data-start=\"657\" data-end=\"718\">DOMANI L&#8217;ADDIO ALL&#8217;ALPINO GIAMPAOLO<\/h3>\n<\/blockquote>\n<p><img loading=\"lazy\" decoding=\"async\" class=\"alignleft\" src=\"https:\/\/www.radiopiu.net\/wordpress\/wp-content\/uploads\/2025\/03\/Immagine-2025-03-11-051826.png\" width=\"116\" height=\"137\" \/><strong>VOLTAGO<\/strong><\/p>\n<div class=\"flex max-w-full flex-col flex-grow\">\n<div class=\"min-h-8 text-message relative flex w-full flex-col items-end gap-2 whitespace-normal break-words text-start [.text-message+&amp;]:mt-5\" dir=\"auto\" data-message-author-role=\"assistant\" data-message-id=\"0c1bb252-4cea-4340-b600-a947cde6ab3e\" data-message-model-slug=\"gpt-4o-mini\">\n<div class=\"flex w-full flex-col gap-1 empty:hidden first:pt-[3px]\">\n<div class=\"markdown prose w-full break-words dark:prose-invert dark\">\n<p data-start=\"0\" data-end=\"335\" data-is-last-node=\"\" data-is-only-node=\"\">Lutto nel mondo dello sci agordino: Giampaolo Da Roit, 69 anni, \u00e8 morto nella notte tra luned\u00ec e marted\u00ec a Frassen\u00e8 Agordino. Maestro di sci e fondatore della scuola sci Alleghe Civetta, aveva dedicato la sua vita all&#8217;insegnamento e all&#8217;associazionismo. Lascia la moglie Vanna, la figlia Ilenia con Andrea, il nipote Yuri con Roberta e la nipote Luana. I funerali domani alle 14:30.<\/p>\n<\/div>\n<\/div>\n<\/div>\n<\/div>\n<div class=\"html-div xdj266r x11i5rnm xat24cr x1mh8g0r xexx8yu x1a8lsjc x1swvt13 x1pi30zi\">\n<div class=\"html-div xdj266r x11i5rnm xat24cr x1mh8g0r xexx8yu x4uap5 x18d9i69 xkhd6sd x1jx94hy x78zum5 x1q0g3np\">\n<div class=\"x78zum5 xdt5ytf xz62fqu x16ldp7u\">\n<div class=\"xu06os2 x1ok221b\">\n<div class=\"html-div xdj266r x11i5rnm xat24cr x1mh8g0r xexx8yu x4uap5 x18d9i69 xkhd6sd\" data-ad-rendering-role=\"profile_name\">\n<h4 class=\"html-h4 x11i5rnm xat24cr x1mh8g0r xexx8yu x4uap5 x18d9i69 xkhd6sd x1vvkbs x1heor9g x1qlqyl8 x1pd3egz x1a2a7pz x1gslohp x1yc453h\"><span class=\"x1lliihq x6ikm8r x10wlt62 x1n2onr6\"><span class=\"xt0psk2\"><a class=\"x1i10hfl xjbqb8w x1ejq31n xd10rxx x1sy0etr x17r0tee x972fbf xcfux6l x1qhh985 xm0m39n x9f619 x1ypdohk xt0psk2 xe8uvvx xdj266r x11i5rnm xat24cr x1mh8g0r xexx8yu x4uap5 x18d9i69 xkhd6sd x16tdsg8 x1hl2dhg xggy1nq x1a2a7pz xkrqix3 x1sur9pj xzsf02u x1s688f\" tabindex=\"0\" role=\"link\" href=\"https:\/\/www.facebook.com\/ScuolaSciSnowboardAllegheCivetta?__cft__[0]=AZVwMADES5s0Pz9B4W1hob0xAqu7-GMw_Ue4fbDaYKNa3AWlkldxuKofkuyl5DIstY-k5EwSfSDwSacG46QmfC67EUfgvHvvnmY0nHDMO-eYHJdjvuQWaHIxep9f1EzAB2xPYs7qzW7hcKNG3jdP8sZL-DpE97yLchGb7MPyQHoAt0i5aZI24U9uYcerceuCMj2QmrBNc8_MR7et85poyBxxwmllADo3_jsKFrIZvAMfPg&amp;__tn__=-UC%2CP-y-R\" aria-describedby=\"\u00abr1oi\u00bb\"><strong class=\"html-strong xdj266r x11i5rnm xat24cr x1mh8g0r xexx8yu x4uap5 x18d9i69 xkhd6sd x1hl2dhg x16tdsg8 x1vvkbs x1s688f\"><span class=\"html-span xdj266r x11i5rnm xat24cr x1mh8g0r xexx8yu x4uap5 x18d9i69 xkhd6sd x1hl2dhg x16tdsg8 x1vvkbs\">Scuola Sci Alleghe Civetta<\/span><\/strong><\/a><\/span><\/span><\/h4>\n<\/div>\n<\/div>\n<\/div>\n<\/div>\n<\/div>\n<div class=\"html-div xdj266r x11i5rnm xat24cr x1mh8g0r xexx8yu x4uap5 x18d9i69 xkhd6sd\" dir=\"auto\">\n<div class=\"html-div xdj266r x11i5rnm xat24cr x1mh8g0r xexx8yu x4uap5 x18d9i69 xkhd6sd\" dir=\"auto\">\n<div class=\"html-div xdj266r x11i5rnm xat24cr x1mh8g0r xexx8yu x4uap5 x18d9i69 xkhd6sd\" data-ad-rendering-role=\"story_message\">\n<div class=\"x1l90r2v x1iorvi4 x1ye3gou xn6708d\" data-ad-comet-preview=\"message\" data-ad-preview=\"message\">\n<div class=\"x78zum5 xdt5ytf xz62fqu x16ldp7u\">\n<div class=\"xu06os2 x1ok221b\">\n<div class=\"xdj266r x11i5rnm xat24cr x1mh8g0r x1vvkbs x126k92a\">\n<div dir=\"auto\">Essere una Scuola Sci, significa essere una Famiglia\u2026e come in ogni Famiglia si condividono i momenti belli, fatti da tante foto, video, momenti di gioia che condividiamo quotidianamente con tutti, ma anche di momenti tristi, fra i pi\u00f9 tristi che una Famiglia \u00e8 costretta ad attraversare nel corso della propria storia. E proprio di storia vogliamo parlare, un altro pezzo della nostra storia che purtroppo \u00e8 \u201candato avanti\u201d. Giampaolo, il \u201cmaestro Babbo Natale\u201d (come non proprio sempre felicemente talvolta veniva chiamato dai pi\u00f9 piccoli), era l\u2019emblema della simpatia, dello stare in compagnia, del vivere gioioso, ma soprattutto libero! \u201cCapello al vento!\u201d era il suo mantra, fosse con gli sci l\u2019inverno, o a cavallo della moto l\u2019estate! Ti vogliamo ricordare sempre cos\u00ec, con il tuo calice di \u201cnero\u201d e il tuo sorriso! Grazie di tutto nonno Giampa, ti vogliamo bene\u2026ora pennella le piste del cielo, Amico!<\/div>\n<div dir=\"auto\"><\/div>\n<div dir=\"auto\"><\/div>\n<blockquote>\n<div dir=\"auto\"><\/div>\n<\/blockquote>\n<\/div>\n<\/div>\n<\/div>\n<\/div>\n<\/div>\n<\/div>\n<\/div>\n<hr \/>\n<p>&nbsp;<\/p>\n<blockquote>\n<p data-start=\"0\" data-end=\"47\"><strong data-start=\"0\" data-end=\"45\">ROVISTA NELLE BORSE IN PIZZERIA: INDAGATO<\/strong><\/p>\n<p data-start=\"0\" data-end=\"47\">BELLUNO<\/p>\n<\/blockquote>\n<p data-start=\"49\" data-end=\"360\" data-is-last-node=\"\" data-is-only-node=\"\">Un uomo, presumibilmente di origine pakistana e gi\u00e0 sottoposto al braccialetto elettronico, \u00e8 stato sorpreso pi\u00f9 volte nella pizzeria La Fenice di via Caffi mentre frugava nelle borse delle clienti. Dopo episodi di furti minori, ieri sera \u00e8 stato segnalato ai carabinieri. La denuncia potrebbe essere imminente.<\/p>\n<p>&nbsp;<\/p>\n<p>&nbsp;<\/p>\n<hr \/>\n<div class=\"page-title-head hgroup\">\n<h1 class=\"entry-title\">INCIVILT\u00c0 A VILLA PATT: RIFIUTI NELL\u2019AREA DELLA PANCHINA ROSSA<\/h1>\n<p>SEDICO<\/p>\n<\/div>\n<div class=\"flex max-w-full flex-col flex-grow\">\n<div class=\"min-h-8 text-message relative flex w-full flex-col items-end gap-2 whitespace-normal break-words text-start [.text-message+&amp;]:mt-5\" dir=\"auto\" data-message-author-role=\"assistant\" data-message-id=\"b816b4b6-7a18-4677-a812-54ce3e8c4c0c\" data-message-model-slug=\"gpt-4o\">\n<div class=\"flex w-full flex-col gap-1 empty:hidden first:pt-[3px]\">\n<div class=\"markdown prose w-full break-words dark:prose-invert dark\">\n<p data-start=\"70\" data-end=\"593\" data-is-last-node=\"\" data-is-only-node=\"\">Nel giorno della Festa della Donna, l\u2019area dedicata a una figura femminile a Villa Patt \u00e8 stata trasformata in una discarica da qualche visitatore poco rispettoso. Chi ha portato il proprio pasto avrebbe potuto smaltire i rifiuti nei cestini o riportarli con s\u00e9. Il giardino di Villa Patt \u00e8 un luogo aperto a chi lo ama e lo rispetta, grazie al lavoro volontario di persone che si impegnano senza compenso. Chi lo imbratta o lo utilizza come discarica \u00e8 invitato a comportarsi civilmente o a cercare altrove i propri spazi.<\/p>\n<\/div>\n<\/div>\n<\/div>\n<\/div>\n<div class=\"mb-2 flex gap-3 -ml-2\" tabindex=\"0\">\n<div class=\"flex items-center justify-start rounded-xl p-1\">\n<div class=\"flex\">\n\n\t\t\t<style type='text\/css'>\n\t\t\t\t#gallery-2 {\n\t\t\t\t\tmargin: auto;\n\t\t\t\t}\n\t\t\t\t#gallery-2 .gallery-item {\n\t\t\t\t\tfloat: left;\n\t\t\t\t\tmargin-top: 10px;\n\t\t\t\t\ttext-align: center;\n\t\t\t\t\twidth: 50%;\n\t\t\t\t}\n\t\t\t\t#gallery-2 img {\n\t\t\t\t\tborder: 2px solid #cfcfcf;\n\t\t\t\t}\n\t\t\t\t#gallery-2 .gallery-caption {\n\t\t\t\t\tmargin-left: 0;\n\t\t\t\t}\n\t\t\t\t\/* see gallery_shortcode() in wp-includes\/media.php *\/\n\t\t\t<\/style>\n\t\t<div id='gallery-2' class='dt-gallery-container gallery galleryid-438780 gallery-columns-2 gallery-size-thumbnail'><dl class='gallery-item'>\n\t\t\t\t<dt class='gallery-icon landscape'>\n\t\t\t\t\t<a class=\"rollover rollover-zoom dt-pswp-item\" title=\"483770463_1159390312640214_6089646483967931220_n\" data-dt-img-description=\"\" data-large_image_width=\"600\" data-large_image_height=\"452\"href='https:\/\/www.radiopiu.net\/wordpress\/wp-content\/uploads\/2025\/03\/483770463_1159390312640214_6089646483967931220_n.jpg'><img loading=\"lazy\" decoding=\"async\" width=\"150\" height=\"150\" src=\"https:\/\/www.radiopiu.net\/wordpress\/wp-content\/uploads\/2025\/03\/483770463_1159390312640214_6089646483967931220_n-150x150.jpg\" class=\"attachment-thumbnail size-thumbnail\" alt=\"\" \/><\/a>\n\t\t\t\t<\/dt><\/dl><dl class='gallery-item'>\n\t\t\t\t<dt class='gallery-icon landscape'>\n\t\t\t\t\t<a class=\"rollover rollover-zoom dt-pswp-item\" title=\"482326335_1159390109306901_2410785379591765199_n\" data-dt-img-description=\"\" data-large_image_width=\"600\" data-large_image_height=\"452\"href='https:\/\/www.radiopiu.net\/wordpress\/wp-content\/uploads\/2025\/03\/482326335_1159390109306901_2410785379591765199_n.jpg'><img loading=\"lazy\" decoding=\"async\" width=\"150\" height=\"150\" src=\"https:\/\/www.radiopiu.net\/wordpress\/wp-content\/uploads\/2025\/03\/482326335_1159390109306901_2410785379591765199_n-150x150.jpg\" class=\"attachment-thumbnail size-thumbnail\" alt=\"\" \/><\/a>\n\t\t\t\t<\/dt><\/dl><br style=\"clear: both\" \/>\n\t\t\t<\/div>\n\n<\/div>\n<div class=\"flex items-center\">\n<div class=\"flex items-center pb-0\"><\/div>\n<div>\n<hr \/>\n<\/div>\n<blockquote>\n<h3>FA GIRARE UN VIDEO INTIMO CON LA EX MOGLIE: UN ANNO PER REVENGE PORN<\/h3>\n<\/blockquote>\n<div>\n<p>&nbsp;<\/p>\n<p><img loading=\"lazy\" decoding=\"async\" class=\"alignleft\" src=\"https:\/\/www.radiopiu.net\/wordpress\/wp-content\/uploads\/2021\/09\/tribunale-belluno.jpg\" width=\"131\" height=\"87\" \/>OGGI LA GIUDIZIARIA<br \/>\nSINTESI DAL CORRIERE DELLE ALPI<br \/>\nGIGI SOSSO<\/p>\n<p data-start=\"0\" data-end=\"72\"><button class=\"rounded-lg text-token-text-secondary hover:bg-token-main-surface-secondary\" aria-label=\"Copia\" data-testid=\"copy-turn-action-button\"><strong data-start=\"0\" data-end=\"18\" data-is-only-node=\"\">BELLUNO<\/strong><\/button><\/p>\n<p data-start=\"74\" data-end=\"616\" data-is-last-node=\"\" data-is-only-node=\"\">Un cittadino senegalese \u00e8 stato condannato a un anno di reclusione e al pagamento di 5 mila euro di risarcimento danni all\u2019ex moglie per revenge porn. Il video intimo, girato consensualmente durante la loro relazione, fu diffuso l\u20198 ottobre 2019 e quasi raggiunse il figlio di 13 anni, che fu avvertito in tempo. La difesa cerc\u00f2 l\u2019assoluzione sostenendo che il mittente potesse essere un altro, ma il giudice Federico Montalto ha confermato la pena minima. I due ex partner, ora separati, hanno intrapreso vite distinte.<\/p>\n<div class=\"flex max-w-full flex-col flex-grow\">\n<div class=\"min-h-8 text-message relative flex w-full flex-col items-end gap-2 whitespace-normal break-words text-start [.text-message+&amp;]:mt-5\" dir=\"auto\" data-message-author-role=\"assistant\" data-message-id=\"0fff177d-5056-45c6-9f6a-e0eee41a980b\" data-message-model-slug=\"gpt-4o\">\n<div class=\"flex w-full flex-col gap-1 empty:hidden first:pt-[3px]\">\n<div class=\"markdown prose w-full break-words dark:prose-invert dark\">\n<p data-start=\"0\" data-end=\"80\" data-is-last-node=\"\" data-is-only-node=\"\"><strong data-start=\"21\" data-end=\"80\" data-is-last-node=\"\">\u00abMINACCIATA CON LA PISTOLA\u00bb, MA L\u2019EX COMPAGNO \u00c8 ASSOLTO<\/strong><\/p>\n<\/div>\n<\/div>\n<\/div>\n<\/div>\n<div class=\"mb-2 flex gap-3 -ml-2\" tabindex=\"0\">\n<div class=\"flex items-center justify-start rounded-xl p-1\">\n<div class=\"flex items-center\"><button class=\"rounded-lg text-token-text-secondary hover:bg-token-main-surface-secondary\" aria-label=\"Copia\" data-testid=\"copy-turn-action-button\"><strong data-start=\"0\" data-end=\"18\" data-is-only-node=\"\">SINISTRA PIAVE<\/strong><br data-start=\"18\" data-end=\"21\" \/><\/button><\/div>\n<\/div>\n<\/div>\n<p data-start=\"74\" data-end=\"616\" data-is-last-node=\"\" data-is-only-node=\"\">Il tribunale ha assolto un uomo accusato di maltrattamenti in famiglia, non ritenendo provata la minaccia con arma. La Procura aveva chiesto due anni di reclusione, mentre la parte civile domandava 100mila euro di risarcimento. L\u2019imputato ha respinto le accuse e la difesa ha prodotto documenti a suo favore. La donna aveva raccontato nove mesi di violenze tra insulti, scenate di gelosia e aggressioni, culminati in minacce di morte e privazioni economiche. Tuttavia, durante il processo, le accuse non sono state dimostrate. Il giudice ha emesso una sentenza di assoluzione con formula dubitativa.<\/p>\n<\/div>\n<\/div>\n<\/div>\n<\/div>\n<p>&nbsp;<\/p>\n<p>&nbsp;<\/p>\n<hr \/>\n<p>&nbsp;<\/p>\n<h1 class=\"_title post-title entry-title\"><a class=\"dt-pswp-item\" href=\"https:\/\/www.radiopiu.net\/wordpress\/wp-content\/uploads\/2023\/12\/ANTENNA.png\" data-dt-img-description=\"\" data-large_image_width=\"300\" data-large_image_height=\"166\"><img loading=\"lazy\" decoding=\"async\" class=\"wp-image-366306 alignleft\" src=\"https:\/\/www.radiopiu.net\/wordpress\/wp-content\/uploads\/2023\/12\/ANTENNA.png\" alt=\"\" width=\"172\" height=\"95\" \/><\/a>BELLUNO | L\u2019ULSS 1 SI STRINGE AL DOLORE DELLA MAMMA, DAL BEN: \u00abUN RAGAZZO SPLENDIDO\u00bb<\/h1>\n<p>Intervistati GIUSEPPE DAL BEN (COMMISSARIO ULSS 1 DOLOMITI) (Servizio di\u00a0<a href=\"https:\/\/antennatre.medianordest.it\/redazione\/Stefano-Bozzi\/\">Stefano Bozzi<\/a>)<\/p>\n<p><iframe loading=\"lazy\" title=\"L&#039;ULSS 1 SI STRINGE AL DOLORE DELLA MAMMA, DAL BEN: \u00abUN RAGAZZO SPLENDIDO\u00bb | 10\/03\/2025\" width=\"1200\" height=\"675\" src=\"https:\/\/www.youtube.com\/embed\/h5W0a71PKbE?feature=oembed\" frameborder=\"0\" allow=\"accelerometer; autoplay; clipboard-write; encrypted-media; gyroscope; picture-in-picture; web-share\" referrerpolicy=\"strict-origin-when-cross-origin\" allowfullscreen><\/iframe><\/p>\n<p>&nbsp;<\/p>\n<p>&nbsp;<\/p>\n<hr \/>\n<p>&nbsp;<\/p>\n<blockquote>\n<h3>UN INVERNO POSITIVO PER GLI ALBERGATORI DI CORTINA<\/h3>\n<\/blockquote>\n<p><strong><a class=\"dt-pswp-item\" href=\"https:\/\/www.radiopiu.net\/wordpress\/wp-content\/uploads\/2025\/03\/02d645b8-36e2-4fe2-a1df-685e8402a5ab.jpg\" data-dt-img-description=\"\" data-large_image_width=\"1600\" data-large_image_height=\"897\"><img loading=\"lazy\" decoding=\"async\" class=\" wp-image-439039 alignleft\" src=\"https:\/\/www.radiopiu.net\/wordpress\/wp-content\/uploads\/2025\/03\/02d645b8-36e2-4fe2-a1df-685e8402a5ab-300x168.jpg\" alt=\"\" width=\"209\" height=\"117\" srcset=\"https:\/\/www.radiopiu.net\/wordpress\/wp-content\/uploads\/2025\/03\/02d645b8-36e2-4fe2-a1df-685e8402a5ab-300x168.jpg 300w, https:\/\/www.radiopiu.net\/wordpress\/wp-content\/uploads\/2025\/03\/02d645b8-36e2-4fe2-a1df-685e8402a5ab-1024x574.jpg 1024w, https:\/\/www.radiopiu.net\/wordpress\/wp-content\/uploads\/2025\/03\/02d645b8-36e2-4fe2-a1df-685e8402a5ab-768x431.jpg 768w, https:\/\/www.radiopiu.net\/wordpress\/wp-content\/uploads\/2025\/03\/02d645b8-36e2-4fe2-a1df-685e8402a5ab-1536x861.jpg 1536w, https:\/\/www.radiopiu.net\/wordpress\/wp-content\/uploads\/2025\/03\/02d645b8-36e2-4fe2-a1df-685e8402a5ab.jpg 1600w\" sizes=\"auto, (max-width: 209px) 100vw, 209px\" \/><\/a>CORTINA<\/strong> Dopo gli ottimi risultati ottenuti a dicembre e gennaio, anche la coda di stagione premia Cortina. Secondo l\u2019analisi effettuata da HBenchmark per l\u2019Assoalbergatori ampezzana, infatti, febbraio si \u00e8 assestato su un\u2019occupazione media consolidata del 78% a +2,1% sullo scorso anno. Merito in parte della neve, il cui recente arrivo, pur se non in quantit\u00e0 eccezionale, ha fatto guadagnare alla destinazione 11 punti percentuali in appena 15 giorni, dato ancor pi\u00f9 significativo se si considera che nel 2024 proprio a febbraio c\u2019era stato il carnevale, caduto invece a inizio marzo nel 2025.<\/p>\n<p><strong>DI BARBARA PAOLAZZI<\/strong><\/p>\n<audio class=\"wp-audio-shortcode\" id=\"audio-438780-7\" preload=\"none\" style=\"width: 100%;\" controls=\"controls\"><source type=\"audio\/mpeg\" src=\"https:\/\/www.radiopiu.net\/wordpress\/wp-content\/uploads\/2025\/03\/PAOLAZZI-ALBERGATORI-CORTINA.mp3?_=7\" \/><a href=\"https:\/\/www.radiopiu.net\/wordpress\/wp-content\/uploads\/2025\/03\/PAOLAZZI-ALBERGATORI-CORTINA.mp3\">https:\/\/www.radiopiu.net\/wordpress\/wp-content\/uploads\/2025\/03\/PAOLAZZI-ALBERGATORI-CORTINA.mp3<\/a><\/audio>\n<p>&nbsp;<\/p>\n<hr \/>\n<p>&nbsp;<\/p>\n<blockquote>\n<p data-start=\"0\" data-end=\"38\"><strong data-start=\"0\" data-end=\"36\">PROGRAMMAZIONE FONDI DI COESIONE<\/strong><\/p>\n<\/blockquote>\n<div class=\"flex max-w-full flex-col flex-grow\">\n<div class=\"min-h-8 text-message relative flex w-full flex-col items-end gap-2 whitespace-normal break-words text-start [.text-message+&amp;]:mt-5\" dir=\"auto\" data-message-author-role=\"assistant\" data-message-id=\"a32fc231-03cc-4bf9-b5ce-795b5907b0bd\" data-message-model-slug=\"gpt-4o-mini\">\n<div class=\"flex w-full flex-col gap-1 empty:hidden first:pt-[3px]\">\n<div class=\"markdown prose w-full break-words dark:prose-invert dark\">\n<p data-start=\"40\" data-end=\"302\" data-is-last-node=\"\" data-is-only-node=\"\"><strong>BELLUNO <\/strong>ll sindaco di Belluno, Oscar De Pellegrin, accoglie positivamente l\u2019attenzione ai piccoli e medi centri nella ripartizione dei fondi di coesione. Ora lavorer\u00e0 per tradurre questo cambio di prospettiva in azioni concrete e risorse realmente accessibili ai Comuni.<\/p>\n<\/div>\n<\/div>\n<\/div>\n<\/div>\n<p><strong>IL SINDACO DI BELLUNO, OSCAR DE PELLEGRIN\u00a0 video<\/strong><\/p>\n<p><iframe loading=\"lazy\" title=\"IMG 3979\" width=\"1200\" height=\"675\" src=\"https:\/\/www.youtube.com\/embed\/1rX_YlcuMS4?feature=oembed\" frameborder=\"0\" allow=\"accelerometer; autoplay; clipboard-write; encrypted-media; gyroscope; picture-in-picture; web-share\" referrerpolicy=\"strict-origin-when-cross-origin\" allowfullscreen><\/iframe><\/p>\n<hr \/>\n<p>&nbsp;<\/p>\n<blockquote>\n<p data-start=\"0\" data-end=\"116\"><strong data-start=\"0\" data-end=\"114\">\u00a0<\/strong><\/p>\n<p><a class=\"dt-pswp-item\" style=\"color: #005177; outline: 0px; text-decoration-line: none;\" href=\"https:\/\/www.radiopiu.net\/wordpress\/wp-content\/uploads\/2025\/03\/Monego-Regole-marzo-2025-scaled.jpg\" data-dt-img-description=\"\" data-large_image_width=\"2560\" data-large_image_height=\"1920\"><img loading=\"lazy\" decoding=\"async\" class=\" wp-image-438956 alignleft\" src=\"https:\/\/www.radiopiu.net\/wordpress\/wp-content\/uploads\/2025\/03\/Monego-Regole-marzo-2025-300x225.jpg\" alt=\"\" width=\"241\" height=\"181\" srcset=\"https:\/\/www.radiopiu.net\/wordpress\/wp-content\/uploads\/2025\/03\/Monego-Regole-marzo-2025-300x225.jpg 300w, https:\/\/www.radiopiu.net\/wordpress\/wp-content\/uploads\/2025\/03\/Monego-Regole-marzo-2025-1024x768.jpg 1024w, https:\/\/www.radiopiu.net\/wordpress\/wp-content\/uploads\/2025\/03\/Monego-Regole-marzo-2025-768x576.jpg 768w, https:\/\/www.radiopiu.net\/wordpress\/wp-content\/uploads\/2025\/03\/Monego-Regole-marzo-2025-1536x1152.jpg 1536w, https:\/\/www.radiopiu.net\/wordpress\/wp-content\/uploads\/2025\/03\/Monego-Regole-marzo-2025-2048x1536.jpg 2048w\" sizes=\"auto, (max-width: 241px) 100vw, 241px\" \/><\/a><\/p>\n<p data-start=\"0\" data-end=\"116\"><strong data-start=\"0\" data-end=\"114\">PARIT\u00c0 DI GENERE NELLE REGOLE, INCONTRO TRA LA CONSIGLIERA MONEGO E GLI ISTITUTI REGOLIERI DELL\u2019ALTO BELLUNESE<\/strong><\/p>\n<\/blockquote>\n<p data-start=\"118\" data-end=\"679\" data-is-last-node=\"\" data-is-only-node=\"\"><strong>BELLUNO<\/strong> La Consigliera di Parit\u00e0 Flavia Monego ha incontrato gli istituti regolieri dell\u2019Alto Bellunese per discutere della parit\u00e0 di genere nelle Regole, alla luce della recente sentenza della Cassazione. Monego ha sottolineato l\u2019importanza di un percorso culturale condiviso che tuteli i diritti senza compromettere l\u2019autonomia delle Regole. Apprezzato l\u2019impegno della Regola di Casamazzagno nel modificare il proprio statuto per adeguarsi alla normativa, un passo verso la parit\u00e0 che potrebbe aprire la strada a un cambiamento anche per gli altri istituti regolieri.<\/p>\n<p>&nbsp;<\/p>\n<p>&nbsp;<\/p>\n<hr \/>\n<h3><em>\u00a0FNS, ROBERT DA RE E&#8217; IL NUOVO SEGRETARIO GENERALE SINDACATO CISL DELLA SICUREZZA<\/em><\/h3>\n<p>BELLUNO<del><\/del><\/p>\n<blockquote>\n<p data-pm-slice=\"1 1 []\"><del><em><strong><a class=\"dt-pswp-item\" href=\"https:\/\/www.radiopiu.net\/wordpress\/wp-content\/uploads\/2025\/03\/Da-Re-scaled.jpeg\" data-dt-img-description=\"\" data-large_image_width=\"2560\" data-large_image_height=\"1920\"><img loading=\"lazy\" decoding=\"async\" class=\"size-medium wp-image-438948 alignleft\" src=\"https:\/\/www.radiopiu.net\/wordpress\/wp-content\/uploads\/2025\/03\/Da-Re-300x225.jpeg\" alt=\"\" width=\"300\" height=\"225\" srcset=\"https:\/\/www.radiopiu.net\/wordpress\/wp-content\/uploads\/2025\/03\/Da-Re-300x225.jpeg 300w, https:\/\/www.radiopiu.net\/wordpress\/wp-content\/uploads\/2025\/03\/Da-Re-1024x768.jpeg 1024w, https:\/\/www.radiopiu.net\/wordpress\/wp-content\/uploads\/2025\/03\/Da-Re-768x576.jpeg 768w, https:\/\/www.radiopiu.net\/wordpress\/wp-content\/uploads\/2025\/03\/Da-Re-1536x1152.jpeg 1536w, https:\/\/www.radiopiu.net\/wordpress\/wp-content\/uploads\/2025\/03\/Da-Re-2048x1536.jpeg 2048w\" sizes=\"auto, (max-width: 300px) 100vw, 300px\" \/><\/a>Carenza di organico e sicurezza sul lavoro al centro del dibattito congressuale<\/strong><\/em><\/del><br \/>\n<del><strong>\u201cSituazione insostenibile per le donne e gli uomini della polizia penitenziaria di Belluno e Treviso\u201d<\/strong><\/del><\/p>\n<\/blockquote>\n<p>Robert Da Re \u00e8 il nuovo segretario generale della Cisl Fns, la Federazione nazionale della Sicurezza che riunisce vigili del fuoco e polizia penitenziaria. Eletto durante il Congresso territoriale a Cison di Valmarino (Treviso), Da Re succede ad Antonio Zambon, che resta nella segreteria come coordinatore dei Vigili del Fuoco. In segreteria entra anche Paola De Filippo, poliziotta penitenziaria di Treviso.<\/p>\n<p>Al centro del dibattito la grave carenza di organico nelle strutture carcerarie di Belluno e Treviso, con percentuali di scopertura che superano il 20%. Da Re denuncia l&#8217;abuso di straordinari per compensare le mancanze e chiede interventi urgenti per garantire la sicurezza del personale. Anche il coordinatore Fns per i Vigili del Fuoco, Antonio Zambon, sottolinea le difficolt\u00e0 organizzative dovute alla carenza di personale. Il sindacato chiede soluzioni concrete per migliorare le condizioni lavorative degli operatori della sicurezza.<\/p>\n<p><strong>AUDIO, AI MICROFONI DI RADIOPIU ROBERT DA RE<\/strong><\/p>\n<audio class=\"wp-audio-shortcode\" id=\"audio-438780-8\" preload=\"none\" style=\"width: 100%;\" controls=\"controls\"><source type=\"audio\/ogg\" src=\"https:\/\/www.radiopiu.net\/wordpress\/wp-content\/uploads\/2025\/03\/Robert-Da-Re-e-il-nuovo-segretario-generale-del-sindacato-Cisl-della-sicurezza.-Carenza-di-organico-e-sicurezza-sul-lavoro-al-centro-del-dibatti.ogg?_=8\" \/><a href=\"https:\/\/www.radiopiu.net\/wordpress\/wp-content\/uploads\/2025\/03\/Robert-Da-Re-e-il-nuovo-segretario-generale-del-sindacato-Cisl-della-sicurezza.-Carenza-di-organico-e-sicurezza-sul-lavoro-al-centro-del-dibatti.ogg\">https:\/\/www.radiopiu.net\/wordpress\/wp-content\/uploads\/2025\/03\/Robert-Da-Re-e-il-nuovo-segretario-generale-del-sindacato-Cisl-della-sicurezza.-Carenza-di-organico-e-sicurezza-sul-lavoro-al-centro-del-dibatti.ogg<\/a><\/audio>\n<p>&nbsp;<\/p>\n<hr \/>\n<p>&nbsp;<\/p>\n<blockquote>\n<p data-start=\"0\" data-end=\"74\"><strong data-start=\"0\" data-end=\"72\"><a class=\"dt-pswp-item\" href=\"https:\/\/www.radiopiu.net\/wordpress\/wp-content\/uploads\/2025\/03\/Municipio-Lilla-S.-Giustina.jpeg\" data-dt-img-description=\"\" data-large_image_width=\"1500\" data-large_image_height=\"2000\"><img loading=\"lazy\" decoding=\"async\" class=\" wp-image-438951 alignleft\" src=\"https:\/\/www.radiopiu.net\/wordpress\/wp-content\/uploads\/2025\/03\/Municipio-Lilla-S.-Giustina-225x300.jpeg\" alt=\"\" width=\"79\" height=\"105\" srcset=\"https:\/\/www.radiopiu.net\/wordpress\/wp-content\/uploads\/2025\/03\/Municipio-Lilla-S.-Giustina-225x300.jpeg 225w, https:\/\/www.radiopiu.net\/wordpress\/wp-content\/uploads\/2025\/03\/Municipio-Lilla-S.-Giustina-768x1024.jpeg 768w, https:\/\/www.radiopiu.net\/wordpress\/wp-content\/uploads\/2025\/03\/Municipio-Lilla-S.-Giustina-1152x1536.jpeg 1152w, https:\/\/www.radiopiu.net\/wordpress\/wp-content\/uploads\/2025\/03\/Municipio-Lilla-S.-Giustina.jpeg 1500w\" sizes=\"auto, (max-width: 79px) 100vw, 79px\" \/><\/a>SETTIMANA LILLA A SANTA GIUSTINA: TRE EVENTI SUI DISTURBI ALIMENTARI<\/strong><\/p>\n<\/blockquote>\n<p data-start=\"76\" data-end=\"678\">SANTA GIUSTINA<\/p>\n<p data-start=\"76\" data-end=\"678\">Dal 10 al 16 marzo, il Progetto Fame di Vita, in collaborazione con il Comune di Santa Giustina, organizza tre incontri per sensibilizzare sui disturbi alimentari. Gli appuntamenti, aperti e gratuiti, si terranno presso il Centro Culturale: mercoled\u00ec 12 e venerd\u00ec 14 alle 20.00, domenica 16 alle 16.30. Esperti e testimonianze affronteranno dubbi, falsi miti e la prevenzione dell\u2019obesit\u00e0, con un dibattito sul film <em data-start=\"492\" data-end=\"507\">Fino all\u2019osso<\/em> con Giorgia Bellini. La comunit\u00e0 parteciper\u00e0 attivamente, colorando il paese di lilla con vetrine e prodotti a tema. Un\u2019occasione per informarsi e sostenere chi soffre. Per informazioni: Gloria Dalla Rosa &#8211; 348 9841466.<\/p>\n<p>&nbsp;<\/p>\n<p>&nbsp;<\/p>\n<hr \/>\n<p>&nbsp;<\/p>\n<blockquote>\n<h3>OPEN DAY AI CORSI UNIVERSITARI ATTIVI A FELTRE<\/h3>\n<\/blockquote>\n<p><strong><a class=\"dt-pswp-item\" href=\"https:\/\/www.radiopiu.net\/wordpress\/wp-content\/uploads\/2025\/03\/SCEGLI.jpg\" data-dt-img-description=\"\" data-large_image_width=\"882\" data-large_image_height=\"631\"><img loading=\"lazy\" decoding=\"async\" class=\" wp-image-439004 alignleft\" src=\"https:\/\/www.radiopiu.net\/wordpress\/wp-content\/uploads\/2025\/03\/SCEGLI-300x215.jpg\" alt=\"\" width=\"191\" height=\"137\" srcset=\"https:\/\/www.radiopiu.net\/wordpress\/wp-content\/uploads\/2025\/03\/SCEGLI-300x215.jpg 300w, https:\/\/www.radiopiu.net\/wordpress\/wp-content\/uploads\/2025\/03\/SCEGLI-768x549.jpg 768w, https:\/\/www.radiopiu.net\/wordpress\/wp-content\/uploads\/2025\/03\/SCEGLI.jpg 882w\" sizes=\"auto, (max-width: 191px) 100vw, 191px\" \/><\/a>FELTRE <\/strong>La sede di Feltre dell\u2019Universit\u00e0 di Padova partecipa all\u2019iniziativa \u201cScegli con noi\u201d, offrendo un open day per presentare i corsi di laurea triennale in Infermieristica e Tecniche della prevenzione. L\u2019evento si terr\u00e0 venerd\u00ec 14 marzo 2025, dalle 14:00 alle 17:00, presso il Campus Universitario Tina Merlin di Feltre. L\u2019incontro permetter\u00e0 ai partecipanti di vivere un\u2019esperienza immersiva nelle due professioni sanitarie, con attivit\u00e0 pratiche guidate da studenti, tutor e professionisti. Per Infermieristica, saranno allestite aree di simulazione: una dedicata alla terapia intensiva, con un manichino ad alta fedelt\u00e0 per esercitarsi su rilevazione dei parametri vitali e medicazioni sterili, e un\u2019altra sull\u2019emergenza territoriale, con dimostrazioni di primo soccorso (BLS) e gestione degli infortuni sul lavoro. Per Tecniche della prevenzione, si terranno simulazioni di indagini su infortuni lavorativi, con raccolta di testimonianze e sopralluoghi, oltre a dimostrazioni sul campionamento delle acque per la Legionella e la gestione di allerte alimentari. Durante l\u2019open day saranno fornite informazioni su iscrizioni, test d\u2019ammissione e servizi universitari. Per dettagli, si pu\u00f2 contattare il numero 0439 883803.<\/p>\n<p>&nbsp;<\/p>\n<p>&nbsp;<\/p>\n<hr \/>\n<p>&nbsp;<\/p>\n<blockquote>\n<h3>GUARDIA DI FINANZA: CONCORSO PER TITOLI ED ESAMI PER L&#8217;AMMISSIONE DI 1198 ALLIEVI MARESCIALLI<\/h3>\n<\/blockquote>\n<p><strong>BELLUNO <\/strong>Il concorso per l&#8217;anno accademico 2025\/2026 prevede l&#8217;ammissione di 1.198 allievi marescialli alla Scuola Ispettori e Sovrintendenti della Guardia di Finanza. I posti sono suddivisi in: 1.108 per il contingente ordinario, di cui 20 riservati a candidati con attestati specifici e 8 ai familiari di personale delle Forze armate e di polizia deceduto in servizio. 90 per il contingente di mare, suddivisi in specializzazioni come nocchiere, tecnico macchine e tecnico dei sistemi di comunicazione. Possono partecipare cittadini italiani tra i 17 e i 26 anni (entro il 26 marzo 2025), con possibili eccezioni per chi ha gi\u00e0 prestato servizio militare.<\/p>\n<p>&nbsp;<\/p>\n<hr \/>\n<p>&nbsp;<\/p>\n<blockquote><p><strong data-start=\"0\" data-end=\"63\">BELLUNO IN BRASILE PER I 150 ANNI\u00a0 DELL\u2019EMIGRAZIONE ITALIANA<\/strong><\/p><\/blockquote>\n<blockquote>\n<p align=\"JUSTIFY\"><em><span style=\"color: #000000;\"><span style=\"font-family: Arial, serif;\"><span style=\"font-size: large;\">La citt\u00e0 di Belluno \u00e8 legata alle citt\u00e0 di Sideropolis e Pedras Grandes da patti d\u2019amicizia, che ora si vogliono stringere ulteriormente attivando le procedure di gemellaggio al fine di suggellare legami sempre pi\u00f9 solidi e favorire scambi di buone pratiche, culturali, turistiche e commerciali.<\/span><\/span><\/span><\/em><\/p>\n<\/blockquote>\n<p data-start=\"67\" data-end=\"375\" data-is-last-node=\"\" data-is-only-node=\"\"><strong>BELLUNO<\/strong> Anche Belluno ha partecipato alla delegazione in Brasile per i 150 anni dell\u2019emigrazione italiana. La consigliera Irene Gallon ha rappresentato il Comune, rafforzando i legami con le comunit\u00e0 locali e avviando gemellaggi. Il viaggio ha valorizzato le radici italiane e favorito scambi culturali ed economici.<\/p>\n<p><a class=\"dt-pswp-item\" href=\"https:\/\/www.radiopiu.net\/wordpress\/wp-content\/uploads\/2025\/03\/Viaggio-Brasile.jpg\" data-dt-img-description=\"\" data-large_image_width=\"2000\" data-large_image_height=\"845\"><img loading=\"lazy\" decoding=\"async\" class=\"alignnone wp-image-438954 size-full\" src=\"https:\/\/www.radiopiu.net\/wordpress\/wp-content\/uploads\/2025\/03\/Viaggio-Brasile.jpg\" alt=\"\" width=\"2000\" height=\"845\" srcset=\"https:\/\/www.radiopiu.net\/wordpress\/wp-content\/uploads\/2025\/03\/Viaggio-Brasile.jpg 2000w, https:\/\/www.radiopiu.net\/wordpress\/wp-content\/uploads\/2025\/03\/Viaggio-Brasile-300x127.jpg 300w, https:\/\/www.radiopiu.net\/wordpress\/wp-content\/uploads\/2025\/03\/Viaggio-Brasile-1024x433.jpg 1024w, https:\/\/www.radiopiu.net\/wordpress\/wp-content\/uploads\/2025\/03\/Viaggio-Brasile-768x324.jpg 768w, https:\/\/www.radiopiu.net\/wordpress\/wp-content\/uploads\/2025\/03\/Viaggio-Brasile-1536x649.jpg 1536w\" sizes=\"auto, (max-width: 2000px) 100vw, 2000px\" \/><\/a><\/p>\n<p>&nbsp;<\/p>\n<p>&nbsp;<\/p>\n<hr \/>\n<p>&nbsp;<\/p>\n<blockquote>\n<p data-start=\"0\" data-end=\"79\"><strong data-start=\"0\" data-end=\"77\">UN WEBINAR PER CONOSCERE IL PROPRIO POTENZIALE<\/strong><\/p>\n<p><a class=\"dt-pswp-item\" href=\"https:\/\/www.radiopiu.net\/wordpress\/wp-content\/uploads\/2025\/03\/Immagine-2025-03-11-045908.png\" data-dt-img-description=\"\" data-large_image_width=\"195\" data-large_image_height=\"144\"><img loading=\"lazy\" decoding=\"async\" class=\" wp-image-439050 alignleft\" src=\"https:\/\/www.radiopiu.net\/wordpress\/wp-content\/uploads\/2025\/03\/Immagine-2025-03-11-045908.png\" alt=\"\" width=\"118\" height=\"87\" \/><\/a>BELLUNO<\/p><\/blockquote>\n<p data-start=\"81\" data-end=\"598\" data-is-last-node=\"\" data-is-only-node=\"\">Mercoled\u00ec 12 marzo, dalle 17:00 alle 19:00, Le Scuole in Rete e l\u2019Associazione Amici delle Scuole in Rete organizzano un webinar per aiutare i giovani a scoprire il proprio potenziale nel mondo digitale. Diego Fusina, influencer culturale, dialogher\u00e0 con Giacomo Granata, ingegnere informatico, e Lorenzo Padrin, musicista e marketer. L\u2019evento fa parte del progetto \u201cDal Virtuale al Reale\u201d e offre spunti per sfruttare le opportunit\u00e0 del digitale, evitando i rischi dei social. Iscrizioni su <a href=\"http:\/\/www.bit.ly\/potenzialesir\" target=\"_new\" rel=\"noopener\" data-start=\"573\" data-end=\"597\">www.bit.ly\/potenzialesir<\/a>.<\/p>\n<p>&nbsp;<\/p>\n<hr \/>\n<p>&nbsp;<\/p>\n<blockquote>\n<h3>SABATO A BELLUNO UN CORSO DI SICUREZZA STRADALE<\/h3>\n<\/blockquote>\n<p><strong><a class=\"dt-pswp-item\" href=\"https:\/\/www.radiopiu.net\/wordpress\/wp-content\/uploads\/2025\/03\/02bf0a80-f62c-4172-89e0-db0a9bf80284.jpg\" data-dt-img-description=\"\" data-large_image_width=\"1080\" data-large_image_height=\"1350\"><img loading=\"lazy\" decoding=\"async\" class=\" wp-image-438984 alignleft\" src=\"https:\/\/www.radiopiu.net\/wordpress\/wp-content\/uploads\/2025\/03\/02bf0a80-f62c-4172-89e0-db0a9bf80284-240x300.jpg\" alt=\"\" width=\"149\" height=\"186\" srcset=\"https:\/\/www.radiopiu.net\/wordpress\/wp-content\/uploads\/2025\/03\/02bf0a80-f62c-4172-89e0-db0a9bf80284-240x300.jpg 240w, https:\/\/www.radiopiu.net\/wordpress\/wp-content\/uploads\/2025\/03\/02bf0a80-f62c-4172-89e0-db0a9bf80284-819x1024.jpg 819w, https:\/\/www.radiopiu.net\/wordpress\/wp-content\/uploads\/2025\/03\/02bf0a80-f62c-4172-89e0-db0a9bf80284-768x960.jpg 768w, https:\/\/www.radiopiu.net\/wordpress\/wp-content\/uploads\/2025\/03\/02bf0a80-f62c-4172-89e0-db0a9bf80284.jpg 1080w\" sizes=\"auto, (max-width: 149px) 100vw, 149px\" \/><\/a>BELLUNO<\/strong> Un corso di sicurezza stradale dedicato a genitori e nonni per insegnare ad affrontare la strada con figli e nipotini: appuntamento sabato 15 marzo a Belluno.<\/p>\n<p><strong>DI DANIELE DALVIT<\/strong><\/p>\n<audio class=\"wp-audio-shortcode\" id=\"audio-438780-9\" preload=\"none\" style=\"width: 100%;\" controls=\"controls\"><source type=\"audio\/mpeg\" src=\"https:\/\/www.radiopiu.net\/wordpress\/wp-content\/uploads\/2025\/03\/Servizio-Corso-genitori-in-strada.mp3?_=9\" \/><a href=\"https:\/\/www.radiopiu.net\/wordpress\/wp-content\/uploads\/2025\/03\/Servizio-Corso-genitori-in-strada.mp3\">https:\/\/www.radiopiu.net\/wordpress\/wp-content\/uploads\/2025\/03\/Servizio-Corso-genitori-in-strada.mp3<\/a><\/audio>\n<p>&nbsp;<\/p>\n<hr \/>\n<p>&nbsp;<\/p>\n<blockquote>\n<h3>GIORNATA MONDIALE DEL RENE: L&#8217;INCONTRO CON L&#8217;ULSS 1 DOLOMITI<\/h3>\n<\/blockquote>\n<p><strong><a class=\"dt-pswp-item\" href=\"https:\/\/www.radiopiu.net\/wordpress\/wp-content\/uploads\/2025\/02\/RENE.jpg\" data-dt-img-description=\"\" data-large_image_width=\"940\" data-large_image_height=\"550\"><img loading=\"lazy\" decoding=\"async\" class=\" wp-image-436595 alignleft\" src=\"https:\/\/www.radiopiu.net\/wordpress\/wp-content\/uploads\/2025\/02\/RENE-300x176.jpg\" alt=\"\" width=\"179\" height=\"105\" srcset=\"https:\/\/www.radiopiu.net\/wordpress\/wp-content\/uploads\/2025\/02\/RENE-300x176.jpg 300w, https:\/\/www.radiopiu.net\/wordpress\/wp-content\/uploads\/2025\/02\/RENE-768x449.jpg 768w, https:\/\/www.radiopiu.net\/wordpress\/wp-content\/uploads\/2025\/02\/RENE.jpg 940w\" sizes=\"auto, (max-width: 179px) 100vw, 179px\" \/><\/a>BELLUNO <\/strong>In occasione della giornata mondiale del rene, che ricorre il prossimo 13 marzo, l\u2019Ulss Dolomiti, con le unit\u00e0 operative di Nefrologia, organizza un incontro aperto a tutta la cittadinanza per sensibilizzare sull\u2019importanza della salute dei nostri reni e sul tema del trapianto. L\u2019 incontro dal titolo \u201cIl trapianto di rene da vivente\u201d si terr\u00e0 mercoled\u00ec 12 marzo 2025 alle 17.00 in sala convegni dell\u2019ospedale di Belluno con esperti e testimonianze di donatori e trapiantati.<\/p>\n<p>&nbsp;<\/p>\n<p>&nbsp;<\/p>\n<hr \/>\n<p>&nbsp;<\/p>\n<blockquote>\n<h3>GIORNATA LILLA: GLI INCONTRI I ULSS 1 DOLOMITI<\/h3>\n<\/blockquote>\n<p><strong><a class=\"dt-pswp-item\" href=\"https:\/\/www.radiopiu.net\/wordpress\/wp-content\/uploads\/2025\/03\/LILLA.jpg\" data-dt-img-description=\"\" data-large_image_width=\"787\" data-large_image_height=\"519\"><img loading=\"lazy\" decoding=\"async\" class=\" wp-image-439000 alignleft\" src=\"https:\/\/www.radiopiu.net\/wordpress\/wp-content\/uploads\/2025\/03\/LILLA-300x198.jpg\" alt=\"\" width=\"168\" height=\"111\" srcset=\"https:\/\/www.radiopiu.net\/wordpress\/wp-content\/uploads\/2025\/03\/LILLA-300x198.jpg 300w, https:\/\/www.radiopiu.net\/wordpress\/wp-content\/uploads\/2025\/03\/LILLA-768x506.jpg 768w, https:\/\/www.radiopiu.net\/wordpress\/wp-content\/uploads\/2025\/03\/LILLA.jpg 787w\" sizes=\"auto, (max-width: 168px) 100vw, 168px\" \/><\/a>BELLUNO<\/strong> In occasione della Giornata nazionale del Fiocchetto Lilla, l\u2019Ulss Dolomiti e l\u2019Associazione Margherita Fenice organizzano un open day sui disturbi della nutrizione e dell\u2019alimentazione. L\u2019evento si terr\u00e0 sabato, dalle 9:00 alle 12:30, nelle sedi di Belluno (Ospedale San Martino) e Feltre (Ospedale Santa Maria del Prato). Esperti e volontari forniranno informazioni su prevenzione e fattori di rischio. Per gruppi di oltre 10 persone \u00e8 necessaria la prenotazione via email. \u00c8 possibile anche partecipare da remoto tramite Gmeet. Per informazioni, si possono contattare le sedi ai numeri 0437 516020 (Belluno) e 0439 883777 (Feltre). L\u2019iniziativa mira a sensibilizzare sui segnali di allarme, le conseguenze e il supporto per le famiglie.<\/p>\n<p>&nbsp;<\/p>\n<p>&nbsp;<\/p>\n<hr \/>\n<p>&nbsp;<\/p>\n<blockquote>\n<h3><a class=\"dt-pswp-item\" href=\"https:\/\/www.radiopiu.net\/wordpress\/wp-content\/uploads\/2025\/03\/io-con-te_calalzo.png\" data-dt-img-description=\"\" data-large_image_width=\"2000\" data-large_image_height=\"1428\"><img loading=\"lazy\" decoding=\"async\" class=\" wp-image-439001 alignleft\" src=\"https:\/\/www.radiopiu.net\/wordpress\/wp-content\/uploads\/2025\/03\/io-con-te_calalzo-300x214.png\" alt=\"\" width=\"209\" height=\"149\" srcset=\"https:\/\/www.radiopiu.net\/wordpress\/wp-content\/uploads\/2025\/03\/io-con-te_calalzo-300x214.png 300w, https:\/\/www.radiopiu.net\/wordpress\/wp-content\/uploads\/2025\/03\/io-con-te_calalzo-1024x731.png 1024w, https:\/\/www.radiopiu.net\/wordpress\/wp-content\/uploads\/2025\/03\/io-con-te_calalzo-768x548.png 768w, https:\/\/www.radiopiu.net\/wordpress\/wp-content\/uploads\/2025\/03\/io-con-te_calalzo-1536x1097.png 1536w, https:\/\/www.radiopiu.net\/wordpress\/wp-content\/uploads\/2025\/03\/io-con-te_calalzo.png 2000w\" sizes=\"auto, (max-width: 209px) 100vw, 209px\" \/><\/a>IO CON TE A CALALZO<\/h3>\n<\/blockquote>\n<p><strong>BELLUNO<\/strong> Il Consultorio Familiare di Belluno \u2013 sede di Pieve di Cadore, in collaborazione con il Comune di Calalzo di Cadore, organizza \u201cIo con te\u201d, un percorso di gruppo per mamme di bambini dai 2 ai 10 mesi. Il percorso prevede tre incontri, guidati da un\u2019assistente sanitaria e un\u2019ostetrica, per condividere esperienze e trascorrere del tempo con il proprio bambino. Gli incontri si terranno presso la Biblioteca Comunale E. De Lotto di Calalzo di Cadore il 17, 24 e 31 marzo 2025, dalle 10:00 alle 11:30. Per iscrizioni e informazioni, \u00e8 possibile contattare il numero 0435 341541 o scrivere a <a rel=\"noopener\" data-start=\"589\" data-end=\"629\">consultoriofamiliare.pc@aulss1.veneto.it<\/a>.<\/p>\n<p>&nbsp;<\/p>\n<blockquote class=\"wp-embedded-content\" data-secret=\"HPUFjUtq13\"><p><a href=\"https:\/\/www.radiopiu.net\/wordpress\/tradizioni-usi-costumi-quando-la-radio-del-territorio-sostiene-la-tradizione\/\">TRADIZIONI, USI COSTUMI. QUANDO LA  RADIO DEL TERRITORIO SOSTIENE LA TRADIZIONE<\/a><\/p><\/blockquote>\n<p><iframe loading=\"lazy\" class=\"wp-embedded-content\" sandbox=\"allow-scripts\" security=\"restricted\" style=\"position: absolute; visibility: hidden;\" title=\"&#8220;TRADIZIONI, USI COSTUMI. QUANDO LA  RADIO DEL TERRITORIO SOSTIENE LA TRADIZIONE&#8221; &#8212; Radio Pi\u00f9\" src=\"https:\/\/www.radiopiu.net\/wordpress\/tradizioni-usi-costumi-quando-la-radio-del-territorio-sostiene-la-tradizione\/embed\/#?secret=nJ5ZqxoLuz#?secret=HPUFjUtq13\" data-secret=\"HPUFjUtq13\" width=\"600\" height=\"338\" frameborder=\"0\" marginwidth=\"0\" marginheight=\"0\" scrolling=\"no\"><\/iframe><\/p>\n<hr \/>\n<p>&nbsp;<\/p>\n<blockquote>\n<h2>INAGURATA LA MY CANDY ARENA<\/h2>\n<\/blockquote>\n<p><strong>BORGO VALBELLUNA<\/strong><\/p>\n<p>L&#8217;entusiasmo ha accompagnato l\u2019inaugurazione della MyCandy Arena a Lentiai, nuovo punto di riferimento per il modellismo su pista. Alla cerimonia erano presenti istituzioni locali e nazionali, oltre a un pubblico numeroso. Dopo l\u2019omaggio musicale della Filarmonica di Lentiai, i fondatori Michele Dalla Piazza e Andrea Grigoletto hanno sottolineato l\u2019importanza della struttura, annunciando la candidatura di Lentiai per ospitare il mondiale 2027. L\u2019evento ha incluso un omaggio al pilota Philippe Baumberger, dimostrazioni in pista e uno spettacolo pirotecnico. La MyCandy Arena si propone ora come polo attrattivo per eventi e competizioni internazionali.<\/p>\n<p><strong>Andrea Grigoletto ha dichiarato<\/strong>:<em> \u201cUn sogno che diventa realt\u00e0, supportato da tante persone e che ha preso forma sei anni fa proprio nello stesso luogo dove oggi festeggiamo. Oggi questo spazio \u00e8 trasformato e riqualificato per la comunit\u00e0 tutta.\u201d<\/em><\/p>\n<p>Taglio del nastro della Mycandy Arena (Foto di Elisa Castellan)<\/p>\n\n\t\t\t<style type='text\/css'>\n\t\t\t\t#gallery-3 {\n\t\t\t\t\tmargin: auto;\n\t\t\t\t}\n\t\t\t\t#gallery-3 .gallery-item {\n\t\t\t\t\tfloat: left;\n\t\t\t\t\tmargin-top: 10px;\n\t\t\t\t\ttext-align: center;\n\t\t\t\t\twidth: 50%;\n\t\t\t\t}\n\t\t\t\t#gallery-3 img {\n\t\t\t\t\tborder: 2px solid #cfcfcf;\n\t\t\t\t}\n\t\t\t\t#gallery-3 .gallery-caption {\n\t\t\t\t\tmargin-left: 0;\n\t\t\t\t}\n\t\t\t\t\/* see gallery_shortcode() in wp-includes\/media.php *\/\n\t\t\t<\/style>\n\t\t<div id='gallery-3' class='dt-gallery-container gallery galleryid-438780 gallery-columns-2 gallery-size-medium'><dl class='gallery-item'>\n\t\t\t\t<dt class='gallery-icon landscape'>\n\t\t\t\t\t<a class=\"rollover rollover-zoom dt-pswp-item\" title=\"Senza nome\" data-dt-img-description=\"\" data-large_image_width=\"572\" data-large_image_height=\"400\"href='https:\/\/www.radiopiu.net\/wordpress\/wp-content\/uploads\/2025\/03\/Senza-nome-43.png'><img loading=\"lazy\" decoding=\"async\" width=\"300\" height=\"210\" src=\"https:\/\/www.radiopiu.net\/wordpress\/wp-content\/uploads\/2025\/03\/Senza-nome-43-300x210.png\" class=\"attachment-medium size-medium\" alt=\"\" srcset=\"https:\/\/www.radiopiu.net\/wordpress\/wp-content\/uploads\/2025\/03\/Senza-nome-43-300x210.png 300w, https:\/\/www.radiopiu.net\/wordpress\/wp-content\/uploads\/2025\/03\/Senza-nome-43.png 572w\" sizes=\"auto, (max-width: 300px) 100vw, 300px\" \/><\/a>\n\t\t\t\t<\/dt><\/dl><dl class='gallery-item'>\n\t\t\t\t<dt class='gallery-icon landscape'>\n\t\t\t\t\t<a class=\"rollover rollover-zoom dt-pswp-item\" title=\"Senza nome\" data-dt-img-description=\"\" data-large_image_width=\"485\" data-large_image_height=\"378\"href='https:\/\/www.radiopiu.net\/wordpress\/wp-content\/uploads\/2025\/03\/Senza-nome-42.png'><img loading=\"lazy\" decoding=\"async\" width=\"300\" height=\"234\" src=\"https:\/\/www.radiopiu.net\/wordpress\/wp-content\/uploads\/2025\/03\/Senza-nome-42-300x234.png\" class=\"attachment-medium size-medium\" alt=\"\" srcset=\"https:\/\/www.radiopiu.net\/wordpress\/wp-content\/uploads\/2025\/03\/Senza-nome-42-300x234.png 300w, https:\/\/www.radiopiu.net\/wordpress\/wp-content\/uploads\/2025\/03\/Senza-nome-42.png 485w\" sizes=\"auto, (max-width: 300px) 100vw, 300px\" \/><\/a>\n\t\t\t\t<\/dt><\/dl><br style=\"clear: both\" \/>\n\t\t\t<\/div>\n\n<p>&nbsp;<\/p>\n<p>&nbsp;<\/p>\n<hr \/>\n<p>&nbsp;<\/p>\n<blockquote>\n<h2>TORNA A CHIES LA SAGRA DI SAN GIUSEPPE SOTTO GLI OCCHI DEL GRANDE FAGGIO<\/h2>\n<\/blockquote>\n<p data-pm-slice=\"1 1 []\"><em>Un evento ricco di tradizione, cultura e arte, con un inedito simposio di scultura<\/em><\/p>\n<p data-pm-slice=\"1 1 []\"><strong>CHIES<\/strong><\/p>\n<p data-pm-slice=\"1 1 []\">Tutto pronto a Chies per la tradizionale Sagra di San Giuseppe, in programma da mercoled\u00ec 19 a domenica 23 marzo. Organizzata dall&#8217;Associazione Amici di MET in collaborazione con Pro Loco, Donatori del Sangue, Regola, Comune e Parrocchia, la manifestazione offre cinque giorni di celebrazioni, incontri e spettacoli.<\/p>\n<p>Il via mercoled\u00ec 19, nel giorno del Santo, con la Santa Messa alle 10.30. Tra gli eventi di spicco, una serata dedicata all&#8217;intelligenza artificiale a cura di Nicola Pradel, concerti dal vivo con i RottiXcaso e i Rockstar Show, l&#8217;apertura del Museo di Storia Naturale di Chies e la tradizionale pesca di beneficenza.<\/p>\n<p>Quest&#8217;anno la sagra si arricchisce con un&#8217;iniziativa speciale: il simposio di scultura &#8220;Gli Occhi del Grande Faggio&#8221;. Cinque artisti scolpiranno in bassorilievo le tavole ricavate dal secolare faggio di Pian Formosa, caduto a causa degli eventi climatici estremi. &#8220;Un&#8217;occasione per dare nuova vita a un simbolo della nostra comunit\u00e0&#8221;, spiega il sindaco Gianluca Dal Borgo.<\/p>\n<p>Il programma prevede anche una mostra fotografica di Eddi Da Ros, degustazioni guidate, animazione per bambini e un servizio navetta serale per facilitare gli spostamenti. Per ulteriori dettagli, gli organizzatori invitano a seguire le pagine social dell&#8217;Associazione Amici di MET.<\/p>\n<p>&nbsp;<\/p>\n\n\t\t\t<style type='text\/css'>\n\t\t\t\t#gallery-4 {\n\t\t\t\t\tmargin: auto;\n\t\t\t\t}\n\t\t\t\t#gallery-4 .gallery-item {\n\t\t\t\t\tfloat: left;\n\t\t\t\t\tmargin-top: 10px;\n\t\t\t\t\ttext-align: center;\n\t\t\t\t\twidth: 33%;\n\t\t\t\t}\n\t\t\t\t#gallery-4 img {\n\t\t\t\t\tborder: 2px solid #cfcfcf;\n\t\t\t\t}\n\t\t\t\t#gallery-4 .gallery-caption {\n\t\t\t\t\tmargin-left: 0;\n\t\t\t\t}\n\t\t\t\t\/* see gallery_shortcode() in wp-includes\/media.php *\/\n\t\t\t<\/style>\n\t\t<div id='gallery-4' class='dt-gallery-container gallery galleryid-438780 gallery-columns-3 gallery-size-thumbnail'><dl class='gallery-item'>\n\t\t\t\t<dt class='gallery-icon portrait'>\n\t\t\t\t\t<a class=\"rollover rollover-zoom dt-pswp-item\" title=\"Locandina Sagra San Giuseppe - Chies\" data-dt-img-description=\"\" data-large_image_width=\"1131\" data-large_image_height=\"1600\"href='https:\/\/www.radiopiu.net\/wordpress\/wp-content\/uploads\/2025\/03\/Locandina-Sagra-San-Giuseppe-Chies.jpg'><img loading=\"lazy\" decoding=\"async\" width=\"150\" height=\"150\" src=\"https:\/\/www.radiopiu.net\/wordpress\/wp-content\/uploads\/2025\/03\/Locandina-Sagra-San-Giuseppe-Chies-150x150.jpg\" class=\"attachment-thumbnail size-thumbnail\" alt=\"\" \/><\/a>\n\t\t\t\t<\/dt><\/dl><dl class='gallery-item'>\n\t\t\t\t<dt class='gallery-icon landscape'>\n\t\t\t\t\t<a class=\"rollover rollover-zoom dt-pswp-item\" title=\"2024_Falegnami Alpago alla messa di San Giuseppe\" data-dt-img-description=\"\" data-large_image_width=\"1600\" data-large_image_height=\"1200\"href='https:\/\/www.radiopiu.net\/wordpress\/wp-content\/uploads\/2025\/03\/2024_Falegnami-Alpago-alla-messa-di-San-Giuseppe.jpg'><img loading=\"lazy\" decoding=\"async\" width=\"150\" height=\"150\" src=\"https:\/\/www.radiopiu.net\/wordpress\/wp-content\/uploads\/2025\/03\/2024_Falegnami-Alpago-alla-messa-di-San-Giuseppe-150x150.jpg\" class=\"attachment-thumbnail size-thumbnail\" alt=\"\" \/><\/a>\n\t\t\t\t<\/dt><\/dl><dl class='gallery-item'>\n\t\t\t\t<dt class='gallery-icon landscape'>\n\t\t\t\t\t<a class=\"rollover rollover-zoom dt-pswp-item\" title=\"2024_tensostruttura sagra Chies\" data-dt-img-description=\"\" data-large_image_width=\"1600\" data-large_image_height=\"908\"href='https:\/\/www.radiopiu.net\/wordpress\/wp-content\/uploads\/2025\/03\/2024_tensostruttura-sagra-Chies.jpg'><img loading=\"lazy\" decoding=\"async\" width=\"150\" height=\"150\" src=\"https:\/\/www.radiopiu.net\/wordpress\/wp-content\/uploads\/2025\/03\/2024_tensostruttura-sagra-Chies-150x150.jpg\" class=\"attachment-thumbnail size-thumbnail\" alt=\"\" \/><\/a>\n\t\t\t\t<\/dt><\/dl><br style=\"clear: both\" \/>\n\t\t\t<\/div>\n\n<p>&nbsp;<\/p>\n<p>&nbsp;<\/p>\n<hr \/>\n<p>&nbsp;<\/p>\n<blockquote>\n<h2>50 ANNI DOPO LA MATURIT\u00c0: LA 4\u00aa A DEL RENIER DI BELLUNO SI RITROVA<\/h2>\n<\/blockquote>\n<p><strong>BELLUNO\u00a0<\/strong><\/p>\n<p data-start=\"126\" data-end=\"350\">Cinquant\u2019anni dopo aver affrontato gli esami di maturit\u00e0, le ex studentesse della <strong data-start=\"218\" data-end=\"235\">4\u00aa A del 1975<\/strong> dell\u2019Istituto G. Renier di Belluno si sono ritrovate per rivivere insieme i ricordi di un\u2019epoca indimenticabile.<\/p>\n<p data-start=\"352\" data-end=\"671\">Un incontro all\u2019insegna dell\u2019emozione e della nostalgia, in cui le protagoniste di quegli anni hanno riportato alla luce aneddoti, amicizie e momenti vissuti tra i banchi di scuola. \u201cEravamo <strong data-start=\"543\" data-end=\"572\">le ragazze degli anni \u201970<\/strong>\u201d \u2013 raccontano con entusiasmo \u2013 un periodo di grandi cambiamenti, sogni e speranze per il futuro.<\/p>\n<p data-start=\"673\" data-end=\"996\" data-is-only-node=\"\">L\u2019incontro \u00e8 stato l\u2019occasione per riscoprire il legame che le ha unite, ricordando i professori, le lezioni, le risate nei corridoi e quel senso di appartenenza che ancora oggi le lega. Cinquant\u2019anni dopo, lo spirito di classe \u00e8 rimasto intatto, dimostrando che il tempo pu\u00f2 scorrere, ma certi legami restano per sempre.<\/p>\n<p data-start=\"673\" data-end=\"996\" data-is-only-node=\"\"><img decoding=\"async\" src=\"https:\/\/www.radiopiu.net\/wordpress\/wp-content\/uploads\/2025\/03\/1000058948-scaled.jpg\" \/><\/p>\n<p>&nbsp;<\/p>\n<hr \/>\n<p>&nbsp;<\/p>\n<blockquote>\n<h3>IL VENTO TRA I CAPELLI&#8221;, LA PEDONATA NON COMPETITIVA DEL COMITATO PREVENZIONE SALUTE DONNA<\/h3>\n<\/blockquote>\n<p><strong>BELLUNO<\/strong> \u200b<span class=\"relative -mx-px my-[-0.2rem] rounded px-px py-[0.2rem]\">La 19\u00aa edizione della pedonata solidale &#8220;Il Vento tra i Capelli&#8221; si terr\u00e0 il 16 marzo 2025 alle 10 in Piazza dei Martiri a Belluno.<\/span><\/p>\n<p>&nbsp;<\/p>\n<p>&nbsp;<\/p>\n<hr \/>\n<p>&nbsp;<\/p>\n<blockquote>\n<h3>LE CAMMINATE DI PRIMAVERA A BELLUNO<\/h3>\n<\/blockquote>\n<p><strong>BELLUNO<\/strong> Escursione \u201cBorghi Montani\u201d il 16 marzo tra natura e storia, esplorando Lamosano e il villaggio fantasma di Stracadon. Ritrovo a Belluno alle 14:30, percorso di 3-3,5 km con 100 m di dislivello. Conclusione con Messa e rinfresco. Prenotazione obbligatoria entro il 15 marzo (posti limitati a 35). Info <em>340 8769665<\/em><\/p>\n<p>&nbsp;<\/p>\n<p>&nbsp;<\/p>\n<hr \/>\n<p>&nbsp;<\/p>\n<h1><span style=\"color: #ff6600;\">IERI ALLA RADIO\u00a0<\/span><\/h1>\n<h2><span style=\"color: #00ccff;\">SALUTE E SOCIETA&#8217;<\/span><\/h2>\n<p><strong><a class=\"dt-pswp-item\" href=\"https:\/\/www.radiopiu.net\/wordpress\/wp-content\/uploads\/2025\/03\/0bf1f8a6-febb-d378-cba3-9ca96ec8f00b-1.jpg\" data-dt-img-description=\"\" data-large_image_width=\"800\" data-large_image_height=\"445\"><img loading=\"lazy\" decoding=\"async\" class=\" wp-image-438966 alignleft\" src=\"https:\/\/www.radiopiu.net\/wordpress\/wp-content\/uploads\/2025\/03\/0bf1f8a6-febb-d378-cba3-9ca96ec8f00b-1-300x167.jpg\" alt=\"\" width=\"241\" height=\"134\" srcset=\"https:\/\/www.radiopiu.net\/wordpress\/wp-content\/uploads\/2025\/03\/0bf1f8a6-febb-d378-cba3-9ca96ec8f00b-1-300x167.jpg 300w, https:\/\/www.radiopiu.net\/wordpress\/wp-content\/uploads\/2025\/03\/0bf1f8a6-febb-d378-cba3-9ca96ec8f00b-1-768x427.jpg 768w, https:\/\/www.radiopiu.net\/wordpress\/wp-content\/uploads\/2025\/03\/0bf1f8a6-febb-d378-cba3-9ca96ec8f00b-1.jpg 800w\" sizes=\"auto, (max-width: 241px) 100vw, 241px\" \/><\/a>PUNTATA DEL 10 MARZO 2025<\/strong><\/p>\n<p><strong>Settimana della prevenzione dal Fuoco di Sant\u2019Antonio <\/strong>In occasione della Settimana della Prevenzione dal Fuoco di Sant\u2019Antonio, dal 24 febbraio al 2 marzo scorsi, gli esperti hanno raccomandato alle persone di informarsi. Anche perch\u00e9 stando ad un sondaggio condotto da Ipsos Healthcare per conto di GSK, su 8.400 cittadini di 9 Paesi tra i 50 ed i 60 anni (1000 gli Italiani considerati) in molti hanno ancora le idee confuse su questa infezione. Sia che si tratti di uomini e donne in buona salute sia che invece presentino patologie concomitanti.<\/p>\n<audio class=\"wp-audio-shortcode\" id=\"audio-438780-10\" preload=\"none\" style=\"width: 100%;\" controls=\"controls\"><source type=\"audio\/mpeg\" src=\"https:\/\/www.radiopiu.net\/wordpress\/wp-content\/uploads\/2025\/03\/SALUTE-1.mp3?_=10\" \/><a href=\"https:\/\/www.radiopiu.net\/wordpress\/wp-content\/uploads\/2025\/03\/SALUTE-1.mp3\">https:\/\/www.radiopiu.net\/wordpress\/wp-content\/uploads\/2025\/03\/SALUTE-1.mp3<\/a><\/audio>\n<p>&nbsp;<\/p>\n<hr \/>\n<p>&nbsp;<\/p>\n<h2><span style=\"color: #99cc00;\">OGGI COME IERI, TERZO ANNO. CON SILVIA BALDO<\/span><\/h2>\n<p><strong><a class=\"dt-pswp-item\" href=\"https:\/\/www.radiopiu.net\/wordpress\/wp-content\/uploads\/2025\/03\/Urano_imagefullwide.jpg\" data-dt-img-description=\"\" data-large_image_width=\"1170\" data-large_image_height=\"647\"><img loading=\"lazy\" decoding=\"async\" class=\" wp-image-438970 alignleft\" src=\"https:\/\/www.radiopiu.net\/wordpress\/wp-content\/uploads\/2025\/03\/Urano_imagefullwide-300x166.jpg\" alt=\"\" width=\"172\" height=\"95\" srcset=\"https:\/\/www.radiopiu.net\/wordpress\/wp-content\/uploads\/2025\/03\/Urano_imagefullwide-300x166.jpg 300w, https:\/\/www.radiopiu.net\/wordpress\/wp-content\/uploads\/2025\/03\/Urano_imagefullwide-1024x566.jpg 1024w, https:\/\/www.radiopiu.net\/wordpress\/wp-content\/uploads\/2025\/03\/Urano_imagefullwide-768x425.jpg 768w, https:\/\/www.radiopiu.net\/wordpress\/wp-content\/uploads\/2025\/03\/Urano_imagefullwide.jpg 1170w\" sizes=\"auto, (max-width: 172px) 100vw, 172px\" \/><\/a>10 MARZO 2025 URANO<\/strong><\/p>\n<audio class=\"wp-audio-shortcode\" id=\"audio-438780-11\" preload=\"none\" style=\"width: 100%;\" controls=\"controls\"><source type=\"audio\/mpeg\" src=\"https:\/\/www.radiopiu.net\/wordpress\/wp-content\/uploads\/2025\/03\/SIBI-1.mp3?_=11\" \/><a href=\"https:\/\/www.radiopiu.net\/wordpress\/wp-content\/uploads\/2025\/03\/SIBI-1.mp3\">https:\/\/www.radiopiu.net\/wordpress\/wp-content\/uploads\/2025\/03\/SIBI-1.mp3<\/a><\/audio>\n<p>&nbsp;<\/p>\n<p><strong>LA RACCOLTA COMPLETA <a href=\"https:\/\/www.radiopiu.net\/wordpress\/oggi-come-ieri-terzo-anno-con-silvia-baldo\/\"><span style=\"color: #3366ff;\">CLICCA QUI<\/span><\/a><\/strong><\/p>\n<p>&nbsp;<\/p>\n<hr \/>\n<p>&nbsp;<\/p>\n<h2><span style=\"color: #00ffff;\">SIB INFORMA: IL SERVIZIO DI MESSAGGISTICA SIB ALLERT<\/span><\/h2>\n<p><strong><a class=\"dt-pswp-item\" href=\"https:\/\/www.radiopiu.net\/wordpress\/wp-content\/uploads\/2025\/03\/gspalert.jpg\" data-dt-img-description=\"\" data-large_image_width=\"1140\" data-large_image_height=\"550\"><img loading=\"lazy\" decoding=\"async\" class=\" wp-image-438976 alignleft\" src=\"https:\/\/www.radiopiu.net\/wordpress\/wp-content\/uploads\/2025\/03\/gspalert-300x145.jpg\" alt=\"\" width=\"219\" height=\"106\" srcset=\"https:\/\/www.radiopiu.net\/wordpress\/wp-content\/uploads\/2025\/03\/gspalert-300x145.jpg 300w, https:\/\/www.radiopiu.net\/wordpress\/wp-content\/uploads\/2025\/03\/gspalert-1024x494.jpg 1024w, https:\/\/www.radiopiu.net\/wordpress\/wp-content\/uploads\/2025\/03\/gspalert-768x371.jpg 768w, https:\/\/www.radiopiu.net\/wordpress\/wp-content\/uploads\/2025\/03\/gspalert.jpg 1140w\" sizes=\"auto, (max-width: 219px) 100vw, 219px\" \/><\/a>DI BARBARA PAOLAZZI<\/strong><\/p>\n<p>OSPITI: Dino Celentin (responsabile gestione rete di SIB), Simone Deola (Vicesindaco di Borgo Valbelluna) e Marco Stanuovo Polacco (Sindaco di Comelco Superiore)<\/p>\n<audio class=\"wp-audio-shortcode\" id=\"audio-438780-12\" preload=\"none\" style=\"width: 100%;\" controls=\"controls\"><source type=\"audio\/mpeg\" src=\"https:\/\/www.radiopiu.net\/wordpress\/wp-content\/uploads\/2025\/03\/SIB-INFORMA-10-03-2025-_-SIB-Alert-_con-Celentin-Deola-e-Staunovo-Polacco-.mp3?_=12\" \/><a href=\"https:\/\/www.radiopiu.net\/wordpress\/wp-content\/uploads\/2025\/03\/SIB-INFORMA-10-03-2025-_-SIB-Alert-_con-Celentin-Deola-e-Staunovo-Polacco-.mp3\">https:\/\/www.radiopiu.net\/wordpress\/wp-content\/uploads\/2025\/03\/SIB-INFORMA-10-03-2025-_-SIB-Alert-_con-Celentin-Deola-e-Staunovo-Polacco-.mp3<\/a><\/audio>\n<p>&nbsp;<\/p>\n<p><strong>LA RACCOLTA COMPLETA <span style=\"color: #3366ff;\"><a style=\"color: #3366ff;\" href=\"https:\/\/www.radiopiu.net\/wordpress\/gsp-informa\/\">CLICCA QUI<\/a><\/span><\/strong><\/p>\n<p>&nbsp;<\/p>\n<hr \/>\n<p>&nbsp;<\/p>\n<h2><span style=\"color: #333399;\">RITRATTI SONORI, IL PROGRAMMA DI ALESSIA DALL&#8217;O&#8217;<\/span><\/h2>\n<p><span style=\"color: #ff0000;\"><strong><a class=\"dt-pswp-item\" href=\"https:\/\/www.radiopiu.net\/wordpress\/wp-content\/uploads\/2025\/03\/08676bff-b70e-4ac4-b0e0-c27b9a2533f0.jpg\" data-dt-img-description=\"\" data-large_image_width=\"1600\" data-large_image_height=\"1200\"><img loading=\"lazy\" decoding=\"async\" class=\" wp-image-438973 alignleft\" src=\"https:\/\/www.radiopiu.net\/wordpress\/wp-content\/uploads\/2025\/03\/08676bff-b70e-4ac4-b0e0-c27b9a2533f0-300x225.jpg\" alt=\"\" width=\"195\" height=\"146\" srcset=\"https:\/\/www.radiopiu.net\/wordpress\/wp-content\/uploads\/2025\/03\/08676bff-b70e-4ac4-b0e0-c27b9a2533f0-300x225.jpg 300w, https:\/\/www.radiopiu.net\/wordpress\/wp-content\/uploads\/2025\/03\/08676bff-b70e-4ac4-b0e0-c27b9a2533f0-1024x768.jpg 1024w, https:\/\/www.radiopiu.net\/wordpress\/wp-content\/uploads\/2025\/03\/08676bff-b70e-4ac4-b0e0-c27b9a2533f0-768x576.jpg 768w, https:\/\/www.radiopiu.net\/wordpress\/wp-content\/uploads\/2025\/03\/08676bff-b70e-4ac4-b0e0-c27b9a2533f0-1536x1152.jpg 1536w, https:\/\/www.radiopiu.net\/wordpress\/wp-content\/uploads\/2025\/03\/08676bff-b70e-4ac4-b0e0-c27b9a2533f0.jpg 1600w\" sizes=\"auto, (max-width: 195px) 100vw, 195px\" \/><\/a>PUNTATA 18 &#8211; ELENA BRANCALEONE<\/strong><\/span><\/p>\n<p>PRIMA PARTE<\/p>\n<audio class=\"wp-audio-shortcode\" id=\"audio-438780-13\" preload=\"none\" style=\"width: 100%;\" controls=\"controls\"><source type=\"audio\/mpeg\" src=\"https:\/\/www.radiopiu.net\/wordpress\/wp-content\/uploads\/2025\/03\/RF1.mp3?_=13\" \/><a href=\"https:\/\/www.radiopiu.net\/wordpress\/wp-content\/uploads\/2025\/03\/RF1.mp3\">https:\/\/www.radiopiu.net\/wordpress\/wp-content\/uploads\/2025\/03\/RF1.mp3<\/a><\/audio>\n<p>&nbsp;<\/p>\n<p>SECONDA PARTE<\/p>\n<audio class=\"wp-audio-shortcode\" id=\"audio-438780-14\" preload=\"none\" style=\"width: 100%;\" controls=\"controls\"><source type=\"audio\/mpeg\" src=\"https:\/\/www.radiopiu.net\/wordpress\/wp-content\/uploads\/2025\/03\/RF2.mp3?_=14\" \/><a href=\"https:\/\/www.radiopiu.net\/wordpress\/wp-content\/uploads\/2025\/03\/RF2.mp3\">https:\/\/www.radiopiu.net\/wordpress\/wp-content\/uploads\/2025\/03\/RF2.mp3<\/a><\/audio>\n<p>&nbsp;<\/p>\n<p>TERZA PARTE<\/p>\n<audio class=\"wp-audio-shortcode\" id=\"audio-438780-15\" preload=\"none\" style=\"width: 100%;\" controls=\"controls\"><source type=\"audio\/mpeg\" src=\"https:\/\/www.radiopiu.net\/wordpress\/wp-content\/uploads\/2025\/03\/RF3.mp3?_=15\" \/><a href=\"https:\/\/www.radiopiu.net\/wordpress\/wp-content\/uploads\/2025\/03\/RF3.mp3\">https:\/\/www.radiopiu.net\/wordpress\/wp-content\/uploads\/2025\/03\/RF3.mp3<\/a><\/audio>\n<p>&nbsp;<\/p>\n<p><strong>LA RACCOLTA COMPLETA <a href=\"https:\/\/www.radiopiu.net\/wordpress\/ritratti-sonori-il-programma-di-alessia-dallo-la-raccolta\/\"><span style=\"color: #3366ff;\">CLICCA QUI<\/span><\/a><\/strong><\/p>\n<p>&nbsp;<\/p>\n<hr \/>\n<p>&nbsp;<\/p>\n<h2><span style=\"color: #ffcc00;\">I RACCONTI DI PAOLO SOPPELSA<\/span><\/h2>\n<p><strong>L&#8217;ANIMA DI MARZO<\/strong><\/p>\n<p><strong>AUDIO<\/strong><\/p>\n<audio class=\"wp-audio-shortcode\" id=\"audio-438780-16\" preload=\"none\" style=\"width: 100%;\" controls=\"controls\"><source type=\"audio\/mpeg\" src=\"https:\/\/www.radiopiu.net\/wordpress\/wp-content\/uploads\/2025\/03\/PAOLOS-1.mp3?_=16\" \/><a href=\"https:\/\/www.radiopiu.net\/wordpress\/wp-content\/uploads\/2025\/03\/PAOLOS-1.mp3\">https:\/\/www.radiopiu.net\/wordpress\/wp-content\/uploads\/2025\/03\/PAOLOS-1.mp3<\/a><\/audio>\n<p>&nbsp;<\/p>\n<p><a class=\"dt-pswp-item\" href=\"https:\/\/www.radiopiu.net\/wordpress\/wp-content\/uploads\/2025\/03\/3542f20f-2bf0-4e9e-85ea-2fde46290c93.jpg\" data-dt-img-description=\"\" data-large_image_width=\"1600\" data-large_image_height=\"1200\"><img loading=\"lazy\" decoding=\"async\" class=\" wp-image-438692 alignleft\" src=\"https:\/\/www.radiopiu.net\/wordpress\/wp-content\/uploads\/2025\/03\/3542f20f-2bf0-4e9e-85ea-2fde46290c93-300x225.jpg\" alt=\"\" width=\"180\" height=\"135\" srcset=\"https:\/\/www.radiopiu.net\/wordpress\/wp-content\/uploads\/2025\/03\/3542f20f-2bf0-4e9e-85ea-2fde46290c93-300x225.jpg 300w, https:\/\/www.radiopiu.net\/wordpress\/wp-content\/uploads\/2025\/03\/3542f20f-2bf0-4e9e-85ea-2fde46290c93-1024x768.jpg 1024w, https:\/\/www.radiopiu.net\/wordpress\/wp-content\/uploads\/2025\/03\/3542f20f-2bf0-4e9e-85ea-2fde46290c93-768x576.jpg 768w, https:\/\/www.radiopiu.net\/wordpress\/wp-content\/uploads\/2025\/03\/3542f20f-2bf0-4e9e-85ea-2fde46290c93-1536x1152.jpg 1536w, https:\/\/www.radiopiu.net\/wordpress\/wp-content\/uploads\/2025\/03\/3542f20f-2bf0-4e9e-85ea-2fde46290c93.jpg 1600w\" sizes=\"auto, (max-width: 180px) 100vw, 180px\" \/><\/a>Dolce primavera e vero inverno, durante il mese di marzo la stagione \u00e8 capace di cambiare nel corso di poche ore. Il terzo mese dell&#8217;anno pu\u00f2 essere pugno e carezza, talvolta addirittura illusione di quasi estate e poi cupezza dei giorni severi della stagione del gelo e dei silenzi. Ti illude, marzo. Ti prende per mano per accompagnarti incontro ad un&#8217;altra serena primavera, te la fa intravedere, sfiorare, e poi beffardamente ti riporta indietro, al tempo della neve pesante di fine inverno. Neve tardiva che va a coprire quella invecchiata e stanca, prime fredde acque di timido disgelo che ridestano i torrenti e poi notti di freddo che imbianca di brina i prati, proprio come a gennaio. Li ricordo bene quei giorni di marzo vissuti nella Piccola Citt\u00e0. Nei giorni di bel tempo, il cielo era colorato di un azzurro chiaro e fra le case e i condomini era cantare di uccellini e vociare di bambini che ora erano ritornati a giocare nei cortili. Un po\u2019 dispiaceva l&#8217;avere terminato di giocare con quella neve cittadina, ma ora la nuova incipiente primavera permetteva di vivere pomeriggi all&#8217;insegna delle corse in bicicletta e partite di calcio che finivano all\u2019imbrunire. Era un tempo di viole nei prati e di voci concitate di bambini che vivevano appieno la felicit\u00e0 che regalava un semplice pallone. Una felicit\u00e0 che marzo era capace di far sfumare all&#8217;improvviso quando decideva di scaricare un bel po\u2019 di pioggia fredda e sottile. Allora erano nuvole basse che coprivano la Schiara e il Visentin, erano pozzanghere che si formavano in cortile, erano giochi casalinghi e sguardi malinconici dalle finestre che guardavano la strada. Lass\u00f9 al paese, invece, il terzo mese proponeva un tempo diverso. La domenica, quando si tornava di fronte al Pelsa, quasi sempre si trovava la neve sui prati in ombra. Era neve rugosa, crostosa, che durante i giorni sereni si scioglieva formando piccoli rivoli d&#8217;acqua per poi gelare nuovamente dopo il tramonto. Era neve stanca di vivere quel partire e ritornare dell&#8217;inverno che, almeno fino alla met\u00e0 del mese, sembrava non voler lasciare la valle. A volte erano nuvole che chiudevano l&#8217;orizzonte e che ricacciavano gli uomini nelle stue, erano camini che ritornavano a fumare anche a mezzogiorno. C&#8217;era la neve nuova che scendeva fino a lambire i paesi e la pazienza dei vecchi che avevano visto nascere tante altre primavere. Conoscevano bene le bizzarrie e le incertezze di marzo, la sua anima volubile e la tenacit\u00e0 degli inverni di montagna. Marzo insegnava l&#8217;attesa, la pazienza, i vecchi insegnavano a leggere quelle nuvole inquiete che correvano in cielo e ad interpretare il sibilare di quel vento freddo che scendeva dalle cime cariche di neve. Marzo talvolta era tempo di carnevale tardivo e di Pasqua precoce, di carri allegorici che sfilavano nel dolce tepore di quasi primavera e di certi Venerd\u00ec Santo sferzati da vento e neve che imbiancava i Crocifissi in processione e spegneva i lumini che rischiaravano la pi\u00f9 triste sera dell&#8217;anno. Marzo \u00e8 anima inquieta, \u00e8 inverno morente e primavera nascente, \u00e8 accavallarsi di stagioni che sgomitano creando trambusto. Marzo \u00e8 dubbio, incertezza, \u00e8 sprazzi di sereno e poi nuvole che accarezzano le anime e le cime.<\/p>\n<p>&nbsp;<\/p>\n<p>&nbsp;<\/p>\n<hr \/>\n<p>&nbsp;<\/p>\n<div class=\"page-title-head hgroup\">\n<h1 class=\"entry-title\">DILLO A RADIO PIU\u2026 A PROPOSITO DI DURA LEX SED LEX<\/h1>\n<\/div>\n<div class=\"page-title-breadcrumbs\">\n<blockquote>\n<p data-start=\"0\" data-end=\"61\"><strong data-start=\"0\" data-end=\"59\">QUARANT&#8217;ANNI FA, L&#8217;EPISODIO STRADALE A PONTE NELLE ALPI<\/strong><\/p>\n<\/blockquote>\n<p data-start=\"63\" data-end=\"254\" data-is-last-node=\"\" data-is-only-node=\"\"><em>Circa quarant&#8217;anni fa, venni fermato per un lieve eccesso di velocit\u00e0 a Ponte nelle Alpi&#8230;<\/em><\/p>\n<p data-start=\"63\" data-end=\"254\" data-is-last-node=\"\" data-is-only-node=\"\"><strong>da TOMASO PETTAZZI riceviamo e pubblichiamo<\/strong><\/p>\n<p><a class=\"dt-pswp-item\" href=\"https:\/\/www.radiopiu.net\/wordpress\/wp-content\/uploads\/2025\/03\/Senza-nome-44.png\" data-dt-img-description=\"\" data-large_image_width=\"780\" data-large_image_height=\"552\"><img loading=\"lazy\" decoding=\"async\" class=\" wp-image-438958 alignleft\" src=\"https:\/\/www.radiopiu.net\/wordpress\/wp-content\/uploads\/2025\/03\/Senza-nome-44-300x212.png\" alt=\"\" width=\"226\" height=\"160\" srcset=\"https:\/\/www.radiopiu.net\/wordpress\/wp-content\/uploads\/2025\/03\/Senza-nome-44-300x212.png 300w, https:\/\/www.radiopiu.net\/wordpress\/wp-content\/uploads\/2025\/03\/Senza-nome-44-768x544.png 768w, https:\/\/www.radiopiu.net\/wordpress\/wp-content\/uploads\/2025\/03\/Senza-nome-44.png 780w\" sizes=\"auto, (max-width: 226px) 100vw, 226px\" \/><\/a>Circa quarant&#8217;anni fa, a fine febbraio, venivo fermato da due agenti della polizia stradale nei pressi della Pizzeria Dolomiti, alla Secca di Ponte nelle Alpi.<\/p>\n<p>Erano Avevo sorpassato il limite di velocit\u00e0 (50 km orari) di poco pi\u00f9 di 5 km. Uno dei due mi chiese come mai &#8220;corressi&#8221;. Erano da poco passate le 9 del mattino e spiegai che ero in ritardo sulla tabella di marcia (facevo il rappresentante di commercio) per problemi &#8220;corporei&#8221;, sopraggiunto dopo la colazione. In quel mentre sopraggiunse a &#8220;forte&#8221; velocit\u00e0 (eufemismo per non dire &#8220;folle&#8221;) una Mini Cooper, con un portasci completo di 4 paia. In un attimo l&#8217;agente estrasse la paletta per fermarla, mi rese libretto e patente e in cotemporanea disse:&#8221; Vada pure, lei deve lavorare, questi vanno a divertirsi, non c&#8217;\u00e8 problema se arriveranno mezz&#8217;ora pi\u00f9 tardi. Anni dopo lo rividi (nel frattempo era andato anche lui in pensione) e ci divertimmo a ricordare quell&#8217;episodio.<\/p>\n<p>&nbsp;<\/p>\n<\/div>\n<hr \/>\n<p>&nbsp;<\/p>\n<h2><span style=\"color: #ff0000;\"><a class=\"dt-pswp-item\" href=\"https:\/\/www.radiopiu.net\/wordpress\/wp-content\/uploads\/2018\/09\/appuntamenti.jpeg\" data-dt-img-description=\"\" data-large_image_width=\"800\" data-large_image_height=\"100\"><img loading=\"lazy\" decoding=\"async\" class=\"wp-image-61958 size-full aligncenter\" src=\"https:\/\/www.radiopiu.net\/wordpress\/wp-content\/uploads\/2018\/09\/appuntamenti.jpeg\" alt=\"\" width=\"800\" height=\"100\" srcset=\"https:\/\/www.radiopiu.net\/wordpress\/wp-content\/uploads\/2018\/09\/appuntamenti.jpeg 800w, https:\/\/www.radiopiu.net\/wordpress\/wp-content\/uploads\/2018\/09\/appuntamenti-300x38.jpeg 300w, https:\/\/www.radiopiu.net\/wordpress\/wp-content\/uploads\/2018\/09\/appuntamenti-768x96.jpeg 768w\" sizes=\"auto, (max-width: 800px) 100vw, 800px\" \/><\/a><\/span><\/h2>\n<h3 dir=\"auto\"><\/h3>\n<blockquote>\n<h3>MORGAN &amp; BATTAGLIA I RESIDENT DJ DEL SAVE THE DATE FESTIVAL<\/h3>\n<\/blockquote>\n<p><strong>FALCADE <\/strong>Il palco si accende, le casse vibrano e l\u2019atmosfera si infiamma: Morgan e Battaglia sono pronti a farvi ballare senza sosta! Con selezioni potenti e beat travolgenti, il duo porter\u00e0 un\u2019ondata di pura energia al Rifugio Laresei. Quattro ospiti speciali arricchiranno il festival, ma sar\u00e0 la loro console a tenere il cuore pulsante della serata. L\u2019unica regola? Lasciarsi andare al ritmo e vivere la musica senza freni. Preparati a un\u2019esperienza indimenticabile! L&#8217;appuntamento \u00e8 per il 29 marzo al Rifugio Laresei<\/p>\n\n\t\t\t<style type='text\/css'>\n\t\t\t\t#gallery-5 {\n\t\t\t\t\tmargin: auto;\n\t\t\t\t}\n\t\t\t\t#gallery-5 .gallery-item {\n\t\t\t\t\tfloat: left;\n\t\t\t\t\tmargin-top: 10px;\n\t\t\t\t\ttext-align: center;\n\t\t\t\t\twidth: 20%;\n\t\t\t\t}\n\t\t\t\t#gallery-5 img {\n\t\t\t\t\tborder: 2px solid #cfcfcf;\n\t\t\t\t}\n\t\t\t\t#gallery-5 .gallery-caption {\n\t\t\t\t\tmargin-left: 0;\n\t\t\t\t}\n\t\t\t\t\/* see gallery_shortcode() in wp-includes\/media.php *\/\n\t\t\t<\/style>\n\t\t<div id='gallery-5' class='dt-gallery-container gallery galleryid-438780 gallery-columns-5 gallery-size-medium'><dl class='gallery-item'>\n\t\t\t\t<dt class='gallery-icon portrait'>\n\t\t\t\t\t<a class=\"rollover rollover-zoom dt-pswp-item\" title=\"475351389_122191419572160269_4819090400106529375_n\" data-dt-img-description=\"\" data-large_image_width=\"1024\" data-large_image_height=\"1280\"href='https:\/\/www.radiopiu.net\/wordpress\/wp-content\/uploads\/2025\/02\/475351389_122191419572160269_4819090400106529375_n.jpg'><img loading=\"lazy\" decoding=\"async\" width=\"240\" height=\"300\" src=\"https:\/\/www.radiopiu.net\/wordpress\/wp-content\/uploads\/2025\/02\/475351389_122191419572160269_4819090400106529375_n-240x300.jpg\" class=\"attachment-medium size-medium\" alt=\"\" srcset=\"https:\/\/www.radiopiu.net\/wordpress\/wp-content\/uploads\/2025\/02\/475351389_122191419572160269_4819090400106529375_n-240x300.jpg 240w, https:\/\/www.radiopiu.net\/wordpress\/wp-content\/uploads\/2025\/02\/475351389_122191419572160269_4819090400106529375_n-819x1024.jpg 819w, https:\/\/www.radiopiu.net\/wordpress\/wp-content\/uploads\/2025\/02\/475351389_122191419572160269_4819090400106529375_n-768x960.jpg 768w, https:\/\/www.radiopiu.net\/wordpress\/wp-content\/uploads\/2025\/02\/475351389_122191419572160269_4819090400106529375_n.jpg 1024w\" sizes=\"auto, (max-width: 240px) 100vw, 240px\" \/><\/a>\n\t\t\t\t<\/dt><\/dl><dl class='gallery-item'>\n\t\t\t\t<dt class='gallery-icon portrait'>\n\t\t\t\t\t<a class=\"rollover rollover-zoom dt-pswp-item\" title=\"70222334-5cff-4d4b-9ab9-a2a79305f2f3\" data-dt-img-description=\"\" data-large_image_width=\"1024\" data-large_image_height=\"1280\"href='https:\/\/www.radiopiu.net\/wordpress\/wp-content\/uploads\/2025\/02\/70222334-5cff-4d4b-9ab9-a2a79305f2f3.jpg'><img loading=\"lazy\" decoding=\"async\" width=\"240\" height=\"300\" src=\"https:\/\/www.radiopiu.net\/wordpress\/wp-content\/uploads\/2025\/02\/70222334-5cff-4d4b-9ab9-a2a79305f2f3-240x300.jpg\" class=\"attachment-medium size-medium\" alt=\"\" srcset=\"https:\/\/www.radiopiu.net\/wordpress\/wp-content\/uploads\/2025\/02\/70222334-5cff-4d4b-9ab9-a2a79305f2f3-240x300.jpg 240w, https:\/\/www.radiopiu.net\/wordpress\/wp-content\/uploads\/2025\/02\/70222334-5cff-4d4b-9ab9-a2a79305f2f3-819x1024.jpg 819w, https:\/\/www.radiopiu.net\/wordpress\/wp-content\/uploads\/2025\/02\/70222334-5cff-4d4b-9ab9-a2a79305f2f3-768x960.jpg 768w, https:\/\/www.radiopiu.net\/wordpress\/wp-content\/uploads\/2025\/02\/70222334-5cff-4d4b-9ab9-a2a79305f2f3.jpg 1024w\" sizes=\"auto, (max-width: 240px) 100vw, 240px\" \/><\/a>\n\t\t\t\t<\/dt><\/dl><dl class='gallery-item'>\n\t\t\t\t<dt class='gallery-icon portrait'>\n\t\t\t\t\t<a class=\"rollover rollover-zoom dt-pswp-item\" title=\"480483463_122191800596160269_7748395789965067962_n\" data-dt-img-description=\"\" data-large_image_width=\"1024\" data-large_image_height=\"1280\"href='https:\/\/www.radiopiu.net\/wordpress\/wp-content\/uploads\/2025\/02\/480483463_122191800596160269_7748395789965067962_n.jpg'><img loading=\"lazy\" decoding=\"async\" width=\"240\" height=\"300\" src=\"https:\/\/www.radiopiu.net\/wordpress\/wp-content\/uploads\/2025\/02\/480483463_122191800596160269_7748395789965067962_n-240x300.jpg\" class=\"attachment-medium size-medium\" alt=\"\" srcset=\"https:\/\/www.radiopiu.net\/wordpress\/wp-content\/uploads\/2025\/02\/480483463_122191800596160269_7748395789965067962_n-240x300.jpg 240w, https:\/\/www.radiopiu.net\/wordpress\/wp-content\/uploads\/2025\/02\/480483463_122191800596160269_7748395789965067962_n-819x1024.jpg 819w, https:\/\/www.radiopiu.net\/wordpress\/wp-content\/uploads\/2025\/02\/480483463_122191800596160269_7748395789965067962_n-768x960.jpg 768w, https:\/\/www.radiopiu.net\/wordpress\/wp-content\/uploads\/2025\/02\/480483463_122191800596160269_7748395789965067962_n.jpg 1024w\" sizes=\"auto, (max-width: 240px) 100vw, 240px\" \/><\/a>\n\t\t\t\t<\/dt><\/dl><dl class='gallery-item'>\n\t\t\t\t<dt class='gallery-icon portrait'>\n\t\t\t\t\t<a class=\"rollover rollover-zoom dt-pswp-item\" title=\"480755395_122191974356160269_922264644982884143_n\" data-dt-img-description=\"\" data-large_image_width=\"1024\" data-large_image_height=\"1280\"href='https:\/\/www.radiopiu.net\/wordpress\/wp-content\/uploads\/2025\/02\/480755395_122191974356160269_922264644982884143_n.jpg'><img loading=\"lazy\" decoding=\"async\" width=\"240\" height=\"300\" src=\"https:\/\/www.radiopiu.net\/wordpress\/wp-content\/uploads\/2025\/02\/480755395_122191974356160269_922264644982884143_n-240x300.jpg\" class=\"attachment-medium size-medium\" alt=\"\" srcset=\"https:\/\/www.radiopiu.net\/wordpress\/wp-content\/uploads\/2025\/02\/480755395_122191974356160269_922264644982884143_n-240x300.jpg 240w, https:\/\/www.radiopiu.net\/wordpress\/wp-content\/uploads\/2025\/02\/480755395_122191974356160269_922264644982884143_n-819x1024.jpg 819w, https:\/\/www.radiopiu.net\/wordpress\/wp-content\/uploads\/2025\/02\/480755395_122191974356160269_922264644982884143_n-768x960.jpg 768w, https:\/\/www.radiopiu.net\/wordpress\/wp-content\/uploads\/2025\/02\/480755395_122191974356160269_922264644982884143_n.jpg 1024w\" sizes=\"auto, (max-width: 240px) 100vw, 240px\" \/><\/a>\n\t\t\t\t<\/dt><\/dl><dl class='gallery-item'>\n\t\t\t\t<dt class='gallery-icon portrait'>\n\t\t\t\t\t<a class=\"rollover rollover-zoom dt-pswp-item\" title=\"480946206_122192204450160269_174180551336592227_n\" data-dt-img-description=\"\" data-large_image_width=\"512\" data-large_image_height=\"640\"href='https:\/\/www.radiopiu.net\/wordpress\/wp-content\/uploads\/2025\/02\/480946206_122192204450160269_174180551336592227_n.jpg'><img loading=\"lazy\" decoding=\"async\" width=\"240\" height=\"300\" src=\"https:\/\/www.radiopiu.net\/wordpress\/wp-content\/uploads\/2025\/02\/480946206_122192204450160269_174180551336592227_n-240x300.jpg\" class=\"attachment-medium size-medium\" alt=\"\" srcset=\"https:\/\/www.radiopiu.net\/wordpress\/wp-content\/uploads\/2025\/02\/480946206_122192204450160269_174180551336592227_n-240x300.jpg 240w, https:\/\/www.radiopiu.net\/wordpress\/wp-content\/uploads\/2025\/02\/480946206_122192204450160269_174180551336592227_n.jpg 512w\" sizes=\"auto, (max-width: 240px) 100vw, 240px\" \/><\/a>\n\t\t\t\t<\/dt><\/dl><br style=\"clear: both\" \/>\n\t\t\t<\/div>\n\n<p>&nbsp;<\/p>\n<div>\n<div class=\"\" dir=\"auto\">\n<div id=\":r9h:\" class=\"x1iorvi4 x1pi30zi x1l90r2v x1swvt13\" data-ad-comet-preview=\"message\" data-ad-preview=\"message\">\n<div>\n<div class=\"\" dir=\"auto\">\n<div id=\":r9h:\" class=\"x1iorvi4 x1pi30zi x1l90r2v x1swvt13\" data-ad-comet-preview=\"message\" data-ad-preview=\"message\">\n<div>\n<div class=\"\" dir=\"auto\">\n<div id=\":r9h:\" class=\"x1iorvi4 x1pi30zi x1l90r2v x1swvt13\" data-ad-comet-preview=\"message\" data-ad-preview=\"message\">\n<div>\n<div class=\"\" dir=\"auto\">\n<div id=\":r9h:\" class=\"x1iorvi4 x1pi30zi x1l90r2v x1swvt13\" data-ad-comet-preview=\"message\" data-ad-preview=\"message\">\n<div>\n<div class=\"\" dir=\"auto\">\n<div id=\":r9h:\" class=\"x1iorvi4 x1pi30zi x1l90r2v x1swvt13\" data-ad-comet-preview=\"message\" data-ad-preview=\"message\">\n<div>\n<div class=\"\" dir=\"auto\">\n<div id=\":r9h:\" class=\"x1iorvi4 x1pi30zi x1l90r2v x1swvt13\" data-ad-comet-preview=\"message\" data-ad-preview=\"message\">\n<div class=\"xdj266r x11i5rnm xat24cr x1mh8g0r x1vvkbs x126k92a\">\n<div dir=\"auto\"><\/div>\n<\/div>\n<div>\n<div class=\"\" dir=\"auto\">\n<div id=\":r9h:\" class=\"x1iorvi4 x1pi30zi x1l90r2v x1swvt13\" data-ad-comet-preview=\"message\" data-ad-preview=\"message\">\n<div>\n<div class=\"\" dir=\"auto\">\n<div id=\":r9h:\" class=\"x1iorvi4 x1pi30zi x1l90r2v x1swvt13\" data-ad-comet-preview=\"message\" data-ad-preview=\"message\">\n\n\t\t\t<style type='text\/css'>\n\t\t\t\t#gallery-6 {\n\t\t\t\t\tmargin: auto;\n\t\t\t\t}\n\t\t\t\t#gallery-6 .gallery-item {\n\t\t\t\t\tfloat: left;\n\t\t\t\t\tmargin-top: 10px;\n\t\t\t\t\ttext-align: center;\n\t\t\t\t\twidth: 20%;\n\t\t\t\t}\n\t\t\t\t#gallery-6 img {\n\t\t\t\t\tborder: 2px solid #cfcfcf;\n\t\t\t\t}\n\t\t\t\t#gallery-6 .gallery-caption {\n\t\t\t\t\tmargin-left: 0;\n\t\t\t\t}\n\t\t\t\t\/* see gallery_shortcode() in wp-includes\/media.php *\/\n\t\t\t<\/style>\n\t\t<div id='gallery-6' class='dt-gallery-container gallery galleryid-438780 gallery-columns-5 gallery-size-thumbnail'><dl class='gallery-item'>\n\t\t\t\t<dt class='gallery-icon portrait'>\n\t\t\t\t\t<a class=\"rollover rollover-zoom dt-pswp-item\" title=\"dad1d0d2-12e8-494a-9390-929e17ce5985\" data-dt-img-description=\"\" data-large_image_width=\"900\" data-large_image_height=\"1600\"href='https:\/\/www.radiopiu.net\/wordpress\/wp-content\/uploads\/2025\/01\/dad1d0d2-12e8-494a-9390-929e17ce5985.jpg'><img loading=\"lazy\" decoding=\"async\" width=\"150\" height=\"150\" src=\"https:\/\/www.radiopiu.net\/wordpress\/wp-content\/uploads\/2025\/01\/dad1d0d2-12e8-494a-9390-929e17ce5985-150x150.jpg\" class=\"attachment-thumbnail size-thumbnail\" alt=\"\" \/><\/a>\n\t\t\t\t<\/dt><\/dl><dl class='gallery-item'>\n\t\t\t\t<dt class='gallery-icon portrait'>\n\t\t\t\t\t<a class=\"rollover rollover-zoom dt-pswp-item\" title=\"Marzo (1)\" data-dt-img-description=\"\" data-large_image_width=\"841\" data-large_image_height=\"1190\"href='https:\/\/www.radiopiu.net\/wordpress\/wp-content\/uploads\/2025\/02\/Marzo-1.jpg'><img loading=\"lazy\" decoding=\"async\" width=\"150\" height=\"150\" src=\"https:\/\/www.radiopiu.net\/wordpress\/wp-content\/uploads\/2025\/02\/Marzo-1-150x150.jpg\" class=\"attachment-thumbnail size-thumbnail\" alt=\"\" \/><\/a>\n\t\t\t\t<\/dt><\/dl><dl class='gallery-item'>\n\t\t\t\t<dt class='gallery-icon portrait'>\n\t\t\t\t\t<a class=\"rollover rollover-zoom dt-pswp-item\" title=\"Senza nome\" data-dt-img-description=\"\" data-large_image_width=\"569\" data-large_image_height=\"801\"href='https:\/\/www.radiopiu.net\/wordpress\/wp-content\/uploads\/2025\/02\/Senza-nome-23.png'><img loading=\"lazy\" decoding=\"async\" width=\"150\" height=\"150\" src=\"https:\/\/www.radiopiu.net\/wordpress\/wp-content\/uploads\/2025\/02\/Senza-nome-23-150x150.png\" class=\"attachment-thumbnail size-thumbnail\" alt=\"\" \/><\/a>\n\t\t\t\t<\/dt><\/dl><dl class='gallery-item'>\n\t\t\t\t<dt class='gallery-icon portrait'>\n\t\t\t\t\t<a class=\"rollover rollover-zoom dt-pswp-item\" title=\"ba76e127-707c-4a8a-a6ac-6ab71e879690\" data-dt-img-description=\"\" data-large_image_width=\"500\" data-large_image_height=\"696\"href='https:\/\/www.radiopiu.net\/wordpress\/wp-content\/uploads\/2025\/03\/ba76e127-707c-4a8a-a6ac-6ab71e879690.jpg'><img loading=\"lazy\" decoding=\"async\" width=\"150\" height=\"150\" src=\"https:\/\/www.radiopiu.net\/wordpress\/wp-content\/uploads\/2025\/03\/ba76e127-707c-4a8a-a6ac-6ab71e879690-150x150.jpg\" class=\"attachment-thumbnail size-thumbnail\" alt=\"\" aria-describedby=\"gallery-6-437826\" \/><\/a>\n\t\t\t\t<\/dt>\n\t\t\t\t\t<dd class='wp-caption-text gallery-caption' id='gallery-6-437826'>\n\t\t\t\t\tPOSTICIPATO AL 6 APRILE\n\t\t\t\t\t<\/dd><\/dl><dl class='gallery-item'>\n\t\t\t\t<dt class='gallery-icon portrait'>\n\t\t\t\t\t<a class=\"rollover rollover-zoom dt-pswp-item\" title=\"86913bf1-cfa4-493b-8e26-1aa10ea03f0b\" data-dt-img-description=\"\" data-large_image_width=\"1638\" data-large_image_height=\"2048\"href='https:\/\/www.radiopiu.net\/wordpress\/wp-content\/uploads\/2025\/03\/86913bf1-cfa4-493b-8e26-1aa10ea03f0b.jpg'><img loading=\"lazy\" decoding=\"async\" width=\"150\" height=\"150\" src=\"https:\/\/www.radiopiu.net\/wordpress\/wp-content\/uploads\/2025\/03\/86913bf1-cfa4-493b-8e26-1aa10ea03f0b-150x150.jpg\" class=\"attachment-thumbnail size-thumbnail\" alt=\"\" \/><\/a>\n\t\t\t\t<\/dt><\/dl><br style=\"clear: both\" \/>\n\t\t\t<\/div>\n\n<p>&nbsp;<\/p>\n<p>&nbsp;<\/p>\n<\/div>\n<\/div>\n<\/div>\n<\/div>\n<\/div>\n<\/div>\n<\/div>\n<\/div>\n<\/div>\n<\/div>\n<\/div>\n<\/div>\n<p>&nbsp;<\/p>\n<\/div>\n<\/div>\n<\/div>\n<\/div>\n<\/div>\n<\/div>\n<\/div>\n<\/div>\n<\/div>\n<\/div>\n<\/div>\n<\/div>\n<hr \/>\n<p>&nbsp;<\/p>\n<p class=\"mceTemp\"><a class=\"dt-pswp-item\" href=\"https:\/\/www.radiopiu.net\/wordpress\/wp-content\/uploads\/2018\/09\/WhatsApp-Image-2018-09-20-at-16.04.06.jpeg\" data-dt-img-description=\"\" data-large_image_width=\"800\" data-large_image_height=\"100\"><img loading=\"lazy\" decoding=\"async\" class=\"wp-image-61378 size-full aligncenter\" src=\"https:\/\/www.radiopiu.net\/wordpress\/wp-content\/uploads\/2018\/09\/WhatsApp-Image-2018-09-20-at-16.04.06.jpeg\" alt=\"\" width=\"800\" height=\"100\" srcset=\"https:\/\/www.radiopiu.net\/wordpress\/wp-content\/uploads\/2018\/09\/WhatsApp-Image-2018-09-20-at-16.04.06.jpeg 800w, https:\/\/www.radiopiu.net\/wordpress\/wp-content\/uploads\/2018\/09\/WhatsApp-Image-2018-09-20-at-16.04.06-300x38.jpeg 300w, https:\/\/www.radiopiu.net\/wordpress\/wp-content\/uploads\/2018\/09\/WhatsApp-Image-2018-09-20-at-16.04.06-768x96.jpeg 768w\" sizes=\"auto, (max-width: 800px) 100vw, 800px\" \/><\/a><\/p>\n<p><center><\/center><center><\/center><center><b>OGGI<\/b><\/center>Cielo in prevalenza nuvoloso, anche se con qualche schiarita, pi\u00f9 probabile sulle Dolomiti al mattino; possibili foschie e banchi di nebbia nelle ore fredde nelle valli e altipiani. In seguito, intensificazione della copertura nuvolosa con fenomeni soarsi. Clima umido e debole escursione termica giornaliera. <b>Precipitazioni: <\/b>Al mattino pressoch\u00e9 assenti, salvo qualche pioviggina sulle Prealpi\u00a0 e qualche fiocco sopra i 1500-1600 m. Al pomeriggio maggiore probabilit\u00e0 di deboli fenomeni intermittenti,\u00a0 nevose oltre i 1500-1700 m.<\/p>\n<hr \/>\n<p><center><b>DOMANI<\/b><\/center>Cielo molto nuvoloso o coperto con una nuova fase perturbata e fenomeni diffusi.<br \/>\n<b>Precipitazioni: <\/b>Probabilit\u00e0 alta di precipitazioni diffuse di debole e di moderata intensit\u00e0. Il limite neve tender\u00e0 ad abbassarsi risultando spesso attorno ai 1200-1400 sulle Dolomiti anche temporaneamente pi\u00f9 in basso nottetempo e al primo mattino fino intorno ai 1000 m; sulle Prealpi intorno ai 1300-1600 m.<\/p>\n<hr \/>\n<p><center><b>GIOVEDI<\/b><\/center>Cielo irregolarmente nuvoloso con addensamenti pi\u00f9 significativi nel corso del pomeriggio quando saranno possibili delle precipitazioni sparse nevose 1300-1600 m. Contesto ancora molto umido a tutte le quote. Temperature senza notevoli variazioni.<\/p>\n<p><center><b>VENERDI<\/b><\/center>Ancora cielo molto nuvoloso o coperto con tempo generalmente perturbato e precipitazioni diffuse di moderata intensit\u00e0. Limite delle nevicate intorno ai 1300-1600 m. Temperature in contenuta diminuzione con limitata escursione termica giornaliera.<\/p>\n<blockquote class=\"wp-embedded-content\" data-secret=\"trQyntX9ut\"><p><a href=\"https:\/\/www.radiopiu.net\/wordpress\/neve-al-suolo-aggiornamento-arpav-10-marzo-2025\/\">NEVE AL SUOLO. AGGIORNAMENTO ARPAV   10 MARZO 2025<\/a><\/p><\/blockquote>\n<p><iframe loading=\"lazy\" class=\"wp-embedded-content\" sandbox=\"allow-scripts\" security=\"restricted\" style=\"position: absolute; visibility: hidden;\" title=\"&#8220;NEVE AL SUOLO. AGGIORNAMENTO ARPAV   10 MARZO 2025&#8221; &#8212; Radio Pi\u00f9\" src=\"https:\/\/www.radiopiu.net\/wordpress\/neve-al-suolo-aggiornamento-arpav-10-marzo-2025\/embed\/#?secret=OpYlQ5Faog#?secret=trQyntX9ut\" data-secret=\"trQyntX9ut\" width=\"600\" height=\"338\" frameborder=\"0\" marginwidth=\"0\" marginheight=\"0\" scrolling=\"no\"><\/iframe><\/p>\n<p>&nbsp;<\/p>\n<hr \/>\n<p>&nbsp;<\/p>\n<p class=\"mceTemp\"><a class=\"dt-pswp-item\" href=\"https:\/\/www.radiopiu.net\/wordpress\/wp-content\/uploads\/2018\/09\/sport.jpg\" data-dt-img-description=\"\" data-large_image_width=\"800\" data-large_image_height=\"100\"><img loading=\"lazy\" decoding=\"async\" class=\"aligncenter wp-image-60761 size-full\" src=\"https:\/\/www.radiopiu.net\/wordpress\/wp-content\/uploads\/2018\/09\/sport.jpg\" alt=\"\" width=\"800\" height=\"100\" srcset=\"https:\/\/www.radiopiu.net\/wordpress\/wp-content\/uploads\/2018\/09\/sport.jpg 800w, https:\/\/www.radiopiu.net\/wordpress\/wp-content\/uploads\/2018\/09\/sport-300x38.jpg 300w, https:\/\/www.radiopiu.net\/wordpress\/wp-content\/uploads\/2018\/09\/sport-768x96.jpg 768w\" sizes=\"auto, (max-width: 800px) 100vw, 800px\" \/> <\/a><\/p>\n<p class=\"mceTemp\"><span style=\"color: #0000ff;\"><strong>\u00a0 \u00a0 \u00a0 \u00a0\u00a0<\/strong><\/span><\/p>\n<p><span style=\"color: #0000ff;\"><strong>HOCKEY SU GHIACCIO<\/strong><\/span><\/p>\n<blockquote>\n<h3>GIOVANILI ALLEGHE HOCKEY: L&#8217;UNDER 19 ESCE AI QUARTI DI FINALE. BENE LA 16 E LA 14<\/h3>\n<\/blockquote>\n<p><span style=\"color: #ff0000;\"><strong><a class=\"dt-pswp-item\" href=\"https:\/\/www.radiopiu.net\/wordpress\/wp-content\/uploads\/2021\/03\/hockey-2744905_1920.jpg\" data-dt-img-description=\"\" data-large_image_width=\"1920\" data-large_image_height=\"1279\"><img loading=\"lazy\" decoding=\"async\" class=\" wp-image-197447 alignleft\" src=\"https:\/\/www.radiopiu.net\/wordpress\/wp-content\/uploads\/2021\/03\/hockey-2744905_1920-300x200.jpg\" alt=\"\" width=\"203\" height=\"135\" srcset=\"https:\/\/www.radiopiu.net\/wordpress\/wp-content\/uploads\/2021\/03\/hockey-2744905_1920-300x200.jpg 300w, https:\/\/www.radiopiu.net\/wordpress\/wp-content\/uploads\/2021\/03\/hockey-2744905_1920-1024x682.jpg 1024w, https:\/\/www.radiopiu.net\/wordpress\/wp-content\/uploads\/2021\/03\/hockey-2744905_1920-768x512.jpg 768w, https:\/\/www.radiopiu.net\/wordpress\/wp-content\/uploads\/2021\/03\/hockey-2744905_1920-1536x1023.jpg 1536w, https:\/\/www.radiopiu.net\/wordpress\/wp-content\/uploads\/2021\/03\/hockey-2744905_1920.jpg 1920w\" sizes=\"auto, (max-width: 203px) 100vw, 203px\" \/><\/a>UNDER 19 &#8211; PLAYOFF GARA 2<\/strong><\/span><\/p>\n<p><strong>CORTINA\/ALLEGHE &#8211; JUNIORTEAMS 4-6<\/strong><\/p>\n<p>Finisce ai quarti di finale la stagione dell&#8217;Under 19 del Cortina\/Alleghe che, dopo aver perso gara 1 gioved\u00ec scorso, inciampa all&#8217;Olimpico di Cortina contro il Juniorteams. Si chiude la serie con gli altoatesini che vincono due partite su due. Bellunesi in vantaggio con Viel e ospiti che pareggiano i conti subito dopo. Reagiscono i padroni di casa che con Alver\u00e0 e Levis tornano in vantaggio. Ma il Juniorteams ingrana la marcia giusta e nel giro di pochi minuti ribalta il risultato. Levis pareggia i conti ma nel finale gli altoatesini chiudono la sfida mettendo a segno altre due marcature.<\/p>\n<p><span style=\"color: #ff0000;\"><strong>UNDER 16<\/strong><\/span><\/p>\n<p><strong>CORTINA\/DOBBIACO &#8211; VALPUSTERIA 7-1<\/strong><\/p>\n<p>Si chiude con una vittoria e il primo posto in classifica il master round del Cortina\/Dobbiaco. All&#8217;Olimpico di Cortina gli scoiattoli fanno un sol boccone del Valpusteria rifilando ben 7 reti agli altoatesini. Una doppietta di Zanol e un go per Caldara e Bettini chiudono la prima frazione con i padroni di casa in vantaggio 4 a 0. Fontanive sigla la quinta marcatura per gli ampezzani nel secondo periodo. Nel terzo drittel De Carlo chiude la sfida. I lupi accorciano ma nel finale c&#8217;\u00e8 spazio per il gol di Schiavon che sancisce il definitivo 7 a 1.<\/p>\n<p><span style=\"color: #ff0000;\"><strong>UNDER 14<\/strong><\/span><\/p>\n<p><strong>VALPELLICE &#8211; ALLEGHE\/CORTINA 3-5<\/strong><\/p>\n<p>Terza vittoria consecutiva per le civette under 14 che tornano dalla lunga trasferta a Torre Pellice con 3 punti importanti. Dopo un primo tempo gestito bene, l&#8217;Alleghe\/Cortina lascia troppi spazi ai piemontesi nella seconda e terza frazione rischiando di mettere in dubbio il risultato.<\/p>\n<p>&nbsp;<\/p>\n<p><span style=\"color: #0000ff;\"><strong>NUOTO<\/strong><\/span><\/p>\n<blockquote>\n<h3>SPORTIVAMENTE BELLUNO: ESORDIENTI PROTAGONISTI A TREVISO<\/h3>\n<\/blockquote>\n<p><a class=\"dt-pswp-item\" href=\"https:\/\/www.radiopiu.net\/wordpress\/wp-content\/uploads\/2025\/03\/Secondo_posto_per_la_staffetta.jpg\" data-dt-img-description=\"\" data-large_image_width=\"1323\" data-large_image_height=\"1070\"><img loading=\"lazy\" decoding=\"async\" class=\" wp-image-439028 alignleft\" src=\"https:\/\/www.radiopiu.net\/wordpress\/wp-content\/uploads\/2025\/03\/Secondo_posto_per_la_staffetta-300x243.jpg\" alt=\"\" width=\"195\" height=\"158\" srcset=\"https:\/\/www.radiopiu.net\/wordpress\/wp-content\/uploads\/2025\/03\/Secondo_posto_per_la_staffetta-300x243.jpg 300w, https:\/\/www.radiopiu.net\/wordpress\/wp-content\/uploads\/2025\/03\/Secondo_posto_per_la_staffetta-1024x828.jpg 1024w, https:\/\/www.radiopiu.net\/wordpress\/wp-content\/uploads\/2025\/03\/Secondo_posto_per_la_staffetta-768x621.jpg 768w, https:\/\/www.radiopiu.net\/wordpress\/wp-content\/uploads\/2025\/03\/Secondo_posto_per_la_staffetta.jpg 1323w\" sizes=\"auto, (max-width: 195px) 100vw, 195px\" \/><\/a>La Sportivamente Belluno ha vissuto una domenica ricca di successi alla quinta giornata di attivit\u00e0 zonale a Treviso. Tra gli Esordienti B, Mattia Brianti ha conquistato l\u2019oro nei 100 rana (1\u201932\u201d4) e nei 200 dorso (2\u201954\u201d4), mentre Jacopo Viel si \u00e8 classificato quinto nei 200 dorso. Progressi per Yari Broi, Gabriel Somacal, Alessandro Dalla Riva e Amerie Bortoluzzi. Nei 50 farfalla, Dalla Riva \u00e8 stato il pi\u00f9 veloce dei bellunesi (45\u201d7). La staffetta 4&#215;50 mista maschile ha ottenuto l\u2019argento. Tra gli Esordienti A, Greta Galanti ha conquistato l\u2019argento nei 200 rana (3\u201902\u201d7) e nei 200 farfalla (2\u201952\u201d7), mentre Alessandro Morra ha trionfato nei 200 rana (2\u201948\u201d6) e nei 200 misti (2\u201930\u201d2). Laura Ivessa ha vinto i 100 stile libero (1\u201905\u201d5) e gli 800 stile libero (10\u201913\u201d9), migliorando di oltre 20 secondi il suo personale. La staffetta 4&#215;100 mista mixed ha chiuso al secondo posto. La coach Daniela Piermarini si \u00e8 detta orgogliosa dei progressi della squadra, che ora si prepara per la gara del 30 marzo a Belluno.<\/p>\n<p>&nbsp;<\/p>\n<p><span style=\"color: #0000ff;\"><strong>TELEMARK\u00a0<\/strong><\/span><\/p>\n<blockquote><p><strong data-start=\"0\" data-end=\"57\">XXVIII SCUFONEDA: TELEMARK E FREERIDE IN VAL DI FASSA<\/strong><\/p>\n<p data-start=\"0\" data-end=\"59\"><strong data-start=\"0\" data-end=\"57\"><a class=\"dt-pswp-item\" href=\"https:\/\/www.radiopiu.net\/wordpress\/wp-content\/uploads\/2025\/03\/IMG_8363.jpeg\" data-dt-img-description=\"\" data-large_image_width=\"640\" data-large_image_height=\"353\"><img loading=\"lazy\" decoding=\"async\" class=\" wp-image-438953 alignleft\" src=\"https:\/\/www.radiopiu.net\/wordpress\/wp-content\/uploads\/2025\/03\/IMG_8363-300x165.jpeg\" alt=\"\" width=\"193\" height=\"106\" srcset=\"https:\/\/www.radiopiu.net\/wordpress\/wp-content\/uploads\/2025\/03\/IMG_8363-300x165.jpeg 300w, https:\/\/www.radiopiu.net\/wordpress\/wp-content\/uploads\/2025\/03\/IMG_8363.jpeg 640w\" sizes=\"auto, (max-width: 193px) 100vw, 193px\" \/><\/a><\/strong><\/p>\n<\/blockquote>\n<p data-start=\"61\" data-end=\"598\">Dal 14 al 16 marzo 2025, la Val di Fassa ospita la <strong data-start=\"112\" data-end=\"132\">28^ Scufoneda<\/strong>, evento di riferimento per il telemark europeo. Con 400 partecipanti e iscrizioni chiuse, Moena e la Ski Area Lusia\/San Pellegrino accoglieranno appassionati da tutta Europa. Il <strong data-start=\"311\" data-end=\"332\">Villaggio Scufons<\/strong> sar\u00e0 il cuore pulsante dell\u2019evento, con test materiali, escursioni guidate e feste apr\u00e8s-ski. L\u2019evento, aperto a tutti, offre corsi gratuiti per principianti e sciatori avanzati Info: <strong data-start=\"606\" data-end=\"625\" data-is-last-node=\"\"><a href=\"http:\/\/www.scufons.com\" target=\"_new\" rel=\"noopener\" data-start=\"608\" data-end=\"623\">www.scufons.com<\/a><\/strong><\/p>\n<p>&nbsp;<\/p>\n<hr \/>\n<p>&nbsp;<\/p>\n<p>&nbsp;<\/p>\n","protected":false},"excerpt":{"rendered":"<p>********* &nbsp; LA\u00a0 APP PER IOS-IPHONE di Nicola Vettorello https:\/\/apps.apple.com\/it\/app\/radio-pi%C3%B9-emittente-agordina\/id1515939845 LA\u00a0 APP RADIO\u00a0 PER ANDROID di Nicola Vettorello https:\/\/play.google.com\/store\/apps\/details?id=net.radiopiu.iniko\u00a0\u00a0\u00a0\u00a0 &nbsp; &nbsp; &nbsp; OGGI ALLE\u00a0\u00a0 9.00\u00a0 la musica country, di ALEX NASCINBEN\u00a0 9-40 oggi come ieri con SILVIA BALDO \u00a0\u00a010.30\u00a0 \u00a0gron trophy, quando rombano i motori, a Gron di Sospirolo, ospiti in studio MIRKO PEROTTO_KEVIN DAL&hellip;<\/p>\n","protected":false},"author":4,"featured_media":438941,"comment_status":"closed","ping_status":"closed","sticky":false,"template":"","format":"standard","meta":{"_monsterinsights_skip_tracking":false,"_monsterinsights_sitenote_active":false,"_monsterinsights_sitenote_note":"","_monsterinsights_sitenote_category":0,"footnotes":""},"categories":[51,86,49],"tags":[],"class_list":["post-438780","post","type-post","status-publish","format-standard","has-post-thumbnail","hentry","category-evidenza-top","category-gr","category-news-18","category-51","category-86","category-49","description-off"],"img_url":"https:\/\/www.radiopiu.net\/wordpress\/wp-content\/uploads\/2025\/03\/Senza-nome-42.png","_links":{"self":[{"href":"https:\/\/www.radiopiu.net\/wordpress\/wp-json\/wp\/v2\/posts\/438780","targetHints":{"allow":["GET"]}}],"collection":[{"href":"https:\/\/www.radiopiu.net\/wordpress\/wp-json\/wp\/v2\/posts"}],"about":[{"href":"https:\/\/www.radiopiu.net\/wordpress\/wp-json\/wp\/v2\/types\/post"}],"author":[{"embeddable":true,"href":"https:\/\/www.radiopiu.net\/wordpress\/wp-json\/wp\/v2\/users\/4"}],"replies":[{"embeddable":true,"href":"https:\/\/www.radiopiu.net\/wordpress\/wp-json\/wp\/v2\/comments?post=438780"}],"version-history":[{"count":32,"href":"https:\/\/www.radiopiu.net\/wordpress\/wp-json\/wp\/v2\/posts\/438780\/revisions"}],"predecessor-version":[{"id":439072,"href":"https:\/\/www.radiopiu.net\/wordpress\/wp-json\/wp\/v2\/posts\/438780\/revisions\/439072"}],"wp:featuredmedia":[{"embeddable":true,"href":"https:\/\/www.radiopiu.net\/wordpress\/wp-json\/wp\/v2\/media\/438941"}],"wp:attachment":[{"href":"https:\/\/www.radiopiu.net\/wordpress\/wp-json\/wp\/v2\/media?parent=438780"}],"wp:term":[{"taxonomy":"category","embeddable":true,"href":"https:\/\/www.radiopiu.net\/wordpress\/wp-json\/wp\/v2\/categories?post=438780"},{"taxonomy":"post_tag","embeddable":true,"href":"https:\/\/www.radiopiu.net\/wordpress\/wp-json\/wp\/v2\/tags?post=438780"}],"curies":[{"name":"wp","href":"https:\/\/api.w.org\/{rel}","templated":true}]}}