{"id":438837,"date":"2025-03-10T05:04:11","date_gmt":"2025-03-10T04:04:11","guid":{"rendered":"https:\/\/www.radiopiu.net\/wordpress\/?p=438837"},"modified":"2025-03-10T05:04:11","modified_gmt":"2025-03-10T04:04:11","slug":"ada-trionfa-a-obiettivo-talento-in-danza-premi-e-borse-di-studio-per-il-gruppo-di-vanessa-lagana","status":"publish","type":"post","link":"https:\/\/www.radiopiu.net\/wordpress\/ada-trionfa-a-obiettivo-talento-in-danza-premi-e-borse-di-studio-per-il-gruppo-di-vanessa-lagana\/","title":{"rendered":"ADA trionfa a &#8220;Obiettivo Talento in Danza&#8221;: premi e borse di studio per il gruppo di Vanessa Lagan\u00e0"},"content":{"rendered":"<p>**<\/p>\n<p data-start=\"159\" data-end=\"458\"><a class=\"dt-pswp-item\" href=\"https:\/\/www.radiopiu.net\/wordpress\/wp-content\/uploads\/2025\/03\/67d8f8cd-aa94-446d-84b9-5cd8a4bc2977-1.jpg\" data-dt-img-description=\"\" data-large_image_width=\"1200\" data-large_image_height=\"1600\"><img loading=\"lazy\" decoding=\"async\" class=\"size-medium wp-image-438838 alignleft\" src=\"https:\/\/www.radiopiu.net\/wordpress\/wp-content\/uploads\/2025\/03\/67d8f8cd-aa94-446d-84b9-5cd8a4bc2977-1-225x300.jpg\" alt=\"\" width=\"225\" height=\"300\" srcset=\"https:\/\/www.radiopiu.net\/wordpress\/wp-content\/uploads\/2025\/03\/67d8f8cd-aa94-446d-84b9-5cd8a4bc2977-1-225x300.jpg 225w, https:\/\/www.radiopiu.net\/wordpress\/wp-content\/uploads\/2025\/03\/67d8f8cd-aa94-446d-84b9-5cd8a4bc2977-1-768x1024.jpg 768w, https:\/\/www.radiopiu.net\/wordpress\/wp-content\/uploads\/2025\/03\/67d8f8cd-aa94-446d-84b9-5cd8a4bc2977-1-1152x1536.jpg 1152w, https:\/\/www.radiopiu.net\/wordpress\/wp-content\/uploads\/2025\/03\/67d8f8cd-aa94-446d-84b9-5cd8a4bc2977-1.jpg 1200w\" sizes=\"auto, (max-width: 225px) 100vw, 225px\" \/><\/a>Grande successo per il gruppo di punta di ADA al concorso <strong data-start=\"217\" data-end=\"249\">&#8220;Obiettivo Talento in Danza&#8221;<\/strong>, che si \u00e8 svolto oggi a <strong data-start=\"274\" data-end=\"302\">Campolongo Maggiore (VE)<\/strong>. I talentuosi ballerini, guidati dalla coreografa <strong data-start=\"353\" data-end=\"371\">Vanessa Lagan\u00e0<\/strong>, hanno conquistato numerosi riconoscimenti in una competizione di altissimo livello. Tra i risultati pi\u00f9 prestigiosi: <strong data-start=\"497\" data-end=\"509\">2\u00b0 posto<\/strong> per il duo contemporaneo <strong data-start=\"535\" data-end=\"572\">Aurora Dona e Margherita Garzotto<\/strong>, con l\u2019assegnazione di <strong data-start=\"596\" data-end=\"619\">due borse di studio<\/strong>. <strong data-start=\"625\" data-end=\"637\">3\u00b0 posto<\/strong> per il duo contemporaneo <strong data-start=\"663\" data-end=\"701\">Arianna Cassisi e Angelica Cassisi<\/strong>. <strong data-start=\"707\" data-end=\"719\">2\u00b0 posto<\/strong> per il gruppo contemporaneo, che ha ottenuto <strong data-start=\"765\" data-end=\"788\">tre borse di studio<\/strong> e il prestigioso <strong data-start=\"806\" data-end=\"838\">Priority Pass per Barcellona<\/strong>. Premio per <strong data-start=\"855\" data-end=\"893\">Miglior Coreografia della Giornata<\/strong>, assegnato allo spettacolo <strong data-start=\"921\" data-end=\"953\">&#8220;Passato. Presente. Futuro.&#8221;<\/strong>. Oltre ai successi degli allievi, il concorso ha riconosciuto anche il grande lavoro della coreografa <strong data-start=\"1059\" data-end=\"1077\">Vanessa Lagan\u00e0<\/strong>, premiata come <strong data-start=\"1093\" data-end=\"1130\">Miglior Coreografa della Giornata<\/strong> e insignita di una <strong data-start=\"1150\" data-end=\"1181\">borsa di studio da 300 euro<\/strong>. Il gruppo vincente era composto da: <strong data-start=\"1224\" data-end=\"1369\">Angelica Cassisi, Arianna Cassisi, Aurora Dona, Martina Ganz, Margherita Garzotto, Michela Valt, Silvia Xaiz, Jacopo Mottes e Vanessa Lagan\u00e0. <\/strong>Un risultato eccezionale che conferma la qualit\u00e0 e il talento della scuola di danza ADA, capace di distinguersi in un concorso di alto livello e di portare a casa numerosi riconoscimenti. <strong data-start=\"1564\" data-end=\"1653\">Complimenti a tutti i ballerini e alla coreografa per questo straordinario traguardo!<\/p>\n<p>__<\/strong><\/p>\n","protected":false},"excerpt":{"rendered":"<p>** Grande successo per il gruppo di punta di ADA al concorso &#8220;Obiettivo Talento in Danza&#8221;, che si \u00e8 svolto oggi a Campolongo Maggiore (VE). I talentuosi ballerini, guidati dalla coreografa Vanessa Lagan\u00e0, hanno conquistato numerosi riconoscimenti in una competizione di altissimo livello. Tra i risultati pi\u00f9 prestigiosi: 2\u00b0 posto per il duo contemporaneo Aurora&hellip;<\/p>\n","protected":false},"author":4,"featured_media":438836,"comment_status":"closed","ping_status":"closed","sticky":false,"template":"","format":"standard","meta":{"_monsterinsights_skip_tracking":false,"_monsterinsights_sitenote_active":false,"_monsterinsights_sitenote_note":"","_monsterinsights_sitenote_category":0,"footnotes":""},"categories":[49],"tags":[],"class_list":["post-438837","post","type-post","status-publish","format-standard","has-post-thumbnail","hentry","category-news-18","category-49","description-off"],"img_url":"https:\/\/www.radiopiu.net\/wordpress\/wp-content\/uploads\/2025\/03\/Senza-nome-39.png","_links":{"self":[{"href":"https:\/\/www.radiopiu.net\/wordpress\/wp-json\/wp\/v2\/posts\/438837","targetHints":{"allow":["GET"]}}],"collection":[{"href":"https:\/\/www.radiopiu.net\/wordpress\/wp-json\/wp\/v2\/posts"}],"about":[{"href":"https:\/\/www.radiopiu.net\/wordpress\/wp-json\/wp\/v2\/types\/post"}],"author":[{"embeddable":true,"href":"https:\/\/www.radiopiu.net\/wordpress\/wp-json\/wp\/v2\/users\/4"}],"replies":[{"embeddable":true,"href":"https:\/\/www.radiopiu.net\/wordpress\/wp-json\/wp\/v2\/comments?post=438837"}],"version-history":[{"count":1,"href":"https:\/\/www.radiopiu.net\/wordpress\/wp-json\/wp\/v2\/posts\/438837\/revisions"}],"predecessor-version":[{"id":438839,"href":"https:\/\/www.radiopiu.net\/wordpress\/wp-json\/wp\/v2\/posts\/438837\/revisions\/438839"}],"wp:featuredmedia":[{"embeddable":true,"href":"https:\/\/www.radiopiu.net\/wordpress\/wp-json\/wp\/v2\/media\/438836"}],"wp:attachment":[{"href":"https:\/\/www.radiopiu.net\/wordpress\/wp-json\/wp\/v2\/media?parent=438837"}],"wp:term":[{"taxonomy":"category","embeddable":true,"href":"https:\/\/www.radiopiu.net\/wordpress\/wp-json\/wp\/v2\/categories?post=438837"},{"taxonomy":"post_tag","embeddable":true,"href":"https:\/\/www.radiopiu.net\/wordpress\/wp-json\/wp\/v2\/tags?post=438837"}],"curies":[{"name":"wp","href":"https:\/\/api.w.org\/{rel}","templated":true}]}}