{"id":438995,"date":"2025-03-11T05:40:26","date_gmt":"2025-03-11T04:40:26","guid":{"rendered":"https:\/\/www.radiopiu.net\/wordpress\/?p=438995"},"modified":"2025-03-11T05:44:38","modified_gmt":"2025-03-11T04:44:38","slug":"mercoledi-lultimo-saluto-a-paolo-serafini-insegnava-al-segato-di-belluno","status":"publish","type":"post","link":"https:\/\/www.radiopiu.net\/wordpress\/mercoledi-lultimo-saluto-a-paolo-serafini-insegnava-al-segato-di-belluno\/","title":{"rendered":"MERCOLEDI&#8217; L&#8217;ULTIMO SALUTO A PAOLO SERAFINI. INSEGNAVA AL SEGATO DI BELLUNO"},"content":{"rendered":"<p>******<\/p>\n<p>&nbsp;<\/p>\n<p><strong><a class=\"dt-pswp-item\" href=\"https:\/\/www.radiopiu.net\/wordpress\/wp-content\/uploads\/2025\/03\/KLDGAUYLA.jpg\" data-dt-img-description=\"\" data-large_image_width=\"251\" data-large_image_height=\"178\"><img loading=\"lazy\" decoding=\"async\" class=\" wp-image-438996 alignleft\" src=\"https:\/\/www.radiopiu.net\/wordpress\/wp-content\/uploads\/2025\/03\/KLDGAUYLA.jpg\" alt=\"\" width=\"147\" height=\"104\" \/><\/a>BELLUNO<\/strong> Paolo Serafini, detto &#8220;er Serafo&#8221;, \u00e8 scomparso a 90 anni a Belluno. Romano e romanista, insegnava tecnologia meccanica ed elettrotecnica all\u2019ITI Segato. Politicamente vicino alla Destra fin dai tempi del Movimento Sociale, era noto per il suo carattere estroverso e il suo grande cuore. Laureatosi con fatica mentre lavorava all\u2019Atac, decise di trasferirsi a Belluno dopo una visita al cognato. Come insegnante, sapeva coinvolgere gli studenti, anche i pi\u00f9 svogliati, con entusiasmo e umorismo. Sempre pronto ad aiutare chi era in difficolt\u00e0, odiava la &#8220;zella&#8221;, la sfortuna. Il suo funerale si terr\u00e0 mercoled\u00ec alle 15 a Cavarzano. (FOTO: Corriere Delle Alpi)<\/p>\n<p>&nbsp;<\/p>\n<p>&nbsp;<\/p>\n<p>********<\/p>\n","protected":false},"excerpt":{"rendered":"<p>****** &nbsp; BELLUNO Paolo Serafini, detto &#8220;er Serafo&#8221;, \u00e8 scomparso a 90 anni a Belluno. Romano e romanista, insegnava tecnologia meccanica ed elettrotecnica all\u2019ITI Segato. Politicamente vicino alla Destra fin dai tempi del Movimento Sociale, era noto per il suo carattere estroverso e il suo grande cuore. Laureatosi con fatica mentre lavorava all\u2019Atac, decise di&hellip;<\/p>\n","protected":false},"author":4,"featured_media":438996,"comment_status":"closed","ping_status":"closed","sticky":false,"template":"","format":"standard","meta":{"_monsterinsights_skip_tracking":false,"_monsterinsights_sitenote_active":false,"_monsterinsights_sitenote_note":"","_monsterinsights_sitenote_category":0,"footnotes":""},"categories":[51,49],"tags":[],"class_list":["post-438995","post","type-post","status-publish","format-standard","has-post-thumbnail","hentry","category-evidenza-top","category-news-18","category-51","category-49","description-off"],"img_url":"https:\/\/www.radiopiu.net\/wordpress\/wp-content\/uploads\/2025\/03\/KLDGAUYLA.jpg","_links":{"self":[{"href":"https:\/\/www.radiopiu.net\/wordpress\/wp-json\/wp\/v2\/posts\/438995","targetHints":{"allow":["GET"]}}],"collection":[{"href":"https:\/\/www.radiopiu.net\/wordpress\/wp-json\/wp\/v2\/posts"}],"about":[{"href":"https:\/\/www.radiopiu.net\/wordpress\/wp-json\/wp\/v2\/types\/post"}],"author":[{"embeddable":true,"href":"https:\/\/www.radiopiu.net\/wordpress\/wp-json\/wp\/v2\/users\/4"}],"replies":[{"embeddable":true,"href":"https:\/\/www.radiopiu.net\/wordpress\/wp-json\/wp\/v2\/comments?post=438995"}],"version-history":[{"count":1,"href":"https:\/\/www.radiopiu.net\/wordpress\/wp-json\/wp\/v2\/posts\/438995\/revisions"}],"predecessor-version":[{"id":438997,"href":"https:\/\/www.radiopiu.net\/wordpress\/wp-json\/wp\/v2\/posts\/438995\/revisions\/438997"}],"wp:featuredmedia":[{"embeddable":true,"href":"https:\/\/www.radiopiu.net\/wordpress\/wp-json\/wp\/v2\/media\/438996"}],"wp:attachment":[{"href":"https:\/\/www.radiopiu.net\/wordpress\/wp-json\/wp\/v2\/media?parent=438995"}],"wp:term":[{"taxonomy":"category","embeddable":true,"href":"https:\/\/www.radiopiu.net\/wordpress\/wp-json\/wp\/v2\/categories?post=438995"},{"taxonomy":"post_tag","embeddable":true,"href":"https:\/\/www.radiopiu.net\/wordpress\/wp-json\/wp\/v2\/tags?post=438995"}],"curies":[{"name":"wp","href":"https:\/\/api.w.org\/{rel}","templated":true}]}}