{"id":439219,"date":"2025-03-13T05:56:40","date_gmt":"2025-03-13T04:56:40","guid":{"rendered":"https:\/\/www.radiopiu.net\/wordpress\/?p=439219"},"modified":"2025-03-13T08:21:29","modified_gmt":"2025-03-13T07:21:29","slug":"giornale-radiopiu-13-marzo-2025","status":"publish","type":"post","link":"https:\/\/www.radiopiu.net\/wordpress\/giornale-radiopiu-13-marzo-2025\/","title":{"rendered":"GIORNALE RADIOPIU 13 MARZO 2025 DIRETTORE MIRKO MEZZACASA\u2026DA 41 ANNI 25 GIUGNO 1983-25 GIUGNO 2024"},"content":{"rendered":"<p>*********<\/p>\n<p>&nbsp;<\/p>\n<p><em><span style=\"color: #ff0000;\"><a class=\"dt-pswp-item\" href=\"https:\/\/www.radiopiu.net\/wordpress\/wp-content\/uploads\/2024\/10\/Senza-nome-8.png\" data-dt-img-description=\"\" data-large_image_width=\"343\" data-large_image_height=\"303\"><img loading=\"lazy\" decoding=\"async\" class=\"wp-image-412130 alignleft\" src=\"https:\/\/www.radiopiu.net\/wordpress\/wp-content\/uploads\/2024\/10\/Senza-nome-8-300x265.png\" alt=\"\" width=\"105\" height=\"93\" srcset=\"https:\/\/www.radiopiu.net\/wordpress\/wp-content\/uploads\/2024\/10\/Senza-nome-8-300x265.png 300w, https:\/\/www.radiopiu.net\/wordpress\/wp-content\/uploads\/2024\/10\/Senza-nome-8.png 343w\" sizes=\"auto, (max-width: 105px) 100vw, 105px\" \/><\/a><\/span><\/em><strong><em><span style=\"color: #ff0000;\"> LA\u00a0 APP PER IOS-IPHONE di Nicola Vettorello<\/span><\/em><\/strong><\/p>\n<p><strong><span style=\"color: #0000ff;\"><a style=\"color: #0000ff;\" href=\"https:\/\/apps.apple.com\/it\/app\/radio-pi%C3%B9-emittente-agordina\/id1515939845\">https:\/\/apps.apple.com\/it\/app\/radio-pi%C3%B9-emittente-agordina\/id1515939845<\/a><\/span><\/strong><\/p>\n<p><strong><em style=\"color: #ff0000;\">LA\u00a0 APP RADIO\u00a0 PER ANDROID di Nicola Vettorello<\/em><\/strong><\/p>\n<p><strong><span style=\"color: #0000ff;\"><a style=\"color: #0000ff;\" href=\"https:\/\/play.google.com\/store\/apps\/details?id=net.radiopiu.iniko\" target=\"_blank\" rel=\"noopener noreferrer\">https:\/\/<\/a><a style=\"color: #0000ff;\" href=\"https:\/\/play.google.com\/store\/apps\/details?id=net.radiopiu.iniko\" target=\"_blank\" rel=\"noopener noreferrer\">play.google.com\/store\/apps\/details?id=net.radiopiu.iniko\u00a0\u00a0\u00a0\u00a0<\/a><\/span><\/strong><\/p>\n<h1 style=\"text-align: center;\"><\/h1>\n<p>&nbsp;<\/p>\n<p>&nbsp;<\/p>\n<hr \/>\n<p>&nbsp;<\/p>\n<p><span style=\"color: #0000ff;\"><strong><a class=\"dt-pswp-item\" href=\"https:\/\/www.radiopiu.net\/wordpress\/wp-content\/uploads\/2025\/03\/ff78fb45-2561-42ea-aed9-8a36ae11d30f.jpg\" data-dt-img-description=\"\" data-large_image_width=\"1224\" data-large_image_height=\"1204\"><img loading=\"lazy\" decoding=\"async\" class=\" wp-image-439334 alignleft\" src=\"https:\/\/www.radiopiu.net\/wordpress\/wp-content\/uploads\/2025\/03\/ff78fb45-2561-42ea-aed9-8a36ae11d30f-300x295.jpg\" alt=\"\" width=\"255\" height=\"251\" srcset=\"https:\/\/www.radiopiu.net\/wordpress\/wp-content\/uploads\/2025\/03\/ff78fb45-2561-42ea-aed9-8a36ae11d30f-300x295.jpg 300w, https:\/\/www.radiopiu.net\/wordpress\/wp-content\/uploads\/2025\/03\/ff78fb45-2561-42ea-aed9-8a36ae11d30f-1024x1007.jpg 1024w, https:\/\/www.radiopiu.net\/wordpress\/wp-content\/uploads\/2025\/03\/ff78fb45-2561-42ea-aed9-8a36ae11d30f-768x755.jpg 768w, https:\/\/www.radiopiu.net\/wordpress\/wp-content\/uploads\/2025\/03\/ff78fb45-2561-42ea-aed9-8a36ae11d30f.jpg 1224w\" sizes=\"auto, (max-width: 255px) 100vw, 255px\" \/><\/a>OGGI <\/strong>\u00a0<\/span>\u00a0<strong> 8.30 <\/strong>PIU&#8217; SIAMO&#8230; PIU&#8217; CE LA GODIAMO CON MARINA DONA&#8217;<strong>\u00a0 09.00<\/strong> LA MUSICA COUNTRY, DAL 1983, DA 42 ANNI&#8230; LE SELEZIONI DI ALEX NASCINBEN <strong>10.30 <span style=\"color: #ff0000;\">BAITE APERTE ED EVENTI DI FINE STAGIONE AD ALLEGHE, COMPRENSORIO DEL CIVETTA, CON ANDREA DAL FARRA E CHRISTIAN MORETTI<\/span> 11.00<\/strong> <span style=\"color: #0000ff;\">ELIA CASAGRANDE <\/span><span class=\"transfer_display_name\"><span style=\"color: #0000ff;\">Arcade Show Puntata 2<\/span>, <strong>12.30<\/strong> IL GIORNALE RADIO EDIZIONE PRINCIPALE <strong>13.20<\/strong> TUTTI I GIORNI DAL MARTEDI ALLA DOMENICA, ALLE 13.20 LORIS SCUSSEL RIPROPONE COLLAGE, OPERAZIONE NOSTALGIA <\/span><strong>15.00\u00a0 <\/strong>B\u00a0 <b>16.45 <\/b>HIT PARADE STORY, LA STORIA DELLA MUSICA RACCONTATA QUOTIDIANAMENTE DA MIRCO BENCIVENNI<\/p>\n<p><span style=\"color: #0000ff;\">OGGI ALLE 15.10 A\u00a0 TIME4ME SIMONE TERRYBYLE&#8230; INTERVISTA E PRESENTAZIONE DELL&#8217;ALBUM DI E CON MARINA DONA&#8217;<\/span><\/p>\n<p>&nbsp;<\/p>\n<blockquote><p>&nbsp;<\/p><\/blockquote>\n<hr \/>\n<p>&nbsp;<\/p>\n<p>&nbsp;<\/p>\n<div class=\"x11i5rnm xat24cr x1mh8g0r x1vvkbs xtlvy1s x126k92a\">\n<div dir=\"auto\">\n<div dir=\"auto\">\n<p><strong><a class=\"dt-pswp-item\" href=\"https:\/\/www.radiopiu.net\/wordpress\/wp-content\/uploads\/2024\/02\/2d44e751-d8a8-461b-8e22-d8e4e853b032.jpg\" data-dt-img-description=\"\" data-large_image_width=\"1600\" data-large_image_height=\"1200\"><img loading=\"lazy\" decoding=\"async\" class=\"wp-image-373307 alignleft\" src=\"https:\/\/www.radiopiu.net\/wordpress\/wp-content\/uploads\/2024\/02\/2d44e751-d8a8-461b-8e22-d8e4e853b032-300x225.jpg\" alt=\"\" width=\"105\" height=\"79\" srcset=\"https:\/\/www.radiopiu.net\/wordpress\/wp-content\/uploads\/2024\/02\/2d44e751-d8a8-461b-8e22-d8e4e853b032-300x225.jpg 300w, https:\/\/www.radiopiu.net\/wordpress\/wp-content\/uploads\/2024\/02\/2d44e751-d8a8-461b-8e22-d8e4e853b032-1024x768.jpg 1024w, https:\/\/www.radiopiu.net\/wordpress\/wp-content\/uploads\/2024\/02\/2d44e751-d8a8-461b-8e22-d8e4e853b032-768x576.jpg 768w, https:\/\/www.radiopiu.net\/wordpress\/wp-content\/uploads\/2024\/02\/2d44e751-d8a8-461b-8e22-d8e4e853b032-1536x1152.jpg 1536w, https:\/\/www.radiopiu.net\/wordpress\/wp-content\/uploads\/2024\/02\/2d44e751-d8a8-461b-8e22-d8e4e853b032.jpg 1600w\" sizes=\"auto, (max-width: 105px) 100vw, 105px\" \/><\/a>EL BAL DEL FIOR, DI GIULIANA DA RONCH, 13 MARZO<\/strong><strong> 2025<\/strong><\/p>\n<p>&nbsp;<\/p>\n<audio class=\"wp-audio-shortcode\" id=\"audio-439219-1\" preload=\"none\" style=\"width: 100%;\" controls=\"controls\"><source type=\"audio\/mpeg\" src=\"https:\/\/www.radiopiu.net\/wordpress\/wp-content\/uploads\/2025\/03\/GGI-1.mp3?_=1\" \/><a href=\"https:\/\/www.radiopiu.net\/wordpress\/wp-content\/uploads\/2025\/03\/GGI-1.mp3\">https:\/\/www.radiopiu.net\/wordpress\/wp-content\/uploads\/2025\/03\/GGI-1.mp3<\/a><\/audio>\n<p>&nbsp;<\/p>\n<hr \/>\n<p>&nbsp;<\/p>\n<p>&nbsp;<\/p>\n<\/div>\n<\/div>\n<\/div>\n<div class=\"x11i5rnm xat24cr x1mh8g0r x1vvkbs xtlvy1s x126k92a\">\n<blockquote>\n<h1><strong><a class=\"dt-pswp-item\" href=\"https:\/\/www.radiopiu.net\/wordpress\/wp-content\/uploads\/2024\/10\/629301fd-708d-4f53-95c2-d28cbefd500f.jpg\" data-dt-img-description=\"\" data-large_image_width=\"1600\" data-large_image_height=\"1322\"><img loading=\"lazy\" decoding=\"async\" class=\"wp-image-413782 alignright\" src=\"https:\/\/www.radiopiu.net\/wordpress\/wp-content\/uploads\/2024\/10\/629301fd-708d-4f53-95c2-d28cbefd500f-300x248.jpg\" alt=\"\" width=\"106\" height=\"88\" srcset=\"https:\/\/www.radiopiu.net\/wordpress\/wp-content\/uploads\/2024\/10\/629301fd-708d-4f53-95c2-d28cbefd500f-300x248.jpg 300w, https:\/\/www.radiopiu.net\/wordpress\/wp-content\/uploads\/2024\/10\/629301fd-708d-4f53-95c2-d28cbefd500f-1024x846.jpg 1024w, https:\/\/www.radiopiu.net\/wordpress\/wp-content\/uploads\/2024\/10\/629301fd-708d-4f53-95c2-d28cbefd500f-768x635.jpg 768w, https:\/\/www.radiopiu.net\/wordpress\/wp-content\/uploads\/2024\/10\/629301fd-708d-4f53-95c2-d28cbefd500f-1536x1269.jpg 1536w, https:\/\/www.radiopiu.net\/wordpress\/wp-content\/uploads\/2024\/10\/629301fd-708d-4f53-95c2-d28cbefd500f.jpg 1600w\" sizes=\"auto, (max-width: 106px) 100vw, 106px\" \/><\/a><\/strong><\/h1>\n<h1><strong><a class=\"dt-pswp-item\" href=\"https:\/\/www.radiopiu.net\/wordpress\/wp-content\/uploads\/2024\/11\/th-18.jpg\" data-dt-img-description=\"\" data-large_image_width=\"156\" data-large_image_height=\"180\"><img loading=\"lazy\" decoding=\"async\" class=\"size-full wp-image-421611 alignleft\" src=\"https:\/\/www.radiopiu.net\/wordpress\/wp-content\/uploads\/2024\/11\/th-18.jpg\" alt=\"\" width=\"156\" height=\"180\" \/><\/a><\/strong><\/h1>\n<h1><strong>N di parom &#8211; L Almanach de la nosta jent<\/strong><\/h1>\n<\/blockquote>\n<p>&nbsp;<\/p>\n<p>Le voci: Davide Conedera, Agordo, Michela Dell&#8217;Osbel, La Valle Agordina Simone Ganz, Falcade Veronica Lezuo, Colle Santa Lucia. La voce nella sigla \u00e8 di Giorgia Taio<\/p>\n<p><strong>LA PUNTATA DI OGGI, 13 MARZO 2025<\/strong><\/p>\n<p>&nbsp;<\/p>\n<audio class=\"wp-audio-shortcode\" id=\"audio-439219-2\" preload=\"none\" style=\"width: 100%;\" controls=\"controls\"><source type=\"audio\/mpeg\" src=\"https:\/\/www.radiopiu.net\/wordpress\/wp-content\/uploads\/2025\/03\/AL4-1.mp3?_=2\" \/><a href=\"https:\/\/www.radiopiu.net\/wordpress\/wp-content\/uploads\/2025\/03\/AL4-1.mp3\">https:\/\/www.radiopiu.net\/wordpress\/wp-content\/uploads\/2025\/03\/AL4-1.mp3<\/a><\/audio>\n<p>&nbsp;<\/p>\n<\/div>\n<div class=\"x11i5rnm xat24cr x1mh8g0r x1vvkbs xtlvy1s x126k92a\">\n<div dir=\"auto\">\n<hr \/>\n<\/div>\n<\/div>\n<blockquote>\n<blockquote>\n<h1><span style=\"color: #ff0000;\">\u00a0<\/span><\/h1>\n<h1><span style=\"color: #ff0000;\">I podcast informativi del mattino &#8211; audio &#8211;\u00a0\u00a0<\/span><\/h1>\n<\/blockquote>\n<p><strong><a class=\"dt-pswp-item\" href=\"https:\/\/www.radiopiu.net\/wordpress\/wp-content\/uploads\/2024\/11\/6.jpg\" data-dt-img-description=\"\" data-large_image_width=\"177\" data-large_image_height=\"180\"><img loading=\"lazy\" decoding=\"async\" class=\"size-full wp-image-417911 alignleft\" src=\"https:\/\/www.radiopiu.net\/wordpress\/wp-content\/uploads\/2024\/11\/6.jpg\" alt=\"\" width=\"177\" height=\"180\" \/><\/a>LA RASSEGNA STAMPA NAZIONALE ALLA RADIO, OGNI GIORNO ALLE 5 E ALLE 6 DEL MATTINO <span style=\"color: #0000ff;\">viene pubblicata alle 6.00 <span style=\"color: #ff0000;\">DIRETTA RADIO\u00a0 \u00a0\u00a0<\/span><\/span><\/strong><\/p><\/blockquote>\n<p>&nbsp;<\/p>\n<p><strong>NOTIZIE DELLA NOTTE<\/strong><\/p>\n<p><strong>Sisma,a Bagnoli persone bloccate in casa escono dalla finestra<\/strong><br \/>\n<strong>Scontr<\/strong>i a Buenos Aires, grave un fotografo ferito alla testa <strong>Intel<\/strong> nomina un nuovo ceo, le azioni balzano dell&#8217;11% <strong>Forte scossa di terremoto avvertita a Napoli ORE 1.37 <\/strong><strong>SpaceX<\/strong> rinvia missione per recuperare astronauti su Iss <strong>Brasile,<\/strong> la giustizia d\u00e0 l&#8217;ok all&#8217;estradizione di un italiano <strong>Tajani<\/strong> arrivato in Canada per il G7 Esteri <strong>Marcia indietro<\/strong> decisiva di Trump sui gas serra<\/p>\n<h1>AUDIO dalle 6 del mattino<\/h1>\n<audio class=\"wp-audio-shortcode\" id=\"audio-439219-3\" preload=\"none\" style=\"width: 100%;\" controls=\"controls\"><source type=\"audio\/mpeg\" src=\"https:\/\/www.radiopiu.net\/wordpress\/wp-content\/uploads\/2025\/03\/GIORNALEDELLESEI-9.mp3?_=3\" \/><a href=\"https:\/\/www.radiopiu.net\/wordpress\/wp-content\/uploads\/2025\/03\/GIORNALEDELLESEI-9.mp3\">https:\/\/www.radiopiu.net\/wordpress\/wp-content\/uploads\/2025\/03\/GIORNALEDELLESEI-9.mp3<\/a><\/audio>\n<p>&nbsp;<\/p>\n<p>&nbsp;<\/p>\n<hr \/>\n<p>&nbsp;<\/p>\n<h1 style=\"text-align: center;\"><span style=\"color: #ff0000;\"><a class=\"dt-pswp-item\" href=\"https:\/\/www.radiopiu.net\/wordpress\/wp-content\/uploads\/2024\/11\/7.jpg\" data-dt-img-description=\"\" data-large_image_width=\"180\" data-large_image_height=\"180\"><img loading=\"lazy\" decoding=\"async\" class=\"size-full wp-image-417912 alignleft\" src=\"https:\/\/www.radiopiu.net\/wordpress\/wp-content\/uploads\/2024\/11\/7.jpg\" alt=\"\" width=\"180\" height=\"180\" srcset=\"https:\/\/www.radiopiu.net\/wordpress\/wp-content\/uploads\/2024\/11\/7.jpg 180w, https:\/\/www.radiopiu.net\/wordpress\/wp-content\/uploads\/2024\/11\/7-150x150.jpg 150w\" sizes=\"auto, (max-width: 180px) 100vw, 180px\" \/><\/a>I podcast informativi del mattino &#8211; audio &#8211;\u00a0<\/span><\/h1>\n<p><strong>OGNI GIORNO ALLE SETTE DEL MATTINO, LA RASSEGNA STAMPA LOCALE FLASH&#8230; PER CHI VA IN FRETTA. I TITOLI DAI GIORNALI E DAL SITO WWW.RADIOPIU.NET <span style=\"color: #0000ff;\">viene pubblicato alle 7.00<\/span> <span style=\"color: #ff0000;\">DIRETTA RADIO\u00a0<\/span><\/strong><\/p>\n<p><em><span style=\"color: #ff0000;\">per chi va in fretta&#8230; tante notizie in pochi minuti. L&#8217;informazione locale alla radio, ogni ora dalle 7 del mattino alle 19 della sera.\u00a0<\/span><\/em><\/p>\n<p><strong>\u00a0<\/strong><\/p>\n<p><strong> <a class=\"dt-pswp-item\" href=\"https:\/\/www.radiopiu.net\/wordpress\/wp-content\/uploads\/2025\/03\/Immagine-2025-03-12-115131.png\" data-dt-img-description=\"\" data-large_image_width=\"148\" data-large_image_height=\"146\"><img loading=\"lazy\" decoding=\"async\" class=\" wp-image-439311 alignleft\" src=\"https:\/\/www.radiopiu.net\/wordpress\/wp-content\/uploads\/2025\/03\/Immagine-2025-03-12-115131.png\" alt=\"\" width=\"74\" height=\"73\" \/><\/a>CORTINA<\/strong> Molestie sessuali a Cortina: ex collega a processo <strong>FELTRE\u00a0<\/strong> nuovo furto al negozio GrBike: rubate 17 biciclette <strong>CORTINA<\/strong> Nuova cabinovia sulle Tofane: via libera al progetto <strong>CONEGLIANO<\/strong> Molestie sessuali in treno: 25enne denunciato nel Bellunese <strong>GOSALDO<\/strong> acqua non potabile in alcune localit\u00e0: attivato servizio con cisterna <strong>BELLUNO<\/strong> Dipinto rubato nel 1973 a Belluno: il caso segnalato dal Guardian<\/p>\n<h1>AUDIO dalle 7 del mattino<\/h1>\n<audio class=\"wp-audio-shortcode\" id=\"audio-439219-4\" preload=\"none\" style=\"width: 100%;\" controls=\"controls\"><source type=\"audio\/mpeg\" src=\"https:\/\/www.radiopiu.net\/wordpress\/wp-content\/uploads\/2025\/03\/GF07-10.mp3?_=4\" \/><a href=\"https:\/\/www.radiopiu.net\/wordpress\/wp-content\/uploads\/2025\/03\/GF07-10.mp3\">https:\/\/www.radiopiu.net\/wordpress\/wp-content\/uploads\/2025\/03\/GF07-10.mp3<\/a><\/audio>\n<p>&nbsp;<\/p>\n<p>&nbsp;<\/p>\n<hr \/>\n<p>&nbsp;<\/p>\n<h1><\/h1>\n<h1 style=\"text-align: center;\"><span style=\"color: #ff0000;\"><a class=\"dt-pswp-item\" href=\"https:\/\/www.radiopiu.net\/wordpress\/wp-content\/uploads\/2024\/11\/th.jpg\" data-dt-img-description=\"\" data-large_image_width=\"148\" data-large_image_height=\"179\"><img loading=\"lazy\" decoding=\"async\" class=\"size-full wp-image-417913 alignleft\" src=\"https:\/\/www.radiopiu.net\/wordpress\/wp-content\/uploads\/2024\/11\/th.jpg\" alt=\"\" width=\"148\" height=\"179\" \/><\/a>I podcast informativi del mattino &#8211; audio &#8211;\u00a0<\/span><\/h1>\n<blockquote><p><strong>GIORNALE RADIO NAZIONALE, EDIZIONE DELLE SETTE <span style=\"color: #0000ff;\">viene pubblicato alle 7.05 <span style=\"color: #ff0000;\">DIRETTA RADIO\u00a0<\/span><\/span><\/strong><\/p><\/blockquote>\n<p><strong>il giornale radionazionale e&#8217; in onda ogni ora, dalle sette del mattino alle venti della sera\u00a0 \u00a0\u00a0<\/strong><\/p>\n<p>&nbsp;<\/p>\n<p><a class=\"dt-pswp-item\" href=\"https:\/\/www.radiopiu.net\/wordpress\/wp-content\/uploads\/2025\/02\/download-7.jpg\" data-dt-img-description=\"\" data-large_image_width=\"211\" data-large_image_height=\"239\"><img loading=\"lazy\" decoding=\"async\" class=\"size-full wp-image-435553 alignleft\" src=\"https:\/\/www.radiopiu.net\/wordpress\/wp-content\/uploads\/2025\/02\/download-7.jpg\" alt=\"\" width=\"211\" height=\"239\" \/><\/a>ROMA Oltre 22mila sanitari aggrediti nel 2024, 116 in ogni Asl Fiaso: numeri in crescita. Ordine-Censis: il 50% dei medici \u00e8 tentato di lasciare l&#8217;Ssn<\/p>\n<p><strong>ROMA<\/strong> &#8216;Obesa, anoressica&#8217;, studenti in sciopero contro la prof bulla Al Leonardo Da Vinci, &#8216;il problema segnalato tante volte&#8217;<br \/>\n<strong>COMO<\/strong> Trovata morta in casa, non fu suicidio ma femminicidioIndagato il marito che nega ogni responsabilit\u00e0<br \/>\n<strong>PALERMO<\/strong> Percosse e umiliazioni a una disabile, arrestati i familiari. In carcere il padre, la madre e il fratello<br \/>\n<strong>ROMA<\/strong> Carabiniere ucciso, appello ter per Hjort per ridurre la pena Cassazione dichiata irrevocabile la sua responsabilit\u00e0 penale per la morte di Cerciello Rega<br \/>\n<strong>PERUGIA<\/strong> Sappe: &#8216;Detenuto morto dopo avere incendiato la cella a Perugia&#8217; &#8216;Gli agenti non sono riusciti a impedire il gesto&#8217;<br \/>\n<strong>POMPEI<\/strong> Furto di corrente, arrestato il fratello di Maria Rosaria Boccia Lui: &#8216;Non ne sapevo niente&#8217;. Direttissima e obbligo di dimora<br \/>\n<strong><a class=\"dt-pswp-item\" href=\"https:\/\/www.radiopiu.net\/wordpress\/wp-content\/uploads\/2025\/02\/download-3.jpg\" data-dt-img-description=\"\" data-large_image_width=\"223\" data-large_image_height=\"226\"><img loading=\"lazy\" decoding=\"async\" class=\"size-full wp-image-434732 alignleft\" src=\"https:\/\/www.radiopiu.net\/wordpress\/wp-content\/uploads\/2025\/02\/download-3.jpg\" alt=\"\" width=\"223\" height=\"226\" \/><\/a>VICENZA<\/strong> Treno investe giovane alla stazione di Vicenza, traffico sospeso. La vittima \u00e8 un giovanissimo<\/p>\n<p><strong>VENEZIA <\/strong>Alzata numero 100 per il Mose, dighe su in due bocche di porto Salvini, &#8216;\u00e8 la risposta ai signori del no&#8217;<br \/>\n<strong>VENEZIA<\/strong> Secondo il Mit, in 5 anni Mose ha evitato 2,6 miliardi danni a Venezia. Dei 100 sollevamenti quasi la met\u00e0 maree fino al metro e 10<br \/>\n<strong>VICENZA<\/strong> Crac Popolare Vicenza, 3 anni e 8 mesi in Appello ex dg Sorato. Ridotta la pena, revocato il risarcimento a Bankitalia<br \/>\n<strong>CORTINA<\/strong> Approvata la nuova cabinovia sulle Tofane. Impianto a 10 posti sostituir\u00e0 i due vecchi<br \/>\n<strong>VENEZIA<\/strong> L&#8217;Amerigo Vespucci sar\u00e0 a Venezia dal 27 al 31 marzo. Seconda tappa Tour Mediterraneo, assieme al Villaggio IN Italia<br \/>\n<strong>CONEGLIANO<\/strong> Molestie sessuali in treno, 25enne denunciato nel Bellunese Atti osceni davanti alle viaggiatrici su tratta per Conegliano<br \/>\n<strong>PADOVA<\/strong> Rapine seriali a giovani, polizia Padova arresta due minorenni Uno aveva anche aggredito troupe di Striscia la Notizia<\/p>\n<h1><span style=\"color: #ff0000;\"><span style=\"color: #0000ff;\">ULTIM&#8217;ORA<\/span> <span style=\"color: #000000;\">AUDIO dalle sette del mattino, ogni ora alla radio EDIZIONE DELLE SETTE<\/span><\/span><\/h1>\n<audio class=\"wp-audio-shortcode\" id=\"audio-439219-5\" preload=\"none\" style=\"width: 100%;\" controls=\"controls\"><source type=\"audio\/mpeg\" src=\"https:\/\/www.radiopiu.net\/wordpress\/wp-content\/uploads\/2025\/03\/giornale07-12.mp3?_=5\" \/><a href=\"https:\/\/www.radiopiu.net\/wordpress\/wp-content\/uploads\/2025\/03\/giornale07-12.mp3\">https:\/\/www.radiopiu.net\/wordpress\/wp-content\/uploads\/2025\/03\/giornale07-12.mp3<\/a><\/audio>\n<p>&nbsp;<\/p>\n<p>&nbsp;<\/p>\n<hr \/>\n<p>&nbsp;<\/p>\n<p>&nbsp;<\/p>\n<h1><span style=\"color: #ff0000;\"><a class=\"dt-pswp-item\" href=\"https:\/\/www.radiopiu.net\/wordpress\/wp-content\/uploads\/2024\/11\/8.jpg\" data-dt-img-description=\"\" data-large_image_width=\"180\" data-large_image_height=\"180\"><img loading=\"lazy\" decoding=\"async\" class=\"size-full wp-image-417910 alignleft\" src=\"https:\/\/www.radiopiu.net\/wordpress\/wp-content\/uploads\/2024\/11\/8.jpg\" alt=\"\" width=\"180\" height=\"180\" srcset=\"https:\/\/www.radiopiu.net\/wordpress\/wp-content\/uploads\/2024\/11\/8.jpg 180w, https:\/\/www.radiopiu.net\/wordpress\/wp-content\/uploads\/2024\/11\/8-150x150.jpg 150w\" sizes=\"auto, (max-width: 180px) 100vw, 180px\" \/><\/a>I podcast informativi del mattino &#8211; video &#8211;\u00a0<\/span><\/h1>\n<h2 style=\"text-align: left;\"><strong>RASSEGNA STAMPA LOCALE, ORE OTTO<\/strong><\/h2>\n<h2><strong> <span style=\"color: #0000ff;\">viene\u00a0 <\/span><\/strong><strong><span style=\"color: #0000ff;\">pubblicata alle 8.05 <span style=\"color: #ff0000;\">DIRETTA RADIO\u00a0 \u00a0<\/span><\/span><\/strong><strong>DI MIRKO MEZZACASA<\/strong><\/h2>\n<h2><span style=\"color: #ff0000;\"><strong>\u00a0 \u00a0<\/strong><\/span><\/h2>\n<p>&nbsp;<\/p>\n<p><strong><a class=\"dt-pswp-item\" href=\"https:\/\/www.radiopiu.net\/wordpress\/wp-content\/uploads\/2023\/12\/Poste-Italiane-auto-elettrica.jpg\" data-dt-img-description=\"\" data-large_image_width=\"674\" data-large_image_height=\"370\"><img loading=\"lazy\" decoding=\"async\" class=\"wp-image-367682 alignleft\" src=\"https:\/\/www.radiopiu.net\/wordpress\/wp-content\/uploads\/2023\/12\/Poste-Italiane-auto-elettrica-300x165.jpg\" alt=\"\" width=\"151\" height=\"83\" srcset=\"https:\/\/www.radiopiu.net\/wordpress\/wp-content\/uploads\/2023\/12\/Poste-Italiane-auto-elettrica-300x165.jpg 300w, https:\/\/www.radiopiu.net\/wordpress\/wp-content\/uploads\/2023\/12\/Poste-Italiane-auto-elettrica.jpg 674w\" sizes=\"auto, (max-width: 151px) 100vw, 151px\" \/><\/a>BELLUNO\u00a0<\/strong> ispezioni negli uffici postali per ritardi nella consegna della posta <strong>TREVISO<\/strong> Dolomiti e Prosecco: studio sulla crescita del turismo <strong>BELLUNO<\/strong> Autostrade venete, la Filt Cgil chiede una pianificazione strategica <strong>PEDAVENA\u00a0<\/strong> processo per maltrattamenti in famiglia: la donna si costituisce parte civile<br \/>\n<strong>BELLUNO<\/strong> Giornate FAI di Primavera: appuntamento il 22 e 23 marzo <strong>AGORDO<\/strong> riflessione sulla tutela del personale sanitario <strong>COMELICO<\/strong> Collegamento sciistico Comelico-Pusteria: la Provincia difende il progetto<br \/>\n<strong>BELLUNO<\/strong>\u00a0 al via il censimento del verde urbano <strong>FALCADE<\/strong> ospiter\u00e0 la prima selezione di Miss Italia 2025 in Veneto<\/p>\n<h1><span style=\"color: #ff0000;\"><strong><a class=\"dt-pswp-item\" href=\"https:\/\/www.radiopiu.net\/wordpress\/wp-content\/uploads\/2025\/03\/COP1.png\" data-dt-img-description=\"\" data-large_image_width=\"485\" data-large_image_height=\"258\"><img loading=\"lazy\" decoding=\"async\" class=\"alignnone size-medium wp-image-439403\" src=\"https:\/\/www.radiopiu.net\/wordpress\/wp-content\/uploads\/2025\/03\/COP1-300x160.png\" alt=\"\" width=\"300\" height=\"160\" srcset=\"https:\/\/www.radiopiu.net\/wordpress\/wp-content\/uploads\/2025\/03\/COP1-300x160.png 300w, https:\/\/www.radiopiu.net\/wordpress\/wp-content\/uploads\/2025\/03\/COP1.png 485w\" sizes=\"auto, (max-width: 300px) 100vw, 300px\" \/><\/a><a class=\"dt-pswp-item\" href=\"https:\/\/www.radiopiu.net\/wordpress\/wp-content\/uploads\/2025\/03\/COOP2-6.png\" data-dt-img-description=\"\" data-large_image_width=\"377\" data-large_image_height=\"190\"><img loading=\"lazy\" decoding=\"async\" class=\"alignnone size-medium wp-image-439404\" src=\"https:\/\/www.radiopiu.net\/wordpress\/wp-content\/uploads\/2025\/03\/COOP2-6-300x151.png\" alt=\"\" width=\"300\" height=\"151\" srcset=\"https:\/\/www.radiopiu.net\/wordpress\/wp-content\/uploads\/2025\/03\/COOP2-6-300x151.png 300w, https:\/\/www.radiopiu.net\/wordpress\/wp-content\/uploads\/2025\/03\/COOP2-6.png 377w\" sizes=\"auto, (max-width: 300px) 100vw, 300px\" \/><\/a> <\/strong><\/span><\/h1>\n<h1><span style=\"color: #ff0000;\"><strong>VIDEO\u00a0 \u00a0in diretta AGGIORNAMENTO\u00a0 dalle 8 del mattino\u00a0<\/strong><\/span><\/h1>\n<h2><\/h2>\n<p><iframe loading=\"lazy\" title=\"DAL 1983 LA RASSEGNA STAMPA LOCALE di mirko mezzacasa. L&#039;ORIGINALE\" width=\"1200\" height=\"675\" src=\"https:\/\/www.youtube.com\/embed\/FNkz_DuZJNk?feature=oembed\" frameborder=\"0\" allow=\"accelerometer; autoplay; clipboard-write; encrypted-media; gyroscope; picture-in-picture; web-share\" referrerpolicy=\"strict-origin-when-cross-origin\" allowfullscreen><\/iframe><\/p>\n<hr \/>\n<p>&nbsp;<\/p>\n<p>&nbsp;<\/p>\n<p>&nbsp;<\/p>\n<p><strong><a class=\"dt-pswp-item\" href=\"https:\/\/www.radiopiu.net\/wordpress\/wp-content\/uploads\/2023\/12\/ANTENNA.png\" data-dt-img-description=\"\" data-large_image_width=\"300\" data-large_image_height=\"166\"><img loading=\"lazy\" decoding=\"async\" class=\"wp-image-366306 alignright\" src=\"https:\/\/www.radiopiu.net\/wordpress\/wp-content\/uploads\/2023\/12\/ANTENNA.png\" alt=\"\" width=\"101\" height=\"56\" \/><\/a><a class=\"dt-pswp-item\" href=\"https:\/\/www.radiopiu.net\/wordpress\/wp-content\/uploads\/2024\/11\/th-17.jpg\" data-dt-img-description=\"\" data-large_image_width=\"224\" data-large_image_height=\"180\"><img loading=\"lazy\" decoding=\"async\" class=\" wp-image-421610 alignleft\" src=\"https:\/\/www.radiopiu.net\/wordpress\/wp-content\/uploads\/2024\/11\/th-17.jpg\" alt=\"\" width=\"167\" height=\"134\" \/><\/a>ogni sera alle 19 le anticipazioni alla radio, quello che poi seguirete nel TELEGIORNALE BELLUNESE\u00a0 in onda alle 19.30 sul CANALE 10 del digitale terrestre.\u00a0\u00a0<\/strong><\/p>\n<p><b>\u00a0\u00a0<\/b><\/p>\n<h1><span style=\"color: #ff0000;\"><strong>LE ANTICIPAZIONI <\/strong><\/span><\/h1>\n<h1><span style=\"color: #ff0000;\"><strong>DI STEFANO BOZZI<\/strong><\/span><\/h1>\n<audio class=\"wp-audio-shortcode\" id=\"audio-439219-6\" preload=\"none\" style=\"width: 100%;\" controls=\"controls\"><source type=\"audio\/mpeg\" src=\"https:\/\/www.radiopiu.net\/wordpress\/wp-content\/uploads\/2025\/03\/ANTENNA3-8.mp3?_=6\" \/><a href=\"https:\/\/www.radiopiu.net\/wordpress\/wp-content\/uploads\/2025\/03\/ANTENNA3-8.mp3\">https:\/\/www.radiopiu.net\/wordpress\/wp-content\/uploads\/2025\/03\/ANTENNA3-8.mp3<\/a><\/audio>\n<p>&nbsp;<\/p>\n<p>&nbsp;<\/p>\n<hr \/>\n<p>&nbsp;<\/p>\n<p>&nbsp;<\/p>\n<blockquote>\n<h3><a class=\"dt-pswp-item\" href=\"https:\/\/www.radiopiu.net\/wordpress\/wp-content\/uploads\/2024\/12\/Logo_SibPAYOFF.jpg\" data-dt-img-description=\"\" data-large_image_width=\"1536\" data-large_image_height=\"391\"><img loading=\"lazy\" decoding=\"async\" class=\"wp-image-426474 alignleft\" src=\"https:\/\/www.radiopiu.net\/wordpress\/wp-content\/uploads\/2024\/12\/Logo_SibPAYOFF-300x76.jpg\" alt=\"\" width=\"162\" height=\"41\" srcset=\"https:\/\/www.radiopiu.net\/wordpress\/wp-content\/uploads\/2024\/12\/Logo_SibPAYOFF-300x76.jpg 300w, https:\/\/www.radiopiu.net\/wordpress\/wp-content\/uploads\/2024\/12\/Logo_SibPAYOFF-1024x261.jpg 1024w, https:\/\/www.radiopiu.net\/wordpress\/wp-content\/uploads\/2024\/12\/Logo_SibPAYOFF-768x196.jpg 768w, https:\/\/www.radiopiu.net\/wordpress\/wp-content\/uploads\/2024\/12\/Logo_SibPAYOFF.jpg 1536w\" sizes=\"auto, (max-width: 162px) 100vw, 162px\" \/><\/a>ACQUA NON POTABILE<\/h3>\n<\/blockquote>\n<p><strong>GOSALDO<\/strong> Nelle localit\u00e0 Curti, Incasal e Le Case l&#8217;acqua erogata dall&#8217;acquedotto non \u00e8 potabile e non pu\u00f2 essere usata per scopi alimentari. Verr\u00e0 effettuato servizio sostitutivo con cisterna in localit\u00e0 Curti.<\/p>\n<p>&nbsp;<\/p>\n<hr \/>\n<p>&nbsp;<\/p>\n<blockquote>\n<h2>IDENTIFICATO E INDAGATO UN 25ENNE PER MOLESTIE SESSUALI SU UN TRENO<\/h2>\n<\/blockquote>\n<p><strong><a class=\"dt-pswp-item\" href=\"https:\/\/www.radiopiu.net\/wordpress\/wp-content\/uploads\/2020\/01\/polfer1.jpg\" data-dt-img-description=\"\" data-large_image_width=\"1599\" data-large_image_height=\"1200\"><img loading=\"lazy\" decoding=\"async\" class=\" wp-image-114124 alignleft\" src=\"https:\/\/www.radiopiu.net\/wordpress\/wp-content\/uploads\/2020\/01\/polfer1-300x225.jpg\" alt=\"\" width=\"224\" height=\"168\" srcset=\"https:\/\/www.radiopiu.net\/wordpress\/wp-content\/uploads\/2020\/01\/polfer1-300x225.jpg 300w, https:\/\/www.radiopiu.net\/wordpress\/wp-content\/uploads\/2020\/01\/polfer1-1024x768.jpg 1024w, https:\/\/www.radiopiu.net\/wordpress\/wp-content\/uploads\/2020\/01\/polfer1-768x576.jpg 768w, https:\/\/www.radiopiu.net\/wordpress\/wp-content\/uploads\/2020\/01\/polfer1-1536x1153.jpg 1536w, https:\/\/www.radiopiu.net\/wordpress\/wp-content\/uploads\/2020\/01\/polfer1.jpg 1599w\" sizes=\"auto, (max-width: 224px) 100vw, 224px\" \/><\/a>CONEGLIANO_BELLUNO <\/strong>Un 25enne \u00e8 stato identificato e denunciato dalla Polizia di Stato, grazie a un\u2019indagine coordinata tra il Posto Polfer di Belluno e quello di Conegliano, per i reati di violenza sessuale e atti osceni in luogo pubblico. L\u2019indagine \u00e8 partita dalla denuncia di alcune giovani ragazze che, nei giorni scorsi, si sono presentate agli uffici Polfer di Belluno raccontando di essere state molestate da un uomo mentre viaggiavano sulla tratta ferroviaria Conegliano-Belluno. Le vittime hanno descritto l\u2019uomo che, durante il viaggio, si \u00e8 avvicinato loro in momenti diversi, compiendo atti di autoerotismo in loro presenza. In un episodio, l\u2019individuo ha anche toccato il fondo schiena di una delle ragazze, che, turbata dall\u2019accaduto, ha prontamente avvertito il capotreno. Altre due ragazze hanno confermato di essere state oggetto delle stesse attenzioni morbose. Approfittando della sosta del treno alla stazione di Ponte nelle Alpi, l\u2019uomo \u00e8 sceso dal convoglio e si \u00e8 allontanato, facendo perdere le sue tracce. Tuttavia, grazie alla descrizione fornita dalle vittime e alle immagini estrapolate dal sistema di videosorveglianza a bordo treno, gli agenti della Polfer sono riusciti a diffondere un frame utile per la ricerca del sospetto. Solo un giorno dopo, grazie a un\u2019attenta attivit\u00e0 investigativa, il 25enne \u00e8 stato rintracciato nello scalo ferroviario di Conegliano. Identificato come il possibile autore delle molestie, \u00e8 stato fermato e accompagnato al Posto Polfer per l\u2019identificazione. Il giovane \u00e8 stato denunciato alla Procura della Repubblica di Belluno per i reati di violenza sessuale e atti osceni. Le indagini proseguono per fare luce su eventuali altri episodi simili.<\/p>\n<p>&nbsp;<\/p>\n<hr \/>\n<p>&nbsp;<\/p>\n<blockquote>\n<p data-start=\"0\" data-end=\"65\"><strong data-start=\"0\" data-end=\"63\">FELTRE: NUOVO FURTO AL NEGOZIO GRBIKE, RUBATE 17 BICICLETTE<\/strong><\/p>\n<\/blockquote>\n<p><strong><a class=\"dt-pswp-item\" href=\"https:\/\/www.radiopiu.net\/wordpress\/wp-content\/uploads\/2025\/03\/images.jpg\" data-dt-img-description=\"\" data-large_image_width=\"259\" data-large_image_height=\"195\"><img loading=\"lazy\" decoding=\"async\" class=\" wp-image-439400 alignleft\" src=\"https:\/\/www.radiopiu.net\/wordpress\/wp-content\/uploads\/2025\/03\/images.jpg\" alt=\"\" width=\"224\" height=\"169\" \/><\/a>FELTRE<\/strong><\/p>\n<p data-start=\"67\" data-end=\"257\">Nella notte tra domenica e luned\u00ec, ignoti hanno scassinato l\u2019ingresso del negozio GrBike di Feltre, portando via 17 biciclette, tra elettriche e tradizionali. Il danno economico \u00e8 ingente.L\u2019attivit\u00e0, gi\u00e0 colpita in passato, si era trasferita in viale Pedavena per maggiore sicurezza, ma il problema persiste. Il titolare ha denunciato il furto ai carabinieri, che indagano su un possibile giro di ricettazione.Non \u00e8 il primo episodio: nel 2023 furono sottratte 15 bici per 100mila euro. Cresce l\u2019allarme per furti seriali nel settore.<\/p>\n<p>&nbsp;<\/p>\n<hr \/>\n<blockquote>\n<h2 data-start=\"1576\" data-end=\"1766\">SUL DIPINTO DI ANTONIO SOLARIO: RISERVATEZZA DA PARTE DELL&#8217;AMMINISTRAZIONE COMUNALE<\/h2>\n<\/blockquote>\n<p><img loading=\"lazy\" decoding=\"async\" class=\"alignleft\" src=\"https:\/\/www.radiopiu.net\/wordpress\/wp-content\/uploads\/2025\/03\/Immagine-2025-03-12-150948.png\" width=\"172\" height=\"196\" \/><\/p>\n<p><strong>BELLUNO <\/strong>Il 10 marzo 2025, il quotidiano britannico <em data-start=\"132\" data-end=\"146\">The Guardian<\/em> ha riportato una notizia riguardante un dipinto di Antonio Solario, raffigurante la Madonna con il Bambino, trafugato dal Museo Civico di Belluno nel 1973. L&#8217;opera, attualmente in possesso della signora Barbara De Dozsa, residente nel Regno Unito, \u00e8 stata al centro di un ampio dibattito, con la notizia ripresa da varie testate giornalistiche italiane ed estere. L&#8217;Amministrazione comunale di Belluno ha preso atto della complessa vicenda e sta collaborando da tempo con le autorit\u00e0 italiane competenti per riportare il prezioso dipinto in citt\u00e0. Donato alla comunit\u00e0 nel 1872, l&#8217;opera era una delle prime ad essere esposta nel Museo Civico di Belluno, inaugurato nel 1876. A causa della delicatezza della situazione, l&#8217;Amministrazione comunale sottolinea l&#8217;importanza di mantenere la massima riservatezza, per non ostacolare le azioni legali in corso e le trattative con le istituzioni coinvolte. Questo atteggiamento riflette il desiderio di gestire la questione con discrezione, nella speranza di risolverla nel miglior interesse della citt\u00e0 e del suo patrimonio artistico.<\/p>\n<p>&nbsp;<\/p>\n<hr \/>\n<p>&nbsp;<\/p>\n<blockquote>\n<h3>BLITZ DELLA FINANZA NEGLI UFFICI POSTALI: SOTTO ACCUSA RITARDI E DISSERVIZI<\/h3>\n<\/blockquote>\n<p><img loading=\"lazy\" decoding=\"async\" class=\"alignleft\" src=\"https:\/\/www.radiopiu.net\/wordpress\/wp-content\/uploads\/2024\/07\/Poste-Italiane-BL-Ufficio-Postale-Caviola-Polis-apertura-8-luglio-2024-1.jpeg\" width=\"271\" height=\"203\" \/><strong>BELLUNO<\/strong> Continuano le ispezioni della Guardia di Finanza e dell&#8217;Agcom negli uffici postali di Belluno per indagare sui ritardi e le mancate consegne della corrispondenza. Dopo l\u2019intervento a Santo Stefano, ieri \u00e8 toccato allo sportello centrale di piazza Castello. L\u2019operazione \u00e8 nata dalle numerose denunce di sindacati e amministrazioni locali. Gli ispettori hanno analizzato documenti e ascoltato il personale, in un clima gi\u00e0 teso a causa della carenza di dirigenti. Secondo Adriano Musolino della Slc Cgil, i controlli stanno portando alla luce criticit\u00e0 strutturali, tra cui le giacenze di lettere e problemi legati alla toponomastica, come evidenziato dal sindaco di Alpago. I disagi colpiscono sia i lavoratori postali che l\u2019utenza, con lettere consegnate in forte ritardo o mai recapitate. Il sindacato denuncia il modello organizzativo di Poste Italiane e auspica che queste ispezioni spingano l\u2019azienda a migliorare il servizio e le condizioni di lavoro del personale.<\/p>\n<p>&nbsp;<\/p>\n<p>&nbsp;<\/p>\n<hr \/>\n<p>&nbsp;<\/p>\n<blockquote>\n<h3>DOLOMITI E COLLINE DEL PROSECCO: COSA ATTIRA I TURISTI NELLA RICERCA DELLA CAMERA DI COMMERCIO DI TREVISO-BELLUNO<\/h3>\n<\/blockquote>\n<p><strong><a class=\"dt-pswp-item\" href=\"https:\/\/www.radiopiu.net\/wordpress\/wp-content\/uploads\/2025\/03\/7856f6bb-13a3-4721-a7e0-330a7abda66e-scaled.jpg\" data-dt-img-description=\"\" data-large_image_width=\"2560\" data-large_image_height=\"1920\"><img loading=\"lazy\" decoding=\"async\" class=\" wp-image-439342 alignleft\" src=\"https:\/\/www.radiopiu.net\/wordpress\/wp-content\/uploads\/2025\/03\/7856f6bb-13a3-4721-a7e0-330a7abda66e-300x225.jpg\" alt=\"\" width=\"179\" height=\"134\" srcset=\"https:\/\/www.radiopiu.net\/wordpress\/wp-content\/uploads\/2025\/03\/7856f6bb-13a3-4721-a7e0-330a7abda66e-300x225.jpg 300w, https:\/\/www.radiopiu.net\/wordpress\/wp-content\/uploads\/2025\/03\/7856f6bb-13a3-4721-a7e0-330a7abda66e-1024x768.jpg 1024w, https:\/\/www.radiopiu.net\/wordpress\/wp-content\/uploads\/2025\/03\/7856f6bb-13a3-4721-a7e0-330a7abda66e-768x576.jpg 768w, https:\/\/www.radiopiu.net\/wordpress\/wp-content\/uploads\/2025\/03\/7856f6bb-13a3-4721-a7e0-330a7abda66e-1536x1152.jpg 1536w, https:\/\/www.radiopiu.net\/wordpress\/wp-content\/uploads\/2025\/03\/7856f6bb-13a3-4721-a7e0-330a7abda66e-2048x1536.jpg 2048w\" sizes=\"auto, (max-width: 179px) 100vw, 179px\" \/><\/a>TREVISO<\/strong> Dolomiti e Colline del Prosecco, due \u201cmarchi\u201d conosciuti in tutto il mondo: cosa attira qui i turisti e come crescere ancora? La risposta in una ricerca della Camera di Commercio di Treviso \u2013 Belluno Dolomiti.<\/p>\n<p><strong>DI DANIELE DALVIT<\/strong><\/p>\n<audio class=\"wp-audio-shortcode\" id=\"audio-439219-7\" preload=\"none\" style=\"width: 100%;\" controls=\"controls\"><source type=\"audio\/mpeg\" src=\"https:\/\/www.radiopiu.net\/wordpress\/wp-content\/uploads\/2025\/03\/Servizio-Marchi-turistici-Cison-Camera-Commercio.mp3?_=7\" \/><a href=\"https:\/\/www.radiopiu.net\/wordpress\/wp-content\/uploads\/2025\/03\/Servizio-Marchi-turistici-Cison-Camera-Commercio.mp3\">https:\/\/www.radiopiu.net\/wordpress\/wp-content\/uploads\/2025\/03\/Servizio-Marchi-turistici-Cison-Camera-Commercio.mp3<\/a><\/audio>\n<p>&nbsp;<\/p>\n<hr \/>\n<p>&nbsp;<\/p>\n<blockquote>\n<h3>IL FUTURO DELLA RETE AUTOSTRADALE VENETA: LA POSIZIONE DELLA FILT CGIL<\/h3>\n<\/blockquote>\n<p><strong><a class=\"dt-pswp-item\" href=\"https:\/\/www.radiopiu.net\/wordpress\/wp-content\/uploads\/2019\/02\/558x312xcasello-autostrada-A27-dolomiti.jpg.pagespeed.ic_.AUYLIYSelj.jpg\" data-dt-img-description=\"\" data-large_image_width=\"558\" data-large_image_height=\"312\"><img loading=\"lazy\" decoding=\"async\" class=\"wp-image-75528 alignleft\" src=\"https:\/\/www.radiopiu.net\/wordpress\/wp-content\/uploads\/2019\/02\/558x312xcasello-autostrada-A27-dolomiti.jpg.pagespeed.ic_.AUYLIYSelj-300x168.jpg\" alt=\"\" width=\"184\" height=\"103\" srcset=\"https:\/\/www.radiopiu.net\/wordpress\/wp-content\/uploads\/2019\/02\/558x312xcasello-autostrada-A27-dolomiti.jpg.pagespeed.ic_.AUYLIYSelj-300x168.jpg 300w, https:\/\/www.radiopiu.net\/wordpress\/wp-content\/uploads\/2019\/02\/558x312xcasello-autostrada-A27-dolomiti.jpg.pagespeed.ic_.AUYLIYSelj.jpg 558w\" sizes=\"auto, (max-width: 184px) 100vw, 184px\" \/><\/a>VENEZIA<\/strong> Il futuro della rete autostradale veneta \u00e8 un tema centrale per la Filt Cgil Veneto, che invita a una pianificazione complessiva oltre le singole concessioni in scadenza. Durante un convegno, il segretario Alessandro Piras ha ribadito l&#8217;importanza di un&#8217;infrastruttura efficace per cittadini, lavoratori e imprese. Ha apprezzato l&#8217;intervento del Presidente Zaia, che riconosce il ruolo pubblico nel garantire l&#8217;interesse collettivo. Critica invece la competizione tra tratte basata solo su traffico e profitti, senza considerare l&#8217;impatto strategico. Alessandra Fontana sottolinea il valore della Pedemontana per il trasporto pesante e la necessit\u00e0 di interventi sulla A22 e A27. Il Veneto, unica regione del Nord senza un proprio valico, potrebbe beneficiare di un prolungamento autostradale a nord. La Filt Cgil auspica che il rinnovo delle concessioni includa questa discussione, evitando progetti inutili e dannosi. Il sindacato chiede un tavolo di confronto con tutte le parti coinvolte e, se la Regione non agir\u00e0, si far\u00e0 promotore del dibattito per il futuro economico del territorio.<\/p>\n<p>&nbsp;<\/p>\n<hr \/>\n<p>&nbsp;<\/p>\n<p><strong>OGGI LA GIUDIZIARIA<\/strong><br \/>\n<strong>DAL CORRIERE DELLE ALPI<\/strong><br \/>\n<strong>SINTESI, GIGI SOSSO<\/strong><\/p>\n<blockquote>\n<h2 data-start=\"0\" data-end=\"59\"><strong data-start=\"0\" data-end=\"57\">PADRE A PROCESSO PER MALTRATTAMENTI A MOGLIE E FIGLIO<\/strong><\/h2>\n<\/blockquote>\n<p data-start=\"61\" data-end=\"366\"><strong>PEDAVENA<\/strong> Un uomo\u00a0 \u00e8 a processo per presunti maltrattamenti alla moglie e al figlio di 10 anni, reati aggravati dalla presenza del minore. La donna, assistita dall\u2019avvocato Nadia Forlin, si \u00e8 costituita parte civile. <a class=\"dt-pswp-item\" href=\"https:\/\/www.radiopiu.net\/wordpress\/wp-content\/uploads\/2025\/03\/domestic-violence-7669890_1280.png\" data-dt-img-description=\"\" data-large_image_width=\"1280\" data-large_image_height=\"1280\"><img loading=\"lazy\" decoding=\"async\" class=\" wp-image-439406 alignleft\" src=\"https:\/\/www.radiopiu.net\/wordpress\/wp-content\/uploads\/2025\/03\/domestic-violence-7669890_1280-300x300.png\" alt=\"\" width=\"222\" height=\"222\" srcset=\"https:\/\/www.radiopiu.net\/wordpress\/wp-content\/uploads\/2025\/03\/domestic-violence-7669890_1280-300x300.png 300w, https:\/\/www.radiopiu.net\/wordpress\/wp-content\/uploads\/2025\/03\/domestic-violence-7669890_1280-1024x1024.png 1024w, https:\/\/www.radiopiu.net\/wordpress\/wp-content\/uploads\/2025\/03\/domestic-violence-7669890_1280-150x150.png 150w, https:\/\/www.radiopiu.net\/wordpress\/wp-content\/uploads\/2025\/03\/domestic-violence-7669890_1280-768x768.png 768w, https:\/\/www.radiopiu.net\/wordpress\/wp-content\/uploads\/2025\/03\/domestic-violence-7669890_1280.png 1280w\" sizes=\"auto, (max-width: 222px) 100vw, 222px\" \/><\/a>L\u2019imputato, che avrebbe usato violenza e minacce, ha scelto il dibattimento pubblico. Il processo, aperto ieri, riprender\u00e0 il 26 novembre con i primi testimoni. Il bambino non deporr\u00e0, avendo gi\u00e0 rilasciato dichiarazioni.<\/p>\n<blockquote>\n<h2 data-start=\"0\" data-end=\"52\">MOLESTIE SESSUALI A CORTINA: EX COLLEGA A PROCESSO<\/h2>\n<\/blockquote>\n<p data-start=\"54\" data-end=\"340\"><strong>CORTINA <\/strong>Una donna ha denunciato due ore di molestie da parte di un ex collega in un bar di Cortina e lungo le vie del centro, nella notte tra il 14 e il 15 luglio 2022. Ripresi dalle telecamere, i fatti sono stati confermati dalla vittima in tribunale: \u00ab<em>Mi sentivo come una bambola di pezza<\/em>\u00bb. L\u2019uomo, dopo aver bevuto, l\u2019avrebbe toccata pi\u00f9 volte nonostante i suoi rifiuti. Solo minacciandolo, lei \u00e8 riuscita a sottrarsi. La madre della vittima testimonier\u00e0 il 10 settembre.<\/p>\n<p>&nbsp;<\/p>\n<hr \/>\n<p>&nbsp;<\/p>\n<blockquote>\n<h3>TORNANO LE GIORNATE FAI DI PRIMAVERA<\/h3>\n<\/blockquote>\n<p><strong><a class=\"dt-pswp-item\" href=\"https:\/\/www.radiopiu.net\/wordpress\/wp-content\/uploads\/2023\/05\/FAI-BELLUNO.png\" data-dt-img-description=\"\" data-large_image_width=\"244\" data-large_image_height=\"122\"><img loading=\"lazy\" decoding=\"async\" class=\" wp-image-333946 alignleft\" src=\"https:\/\/www.radiopiu.net\/wordpress\/wp-content\/uploads\/2023\/05\/FAI-BELLUNO.png\" alt=\"\" width=\"178\" height=\"89\" \/><\/a>BELLUNO <\/strong>Le Giornate FAI di Primavera tornano il 22 e 23 marzo 2025 per celebrare il patrimonio italiano. Per il 50\u00b0 anniversario del FAI, saranno aperti 750 luoghi in 400 citt\u00e0, con accesso tramite contributo libero. A Belluno si potranno visitare cinque siti di grande valore storico e culturale. Il Palazzo dei Vescovi, situato in Piazza Duomo, rivela strutture medievali e romane emerse da recenti restauri. Il Palazzo Bolzanio Coraulo, nel quartiere di Santa Croce, aprir\u00e0 eccezionalmente il secondo piano con una mostra di cappelli storici. La Chiesa di San Giorgio a Sovramonte ospita affreschi del XIV e XV secolo e offre un percorso storico sulla peste del 1631. Il Borgo di Zorzoi e il Palazzetto Valle, risalente al 1602, mostrano influenze artistiche venete e tedesche. Infine, la Pieve di Servo, Chiesa di Santa Maria Assunta, conserva affreschi dal XIV al XVI secolo e un campanile gotico del XV secolo, recentemente restaurato. Le visite si svolgeranno su turni con prenotazione consigliata. L&#8217;evento prevede un contributo libero da 3 euro, con accesso prioritario per gli iscritti FAI. Per informazioni e prenotazioni: <a href=\"http:\/\/www.giornatefai.it\" target=\"_new\" rel=\"noopener\" data-start=\"1158\" data-end=\"1176\">www.giornatefai.it<\/a><\/p>\n<p>&nbsp;<\/p>\n<p>&nbsp;<\/p>\n<hr \/>\n<p>&nbsp;<\/p>\n<blockquote>\n<p data-start=\"0\" data-end=\"74\"><strong data-start=\"0\" data-end=\"72\">AGORDO, UNA PANCHINA PER RIFLETTERE SULLA VIOLENZA CONTRO GLI OPERATORI SANITARI<br \/>\n<\/strong><\/p>\n<\/blockquote>\n<p data-start=\"88\" data-end=\"471\"><strong><a class=\"dt-pswp-item\" href=\"https:\/\/www.radiopiu.net\/wordpress\/wp-content\/uploads\/2025\/03\/14a39240-bd37-46cf-a177-c06d44b9b12a.jpg\" data-dt-img-description=\"\" data-large_image_width=\"1600\" data-large_image_height=\"900\"><img loading=\"lazy\" decoding=\"async\" class=\" wp-image-439273 alignleft\" src=\"https:\/\/www.radiopiu.net\/wordpress\/wp-content\/uploads\/2025\/03\/14a39240-bd37-46cf-a177-c06d44b9b12a-300x169.jpg\" alt=\"\" width=\"289\" height=\"163\" srcset=\"https:\/\/www.radiopiu.net\/wordpress\/wp-content\/uploads\/2025\/03\/14a39240-bd37-46cf-a177-c06d44b9b12a-300x169.jpg 300w, https:\/\/www.radiopiu.net\/wordpress\/wp-content\/uploads\/2025\/03\/14a39240-bd37-46cf-a177-c06d44b9b12a-1024x576.jpg 1024w, https:\/\/www.radiopiu.net\/wordpress\/wp-content\/uploads\/2025\/03\/14a39240-bd37-46cf-a177-c06d44b9b12a-768x432.jpg 768w, https:\/\/www.radiopiu.net\/wordpress\/wp-content\/uploads\/2025\/03\/14a39240-bd37-46cf-a177-c06d44b9b12a-1536x864.jpg 1536w, https:\/\/www.radiopiu.net\/wordpress\/wp-content\/uploads\/2025\/03\/14a39240-bd37-46cf-a177-c06d44b9b12a.jpg 1600w\" sizes=\"auto, (max-width: 289px) 100vw, 289px\" \/><\/a>AGORDO<\/strong> Ieri, davanti all\u2019Ospedale Papa Luciani di Agordo \u00e8 stato allestito un punto di riflessione dedicato alla tutela del personale sanitario e socio-sanitario. L\u2019iniziativa, simbolizzata da una panchina con la divisa del Suem 118, vuole sensibilizzare la cittadinanza sul tema della violenza nei confronti di chi ogni giorno si prende cura dei pazienti. L\u2019evento si inserisce nella Giornata Nazionale di Educazione e Prevenzione contro la violenza nei confronti degli operatori sanitari e socio-sanitari, che si celebra il 12 marzo. Il messaggio \u00e8 chiaro e diretto: <em data-start=\"685\" data-end=\"737\">\u201cSe aggredisci chi ti cura\u2026 chi ti curer\u00e0 domani?\u201d<\/em>. Un monito importante in un periodo in cui episodi di aggressione ai danni di medici, infermieri e soccorritori sono sempre pi\u00f9 frequenti. L\u2019iniziativa vuole essere un momento di consapevolezza e di riconoscenza verso chi ogni giorno opera con professionalit\u00e0 e dedizione al servizio della comunit\u00e0.<\/p>\n<h1 class=\"_title post-title entry-title\"><a class=\"dt-pswp-item\" href=\"https:\/\/www.radiopiu.net\/wordpress\/wp-content\/uploads\/2023\/12\/ANTENNA.png\" data-dt-img-description=\"\" data-large_image_width=\"300\" data-large_image_height=\"166\"><img loading=\"lazy\" decoding=\"async\" class=\"wp-image-366306 alignleft\" src=\"https:\/\/www.radiopiu.net\/wordpress\/wp-content\/uploads\/2023\/12\/ANTENNA.png\" alt=\"\" width=\"195\" height=\"108\" \/><\/a>VENEZIA | AGGRESSIONI IN OSPEDALE: BODY-CAM E SMARTWATCH AL PERSONALE SANITARIO<\/h1>\n<p data-start=\"88\" data-end=\"471\">\u00a0Intervistati LUCA ZAIA (PRESIDENTE REGIONE VENETO), MAURO FILIPPI (DIRETTORE GENERALE ULSS4 VENETO ORIENTALE) (Servizio di\u00a0<a href=\"https:\/\/antennatre.medianordest.it\/redazione\/Filippo-Fois\/\">Filippo Fois<\/a>)<\/p>\n<p><iframe loading=\"lazy\" title=\"AGGRESSIONI IN OSPEDALE: BODY-CAM E SMARTWATCH AL PERSONALE SANITARIO | 12\/03\/2025\" width=\"1200\" height=\"675\" src=\"https:\/\/www.youtube.com\/embed\/8j3O329BigI?feature=oembed\" frameborder=\"0\" allow=\"accelerometer; autoplay; clipboard-write; encrypted-media; gyroscope; picture-in-picture; web-share\" referrerpolicy=\"strict-origin-when-cross-origin\" allowfullscreen><\/iframe><\/p>\n<p>&nbsp;<\/p>\n<hr \/>\n<p>&nbsp;<\/p>\n<blockquote>\n<h3>ISTITUT CULTURAL LADIN: LA NUOVA FONDAZIONE E LE POLEMICHE SU ROCCA PIETORE<\/h3>\n<article class=\"w-full text-token-text-primary focus-visible:outline-2 focus-visible:outline-offset-[-4px]\" dir=\"auto\" data-testid=\"conversation-turn-35\" data-scroll-anchor=\"true\">\n<div class=\"text-base my-auto mx-auto py-[18px] px-6\">\n<div class=\"mx-auto flex flex-1 text-base gap-4 md:gap-5 lg:gap-6 md:max-w-3xl\">\n<div class=\"group\/conversation-turn relative flex w-full min-w-0 flex-col agent-turn @xs\/thread:px-0 @sm\/thread:px-1.5 @md\/thread:px-4\">\n<div class=\"flex-col gap-1 md:gap-3\">\n<div class=\"flex max-w-full flex-col flex-grow\">\n<div class=\"min-h-8 text-message relative flex w-full flex-col items-end gap-2 whitespace-normal break-words text-start [.text-message+&amp;]:mt-5\" dir=\"auto\" data-message-author-role=\"assistant\" data-message-id=\"9d09c767-c488-45b4-b0e8-a2f02287bc7b\" data-message-model-slug=\"gpt-4o\">\n<div class=\"flex w-full flex-col gap-1 empty:hidden first:pt-[3px]\">\n<div class=\"markdown prose w-full break-words dark:prose-invert dark\">\n<p data-start=\"71\" data-end=\"741\" data-is-last-node=\"\" data-is-only-node=\"\"><img loading=\"lazy\" decoding=\"async\" class=\"\" src=\"https:\/\/www.radiopiu.net\/wordpress\/wp-content\/uploads\/2025\/03\/Immagine-2025-03-12-173715.png\" width=\"418\" height=\"132\" \/><\/p>\n<\/div>\n<\/div>\n<\/div>\n<\/div>\n<\/div>\n<\/div>\n<\/div>\n<\/div>\n<\/article>\n<\/blockquote>\n<article class=\"w-full text-token-text-primary focus-visible:outline-2 focus-visible:outline-offset-[-4px]\" dir=\"auto\" data-testid=\"conversation-turn-35\" data-scroll-anchor=\"true\">\n<div class=\"text-base my-auto mx-auto py-[18px] px-6\">\n<div class=\"mx-auto flex flex-1 text-base gap-4 md:gap-5 lg:gap-6 md:max-w-3xl\">\n<div class=\"group\/conversation-turn relative flex w-full min-w-0 flex-col agent-turn @xs\/thread:px-0 @sm\/thread:px-1.5 @md\/thread:px-4\">\n<div class=\"flex-col gap-1 md:gap-3\">\n<div class=\"flex max-w-full flex-col flex-grow\">\n<div class=\"min-h-8 text-message relative flex w-full flex-col items-end gap-2 whitespace-normal break-words text-start [.text-message+&amp;]:mt-5\" dir=\"auto\" data-message-author-role=\"assistant\" data-message-id=\"9d09c767-c488-45b4-b0e8-a2f02287bc7b\" data-message-model-slug=\"gpt-4o\">\n<div class=\"flex w-full flex-col gap-1 empty:hidden first:pt-[3px]\">\n<div class=\"markdown prose w-full break-words dark:prose-invert dark\">\n<p data-start=\"71\" data-end=\"741\" data-is-last-node=\"\" data-is-only-node=\"\">La trasformazione dell&#8217;Istitut Cultural Ladin in Fondazione ha scatenato polemiche, con il Comune di Rocca Pietore escluso dall\u2019assemblea per il mancato pagamento della quota associativa. Il Presidente dell&#8217;Istitut difende la scelta, sostenendo che il Comune non aveva diritto di voto secondo lo statuto. Il Sindaco di Rocca Pietore accusa invece una volont\u00e0 politica di esclusione e chiede maggiore rappresentanza per la sua comunit\u00e0. La questione ha riacceso il dibattito sull\u2019identit\u00e0 e la governance ladina. Mentre l\u2019Istitut ribadisce la propria coerenza storica, il Comune chiede un confronto pi\u00f9 inclusivo. Il dibattito resta aperto, con possibili sviluppi futuri.<\/p>\n<\/div>\n<\/div>\n<\/div>\n<\/div>\n<\/div>\n<\/div>\n<\/div>\n<\/div>\n<\/article>\n<blockquote>\n<article class=\"w-full text-token-text-primary focus-visible:outline-2 focus-visible:outline-offset-[-4px]\" dir=\"auto\" data-testid=\"conversation-turn-35\" data-scroll-anchor=\"true\">\n<div class=\"text-base my-auto mx-auto py-[18px] px-6\">\n<div class=\"mx-auto flex flex-1 text-base gap-4 md:gap-5 lg:gap-6 md:max-w-3xl\">\n<div class=\"group\/conversation-turn relative flex w-full min-w-0 flex-col agent-turn @xs\/thread:px-0 @sm\/thread:px-1.5 @md\/thread:px-4\">\n<div class=\"flex-col gap-1 md:gap-3\">\n<div class=\"mb-2 flex gap-3 -ml-2\" tabindex=\"0\">\n<div class=\"flex items-center justify-start rounded-xl p-1\">\n<div class=\"flex items-center\">\n<p><button class=\"rounded-lg text-token-text-secondary hover:bg-token-main-surface-secondary\" aria-label=\"Copia\" data-testid=\"copy-turn-action-button\">PUBBLICHIAMO IL DOCUMENTO INTEGRALE DELLA PRESIDENTE\u00a0 ELSA ZARDINI<\/button><\/p>\n<p>LA LETTERA DALL&#8217;ISTITUT CULTURAL LADIN CESA DE JAN<\/p>\n<hr \/>\n<\/div>\n<\/div>\n<\/div>\n<div class=\"mt-3 w-full empty:hidden\">\n<div><\/div>\n<div class=\"text-center\">DOCUMENTO IN 7 PAGINE<\/div>\n<\/div>\n<\/div>\n<div class=\"absolute\">\n<div class=\"flex items-center justify-center\"><\/div>\n<\/div>\n<\/div>\n<\/div>\n<\/div>\n<\/article>\n<div class=\"pointer-events-none h-px w-px\" aria-hidden=\"true\" data-edge=\"true\"><a href=\"https:\/\/www.radiopiu.net\/wordpress\/wp-content\/uploads\/2025\/03\/Lettera-Istitut-Cultural-Ladin-Cesa-de-Jan_Ita-Lad.pdf\" class=\"pdfemb-viewer\" style=\"\" data-width=\"max\" data-height=\"max\" data-toolbar=\"top\" data-toolbar-fixed=\"on\">Lettera Istitut Cultural Ladin Cesa de Jan_Ita-Lad<\/a><\/div>\n<div aria-hidden=\"true\" data-edge=\"true\"><\/div>\n<div aria-hidden=\"true\" data-edge=\"true\"><\/div>\n<\/blockquote>\n<hr \/>\n<blockquote>\n<h2 data-start=\"742\" data-end=\"1040\"><\/h2>\n<h2 data-start=\"742\" data-end=\"1040\">LACEDEL-SOCREPES, APPROVATA LA NUOVA CABINOVIA A DIECI POSTI<\/h2>\n<\/blockquote>\n<p data-start=\"742\" data-end=\"1040\" data-is-last-node=\"\" data-is-only-node=\"\"><img decoding=\"async\" class=\"alignleft\" src=\"https:\/\/www.radiopiu.net\/wordpress\/wp-content\/uploads\/2025\/03\/Immagine-2025-03-12-115131.png\" \/><strong>BELLUNO\u00a0<\/strong> Via libera alla nuova cabinovia Lacedel-Socrepes a Cortina: la Provincia di Belluno ha approvato il progetto, segnando un passo avanti per la mobilit\u00e0 sostenibile in montagna. <em>\u00abIn appena tredici mesi la pratica \u00e8 stata analizzata ed evasa, con tempi decisamente rapidi\u00bb <\/em>ha dichiarato Marzio Sovilla, consigliere provinciale delegato agli impianti a fune. L\u2019impianto andr\u00e0 a sostituire le funivie \u201cGilardon-Roncato\u201d e \u201cRoncato-Socrepes\u201d, sar\u00e0 una cabinovia moderna a dieci posti, servendo le piste da discesa Sanzan, Socrepes, Collegamento Pocol-Socrepes, Roncato e Redonc\u00e8. La concessione della linea sar\u00e0 affidata alla societ\u00e0 Ista fino al 2048, con l\u2019obbligo di demolire le vecchie infrastrutture.<\/p>\n<p>&nbsp;<\/p>\n<p>&nbsp;<\/p>\n<hr \/>\n<p>&nbsp;<\/p>\n<blockquote>\n<h3>CALLIGARO: &#8220;NON ABBIAMO BISOGNO DELL&#8217;AMMINISTRATORE DI SOSTEGNO&#8230;&#8221;<\/h3>\n<\/blockquote>\n<div class=\"flex max-w-full flex-col flex-grow\">\n<div class=\"min-h-8 text-message relative flex w-full flex-col items-end gap-2 whitespace-normal break-words text-start [.text-message+&amp;]:mt-5\" dir=\"auto\" data-message-author-role=\"assistant\" data-message-id=\"4d7c1918-1b0f-4d69-9806-07bb013275aa\" data-message-model-slug=\"gpt-4o-mini\">\n<div class=\"flex w-full flex-col gap-1 empty:hidden first:pt-[3px]\">\n<div class=\"markdown prose w-full break-words dark:prose-invert dark\">\n<p data-start=\"165\" data-end=\"1013\" data-is-last-node=\"\" data-is-only-node=\"\"><strong>COMELICO<\/strong><\/p>\n<p data-start=\"165\" data-end=\"1013\" data-is-last-node=\"\" data-is-only-node=\"\">La vice presidente della Provincia di Belluno, Silvia Calligaro, interviene sul ricorso al Tar delle associazioni ambientaliste contro il collegamento sciistico Comelico-Pusteria, sottolineando l&#8217;importanza di promuovere lo <a class=\"dt-pswp-item\" href=\"https:\/\/www.radiopiu.net\/wordpress\/wp-content\/uploads\/2024\/02\/SILVIA-CALLIGARO.jpg\" data-dt-img-description=\"\" data-large_image_width=\"2560\" data-large_image_height=\"1341\"><img loading=\"lazy\" decoding=\"async\" class=\"wp-image-376702 alignleft\" src=\"https:\/\/www.radiopiu.net\/wordpress\/wp-content\/uploads\/2024\/02\/SILVIA-CALLIGARO-300x157.jpg\" alt=\"\" width=\"210\" height=\"110\" srcset=\"https:\/\/www.radiopiu.net\/wordpress\/wp-content\/uploads\/2024\/02\/SILVIA-CALLIGARO-300x157.jpg 300w, https:\/\/www.radiopiu.net\/wordpress\/wp-content\/uploads\/2024\/02\/SILVIA-CALLIGARO-1024x536.jpg 1024w, https:\/\/www.radiopiu.net\/wordpress\/wp-content\/uploads\/2024\/02\/SILVIA-CALLIGARO-768x402.jpg 768w, https:\/\/www.radiopiu.net\/wordpress\/wp-content\/uploads\/2024\/02\/SILVIA-CALLIGARO-1536x805.jpg 1536w, https:\/\/www.radiopiu.net\/wordpress\/wp-content\/uploads\/2024\/02\/SILVIA-CALLIGARO-2048x1073.jpg 2048w\" sizes=\"auto, (max-width: 210px) 100vw, 210px\" \/><\/a>sviluppo economico nelle terre alte. La vice presidente ribadisce che le decisioni devono essere prese da chi vive e conosce il territorio, non da chi lo considera solo come una destinazione turistica.<\/p>\n<\/div>\n<\/div>\n<\/div>\n<\/div>\n<p data-start=\"165\" data-end=\"1013\" data-is-last-node=\"\" data-is-only-node=\"\"><strong>AUDIO_CONSIGLIERE PROVINCIALE SILVIA CALLIGARO<\/strong><\/p>\n<audio class=\"wp-audio-shortcode\" id=\"audio-439219-8\" preload=\"none\" style=\"width: 100%;\" controls=\"controls\"><source type=\"audio\/mpeg\" src=\"https:\/\/www.radiopiu.net\/wordpress\/wp-content\/uploads\/2025\/03\/calligaro.mp3?_=8\" \/><a href=\"https:\/\/www.radiopiu.net\/wordpress\/wp-content\/uploads\/2025\/03\/calligaro.mp3\">https:\/\/www.radiopiu.net\/wordpress\/wp-content\/uploads\/2025\/03\/calligaro.mp3<\/a><\/audio>\n<div class=\"mb-2 flex gap-3 -ml-2\" tabindex=\"0\">\n<div class=\"flex items-center justify-start rounded-xl p-1 z-10 -mt-1 bg-token-main-surface-primary md:absolute\">\n<div class=\"flex items-center\">\n<div class=\"flex items-center pb-0\"><\/div>\n<div><\/div>\n<div>\n<hr \/>\n<\/div>\n<div><\/div>\n<div><\/div>\n<div>\n<blockquote>\n<p data-start=\"0\" data-end=\"82\"><strong data-start=\"0\" data-end=\"82\">PIANO DEL VERDE: AFFIDATO L\u2019INCARICO PER IL CENSIMENTO E REGOLAMENTO DEL VERDE<\/strong><\/p>\n<\/blockquote>\n<p data-start=\"84\" data-end=\"732\" data-is-last-node=\"\" data-is-only-node=\"\"><strong><a href=\"https:\/\/www.radiopiu.net\/wordpress\/wp-content\/uploads\/2025\/03\/senior-citizens-6708023_640.webp\"><img loading=\"lazy\" decoding=\"async\" class=\" wp-image-439410 alignleft\" src=\"https:\/\/www.radiopiu.net\/wordpress\/wp-content\/uploads\/2025\/03\/senior-citizens-6708023_640-300x200.webp\" alt=\"\" width=\"203\" height=\"135\" srcset=\"https:\/\/www.radiopiu.net\/wordpress\/wp-content\/uploads\/2025\/03\/senior-citizens-6708023_640-300x200.webp 300w, https:\/\/www.radiopiu.net\/wordpress\/wp-content\/uploads\/2025\/03\/senior-citizens-6708023_640.webp 640w\" sizes=\"auto, (max-width: 203px) 100vw, 203px\" \/><\/a>BELLUNO<\/strong> \u00c8 stato affidato al dottore forestale Marco Coden l\u2019incarico per la redazione del censimento e del regolamento del verde, un passo fondamentale per la gestione sostenibile del patrimonio arboreo. Il progetto prevede una spesa di 59.315 euro e permetter\u00e0 la creazione di una banca dati per la pianificazione e manutenzione delle aree verdi, sia pubbliche che private. L\u2019assessore Lorenza De Kunovich sottolinea l\u2019importanza di questo lavoro per migliorare la qualit\u00e0 della vita, la sicurezza delle alberature e la resilienza ai cambiamenti climatici. Il censimento terminer\u00e0 entro l\u2019autunno, mentre il regolamento sar\u00e0 pronto entro la fine del 2025.<\/p>\n<hr \/>\n<blockquote>\n<p data-start=\"0\" data-end=\"49\"><strong data-start=\"0\" data-end=\"49\">\u00a0<\/strong><\/p>\n<p data-start=\"0\" data-end=\"49\"><strong data-start=\"0\" data-end=\"49\">CERIMONIA COMMEMORATIVA IN PIAZZA DEI MARTIRI<\/strong><\/p>\n<\/blockquote>\n<p data-start=\"51\" data-end=\"549\" data-is-last-node=\"\" data-is-only-node=\"\"><strong><a class=\"dt-pswp-item\" href=\"https:\/\/www.radiopiu.net\/wordpress\/wp-content\/uploads\/2025\/03\/download-7.jpg\" data-dt-img-description=\"\" data-large_image_width=\"259\" data-large_image_height=\"194\"><img loading=\"lazy\" decoding=\"async\" class=\" wp-image-439409 alignleft\" src=\"https:\/\/www.radiopiu.net\/wordpress\/wp-content\/uploads\/2025\/03\/download-7.jpg\" alt=\"\" width=\"158\" height=\"118\" \/><\/a><\/strong><\/p>\n<p data-start=\"51\" data-end=\"549\" data-is-last-node=\"\" data-is-only-node=\"\"><strong>BELLUNO<\/strong> Luned\u00ec 17 marzo, alle ore 11, si terr\u00e0 in piazza dei Martiri la cerimonia in ricordo dei quattro partigiani uccisi il 17 marzo 1945: Salvatore Cacciatore, Giuseppe De Zordo, Valentino Andreani e Gianni Piazza. L&#8217;evento inizier\u00e0 con la deposizione di una corona, seguita dai discorsi del Sindaco Oscar De Pellegrin, di Alessandro Agnoli e della professoressa Adriana Lotto. Parteciperanno autorit\u00e0, associazioni, studenti e cittadini. L&#8217;appuntamento \u00e8 alle 10.50 presso il Monumento alla Resistenza.<\/p>\n<p data-start=\"84\" data-end=\"732\" data-is-last-node=\"\" data-is-only-node=\"\">\n<\/div>\n<div><\/div>\n<\/div>\n<\/div>\n<\/div>\n<hr \/>\n<p>&nbsp;<\/p>\n<blockquote>\n<h3>SAN GREGORIO NELLE ALPI SI PREPARA PER IL FINE SETTIMANA ECOLOGICO<\/h3>\n<\/blockquote>\n<p><strong><a class=\"dt-pswp-item\" href=\"https:\/\/www.radiopiu.net\/wordpress\/wp-content\/uploads\/2023\/04\/GIORNATA-ECOLOGICA.png\" data-dt-img-description=\"\" data-large_image_width=\"743\" data-large_image_height=\"554\"><img loading=\"lazy\" decoding=\"async\" class=\" wp-image-331428 alignleft\" src=\"https:\/\/www.radiopiu.net\/wordpress\/wp-content\/uploads\/2023\/04\/GIORNATA-ECOLOGICA-300x224.png\" alt=\"\" width=\"174\" height=\"130\" srcset=\"https:\/\/www.radiopiu.net\/wordpress\/wp-content\/uploads\/2023\/04\/GIORNATA-ECOLOGICA-300x224.png 300w, https:\/\/www.radiopiu.net\/wordpress\/wp-content\/uploads\/2023\/04\/GIORNATA-ECOLOGICA.png 743w\" sizes=\"auto, (max-width: 174px) 100vw, 174px\" \/><\/a>SAN GREGORIO NELLE ALPI<\/strong> Il Comune di San Gregorio nelle Alpi organizza il &#8220;Week End Ecologico&#8221; il 14 e 15 marzo 2025 per sensibilizzare la cittadinanza sulla tutela ambientale. Il programma prevede attivit\u00e0 educative e pratiche per tutte le et\u00e0. Venerd\u00ec mattina, gli alunni della scuola primaria visiteranno l\u2019Ecocentro comunale per approfondire la gestione dei rifiuti. La sera, presso la Sala Tina Merlin, verr\u00e0 proiettato il documentario &#8220;Buy Now \u2013 L\u2019inganno del consumismo&#8221;, seguito da un dibattito. Sabato mattina, volontari parteciperanno alla pulizia del territorio con ritrovo presso le sedi degli Alpini. A fine attivit\u00e0, \u00e8 previsto un pranzo conviviale. Per partecipare alla Giornata Ecologica \u00e8 necessario iscriversi entro le 12:00 di venerd\u00ec 14 marzo. Il sindaco Nicola Vieceli invita tutti a unirsi all\u2019evento per contribuire a un ambiente pi\u00f9 pulito e sostenibile.<\/p>\n<p>&nbsp;<\/p>\n<p>&nbsp;<\/p>\n<hr \/>\n<p>&nbsp;<\/p>\n<blockquote>\n<h3>ALBA CON ECLISSE DI LUNA<\/h3>\n<\/blockquote>\n<p><strong><a class=\"dt-pswp-item\" href=\"https:\/\/www.radiopiu.net\/wordpress\/wp-content\/uploads\/2025\/03\/0066373e-9a03-4f85-bcd7-46469beeacdb.jpg\" data-dt-img-description=\"\" data-large_image_width=\"718\" data-large_image_height=\"633\"><img loading=\"lazy\" decoding=\"async\" class=\" wp-image-439388 alignleft\" src=\"https:\/\/www.radiopiu.net\/wordpress\/wp-content\/uploads\/2025\/03\/0066373e-9a03-4f85-bcd7-46469beeacdb-300x264.jpg\" alt=\"\" width=\"181\" height=\"159\" srcset=\"https:\/\/www.radiopiu.net\/wordpress\/wp-content\/uploads\/2025\/03\/0066373e-9a03-4f85-bcd7-46469beeacdb-300x264.jpg 300w, https:\/\/www.radiopiu.net\/wordpress\/wp-content\/uploads\/2025\/03\/0066373e-9a03-4f85-bcd7-46469beeacdb.jpg 718w\" sizes=\"auto, (max-width: 181px) 100vw, 181px\" \/><\/a>DI CLAUDIO PRA<\/strong><\/p>\n<p>Venerd\u00ec 14 marzo si verificher\u00e0 un&#8217; eclisse totale di Luna che per i nostri luoghi risulter\u00e0 visibile solo parzialmente nelle prime fasi. Sar\u00e0 la prima delle tre eclissi a noi accessibili quest&#8217;anno, con le successive che andranno in scena Il 29 marzo (eclisse parziale di Sole) e infine il 7 settembre, quando un&#8217;altra eclisse totale di Luna sar\u00e0 visibile nelle sue fasi pi\u00f9 interessanti anche in Agordino. Tornando all&#8217;eclisse di domani, visibile per solo una ventina di minuti, il fenomeno inizier\u00e0 alle 6.09 con la Luna ormai bassissima sull&#8217;orizzonte ed in procinto di tramontare. Tramonto che avverr\u00e0 alle 6.31, quando il disco risulter\u00e0 oscurato per circa un terzo del suo diametro. Per ammirarla dovremo cercare un luogo molto aperto verso ovest, il che significa quasi sicuramente doversi portare in quota. Le previsioni meteo sfavorevoli sembrerebbero per\u00f2 precluderci il fenomeno. Se sar\u00e0 cos\u00ec consoliamoci, considerando che questa sar\u00e0 l&#8217;eclisse meno spettacolare e pi\u00f9 difficile da seguire delle tre previste e che potremo rifarci gi\u00e0 fra un paio di settimane.<\/p>\n<p>&nbsp;<\/p>\n<p>&nbsp;<\/p>\n<hr \/>\n<p>&nbsp;<\/p>\n<blockquote>\n<h3>OPEN DAY AI CORSI UNIVERSITARI ATTIVI A FELTRE<\/h3>\n<\/blockquote>\n<p><strong><a class=\"dt-pswp-item\" href=\"https:\/\/www.radiopiu.net\/wordpress\/wp-content\/uploads\/2025\/03\/SCEGLI.jpg\" data-dt-img-description=\"\" data-large_image_width=\"882\" data-large_image_height=\"631\"><img loading=\"lazy\" decoding=\"async\" class=\" wp-image-439004 alignleft\" src=\"https:\/\/www.radiopiu.net\/wordpress\/wp-content\/uploads\/2025\/03\/SCEGLI-300x215.jpg\" alt=\"\" width=\"191\" height=\"137\" srcset=\"https:\/\/www.radiopiu.net\/wordpress\/wp-content\/uploads\/2025\/03\/SCEGLI-300x215.jpg 300w, https:\/\/www.radiopiu.net\/wordpress\/wp-content\/uploads\/2025\/03\/SCEGLI-768x549.jpg 768w, https:\/\/www.radiopiu.net\/wordpress\/wp-content\/uploads\/2025\/03\/SCEGLI.jpg 882w\" sizes=\"auto, (max-width: 191px) 100vw, 191px\" \/><\/a>FELTRE <\/strong>La sede di Feltre dell\u2019Universit\u00e0 di Padova partecipa all\u2019iniziativa \u201cScegli con noi\u201d, offrendo un open day per presentare i corsi di laurea triennale in Infermieristica e Tecniche della prevenzione. L\u2019evento si terr\u00e0 domani, dalle 14:00 alle 17:00, presso il Campus Universitario Tina Merlin di Feltre. L\u2019incontro permetter\u00e0 ai partecipanti di vivere un\u2019esperienza immersiva nelle due professioni sanitarie, con attivit\u00e0 pratiche guidate da studenti, tutor e professionisti. Per Infermieristica, saranno allestite aree di simulazione: una dedicata alla terapia intensiva, con un manichino ad alta fedelt\u00e0 per esercitarsi su rilevazione dei parametri vitali e medicazioni sterili, e un\u2019altra sull\u2019emergenza territoriale, con dimostrazioni di primo soccorso (BLS) e gestione degli infortuni sul lavoro. Per Tecniche della prevenzione, si terranno simulazioni di indagini su infortuni lavorativi, con raccolta di testimonianze e sopralluoghi, oltre a dimostrazioni sul campionamento delle acque per la Legionella e la gestione di allerte alimentari. Durante l\u2019open day saranno fornite informazioni su iscrizioni, test d\u2019ammissione e servizi universitari. Per dettagli, si pu\u00f2 contattare il numero 0439 883803.<\/p>\n<p>&nbsp;<\/p>\n<p>&nbsp;<\/p>\n<hr \/>\n<p>&nbsp;<\/p>\n<blockquote>\n<h3>GUARDIA DI FINANZA: CONCORSO PER TITOLI ED ESAMI PER L&#8217;AMMISSIONE DI 1198 ALLIEVI MARESCIALLI<\/h3>\n<\/blockquote>\n<p><strong><a class=\"dt-pswp-item\" href=\"https:\/\/www.radiopiu.net\/wordpress\/wp-content\/uploads\/2024\/09\/GUARDIA-FINANZA.jpg\" data-dt-img-description=\"\" data-large_image_width=\"900\" data-large_image_height=\"900\"><img loading=\"lazy\" decoding=\"async\" class=\"wp-image-409000 alignleft\" src=\"https:\/\/www.radiopiu.net\/wordpress\/wp-content\/uploads\/2024\/09\/GUARDIA-FINANZA-300x300.jpg\" alt=\"\" width=\"121\" height=\"121\" srcset=\"https:\/\/www.radiopiu.net\/wordpress\/wp-content\/uploads\/2024\/09\/GUARDIA-FINANZA-300x300.jpg 300w, https:\/\/www.radiopiu.net\/wordpress\/wp-content\/uploads\/2024\/09\/GUARDIA-FINANZA-150x150.jpg 150w, https:\/\/www.radiopiu.net\/wordpress\/wp-content\/uploads\/2024\/09\/GUARDIA-FINANZA-768x768.jpg 768w, https:\/\/www.radiopiu.net\/wordpress\/wp-content\/uploads\/2024\/09\/GUARDIA-FINANZA.jpg 900w\" sizes=\"auto, (max-width: 121px) 100vw, 121px\" \/><\/a>BELLUNO <\/strong>Il concorso per l&#8217;anno accademico 2025\/2026 prevede l&#8217;ammissione di 1.198 allievi marescialli alla Scuola Ispettori e Sovrintendenti della Guardia di Finanza. I posti sono suddivisi in: 1.108 per il contingente ordinario, di cui 20 riservati a candidati con attestati specifici e 8 ai familiari di personale delle Forze armate e di polizia deceduto in servizio. 90 per il contingente di mare, suddivisi in specializzazioni come nocchiere, tecnico macchine e tecnico dei sistemi di comunicazione. Possono partecipare cittadini italiani tra i 17 e i 26 anni (entro il 26 marzo 2025), con possibili eccezioni per chi ha gi\u00e0 prestato servizio militare.<\/p>\n<p>&nbsp;<\/p>\n<p>&nbsp;<\/p>\n<hr \/>\n<p>&nbsp;<\/p>\n<blockquote>\n<h3>GIORNATA MONDIALE DEL RENE: L&#8217;INCONTRO CON L&#8217;ULSS 1 DOLOMITI<\/h3>\n<\/blockquote>\n<p><strong><a class=\"dt-pswp-item\" href=\"https:\/\/www.radiopiu.net\/wordpress\/wp-content\/uploads\/2025\/02\/RENE.jpg\" data-dt-img-description=\"\" data-large_image_width=\"940\" data-large_image_height=\"550\"><img loading=\"lazy\" decoding=\"async\" class=\" wp-image-436595 alignleft\" src=\"https:\/\/www.radiopiu.net\/wordpress\/wp-content\/uploads\/2025\/02\/RENE-300x176.jpg\" alt=\"\" width=\"179\" height=\"105\" srcset=\"https:\/\/www.radiopiu.net\/wordpress\/wp-content\/uploads\/2025\/02\/RENE-300x176.jpg 300w, https:\/\/www.radiopiu.net\/wordpress\/wp-content\/uploads\/2025\/02\/RENE-768x449.jpg 768w, https:\/\/www.radiopiu.net\/wordpress\/wp-content\/uploads\/2025\/02\/RENE.jpg 940w\" sizes=\"auto, (max-width: 179px) 100vw, 179px\" \/><\/a>BELLUNO <\/strong>In occasione della giornata mondiale del rene, che ricorre domani, l\u2019Ulss Dolomiti, con le unit\u00e0 operative di Nefrologia, organizza un incontro aperto a tutta la cittadinanza per sensibilizzare sull\u2019importanza della salute dei nostri reni e sul tema del trapianto. L\u2019 incontro dal titolo \u201cIl trapianto di rene da vivente\u201d si terr\u00e0 oggi alle 17.00 in sala convegni dell\u2019ospedale di Belluno con esperti e testimonianze di donatori e trapiantati.<\/p>\n<p>&nbsp;<\/p>\n<p>&nbsp;<\/p>\n<hr \/>\n<p>&nbsp;<\/p>\n<blockquote>\n<h3>GIORNATA LILLA: GLI INCONTRI I ULSS 1 DOLOMITI<\/h3>\n<\/blockquote>\n<p><strong><a class=\"dt-pswp-item\" href=\"https:\/\/www.radiopiu.net\/wordpress\/wp-content\/uploads\/2025\/03\/LILLA.jpg\" data-dt-img-description=\"\" data-large_image_width=\"787\" data-large_image_height=\"519\"><img loading=\"lazy\" decoding=\"async\" class=\" wp-image-439000 alignleft\" src=\"https:\/\/www.radiopiu.net\/wordpress\/wp-content\/uploads\/2025\/03\/LILLA-300x198.jpg\" alt=\"\" width=\"168\" height=\"111\" srcset=\"https:\/\/www.radiopiu.net\/wordpress\/wp-content\/uploads\/2025\/03\/LILLA-300x198.jpg 300w, https:\/\/www.radiopiu.net\/wordpress\/wp-content\/uploads\/2025\/03\/LILLA-768x506.jpg 768w, https:\/\/www.radiopiu.net\/wordpress\/wp-content\/uploads\/2025\/03\/LILLA.jpg 787w\" sizes=\"auto, (max-width: 168px) 100vw, 168px\" \/><\/a>BELLUNO<\/strong> In occasione della Giornata nazionale del Fiocchetto Lilla, l\u2019Ulss Dolomiti e l\u2019Associazione Margherita Fenice organizzano un open day sui disturbi della nutrizione e dell\u2019alimentazione. L\u2019evento si terr\u00e0 sabato, dalle 9:00 alle 12:30, nelle sedi di Belluno (Ospedale San Martino) e Feltre (Ospedale Santa Maria del Prato). Esperti e volontari forniranno informazioni su prevenzione e fattori di rischio. Per gruppi di oltre 10 persone \u00e8 necessaria la prenotazione via email. \u00c8 possibile anche partecipare da remoto tramite Gmeet. Per informazioni, si possono contattare le sedi ai numeri 0437 516020 (Belluno) e 0439 883777 (Feltre). L\u2019iniziativa mira a sensibilizzare sui segnali di allarme, le conseguenze e il supporto per le famiglie.<\/p>\n<p>&nbsp;<\/p>\n<p>&nbsp;<\/p>\n<hr \/>\n<p>&nbsp;<\/p>\n<blockquote class=\"wp-embedded-content\" data-secret=\"E3hYhcGpjS\"><p><a href=\"https:\/\/www.radiopiu.net\/wordpress\/oggi-sotto-la-neve-al-rifugio-scarpa-con-barbara-benvegnu\/\">OGGI SOTTO LA NEVE AL RIFUGIO SCARPA, CON BARBARA BENVEGNU&#8217;<\/a><\/p><\/blockquote>\n<p><iframe loading=\"lazy\" class=\"wp-embedded-content\" sandbox=\"allow-scripts\" security=\"restricted\" style=\"position: absolute; visibility: hidden;\" title=\"&#8220;OGGI SOTTO LA NEVE AL RIFUGIO SCARPA, CON BARBARA BENVEGNU&#8217;&#8221; &#8212; Radio Pi\u00f9\" src=\"https:\/\/www.radiopiu.net\/wordpress\/oggi-sotto-la-neve-al-rifugio-scarpa-con-barbara-benvegnu\/embed\/#?secret=81gpTocuNy#?secret=E3hYhcGpjS\" data-secret=\"E3hYhcGpjS\" width=\"600\" height=\"338\" frameborder=\"0\" marginwidth=\"0\" marginheight=\"0\" scrolling=\"no\"><\/iframe><\/p>\n<p>&nbsp;<\/p>\n<hr \/>\n<p>&nbsp;<\/p>\n<blockquote>\n<h2>DAL RIFUGIO LARESEI AL VIA LE SELEZIONI DI \u201cMISS ITALIA\u201d IN VENETO<\/h2>\n<\/blockquote>\n<blockquote><p><em>Il concorso \u00e8 aperto a ragazze di et\u00e0 compresa tra i 18 anni (compiuti entro il 31 agosto 2025) e i 30 anni.<\/em><\/p><\/blockquote>\n<p data-start=\"148\" data-end=\"479\"><strong><a class=\"dt-pswp-item\" href=\"https:\/\/www.radiopiu.net\/wordpress\/wp-content\/uploads\/2025\/03\/b68a355a-5084-45f1-852b-3e28df775fbf-300x225-1.jpg\" data-dt-img-description=\"\" data-large_image_width=\"300\" data-large_image_height=\"225\"><img loading=\"lazy\" decoding=\"async\" class=\" wp-image-439330 alignleft\" src=\"https:\/\/www.radiopiu.net\/wordpress\/wp-content\/uploads\/2025\/03\/b68a355a-5084-45f1-852b-3e28df775fbf-300x225-1.jpg\" alt=\"\" width=\"219\" height=\"164\" \/><\/a>FALCADE<\/strong> Il Rifugio Laresei di Falcade nella ski area San Pellegrino, situato a 2.260 metri di altezza, ospiter\u00e0 la prima selezione di \u201cMiss Italia 2025\u201d in Veneto! L\u2019appuntamento \u00e8 fissato per domenica 16 marzo alle ore 14.00, quando le candidate al titolo di \u201cMiss Falcade &#8211; Rifugio Laresei\u201d sfileranno circondate dal panorama mozzafiato delle Dolomiti Bellunesi.<\/p>\n<p data-start=\"481\" data-end=\"804\">L&#8217;evento, organizzato da Mara e Massimo Manfroi, titolari del Rifugio Laresei, in collaborazione con \u201cPromofalcade Dolomiti\u201d e coordinato dall&#8217;agenzia \u201cmodashow.it\u201d di Paola Rizzotti (esclusivista di \u201cMiss Italia\u201d in Veneto), vedr\u00e0 la partecipazione di numerose concorrenti. La presentazione sar\u00e0 affidata a Michele Cupit\u00f2.<\/p>\n<p data-start=\"806\" data-end=\"1248\">La vincitrice della selezione parteciper\u00e0 di diritto alle finali regionali di \u201cMiss Italia\u201d in Veneto. Paola Rizzotti, responsabile dell&#8217;agenzia, ha dichiarato con entusiasmo: \u00abSiamo pronti a ripartire con il nostro team per il tour delle selezioni e finali regionali dell\u2019ottantaseiesima edizione di \u201cMiss Italia\u201d, e siamo felici di iniziare proprio dal Rifugio Laresei a Falcade, a distanza di un anno dal memorabile appuntamento del 2024.\u00bb<\/p>\n<p>&nbsp;<\/p>\n<p>&nbsp;<\/p>\n<hr \/>\n<p>&nbsp;<\/p>\n<blockquote>\n<p data-start=\"0\" data-end=\"67\"><strong data-start=\"0\" data-end=\"67\">CORSO DI APICOLTURA IN PROVINCIA DI BELLUNO FIRMATO APIDOLOMITI<\/strong><\/p>\n<\/blockquote>\n<p><strong><a class=\"dt-pswp-item\" href=\"https:\/\/www.radiopiu.net\/wordpress\/wp-content\/uploads\/2019\/10\/miele.jpg\" data-dt-img-description=\"\" data-large_image_width=\"800\" data-large_image_height=\"600\"><img loading=\"lazy\" decoding=\"async\" class=\"wp-image-103171 alignleft\" src=\"https:\/\/www.radiopiu.net\/wordpress\/wp-content\/uploads\/2019\/10\/miele-300x225.jpg\" alt=\"\" width=\"139\" height=\"104\" srcset=\"https:\/\/www.radiopiu.net\/wordpress\/wp-content\/uploads\/2019\/10\/miele-300x225.jpg 300w, https:\/\/www.radiopiu.net\/wordpress\/wp-content\/uploads\/2019\/10\/miele-768x576.jpg 768w, https:\/\/www.radiopiu.net\/wordpress\/wp-content\/uploads\/2019\/10\/miele.jpg 800w\" sizes=\"auto, (max-width: 139px) 100vw, 139px\" \/><\/a>BELLUNO<\/strong> La Cooperativa Apidolomiti offre un corso di apicoltura con 10 lezioni teorico-pratiche per rispondere a dubbi su api, alveari e burocrazia. Il corso, di 20 ore, inizia il 11 marzo e prevede lezioni online e in presenza. Apicoltori professionisti guideranno gli iscritti nella teoria e pratica, con una visita al laboratorio e un pomeriggio in apiario. Il corso \u00e8 patrocinato dal Comune di Sedico.<\/p>\n<p>&nbsp;<\/p>\n<p>&nbsp;<\/p>\n<hr \/>\n<p>&nbsp;<\/p>\n<blockquote>\n<h3>LA WINE EXPERIENCE CON MOSTORICCO<\/h3>\n<\/blockquote>\n<p><strong><a class=\"dt-pswp-item\" href=\"https:\/\/www.radiopiu.net\/wordpress\/wp-content\/uploads\/2020\/06\/vino.jpg\" data-dt-img-description=\"\" data-large_image_width=\"1920\" data-large_image_height=\"1271\"><img loading=\"lazy\" decoding=\"async\" class=\" wp-image-141726 alignleft\" src=\"https:\/\/www.radiopiu.net\/wordpress\/wp-content\/uploads\/2020\/06\/vino-300x199.jpg\" alt=\"\" width=\"148\" height=\"98\" srcset=\"https:\/\/www.radiopiu.net\/wordpress\/wp-content\/uploads\/2020\/06\/vino-300x199.jpg 300w, https:\/\/www.radiopiu.net\/wordpress\/wp-content\/uploads\/2020\/06\/vino-1024x678.jpg 1024w, https:\/\/www.radiopiu.net\/wordpress\/wp-content\/uploads\/2020\/06\/vino-768x508.jpg 768w, https:\/\/www.radiopiu.net\/wordpress\/wp-content\/uploads\/2020\/06\/vino-1536x1017.jpg 1536w, https:\/\/www.radiopiu.net\/wordpress\/wp-content\/uploads\/2020\/06\/vino.jpg 1920w\" sizes=\"auto, (max-width: 148px) 100vw, 148px\" \/><\/a>AGORDO <\/strong>Per gli amanti del vino e delle esperienze enogastronomiche, Mostoricco propone due percorsi esclusivi presso l\u2019Azienda Agricola Tomasella Paolo a Mansu\u00e8 (TV). <strong data-start=\"298\" data-end=\"331\">Esperienza &#8220;Racconti di Vite&#8221;<\/strong> (min. 2 persone, 27 \u20ac\/persona). Un viaggio tra vigneti, parco e cantina con degustazione di 4 vini abbinati a salumi e formaggi locali. <strong data-start=\"472\" data-end=\"510\">Esperienza &#8220;Tales of Vine Premium&#8221;<\/strong> (min. 12 persone, 40 \u20ac\/persona) Un&#8217;esperienza pi\u00f9 completa che include, oltre alla visita e degustazione di 4 vini, taglieri, un primo piatto di stagione e cioccolato in abbinamento al dessert. Prenotazione con pagamento anticipato richiesta. Rimborso disponibile entro 48 ore dalla visita. Mail:\u00a0<a rel=\"noopener\" data-start=\"813\" data-end=\"841\">enoteca.mostoricco@gmail.com<\/a> oppure 333 6020068<\/p>\n<p>&nbsp;<\/p>\n<p>&nbsp;<\/p>\n<hr \/>\n<p>&nbsp;<\/p>\n<blockquote>\n<h3>IL VENTO TRA I CAPELLI&#8221;, LA PEDONATA NON COMPETITIVA DEL COMITATO PREVENZIONE SALUTE DONNA<\/h3>\n<\/blockquote>\n<p><strong>BELLUNO<\/strong> \u200b<span class=\"relative -mx-px my-[-0.2rem] rounded px-px py-[0.2rem]\">La 19\u00aa edizione della pedonata solidale &#8220;Il Vento tra i Capelli&#8221; si terr\u00e0 il 16 marzo 2025 alle 10 in Piazza dei Martiri a Belluno.<\/span><\/p>\n<p>&nbsp;<\/p>\n<p>&nbsp;<\/p>\n<hr \/>\n<p>&nbsp;<\/p>\n<blockquote>\n<h3>LE CAMMINATE DI PRIMAVERA A BELLUNO<\/h3>\n<\/blockquote>\n<p><strong>BELLUNO<\/strong> Escursione \u201cBorghi Montani\u201d il 16 marzo tra natura e storia, esplorando Lamosano e il villaggio fantasma di Stracadon. Ritrovo a Belluno alle 14:30, percorso di 3-3,5 km con 100 m di dislivello. Conclusione con Messa e rinfresco. Prenotazione obbligatoria entro il 15 marzo (posti limitati a 35). Info <em>340 8769665<\/em><\/p>\n<p>&nbsp;<\/p>\n<p>&nbsp;<\/p>\n<hr \/>\n<p>&nbsp;<\/p>\n<blockquote>\n<h3>AL CENTRO ASTRONOMICO DI ARSON A FELTRE<\/h3>\n<\/blockquote>\n<p><strong>FELTRE<\/strong> Il Centro Astronomico organizza due eventi di osservazione il 15 e il 29 marzo. Il 15 marzo alle 18 si potranno osservare Mercurio, Venere, Marte, Giove, la Luna e stelle multiple colorate, oltre al passaggio della ISS. Il 29 marzo alle 11 \u00e8 prevista l\u2019osservazione dell\u2019eclisse parziale di Sole (11:30-12:49) e, se possibile, di Venere e Mercurio. In caso di maltempo, ci saranno conferenze al planetario: Alain Corso il 15 marzo e Gabriele Vanin il 29 marzo. Il biglietto costa 5 euro, ma \u00e8 gratuito per i soci e i bambini sotto gli 11 anni.<\/p>\n<p>&nbsp;<\/p>\n<p>&nbsp;<\/p>\n<hr \/>\n<p>&nbsp;<\/p>\n<h2><span style=\"color: #ff0000;\">LA CURIOSITA&#8217;&#8230;<\/span><\/h2>\n<p><strong>RICEVIAMO E PUBBLICHIAMO<\/strong><\/p>\n<p style=\"font-weight: 400;\">Tra le vecchie carte ho trovato \u201cIl Celentone\u201d, bollettino mensile della parrocchia di Canale d\u2019Agordo, risalente all\u2019aprile 1943. Nella sezione \u201cStatistica Parrocchiale\u201d gennaio-marzo 1943, tra i nati e battezzati di quell\u2019anno mi sono ritrovato pure io.<\/p>\n<p>Rodolfo Pellegrinon<\/p>\n\n\t\t\t<style type='text\/css'>\n\t\t\t\t#gallery-1 {\n\t\t\t\t\tmargin: auto;\n\t\t\t\t}\n\t\t\t\t#gallery-1 .gallery-item {\n\t\t\t\t\tfloat: left;\n\t\t\t\t\tmargin-top: 10px;\n\t\t\t\t\ttext-align: center;\n\t\t\t\t\twidth: 50%;\n\t\t\t\t}\n\t\t\t\t#gallery-1 img {\n\t\t\t\t\tborder: 2px solid #cfcfcf;\n\t\t\t\t}\n\t\t\t\t#gallery-1 .gallery-caption {\n\t\t\t\t\tmargin-left: 0;\n\t\t\t\t}\n\t\t\t\t\/* see gallery_shortcode() in wp-includes\/media.php *\/\n\t\t\t<\/style>\n\t\t<div id='gallery-1' class='dt-gallery-container gallery galleryid-439219 gallery-columns-2 gallery-size-medium'><dl class='gallery-item'>\n\t\t\t\t<dt class='gallery-icon landscape'>\n\t\t\t\t\t<a class=\"rollover rollover-zoom dt-pswp-item\" title=\"Il Celentone - 1943_20250312_0001\" data-dt-img-description=\"\" data-large_image_width=\"841\" data-large_image_height=\"595\"href='https:\/\/www.radiopiu.net\/wordpress\/wp-content\/uploads\/2025\/03\/Il-Celentone-1943_20250312_0001.jpg'><img loading=\"lazy\" decoding=\"async\" width=\"300\" height=\"212\" src=\"https:\/\/www.radiopiu.net\/wordpress\/wp-content\/uploads\/2025\/03\/Il-Celentone-1943_20250312_0001-300x212.jpg\" class=\"attachment-medium size-medium\" alt=\"\" srcset=\"https:\/\/www.radiopiu.net\/wordpress\/wp-content\/uploads\/2025\/03\/Il-Celentone-1943_20250312_0001-300x212.jpg 300w, https:\/\/www.radiopiu.net\/wordpress\/wp-content\/uploads\/2025\/03\/Il-Celentone-1943_20250312_0001-768x543.jpg 768w, https:\/\/www.radiopiu.net\/wordpress\/wp-content\/uploads\/2025\/03\/Il-Celentone-1943_20250312_0001.jpg 841w\" sizes=\"auto, (max-width: 300px) 100vw, 300px\" \/><\/a>\n\t\t\t\t<\/dt><\/dl><dl class='gallery-item'>\n\t\t\t\t<dt class='gallery-icon landscape'>\n\t\t\t\t\t<a class=\"rollover rollover-zoom dt-pswp-item\" title=\"Il Celentone - Nati 1943_20250312_0001\" data-dt-img-description=\"\" data-large_image_width=\"841\" data-large_image_height=\"595\"href='https:\/\/www.radiopiu.net\/wordpress\/wp-content\/uploads\/2025\/03\/Il-Celentone-Nati-1943_20250312_0001.jpg'><img loading=\"lazy\" decoding=\"async\" width=\"300\" height=\"212\" src=\"https:\/\/www.radiopiu.net\/wordpress\/wp-content\/uploads\/2025\/03\/Il-Celentone-Nati-1943_20250312_0001-300x212.jpg\" class=\"attachment-medium size-medium\" alt=\"\" srcset=\"https:\/\/www.radiopiu.net\/wordpress\/wp-content\/uploads\/2025\/03\/Il-Celentone-Nati-1943_20250312_0001-300x212.jpg 300w, https:\/\/www.radiopiu.net\/wordpress\/wp-content\/uploads\/2025\/03\/Il-Celentone-Nati-1943_20250312_0001-768x543.jpg 768w, https:\/\/www.radiopiu.net\/wordpress\/wp-content\/uploads\/2025\/03\/Il-Celentone-Nati-1943_20250312_0001.jpg 841w\" sizes=\"auto, (max-width: 300px) 100vw, 300px\" \/><\/a>\n\t\t\t\t<\/dt><\/dl><br style=\"clear: both\" \/>\n\t\t\t<\/div>\n\n<p>&nbsp;<\/p>\n<hr \/>\n<p>&nbsp;<\/p>\n<h1><span style=\"color: #ff6600;\">IERI ALLA RADIO\u00a0\u00a0<\/span><span style=\"color: #ff6600;\"><br \/>\n<\/span><\/h1>\n<h2><span style=\"color: #cc99ff;\">SE NON LA SMETTI TI MANDO DAL PRESIDE<\/span><\/h2>\n<p><img loading=\"lazy\" decoding=\"async\" class=\"alignleft\" src=\"https:\/\/www.radiopiu.net\/wordpress\/wp-content\/uploads\/2024\/11\/th-9.jpg\" width=\"164\" height=\"92\" \/>IL MERCOLEDI ALLE 10.30, LA DOMENICA ALLE OTTO DEL MATTINO, IN COLLABORZIONE CON I SUPERMERCATI SUPERW GRUPPO WALBER&#8230;<br \/>\nCON LA PRO. MARIA ROSA SALMAZO<\/p>\n<p>AUDIO<\/p>\n<audio class=\"wp-audio-shortcode\" id=\"audio-439219-9\" preload=\"none\" style=\"width: 100%;\" controls=\"controls\"><source type=\"audio\/mpeg\" src=\"https:\/\/www.radiopiu.net\/wordpress\/wp-content\/uploads\/2025\/03\/SE-NON-LA-SMETTI-24-24.mp3?_=9\" \/><a href=\"https:\/\/www.radiopiu.net\/wordpress\/wp-content\/uploads\/2025\/03\/SE-NON-LA-SMETTI-24-24.mp3\">https:\/\/www.radiopiu.net\/wordpress\/wp-content\/uploads\/2025\/03\/SE-NON-LA-SMETTI-24-24.mp3<\/a><\/audio>\n<p><strong>LA RACCOLTA COMPLETA <a href=\"https:\/\/www.radiopiu.net\/wordpress\/se-non-la-smetti-di-mando-dal-preside\/\"><span style=\"color: #0000ff;\">CLICCA QUI<\/span><\/a><\/strong><\/p>\n<p>&nbsp;<\/p>\n<hr \/>\n<p><span style=\"color: #ff6600;\">\u00a0<\/span><\/p>\n<h2><a class=\"dt-pswp-item\" href=\"https:\/\/www.radiopiu.net\/wordpress\/wp-content\/uploads\/2025\/03\/458381383_2822375681260762_7737769963112450407_n-1.jpg\" data-dt-img-description=\"\" data-large_image_width=\"640\" data-large_image_height=\"641\"><img loading=\"lazy\" decoding=\"async\" class=\"wp-image-439303 alignleft\" src=\"https:\/\/www.radiopiu.net\/wordpress\/wp-content\/uploads\/2025\/03\/458381383_2822375681260762_7737769963112450407_n-1-300x300.jpg\" alt=\"\" width=\"101\" height=\"101\" srcset=\"https:\/\/www.radiopiu.net\/wordpress\/wp-content\/uploads\/2025\/03\/458381383_2822375681260762_7737769963112450407_n-1-300x300.jpg 300w, https:\/\/www.radiopiu.net\/wordpress\/wp-content\/uploads\/2025\/03\/458381383_2822375681260762_7737769963112450407_n-1-150x150.jpg 150w, https:\/\/www.radiopiu.net\/wordpress\/wp-content\/uploads\/2025\/03\/458381383_2822375681260762_7737769963112450407_n-1.jpg 640w\" sizes=\"auto, (max-width: 101px) 100vw, 101px\" \/><\/a><span style=\"color: #008000;\">FEMCA CISL, LA VOCE PER I LAVORATORI<\/span><\/h2>\n<p><strong> IL MARTEDI ALLE 10.10. IN QUESTO NUMERO:\u00a0 LAURA VETTOREL\u00a0<\/strong><\/p>\n<audio class=\"wp-audio-shortcode\" id=\"audio-439219-10\" preload=\"none\" style=\"width: 100%;\" controls=\"controls\"><source type=\"audio\/mpeg\" src=\"https:\/\/www.radiopiu.net\/wordpress\/wp-content\/uploads\/2025\/03\/FEMCA-CISL.mp3?_=10\" \/><a href=\"https:\/\/www.radiopiu.net\/wordpress\/wp-content\/uploads\/2025\/03\/FEMCA-CISL.mp3\">https:\/\/www.radiopiu.net\/wordpress\/wp-content\/uploads\/2025\/03\/FEMCA-CISL.mp3<\/a><\/audio>\n<p><strong>LA RACCOLTA COMPLETA, <span style=\"color: #0000ff;\"><a style=\"color: #0000ff;\" href=\"https:\/\/www.radiopiu.net\/wordpress\/cisl-e-femca-cisl-la-vocef\/\">CLICCA QUI<\/a><\/span><\/strong><\/p>\n<p>&nbsp;<\/p>\n<hr \/>\n<p>&nbsp;<\/p>\n<h2><span style=\"color: #ff99cc;\">LIBER DI LIANA CAVALLET<\/span><\/h2>\n<p><strong>PUNTATA 26 12 MARZO 2025 &#8220;L&#8217;EQUILIBRIO DELLE LUCCIOLE&#8221; VALERIA TRON<\/strong><\/p>\n<audio class=\"wp-audio-shortcode\" id=\"audio-439219-11\" preload=\"none\" style=\"width: 100%;\" controls=\"controls\"><source type=\"audio\/mpeg\" src=\"https:\/\/www.radiopiu.net\/wordpress\/wp-content\/uploads\/2025\/03\/LIANA.mp3?_=11\" \/><a href=\"https:\/\/www.radiopiu.net\/wordpress\/wp-content\/uploads\/2025\/03\/LIANA.mp3\">https:\/\/www.radiopiu.net\/wordpress\/wp-content\/uploads\/2025\/03\/LIANA.mp3<\/a><\/audio>\n<p>&nbsp;<\/p>\n<p><a class=\"dt-pswp-item\" href=\"https:\/\/www.radiopiu.net\/wordpress\/wp-content\/uploads\/2024\/03\/ec797497-4fe8-49bb-91d3-de849d9440f9.jpg\" data-dt-img-description=\"\" data-large_image_width=\"455\" data-large_image_height=\"709\"><img loading=\"lazy\" decoding=\"async\" class=\"size-medium wp-image-439348 aligncenter\" src=\"https:\/\/www.radiopiu.net\/wordpress\/wp-content\/uploads\/2024\/03\/ec797497-4fe8-49bb-91d3-de849d9440f9-193x300.jpg\" alt=\"\" width=\"193\" height=\"300\" srcset=\"https:\/\/www.radiopiu.net\/wordpress\/wp-content\/uploads\/2024\/03\/ec797497-4fe8-49bb-91d3-de849d9440f9-193x300.jpg 193w, https:\/\/www.radiopiu.net\/wordpress\/wp-content\/uploads\/2024\/03\/ec797497-4fe8-49bb-91d3-de849d9440f9.jpg 455w\" sizes=\"auto, (max-width: 193px) 100vw, 193px\" \/><\/a><\/p>\n<p>&nbsp;<\/p>\n<p><strong>LA RACCOLTA COMPLETA <a href=\"https:\/\/www.radiopiu.net\/wordpress\/liber-di-liana-cavallet-raccolta-2023-2024\/\"><span style=\"color: #3366ff;\">CLICCA QUI<\/span><\/a><\/strong><\/p>\n<p>&nbsp;<\/p>\n<hr \/>\n<p>&nbsp;<\/p>\n<h2><span style=\"color: #ffcc00;\">BATTI CINQUE&#8230;CON MARINA ED ALESSIO<\/span><\/h2>\n<p><strong><a class=\"dt-pswp-item\" href=\"https:\/\/www.radiopiu.net\/wordpress\/wp-content\/uploads\/2024\/10\/2b41afd1-2910-40a2-aa8e-1f6263104f30.jpg\" data-dt-img-description=\"\" data-large_image_width=\"2048\" data-large_image_height=\"1536\"><img loading=\"lazy\" decoding=\"async\" class=\" wp-image-415813 alignleft\" src=\"https:\/\/www.radiopiu.net\/wordpress\/wp-content\/uploads\/2024\/10\/2b41afd1-2910-40a2-aa8e-1f6263104f30-300x225.jpg\" alt=\"\" width=\"135\" height=\"101\" srcset=\"https:\/\/www.radiopiu.net\/wordpress\/wp-content\/uploads\/2024\/10\/2b41afd1-2910-40a2-aa8e-1f6263104f30-300x225.jpg 300w, https:\/\/www.radiopiu.net\/wordpress\/wp-content\/uploads\/2024\/10\/2b41afd1-2910-40a2-aa8e-1f6263104f30-1024x768.jpg 1024w, https:\/\/www.radiopiu.net\/wordpress\/wp-content\/uploads\/2024\/10\/2b41afd1-2910-40a2-aa8e-1f6263104f30-768x576.jpg 768w, https:\/\/www.radiopiu.net\/wordpress\/wp-content\/uploads\/2024\/10\/2b41afd1-2910-40a2-aa8e-1f6263104f30-1536x1152.jpg 1536w, https:\/\/www.radiopiu.net\/wordpress\/wp-content\/uploads\/2024\/10\/2b41afd1-2910-40a2-aa8e-1f6263104f30.jpg 2048w\" sizes=\"auto, (max-width: 135px) 100vw, 135px\" \/><\/a>REDAZIONE<\/strong> Un confronto tra generazioni, lo si pu\u00f2 definire cos\u00ec il nuovo programma pomeridiano di Radio Pi\u00f9. &#8220;Batti Cinque&#8221; il titolo del contenitore in onda il mercoled\u00ec dalle 15 a cadenza quindicinale. In studio Marina ed Alessio<\/p>\n<p><span style=\"color: #ff0000;\"><strong>\u00a0<\/strong><\/span><\/p>\n<p><span style=\"color: #ff0000;\"><strong>\u00a0 \u00a0 \u00a0\u00a0<\/strong><\/span><\/p>\n<p><span style=\"color: #ff0000;\"><strong>PUNTATA 10 &#8211; PRIMA PARTE<\/strong><\/span><\/p>\n<audio class=\"wp-audio-shortcode\" id=\"audio-439219-12\" preload=\"none\" style=\"width: 100%;\" controls=\"controls\"><source type=\"audio\/mpeg\" src=\"https:\/\/www.radiopiu.net\/wordpress\/wp-content\/uploads\/2025\/02\/BATTI-5-DECIMA-PUNTATA-1.mp3?_=12\" \/><a href=\"https:\/\/www.radiopiu.net\/wordpress\/wp-content\/uploads\/2025\/02\/BATTI-5-DECIMA-PUNTATA-1.mp3\">https:\/\/www.radiopiu.net\/wordpress\/wp-content\/uploads\/2025\/02\/BATTI-5-DECIMA-PUNTATA-1.mp3<\/a><\/audio>\n<p><span style=\"color: #ff0000;\">\u00a0<\/span><\/p>\n<p><span style=\"color: #ff0000;\"><strong>SECONDA PARTE<\/strong><\/span><\/p>\n<audio class=\"wp-audio-shortcode\" id=\"audio-439219-13\" preload=\"none\" style=\"width: 100%;\" controls=\"controls\"><source type=\"audio\/mpeg\" src=\"https:\/\/www.radiopiu.net\/wordpress\/wp-content\/uploads\/2025\/02\/BATTI-5-DECIMA-PUNTATA-2.mp3?_=13\" \/><a href=\"https:\/\/www.radiopiu.net\/wordpress\/wp-content\/uploads\/2025\/02\/BATTI-5-DECIMA-PUNTATA-2.mp3\">https:\/\/www.radiopiu.net\/wordpress\/wp-content\/uploads\/2025\/02\/BATTI-5-DECIMA-PUNTATA-2.mp3<\/a><\/audio>\n<p><span style=\"color: #ff0000;\">\u00a0<\/span><\/p>\n<p><span style=\"color: #ff0000;\"><strong>TERZA PARTE<\/strong><\/span><\/p>\n<audio class=\"wp-audio-shortcode\" id=\"audio-439219-14\" preload=\"none\" style=\"width: 100%;\" controls=\"controls\"><source type=\"audio\/mpeg\" src=\"https:\/\/www.radiopiu.net\/wordpress\/wp-content\/uploads\/2025\/02\/BATTI-5-DECIMA-PUNTATA-3.mp3?_=14\" \/><a href=\"https:\/\/www.radiopiu.net\/wordpress\/wp-content\/uploads\/2025\/02\/BATTI-5-DECIMA-PUNTATA-3.mp3\">https:\/\/www.radiopiu.net\/wordpress\/wp-content\/uploads\/2025\/02\/BATTI-5-DECIMA-PUNTATA-3.mp3<\/a><\/audio>\n<p><span style=\"color: #ff0000;\">\u00a0\u00a0<\/span><\/p>\n<p><strong>LA RACCOLTA COMPLETA <a href=\"https:\/\/www.radiopiu.net\/wordpress\/batti-cinque-con-marina-ed-alessio-la-raccolta\/\"><span style=\"color: #3366ff;\">CLICCA QUI<\/span><\/a><\/strong><\/p>\n<p>&nbsp;<\/p>\n<hr \/>\n<p>&nbsp;<\/p>\n<blockquote class=\"wp-embedded-content\" data-secret=\"OZOZ2NkiJo\"><p><a href=\"https:\/\/www.radiopiu.net\/wordpress\/agordo-baleno-le-serate-del-mercoledi-ad-agordo-archivio-giuliano-laveder\/\">AGORDO BALENO : le serate del mercoled\u00ec ad Agordo ARCHIVIO GIULIANO LAVEDER<\/a><\/p><\/blockquote>\n<p><iframe loading=\"lazy\" class=\"wp-embedded-content\" sandbox=\"allow-scripts\" security=\"restricted\" style=\"position: absolute; visibility: hidden;\" title=\"&#8220;AGORDO BALENO : le serate del mercoled\u00ec ad Agordo ARCHIVIO GIULIANO LAVEDER&#8221; &#8212; Radio Pi\u00f9\" src=\"https:\/\/www.radiopiu.net\/wordpress\/agordo-baleno-le-serate-del-mercoledi-ad-agordo-archivio-giuliano-laveder\/embed\/#?secret=fYRf6jDloX#?secret=OZOZ2NkiJo\" data-secret=\"OZOZ2NkiJo\" width=\"600\" height=\"338\" frameborder=\"0\" marginwidth=\"0\" marginheight=\"0\" scrolling=\"no\"><\/iframe><\/p>\n<p>&nbsp;<\/p>\n<hr \/>\n<p>&nbsp;<\/p>\n<h2><span style=\"color: #ff0000;\"><a class=\"dt-pswp-item\" href=\"https:\/\/www.radiopiu.net\/wordpress\/wp-content\/uploads\/2018\/09\/appuntamenti.jpeg\" data-dt-img-description=\"\" data-large_image_width=\"800\" data-large_image_height=\"100\"><img loading=\"lazy\" decoding=\"async\" class=\"wp-image-61958 size-full aligncenter\" src=\"https:\/\/www.radiopiu.net\/wordpress\/wp-content\/uploads\/2018\/09\/appuntamenti.jpeg\" alt=\"\" width=\"800\" height=\"100\" srcset=\"https:\/\/www.radiopiu.net\/wordpress\/wp-content\/uploads\/2018\/09\/appuntamenti.jpeg 800w, https:\/\/www.radiopiu.net\/wordpress\/wp-content\/uploads\/2018\/09\/appuntamenti-300x38.jpeg 300w, https:\/\/www.radiopiu.net\/wordpress\/wp-content\/uploads\/2018\/09\/appuntamenti-768x96.jpeg 768w\" sizes=\"auto, (max-width: 800px) 100vw, 800px\" \/><\/a><\/span><\/h2>\n<h3 dir=\"auto\"><\/h3>\n<blockquote>\n<h3>MORGAN &amp; BATTAGLIA I RESIDENT DJ DEL SAVE THE DATE FESTIVAL<\/h3>\n<p><em>SAVE THE DATE&#8230; IL FESTIVAL AL RIFUGIO LARESEI IL 29 MARZO A FALCADE&#8230; SKI AREA SAN PELLEGRINO MERCOLEDI 19 MARZO, DALLE 20.30 DIRETTA RADIO CON LA CONDUZIONE DI MORENO TOCCHETTO REGIA, MARCO GAZ AL MICROFONO: MORGAN DJ &#8211; MAX DEL LARESEI &#8211; PAOLO PROPERI MERCOELDI DI SERA&#8230; COME UNA VOLTA&#8230; IL 19 MARZO DALLE 20,30 DIRETTA SAVE CHE DATE<\/em><\/p><\/blockquote>\n<p><strong>FALCADE <\/strong>Il palco si accende, le casse vibrano e l\u2019atmosfera si infiamma: Morgan e Battaglia sono pronti a farvi ballare senza sosta! Con selezioni potenti e beat travolgenti, il duo porter\u00e0 un\u2019ondata di pura energia al Rifugio Laresei. Quattro ospiti speciali arricchiranno il festival, ma sar\u00e0 la loro console a tenere il cuore pulsante della serata. L\u2019unica regola? Lasciarsi andare al ritmo e vivere la musica senza freni. Preparati a un\u2019esperienza indimenticabile! L&#8217;appuntamento \u00e8 per il 29 marzo al Rifugio Laresei<\/p>\n\n\t\t\t<style type='text\/css'>\n\t\t\t\t#gallery-2 {\n\t\t\t\t\tmargin: auto;\n\t\t\t\t}\n\t\t\t\t#gallery-2 .gallery-item {\n\t\t\t\t\tfloat: left;\n\t\t\t\t\tmargin-top: 10px;\n\t\t\t\t\ttext-align: center;\n\t\t\t\t\twidth: 20%;\n\t\t\t\t}\n\t\t\t\t#gallery-2 img {\n\t\t\t\t\tborder: 2px solid #cfcfcf;\n\t\t\t\t}\n\t\t\t\t#gallery-2 .gallery-caption {\n\t\t\t\t\tmargin-left: 0;\n\t\t\t\t}\n\t\t\t\t\/* see gallery_shortcode() in wp-includes\/media.php *\/\n\t\t\t<\/style>\n\t\t<div id='gallery-2' class='dt-gallery-container gallery galleryid-439219 gallery-columns-5 gallery-size-medium'><dl class='gallery-item'>\n\t\t\t\t<dt class='gallery-icon portrait'>\n\t\t\t\t\t<a class=\"rollover rollover-zoom dt-pswp-item\" title=\"475351389_122191419572160269_4819090400106529375_n\" data-dt-img-description=\"\" data-large_image_width=\"1024\" data-large_image_height=\"1280\"href='https:\/\/www.radiopiu.net\/wordpress\/wp-content\/uploads\/2025\/02\/475351389_122191419572160269_4819090400106529375_n.jpg'><img loading=\"lazy\" decoding=\"async\" width=\"240\" height=\"300\" src=\"https:\/\/www.radiopiu.net\/wordpress\/wp-content\/uploads\/2025\/02\/475351389_122191419572160269_4819090400106529375_n-240x300.jpg\" class=\"attachment-medium size-medium\" alt=\"\" srcset=\"https:\/\/www.radiopiu.net\/wordpress\/wp-content\/uploads\/2025\/02\/475351389_122191419572160269_4819090400106529375_n-240x300.jpg 240w, https:\/\/www.radiopiu.net\/wordpress\/wp-content\/uploads\/2025\/02\/475351389_122191419572160269_4819090400106529375_n-819x1024.jpg 819w, https:\/\/www.radiopiu.net\/wordpress\/wp-content\/uploads\/2025\/02\/475351389_122191419572160269_4819090400106529375_n-768x960.jpg 768w, https:\/\/www.radiopiu.net\/wordpress\/wp-content\/uploads\/2025\/02\/475351389_122191419572160269_4819090400106529375_n.jpg 1024w\" sizes=\"auto, (max-width: 240px) 100vw, 240px\" \/><\/a>\n\t\t\t\t<\/dt><\/dl><dl class='gallery-item'>\n\t\t\t\t<dt class='gallery-icon portrait'>\n\t\t\t\t\t<a class=\"rollover rollover-zoom dt-pswp-item\" title=\"70222334-5cff-4d4b-9ab9-a2a79305f2f3\" data-dt-img-description=\"\" data-large_image_width=\"1024\" data-large_image_height=\"1280\"href='https:\/\/www.radiopiu.net\/wordpress\/wp-content\/uploads\/2025\/02\/70222334-5cff-4d4b-9ab9-a2a79305f2f3.jpg'><img loading=\"lazy\" decoding=\"async\" width=\"240\" height=\"300\" src=\"https:\/\/www.radiopiu.net\/wordpress\/wp-content\/uploads\/2025\/02\/70222334-5cff-4d4b-9ab9-a2a79305f2f3-240x300.jpg\" class=\"attachment-medium size-medium\" alt=\"\" srcset=\"https:\/\/www.radiopiu.net\/wordpress\/wp-content\/uploads\/2025\/02\/70222334-5cff-4d4b-9ab9-a2a79305f2f3-240x300.jpg 240w, https:\/\/www.radiopiu.net\/wordpress\/wp-content\/uploads\/2025\/02\/70222334-5cff-4d4b-9ab9-a2a79305f2f3-819x1024.jpg 819w, https:\/\/www.radiopiu.net\/wordpress\/wp-content\/uploads\/2025\/02\/70222334-5cff-4d4b-9ab9-a2a79305f2f3-768x960.jpg 768w, https:\/\/www.radiopiu.net\/wordpress\/wp-content\/uploads\/2025\/02\/70222334-5cff-4d4b-9ab9-a2a79305f2f3.jpg 1024w\" sizes=\"auto, (max-width: 240px) 100vw, 240px\" \/><\/a>\n\t\t\t\t<\/dt><\/dl><dl class='gallery-item'>\n\t\t\t\t<dt class='gallery-icon portrait'>\n\t\t\t\t\t<a class=\"rollover rollover-zoom dt-pswp-item\" title=\"480483463_122191800596160269_7748395789965067962_n\" data-dt-img-description=\"\" data-large_image_width=\"1024\" data-large_image_height=\"1280\"href='https:\/\/www.radiopiu.net\/wordpress\/wp-content\/uploads\/2025\/02\/480483463_122191800596160269_7748395789965067962_n.jpg'><img loading=\"lazy\" decoding=\"async\" width=\"240\" height=\"300\" src=\"https:\/\/www.radiopiu.net\/wordpress\/wp-content\/uploads\/2025\/02\/480483463_122191800596160269_7748395789965067962_n-240x300.jpg\" class=\"attachment-medium size-medium\" alt=\"\" srcset=\"https:\/\/www.radiopiu.net\/wordpress\/wp-content\/uploads\/2025\/02\/480483463_122191800596160269_7748395789965067962_n-240x300.jpg 240w, https:\/\/www.radiopiu.net\/wordpress\/wp-content\/uploads\/2025\/02\/480483463_122191800596160269_7748395789965067962_n-819x1024.jpg 819w, https:\/\/www.radiopiu.net\/wordpress\/wp-content\/uploads\/2025\/02\/480483463_122191800596160269_7748395789965067962_n-768x960.jpg 768w, https:\/\/www.radiopiu.net\/wordpress\/wp-content\/uploads\/2025\/02\/480483463_122191800596160269_7748395789965067962_n.jpg 1024w\" sizes=\"auto, (max-width: 240px) 100vw, 240px\" \/><\/a>\n\t\t\t\t<\/dt><\/dl><dl class='gallery-item'>\n\t\t\t\t<dt class='gallery-icon portrait'>\n\t\t\t\t\t<a class=\"rollover rollover-zoom dt-pswp-item\" title=\"480755395_122191974356160269_922264644982884143_n\" data-dt-img-description=\"\" data-large_image_width=\"1024\" data-large_image_height=\"1280\"href='https:\/\/www.radiopiu.net\/wordpress\/wp-content\/uploads\/2025\/02\/480755395_122191974356160269_922264644982884143_n.jpg'><img loading=\"lazy\" decoding=\"async\" width=\"240\" height=\"300\" src=\"https:\/\/www.radiopiu.net\/wordpress\/wp-content\/uploads\/2025\/02\/480755395_122191974356160269_922264644982884143_n-240x300.jpg\" class=\"attachment-medium size-medium\" alt=\"\" srcset=\"https:\/\/www.radiopiu.net\/wordpress\/wp-content\/uploads\/2025\/02\/480755395_122191974356160269_922264644982884143_n-240x300.jpg 240w, https:\/\/www.radiopiu.net\/wordpress\/wp-content\/uploads\/2025\/02\/480755395_122191974356160269_922264644982884143_n-819x1024.jpg 819w, https:\/\/www.radiopiu.net\/wordpress\/wp-content\/uploads\/2025\/02\/480755395_122191974356160269_922264644982884143_n-768x960.jpg 768w, https:\/\/www.radiopiu.net\/wordpress\/wp-content\/uploads\/2025\/02\/480755395_122191974356160269_922264644982884143_n.jpg 1024w\" sizes=\"auto, (max-width: 240px) 100vw, 240px\" \/><\/a>\n\t\t\t\t<\/dt><\/dl><dl class='gallery-item'>\n\t\t\t\t<dt class='gallery-icon portrait'>\n\t\t\t\t\t<a class=\"rollover rollover-zoom dt-pswp-item\" title=\"480946206_122192204450160269_174180551336592227_n\" data-dt-img-description=\"\" data-large_image_width=\"512\" data-large_image_height=\"640\"href='https:\/\/www.radiopiu.net\/wordpress\/wp-content\/uploads\/2025\/02\/480946206_122192204450160269_174180551336592227_n.jpg'><img loading=\"lazy\" decoding=\"async\" width=\"240\" height=\"300\" src=\"https:\/\/www.radiopiu.net\/wordpress\/wp-content\/uploads\/2025\/02\/480946206_122192204450160269_174180551336592227_n-240x300.jpg\" class=\"attachment-medium size-medium\" alt=\"\" srcset=\"https:\/\/www.radiopiu.net\/wordpress\/wp-content\/uploads\/2025\/02\/480946206_122192204450160269_174180551336592227_n-240x300.jpg 240w, https:\/\/www.radiopiu.net\/wordpress\/wp-content\/uploads\/2025\/02\/480946206_122192204450160269_174180551336592227_n.jpg 512w\" sizes=\"auto, (max-width: 240px) 100vw, 240px\" \/><\/a>\n\t\t\t\t<\/dt><\/dl><br style=\"clear: both\" \/>\n\t\t\t<\/div>\n\n<p>&nbsp;<\/p>\n<div>\n<div class=\"\" dir=\"auto\">\n<div id=\":r9h:\" class=\"x1iorvi4 x1pi30zi x1l90r2v x1swvt13\" data-ad-comet-preview=\"message\" data-ad-preview=\"message\">\n<div>\n<div class=\"\" dir=\"auto\">\n<div id=\":r9h:\" class=\"x1iorvi4 x1pi30zi x1l90r2v x1swvt13\" data-ad-comet-preview=\"message\" data-ad-preview=\"message\">\n<div>\n<div class=\"\" dir=\"auto\">\n<div id=\":r9h:\" class=\"x1iorvi4 x1pi30zi x1l90r2v x1swvt13\" data-ad-comet-preview=\"message\" data-ad-preview=\"message\">\n<div>\n<div class=\"\" dir=\"auto\">\n<div id=\":r9h:\" class=\"x1iorvi4 x1pi30zi x1l90r2v x1swvt13\" data-ad-comet-preview=\"message\" data-ad-preview=\"message\">\n<div>\n<div class=\"\" dir=\"auto\">\n<div id=\":r9h:\" class=\"x1iorvi4 x1pi30zi x1l90r2v x1swvt13\" data-ad-comet-preview=\"message\" data-ad-preview=\"message\">\n<div>\n<div class=\"\" dir=\"auto\">\n<div id=\":r9h:\" class=\"x1iorvi4 x1pi30zi x1l90r2v x1swvt13\" data-ad-comet-preview=\"message\" data-ad-preview=\"message\">\n<div class=\"xdj266r x11i5rnm xat24cr x1mh8g0r x1vvkbs x126k92a\">\n<div dir=\"auto\"><\/div>\n<\/div>\n<div>\n<div class=\"\" dir=\"auto\">\n<div id=\":r9h:\" class=\"x1iorvi4 x1pi30zi x1l90r2v x1swvt13\" data-ad-comet-preview=\"message\" data-ad-preview=\"message\">\n<div>\n<div class=\"\" dir=\"auto\">\n<div id=\":r9h:\" class=\"x1iorvi4 x1pi30zi x1l90r2v x1swvt13\" data-ad-comet-preview=\"message\" data-ad-preview=\"message\">\n\n\t\t\t<style type='text\/css'>\n\t\t\t\t#gallery-3 {\n\t\t\t\t\tmargin: auto;\n\t\t\t\t}\n\t\t\t\t#gallery-3 .gallery-item {\n\t\t\t\t\tfloat: left;\n\t\t\t\t\tmargin-top: 10px;\n\t\t\t\t\ttext-align: center;\n\t\t\t\t\twidth: 25%;\n\t\t\t\t}\n\t\t\t\t#gallery-3 img {\n\t\t\t\t\tborder: 2px solid #cfcfcf;\n\t\t\t\t}\n\t\t\t\t#gallery-3 .gallery-caption {\n\t\t\t\t\tmargin-left: 0;\n\t\t\t\t}\n\t\t\t\t\/* see gallery_shortcode() in wp-includes\/media.php *\/\n\t\t\t<\/style>\n\t\t<div id='gallery-3' class='dt-gallery-container gallery galleryid-439219 gallery-columns-4 gallery-size-thumbnail'><dl class='gallery-item'>\n\t\t\t\t<dt class='gallery-icon portrait'>\n\t\t\t\t\t<a class=\"rollover rollover-zoom dt-pswp-item\" title=\"dad1d0d2-12e8-494a-9390-929e17ce5985\" data-dt-img-description=\"\" data-large_image_width=\"900\" data-large_image_height=\"1600\"href='https:\/\/www.radiopiu.net\/wordpress\/wp-content\/uploads\/2025\/01\/dad1d0d2-12e8-494a-9390-929e17ce5985.jpg'><img loading=\"lazy\" decoding=\"async\" width=\"150\" height=\"150\" src=\"https:\/\/www.radiopiu.net\/wordpress\/wp-content\/uploads\/2025\/01\/dad1d0d2-12e8-494a-9390-929e17ce5985-150x150.jpg\" class=\"attachment-thumbnail size-thumbnail\" alt=\"\" \/><\/a>\n\t\t\t\t<\/dt><\/dl><dl class='gallery-item'>\n\t\t\t\t<dt class='gallery-icon portrait'>\n\t\t\t\t\t<a class=\"rollover rollover-zoom dt-pswp-item\" title=\"Marzo (1)\" data-dt-img-description=\"\" data-large_image_width=\"841\" data-large_image_height=\"1190\"href='https:\/\/www.radiopiu.net\/wordpress\/wp-content\/uploads\/2025\/02\/Marzo-1.jpg'><img loading=\"lazy\" decoding=\"async\" width=\"150\" height=\"150\" src=\"https:\/\/www.radiopiu.net\/wordpress\/wp-content\/uploads\/2025\/02\/Marzo-1-150x150.jpg\" class=\"attachment-thumbnail size-thumbnail\" alt=\"\" \/><\/a>\n\t\t\t\t<\/dt><\/dl><dl class='gallery-item'>\n\t\t\t\t<dt class='gallery-icon portrait'>\n\t\t\t\t\t<a class=\"rollover rollover-zoom dt-pswp-item\" title=\"Senza nome\" data-dt-img-description=\"\" data-large_image_width=\"569\" data-large_image_height=\"801\"href='https:\/\/www.radiopiu.net\/wordpress\/wp-content\/uploads\/2025\/02\/Senza-nome-23.png'><img loading=\"lazy\" decoding=\"async\" width=\"150\" height=\"150\" src=\"https:\/\/www.radiopiu.net\/wordpress\/wp-content\/uploads\/2025\/02\/Senza-nome-23-150x150.png\" class=\"attachment-thumbnail size-thumbnail\" alt=\"\" \/><\/a>\n\t\t\t\t<\/dt><\/dl><dl class='gallery-item'>\n\t\t\t\t<dt class='gallery-icon portrait'>\n\t\t\t\t\t<a class=\"rollover rollover-zoom dt-pswp-item\" title=\"ba76e127-707c-4a8a-a6ac-6ab71e879690\" data-dt-img-description=\"\" data-large_image_width=\"500\" data-large_image_height=\"696\"href='https:\/\/www.radiopiu.net\/wordpress\/wp-content\/uploads\/2025\/03\/ba76e127-707c-4a8a-a6ac-6ab71e879690.jpg'><img loading=\"lazy\" decoding=\"async\" width=\"150\" height=\"150\" src=\"https:\/\/www.radiopiu.net\/wordpress\/wp-content\/uploads\/2025\/03\/ba76e127-707c-4a8a-a6ac-6ab71e879690-150x150.jpg\" class=\"attachment-thumbnail size-thumbnail\" alt=\"\" aria-describedby=\"gallery-3-437826\" \/><\/a>\n\t\t\t\t<\/dt>\n\t\t\t\t\t<dd class='wp-caption-text gallery-caption' id='gallery-3-437826'>\n\t\t\t\t\tPOSTICIPATO AL 6 APRILE\n\t\t\t\t\t<\/dd><\/dl><br style=\"clear: both\" \/><dl class='gallery-item'>\n\t\t\t\t<dt class='gallery-icon portrait'>\n\t\t\t\t\t<a class=\"rollover rollover-zoom dt-pswp-item\" title=\"86913bf1-cfa4-493b-8e26-1aa10ea03f0b\" data-dt-img-description=\"\" data-large_image_width=\"1638\" data-large_image_height=\"2048\"href='https:\/\/www.radiopiu.net\/wordpress\/wp-content\/uploads\/2025\/03\/86913bf1-cfa4-493b-8e26-1aa10ea03f0b.jpg'><img loading=\"lazy\" decoding=\"async\" width=\"150\" height=\"150\" src=\"https:\/\/www.radiopiu.net\/wordpress\/wp-content\/uploads\/2025\/03\/86913bf1-cfa4-493b-8e26-1aa10ea03f0b-150x150.jpg\" class=\"attachment-thumbnail size-thumbnail\" alt=\"\" \/><\/a>\n\t\t\t\t<\/dt><\/dl><dl class='gallery-item'>\n\t\t\t\t<dt class='gallery-icon portrait'>\n\t\t\t\t\t<a class=\"rollover rollover-zoom dt-pswp-item\" title=\"22febcb9-69d4-4d91-9106-c3264bd449f9\" data-dt-img-description=\"\" data-large_image_width=\"1284\" data-large_image_height=\"2048\"href='https:\/\/www.radiopiu.net\/wordpress\/wp-content\/uploads\/2025\/03\/22febcb9-69d4-4d91-9106-c3264bd449f9.jpg'><img loading=\"lazy\" decoding=\"async\" width=\"150\" height=\"150\" src=\"https:\/\/www.radiopiu.net\/wordpress\/wp-content\/uploads\/2025\/03\/22febcb9-69d4-4d91-9106-c3264bd449f9-150x150.jpg\" class=\"attachment-thumbnail size-thumbnail\" alt=\"\" \/><\/a>\n\t\t\t\t<\/dt><\/dl><dl class='gallery-item'>\n\t\t\t\t<dt class='gallery-icon portrait'>\n\t\t\t\t\t<a class=\"rollover rollover-zoom dt-pswp-item\" title=\"miss italia\" data-dt-img-description=\"\" data-large_image_width=\"1440\" data-large_image_height=\"1799\"href='https:\/\/www.radiopiu.net\/wordpress\/wp-content\/uploads\/2025\/03\/miss-italia.jpg'><img loading=\"lazy\" decoding=\"async\" width=\"150\" height=\"150\" src=\"https:\/\/www.radiopiu.net\/wordpress\/wp-content\/uploads\/2025\/03\/miss-italia-150x150.jpg\" class=\"attachment-thumbnail size-thumbnail\" alt=\"\" \/><\/a>\n\t\t\t\t<\/dt><\/dl><dl class='gallery-item'>\n\t\t\t\t<dt class='gallery-icon landscape'>\n\t\t\t\t\t<a class=\"rollover rollover-zoom dt-pswp-item\" title=\"ALLEGHE-baiteaperte-header\" data-dt-img-description=\"\" data-large_image_width=\"1920\" data-large_image_height=\"787\"href='https:\/\/www.radiopiu.net\/wordpress\/wp-content\/uploads\/2025\/03\/ALLEGHE-baiteaperte-header.jpg'><img loading=\"lazy\" decoding=\"async\" width=\"150\" height=\"150\" src=\"https:\/\/www.radiopiu.net\/wordpress\/wp-content\/uploads\/2025\/03\/ALLEGHE-baiteaperte-header-150x150.jpg\" class=\"attachment-thumbnail size-thumbnail\" alt=\"\" \/><\/a>\n\t\t\t\t<\/dt><\/dl><br style=\"clear: both\" \/>\n\t\t\t<\/div>\n\n<p>&nbsp;<\/p>\n<p>&nbsp;<\/p>\n<\/div>\n<\/div>\n<\/div>\n<\/div>\n<\/div>\n<\/div>\n<\/div>\n<\/div>\n<\/div>\n<\/div>\n<\/div>\n<\/div>\n<p>&nbsp;<\/p>\n<\/div>\n<\/div>\n<\/div>\n<\/div>\n<\/div>\n<\/div>\n<\/div>\n<\/div>\n<\/div>\n<\/div>\n<\/div>\n<\/div>\n<hr \/>\n<p>&nbsp;<\/p>\n<p class=\"mceTemp\"><a class=\"dt-pswp-item\" href=\"https:\/\/www.radiopiu.net\/wordpress\/wp-content\/uploads\/2018\/09\/WhatsApp-Image-2018-09-20-at-16.04.06.jpeg\" data-dt-img-description=\"\" data-large_image_width=\"800\" data-large_image_height=\"100\"><img loading=\"lazy\" decoding=\"async\" class=\"wp-image-61378 size-full aligncenter\" src=\"https:\/\/www.radiopiu.net\/wordpress\/wp-content\/uploads\/2018\/09\/WhatsApp-Image-2018-09-20-at-16.04.06.jpeg\" alt=\"\" width=\"800\" height=\"100\" srcset=\"https:\/\/www.radiopiu.net\/wordpress\/wp-content\/uploads\/2018\/09\/WhatsApp-Image-2018-09-20-at-16.04.06.jpeg 800w, https:\/\/www.radiopiu.net\/wordpress\/wp-content\/uploads\/2018\/09\/WhatsApp-Image-2018-09-20-at-16.04.06-300x38.jpeg 300w, https:\/\/www.radiopiu.net\/wordpress\/wp-content\/uploads\/2018\/09\/WhatsApp-Image-2018-09-20-at-16.04.06-768x96.jpeg 768w\" sizes=\"auto, (max-width: 800px) 100vw, 800px\" \/><\/a><\/p>\n<p><center><\/center><center><\/center>&nbsp;<\/p>\n<p><center><b>OGGI<\/b><\/center>Cielo irregolarmente nuvoloso con addensamenti a tratti significativi specie nella notte e nella seconda parte della giornata associati a fenomeni anche diffusi pi\u00f9 modesti rispetto a quelli di mercoled\u00ec. Possibile qualche schiarita nel corso della giornata ma in un contesto ancora molto umido a tutte le quote.<br \/>\n<b>Precipitazioni: <\/b>Possibili precipitazioni intermittenti da sparse a diffuse soprattutto al mattino fino all&#8217;alba e nel pomeriggio\/sera, di modesta entit\u00e0 e di debole a tratti di moderata intensit\u00e0, nevose intorno ai 1300-1600 m.<br \/>\n<b>Temperature: <\/b>Minime stazionarie o in lieve flessione, massime in leggero aumento per qualche temporanea e parziale schiarita e per minore piovosit\u00e0 rispetto a mercoled\u00ec.<\/p>\n<hr \/>\n<p><center><b>DOMANI<\/b><\/center>Ancora cielo molto nuvoloso o coperto con tempo generalmente perturbato.<br \/>\n<b>Precipitazioni: <\/b>Probabilit\u00e0 alta di precipitazioni specie al mattino, a carattere diffuso, intermittente e in prevalenza di moderata intensit\u00e0. Dalle ore centrali attenuazione dei fenomeni con residue e deboli precipitazioni perlopi\u00f9 locali. Limite delle nevicate intorno ai 1400-1700 m sulle Prealpi e ai 1200-1400 m sulle Dolomiti.<br \/>\n<b>Temperature: <\/b>Minime senza notevoli variazioni, massime in contenuta diminuzione con limitata escursione termica giornaliera.<\/p>\n<hr \/>\n<p><center><b>SABATO<\/b><\/center>Tempo ancora variabile a tratti perturbato con precipitazioni intermittenti e diffuse, nevose intorno ai 1300-1600 m. Possibili riduzioni di visibilit\u00e0 nelle valli per foschie o locali banchi di nebbia associati a nubi basse nella notte e nel primo mattino. Temperature perlopi\u00f9 stazionarie.<\/p>\n<hr \/>\n<p><center><b>DOMENICA<\/b><\/center>Tempo variabile con alternanza di annuvolamenti e schiarite con fenomeni scarsi o assenti e con eventuali deboli nevicate oltre i 1500-1600 m. Temperature minime in diminuzione, massime senza notevoli variazioni.<\/p>\n<p>&nbsp;<\/p>\n<p>&nbsp;<\/p>\n<hr \/>\n<p>&nbsp;<\/p>\n<p class=\"mceTemp\"><a class=\"dt-pswp-item\" href=\"https:\/\/www.radiopiu.net\/wordpress\/wp-content\/uploads\/2018\/09\/sport.jpg\" data-dt-img-description=\"\" data-large_image_width=\"800\" data-large_image_height=\"100\"><img loading=\"lazy\" decoding=\"async\" class=\"aligncenter wp-image-60761 size-full\" src=\"https:\/\/www.radiopiu.net\/wordpress\/wp-content\/uploads\/2018\/09\/sport.jpg\" alt=\"\" width=\"800\" height=\"100\" srcset=\"https:\/\/www.radiopiu.net\/wordpress\/wp-content\/uploads\/2018\/09\/sport.jpg 800w, https:\/\/www.radiopiu.net\/wordpress\/wp-content\/uploads\/2018\/09\/sport-300x38.jpg 300w, https:\/\/www.radiopiu.net\/wordpress\/wp-content\/uploads\/2018\/09\/sport-768x96.jpg 768w\" sizes=\"auto, (max-width: 800px) 100vw, 800px\" \/> <\/a><\/p>\n<p class=\"mceTemp\"><span style=\"color: #0000ff;\"><strong>\u00a0 \u00a0 \u00a0 \u00a0\u00a0<\/strong><\/span><\/p>\n<p><span style=\"color: #0000ff;\"><strong>KARATE<\/strong><\/span><\/p>\n<blockquote>\n<h3>MASOCH TRIONFA, FUSO SFIORA IL PODIO: DETERMINAZIONE E FUTURO AGONISTICO!<\/h3>\n<\/blockquote>\n<p>&nbsp;<\/p>\n<blockquote>\n<div class=\"mb-2 flex gap-3 -ml-2\" tabindex=\"0\">\n<div class=\"flex items-center justify-start rounded-xl p-1\">\n<div class=\"flex items-center\" style=\"text-align: left;\">\n<p><button class=\"rounded-lg text-token-text-secondary hover:bg-token-main-surface-secondary\" aria-label=\"Modifica in un quadro\">Il Karate Team Dolomiti 1970, sotto la guida del maestro Vittorio Moreno, celebra nuovi successi e continua la preparazione nelle sedi di Belluno, Taibon Agordino e Caprile, puntando alle prossime sfide agonistiche.<\/button><\/p>\n<div class=\"flex items-center pb-0\"><\/div>\n<\/div>\n<\/div>\n<\/div>\n<\/blockquote>\n<p data-start=\"0\" data-end=\"63\"><strong>di <em>mirko_mezzacasa<\/em><\/strong><\/p>\n<p data-start=\"147\" data-end=\"651\"><a class=\"dt-pswp-item\" href=\"https:\/\/www.radiopiu.net\/wordpress\/wp-content\/uploads\/2025\/03\/2025-03-09.jpg\" data-dt-img-description=\"\" data-large_image_width=\"802\" data-large_image_height=\"830\"><img loading=\"lazy\" decoding=\"async\" class=\" wp-image-439280 alignleft\" src=\"https:\/\/www.radiopiu.net\/wordpress\/wp-content\/uploads\/2025\/03\/2025-03-09-290x300.jpg\" alt=\"\" width=\"225\" height=\"233\" srcset=\"https:\/\/www.radiopiu.net\/wordpress\/wp-content\/uploads\/2025\/03\/2025-03-09-290x300.jpg 290w, https:\/\/www.radiopiu.net\/wordpress\/wp-content\/uploads\/2025\/03\/2025-03-09-768x795.jpg 768w, https:\/\/www.radiopiu.net\/wordpress\/wp-content\/uploads\/2025\/03\/2025-03-09.jpg 802w\" sizes=\"auto, (max-width: 225px) 100vw, 225px\" \/><\/a>Dopo il successo internazionale in Slovenia, a Velenje, nella categoria Under 21, <strong>Mariachiara Masoch<\/strong> si conferma ancora una volta ai vertici del Karate italiano. Domenica a Mestre nel veneziano, ha conquistato l\u2019oro nella gara di qualificazione regionale per il Campionato Italiano Assoluto di Kumite (combattimento), categoria -50 kg. Con una performance impeccabile e senza subire alcun punto, ha superato tutte le avversarie, guadagnandosi il titolo regionale e la qualificazione alla fase nazionale. <strong>Martina Fuso<\/strong> sfiora il podio, quindi un ottima ripresa considerato che\u00a0 ha dovuto affrontare un lungo stop dovuto ad infortuni e impegni scolastici, ma il suo talento resta indiscusso e avr\u00e0 altre occasioni per mettersi in luce.<\/p>\n<p data-start=\"935\" data-end=\"1180\">Il prossimo appuntamento per Mariachiara Masoch sar\u00e0 la fase finale del Campionato Italiano Assoluto, in programma a Ostia (RM) dal 28 al 30 marzo. A seguire, altri impegni di prestigio la vedranno protagonista nei principali tornei nazionali. <strong>\u00a7foto,<\/strong> da sinistra Mariachiara Masoch, Vittorio Moreno, Martina Fuso.<\/p>\n<hr \/>\n<p>&nbsp;<\/p>\n<p>&nbsp;<\/p>\n","protected":false},"excerpt":{"rendered":"<p>********* &nbsp; LA\u00a0 APP PER IOS-IPHONE di Nicola Vettorello https:\/\/apps.apple.com\/it\/app\/radio-pi%C3%B9-emittente-agordina\/id1515939845 LA\u00a0 APP RADIO\u00a0 PER ANDROID di Nicola Vettorello https:\/\/play.google.com\/store\/apps\/details?id=net.radiopiu.iniko\u00a0\u00a0\u00a0\u00a0 &nbsp; &nbsp; &nbsp; OGGI \u00a0\u00a0 8.30 PIU&#8217; SIAMO&#8230; PIU&#8217; CE LA GODIAMO CON MARINA DONA&#8217;\u00a0 09.00 LA MUSICA COUNTRY, DAL 1983, DA 42 ANNI&#8230; LE SELEZIONI DI ALEX NASCINBEN 10.30 BAITE APERTE ED EVENTI DI FINE&hellip;<\/p>\n","protected":false},"author":4,"featured_media":439272,"comment_status":"closed","ping_status":"closed","sticky":false,"template":"","format":"standard","meta":{"_monsterinsights_skip_tracking":false,"_monsterinsights_sitenote_active":false,"_monsterinsights_sitenote_note":"","_monsterinsights_sitenote_category":0,"footnotes":""},"categories":[51,86,49],"tags":[],"class_list":["post-439219","post","type-post","status-publish","format-standard","has-post-thumbnail","hentry","category-evidenza-top","category-gr","category-news-18","category-51","category-86","category-49","description-off"],"img_url":"https:\/\/www.radiopiu.net\/wordpress\/wp-content\/uploads\/2025\/03\/09044616-80e8-4bcd-b96d-b7f3c722e6a7.jpg","_links":{"self":[{"href":"https:\/\/www.radiopiu.net\/wordpress\/wp-json\/wp\/v2\/posts\/439219","targetHints":{"allow":["GET"]}}],"collection":[{"href":"https:\/\/www.radiopiu.net\/wordpress\/wp-json\/wp\/v2\/posts"}],"about":[{"href":"https:\/\/www.radiopiu.net\/wordpress\/wp-json\/wp\/v2\/types\/post"}],"author":[{"embeddable":true,"href":"https:\/\/www.radiopiu.net\/wordpress\/wp-json\/wp\/v2\/users\/4"}],"replies":[{"embeddable":true,"href":"https:\/\/www.radiopiu.net\/wordpress\/wp-json\/wp\/v2\/comments?post=439219"}],"version-history":[{"count":27,"href":"https:\/\/www.radiopiu.net\/wordpress\/wp-json\/wp\/v2\/posts\/439219\/revisions"}],"predecessor-version":[{"id":439446,"href":"https:\/\/www.radiopiu.net\/wordpress\/wp-json\/wp\/v2\/posts\/439219\/revisions\/439446"}],"wp:featuredmedia":[{"embeddable":true,"href":"https:\/\/www.radiopiu.net\/wordpress\/wp-json\/wp\/v2\/media\/439272"}],"wp:attachment":[{"href":"https:\/\/www.radiopiu.net\/wordpress\/wp-json\/wp\/v2\/media?parent=439219"}],"wp:term":[{"taxonomy":"category","embeddable":true,"href":"https:\/\/www.radiopiu.net\/wordpress\/wp-json\/wp\/v2\/categories?post=439219"},{"taxonomy":"post_tag","embeddable":true,"href":"https:\/\/www.radiopiu.net\/wordpress\/wp-json\/wp\/v2\/tags?post=439219"}],"curies":[{"name":"wp","href":"https:\/\/api.w.org\/{rel}","templated":true}]}}