{"id":439233,"date":"2025-03-12T05:43:01","date_gmt":"2025-03-12T04:43:01","guid":{"rendered":"https:\/\/www.radiopiu.net\/wordpress\/?p=439233"},"modified":"2025-03-12T05:47:06","modified_gmt":"2025-03-12T04:47:06","slug":"feltre-pestato-due-volte-anche-da-una-donna-quattro-imputati-a-processo","status":"publish","type":"post","link":"https:\/\/www.radiopiu.net\/wordpress\/feltre-pestato-due-volte-anche-da-una-donna-quattro-imputati-a-processo\/","title":{"rendered":"FELTRE, PESTATO DUE VOLTE ANCHE DA UNA DONNA: QUATTRO IMPUTATI A PROCESSO"},"content":{"rendered":"<p>**<br \/>\nLA GIUDIZIARIA OGGI<\/p>\n<p>SINTESI DAL CORRIERE DELLE ALPI_GIGI SOSSO<\/p>\n<article class=\"w-full text-token-text-primary focus-visible:outline-2 focus-visible:outline-offset-[-4px]\" dir=\"auto\" data-testid=\"conversation-turn-7\" data-scroll-anchor=\"true\">\n<div class=\"text-base my-auto mx-auto py-[18px] px-6\">\n<div class=\"mx-auto flex flex-1 text-base gap-4 md:gap-5 lg:gap-6 md:max-w-3xl\">\n<div class=\"group\/conversation-turn relative flex w-full min-w-0 flex-col agent-turn @xs\/thread:px-0 @sm\/thread:px-1.5 @md\/thread:px-4\">\n<div class=\"flex-col gap-1 md:gap-3\">\n<div class=\"flex max-w-full flex-col flex-grow\">\n<div class=\"min-h-8 text-message relative flex w-full flex-col items-end gap-2 whitespace-normal break-words text-start [.text-message+&amp;]:mt-5\" dir=\"auto\" data-message-author-role=\"assistant\" data-message-id=\"06410ad5-414d-4742-a4d7-9915c3ccf5ab\" data-message-model-slug=\"gpt-4o\">\n<div class=\"flex w-full flex-col gap-1 empty:hidden first:pt-[3px]\">\n<div class=\"markdown prose w-full break-words dark:prose-invert dark\">\n<article class=\"w-full text-token-text-primary focus-visible:outline-2 focus-visible:outline-offset-[-4px]\" dir=\"auto\" data-testid=\"conversation-turn-11\" data-scroll-anchor=\"true\">\n<div class=\"text-base my-auto mx-auto py-[18px] px-6\">\n<div class=\"mx-auto flex flex-1 text-base gap-4 md:gap-5 lg:gap-6 md:max-w-3xl\">\n<div class=\"group\/conversation-turn relative flex w-full min-w-0 flex-col agent-turn @xs\/thread:px-0 @sm\/thread:px-1.5 @md\/thread:px-4\">\n<div class=\"flex-col gap-1 md:gap-3\">\n<div class=\"flex max-w-full flex-col flex-grow\">\n<div class=\"min-h-8 text-message relative flex w-full flex-col items-end gap-2 whitespace-normal break-words text-start [.text-message+&amp;]:mt-5\" dir=\"auto\" data-message-author-role=\"assistant\" data-message-id=\"92f819ac-820d-4aed-a66b-28de0bb971d3\" data-message-model-slug=\"gpt-4o\">\n<div class=\"flex w-full flex-col gap-1 empty:hidden first:pt-[3px]\">\n<div class=\"markdown prose w-full break-words dark:prose-invert dark\">\n<p data-start=\"0\" data-end=\"51\" data-is-last-node=\"\" data-is-only-node=\"\">\n<article class=\"w-full text-token-text-primary focus-visible:outline-2 focus-visible:outline-offset-[-4px]\" dir=\"auto\" data-testid=\"conversation-turn-9\" data-scroll-anchor=\"false\">\n<div class=\"text-base my-auto mx-auto py-[18px] px-6\">\n<div class=\"mx-auto flex flex-1 text-base gap-4 md:gap-5 lg:gap-6 md:max-w-3xl\">\n<div class=\"group\/conversation-turn relative flex w-full min-w-0 flex-col agent-turn @xs\/thread:px-0 @sm\/thread:px-1.5 @md\/thread:px-4\">\n<div class=\"flex-col gap-1 md:gap-3\">\n<div class=\"flex max-w-full flex-col flex-grow\">\n<div class=\"min-h-8 text-message relative flex w-full flex-col items-end gap-2 whitespace-normal break-words text-start [.text-message+&amp;]:mt-5\" dir=\"auto\" data-message-author-role=\"assistant\" data-message-id=\"84044d4a-4ea1-47da-94bd-df6b62f6105a\" data-message-model-slug=\"gpt-4o\">\n<div class=\"flex w-full flex-col gap-1 empty:hidden first:pt-[3px]\">\n<div class=\"markdown prose w-full break-words dark:prose-invert dark\">\n<p data-start=\"62\" data-end=\"570\" data-is-last-node=\"\" data-is-only-node=\"\"><strong><img loading=\"lazy\" decoding=\"async\" class=\"alignleft\" src=\"https:\/\/www.radiopiu.net\/wordpress\/wp-content\/uploads\/2025\/03\/aacb140d-e965-411d-a0df-c0961ed3f3e7-300x300.webp\" width=\"143\" height=\"143\" \/>FELTRE \u2013<\/strong> Un uomo ha denunciato S C, M L, D V e P M per lesioni aggravate in concorso. Le aggressioni sarebbero avvenute tra Sedico e Feltre il 20 e 21 luglio di tre anni fa. La vittima ha riportato gravi lesioni, tra cui un trauma alla retina e fratture nasali. La Procura ha contestato l\u2019aggravante del gruppo e la recidiva per alcuni imputati. Il giudice ha disposto il dibattimento: il processo chiarir\u00e0 i motivi delle aggressioni e il ruolo di ciascun accusato.<\/p>\n<\/div>\n<\/div>\n<\/div>\n<\/div>\n<\/div>\n<div class=\"absolute\">\n<div class=\"flex items-center justify-center\"><\/div>\n<\/div>\n<\/div>\n<\/div>\n<\/div>\n<\/article>\n<blockquote>\n<h2 data-start=\"0\" data-end=\"51\">PESTAGGIO FUORI DALLA DISCOTECA: AL VIA IL PROCESSO<\/h2>\n<\/blockquote>\n<\/div>\n<\/div>\n<\/div>\n<\/div>\n<div class=\"mb-2 flex gap-3 -ml-2\" tabindex=\"0\">\n<div class=\"flex items-center justify-start rounded-xl p-1\"><\/div>\n<\/div>\n<\/div>\n<div class=\"absolute\">\n<div class=\"flex items-center justify-center\"><strong>BELLUNO \u2013<\/strong> Tre giovani, sono accusati di aver aggredito un colombiano nel parcheggio della discoteca J&#8217;Adore. La vittima sostiene di essere stata colpita con calci, pugni e frammenti di vetro, riportando sei giorni di prognosi.\u00a0 Due indagati negano la presenza sul luogo e i loro avvocati contestano il riconoscimento fotografico. La Procura ha chiesto il dibattimento, e il giudice ha fissato la prima udienza per il 15 luglio. Saranno ascoltati la vittima e i testimoni dell\u2019accusa.<\/div>\n<div><\/div>\n<div>\n<article class=\"w-full text-token-text-primary focus-visible:outline-2 focus-visible:outline-offset-[-4px]\" dir=\"auto\" data-testid=\"conversation-turn-15\" data-scroll-anchor=\"true\">\n<div class=\"text-base my-auto mx-auto py-[18px] px-6\">\n<div class=\"mx-auto flex flex-1 text-base gap-4 md:gap-5 lg:gap-6 md:max-w-3xl\">\n<div class=\"group\/conversation-turn relative flex w-full min-w-0 flex-col agent-turn @xs\/thread:px-0 @sm\/thread:px-1.5 @md\/thread:px-4\">\n<div class=\"flex-col gap-1 md:gap-3\">\n<div class=\"flex max-w-full flex-col flex-grow\">\n<div class=\"min-h-8 text-message relative flex w-full flex-col items-end gap-2 whitespace-normal break-words text-start [.text-message+&amp;]:mt-5\" dir=\"auto\" data-message-author-role=\"assistant\" data-message-id=\"0a1321e8-8aee-40f9-9a7e-9521a0968394\" data-message-model-slug=\"gpt-4o\">\n<div class=\"flex w-full flex-col gap-1 empty:hidden first:pt-[3px]\">\n<div class=\"markdown prose w-full break-words dark:prose-invert dark\">\n<blockquote>\n<h2 data-start=\"0\" data-end=\"43\">FURTO ALLA COOP DI FELTRE: DONNA A PROCESSO<\/h2>\n<\/blockquote>\n<\/div>\n<\/div>\n<\/div>\n<\/div>\n<\/div>\n<\/div>\n<\/div>\n<\/div>\n<\/article>\n<\/div>\n<div><strong>FELTRE<\/strong> C A \u00e8 accusata di furto aggravato per aver sottratto un cellulare di ultima generazione dimenticato alla cassa automatica della Coop. I fatti risalgono al 16 agosto di tre anni fa. Dopo aver pagato la spesa, la donna avrebbe notato il telefono e lo avrebbe preso prima di uscire dal supermercato. Difesa d&#8217;ufficio dall&#8217;avvocato Mauro Gasperin, affronter\u00e0 il processo come richiesto dal pubblico ministero Maria Luisa Pesco. La prima testimone sar\u00e0 la proprietaria del cellulare, che ricostruir\u00e0 l\u2019accaduto.<\/div>\n<\/div>\n<\/div>\n<div><\/div>\n<blockquote>\n<div><strong data-start=\"0\" data-end=\"56\">OCCUPAZIONE ABUSIVA A FELTRE: DUE GIOVANI A PROCESSO<\/strong><\/div>\n<\/blockquote>\n<div>\n<p data-start=\"60\" data-end=\"615\" data-is-last-node=\"\" data-is-only-node=\"\">\u00a0<strong>FELTRE<\/strong> Due giovani, S.C. e M.L., sono a processo per l\u2019occupazione abusiva dell&#8217;ex caserma dei carabinieri di Borgo Ruga, immobile di propriet\u00e0 della Provincia. I fatti risalgono al 15 novembre di quattro anni fa. Difesi dagli avvocati Ferdinando Coppa ed Enrico Rech, non si sono presentati all\u2019udienza pre-dibattimentale. Il pubblico ministero ha ottenuto il dibattimento. Gli imputati, gi\u00e0 coinvolti in un\u2019altra occupazione abusiva nel 2021, dovranno ora rispondere dell\u2019accusa di invasione di edifici in concorso. Il processo inizier\u00e0 prossimamente.<\/p>\n<\/div>\n<div><\/div>\n<\/div>\n<\/div>\n<\/article>\n<\/div>\n<\/div>\n<\/div>\n<\/div>\n<\/div>\n<\/div>\n<\/div>\n<\/div>\n<\/article>\n<p data-start=\"0\" data-end=\"73\"><strong data-start=\"0\" data-end=\"73\">MINACCIA IL SUO VICINO CON UNA BALESTRA CARICA E FINISCE IN TRIBUNALE<\/strong><\/p>\n<p data-start=\"75\" data-end=\"695\" data-is-last-node=\"\" data-is-only-node=\"\">BORGO VALBELLUNA\u00a0 F T ha minacciato il suo vicino con una balestra carica lo scorso 2 luglio.\u00a0 Spaventato,\u00a0 ha denunciato l&#8217;accaduto ai carabinieri. Il pubblico ministero ha richiesto un decreto penale di condanna con una multa di 2.700 euro. F T\u00a0 ha presentato opposizione, decidendo di affrontare il processo. L&#8217;udienza pre-dibattimentale si \u00e8 svolta ieri e il processo inizier\u00e0 il 24 giugno con la testimonianza dei primi testimoni.<\/p>\n<p data-start=\"75\" data-end=\"695\" data-is-last-node=\"\" data-is-only-node=\"\">\n<hr \/>\n<article class=\"w-full text-token-text-primary focus-visible:outline-2 focus-visible:outline-offset-[-4px]\" dir=\"auto\" data-testid=\"conversation-turn-7\" data-scroll-anchor=\"true\">\n<div class=\"text-base my-auto mx-auto py-[18px] px-6\">\n<div class=\"mx-auto flex flex-1 text-base gap-4 md:gap-5 lg:gap-6 md:max-w-3xl\">\n<div class=\"group\/conversation-turn relative flex w-full min-w-0 flex-col agent-turn @xs\/thread:px-0 @sm\/thread:px-1.5 @md\/thread:px-4\">\n<div class=\"absolute\">\n<div class=\"flex items-center justify-center\"><\/div>\n<\/div>\n<\/div>\n<\/div>\n<\/div>\n<\/article>\n<div class=\"pointer-events-none h-px w-px\" aria-hidden=\"true\" data-edge=\"true\"><\/div>\n","protected":false},"excerpt":{"rendered":"<p>** LA GIUDIZIARIA OGGI SINTESI DAL CORRIERE DELLE ALPI_GIGI SOSSO FELTRE \u2013 Un uomo ha denunciato S C, M L, D V e P M per lesioni aggravate in concorso. Le aggressioni sarebbero avvenute tra Sedico e Feltre il 20 e 21 luglio di tre anni fa. La vittima ha riportato gravi lesioni, tra cui&hellip;<\/p>\n","protected":false},"author":4,"featured_media":439242,"comment_status":"closed","ping_status":"closed","sticky":false,"template":"","format":"standard","meta":{"_monsterinsights_skip_tracking":false,"_monsterinsights_sitenote_active":false,"_monsterinsights_sitenote_note":"","_monsterinsights_sitenote_category":0,"footnotes":""},"categories":[51,49],"tags":[],"class_list":["post-439233","post","type-post","status-publish","format-standard","has-post-thumbnail","hentry","category-evidenza-top","category-news-18","category-51","category-49","description-off"],"img_url":"https:\/\/www.radiopiu.net\/wordpress\/wp-content\/uploads\/2025\/03\/aacb140d-e965-411d-a0df-c0961ed3f3e7.webp","_links":{"self":[{"href":"https:\/\/www.radiopiu.net\/wordpress\/wp-json\/wp\/v2\/posts\/439233","targetHints":{"allow":["GET"]}}],"collection":[{"href":"https:\/\/www.radiopiu.net\/wordpress\/wp-json\/wp\/v2\/posts"}],"about":[{"href":"https:\/\/www.radiopiu.net\/wordpress\/wp-json\/wp\/v2\/types\/post"}],"author":[{"embeddable":true,"href":"https:\/\/www.radiopiu.net\/wordpress\/wp-json\/wp\/v2\/users\/4"}],"replies":[{"embeddable":true,"href":"https:\/\/www.radiopiu.net\/wordpress\/wp-json\/wp\/v2\/comments?post=439233"}],"version-history":[{"count":1,"href":"https:\/\/www.radiopiu.net\/wordpress\/wp-json\/wp\/v2\/posts\/439233\/revisions"}],"predecessor-version":[{"id":439243,"href":"https:\/\/www.radiopiu.net\/wordpress\/wp-json\/wp\/v2\/posts\/439233\/revisions\/439243"}],"wp:featuredmedia":[{"embeddable":true,"href":"https:\/\/www.radiopiu.net\/wordpress\/wp-json\/wp\/v2\/media\/439242"}],"wp:attachment":[{"href":"https:\/\/www.radiopiu.net\/wordpress\/wp-json\/wp\/v2\/media?parent=439233"}],"wp:term":[{"taxonomy":"category","embeddable":true,"href":"https:\/\/www.radiopiu.net\/wordpress\/wp-json\/wp\/v2\/categories?post=439233"},{"taxonomy":"post_tag","embeddable":true,"href":"https:\/\/www.radiopiu.net\/wordpress\/wp-json\/wp\/v2\/tags?post=439233"}],"curies":[{"name":"wp","href":"https:\/\/api.w.org\/{rel}","templated":true}]}}