{"id":439405,"date":"2025-03-13T05:47:30","date_gmt":"2025-03-13T04:47:30","guid":{"rendered":"https:\/\/www.radiopiu.net\/wordpress\/?p=439405"},"modified":"2025-03-13T05:54:59","modified_gmt":"2025-03-13T04:54:59","slug":"molestie-sessuali-a-cortina-ex-collega-a-processo","status":"publish","type":"post","link":"https:\/\/www.radiopiu.net\/wordpress\/molestie-sessuali-a-cortina-ex-collega-a-processo\/","title":{"rendered":"MOLESTIE SESSUALI A CORTINA: EX COLLEGA A PROCESSO"},"content":{"rendered":"<p>**<\/p>\n<p>&nbsp;<\/p>\n<p><strong>OGGI LA GIUDIZIARIA<\/strong><br \/>\n<strong>DAL CORRIERE DELLE ALPI<\/strong><br \/>\n<strong>SINTESI, GIGI SOSSO<\/strong><\/p>\n<blockquote>\n<h2 data-start=\"0\" data-end=\"59\"><strong data-start=\"0\" data-end=\"57\">PADRE A PROCESSO PER MALTRATTAMENTI A MOGLIE E FIGLIO<\/strong><\/h2>\n<\/blockquote>\n<p data-start=\"61\" data-end=\"366\"><strong>PEDAVENA<\/strong> Un uomo\u00a0 \u00e8 a processo per presunti maltrattamenti alla moglie e al figlio di 10 anni, reati aggravati dalla presenza del minore. La donna, assistita dall\u2019avvocato Nadia Forlin, si \u00e8 costituita parte civile. <img loading=\"lazy\" decoding=\"async\" class=\"alignleft\" src=\"https:\/\/www.radiopiu.net\/wordpress\/wp-content\/uploads\/2025\/03\/domestic-violence-7669890_1280-1-300x300.png\" width=\"193\" height=\"193\" \/>L\u2019imputato, che avrebbe usato violenza e minacce, ha scelto il dibattimento pubblico. Il processo, aperto ieri, riprender\u00e0 il 26 novembre con i primi testimoni. Il bambino non deporr\u00e0, avendo gi\u00e0 rilasciato dichiarazioni.<\/p>\n<blockquote>\n<h2 data-start=\"0\" data-end=\"52\"><\/h2>\n<\/blockquote>\n<p data-start=\"54\" data-end=\"340\"><strong>CORTINA <\/strong>Una donna ha denunciato due ore di molestie da parte di un ex collega in un bar di Cortina e lungo le vie del centro, nella notte tra il 14 e il 15 luglio 2022. Ripresi dalle telecamere, i fatti sono stati confermati dalla vittima in tribunale: \u00abMi sentivo come una bambola di pezza\u00bb. L\u2019uomo, dopo aver bevuto, l\u2019avrebbe toccata pi\u00f9 volte nonostante i suoi rifiuti. Solo minacciandolo, lei \u00e8 riuscita a sottrarsi. La madre della vittima testimonier\u00e0 il 10 settembre.<\/p>\n<p data-start=\"54\" data-end=\"340\">\n<hr \/>\n<p data-start=\"54\" data-end=\"340\">\n","protected":false},"excerpt":{"rendered":"<p>** &nbsp; OGGI LA GIUDIZIARIA DAL CORRIERE DELLE ALPI SINTESI, GIGI SOSSO PADRE A PROCESSO PER MALTRATTAMENTI A MOGLIE E FIGLIO PEDAVENA Un uomo\u00a0 \u00e8 a processo per presunti maltrattamenti alla moglie e al figlio di 10 anni, reati aggravati dalla presenza del minore. La donna, assistita dall\u2019avvocato Nadia Forlin, si \u00e8 costituita parte civile.&hellip;<\/p>\n","protected":false},"author":4,"featured_media":439407,"comment_status":"closed","ping_status":"closed","sticky":false,"template":"","format":"standard","meta":{"_monsterinsights_skip_tracking":false,"_monsterinsights_sitenote_active":false,"_monsterinsights_sitenote_note":"","_monsterinsights_sitenote_category":0,"footnotes":""},"categories":[51,49],"tags":[],"class_list":["post-439405","post","type-post","status-publish","format-standard","has-post-thumbnail","hentry","category-evidenza-top","category-news-18","category-51","category-49","description-off"],"img_url":"https:\/\/www.radiopiu.net\/wordpress\/wp-content\/uploads\/2025\/03\/domestic-violence-7669890_1280-1.png","_links":{"self":[{"href":"https:\/\/www.radiopiu.net\/wordpress\/wp-json\/wp\/v2\/posts\/439405","targetHints":{"allow":["GET"]}}],"collection":[{"href":"https:\/\/www.radiopiu.net\/wordpress\/wp-json\/wp\/v2\/posts"}],"about":[{"href":"https:\/\/www.radiopiu.net\/wordpress\/wp-json\/wp\/v2\/types\/post"}],"author":[{"embeddable":true,"href":"https:\/\/www.radiopiu.net\/wordpress\/wp-json\/wp\/v2\/users\/4"}],"replies":[{"embeddable":true,"href":"https:\/\/www.radiopiu.net\/wordpress\/wp-json\/wp\/v2\/comments?post=439405"}],"version-history":[{"count":1,"href":"https:\/\/www.radiopiu.net\/wordpress\/wp-json\/wp\/v2\/posts\/439405\/revisions"}],"predecessor-version":[{"id":439408,"href":"https:\/\/www.radiopiu.net\/wordpress\/wp-json\/wp\/v2\/posts\/439405\/revisions\/439408"}],"wp:featuredmedia":[{"embeddable":true,"href":"https:\/\/www.radiopiu.net\/wordpress\/wp-json\/wp\/v2\/media\/439407"}],"wp:attachment":[{"href":"https:\/\/www.radiopiu.net\/wordpress\/wp-json\/wp\/v2\/media?parent=439405"}],"wp:term":[{"taxonomy":"category","embeddable":true,"href":"https:\/\/www.radiopiu.net\/wordpress\/wp-json\/wp\/v2\/categories?post=439405"},{"taxonomy":"post_tag","embeddable":true,"href":"https:\/\/www.radiopiu.net\/wordpress\/wp-json\/wp\/v2\/tags?post=439405"}],"curies":[{"name":"wp","href":"https:\/\/api.w.org\/{rel}","templated":true}]}}