{"id":439525,"date":"2025-03-13T15:10:13","date_gmt":"2025-03-13T14:10:13","guid":{"rendered":"https:\/\/www.radiopiu.net\/wordpress\/?p=439525"},"modified":"2025-03-13T15:10:13","modified_gmt":"2025-03-13T14:10:13","slug":"banca-intesa-chiude-la-filiale-a-santo-stefano-di-cadore","status":"publish","type":"post","link":"https:\/\/www.radiopiu.net\/wordpress\/banca-intesa-chiude-la-filiale-a-santo-stefano-di-cadore\/","title":{"rendered":"BANCA INTESA CHIUDE LA FILIALE A SANTO STEFANO DI CADORE"},"content":{"rendered":"<p>*********<\/p>\n<p>&nbsp;<\/p>\n<h2><span style=\"color: #ff0000;\">L&#8217;OPINIONE&#8230;DI TOMMASO PETAZZI<\/span><\/h2>\n<p><a class=\"dt-pswp-item\" href=\"https:\/\/www.radiopiu.net\/wordpress\/wp-content\/uploads\/2021\/04\/ATM-BANCOMAT.jpg\" data-dt-img-description=\"\" data-large_image_width=\"1920\" data-large_image_height=\"1280\"><img loading=\"lazy\" decoding=\"async\" class=\" wp-image-201676 alignleft\" src=\"https:\/\/www.radiopiu.net\/wordpress\/wp-content\/uploads\/2021\/04\/ATM-BANCOMAT-300x200.jpg\" alt=\"\" width=\"173\" height=\"115\" srcset=\"https:\/\/www.radiopiu.net\/wordpress\/wp-content\/uploads\/2021\/04\/ATM-BANCOMAT-300x200.jpg 300w, https:\/\/www.radiopiu.net\/wordpress\/wp-content\/uploads\/2021\/04\/ATM-BANCOMAT-1024x683.jpg 1024w, https:\/\/www.radiopiu.net\/wordpress\/wp-content\/uploads\/2021\/04\/ATM-BANCOMAT-768x512.jpg 768w, https:\/\/www.radiopiu.net\/wordpress\/wp-content\/uploads\/2021\/04\/ATM-BANCOMAT-1536x1024.jpg 1536w, https:\/\/www.radiopiu.net\/wordpress\/wp-content\/uploads\/2021\/04\/ATM-BANCOMAT.jpg 1920w\" sizes=\"auto, (max-width: 173px) 100vw, 173px\" \/><\/a>Banca Intesa chiude la filiale di Santo Stefano di Cadore. A distanza della mia ultima lettera sul tema (13 dicembre 2024), ecco l\u2019ulteriore chiusura, che non sar\u00e0 purtroppo l\u2019ultima. \u201cUncem scrive agli Istituti: Traditi sindaci, cittadini e clienti\u201d, cos\u00ec titola il \u201cCorriere delle Alpi\u201d. Vorrei essere chiaro. Sono i sindaci, i cittadini, ma soprattutto i clienti che devono far sentire chiara la propria voce. Volete sguarnire i presidi fondamentali delle nostre vallate? Bene, ci rivolgeremo ad altri Istituti. Che sono le Casse rurali, ben presenti sul territorio. Ricordo agli sprovveduti che la societ\u00e0 bellunese \u00e8 una tra le pi\u00f9 facoltose in Italia e ricca di aziende a livello mondiale. Guarda caso in questi giorni apre a Sedico una filiale della Banca Cortina, cassa rurale ben presente nel Bellunese. Vogliamo capire, finalmente, come si possa e si debba agire? O continuiamo con una visione masochistica della nostra societ\u00e0?<\/p>\n<p>Tomaso Pettazzi<\/p>\n<p>&nbsp;<\/p>\n<p>&nbsp;<\/p>\n<p>***********<\/p>\n","protected":false},"excerpt":{"rendered":"<p>********* &nbsp; L&#8217;OPINIONE&#8230;DI TOMMASO PETAZZI Banca Intesa chiude la filiale di Santo Stefano di Cadore. A distanza della mia ultima lettera sul tema (13 dicembre 2024), ecco l\u2019ulteriore chiusura, che non sar\u00e0 purtroppo l\u2019ultima. \u201cUncem scrive agli Istituti: Traditi sindaci, cittadini e clienti\u201d, cos\u00ec titola il \u201cCorriere delle Alpi\u201d. Vorrei essere chiaro. Sono i sindaci,&hellip;<\/p>\n","protected":false},"author":4,"featured_media":201676,"comment_status":"closed","ping_status":"closed","sticky":false,"template":"","format":"standard","meta":{"_monsterinsights_skip_tracking":false,"_monsterinsights_sitenote_active":false,"_monsterinsights_sitenote_note":"","_monsterinsights_sitenote_category":0,"footnotes":""},"categories":[49],"tags":[],"class_list":["post-439525","post","type-post","status-publish","format-standard","has-post-thumbnail","hentry","category-news-18","category-49","description-off"],"img_url":"https:\/\/www.radiopiu.net\/wordpress\/wp-content\/uploads\/2021\/04\/ATM-BANCOMAT.jpg","_links":{"self":[{"href":"https:\/\/www.radiopiu.net\/wordpress\/wp-json\/wp\/v2\/posts\/439525","targetHints":{"allow":["GET"]}}],"collection":[{"href":"https:\/\/www.radiopiu.net\/wordpress\/wp-json\/wp\/v2\/posts"}],"about":[{"href":"https:\/\/www.radiopiu.net\/wordpress\/wp-json\/wp\/v2\/types\/post"}],"author":[{"embeddable":true,"href":"https:\/\/www.radiopiu.net\/wordpress\/wp-json\/wp\/v2\/users\/4"}],"replies":[{"embeddable":true,"href":"https:\/\/www.radiopiu.net\/wordpress\/wp-json\/wp\/v2\/comments?post=439525"}],"version-history":[{"count":1,"href":"https:\/\/www.radiopiu.net\/wordpress\/wp-json\/wp\/v2\/posts\/439525\/revisions"}],"predecessor-version":[{"id":439526,"href":"https:\/\/www.radiopiu.net\/wordpress\/wp-json\/wp\/v2\/posts\/439525\/revisions\/439526"}],"wp:featuredmedia":[{"embeddable":true,"href":"https:\/\/www.radiopiu.net\/wordpress\/wp-json\/wp\/v2\/media\/201676"}],"wp:attachment":[{"href":"https:\/\/www.radiopiu.net\/wordpress\/wp-json\/wp\/v2\/media?parent=439525"}],"wp:term":[{"taxonomy":"category","embeddable":true,"href":"https:\/\/www.radiopiu.net\/wordpress\/wp-json\/wp\/v2\/categories?post=439525"},{"taxonomy":"post_tag","embeddable":true,"href":"https:\/\/www.radiopiu.net\/wordpress\/wp-json\/wp\/v2\/tags?post=439525"}],"curies":[{"name":"wp","href":"https:\/\/api.w.org\/{rel}","templated":true}]}}