{"id":439529,"date":"2025-03-13T15:17:05","date_gmt":"2025-03-13T14:17:05","guid":{"rendered":"https:\/\/www.radiopiu.net\/wordpress\/?p=439529"},"modified":"2025-03-13T15:19:59","modified_gmt":"2025-03-13T14:19:59","slug":"chiusura-della-sp-2-della-valle-del-mis","status":"publish","type":"post","link":"https:\/\/www.radiopiu.net\/wordpress\/chiusura-della-sp-2-della-valle-del-mis\/","title":{"rendered":"MERCOLEDI&#8217; CHIUSURA DELLA SP 2 DELLA VALLE DEL MIS"},"content":{"rendered":"<p>*******<\/p>\n<p>&nbsp;<\/p>\n<p><strong>SEDICO<\/strong> Veneto Strade comunica che la SP 2 della Valle Del Mis, in localit\u00e0 Pascoli in comune di Sospirolo, sar\u00e0 interdetta al traffico nella giornata del 19 marzo dalle 7 alle 19: La chiusura \u00e8 necessaria per lavori di manutenzione straordinaria della paratoia di scarico.<\/p>\n<p>&nbsp;<\/p>\n<p>&nbsp;<\/p>\n<p>********<\/p>\n","protected":false},"excerpt":{"rendered":"<p>******* &nbsp; SEDICO Veneto Strade comunica che la SP 2 della Valle Del Mis, in localit\u00e0 Pascoli in comune di Sospirolo, sar\u00e0 interdetta al traffico nella giornata del 19 marzo dalle 7 alle 19: La chiusura \u00e8 necessaria per lavori di manutenzione straordinaria della paratoia di scarico. &nbsp; &nbsp; ********<\/p>\n","protected":false},"author":4,"featured_media":135574,"comment_status":"closed","ping_status":"closed","sticky":false,"template":"","format":"standard","meta":{"_monsterinsights_skip_tracking":false,"_monsterinsights_sitenote_active":false,"_monsterinsights_sitenote_note":"","_monsterinsights_sitenote_category":0,"footnotes":""},"categories":[49],"tags":[],"class_list":["post-439529","post","type-post","status-publish","format-standard","has-post-thumbnail","hentry","category-news-18","category-49","description-off"],"img_url":"https:\/\/www.radiopiu.net\/wordpress\/wp-content\/uploads\/2020\/05\/VENETO-STRADE.png","_links":{"self":[{"href":"https:\/\/www.radiopiu.net\/wordpress\/wp-json\/wp\/v2\/posts\/439529","targetHints":{"allow":["GET"]}}],"collection":[{"href":"https:\/\/www.radiopiu.net\/wordpress\/wp-json\/wp\/v2\/posts"}],"about":[{"href":"https:\/\/www.radiopiu.net\/wordpress\/wp-json\/wp\/v2\/types\/post"}],"author":[{"embeddable":true,"href":"https:\/\/www.radiopiu.net\/wordpress\/wp-json\/wp\/v2\/users\/4"}],"replies":[{"embeddable":true,"href":"https:\/\/www.radiopiu.net\/wordpress\/wp-json\/wp\/v2\/comments?post=439529"}],"version-history":[{"count":3,"href":"https:\/\/www.radiopiu.net\/wordpress\/wp-json\/wp\/v2\/posts\/439529\/revisions"}],"predecessor-version":[{"id":439533,"href":"https:\/\/www.radiopiu.net\/wordpress\/wp-json\/wp\/v2\/posts\/439529\/revisions\/439533"}],"wp:featuredmedia":[{"embeddable":true,"href":"https:\/\/www.radiopiu.net\/wordpress\/wp-json\/wp\/v2\/media\/135574"}],"wp:attachment":[{"href":"https:\/\/www.radiopiu.net\/wordpress\/wp-json\/wp\/v2\/media?parent=439529"}],"wp:term":[{"taxonomy":"category","embeddable":true,"href":"https:\/\/www.radiopiu.net\/wordpress\/wp-json\/wp\/v2\/categories?post=439529"},{"taxonomy":"post_tag","embeddable":true,"href":"https:\/\/www.radiopiu.net\/wordpress\/wp-json\/wp\/v2\/tags?post=439529"}],"curies":[{"name":"wp","href":"https:\/\/api.w.org\/{rel}","templated":true}]}}