{"id":439540,"date":"2025-03-13T15:28:13","date_gmt":"2025-03-13T14:28:13","guid":{"rendered":"https:\/\/www.radiopiu.net\/wordpress\/?p=439540"},"modified":"2025-03-14T05:00:22","modified_gmt":"2025-03-14T04:00:22","slug":"belluno-si-sono-conclusea","status":"publish","type":"post","link":"https:\/\/www.radiopiu.net\/wordpress\/belluno-si-sono-conclusea\/","title":{"rendered":"RIPARATA LA FALLA ALL\u2019ACQUEDOTTO DEL FORAME"},"content":{"rendered":"<p>********<\/p>\n<p align=\"JUSTIFY\">Si sono concluse intorno alle 17:30 di ieri le operazioni di riparazione dell\u2019acquedotto del Forame, danneggiato, intorno alle 14:00, in zona stazione da una ditta esterna che in loco sta eseguendo i lavori di sistemazione del piazzale.<\/p>\n<p align=\"JUSTIFY\">La rottura, che ha generato temporanea mancanza d\u2019acqua ad un vasto bacino d\u2019utenza (centro cittadino, zona sud fino all\u2019hotel Miramonti, zona ovest fino alla localit\u00e0 di Alver\u00e0, zona nord fino alla zona della Piscina), \u00e8 stata riparata in poche ore dalle squadre operative di SIB, al momento ancora sul posto.<\/p>\n<p align=\"JUSTIFY\">\n<hr \/>\n<blockquote>\n<h2 align=\"JUSTIFY\">IERI ALLA RADIO<br \/>\nFALLA ALLA RETE IDRICA DI CORTINA<\/h2>\n<\/blockquote>\n<p><strong><a class=\"dt-pswp-item\" href=\"https:\/\/www.radiopiu.net\/wordpress\/wp-content\/uploads\/2025\/03\/LoJASHGOHGOA-3.jpg\" data-dt-img-description=\"\" data-large_image_width=\"1152\" data-large_image_height=\"783\"><img loading=\"lazy\" decoding=\"async\" class=\" wp-image-439545 alignleft\" src=\"https:\/\/www.radiopiu.net\/wordpress\/wp-content\/uploads\/2025\/03\/LoJASHGOHGOA-3-300x204.jpg\" alt=\"\" width=\"197\" height=\"134\" srcset=\"https:\/\/www.radiopiu.net\/wordpress\/wp-content\/uploads\/2025\/03\/LoJASHGOHGOA-3-300x204.jpg 300w, https:\/\/www.radiopiu.net\/wordpress\/wp-content\/uploads\/2025\/03\/LoJASHGOHGOA-3-1024x696.jpg 1024w, https:\/\/www.radiopiu.net\/wordpress\/wp-content\/uploads\/2025\/03\/LoJASHGOHGOA-3-768x522.jpg 768w, https:\/\/www.radiopiu.net\/wordpress\/wp-content\/uploads\/2025\/03\/LoJASHGOHGOA-3.jpg 1152w\" sizes=\"auto, (max-width: 197px) 100vw, 197px\" \/><\/a>BELLUNO <\/strong>Intervento in emergenza, questo pomeriggio, per Servizi Integrati Bellunesi, la nuova societ\u00e0 nata dalla fusione tra Gsp e Bim Infrastrutture spa. Le squadre operative di SIB, infatti, sono state allertate intorno alle ore 14:00 di oggi per un\u2019importante rottura all\u2019acquedotto del Forame, in zona stazione, lungo il tratto di rete che alimenta le vasche di accumulo a servizio dell\u2019utenza collegata. A causare il danno, la ditta che in zona sta eseguendo i lavori di sistemazione del piazzale. SIB ha gi\u00e0 avviato le operazioni di riparazione, ma la rilevanza del danno potr\u00e0 richiedere diverse ore per la soluzione. Nel corso del pomeriggio odierno, pertanto, potrebbero verificarsi cali di pressioni o temporanee mancanze d\u2019acqua alle utenze di tutto il centro cittadino e, sempre dal centro, verso sud fino all\u2019hotel Miramonti, verso ovest fino alla localit\u00e0 di Alver\u00e0 inclusa, verso nord fino alla zona della Piscina.<\/p>\n<p>&nbsp;<\/p>\n<div style=\"width: 848px;\" class=\"wp-video\"><video class=\"wp-video-shortcode\" id=\"video-439540-1\" width=\"848\" height=\"480\" preload=\"metadata\" controls=\"controls\"><source type=\"video\/mp4\" src=\"https:\/\/www.radiopiu.net\/wordpress\/wp-content\/uploads\/2025\/03\/WhatsApp-Video-2025-03-13-at-15.26.06.mp4?_=1\" \/><a href=\"https:\/\/www.radiopiu.net\/wordpress\/wp-content\/uploads\/2025\/03\/WhatsApp-Video-2025-03-13-at-15.26.06.mp4\">https:\/\/www.radiopiu.net\/wordpress\/wp-content\/uploads\/2025\/03\/WhatsApp-Video-2025-03-13-at-15.26.06.mp4<\/a><\/video><\/div>\n<p>&nbsp;<\/p>\n<p>&nbsp;<\/p>\n<p>**********<\/p>\n","protected":false},"excerpt":{"rendered":"<p>******** Si sono concluse intorno alle 17:30 di ieri le operazioni di riparazione dell\u2019acquedotto del Forame, danneggiato, intorno alle 14:00, in zona stazione da una ditta esterna che in loco sta eseguendo i lavori di sistemazione del piazzale. La rottura, che ha generato temporanea mancanza d\u2019acqua ad un vasto bacino d\u2019utenza (centro cittadino, zona sud&hellip;<\/p>\n","protected":false},"author":4,"featured_media":439621,"comment_status":"closed","ping_status":"closed","sticky":false,"template":"","format":"standard","meta":{"_monsterinsights_skip_tracking":false,"_monsterinsights_sitenote_active":false,"_monsterinsights_sitenote_note":"","_monsterinsights_sitenote_category":0,"footnotes":""},"categories":[51,49],"tags":[],"class_list":["post-439540","post","type-post","status-publish","format-standard","has-post-thumbnail","hentry","category-evidenza-top","category-news-18","category-51","category-49","description-off"],"img_url":"https:\/\/www.radiopiu.net\/wordpress\/wp-content\/uploads\/2025\/03\/i-tecnici-di-SIB.jpg","_links":{"self":[{"href":"https:\/\/www.radiopiu.net\/wordpress\/wp-json\/wp\/v2\/posts\/439540","targetHints":{"allow":["GET"]}}],"collection":[{"href":"https:\/\/www.radiopiu.net\/wordpress\/wp-json\/wp\/v2\/posts"}],"about":[{"href":"https:\/\/www.radiopiu.net\/wordpress\/wp-json\/wp\/v2\/types\/post"}],"author":[{"embeddable":true,"href":"https:\/\/www.radiopiu.net\/wordpress\/wp-json\/wp\/v2\/users\/4"}],"replies":[{"embeddable":true,"href":"https:\/\/www.radiopiu.net\/wordpress\/wp-json\/wp\/v2\/comments?post=439540"}],"version-history":[{"count":6,"href":"https:\/\/www.radiopiu.net\/wordpress\/wp-json\/wp\/v2\/posts\/439540\/revisions"}],"predecessor-version":[{"id":439622,"href":"https:\/\/www.radiopiu.net\/wordpress\/wp-json\/wp\/v2\/posts\/439540\/revisions\/439622"}],"wp:featuredmedia":[{"embeddable":true,"href":"https:\/\/www.radiopiu.net\/wordpress\/wp-json\/wp\/v2\/media\/439621"}],"wp:attachment":[{"href":"https:\/\/www.radiopiu.net\/wordpress\/wp-json\/wp\/v2\/media?parent=439540"}],"wp:term":[{"taxonomy":"category","embeddable":true,"href":"https:\/\/www.radiopiu.net\/wordpress\/wp-json\/wp\/v2\/categories?post=439540"},{"taxonomy":"post_tag","embeddable":true,"href":"https:\/\/www.radiopiu.net\/wordpress\/wp-json\/wp\/v2\/tags?post=439540"}],"curies":[{"name":"wp","href":"https:\/\/api.w.org\/{rel}","templated":true}]}}