{"id":439608,"date":"2025-03-15T06:00:08","date_gmt":"2025-03-15T05:00:08","guid":{"rendered":"https:\/\/www.radiopiu.net\/wordpress\/?p=439608"},"modified":"2025-03-15T08:49:45","modified_gmt":"2025-03-15T07:49:45","slug":"giornale-radiopiu-15-marzo-25","status":"publish","type":"post","link":"https:\/\/www.radiopiu.net\/wordpress\/giornale-radiopiu-15-marzo-25\/","title":{"rendered":"GIORNALE RADIOPIU 15 MARZO 2025 DIRETTORE MIRKO MEZZACASA"},"content":{"rendered":"<p>*********<\/p>\n<p>&nbsp;<\/p>\n<p><em><span style=\"color: #ff0000;\"><a class=\"dt-pswp-item\" href=\"https:\/\/www.radiopiu.net\/wordpress\/wp-content\/uploads\/2024\/10\/Senza-nome-8.png\" data-dt-img-description=\"\" data-large_image_width=\"343\" data-large_image_height=\"303\"><img loading=\"lazy\" decoding=\"async\" class=\"wp-image-412130 alignleft\" src=\"https:\/\/www.radiopiu.net\/wordpress\/wp-content\/uploads\/2024\/10\/Senza-nome-8-300x265.png\" alt=\"\" width=\"105\" height=\"93\" srcset=\"https:\/\/www.radiopiu.net\/wordpress\/wp-content\/uploads\/2024\/10\/Senza-nome-8-300x265.png 300w, https:\/\/www.radiopiu.net\/wordpress\/wp-content\/uploads\/2024\/10\/Senza-nome-8.png 343w\" sizes=\"auto, (max-width: 105px) 100vw, 105px\" \/><\/a><\/span><\/em><strong><em><span style=\"color: #ff0000;\"> LA\u00a0 APP PER IOS-IPHONE di Nicola Vettorello<\/span><\/em><\/strong><\/p>\n<p><strong><span style=\"color: #0000ff;\"><a style=\"color: #0000ff;\" href=\"https:\/\/apps.apple.com\/it\/app\/radio-pi%C3%B9-emittente-agordina\/id1515939845\">https:\/\/apps.apple.com\/it\/app\/radio-pi%C3%B9-emittente-agordina\/id1515939845<\/a><\/span><\/strong><\/p>\n<p><strong><em style=\"color: #ff0000;\">LA\u00a0 APP RADIO\u00a0 PER ANDROID di Nicola Vettorello<\/em><\/strong><\/p>\n<p><strong><span style=\"color: #0000ff;\"><a style=\"color: #0000ff;\" href=\"https:\/\/play.google.com\/store\/apps\/details?id=net.radiopiu.iniko\" target=\"_blank\" rel=\"noopener noreferrer\">https:\/\/<\/a><a style=\"color: #0000ff;\" href=\"https:\/\/play.google.com\/store\/apps\/details?id=net.radiopiu.iniko\" target=\"_blank\" rel=\"noopener noreferrer\">play.google.com\/store\/apps\/details?id=net.radiopiu.iniko\u00a0\u00a0\u00a0\u00a0<\/a><\/span><\/strong><\/p>\n<h1 style=\"text-align: center;\"><\/h1>\n<p>&nbsp;<\/p>\n<p>&nbsp;<\/p>\n<hr \/>\n<p>&nbsp;<\/p>\n<p><span style=\"color: #0000ff;\"><strong><a class=\"dt-pswp-item\" href=\"https:\/\/www.radiopiu.net\/wordpress\/wp-content\/uploads\/2025\/03\/download-9.jpg\" data-dt-img-description=\"\" data-large_image_width=\"266\" data-large_image_height=\"190\"><img loading=\"lazy\" decoding=\"async\" class=\" wp-image-439780 alignleft\" src=\"https:\/\/www.radiopiu.net\/wordpress\/wp-content\/uploads\/2025\/03\/download-9.jpg\" alt=\"\" width=\"232\" height=\"166\" \/><\/a>OGGI <\/strong>\u00a0<\/span>\u00a0<strong> 8.30 il sabato mattina con Marina<\/strong><strong>\u00a0 09.00<\/strong> le novit\u00e0 musicali di Marco Gaz\u00a0 <strong>10.30\u00a0<span style=\"color: #ff0000;\"> la rassegna stampa da l&#8217;amico del popolo di Gianni Santomaso, ospiti Gabriele Riva e Chiara Nardi<\/span>\u00a011.00<\/strong> ELIA CASAGRANDE <span class=\"transfer_display_name\">Arcade Show Puntata 2, <strong>12.30<\/strong> IL GIORNALE RADIO EDIZIONE PRINCIPALE <strong>13.20<\/strong> LORIS SCUSSEL RIPROPONE COLLAGE, OPERAZIONE NOSTALGIA <\/span><strong>14.00 ELETTROCHOCH DI DJ JACK<\/strong>\u00a0\u00a0<b>16.45 <\/b>HIT PARADE STORY, LA STORIA DELLA MUSICA RACCONTATA QUOTIDIANAMENTE DA MIRCO BENCIVENNI<\/p>\n<p><span style=\"color: #0000ff;\">DOMANI AD ALLEGHE, COMPRENSORIO DEL CIVETTA: BAITE APERTE!!! ASCOLTA ALLA RADIO L&#8217;INVITO DI ANDREA DAL FARRA E CHRISTIAN MORETTI&#8230; E QUEST&#8217;ANNO RITORNA ANCHE LO SPLAHS PARTY (FOTO)<br \/>\nAUDIO approfondimento al notiziario delle sette del mattino<br \/>\ndi mirko mezzacasa<\/span><\/p>\n<audio class=\"wp-audio-shortcode\" id=\"audio-439608-1\" preload=\"none\" style=\"width: 100%;\" controls=\"controls\"><source type=\"audio\/mpeg\" src=\"https:\/\/www.radiopiu.net\/wordpress\/wp-content\/uploads\/2025\/03\/christian-e-an4drea-BAITE-E-SPLASH.mp3?_=1\" \/><a href=\"https:\/\/www.radiopiu.net\/wordpress\/wp-content\/uploads\/2025\/03\/christian-e-an4drea-BAITE-E-SPLASH.mp3\">https:\/\/www.radiopiu.net\/wordpress\/wp-content\/uploads\/2025\/03\/christian-e-an4drea-BAITE-E-SPLASH.mp3<\/a><\/audio>\n<p><span style=\"color: #0000ff;\">\u00a0<\/span><\/p>\n<p>&nbsp;<\/p>\n<p>&nbsp;<\/p>\n<hr \/>\n<p>&nbsp;<\/p>\n<p>&nbsp;<\/p>\n<div class=\"x11i5rnm xat24cr x1mh8g0r x1vvkbs xtlvy1s x126k92a\">\n<div dir=\"auto\">\n<div dir=\"auto\">\n<p><strong><a class=\"dt-pswp-item\" href=\"https:\/\/www.radiopiu.net\/wordpress\/wp-content\/uploads\/2024\/02\/2d44e751-d8a8-461b-8e22-d8e4e853b032.jpg\" data-dt-img-description=\"\" data-large_image_width=\"1600\" data-large_image_height=\"1200\"><img loading=\"lazy\" decoding=\"async\" class=\"wp-image-373307 alignleft\" src=\"https:\/\/www.radiopiu.net\/wordpress\/wp-content\/uploads\/2024\/02\/2d44e751-d8a8-461b-8e22-d8e4e853b032-300x225.jpg\" alt=\"\" width=\"105\" height=\"79\" srcset=\"https:\/\/www.radiopiu.net\/wordpress\/wp-content\/uploads\/2024\/02\/2d44e751-d8a8-461b-8e22-d8e4e853b032-300x225.jpg 300w, https:\/\/www.radiopiu.net\/wordpress\/wp-content\/uploads\/2024\/02\/2d44e751-d8a8-461b-8e22-d8e4e853b032-1024x768.jpg 1024w, https:\/\/www.radiopiu.net\/wordpress\/wp-content\/uploads\/2024\/02\/2d44e751-d8a8-461b-8e22-d8e4e853b032-768x576.jpg 768w, https:\/\/www.radiopiu.net\/wordpress\/wp-content\/uploads\/2024\/02\/2d44e751-d8a8-461b-8e22-d8e4e853b032-1536x1152.jpg 1536w, https:\/\/www.radiopiu.net\/wordpress\/wp-content\/uploads\/2024\/02\/2d44e751-d8a8-461b-8e22-d8e4e853b032.jpg 1600w\" sizes=\"auto, (max-width: 105px) 100vw, 105px\" \/><\/a>EL BAL DEL FIOR, DI GIULIANA DA RONCH, 15 MARZO<\/strong><strong> 2025<\/strong><\/p>\n<p>&nbsp;<\/p>\n<audio class=\"wp-audio-shortcode\" id=\"audio-439608-2\" preload=\"none\" style=\"width: 100%;\" controls=\"controls\"><source type=\"audio\/mpeg\" src=\"https:\/\/www.radiopiu.net\/wordpress\/wp-content\/uploads\/2025\/03\/GSA-1.mp3?_=2\" \/><a href=\"https:\/\/www.radiopiu.net\/wordpress\/wp-content\/uploads\/2025\/03\/GSA-1.mp3\">https:\/\/www.radiopiu.net\/wordpress\/wp-content\/uploads\/2025\/03\/GSA-1.mp3<\/a><\/audio>\n<p>&nbsp;<\/p>\n<hr \/>\n<p>&nbsp;<\/p>\n<p>&nbsp;<\/p>\n<\/div>\n<\/div>\n<\/div>\n<div class=\"x11i5rnm xat24cr x1mh8g0r x1vvkbs xtlvy1s x126k92a\">\n<blockquote>\n<h1><strong><a class=\"dt-pswp-item\" href=\"https:\/\/www.radiopiu.net\/wordpress\/wp-content\/uploads\/2024\/10\/629301fd-708d-4f53-95c2-d28cbefd500f.jpg\" data-dt-img-description=\"\" data-large_image_width=\"1600\" data-large_image_height=\"1322\"><img loading=\"lazy\" decoding=\"async\" class=\"wp-image-413782 alignright\" src=\"https:\/\/www.radiopiu.net\/wordpress\/wp-content\/uploads\/2024\/10\/629301fd-708d-4f53-95c2-d28cbefd500f-300x248.jpg\" alt=\"\" width=\"106\" height=\"88\" srcset=\"https:\/\/www.radiopiu.net\/wordpress\/wp-content\/uploads\/2024\/10\/629301fd-708d-4f53-95c2-d28cbefd500f-300x248.jpg 300w, https:\/\/www.radiopiu.net\/wordpress\/wp-content\/uploads\/2024\/10\/629301fd-708d-4f53-95c2-d28cbefd500f-1024x846.jpg 1024w, https:\/\/www.radiopiu.net\/wordpress\/wp-content\/uploads\/2024\/10\/629301fd-708d-4f53-95c2-d28cbefd500f-768x635.jpg 768w, https:\/\/www.radiopiu.net\/wordpress\/wp-content\/uploads\/2024\/10\/629301fd-708d-4f53-95c2-d28cbefd500f-1536x1269.jpg 1536w, https:\/\/www.radiopiu.net\/wordpress\/wp-content\/uploads\/2024\/10\/629301fd-708d-4f53-95c2-d28cbefd500f.jpg 1600w\" sizes=\"auto, (max-width: 106px) 100vw, 106px\" \/><\/a><\/strong><\/h1>\n<h1><strong><a class=\"dt-pswp-item\" href=\"https:\/\/www.radiopiu.net\/wordpress\/wp-content\/uploads\/2024\/11\/th-18.jpg\" data-dt-img-description=\"\" data-large_image_width=\"156\" data-large_image_height=\"180\"><img loading=\"lazy\" decoding=\"async\" class=\"size-full wp-image-421611 alignleft\" src=\"https:\/\/www.radiopiu.net\/wordpress\/wp-content\/uploads\/2024\/11\/th-18.jpg\" alt=\"\" width=\"156\" height=\"180\" \/><\/a><\/strong><\/h1>\n<h1><strong>N di parom &#8211; L Almanach de la nosta jent<\/strong><\/h1>\n<\/blockquote>\n<p>&nbsp;<\/p>\n<p>Le voci: Davide Conedera, Agordo, Michela Dell&#8217;Osbel, La Valle Agordina Simone Ganz, Falcade Veronica Lezuo, Colle Santa Lucia. La voce nella sigla \u00e8 di Giorgia Taio<\/p>\n<p><strong>LA PUNTATA DI OGGI, 15 MARZO 2025<\/strong><\/p>\n<p>&nbsp;<\/p>\n<audio class=\"wp-audio-shortcode\" id=\"audio-439608-3\" preload=\"none\" style=\"width: 100%;\" controls=\"controls\"><source type=\"audio\/mpeg\" src=\"https:\/\/www.radiopiu.net\/wordpress\/wp-content\/uploads\/2025\/03\/AL6-1.mp3?_=3\" \/><a href=\"https:\/\/www.radiopiu.net\/wordpress\/wp-content\/uploads\/2025\/03\/AL6-1.mp3\">https:\/\/www.radiopiu.net\/wordpress\/wp-content\/uploads\/2025\/03\/AL6-1.mp3<\/a><\/audio>\n<p>&nbsp;<\/p>\n<\/div>\n<div class=\"x11i5rnm xat24cr x1mh8g0r x1vvkbs xtlvy1s x126k92a\">\n<div dir=\"auto\">\n<hr \/>\n<\/div>\n<\/div>\n<blockquote>\n<blockquote>\n<h1><span style=\"color: #ff0000;\">\u00a0<\/span><\/h1>\n<h1><span style=\"color: #ff0000;\">I podcast informativi del mattino &#8211; audio &#8211;\u00a0\u00a0<\/span><\/h1>\n<\/blockquote>\n<p><strong><a class=\"dt-pswp-item\" href=\"https:\/\/www.radiopiu.net\/wordpress\/wp-content\/uploads\/2024\/11\/6.jpg\" data-dt-img-description=\"\" data-large_image_width=\"177\" data-large_image_height=\"180\"><img loading=\"lazy\" decoding=\"async\" class=\"size-full wp-image-417911 alignleft\" src=\"https:\/\/www.radiopiu.net\/wordpress\/wp-content\/uploads\/2024\/11\/6.jpg\" alt=\"\" width=\"177\" height=\"180\" \/><\/a>LA RASSEGNA STAMPA NAZIONALE ALLA RADIO, OGNI GIORNO ALLE 5 E ALLE 6 DEL MATTINO <span style=\"color: #0000ff;\">viene pubblicata alle 6.00 <span style=\"color: #ff0000;\">DIRETTA RADIO\u00a0 \u00a0\u00a0<\/span><\/span><\/strong><\/p><\/blockquote>\n<p>&nbsp;<\/p>\n<p><strong>NOTIZIE DELLA NOTTE<\/strong><\/p>\n<p><strong>Ucraina:<\/strong> Trump, luned\u00ec maggiori informazioni su possibile tregua <strong>Trump,<\/strong> &#8216;ucciso il leader dell&#8217;Isis in Iraq&#8217;<br \/>\n<strong>Cuba<\/strong> Nuovo blackout\u00a0 <strong>Kryvyi Rig<\/strong> Attacco missilistico russo<strong>,<\/strong> 12 feriti Lanciata missione<strong> SpaceX<\/strong> per recuperare astronauti su Iss <strong>Malinovskyi<\/strong> crea e Miretti segna, il Genoa batte il Lecce 2-1 <strong>Rubio,<\/strong> ambasciatore Sudafrica persona non grata <strong>Scossa di terremoto<\/strong> nel Foggiano, avvertita anche a Bari<\/p>\n<h1>AUDIO dalle 6 del mattino<\/h1>\n<audio class=\"wp-audio-shortcode\" id=\"audio-439608-4\" preload=\"none\" style=\"width: 100%;\" controls=\"controls\"><source type=\"audio\/mpeg\" src=\"https:\/\/www.radiopiu.net\/wordpress\/wp-content\/uploads\/2025\/03\/GIORNALEDELLESEI-10.mp3?_=4\" \/><a href=\"https:\/\/www.radiopiu.net\/wordpress\/wp-content\/uploads\/2025\/03\/GIORNALEDELLESEI-10.mp3\">https:\/\/www.radiopiu.net\/wordpress\/wp-content\/uploads\/2025\/03\/GIORNALEDELLESEI-10.mp3<\/a><\/audio>\n<p>&nbsp;<\/p>\n<p>&nbsp;<\/p>\n<hr \/>\n<p>&nbsp;<\/p>\n<h1 style=\"text-align: center;\"><span style=\"color: #ff0000;\"><a class=\"dt-pswp-item\" href=\"https:\/\/www.radiopiu.net\/wordpress\/wp-content\/uploads\/2024\/11\/7.jpg\" data-dt-img-description=\"\" data-large_image_width=\"180\" data-large_image_height=\"180\"><img loading=\"lazy\" decoding=\"async\" class=\"size-full wp-image-417912 alignleft\" src=\"https:\/\/www.radiopiu.net\/wordpress\/wp-content\/uploads\/2024\/11\/7.jpg\" alt=\"\" width=\"180\" height=\"180\" srcset=\"https:\/\/www.radiopiu.net\/wordpress\/wp-content\/uploads\/2024\/11\/7.jpg 180w, https:\/\/www.radiopiu.net\/wordpress\/wp-content\/uploads\/2024\/11\/7-150x150.jpg 150w\" sizes=\"auto, (max-width: 180px) 100vw, 180px\" \/><\/a>I podcast informativi del mattino &#8211; audio &#8211;\u00a0<\/span><\/h1>\n<p><strong>OGNI GIORNO ALLE SETTE DEL MATTINO, LA RASSEGNA STAMPA LOCALE FLASH&#8230; PER CHI VA IN FRETTA. I TITOLI DAI GIORNALI E DAL SITO WWW.RADIOPIU.NET <span style=\"color: #0000ff;\">viene pubblicato alle 7.00<\/span> <span style=\"color: #ff0000;\">DIRETTA RADIO\u00a0<\/span><\/strong><\/p>\n<p><em><span style=\"color: #ff0000;\">per chi va in fretta&#8230; tante notizie in pochi minuti. L&#8217;informazione locale alla radio, ogni ora dalle 7 del mattino alle 19 della sera.\u00a0<\/span><\/em><\/p>\n<blockquote>\n<p class=\"photoswipe-wrapper\"><strong>MIRCO DE BATTISTA,<\/strong> UN GRANDE LAVORATORE STRONCATO DA UN INFARTO <strong>AUTOMOBILISTA ARRESTATO<\/strong> PER AGGRESSIONE AI CARABINIERI <strong>AGORDO<\/strong>, DOCENTI DEL FOLLADOR DENUNCIANO CLIMA TESO\u00a0 <strong>CORTINA,<\/strong> AUTO ABBANDONATA SUL PASSO VALPAROLA: SANZIONATO IL CONDUCENTE <strong>FUNERALI<\/strong> DI AFRA DILSHAD: SABATO DATA PROBABILE <strong>VAL CANZOI:<\/strong> STRADA A RISCHIO, RESIDENTI PREOCCUPATI<br \/>\n<strong>PROTEZIONE CIVILE<\/strong> DEL VENETO IN PARTENZA PER L&#8217;EMILIA ROMAGNA IN AIUTO DELLA POPOLAZIONE ALLUVIONATA<\/p>\n<\/blockquote>\n<h1>AUDIO dalle 7 del mattino<\/h1>\n<audio class=\"wp-audio-shortcode\" id=\"audio-439608-5\" preload=\"none\" style=\"width: 100%;\" controls=\"controls\"><source type=\"audio\/mpeg\" src=\"https:\/\/www.radiopiu.net\/wordpress\/wp-content\/uploads\/2025\/03\/GF07-12.mp3?_=5\" \/><a href=\"https:\/\/www.radiopiu.net\/wordpress\/wp-content\/uploads\/2025\/03\/GF07-12.mp3\">https:\/\/www.radiopiu.net\/wordpress\/wp-content\/uploads\/2025\/03\/GF07-12.mp3<\/a><\/audio>\n<p>&nbsp;<\/p>\n<p>&nbsp;<\/p>\n<hr \/>\n<p>&nbsp;<\/p>\n<h1><\/h1>\n<h1 style=\"text-align: center;\"><span style=\"color: #ff0000;\"><a class=\"dt-pswp-item\" href=\"https:\/\/www.radiopiu.net\/wordpress\/wp-content\/uploads\/2024\/11\/th.jpg\" data-dt-img-description=\"\" data-large_image_width=\"148\" data-large_image_height=\"179\"><img loading=\"lazy\" decoding=\"async\" class=\"size-full wp-image-417913 alignleft\" src=\"https:\/\/www.radiopiu.net\/wordpress\/wp-content\/uploads\/2024\/11\/th.jpg\" alt=\"\" width=\"148\" height=\"179\" \/><\/a>I podcast informativi del mattino &#8211; audio &#8211;\u00a0<\/span><\/h1>\n<blockquote><p><strong>GIORNALE RADIO NAZIONALE, EDIZIONE DELLE SETTE <span style=\"color: #0000ff;\">viene pubblicato alle 7.05 <span style=\"color: #ff0000;\">DIRETTA RADIO\u00a0<\/span><\/span><\/strong><\/p><\/blockquote>\n<p><strong>il giornale radionazionale e&#8217; in onda ogni ora, dalle sette del mattino alle venti della sera\u00a0 \u00a0<\/strong><\/p>\n<p>&nbsp;<\/p>\n<p><strong><a class=\"dt-pswp-item\" href=\"https:\/\/www.radiopiu.net\/wordpress\/wp-content\/uploads\/2025\/02\/download-7.jpg\" data-dt-img-description=\"\" data-large_image_width=\"211\" data-large_image_height=\"239\"><img loading=\"lazy\" decoding=\"async\" class=\"wp-image-435553 alignleft\" src=\"https:\/\/www.radiopiu.net\/wordpress\/wp-content\/uploads\/2025\/02\/download-7.jpg\" alt=\"\" width=\"120\" height=\"136\" \/><\/a>FIRENZE <\/strong>Allerta rossa in Toscana, passa la piena dell&#8217;Arno. Nel capoluogo chiusi musei, teatri e cinema. Disposte evacuazioni a Pisa.\u00a0 <strong>FOGGIA<\/strong> Scossa di terremoto, avvertita anche in Basilicata, Molise e Abruzzo<br \/>\n<strong>CAGLIARI\u00a0<\/strong> Sedicenne morta nel &#8217;95, la Procura riapre il caso Murgia <strong>COMO<\/strong> Abusi su 2 ragazzine amiche del figlio, 52enne in carcere <strong>BOLOGNA<\/strong> Concepito in carcere, il padre non lo vede nascere La madre: &#8216;Non essendoci colloqui intimi dicono che non era suo&#8221; <strong>ROMA<\/strong> Aumentano gli stupri, 113 donne uccise nel 2024 I dati della Criminalpol, crescono stalking e maltrattamenti<br \/>\n<strong>ROMA<\/strong> L&#8217;omicidio di Willy Monteiro, ergastolo per Marco Bianchi, 28 anni al fratello La Corte d&#8217;Assise d&#8217;appello ha riconosciuto a Gabriele Bianchi le attenuanti generiche\u00a0 <strong>ROMA<\/strong> La vedova Cerciello: &#8216;Solo il primo grado gli ha dato giustizia&#8217; &#8216;Tutto ci\u00f2 che \u00e8 accaduto dopo non merita commento&#8217;<br \/>\n<strong>REGGIO EMILIA<\/strong> Parla lo zio di Saman: &#8216;Vidi il corpo e piansi&#8217; &#8216;Chi uccise? Non c&#8217;ero, ma ho saputo che sono stati i genitori&#8217;<br \/>\n<strong>BOLOGNA<\/strong> Gli ex vertici della Conad indagati per corruzione Sequestrati 36 milioni, usati anche per fare la Mille Miglia<\/p>\n<p><a class=\"dt-pswp-item\" href=\"https:\/\/www.radiopiu.net\/wordpress\/wp-content\/uploads\/2025\/02\/download-3.jpg\" data-dt-img-description=\"\" data-large_image_width=\"223\" data-large_image_height=\"226\"><img loading=\"lazy\" decoding=\"async\" class=\"size-full wp-image-434732 alignleft\" src=\"https:\/\/www.radiopiu.net\/wordpress\/wp-content\/uploads\/2025\/02\/download-3.jpg\" alt=\"\" width=\"223\" height=\"226\" \/><\/a><span style=\"color: #ff0000;\">VENETO<\/span><br \/>\n<strong>VENEZIA<\/strong> Sversamento carburante da nave Marghera, intervento Capitaneria. Millecinquecento litri in bacino portuale <strong>ROVIGO<\/strong> Scuote e uccide il figlio neonato, condannata a otto anni. La donna sosteneva fosse caduto dal letto <strong>VICENZA<\/strong> In carcere 30enne vicentino per violenza sessuale su minore.\u00a0 Sentenza del Tribunale di Rimini dove sarebbero avvenuti atti <strong>VENEZIA<\/strong> Veneto supera i 73 milioni di presenze turistiche nel 2024 Aumentata significativamente al quota di stranieri <strong>VICENZA<\/strong> Smottamento in cortile abitazione, inghiottite due auto Intervento vigili del fuoco, le vetture ancorate e recuperate <strong>VENEZIA<\/strong> Torna stagione contributo d&#8217;accesso a Venezia, varr\u00e0 54 giornate Ticket 5 euro fino a 4 giorni prima della visita, poi 10 euro V<strong>ENEZIA<\/strong> Chiusura con record per LetExpo 2025, 120mila le presenze Alla kermesse di quattro giorni intervenuti 10 ministri <strong>METEO<\/strong> Maltempo: in Veneto pioggia e neve, a Venezia attivato il Mose Acqua alta fermata sul mare, erano previsti 115 centimetri <b>ECONOMIA\u00a0<\/b>S\u00ec di Consob all&#8217;Opa su Anima di Bpm, al via luned\u00ec 17 marzo Si concluder\u00e0 il 4 aprile, Castagna offre 7 euro ad azione<\/p>\n<h1><span style=\"color: #ff0000;\"><span style=\"color: #0000ff;\">ULTIM&#8217;ORA<\/span> <span style=\"color: #000000;\">AUDIO dalle sette del mattino, ogni ora alla radio EDIZIONE DELLE SETTE<\/span><\/span><\/h1>\n<audio class=\"wp-audio-shortcode\" id=\"audio-439608-6\" preload=\"none\" style=\"width: 100%;\" controls=\"controls\"><source type=\"audio\/mpeg\" src=\"https:\/\/www.radiopiu.net\/wordpress\/wp-content\/uploads\/2025\/03\/giornale07-16.mp3?_=6\" \/><a href=\"https:\/\/www.radiopiu.net\/wordpress\/wp-content\/uploads\/2025\/03\/giornale07-16.mp3\">https:\/\/www.radiopiu.net\/wordpress\/wp-content\/uploads\/2025\/03\/giornale07-16.mp3<\/a><\/audio>\n<p>&nbsp;<\/p>\n<p>&nbsp;<\/p>\n<hr \/>\n<p>&nbsp;<\/p>\n<p>&nbsp;<\/p>\n<h1><span style=\"color: #ff0000;\"><a class=\"dt-pswp-item\" href=\"https:\/\/www.radiopiu.net\/wordpress\/wp-content\/uploads\/2024\/11\/8.jpg\" data-dt-img-description=\"\" data-large_image_width=\"180\" data-large_image_height=\"180\"><img loading=\"lazy\" decoding=\"async\" class=\"size-full wp-image-417910 alignleft\" src=\"https:\/\/www.radiopiu.net\/wordpress\/wp-content\/uploads\/2024\/11\/8.jpg\" alt=\"\" width=\"180\" height=\"180\" srcset=\"https:\/\/www.radiopiu.net\/wordpress\/wp-content\/uploads\/2024\/11\/8.jpg 180w, https:\/\/www.radiopiu.net\/wordpress\/wp-content\/uploads\/2024\/11\/8-150x150.jpg 150w\" sizes=\"auto, (max-width: 180px) 100vw, 180px\" \/><\/a>I podcast informativi del mattino &#8211; video &#8211;\u00a0<\/span><\/h1>\n<h2 style=\"text-align: left;\"><strong>RASSEGNA STAMPA LOCALE, ORE OTTO<\/strong><\/h2>\n<h2><strong> <span style=\"color: #0000ff;\">viene\u00a0 <\/span><\/strong><strong><span style=\"color: #0000ff;\">pubblicata alle 8.05 <span style=\"color: #ff0000;\">DIRETTA RADIO\u00a0 \u00a0<\/span><\/span><\/strong><strong>DI MIRKO MEZZACASA<\/strong><\/h2>\n<h2><span style=\"color: #ff0000;\"><strong>\u00a0<\/strong><\/span><\/h2>\n<p><strong><a class=\"dt-pswp-item\" href=\"https:\/\/www.radiopiu.net\/wordpress\/wp-content\/uploads\/2025\/03\/SCR-20250313-mzpf.jpeg\" data-dt-img-description=\"\" data-large_image_width=\"1146\" data-large_image_height=\"846\"><img loading=\"lazy\" decoding=\"async\" class=\"wp-image-439520 alignleft\" src=\"https:\/\/www.radiopiu.net\/wordpress\/wp-content\/uploads\/2025\/03\/SCR-20250313-mzpf-300x221.jpeg\" alt=\"\" width=\"144\" height=\"106\" srcset=\"https:\/\/www.radiopiu.net\/wordpress\/wp-content\/uploads\/2025\/03\/SCR-20250313-mzpf-300x221.jpeg 300w, https:\/\/www.radiopiu.net\/wordpress\/wp-content\/uploads\/2025\/03\/SCR-20250313-mzpf-1024x756.jpeg 1024w, https:\/\/www.radiopiu.net\/wordpress\/wp-content\/uploads\/2025\/03\/SCR-20250313-mzpf-768x567.jpeg 768w, https:\/\/www.radiopiu.net\/wordpress\/wp-content\/uploads\/2025\/03\/SCR-20250313-mzpf.jpeg 1146w\" sizes=\"auto, (max-width: 144px) 100vw, 144px\" \/><\/a>PROVINCIA:<\/strong> PRESENTATA L&#8217;ATTIVITA&#8217; 2024 DEL SERVIZIO ACQUE <strong>BELLUNO |<\/strong> L\u2019IMPORTANZA DELL\u2019IDROELETTRICO NEL BILANCIO DELLA PROVINCIA <strong>DDL TAGLIO IVA<\/strong> PRODOTTI IGIENE FEMMINILE E PRIMA INFANZIA: AL VIA LA RACCOLTA FIRME <strong>PROGETTO STACCO<\/strong>: LA SOLIDARIETA&#8217; DAI SINDACI DEL COMELICO <strong>AVVIATO UN CORSO<\/strong> DI FORMAZIONE PER LA CURA DEL VERDE AD AGORDO <strong>ALL\u2019UNIVERSITA\u2019<\/strong> DEGLI ANZIANI DI ALLEGHE CON IL QUESTORE DI BELLUNO <strong>MARTINO TURA<\/strong> ECCELLENZA DEL FOLLADOR DE ROSSI (foto)\u00a0 <strong>RINNOVATE LE RSU<\/strong> E RLS ALLA RENO DEI MEDICI,\u00a0 LA CARTIERA DI SANTA GIUSTINA <strong>DOLOMITI:<\/strong> IL DILEMMA TRA SVILUPPO E SOSTENIBILITA&#8217;, TRA INSOFFERENZA DEGLI ABITANTI E INGERENZA DELLE ASSOCIAZIONI AMBIENTALI<\/p>\n<h1><span style=\"color: #ff0000;\"><strong>VIDEO\u00a0 \u00a0in diretta AGGIORNAMENTO\u00a0 dalle 8 del mattino\u00a0<\/strong><\/span><\/h1>\n<h2><\/h2>\n<p><iframe loading=\"lazy\" title=\"DAL 1983 LA RASSEGNA STAMPA LOCALE di mirko mezzacasa. L&#039;ORIGINALE\" width=\"1200\" height=\"675\" src=\"https:\/\/www.youtube.com\/embed\/4hY3P7yRM-o?feature=oembed\" frameborder=\"0\" allow=\"accelerometer; autoplay; clipboard-write; encrypted-media; gyroscope; picture-in-picture; web-share\" referrerpolicy=\"strict-origin-when-cross-origin\" allowfullscreen><\/iframe><\/p>\n<hr \/>\n<p>&nbsp;<\/p>\n<p>&nbsp;<\/p>\n<p>&nbsp;<\/p>\n<p><strong><a class=\"dt-pswp-item\" href=\"https:\/\/www.radiopiu.net\/wordpress\/wp-content\/uploads\/2023\/12\/ANTENNA.png\" data-dt-img-description=\"\" data-large_image_width=\"300\" data-large_image_height=\"166\"><img loading=\"lazy\" decoding=\"async\" class=\"wp-image-366306 alignright\" src=\"https:\/\/www.radiopiu.net\/wordpress\/wp-content\/uploads\/2023\/12\/ANTENNA.png\" alt=\"\" width=\"101\" height=\"56\" \/><\/a><a class=\"dt-pswp-item\" href=\"https:\/\/www.radiopiu.net\/wordpress\/wp-content\/uploads\/2024\/11\/th-17.jpg\" data-dt-img-description=\"\" data-large_image_width=\"224\" data-large_image_height=\"180\"><img loading=\"lazy\" decoding=\"async\" class=\" wp-image-421610 alignleft\" src=\"https:\/\/www.radiopiu.net\/wordpress\/wp-content\/uploads\/2024\/11\/th-17.jpg\" alt=\"\" width=\"167\" height=\"134\" \/><\/a>ogni sera alle 19 le anticipazioni alla radio, quello che poi seguirete nel TELEGIORNALE BELLUNESE\u00a0 in onda alle 19.30 sul CANALE 10 del digitale terrestre.\u00a0\u00a0<\/strong><\/p>\n<p><b>\u00a0\u00a0<\/b><\/p>\n<h1><span style=\"color: #ff0000;\"><strong>LE ANTICIPAZIONI DI FABIO FIORAVANZI<\/strong><\/span><\/h1>\n<audio class=\"wp-audio-shortcode\" id=\"audio-439608-7\" preload=\"none\" style=\"width: 100%;\" controls=\"controls\"><source type=\"audio\/mpeg\" src=\"https:\/\/www.radiopiu.net\/wordpress\/wp-content\/uploads\/2025\/03\/ANTENNA3-10.mp3?_=7\" \/><a href=\"https:\/\/www.radiopiu.net\/wordpress\/wp-content\/uploads\/2025\/03\/ANTENNA3-10.mp3\">https:\/\/www.radiopiu.net\/wordpress\/wp-content\/uploads\/2025\/03\/ANTENNA3-10.mp3<\/a><\/audio>\n<p>&nbsp;<\/p>\n<p>&nbsp;<\/p>\n<hr \/>\n<p>&nbsp;<\/p>\n<blockquote>\n<h3>MERCOLEDI&#8217; CHIUSURA DELLA SP 2 DELLA VALLE DEL MIS<\/h3>\n<\/blockquote>\n<p><strong>SEDICO<\/strong> Veneto Strade comunica che la SP 2 della Valle Del Mis, in localit\u00e0 Pascoli in comune di Sospirolo, sar\u00e0 interdetta al traffico nella giornata del 19 marzo dalle 7 alle 19: La chiusura \u00e8 necessaria per lavori di manutenzione straordinaria della paratoia di scarico.<\/p>\n<p>&nbsp;<\/p>\n<p>&nbsp;<\/p>\n<hr \/>\n<p>&nbsp;<\/p>\n<blockquote>\n<h3 class=\"photoswipe-wrapper\"><a class=\"dt-pswp-item pspw-wrap-ready\" href=\"https:\/\/www.radiopiu.net\/wordpress\/wp-content\/uploads\/2024\/12\/Logo_SibPAYOFF.jpg\" data-dt-img-description=\"\" data-large_image_width=\"1536\" data-large_image_height=\"391\"><img loading=\"lazy\" decoding=\"async\" class=\"wp-image-426474 alignleft\" src=\"https:\/\/www.radiopiu.net\/wordpress\/wp-content\/uploads\/2024\/12\/Logo_SibPAYOFF-300x76.jpg\" sizes=\"auto, (max-width: 162px) 100vw, 162px\" srcset=\"https:\/\/www.radiopiu.net\/wordpress\/wp-content\/uploads\/2024\/12\/Logo_SibPAYOFF-300x76.jpg 300w, https:\/\/www.radiopiu.net\/wordpress\/wp-content\/uploads\/2024\/12\/Logo_SibPAYOFF-1024x261.jpg 1024w, https:\/\/www.radiopiu.net\/wordpress\/wp-content\/uploads\/2024\/12\/Logo_SibPAYOFF-768x196.jpg 768w, https:\/\/www.radiopiu.net\/wordpress\/wp-content\/uploads\/2024\/12\/Logo_SibPAYOFF.jpg 1536w\" alt=\"\" width=\"162\" height=\"41\" \/><\/a>ACQUA NON POTABILE<\/h3>\n<\/blockquote>\n<p><strong>GOSALDO<\/strong>\u00a0Nelle localit\u00e0 Curti, Incasal e Le Case l\u2019acqua erogata dall\u2019acquedotto non \u00e8 potabile e non pu\u00f2 essere usata per scopi alimentari. Verr\u00e0 effettuato servizio sostitutivo con cisterna in localit\u00e0 Curti.<\/p>\n<blockquote>\n<h2>Lavori alla rete idrica: sospensione dell\u2019acqua ad Agordo il 17 E 18 marzo<\/h2>\n<\/blockquote>\n<p><strong>AGORDO<\/strong><\/p>\n<p data-pm-slice=\"1 1 []\">Servizi Integrati Bellunesi informa che, a causa di lavori di manutenzione alla rete idrica comunale, nella giornata di luned\u00ec 17 marzo 2025 verr\u00e0 sospesa \u2019erogazione dell\u2019acqua\u00a0 dalle 8 alle 17 in\u00a0 <strong>localit\u00e0 Grave e le vie Tissi, Paganin e Lungo Rova<\/strong>.<\/p>\n<p><span style=\"color: #ff0000;\"><strong>IL GIORNO SUCCESSIVO, 18 MARZO<\/strong><\/span><br \/>\nMartedi 18 marzo\u00a0 dalle 8 alle 17 verr\u00e0 sospesa l\u2019erogazione dell\u2019acqua\u00a0 <strong>nelle vie 4 NOVEMBRE, COSTA, INSURREZIONE, PARECH e v.lo 4 NOVEMBRE.\u00a0<\/strong><\/p>\n<p>&nbsp;<\/p>\n<hr \/>\n<p>&nbsp;<\/p>\n<blockquote>\n<h2 data-start=\"0\" data-end=\"58\"><strong data-start=\"0\" data-end=\"56\"><a class=\"dt-pswp-item\" href=\"https:\/\/www.radiopiu.net\/wordpress\/wp-content\/uploads\/2021\/11\/AUTOBUS.png\" data-dt-img-description=\"\" data-large_image_width=\"1280\" data-large_image_height=\"853\"><img loading=\"lazy\" decoding=\"async\" class=\"wp-image-242460 alignleft\" src=\"https:\/\/www.radiopiu.net\/wordpress\/wp-content\/uploads\/2021\/11\/AUTOBUS-300x200.png\" alt=\"\" width=\"200\" height=\"133\" srcset=\"https:\/\/www.radiopiu.net\/wordpress\/wp-content\/uploads\/2021\/11\/AUTOBUS-300x200.png 300w, https:\/\/www.radiopiu.net\/wordpress\/wp-content\/uploads\/2021\/11\/AUTOBUS-1024x682.png 1024w, https:\/\/www.radiopiu.net\/wordpress\/wp-content\/uploads\/2021\/11\/AUTOBUS-768x512.png 768w, https:\/\/www.radiopiu.net\/wordpress\/wp-content\/uploads\/2021\/11\/AUTOBUS.png 1280w\" sizes=\"auto, (max-width: 200px) 100vw, 200px\" \/><\/a>Sciopero trasporto pubblico<\/strong><\/h2>\n<\/blockquote>\n<p data-start=\"60\" data-end=\"319\" data-is-last-node=\"\" data-is-only-node=\"\">Venerd\u00ec 21 marzo 2025 \u00e8 previsto uno sciopero nazionale di 24 ore nel settore del trasporto pubblico locale. L&#8217;azienda bellunese del trasporto pubblico locale, garantir\u00e0 il servizio nelle fasce orarie 5:40-8:10 e 12:10-15:40. Le corse iniziate prima dello sciopero proseguiranno fino al capolinea.<\/p>\n<p>&nbsp;<\/p>\n<p>&nbsp;<\/p>\n<hr \/>\n<p>&nbsp;<\/p>\n<blockquote>\n<h3 data-start=\"0\" data-end=\"54\"><\/h3>\n<h3 data-start=\"0\" data-end=\"54\"><strong data-start=\"4\" data-end=\"52\">SEDICO: UFFICIO POSTALE CHIUSO PER 45 GIORNI<\/strong><\/h3>\n<\/blockquote>\n<p data-start=\"56\" data-end=\"346\" data-is-last-node=\"\" data-is-only-node=\"\"><strong>SEDICO<\/strong> L&#8217;ufficio postale di Sedico, in via dei Giardini, chiuder\u00e0 dal 17 marzo per circa 45 giorni per ammodernamenti. Durante i lavori, i cittadini potranno rivolgersi agli uffici di Bribano, Mas, Santa Giustina, Sospirolo e Trichiana.<\/p>\n<p>&nbsp;<\/p>\n<p>&nbsp;<\/p>\n<hr \/>\n<p>&nbsp;<\/p>\n<blockquote>\n<h2>MIRCO DE BATTISTA, UN GRANDE LAVORATORE STRONCATO DA UN INFARTO<\/h2>\n<\/blockquote>\n<div class=\"flex max-w-full flex-col flex-grow\">\n<div class=\"min-h-8 text-message relative flex w-full flex-col items-end gap-2 whitespace-normal break-words text-start [.text-message+&amp;]:mt-5\" dir=\"auto\" data-message-author-role=\"assistant\" data-message-id=\"2e292dd3-aba2-4029-8d03-89e73f5e1e52\" data-message-model-slug=\"gpt-4o-mini\">\n<div class=\"flex w-full flex-col gap-1 empty:hidden first:pt-[3px]\">\n<div class=\"markdown prose w-full break-words dark:prose-invert dark\">\n<blockquote>\n<p data-start=\"65\" data-end=\"573\" data-is-last-node=\"\" data-is-only-node=\"\"><img decoding=\"async\" class=\"alignleft\" src=\"https:\/\/www.radiopiu.net\/wordpress\/wp-content\/uploads\/2025\/03\/Immagine-2025-03-15-052926.png\" \/><strong>CHIES D&#8217;ALPAGO<\/strong> Mirco De Battista, 47 anni, imprenditore edile di Lamosano, \u00e8 morto gioved\u00ec per un infarto mentre lavorava in Val di Zoldo. Dopo una mattinata di lavoro, si era fermato per il pranzo, ma non \u00e8 pi\u00f9 tornato dal bagno. Il suo dipendente ha trovato il corpo privo di vita. Mirco, conosciuto per la sua disponibilit\u00e0 verso la comunit\u00e0 e le emergenze. Il sindaco Dal Borgo ha espresso le pi\u00f9 sentite condoglianze.<\/p>\n<\/blockquote>\n<\/div>\n<\/div>\n<\/div>\n<\/div>\n<p>&nbsp;<\/p>\n<p>Mirco lascia la mamma Gabriella, la sorella Antonella con Andrea, Nicola e Francesco, zii cugini e partenti.\u00a0 I funerali si terrano stamane alle 10.30 nella chiesa parrocchiale di Lamosano.<\/p>\n<p>&nbsp;<\/p>\n<p>&nbsp;<\/p>\n<hr \/>\n<p>&nbsp;<\/p>\n<blockquote>\n<h2><a href=\"https:\/\/www.radiopiu.net\/wordpress\/wp-content\/uploads\/2025\/03\/09b17446-6858-4cff-9b3a-d9b18ecf7935.webp\"><img loading=\"lazy\" decoding=\"async\" class=\"wp-image-439791 alignleft\" src=\"https:\/\/www.radiopiu.net\/wordpress\/wp-content\/uploads\/2025\/03\/09b17446-6858-4cff-9b3a-d9b18ecf7935-300x300.webp\" alt=\"\" width=\"165\" height=\"165\" srcset=\"https:\/\/www.radiopiu.net\/wordpress\/wp-content\/uploads\/2025\/03\/09b17446-6858-4cff-9b3a-d9b18ecf7935-300x300.webp 300w, https:\/\/www.radiopiu.net\/wordpress\/wp-content\/uploads\/2025\/03\/09b17446-6858-4cff-9b3a-d9b18ecf7935-150x150.webp 150w, https:\/\/www.radiopiu.net\/wordpress\/wp-content\/uploads\/2025\/03\/09b17446-6858-4cff-9b3a-d9b18ecf7935-768x768.webp 768w, https:\/\/www.radiopiu.net\/wordpress\/wp-content\/uploads\/2025\/03\/09b17446-6858-4cff-9b3a-d9b18ecf7935.webp 1024w\" sizes=\"auto, (max-width: 165px) 100vw, 165px\" \/><\/a>BORGO VALBELLUNA: AUTOMOBILISTA ARRESTATO PER AGGRESSIONE AI CARABINIERI<\/h2>\n<\/blockquote>\n<p>&nbsp;<\/p>\n<p data-start=\"84\" data-end=\"595\" data-is-last-node=\"\" data-is-only-node=\"\"><strong>BORGO VALBELLUNA<\/strong> Gioved\u00ec sera, un automobilista di 25 anni del posto \u00e8 stato arrestato a Borgo Valbelluna dopo aver aggredito i carabinieri durante un controllo. Fermato per strada, ha reagito con violenza colpendo i militari, senza per\u00f2 essere in stato di ebbrezza.<\/p>\n<p data-start=\"84\" data-end=\"595\" data-is-last-node=\"\" data-is-only-node=\"\">L\u2019uomo \u00e8 stato posto agli arresti domiciliari e oggi comparir\u00e0 davanti al giudice per la direttissima. Difeso inizialmente dall\u2019avvocato Giorgio Azzalini, potrebbe ora scegliere un legale di fiducia. Si attende la sentenza, con possibile scarcerazione e una misura meno restrittiva.<\/p>\n<p>&nbsp;<\/p>\n<p>&nbsp;<\/p>\n<hr \/>\n<p>&nbsp;<\/p>\n<blockquote>\n<h2>ISTITUTO FOLLADOR DI AGORDO, A RISCHIO IL BUON NOME DELLA SCUOLA<\/h2>\n<\/blockquote>\n<p>Per il quarto giorno consecutivo,\u00a0 l&#8217;Istituto Follador-De Rossi di Agordo \u00e8 trascinato in una polemica che non conosce la parola fine o risoluzione.<\/p>\n<blockquote>\n<h3 data-start=\"0\" data-end=\"56\">AGORDO, DOCENTI DEL FOLLADOR DENUNCIANO CLIMA TESO<\/h3>\n<\/blockquote>\n<p data-start=\"58\" data-end=\"686\" data-is-last-node=\"\" data-is-only-node=\"\">Gli insegnanti denunciano un ambiente lavorativo difficile a causa della gestione della dirigente Antonella Pacieri, descritta come troppo autoritaria. Diversi docenti hanno gi\u00e0 lasciato incarichi o meditano il trasferimento. Anche i supplenti eviterebbero la scuola. Le segnalazioni all\u2019Ufficio scolastico regionale e provinciale non hanno avuto riscontri. Il personale lamenta un clima opprimente, tra provvedimenti disciplinari e interpretazioni discutibili delle normative. La scuola, eccellenza storica, rischia di subire le conseguenze di un sistema percepito come inefficace e oppressivo.<\/p>\n<blockquote>\n<h3 data-start=\"0\" data-end=\"45\">AGORDO, GENITORI IN DIFESA DEL FOLLADOR<\/h3>\n<p data-start=\"47\" data-end=\"607\">Un gruppo di genitori degli studenti dell\u2019Istituto Follador denuncia un clima di paura nella scuola e chiede interventi immediati. Temono che la gestione attuale comprometta la fama dell\u2019istituto, considerato un\u2019eccellenza unica nel suo genere. Le difficolt\u00e0 di dialogo con la dirigenza e situazioni discutibili, come la misurazione della febbre davanti alla preside, aggravano la tensione. I genitori non accettano questa situazione e sono pronti a mobilitarsi per proteggere il valore e la credibilit\u00e0 della scuola, chiedendo un intervento delle istituzioni.<\/p>\n<h3 data-start=\"47\" data-end=\"607\">E LA POLITICA? VENERDI NEL CONSIGLIO DELL&#8217;UNIONE MONTANA SARA&#8217; PORTATO ALL&#8217;ATTENZIONE DEI SINDACI?<\/h3>\n<\/blockquote>\n<p data-start=\"58\" data-end=\"686\" data-is-last-node=\"\" data-is-only-node=\"\">\u00a0Ci sono sindaci che hanno espresso\u00a0 preoccupazione riguardo al futuro del Comprensivo, sollevando il tema con i colleghi e i Sindaci. Critica la mancanza di risposta alle sue sollecitazioni e suggerisce un intervento pubblico, pur comprendendo la posizione delicata del Presidente Paolo Frena (docente del Follador-De Rossi). Chiedono un parere sulla situazione alle autorit\u00e0 coinvolte<\/p>\n<div class=\"mb-2 flex gap-3 -ml-2\" tabindex=\"0\">\n<div class=\"flex items-center justify-start rounded-xl p-1\">\n<div class=\"flex items-center\" style=\"text-align: center;\"><span style=\"color: #ff0000;\"><button class=\"rounded-lg text-token-text-secondary hover:bg-token-main-surface-secondary\" aria-label=\"Leggi ad alta voce\" data-testid=\"voice-play-turn-action-button\">OGGI SUL CORRIERE DELLE ALPI, GLI ARTICOLI DI APPROFONDIMENTO DI PAOLA DALL&#8217;ANESE<\/button><\/span><\/div>\n<\/div>\n<\/div>\n<p>&nbsp;<\/p>\n\n\t\t\t<style type='text\/css'>\n\t\t\t\t#gallery-1 {\n\t\t\t\t\tmargin: auto;\n\t\t\t\t}\n\t\t\t\t#gallery-1 .gallery-item {\n\t\t\t\t\tfloat: left;\n\t\t\t\t\tmargin-top: 10px;\n\t\t\t\t\ttext-align: center;\n\t\t\t\t\twidth: 50%;\n\t\t\t\t}\n\t\t\t\t#gallery-1 img {\n\t\t\t\t\tborder: 2px solid #cfcfcf;\n\t\t\t\t}\n\t\t\t\t#gallery-1 .gallery-caption {\n\t\t\t\t\tmargin-left: 0;\n\t\t\t\t}\n\t\t\t\t\/* see gallery_shortcode() in wp-includes\/media.php *\/\n\t\t\t<\/style>\n\t\t<div id='gallery-1' class='dt-gallery-container gallery galleryid-439608 gallery-columns-2 gallery-size-medium'><dl class='gallery-item'>\n\t\t\t\t<dt class='gallery-icon landscape'>\n\t\t\t\t\t<a class=\"rollover rollover-zoom dt-pswp-item\" title=\"COOP2\" data-dt-img-description=\"\" data-large_image_width=\"331\" data-large_image_height=\"100\"href='https:\/\/www.radiopiu.net\/wordpress\/wp-content\/uploads\/2025\/03\/COOP2-8.png'><img loading=\"lazy\" decoding=\"async\" width=\"300\" height=\"91\" src=\"https:\/\/www.radiopiu.net\/wordpress\/wp-content\/uploads\/2025\/03\/COOP2-8-300x91.png\" class=\"attachment-medium size-medium\" alt=\"\" srcset=\"https:\/\/www.radiopiu.net\/wordpress\/wp-content\/uploads\/2025\/03\/COOP2-8-300x91.png 300w, https:\/\/www.radiopiu.net\/wordpress\/wp-content\/uploads\/2025\/03\/COOP2-8.png 331w\" sizes=\"auto, (max-width: 300px) 100vw, 300px\" \/><\/a>\n\t\t\t\t<\/dt><\/dl><dl class='gallery-item'>\n\t\t\t\t<dt class='gallery-icon landscape'>\n\t\t\t\t\t<a class=\"rollover rollover-zoom dt-pswp-item\" title=\"COOP1\" data-dt-img-description=\"\" data-large_image_width=\"510\" data-large_image_height=\"182\"href='https:\/\/www.radiopiu.net\/wordpress\/wp-content\/uploads\/2025\/03\/COOP1-8.png'><img loading=\"lazy\" decoding=\"async\" width=\"300\" height=\"107\" src=\"https:\/\/www.radiopiu.net\/wordpress\/wp-content\/uploads\/2025\/03\/COOP1-8-300x107.png\" class=\"attachment-medium size-medium\" alt=\"\" srcset=\"https:\/\/www.radiopiu.net\/wordpress\/wp-content\/uploads\/2025\/03\/COOP1-8-300x107.png 300w, https:\/\/www.radiopiu.net\/wordpress\/wp-content\/uploads\/2025\/03\/COOP1-8.png 510w\" sizes=\"auto, (max-width: 300px) 100vw, 300px\" \/><\/a>\n\t\t\t\t<\/dt><\/dl><br style=\"clear: both\" \/>\n\t\t\t<\/div>\n\n<p>&nbsp;<\/p>\n<p><strong>INTANTO<\/strong>.. Al Palafalcade \u00e8 iniziato ieri sera l&#8217;Atomic Party con i maturandi chimici del Follador, spensierata serata di festa che continuer\u00e0 questa sera con la musica&#8230; che batte<\/p>\n\n\t\t\t<style type='text\/css'>\n\t\t\t\t#gallery-2 {\n\t\t\t\t\tmargin: auto;\n\t\t\t\t}\n\t\t\t\t#gallery-2 .gallery-item {\n\t\t\t\t\tfloat: left;\n\t\t\t\t\tmargin-top: 10px;\n\t\t\t\t\ttext-align: center;\n\t\t\t\t\twidth: 33%;\n\t\t\t\t}\n\t\t\t\t#gallery-2 img {\n\t\t\t\t\tborder: 2px solid #cfcfcf;\n\t\t\t\t}\n\t\t\t\t#gallery-2 .gallery-caption {\n\t\t\t\t\tmargin-left: 0;\n\t\t\t\t}\n\t\t\t\t\/* see gallery_shortcode() in wp-includes\/media.php *\/\n\t\t\t<\/style>\n\t\t<div id='gallery-2' class='dt-gallery-container gallery galleryid-439608 gallery-columns-3 gallery-size-thumbnail'><dl class='gallery-item'>\n\t\t\t\t<dt class='gallery-icon landscape'>\n\t\t\t\t\t<a class=\"rollover rollover-zoom dt-pswp-item\" title=\"f9abedbe-2dcf-4268-a567-7691cd292057\" data-dt-img-description=\"\" data-large_image_width=\"2000\" data-large_image_height=\"1500\"href='https:\/\/www.radiopiu.net\/wordpress\/wp-content\/uploads\/2025\/03\/f9abedbe-2dcf-4268-a567-7691cd292057.jpg'><img loading=\"lazy\" decoding=\"async\" width=\"150\" height=\"150\" src=\"https:\/\/www.radiopiu.net\/wordpress\/wp-content\/uploads\/2025\/03\/f9abedbe-2dcf-4268-a567-7691cd292057-150x150.jpg\" class=\"attachment-thumbnail size-thumbnail\" alt=\"\" \/><\/a>\n\t\t\t\t<\/dt><\/dl><dl class='gallery-item'>\n\t\t\t\t<dt class='gallery-icon landscape'>\n\t\t\t\t\t<a class=\"rollover rollover-zoom dt-pswp-item\" title=\"6cf1f4df-bd62-4c85-a0bc-15273baa0029\" data-dt-img-description=\"\" data-large_image_width=\"1678\" data-large_image_height=\"1380\"href='https:\/\/www.radiopiu.net\/wordpress\/wp-content\/uploads\/2025\/03\/6cf1f4df-bd62-4c85-a0bc-15273baa0029.jpg'><img loading=\"lazy\" decoding=\"async\" width=\"150\" height=\"150\" src=\"https:\/\/www.radiopiu.net\/wordpress\/wp-content\/uploads\/2025\/03\/6cf1f4df-bd62-4c85-a0bc-15273baa0029-150x150.jpg\" class=\"attachment-thumbnail size-thumbnail\" alt=\"\" \/><\/a>\n\t\t\t\t<\/dt><\/dl><dl class='gallery-item'>\n\t\t\t\t<dt class='gallery-icon landscape'>\n\t\t\t\t\t<a class=\"rollover rollover-zoom dt-pswp-item\" title=\"3ef3ba38-ed5a-4c51-bdd7-8d4d01f64131\" data-dt-img-description=\"\" data-large_image_width=\"2000\" data-large_image_height=\"1500\"href='https:\/\/www.radiopiu.net\/wordpress\/wp-content\/uploads\/2025\/03\/3ef3ba38-ed5a-4c51-bdd7-8d4d01f64131.jpg'><img loading=\"lazy\" decoding=\"async\" width=\"150\" height=\"150\" src=\"https:\/\/www.radiopiu.net\/wordpress\/wp-content\/uploads\/2025\/03\/3ef3ba38-ed5a-4c51-bdd7-8d4d01f64131-150x150.jpg\" class=\"attachment-thumbnail size-thumbnail\" alt=\"\" \/><\/a>\n\t\t\t\t<\/dt><\/dl><br style=\"clear: both\" \/>\n\t\t\t<\/div>\n\n<p>&nbsp;<\/p>\n<blockquote>\n<h3>IL FOLLADOR-DE ROSSI ABBRACCIA \u201cSOGNI\u201d<\/h3>\n<\/blockquote>\n<p><strong><a class=\"dt-pswp-item\" href=\"https:\/\/www.radiopiu.net\/wordpress\/wp-content\/uploads\/2025\/03\/Sogni-logo-Fenice.jpg\" data-dt-img-description=\"\" data-large_image_width=\"1000\" data-large_image_height=\"1000\"><img loading=\"lazy\" decoding=\"async\" class=\" wp-image-439753 alignleft\" src=\"https:\/\/www.radiopiu.net\/wordpress\/wp-content\/uploads\/2025\/03\/Sogni-logo-Fenice-300x300.jpg\" alt=\"\" width=\"161\" height=\"161\" srcset=\"https:\/\/www.radiopiu.net\/wordpress\/wp-content\/uploads\/2025\/03\/Sogni-logo-Fenice-300x300.jpg 300w, https:\/\/www.radiopiu.net\/wordpress\/wp-content\/uploads\/2025\/03\/Sogni-logo-Fenice-150x150.jpg 150w, https:\/\/www.radiopiu.net\/wordpress\/wp-content\/uploads\/2025\/03\/Sogni-logo-Fenice-768x768.jpg 768w, https:\/\/www.radiopiu.net\/wordpress\/wp-content\/uploads\/2025\/03\/Sogni-logo-Fenice.jpg 1000w\" sizes=\"auto, (max-width: 161px) 100vw, 161px\" \/><\/a>AGORDO <\/strong>Grazie all\u2019imput arrivato a scuola da un genitore, alcune classi dell\u2019Istituto Follador-De Rossi di Agordo hanno avuto la possibilit\u00e0 di incontrare Rudi Zanatta, fondatore e presidente dell\u2019Associazione \u201cSogni\u201d. Si tratta di un\u2019organizzazione no profit che realizza attivit\u00e0 e sogni a sostegno di bambini, ragazzi e giovani adulti affetti da patologia oncologica e terminale, per permettere loro di uscire, anche per un solo giorno, da una quotidianit\u00e0 fatta di ospedali e terapie ed entrare in una dimensione spensierata che appartiene loro di diritto. Alla luce di questo incontro, la classe 5^ dell\u2019indirizzo chimica e materiali si \u00e8 presa l\u2019incarico di far conoscere SOGNI a tutte le classi, proponendo loro di aderire ad una raccolta di tappi di sughero, che serviranno per far giungere un sostegno economico all\u2019associazione. In questi giorni \u00e8 partita la macchina organizzativa e sono gi\u00e0 arrivati i primi quantitativi di tappi.<\/p>\n<blockquote>\n<h3><\/h3>\n<h3>MARTINO TURA ECCELLENZA DEL FOLLADOR DE ROSSI<\/h3>\n<\/blockquote>\n<p><strong><a class=\"dt-pswp-item\" href=\"https:\/\/www.radiopiu.net\/wordpress\/wp-content\/uploads\/2025\/03\/SCR-20250313-mzpf.jpeg\" data-dt-img-description=\"\" data-large_image_width=\"1146\" data-large_image_height=\"846\"><img loading=\"lazy\" decoding=\"async\" class=\" wp-image-439520 alignleft\" src=\"https:\/\/www.radiopiu.net\/wordpress\/wp-content\/uploads\/2025\/03\/SCR-20250313-mzpf-300x221.jpeg\" alt=\"\" width=\"197\" height=\"145\" srcset=\"https:\/\/www.radiopiu.net\/wordpress\/wp-content\/uploads\/2025\/03\/SCR-20250313-mzpf-300x221.jpeg 300w, https:\/\/www.radiopiu.net\/wordpress\/wp-content\/uploads\/2025\/03\/SCR-20250313-mzpf-1024x756.jpeg 1024w, https:\/\/www.radiopiu.net\/wordpress\/wp-content\/uploads\/2025\/03\/SCR-20250313-mzpf-768x567.jpeg 768w, https:\/\/www.radiopiu.net\/wordpress\/wp-content\/uploads\/2025\/03\/SCR-20250313-mzpf.jpeg 1146w\" sizes=\"auto, (max-width: 197px) 100vw, 197px\" \/><\/a>AGORDO<\/strong><\/p>\n<p>DI GIANNI SANTOMASO<\/p>\n<audio class=\"wp-audio-shortcode\" id=\"audio-439608-8\" preload=\"none\" style=\"width: 100%;\" controls=\"controls\"><source type=\"audio\/mpeg\" src=\"https:\/\/www.radiopiu.net\/wordpress\/wp-content\/uploads\/2025\/03\/GIANNI-MARTINO-TURA-ECCELLENZA-DEL-FOLLADOR-DE-ROSSI.mp3?_=8\" \/><a href=\"https:\/\/www.radiopiu.net\/wordpress\/wp-content\/uploads\/2025\/03\/GIANNI-MARTINO-TURA-ECCELLENZA-DEL-FOLLADOR-DE-ROSSI.mp3\">https:\/\/www.radiopiu.net\/wordpress\/wp-content\/uploads\/2025\/03\/GIANNI-MARTINO-TURA-ECCELLENZA-DEL-FOLLADOR-DE-ROSSI.mp3<\/a><\/audio>\n<p>&nbsp;<\/p>\n<p>&nbsp;<\/p>\n<p>&nbsp;<\/p>\n<p>&nbsp;<\/p>\n<p>&nbsp;<\/p>\n<hr \/>\n<p>&nbsp;<\/p>\n<blockquote>\n<h3 data-start=\"0\" data-end=\"81\"><strong data-start=\"4\" data-end=\"79\">CORTINA, AUTO ABBANDONATA SUL PASSO VALPAROLA: SANZIONATO IL CONDUCENTE<\/strong><\/h3>\n<\/blockquote>\n<p><img loading=\"lazy\" decoding=\"async\" class=\"alignleft\" src=\"https:\/\/www.radiopiu.net\/wordpress\/wp-content\/uploads\/2025\/03\/8a28ee31-9a4b-4d0a-bc3f-7dbc1fcb6762.jpg\" width=\"427\" height=\"320\" \/><em>Strana moda: per giorni, settimane, mesi un &#8216;auto \u00e8 stata abbandonata (incidentata) sulla strada per Passo Falzarego, ce ne siamo occupati spesso, fino alla noia. Ieri il fatto si \u00e8 ripetuto altrove, in Valparola. Le Forze dell&#8217;Ordine hanno sanzionato il proprietario<\/em><\/p>\n<p><strong>CORTINA\u00a0<\/strong><\/p>\n<p data-start=\"135\" data-end=\"423\">Una <strong data-start=\"149\" data-end=\"191\">Mercedes lasciata in mezzo alla strada<\/strong> ha creato disagi e pericoli sul passo Valparola. L&#8217;auto, un modello datato, <strong data-start=\"268\" data-end=\"301\">occupava l\u2019intera corsia nord<\/strong>, causando un senso unico alternato non segnalato, poich\u00e9 il conducente non aveva posizionato il triangolo di emergenza.<\/p>\n<p data-start=\"425\" data-end=\"855\">Sul posto sono intervenuti <strong data-start=\"452\" data-end=\"482\">i tecnici di Veneto Strade<\/strong>, ente responsabile della provinciale 24, e <strong data-start=\"526\" data-end=\"570\">i carabinieri della Compagnia di Cortina<\/strong>, che hanno avviato le indagini. Grazie alla targa, le forze dell\u2019ordine hanno rintracciato l\u2019<strong data-start=\"664\" data-end=\"692\">utilizzatore del veicolo<\/strong>, ipotizzando si trattasse di un&#8217;auto a noleggio. L&#8217;uomo \u00e8 stato invitato a tornare sul passo per rimuovere la vettura, operazione avvenuta solo dopo alcune ore.<\/p>\n<p data-start=\"857\" data-end=\"1122\">Nonostante la <strong data-start=\"871\" data-end=\"891\">copiosa nevicata<\/strong>, il passo era aperto al traffico e non \u00e8 stato necessario l\u2019intervento di un carro attrezzi o dei vigili del fuoco di Cortina con l&#8217;autogr\u00f9. Il conducente rischia <strong data-start=\"1055\" data-end=\"1082\">sanzioni amministrative<\/strong> per la sosta imprudente e pericolosa.<\/p>\n<p>&nbsp;<\/p>\n<p>&nbsp;<\/p>\n<hr \/>\n<p>&nbsp;<\/p>\n<blockquote>\n<h3 data-start=\"0\" data-end=\"57\"><strong data-start=\"4\" data-end=\"55\"><a class=\"dt-pswp-item\" href=\"https:\/\/www.radiopiu.net\/wordpress\/wp-content\/uploads\/2025\/03\/Senza-nome-75-300x294-1.png\" data-dt-img-description=\"\" data-large_image_width=\"300\" data-large_image_height=\"294\"><img loading=\"lazy\" decoding=\"async\" class=\" wp-image-439786 alignleft\" src=\"https:\/\/www.radiopiu.net\/wordpress\/wp-content\/uploads\/2025\/03\/Senza-nome-75-300x294-1.png\" alt=\"\" width=\"215\" height=\"211\" \/><\/a>FUNERALI DI AFRA DILSHAD: SABATO DATA PROBABILE<\/strong><\/h3>\n<\/blockquote>\n<p data-start=\"59\" data-end=\"339\" data-is-last-node=\"\" data-is-only-node=\"\"><strong>BELLUNO<\/strong><\/p>\n<div class=\"flex max-w-full flex-col flex-grow\">\n<div class=\"min-h-8 text-message relative flex w-full flex-col items-end gap-2 whitespace-normal break-words text-start [.text-message+&amp;]:mt-5\" dir=\"auto\" data-message-author-role=\"assistant\" data-message-id=\"214b1eb3-dee7-4ce3-ba46-13d117c6d622\" data-message-model-slug=\"gpt-4o\">\n<div class=\"flex w-full flex-col gap-1 empty:hidden first:pt-[3px]\">\n<div class=\"markdown prose w-full break-words dark:prose-invert dark\">\n<p data-start=\"59\" data-end=\"339\" data-is-last-node=\"\" data-is-only-node=\"\">I funerali della piccola Afra Dilshad si terranno probabilmente sabato, presso la chiesa Evangelica di Sedico. Intanto, luned\u00ec si svolgeranno le perizie sul luogo dell\u2019incidente del 23 febbraio. La madre \u00e8 indagata per omicidio stradale. La bambina sar\u00e0 sepolta a Prade<\/p>\n<p data-start=\"59\" data-end=\"339\" data-is-last-node=\"\" data-is-only-node=\"\">Luned\u00ec ci saranno le operazioni peritali sul tratto di statale 51 di Alemagna, all&#8217;altezza del ponte Botteon, sul Fadalto. Dalle 10 in poi, la strada sar\u00e0 chiusa, a cura della Polizia locale di Vittorio Veneto,\u00a0 i tre consulenti tecnici cercheranno di capire la dinamica precisa dell&#8217;incidente di domenica 23 febbraio, la velocit\u00e0 che stavano tenendo i tre veicoli coinvolti e l&#8217;utilizzo o meno dei dispositivi di sicurezza, a cominciare dalle cinture.<\/p>\n<hr \/>\n<blockquote>\n<h3 data-start=\"0\" data-end=\"61\"><strong data-start=\"4\" data-end=\"59\">\u00a0<\/strong><\/h3>\n<h3 style=\"text-align: left;\" data-start=\"0\" data-end=\"61\"><strong data-start=\"4\" data-end=\"59\"><a class=\"dt-pswp-item\" href=\"https:\/\/www.radiopiu.net\/wordpress\/wp-content\/uploads\/2025\/03\/Senza-nome-49.png\" data-dt-img-description=\"\" data-large_image_width=\"173\" data-large_image_height=\"147\"><img loading=\"lazy\" decoding=\"async\" class=\"size-full wp-image-439789 alignleft\" src=\"https:\/\/www.radiopiu.net\/wordpress\/wp-content\/uploads\/2025\/03\/Senza-nome-49.png\" alt=\"\" width=\"173\" height=\"147\" \/><\/a>VAL CANZOI: STRADA A RISCHIO, RESIDENTI PREOCCUPATI<\/strong><\/h3>\n<\/blockquote>\n<p data-start=\"63\" data-end=\"382\" data-is-last-node=\"\" data-is-only-node=\"\"><strong>SANTA GIUSTINA<\/strong> In Val Canzoi, localit\u00e0 Preton, l&#8217;erosione ha esposto cavi Enel e reso fragile la strada, minacciando turisti e residenti. Senza interventi per deviare il corso dell&#8217;acqua e consolidare l&#8217;argine, il rischio isolamento aumenta. I residenti chiedono risposte urgenti, ma finora nessuna azione concreta \u00e8 stata intrapresa.<\/p>\n<p data-start=\"59\" data-end=\"339\" data-is-last-node=\"\" data-is-only-node=\"\">\n<\/div>\n<\/div>\n<\/div>\n<\/div>\n<p>&nbsp;<\/p>\n<hr \/>\n<blockquote>\n<h3><\/h3>\n<h3>PROTEZIONE CIVILE DEL VENETO IN PARTENZA PER L&#8217;EMILIA ROMAGNA IN AIUTO DELLA POPOLAZIONE ALLUVIONATA<\/h3>\n<\/blockquote>\n<p><strong>REDAZIONE<\/strong> A seguito degli eventi alluvionali, su richiesta del Dipartimento della Protezione Civile Nazionale, i volontari della Protezione Civile Veneto sono in partenza per l&#8217;Emilia Romagna. Avendo dato la disponibilit\u00e0 a partire come sempre, i nostri volontari saranno ancora una volta in prima linea a portare solidariet\u00e0 e professionalit\u00e0. (le foto si riferiscono agli interventi effettuati dai nostri volontari a Senigallia nel 2022)<br \/>\n<strong>FONTE<\/strong> Gianpaolo Bottacin, assessore veneto protezione civile<\/p>\n\n\t\t\t<style type='text\/css'>\n\t\t\t\t#gallery-3 {\n\t\t\t\t\tmargin: auto;\n\t\t\t\t}\n\t\t\t\t#gallery-3 .gallery-item {\n\t\t\t\t\tfloat: left;\n\t\t\t\t\tmargin-top: 10px;\n\t\t\t\t\ttext-align: center;\n\t\t\t\t\twidth: 25%;\n\t\t\t\t}\n\t\t\t\t#gallery-3 img {\n\t\t\t\t\tborder: 2px solid #cfcfcf;\n\t\t\t\t}\n\t\t\t\t#gallery-3 .gallery-caption {\n\t\t\t\t\tmargin-left: 0;\n\t\t\t\t}\n\t\t\t\t\/* see gallery_shortcode() in wp-includes\/media.php *\/\n\t\t\t<\/style>\n\t\t<div id='gallery-3' class='dt-gallery-container gallery galleryid-439608 gallery-columns-4 gallery-size-thumbnail'><dl class='gallery-item'>\n\t\t\t\t<dt class='gallery-icon landscape'>\n\t\t\t\t\t<a class=\"rollover rollover-zoom dt-pswp-item\" title=\"db5e26f2-6a17-4bc0-b766-6905fe208ee4\" data-dt-img-description=\"\" data-large_image_width=\"1080\" data-large_image_height=\"503\"href='https:\/\/www.radiopiu.net\/wordpress\/wp-content\/uploads\/2025\/03\/db5e26f2-6a17-4bc0-b766-6905fe208ee4.jpg'><img loading=\"lazy\" decoding=\"async\" width=\"150\" height=\"150\" src=\"https:\/\/www.radiopiu.net\/wordpress\/wp-content\/uploads\/2025\/03\/db5e26f2-6a17-4bc0-b766-6905fe208ee4-150x150.jpg\" class=\"attachment-thumbnail size-thumbnail\" alt=\"\" \/><\/a>\n\t\t\t\t<\/dt><\/dl><dl class='gallery-item'>\n\t\t\t\t<dt class='gallery-icon landscape'>\n\t\t\t\t\t<a class=\"rollover rollover-zoom dt-pswp-item\" title=\"9e4a673f-eb4b-491f-8283-e08479620a7d\" data-dt-img-description=\"\" data-large_image_width=\"1080\" data-large_image_height=\"915\"href='https:\/\/www.radiopiu.net\/wordpress\/wp-content\/uploads\/2025\/03\/9e4a673f-eb4b-491f-8283-e08479620a7d.jpg'><img loading=\"lazy\" decoding=\"async\" width=\"150\" height=\"150\" src=\"https:\/\/www.radiopiu.net\/wordpress\/wp-content\/uploads\/2025\/03\/9e4a673f-eb4b-491f-8283-e08479620a7d-150x150.jpg\" class=\"attachment-thumbnail size-thumbnail\" alt=\"\" \/><\/a>\n\t\t\t\t<\/dt><\/dl><dl class='gallery-item'>\n\t\t\t\t<dt class='gallery-icon landscape'>\n\t\t\t\t\t<a class=\"rollover rollover-zoom dt-pswp-item\" title=\"9a653951-bfd7-4619-b88c-983b5fb9f85b\" data-dt-img-description=\"\" data-large_image_width=\"1080\" data-large_image_height=\"583\"href='https:\/\/www.radiopiu.net\/wordpress\/wp-content\/uploads\/2025\/03\/9a653951-bfd7-4619-b88c-983b5fb9f85b.jpg'><img loading=\"lazy\" decoding=\"async\" width=\"150\" height=\"150\" src=\"https:\/\/www.radiopiu.net\/wordpress\/wp-content\/uploads\/2025\/03\/9a653951-bfd7-4619-b88c-983b5fb9f85b-150x150.jpg\" class=\"attachment-thumbnail size-thumbnail\" alt=\"\" \/><\/a>\n\t\t\t\t<\/dt><\/dl><dl class='gallery-item'>\n\t\t\t\t<dt class='gallery-icon landscape'>\n\t\t\t\t\t<a class=\"rollover rollover-zoom dt-pswp-item\" title=\"b8bc8ed3-1146-43b9-9a82-c4779c7326ed\" data-dt-img-description=\"\" data-large_image_width=\"1080\" data-large_image_height=\"796\"href='https:\/\/www.radiopiu.net\/wordpress\/wp-content\/uploads\/2025\/03\/b8bc8ed3-1146-43b9-9a82-c4779c7326ed.jpg'><img loading=\"lazy\" decoding=\"async\" width=\"150\" height=\"150\" src=\"https:\/\/www.radiopiu.net\/wordpress\/wp-content\/uploads\/2025\/03\/b8bc8ed3-1146-43b9-9a82-c4779c7326ed-150x150.jpg\" class=\"attachment-thumbnail size-thumbnail\" alt=\"\" \/><\/a>\n\t\t\t\t<\/dt><\/dl><br style=\"clear: both\" \/><dl class='gallery-item'>\n\t\t\t\t<dt class='gallery-icon landscape'>\n\t\t\t\t\t<a class=\"rollover rollover-zoom dt-pswp-item\" title=\"b485c8fd-630b-44b6-9aad-f3b214eade31\" data-dt-img-description=\"\" data-large_image_width=\"1080\" data-large_image_height=\"810\"href='https:\/\/www.radiopiu.net\/wordpress\/wp-content\/uploads\/2025\/03\/b485c8fd-630b-44b6-9aad-f3b214eade31.jpg'><img loading=\"lazy\" decoding=\"async\" width=\"150\" height=\"150\" src=\"https:\/\/www.radiopiu.net\/wordpress\/wp-content\/uploads\/2025\/03\/b485c8fd-630b-44b6-9aad-f3b214eade31-150x150.jpg\" class=\"attachment-thumbnail size-thumbnail\" alt=\"\" \/><\/a>\n\t\t\t\t<\/dt><\/dl><dl class='gallery-item'>\n\t\t\t\t<dt class='gallery-icon landscape'>\n\t\t\t\t\t<a class=\"rollover rollover-zoom dt-pswp-item\" title=\"77b742e4-ecb4-4e25-b92a-75390e9552a4\" data-dt-img-description=\"\" data-large_image_width=\"1080\" data-large_image_height=\"789\"href='https:\/\/www.radiopiu.net\/wordpress\/wp-content\/uploads\/2025\/03\/77b742e4-ecb4-4e25-b92a-75390e9552a4.jpg'><img loading=\"lazy\" decoding=\"async\" width=\"150\" height=\"150\" src=\"https:\/\/www.radiopiu.net\/wordpress\/wp-content\/uploads\/2025\/03\/77b742e4-ecb4-4e25-b92a-75390e9552a4-150x150.jpg\" class=\"attachment-thumbnail size-thumbnail\" alt=\"\" \/><\/a>\n\t\t\t\t<\/dt><\/dl><dl class='gallery-item'>\n\t\t\t\t<dt class='gallery-icon landscape'>\n\t\t\t\t\t<a class=\"rollover rollover-zoom dt-pswp-item\" title=\"a04961d6-ae99-4fce-8204-32dca4b5f866\" data-dt-img-description=\"\" data-large_image_width=\"1080\" data-large_image_height=\"499\"href='https:\/\/www.radiopiu.net\/wordpress\/wp-content\/uploads\/2025\/03\/a04961d6-ae99-4fce-8204-32dca4b5f866.jpg'><img loading=\"lazy\" decoding=\"async\" width=\"150\" height=\"150\" src=\"https:\/\/www.radiopiu.net\/wordpress\/wp-content\/uploads\/2025\/03\/a04961d6-ae99-4fce-8204-32dca4b5f866-150x150.jpg\" class=\"attachment-thumbnail size-thumbnail\" alt=\"\" \/><\/a>\n\t\t\t\t<\/dt><\/dl><dl class='gallery-item'>\n\t\t\t\t<dt class='gallery-icon portrait'>\n\t\t\t\t\t<a class=\"rollover rollover-zoom dt-pswp-item\" title=\"79f35021-19b5-4c1a-ab7d-4632e94fdc8e\" data-dt-img-description=\"\" data-large_image_width=\"1080\" data-large_image_height=\"1390\"href='https:\/\/www.radiopiu.net\/wordpress\/wp-content\/uploads\/2025\/03\/79f35021-19b5-4c1a-ab7d-4632e94fdc8e.jpg'><img loading=\"lazy\" decoding=\"async\" width=\"150\" height=\"150\" src=\"https:\/\/www.radiopiu.net\/wordpress\/wp-content\/uploads\/2025\/03\/79f35021-19b5-4c1a-ab7d-4632e94fdc8e-150x150.jpg\" class=\"attachment-thumbnail size-thumbnail\" alt=\"\" \/><\/a>\n\t\t\t\t<\/dt><\/dl><br style=\"clear: both\" \/>\n\t\t\t<\/div>\n\n<p>&nbsp;<\/p>\n<hr \/>\n<p>&nbsp;<\/p>\n<blockquote>\n<h3>PROVINCIA: PRESENTATA L&#8217;ATTIVITA&#8217; 2024 DEL SERVIZIO ACQUE<\/h3>\n<\/blockquote>\n<p><strong><a class=\"dt-pswp-item\" href=\"https:\/\/www.radiopiu.net\/wordpress\/wp-content\/uploads\/2020\/06\/palazzo_piloni_belluno.jpg\" data-dt-img-description=\"\" data-large_image_width=\"1000\" data-large_image_height=\"667\"><img loading=\"lazy\" decoding=\"async\" class=\" wp-image-144771 alignleft\" src=\"https:\/\/www.radiopiu.net\/wordpress\/wp-content\/uploads\/2020\/06\/palazzo_piloni_belluno-300x200.jpg\" alt=\"\" width=\"188\" height=\"125\" srcset=\"https:\/\/www.radiopiu.net\/wordpress\/wp-content\/uploads\/2020\/06\/palazzo_piloni_belluno-300x200.jpg 300w, https:\/\/www.radiopiu.net\/wordpress\/wp-content\/uploads\/2020\/06\/palazzo_piloni_belluno-768x512.jpg 768w, https:\/\/www.radiopiu.net\/wordpress\/wp-content\/uploads\/2020\/06\/palazzo_piloni_belluno.jpg 1000w\" sizes=\"auto, (max-width: 188px) 100vw, 188px\" \/><\/a>BELLUNO <\/strong>La Provincia di Belluno ha presentato le attivit\u00e0 2024 del Servizio Acque, focalizzandosi sulla diga del Vanoi e sul mini-idroelettrico. Il Servizio, composto da nove persone, gestisce un lavoro essenziale, con canoni idrici che generano circa 15 milioni di euro l\u2019anno. Sulla diga del Vanoi, la Provincia ha espresso contrariet\u00e0 con due delibere e un documento tecnico, partecipando ai dibattiti pubblici. Il lavoro ha portato a un cambiamento di prospettiva: invece di un invaso, si parla ora di nuovi sistemi irrigui. Per il mini-idroelettrico, la questione riguarda impianti sotto i 3MW, spesso comunali. L&#8217;assenza di una normativa statale chiara ha portato la Provincia a garantire la continuit\u00e0 degli impianti esistenti. La Regione Veneto ha poi confermato questa linea con la legge 1\/2025. La Corte Costituzionale ha chiesto un parere alla Corte di Giustizia Europea sulla necessit\u00e0 della gara per questi impianti. Altro tema chiave \u00e8 stato l\u2019aumento dei canoni idrici, con l\u2019introduzione del \u201ccanone binomio\u201d, composto da una quota fissa (aumentata a 40 euro\/kW) e una variabile legata al fatturato. I grandi concessionari hanno impugnato gli aumenti, ritardando il pagamento di oltre 18 milioni di euro. La Provincia sostiene il contenzioso della Regione Veneto per garantire che queste risorse, circa 30 milioni annui, restino nei territori montani.<\/p>\n<p>&nbsp;<\/p>\n<blockquote>\n<h2><a class=\"dt-pswp-item\" href=\"https:\/\/www.radiopiu.net\/wordpress\/wp-content\/uploads\/2023\/12\/ANTENNA.png\" data-dt-img-description=\"\" data-large_image_width=\"300\" data-large_image_height=\"166\"><img loading=\"lazy\" decoding=\"async\" class=\"wp-image-366306 alignleft\" src=\"https:\/\/www.radiopiu.net\/wordpress\/wp-content\/uploads\/2023\/12\/ANTENNA.png\" alt=\"\" width=\"199\" height=\"110\" \/><\/a>BELLUNO | L\u2019IMPORTANZA DELL\u2019IDROELETTRICO NEL BILANCIO DELLA PROVINCIA<\/h2>\n<p>MASSIMO BORTOLUZZI (CONSIGLIERE DELEGATO DEMANIO IDRICO PROVINCIA BELLUNO) (Servizio di\u00a0Fabio Fioravanzi)<\/p><\/blockquote>\n<p><iframe loading=\"lazy\" title=\"L&#039;IMPORTANZA DELL&#039;IDROELETTRICO NEL BILANCIO DELLA PROVINCIA | 14\/03\/2025\" width=\"1200\" height=\"675\" src=\"https:\/\/www.youtube.com\/embed\/oLDB8UjpJa8?feature=oembed\" frameborder=\"0\" allow=\"accelerometer; autoplay; clipboard-write; encrypted-media; gyroscope; picture-in-picture; web-share\" referrerpolicy=\"strict-origin-when-cross-origin\" allowfullscreen><\/iframe><\/p>\n<p>&nbsp;<\/p>\n<p>&nbsp;<\/p>\n<p>&nbsp;<\/p>\n<p>&nbsp;<\/p>\n<hr \/>\n<p>&nbsp;<\/p>\n<blockquote>\n<h3>DDL TAGLIO IVA PRODOTTI IGIENE FEMMINILE E PRIMA INFANZIA: AL VIA LA RACCOLTA FIRME<\/h3>\n<\/blockquote>\n<p><strong><a class=\"dt-pswp-item\" href=\"https:\/\/www.radiopiu.net\/wordpress\/wp-content\/uploads\/2025\/03\/Serata-Sedico-scaled.jpg\" data-dt-img-description=\"\" data-large_image_width=\"2560\" data-large_image_height=\"1524\"><img loading=\"lazy\" decoding=\"async\" class=\" wp-image-439702 alignleft\" src=\"https:\/\/www.radiopiu.net\/wordpress\/wp-content\/uploads\/2025\/03\/Serata-Sedico-300x179.jpg\" alt=\"\" width=\"230\" height=\"137\" srcset=\"https:\/\/www.radiopiu.net\/wordpress\/wp-content\/uploads\/2025\/03\/Serata-Sedico-300x179.jpg 300w, https:\/\/www.radiopiu.net\/wordpress\/wp-content\/uploads\/2025\/03\/Serata-Sedico-1024x610.jpg 1024w, https:\/\/www.radiopiu.net\/wordpress\/wp-content\/uploads\/2025\/03\/Serata-Sedico-768x457.jpg 768w, https:\/\/www.radiopiu.net\/wordpress\/wp-content\/uploads\/2025\/03\/Serata-Sedico-1536x915.jpg 1536w, https:\/\/www.radiopiu.net\/wordpress\/wp-content\/uploads\/2025\/03\/Serata-Sedico-2048x1219.jpg 2048w\" sizes=\"auto, (max-width: 230px) 100vw, 230px\" \/><\/a>SEDICO <\/strong>A Sedico si \u00e8 tenuta la presentazione del disegno di legge di iniziativa popolare per il taglio dell\u2019IVA sui prodotti per l\u2019igiene femminile e la prima infanzia. L\u2019evento, organizzato da Giovani&amp;Futuro, ha visto la partecipazione del Sindaco di Sedico, Christian Roldo, e dei consiglieri Stefano Deon e Sebastiano Casoni. Luca Frescura, Presidente nazionale di Giovani&amp;Futuro, ha sottolineato l\u2019importanza dell\u2019iniziativa, evidenziando come il risparmio per le famiglie potrebbe arrivare a 300 euro annui, per un costo complessivo di 180 milioni di euro per lo Stato. Il Vicepresidente Thomas Menia Corbanese ha ribadito il valore costituzionale della proposta e l\u2019importanza di ogni firma per raggiungere le 50.000 sottoscrizioni necessarie per portare il testo in Parlamento. Nei primi 20 giorni, quasi 6.000 cittadini hanno sostenuto l\u2019iniziativa sulla piattaforma del Ministero della Giustizia. Ora la raccolta firme proseguir\u00e0 anche nei Comuni che hanno aderito alla campagna.<\/p>\n<p>&nbsp;<\/p>\n<p>&nbsp;<\/p>\n<hr \/>\n<p>&nbsp;<\/p>\n<blockquote>\n<h3>PROGETTO STACCO: LA SOLIDARIETA&#8217; DAI SINDACI DEL COMELICO<\/h3>\n<\/blockquote>\n<p><strong>COMELICO<\/strong> I Sindaci del Comelico esprimono il loro pieno sostegno al progetto STACCO, che mira a collegare la Val Comelico e la Val Pusteria. Sottolineano la valenza culturale, naturalistica e ambientale del progetto, che non si limita a un collegamento sciistico, ma promuove lo sviluppo delle comunit\u00e0 nel rispetto delle tradizioni e della storia locale. Il progetto \u00e8 visto come un&#8217;opportunit\u00e0 per superare la visione divisiva della montagna, proponendo una mobilit\u00e0 sostenibile e inclusiva. Inoltre, STACCO punta a valorizzare le aree circostanti, ripristinando sentieri storici e percorsi naturalistici, in un&#8217;ottica di sviluppo rispettoso dell&#8217;ambiente. I Sindaci confidano nel lavoro del TAR del Veneto e ribadiscono l&#8217;importanza del progetto per la regione.<\/p>\n<p>&nbsp;<\/p>\n<blockquote>\n<h3>DOLOMITI: IL DILEMMA TRA SVILUPPO E SOSTENIBILITA&#8217;, TRA INSOFFERENZA DEGLI ABITANTI E INGERENZA DELLE ASSOCIAZIONI AMBIENTALI<\/h3>\n<\/blockquote>\n<p><strong><a class=\"dt-pswp-item\" href=\"https:\/\/www.radiopiu.net\/wordpress\/wp-content\/uploads\/2024\/06\/Dolomiti.jpg\" data-dt-img-description=\"\" data-large_image_width=\"2500\" data-large_image_height=\"1667\"><img loading=\"lazy\" decoding=\"async\" class=\" wp-image-395628 alignleft\" src=\"https:\/\/www.radiopiu.net\/wordpress\/wp-content\/uploads\/2024\/06\/Dolomiti-300x200.jpg\" alt=\"\" width=\"188\" height=\"125\" srcset=\"https:\/\/www.radiopiu.net\/wordpress\/wp-content\/uploads\/2024\/06\/Dolomiti-300x200.jpg 300w, https:\/\/www.radiopiu.net\/wordpress\/wp-content\/uploads\/2024\/06\/Dolomiti-1024x683.jpg 1024w, https:\/\/www.radiopiu.net\/wordpress\/wp-content\/uploads\/2024\/06\/Dolomiti-768x512.jpg 768w, https:\/\/www.radiopiu.net\/wordpress\/wp-content\/uploads\/2024\/06\/Dolomiti-1536x1024.jpg 1536w, https:\/\/www.radiopiu.net\/wordpress\/wp-content\/uploads\/2024\/06\/Dolomiti-2048x1366.jpg 2048w\" sizes=\"auto, (max-width: 188px) 100vw, 188px\" \/><\/a>di Claudio Pr\u00e0<\/strong><\/p>\n<p>\u00c8 polemica in questi giorni sull&#8217;ingerenza delle associazioni ambientalistiche sulle decisioni degli amministratori montani in merito a nuovi impianti sciistici. Occorre per\u00f2 ricordare che anche molti abitanti della montagna non sono d&#8217;accordo con la visione dei loro amministratori e degli imprenditori del settore. Agitare lo spauracchio dello spopolamento e del mancato sviluppo per giustificare qualsiasi intervento in un territorio saturo di impianti e piste da sci ha stancato e in tanti, stufi della visione speculativa che si ha delle Dolomiti, si augurano che la politica locale tiri fuori iniziative e idee lungimiranti al passo con i tempi, dove al centro c&#8217;\u00e8 la montagna e i suoi abitanti, non il turismo cafone e sempre meno sostenibile divenuto ormai ingestibile. Continuare sulla vecchia strada significa minare territori unici ma fragilissimi. Preservare non vuol dire negare lo sviluppo ma avere una visione chiara su ambienti che, se non rispettati, non avranno pi\u00f9 lo stesso fascino in futuro e per questo non saranno pi\u00f9 ambiti. Aprire la mente a un nuovo modo di fare turismo, a una gestione delle Dolomiti diversa in epoca di cambiamenti climatici e di globalizzazione, al corretto messaggio da indirizzare agli ospiti, non \u00e8 esercizio velleitario, \u00e8 progettare il futuro. Cosa che al momento sembra interessare zero in un mondo preso esclusivamente dai grandi numeri e dal tutto e subito, costi quel che costi. L&#8217;insofferenza di tanti abitanti delle terre alte verso questa deriva cresce, non a caso le ormai imminenti Olimpiadi di Milano-Cortina suscitano sempre meno entusiasmo e vengono viste spesso come una minaccia anzich\u00e9 un opportunit\u00e0. Sono segnali da cogliere, perlomeno \u00e8 quel che farebbe un buon amministratore che ha a cuore il suo territorio e la sua gente.<\/p>\n<hr \/>\n<p>&nbsp;<\/p>\n<blockquote>\n<h3>AVVIATO UN CORSO DI FORMAZIONE PER LA CURA DEL VERDE AD AGORDO<\/h3>\n<\/blockquote>\n<p><strong><a class=\"dt-pswp-item\" href=\"https:\/\/www.radiopiu.net\/wordpress\/wp-content\/uploads\/2024\/08\/BROI-AGORDO.jpg\" data-dt-img-description=\"\" data-large_image_width=\"1024\" data-large_image_height=\"768\"><img loading=\"lazy\" decoding=\"async\" class=\" wp-image-406589 alignleft\" src=\"https:\/\/www.radiopiu.net\/wordpress\/wp-content\/uploads\/2024\/08\/BROI-AGORDO-300x225.jpg\" alt=\"\" width=\"175\" height=\"131\" srcset=\"https:\/\/www.radiopiu.net\/wordpress\/wp-content\/uploads\/2024\/08\/BROI-AGORDO-300x225.jpg 300w, https:\/\/www.radiopiu.net\/wordpress\/wp-content\/uploads\/2024\/08\/BROI-AGORDO-768x576.jpg 768w, https:\/\/www.radiopiu.net\/wordpress\/wp-content\/uploads\/2024\/08\/BROI-AGORDO.jpg 1024w\" sizes=\"auto, (max-width: 175px) 100vw, 175px\" \/><\/a>AGORDO<\/strong><\/p>\n<p>DI GIANNI SANTOMASO<\/p>\n<audio class=\"wp-audio-shortcode\" id=\"audio-439608-9\" preload=\"none\" style=\"width: 100%;\" controls=\"controls\"><source type=\"audio\/mpeg\" src=\"https:\/\/www.radiopiu.net\/wordpress\/wp-content\/uploads\/2025\/03\/GIANNI-AVVIATO-UN-CORSO-DI-FORMAZIONE-PER-LA-CURA-DEL-VERDE-AD-AGORDO.mp3?_=9\" \/><a href=\"https:\/\/www.radiopiu.net\/wordpress\/wp-content\/uploads\/2025\/03\/GIANNI-AVVIATO-UN-CORSO-DI-FORMAZIONE-PER-LA-CURA-DEL-VERDE-AD-AGORDO.mp3\">https:\/\/www.radiopiu.net\/wordpress\/wp-content\/uploads\/2025\/03\/GIANNI-AVVIATO-UN-CORSO-DI-FORMAZIONE-PER-LA-CURA-DEL-VERDE-AD-AGORDO.mp3<\/a><\/audio>\n<p>&nbsp;<\/p>\n<hr \/>\n<p>&nbsp;<\/p>\n<blockquote>\n<h3>ALL\u2019UNIVERSITA\u2019 DEGLI ANZIANI DI ALLEGHE CON IL QUESTORE DI BELLUNO<\/h3>\n<\/blockquote>\n<p><strong><a class=\"dt-pswp-item\" href=\"https:\/\/www.radiopiu.net\/wordpress\/wp-content\/uploads\/2025\/03\/727d041f-78df-4bb2-9115-959bbe447934.jpeg\" data-dt-img-description=\"\" data-large_image_width=\"1600\" data-large_image_height=\"1181\"><img loading=\"lazy\" decoding=\"async\" class=\" wp-image-439674 alignleft\" src=\"https:\/\/www.radiopiu.net\/wordpress\/wp-content\/uploads\/2025\/03\/727d041f-78df-4bb2-9115-959bbe447934-300x221.jpeg\" alt=\"\" width=\"162\" height=\"119\" srcset=\"https:\/\/www.radiopiu.net\/wordpress\/wp-content\/uploads\/2025\/03\/727d041f-78df-4bb2-9115-959bbe447934-300x221.jpeg 300w, https:\/\/www.radiopiu.net\/wordpress\/wp-content\/uploads\/2025\/03\/727d041f-78df-4bb2-9115-959bbe447934-1024x756.jpeg 1024w, https:\/\/www.radiopiu.net\/wordpress\/wp-content\/uploads\/2025\/03\/727d041f-78df-4bb2-9115-959bbe447934-768x567.jpeg 768w, https:\/\/www.radiopiu.net\/wordpress\/wp-content\/uploads\/2025\/03\/727d041f-78df-4bb2-9115-959bbe447934-1536x1134.jpeg 1536w, https:\/\/www.radiopiu.net\/wordpress\/wp-content\/uploads\/2025\/03\/727d041f-78df-4bb2-9115-959bbe447934.jpeg 1600w\" sizes=\"auto, (max-width: 162px) 100vw, 162px\" \/><\/a>ALLEGHE<\/strong> Il Questore Della Rocca e i suoi collaboratori hanno incontrato circa ottanta iscritti dell&#8217;Universit\u00e0 Adulti Anziani di Belluno, sede di Alleghe, per informarli sulle truffe. Dopo i saluti istituzionali, il Questore ha illustrato le modalit\u00e0 pi\u00f9 comuni di raggiro, come quelle telefoniche o a domicilio, tra cui il finto incidente di un familiare per estorcere denaro. \u00c8 stato sottolineato che le truffe colpiscono tutti, ma gli anziani sono particolarmente vulnerabili e spesso provano vergogna nel denunciare. Per questo \u00e8 fondamentale chiamare i numeri di emergenza per verificare l\u2019identit\u00e0 di sconosciuti. Il Questore ha evidenziato l\u2019importanza della condivisione delle esperienze per rafforzare la comunit\u00e0 e prevenire questo fenomeno sempre attuale.<\/p>\n<p>&nbsp;<\/p>\n<p>&nbsp;<\/p>\n<p>&nbsp;<\/p>\n<hr \/>\n<p>&nbsp;<\/p>\n<blockquote>\n<h3>RINNOVATE LE RSU E RLS ALLA RENO DEI MEDICI,\u00a0 LA CARTIERA DI SANTA GIUSTINA<\/h3>\n<\/blockquote>\n<p><strong><a class=\"dt-pswp-item\" href=\"https:\/\/www.radiopiu.net\/wordpress\/wp-content\/uploads\/2023\/06\/uil-belluno.png\" data-dt-img-description=\"\" data-large_image_width=\"310\" data-large_image_height=\"317\"><img loading=\"lazy\" decoding=\"async\" class=\" wp-image-342349 alignleft\" src=\"https:\/\/www.radiopiu.net\/wordpress\/wp-content\/uploads\/2023\/06\/uil-belluno-293x300.png\" alt=\"\" width=\"122\" height=\"125\" srcset=\"https:\/\/www.radiopiu.net\/wordpress\/wp-content\/uploads\/2023\/06\/uil-belluno-293x300.png 293w, https:\/\/www.radiopiu.net\/wordpress\/wp-content\/uploads\/2023\/06\/uil-belluno.png 310w\" sizes=\"auto, (max-width: 122px) 100vw, 122px\" \/><\/a>SANTA GIUSTINA<\/strong> Il 5-6 marzo 2025 si sono svolte le elezioni per il rinnovo delle Rappresentanze Sindacali Unitarie (RSU) e dei Rappresentanti dei Lavoratori per la Sicurezza (RLS) alla Reno dei Medici, storica cartiera della provincia di Belluno con circa 210 dipendenti. La Uilcom ha vinto, con 64 voti, e il candidato Alessandro Pellencin, con 36 voti, \u00e8 stato il pi\u00f9 votato. La nuova RSU \u00e8 composta da rappresentanti delle sigle Uilcom-Uil, Slc-Cgil e Fistel-Cisl. La partecipazione dei lavoratori \u00e8 stata significativa. La RSU avr\u00e0 il compito di trattare temi come la sicurezza sul lavoro e il miglioramento delle tutele. Fabrizio De Bortoli e Sonia, Coordinatrice Uil Veneto di Belluno, hanno espresso soddisfazione per il risultato, sottolineando l&#8217;importanza della Reno dei Medici per il territorio bellunese, nonostante le difficolt\u00e0 economiche.<\/p>\n<p>&nbsp;<\/p>\n<p>&nbsp;<\/p>\n<hr \/>\n<p>&nbsp;<\/p>\n<blockquote>\n<h3>INFRASTRUTTURE IN VISTA DELLE OLIMPIADI: TOIGO (UIL) CHIEDE DI COINVOLGERE IL TERRITORIO<\/h3>\n<\/blockquote>\n<p><strong><a class=\"dt-pswp-item\" href=\"https:\/\/www.radiopiu.net\/wordpress\/wp-content\/uploads\/2023\/12\/Roberto-Toigo.jpeg\" data-dt-img-description=\"\" data-large_image_width=\"640\" data-large_image_height=\"640\"><img loading=\"lazy\" decoding=\"async\" class=\" wp-image-364090 alignleft\" src=\"https:\/\/www.radiopiu.net\/wordpress\/wp-content\/uploads\/2023\/12\/Roberto-Toigo-300x300.jpeg\" alt=\"\" width=\"110\" height=\"110\" srcset=\"https:\/\/www.radiopiu.net\/wordpress\/wp-content\/uploads\/2023\/12\/Roberto-Toigo-300x300.jpeg 300w, https:\/\/www.radiopiu.net\/wordpress\/wp-content\/uploads\/2023\/12\/Roberto-Toigo-150x150.jpeg 150w, https:\/\/www.radiopiu.net\/wordpress\/wp-content\/uploads\/2023\/12\/Roberto-Toigo.jpeg 640w\" sizes=\"auto, (max-width: 110px) 100vw, 110px\" \/><\/a>BELLUNO<\/strong> Roberto To\u00ecgo, segretario generale di Uil Veneto, ha sottolineato l&#8217;importanza delle infrastrutture per il Bellunese, evidenziando le Olimpiadi di Milano-Cortina 2026 come un&#8217;opportunit\u00e0 per contrastare lo spopolamento e rilanciare l&#8217;economia locale. Durante il convegno &#8220;Infrastrutture e mobilit\u00e0&#8221; organizzato da Uiltrasporti a Belluno, ha evidenziato come la fine dei contributi post-Vajont abbia penalizzato le aziende del territorio. To\u00ecgo ha auspicato maggior coinvolgimento della comunit\u00e0 e un ruolo pi\u00f9 incisivo della Regione, prendendo esempio dalla Lombardia, per garantire risultati duraturi.<\/p>\n<p>&nbsp;<\/p>\n<p>&nbsp;<\/p>\n<p>&nbsp;<\/p>\n<hr \/>\n<p>&nbsp;<\/p>\n<blockquote>\n<h3><a class=\"dt-pswp-item\" href=\"https:\/\/www.radiopiu.net\/wordpress\/wp-content\/uploads\/2025\/03\/agrimont-stand-097.jpg\" data-dt-img-description=\"\" data-large_image_width=\"2048\" data-large_image_height=\"1365\"><img loading=\"lazy\" decoding=\"async\" class=\" wp-image-439465 alignleft\" src=\"https:\/\/www.radiopiu.net\/wordpress\/wp-content\/uploads\/2025\/03\/agrimont-stand-097-300x200.jpg\" alt=\"\" width=\"188\" height=\"125\" srcset=\"https:\/\/www.radiopiu.net\/wordpress\/wp-content\/uploads\/2025\/03\/agrimont-stand-097-300x200.jpg 300w, https:\/\/www.radiopiu.net\/wordpress\/wp-content\/uploads\/2025\/03\/agrimont-stand-097-1024x683.jpg 1024w, https:\/\/www.radiopiu.net\/wordpress\/wp-content\/uploads\/2025\/03\/agrimont-stand-097-768x512.jpg 768w, https:\/\/www.radiopiu.net\/wordpress\/wp-content\/uploads\/2025\/03\/agrimont-stand-097-1536x1024.jpg 1536w, https:\/\/www.radiopiu.net\/wordpress\/wp-content\/uploads\/2025\/03\/agrimont-stand-097.jpg 2048w\" sizes=\"auto, (max-width: 188px) 100vw, 188px\" \/><\/a>AL VIA AGRIMONT 2025<\/h3>\n<\/blockquote>\n<p><strong>DI BARBARA PAOLAZZI<\/strong><\/p>\n<audio class=\"wp-audio-shortcode\" id=\"audio-439608-10\" preload=\"none\" style=\"width: 100%;\" controls=\"controls\"><source type=\"audio\/mpeg\" src=\"https:\/\/www.radiopiu.net\/wordpress\/wp-content\/uploads\/2025\/03\/PAOLAZZI-AL-VIA-AGRIMONT-2025.mp3?_=10\" \/><a href=\"https:\/\/www.radiopiu.net\/wordpress\/wp-content\/uploads\/2025\/03\/PAOLAZZI-AL-VIA-AGRIMONT-2025.mp3\">https:\/\/www.radiopiu.net\/wordpress\/wp-content\/uploads\/2025\/03\/PAOLAZZI-AL-VIA-AGRIMONT-2025.mp3<\/a><\/audio>\n<p>&nbsp;<\/p>\n<hr \/>\n<p>&nbsp;<\/p>\n<blockquote>\n<h3>PREMIO GIORNALISTICO IVANO POCCHIESA: RICONOSCIMENTO AD ANGELO GRASSO<\/h3>\n<\/blockquote>\n<p data-start=\"77\" data-end=\"330\">Torna il Premio Giornalistico Ivano Pocchiesa, organizzato da Longarone Fiere Dolomiti e dall\u2019Associazione Bellunesi nel Mondo. L\u2019evento si terr\u00e0 domenica 23 marzo alle 14 a Longarone, durante Agrimont, la fiera nazionale dell\u2019agricoltura di montagna. Il riconoscimento, assegnato dal 2014 a chi si distingue nella divulgazione del mondo del gelato artigianale, va quest\u2019anno ad Angelo Grasso, esperto del settore e autore di numerose pubblicazioni. L\u2019iniziativa rientra nella Giornata Europea del Gelato Artigianale e affronter\u00e0 anche il tema delle agrigelaterie. Prevista una degustazione con gusti speciali dedicati al Giubileo e al progetto Life Vaia. Un evento che celebra la tradizione e l\u2019innovazione nel mondo del gelato.<\/p>\n\n\t\t\t<style type='text\/css'>\n\t\t\t\t#gallery-4 {\n\t\t\t\t\tmargin: auto;\n\t\t\t\t}\n\t\t\t\t#gallery-4 .gallery-item {\n\t\t\t\t\tfloat: left;\n\t\t\t\t\tmargin-top: 10px;\n\t\t\t\t\ttext-align: center;\n\t\t\t\t\twidth: 50%;\n\t\t\t\t}\n\t\t\t\t#gallery-4 img {\n\t\t\t\t\tborder: 2px solid #cfcfcf;\n\t\t\t\t}\n\t\t\t\t#gallery-4 .gallery-caption {\n\t\t\t\t\tmargin-left: 0;\n\t\t\t\t}\n\t\t\t\t\/* see gallery_shortcode() in wp-includes\/media.php *\/\n\t\t\t<\/style>\n\t\t<div id='gallery-4' class='dt-gallery-container gallery galleryid-439608 gallery-columns-2 gallery-size-thumbnail'><dl class='gallery-item'>\n\t\t\t\t<dt class='gallery-icon landscape'>\n\t\t\t\t\t<a class=\"rollover rollover-zoom dt-pswp-item\" title=\"Angelo Grasso\" data-dt-img-description=\"\" data-large_image_width=\"711\" data-large_image_height=\"711\"href='https:\/\/www.radiopiu.net\/wordpress\/wp-content\/uploads\/2025\/03\/Angelo-Grasso.jpg'><img loading=\"lazy\" decoding=\"async\" width=\"150\" height=\"150\" src=\"https:\/\/www.radiopiu.net\/wordpress\/wp-content\/uploads\/2025\/03\/Angelo-Grasso-150x150.jpg\" class=\"attachment-thumbnail size-thumbnail\" alt=\"\" aria-describedby=\"gallery-4-439680\" srcset=\"https:\/\/www.radiopiu.net\/wordpress\/wp-content\/uploads\/2025\/03\/Angelo-Grasso-150x150.jpg 150w, https:\/\/www.radiopiu.net\/wordpress\/wp-content\/uploads\/2025\/03\/Angelo-Grasso-300x300.jpg 300w, https:\/\/www.radiopiu.net\/wordpress\/wp-content\/uploads\/2025\/03\/Angelo-Grasso.jpg 711w\" sizes=\"auto, (max-width: 150px) 100vw, 150px\" \/><\/a>\n\t\t\t\t<\/dt>\n\t\t\t\t\t<dd class='wp-caption-text gallery-caption' id='gallery-4-439680'>\n\t\t\t\t\tAngelo Grasso\n\t\t\t\t\t<\/dd><\/dl><dl class='gallery-item'>\n\t\t\t\t<dt class='gallery-icon landscape'>\n\t\t\t\t\t<a class=\"rollover rollover-zoom dt-pswp-item\" title=\"Ivano Pocchiesa\" data-dt-img-description=\"\" data-large_image_width=\"635\" data-large_image_height=\"425\"href='https:\/\/www.radiopiu.net\/wordpress\/wp-content\/uploads\/2025\/03\/Ivano-Pocchiesa.jpg'><img loading=\"lazy\" decoding=\"async\" width=\"150\" height=\"150\" src=\"https:\/\/www.radiopiu.net\/wordpress\/wp-content\/uploads\/2025\/03\/Ivano-Pocchiesa-150x150.jpg\" class=\"attachment-thumbnail size-thumbnail\" alt=\"\" aria-describedby=\"gallery-4-439679\" \/><\/a>\n\t\t\t\t<\/dt>\n\t\t\t\t\t<dd class='wp-caption-text gallery-caption' id='gallery-4-439679'>\n\t\t\t\t\tIvano Pocchiesa\n\t\t\t\t\t<\/dd><\/dl><br style=\"clear: both\" \/>\n\t\t\t<\/div>\n\n<p>&nbsp;<\/p>\n<hr \/>\n<p>&nbsp;<\/p>\n<blockquote>\n<h3><a class=\"dt-pswp-item\" href=\"https:\/\/www.radiopiu.net\/wordpress\/wp-content\/uploads\/2025\/03\/635a3e85-c887-4071-8498-38ab0b2012bc.jpg\" data-dt-img-description=\"\" data-large_image_width=\"640\" data-large_image_height=\"539\"><img loading=\"lazy\" decoding=\"async\" class=\" wp-image-439776 alignleft\" src=\"https:\/\/www.radiopiu.net\/wordpress\/wp-content\/uploads\/2025\/03\/635a3e85-c887-4071-8498-38ab0b2012bc-300x253.jpg\" alt=\"\" width=\"149\" height=\"126\" srcset=\"https:\/\/www.radiopiu.net\/wordpress\/wp-content\/uploads\/2025\/03\/635a3e85-c887-4071-8498-38ab0b2012bc-300x253.jpg 300w, https:\/\/www.radiopiu.net\/wordpress\/wp-content\/uploads\/2025\/03\/635a3e85-c887-4071-8498-38ab0b2012bc.jpg 640w\" sizes=\"auto, (max-width: 149px) 100vw, 149px\" \/><\/a>UN ANNO ALLE AMMINISTRATIVE DI VALLE DI CADORE<\/h3>\n<\/blockquote>\n<p><strong>DI BARBARA PAOLAZZI<\/strong><\/p>\n<audio class=\"wp-audio-shortcode\" id=\"audio-439608-11\" preload=\"none\" style=\"width: 100%;\" controls=\"controls\"><source type=\"audio\/mpeg\" src=\"https:\/\/www.radiopiu.net\/wordpress\/wp-content\/uploads\/2025\/03\/PAOLAZZI-UN-ANNO-ALLE-AMMINISTRATIVE-DI-VALLE-DI-CADORE.mp3?_=11\" \/><a href=\"https:\/\/www.radiopiu.net\/wordpress\/wp-content\/uploads\/2025\/03\/PAOLAZZI-UN-ANNO-ALLE-AMMINISTRATIVE-DI-VALLE-DI-CADORE.mp3\">https:\/\/www.radiopiu.net\/wordpress\/wp-content\/uploads\/2025\/03\/PAOLAZZI-UN-ANNO-ALLE-AMMINISTRATIVE-DI-VALLE-DI-CADORE.mp3<\/a><\/audio>\n<p>&nbsp;<\/p>\n<hr \/>\n<p>&nbsp;<\/p>\n<blockquote>\n<h3>PREMIO LONGEVITAS: ANCHE UNA BELLUNESE TRA I PREMIATI<\/h3>\n<\/blockquote>\n<p><a class=\"dt-pswp-item\" href=\"https:\/\/www.radiopiu.net\/wordpress\/wp-content\/uploads\/2025\/03\/Longevitas-2025.jpg\" data-dt-img-description=\"\" data-large_image_width=\"1427\" data-large_image_height=\"1067\"><img loading=\"lazy\" decoding=\"async\" class=\" wp-image-439687 alignleft\" src=\"https:\/\/www.radiopiu.net\/wordpress\/wp-content\/uploads\/2025\/03\/Longevitas-2025-300x224.jpg\" alt=\"\" width=\"197\" height=\"147\" srcset=\"https:\/\/www.radiopiu.net\/wordpress\/wp-content\/uploads\/2025\/03\/Longevitas-2025-300x224.jpg 300w, https:\/\/www.radiopiu.net\/wordpress\/wp-content\/uploads\/2025\/03\/Longevitas-2025-1024x766.jpg 1024w, https:\/\/www.radiopiu.net\/wordpress\/wp-content\/uploads\/2025\/03\/Longevitas-2025-768x574.jpg 768w, https:\/\/www.radiopiu.net\/wordpress\/wp-content\/uploads\/2025\/03\/Longevitas-2025.jpg 1427w\" sizes=\"auto, (max-width: 197px) 100vw, 197px\" \/><\/a>Il Premio Longevitas, promosso dalla Fondazione Longevitas, \u00e8 dedicato ai giovani laureati e laureandi impegnati nell\u2019innovazione per la longevit\u00e0 e il miglioramento della qualit\u00e0 della vita nella terza et\u00e0. La prima edizione si \u00e8 svolta il 12 marzo in Senato su iniziativa della Sen. Daniela Sbrollini, premiando cinque giovani per le loro tesi su temi legati all\u2019invecchiamento attivo, dalla neuropsicologia alla linguistica. Il premio ha coinvolto molte universit\u00e0 italiane ed \u00e8 sostenuto da Named Group e Pfizer. I vincitori avranno l\u2019opportunit\u00e0 di accedere a stage presso aziende del settore. L\u2019iniziativa mira a valorizzare competenze emergenti e favorire un approccio scientifico alla longevit\u00e0, con un focus su inclusione e connessioni intergenerazionali. tra i 5 premiati dell&#8217;Edizione del Premio &#8220;Longevitas 2025&#8221;, la Dottoressa Vanessa D&#8217;Alpaos di Belluno<\/p>\n<p>&nbsp;<\/p>\n<blockquote>\n<h2>&#8220;CAMPAGNA AMICA&#8221; UN MOTIVO IN PIU&#8217;&#8230; PER ANDARE A VISITARE AGRIMONT A LONGARONE<\/h2>\n<\/blockquote>\n<p>&nbsp;<\/p>\n<p><a class=\"dt-pswp-item\" href=\"https:\/\/www.radiopiu.net\/wordpress\/wp-content\/uploads\/2024\/05\/FABRIZIO-PESCOSTA.jpg\" data-dt-img-description=\"\" data-large_image_width=\"303\" data-large_image_height=\"166\"><img loading=\"lazy\" decoding=\"async\" class=\"size-medium wp-image-392099 alignleft\" src=\"https:\/\/www.radiopiu.net\/wordpress\/wp-content\/uploads\/2024\/05\/FABRIZIO-PESCOSTA-300x164.jpg\" alt=\"\" width=\"300\" height=\"164\" srcset=\"https:\/\/www.radiopiu.net\/wordpress\/wp-content\/uploads\/2024\/05\/FABRIZIO-PESCOSTA-300x164.jpg 300w, https:\/\/www.radiopiu.net\/wordpress\/wp-content\/uploads\/2024\/05\/FABRIZIO-PESCOSTA.jpg 303w\" sizes=\"auto, (max-width: 300px) 100vw, 300px\" \/><\/a>DALLA RASSEGNA STAMPA DELLE OTTO DEL MATTINO, OSPITE\u00a0 LO CHEF CONTADINO FABRIZIO PESCOSTA (PICCOLA BAITA DI FALCADE) DA LONGARONE FIERE<br \/>\n<img loading=\"lazy\" decoding=\"async\" class=\"\" src=\"https:\/\/www.radiopiu.net\/wordpress\/wp-content\/uploads\/2022\/03\/agrimont.jpg\" width=\"319\" height=\"96\" \/><\/p>\n<audio class=\"wp-audio-shortcode\" id=\"audio-439608-12\" preload=\"none\" style=\"width: 100%;\" controls=\"controls\"><source type=\"audio\/mpeg\" src=\"https:\/\/www.radiopiu.net\/wordpress\/wp-content\/uploads\/2025\/03\/FABRIZIO.mp3?_=12\" \/><a href=\"https:\/\/www.radiopiu.net\/wordpress\/wp-content\/uploads\/2025\/03\/FABRIZIO.mp3\">https:\/\/www.radiopiu.net\/wordpress\/wp-content\/uploads\/2025\/03\/FABRIZIO.mp3<\/a><\/audio>\n<p>&nbsp;<\/p>\n<p>&nbsp;<\/p>\n<p>&nbsp;<\/p>\n<p>&nbsp;<\/p>\n<hr \/>\n<p>&nbsp;<\/p>\n<blockquote>\n<h3>POLIZZE ASSICURATIVE CONTRO CALAMITA&#8217; NATURALI: PER SCARZANELLA TEMPI RISTRETTI<\/h3>\n<\/blockquote>\n<p><strong><a class=\"dt-pswp-item\" href=\"https:\/\/www.radiopiu.net\/wordpress\/wp-content\/uploads\/2024\/04\/SCARZANELLA-Claudia-21-scaled.jpg\" data-dt-img-description=\"\" data-large_image_width=\"2560\" data-large_image_height=\"1920\"><img loading=\"lazy\" decoding=\"async\" class=\" wp-image-387231 alignleft\" src=\"https:\/\/www.radiopiu.net\/wordpress\/wp-content\/uploads\/2024\/04\/SCARZANELLA-Claudia-21-300x225.jpg\" alt=\"\" width=\"157\" height=\"118\" srcset=\"https:\/\/www.radiopiu.net\/wordpress\/wp-content\/uploads\/2024\/04\/SCARZANELLA-Claudia-21-300x225.jpg 300w, https:\/\/www.radiopiu.net\/wordpress\/wp-content\/uploads\/2024\/04\/SCARZANELLA-Claudia-21-1024x768.jpg 1024w, https:\/\/www.radiopiu.net\/wordpress\/wp-content\/uploads\/2024\/04\/SCARZANELLA-Claudia-21-768x576.jpg 768w, https:\/\/www.radiopiu.net\/wordpress\/wp-content\/uploads\/2024\/04\/SCARZANELLA-Claudia-21-1536x1152.jpg 1536w, https:\/\/www.radiopiu.net\/wordpress\/wp-content\/uploads\/2024\/04\/SCARZANELLA-Claudia-21-2048x1536.jpg 2048w\" sizes=\"auto, (max-width: 157px) 100vw, 157px\" \/><\/a>BELLUNO<\/strong> Claudia Scarzanella, presidente di Confartigianato Imprese Belluno, critica la scadenza del 31 marzo per l&#8217;obbligo di stipulare polizze assicurative contro calamit\u00e0 naturali, definendola impraticabile. Con quasi 13mila imprese coinvolte, di cui il 33,9% artigiane, il poco tempo disponibile rende difficile una scelta consapevole, soprattutto considerando che le modalit\u00e0 operative sono state definite solo a fine febbraio. Confartigianato, insieme ad altre confederazioni, ha chiesto al governo una proroga per garantire alle imprese il tempo necessario per valutare le offerte disponibili. Nel frattempo, l\u2019associazione ha attivato convenzioni con gruppi assicurativi per supportare gli associati.<\/p>\n<p>&nbsp;<\/p>\n<p>&nbsp;<\/p>\n<hr \/>\n<p>&nbsp;<\/p>\n<blockquote>\n<h3>GLI AUGURI DEL SINDACO DI BELLUNO AGLI ALPINI DI CAVARZANO<\/h3>\n<\/blockquote>\n<p><strong><a class=\"dt-pswp-item\" href=\"https:\/\/www.radiopiu.net\/wordpress\/wp-content\/uploads\/2023\/03\/ALPINI.png\" data-dt-img-description=\"\" data-large_image_width=\"245\" data-large_image_height=\"208\"><img loading=\"lazy\" decoding=\"async\" class=\" wp-image-326487 alignleft\" src=\"https:\/\/www.radiopiu.net\/wordpress\/wp-content\/uploads\/2023\/03\/ALPINI.png\" alt=\"\" width=\"155\" height=\"132\" \/><\/a>BELLUNO <\/strong>Il sindaco Oscar De Pellegrin ha rivolto un caloroso saluto e augurio al gruppo delle penne nere Cavarzano Oltrardo in occasione del sessantesimo anniversario della sua fondazione. Il gruppo, nato nel 1965 da alcuni giovani che avevano svolto il servizio militare tra gli Alpini, ha celebrato sei decenni di impegno e dedizione. Nel suo messaggio, il sindaco ha sottolineato l\u2019importanza di questo traguardo, evidenziando come il gruppo abbia mantenuto nel tempo l\u2019entusiasmo degli inizi, unito alla maturit\u00e0 acquisita con l\u2019esperienza. Ha ricordato come le radici del gruppo affondano negli anni \u201930 e \u201940, e come i valori fondamentali degli Alpini, come l\u2019impegno per la comunit\u00e0, la disponibilit\u00e0 verso gli altri, l\u2019umilt\u00e0 e il sacrificio, siano ancora oggi alla base delle azioni a favore del territorio, dei pi\u00f9 fragili e dei giovani. Il sindaco ha inoltre elogiato l\u2019incredibile dedizione degli Alpini, che sono sempre stati presenti nelle difficolt\u00e0 della citt\u00e0, aiutando nelle emergenze e organizzando eventi, facendo del bene comune una vera e propria missione. Concludendo, ha ringraziato il gruppo delle penne nere per il loro continuo impegno, sottolineando come abbiano scritto importanti pagine di storia, che appartengono anche alla comunit\u00e0.<\/p>\n<p>&nbsp;<\/p>\n<p>&nbsp;<\/p>\n<hr \/>\n<p>&nbsp;<\/p>\n<blockquote>\n<h3>RUGBY BELLUNO E BELLUNO DONNA ASSIEME PER CONTRASTARE LA VIOLENZA DI GENERE<\/h3>\n<\/blockquote>\n<p><strong><a class=\"dt-pswp-item\" href=\"https:\/\/www.radiopiu.net\/wordpress\/wp-content\/uploads\/2022\/12\/RUGBY.jpg\" data-dt-img-description=\"\" data-large_image_width=\"1920\" data-large_image_height=\"1280\"><img loading=\"lazy\" decoding=\"async\" class=\" wp-image-309456 alignleft\" src=\"https:\/\/www.radiopiu.net\/wordpress\/wp-content\/uploads\/2022\/12\/RUGBY-300x200.jpg\" alt=\"\" width=\"185\" height=\"123\" srcset=\"https:\/\/www.radiopiu.net\/wordpress\/wp-content\/uploads\/2022\/12\/RUGBY-300x200.jpg 300w, https:\/\/www.radiopiu.net\/wordpress\/wp-content\/uploads\/2022\/12\/RUGBY-1024x683.jpg 1024w, https:\/\/www.radiopiu.net\/wordpress\/wp-content\/uploads\/2022\/12\/RUGBY-768x512.jpg 768w, https:\/\/www.radiopiu.net\/wordpress\/wp-content\/uploads\/2022\/12\/RUGBY-1536x1024.jpg 1536w, https:\/\/www.radiopiu.net\/wordpress\/wp-content\/uploads\/2022\/12\/RUGBY.jpg 1920w\" sizes=\"auto, (max-width: 185px) 100vw, 185px\" \/><\/a>BELLUNO<\/strong> Rugby Belluno e Belluno Donna insieme per contrastare la violenza di genere e sensibilizzare ragazzi, atleti e tifosi: \u00e8 partita la due settimane di iniziative che vede la squadra gialloblu impegnata in diverse attivit\u00e0 a sostegno dell&#8217;associazione che da anni protegge e tutela le donne vittime di violenza.<\/p>\n<p><strong>DI DANIELE DALVIT<\/strong><\/p>\n<audio class=\"wp-audio-shortcode\" id=\"audio-439608-13\" preload=\"none\" style=\"width: 100%;\" controls=\"controls\"><source type=\"audio\/mpeg\" src=\"https:\/\/www.radiopiu.net\/wordpress\/wp-content\/uploads\/2025\/03\/Servizio-Rugby-Belluno-e-Belluno-Donna.mp3?_=13\" \/><a href=\"https:\/\/www.radiopiu.net\/wordpress\/wp-content\/uploads\/2025\/03\/Servizio-Rugby-Belluno-e-Belluno-Donna.mp3\">https:\/\/www.radiopiu.net\/wordpress\/wp-content\/uploads\/2025\/03\/Servizio-Rugby-Belluno-e-Belluno-Donna.mp3<\/a><\/audio>\n<p>&nbsp;<\/p>\n<hr \/>\n<p>&nbsp;<\/p>\n<blockquote>\n<h3><a class=\"dt-pswp-item\" href=\"https:\/\/www.radiopiu.net\/wordpress\/wp-content\/uploads\/2025\/03\/WhatsApp-Image-2025-03-13-at-13.34.31-6.jpeg\" data-dt-img-description=\"\" data-large_image_width=\"1600\" data-large_image_height=\"1066\"><img loading=\"lazy\" decoding=\"async\" class=\" wp-image-439556 alignleft\" src=\"https:\/\/www.radiopiu.net\/wordpress\/wp-content\/uploads\/2025\/03\/WhatsApp-Image-2025-03-13-at-13.34.31-6-300x200.jpeg\" alt=\"\" width=\"165\" height=\"110\" srcset=\"https:\/\/www.radiopiu.net\/wordpress\/wp-content\/uploads\/2025\/03\/WhatsApp-Image-2025-03-13-at-13.34.31-6-300x200.jpeg 300w, https:\/\/www.radiopiu.net\/wordpress\/wp-content\/uploads\/2025\/03\/WhatsApp-Image-2025-03-13-at-13.34.31-6-1024x682.jpeg 1024w, https:\/\/www.radiopiu.net\/wordpress\/wp-content\/uploads\/2025\/03\/WhatsApp-Image-2025-03-13-at-13.34.31-6-768x512.jpeg 768w, https:\/\/www.radiopiu.net\/wordpress\/wp-content\/uploads\/2025\/03\/WhatsApp-Image-2025-03-13-at-13.34.31-6-1536x1023.jpeg 1536w, https:\/\/www.radiopiu.net\/wordpress\/wp-content\/uploads\/2025\/03\/WhatsApp-Image-2025-03-13-at-13.34.31-6.jpeg 1600w\" sizes=\"auto, (max-width: 165px) 100vw, 165px\" \/><\/a>IL 7\u00b0 REGGIMENTO ALPINI DOMINA LA &#8220;VOLPE BIANCA 2025&#8221;<\/h3>\n<\/blockquote>\n<p><strong>DI BARBARA PAOLAZZI<\/strong><\/p>\n<audio class=\"wp-audio-shortcode\" id=\"audio-439608-14\" preload=\"none\" style=\"width: 100%;\" controls=\"controls\"><source type=\"audio\/mpeg\" src=\"https:\/\/www.radiopiu.net\/wordpress\/wp-content\/uploads\/2025\/03\/PAOLAZZI-VOLPE-BIANCA-2025.mp3?_=14\" \/><a href=\"https:\/\/www.radiopiu.net\/wordpress\/wp-content\/uploads\/2025\/03\/PAOLAZZI-VOLPE-BIANCA-2025.mp3\">https:\/\/www.radiopiu.net\/wordpress\/wp-content\/uploads\/2025\/03\/PAOLAZZI-VOLPE-BIANCA-2025.mp3<\/a><\/audio>\n<p>&nbsp;<\/p>\n<p>&nbsp;<\/p>\n<hr \/>\n<p>&nbsp;<\/p>\n<blockquote>\n<h3>VENERDI&#8217; IL CONSIGLIO DELL&#8217;UNIONE MONTANA AGORDINA<\/h3>\n<\/blockquote>\n<p><strong>AGORDO<\/strong> Il Consiglio dell&#8217;Unione Montana Agordina si riunir\u00e0 venerd\u00ec alle 20:00 presso la Sala Don Tamis ad Agordo. Tra i punti in discussione ci sono l&#8217;approvazione dei verbali della seduta precedente, variazioni al bilancio 2025-2027, convenzioni per la gestione delle strutture sportive, della Centrale Unica di Committenza, della protezione civile, dei beni silvo-pastorali, e la relazione dell&#8217;unit\u00e0 di controllo per il secondo semestre 2024. Seguiranno le comunicazioni del Presidente.<\/p>\n<p>&nbsp;<\/p>\n<p>&nbsp;<\/p>\n<hr \/>\n<p>&nbsp;<\/p>\n<h2 data-start=\"0\" data-end=\"55\"><span style=\"color: #ff0000;\">CONSIGLI COMUNALI IN AGORDINO<\/span><\/h2>\n<h3 data-start=\"0\" data-end=\"55\"><strong style=\"font-size: 14px;\">COLLE SANTA LUCIA<\/strong><span style=\"font-size: 14px; font-weight: normal;\"> Si terr\u00e0 mercoled\u00ec alle ore 18 il prossimo Consiglio Comunale di Colle Santa Lucia. In discussione il regolamento per i controlli interni, il bilancio di previsione dell\u2019ASCA, il bilancio di previsione 2025-2027, l\u2019approvazione della Convenzione Ladina e il regolamento per l\u2019alienazione di beni immobili.<\/span><\/h3>\n<p><strong>SELVA DI CADORE<\/strong> Il sindaco Luca Lorenzini ha convocato i consiglieri per gioved\u00ec alle 18:30. Tre punti all&#8217;ordine del giorno tra cui una variazione a bilancio e l&#8217;approvazione del bilancio 2025\/27 di ASCA<\/p>\n<p>&nbsp;<\/p>\n<p>&nbsp;<\/p>\n<hr \/>\n<p>&nbsp;<\/p>\n<blockquote>\n<h3>POLO BIBLIOTECARIO DI FELTRE CHIUSO MARTEDI&#8217;<\/h3>\n<\/blockquote>\n<p><strong>FELTRE<\/strong> Il Comune di Feltre comunica che il Polo Bibliotecario Feltrino rester\u00e0 chiuso al pubblico marted\u00ec 18 marzo 2025 per permettere al personale di partecipare a un corso antincendio obbligatorio, in conformit\u00e0 al decreto legislativo 81\/2008 sulla sicurezza nei luoghi di lavoro. La chiusura \u00e8 disposta dal decreto sindacale n. 5 del 13 marzo 2025. Le Organizzazioni Sindacali sono state informate.<\/p>\n<p>&nbsp;<\/p>\n<p>&nbsp;<\/p>\n<hr \/>\n<p>&nbsp;<\/p>\n<blockquote>\n<h3>GUARDIA DI FINANZA: CONCORSO PER TITOLI ED ESAMI PER L&#8217;AMMISSIONE DI 1198 ALLIEVI MARESCIALLI<\/h3>\n<\/blockquote>\n<p><strong>BELLUNO <\/strong>Il concorso per l&#8217;anno accademico 2025\/2026 prevede l&#8217;ammissione di 1.198 allievi marescialli alla Scuola Ispettori e Sovrintendenti della Guardia di Finanza. I posti sono suddivisi in: 1.108 per il contingente ordinario, di cui 20 riservati a candidati con attestati specifici e 8 ai familiari di personale delle Forze armate e di polizia deceduto in servizio. 90 per il contingente di mare, suddivisi in specializzazioni come nocchiere, tecnico macchine e tecnico dei sistemi di comunicazione. Possono partecipare cittadini italiani tra i 17 e i 26 anni (entro il 26 marzo 2025), con possibili eccezioni per chi ha gi\u00e0 prestato servizio militare.<\/p>\n<p>&nbsp;<\/p>\n<p>&nbsp;<\/p>\n<hr \/>\n<p>&nbsp;<\/p>\n<blockquote>\n<h3>GIORNATA LILLA: GLI INCONTRI I ULSS 1 DOLOMITI<\/h3>\n<\/blockquote>\n<p><strong><a class=\"dt-pswp-item\" href=\"https:\/\/www.radiopiu.net\/wordpress\/wp-content\/uploads\/2025\/03\/LILLA.jpg\" data-dt-img-description=\"\" data-large_image_width=\"787\" data-large_image_height=\"519\"><img loading=\"lazy\" decoding=\"async\" class=\" wp-image-439000 alignleft\" src=\"https:\/\/www.radiopiu.net\/wordpress\/wp-content\/uploads\/2025\/03\/LILLA-300x198.jpg\" alt=\"\" width=\"168\" height=\"111\" srcset=\"https:\/\/www.radiopiu.net\/wordpress\/wp-content\/uploads\/2025\/03\/LILLA-300x198.jpg 300w, https:\/\/www.radiopiu.net\/wordpress\/wp-content\/uploads\/2025\/03\/LILLA-768x506.jpg 768w, https:\/\/www.radiopiu.net\/wordpress\/wp-content\/uploads\/2025\/03\/LILLA.jpg 787w\" sizes=\"auto, (max-width: 168px) 100vw, 168px\" \/><\/a>BELLUNO<\/strong> In occasione della Giornata nazionale del Fiocchetto Lilla, l\u2019Ulss Dolomiti e l\u2019Associazione Margherita Fenice organizzano un open day sui disturbi della nutrizione e dell\u2019alimentazione. L\u2019evento si terr\u00e0 oggi, dalle 9:00 alle 12:30, nelle sedi di Belluno (Ospedale San Martino) e Feltre (Ospedale Santa Maria del Prato). Esperti e volontari forniranno informazioni su prevenzione e fattori di rischio. Per gruppi di oltre 10 persone \u00e8 necessaria la prenotazione via email. \u00c8 possibile anche partecipare da remoto tramite Gmeet. Per informazioni, si possono contattare le sedi ai numeri 0437 516020 (Belluno) e 0439 883777 (Feltre). L\u2019iniziativa mira a sensibilizzare sui segnali di allarme, le conseguenze e il supporto per le famiglie.<\/p>\n<p>&nbsp;<\/p>\n<p>&nbsp;<\/p>\n<hr \/>\n<p>&nbsp;<\/p>\n<blockquote>\n<h2>DAL RIFUGIO LARESEI AL VIA LE SELEZIONI DI \u201cMISS ITALIA\u201d IN VENETO<\/h2>\n<\/blockquote>\n<blockquote><p><em>Il concorso \u00e8 aperto a ragazze di et\u00e0 compresa tra i 18 anni (compiuti entro il 31 agosto 2025) e i 30 anni.<\/em><\/p><\/blockquote>\n<p data-start=\"148\" data-end=\"479\"><strong><a class=\"dt-pswp-item\" href=\"https:\/\/www.radiopiu.net\/wordpress\/wp-content\/uploads\/2025\/03\/b68a355a-5084-45f1-852b-3e28df775fbf-300x225-1.jpg\" data-dt-img-description=\"\" data-large_image_width=\"300\" data-large_image_height=\"225\"><img loading=\"lazy\" decoding=\"async\" class=\"size-full wp-image-439330 alignleft\" src=\"https:\/\/www.radiopiu.net\/wordpress\/wp-content\/uploads\/2025\/03\/b68a355a-5084-45f1-852b-3e28df775fbf-300x225-1.jpg\" alt=\"\" width=\"300\" height=\"225\" \/><\/a>FALCADE<\/strong> Il Rifugio Laresei di Falcade nella ski area San Pellegrino, situato a 2.260 metri di altezza, ospiter\u00e0 la prima selezione di \u201cMiss Italia 2025\u201d in Veneto! L\u2019appuntamento \u00e8 fissato per domani alle 14.00, quando le candidate al titolo di \u201cMiss Falcade &#8211; Rifugio Laresei\u201d sfileranno circondate dal panorama mozzafiato delle Dolomiti Bellunesi.<\/p>\n<p data-start=\"481\" data-end=\"804\">L&#8217;evento, organizzato da Mara e Massimo Manfroi, titolari del Rifugio Laresei, in collaborazione con \u201cPromofalcade Dolomiti\u201d e coordinato dall&#8217;agenzia \u201cmodashow.it\u201d di Paola Rizzotti (esclusivista di \u201cMiss Italia\u201d in Veneto), vedr\u00e0 la partecipazione di numerose concorrenti. La presentazione sar\u00e0 affidata a Michele Cupit\u00f2.<\/p>\n<p data-start=\"806\" data-end=\"1248\">La vincitrice della selezione parteciper\u00e0 di diritto alle finali regionali di \u201cMiss Italia\u201d in Veneto. Paola Rizzotti, responsabile dell&#8217;agenzia, ha dichiarato con entusiasmo: \u00abSiamo pronti a ripartire con il nostro team per il tour delle selezioni e finali regionali dell\u2019ottantaseiesima edizione di \u201cMiss Italia\u201d, e siamo felici di iniziare proprio dal Rifugio Laresei a Falcade, a distanza di un anno dal memorabile appuntamento del 2024.\u00bb<\/p>\n<p>&nbsp;<\/p>\n<p>&nbsp;<\/p>\n<hr \/>\n<p>&nbsp;<\/p>\n<blockquote>\n<h3>IL VENTO TRA I CAPELLI&#8221;, LA PEDONATA NON COMPETITIVA DEL COMITATO PREVENZIONE SALUTE DONNA<\/h3>\n<\/blockquote>\n<p><strong>BELLUNO<\/strong> \u200b<span class=\"relative -mx-px my-[-0.2rem] rounded px-px py-[0.2rem]\">La 19\u00aa edizione della pedonata solidale &#8220;Il Vento tra i Capelli&#8221; si terr\u00e0 il domani alle 10 in Piazza dei Martiri a Belluno.<\/span><\/p>\n<p>&nbsp;<\/p>\n<p>&nbsp;<\/p>\n<hr \/>\n<p>&nbsp;<\/p>\n<blockquote>\n<h3>LE CAMMINATE DI PRIMAVERA A BELLUNO<\/h3>\n<\/blockquote>\n<p><strong>BELLUNO<\/strong> Escursione \u201cBorghi Montani\u201d domani tra natura e storia, esplorando Lamosano e il villaggio fantasma di Stracadon. Ritrovo a Belluno alle 14:30, percorso di 3-3,5 km con 100 m di dislivello. Conclusione con Messa e rinfresco.<\/p>\n<p>&nbsp;<\/p>\n<p>&nbsp;<\/p>\n<hr \/>\n<p>&nbsp;<\/p>\n<blockquote>\n<h3>AL CENTRO ASTRONOMICO DI ARSON A FELTRE<\/h3>\n<\/blockquote>\n<p><strong>FELTRE<\/strong> Il Centro Astronomico organizza due eventi di osservazione il 15 e il 29 marzo. Oggi alle 18 si potranno osservare Mercurio, Venere, Marte, Giove, la Luna e stelle multiple colorate, oltre al passaggio della ISS. Il 29 marzo alle 11 \u00e8 prevista l\u2019osservazione dell\u2019eclisse parziale di Sole (11:30-12:49) e, se possibile, di Venere e Mercurio. In caso di maltempo, ci saranno conferenze al planetario: Alain Corso il 15 marzo e Gabriele Vanin il 29 marzo. Il biglietto costa 5 euro, ma \u00e8 gratuito per i soci e i bambini sotto gli 11 anni.<\/p>\n<p>&nbsp;<\/p>\n<p>&nbsp;<\/p>\n<hr \/>\n<p>&nbsp;<\/p>\n<h1><span style=\"color: #ff6600;\">IERI ALLA RADIO\u00a0\u00a0<\/span><\/h1>\n<h2><span style=\"color: #008000;\">IL 22 MARZO L&#8217;EVENTO AGLI ORTI RUPESTRI DI SAN TOMASO<\/span><\/h2>\n<p><strong><a class=\"dt-pswp-item\" href=\"https:\/\/www.radiopiu.net\/wordpress\/wp-content\/uploads\/2025\/03\/orti-rupestri-santomaso.png\" data-dt-img-description=\"\" data-large_image_width=\"720\" data-large_image_height=\"527\"><img loading=\"lazy\" decoding=\"async\" class=\" wp-image-439718 alignleft\" src=\"https:\/\/www.radiopiu.net\/wordpress\/wp-content\/uploads\/2025\/03\/orti-rupestri-santomaso-300x220.png\" alt=\"\" width=\"179\" height=\"131\" srcset=\"https:\/\/www.radiopiu.net\/wordpress\/wp-content\/uploads\/2025\/03\/orti-rupestri-santomaso-300x220.png 300w, https:\/\/www.radiopiu.net\/wordpress\/wp-content\/uploads\/2025\/03\/orti-rupestri-santomaso.png 720w\" sizes=\"auto, (max-width: 179px) 100vw, 179px\" \/><\/a>DI MIRKO MEZZACASA<\/strong><\/p>\n<p>OSPITI: Renato Da Ronch e Luca Pessot<\/p>\n<audio class=\"wp-audio-shortcode\" id=\"audio-439608-15\" preload=\"none\" style=\"width: 100%;\" controls=\"controls\"><source type=\"audio\/mpeg\" src=\"https:\/\/www.radiopiu.net\/wordpress\/wp-content\/uploads\/2025\/03\/RENATO-DA-RONCH_LUCA-PESSOT.mp3?_=15\" \/><a href=\"https:\/\/www.radiopiu.net\/wordpress\/wp-content\/uploads\/2025\/03\/RENATO-DA-RONCH_LUCA-PESSOT.mp3\">https:\/\/www.radiopiu.net\/wordpress\/wp-content\/uploads\/2025\/03\/RENATO-DA-RONCH_LUCA-PESSOT.mp3<\/a><\/audio>\n<p>&nbsp;<\/p>\n<hr \/>\n<p>&nbsp;<\/p>\n<h2><span style=\"color: #ff00ff;\">&#8220;DINTORN E FORA VIA&#8221;\u00a0 IL PROGRAMMA\u00a0 A CURA DEL MUSLA<\/span><\/h2>\n<p><strong><a class=\"dt-pswp-item\" href=\"https:\/\/www.radiopiu.net\/wordpress\/wp-content\/uploads\/2024\/02\/file-e1707208139238.jpg\" data-dt-img-description=\"\" data-large_image_width=\"640\" data-large_image_height=\"640\"><img loading=\"lazy\" decoding=\"async\" class=\"wp-image-373423 alignleft\" src=\"https:\/\/www.radiopiu.net\/wordpress\/wp-content\/uploads\/2024\/02\/file-e1707208139238-300x300.jpg\" alt=\"\" width=\"103\" height=\"103\" srcset=\"https:\/\/www.radiopiu.net\/wordpress\/wp-content\/uploads\/2024\/02\/file-e1707208139238-300x300.jpg 300w, https:\/\/www.radiopiu.net\/wordpress\/wp-content\/uploads\/2024\/02\/file-e1707208139238-150x150.jpg 150w, https:\/\/www.radiopiu.net\/wordpress\/wp-content\/uploads\/2024\/02\/file-e1707208139238.jpg 640w\" sizes=\"auto, (max-width: 103px) 100vw, 103px\" \/><\/a>PUNTATA DEL 14 MARZO 2025 VERONICA LEZUO<\/strong><\/p>\n<audio class=\"wp-audio-shortcode\" id=\"audio-439608-16\" preload=\"none\" style=\"width: 100%;\" controls=\"controls\"><source type=\"audio\/mpeg\" src=\"https:\/\/www.radiopiu.net\/wordpress\/wp-content\/uploads\/2025\/03\/MUSLA-3.mp3?_=16\" \/><a href=\"https:\/\/www.radiopiu.net\/wordpress\/wp-content\/uploads\/2025\/03\/MUSLA-3.mp3\">https:\/\/www.radiopiu.net\/wordpress\/wp-content\/uploads\/2025\/03\/MUSLA-3.mp3<\/a><\/audio>\n<p>&nbsp;<\/p>\n<p><strong>LA RACCOLTA COMPLETA <a href=\"https:\/\/www.radiopiu.net\/wordpress\/musla\/\"><span style=\"color: #3366ff;\">CLICCA QUI<\/span><\/a><\/strong><\/p>\n<p>&nbsp;<\/p>\n<hr \/>\n<p>&nbsp;<\/p>\n<h2><span style=\"color: #cc99ff;\">MUSIC A B C, IL MONDO DELLA MUSICA UNA LETTERA ALLA VOLTA<\/span><\/h2>\n<p><span style=\"color: #ff0000;\"><strong><a class=\"dt-pswp-item\" href=\"https:\/\/www.radiopiu.net\/wordpress\/wp-content\/uploads\/2021\/07\/microfono-radio-ok-768x448-768x448-1.jpg\" data-dt-img-description=\"\" data-large_image_width=\"768\" data-large_image_height=\"448\"><img loading=\"lazy\" decoding=\"async\" class=\" wp-image-220632 alignleft\" src=\"https:\/\/www.radiopiu.net\/wordpress\/wp-content\/uploads\/2021\/07\/microfono-radio-ok-768x448-768x448-1-300x175.jpg\" alt=\"\" width=\"148\" height=\"86\" srcset=\"https:\/\/www.radiopiu.net\/wordpress\/wp-content\/uploads\/2021\/07\/microfono-radio-ok-768x448-768x448-1-300x175.jpg 300w, https:\/\/www.radiopiu.net\/wordpress\/wp-content\/uploads\/2021\/07\/microfono-radio-ok-768x448-768x448-1.jpg 768w\" sizes=\"auto, (max-width: 148px) 100vw, 148px\" \/><\/a>CON MARINA DONA&#8217; E DAVID &#8220;ATHOS&#8221; BEN<\/strong><\/span><\/p>\n<p><span style=\"color: #0000ff;\"><strong>PUNTATA DEL 14 MARZO 2025<\/strong><\/span><\/p>\n<p><strong>PRIMA PARTE<\/strong><\/p>\n<audio class=\"wp-audio-shortcode\" id=\"audio-439608-17\" preload=\"none\" style=\"width: 100%;\" controls=\"controls\"><source type=\"audio\/mpeg\" src=\"https:\/\/www.radiopiu.net\/wordpress\/wp-content\/uploads\/2025\/03\/GOLD1.mp3?_=17\" \/><a href=\"https:\/\/www.radiopiu.net\/wordpress\/wp-content\/uploads\/2025\/03\/GOLD1.mp3\">https:\/\/www.radiopiu.net\/wordpress\/wp-content\/uploads\/2025\/03\/GOLD1.mp3<\/a><\/audio>\n<p>&nbsp;<\/p>\n<p><strong>SECONDA PARTE<\/strong><\/p>\n<audio class=\"wp-audio-shortcode\" id=\"audio-439608-18\" preload=\"none\" style=\"width: 100%;\" controls=\"controls\"><source type=\"audio\/mpeg\" src=\"https:\/\/www.radiopiu.net\/wordpress\/wp-content\/uploads\/2025\/03\/GOLD2.mp3?_=18\" \/><a href=\"https:\/\/www.radiopiu.net\/wordpress\/wp-content\/uploads\/2025\/03\/GOLD2.mp3\">https:\/\/www.radiopiu.net\/wordpress\/wp-content\/uploads\/2025\/03\/GOLD2.mp3<\/a><\/audio>\n<p>&nbsp;<\/p>\n<p><strong>TERZA PARTE<\/strong><\/p>\n<audio class=\"wp-audio-shortcode\" id=\"audio-439608-19\" preload=\"none\" style=\"width: 100%;\" controls=\"controls\"><source type=\"audio\/mpeg\" src=\"https:\/\/www.radiopiu.net\/wordpress\/wp-content\/uploads\/2025\/03\/GOLD3.mp3?_=19\" \/><a href=\"https:\/\/www.radiopiu.net\/wordpress\/wp-content\/uploads\/2025\/03\/GOLD3.mp3\">https:\/\/www.radiopiu.net\/wordpress\/wp-content\/uploads\/2025\/03\/GOLD3.mp3<\/a><\/audio>\n<p>&nbsp;<\/p>\n<p><strong>LA RACCOLTA COMPLETA <a href=\"https:\/\/www.radiopiu.net\/wordpress\/music-a-b-c-il-mondo-della-musica-una-lettera-alla-volta-la-raccolta\/\"><span style=\"color: #3366ff;\">CLICCA QUI<\/span><\/a><\/strong><\/p>\n<p>&nbsp;<\/p>\n<hr \/>\n<p>&nbsp;<\/p>\n<blockquote>\n<h3>CIRCA 60 CM DI NEVE FRESCA AL RIFUGIO SCARPA<\/h3>\n<\/blockquote>\n<p><strong>DI MARIO DE MARCO<\/strong><\/p>\n<p>A proposito del Rifugio Scarpa (il mio luogo preferito), oggi pomeriggio sono andato a monitorare la nevicata odierna per voi. Non senza fatica, visto che la neve era bagnata, mi sono recato con le ciaspole nei pressi della stazione meteo di Agrumier, sopra il rifugio, a 1800 metri. Ci saranno circa 60 cm di neve fresca\u2026 Sembra una nevicata di altri tempi! Ti mando due filmati, certo che saranno apprezzati, visto l&#8217;atmosfera e il luogo fantastico.<\/p>\n<p>&nbsp;<\/p>\n\n\t\t\t<style type='text\/css'>\n\t\t\t\t#gallery-5 {\n\t\t\t\t\tmargin: auto;\n\t\t\t\t}\n\t\t\t\t#gallery-5 .gallery-item {\n\t\t\t\t\tfloat: left;\n\t\t\t\t\tmargin-top: 10px;\n\t\t\t\t\ttext-align: center;\n\t\t\t\t\twidth: 50%;\n\t\t\t\t}\n\t\t\t\t#gallery-5 img {\n\t\t\t\t\tborder: 2px solid #cfcfcf;\n\t\t\t\t}\n\t\t\t\t#gallery-5 .gallery-caption {\n\t\t\t\t\tmargin-left: 0;\n\t\t\t\t}\n\t\t\t\t\/* see gallery_shortcode() in wp-includes\/media.php *\/\n\t\t\t<\/style>\n\t\t<div id='gallery-5' class='dt-gallery-container gallery galleryid-439608 gallery-columns-2 gallery-size-medium'><dl class='gallery-item'>\n\t\t\t\t<dt class='gallery-icon landscape'>\n\t\t\t\t\t<a class=\"rollover rollover-zoom dt-pswp-item\" title=\"eb4fa053-1a56-4013-8507-b2ed5d064e56\" data-dt-img-description=\"\" data-large_image_width=\"1984\" data-large_image_height=\"1488\"href='https:\/\/www.radiopiu.net\/wordpress\/wp-content\/uploads\/2025\/03\/eb4fa053-1a56-4013-8507-b2ed5d064e56.jpg'><img loading=\"lazy\" decoding=\"async\" width=\"300\" height=\"225\" src=\"https:\/\/www.radiopiu.net\/wordpress\/wp-content\/uploads\/2025\/03\/eb4fa053-1a56-4013-8507-b2ed5d064e56-300x225.jpg\" class=\"attachment-medium size-medium\" alt=\"\" srcset=\"https:\/\/www.radiopiu.net\/wordpress\/wp-content\/uploads\/2025\/03\/eb4fa053-1a56-4013-8507-b2ed5d064e56-300x225.jpg 300w, https:\/\/www.radiopiu.net\/wordpress\/wp-content\/uploads\/2025\/03\/eb4fa053-1a56-4013-8507-b2ed5d064e56-1024x768.jpg 1024w, https:\/\/www.radiopiu.net\/wordpress\/wp-content\/uploads\/2025\/03\/eb4fa053-1a56-4013-8507-b2ed5d064e56-768x576.jpg 768w, https:\/\/www.radiopiu.net\/wordpress\/wp-content\/uploads\/2025\/03\/eb4fa053-1a56-4013-8507-b2ed5d064e56-1536x1152.jpg 1536w, https:\/\/www.radiopiu.net\/wordpress\/wp-content\/uploads\/2025\/03\/eb4fa053-1a56-4013-8507-b2ed5d064e56.jpg 1984w\" sizes=\"auto, (max-width: 300px) 100vw, 300px\" \/><\/a>\n\t\t\t\t<\/dt><\/dl><dl class='gallery-item'>\n\t\t\t\t<dt class='gallery-icon landscape'>\n\t\t\t\t\t<a class=\"rollover rollover-zoom dt-pswp-item\" title=\"0ea1d5ec-6207-408f-8460-d1bf1c6739cb\" data-dt-img-description=\"\" data-large_image_width=\"1984\" data-large_image_height=\"1488\"href='https:\/\/www.radiopiu.net\/wordpress\/wp-content\/uploads\/2025\/03\/0ea1d5ec-6207-408f-8460-d1bf1c6739cb.jpg'><img loading=\"lazy\" decoding=\"async\" width=\"300\" height=\"225\" src=\"https:\/\/www.radiopiu.net\/wordpress\/wp-content\/uploads\/2025\/03\/0ea1d5ec-6207-408f-8460-d1bf1c6739cb-300x225.jpg\" class=\"attachment-medium size-medium\" alt=\"\" srcset=\"https:\/\/www.radiopiu.net\/wordpress\/wp-content\/uploads\/2025\/03\/0ea1d5ec-6207-408f-8460-d1bf1c6739cb-300x225.jpg 300w, https:\/\/www.radiopiu.net\/wordpress\/wp-content\/uploads\/2025\/03\/0ea1d5ec-6207-408f-8460-d1bf1c6739cb-1024x768.jpg 1024w, https:\/\/www.radiopiu.net\/wordpress\/wp-content\/uploads\/2025\/03\/0ea1d5ec-6207-408f-8460-d1bf1c6739cb-768x576.jpg 768w, https:\/\/www.radiopiu.net\/wordpress\/wp-content\/uploads\/2025\/03\/0ea1d5ec-6207-408f-8460-d1bf1c6739cb-1536x1152.jpg 1536w, https:\/\/www.radiopiu.net\/wordpress\/wp-content\/uploads\/2025\/03\/0ea1d5ec-6207-408f-8460-d1bf1c6739cb.jpg 1984w\" sizes=\"auto, (max-width: 300px) 100vw, 300px\" \/><\/a>\n\t\t\t\t<\/dt><\/dl><br style=\"clear: both\" \/>\n\t\t\t<\/div>\n\n<p><strong>IL VIDEO<\/strong><\/p>\n<div style=\"width: 1200px;\" class=\"wp-video\"><video class=\"wp-video-shortcode\" id=\"video-439608-1\" width=\"1200\" height=\"675\" preload=\"metadata\" controls=\"controls\"><source type=\"video\/mp4\" src=\"https:\/\/www.radiopiu.net\/wordpress\/wp-content\/uploads\/2025\/03\/WhatsApp-Video-2025-03-14-at-19.20.44.mp4?_=1\" \/><a href=\"https:\/\/www.radiopiu.net\/wordpress\/wp-content\/uploads\/2025\/03\/WhatsApp-Video-2025-03-14-at-19.20.44.mp4\">https:\/\/www.radiopiu.net\/wordpress\/wp-content\/uploads\/2025\/03\/WhatsApp-Video-2025-03-14-at-19.20.44.mp4<\/a><\/video><\/div>\n<p>&nbsp;<\/p>\n<p>&nbsp;<\/p>\n<hr \/>\n<p>&nbsp;<\/p>\n<blockquote class=\"wp-embedded-content\" data-secret=\"Gqo42fLUwD\"><p><a href=\"https:\/\/www.radiopiu.net\/wordpress\/tornano-i-cercatori-con-la-lama-del-tormento\/\">TORNANO I CERCATORI CON &#8220;LA LAMA DEL TORMENTO&#8221;<\/a><\/p><\/blockquote>\n<p><iframe loading=\"lazy\" class=\"wp-embedded-content\" sandbox=\"allow-scripts\" security=\"restricted\" style=\"position: absolute; visibility: hidden;\" title=\"&#8220;TORNANO I CERCATORI CON &#8220;LA LAMA DEL TORMENTO&#8221;&#8221; &#8212; Radio Pi\u00f9\" src=\"https:\/\/www.radiopiu.net\/wordpress\/tornano-i-cercatori-con-la-lama-del-tormento\/embed\/#?secret=TMvXYq8dXa#?secret=Gqo42fLUwD\" data-secret=\"Gqo42fLUwD\" width=\"600\" height=\"338\" frameborder=\"0\" marginwidth=\"0\" marginheight=\"0\" scrolling=\"no\"><\/iframe><\/p>\n<p>&nbsp;<\/p>\n<hr \/>\n<p>&nbsp;<\/p>\n<h2><span style=\"color: #ff0000;\"><a class=\"dt-pswp-item\" href=\"https:\/\/www.radiopiu.net\/wordpress\/wp-content\/uploads\/2018\/09\/appuntamenti.jpeg\" data-dt-img-description=\"\" data-large_image_width=\"800\" data-large_image_height=\"100\"><img loading=\"lazy\" decoding=\"async\" class=\"wp-image-61958 size-full aligncenter\" src=\"https:\/\/www.radiopiu.net\/wordpress\/wp-content\/uploads\/2018\/09\/appuntamenti.jpeg\" alt=\"\" width=\"800\" height=\"100\" srcset=\"https:\/\/www.radiopiu.net\/wordpress\/wp-content\/uploads\/2018\/09\/appuntamenti.jpeg 800w, https:\/\/www.radiopiu.net\/wordpress\/wp-content\/uploads\/2018\/09\/appuntamenti-300x38.jpeg 300w, https:\/\/www.radiopiu.net\/wordpress\/wp-content\/uploads\/2018\/09\/appuntamenti-768x96.jpeg 768w\" sizes=\"auto, (max-width: 800px) 100vw, 800px\" \/><\/a><\/span><\/h2>\n<h3 dir=\"auto\"><\/h3>\n<blockquote>\n<h3>MORGAN &amp; BATTAGLIA I RESIDENT DJ DEL SAVE THE DATE FESTIVAL<\/h3>\n<\/blockquote>\n<p><strong>FALCADE <\/strong>Il palco si accende, le casse vibrano e l\u2019atmosfera si infiamma: Morgan e Battaglia sono pronti a farvi ballare senza sosta! Con selezioni potenti e beat travolgenti, il duo porter\u00e0 un\u2019ondata di pura energia al Rifugio Laresei. Quattro ospiti speciali arricchiranno il festival, ma sar\u00e0 la loro console a tenere il cuore pulsante della serata. L\u2019unica regola? Lasciarsi andare al ritmo e vivere la musica senza freni. Preparati a un\u2019esperienza indimenticabile! L&#8217;appuntamento \u00e8 per il 29 marzo al Rifugio Laresei<\/p>\n\n\t\t\t<style type='text\/css'>\n\t\t\t\t#gallery-6 {\n\t\t\t\t\tmargin: auto;\n\t\t\t\t}\n\t\t\t\t#gallery-6 .gallery-item {\n\t\t\t\t\tfloat: left;\n\t\t\t\t\tmargin-top: 10px;\n\t\t\t\t\ttext-align: center;\n\t\t\t\t\twidth: 20%;\n\t\t\t\t}\n\t\t\t\t#gallery-6 img {\n\t\t\t\t\tborder: 2px solid #cfcfcf;\n\t\t\t\t}\n\t\t\t\t#gallery-6 .gallery-caption {\n\t\t\t\t\tmargin-left: 0;\n\t\t\t\t}\n\t\t\t\t\/* see gallery_shortcode() in wp-includes\/media.php *\/\n\t\t\t<\/style>\n\t\t<div id='gallery-6' class='dt-gallery-container gallery galleryid-439608 gallery-columns-5 gallery-size-medium'><dl class='gallery-item'>\n\t\t\t\t<dt class='gallery-icon portrait'>\n\t\t\t\t\t<a class=\"rollover rollover-zoom dt-pswp-item\" title=\"475351389_122191419572160269_4819090400106529375_n\" data-dt-img-description=\"\" data-large_image_width=\"1024\" data-large_image_height=\"1280\"href='https:\/\/www.radiopiu.net\/wordpress\/wp-content\/uploads\/2025\/02\/475351389_122191419572160269_4819090400106529375_n.jpg'><img loading=\"lazy\" decoding=\"async\" width=\"240\" height=\"300\" src=\"https:\/\/www.radiopiu.net\/wordpress\/wp-content\/uploads\/2025\/02\/475351389_122191419572160269_4819090400106529375_n-240x300.jpg\" class=\"attachment-medium size-medium\" alt=\"\" srcset=\"https:\/\/www.radiopiu.net\/wordpress\/wp-content\/uploads\/2025\/02\/475351389_122191419572160269_4819090400106529375_n-240x300.jpg 240w, https:\/\/www.radiopiu.net\/wordpress\/wp-content\/uploads\/2025\/02\/475351389_122191419572160269_4819090400106529375_n-819x1024.jpg 819w, https:\/\/www.radiopiu.net\/wordpress\/wp-content\/uploads\/2025\/02\/475351389_122191419572160269_4819090400106529375_n-768x960.jpg 768w, https:\/\/www.radiopiu.net\/wordpress\/wp-content\/uploads\/2025\/02\/475351389_122191419572160269_4819090400106529375_n.jpg 1024w\" sizes=\"auto, (max-width: 240px) 100vw, 240px\" \/><\/a>\n\t\t\t\t<\/dt><\/dl><dl class='gallery-item'>\n\t\t\t\t<dt class='gallery-icon portrait'>\n\t\t\t\t\t<a class=\"rollover rollover-zoom dt-pswp-item\" title=\"70222334-5cff-4d4b-9ab9-a2a79305f2f3\" data-dt-img-description=\"\" data-large_image_width=\"1024\" data-large_image_height=\"1280\"href='https:\/\/www.radiopiu.net\/wordpress\/wp-content\/uploads\/2025\/02\/70222334-5cff-4d4b-9ab9-a2a79305f2f3.jpg'><img loading=\"lazy\" decoding=\"async\" width=\"240\" height=\"300\" src=\"https:\/\/www.radiopiu.net\/wordpress\/wp-content\/uploads\/2025\/02\/70222334-5cff-4d4b-9ab9-a2a79305f2f3-240x300.jpg\" class=\"attachment-medium size-medium\" alt=\"\" srcset=\"https:\/\/www.radiopiu.net\/wordpress\/wp-content\/uploads\/2025\/02\/70222334-5cff-4d4b-9ab9-a2a79305f2f3-240x300.jpg 240w, https:\/\/www.radiopiu.net\/wordpress\/wp-content\/uploads\/2025\/02\/70222334-5cff-4d4b-9ab9-a2a79305f2f3-819x1024.jpg 819w, https:\/\/www.radiopiu.net\/wordpress\/wp-content\/uploads\/2025\/02\/70222334-5cff-4d4b-9ab9-a2a79305f2f3-768x960.jpg 768w, https:\/\/www.radiopiu.net\/wordpress\/wp-content\/uploads\/2025\/02\/70222334-5cff-4d4b-9ab9-a2a79305f2f3.jpg 1024w\" sizes=\"auto, (max-width: 240px) 100vw, 240px\" \/><\/a>\n\t\t\t\t<\/dt><\/dl><dl class='gallery-item'>\n\t\t\t\t<dt class='gallery-icon portrait'>\n\t\t\t\t\t<a class=\"rollover rollover-zoom dt-pswp-item\" title=\"480483463_122191800596160269_7748395789965067962_n\" data-dt-img-description=\"\" data-large_image_width=\"1024\" data-large_image_height=\"1280\"href='https:\/\/www.radiopiu.net\/wordpress\/wp-content\/uploads\/2025\/02\/480483463_122191800596160269_7748395789965067962_n.jpg'><img loading=\"lazy\" decoding=\"async\" width=\"240\" height=\"300\" src=\"https:\/\/www.radiopiu.net\/wordpress\/wp-content\/uploads\/2025\/02\/480483463_122191800596160269_7748395789965067962_n-240x300.jpg\" class=\"attachment-medium size-medium\" alt=\"\" srcset=\"https:\/\/www.radiopiu.net\/wordpress\/wp-content\/uploads\/2025\/02\/480483463_122191800596160269_7748395789965067962_n-240x300.jpg 240w, https:\/\/www.radiopiu.net\/wordpress\/wp-content\/uploads\/2025\/02\/480483463_122191800596160269_7748395789965067962_n-819x1024.jpg 819w, https:\/\/www.radiopiu.net\/wordpress\/wp-content\/uploads\/2025\/02\/480483463_122191800596160269_7748395789965067962_n-768x960.jpg 768w, https:\/\/www.radiopiu.net\/wordpress\/wp-content\/uploads\/2025\/02\/480483463_122191800596160269_7748395789965067962_n.jpg 1024w\" sizes=\"auto, (max-width: 240px) 100vw, 240px\" \/><\/a>\n\t\t\t\t<\/dt><\/dl><dl class='gallery-item'>\n\t\t\t\t<dt class='gallery-icon portrait'>\n\t\t\t\t\t<a class=\"rollover rollover-zoom dt-pswp-item\" title=\"480755395_122191974356160269_922264644982884143_n\" data-dt-img-description=\"\" data-large_image_width=\"1024\" data-large_image_height=\"1280\"href='https:\/\/www.radiopiu.net\/wordpress\/wp-content\/uploads\/2025\/02\/480755395_122191974356160269_922264644982884143_n.jpg'><img loading=\"lazy\" decoding=\"async\" width=\"240\" height=\"300\" src=\"https:\/\/www.radiopiu.net\/wordpress\/wp-content\/uploads\/2025\/02\/480755395_122191974356160269_922264644982884143_n-240x300.jpg\" class=\"attachment-medium size-medium\" alt=\"\" srcset=\"https:\/\/www.radiopiu.net\/wordpress\/wp-content\/uploads\/2025\/02\/480755395_122191974356160269_922264644982884143_n-240x300.jpg 240w, https:\/\/www.radiopiu.net\/wordpress\/wp-content\/uploads\/2025\/02\/480755395_122191974356160269_922264644982884143_n-819x1024.jpg 819w, https:\/\/www.radiopiu.net\/wordpress\/wp-content\/uploads\/2025\/02\/480755395_122191974356160269_922264644982884143_n-768x960.jpg 768w, https:\/\/www.radiopiu.net\/wordpress\/wp-content\/uploads\/2025\/02\/480755395_122191974356160269_922264644982884143_n.jpg 1024w\" sizes=\"auto, (max-width: 240px) 100vw, 240px\" \/><\/a>\n\t\t\t\t<\/dt><\/dl><dl class='gallery-item'>\n\t\t\t\t<dt class='gallery-icon portrait'>\n\t\t\t\t\t<a class=\"rollover rollover-zoom dt-pswp-item\" title=\"480946206_122192204450160269_174180551336592227_n\" data-dt-img-description=\"\" data-large_image_width=\"512\" data-large_image_height=\"640\"href='https:\/\/www.radiopiu.net\/wordpress\/wp-content\/uploads\/2025\/02\/480946206_122192204450160269_174180551336592227_n.jpg'><img loading=\"lazy\" decoding=\"async\" width=\"240\" height=\"300\" src=\"https:\/\/www.radiopiu.net\/wordpress\/wp-content\/uploads\/2025\/02\/480946206_122192204450160269_174180551336592227_n-240x300.jpg\" class=\"attachment-medium size-medium\" alt=\"\" srcset=\"https:\/\/www.radiopiu.net\/wordpress\/wp-content\/uploads\/2025\/02\/480946206_122192204450160269_174180551336592227_n-240x300.jpg 240w, https:\/\/www.radiopiu.net\/wordpress\/wp-content\/uploads\/2025\/02\/480946206_122192204450160269_174180551336592227_n.jpg 512w\" sizes=\"auto, (max-width: 240px) 100vw, 240px\" \/><\/a>\n\t\t\t\t<\/dt><\/dl><br style=\"clear: both\" \/>\n\t\t\t<\/div>\n\n<p>&nbsp;<\/p>\n<div>\n<div class=\"\" dir=\"auto\">\n<div id=\":r9h:\" class=\"x1iorvi4 x1pi30zi x1l90r2v x1swvt13\" data-ad-comet-preview=\"message\" data-ad-preview=\"message\">\n<div>\n<div class=\"\" dir=\"auto\">\n<div id=\":r9h:\" class=\"x1iorvi4 x1pi30zi x1l90r2v x1swvt13\" data-ad-comet-preview=\"message\" data-ad-preview=\"message\">\n<div>\n<div class=\"\" dir=\"auto\">\n<div id=\":r9h:\" class=\"x1iorvi4 x1pi30zi x1l90r2v x1swvt13\" data-ad-comet-preview=\"message\" data-ad-preview=\"message\">\n<div>\n<div class=\"\" dir=\"auto\">\n<div id=\":r9h:\" class=\"x1iorvi4 x1pi30zi x1l90r2v x1swvt13\" data-ad-comet-preview=\"message\" data-ad-preview=\"message\">\n<div>\n<div class=\"\" dir=\"auto\">\n<div id=\":r9h:\" class=\"x1iorvi4 x1pi30zi x1l90r2v x1swvt13\" data-ad-comet-preview=\"message\" data-ad-preview=\"message\">\n<div>\n<div class=\"\" dir=\"auto\">\n<div id=\":r9h:\" class=\"x1iorvi4 x1pi30zi x1l90r2v x1swvt13\" data-ad-comet-preview=\"message\" data-ad-preview=\"message\">\n<div class=\"xdj266r x11i5rnm xat24cr x1mh8g0r x1vvkbs x126k92a\">\n<div dir=\"auto\"><\/div>\n<\/div>\n<div>\n<div class=\"\" dir=\"auto\">\n<div id=\":r9h:\" class=\"x1iorvi4 x1pi30zi x1l90r2v x1swvt13\" data-ad-comet-preview=\"message\" data-ad-preview=\"message\">\n<div>\n<div class=\"\" dir=\"auto\">\n<div id=\":r9h:\" class=\"x1iorvi4 x1pi30zi x1l90r2v x1swvt13\" data-ad-comet-preview=\"message\" data-ad-preview=\"message\">\n\n\t\t\t<style type='text\/css'>\n\t\t\t\t#gallery-7 {\n\t\t\t\t\tmargin: auto;\n\t\t\t\t}\n\t\t\t\t#gallery-7 .gallery-item {\n\t\t\t\t\tfloat: left;\n\t\t\t\t\tmargin-top: 10px;\n\t\t\t\t\ttext-align: center;\n\t\t\t\t\twidth: 20%;\n\t\t\t\t}\n\t\t\t\t#gallery-7 img {\n\t\t\t\t\tborder: 2px solid #cfcfcf;\n\t\t\t\t}\n\t\t\t\t#gallery-7 .gallery-caption {\n\t\t\t\t\tmargin-left: 0;\n\t\t\t\t}\n\t\t\t\t\/* see gallery_shortcode() in wp-includes\/media.php *\/\n\t\t\t<\/style>\n\t\t<div id='gallery-7' class='dt-gallery-container gallery galleryid-439608 gallery-columns-5 gallery-size-thumbnail'><dl class='gallery-item'>\n\t\t\t\t<dt class='gallery-icon portrait'>\n\t\t\t\t\t<a class=\"rollover rollover-zoom dt-pswp-item\" title=\"dad1d0d2-12e8-494a-9390-929e17ce5985\" data-dt-img-description=\"\" data-large_image_width=\"900\" data-large_image_height=\"1600\"href='https:\/\/www.radiopiu.net\/wordpress\/wp-content\/uploads\/2025\/01\/dad1d0d2-12e8-494a-9390-929e17ce5985.jpg'><img loading=\"lazy\" decoding=\"async\" width=\"150\" height=\"150\" src=\"https:\/\/www.radiopiu.net\/wordpress\/wp-content\/uploads\/2025\/01\/dad1d0d2-12e8-494a-9390-929e17ce5985-150x150.jpg\" class=\"attachment-thumbnail size-thumbnail\" alt=\"\" \/><\/a>\n\t\t\t\t<\/dt><\/dl><dl class='gallery-item'>\n\t\t\t\t<dt class='gallery-icon portrait'>\n\t\t\t\t\t<a class=\"rollover rollover-zoom dt-pswp-item\" title=\"Marzo (1)\" data-dt-img-description=\"\" data-large_image_width=\"841\" data-large_image_height=\"1190\"href='https:\/\/www.radiopiu.net\/wordpress\/wp-content\/uploads\/2025\/02\/Marzo-1.jpg'><img loading=\"lazy\" decoding=\"async\" width=\"150\" height=\"150\" src=\"https:\/\/www.radiopiu.net\/wordpress\/wp-content\/uploads\/2025\/02\/Marzo-1-150x150.jpg\" class=\"attachment-thumbnail size-thumbnail\" alt=\"\" \/><\/a>\n\t\t\t\t<\/dt><\/dl><dl class='gallery-item'>\n\t\t\t\t<dt class='gallery-icon portrait'>\n\t\t\t\t\t<a class=\"rollover rollover-zoom dt-pswp-item\" title=\"Senza nome\" data-dt-img-description=\"\" data-large_image_width=\"569\" data-large_image_height=\"801\"href='https:\/\/www.radiopiu.net\/wordpress\/wp-content\/uploads\/2025\/02\/Senza-nome-23.png'><img loading=\"lazy\" decoding=\"async\" width=\"150\" height=\"150\" src=\"https:\/\/www.radiopiu.net\/wordpress\/wp-content\/uploads\/2025\/02\/Senza-nome-23-150x150.png\" class=\"attachment-thumbnail size-thumbnail\" alt=\"\" \/><\/a>\n\t\t\t\t<\/dt><\/dl><dl class='gallery-item'>\n\t\t\t\t<dt class='gallery-icon portrait'>\n\t\t\t\t\t<a class=\"rollover rollover-zoom dt-pswp-item\" title=\"ba76e127-707c-4a8a-a6ac-6ab71e879690\" data-dt-img-description=\"\" data-large_image_width=\"500\" data-large_image_height=\"696\"href='https:\/\/www.radiopiu.net\/wordpress\/wp-content\/uploads\/2025\/03\/ba76e127-707c-4a8a-a6ac-6ab71e879690.jpg'><img loading=\"lazy\" decoding=\"async\" width=\"150\" height=\"150\" src=\"https:\/\/www.radiopiu.net\/wordpress\/wp-content\/uploads\/2025\/03\/ba76e127-707c-4a8a-a6ac-6ab71e879690-150x150.jpg\" class=\"attachment-thumbnail size-thumbnail\" alt=\"\" aria-describedby=\"gallery-7-437826\" \/><\/a>\n\t\t\t\t<\/dt>\n\t\t\t\t\t<dd class='wp-caption-text gallery-caption' id='gallery-7-437826'>\n\t\t\t\t\tPOSTICIPATO AL 6 APRILE\n\t\t\t\t\t<\/dd><\/dl><dl class='gallery-item'>\n\t\t\t\t<dt class='gallery-icon portrait'>\n\t\t\t\t\t<a class=\"rollover rollover-zoom dt-pswp-item\" title=\"86913bf1-cfa4-493b-8e26-1aa10ea03f0b\" data-dt-img-description=\"\" data-large_image_width=\"1638\" data-large_image_height=\"2048\"href='https:\/\/www.radiopiu.net\/wordpress\/wp-content\/uploads\/2025\/03\/86913bf1-cfa4-493b-8e26-1aa10ea03f0b.jpg'><img loading=\"lazy\" decoding=\"async\" width=\"150\" height=\"150\" src=\"https:\/\/www.radiopiu.net\/wordpress\/wp-content\/uploads\/2025\/03\/86913bf1-cfa4-493b-8e26-1aa10ea03f0b-150x150.jpg\" class=\"attachment-thumbnail size-thumbnail\" alt=\"\" \/><\/a>\n\t\t\t\t<\/dt><\/dl><br style=\"clear: both\" \/><dl class='gallery-item'>\n\t\t\t\t<dt class='gallery-icon portrait'>\n\t\t\t\t\t<a class=\"rollover rollover-zoom dt-pswp-item\" title=\"22febcb9-69d4-4d91-9106-c3264bd449f9\" data-dt-img-description=\"\" data-large_image_width=\"1284\" data-large_image_height=\"2048\"href='https:\/\/www.radiopiu.net\/wordpress\/wp-content\/uploads\/2025\/03\/22febcb9-69d4-4d91-9106-c3264bd449f9.jpg'><img loading=\"lazy\" decoding=\"async\" width=\"150\" height=\"150\" src=\"https:\/\/www.radiopiu.net\/wordpress\/wp-content\/uploads\/2025\/03\/22febcb9-69d4-4d91-9106-c3264bd449f9-150x150.jpg\" class=\"attachment-thumbnail size-thumbnail\" alt=\"\" \/><\/a>\n\t\t\t\t<\/dt><\/dl><dl class='gallery-item'>\n\t\t\t\t<dt class='gallery-icon portrait'>\n\t\t\t\t\t<a class=\"rollover rollover-zoom dt-pswp-item\" title=\"miss italia\" data-dt-img-description=\"\" data-large_image_width=\"1440\" data-large_image_height=\"1799\"href='https:\/\/www.radiopiu.net\/wordpress\/wp-content\/uploads\/2025\/03\/miss-italia.jpg'><img loading=\"lazy\" decoding=\"async\" width=\"150\" height=\"150\" src=\"https:\/\/www.radiopiu.net\/wordpress\/wp-content\/uploads\/2025\/03\/miss-italia-150x150.jpg\" class=\"attachment-thumbnail size-thumbnail\" alt=\"\" \/><\/a>\n\t\t\t\t<\/dt><\/dl><dl class='gallery-item'>\n\t\t\t\t<dt class='gallery-icon landscape'>\n\t\t\t\t\t<a class=\"rollover rollover-zoom dt-pswp-item\" title=\"ALLEGHE-baiteaperte-header\" data-dt-img-description=\"\" data-large_image_width=\"1920\" data-large_image_height=\"787\"href='https:\/\/www.radiopiu.net\/wordpress\/wp-content\/uploads\/2025\/03\/ALLEGHE-baiteaperte-header.jpg'><img loading=\"lazy\" decoding=\"async\" width=\"150\" height=\"150\" src=\"https:\/\/www.radiopiu.net\/wordpress\/wp-content\/uploads\/2025\/03\/ALLEGHE-baiteaperte-header-150x150.jpg\" class=\"attachment-thumbnail size-thumbnail\" alt=\"\" \/><\/a>\n\t\t\t\t<\/dt><\/dl><dl class='gallery-item'>\n\t\t\t\t<dt class='gallery-icon portrait'>\n\t\t\t\t\t<a class=\"rollover rollover-zoom dt-pswp-item\" title=\"wnEWMSHDfvy6\" data-dt-img-description=\"\" data-large_image_width=\"962\" data-large_image_height=\"1328\"href='https:\/\/www.radiopiu.net\/wordpress\/wp-content\/uploads\/2025\/03\/wnEWMSHDfvy6.jpg'><img loading=\"lazy\" decoding=\"async\" width=\"150\" height=\"150\" src=\"https:\/\/www.radiopiu.net\/wordpress\/wp-content\/uploads\/2025\/03\/wnEWMSHDfvy6-150x150.jpg\" class=\"attachment-thumbnail size-thumbnail\" alt=\"\" \/><\/a>\n\t\t\t\t<\/dt><\/dl><dl class='gallery-item'>\n\t\t\t\t<dt class='gallery-icon portrait'>\n\t\t\t\t\t<a class=\"rollover rollover-zoom dt-pswp-item\" title=\"Locandina posturale primavera 2025\" data-dt-img-description=\"\" data-large_image_width=\"1132\" data-large_image_height=\"1600\"href='https:\/\/www.radiopiu.net\/wordpress\/wp-content\/uploads\/2025\/03\/Locandina-posturale-primavera-2025.jpeg'><img loading=\"lazy\" decoding=\"async\" width=\"150\" height=\"150\" src=\"https:\/\/www.radiopiu.net\/wordpress\/wp-content\/uploads\/2025\/03\/Locandina-posturale-primavera-2025-150x150.jpeg\" class=\"attachment-thumbnail size-thumbnail\" alt=\"\" \/><\/a>\n\t\t\t\t<\/dt><\/dl><br style=\"clear: both\" \/>\n\t\t\t<\/div>\n\n<p>&nbsp;<\/p>\n<p>&nbsp;<\/p>\n<\/div>\n<\/div>\n<\/div>\n<\/div>\n<\/div>\n<\/div>\n<\/div>\n<\/div>\n<\/div>\n<\/div>\n<\/div>\n<\/div>\n<p>&nbsp;<\/p>\n<\/div>\n<\/div>\n<\/div>\n<\/div>\n<\/div>\n<\/div>\n<\/div>\n<\/div>\n<\/div>\n<\/div>\n<\/div>\n<\/div>\n<hr \/>\n<p>&nbsp;<\/p>\n<p class=\"mceTemp\"><a class=\"dt-pswp-item\" href=\"https:\/\/www.radiopiu.net\/wordpress\/wp-content\/uploads\/2018\/09\/WhatsApp-Image-2018-09-20-at-16.04.06.jpeg\" data-dt-img-description=\"\" data-large_image_width=\"800\" data-large_image_height=\"100\"><img loading=\"lazy\" decoding=\"async\" class=\"wp-image-61378 size-full aligncenter\" src=\"https:\/\/www.radiopiu.net\/wordpress\/wp-content\/uploads\/2018\/09\/WhatsApp-Image-2018-09-20-at-16.04.06.jpeg\" alt=\"\" width=\"800\" height=\"100\" srcset=\"https:\/\/www.radiopiu.net\/wordpress\/wp-content\/uploads\/2018\/09\/WhatsApp-Image-2018-09-20-at-16.04.06.jpeg 800w, https:\/\/www.radiopiu.net\/wordpress\/wp-content\/uploads\/2018\/09\/WhatsApp-Image-2018-09-20-at-16.04.06-300x38.jpeg 300w, https:\/\/www.radiopiu.net\/wordpress\/wp-content\/uploads\/2018\/09\/WhatsApp-Image-2018-09-20-at-16.04.06-768x96.jpeg 768w\" sizes=\"auto, (max-width: 800px) 100vw, 800px\" \/><\/a><\/p>\n<p><center><\/center><center><\/center>&nbsp;<\/p>\n<p style=\"text-align: center;\"><strong>OGGI<\/strong><\/p>\n<p><b><\/b>Cielo ancora molto nuvoloso o coperto con un tempo in gran parte perturbato con fenomeni intermittenti e diffusi. Clima uggioso.<br \/>\n<b>Precipitazioni: <\/b>Probabilit\u00e0 medio alta di precipitazioni fin dal mattino a carattere diffuso e intermittente, di debole o di moderata intensit\u00e0 con qualche rovescio, nevose mediamente intorno ai 1300-1500 m sulle Dolomiti, e ai 1500-1700 m sulle Prealpi con limite neve un po&#8217; pi\u00f9 basso nella notte e il primo mattino.<br \/>\n<b>Temperature: <\/b>Perlopi\u00f9 stazionarie con escursione termica giornaliera ancora modesta.<\/p>\n<hr \/>\n<p><center><b>DOMANI<\/b><\/center>Tempo variabile con alternanza di annuvolamenti e schiarite con fenomeni modesti e sparsi.<br \/>\n<b>Precipitazioni: <\/b>Possibili modeste precipitazioni da locali a sparse con eventuali brevi nevicate oltre i 1300-1600 m.<br \/>\n<b>Temperature: <\/b>Minime in lieve diminuzione e misurate specie in quota a fine giornata, massime senza notevoli variazioni o in leggero aumento.<\/p>\n<hr \/>\n<p><center><b>LUNEDI<\/b><\/center>Tempo variabile a tratti instabile con frequenti annuvolamenti e qualche schiarita; possibili precipitazioni da locali a sparse specie su Prealpi e Dolomiti meridionali con la quota delle eventuali brevi nevicate oltre i 1200-1500 m. clima meno umido rispetto ai giorni precedenti. Temperature in diminuzione specie le minime in alta montagna.<\/p>\n<hr \/>\n<p><center><b>MARTEDI<\/b><\/center>Salvo residua nuvolosit\u00e0 nelle prime ore associata a qualche breve piovasco, la giornata sar\u00e0 in prevalenza soleggiata e stabile con cielo poco o parzialmente nuvoloso per modesti annuvolamenti diurni. Clima diurno pi\u00f9 asciutto rispetto a luned\u00ec e pi\u00f9 fresco. Temperature minime e massime in contenuta diminuzione.<\/p>\n<p>&nbsp;<\/p>\n<p>&nbsp;<\/p>\n<hr \/>\n<p>&nbsp;<\/p>\n<p class=\"mceTemp\"><a class=\"dt-pswp-item\" href=\"https:\/\/www.radiopiu.net\/wordpress\/wp-content\/uploads\/2018\/09\/sport.jpg\" data-dt-img-description=\"\" data-large_image_width=\"800\" data-large_image_height=\"100\"><img loading=\"lazy\" decoding=\"async\" class=\"aligncenter wp-image-60761 size-full\" src=\"https:\/\/www.radiopiu.net\/wordpress\/wp-content\/uploads\/2018\/09\/sport.jpg\" alt=\"\" width=\"800\" height=\"100\" srcset=\"https:\/\/www.radiopiu.net\/wordpress\/wp-content\/uploads\/2018\/09\/sport.jpg 800w, https:\/\/www.radiopiu.net\/wordpress\/wp-content\/uploads\/2018\/09\/sport-300x38.jpg 300w, https:\/\/www.radiopiu.net\/wordpress\/wp-content\/uploads\/2018\/09\/sport-768x96.jpg 768w\" sizes=\"auto, (max-width: 800px) 100vw, 800px\" \/> <\/a><\/p>\n<p class=\"mceTemp\"><span style=\"color: #0000ff;\"><strong>\u00a0 \u00a0 \u00a0 \u00a0\u00a0<\/strong><\/span><\/p>\n<p><span style=\"color: #0000ff;\"><strong>CALCIO<\/strong><\/span><\/p>\n<blockquote>\n<h3>AGORDINA IN CERCA DI PUNTI IMPORTANTI CONTRO LA DYNAMO VELLAI<\/h3>\n<\/blockquote>\n<p><strong><a class=\"dt-pswp-item\" href=\"https:\/\/www.radiopiu.net\/wordpress\/wp-content\/uploads\/2024\/12\/CALCIO-2025.jpg\" data-dt-img-description=\"\" data-large_image_width=\"1280\" data-large_image_height=\"853\"><img loading=\"lazy\" decoding=\"async\" class=\" wp-image-422411 alignleft\" src=\"https:\/\/www.radiopiu.net\/wordpress\/wp-content\/uploads\/2024\/12\/CALCIO-2025-300x200.jpg\" alt=\"\" width=\"194\" height=\"129\" srcset=\"https:\/\/www.radiopiu.net\/wordpress\/wp-content\/uploads\/2024\/12\/CALCIO-2025-300x200.jpg 300w, https:\/\/www.radiopiu.net\/wordpress\/wp-content\/uploads\/2024\/12\/CALCIO-2025-1024x682.jpg 1024w, https:\/\/www.radiopiu.net\/wordpress\/wp-content\/uploads\/2024\/12\/CALCIO-2025-768x512.jpg 768w, https:\/\/www.radiopiu.net\/wordpress\/wp-content\/uploads\/2024\/12\/CALCIO-2025.jpg 1280w\" sizes=\"auto, (max-width: 194px) 100vw, 194px\" \/><\/a>DI MARCO GAZ<\/strong><\/p>\n<p><strong>REDAZIONE <\/strong>Continua il cammino dell\u2019Agordina Calcio nei campionati della LND in provincia di Belluno. Sono quattro le partite in programma nel fine settimana per la compagine di Agordo. Saranno le due squadre del campionato Esordienti ad aprire le danze. Oggi alle 15 la squadra A giocher\u00e0 in casa contro la Plavis. Trasferta invece per la squadra B che, sempre alle 15, sar\u00e0 in trasferta contro il San Pietro. Alle 18:30 sar\u00e0 il turno della Juniores che si scontrer\u00e0 con la Cisonese all\u2019Ivano Dorigo di Agordo. Turno di riposo per gli Allievi. Domani alle 14:30 torneranno in campo anche gli uomini di Davare. La prima squadra scender\u00e0 a Feltre per affrontare la Dynamo Vellai. Una sfida da tripla in schedina, entrambe le compagini lottano per accedere alla zona playoff. Domani alle 20:30 appuntamento con \u201cAgordina In Prima Linea\u201d su Radio Pi\u00f9, il programma calcistico che racconta il fine settimana della squadra di Agordo.<\/p>\n<p>&nbsp;<\/p>\n<p><span style=\"color: #0000ff;\"><strong>CORSA CAMPESTRE<\/strong><\/span><\/p>\n<blockquote>\n<h3><a class=\"dt-pswp-item\" href=\"https:\/\/www.radiopiu.net\/wordpress\/wp-content\/uploads\/2025\/03\/atleti-modesto-team-2024.jpeg\" data-dt-img-description=\"\" data-large_image_width=\"2048\" data-large_image_height=\"1365\"><img loading=\"lazy\" decoding=\"async\" class=\" wp-image-439694 alignleft\" src=\"https:\/\/www.radiopiu.net\/wordpress\/wp-content\/uploads\/2025\/03\/atleti-modesto-team-2024-300x200.jpeg\" alt=\"\" width=\"197\" height=\"131\" srcset=\"https:\/\/www.radiopiu.net\/wordpress\/wp-content\/uploads\/2025\/03\/atleti-modesto-team-2024-300x200.jpeg 300w, https:\/\/www.radiopiu.net\/wordpress\/wp-content\/uploads\/2025\/03\/atleti-modesto-team-2024-1024x683.jpeg 1024w, https:\/\/www.radiopiu.net\/wordpress\/wp-content\/uploads\/2025\/03\/atleti-modesto-team-2024-768x512.jpeg 768w, https:\/\/www.radiopiu.net\/wordpress\/wp-content\/uploads\/2025\/03\/atleti-modesto-team-2024-1536x1024.jpeg 1536w, https:\/\/www.radiopiu.net\/wordpress\/wp-content\/uploads\/2025\/03\/atleti-modesto-team-2024.jpeg 2048w\" sizes=\"auto, (max-width: 197px) 100vw, 197px\" \/><\/a>A SEREN DEL GRAPPA IL TROFEO ASSOCIAZIONE MONTE GRAPPA<\/h3>\n<\/blockquote>\n<p>Domani si terr\u00e0 a Seren del Grappa la prima edizione del Trofeo Associazione Monte Grappa, gara di corsa campestre organizzata dal Modesto Team con il supporto di enti locali e sponsor. L\u2019evento si svolger\u00e0 presso gli impianti sportivi di Rasai e sar\u00e0 valido per l\u2019ultima prova del Campionato regionale veneto 2025 del CSI. Il trofeo sar\u00e0 assegnato alla societ\u00e0 con il maggior numero di giovani classificati. La gara avr\u00e0 un tracciato veloce e tecnico, con partenza alle 10. Sar\u00e0 presente l\u2019Associazione Feltrina Donatori di Sangue con premi speciali per gli atleti donatori.<\/p>\n<p>&nbsp;<\/p>\n<p><span style=\"color: #0000ff;\"><strong>PREMIO FAIR PLAY CONI<\/strong><\/span><\/p>\n<blockquote>\n<h3><a class=\"dt-pswp-item\" href=\"https:\/\/www.radiopiu.net\/wordpress\/wp-content\/uploads\/2025\/03\/IMG-20250221-WA00101.jpg\" data-dt-img-description=\"\" data-large_image_width=\"1920\" data-large_image_height=\"1277\"><img loading=\"lazy\" decoding=\"async\" class=\" wp-image-439692 alignleft\" src=\"https:\/\/www.radiopiu.net\/wordpress\/wp-content\/uploads\/2025\/03\/IMG-20250221-WA00101-300x200.jpg\" alt=\"\" width=\"180\" height=\"120\" srcset=\"https:\/\/www.radiopiu.net\/wordpress\/wp-content\/uploads\/2025\/03\/IMG-20250221-WA00101-300x200.jpg 300w, https:\/\/www.radiopiu.net\/wordpress\/wp-content\/uploads\/2025\/03\/IMG-20250221-WA00101-1024x681.jpg 1024w, https:\/\/www.radiopiu.net\/wordpress\/wp-content\/uploads\/2025\/03\/IMG-20250221-WA00101-768x511.jpg 768w, https:\/\/www.radiopiu.net\/wordpress\/wp-content\/uploads\/2025\/03\/IMG-20250221-WA00101-1536x1022.jpg 1536w, https:\/\/www.radiopiu.net\/wordpress\/wp-content\/uploads\/2025\/03\/IMG-20250221-WA00101.jpg 1920w\" sizes=\"auto, (max-width: 180px) 100vw, 180px\" \/><\/a>AL VIA LE CANDIDATURE PER IL PREMIO FAIR PLAY<\/h3>\n<\/blockquote>\n<p>Il Comitato Regionale Veneto del CONI ha aperto le candidature per il Premio &#8220;Fair Play&#8221;, destinato ad atleti, squadre, allenatori e tifosi distintisi per lealt\u00e0 e correttezza nello sport. L&#8217;iniziativa rientra nella 7\u00aa edizione del Progetto \u201cCarta Etica Sport\u201d 2024\/25, promosso dalla Regione Veneto e altri enti sportivi. Le segnalazioni vanno inviate entro la prima settimana di aprile tramite il form ufficiale online. Una commissione selezioner\u00e0 i vincitori, che saranno premiati in una cerimonia ufficiale. Per informazioni, contattare <a rel=\"noopener\" data-start=\"541\" data-end=\"572\">cartaeticasportveneto@gmail.com<\/a>.<\/p>\n<p>&nbsp;<\/p>\n<p><span style=\"color: #0000ff;\"><strong>KARATE<\/strong><\/span><\/p>\n<blockquote>\n<h3><a class=\"dt-pswp-item\" href=\"https:\/\/www.radiopiu.net\/wordpress\/wp-content\/uploads\/2025\/03\/KARATE.jpg\" data-dt-img-description=\"\" data-large_image_width=\"1280\" data-large_image_height=\"853\"><img loading=\"lazy\" decoding=\"async\" class=\" wp-image-439727 alignleft\" src=\"https:\/\/www.radiopiu.net\/wordpress\/wp-content\/uploads\/2025\/03\/KARATE-300x200.jpg\" alt=\"\" width=\"174\" height=\"116\" srcset=\"https:\/\/www.radiopiu.net\/wordpress\/wp-content\/uploads\/2025\/03\/KARATE-300x200.jpg 300w, https:\/\/www.radiopiu.net\/wordpress\/wp-content\/uploads\/2025\/03\/KARATE-1024x682.jpg 1024w, https:\/\/www.radiopiu.net\/wordpress\/wp-content\/uploads\/2025\/03\/KARATE-768x512.jpg 768w, https:\/\/www.radiopiu.net\/wordpress\/wp-content\/uploads\/2025\/03\/KARATE.jpg 1280w\" sizes=\"auto, (max-width: 174px) 100vw, 174px\" \/><\/a>IL TSKS BELLUNO BRILLA A TREVISO<\/h3>\n<\/blockquote>\n<p>Il Tsks Belluno ha ottenuto ottimi risultati alla gara internazionale di karate Heart Cup di Treviso, con tre medaglie d&#8217;oro, tre d&#8217;argento e due di bronzo nella specialit\u00e0 del kata. Tra i vincitori ci sono Michele Giavi, Alice Ghinato e Edoardo Gheno, mentre Martina Bianchi, Cecilia Bianco e Sara Pagotto hanno conquistato l&#8217;argento, e Asia Lam e Alessandro Monti il bronzo. Nonostante alcune sconfitte, come quella di Giada Gaspari e altri atleti, il maestro Roberto Bacchilega sottolinea l&#8217;importanza di dedizione, passione e perseveranza nel karate. Ora, l&#8217;associazione si prepara per il Memorial Andrea Antoniol, un evento dedicato a kata e kumite.<\/p>\n<p>&nbsp;<\/p>\n<p>&nbsp;<\/p>\n<p>&nbsp;<\/p>\n","protected":false},"excerpt":{"rendered":"<p>********* &nbsp; LA\u00a0 APP PER IOS-IPHONE di Nicola Vettorello https:\/\/apps.apple.com\/it\/app\/radio-pi%C3%B9-emittente-agordina\/id1515939845 LA\u00a0 APP RADIO\u00a0 PER ANDROID di Nicola Vettorello https:\/\/play.google.com\/store\/apps\/details?id=net.radiopiu.iniko\u00a0\u00a0\u00a0\u00a0 &nbsp; &nbsp; &nbsp; OGGI \u00a0\u00a0 8.30 il sabato mattina con Marina\u00a0 09.00 le novit\u00e0 musicali di Marco Gaz\u00a0 10.30\u00a0 la rassegna stampa da l&#8217;amico del popolo di Gianni Santomaso, ospiti Gabriele Riva e Chiara Nardi\u00a011.00 ELIA&hellip;<\/p>\n","protected":false},"author":4,"featured_media":439789,"comment_status":"closed","ping_status":"closed","sticky":false,"template":"","format":"standard","meta":{"_monsterinsights_skip_tracking":false,"_monsterinsights_sitenote_active":false,"_monsterinsights_sitenote_note":"","_monsterinsights_sitenote_category":0,"footnotes":""},"categories":[51,86,49],"tags":[],"class_list":["post-439608","post","type-post","status-publish","format-standard","has-post-thumbnail","hentry","category-evidenza-top","category-gr","category-news-18","category-51","category-86","category-49","description-off"],"img_url":"https:\/\/www.radiopiu.net\/wordpress\/wp-content\/uploads\/2025\/03\/Senza-nome-49.png","_links":{"self":[{"href":"https:\/\/www.radiopiu.net\/wordpress\/wp-json\/wp\/v2\/posts\/439608","targetHints":{"allow":["GET"]}}],"collection":[{"href":"https:\/\/www.radiopiu.net\/wordpress\/wp-json\/wp\/v2\/posts"}],"about":[{"href":"https:\/\/www.radiopiu.net\/wordpress\/wp-json\/wp\/v2\/types\/post"}],"author":[{"embeddable":true,"href":"https:\/\/www.radiopiu.net\/wordpress\/wp-json\/wp\/v2\/users\/4"}],"replies":[{"embeddable":true,"href":"https:\/\/www.radiopiu.net\/wordpress\/wp-json\/wp\/v2\/comments?post=439608"}],"version-history":[{"count":41,"href":"https:\/\/www.radiopiu.net\/wordpress\/wp-json\/wp\/v2\/posts\/439608\/revisions"}],"predecessor-version":[{"id":439834,"href":"https:\/\/www.radiopiu.net\/wordpress\/wp-json\/wp\/v2\/posts\/439608\/revisions\/439834"}],"wp:featuredmedia":[{"embeddable":true,"href":"https:\/\/www.radiopiu.net\/wordpress\/wp-json\/wp\/v2\/media\/439789"}],"wp:attachment":[{"href":"https:\/\/www.radiopiu.net\/wordpress\/wp-json\/wp\/v2\/media?parent=439608"}],"wp:term":[{"taxonomy":"category","embeddable":true,"href":"https:\/\/www.radiopiu.net\/wordpress\/wp-json\/wp\/v2\/categories?post=439608"},{"taxonomy":"post_tag","embeddable":true,"href":"https:\/\/www.radiopiu.net\/wordpress\/wp-json\/wp\/v2\/tags?post=439608"}],"curies":[{"name":"wp","href":"https:\/\/api.w.org\/{rel}","templated":true}]}}