{"id":439847,"date":"2025-03-17T05:59:49","date_gmt":"2025-03-17T04:59:49","guid":{"rendered":"https:\/\/www.radiopiu.net\/wordpress\/?p=439847"},"modified":"2025-03-17T10:55:01","modified_gmt":"2025-03-17T09:55:01","slug":"giornal-radiopiu-17-marzo-2025","status":"publish","type":"post","link":"https:\/\/www.radiopiu.net\/wordpress\/giornal-radiopiu-17-marzo-2025\/","title":{"rendered":"GIORNALE RADIOPIU 17 MARZO 2025"},"content":{"rendered":"<p>*********<\/p>\n<p>&nbsp;<\/p>\n<p><em><span style=\"color: #ff0000;\"><a class=\"dt-pswp-item\" href=\"https:\/\/www.radiopiu.net\/wordpress\/wp-content\/uploads\/2024\/10\/Senza-nome-8.png\" data-dt-img-description=\"\" data-large_image_width=\"343\" data-large_image_height=\"303\"><img loading=\"lazy\" decoding=\"async\" class=\"wp-image-412130 alignleft\" src=\"https:\/\/www.radiopiu.net\/wordpress\/wp-content\/uploads\/2024\/10\/Senza-nome-8-300x265.png\" alt=\"\" width=\"105\" height=\"93\" srcset=\"https:\/\/www.radiopiu.net\/wordpress\/wp-content\/uploads\/2024\/10\/Senza-nome-8-300x265.png 300w, https:\/\/www.radiopiu.net\/wordpress\/wp-content\/uploads\/2024\/10\/Senza-nome-8.png 343w\" sizes=\"auto, (max-width: 105px) 100vw, 105px\" \/><\/a><\/span><\/em><strong><em><span style=\"color: #ff0000;\"> LA\u00a0 APP PER IOS-IPHONE di Nicola Vettorello<\/span><\/em><\/strong><\/p>\n<p><strong><span style=\"color: #0000ff;\"><a style=\"color: #0000ff;\" href=\"https:\/\/apps.apple.com\/it\/app\/radio-pi%C3%B9-emittente-agordina\/id1515939845\">https:\/\/apps.apple.com\/it\/app\/radio-pi%C3%B9-emittente-agordina\/id1515939845<\/a><\/span><\/strong><\/p>\n<p><strong><em style=\"color: #ff0000;\">LA\u00a0 APP RADIO\u00a0 PER ANDROID di Nicola Vettorello<\/em><\/strong><\/p>\n<p><strong><span style=\"color: #0000ff;\"><a style=\"color: #0000ff;\" href=\"https:\/\/play.google.com\/store\/apps\/details?id=net.radiopiu.iniko\" target=\"_blank\" rel=\"noopener noreferrer\">https:\/\/<\/a><a style=\"color: #0000ff;\" href=\"https:\/\/play.google.com\/store\/apps\/details?id=net.radiopiu.iniko\" target=\"_blank\" rel=\"noopener noreferrer\">play.google.com\/store\/apps\/details?id=net.radiopiu.iniko\u00a0\u00a0\u00a0\u00a0<\/a><\/span><\/strong><\/p>\n<h1 style=\"text-align: center;\"><\/h1>\n<p>&nbsp;<\/p>\n<p>&nbsp;<\/p>\n<hr \/>\n<p>&nbsp;<\/p>\n<p><span style=\"color: #0000ff;\"><strong><a class=\"dt-pswp-item\" href=\"https:\/\/www.radiopiu.net\/wordpress\/wp-content\/uploads\/2024\/01\/dbd0d535-95bf-468e-9e11-dfc05dd8c264.jpg\" data-dt-img-description=\"\" data-large_image_width=\"1913\" data-large_image_height=\"2048\"><img loading=\"lazy\" decoding=\"async\" class=\"wp-image-370329 alignleft\" src=\"https:\/\/www.radiopiu.net\/wordpress\/wp-content\/uploads\/2024\/01\/dbd0d535-95bf-468e-9e11-dfc05dd8c264-280x300.jpg\" alt=\"\" width=\"119\" height=\"128\" srcset=\"https:\/\/www.radiopiu.net\/wordpress\/wp-content\/uploads\/2024\/01\/dbd0d535-95bf-468e-9e11-dfc05dd8c264-280x300.jpg 280w, https:\/\/www.radiopiu.net\/wordpress\/wp-content\/uploads\/2024\/01\/dbd0d535-95bf-468e-9e11-dfc05dd8c264-957x1024.jpg 957w, https:\/\/www.radiopiu.net\/wordpress\/wp-content\/uploads\/2024\/01\/dbd0d535-95bf-468e-9e11-dfc05dd8c264-768x822.jpg 768w, https:\/\/www.radiopiu.net\/wordpress\/wp-content\/uploads\/2024\/01\/dbd0d535-95bf-468e-9e11-dfc05dd8c264-1435x1536.jpg 1435w, https:\/\/www.radiopiu.net\/wordpress\/wp-content\/uploads\/2024\/01\/dbd0d535-95bf-468e-9e11-dfc05dd8c264.jpg 1913w\" sizes=\"auto, (max-width: 119px) 100vw, 119px\" \/><\/a>OGGI <\/strong>\u00a0<\/span>\u00a0<strong> 8.30 <\/strong>PIU&#8217; SIAMO&#8230; PIU&#8217; CE LA GODIAMO CON MARINA DONA&#8217; (foto)<strong>\u00a0 09.00 <\/strong>OGGI COME IERI DI SILVIA BALDO \u00a010.30 LUCA E PAOLO SOPPELSA, DALLA SALA CONSILIARE DI CENCENIGHE CON LE ORGANIZZATRICI DI &#8220;STORIE DI MONTAGNA&#8221; DI MARINA DONA&#8217;<strong>\u00a011.00<\/strong> PIU MUSICA<span class=\"transfer_display_name\">\u00a0<strong>12.30<\/strong> IL GIORNALE RADIO EDIZIONE PRINCIPALE <strong>13.20<\/strong>\u00a0 SALUTE E SOCIET\u00e0 CON IL DOTTOR MARCO CARACCIOLO\u00a0 <\/span><strong>15.00<\/strong> RITRATTI SONORI CON ALESSIA DALL&#8217;O\u00a0 \u00a0OSPITE GLORIA DALLA ROSA \u00a0<b>16.45 <\/b>HIT PARADE STORY, LA STORIA DELLA MUSICA RACCONTATA QUOTIDIANAMENTE DA MIRCO BENCIVENNI<\/p>\n<p>&nbsp;<\/p>\n<p>&nbsp;<\/p>\n<p>&nbsp;<\/p>\n<hr \/>\n<p>&nbsp;<\/p>\n<p>&nbsp;<\/p>\n<div class=\"x11i5rnm xat24cr x1mh8g0r x1vvkbs xtlvy1s x126k92a\">\n<div dir=\"auto\">\n<div dir=\"auto\">\n<p><strong><a class=\"dt-pswp-item\" href=\"https:\/\/www.radiopiu.net\/wordpress\/wp-content\/uploads\/2024\/02\/2d44e751-d8a8-461b-8e22-d8e4e853b032.jpg\" data-dt-img-description=\"\" data-large_image_width=\"1600\" data-large_image_height=\"1200\"><img loading=\"lazy\" decoding=\"async\" class=\"wp-image-373307 alignleft\" src=\"https:\/\/www.radiopiu.net\/wordpress\/wp-content\/uploads\/2024\/02\/2d44e751-d8a8-461b-8e22-d8e4e853b032-300x225.jpg\" alt=\"\" width=\"105\" height=\"79\" srcset=\"https:\/\/www.radiopiu.net\/wordpress\/wp-content\/uploads\/2024\/02\/2d44e751-d8a8-461b-8e22-d8e4e853b032-300x225.jpg 300w, https:\/\/www.radiopiu.net\/wordpress\/wp-content\/uploads\/2024\/02\/2d44e751-d8a8-461b-8e22-d8e4e853b032-1024x768.jpg 1024w, https:\/\/www.radiopiu.net\/wordpress\/wp-content\/uploads\/2024\/02\/2d44e751-d8a8-461b-8e22-d8e4e853b032-768x576.jpg 768w, https:\/\/www.radiopiu.net\/wordpress\/wp-content\/uploads\/2024\/02\/2d44e751-d8a8-461b-8e22-d8e4e853b032-1536x1152.jpg 1536w, https:\/\/www.radiopiu.net\/wordpress\/wp-content\/uploads\/2024\/02\/2d44e751-d8a8-461b-8e22-d8e4e853b032.jpg 1600w\" sizes=\"auto, (max-width: 105px) 100vw, 105px\" \/><\/a>EL BAL DEL FIOR, DI GIULIANA DA RONCH, 17 MARZO<\/strong><strong> 2025<\/strong><\/p>\n<p>&nbsp;<\/p>\n<audio class=\"wp-audio-shortcode\" id=\"audio-439847-1\" preload=\"none\" style=\"width: 100%;\" controls=\"controls\"><source type=\"audio\/mpeg\" src=\"https:\/\/www.radiopiu.net\/wordpress\/wp-content\/uploads\/2025\/03\/GLU-2.mp3?_=1\" \/><a href=\"https:\/\/www.radiopiu.net\/wordpress\/wp-content\/uploads\/2025\/03\/GLU-2.mp3\">https:\/\/www.radiopiu.net\/wordpress\/wp-content\/uploads\/2025\/03\/GLU-2.mp3<\/a><\/audio>\n<p>&nbsp;<\/p>\n<p>&nbsp;<\/p>\n<hr \/>\n<p>&nbsp;<\/p>\n<\/div>\n<\/div>\n<\/div>\n<div class=\"x11i5rnm xat24cr x1mh8g0r x1vvkbs xtlvy1s x126k92a\">\n<blockquote>\n<h1><strong><a class=\"dt-pswp-item\" href=\"https:\/\/www.radiopiu.net\/wordpress\/wp-content\/uploads\/2024\/10\/629301fd-708d-4f53-95c2-d28cbefd500f.jpg\" data-dt-img-description=\"\" data-large_image_width=\"1600\" data-large_image_height=\"1322\"><img loading=\"lazy\" decoding=\"async\" class=\"wp-image-413782 alignright\" src=\"https:\/\/www.radiopiu.net\/wordpress\/wp-content\/uploads\/2024\/10\/629301fd-708d-4f53-95c2-d28cbefd500f-300x248.jpg\" alt=\"\" width=\"106\" height=\"88\" srcset=\"https:\/\/www.radiopiu.net\/wordpress\/wp-content\/uploads\/2024\/10\/629301fd-708d-4f53-95c2-d28cbefd500f-300x248.jpg 300w, https:\/\/www.radiopiu.net\/wordpress\/wp-content\/uploads\/2024\/10\/629301fd-708d-4f53-95c2-d28cbefd500f-1024x846.jpg 1024w, https:\/\/www.radiopiu.net\/wordpress\/wp-content\/uploads\/2024\/10\/629301fd-708d-4f53-95c2-d28cbefd500f-768x635.jpg 768w, https:\/\/www.radiopiu.net\/wordpress\/wp-content\/uploads\/2024\/10\/629301fd-708d-4f53-95c2-d28cbefd500f-1536x1269.jpg 1536w, https:\/\/www.radiopiu.net\/wordpress\/wp-content\/uploads\/2024\/10\/629301fd-708d-4f53-95c2-d28cbefd500f.jpg 1600w\" sizes=\"auto, (max-width: 106px) 100vw, 106px\" \/><\/a><\/strong><\/h1>\n<h1><strong><a class=\"dt-pswp-item\" href=\"https:\/\/www.radiopiu.net\/wordpress\/wp-content\/uploads\/2024\/11\/th-18.jpg\" data-dt-img-description=\"\" data-large_image_width=\"156\" data-large_image_height=\"180\"><img loading=\"lazy\" decoding=\"async\" class=\"size-full wp-image-421611 alignleft\" src=\"https:\/\/www.radiopiu.net\/wordpress\/wp-content\/uploads\/2024\/11\/th-18.jpg\" alt=\"\" width=\"156\" height=\"180\" \/><\/a><\/strong><\/h1>\n<h1><strong>N di parom &#8211; L Almanach de la nosta jent<\/strong><\/h1>\n<\/blockquote>\n<p>&nbsp;<\/p>\n<p>Le voci: Davide Conedera, Agordo, Michela Dell&#8217;Osbel, La Valle Agordina Simone Ganz, Falcade Veronica Lezuo, Colle Santa Lucia. La voce nella sigla \u00e8 di Giorgia Taio<\/p>\n<p><strong>LA PUNTATA DI OGGI, 17 MARZO 2025<\/strong><\/p>\n<audio class=\"wp-audio-shortcode\" id=\"audio-439847-2\" preload=\"none\" style=\"width: 100%;\" controls=\"controls\"><source type=\"audio\/mpeg\" src=\"https:\/\/www.radiopiu.net\/wordpress\/wp-content\/uploads\/2025\/03\/AL1-2.mp3?_=2\" \/><a href=\"https:\/\/www.radiopiu.net\/wordpress\/wp-content\/uploads\/2025\/03\/AL1-2.mp3\">https:\/\/www.radiopiu.net\/wordpress\/wp-content\/uploads\/2025\/03\/AL1-2.mp3<\/a><\/audio>\n<p>&nbsp;<\/p>\n<p>&nbsp;<\/p>\n<\/div>\n<div class=\"x11i5rnm xat24cr x1mh8g0r x1vvkbs xtlvy1s x126k92a\">\n<div dir=\"auto\">\n<hr \/>\n<\/div>\n<\/div>\n<blockquote>\n<blockquote>\n<h1><span style=\"color: #ff0000;\">\u00a0<\/span><\/h1>\n<h1><span style=\"color: #ff0000;\">I podcast informativi del mattino &#8211; audio &#8211;\u00a0\u00a0<\/span><\/h1>\n<\/blockquote>\n<p><strong><a class=\"dt-pswp-item\" href=\"https:\/\/www.radiopiu.net\/wordpress\/wp-content\/uploads\/2024\/11\/6.jpg\" data-dt-img-description=\"\" data-large_image_width=\"177\" data-large_image_height=\"180\"><img loading=\"lazy\" decoding=\"async\" class=\"size-full wp-image-417911 alignleft\" src=\"https:\/\/www.radiopiu.net\/wordpress\/wp-content\/uploads\/2024\/11\/6.jpg\" alt=\"\" width=\"177\" height=\"180\" \/><\/a>LA RASSEGNA STAMPA NAZIONALE ALLA RADIO, OGNI GIORNO ALLE 5 E ALLE 6 DEL MATTINO <span style=\"color: #0000ff;\">viene pubblicata alle 6.00 <span style=\"color: #ff0000;\">DIRETTA RADIO\u00a0 \u00a0\u00a0<\/span><\/span><\/strong><\/p><\/blockquote>\n<p>&nbsp;<\/p>\n<p><strong>NOTIZIE DELLA NOTTE\u00a0 <\/strong><strong>Ucraina,<\/strong> Trump: domani parler\u00f2 con Putin della fine della guerra<br \/>\n<strong>Houthi<\/strong> rivendicano secondo attacco a portaerei Usa in Mar Rosso <strong>Borsa:<\/strong> Hong Kong positiva, apre a +1,16% <strong>Borsa:<\/strong> Tokyo, apertura in rialzo (+1,13%) <strong>Morta a 43 ann<\/strong>i l&#8217;attrice belga Emilie Dequenne<br \/>\n<strong>Trump<\/strong> posta video shock dei &#8216;mostri&#8217; venezuelani deportati <strong>Houthi<\/strong>, &#8216;sale a 53 morti il bilancio dei raid Usa&#8217; <strong>Leader Houthi<\/strong>, &#8216;colpiremo i cargo Usa dopo i raid&#8217;<\/p>\n<h1>AUDIO dalle 6 del mattino<\/h1>\n<audio class=\"wp-audio-shortcode\" id=\"audio-439847-3\" preload=\"none\" style=\"width: 100%;\" controls=\"controls\"><source type=\"audio\/mpeg\" src=\"https:\/\/www.radiopiu.net\/wordpress\/wp-content\/uploads\/2025\/03\/GIORNALEDELLESEI-11.mp3?_=3\" \/><a href=\"https:\/\/www.radiopiu.net\/wordpress\/wp-content\/uploads\/2025\/03\/GIORNALEDELLESEI-11.mp3\">https:\/\/www.radiopiu.net\/wordpress\/wp-content\/uploads\/2025\/03\/GIORNALEDELLESEI-11.mp3<\/a><\/audio>\n<p>&nbsp;<\/p>\n<p>&nbsp;<\/p>\n<hr \/>\n<p>&nbsp;<\/p>\n<h1 style=\"text-align: center;\"><span style=\"color: #ff0000;\"><a class=\"dt-pswp-item\" href=\"https:\/\/www.radiopiu.net\/wordpress\/wp-content\/uploads\/2024\/11\/7.jpg\" data-dt-img-description=\"\" data-large_image_width=\"180\" data-large_image_height=\"180\"><img loading=\"lazy\" decoding=\"async\" class=\"size-full wp-image-417912 alignleft\" src=\"https:\/\/www.radiopiu.net\/wordpress\/wp-content\/uploads\/2024\/11\/7.jpg\" alt=\"\" width=\"180\" height=\"180\" srcset=\"https:\/\/www.radiopiu.net\/wordpress\/wp-content\/uploads\/2024\/11\/7.jpg 180w, https:\/\/www.radiopiu.net\/wordpress\/wp-content\/uploads\/2024\/11\/7-150x150.jpg 150w\" sizes=\"auto, (max-width: 180px) 100vw, 180px\" \/><\/a>I podcast informativi del mattino &#8211; audio &#8211;\u00a0<\/span><\/h1>\n<p><strong>OGNI GIORNO ALLE SETTE DEL MATTINO, LA RASSEGNA STAMPA LOCALE FLASH&#8230; PER CHI VA IN FRETTA. I TITOLI DAI GIORNALI E DAL SITO WWW.RADIOPIU.NET <span style=\"color: #0000ff;\">viene pubblicato alle 7.00<\/span> <span style=\"color: #ff0000;\">DIRETTA RADIO\u00a0<\/span><\/strong><\/p>\n<p><em><span style=\"color: #ff0000;\">per chi va in fretta&#8230; tante notizie in pochi minuti. L&#8217;informazione locale alla radio, ogni ora dalle 7 del mattino alle 19 della sera.\u00a0<\/span><\/em><\/p>\n<p><strong><a class=\"dt-pswp-item\" href=\"https:\/\/www.radiopiu.net\/wordpress\/wp-content\/uploads\/2025\/03\/Watermark_20250316_173645_644.jpg\" data-dt-img-description=\"\" data-large_image_width=\"2364\" data-large_image_height=\"1773\"><img loading=\"lazy\" decoding=\"async\" class=\"wp-image-440006 alignleft\" src=\"https:\/\/www.radiopiu.net\/wordpress\/wp-content\/uploads\/2025\/03\/Watermark_20250316_173645_644-300x225.jpg\" alt=\"\" width=\"177\" height=\"133\" srcset=\"https:\/\/www.radiopiu.net\/wordpress\/wp-content\/uploads\/2025\/03\/Watermark_20250316_173645_644-300x225.jpg 300w, https:\/\/www.radiopiu.net\/wordpress\/wp-content\/uploads\/2025\/03\/Watermark_20250316_173645_644-1024x768.jpg 1024w, https:\/\/www.radiopiu.net\/wordpress\/wp-content\/uploads\/2025\/03\/Watermark_20250316_173645_644-768x576.jpg 768w, https:\/\/www.radiopiu.net\/wordpress\/wp-content\/uploads\/2025\/03\/Watermark_20250316_173645_644-1536x1152.jpg 1536w, https:\/\/www.radiopiu.net\/wordpress\/wp-content\/uploads\/2025\/03\/Watermark_20250316_173645_644-2048x1536.jpg 2048w\" sizes=\"auto, (max-width: 177px) 100vw, 177px\" \/><\/a>VALANGA AL GIAU: ELISA E ABEL NON CE L\u2019HANNO FATTA. L\u2019AMICO IN FIN DI VITA<br \/>\n<\/strong><\/p>\n<p><strong>INCIDENTE STRADALE A BELLUNO. FERITO UN 87ENNE<br \/>\n<\/strong><\/p>\n<h3>VIOLAZIONE DEGLI ARRESTI DOMICILIARI: DUE ARRESTI A BELLUNO<br \/>\nAUTOBUS INTRAPPOLATO NELLA NEVE SUL PASSO FEDAIA<br \/>\nDOPPIO INTERVENTO NELLA NOTTE PER I VIGILI DEL FUOCO<\/h3>\n<h3>COLLUTTAZIONE DURANTE CONTROLLO: DONNA FERISCE DUE CARABINIERI<br \/>\n<strong>PICCHIA LA MADRE, MA VIENE PERDONATA: ANDR\u00c0 IN COMUNIT\u00c0<\/strong><\/h3>\n<h3 data-start=\"0\" data-end=\"79\">&#8220;FELTRE, ATTACCO PREDATORIO: UN LUPO UCCIDE DUE PECORE E FERISCE ALTRI ANIMALI&#8221;<\/h3>\n<h3>COLLE SANTA LUCIA RAPPRESENTATO DA LIVINALLONGO NELLA DMO<br \/>\nCARABINIERI: INCONTRO CON GLI ANZIANI A PEDAVENA. INFORMARSI PER PREVENIRE LE TRUFFE<\/h3>\n<p>&nbsp;<\/p>\n<h1>AUDIO dalle 7 del mattino<\/h1>\n<audio class=\"wp-audio-shortcode\" id=\"audio-439847-4\" preload=\"none\" style=\"width: 100%;\" controls=\"controls\"><source type=\"audio\/mpeg\" src=\"https:\/\/www.radiopiu.net\/wordpress\/wp-content\/uploads\/2025\/03\/GF07-13.mp3?_=4\" \/><a href=\"https:\/\/www.radiopiu.net\/wordpress\/wp-content\/uploads\/2025\/03\/GF07-13.mp3\">https:\/\/www.radiopiu.net\/wordpress\/wp-content\/uploads\/2025\/03\/GF07-13.mp3<\/a><\/audio>\n<p>&nbsp;<\/p>\n<p>&nbsp;<\/p>\n<hr \/>\n<p>&nbsp;<\/p>\n<h1><\/h1>\n<h1 style=\"text-align: center;\"><span style=\"color: #ff0000;\"><a class=\"dt-pswp-item\" href=\"https:\/\/www.radiopiu.net\/wordpress\/wp-content\/uploads\/2024\/11\/th.jpg\" data-dt-img-description=\"\" data-large_image_width=\"148\" data-large_image_height=\"179\"><img loading=\"lazy\" decoding=\"async\" class=\"size-full wp-image-417913 alignleft\" src=\"https:\/\/www.radiopiu.net\/wordpress\/wp-content\/uploads\/2024\/11\/th.jpg\" alt=\"\" width=\"148\" height=\"179\" \/><\/a>I podcast informativi del mattino &#8211; audio &#8211;\u00a0<\/span><\/h1>\n<blockquote><p><strong>GIORNALE RADIO NAZIONALE, EDIZIONE DELLE SETTE <span style=\"color: #0000ff;\">viene pubblicato alle 7.05 <span style=\"color: #ff0000;\">DIRETTA RADIO\u00a0<\/span><\/span><\/strong><\/p><\/blockquote>\n<p><strong>il giornale radionazionale e&#8217; in onda ogni ora, dalle sette del mattino alle venti della sera\u00a0 \u00a0<\/strong><\/p>\n<p><strong><a class=\"dt-pswp-item\" href=\"https:\/\/www.radiopiu.net\/wordpress\/wp-content\/uploads\/2025\/02\/download-7.jpg\" data-dt-img-description=\"\" data-large_image_width=\"211\" data-large_image_height=\"239\"><img loading=\"lazy\" decoding=\"async\" class=\"wp-image-435553 alignleft\" src=\"https:\/\/www.radiopiu.net\/wordpress\/wp-content\/uploads\/2025\/02\/download-7.jpg\" alt=\"\" width=\"115\" height=\"130\" \/><\/a>MILANO<\/strong> Corona verso l&#8217;ammonimento del questore, atti persecutori a Fedez Il rapper: &#8216;ripetute molestie e diffamazione, sono terrorizzato&#8217; <strong>MILANO<\/strong> Violenza e bullismo Risse nella notte in strada, gravi due giovani<br \/>\n<strong>SAN BENEDETTO DEL TRONTO<\/strong> Scontro tra gang, un ragazzo ucciso e altri tre feriti Uno \u00e8 grave. Sindaco San Benedetto del Tronto: &#8216;Pi\u00f9 sicurezza&#8217; <strong>VERONA<\/strong> Detenuto di 69 anni si suicida nel carcere veronese di Montorio Si \u00e8 impiccato con un laccio rudimentale <strong>TERNI<\/strong> Non ce l&#8217;ha fatta l&#8217;operaio ustionato, \u00e8 morto dopo sei giorni Era dipendente della Tapoj\u00e4rvi, l&#8217;incidente nell&#8217;area Ast di Terni <strong>TRENTO<\/strong> Un&#8217;altra valanga in Trentino, salvi due alpinisti Travolti sul Monte Fravort, pericolo valanghe marcato<br \/>\n<strong>MILANO<\/strong> La cocaina nascosta in una spazzola adesiva, arrestato La polizia sequestra un centinaio di grammi di droga e contanti <strong>\u00a0FIRENZE<\/strong> In Toscana altro maltempo, &#8216;stato d&#8217;emergenza in stand by&#8217; Ancora persone isolate, si contano danni. Sopralluogo di Ciciliano<\/p>\n<p>&nbsp;<\/p>\n<p><strong><a class=\"dt-pswp-item\" href=\"https:\/\/www.radiopiu.net\/wordpress\/wp-content\/uploads\/2025\/02\/download-3.jpg\" data-dt-img-description=\"\" data-large_image_width=\"223\" data-large_image_height=\"226\"><img loading=\"lazy\" decoding=\"async\" class=\"size-full wp-image-434732 alignleft\" src=\"https:\/\/www.radiopiu.net\/wordpress\/wp-content\/uploads\/2025\/02\/download-3.jpg\" alt=\"\" width=\"223\" height=\"226\" \/><\/a>PASSO GIAU<\/strong>\u00a0Valanga travolge tre sciator, due sono morti.\u00a0 Distacchi anche in Piemonte,Trentino,Valle d&#8217;Aosta.C&#8217;era allerta<br \/>\n<strong>METEO<\/strong> \u00a0in miglioramento in Veneto Attenzione per criticit\u00e0 idraulica in alcuni bacini<br \/>\n<strong>VENEZIA<\/strong> Nave Amerigo Vespucci a Venezia, si prepara festa sull&#8217;acqua Sindaco invita associazioni sportive ad accogliere vascello<br \/>\n<strong>VENEZIA<\/strong> Dal World Health Forum Veneto 2025 un decalogo per la sanit\u00e0 Zaia, &#8216;confermata l&#8217;importanza di avere una visione integrata&#8217;<br \/>\n<strong>VERONA<\/strong> Svent\u00f2 femminicidio, Comuni chiedono onorificenza a Mattarella Giovane era intervenuto durante un accoltellamento a dicembre<br \/>\n<strong>FELTRE<\/strong> Ipovedente da 4 anni, scia e vuole andare alle Paralimpiadi Presidente Provincia Belluno, aiutiamolo a realizzare suo sogno<br \/>\n<strong>VENEZIA<\/strong> Brugnaro, &#8216;indagini scadute e accuse inattendibili&#8217; E spunta una lista dei giornalisti &#8216;nemici&#8217;<br \/>\n<strong>PADOVA<\/strong> Riceve pacco con droga e chiama il 112, arrestati i destinatariSequestrati 9 chili di marijuana, un etto e mezzo di hashish<\/p>\n<div class=\"summary\"><strong>CALCIO\u00a0<\/strong> Verona corsaro a Udine, salvezza pi\u00f9 vicina Duda segna su punizione, friulani irriconoscibili senza Thauvin<\/div>\n<p>&nbsp;<\/p>\n<h1><span style=\"color: #ff0000;\"><span style=\"color: #0000ff;\">ULTIM&#8217;ORA<\/span> <span style=\"color: #000000;\">AUDIO dalle sette del mattino, ogni ora alla radio EDIZIONE DELLE dieci<\/span><\/span><\/h1>\n<audio class=\"wp-audio-shortcode\" id=\"audio-439847-5\" preload=\"none\" style=\"width: 100%;\" controls=\"controls\"><source type=\"audio\/mpeg\" src=\"https:\/\/www.radiopiu.net\/wordpress\/wp-content\/uploads\/2025\/03\/giornale07-17.mp3?_=5\" \/><a href=\"https:\/\/www.radiopiu.net\/wordpress\/wp-content\/uploads\/2025\/03\/giornale07-17.mp3\">https:\/\/www.radiopiu.net\/wordpress\/wp-content\/uploads\/2025\/03\/giornale07-17.mp3<\/a><\/audio>\n<p>&nbsp;<\/p>\n<p>&nbsp;<\/p>\n<hr \/>\n<p>&nbsp;<\/p>\n<p>&nbsp;<\/p>\n<h1><span style=\"color: #ff0000;\"><a class=\"dt-pswp-item\" href=\"https:\/\/www.radiopiu.net\/wordpress\/wp-content\/uploads\/2024\/11\/8.jpg\" data-dt-img-description=\"\" data-large_image_width=\"180\" data-large_image_height=\"180\"><img loading=\"lazy\" decoding=\"async\" class=\"size-full wp-image-417910 alignleft\" src=\"https:\/\/www.radiopiu.net\/wordpress\/wp-content\/uploads\/2024\/11\/8.jpg\" alt=\"\" width=\"180\" height=\"180\" srcset=\"https:\/\/www.radiopiu.net\/wordpress\/wp-content\/uploads\/2024\/11\/8.jpg 180w, https:\/\/www.radiopiu.net\/wordpress\/wp-content\/uploads\/2024\/11\/8-150x150.jpg 150w\" sizes=\"auto, (max-width: 180px) 100vw, 180px\" \/><\/a>I podcast informativi del mattino &#8211; video &#8211;\u00a0<\/span><\/h1>\n<h2 style=\"text-align: left;\"><strong>RASSEGNA STAMPA LOCALE, ORE OTTO<\/strong><\/h2>\n<h2><strong> <span style=\"color: #0000ff;\">viene\u00a0 <\/span><\/strong><strong><span style=\"color: #0000ff;\">pubblicata alle 8.05 <span style=\"color: #ff0000;\">DIRETTA RADIO\u00a0 \u00a0<\/span><\/span><\/strong><strong>DI MIRKO MEZZACASA<\/strong><\/h2>\n<p data-start=\"0\" data-end=\"74\"><a class=\"dt-pswp-item\" href=\"https:\/\/www.radiopiu.net\/wordpress\/wp-content\/uploads\/2025\/03\/Senza-nome-50.png\" data-dt-img-description=\"\" data-large_image_width=\"445\" data-large_image_height=\"275\"><img loading=\"lazy\" decoding=\"async\" class=\"size-medium wp-image-440068 alignleft\" src=\"https:\/\/www.radiopiu.net\/wordpress\/wp-content\/uploads\/2025\/03\/Senza-nome-50-300x185.png\" alt=\"\" width=\"300\" height=\"185\" srcset=\"https:\/\/www.radiopiu.net\/wordpress\/wp-content\/uploads\/2025\/03\/Senza-nome-50-300x185.png 300w, https:\/\/www.radiopiu.net\/wordpress\/wp-content\/uploads\/2025\/03\/Senza-nome-50.png 445w\" sizes=\"auto, (max-width: 300px) 100vw, 300px\" \/><\/a><\/p>\n<p>AGRIMONT 2025: AUMENTANO I VISITATORI<\/p>\n<p>LA MONTAGNA AI RAGGI X NEL LIBRO PRESENTATO AD AGRIMONT<\/p>\n<p>IPOVEDENTE DA QUATTRO ANNI: SCI ED HA IL SOGNO DI ANDARE ALLE PARALIMPIADI<br \/>\n&#8220;IL VENTO TRA I CAPELLI&#8221;: SUCCESSO PER LA PEDONATA IN ROSA A BELLUNO<\/p>\n<p>ALLE SCUOLE MEDIE DI SOSPIROLO ARRIVA LA DADA<\/p>\n<p>LE NOTE DELLA FILARMONICA DI LENTIAI ALLA SCUOLA SECONDARIA DI LENTIAI<\/p>\n<h3>CONTROLLI SU PMI: POTENZIALMENTE QUASI 130 ALL\u2019ANNO DA 22 ENTI DIVERSI<\/h3>\n<h1><span style=\"color: #ff0000;\"><strong>VIDEO\u00a0 \u00a0in diretta AGGIORNAMENTO\u00a0 dalle 8 del mattino\u00a0<\/strong><\/span><\/h1>\n<h2><\/h2>\n<p><iframe loading=\"lazy\" title=\"DAL 1983 LA RASSEGNA STAMPA LOCALE di mirko mezzacasa. L&#039;ORIGINALE\" width=\"1200\" height=\"675\" src=\"https:\/\/www.youtube.com\/embed\/3bpzA58NaVA?feature=oembed\" frameborder=\"0\" allow=\"accelerometer; autoplay; clipboard-write; encrypted-media; gyroscope; picture-in-picture; web-share\" referrerpolicy=\"strict-origin-when-cross-origin\" allowfullscreen><\/iframe><\/p>\n<hr \/>\n<p>&nbsp;<\/p>\n<p>&nbsp;<\/p>\n<p>&nbsp;<\/p>\n<p><strong><a class=\"dt-pswp-item\" href=\"https:\/\/www.radiopiu.net\/wordpress\/wp-content\/uploads\/2023\/12\/ANTENNA.png\" data-dt-img-description=\"\" data-large_image_width=\"300\" data-large_image_height=\"166\"><img loading=\"lazy\" decoding=\"async\" class=\"wp-image-366306 alignright\" src=\"https:\/\/www.radiopiu.net\/wordpress\/wp-content\/uploads\/2023\/12\/ANTENNA.png\" alt=\"\" width=\"101\" height=\"56\" \/><\/a><a class=\"dt-pswp-item\" href=\"https:\/\/www.radiopiu.net\/wordpress\/wp-content\/uploads\/2024\/11\/th-17.jpg\" data-dt-img-description=\"\" data-large_image_width=\"224\" data-large_image_height=\"180\"><img loading=\"lazy\" decoding=\"async\" class=\" wp-image-421610 alignleft\" src=\"https:\/\/www.radiopiu.net\/wordpress\/wp-content\/uploads\/2024\/11\/th-17.jpg\" alt=\"\" width=\"167\" height=\"134\" \/><\/a>ogni sera alle 19 le anticipazioni alla radio, quello che poi seguirete nel TELEGIORNALE BELLUNESE\u00a0 in onda alle 19.30 sul CANALE 10 del digitale terrestre.\u00a0\u00a0<\/strong><\/p>\n<p><b>\u00a0\u00a0<\/b><\/p>\n<h1><\/h1>\n<p>&nbsp;<\/p>\n<p>&nbsp;<\/p>\n<hr \/>\n<p>&nbsp;<\/p>\n<blockquote>\n<h3>MERCOLEDI&#8217; CHIUSURA DELLA SP 2 DELLA VALLE DEL MIS<\/h3>\n<\/blockquote>\n<p><strong>SEDICO<\/strong> Veneto Strade comunica che la SP 2 della Valle Del Mis, in localit\u00e0 Pascoli in comune di Sospirolo, sar\u00e0 interdetta al traffico nella giornata del 19 marzo dalle 7 alle 19: La chiusura \u00e8 necessaria per lavori di manutenzione straordinaria della paratoia di scarico.<\/p>\n<p>&nbsp;<\/p>\n<p>&nbsp;<\/p>\n<hr \/>\n<p>&nbsp;<\/p>\n<blockquote>\n<h3 class=\"photoswipe-wrapper\"><a class=\"dt-pswp-item pspw-wrap-ready\" href=\"https:\/\/www.radiopiu.net\/wordpress\/wp-content\/uploads\/2024\/12\/Logo_SibPAYOFF.jpg\" data-dt-img-description=\"\" data-large_image_width=\"1536\" data-large_image_height=\"391\"><img loading=\"lazy\" decoding=\"async\" class=\"wp-image-426474 alignleft\" src=\"https:\/\/www.radiopiu.net\/wordpress\/wp-content\/uploads\/2024\/12\/Logo_SibPAYOFF-300x76.jpg\" sizes=\"auto, (max-width: 162px) 100vw, 162px\" srcset=\"https:\/\/www.radiopiu.net\/wordpress\/wp-content\/uploads\/2024\/12\/Logo_SibPAYOFF-300x76.jpg 300w, https:\/\/www.radiopiu.net\/wordpress\/wp-content\/uploads\/2024\/12\/Logo_SibPAYOFF-1024x261.jpg 1024w, https:\/\/www.radiopiu.net\/wordpress\/wp-content\/uploads\/2024\/12\/Logo_SibPAYOFF-768x196.jpg 768w, https:\/\/www.radiopiu.net\/wordpress\/wp-content\/uploads\/2024\/12\/Logo_SibPAYOFF.jpg 1536w\" alt=\"\" width=\"162\" height=\"41\" \/><\/a>ACQUA NON POTABILE<\/h3>\n<\/blockquote>\n<p><strong>GOSALDO<\/strong>\u00a0Nelle localit\u00e0 Curti, Incasal e Le Case l\u2019acqua erogata dall\u2019acquedotto non \u00e8 potabile e non pu\u00f2 essere usata per scopi alimentari. Verr\u00e0 effettuato servizio sostitutivo con cisterna in localit\u00e0 Curti.<\/p>\n<blockquote>\n<h2>Lavori alla rete idrica: sospensione dell\u2019acqua ad Agordo il 17 E 18 marzo<\/h2>\n<\/blockquote>\n<p><strong>AGORDO<\/strong><\/p>\n<p data-pm-slice=\"1 1 []\">Servizi Integrati Bellunesi informa che, a causa di lavori di manutenzione alla rete idrica comunale, oggi verr\u00e0 sospesa \u2019erogazione dell\u2019acqua\u00a0 dalle 8 alle 17 in\u00a0 localit\u00e0 Grave e le vie Tissi, Paganin e Lungo Rova. Domani\u00a0dalle 8 alle 17 verr\u00e0 sospesa l\u2019erogazione dell\u2019acqua\u00a0 nelle vie 4 NOVEMBRE, COSTA, INSURREZIONE, PARECH e v.lo 4 NOVEMBRE.<\/p>\n<p>&nbsp;<\/p>\n<hr \/>\n<p>&nbsp;<\/p>\n<blockquote>\n<h2 data-start=\"0\" data-end=\"58\"><strong data-start=\"0\" data-end=\"56\"><a class=\"dt-pswp-item\" href=\"https:\/\/www.radiopiu.net\/wordpress\/wp-content\/uploads\/2021\/11\/AUTOBUS.png\" data-dt-img-description=\"\" data-large_image_width=\"1280\" data-large_image_height=\"853\"><img loading=\"lazy\" decoding=\"async\" class=\"wp-image-242460 alignleft\" src=\"https:\/\/www.radiopiu.net\/wordpress\/wp-content\/uploads\/2021\/11\/AUTOBUS-300x200.png\" alt=\"\" width=\"200\" height=\"133\" srcset=\"https:\/\/www.radiopiu.net\/wordpress\/wp-content\/uploads\/2021\/11\/AUTOBUS-300x200.png 300w, https:\/\/www.radiopiu.net\/wordpress\/wp-content\/uploads\/2021\/11\/AUTOBUS-1024x682.png 1024w, https:\/\/www.radiopiu.net\/wordpress\/wp-content\/uploads\/2021\/11\/AUTOBUS-768x512.png 768w, https:\/\/www.radiopiu.net\/wordpress\/wp-content\/uploads\/2021\/11\/AUTOBUS.png 1280w\" sizes=\"auto, (max-width: 200px) 100vw, 200px\" \/><\/a>Sciopero trasporto pubblico<\/strong><\/h2>\n<\/blockquote>\n<p data-start=\"60\" data-end=\"319\" data-is-last-node=\"\" data-is-only-node=\"\">Venerd\u00ec 21 marzo 2025 \u00e8 previsto uno sciopero nazionale di 24 ore nel settore del trasporto pubblico locale. L&#8217;azienda bellunese del trasporto pubblico locale, garantir\u00e0 il servizio nelle fasce orarie 5:40-8:10 e 12:10-15:40. Le corse iniziate prima dello sciopero proseguiranno fino al capolinea.<\/p>\n<p>&nbsp;<\/p>\n<p>&nbsp;<\/p>\n<hr \/>\n<p>&nbsp;<\/p>\n<blockquote>\n<div class=\"page-title-head hgroup\">\n<h1 class=\"entry-title\"><a class=\"dt-pswp-item\" href=\"https:\/\/www.radiopiu.net\/wordpress\/wp-content\/uploads\/2025\/03\/AA-1.png\" data-dt-img-description=\"\" data-large_image_width=\"312\" data-large_image_height=\"336\"><img loading=\"lazy\" decoding=\"async\" class=\" wp-image-440103 alignleft\" src=\"https:\/\/www.radiopiu.net\/wordpress\/wp-content\/uploads\/2025\/03\/AA-1-279x300.png\" alt=\"\" width=\"170\" height=\"183\" srcset=\"https:\/\/www.radiopiu.net\/wordpress\/wp-content\/uploads\/2025\/03\/AA-1-279x300.png 279w, https:\/\/www.radiopiu.net\/wordpress\/wp-content\/uploads\/2025\/03\/AA-1.png 312w\" sizes=\"auto, (max-width: 170px) 100vw, 170px\" \/><\/a>VALANGA AL GIAU: ELISA E ABEL NON CE L\u2019HANNO FATTA.<\/h1>\n<\/div>\n<h3 data-start=\"0\" data-end=\"56\"><\/h3>\n<p data-start=\"58\" data-end=\"608\" data-is-last-node=\"\" data-is-only-node=\"\">Una valanga a Forcella Giau ha travolto tre scialpinisti. <strong>Elisa De Nardi, 39 anni, e Abel Ayala Anchundi<\/strong>\u00a0 originario dell&#8217;Ecuador, residente a Vittorio Veneto di 38 anni sono morti in ospedale.<\/p>\n<p data-start=\"58\" data-end=\"608\" data-is-last-node=\"\" data-is-only-node=\"\">Il fratello di Elisa, <strong>Andrea, 51 anni,<\/strong> \u00e8 ferito ma fuori pericolo. \u00a0I tre, estratti da una massa di tre metri di neve, sono stati soccorsi dal Suem 118 e dal Soccorso Alpino. Nonostante gli avvisi di rischio marcato, il gruppo si era avventurato in zona. L\u2019inchiesta valuter\u00e0 eventuali responsabilit\u00e0. Il drammatico evento sottolinea ancora una volta l\u2019importanza della prudenza in montagna.<\/p>\n<\/blockquote>\n<p>&nbsp;<\/p>\n<p><strong>Il bollettino delle valanghe dava pericolo 3 marcato.<\/strong><\/p>\n<p><strong class=\"photoswipe-wrapper\"><a class=\"dt-pswp-item pspw-wrap-ready\" href=\"https:\/\/www.radiopiu.net\/wordpress\/wp-content\/uploads\/2025\/03\/8c21a839-6fa2-4ac8-8eb6-9e75db015c34.jpg\" data-dt-img-description=\"\" data-large_image_width=\"1200\" data-large_image_height=\"1600\"><img loading=\"lazy\" decoding=\"async\" class=\" wp-image-439992 alignleft\" src=\"https:\/\/www.radiopiu.net\/wordpress\/wp-content\/uploads\/2025\/03\/8c21a839-6fa2-4ac8-8eb6-9e75db015c34-225x300.jpg\" sizes=\"auto, (max-width: 186px) 100vw, 186px\" srcset=\"https:\/\/www.radiopiu.net\/wordpress\/wp-content\/uploads\/2025\/03\/8c21a839-6fa2-4ac8-8eb6-9e75db015c34-225x300.jpg 225w, https:\/\/www.radiopiu.net\/wordpress\/wp-content\/uploads\/2025\/03\/8c21a839-6fa2-4ac8-8eb6-9e75db015c34-768x1024.jpg 768w, https:\/\/www.radiopiu.net\/wordpress\/wp-content\/uploads\/2025\/03\/8c21a839-6fa2-4ac8-8eb6-9e75db015c34-1152x1536.jpg 1152w, https:\/\/www.radiopiu.net\/wordpress\/wp-content\/uploads\/2025\/03\/8c21a839-6fa2-4ac8-8eb6-9e75db015c34.jpg 1200w\" alt=\"\" width=\"186\" height=\"248\" \/><\/a>CORTINA <\/strong>\u00a0A dare l\u2019allarme attorno alle 13 <strong>un quarto sciatore<\/strong> rimasto estraneo al distacco. La valanga, pi\u00f9 distacchi sull\u2019intero versante, ha sepolto Andrea De Nardi 51enne di Conegliano (TV), che \u00e8 stato subito individuato e riportato in superficie dal compagno,\u00a0 trascinati pi\u00f9 a valle gli altri due l\u2019americano ed Elisa De Nardi. Sul posto, approfittando di un varco \u00e8 riuscito ad arrivare l\u2019elicottero del Suem di Pieve di Cadore che ha sbarcato equipe medica, tecnico di elisoccorso ed unit\u00e0 cinofila, mentre l\u2019eliambulanza di Treviso provava ad avvicinarsi. Inutili i tentativi da parte dell\u2019elicottero di Bolzano. Parte delle squadre del Soccorso alpino di San Vito di Cadore, Cortina, Alleghe \u2013 Val Fiorentina, Livinallongo e della Guardia di finanza sono salite con gli sci, parte elitrasportate, cos\u00ec come una seconda unit\u00e0 cinofila, una quarantina di soccorritori in tutto. Il secondo sciatore, il 38enne\u00a0 \u00e8 stato individuato con l\u2019Artva e tramite i sondaggi sotto due metri di neve. Riportato in superficie, il personale medico ha subito iniziato le manovre di rianimazione. Imbarcato poi da Falco e stato trasportato a Mestre. Pi\u00f9 difficile l\u2019individuazione di Elisa De Nardi, poich\u00e9 i segnali Artva indicavano un punto, ma le sonde non riuscivano a raggiungerla in quanto si trovava a oltre tre metri di profondit\u00e0. Quando anche il cane di un\u2019unit\u00e0 cinofila ha iniziato a scavare, i soccorritori si sono concentrati in quel luogo e hanno iniziato ad abbassare il livello della massa nevosa, finch\u00e9 il sondaggio ha rivelato finalmente l\u2019esatta posizione della donna. Estratta dalla neve in gravissime condizioni,\u00a0 \u00e8 stata trasportata da Leone all\u2019ospedale di Treviso. Il primo scialpinista \u00e8 ricoverato a Pieve di Cadore per possibile ipotermia e per un trauma alla caviglia.<\/p>\n<p><strong>\u00a0<\/strong><\/p>\n<p><strong>LE FOTO<\/strong><\/p>\n\n\t\t\t<style type='text\/css'>\n\t\t\t\t#gallery-1 {\n\t\t\t\t\tmargin: auto;\n\t\t\t\t}\n\t\t\t\t#gallery-1 .gallery-item {\n\t\t\t\t\tfloat: left;\n\t\t\t\t\tmargin-top: 10px;\n\t\t\t\t\ttext-align: center;\n\t\t\t\t\twidth: 20%;\n\t\t\t\t}\n\t\t\t\t#gallery-1 img {\n\t\t\t\t\tborder: 2px solid #cfcfcf;\n\t\t\t\t}\n\t\t\t\t#gallery-1 .gallery-caption {\n\t\t\t\t\tmargin-left: 0;\n\t\t\t\t}\n\t\t\t\t\/* see gallery_shortcode() in wp-includes\/media.php *\/\n\t\t\t<\/style>\n\t\t<div id='gallery-1' class='dt-gallery-container gallery galleryid-439847 gallery-columns-5 gallery-size-thumbnail'><dl class='gallery-item'>\n\t\t\t\t<dt class='gallery-icon portrait'>\n\t\t\t\t\t<a class=\"rollover rollover-zoom dt-pswp-item\" title=\"Watermark_20250316_173619_392\" data-dt-img-description=\"\" data-large_image_width=\"1773\" data-large_image_height=\"2364\"href='https:\/\/www.radiopiu.net\/wordpress\/wp-content\/uploads\/2025\/03\/Watermark_20250316_173619_392.jpg'><img loading=\"lazy\" decoding=\"async\" width=\"150\" height=\"150\" src=\"https:\/\/www.radiopiu.net\/wordpress\/wp-content\/uploads\/2025\/03\/Watermark_20250316_173619_392-150x150.jpg\" class=\"attachment-thumbnail size-thumbnail\" alt=\"\" \/><\/a>\n\t\t\t\t<\/dt><\/dl><dl class='gallery-item'>\n\t\t\t\t<dt class='gallery-icon landscape'>\n\t\t\t\t\t<a class=\"rollover rollover-zoom dt-pswp-item\" title=\"Watermark_20250316_173638_894\" data-dt-img-description=\"\" data-large_image_width=\"2364\" data-large_image_height=\"1773\"href='https:\/\/www.radiopiu.net\/wordpress\/wp-content\/uploads\/2025\/03\/Watermark_20250316_173638_894.jpg'><img loading=\"lazy\" decoding=\"async\" width=\"150\" height=\"150\" src=\"https:\/\/www.radiopiu.net\/wordpress\/wp-content\/uploads\/2025\/03\/Watermark_20250316_173638_894-150x150.jpg\" class=\"attachment-thumbnail size-thumbnail\" alt=\"\" \/><\/a>\n\t\t\t\t<\/dt><\/dl><dl class='gallery-item'>\n\t\t\t\t<dt class='gallery-icon landscape'>\n\t\t\t\t\t<a class=\"rollover rollover-zoom dt-pswp-item\" title=\"Watermark_20250316_173645_644\" data-dt-img-description=\"\" data-large_image_width=\"2364\" data-large_image_height=\"1773\"href='https:\/\/www.radiopiu.net\/wordpress\/wp-content\/uploads\/2025\/03\/Watermark_20250316_173645_644.jpg'><img loading=\"lazy\" decoding=\"async\" width=\"150\" height=\"150\" src=\"https:\/\/www.radiopiu.net\/wordpress\/wp-content\/uploads\/2025\/03\/Watermark_20250316_173645_644-150x150.jpg\" class=\"attachment-thumbnail size-thumbnail\" alt=\"\" \/><\/a>\n\t\t\t\t<\/dt><\/dl><dl class='gallery-item'>\n\t\t\t\t<dt class='gallery-icon portrait'>\n\t\t\t\t\t<a class=\"rollover rollover-zoom dt-pswp-item\" title=\"Watermark_20250316_173720_370\" data-dt-img-description=\"\" data-large_image_width=\"1773\" data-large_image_height=\"2364\"href='https:\/\/www.radiopiu.net\/wordpress\/wp-content\/uploads\/2025\/03\/Watermark_20250316_173720_370.jpg'><img loading=\"lazy\" decoding=\"async\" width=\"150\" height=\"150\" src=\"https:\/\/www.radiopiu.net\/wordpress\/wp-content\/uploads\/2025\/03\/Watermark_20250316_173720_370-150x150.jpg\" class=\"attachment-thumbnail size-thumbnail\" alt=\"\" \/><\/a>\n\t\t\t\t<\/dt><\/dl><dl class='gallery-item'>\n\t\t\t\t<dt class='gallery-icon portrait'>\n\t\t\t\t\t<a class=\"rollover rollover-zoom dt-pswp-item\" title=\"Watermark_20250316_173736_487\" data-dt-img-description=\"\" data-large_image_width=\"1773\" data-large_image_height=\"2364\"href='https:\/\/www.radiopiu.net\/wordpress\/wp-content\/uploads\/2025\/03\/Watermark_20250316_173736_487.jpg'><img loading=\"lazy\" decoding=\"async\" width=\"150\" height=\"150\" src=\"https:\/\/www.radiopiu.net\/wordpress\/wp-content\/uploads\/2025\/03\/Watermark_20250316_173736_487-150x150.jpg\" class=\"attachment-thumbnail size-thumbnail\" alt=\"\" \/><\/a>\n\t\t\t\t<\/dt><\/dl><br style=\"clear: both\" \/>\n\t\t\t<\/div>\n\n<p>&nbsp;<\/p>\n<p><strong>IL VIDEO<\/strong><\/p>\n<div style=\"width: 1200px;\" class=\"wp-video\"><video class=\"wp-video-shortcode\" id=\"video-439847-1\" width=\"1200\" height=\"675\" preload=\"metadata\" controls=\"controls\"><source type=\"video\/mp4\" src=\"https:\/\/www.radiopiu.net\/wordpress\/wp-content\/uploads\/2025\/03\/WhatsApp-Video-2025-03-16-at-15.28.08.mp4?_=1\" \/><a href=\"https:\/\/www.radiopiu.net\/wordpress\/wp-content\/uploads\/2025\/03\/WhatsApp-Video-2025-03-16-at-15.28.08.mp4\">https:\/\/www.radiopiu.net\/wordpress\/wp-content\/uploads\/2025\/03\/WhatsApp-Video-2025-03-16-at-15.28.08.mp4<\/a><\/video><\/div>\n<p>&nbsp;<\/p>\n<p>&nbsp;<\/p>\n<hr \/>\n<p>&nbsp;<\/p>\n<blockquote>\n<h2>ENNESIMO FUORISTRADA, QUESTA VOLTA SENZA RUOTE ALL&#8217;ARIA<\/h2>\n<\/blockquote>\n<p>&nbsp;<\/p>\n<p><strong>TAIBON<\/strong> Ennesimo incidente in localit\u00e0 Listolade, poco oltre la galleria Listolade-Cencenighe, ieri sera attorno alle 22 un&#8217;auto in uscita dalla galleria, evidentemente a velocit\u00e0 sostenuta,\u00a0 ha sbandato\u00a0 sulla destra salendo sulla collinetta per poi tornare in strada e schiantarsi\u00a0 sul marciapiede all&#8217;altezza del semaforo<\/p>\n<p>Questa volta \u00e8 andata bene, perch\u00e9 l&#8217;auto non si \u00e8 capottata o incendiata come in casi precedenti e anche perch\u00e9 nessuno altro mezzo o pedone era sulla scia dell&#8217;automobilista.\u00a0 Era stato detto e scritto che mancava l&#8217;illuminazione, ma non era questa la causa, infatti negli anni l&#8217;illuminazione \u00e8 stata potenziata anche sulla curva, evidentemente non \u00e8 sufficiente per far capire agli automobilisti il pericolo imminente, serve una segnalazione migliore della curva.<\/p>\n<p><a class=\"dt-pswp-item\" href=\"https:\/\/www.radiopiu.net\/wordpress\/wp-content\/uploads\/2025\/03\/66a6328c-61c9-41d0-a07f-c8fe4343525f.jpg\" data-dt-img-description=\"\" data-large_image_width=\"1600\" data-large_image_height=\"1200\"><img loading=\"lazy\" decoding=\"async\" class=\"alignnone size-medium wp-image-440145\" src=\"https:\/\/www.radiopiu.net\/wordpress\/wp-content\/uploads\/2025\/03\/66a6328c-61c9-41d0-a07f-c8fe4343525f-300x225.jpg\" alt=\"\" width=\"300\" height=\"225\" srcset=\"https:\/\/www.radiopiu.net\/wordpress\/wp-content\/uploads\/2025\/03\/66a6328c-61c9-41d0-a07f-c8fe4343525f-300x225.jpg 300w, https:\/\/www.radiopiu.net\/wordpress\/wp-content\/uploads\/2025\/03\/66a6328c-61c9-41d0-a07f-c8fe4343525f-1024x768.jpg 1024w, https:\/\/www.radiopiu.net\/wordpress\/wp-content\/uploads\/2025\/03\/66a6328c-61c9-41d0-a07f-c8fe4343525f-768x576.jpg 768w, https:\/\/www.radiopiu.net\/wordpress\/wp-content\/uploads\/2025\/03\/66a6328c-61c9-41d0-a07f-c8fe4343525f-1536x1152.jpg 1536w, https:\/\/www.radiopiu.net\/wordpress\/wp-content\/uploads\/2025\/03\/66a6328c-61c9-41d0-a07f-c8fe4343525f.jpg 1600w\" sizes=\"auto, (max-width: 300px) 100vw, 300px\" \/><\/a><a class=\"dt-pswp-item\" href=\"https:\/\/www.radiopiu.net\/wordpress\/wp-content\/uploads\/2025\/03\/907265bf-320d-48eb-8e36-3998eebb0111.jpg\" data-dt-img-description=\"\" data-large_image_width=\"1600\" data-large_image_height=\"1200\"><img loading=\"lazy\" decoding=\"async\" class=\"alignnone size-medium wp-image-440146\" src=\"https:\/\/www.radiopiu.net\/wordpress\/wp-content\/uploads\/2025\/03\/907265bf-320d-48eb-8e36-3998eebb0111-300x225.jpg\" alt=\"\" width=\"300\" height=\"225\" srcset=\"https:\/\/www.radiopiu.net\/wordpress\/wp-content\/uploads\/2025\/03\/907265bf-320d-48eb-8e36-3998eebb0111-300x225.jpg 300w, https:\/\/www.radiopiu.net\/wordpress\/wp-content\/uploads\/2025\/03\/907265bf-320d-48eb-8e36-3998eebb0111-1024x768.jpg 1024w, https:\/\/www.radiopiu.net\/wordpress\/wp-content\/uploads\/2025\/03\/907265bf-320d-48eb-8e36-3998eebb0111-768x576.jpg 768w, https:\/\/www.radiopiu.net\/wordpress\/wp-content\/uploads\/2025\/03\/907265bf-320d-48eb-8e36-3998eebb0111-1536x1152.jpg 1536w, https:\/\/www.radiopiu.net\/wordpress\/wp-content\/uploads\/2025\/03\/907265bf-320d-48eb-8e36-3998eebb0111.jpg 1600w\" sizes=\"auto, (max-width: 300px) 100vw, 300px\" \/><\/a><\/p>\n<p>&nbsp;<\/p>\n<p>&nbsp;<\/p>\n<hr \/>\n<p>&nbsp;<\/p>\n<blockquote>\n<h3>INCIDENTE STRADALE A BELLUNO. FERITO UN 87ENNE<\/h3>\n<\/blockquote>\n<p><strong><a class=\"dt-pswp-item\" href=\"https:\/\/www.radiopiu.net\/wordpress\/wp-content\/uploads\/2024\/04\/polizia.jpg\" data-dt-img-description=\"\" data-large_image_width=\"480\" data-large_image_height=\"270\"><img loading=\"lazy\" decoding=\"async\" class=\"wp-image-387908 alignleft\" src=\"https:\/\/www.radiopiu.net\/wordpress\/wp-content\/uploads\/2024\/04\/polizia-300x169.jpg\" alt=\"\" width=\"218\" height=\"123\" srcset=\"https:\/\/www.radiopiu.net\/wordpress\/wp-content\/uploads\/2024\/04\/polizia-300x169.jpg 300w, https:\/\/www.radiopiu.net\/wordpress\/wp-content\/uploads\/2024\/04\/polizia.jpg 480w\" sizes=\"auto, (max-width: 218px) 100vw, 218px\" \/><\/a>BELLUNO<\/strong><\/p>\n<div class=\"flex max-w-full flex-col flex-grow\">\n<div class=\"min-h-8 text-message relative flex w-full flex-col items-end gap-2 whitespace-normal break-words text-start [.text-message+&amp;]:mt-5\" dir=\"auto\" data-message-author-role=\"assistant\" data-message-id=\"9f85b024-3c78-41f0-84db-7d9b3eea370b\" data-message-model-slug=\"gpt-4o\">\n<div class=\"flex w-full flex-col gap-1 empty:hidden first:pt-[3px]\">\n<div class=\"markdown prose w-full break-words dark:prose-invert dark\">\n<p data-start=\"73\" data-end=\"569\" data-is-last-node=\"\" data-is-only-node=\"\">Un 87enne alla guida di una Renault Captur \u00e8 uscito di strada in via Sargnano, finendo in un giardino privato dopo aver sfondato una recinzione. Fortunatamente, nell&#8217;area non era presente nessuno. L&#8217;uomo \u00e8 stato trasportato al Pronto soccorso per accertamenti, ma le sue condizioni non destano preoccupazione. Sul posto polizia e vigili del fuoco per i rilievi e la rimozione del veicolo. I dispositivi di sicurezza dell&#8217;auto hanno funzionato correttamente, limitando le conseguenze dell&#8217;impatto.<\/p>\n<\/div>\n<\/div>\n<\/div>\n<\/div>\n<p>&nbsp;<\/p>\n<p>&nbsp;<\/p>\n<hr \/>\n<p>&nbsp;<\/p>\n<blockquote>\n<h3>VIOLAZIONE DEGLI ARRESTI DOMICILIARI: DUE ARRESTI A BELLUNO<\/h3>\n<\/blockquote>\n<p><strong><a class=\"dt-pswp-item\" href=\"https:\/\/www.radiopiu.net\/wordpress\/wp-content\/uploads\/2025\/03\/CARABINIERI.jpg\" data-dt-img-description=\"\" data-large_image_width=\"1600\" data-large_image_height=\"1200\"><img loading=\"lazy\" decoding=\"async\" class=\" wp-image-439890 alignleft\" src=\"https:\/\/www.radiopiu.net\/wordpress\/wp-content\/uploads\/2025\/03\/CARABINIERI-300x225.jpg\" alt=\"\" width=\"185\" height=\"139\" srcset=\"https:\/\/www.radiopiu.net\/wordpress\/wp-content\/uploads\/2025\/03\/CARABINIERI-300x225.jpg 300w, https:\/\/www.radiopiu.net\/wordpress\/wp-content\/uploads\/2025\/03\/CARABINIERI-1024x768.jpg 1024w, https:\/\/www.radiopiu.net\/wordpress\/wp-content\/uploads\/2025\/03\/CARABINIERI-768x576.jpg 768w, https:\/\/www.radiopiu.net\/wordpress\/wp-content\/uploads\/2025\/03\/CARABINIERI-1536x1152.jpg 1536w, https:\/\/www.radiopiu.net\/wordpress\/wp-content\/uploads\/2025\/03\/CARABINIERI.jpg 1600w\" sizes=\"auto, (max-width: 185px) 100vw, 185px\" \/><\/a>BELLUNO <\/strong>Nella serata del 14 marzo, i Carabinieri della Stazione di Belluno hanno rintracciato e tratto in arresto due persone, padre e figlio, rispettivamente di 41 e 23 anni. I due, residenti e originari della in provincia di Messina, erano gi\u00e0 sottoposti agli arresti domiciliari a Belluno a seguito di furti di rame perpetrati in vari cimiteri del messinese e del palermitano. Dal loro arrivo a Belluno, nel mese di dicembre, si sono resi responsabili di varie violazioni alle prescrizioni imposte dall\u2019Autorit\u00e0 Giudiziaria che li aveva autorizzati ad allontanarsi presso il loro domicilio di Belluno solo durante le ore di lavoro presso una ditta edile operante nella provincia. A seguito delle ripetute violazioni degli obblighi imposti dal Giudice e accertate dai militari, \u00e8 stata emesso un provvedimento di aggravamento con la sostituzione della misura degli arresti domiciliari con quella della custodia cautelare in carcere. Le violazioni sono state accertate dai militari grazie ai costanti controlli sul territorio e presso il domicilio del padre e figlio che sono stati poi tradotti presso la casa circondariale di Belluno.<\/p>\n<p>&nbsp;<\/p>\n<p>&nbsp;<\/p>\n<hr \/>\n<p>&nbsp;<\/p>\n<blockquote>\n<h3>AUTOBUS INTRAPPOLATO NELLA NEVE SUL PASSO FEDAIA<\/h3>\n<\/blockquote>\n<p><strong>PASSO FEDAIA <\/strong>Nelle prime ore del mattino, alle 6:46 di sabato, i Vigili del Fuoco di Agordo, con il supporto dei volontari VVF di Caprile, sono intervenuti sul Passo Fedaia per il recupero di un autobus rimasto intrappolato nella neve. Il mezzo, che viaggiava senza passeggeri a bordo, si trovava bloccato a causa delle difficili condizioni meteorologiche e dell&#8217;accumulo di neve sulla carreggiata. L\u2019intervento dei soccorritori \u00e8 stato tempestivo ed efficace: dopo circa un\u2019ora di lavoro, l\u2019autobus \u00e8 stato liberato e rimesso in condizione di riprendere il viaggio in sicurezza.<\/p>\n<p>&nbsp;<\/p>\n<p>&nbsp;<\/p>\n<hr \/>\n<p>&nbsp;<\/p>\n<blockquote>\n<h3>DOPPIO INTERVENTO NELLA NOTTE PER I VIGILI DEL FUOCO<\/h3>\n<\/blockquote>\n<p><strong><a class=\"dt-pswp-item\" href=\"https:\/\/www.radiopiu.net\/wordpress\/wp-content\/uploads\/2021\/07\/49394d4a-be71-4216-8f46-567b5b983925.jpg\" data-dt-img-description=\"\" data-large_image_width=\"1080\" data-large_image_height=\"717\"><img loading=\"lazy\" decoding=\"async\" class=\" wp-image-222516 alignleft\" src=\"https:\/\/www.radiopiu.net\/wordpress\/wp-content\/uploads\/2021\/07\/49394d4a-be71-4216-8f46-567b5b983925-300x199.jpg\" alt=\"\" width=\"180\" height=\"119\" srcset=\"https:\/\/www.radiopiu.net\/wordpress\/wp-content\/uploads\/2021\/07\/49394d4a-be71-4216-8f46-567b5b983925-300x199.jpg 300w, https:\/\/www.radiopiu.net\/wordpress\/wp-content\/uploads\/2021\/07\/49394d4a-be71-4216-8f46-567b5b983925-1024x680.jpg 1024w, https:\/\/www.radiopiu.net\/wordpress\/wp-content\/uploads\/2021\/07\/49394d4a-be71-4216-8f46-567b5b983925-768x510.jpg 768w, https:\/\/www.radiopiu.net\/wordpress\/wp-content\/uploads\/2021\/07\/49394d4a-be71-4216-8f46-567b5b983925.jpg 1080w\" sizes=\"auto, (max-width: 180px) 100vw, 180px\" \/><\/a>REDAZIONE <\/strong>Nella notte tra sabato e domenica, i Vigili del Fuoco di Agordo sono stati impegnati in due distinti interventi nel territorio montano della provincia di Belluno. Il primo intervento si \u00e8 verificato alle ore 2:20 presso il Passo San Pellegrino, nel Comune di Falcade, dove una squadra di soccorso \u00e8 stata chiamata per il recupero di un&#8217;autovettura.\u00a0 Successivamente, alle ore 3:30, i Vigili del Fuoco di Agordo, con il supporto dei Volontari di Caprile, sono intervenuti nel Comune di Alleghe, in localit\u00e0 La Sala, per un incendio sviluppatosi all&#8217;interno di una canna fumaria. Anche in questo caso, l&#8217;evento non ha causato feriti, ma ha richiesto un pronto intervento per evitare il propagarsi delle fiamme.<\/p>\n<p>&nbsp;<\/p>\n<p>&nbsp;<\/p>\n<hr \/>\n<p>&nbsp;<\/p>\n<blockquote>\n<h3>COLLUTTAZIONE DURANTE CONTROLLO: DONNA FERISCE DUE CARABINIERI<\/h3>\n<\/blockquote>\n<p>&nbsp;<\/p>\n<p>OGGI LA GIUDIZIARIA<br \/>\nSINTESI DAL CORRIERE DELLE ALPI, GIGI SOSSO<\/p>\n<div class=\"flex max-w-full flex-col flex-grow\">\n<div class=\"min-h-8 text-message relative flex w-full flex-col items-end gap-2 whitespace-normal break-words text-start [.text-message+&amp;]:mt-5\" dir=\"auto\" data-message-author-role=\"assistant\" data-message-id=\"7cdbca3c-8c3c-467e-a973-649b27c1b780\" data-message-model-slug=\"gpt-4o\">\n<div class=\"flex w-full flex-col gap-1 empty:hidden first:pt-[3px]\">\n<div class=\"markdown prose w-full break-words dark:prose-invert dark\"><\/div>\n<\/div>\n<\/div>\n<\/div>\n<div class=\"mb-2 flex gap-3 -ml-2\" tabindex=\"0\">\n<div class=\"flex items-center justify-start rounded-xl p-1\">\n<div class=\"flex items-center transition-opacity group-hover\/turn:opacity-100 opacity-100\">\n<div class=\"flex items-center pb-0\"><b><img loading=\"lazy\" decoding=\"async\" class=\"alignleft\" src=\"https:\/\/www.radiopiu.net\/wordpress\/wp-content\/uploads\/2018\/07\/TRIBUNALE-1.jpg\" width=\"186\" height=\"140\" \/>SAN VITO DI CADORE <\/b>Durante un controllo sulla statale 51 di Alemagna, una 50enne cadorina ha aggredito due carabinieri, causando loro lievi lesioni. Denunciata per resistenza a pubblico ufficiale e lesioni, ha chiesto la sospensione del procedimento con lavori di volontariato. Il tribunale attende la conferma di un ente disponibile e un risarcimento ai militari. Se tra un anno l\u2019esito della messa alla prova sar\u00e0 positivo, i reati verranno estinti. In caso contrario, la donna affronter\u00e0 un processo con il rischio di una condanna.<\/div>\n<blockquote>\n<div><\/div>\n<\/blockquote>\n<div class=\"flex items-center pb-0\">\n<p data-start=\"0\" data-end=\"61\"><strong data-start=\"0\" data-end=\"59\">PICCHIA LA MADRE, MA VIENE PERDONATA: ANDR\u00c0 IN COMUNIT\u00c0<\/strong><\/p>\n<p data-start=\"63\" data-end=\"595\" data-is-last-node=\"\" data-is-only-node=\"\"><strong>BELLUNO,<\/strong> accusata di aver colpito la madre con un cellulare, ha ottenuto il ritiro della querela e la sentenza di non doversi procedere, a condizione di entrare in una comunit\u00e0 per disintossicarsi. Il giudice Domenico Riposati ha deciso dopo la caduta dell&#8217;aggravante dell&#8217;uso improprio del telefono. La madre, pur provata, ha scelto il perdono, sperando in un cambiamento. L\u2019aggressione, avvenuta il 19 gennaio 2023, aveva portato a una prognosi di cinque giorni. Ora il percorso di recupero sar\u00e0 decisivo per il futuro della giovane.<\/p>\n<hr \/>\n<div class=\"flex max-w-full flex-col flex-grow\">\n<div class=\"min-h-8 text-message relative flex w-full flex-col items-end gap-2 whitespace-normal break-words text-start [.text-message+&amp;]:mt-5\" dir=\"auto\" data-message-author-role=\"assistant\" data-message-id=\"c26b7d4f-e7e3-4723-ba1f-280ce26eda51\" data-message-model-slug=\"gpt-4o-mini\">\n<div class=\"flex w-full flex-col gap-1 empty:hidden first:pt-[3px]\">\n<div class=\"markdown prose w-full break-words dark:prose-invert dark\">\n<blockquote>\n<h3 data-start=\"0\" data-end=\"79\"><a class=\"dt-pswp-item\" href=\"https:\/\/www.radiopiu.net\/wordpress\/wp-content\/uploads\/2021\/06\/pecore-sbranate-in-passato-nel-Bellunese.jpg\" data-dt-img-description=\"\" data-large_image_width=\"1199\" data-large_image_height=\"721\"><img loading=\"lazy\" decoding=\"async\" class=\"size-medium wp-image-216536 alignleft\" src=\"https:\/\/www.radiopiu.net\/wordpress\/wp-content\/uploads\/2021\/06\/pecore-sbranate-in-passato-nel-Bellunese-300x180.jpg\" alt=\"\" width=\"300\" height=\"180\" srcset=\"https:\/\/www.radiopiu.net\/wordpress\/wp-content\/uploads\/2021\/06\/pecore-sbranate-in-passato-nel-Bellunese-300x180.jpg 300w, https:\/\/www.radiopiu.net\/wordpress\/wp-content\/uploads\/2021\/06\/pecore-sbranate-in-passato-nel-Bellunese-1024x616.jpg 1024w, https:\/\/www.radiopiu.net\/wordpress\/wp-content\/uploads\/2021\/06\/pecore-sbranate-in-passato-nel-Bellunese-768x462.jpg 768w, https:\/\/www.radiopiu.net\/wordpress\/wp-content\/uploads\/2021\/06\/pecore-sbranate-in-passato-nel-Bellunese.jpg 1199w\" sizes=\"auto, (max-width: 300px) 100vw, 300px\" \/><\/a>&#8220;FELTRE, ATTACCO PREDATORIO: UN LUPO UCCIDE DUE PECORE E FERISCE ALTRI ANIMALI&#8221;<\/h3>\n<\/blockquote>\n<\/div>\n<\/div>\n<\/div>\n<\/div>\n<\/div>\n<p data-start=\"63\" data-end=\"595\" data-is-last-node=\"\" data-is-only-node=\"\"><strong>FELTRE<\/strong> Tra sabato e ieri, un attacco predatorio a Feltre ha causato la morte di due pecore e il ferimento di altre due, con cinque agnellini e quattro ovini presi di mira dal predatore. Due delle pecore ferite sono state soppresse a causa delle gravi lesioni. L&#8217;incidente, che ha suscitato grande amarezza in Angelo Marian, un allevatore della zona, \u00e8 stato descritto come un vero e proprio spettacolo di morte che ha spezzato il cuore dell&#8217;uomo. Marian, che custodiva gli animali in un recinto elettrificato vicino alla sua casa, sospetta che il lupo, probabilmente, abbia scavalcato il recinto.<\/p>\n<hr \/>\n<blockquote>\n<h1 data-start=\"63\" data-end=\"595\">LUXOTTICA&#8230; LA BELLA NOTIZIA<\/h1>\n<\/blockquote>\n<p>Finalmente una notizia riferita al tema parcheggi. Nessuna sanzione e nessun vigile urbano chiamato in causa oggi, nemmeno l&#8217;automobilista indisciplinato o l&#8217;esercente arrabbiato perch\u00e9 privato dei parcheggi per i clienti. No, oggi vi diamo notizie che i nuovi parcheggi (accanto ad MD supermercato Walber) una gran parte sono&#8230; pronti per ospitare i mezzi delle maestranze Luxottica.<\/p>\n<p>Al contempo \u00e8 stata chiusa una parte del park sterrato fronte palestra Luxottica per fare la pavimentazione, bisogna attendere il termine dei lavori per vedere un miglioramento sostanzioso.<\/p>\n\n\t\t\t<style type='text\/css'>\n\t\t\t\t#gallery-2 {\n\t\t\t\t\tmargin: auto;\n\t\t\t\t}\n\t\t\t\t#gallery-2 .gallery-item {\n\t\t\t\t\tfloat: left;\n\t\t\t\t\tmargin-top: 10px;\n\t\t\t\t\ttext-align: center;\n\t\t\t\t\twidth: 50%;\n\t\t\t\t}\n\t\t\t\t#gallery-2 img {\n\t\t\t\t\tborder: 2px solid #cfcfcf;\n\t\t\t\t}\n\t\t\t\t#gallery-2 .gallery-caption {\n\t\t\t\t\tmargin-left: 0;\n\t\t\t\t}\n\t\t\t\t\/* see gallery_shortcode() in wp-includes\/media.php *\/\n\t\t\t<\/style>\n\t\t<div id='gallery-2' class='dt-gallery-container gallery galleryid-439847 gallery-columns-2 gallery-size-medium'><dl class='gallery-item'>\n\t\t\t\t<dt class='gallery-icon landscape'>\n\t\t\t\t\t<a class=\"rollover rollover-zoom dt-pswp-item\" title=\"594790ad-95ca-433f-8778-a7a93ab3fbbe\" data-dt-img-description=\"\" data-large_image_width=\"1600\" data-large_image_height=\"1204\"href='https:\/\/www.radiopiu.net\/wordpress\/wp-content\/uploads\/2025\/03\/594790ad-95ca-433f-8778-a7a93ab3fbbe.jpg'><img loading=\"lazy\" decoding=\"async\" width=\"300\" height=\"226\" src=\"https:\/\/www.radiopiu.net\/wordpress\/wp-content\/uploads\/2025\/03\/594790ad-95ca-433f-8778-a7a93ab3fbbe-300x226.jpg\" class=\"attachment-medium size-medium\" alt=\"\" srcset=\"https:\/\/www.radiopiu.net\/wordpress\/wp-content\/uploads\/2025\/03\/594790ad-95ca-433f-8778-a7a93ab3fbbe-300x226.jpg 300w, https:\/\/www.radiopiu.net\/wordpress\/wp-content\/uploads\/2025\/03\/594790ad-95ca-433f-8778-a7a93ab3fbbe-1024x771.jpg 1024w, https:\/\/www.radiopiu.net\/wordpress\/wp-content\/uploads\/2025\/03\/594790ad-95ca-433f-8778-a7a93ab3fbbe-768x578.jpg 768w, https:\/\/www.radiopiu.net\/wordpress\/wp-content\/uploads\/2025\/03\/594790ad-95ca-433f-8778-a7a93ab3fbbe-1536x1156.jpg 1536w, https:\/\/www.radiopiu.net\/wordpress\/wp-content\/uploads\/2025\/03\/594790ad-95ca-433f-8778-a7a93ab3fbbe.jpg 1600w\" sizes=\"auto, (max-width: 300px) 100vw, 300px\" \/><\/a>\n\t\t\t\t<\/dt><\/dl><dl class='gallery-item'>\n\t\t\t\t<dt class='gallery-icon landscape'>\n\t\t\t\t\t<a class=\"rollover rollover-zoom dt-pswp-item\" title=\"f48bbe5d-a02d-4d0d-8bef-bb69d60f0dfa\" data-dt-img-description=\"\" data-large_image_width=\"1600\" data-large_image_height=\"1204\"href='https:\/\/www.radiopiu.net\/wordpress\/wp-content\/uploads\/2025\/03\/f48bbe5d-a02d-4d0d-8bef-bb69d60f0dfa.jpg'><img loading=\"lazy\" decoding=\"async\" width=\"300\" height=\"226\" src=\"https:\/\/www.radiopiu.net\/wordpress\/wp-content\/uploads\/2025\/03\/f48bbe5d-a02d-4d0d-8bef-bb69d60f0dfa-300x226.jpg\" class=\"attachment-medium size-medium\" alt=\"\" srcset=\"https:\/\/www.radiopiu.net\/wordpress\/wp-content\/uploads\/2025\/03\/f48bbe5d-a02d-4d0d-8bef-bb69d60f0dfa-300x226.jpg 300w, https:\/\/www.radiopiu.net\/wordpress\/wp-content\/uploads\/2025\/03\/f48bbe5d-a02d-4d0d-8bef-bb69d60f0dfa-1024x771.jpg 1024w, https:\/\/www.radiopiu.net\/wordpress\/wp-content\/uploads\/2025\/03\/f48bbe5d-a02d-4d0d-8bef-bb69d60f0dfa-768x578.jpg 768w, https:\/\/www.radiopiu.net\/wordpress\/wp-content\/uploads\/2025\/03\/f48bbe5d-a02d-4d0d-8bef-bb69d60f0dfa-1536x1156.jpg 1536w, https:\/\/www.radiopiu.net\/wordpress\/wp-content\/uploads\/2025\/03\/f48bbe5d-a02d-4d0d-8bef-bb69d60f0dfa.jpg 1600w\" sizes=\"auto, (max-width: 300px) 100vw, 300px\" \/><\/a>\n\t\t\t\t<\/dt><\/dl><br style=\"clear: both\" \/>\n\t\t\t<\/div>\n\n<p>&nbsp;<\/p>\n<div class=\"flex items-center pb-0\">\n<div class=\"mb-2 flex gap-3 -ml-2\" tabindex=\"0\">\n<div class=\"flex items-center justify-start rounded-xl p-1 -mt-1 bg-token-main-surface-primary md:absolute\">\n<div>\n<div class=\"flex items-center transition-opacity group-hover\/turn:opacity-100 opacity-0\">\n<div class=\"flex items-center pb-0\"><\/div>\n<\/div>\n<\/div>\n<\/div>\n<\/div>\n<\/div>\n<\/div>\n<\/div>\n<\/div>\n<hr \/>\n<p>&nbsp;<\/p>\n<blockquote>\n<h3>COLLE SANTA LUCIA RAPPRESENTATO DA LIVINALLONGO NELLA DMO<\/h3>\n<\/blockquote>\n<p><strong><a class=\"dt-pswp-item\" href=\"https:\/\/www.radiopiu.net\/wordpress\/wp-content\/uploads\/2021\/08\/COLLE-SANTA-LUCIA.jpg\" data-dt-img-description=\"\" data-large_image_width=\"640\" data-large_image_height=\"480\"><img loading=\"lazy\" decoding=\"async\" class=\" wp-image-229239 alignleft\" src=\"https:\/\/www.radiopiu.net\/wordpress\/wp-content\/uploads\/2021\/08\/COLLE-SANTA-LUCIA-300x225.jpg\" alt=\"\" width=\"179\" height=\"134\" srcset=\"https:\/\/www.radiopiu.net\/wordpress\/wp-content\/uploads\/2021\/08\/COLLE-SANTA-LUCIA-300x225.jpg 300w, https:\/\/www.radiopiu.net\/wordpress\/wp-content\/uploads\/2021\/08\/COLLE-SANTA-LUCIA.jpg 640w\" sizes=\"auto, (max-width: 179px) 100vw, 179px\" \/><\/a>COLLE SANTA LUCIA<\/strong><\/p>\n<p>DI LORENZO SORATROI<\/p>\n<audio class=\"wp-audio-shortcode\" id=\"audio-439847-6\" preload=\"none\" style=\"width: 100%;\" controls=\"controls\"><source type=\"audio\/mpeg\" src=\"https:\/\/www.radiopiu.net\/wordpress\/wp-content\/uploads\/2025\/03\/SORATROI-COLLE-SANTA-LUCIA.mp3?_=6\" \/><a href=\"https:\/\/www.radiopiu.net\/wordpress\/wp-content\/uploads\/2025\/03\/SORATROI-COLLE-SANTA-LUCIA.mp3\">https:\/\/www.radiopiu.net\/wordpress\/wp-content\/uploads\/2025\/03\/SORATROI-COLLE-SANTA-LUCIA.mp3<\/a><\/audio>\n<p>&nbsp;<\/p>\n<hr \/>\n<p>&nbsp;<\/p>\n<blockquote>\n<h3>CARABINIERI: INCONTRO CON GLI ANZIANI A PEDAVENA. INFORMARSI PER PREVENIRE LE TRUFFE<\/h3>\n<\/blockquote>\n<p><strong>FELTRE<\/strong> I Carabinieri della Compagnia di Feltre hanno organizzato un incontro di sensibilizzazione a Pedavena il 14 marzo, in collaborazione con il Comune e l\u2019AUSER. Il Capitano Andrea Caminiti e il Maresciallo Capo Marco Mazzotta hanno informato i cittadini sulle truffe, che colpiscono soprattutto le persone pi\u00f9 vulnerabili. Sono stati illustrati i principali raggiri con esempi concreti e forniti consigli su come riconoscerli ed evitarli. Particolare attenzione \u00e8 stata data alla \u201ctruffa del finto carabiniere\u201d, sottolineando che la cauzione non \u00e8 prevista dalla legge italiana. Il pubblico ha partecipato attivamente, condividendo esperienze e dubbi. \u00c8 stato ribadito l\u2019importanza di contattare il 112 in caso di sospetti. I Carabinieri hanno invitato i cittadini a non isolarsi e a denunciare, per proteggersi e prevenire ulteriori truffe.<\/p>\n\n\t\t\t<style type='text\/css'>\n\t\t\t\t#gallery-3 {\n\t\t\t\t\tmargin: auto;\n\t\t\t\t}\n\t\t\t\t#gallery-3 .gallery-item {\n\t\t\t\t\tfloat: left;\n\t\t\t\t\tmargin-top: 10px;\n\t\t\t\t\ttext-align: center;\n\t\t\t\t\twidth: 50%;\n\t\t\t\t}\n\t\t\t\t#gallery-3 img {\n\t\t\t\t\tborder: 2px solid #cfcfcf;\n\t\t\t\t}\n\t\t\t\t#gallery-3 .gallery-caption {\n\t\t\t\t\tmargin-left: 0;\n\t\t\t\t}\n\t\t\t\t\/* see gallery_shortcode() in wp-includes\/media.php *\/\n\t\t\t<\/style>\n\t\t<div id='gallery-3' class='dt-gallery-container gallery galleryid-439847 gallery-columns-2 gallery-size-medium'><dl class='gallery-item'>\n\t\t\t\t<dt class='gallery-icon landscape'>\n\t\t\t\t\t<a class=\"rollover rollover-zoom dt-pswp-item\" title=\"image004\" data-dt-img-description=\"\" data-large_image_width=\"941\" data-large_image_height=\"563\"href='https:\/\/www.radiopiu.net\/wordpress\/wp-content\/uploads\/2025\/03\/image004.jpg'><img loading=\"lazy\" decoding=\"async\" width=\"300\" height=\"179\" src=\"https:\/\/www.radiopiu.net\/wordpress\/wp-content\/uploads\/2025\/03\/image004-300x179.jpg\" class=\"attachment-medium size-medium\" alt=\"\" srcset=\"https:\/\/www.radiopiu.net\/wordpress\/wp-content\/uploads\/2025\/03\/image004-300x179.jpg 300w, https:\/\/www.radiopiu.net\/wordpress\/wp-content\/uploads\/2025\/03\/image004-768x459.jpg 768w, https:\/\/www.radiopiu.net\/wordpress\/wp-content\/uploads\/2025\/03\/image004.jpg 941w\" sizes=\"auto, (max-width: 300px) 100vw, 300px\" \/><\/a>\n\t\t\t\t<\/dt><\/dl><dl class='gallery-item'>\n\t\t\t\t<dt class='gallery-icon landscape'>\n\t\t\t\t\t<a class=\"rollover rollover-zoom dt-pswp-item\" title=\"image003\" data-dt-img-description=\"\" data-large_image_width=\"1239\" data-large_image_height=\"930\"href='https:\/\/www.radiopiu.net\/wordpress\/wp-content\/uploads\/2025\/03\/image003.jpg'><img loading=\"lazy\" decoding=\"async\" width=\"300\" height=\"225\" src=\"https:\/\/www.radiopiu.net\/wordpress\/wp-content\/uploads\/2025\/03\/image003-300x225.jpg\" class=\"attachment-medium size-medium\" alt=\"\" srcset=\"https:\/\/www.radiopiu.net\/wordpress\/wp-content\/uploads\/2025\/03\/image003-300x225.jpg 300w, https:\/\/www.radiopiu.net\/wordpress\/wp-content\/uploads\/2025\/03\/image003-1024x769.jpg 1024w, https:\/\/www.radiopiu.net\/wordpress\/wp-content\/uploads\/2025\/03\/image003-768x576.jpg 768w, https:\/\/www.radiopiu.net\/wordpress\/wp-content\/uploads\/2025\/03\/image003.jpg 1239w\" sizes=\"auto, (max-width: 300px) 100vw, 300px\" \/><\/a>\n\t\t\t\t<\/dt><\/dl><br style=\"clear: both\" \/>\n\t\t\t<\/div>\n\n<p>&nbsp;<\/p>\n<p>&nbsp;<\/p>\n<hr \/>\n<p>&nbsp;<\/p>\n<blockquote>\n<h3>AGRIMONT 2025: AUMENTANO I VISITATORI<\/h3>\n<\/blockquote>\n<p><strong><a class=\"dt-pswp-item\" href=\"https:\/\/www.radiopiu.net\/wordpress\/wp-content\/uploads\/2025\/03\/agrimont-2025-092.jpg\" data-dt-img-description=\"\" data-large_image_width=\"2048\" data-large_image_height=\"1365\"><img loading=\"lazy\" decoding=\"async\" class=\" wp-image-439986 alignleft\" src=\"https:\/\/www.radiopiu.net\/wordpress\/wp-content\/uploads\/2025\/03\/agrimont-2025-092-300x200.jpg\" alt=\"\" width=\"209\" height=\"139\" srcset=\"https:\/\/www.radiopiu.net\/wordpress\/wp-content\/uploads\/2025\/03\/agrimont-2025-092-300x200.jpg 300w, https:\/\/www.radiopiu.net\/wordpress\/wp-content\/uploads\/2025\/03\/agrimont-2025-092-1024x683.jpg 1024w, https:\/\/www.radiopiu.net\/wordpress\/wp-content\/uploads\/2025\/03\/agrimont-2025-092-768x512.jpg 768w, https:\/\/www.radiopiu.net\/wordpress\/wp-content\/uploads\/2025\/03\/agrimont-2025-092-1536x1024.jpg 1536w, https:\/\/www.radiopiu.net\/wordpress\/wp-content\/uploads\/2025\/03\/agrimont-2025-092.jpg 2048w\" sizes=\"auto, (max-width: 209px) 100vw, 209px\" \/><\/a>LONGARONE<\/strong> Agrimont si conferma una fiera di successo, attirando non solo professionisti ma anche famiglie e appassionati di giardinaggio e agricoltura. L&#8217;evento, a Longarone Fiere Dolomiti, ha registrato un incremento del 20% di ingressi rispetto all&#8217;anno scorso. Giovanni De Lorenzi sottolinea la variet\u00e0 dell\u2019offerta, dai prodotti per l\u2019orto e la legna da ardere alla fattoria didattica. Grande attenzione \u00e8 stata dedicata alla filiera del latte, con focus sulla biosicurezza e sul formaggio di malga. Belluno si distingue per il numero di giovani allevatori. L\u2019apicoltura ha avuto spazio con convegni su gestione apiari e allevamento di api regine. Apimarca ha offerto degustazioni di miele locale. Infine, la \u201cLocanda di Campagna Amica\u201d ha proposto cucina contadina e prodotti a km0.<\/p>\n<p>&nbsp;<\/p>\n<p>&nbsp;<\/p>\n<hr \/>\n<p>&nbsp;<\/p>\n<blockquote>\n<h3>LA MONTAGNA AI RAGGI X NEL LIBRO PRESENTATO AD AGRIMONT<\/h3>\n<\/blockquote>\n<p><strong><a class=\"dt-pswp-item\" href=\"https:\/\/www.radiopiu.net\/wordpress\/wp-content\/uploads\/2025\/03\/libro-bianco-della-montagna-05-1024x683-1.jpg\" data-dt-img-description=\"\" data-large_image_width=\"1024\" data-large_image_height=\"683\"><img loading=\"lazy\" decoding=\"async\" class=\" wp-image-439944 alignleft\" src=\"https:\/\/www.radiopiu.net\/wordpress\/wp-content\/uploads\/2025\/03\/libro-bianco-della-montagna-05-1024x683-1-300x200.jpg\" alt=\"\" width=\"175\" height=\"116\" srcset=\"https:\/\/www.radiopiu.net\/wordpress\/wp-content\/uploads\/2025\/03\/libro-bianco-della-montagna-05-1024x683-1-300x200.jpg 300w, https:\/\/www.radiopiu.net\/wordpress\/wp-content\/uploads\/2025\/03\/libro-bianco-della-montagna-05-1024x683-1-768x512.jpg 768w, https:\/\/www.radiopiu.net\/wordpress\/wp-content\/uploads\/2025\/03\/libro-bianco-della-montagna-05-1024x683-1.jpg 1024w\" sizes=\"auto, (max-width: 175px) 100vw, 175px\" \/><\/a>LONGARONE<\/strong> Il \u201cLibro bianco sulla montagna\u201d, presentato da Anna Giorgi ad Agrimont, sottolinea l&#8217;importanza di chiamare la montagna con il suo nome e riconoscerne le specificit\u00e0. L\u2019Italia \u00e8 in gran parte montuosa, ma queste aree soffrono spopolamento e invecchiamento, con eccezione del Trentino-Alto Adige, grazie a politiche mirate. Servono strumenti su misura per la montagna, non assistenzialismo, e politiche regionali o iperlocali. L\u2019agricoltura pu\u00f2 essere una risorsa, ma deve puntare su aggregazione, innovazione e formazione. Fondamentale supportare la montagna con misure adeguate ai suoi bisogni, non basate solo sulla superficie coltivata.<\/p>\n<p>&nbsp;<\/p>\n<p>&nbsp;<\/p>\n<hr \/>\n<p>&nbsp;<\/p>\n<blockquote>\n<h3><a class=\"dt-pswp-item\" href=\"https:\/\/www.radiopiu.net\/wordpress\/wp-content\/uploads\/2025\/03\/padrin-con-alessandro-ferrari--scaled.jpg\" data-dt-img-description=\"\" data-large_image_width=\"1920\" data-large_image_height=\"2560\"><img loading=\"lazy\" decoding=\"async\" class=\" wp-image-439907 alignleft\" src=\"https:\/\/www.radiopiu.net\/wordpress\/wp-content\/uploads\/2025\/03\/padrin-con-alessandro-ferrari--225x300.jpg\" alt=\"\" width=\"163\" height=\"218\" srcset=\"https:\/\/www.radiopiu.net\/wordpress\/wp-content\/uploads\/2025\/03\/padrin-con-alessandro-ferrari--225x300.jpg 225w, https:\/\/www.radiopiu.net\/wordpress\/wp-content\/uploads\/2025\/03\/padrin-con-alessandro-ferrari--768x1024.jpg 768w, https:\/\/www.radiopiu.net\/wordpress\/wp-content\/uploads\/2025\/03\/padrin-con-alessandro-ferrari--1152x1536.jpg 1152w, https:\/\/www.radiopiu.net\/wordpress\/wp-content\/uploads\/2025\/03\/padrin-con-alessandro-ferrari--1536x2048.jpg 1536w, https:\/\/www.radiopiu.net\/wordpress\/wp-content\/uploads\/2025\/03\/padrin-con-alessandro-ferrari--scaled.jpg 1920w\" sizes=\"auto, (max-width: 163px) 100vw, 163px\" \/><\/a>IPOVEDENTE DA QUATTRO ANNI: SCI ED HA IL SOGNO DI ANDARE ALLE PARALIMPIADI<\/h3>\n<\/blockquote>\n<p><strong>BELLUNO <\/strong>Alessandro Ferrari, 20 anni, di Feltre, scia da quando ne aveva 10 e non ha mai smesso, nemmeno dopo che, a 16 anni, una neuropatia gli ha colpito il nervo ottico. La diagnosi \u00e8 atrofia ottica di Leber, una malattia degenerativa che lo ha reso ipovedente. Nonostante questo, ha continuato con lo sci alpino e, dal 2022, si \u00e8 dedicato all\u2019agonismo. Guidato dal maestro Vittorio, Alessandro ha iniziato a gareggiare nelle competizioni paralimpiche e sogna di partecipare alle Paralimpiadi come atleta bellunese. Per realizzare il suo obiettivo, sta cercando supporto economico per finanziare la stagione sportiva, affrontando spese per materiali e trasferte. Con il padre Pierluigi ha lanciato una raccolta fondi, cercando il sostegno delle aziende locali. Il presidente della Provincia di Belluno, Roberto Padrin, ha incontrato Alessandro e ha promesso di aiutarlo a diffondere la sua storia per coinvolgere pi\u00f9 persone possibile. Secondo Padrin, lo sport \u00e8 uno strumento di inclusione e le Paralimpiadi possono essere un grande motore per il territorio. Alessandro pu\u00f2 essere contattato via email (<a rel=\"noopener\" data-start=\"1107\" data-end=\"1143\">alessandro.ferrari.ferry05@gmail.com<\/a>) o su Instagram (@alesssandro.ferrari).<\/p>\n<p>&nbsp;<\/p>\n<hr \/>\n<p>&nbsp;<\/p>\n<p>&nbsp;<\/p>\n<blockquote>\n<h3 data-start=\"0\" data-end=\"74\"><a class=\"dt-pswp-item\" href=\"https:\/\/www.radiopiu.net\/wordpress\/wp-content\/uploads\/2025\/03\/Senza-nome-50.png\" data-dt-img-description=\"\" data-large_image_width=\"445\" data-large_image_height=\"275\"><img loading=\"lazy\" decoding=\"async\" class=\"size-medium wp-image-440068 alignleft\" src=\"https:\/\/www.radiopiu.net\/wordpress\/wp-content\/uploads\/2025\/03\/Senza-nome-50-300x185.png\" alt=\"\" width=\"300\" height=\"185\" srcset=\"https:\/\/www.radiopiu.net\/wordpress\/wp-content\/uploads\/2025\/03\/Senza-nome-50-300x185.png 300w, https:\/\/www.radiopiu.net\/wordpress\/wp-content\/uploads\/2025\/03\/Senza-nome-50.png 445w\" sizes=\"auto, (max-width: 300px) 100vw, 300px\" \/><\/a>&#8220;IL VENTO TRA I CAPELLI&#8221;: SUCCESSO PER LA PEDONATA IN ROSA A BELLUNO<\/h3>\n<\/blockquote>\n<p data-start=\"76\" data-end=\"514\" data-is-last-node=\"\" data-is-only-node=\"\">Grande partecipazione alla 19\u00aa edizione de &#8220;Il vento tra i capelli&#8221;, conosciuta a Belluno come &#8220;La pedonata in rosa&#8221;. Oltre 500 persone hanno percorso i cinque chilometri cittadini per raccogliere fondi destinati all\u2019ospedale San Martino. Vendute tutte le 2.800 magliette, con un ricavato minimo di 42mila euro. Un evento di solidariet\u00e0, prevenzione e aggregazione, che ha visto coinvolte numerose associazioni e premi per i partecipanti.<\/p>\n<p>&nbsp;<\/p>\n<p>&nbsp;<\/p>\n<hr \/>\n<p>&nbsp;<\/p>\n<blockquote>\n<h3>ALLE SCUOLE MEDIE DI SOSPIROLO ARRIVA LA DADA<\/h3>\n<\/blockquote>\n<h3><strong style=\"font-size: 14px;\"><a class=\"dt-pswp-item\" href=\"https:\/\/www.radiopiu.net\/wordpress\/wp-content\/uploads\/2021\/09\/scuola-ricomincia.jpeg\" data-dt-img-description=\"\" data-large_image_width=\"626\" data-large_image_height=\"417\"><img loading=\"lazy\" decoding=\"async\" class=\" wp-image-231886 alignleft\" src=\"https:\/\/www.radiopiu.net\/wordpress\/wp-content\/uploads\/2021\/09\/scuola-ricomincia-300x200.jpeg\" alt=\"\" width=\"215\" height=\"143\" srcset=\"https:\/\/www.radiopiu.net\/wordpress\/wp-content\/uploads\/2021\/09\/scuola-ricomincia-300x200.jpeg 300w, https:\/\/www.radiopiu.net\/wordpress\/wp-content\/uploads\/2021\/09\/scuola-ricomincia.jpeg 626w\" sizes=\"auto, (max-width: 215px) 100vw, 215px\" \/><\/a>SOSPIROLO <\/strong><span style=\"font-size: 14px; font-weight: normal;\">Alle scuole medie di Sospirolo \u00e8 partita la didattica DADA (Didattica per Ambienti di Apprendimento), dove gli alunni si spostano tra aule tematiche personalizzate per ogni materia, invece di rimanere in una classe fissa. Dopo due settimane di sperimentazione, la dirigente scolastica Lucia Fratturelli ha dichiarato che il bilancio \u00e8 positivo, con gli studenti che hanno dimostrato responsabilit\u00e0. L\u2019inaugurazione ufficiale si \u00e8 svolta il 28 febbraio, accompagnata da esibizioni musicali. La dirigente ha sottolineato l\u2019importanza del coinvolgimento di docenti e studenti nella personalizzazione delle aule. Il progetto \u00e8 stato sostenuto dal Comune, che ha fornito arredi e pannelli fonoassorbenti, e da Unifarco, che ha donato armadietti. Un contributo fondamentale \u00e8 arrivato anche da genitori, studenti e collaboratori scolastici, che hanno aiutato nella sistemazione delle aule. La presidente del Consiglio d\u2019Istituto, Chiara Dal Bo Zanon, ha ribadito il valore educativo dell\u2019iniziativa.<\/span><\/h3>\n<p>&nbsp;<\/p>\n<p>&nbsp;<\/p>\n<hr \/>\n<p>&nbsp;<\/p>\n<blockquote>\n<h3>LE NOTE DELLA FILARMONICA DI LENTIAI ALLA SCUOLA SECONDARIA DI LENTIAI<\/h3>\n<\/blockquote>\n<p><strong><a class=\"dt-pswp-item\" href=\"https:\/\/www.radiopiu.net\/wordpress\/wp-content\/uploads\/2025\/03\/LA-FILARMONICA-2-scaled.jpg\" data-dt-img-description=\"\" data-large_image_width=\"2560\" data-large_image_height=\"1810\"><img loading=\"lazy\" decoding=\"async\" class=\" wp-image-439915 alignleft\" src=\"https:\/\/www.radiopiu.net\/wordpress\/wp-content\/uploads\/2025\/03\/LA-FILARMONICA-2-300x212.jpg\" alt=\"\" width=\"202\" height=\"143\" srcset=\"https:\/\/www.radiopiu.net\/wordpress\/wp-content\/uploads\/2025\/03\/LA-FILARMONICA-2-300x212.jpg 300w, https:\/\/www.radiopiu.net\/wordpress\/wp-content\/uploads\/2025\/03\/LA-FILARMONICA-2-1024x724.jpg 1024w, https:\/\/www.radiopiu.net\/wordpress\/wp-content\/uploads\/2025\/03\/LA-FILARMONICA-2-768x543.jpg 768w, https:\/\/www.radiopiu.net\/wordpress\/wp-content\/uploads\/2025\/03\/LA-FILARMONICA-2-1536x1086.jpg 1536w, https:\/\/www.radiopiu.net\/wordpress\/wp-content\/uploads\/2025\/03\/LA-FILARMONICA-2-2048x1448.jpg 2048w\" sizes=\"auto, (max-width: 202px) 100vw, 202px\" \/><\/a>BORGO VALBELLUNA <\/strong>Nonostante il cielo grigio e qualche goccia di pioggia, l\u2019aula magna della scuola di Lentiai si \u00e8 riempita di colori grazie alle note della Filarmonica locale. Gli studenti della Scuola Secondaria di Primo Grado hanno assistito con entusiasmo all\u2019esibizione, organizzata dalla professoressa Erika De Bortoli per avvicinarli alla musica in modo coinvolgente. L\u2019Istituto Comprensivo di Mel vanta dal 2008 l\u2019indirizzo musicale ed \u00e8 parte della rete SMIM. Il programma della Filarmonica ha spaziato dal jazz alle colonne sonore, passando per brani celebri come <em data-start=\"560\" data-end=\"570\">Thriller<\/em> e un medley di Ennio Morricone. Il maestro Domenico Vello, anima della banda, ha illustrato con passione il ruolo e la storia degli strumenti. La Filarmonica, fondata nel 1838, \u00e8 una realt\u00e0 inclusiva che unisce giovani e veterani nella passione per la musica. I ragazzi hanno posto domande curiose, dimostrando interesse per gli strumenti e le melodie proposte. L\u2019evento si \u00e8 concluso con lunghi applausi e l\u2019auspicio di una futura esibizione, lasciando un segno profondo nel cuore degli studenti.<\/p>\n<p>&nbsp;<\/p>\n<p>&nbsp;<\/p>\n<hr \/>\n<p>&nbsp;<\/p>\n<blockquote>\n<h3><a class=\"dt-pswp-item\" href=\"https:\/\/www.radiopiu.net\/wordpress\/wp-content\/uploads\/2025\/03\/amici-di-urussanga-direttivo.jpeg\" data-dt-img-description=\"\" data-large_image_width=\"2048\" data-large_image_height=\"1536\"><img loading=\"lazy\" decoding=\"async\" class=\" wp-image-439949 alignleft\" src=\"https:\/\/www.radiopiu.net\/wordpress\/wp-content\/uploads\/2025\/03\/amici-di-urussanga-direttivo-300x225.jpeg\" alt=\"\" width=\"203\" height=\"152\" srcset=\"https:\/\/www.radiopiu.net\/wordpress\/wp-content\/uploads\/2025\/03\/amici-di-urussanga-direttivo-300x225.jpeg 300w, https:\/\/www.radiopiu.net\/wordpress\/wp-content\/uploads\/2025\/03\/amici-di-urussanga-direttivo-1024x768.jpeg 1024w, https:\/\/www.radiopiu.net\/wordpress\/wp-content\/uploads\/2025\/03\/amici-di-urussanga-direttivo-768x576.jpeg 768w, https:\/\/www.radiopiu.net\/wordpress\/wp-content\/uploads\/2025\/03\/amici-di-urussanga-direttivo-1536x1152.jpeg 1536w, https:\/\/www.radiopiu.net\/wordpress\/wp-content\/uploads\/2025\/03\/amici-di-urussanga-direttivo.jpeg 2048w\" sizes=\"auto, (max-width: 203px) 100vw, 203px\" \/><\/a>AMICI DI URUSSANGA: NEL SEGNO DELLA CONTINUITA&#8217;<\/h3>\n<\/blockquote>\n<p><strong>LONGARONE<\/strong> L\u2019assemblea degli Amici di Urussanga ha ricordato con commozione il fondatore Luigino Olivier, scomparso a gennaio, e ha eletto come nuovo presidente il figlio Claudio. Il sodalizio, che mantiene vivi i legami con la comunit\u00e0 brasiliana di origine bellunese, ha rinnovato il direttivo e confermato l\u2019impegno per nuove iniziative nel 2025, tra cui il Premio Hedi Damian. Presenti all\u2019incontro diverse autorit\u00e0, tra cui il sindaco di Longarone, che ha sottolineato il valore dell\u2019associazione nel rafforzare i rapporti con Urussanga. Si guarda al 2026, quando l\u2019associazione celebrer\u00e0 i 35 anni di attivit\u00e0.<\/p>\n<p>&nbsp;<\/p>\n<p>&nbsp;<\/p>\n<hr \/>\n<p>&nbsp;<\/p>\n<blockquote>\n<h3>CONTROLLI SU PMI: POTENZIALMENTE QUASI 130 ALL\u2019ANNO DA 22 ENTI DIVERSI<\/h3>\n<\/blockquote>\n<p><strong>Ipoteticamente rischiano un\u2019attivit\u00e0 ispettiva ogni tre giorni<\/strong><br \/>\n======<\/p>\n<p><a class=\"dt-pswp-item\" href=\"https:\/\/www.radiopiu.net\/wordpress\/wp-content\/uploads\/2025\/03\/20250315085451.png\" data-dt-img-description=\"\" data-large_image_width=\"593\" data-large_image_height=\"287\"><img loading=\"lazy\" decoding=\"async\" class=\"size-medium wp-image-439838 alignleft\" src=\"https:\/\/www.radiopiu.net\/wordpress\/wp-content\/uploads\/2025\/03\/20250315085451-300x145.png\" alt=\"\" width=\"300\" height=\"145\" srcset=\"https:\/\/www.radiopiu.net\/wordpress\/wp-content\/uploads\/2025\/03\/20250315085451-300x145.png 300w, https:\/\/www.radiopiu.net\/wordpress\/wp-content\/uploads\/2025\/03\/20250315085451.png 593w\" sizes=\"auto, (max-width: 300px) 100vw, 300px\" \/><\/a>Non viviamo in uno Stato di polizia. Ci mancherebbe altro. Tuttavia, almeno in linea puramente teorica, una Pmi rischia, a seguito dell\u2019attivit\u00e0 ispettiva condotta da almeno 22 autorit\u00e0 pubbliche diverse, quasi 130 controlli all\u2019anno; ipoteticamente uno ogni tre giorni. Insomma, chi ha una partita Iva in ogni momento pu\u00f2 finire nel \u201cmirino\u201d di qualsivoglia ente pubblico (vedi Tab. 1).<\/p>\n<p>Ben diverso \u00e8 il pericolo che corrono le attivit\u00e0 che lavorano completamente in nero. Vista la loro diffusione, in particolare in alcune aree del Paese, la storia ci insegna che gli abusivi e le imprese completamente sommerse hanno sicuramente meno probabilit\u00e0 di essere \u201cpizzicati\u201d degli imprenditori che svolgono la propria attivit\u00e0 nel rispetto di tutti gli obblighi normativi.<\/p>\n<p>Nell\u2019ultimo anno in cui i dati sono disponibili, ad esempio, in materia fiscale e di lavoro tra lettere di compliance, controlli strumentali, accertamenti, verifiche e ispezioni sono stati interessati, salvo sovrapposizioni, 4 milioni di contribuenti, nella quasi totalit\u00e0 tutti in<br \/>\npossesso di una partita Iva (vedi Tab. 2).<\/p>\n<p>In generale, la platea degli enti pubblici preposti all\u2019attivit\u00e0 di controllo delle quattro aree monitorate in questo report \u00e8 composta dall\u2019Inps, dall\u2019Inail, dall\u2019Ispettorato Nazionale del Lavoro, dall\u2019Agenzia delle Entrate, dall\u2019Agenzia delle Dogane e dei Monopoli, dalla Guardia di Finanza, dalle Societ\u00e0 di prevenzione delle Aziende ospedaliere, dai Comuni\/Polizia Locale, Province, Regioni, Vigili del Fuoco, Camere di Commercio, Autorit\u00e0 Garante della Privacy, Carabinieri forestali, NAS, NOE, NIL, SIAE; SFC, RAI, etc.<\/p>\n<p>Nell\u2019analisi condotta dall\u2019Ufficio studi della CGIA sono stati monitorati i principali controlli che una piccola azienda pu\u00f2 subire a seguito dell\u2019attivit\u00e0 ispettiva realizzata dagli enti statali\/locali preposti. Ovviamente, non si \u00e8 tenuto conto che anche i Tir, i camion, i furgoni e i veicoli professionali di propriet\u00e0 delle imprese possono essere fermati e controllati durante gli spostamenti di lavoro dalla Polizia Stradale, dalla Polizia Locale, dai Carabinieri e dalla Guardia di Finanza.<\/p>\n<p><strong>Con troppe norme, non si \u00e8 mai in regola. Servono pi\u00f9 controlli informali<\/strong><br \/>\nCon un coacervo di norme spesso incomprensibili, qualsiasi imprenditore, soprattutto se piccolo, corre il pericolo di non essere mai in regola con la legge. Pertanto, l\u2019ipotesi di un controllo viene vissuto dal titolare dell\u2019attivit\u00e0 come un <a class=\"dt-pswp-item\" href=\"https:\/\/www.radiopiu.net\/wordpress\/wp-content\/uploads\/2025\/03\/20250315085509.png\" data-dt-img-description=\"\" data-large_image_width=\"631\" data-large_image_height=\"432\"><img loading=\"lazy\" decoding=\"async\" class=\"size-medium wp-image-439839 alignleft\" src=\"https:\/\/www.radiopiu.net\/wordpress\/wp-content\/uploads\/2025\/03\/20250315085509-300x205.png\" alt=\"\" width=\"300\" height=\"205\" srcset=\"https:\/\/www.radiopiu.net\/wordpress\/wp-content\/uploads\/2025\/03\/20250315085509-300x205.png 300w, https:\/\/www.radiopiu.net\/wordpress\/wp-content\/uploads\/2025\/03\/20250315085509.png 631w\" sizes=\"auto, (max-width: 300px) 100vw, 300px\" \/><\/a>incubo che rischia di gettare nel panico chiunque. Per superare questa situazione \u00e8 auspicabile la riduzione del quadro normativo generale, rendendo altres\u00ec pi\u00f9 semplici e comprensibili le leggi, i decreti, le ordinanze, le circolari e i regolamenti attuativi. Dove \u00e8 possibile, infine, va incrementato il numero di controlli eseguiti da remoto per via telematica, alleggerendo cos\u00ec l\u2019oppressione burocratica che incombe sulle imprese.<\/p>\n<p><strong>Negli ultimi 5 anni in UE approvate 13.000 norme, negli USA 5.500<\/strong><br \/>\nPurtroppo, l\u2019onere normativo che grava sulle imprese non riguarda solo quelle approvate dal nostro Parlamento nazionale, ma anche dal legislatore europeo. Per alleggerire il carico imposto da Bruxelles, all\u2019inizio del secondo mandato la Presidente della Commissione, Ursula Von der Leyen, ha annunciato l\u2019approvazione di una serie di \u201cpacchetti omnibus\u201d che dovranno ridurre la burocrazia e gli oneri amministrativi legati alle regole dell\u2019Unione. \u00a0L\u2019obiettivo \u00e8 far risparmiare alle imprese 37,5 miliardi di euro di costi amministrativi entro la fine della legislatura. Un obbiettivo pi\u00f9 che condivisibile, visto che nel periodo 2019-2024 in UE sono state approvate 13.000 norme, contro i 3.500 testi promulgati in USA a cui si aggiungono le 2.000 risoluzioni approvate a livello federale.<\/p>\n<p><strong>Le 4 aree monitorate<\/strong><br \/>\nIn questo approfondimento il quadro legislativo generale \u00e8 stato suddiviso in quattro grandi aree. Successivamente, per ciascuna di esse \u00e8 stato calcolato il numero dei principali controlli che una piccola azienda pu\u00f2 subire a seguito dell\u2019attivit\u00e0 ispettiva realizzata dagli enti preposti. In estrema sintesi, riportiamo pi\u00f9 sotto i 4 settori, il numero di potenziali ispezioni e le strutture pubbliche coinvolte:<\/p>\n<p>Ambiente e sicurezza nei luoghi di lavoro: quest\u2019area \u00e8 la pi\u00f9 a \u201crischio\u201d: \u00e8 interessata da 60 possibili controlli che possono essere effettuati da 11 enti ed istituti diversi (vedi Tab. 3);<br \/>\nFisco: in questo ambito il numero dei controlli \u00e8 pari a 30 e sono 6 le agenzie e gli enti coinvolti (vedi Tab. 4);<br \/>\nContrattualistica: nell\u2019area lavoro il numero dei possibili controlli si attesta a 21, mentre gli istituti e le agenzie interessate sono 4 (vedi Tab. 5);<br \/>\nAmministrativa: questo settore registra 11 controlli che sono ad appannaggio di 7 diversi enti ed istituti (vedi Tab. 6).<\/p>\n<p><strong>Ambiente e sicurezza: il settore pi\u00f9 a rischio controlli<\/strong><br \/>\nTra i 4 settori analizzati quello a pi\u00f9 alta \u201cdensit\u00e0\u201d di potenziali controlli \u00e8 l\u2019area ambiente e sicurezza nei luoghi di lavoro. Sono 67, infatti, i controlli che una piccola attivit\u00e0 potrebbe teoricamente subire durante l\u2019anno. Le voci pi\u00f9 a \u201crischio\u201d riguardano la conformit\u00e0\/mantenimento dell\u2019efficienza degli impianti (elettrici, idrici, gas, etc.), il rispetto delle norme sugli scarichi, sulla corretta gestione dei rifiuti e sulle misure antincendio. In tutte le circostanze sono 13 diversi enti che hanno specifiche competenze in materia di controllo. Le pi\u00f9 coinvolte sono le ASL\/ULSS, l\u2019Agenzia Regionale per la Protezione Ambientale, i NAS, i NOE, i NIL e la Polizia Locale. Altrettanto \u201cimpegnative\u201d sono la presenza e il rispetto delle prescrizioni riferite alle emissioni in atmosfera, gli obblighi formativi in materia di sicurezza sul lavoro, i piani di sicurezza e la valutazione dei rischi.<\/p>\n<a href=\"https:\/\/www.radiopiu.net\/wordpress\/wp-content\/uploads\/2025\/03\/Tab.-3-4-5-6.pdf\" class=\"pdfemb-viewer\" style=\"\" data-width=\"max\" data-height=\"max\" data-toolbar=\"top\" data-toolbar-fixed=\"on\">Tab. 3-4-5-6<\/a>\n<p>&nbsp;<\/p>\n<p>&nbsp;<\/p>\n<hr \/>\n<p>&nbsp;<\/p>\n<blockquote>\n<h3>VENERDI&#8217; IL CONSIGLIO DELL&#8217;UNIONE MONTANA AGORDINA<\/h3>\n<\/blockquote>\n<p><strong>AGORDO<\/strong> Il Consiglio dell&#8217;Unione Montana Agordina si riunir\u00e0 venerd\u00ec alle 20:00 presso la Sala Don Tamis ad Agordo. Tra i punti in discussione ci sono l&#8217;approvazione dei verbali della seduta precedente, variazioni al bilancio 2025-2027, convenzioni per la gestione delle strutture sportive, della Centrale Unica di Committenza, della protezione civile, dei beni silvo-pastorali, e la relazione dell&#8217;unit\u00e0 di controllo per il secondo semestre 2024. Seguiranno le comunicazioni del Presidente.<\/p>\n<p>&nbsp;<\/p>\n<p>&nbsp;<\/p>\n<hr \/>\n<p>&nbsp;<\/p>\n<h2 data-start=\"0\" data-end=\"55\"><span style=\"color: #ff0000;\">CONSIGLI COMUNALI IN AGORDINO<\/span><\/h2>\n<h3 data-start=\"0\" data-end=\"55\"><strong style=\"font-size: 14px;\">COLLE SANTA LUCIA<\/strong><span style=\"font-size: 14px; font-weight: normal;\"> Si terr\u00e0 mercoled\u00ec alle ore 18 il prossimo Consiglio Comunale di Colle Santa Lucia. In discussione il regolamento per i controlli interni, il bilancio di previsione dell\u2019ASCA, il bilancio di previsione 2025-2027, l\u2019approvazione della Convenzione Ladina e il regolamento per l\u2019alienazione di beni immobili.<\/span><\/h3>\n<p><strong>SELVA DI CADORE<\/strong> Il sindaco Luca Lorenzini ha convocato i consiglieri per gioved\u00ec alle 18:30. Tre punti all&#8217;ordine del giorno tra cui una variazione a bilancio e l&#8217;approvazione del bilancio 2025\/27 di ASCA<\/p>\n<p>&nbsp;<\/p>\n<p>&nbsp;<\/p>\n<hr \/>\n<p>&nbsp;<\/p>\n<blockquote>\n<h3>STORIE DI MONTAGNA CON PAOLO SOPPELSA E LUCA SOPPELSA<\/h3>\n<\/blockquote>\n<p><strong>DI MARINA DONA&#8217;<\/strong><\/p>\n<p><strong>CENCENIGHE <\/strong>Dopo il debutto del 4 gennaio 2025 a San Tomaso Agordino, Paolo Soppelsa e Luca Soppelsa fanno il bis nella sala consigliare di Cencenighe Agordino, nella piovosa serata del 15 marzo 2025. Grazie ai racconti e alla voce di Paolo, accompagnati dai filmati curati da Luca, sembra essere nata una forte unione artistica tra i due. Il risultato delle loro produzioni dedicate ai nostri luoghi ha riscosso un enorme successo, con la sala completamente sold out. Un ottimo lavoro di squadra che ha dato vita a diversi video, non solo su San Tomaso e Cencenighe, ma anche su altri luoghi affascinanti come il Castello di Andraz, la Diga di Digonera e Valle Imperina. Grazie al loro impegno, molte persone potranno ammirare questi scenari da prospettive inedite, anche comodamente da casa, attraverso il canale YouTube sul canale <em data-start=\"838\" data-end=\"856\">Luca Soppelsa 71<\/em>.<\/p>\n<p><strong>LE FOTO<\/strong><\/p>\n\n\t\t\t<style type='text\/css'>\n\t\t\t\t#gallery-4 {\n\t\t\t\t\tmargin: auto;\n\t\t\t\t}\n\t\t\t\t#gallery-4 .gallery-item {\n\t\t\t\t\tfloat: left;\n\t\t\t\t\tmargin-top: 10px;\n\t\t\t\t\ttext-align: center;\n\t\t\t\t\twidth: 25%;\n\t\t\t\t}\n\t\t\t\t#gallery-4 img {\n\t\t\t\t\tborder: 2px solid #cfcfcf;\n\t\t\t\t}\n\t\t\t\t#gallery-4 .gallery-caption {\n\t\t\t\t\tmargin-left: 0;\n\t\t\t\t}\n\t\t\t\t\/* see gallery_shortcode() in wp-includes\/media.php *\/\n\t\t\t<\/style>\n\t\t<div id='gallery-4' class='dt-gallery-container gallery galleryid-439847 gallery-columns-4 gallery-size-thumbnail'><dl class='gallery-item'>\n\t\t\t\t<dt class='gallery-icon landscape'>\n\t\t\t\t\t<a class=\"rollover rollover-zoom dt-pswp-item\" title=\"daeb2642-e3a4-4184-8343-612ca774a34c\" data-dt-img-description=\"\" data-large_image_width=\"1224\" data-large_image_height=\"949\"href='https:\/\/www.radiopiu.net\/wordpress\/wp-content\/uploads\/2025\/03\/daeb2642-e3a4-4184-8343-612ca774a34c.jpg'><img loading=\"lazy\" decoding=\"async\" width=\"150\" height=\"150\" src=\"https:\/\/www.radiopiu.net\/wordpress\/wp-content\/uploads\/2025\/03\/daeb2642-e3a4-4184-8343-612ca774a34c-150x150.jpg\" class=\"attachment-thumbnail size-thumbnail\" alt=\"\" \/><\/a>\n\t\t\t\t<\/dt><\/dl><dl class='gallery-item'>\n\t\t\t\t<dt class='gallery-icon landscape'>\n\t\t\t\t\t<a class=\"rollover rollover-zoom dt-pswp-item\" title=\"b113de06-d055-4d77-a4f3-0b2aca076475\" data-dt-img-description=\"\" data-large_image_width=\"1600\" data-large_image_height=\"1200\"href='https:\/\/www.radiopiu.net\/wordpress\/wp-content\/uploads\/2025\/03\/b113de06-d055-4d77-a4f3-0b2aca076475.jpg'><img loading=\"lazy\" decoding=\"async\" width=\"150\" height=\"150\" src=\"https:\/\/www.radiopiu.net\/wordpress\/wp-content\/uploads\/2025\/03\/b113de06-d055-4d77-a4f3-0b2aca076475-150x150.jpg\" class=\"attachment-thumbnail size-thumbnail\" alt=\"\" \/><\/a>\n\t\t\t\t<\/dt><\/dl><dl class='gallery-item'>\n\t\t\t\t<dt class='gallery-icon landscape'>\n\t\t\t\t\t<a class=\"rollover rollover-zoom dt-pswp-item\" title=\"6fa8a34c-3261-45e3-aa21-418e6be33e05\" data-dt-img-description=\"\" data-large_image_width=\"1600\" data-large_image_height=\"1200\"href='https:\/\/www.radiopiu.net\/wordpress\/wp-content\/uploads\/2025\/03\/6fa8a34c-3261-45e3-aa21-418e6be33e05.jpg'><img loading=\"lazy\" decoding=\"async\" width=\"150\" height=\"150\" src=\"https:\/\/www.radiopiu.net\/wordpress\/wp-content\/uploads\/2025\/03\/6fa8a34c-3261-45e3-aa21-418e6be33e05-150x150.jpg\" class=\"attachment-thumbnail size-thumbnail\" alt=\"\" \/><\/a>\n\t\t\t\t<\/dt><\/dl><dl class='gallery-item'>\n\t\t\t\t<dt class='gallery-icon landscape'>\n\t\t\t\t\t<a class=\"rollover rollover-zoom dt-pswp-item\" title=\"733dca6f-24e5-4f6a-a352-52aa1c7db51a\" data-dt-img-description=\"\" data-large_image_width=\"1600\" data-large_image_height=\"1200\"href='https:\/\/www.radiopiu.net\/wordpress\/wp-content\/uploads\/2025\/03\/733dca6f-24e5-4f6a-a352-52aa1c7db51a.jpg'><img loading=\"lazy\" decoding=\"async\" width=\"150\" height=\"150\" src=\"https:\/\/www.radiopiu.net\/wordpress\/wp-content\/uploads\/2025\/03\/733dca6f-24e5-4f6a-a352-52aa1c7db51a-150x150.jpg\" class=\"attachment-thumbnail size-thumbnail\" alt=\"\" \/><\/a>\n\t\t\t\t<\/dt><\/dl><br style=\"clear: both\" \/><dl class='gallery-item'>\n\t\t\t\t<dt class='gallery-icon landscape'>\n\t\t\t\t\t<a class=\"rollover rollover-zoom dt-pswp-item\" title=\"cedc06d4-ef94-4f94-8b4e-b3c86b833a3e\" data-dt-img-description=\"\" data-large_image_width=\"1600\" data-large_image_height=\"1200\"href='https:\/\/www.radiopiu.net\/wordpress\/wp-content\/uploads\/2025\/03\/cedc06d4-ef94-4f94-8b4e-b3c86b833a3e.jpg'><img loading=\"lazy\" decoding=\"async\" width=\"150\" height=\"150\" src=\"https:\/\/www.radiopiu.net\/wordpress\/wp-content\/uploads\/2025\/03\/cedc06d4-ef94-4f94-8b4e-b3c86b833a3e-150x150.jpg\" class=\"attachment-thumbnail size-thumbnail\" alt=\"\" \/><\/a>\n\t\t\t\t<\/dt><\/dl><dl class='gallery-item'>\n\t\t\t\t<dt class='gallery-icon landscape'>\n\t\t\t\t\t<a class=\"rollover rollover-zoom dt-pswp-item\" title=\"46594f3e-ba50-41e6-b2f0-acb570bdf4d5\" data-dt-img-description=\"\" data-large_image_width=\"1600\" data-large_image_height=\"1200\"href='https:\/\/www.radiopiu.net\/wordpress\/wp-content\/uploads\/2025\/03\/46594f3e-ba50-41e6-b2f0-acb570bdf4d5.jpg'><img loading=\"lazy\" decoding=\"async\" width=\"150\" height=\"150\" src=\"https:\/\/www.radiopiu.net\/wordpress\/wp-content\/uploads\/2025\/03\/46594f3e-ba50-41e6-b2f0-acb570bdf4d5-150x150.jpg\" class=\"attachment-thumbnail size-thumbnail\" alt=\"\" \/><\/a>\n\t\t\t\t<\/dt><\/dl><dl class='gallery-item'>\n\t\t\t\t<dt class='gallery-icon landscape'>\n\t\t\t\t\t<a class=\"rollover rollover-zoom dt-pswp-item\" title=\"59380305-8545-4171-a720-5729d78c313b\" data-dt-img-description=\"\" data-large_image_width=\"1296\" data-large_image_height=\"972\"href='https:\/\/www.radiopiu.net\/wordpress\/wp-content\/uploads\/2025\/03\/59380305-8545-4171-a720-5729d78c313b.jpg'><img loading=\"lazy\" decoding=\"async\" width=\"150\" height=\"150\" src=\"https:\/\/www.radiopiu.net\/wordpress\/wp-content\/uploads\/2025\/03\/59380305-8545-4171-a720-5729d78c313b-150x150.jpg\" class=\"attachment-thumbnail size-thumbnail\" alt=\"\" \/><\/a>\n\t\t\t\t<\/dt><\/dl><dl class='gallery-item'>\n\t\t\t\t<dt class='gallery-icon landscape'>\n\t\t\t\t\t<a class=\"rollover rollover-zoom dt-pswp-item\" title=\"74a127c4-338c-4510-bcd6-263c8d09d302\" data-dt-img-description=\"\" data-large_image_width=\"1600\" data-large_image_height=\"1200\"href='https:\/\/www.radiopiu.net\/wordpress\/wp-content\/uploads\/2025\/03\/74a127c4-338c-4510-bcd6-263c8d09d302.jpg'><img loading=\"lazy\" decoding=\"async\" width=\"150\" height=\"150\" src=\"https:\/\/www.radiopiu.net\/wordpress\/wp-content\/uploads\/2025\/03\/74a127c4-338c-4510-bcd6-263c8d09d302-150x150.jpg\" class=\"attachment-thumbnail size-thumbnail\" alt=\"\" \/><\/a>\n\t\t\t\t<\/dt><\/dl><br style=\"clear: both\" \/><dl class='gallery-item'>\n\t\t\t\t<dt class='gallery-icon landscape'>\n\t\t\t\t\t<a class=\"rollover rollover-zoom dt-pswp-item\" title=\"72c94014-b822-4757-9fac-b9707950f9bf\" data-dt-img-description=\"\" data-large_image_width=\"1600\" data-large_image_height=\"1200\"href='https:\/\/www.radiopiu.net\/wordpress\/wp-content\/uploads\/2025\/03\/72c94014-b822-4757-9fac-b9707950f9bf.jpg'><img loading=\"lazy\" decoding=\"async\" width=\"150\" height=\"150\" src=\"https:\/\/www.radiopiu.net\/wordpress\/wp-content\/uploads\/2025\/03\/72c94014-b822-4757-9fac-b9707950f9bf-150x150.jpg\" class=\"attachment-thumbnail size-thumbnail\" alt=\"\" \/><\/a>\n\t\t\t\t<\/dt><\/dl><dl class='gallery-item'>\n\t\t\t\t<dt class='gallery-icon landscape'>\n\t\t\t\t\t<a class=\"rollover rollover-zoom dt-pswp-item\" title=\"58faaaa3-a64c-416e-9f59-26108c0786e9\" data-dt-img-description=\"\" data-large_image_width=\"1224\" data-large_image_height=\"877\"href='https:\/\/www.radiopiu.net\/wordpress\/wp-content\/uploads\/2025\/03\/58faaaa3-a64c-416e-9f59-26108c0786e9.jpg'><img loading=\"lazy\" decoding=\"async\" width=\"150\" height=\"150\" src=\"https:\/\/www.radiopiu.net\/wordpress\/wp-content\/uploads\/2025\/03\/58faaaa3-a64c-416e-9f59-26108c0786e9-150x150.jpg\" class=\"attachment-thumbnail size-thumbnail\" alt=\"\" \/><\/a>\n\t\t\t\t<\/dt><\/dl><dl class='gallery-item'>\n\t\t\t\t<dt class='gallery-icon landscape'>\n\t\t\t\t\t<a class=\"rollover rollover-zoom dt-pswp-item\" title=\"be08a1c9-49ce-445b-b886-1585abd93aaa\" data-dt-img-description=\"\" data-large_image_width=\"1600\" data-large_image_height=\"1200\"href='https:\/\/www.radiopiu.net\/wordpress\/wp-content\/uploads\/2025\/03\/be08a1c9-49ce-445b-b886-1585abd93aaa.jpg'><img loading=\"lazy\" decoding=\"async\" width=\"150\" height=\"150\" src=\"https:\/\/www.radiopiu.net\/wordpress\/wp-content\/uploads\/2025\/03\/be08a1c9-49ce-445b-b886-1585abd93aaa-150x150.jpg\" class=\"attachment-thumbnail size-thumbnail\" alt=\"\" \/><\/a>\n\t\t\t\t<\/dt><\/dl><dl class='gallery-item'>\n\t\t\t\t<dt class='gallery-icon landscape'>\n\t\t\t\t\t<a class=\"rollover rollover-zoom dt-pswp-item\" title=\"27345ae6-1d17-4b87-a87e-2a6f474e0503\" data-dt-img-description=\"\" data-large_image_width=\"1600\" data-large_image_height=\"1200\"href='https:\/\/www.radiopiu.net\/wordpress\/wp-content\/uploads\/2025\/03\/27345ae6-1d17-4b87-a87e-2a6f474e0503.jpg'><img loading=\"lazy\" decoding=\"async\" width=\"150\" height=\"150\" src=\"https:\/\/www.radiopiu.net\/wordpress\/wp-content\/uploads\/2025\/03\/27345ae6-1d17-4b87-a87e-2a6f474e0503-150x150.jpg\" class=\"attachment-thumbnail size-thumbnail\" alt=\"\" \/><\/a>\n\t\t\t\t<\/dt><\/dl><br style=\"clear: both\" \/>\n\t\t\t<\/div>\n\n<p>&nbsp;<\/p>\n<p><strong>IL VIDEO<\/strong><\/p>\n<p><iframe loading=\"lazy\" title=\"Storie Di Montagna - Cencenighe 15 marzo 2025\" width=\"1200\" height=\"675\" src=\"https:\/\/www.youtube.com\/embed\/pb9K7wzKNb8?feature=oembed\" frameborder=\"0\" allow=\"accelerometer; autoplay; clipboard-write; encrypted-media; gyroscope; picture-in-picture; web-share\" referrerpolicy=\"strict-origin-when-cross-origin\" allowfullscreen><\/iframe><\/p>\n<p>&nbsp;<\/p>\n<hr \/>\n<p>&nbsp;<\/p>\n<blockquote>\n<h3>L&#8217;ATOMIC PARTY&#8230;UN SUCCESSO<\/h3>\n<\/blockquote>\n<p>Con il successo dell\u2019Atomic Party, anche per l\u2019anno scolastico 2024\/25 la tradizione pluridecennale delle feste di indirizzo del Follador De Rossi \u00e8 stata rispettata. Organizzate storicamente dalle classi quinte del minerario (<em data-start=\"321\" data-end=\"336\">Santa Barbara<\/em>) e del chimico (<em data-start=\"357\" data-end=\"371\">Atomic Party<\/em>), a cui si sono aggiunti gli studenti del liceo sportivo (<em data-start=\"434\" data-end=\"449\">Paradise Lost<\/em>), queste feste hanno lo scopo di sovvenzionare i viaggi d\u2019istruzione. Gli eventi sono gestiti interamente dagli studenti che, collaborando tra loro e confrontandosi con chi li ha organizzati in passato, si suddividono i compiti: cercano sponsor, si occupano di ingaggi, fornitori, permessi e dell\u2019allestimento della location. Un plauso va quindi ai ragazzi delle quinte chimico, minerario e sportivo per il loro impegno. Un doveroso ringraziamento va agli sponsor, agli imprenditori e ai commercianti che supportano questi eventi, cos\u00ec come ai docenti, sempre presenti nel consigliare e aiutare i ragazzi a districarsi tra burocrazia, permessi, sicurezza e molto altro.<\/p>\n<p>Grazie a tutti! &#8211; I genitori della 5\u00aaC<\/p>\n\n\t\t\t<style type='text\/css'>\n\t\t\t\t#gallery-5 {\n\t\t\t\t\tmargin: auto;\n\t\t\t\t}\n\t\t\t\t#gallery-5 .gallery-item {\n\t\t\t\t\tfloat: left;\n\t\t\t\t\tmargin-top: 10px;\n\t\t\t\t\ttext-align: center;\n\t\t\t\t\twidth: 50%;\n\t\t\t\t}\n\t\t\t\t#gallery-5 img {\n\t\t\t\t\tborder: 2px solid #cfcfcf;\n\t\t\t\t}\n\t\t\t\t#gallery-5 .gallery-caption {\n\t\t\t\t\tmargin-left: 0;\n\t\t\t\t}\n\t\t\t\t\/* see gallery_shortcode() in wp-includes\/media.php *\/\n\t\t\t<\/style>\n\t\t<div id='gallery-5' class='dt-gallery-container gallery galleryid-439847 gallery-columns-2 gallery-size-medium'><dl class='gallery-item'>\n\t\t\t\t<dt class='gallery-icon portrait'>\n\t\t\t\t\t<a class=\"rollover rollover-zoom dt-pswp-item\" title=\"82110c99-b9e8-472e-96bf-a09c20e33277\" data-dt-img-description=\"\" data-large_image_width=\"750\" data-large_image_height=\"1334\"href='https:\/\/www.radiopiu.net\/wordpress\/wp-content\/uploads\/2025\/03\/82110c99-b9e8-472e-96bf-a09c20e33277.jpg'><img loading=\"lazy\" decoding=\"async\" width=\"169\" height=\"300\" src=\"https:\/\/www.radiopiu.net\/wordpress\/wp-content\/uploads\/2025\/03\/82110c99-b9e8-472e-96bf-a09c20e33277-169x300.jpg\" class=\"attachment-medium size-medium\" alt=\"\" srcset=\"https:\/\/www.radiopiu.net\/wordpress\/wp-content\/uploads\/2025\/03\/82110c99-b9e8-472e-96bf-a09c20e33277-169x300.jpg 169w, https:\/\/www.radiopiu.net\/wordpress\/wp-content\/uploads\/2025\/03\/82110c99-b9e8-472e-96bf-a09c20e33277-576x1024.jpg 576w, https:\/\/www.radiopiu.net\/wordpress\/wp-content\/uploads\/2025\/03\/82110c99-b9e8-472e-96bf-a09c20e33277.jpg 750w\" sizes=\"auto, (max-width: 169px) 100vw, 169px\" \/><\/a>\n\t\t\t\t<\/dt><\/dl><dl class='gallery-item'>\n\t\t\t\t<dt class='gallery-icon portrait'>\n\t\t\t\t\t<a class=\"rollover rollover-zoom dt-pswp-item\" title=\"d4125fe6-2ee2-40dd-84c2-35d213a3c9a3\" data-dt-img-description=\"\" data-large_image_width=\"750\" data-large_image_height=\"1334\"href='https:\/\/www.radiopiu.net\/wordpress\/wp-content\/uploads\/2025\/03\/d4125fe6-2ee2-40dd-84c2-35d213a3c9a3.jpg'><img loading=\"lazy\" decoding=\"async\" width=\"169\" height=\"300\" src=\"https:\/\/www.radiopiu.net\/wordpress\/wp-content\/uploads\/2025\/03\/d4125fe6-2ee2-40dd-84c2-35d213a3c9a3-169x300.jpg\" class=\"attachment-medium size-medium\" alt=\"\" srcset=\"https:\/\/www.radiopiu.net\/wordpress\/wp-content\/uploads\/2025\/03\/d4125fe6-2ee2-40dd-84c2-35d213a3c9a3-169x300.jpg 169w, https:\/\/www.radiopiu.net\/wordpress\/wp-content\/uploads\/2025\/03\/d4125fe6-2ee2-40dd-84c2-35d213a3c9a3-576x1024.jpg 576w, https:\/\/www.radiopiu.net\/wordpress\/wp-content\/uploads\/2025\/03\/d4125fe6-2ee2-40dd-84c2-35d213a3c9a3.jpg 750w\" sizes=\"auto, (max-width: 169px) 100vw, 169px\" \/><\/a>\n\t\t\t\t<\/dt><\/dl><br style=\"clear: both\" \/>\n\t\t\t<\/div>\n\n<p>&nbsp;<\/p>\n<hr \/>\n<p>&nbsp;<\/p>\n<blockquote>\n<h3>POLO BIBLIOTECARIO DI FELTRE CHIUSO MARTEDI&#8217;<\/h3>\n<\/blockquote>\n<p><strong>FELTRE<\/strong> Il Comune di Feltre comunica che il Polo Bibliotecario Feltrino rester\u00e0 chiuso al pubblico marted\u00ec 18 marzo 2025 per permettere al personale di partecipare a un corso antincendio obbligatorio, in conformit\u00e0 al decreto legislativo 81\/2008 sulla sicurezza nei luoghi di lavoro. La chiusura \u00e8 disposta dal decreto sindacale n. 5 del 13 marzo 2025. Le Organizzazioni Sindacali sono state informate.<\/p>\n<p>&nbsp;<\/p>\n<p>&nbsp;<\/p>\n<hr \/>\n<p>&nbsp;<\/p>\n<blockquote>\n<h3>GUARDIA DI FINANZA: CONCORSO PER TITOLI ED ESAMI PER L&#8217;AMMISSIONE DI 1198 ALLIEVI MARESCIALLI<\/h3>\n<\/blockquote>\n<p><strong>BELLUNO <\/strong>Il concorso per l&#8217;anno accademico 2025\/2026 prevede l&#8217;ammissione di 1.198 allievi marescialli alla Scuola Ispettori e Sovrintendenti della Guardia di Finanza. I posti sono suddivisi in: 1.108 per il contingente ordinario, di cui 20 riservati a candidati con attestati specifici e 8 ai familiari di personale delle Forze armate e di polizia deceduto in servizio. 90 per il contingente di mare, suddivisi in specializzazioni come nocchiere, tecnico macchine e tecnico dei sistemi di comunicazione. Possono partecipare cittadini italiani tra i 17 e i 26 anni (entro il 26 marzo 2025), con possibili eccezioni per chi ha gi\u00e0 prestato servizio militare.<\/p>\n<p>&nbsp;<\/p>\n<p>&nbsp;<\/p>\n<hr \/>\n<p>&nbsp;<\/p>\n<blockquote>\n<h3><a class=\"dt-pswp-item\" href=\"https:\/\/www.radiopiu.net\/wordpress\/wp-content\/uploads\/2025\/03\/locandina1.jpeg\" data-dt-img-description=\"\" data-large_image_width=\"1131\" data-large_image_height=\"1600\"><img loading=\"lazy\" decoding=\"async\" class=\" wp-image-439873 alignleft\" src=\"https:\/\/www.radiopiu.net\/wordpress\/wp-content\/uploads\/2025\/03\/locandina1-212x300.jpeg\" alt=\"\" width=\"137\" height=\"194\" srcset=\"https:\/\/www.radiopiu.net\/wordpress\/wp-content\/uploads\/2025\/03\/locandina1-212x300.jpeg 212w, https:\/\/www.radiopiu.net\/wordpress\/wp-content\/uploads\/2025\/03\/locandina1-724x1024.jpeg 724w, https:\/\/www.radiopiu.net\/wordpress\/wp-content\/uploads\/2025\/03\/locandina1-768x1086.jpeg 768w, https:\/\/www.radiopiu.net\/wordpress\/wp-content\/uploads\/2025\/03\/locandina1-1086x1536.jpeg 1086w, https:\/\/www.radiopiu.net\/wordpress\/wp-content\/uploads\/2025\/03\/locandina1.jpeg 1131w\" sizes=\"auto, (max-width: 137px) 100vw, 137px\" \/><\/a>100 CENE PER EMERGENCY<\/h3>\n<\/blockquote>\n<p><strong>BELLUNO<\/strong> Il 22 marzo a Falcade, presso l&#8217;Hotel e Ristorante Stella Alpina, si terr\u00e0 la &#8220;100 Cene&#8221;, iniziativa di EMERGENCY che unisce buon cibo e solidariet\u00e0. L&#8217;evento sostiene gli ospedali dell&#8217;Ong attraverso cene, pranzi o aperitivi organizzati da ristoratori e volontari. I partecipanti potranno vivere un\u2019esperienza immersiva nell\u2019ospedale di EMERGENCY in Uganda tramite un visore VR. Anche nuovi ristoratori possono aderire all&#8217;iniziativa, devolvendo parte dell&#8217;incasso o dedicando un piatto speciale. I fondi raccolti supporteranno progetti in Sudan, Sierra Leone, Uganda, Iraq e Afghanistan, garantendo oltre 130mila pasti al mese ai pazienti e ai loro familiari. Per informazioni e adesioni, scrivere a <a rel=\"noopener\" data-start=\"702\" data-end=\"728\">eventi.gruppi@emergency.it<\/a>. Per prenotazioni, contattare il ristorante al 0437599046 o 3471087801 (anche WhatsApp).<\/p>\n<p>&nbsp;<\/p>\n<p>&nbsp;<\/p>\n<hr \/>\n<p>&nbsp;<\/p>\n<blockquote>\n<h3>LA WINE EXPERIENCE CON MOSTORICCO<\/h3>\n<\/blockquote>\n<p><strong><a class=\"dt-pswp-item\" href=\"https:\/\/www.radiopiu.net\/wordpress\/wp-content\/uploads\/2020\/06\/vino.jpg\" data-dt-img-description=\"\" data-large_image_width=\"1920\" data-large_image_height=\"1271\"><img loading=\"lazy\" decoding=\"async\" class=\" wp-image-141726 alignleft\" src=\"https:\/\/www.radiopiu.net\/wordpress\/wp-content\/uploads\/2020\/06\/vino-300x199.jpg\" alt=\"\" width=\"148\" height=\"98\" srcset=\"https:\/\/www.radiopiu.net\/wordpress\/wp-content\/uploads\/2020\/06\/vino-300x199.jpg 300w, https:\/\/www.radiopiu.net\/wordpress\/wp-content\/uploads\/2020\/06\/vino-1024x678.jpg 1024w, https:\/\/www.radiopiu.net\/wordpress\/wp-content\/uploads\/2020\/06\/vino-768x508.jpg 768w, https:\/\/www.radiopiu.net\/wordpress\/wp-content\/uploads\/2020\/06\/vino-1536x1017.jpg 1536w, https:\/\/www.radiopiu.net\/wordpress\/wp-content\/uploads\/2020\/06\/vino.jpg 1920w\" sizes=\"auto, (max-width: 148px) 100vw, 148px\" \/><\/a>AGORDO <\/strong>Per gli amanti del vino e delle esperienze enogastronomiche, Mostoricco propone due percorsi esclusivi presso l\u2019Azienda Agricola Tomasella Paolo a Mansu\u00e8 (TV). <strong data-start=\"298\" data-end=\"331\">Esperienza &#8220;Racconti di Vite&#8221;<\/strong> (min. 2 persone, 27 \u20ac\/persona). Un viaggio tra vigneti, parco e cantina con degustazione di 4 vini abbinati a salumi e formaggi locali. <strong data-start=\"472\" data-end=\"510\">Esperienza &#8220;Tales of Vine Premium&#8221;<\/strong> (min. 12 persone, 40 \u20ac\/persona) Un&#8217;esperienza pi\u00f9 completa che include, oltre alla visita e degustazione di 4 vini, taglieri, un primo piatto di stagione e cioccolato in abbinamento al dessert. Prenotazione con pagamento anticipato richiesta. Rimborso disponibile entro 48 ore dalla visita. Mail:\u00a0<a rel=\"noopener\" data-start=\"813\" data-end=\"841\">enoteca.mostoricco@gmail.com<\/a> oppure 333 6020068<\/p>\n<p>&nbsp;<\/p>\n<p>&nbsp;<\/p>\n<hr \/>\n<p>&nbsp;<\/p>\n<blockquote>\n<h3>AL CENTRO ASTRONOMICO DI ARSON A FELTRE<\/h3>\n<\/blockquote>\n<p><strong>FELTRE<\/strong> Il Centro Astronomico organizza due eventi di osservazione. Ultimo appuntamento il 29 marzo alle 11 \u00e8 prevista l\u2019osservazione dell\u2019eclisse parziale di Sole (11:30-12:49) e, se possibile, di Venere e Mercurio. In caso di maltempo, ci saranno conferenze al planetario. Il biglietto costa 5 euro, ma \u00e8 gratuito per i soci e i bambini sotto gli 11 anni.<\/p>\n<p>&nbsp;<\/p>\n<p>&nbsp;<\/p>\n<hr \/>\n<p>&nbsp;<\/p>\n<h1><span style=\"color: #ff6600;\">IERI ALLA RADIO\u00a0\u00a0<\/span><\/h1>\n<h2><span style=\"color: #0000ff;\">LA RASSEGNA STAMPA DA L&#8217;AMICO DEL POPOLO <\/span><\/h2>\n<p><strong><a class=\"dt-pswp-item\" href=\"https:\/\/www.radiopiu.net\/wordpress\/wp-content\/uploads\/2024\/12\/67ef4f4e-7d0e-450d-beb2-93039a994cde.jpg\" data-dt-img-description=\"\" data-large_image_width=\"1569\" data-large_image_height=\"1150\"><img loading=\"lazy\" decoding=\"async\" class=\" wp-image-425975 alignleft\" src=\"https:\/\/www.radiopiu.net\/wordpress\/wp-content\/uploads\/2024\/12\/67ef4f4e-7d0e-450d-beb2-93039a994cde-300x220.jpg\" alt=\"\" width=\"185\" height=\"136\" srcset=\"https:\/\/www.radiopiu.net\/wordpress\/wp-content\/uploads\/2024\/12\/67ef4f4e-7d0e-450d-beb2-93039a994cde-300x220.jpg 300w, https:\/\/www.radiopiu.net\/wordpress\/wp-content\/uploads\/2024\/12\/67ef4f4e-7d0e-450d-beb2-93039a994cde-1024x751.jpg 1024w, https:\/\/www.radiopiu.net\/wordpress\/wp-content\/uploads\/2024\/12\/67ef4f4e-7d0e-450d-beb2-93039a994cde-768x563.jpg 768w, https:\/\/www.radiopiu.net\/wordpress\/wp-content\/uploads\/2024\/12\/67ef4f4e-7d0e-450d-beb2-93039a994cde-1536x1126.jpg 1536w, https:\/\/www.radiopiu.net\/wordpress\/wp-content\/uploads\/2024\/12\/67ef4f4e-7d0e-450d-beb2-93039a994cde.jpg 1569w\" sizes=\"auto, (max-width: 185px) 100vw, 185px\" \/><\/a>DI GIANNI SANTOMASO<\/strong><\/p>\n<p>OSPITI: Chiara Nardi e Gabriele Riva<\/p>\n<audio class=\"wp-audio-shortcode\" id=\"audio-439847-7\" preload=\"none\" style=\"width: 100%;\" controls=\"controls\"><source type=\"audio\/mpeg\" src=\"https:\/\/www.radiopiu.net\/wordpress\/wp-content\/uploads\/2025\/03\/RASSEGNA-GIANNI-SITO.mp3?_=7\" \/><a href=\"https:\/\/www.radiopiu.net\/wordpress\/wp-content\/uploads\/2025\/03\/RASSEGNA-GIANNI-SITO.mp3\">https:\/\/www.radiopiu.net\/wordpress\/wp-content\/uploads\/2025\/03\/RASSEGNA-GIANNI-SITO.mp3<\/a><\/audio>\n<p>&nbsp;<\/p>\n<h2><span style=\"color: #ff99cc;\">DUE MINUTI PER TE<\/span><\/h2>\n<p><strong><a class=\"dt-pswp-item\" href=\"https:\/\/www.radiopiu.net\/wordpress\/wp-content\/uploads\/2020\/12\/DON-GIORGIO-LISE.jpg\" data-dt-img-description=\"\" data-large_image_width=\"1600\" data-large_image_height=\"901\"><img loading=\"lazy\" decoding=\"async\" class=\" wp-image-177420 alignleft\" src=\"https:\/\/www.radiopiu.net\/wordpress\/wp-content\/uploads\/2020\/12\/DON-GIORGIO-LISE-300x169.jpg\" alt=\"\" width=\"193\" height=\"109\" srcset=\"https:\/\/www.radiopiu.net\/wordpress\/wp-content\/uploads\/2020\/12\/DON-GIORGIO-LISE-300x169.jpg 300w, https:\/\/www.radiopiu.net\/wordpress\/wp-content\/uploads\/2020\/12\/DON-GIORGIO-LISE-1024x577.jpg 1024w, https:\/\/www.radiopiu.net\/wordpress\/wp-content\/uploads\/2020\/12\/DON-GIORGIO-LISE-768x432.jpg 768w, https:\/\/www.radiopiu.net\/wordpress\/wp-content\/uploads\/2020\/12\/DON-GIORGIO-LISE-1536x865.jpg 1536w, https:\/\/www.radiopiu.net\/wordpress\/wp-content\/uploads\/2020\/12\/DON-GIORGIO-LISE.jpg 1600w\" sizes=\"auto, (max-width: 193px) 100vw, 193px\" \/><\/a>APPUNTAMENTO DELLA DOMENICA CON IL PENSIERO DI ONSIGNOR GIORGIO LISE<\/strong><\/p>\n<audio class=\"wp-audio-shortcode\" id=\"audio-439847-8\" preload=\"none\" style=\"width: 100%;\" controls=\"controls\"><source type=\"audio\/mpeg\" src=\"https:\/\/www.radiopiu.net\/wordpress\/wp-content\/uploads\/2025\/03\/DON-GIORGIO-2.mp3?_=8\" \/><a href=\"https:\/\/www.radiopiu.net\/wordpress\/wp-content\/uploads\/2025\/03\/DON-GIORGIO-2.mp3\">https:\/\/www.radiopiu.net\/wordpress\/wp-content\/uploads\/2025\/03\/DON-GIORGIO-2.mp3<\/a><\/audio>\n<p>&nbsp;<\/p>\n<hr \/>\n<p>&nbsp;<\/p>\n<blockquote class=\"wp-embedded-content\" data-secret=\"MGXuGSHPRd\"><p><a href=\"https:\/\/www.radiopiu.net\/wordpress\/piu-siamo-con-marina-settimana-dal-10-al-14-marzo-2025\/\">PIU&#8217; SIAMO&#8230;CON MARINA &#8211; SETTIMANA DAL 10 AL 14 MARZO 2025<\/a><\/p><\/blockquote>\n<p><iframe loading=\"lazy\" class=\"wp-embedded-content\" sandbox=\"allow-scripts\" security=\"restricted\" style=\"position: absolute; visibility: hidden;\" title=\"&#8220;PIU&#8217; SIAMO&#8230;CON MARINA &#8211; SETTIMANA DAL 10 AL 14 MARZO 2025&#8221; &#8212; Radio Pi\u00f9\" src=\"https:\/\/www.radiopiu.net\/wordpress\/piu-siamo-con-marina-settimana-dal-10-al-14-marzo-2025\/embed\/#?secret=i9a4553oh1#?secret=MGXuGSHPRd\" data-secret=\"MGXuGSHPRd\" width=\"600\" height=\"338\" frameborder=\"0\" marginwidth=\"0\" marginheight=\"0\" scrolling=\"no\"><\/iframe><\/p>\n<p>&nbsp;<\/p>\n<hr \/>\n<p>&nbsp;<\/p>\n<blockquote class=\"wp-embedded-content\" data-secret=\"NO7W7wu99N\"><p><a href=\"https:\/\/www.radiopiu.net\/wordpress\/dallarchivio-di-giuliano-laveder-tra-storia-memorie-e-tradizione\/\">DALL\u2019ARCHIVIO DI GIULIANO LAVEDER: TRA STORIA, MEMORIE E TRADIZIONE<\/a><\/p><\/blockquote>\n<p><iframe loading=\"lazy\" class=\"wp-embedded-content\" sandbox=\"allow-scripts\" security=\"restricted\" style=\"position: absolute; visibility: hidden;\" title=\"&#8220;DALL\u2019ARCHIVIO DI GIULIANO LAVEDER: TRA STORIA, MEMORIE E TRADIZIONE&#8221; &#8212; Radio Pi\u00f9\" src=\"https:\/\/www.radiopiu.net\/wordpress\/dallarchivio-di-giuliano-laveder-tra-storia-memorie-e-tradizione\/embed\/#?secret=V8uhZQfkNZ#?secret=NO7W7wu99N\" data-secret=\"NO7W7wu99N\" width=\"600\" height=\"338\" frameborder=\"0\" marginwidth=\"0\" marginheight=\"0\" scrolling=\"no\"><\/iframe><\/p>\n<p>&nbsp;<\/p>\n<hr \/>\n<p>&nbsp;<\/p>\n<blockquote class=\"wp-embedded-content\" data-secret=\"fdBNsFEnby\"><p><a href=\"https:\/\/www.radiopiu.net\/wordpress\/sui-domini-collettivi-ossia-i-cosiddetti-usi-civici-le-regole-altri-dodicesima-parte\/\">SUI DOMINI COLLETTIVI OSSIA I COSIDDETTI USI CIVICI, LE REGOLE &#038; ALTRI \u2013 DODICESIMA PARTE<\/a><\/p><\/blockquote>\n<p><iframe loading=\"lazy\" class=\"wp-embedded-content\" sandbox=\"allow-scripts\" security=\"restricted\" style=\"position: absolute; visibility: hidden;\" title=\"&#8220;SUI DOMINI COLLETTIVI OSSIA I COSIDDETTI USI CIVICI, LE REGOLE &#038; ALTRI \u2013 DODICESIMA PARTE&#8221; &#8212; Radio Pi\u00f9\" src=\"https:\/\/www.radiopiu.net\/wordpress\/sui-domini-collettivi-ossia-i-cosiddetti-usi-civici-le-regole-altri-dodicesima-parte\/embed\/#?secret=zCo25hvGUE#?secret=fdBNsFEnby\" data-secret=\"fdBNsFEnby\" width=\"600\" height=\"338\" frameborder=\"0\" marginwidth=\"0\" marginheight=\"0\" scrolling=\"no\"><\/iframe><\/p>\n<p>&nbsp;<\/p>\n<hr \/>\n<p>&nbsp;<\/p>\n<h2><span style=\"color: #ff0000;\"><a class=\"dt-pswp-item\" href=\"https:\/\/www.radiopiu.net\/wordpress\/wp-content\/uploads\/2018\/09\/appuntamenti.jpeg\" data-dt-img-description=\"\" data-large_image_width=\"800\" data-large_image_height=\"100\"><img loading=\"lazy\" decoding=\"async\" class=\"wp-image-61958 size-full aligncenter\" src=\"https:\/\/www.radiopiu.net\/wordpress\/wp-content\/uploads\/2018\/09\/appuntamenti.jpeg\" alt=\"\" width=\"800\" height=\"100\" srcset=\"https:\/\/www.radiopiu.net\/wordpress\/wp-content\/uploads\/2018\/09\/appuntamenti.jpeg 800w, https:\/\/www.radiopiu.net\/wordpress\/wp-content\/uploads\/2018\/09\/appuntamenti-300x38.jpeg 300w, https:\/\/www.radiopiu.net\/wordpress\/wp-content\/uploads\/2018\/09\/appuntamenti-768x96.jpeg 768w\" sizes=\"auto, (max-width: 800px) 100vw, 800px\" \/><\/a><\/span><\/h2>\n<h3 dir=\"auto\"><\/h3>\n<blockquote>\n<h3>MORGAN &amp; BATTAGLIA I RESIDENT DJ DEL SAVE THE DATE FESTIVAL<\/h3>\n<\/blockquote>\n<p><strong>FALCADE <\/strong>Il palco si accende, le casse vibrano e l\u2019atmosfera si infiamma: Morgan e Battaglia sono pronti a farvi ballare senza sosta! Con selezioni potenti e beat travolgenti, il duo porter\u00e0 un\u2019ondata di pura energia al Rifugio Laresei. Quattro ospiti speciali arricchiranno il festival, ma sar\u00e0 la loro console a tenere il cuore pulsante della serata. L\u2019unica regola? Lasciarsi andare al ritmo e vivere la musica senza freni. Preparati a un\u2019esperienza indimenticabile! L&#8217;appuntamento \u00e8 per il 29 marzo al Rifugio Laresei<\/p>\n\n\t\t\t<style type='text\/css'>\n\t\t\t\t#gallery-6 {\n\t\t\t\t\tmargin: auto;\n\t\t\t\t}\n\t\t\t\t#gallery-6 .gallery-item {\n\t\t\t\t\tfloat: left;\n\t\t\t\t\tmargin-top: 10px;\n\t\t\t\t\ttext-align: center;\n\t\t\t\t\twidth: 20%;\n\t\t\t\t}\n\t\t\t\t#gallery-6 img {\n\t\t\t\t\tborder: 2px solid #cfcfcf;\n\t\t\t\t}\n\t\t\t\t#gallery-6 .gallery-caption {\n\t\t\t\t\tmargin-left: 0;\n\t\t\t\t}\n\t\t\t\t\/* see gallery_shortcode() in wp-includes\/media.php *\/\n\t\t\t<\/style>\n\t\t<div id='gallery-6' class='dt-gallery-container gallery galleryid-439847 gallery-columns-5 gallery-size-medium'><dl class='gallery-item'>\n\t\t\t\t<dt class='gallery-icon portrait'>\n\t\t\t\t\t<a class=\"rollover rollover-zoom dt-pswp-item\" title=\"475351389_122191419572160269_4819090400106529375_n\" data-dt-img-description=\"\" data-large_image_width=\"1024\" data-large_image_height=\"1280\"href='https:\/\/www.radiopiu.net\/wordpress\/wp-content\/uploads\/2025\/02\/475351389_122191419572160269_4819090400106529375_n.jpg'><img loading=\"lazy\" decoding=\"async\" width=\"240\" height=\"300\" src=\"https:\/\/www.radiopiu.net\/wordpress\/wp-content\/uploads\/2025\/02\/475351389_122191419572160269_4819090400106529375_n-240x300.jpg\" class=\"attachment-medium size-medium\" alt=\"\" srcset=\"https:\/\/www.radiopiu.net\/wordpress\/wp-content\/uploads\/2025\/02\/475351389_122191419572160269_4819090400106529375_n-240x300.jpg 240w, https:\/\/www.radiopiu.net\/wordpress\/wp-content\/uploads\/2025\/02\/475351389_122191419572160269_4819090400106529375_n-819x1024.jpg 819w, https:\/\/www.radiopiu.net\/wordpress\/wp-content\/uploads\/2025\/02\/475351389_122191419572160269_4819090400106529375_n-768x960.jpg 768w, https:\/\/www.radiopiu.net\/wordpress\/wp-content\/uploads\/2025\/02\/475351389_122191419572160269_4819090400106529375_n.jpg 1024w\" sizes=\"auto, (max-width: 240px) 100vw, 240px\" \/><\/a>\n\t\t\t\t<\/dt><\/dl><dl class='gallery-item'>\n\t\t\t\t<dt class='gallery-icon portrait'>\n\t\t\t\t\t<a class=\"rollover rollover-zoom dt-pswp-item\" title=\"70222334-5cff-4d4b-9ab9-a2a79305f2f3\" data-dt-img-description=\"\" data-large_image_width=\"1024\" data-large_image_height=\"1280\"href='https:\/\/www.radiopiu.net\/wordpress\/wp-content\/uploads\/2025\/02\/70222334-5cff-4d4b-9ab9-a2a79305f2f3.jpg'><img loading=\"lazy\" decoding=\"async\" width=\"240\" height=\"300\" src=\"https:\/\/www.radiopiu.net\/wordpress\/wp-content\/uploads\/2025\/02\/70222334-5cff-4d4b-9ab9-a2a79305f2f3-240x300.jpg\" class=\"attachment-medium size-medium\" alt=\"\" srcset=\"https:\/\/www.radiopiu.net\/wordpress\/wp-content\/uploads\/2025\/02\/70222334-5cff-4d4b-9ab9-a2a79305f2f3-240x300.jpg 240w, https:\/\/www.radiopiu.net\/wordpress\/wp-content\/uploads\/2025\/02\/70222334-5cff-4d4b-9ab9-a2a79305f2f3-819x1024.jpg 819w, https:\/\/www.radiopiu.net\/wordpress\/wp-content\/uploads\/2025\/02\/70222334-5cff-4d4b-9ab9-a2a79305f2f3-768x960.jpg 768w, https:\/\/www.radiopiu.net\/wordpress\/wp-content\/uploads\/2025\/02\/70222334-5cff-4d4b-9ab9-a2a79305f2f3.jpg 1024w\" sizes=\"auto, (max-width: 240px) 100vw, 240px\" \/><\/a>\n\t\t\t\t<\/dt><\/dl><dl class='gallery-item'>\n\t\t\t\t<dt class='gallery-icon portrait'>\n\t\t\t\t\t<a class=\"rollover rollover-zoom dt-pswp-item\" title=\"480483463_122191800596160269_7748395789965067962_n\" data-dt-img-description=\"\" data-large_image_width=\"1024\" data-large_image_height=\"1280\"href='https:\/\/www.radiopiu.net\/wordpress\/wp-content\/uploads\/2025\/02\/480483463_122191800596160269_7748395789965067962_n.jpg'><img loading=\"lazy\" decoding=\"async\" width=\"240\" height=\"300\" src=\"https:\/\/www.radiopiu.net\/wordpress\/wp-content\/uploads\/2025\/02\/480483463_122191800596160269_7748395789965067962_n-240x300.jpg\" class=\"attachment-medium size-medium\" alt=\"\" srcset=\"https:\/\/www.radiopiu.net\/wordpress\/wp-content\/uploads\/2025\/02\/480483463_122191800596160269_7748395789965067962_n-240x300.jpg 240w, https:\/\/www.radiopiu.net\/wordpress\/wp-content\/uploads\/2025\/02\/480483463_122191800596160269_7748395789965067962_n-819x1024.jpg 819w, https:\/\/www.radiopiu.net\/wordpress\/wp-content\/uploads\/2025\/02\/480483463_122191800596160269_7748395789965067962_n-768x960.jpg 768w, https:\/\/www.radiopiu.net\/wordpress\/wp-content\/uploads\/2025\/02\/480483463_122191800596160269_7748395789965067962_n.jpg 1024w\" sizes=\"auto, (max-width: 240px) 100vw, 240px\" \/><\/a>\n\t\t\t\t<\/dt><\/dl><dl class='gallery-item'>\n\t\t\t\t<dt class='gallery-icon portrait'>\n\t\t\t\t\t<a class=\"rollover rollover-zoom dt-pswp-item\" title=\"480755395_122191974356160269_922264644982884143_n\" data-dt-img-description=\"\" data-large_image_width=\"1024\" data-large_image_height=\"1280\"href='https:\/\/www.radiopiu.net\/wordpress\/wp-content\/uploads\/2025\/02\/480755395_122191974356160269_922264644982884143_n.jpg'><img loading=\"lazy\" decoding=\"async\" width=\"240\" height=\"300\" src=\"https:\/\/www.radiopiu.net\/wordpress\/wp-content\/uploads\/2025\/02\/480755395_122191974356160269_922264644982884143_n-240x300.jpg\" class=\"attachment-medium size-medium\" alt=\"\" srcset=\"https:\/\/www.radiopiu.net\/wordpress\/wp-content\/uploads\/2025\/02\/480755395_122191974356160269_922264644982884143_n-240x300.jpg 240w, https:\/\/www.radiopiu.net\/wordpress\/wp-content\/uploads\/2025\/02\/480755395_122191974356160269_922264644982884143_n-819x1024.jpg 819w, https:\/\/www.radiopiu.net\/wordpress\/wp-content\/uploads\/2025\/02\/480755395_122191974356160269_922264644982884143_n-768x960.jpg 768w, https:\/\/www.radiopiu.net\/wordpress\/wp-content\/uploads\/2025\/02\/480755395_122191974356160269_922264644982884143_n.jpg 1024w\" sizes=\"auto, (max-width: 240px) 100vw, 240px\" \/><\/a>\n\t\t\t\t<\/dt><\/dl><dl class='gallery-item'>\n\t\t\t\t<dt class='gallery-icon portrait'>\n\t\t\t\t\t<a class=\"rollover rollover-zoom dt-pswp-item\" title=\"480946206_122192204450160269_174180551336592227_n\" data-dt-img-description=\"\" data-large_image_width=\"512\" data-large_image_height=\"640\"href='https:\/\/www.radiopiu.net\/wordpress\/wp-content\/uploads\/2025\/02\/480946206_122192204450160269_174180551336592227_n.jpg'><img loading=\"lazy\" decoding=\"async\" width=\"240\" height=\"300\" src=\"https:\/\/www.radiopiu.net\/wordpress\/wp-content\/uploads\/2025\/02\/480946206_122192204450160269_174180551336592227_n-240x300.jpg\" class=\"attachment-medium size-medium\" alt=\"\" srcset=\"https:\/\/www.radiopiu.net\/wordpress\/wp-content\/uploads\/2025\/02\/480946206_122192204450160269_174180551336592227_n-240x300.jpg 240w, https:\/\/www.radiopiu.net\/wordpress\/wp-content\/uploads\/2025\/02\/480946206_122192204450160269_174180551336592227_n.jpg 512w\" sizes=\"auto, (max-width: 240px) 100vw, 240px\" \/><\/a>\n\t\t\t\t<\/dt><\/dl><br style=\"clear: both\" \/>\n\t\t\t<\/div>\n\n<p>&nbsp;<\/p>\n<div>\n<div class=\"\" dir=\"auto\">\n<div id=\":r9h:\" class=\"x1iorvi4 x1pi30zi x1l90r2v x1swvt13\" data-ad-comet-preview=\"message\" data-ad-preview=\"message\">\n<div>\n<div class=\"\" dir=\"auto\">\n<div id=\":r9h:\" class=\"x1iorvi4 x1pi30zi x1l90r2v x1swvt13\" data-ad-comet-preview=\"message\" data-ad-preview=\"message\">\n<div>\n<div class=\"\" dir=\"auto\">\n<div id=\":r9h:\" class=\"x1iorvi4 x1pi30zi x1l90r2v x1swvt13\" data-ad-comet-preview=\"message\" data-ad-preview=\"message\">\n<div>\n<div class=\"\" dir=\"auto\">\n<div id=\":r9h:\" class=\"x1iorvi4 x1pi30zi x1l90r2v x1swvt13\" data-ad-comet-preview=\"message\" data-ad-preview=\"message\">\n<div>\n<div class=\"\" dir=\"auto\">\n<div id=\":r9h:\" class=\"x1iorvi4 x1pi30zi x1l90r2v x1swvt13\" data-ad-comet-preview=\"message\" data-ad-preview=\"message\">\n<div>\n<div class=\"\" dir=\"auto\">\n<div id=\":r9h:\" class=\"x1iorvi4 x1pi30zi x1l90r2v x1swvt13\" data-ad-comet-preview=\"message\" data-ad-preview=\"message\">\n<div class=\"xdj266r x11i5rnm xat24cr x1mh8g0r x1vvkbs x126k92a\">\n<div dir=\"auto\"><\/div>\n<\/div>\n<div>\n<div class=\"\" dir=\"auto\">\n<div id=\":r9h:\" class=\"x1iorvi4 x1pi30zi x1l90r2v x1swvt13\" data-ad-comet-preview=\"message\" data-ad-preview=\"message\">\n<div>\n<div class=\"\" dir=\"auto\">\n<div id=\":r9h:\" class=\"x1iorvi4 x1pi30zi x1l90r2v x1swvt13\" data-ad-comet-preview=\"message\" data-ad-preview=\"message\">\n\n\t\t\t<style type='text\/css'>\n\t\t\t\t#gallery-7 {\n\t\t\t\t\tmargin: auto;\n\t\t\t\t}\n\t\t\t\t#gallery-7 .gallery-item {\n\t\t\t\t\tfloat: left;\n\t\t\t\t\tmargin-top: 10px;\n\t\t\t\t\ttext-align: center;\n\t\t\t\t\twidth: 20%;\n\t\t\t\t}\n\t\t\t\t#gallery-7 img {\n\t\t\t\t\tborder: 2px solid #cfcfcf;\n\t\t\t\t}\n\t\t\t\t#gallery-7 .gallery-caption {\n\t\t\t\t\tmargin-left: 0;\n\t\t\t\t}\n\t\t\t\t\/* see gallery_shortcode() in wp-includes\/media.php *\/\n\t\t\t<\/style>\n\t\t<div id='gallery-7' class='dt-gallery-container gallery galleryid-439847 gallery-columns-5 gallery-size-thumbnail'><dl class='gallery-item'>\n\t\t\t\t<dt class='gallery-icon portrait'>\n\t\t\t\t\t<a class=\"rollover rollover-zoom dt-pswp-item\" title=\"Marzo (1)\" data-dt-img-description=\"\" data-large_image_width=\"841\" data-large_image_height=\"1190\"href='https:\/\/www.radiopiu.net\/wordpress\/wp-content\/uploads\/2025\/02\/Marzo-1.jpg'><img loading=\"lazy\" decoding=\"async\" width=\"150\" height=\"150\" src=\"https:\/\/www.radiopiu.net\/wordpress\/wp-content\/uploads\/2025\/02\/Marzo-1-150x150.jpg\" class=\"attachment-thumbnail size-thumbnail\" alt=\"\" \/><\/a>\n\t\t\t\t<\/dt><\/dl><dl class='gallery-item'>\n\t\t\t\t<dt class='gallery-icon portrait'>\n\t\t\t\t\t<a class=\"rollover rollover-zoom dt-pswp-item\" title=\"Senza nome\" data-dt-img-description=\"\" data-large_image_width=\"569\" data-large_image_height=\"801\"href='https:\/\/www.radiopiu.net\/wordpress\/wp-content\/uploads\/2025\/02\/Senza-nome-23.png'><img loading=\"lazy\" decoding=\"async\" width=\"150\" height=\"150\" src=\"https:\/\/www.radiopiu.net\/wordpress\/wp-content\/uploads\/2025\/02\/Senza-nome-23-150x150.png\" class=\"attachment-thumbnail size-thumbnail\" alt=\"\" \/><\/a>\n\t\t\t\t<\/dt><\/dl><dl class='gallery-item'>\n\t\t\t\t<dt class='gallery-icon portrait'>\n\t\t\t\t\t<a class=\"rollover rollover-zoom dt-pswp-item\" title=\"ba76e127-707c-4a8a-a6ac-6ab71e879690\" data-dt-img-description=\"\" data-large_image_width=\"500\" data-large_image_height=\"696\"href='https:\/\/www.radiopiu.net\/wordpress\/wp-content\/uploads\/2025\/03\/ba76e127-707c-4a8a-a6ac-6ab71e879690.jpg'><img loading=\"lazy\" decoding=\"async\" width=\"150\" height=\"150\" src=\"https:\/\/www.radiopiu.net\/wordpress\/wp-content\/uploads\/2025\/03\/ba76e127-707c-4a8a-a6ac-6ab71e879690-150x150.jpg\" class=\"attachment-thumbnail size-thumbnail\" alt=\"\" aria-describedby=\"gallery-7-437826\" \/><\/a>\n\t\t\t\t<\/dt>\n\t\t\t\t\t<dd class='wp-caption-text gallery-caption' id='gallery-7-437826'>\n\t\t\t\t\tPOSTICIPATO AL 6 APRILE\n\t\t\t\t\t<\/dd><\/dl><dl class='gallery-item'>\n\t\t\t\t<dt class='gallery-icon portrait'>\n\t\t\t\t\t<a class=\"rollover rollover-zoom dt-pswp-item\" title=\"86913bf1-cfa4-493b-8e26-1aa10ea03f0b\" data-dt-img-description=\"\" data-large_image_width=\"1638\" data-large_image_height=\"2048\"href='https:\/\/www.radiopiu.net\/wordpress\/wp-content\/uploads\/2025\/03\/86913bf1-cfa4-493b-8e26-1aa10ea03f0b.jpg'><img loading=\"lazy\" decoding=\"async\" width=\"150\" height=\"150\" src=\"https:\/\/www.radiopiu.net\/wordpress\/wp-content\/uploads\/2025\/03\/86913bf1-cfa4-493b-8e26-1aa10ea03f0b-150x150.jpg\" class=\"attachment-thumbnail size-thumbnail\" alt=\"\" \/><\/a>\n\t\t\t\t<\/dt><\/dl><dl class='gallery-item'>\n\t\t\t\t<dt class='gallery-icon portrait'>\n\t\t\t\t\t<a class=\"rollover rollover-zoom dt-pswp-item\" title=\"wnEWMSHDfvy6\" data-dt-img-description=\"\" data-large_image_width=\"962\" data-large_image_height=\"1328\"href='https:\/\/www.radiopiu.net\/wordpress\/wp-content\/uploads\/2025\/03\/wnEWMSHDfvy6.jpg'><img loading=\"lazy\" decoding=\"async\" width=\"150\" height=\"150\" src=\"https:\/\/www.radiopiu.net\/wordpress\/wp-content\/uploads\/2025\/03\/wnEWMSHDfvy6-150x150.jpg\" class=\"attachment-thumbnail size-thumbnail\" alt=\"\" \/><\/a>\n\t\t\t\t<\/dt><\/dl><br style=\"clear: both\" \/><dl class='gallery-item'>\n\t\t\t\t<dt class='gallery-icon portrait'>\n\t\t\t\t\t<a class=\"rollover rollover-zoom dt-pswp-item\" title=\"Locandina posturale primavera 2025\" data-dt-img-description=\"\" data-large_image_width=\"1132\" data-large_image_height=\"1600\"href='https:\/\/www.radiopiu.net\/wordpress\/wp-content\/uploads\/2025\/03\/Locandina-posturale-primavera-2025.jpeg'><img loading=\"lazy\" decoding=\"async\" width=\"150\" height=\"150\" src=\"https:\/\/www.radiopiu.net\/wordpress\/wp-content\/uploads\/2025\/03\/Locandina-posturale-primavera-2025-150x150.jpeg\" class=\"attachment-thumbnail size-thumbnail\" alt=\"\" \/><\/a>\n\t\t\t\t<\/dt><\/dl>\n\t\t\t\t<br style='clear: both' \/>\n\t\t\t<\/div>\n\n<p>&nbsp;<\/p>\n<p>&nbsp;<\/p>\n<\/div>\n<\/div>\n<\/div>\n<\/div>\n<\/div>\n<\/div>\n<\/div>\n<\/div>\n<\/div>\n<\/div>\n<\/div>\n<\/div>\n<p>&nbsp;<\/p>\n<\/div>\n<\/div>\n<\/div>\n<\/div>\n<\/div>\n<\/div>\n<\/div>\n<\/div>\n<\/div>\n<\/div>\n<\/div>\n<\/div>\n<hr \/>\n<p>&nbsp;<\/p>\n<p class=\"mceTemp\"><a class=\"dt-pswp-item\" href=\"https:\/\/www.radiopiu.net\/wordpress\/wp-content\/uploads\/2018\/09\/WhatsApp-Image-2018-09-20-at-16.04.06.jpeg\" data-dt-img-description=\"\" data-large_image_width=\"800\" data-large_image_height=\"100\"><img loading=\"lazy\" decoding=\"async\" class=\"wp-image-61378 size-full aligncenter\" src=\"https:\/\/www.radiopiu.net\/wordpress\/wp-content\/uploads\/2018\/09\/WhatsApp-Image-2018-09-20-at-16.04.06.jpeg\" alt=\"\" width=\"800\" height=\"100\" srcset=\"https:\/\/www.radiopiu.net\/wordpress\/wp-content\/uploads\/2018\/09\/WhatsApp-Image-2018-09-20-at-16.04.06.jpeg 800w, https:\/\/www.radiopiu.net\/wordpress\/wp-content\/uploads\/2018\/09\/WhatsApp-Image-2018-09-20-at-16.04.06-300x38.jpeg 300w, https:\/\/www.radiopiu.net\/wordpress\/wp-content\/uploads\/2018\/09\/WhatsApp-Image-2018-09-20-at-16.04.06-768x96.jpeg 768w\" sizes=\"auto, (max-width: 800px) 100vw, 800px\" \/><\/a><\/p>\n<p><center><\/center><center><\/center>&nbsp;<\/p>\n<p><center><b>OGGI<\/b><\/center>Tempo variabile a tratti instabile, specie nella seconda parte della giornata e nelle fascia prealpina centro-orientale, con frequenti annuvolamenti e qualche schiarita mentre sulle Dolomiti prevarranno i rasserenamenti.<br \/>\n<b>Precipitazioni: <\/b>Possibili precipitazioni da locali a sparse soprattutto nella seconda parte della giornata e sulle Prealpi bellunesi e vicentine e sulle Dolomiti meridionali\u00a0 con locali rovesci e la quota delle nevicate oltre i 1200-1500 m, in abbassamento a 700-900 m in tarda serata<br \/>\n<b>Temperature: <\/b>In diminuzione specie le minime in alta montagna e misurate a fine giornata con diffuse gelate nella notte<\/p>\n<hr \/>\n<p><center><b>DOMANI<\/b><\/center>Salvo una residua nuvolosit\u00e0 al mattino associata a qualche possibile breve piovasco soprattutto lungo la fascia prealpina, la giornata sar\u00e0 in prevalenza soleggiata e stabile con cielo sereno o poco nuvoloso per modesti annuvolamenti diurni e per la formazione di nubi basse con foschie e banchi di nebbia nelle valli prealpine nelle ore fredde.<br \/>\n<b>Precipitazioni: <\/b>Salvo residue e locali precipitazioni nelle prime ore , poi assenti<br \/>\n<b>Temperature: <\/b>Minime e massime in contenuta diminuzione con diffuse gelate fino a fondovalle.<\/p>\n<hr \/>\n<p><center><b>MERCOLEDI<\/b><\/center>Tempo stabile e ben soleggiato con aria asciutta e ottima visibilit\u00e0 specie sulle Dolomiti con formazioni di nubi basse o banchi di nebbia in alcune valli prealpine. Temperature minime in lieve calo nelle valli, in lieve aumento in alta montagna, massime in generale aumento anche marcato soprattutto in alta montagna.<\/p>\n<hr \/>\n<p><center><b>GIOVEDI<\/b><\/center>Ancora tempo stabile e ben soleggiato con aria asciutta e ottima visibilit\u00e0 specie sulle Dolomiti con formazioni di qualche nube bassa o di locali banchi di nebbia in alcune valli prealpine in rapido dissolvimento dopo l&#8217;alba. Temperature in aumento specie le massime su valori prossimi alla norma con una moderata inversione termica nelle valli durante le ore notturne<\/p>\n<p>&nbsp;<\/p>\n<blockquote class=\"wp-embedded-content\" data-secret=\"CBNuJS0xxB\"><p><a href=\"https:\/\/www.radiopiu.net\/wordpress\/la-neve-scende-piu-copiosa-sulle-dolomiti-meridionali-il-bollettino-neve-al-suolo-di-arpav\/\">LA NEVE SCENDE PIU&#8217; COPIOSA SULLE DOLOMITI MERIDIONALI. IL BOLLETTINO NEVE AL SUOLO DI ARPAV<\/a><\/p><\/blockquote>\n<p><iframe loading=\"lazy\" class=\"wp-embedded-content\" sandbox=\"allow-scripts\" security=\"restricted\" style=\"position: absolute; visibility: hidden;\" title=\"&#8220;LA NEVE SCENDE PIU&#8217; COPIOSA SULLE DOLOMITI MERIDIONALI. IL BOLLETTINO NEVE AL SUOLO DI ARPAV&#8221; &#8212; Radio Pi\u00f9\" src=\"https:\/\/www.radiopiu.net\/wordpress\/la-neve-scende-piu-copiosa-sulle-dolomiti-meridionali-il-bollettino-neve-al-suolo-di-arpav\/embed\/#?secret=D59aIIjL2I#?secret=CBNuJS0xxB\" data-secret=\"CBNuJS0xxB\" width=\"600\" height=\"338\" frameborder=\"0\" marginwidth=\"0\" marginheight=\"0\" scrolling=\"no\"><\/iframe><\/p>\n<p>&nbsp;<\/p>\n<hr \/>\n<p>&nbsp;<\/p>\n<p class=\"mceTemp\"><a class=\"dt-pswp-item\" href=\"https:\/\/www.radiopiu.net\/wordpress\/wp-content\/uploads\/2018\/09\/sport.jpg\" data-dt-img-description=\"\" data-large_image_width=\"800\" data-large_image_height=\"100\"><img loading=\"lazy\" decoding=\"async\" class=\"aligncenter wp-image-60761 size-full\" src=\"https:\/\/www.radiopiu.net\/wordpress\/wp-content\/uploads\/2018\/09\/sport.jpg\" alt=\"\" width=\"800\" height=\"100\" srcset=\"https:\/\/www.radiopiu.net\/wordpress\/wp-content\/uploads\/2018\/09\/sport.jpg 800w, https:\/\/www.radiopiu.net\/wordpress\/wp-content\/uploads\/2018\/09\/sport-300x38.jpg 300w, https:\/\/www.radiopiu.net\/wordpress\/wp-content\/uploads\/2018\/09\/sport-768x96.jpg 768w\" sizes=\"auto, (max-width: 800px) 100vw, 800px\" \/> <\/a><\/p>\n<p class=\"mceTemp\"><span style=\"color: #0000ff;\"><strong>\u00a0 \u00a0 \u00a0 \u00a0\u00a0<\/strong><\/span><\/p>\n<p><span style=\"color: #0000ff;\"><strong>CALCIO<\/strong><\/span><\/p>\n<blockquote>\n<h3>LA DYNAMO VELLAI RIFILA UN POKER ALL&#8217;AGORDINA<\/h3>\n<\/blockquote>\n<p><strong><a class=\"dt-pswp-item\" href=\"https:\/\/www.radiopiu.net\/wordpress\/wp-content\/uploads\/2018\/10\/CALCIO-PIOGGIA.jpg\" data-dt-img-description=\"\" data-large_image_width=\"900\" data-large_image_height=\"523\"><img loading=\"lazy\" decoding=\"async\" class=\" wp-image-65385 alignleft\" src=\"https:\/\/www.radiopiu.net\/wordpress\/wp-content\/uploads\/2018\/10\/CALCIO-PIOGGIA-300x174.jpg\" alt=\"\" width=\"259\" height=\"150\" srcset=\"https:\/\/www.radiopiu.net\/wordpress\/wp-content\/uploads\/2018\/10\/CALCIO-PIOGGIA-300x174.jpg 300w, https:\/\/www.radiopiu.net\/wordpress\/wp-content\/uploads\/2018\/10\/CALCIO-PIOGGIA-768x446.jpg 768w, https:\/\/www.radiopiu.net\/wordpress\/wp-content\/uploads\/2018\/10\/CALCIO-PIOGGIA.jpg 900w\" sizes=\"auto, (max-width: 259px) 100vw, 259px\" \/><\/a>DI MARCO GAZ<\/strong><\/p>\n<p><span style=\"color: #ff0000;\"><strong>TERZA CATEGORIA<\/strong><\/span><\/p>\n<p><strong>DYNAMO VELLAI \u2013 AGORDINA 4-0<\/strong><\/p>\n<p>Dopo tre risultati utili consecutivi, l\u2019Agordina crolla in terra feltrina. La Dynamo Vellai rifila un poker agli uomini di Davare, un risultato pesante come le condizioni del campo in cui si \u00e8 disputata la sfida di Terza Categoria. La squadra di Agordo ha giocato ma non \u00e8 riuscita a trovare il gol nonostante le occasioni arrivate. I feltrini invece hanno saputo colpire al momento giusto incamerando i tre punti in palio. Agordina che parte bene sfiorando la rete del vantaggio in pi\u00f9 occasioni. Dynamo Vellai che passa in vantaggio e subito dopo trova il raddoppio. Il secondo gol dei padroni di casa taglia le gambe agli agordini che sono costretti a difendersi. Sul finale di primo tempo arriva la terza marcatura feltrina e poco prima del fischio di fine frazione la compagine di Agordo si vede annullare una rete. Nella ripresa l\u2019Agordina prova a reagire ma il pallone non vuole entrare in rete. A chiudere definitivamente la sfida una ripartenza della Dynamo Vellai che cala il poker.<\/p>\n<p><strong>LA CLASSIFICA:<\/strong> Auronzo 40, Alpes Cesio e Fortogna 39, Fulgor Farra 35, Lamonese 33, Dynamo Vellai e Agordina 30, Piave 29, Tambre 28, Valzoldana 25, Cortina 15, Bellunese 9, Cadore 6, Valboite 1<\/p>\n<p><span style=\"color: #ff0000;\"><strong>GIOVANILI<\/strong><\/span><\/p>\n<p>Settore giovanile dell\u2019Agordina Calcio ai box nel fine settimana. Infatti la LND della provincia di Belluno ha optato per rinviare tutte le partite in programma nella giornata di sabato. La decisione \u00e8 stata presa in seguito alle condizioni metereologiche. La tanta pioggia caduta ha indotto la FIGC a sospendere tutte le attivit\u00e0 agonistiche della giornata di sabato, questo per salvaguardare l\u2019incolumit\u00e0 dei giocatori e degli impianti sportivi. Quindi le categorie Juniores e Giovanissimi non sono scese in campo per disputare le gare in programma che verranno recuperate a data da destinarsi. In campo gli Allievi domenica mattina ma per l\u2019Agordina era la giornata destinata al turno di riposo.<\/p>\n<p>&nbsp;<\/p>\n<blockquote class=\"wp-embedded-content\" data-secret=\"YC0IcBxDAK\"><p><a href=\"https:\/\/www.radiopiu.net\/wordpress\/agordina-in-prima-linea-ogni-domenica-su-radio-piu-il-podcast\/\">AGORDINA IN PRIMA LINEA, OGNI DOMENICA SU RADIO PIU&#8217; &#8211; IL PODCAST<\/a><\/p><\/blockquote>\n<p><iframe loading=\"lazy\" class=\"wp-embedded-content\" sandbox=\"allow-scripts\" security=\"restricted\" style=\"position: absolute; visibility: hidden;\" title=\"&#8220;AGORDINA IN PRIMA LINEA, OGNI DOMENICA SU RADIO PIU&#8217; &#8211; IL PODCAST&#8221; &#8212; Radio Pi\u00f9\" src=\"https:\/\/www.radiopiu.net\/wordpress\/agordina-in-prima-linea-ogni-domenica-su-radio-piu-il-podcast\/embed\/#?secret=8mkSuZLmsA#?secret=YC0IcBxDAK\" data-secret=\"YC0IcBxDAK\" width=\"600\" height=\"338\" frameborder=\"0\" marginwidth=\"0\" marginheight=\"0\" scrolling=\"no\"><\/iframe><\/p>\n<p>&nbsp;<\/p>\n<p><span style=\"color: #0000ff;\"><strong>SCI NORDICO<\/strong><\/span><\/p>\n<blockquote>\n<h3>LORENZO BUSIN PRIMO ITALIANO AL TRAGUARDO ALLA BIRKEBEINERRENNET IN NORVEGIA<\/h3>\n<\/blockquote>\n<p>In Norvegia si \u00e8 disputata la Birkebeinerrennet, una delle gare di sci di fondo pi\u00f9 impegnative e affascinanti del circuito Ski Classics Pro Team. La competizione, che si sviluppa su un percorso di 54 km, ha una particolarit\u00e0 unica: ogni atleta deve portare uno zaino di 3,5 kg, un simbolo storico che rievoca il salvataggio del giovane principe norvegese nel XIII secolo. Il percorso ricalca proprio quello seguito dai soldati del re per mettere in salvo l&#8217;erede al trono, con l\u2019arrivo a Lillehammer. Nonostante le difficolt\u00e0 tecniche, tra cui la rottura della punta dello sci gi\u00e0 al primo chilometro, Lorenzo Busin ha dimostrato grande determinazione e spirito di sacrificio. Il fondista italiano ha stretto i denti e ha portato a termine la gara con un ottimo piazzamento: 46\u00b0 assoluto e miglior italiano al traguardo! Un risultato di tutto rispetto, considerando le difficolt\u00e0 di una competizione cos\u00ec lunga e impegnativa, affrontata tra salite impegnative e condizioni meteo spesso proibitive. Busin conferma cos\u00ec la sua competitivit\u00e0 a livello internazionale e la sua capacit\u00e0 di affrontare le avversit\u00e0 con carattere e grinta.<\/p>\n\n\t\t\t<style type='text\/css'>\n\t\t\t\t#gallery-8 {\n\t\t\t\t\tmargin: auto;\n\t\t\t\t}\n\t\t\t\t#gallery-8 .gallery-item {\n\t\t\t\t\tfloat: left;\n\t\t\t\t\tmargin-top: 10px;\n\t\t\t\t\ttext-align: center;\n\t\t\t\t\twidth: 50%;\n\t\t\t\t}\n\t\t\t\t#gallery-8 img {\n\t\t\t\t\tborder: 2px solid #cfcfcf;\n\t\t\t\t}\n\t\t\t\t#gallery-8 .gallery-caption {\n\t\t\t\t\tmargin-left: 0;\n\t\t\t\t}\n\t\t\t\t\/* see gallery_shortcode() in wp-includes\/media.php *\/\n\t\t\t<\/style>\n\t\t<div id='gallery-8' class='dt-gallery-container gallery galleryid-439847 gallery-columns-2 gallery-size-thumbnail'><dl class='gallery-item'>\n\t\t\t\t<dt class='gallery-icon portrait'>\n\t\t\t\t\t<a class=\"rollover rollover-zoom dt-pswp-item\" title=\"be5e21fe-e6fa-44af-a3ea-28d82dba2b60\" data-dt-img-description=\"\" data-large_image_width=\"899\" data-large_image_height=\"1599\"href='https:\/\/www.radiopiu.net\/wordpress\/wp-content\/uploads\/2025\/03\/be5e21fe-e6fa-44af-a3ea-28d82dba2b60.jpg'><img loading=\"lazy\" decoding=\"async\" width=\"150\" height=\"150\" src=\"https:\/\/www.radiopiu.net\/wordpress\/wp-content\/uploads\/2025\/03\/be5e21fe-e6fa-44af-a3ea-28d82dba2b60-150x150.jpg\" class=\"attachment-thumbnail size-thumbnail\" alt=\"\" \/><\/a>\n\t\t\t\t<\/dt><\/dl><dl class='gallery-item'>\n\t\t\t\t<dt class='gallery-icon landscape'>\n\t\t\t\t\t<a class=\"rollover rollover-zoom dt-pswp-item\" title=\"6dbd5b3d-6ef4-4e5a-91de-5cf655f69eb6\" data-dt-img-description=\"\" data-large_image_width=\"1415\" data-large_image_height=\"1005\"href='https:\/\/www.radiopiu.net\/wordpress\/wp-content\/uploads\/2025\/03\/6dbd5b3d-6ef4-4e5a-91de-5cf655f69eb6.jpg'><img loading=\"lazy\" decoding=\"async\" width=\"150\" height=\"150\" src=\"https:\/\/www.radiopiu.net\/wordpress\/wp-content\/uploads\/2025\/03\/6dbd5b3d-6ef4-4e5a-91de-5cf655f69eb6-150x150.jpg\" class=\"attachment-thumbnail size-thumbnail\" alt=\"\" \/><\/a>\n\t\t\t\t<\/dt><\/dl><br style=\"clear: both\" \/>\n\t\t\t<\/div>\n\n<p><span style=\"color: #0000ff;\"><strong>HOCKEY SU GHIACCIO<\/strong><\/span><\/p>\n<blockquote>\n<h3>ULTIMO ALLENAMENTO DELL&#8217;ALLEGHE HOCKEY. PRESENTI ANCHE I WARRIORS E IL SETTORE GIOVANILE<\/h3>\n<\/blockquote>\n<p><strong>ALLEGHE<\/strong> Una serata particolare allo stadio Alvise De Toni di Alleghe che ha ospitato l&#8217;ultimo allenamento della stagione per l&#8217;Alleghe Hockey IHL. I giocatori della prima squadra hanno fatto allenamento assieme alle giovani civette che hanno avuto modo di conoscere da vicino i giocatori della prima squadra ed apprendere qualche segreto da mettere in pratica sul campo. Non solo le giovanili dell&#8217;Alleghe presenti allo stadio ma anche la tifoseria organizzata: i Warriors. Il gruppo ha seguito la squadra in casa e in trasferta macinando pi\u00f9 di 7500 km in stagione. Immancabile la foto ricordo a fine allenamento tra tifosi e giocatori dell&#8217;Alleghe.<\/p>\n<p><strong>IL VIDEO<\/strong><\/p>\n<div style=\"width: 1200px;\" class=\"wp-video\"><video class=\"wp-video-shortcode\" id=\"video-439847-2\" width=\"1200\" height=\"675\" preload=\"metadata\" controls=\"controls\"><source type=\"video\/mp4\" src=\"https:\/\/www.radiopiu.net\/wordpress\/wp-content\/uploads\/2025\/03\/WhatsApp-Video-2025-03-15-at-13.06.32.mp4?_=2\" \/><a href=\"https:\/\/www.radiopiu.net\/wordpress\/wp-content\/uploads\/2025\/03\/WhatsApp-Video-2025-03-15-at-13.06.32.mp4\">https:\/\/www.radiopiu.net\/wordpress\/wp-content\/uploads\/2025\/03\/WhatsApp-Video-2025-03-15-at-13.06.32.mp4<\/a><\/video><\/div>\n<p>&nbsp;<\/p>\n<p><strong>LE FOTO<\/strong><\/p>\n\n\t\t\t<style type='text\/css'>\n\t\t\t\t#gallery-9 {\n\t\t\t\t\tmargin: auto;\n\t\t\t\t}\n\t\t\t\t#gallery-9 .gallery-item {\n\t\t\t\t\tfloat: left;\n\t\t\t\t\tmargin-top: 10px;\n\t\t\t\t\ttext-align: center;\n\t\t\t\t\twidth: 25%;\n\t\t\t\t}\n\t\t\t\t#gallery-9 img {\n\t\t\t\t\tborder: 2px solid #cfcfcf;\n\t\t\t\t}\n\t\t\t\t#gallery-9 .gallery-caption {\n\t\t\t\t\tmargin-left: 0;\n\t\t\t\t}\n\t\t\t\t\/* see gallery_shortcode() in wp-includes\/media.php *\/\n\t\t\t<\/style>\n\t\t<div id='gallery-9' class='dt-gallery-container gallery galleryid-439847 gallery-columns-4 gallery-size-thumbnail'><dl class='gallery-item'>\n\t\t\t\t<dt class='gallery-icon landscape'>\n\t\t\t\t\t<a class=\"rollover rollover-zoom dt-pswp-item\" title=\"Screenshot\" data-dt-img-description=\"\" data-large_image_width=\"1416\" data-large_image_height=\"986\"href='https:\/\/www.radiopiu.net\/wordpress\/wp-content\/uploads\/2025\/03\/SCR-20250315-lqxw.jpeg'><img loading=\"lazy\" decoding=\"async\" width=\"150\" height=\"150\" src=\"https:\/\/www.radiopiu.net\/wordpress\/wp-content\/uploads\/2025\/03\/SCR-20250315-lqxw-150x150.jpeg\" class=\"attachment-thumbnail size-thumbnail\" alt=\"\" \/><\/a>\n\t\t\t\t<\/dt><\/dl><dl class='gallery-item'>\n\t\t\t\t<dt class='gallery-icon landscape'>\n\t\t\t\t\t<a class=\"rollover rollover-zoom dt-pswp-item\" title=\"IMG_0108\" data-dt-img-description=\"\" data-large_image_width=\"2560\" data-large_image_height=\"1920\"href='https:\/\/www.radiopiu.net\/wordpress\/wp-content\/uploads\/2025\/03\/IMG_0108-scaled.jpg'><img loading=\"lazy\" decoding=\"async\" width=\"150\" height=\"150\" src=\"https:\/\/www.radiopiu.net\/wordpress\/wp-content\/uploads\/2025\/03\/IMG_0108-150x150.jpg\" class=\"attachment-thumbnail size-thumbnail\" alt=\"\" \/><\/a>\n\t\t\t\t<\/dt><\/dl><dl class='gallery-item'>\n\t\t\t\t<dt class='gallery-icon portrait'>\n\t\t\t\t\t<a class=\"rollover rollover-zoom dt-pswp-item\" title=\"IMG_4564\" data-dt-img-description=\"\" data-large_image_width=\"1920\" data-large_image_height=\"2560\"href='https:\/\/www.radiopiu.net\/wordpress\/wp-content\/uploads\/2025\/03\/IMG_4564-scaled.jpg'><img loading=\"lazy\" decoding=\"async\" width=\"150\" height=\"150\" src=\"https:\/\/www.radiopiu.net\/wordpress\/wp-content\/uploads\/2025\/03\/IMG_4564-150x150.jpg\" class=\"attachment-thumbnail size-thumbnail\" alt=\"\" \/><\/a>\n\t\t\t\t<\/dt><\/dl><dl class='gallery-item'>\n\t\t\t\t<dt class='gallery-icon portrait'>\n\t\t\t\t\t<a class=\"rollover rollover-zoom dt-pswp-item\" title=\"IMG_4553\" data-dt-img-description=\"\" data-large_image_width=\"1920\" data-large_image_height=\"2560\"href='https:\/\/www.radiopiu.net\/wordpress\/wp-content\/uploads\/2025\/03\/IMG_4553-scaled.jpg'><img loading=\"lazy\" decoding=\"async\" width=\"150\" height=\"150\" src=\"https:\/\/www.radiopiu.net\/wordpress\/wp-content\/uploads\/2025\/03\/IMG_4553-150x150.jpg\" class=\"attachment-thumbnail size-thumbnail\" alt=\"\" \/><\/a>\n\t\t\t\t<\/dt><\/dl><br style=\"clear: both\" \/>\n\t\t\t<\/div>\n\n<p>&nbsp;<\/p>\n<blockquote>\n<h3>L&#8217;AOSTA SUPERA IL FELTRE IN GARA 1 DI SEMIFINALE IHL<\/h3>\n<\/blockquote>\n<p><span style=\"color: #ff0000;\"><strong><a class=\"dt-pswp-item\" href=\"https:\/\/www.radiopiu.net\/wordpress\/wp-content\/uploads\/2023\/10\/hockey.jpg\" data-dt-img-description=\"\" data-large_image_width=\"1280\" data-large_image_height=\"961\"><img loading=\"lazy\" decoding=\"async\" class=\" wp-image-359038 alignleft\" src=\"https:\/\/www.radiopiu.net\/wordpress\/wp-content\/uploads\/2023\/10\/hockey-300x225.jpg\" alt=\"\" width=\"215\" height=\"161\" srcset=\"https:\/\/www.radiopiu.net\/wordpress\/wp-content\/uploads\/2023\/10\/hockey-300x225.jpg 300w, https:\/\/www.radiopiu.net\/wordpress\/wp-content\/uploads\/2023\/10\/hockey-1024x769.jpg 1024w, https:\/\/www.radiopiu.net\/wordpress\/wp-content\/uploads\/2023\/10\/hockey-768x577.jpg 768w, https:\/\/www.radiopiu.net\/wordpress\/wp-content\/uploads\/2023\/10\/hockey.jpg 1280w\" sizes=\"auto, (max-width: 215px) 100vw, 215px\" \/><\/a>SEMIFINALI GARA 1 &#8211; IHL<\/strong><\/span><\/p>\n<p><strong>AOSTA &#8211; FELTRE 5-2<\/strong><\/p>\n<p>PARZIALI 1-2, 2-0, 2-0<\/p>\n<p>GOL: pt. 11&#8217;23&#8221; De Giacinto, 11&#8217;36&#8221; M. Dall&#8217;Agnol, 14&#8217;41&#8221; De Toni. st. 3&#8217;24&#8221; e 17&#8217;10&#8221; Nardella. tt. 18&#8217;39&#8221; De Toni, 19&#8217;47&#8221; Timpone<\/p>\n<p>L&#8217;Aosta vince in rimonta Gara 1 della semifinale contro il Feltre, che paga le assenze di Foltin, Lorenzo Dall&#8217;Agnol e Marano, oltre a due reti subite in inferiorit\u00e0 numerica. Dopo un avvio fulmineo del Feltre con i gol di De Giacinto e Matteo Dall&#8217;Agnol, l&#8217;Aosta reagisce con De Toni in powerplay e Nardella, autore di una doppietta. Un doppio powerplay attorno al 36&#8242; spiana la strada ai valdostani, che chiudono la sfida nel finale con De Toni e Timpone a porta vuota. Gara 2 \u00e8 in programma marted\u00ec al &#8220;Pala Feltre&#8221;. Nell&#8217;altra semifinale, Caldaro supera Varese 3-0.<\/p>\n<p>&nbsp;<\/p>\n<p><span style=\"color: #0000ff;\"><strong>SNOWBOARD<\/strong><\/span><\/p>\n<blockquote>\n<h3>LUCIA DALMASSO CHIUDE AL SETTIMO POSTO NELL&#8217;ULTIMO SLALOM DI COPPA DEL MONDO<\/h3>\n<\/blockquote>\n<p><strong><a class=\"dt-pswp-item\" href=\"https:\/\/www.radiopiu.net\/wordpress\/wp-content\/uploads\/2025\/01\/Dalmasso_Lucia_IT.png\" data-dt-img-description=\"\" data-large_image_width=\"1000\" data-large_image_height=\"580\"><img loading=\"lazy\" decoding=\"async\" class=\" wp-image-429931 alignleft\" src=\"https:\/\/www.radiopiu.net\/wordpress\/wp-content\/uploads\/2025\/01\/Dalmasso_Lucia_IT-300x174.png\" alt=\"\" width=\"174\" height=\"101\" srcset=\"https:\/\/www.radiopiu.net\/wordpress\/wp-content\/uploads\/2025\/01\/Dalmasso_Lucia_IT-300x174.png 300w, https:\/\/www.radiopiu.net\/wordpress\/wp-content\/uploads\/2025\/01\/Dalmasso_Lucia_IT-768x445.png 768w, https:\/\/www.radiopiu.net\/wordpress\/wp-content\/uploads\/2025\/01\/Dalmasso_Lucia_IT.png 1000w\" sizes=\"auto, (max-width: 174px) 100vw, 174px\" \/><\/a>REDAZIONE <\/strong>Si conclude con un\u2019ottima prestazione l\u2019ultima gara stagionale di slalom parallelo per Lucia Dalmasso. A Winterberg, in Germania, Lucia ha conquistato il 4\u00b0 tempo in qualifica, dimostrando ancora una volta il suo talento e la sua determinazione. In gara, ha poi ottenuto un ottimo 7\u00b0 posto, chiudendo la stagione con un altro piazzamento di rilievo nella Coppa del Mondo. Un risultato che conferma la sua crescita e la sua competitivit\u00e0 ai massimi livelli. Ora la testa al all&#8217;ultimo appuntamento ufficiale della stagione: il Mondiale in programma dal 20 al 23 marzo a Saint Moritz in Svizzera.<\/p>\n<p>&nbsp;<\/p>\n<p>&nbsp;<\/p>\n<p><span style=\"color: #0000ff;\"><strong>PALLAVOLO <\/strong><\/span><\/p>\n<blockquote>\n<h3 data-start=\"0\" data-end=\"44\"><a class=\"dt-pswp-item\" href=\"https:\/\/www.radiopiu.net\/wordpress\/wp-content\/uploads\/2025\/03\/La_carica_di_Mozzato.jpg\" data-dt-img-description=\"\" data-large_image_width=\"630\" data-large_image_height=\"682\"><img loading=\"lazy\" decoding=\"async\" class=\"wp-image-440064 alignleft\" src=\"https:\/\/www.radiopiu.net\/wordpress\/wp-content\/uploads\/2025\/03\/La_carica_di_Mozzato-277x300.jpg\" alt=\"\" width=\"237\" height=\"257\" srcset=\"https:\/\/www.radiopiu.net\/wordpress\/wp-content\/uploads\/2025\/03\/La_carica_di_Mozzato-277x300.jpg 277w, https:\/\/www.radiopiu.net\/wordpress\/wp-content\/uploads\/2025\/03\/La_carica_di_Mozzato.jpg 630w\" sizes=\"auto, (max-width: 237px) 100vw, 237px\" \/><\/a>BELLUNO VOLLEY PARTE FORTE NEI PLAYOFF<\/h3>\n<\/blockquote>\n<p data-start=\"46\" data-end=\"611\" data-is-last-node=\"\" data-is-only-node=\"\">Il Belluno Volley inizia i playoff con una vittoria netta su Monge Gerbaudo Savigliano (3-0) davanti a 980 tifosi nella VHV Arena. I &#8220;rinoceronti&#8221; dominano il match grazie agli attaccanti di palla alta: Bisi (15 punti), Berger (13) e Loglisci (10). Dopo un primo set senza storia, il secondo si decide ai vantaggi con un muro decisivo di Berger. Nel terzo, Belluno mantiene il controllo fino alla vittoria finale. Coach Marzola soddisfatto: &#8220;Possiamo fare meglio, ma l\u2019approccio \u00e8 stato quello giusto&#8221;. Prossimo appuntamento sabato 22 a Cavallermaggiore per gara 2.<\/p>\n<p>&nbsp;<\/p>\n<p>&nbsp;<\/p>\n<p>&nbsp;<\/p>\n<p>&nbsp;<\/p>\n<blockquote>\n<h3>L&#8217;SB VOLLEY VINCE AL TIE BREAK E CON IL ROSSANO<\/h3>\n<\/blockquote>\n<p><b>IMARC ROSSANO-SB VOLLEY 2-3 (<\/b><strong>29-27, 20-25, 25-18, 10-25, 14-16)<\/strong><\/p>\n<p><a class=\"dt-pswp-item\" href=\"https:\/\/www.radiopiu.net\/wordpress\/wp-content\/uploads\/2025\/03\/Festa_SB_Volley_a_Rossano.jpg\" data-dt-img-description=\"\" data-large_image_width=\"1143\" data-large_image_height=\"649\"><img loading=\"lazy\" decoding=\"async\" class=\" wp-image-439942 alignleft\" src=\"https:\/\/www.radiopiu.net\/wordpress\/wp-content\/uploads\/2025\/03\/Festa_SB_Volley_a_Rossano-300x170.jpg\" alt=\"\" width=\"162\" height=\"92\" srcset=\"https:\/\/www.radiopiu.net\/wordpress\/wp-content\/uploads\/2025\/03\/Festa_SB_Volley_a_Rossano-300x170.jpg 300w, https:\/\/www.radiopiu.net\/wordpress\/wp-content\/uploads\/2025\/03\/Festa_SB_Volley_a_Rossano-1024x581.jpg 1024w, https:\/\/www.radiopiu.net\/wordpress\/wp-content\/uploads\/2025\/03\/Festa_SB_Volley_a_Rossano-768x436.jpg 768w, https:\/\/www.radiopiu.net\/wordpress\/wp-content\/uploads\/2025\/03\/Festa_SB_Volley_a_Rossano.jpg 1143w\" sizes=\"auto, (max-width: 162px) 100vw, 162px\" \/><\/a>La SB Volley compie un\u2019impresa battendo nuovamente la vice capolista Imarc Rossano, confermandosi terza in classifica. Dopo aver annullato due match-ball nel tie-break, le ragazze di coach Salvadego conquistano una vittoria sofferta e meritata. Il primo set, ben avviato, sfuma ai vantaggi per errori decisivi. Nel secondo, la SB Volley reagisce con determinazione e chiude con un netto 25-19. Il terzo set \u00e8 segnato da difficolt\u00e0 offensive e una serie al servizio avversaria, portando al sorpasso del Rossano. Ma nel quarto, le bellunesi dominano 25-10. Nel tie-break, nonostante uno svantaggio di 14-12, la SB Volley ribalta la situazione e vince 16-14. Coach Salvadego elogia la squadra per il carattere e la qualit\u00e0 del gioco, sottolineando l\u2019importanza del successo.<\/p>\n<p>&nbsp;<\/p>\n<p><span style=\"color: #0000ff;\"><strong>CORSA CAMPESTRE<\/strong><\/span><\/p>\n<blockquote>\n<h3>OLTRE 400 AL SEREN DEL GRAPPA PER LA TERZA PROVA REGIONALE DEL CAMPIONATO CSI<\/h3>\n<\/blockquote>\n<p><a class=\"dt-pswp-item\" href=\"https:\/\/www.radiopiu.net\/wordpress\/wp-content\/uploads\/2025\/03\/seren-del-grappa-16-marzo-regionale-csi_mattia-de-barba-vincitore-assoluto_-credito-max-fiabane.jpg\" data-dt-img-description=\"\" data-large_image_width=\"1500\" data-large_image_height=\"1000\"><img loading=\"lazy\" decoding=\"async\" class=\" wp-image-440018 alignleft\" src=\"https:\/\/www.radiopiu.net\/wordpress\/wp-content\/uploads\/2025\/03\/seren-del-grappa-16-marzo-regionale-csi_mattia-de-barba-vincitore-assoluto_-credito-max-fiabane-300x200.jpg\" alt=\"\" width=\"183\" height=\"122\" srcset=\"https:\/\/www.radiopiu.net\/wordpress\/wp-content\/uploads\/2025\/03\/seren-del-grappa-16-marzo-regionale-csi_mattia-de-barba-vincitore-assoluto_-credito-max-fiabane-300x200.jpg 300w, https:\/\/www.radiopiu.net\/wordpress\/wp-content\/uploads\/2025\/03\/seren-del-grappa-16-marzo-regionale-csi_mattia-de-barba-vincitore-assoluto_-credito-max-fiabane-1024x683.jpg 1024w, https:\/\/www.radiopiu.net\/wordpress\/wp-content\/uploads\/2025\/03\/seren-del-grappa-16-marzo-regionale-csi_mattia-de-barba-vincitore-assoluto_-credito-max-fiabane-768x512.jpg 768w, https:\/\/www.radiopiu.net\/wordpress\/wp-content\/uploads\/2025\/03\/seren-del-grappa-16-marzo-regionale-csi_mattia-de-barba-vincitore-assoluto_-credito-max-fiabane.jpg 1500w\" sizes=\"auto, (max-width: 183px) 100vw, 183px\" \/><\/a>A Seren del Grappa si \u00e8 svolta la prima edizione del Trofeo Associazione Monte Grappa, gara di corsa campestre organizzata dal Modesto Team con il supporto di varie istituzioni e sponsor. L&#8217;evento, valido anche come ultima prova del Campionato regionale veneto 2025 del Centro sportivo italiano, ha visto oltre 400 concorrenti su un tracciato tecnico ma veloce. A livello individuale, vittorie per Mattia De Barba e Manuela Bulf. Il Trofeo Associazione Monte Grappa \u00e8 stato assegnato all&#8217;Atletica Union Creazzo, che ha vinto anche il campionato regionale per societ\u00e0 con 2058 punti. Seguono Polisportiva Dueville e Atletica Valchiampo, mentre tra le societ\u00e0 bellunesi si distinguono Gs La Piave 2000 e Modesto Team. Il presidente del Modesto Team, Modesto Bonan, ha espresso soddisfazione per la riuscita dell\u2019evento. Ora l\u2019attenzione si sposta sul campionato nazionale, in programma dal 4 al 6 aprile a Mel di Borgo Valbelluna, dove sono attesi oltre 2 mila atleti.<\/p>\n<p>&nbsp;<\/p>\n<p>SCI<\/p>\n<blockquote>\n<h1>Vittoria dello Sci Club Val Biois nel 47\u00b0 Grand Prix Lattebusche<\/h1>\n<\/blockquote>\n<p data-start=\"70\" data-end=\"487\"><img loading=\"lazy\" decoding=\"async\" class=\"aligncenter\" src=\"https:\/\/www.radiopiu.net\/wordpress\/wp-content\/uploads\/2025\/03\/%C2%A9echidialessandrosogne-32-PODIO-SOCIETA-passo-tre-croci-16-marzo-2025.jpg\" width=\"580\" height=\"386\" \/><\/p>\n<p data-start=\"70\" data-end=\"487\">Lo Sci Club Val Biois ha trionfato nella finale della 47\u00aa edizione del Grand Prix Lattebusche, il prestigioso circuito FISI Veneto dedicato allo sci alpino e nordico, riservato alle categorie Baby e Cuccioli (under 10 e under 12). La gara si \u00e8 svolta sulle spettacolari piste del Passo Tre Croci, con condizioni meteo tipicamente invernali che hanno reso l&#8217;esperienza ancora pi\u00f9 emozionante per i giovanissimi atleti.<\/p>\n<p data-start=\"489\" data-end=\"1024\">La competizione si \u00e8 articolata su due giorni, con la gimkana in tecnica classica sabato 15 marzo e le prove mass start domenica 16 marzo. Al termine delle gare, lo Sci Club Val Biois ha conquistato il primo posto con 602 punti, precedendo la Polisportiva Sovramonte (581 punti) e l\u2019Unione Sportiva Valpadola (568 punti). I vincitori nelle categorie Baby sono stati Alessia Costa (2 A Asiago) e Enea Perozeni (Sci Club Rover\u00e8), mentre tra i Cuccioli hanno primeggiato Anna Massella (Sci Club Rover\u00e8) e Samuele Ballan (Nordic Sportful).<\/p>\n<p data-start=\"1026\" data-end=\"1282\">Per quanto riguarda lo sci alpino, la neve abbondante ha impedito lo svolgimento della finale domenicale. Nonostante gli sforzi per garantire la sicurezza, le gare sono state cancellate, ma gli organizzatori stanno lavorando per recuperarle in settimana.<\/p>\n<a href=\"https:\/\/www.radiopiu.net\/wordpress\/wp-content\/uploads\/2025\/03\/2.pdf\" class=\"pdfemb-viewer\" style=\"\" data-width=\"max\" data-height=\"max\" data-toolbar=\"top\" data-toolbar-fixed=\"on\">2<\/a>\n<a href=\"https:\/\/www.radiopiu.net\/wordpress\/wp-content\/uploads\/2025\/03\/1.pdf\" class=\"pdfemb-viewer\" style=\"\" data-width=\"max\" data-height=\"max\" data-toolbar=\"top\" data-toolbar-fixed=\"on\">1<\/a>\n<p>&nbsp;<\/p>\n","protected":false},"excerpt":{"rendered":"<p>********* &nbsp; LA\u00a0 APP PER IOS-IPHONE di Nicola Vettorello https:\/\/apps.apple.com\/it\/app\/radio-pi%C3%B9-emittente-agordina\/id1515939845 LA\u00a0 APP RADIO\u00a0 PER ANDROID di Nicola Vettorello https:\/\/play.google.com\/store\/apps\/details?id=net.radiopiu.iniko\u00a0\u00a0\u00a0\u00a0 &nbsp; &nbsp; &nbsp; OGGI \u00a0\u00a0 8.30 PIU&#8217; SIAMO&#8230; PIU&#8217; CE LA GODIAMO CON MARINA DONA&#8217; (foto)\u00a0 09.00 OGGI COME IERI DI SILVIA BALDO \u00a010.30 LUCA E PAOLO SOPPELSA, DALLA SALA CONSILIARE DI CENCENIGHE CON LE ORGANIZZATRICI&hellip;<\/p>\n","protected":false},"author":4,"featured_media":440007,"comment_status":"closed","ping_status":"closed","sticky":false,"template":"","format":"standard","meta":{"_monsterinsights_skip_tracking":false,"_monsterinsights_sitenote_active":false,"_monsterinsights_sitenote_note":"","_monsterinsights_sitenote_category":0,"footnotes":""},"categories":[51,86,49],"tags":[],"class_list":["post-439847","post","type-post","status-publish","format-standard","has-post-thumbnail","hentry","category-evidenza-top","category-gr","category-news-18","category-51","category-86","category-49","description-off"],"img_url":"https:\/\/www.radiopiu.net\/wordpress\/wp-content\/uploads\/2025\/03\/Watermark_20250316_173720_370.jpg","_links":{"self":[{"href":"https:\/\/www.radiopiu.net\/wordpress\/wp-json\/wp\/v2\/posts\/439847","targetHints":{"allow":["GET"]}}],"collection":[{"href":"https:\/\/www.radiopiu.net\/wordpress\/wp-json\/wp\/v2\/posts"}],"about":[{"href":"https:\/\/www.radiopiu.net\/wordpress\/wp-json\/wp\/v2\/types\/post"}],"author":[{"embeddable":true,"href":"https:\/\/www.radiopiu.net\/wordpress\/wp-json\/wp\/v2\/users\/4"}],"replies":[{"embeddable":true,"href":"https:\/\/www.radiopiu.net\/wordpress\/wp-json\/wp\/v2\/comments?post=439847"}],"version-history":[{"count":56,"href":"https:\/\/www.radiopiu.net\/wordpress\/wp-json\/wp\/v2\/posts\/439847\/revisions"}],"predecessor-version":[{"id":440165,"href":"https:\/\/www.radiopiu.net\/wordpress\/wp-json\/wp\/v2\/posts\/439847\/revisions\/440165"}],"wp:featuredmedia":[{"embeddable":true,"href":"https:\/\/www.radiopiu.net\/wordpress\/wp-json\/wp\/v2\/media\/440007"}],"wp:attachment":[{"href":"https:\/\/www.radiopiu.net\/wordpress\/wp-json\/wp\/v2\/media?parent=439847"}],"wp:term":[{"taxonomy":"category","embeddable":true,"href":"https:\/\/www.radiopiu.net\/wordpress\/wp-json\/wp\/v2\/categories?post=439847"},{"taxonomy":"post_tag","embeddable":true,"href":"https:\/\/www.radiopiu.net\/wordpress\/wp-json\/wp\/v2\/tags?post=439847"}],"curies":[{"name":"wp","href":"https:\/\/api.w.org\/{rel}","templated":true}]}}