{"id":439883,"date":"2025-03-15T11:31:15","date_gmt":"2025-03-15T10:31:15","guid":{"rendered":"https:\/\/www.radiopiu.net\/wordpress\/?p=439883"},"modified":"2025-03-15T11:31:15","modified_gmt":"2025-03-15T10:31:15","slug":"passo-falzarego-auto-in-sosta-ostacolano-il-lavoro-degli-operatori-di-veneto-strade","status":"publish","type":"post","link":"https:\/\/www.radiopiu.net\/wordpress\/passo-falzarego-auto-in-sosta-ostacolano-il-lavoro-degli-operatori-di-veneto-strade\/","title":{"rendered":"PASSO FALZAREGO: AUTO IN SOSTA OSTACOLANO IL LAVORO DEGLI OPERATORI DI VENETO STRADE"},"content":{"rendered":"<p>******<\/p>\n<p>&nbsp;<\/p>\n<p><strong>REDAZIONE <\/strong>Il lavoro degli operatori di Veneto Strade continua senza sosta per garantire la viabilit\u00e0 anche in condizioni meteorologiche difficili. Tuttavia, si registra una criticit\u00e0 sul Passo Falzarego, in localit\u00e0 Col Gallina, dove numerose auto parcheggiate sulla corsia di marcia stanno creando notevoli disagi alla circolazione. A causa di questa situazione, il passaggio dei mezzi di sgombero neve risulta estremamente difficoltoso, mettendo a rischio la sicurezza stradale e rallentando le operazioni di pulizia della carreggiata. Anche gli automobilisti in transito incontrano ostacoli significativi, aumentando il rischio di blocchi e incidenti.<\/p>\n\n\t\t\t<style type='text\/css'>\n\t\t\t\t#gallery-1 {\n\t\t\t\t\tmargin: auto;\n\t\t\t\t}\n\t\t\t\t#gallery-1 .gallery-item {\n\t\t\t\t\tfloat: left;\n\t\t\t\t\tmargin-top: 10px;\n\t\t\t\t\ttext-align: center;\n\t\t\t\t\twidth: 25%;\n\t\t\t\t}\n\t\t\t\t#gallery-1 img {\n\t\t\t\t\tborder: 2px solid #cfcfcf;\n\t\t\t\t}\n\t\t\t\t#gallery-1 .gallery-caption {\n\t\t\t\t\tmargin-left: 0;\n\t\t\t\t}\n\t\t\t\t\/* see gallery_shortcode() in wp-includes\/media.php *\/\n\t\t\t<\/style>\n\t\t<div id='gallery-1' class='dt-gallery-container gallery galleryid-439883 gallery-columns-4 gallery-size-thumbnail'><dl class='gallery-item'>\n\t\t\t\t<dt class='gallery-icon landscape'>\n\t\t\t\t\t<a class=\"rollover rollover-zoom dt-pswp-item\" title=\"484073206_1084485740386764_7354768780355482972_n\" data-dt-img-description=\"\" data-large_image_width=\"1280\" data-large_image_height=\"960\"href='https:\/\/www.radiopiu.net\/wordpress\/wp-content\/uploads\/2025\/03\/484073206_1084485740386764_7354768780355482972_n.jpg'><img loading=\"lazy\" decoding=\"async\" width=\"150\" height=\"150\" src=\"https:\/\/www.radiopiu.net\/wordpress\/wp-content\/uploads\/2025\/03\/484073206_1084485740386764_7354768780355482972_n-150x150.jpg\" class=\"attachment-thumbnail size-thumbnail\" alt=\"\" \/><\/a>\n\t\t\t\t<\/dt><\/dl><dl class='gallery-item'>\n\t\t\t\t<dt class='gallery-icon landscape'>\n\t\t\t\t\t<a class=\"rollover rollover-zoom dt-pswp-item\" title=\"484490412_1084485443720127_4645886409789560518_n\" data-dt-img-description=\"\" data-large_image_width=\"1200\" data-large_image_height=\"540\"href='https:\/\/www.radiopiu.net\/wordpress\/wp-content\/uploads\/2025\/03\/484490412_1084485443720127_4645886409789560518_n.jpg'><img loading=\"lazy\" decoding=\"async\" width=\"150\" height=\"150\" src=\"https:\/\/www.radiopiu.net\/wordpress\/wp-content\/uploads\/2025\/03\/484490412_1084485443720127_4645886409789560518_n-150x150.jpg\" class=\"attachment-thumbnail size-thumbnail\" alt=\"\" \/><\/a>\n\t\t\t\t<\/dt><\/dl><dl class='gallery-item'>\n\t\t\t\t<dt class='gallery-icon landscape'>\n\t\t\t\t\t<a class=\"rollover rollover-zoom dt-pswp-item\" title=\"483507984_1084485550386783_7052270727150783116_n\" data-dt-img-description=\"\" data-large_image_width=\"1200\" data-large_image_height=\"540\"href='https:\/\/www.radiopiu.net\/wordpress\/wp-content\/uploads\/2025\/03\/483507984_1084485550386783_7052270727150783116_n.jpg'><img loading=\"lazy\" decoding=\"async\" width=\"150\" height=\"150\" src=\"https:\/\/www.radiopiu.net\/wordpress\/wp-content\/uploads\/2025\/03\/483507984_1084485550386783_7052270727150783116_n-150x150.jpg\" class=\"attachment-thumbnail size-thumbnail\" alt=\"\" \/><\/a>\n\t\t\t\t<\/dt><\/dl><dl class='gallery-item'>\n\t\t\t\t<dt class='gallery-icon landscape'>\n\t\t\t\t\t<a class=\"rollover rollover-zoom dt-pswp-item\" title=\"483510740_1084485490386789_7211755747006951649_n\" data-dt-img-description=\"\" data-large_image_width=\"1200\" data-large_image_height=\"540\"href='https:\/\/www.radiopiu.net\/wordpress\/wp-content\/uploads\/2025\/03\/483510740_1084485490386789_7211755747006951649_n.jpg'><img loading=\"lazy\" decoding=\"async\" width=\"150\" height=\"150\" src=\"https:\/\/www.radiopiu.net\/wordpress\/wp-content\/uploads\/2025\/03\/483510740_1084485490386789_7211755747006951649_n-150x150.jpg\" class=\"attachment-thumbnail size-thumbnail\" alt=\"\" \/><\/a>\n\t\t\t\t<\/dt><\/dl><br style=\"clear: both\" \/>\n\t\t\t<\/div>\n\n<p>&nbsp;<\/p>\n<p>&nbsp;<\/p>\n<p>&nbsp;<\/p>\n<p>***********<\/p>\n","protected":false},"excerpt":{"rendered":"<p>****** &nbsp; REDAZIONE Il lavoro degli operatori di Veneto Strade continua senza sosta per garantire la viabilit\u00e0 anche in condizioni meteorologiche difficili. Tuttavia, si registra una criticit\u00e0 sul Passo Falzarego, in localit\u00e0 Col Gallina, dove numerose auto parcheggiate sulla corsia di marcia stanno creando notevoli disagi alla circolazione. A causa di questa situazione, il passaggio&hellip;<\/p>\n","protected":false},"author":4,"featured_media":439886,"comment_status":"closed","ping_status":"closed","sticky":false,"template":"","format":"standard","meta":{"_monsterinsights_skip_tracking":false,"_monsterinsights_sitenote_active":false,"_monsterinsights_sitenote_note":"","_monsterinsights_sitenote_category":0,"footnotes":""},"categories":[49],"tags":[],"class_list":["post-439883","post","type-post","status-publish","format-standard","has-post-thumbnail","hentry","category-news-18","category-49","description-off"],"img_url":"https:\/\/www.radiopiu.net\/wordpress\/wp-content\/uploads\/2025\/03\/483507984_1084485550386783_7052270727150783116_n.jpg","_links":{"self":[{"href":"https:\/\/www.radiopiu.net\/wordpress\/wp-json\/wp\/v2\/posts\/439883","targetHints":{"allow":["GET"]}}],"collection":[{"href":"https:\/\/www.radiopiu.net\/wordpress\/wp-json\/wp\/v2\/posts"}],"about":[{"href":"https:\/\/www.radiopiu.net\/wordpress\/wp-json\/wp\/v2\/types\/post"}],"author":[{"embeddable":true,"href":"https:\/\/www.radiopiu.net\/wordpress\/wp-json\/wp\/v2\/users\/4"}],"replies":[{"embeddable":true,"href":"https:\/\/www.radiopiu.net\/wordpress\/wp-json\/wp\/v2\/comments?post=439883"}],"version-history":[{"count":1,"href":"https:\/\/www.radiopiu.net\/wordpress\/wp-json\/wp\/v2\/posts\/439883\/revisions"}],"predecessor-version":[{"id":439888,"href":"https:\/\/www.radiopiu.net\/wordpress\/wp-json\/wp\/v2\/posts\/439883\/revisions\/439888"}],"wp:featuredmedia":[{"embeddable":true,"href":"https:\/\/www.radiopiu.net\/wordpress\/wp-json\/wp\/v2\/media\/439886"}],"wp:attachment":[{"href":"https:\/\/www.radiopiu.net\/wordpress\/wp-json\/wp\/v2\/media?parent=439883"}],"wp:term":[{"taxonomy":"category","embeddable":true,"href":"https:\/\/www.radiopiu.net\/wordpress\/wp-json\/wp\/v2\/categories?post=439883"},{"taxonomy":"post_tag","embeddable":true,"href":"https:\/\/www.radiopiu.net\/wordpress\/wp-json\/wp\/v2\/tags?post=439883"}],"curies":[{"name":"wp","href":"https:\/\/api.w.org\/{rel}","templated":true}]}}