{"id":439976,"date":"2025-03-18T05:50:48","date_gmt":"2025-03-18T04:50:48","guid":{"rendered":"https:\/\/www.radiopiu.net\/wordpress\/?p=439976"},"modified":"2025-03-18T05:54:53","modified_gmt":"2025-03-18T04:54:53","slug":"tragedia-in-montagna-tre-morti-in-due-giorni","status":"publish","type":"post","link":"https:\/\/www.radiopiu.net\/wordpress\/tragedia-in-montagna-tre-morti-in-due-giorni\/","title":{"rendered":"TRAGEDIA IN MONTAGNA: TRE MORTI IN DUE GIORNI"},"content":{"rendered":"<p>*****<\/p>\n<p>&nbsp;<\/p>\n<h3 data-start=\"0\" data-end=\"51\"><a class=\"dt-pswp-item\" href=\"https:\/\/www.radiopiu.net\/wordpress\/wp-content\/uploads\/2025\/03\/Watermark_20250316_173645_644.jpg\" data-dt-img-description=\"\" data-large_image_width=\"2364\" data-large_image_height=\"1773\"><img loading=\"lazy\" decoding=\"async\" class=\"wp-image-440006 alignleft\" src=\"https:\/\/www.radiopiu.net\/wordpress\/wp-content\/uploads\/2025\/03\/Watermark_20250316_173645_644-300x225.jpg\" alt=\"\" width=\"140\" height=\"105\" srcset=\"https:\/\/www.radiopiu.net\/wordpress\/wp-content\/uploads\/2025\/03\/Watermark_20250316_173645_644-300x225.jpg 300w, https:\/\/www.radiopiu.net\/wordpress\/wp-content\/uploads\/2025\/03\/Watermark_20250316_173645_644-1024x768.jpg 1024w, https:\/\/www.radiopiu.net\/wordpress\/wp-content\/uploads\/2025\/03\/Watermark_20250316_173645_644-768x576.jpg 768w, https:\/\/www.radiopiu.net\/wordpress\/wp-content\/uploads\/2025\/03\/Watermark_20250316_173645_644-1536x1152.jpg 1536w, https:\/\/www.radiopiu.net\/wordpress\/wp-content\/uploads\/2025\/03\/Watermark_20250316_173645_644-2048x1536.jpg 2048w\" sizes=\"auto, (max-width: 140px) 100vw, 140px\" \/><\/a>Tre vittime in due giorni per valanghe sulle montagne italiane. In Trentino, sul ghiacciaio Presena, uno scialpinista tedesco di 49 anni \u00e8 morto, mentre un bresciano di 36 anni \u00e8 in rianimazione. Un altro sciatore tedesco \u00e8 ricoverato a Rovereto. Ieri, un australiano \u00e8 rimasto ferito sotto Punta Helbronner, sul Monte Bianco.<\/h3>\n<blockquote>\n<h3 class=\"_title post-title entry-title\"><\/h3>\n<h3 class=\"_title post-title entry-title\"><\/h3>\n<h3 class=\"_title post-title entry-title\"><a class=\"dt-pswp-item\" href=\"https:\/\/www.radiopiu.net\/wordpress\/wp-content\/uploads\/2023\/12\/ANTENNA.png\" data-dt-img-description=\"\" data-large_image_width=\"300\" data-large_image_height=\"166\"><img loading=\"lazy\" decoding=\"async\" class=\"wp-image-366306 alignleft\" src=\"https:\/\/www.radiopiu.net\/wordpress\/wp-content\/uploads\/2023\/12\/ANTENNA.png\" alt=\"\" width=\"157\" height=\"87\" \/><\/a>FARRA DI SOLIGO | MARCO, SOPRAVVISSUTO ALLA VALANGA: \u00abTRAVOLTI DA UN\u2019ONDA, HO FATTO IL POSSIBILE\u00bb<\/h3>\n<\/blockquote>\n<p data-start=\"53\" data-end=\"379\" data-is-last-node=\"\" data-is-only-node=\"\">\u00a0Intervistati MARCO DALLA LONGA (Servizio di\u00a0<a href=\"https:\/\/antennatre.medianordest.it\/redazione\/Francesca-Bozza\/\">Francesca Bozza<\/a>)<\/p>\n<p><iframe loading=\"lazy\" title=\"MARCO, SOPRAVVISSUTO ALLA VALANGA: \u00abTRAVOLTI DA UN&#039;ONDA, HO FATTO IL POSSIBILE\u00bb | 17\/03\/2025\" width=\"1200\" height=\"675\" src=\"https:\/\/www.youtube.com\/embed\/lFS0tzSgh1I?feature=oembed\" frameborder=\"0\" allow=\"accelerometer; autoplay; clipboard-write; encrypted-media; gyroscope; picture-in-picture; web-share\" referrerpolicy=\"strict-origin-when-cross-origin\" allowfullscreen><\/iframe><\/p>\n<p>&nbsp;<\/p>\n<h3 class=\"_title post-title entry-title\"><a class=\"dt-pswp-item\" href=\"https:\/\/www.radiopiu.net\/wordpress\/wp-content\/uploads\/2023\/12\/ANTENNA.png\" data-dt-img-description=\"\" data-large_image_width=\"300\" data-large_image_height=\"166\"><img loading=\"lazy\" decoding=\"async\" class=\"wp-image-366306 alignleft\" src=\"https:\/\/www.radiopiu.net\/wordpress\/wp-content\/uploads\/2023\/12\/ANTENNA.png\" alt=\"\" width=\"157\" height=\"87\" \/><\/a><\/h3>\n<h1 class=\"_title post-title entry-title\">SAN VITO DI CADORE | RISCHIO SLAVINE, IL SOCCORSO ALPINO: \u00abFARE ATTENZIONE\u00bb<\/h1>\n<p>&nbsp;<\/p>\n<p>Intervistati DIMITRI DE GOL (VICE DELEGATO SOCCORSO ALPINO BELLUNO) (Servizio di\u00a0<a href=\"https:\/\/antennatre.medianordest.it\/redazione\/Fabio-Fioravanzi\/\">Fabio Fioravanzi<\/a>)<\/p>\n<p><iframe loading=\"lazy\" title=\"RISCHIO SLAVINE, IL SOCCORSO ALPINO: \u00abFARE ATTENZIONE\u00bb | 17\/03\/2025\" width=\"1200\" height=\"675\" src=\"https:\/\/www.youtube.com\/embed\/OWNh_9W8IVo?feature=oembed\" frameborder=\"0\" allow=\"accelerometer; autoplay; clipboard-write; encrypted-media; gyroscope; picture-in-picture; web-share\" referrerpolicy=\"strict-origin-when-cross-origin\" allowfullscreen><\/iframe><\/p>\n<p>&nbsp;<\/p>\n<blockquote>\n<h1>VALANGA AL GIAU: ELISA E ABEL NON CE L\u2019HANNO FATTA.<\/h1>\n<div class=\"page-title-head hgroup\"><\/div>\n<p data-start=\"58\" data-end=\"608\" data-is-last-node=\"\" data-is-only-node=\"\"><a class=\"dt-pswp-item\" href=\"https:\/\/www.radiopiu.net\/wordpress\/wp-content\/uploads\/2025\/03\/Watermark_20250316_173638_894.jpg\" data-dt-img-description=\"\" data-large_image_width=\"2364\" data-large_image_height=\"1773\"><img loading=\"lazy\" decoding=\"async\" class=\"wp-image-440005 alignleft\" src=\"https:\/\/www.radiopiu.net\/wordpress\/wp-content\/uploads\/2025\/03\/Watermark_20250316_173638_894-300x225.jpg\" alt=\"\" width=\"159\" height=\"119\" srcset=\"https:\/\/www.radiopiu.net\/wordpress\/wp-content\/uploads\/2025\/03\/Watermark_20250316_173638_894-300x225.jpg 300w, https:\/\/www.radiopiu.net\/wordpress\/wp-content\/uploads\/2025\/03\/Watermark_20250316_173638_894-1024x768.jpg 1024w, https:\/\/www.radiopiu.net\/wordpress\/wp-content\/uploads\/2025\/03\/Watermark_20250316_173638_894-768x576.jpg 768w, https:\/\/www.radiopiu.net\/wordpress\/wp-content\/uploads\/2025\/03\/Watermark_20250316_173638_894-1536x1152.jpg 1536w, https:\/\/www.radiopiu.net\/wordpress\/wp-content\/uploads\/2025\/03\/Watermark_20250316_173638_894-2048x1536.jpg 2048w\" sizes=\"auto, (max-width: 159px) 100vw, 159px\" \/><\/a>Una valanga a Forcella Giau ha travolto tre scialpinisti. <strong>Elisa De Nardi, 39 anni, e Abel Ayala Anchundi (foto)<\/strong>\u00a0 originario dell&#8217;Ecuador, residente a Vittorio Veneto di 38 anni sono morti in ospedale.<\/p>\n<p data-start=\"58\" data-end=\"608\" data-is-last-node=\"\" data-is-only-node=\"\">Il fratello di Elisa, <strong>Andrea, 51 anni,<\/strong> \u00e8 ferito ma fuori pericolo. \u00a0I tre, estratti da una massa di tre metri di neve, sono stati soccorsi dal Suem 118 e dal Soccorso Alpino. Nonostante gli avvisi di rischio marcato, il gruppo si era avventurato in zona. L\u2019inchiesta valuter\u00e0 eventuali responsabilit\u00e0. Il drammatico evento sottolinea ancora una volta l\u2019importanza della prudenza in montagna.<\/p>\n<\/blockquote>\n<p>&nbsp;<\/p>\n<p><strong>Il bollettino delle valanghe dava pericolo 3 marcato.<\/strong><\/p>\n<p><strong class=\"photoswipe-wrapper\"><a class=\"dt-pswp-item pspw-wrap-ready\" href=\"https:\/\/www.radiopiu.net\/wordpress\/wp-content\/uploads\/2025\/03\/8c21a839-6fa2-4ac8-8eb6-9e75db015c34.jpg\" data-dt-img-description=\"\" data-large_image_width=\"1200\" data-large_image_height=\"1600\"><img loading=\"lazy\" decoding=\"async\" class=\" wp-image-439992 alignleft\" src=\"https:\/\/www.radiopiu.net\/wordpress\/wp-content\/uploads\/2025\/03\/8c21a839-6fa2-4ac8-8eb6-9e75db015c34-225x300.jpg\" sizes=\"auto, (max-width: 186px) 100vw, 186px\" srcset=\"https:\/\/www.radiopiu.net\/wordpress\/wp-content\/uploads\/2025\/03\/8c21a839-6fa2-4ac8-8eb6-9e75db015c34-225x300.jpg 225w, https:\/\/www.radiopiu.net\/wordpress\/wp-content\/uploads\/2025\/03\/8c21a839-6fa2-4ac8-8eb6-9e75db015c34-768x1024.jpg 768w, https:\/\/www.radiopiu.net\/wordpress\/wp-content\/uploads\/2025\/03\/8c21a839-6fa2-4ac8-8eb6-9e75db015c34-1152x1536.jpg 1152w, https:\/\/www.radiopiu.net\/wordpress\/wp-content\/uploads\/2025\/03\/8c21a839-6fa2-4ac8-8eb6-9e75db015c34.jpg 1200w\" alt=\"\" width=\"186\" height=\"248\" \/><\/a>CORTINA <\/strong>\u00a0A dare l\u2019allarme attorno alle 13 <strong>un quarto sciatore<\/strong> rimasto estraneo al distacco. La valanga, pi\u00f9 distacchi sull\u2019intero versante, ha sepolto Andrea De Nardi 51enne di Conegliano (TV), che \u00e8 stato subito individuato e riportato in superficie dal compagno,\u00a0 trascinati pi\u00f9 a valle gli altri due l\u2019americano ed Elisa De Nardi (foto). Sul posto, approfittando di un varco \u00e8 riuscito ad <a class=\"dt-pswp-item\" href=\"https:\/\/www.radiopiu.net\/wordpress\/wp-content\/uploads\/2025\/03\/1111.png\" data-dt-img-description=\"\" data-large_image_width=\"398\" data-large_image_height=\"238\"><img loading=\"lazy\" decoding=\"async\" class=\"size-medium wp-image-440160 alignright\" src=\"https:\/\/www.radiopiu.net\/wordpress\/wp-content\/uploads\/2025\/03\/1111-300x179.png\" alt=\"\" width=\"300\" height=\"179\" srcset=\"https:\/\/www.radiopiu.net\/wordpress\/wp-content\/uploads\/2025\/03\/1111-300x179.png 300w, https:\/\/www.radiopiu.net\/wordpress\/wp-content\/uploads\/2025\/03\/1111.png 398w\" sizes=\"auto, (max-width: 300px) 100vw, 300px\" \/><\/a>arrivare l\u2019elicottero del Suem di Pieve di Cadore che ha sbarcato equipe medica, tecnico di elisoccorso ed unit\u00e0 cinofila, mentre l\u2019eliambulanza di Treviso provava ad avvicinarsi. Inutili i tentativi da parte dell\u2019elicottero di Bolzano. Parte delle squadre del Soccorso alpino di San Vito di Cadore, Cortina, Alleghe \u2013 Val Fiorentina, Livinallongo e della Guardia di finanza sono salite con gli sci, parte <a class=\"dt-pswp-item\" href=\"https:\/\/www.radiopiu.net\/wordpress\/wp-content\/uploads\/2025\/03\/Immagine-2025-03-17-103519.png\" data-dt-img-description=\"\" data-large_image_width=\"146\" data-large_image_height=\"185\"><img loading=\"lazy\" decoding=\"async\" class=\" wp-image-440161 alignleft\" src=\"https:\/\/www.radiopiu.net\/wordpress\/wp-content\/uploads\/2025\/03\/Immagine-2025-03-17-103519.png\" alt=\"\" width=\"125\" height=\"158\" \/><\/a>elitrasportate, cos\u00ec come una seconda unit\u00e0 cinofila, una quarantina di soccorritori in tutto. Il secondo sciatore, il 38enne\u00a0 \u00e8 stato individuato con l\u2019Artva e tramite i sondaggi sotto due metri di neve. Riportato in superficie, il personale medico ha subito iniziato le manovre di rianimazione. Imbarcato poi da Falco e stato trasportato a Mestre. Pi\u00f9 difficile l\u2019individuazione di Elisa De Nardi, poich\u00e9 i segnali Artva indicavano un punto, ma le sonde non riuscivano a raggiungerla in quanto si trovava a oltre tre metri di profondit\u00e0. Quando anche il cane di un\u2019unit\u00e0 cinofila ha iniziato a scavare, i soccorritori si sono concentrati in quel luogo e hanno iniziato ad abbassare il livello della massa nevosa, finch\u00e9 il sondaggio ha rivelato finalmente l\u2019esatta posizione della donna. Estratta dalla neve in gravissime condizioni,\u00a0 \u00e8 stata trasportata da Leone all\u2019ospedale di Treviso. Il primo scialpinista \u00e8 ricoverato a Pieve di Cadore per possibile ipotermia e per un trauma alla caviglia.<\/p>\n<p><strong>\u00a0<\/strong><\/p>\n<p><strong>LE FOTO<\/strong><\/p>\n\n\t\t\t<style type='text\/css'>\n\t\t\t\t#gallery-1 {\n\t\t\t\t\tmargin: auto;\n\t\t\t\t}\n\t\t\t\t#gallery-1 .gallery-item {\n\t\t\t\t\tfloat: left;\n\t\t\t\t\tmargin-top: 10px;\n\t\t\t\t\ttext-align: center;\n\t\t\t\t\twidth: 20%;\n\t\t\t\t}\n\t\t\t\t#gallery-1 img {\n\t\t\t\t\tborder: 2px solid #cfcfcf;\n\t\t\t\t}\n\t\t\t\t#gallery-1 .gallery-caption {\n\t\t\t\t\tmargin-left: 0;\n\t\t\t\t}\n\t\t\t\t\/* see gallery_shortcode() in wp-includes\/media.php *\/\n\t\t\t<\/style>\n\t\t<div id='gallery-1' class='dt-gallery-container gallery galleryid-439976 gallery-columns-5 gallery-size-thumbnail'><dl class='gallery-item'>\n\t\t\t\t<dt class='gallery-icon portrait'>\n\t\t\t\t\t<a class=\"rollover rollover-zoom dt-pswp-item\" title=\"Watermark_20250316_173619_392\" data-dt-img-description=\"\" data-large_image_width=\"1773\" data-large_image_height=\"2364\"href='https:\/\/www.radiopiu.net\/wordpress\/wp-content\/uploads\/2025\/03\/Watermark_20250316_173619_392.jpg'><img loading=\"lazy\" decoding=\"async\" width=\"150\" height=\"150\" src=\"https:\/\/www.radiopiu.net\/wordpress\/wp-content\/uploads\/2025\/03\/Watermark_20250316_173619_392-150x150.jpg\" class=\"attachment-thumbnail size-thumbnail\" alt=\"\" \/><\/a>\n\t\t\t\t<\/dt><\/dl><dl class='gallery-item'>\n\t\t\t\t<dt class='gallery-icon landscape'>\n\t\t\t\t\t<a class=\"rollover rollover-zoom dt-pswp-item\" title=\"Watermark_20250316_173638_894\" data-dt-img-description=\"\" data-large_image_width=\"2364\" data-large_image_height=\"1773\"href='https:\/\/www.radiopiu.net\/wordpress\/wp-content\/uploads\/2025\/03\/Watermark_20250316_173638_894.jpg'><img loading=\"lazy\" decoding=\"async\" width=\"150\" height=\"150\" src=\"https:\/\/www.radiopiu.net\/wordpress\/wp-content\/uploads\/2025\/03\/Watermark_20250316_173638_894-150x150.jpg\" class=\"attachment-thumbnail size-thumbnail\" alt=\"\" \/><\/a>\n\t\t\t\t<\/dt><\/dl><dl class='gallery-item'>\n\t\t\t\t<dt class='gallery-icon landscape'>\n\t\t\t\t\t<a class=\"rollover rollover-zoom dt-pswp-item\" title=\"Watermark_20250316_173645_644\" data-dt-img-description=\"\" data-large_image_width=\"2364\" data-large_image_height=\"1773\"href='https:\/\/www.radiopiu.net\/wordpress\/wp-content\/uploads\/2025\/03\/Watermark_20250316_173645_644.jpg'><img loading=\"lazy\" decoding=\"async\" width=\"150\" height=\"150\" src=\"https:\/\/www.radiopiu.net\/wordpress\/wp-content\/uploads\/2025\/03\/Watermark_20250316_173645_644-150x150.jpg\" class=\"attachment-thumbnail size-thumbnail\" alt=\"\" \/><\/a>\n\t\t\t\t<\/dt><\/dl><dl class='gallery-item'>\n\t\t\t\t<dt class='gallery-icon portrait'>\n\t\t\t\t\t<a class=\"rollover rollover-zoom dt-pswp-item\" title=\"Watermark_20250316_173720_370\" data-dt-img-description=\"\" data-large_image_width=\"1773\" data-large_image_height=\"2364\"href='https:\/\/www.radiopiu.net\/wordpress\/wp-content\/uploads\/2025\/03\/Watermark_20250316_173720_370.jpg'><img loading=\"lazy\" decoding=\"async\" width=\"150\" height=\"150\" src=\"https:\/\/www.radiopiu.net\/wordpress\/wp-content\/uploads\/2025\/03\/Watermark_20250316_173720_370-150x150.jpg\" class=\"attachment-thumbnail size-thumbnail\" alt=\"\" \/><\/a>\n\t\t\t\t<\/dt><\/dl><dl class='gallery-item'>\n\t\t\t\t<dt class='gallery-icon portrait'>\n\t\t\t\t\t<a class=\"rollover rollover-zoom dt-pswp-item\" title=\"Watermark_20250316_173736_487\" data-dt-img-description=\"\" data-large_image_width=\"1773\" data-large_image_height=\"2364\"href='https:\/\/www.radiopiu.net\/wordpress\/wp-content\/uploads\/2025\/03\/Watermark_20250316_173736_487.jpg'><img loading=\"lazy\" decoding=\"async\" width=\"150\" height=\"150\" src=\"https:\/\/www.radiopiu.net\/wordpress\/wp-content\/uploads\/2025\/03\/Watermark_20250316_173736_487-150x150.jpg\" class=\"attachment-thumbnail size-thumbnail\" alt=\"\" \/><\/a>\n\t\t\t\t<\/dt><\/dl><br style=\"clear: both\" \/>\n\t\t\t<\/div>\n\n<p>&nbsp;<\/p>\n<p><strong>IL VIDEO<\/strong><\/p>\n<div style=\"width: 1200px;\" class=\"wp-video\"><video class=\"wp-video-shortcode\" id=\"video-439976-1\" width=\"1200\" height=\"675\" preload=\"metadata\" controls=\"controls\"><source type=\"video\/mp4\" src=\"https:\/\/www.radiopiu.net\/wordpress\/wp-content\/uploads\/2025\/03\/WhatsApp-Video-2025-03-16-at-15.28.08.mp4?_=1\" \/><a href=\"https:\/\/www.radiopiu.net\/wordpress\/wp-content\/uploads\/2025\/03\/WhatsApp-Video-2025-03-16-at-15.28.08.mp4\">https:\/\/www.radiopiu.net\/wordpress\/wp-content\/uploads\/2025\/03\/WhatsApp-Video-2025-03-16-at-15.28.08.mp4<\/a><\/video><\/div>\n<p>&nbsp;<\/p>\n<p>&nbsp;<\/p>\n<p>&nbsp;<\/p>\n<p>&#8212;&#8212;&#8212;-<\/p>\n","protected":false},"excerpt":{"rendered":"<p>***** &nbsp; Tre vittime in due giorni per valanghe sulle montagne italiane. In Trentino, sul ghiacciaio Presena, uno scialpinista tedesco di 49 anni \u00e8 morto, mentre un bresciano di 36 anni \u00e8 in rianimazione. Un altro sciatore tedesco \u00e8 ricoverato a Rovereto. Ieri, un australiano \u00e8 rimasto ferito sotto Punta Helbronner, sul Monte Bianco. FARRA&hellip;<\/p>\n","protected":false},"author":4,"featured_media":440004,"comment_status":"closed","ping_status":"closed","sticky":false,"template":"","format":"standard","meta":{"_monsterinsights_skip_tracking":false,"_monsterinsights_sitenote_active":false,"_monsterinsights_sitenote_note":"","_monsterinsights_sitenote_category":0,"footnotes":""},"categories":[51,49],"tags":[],"class_list":["post-439976","post","type-post","status-publish","format-standard","has-post-thumbnail","hentry","category-evidenza-top","category-news-18","category-51","category-49","description-off"],"img_url":"https:\/\/www.radiopiu.net\/wordpress\/wp-content\/uploads\/2025\/03\/Watermark_20250316_173619_392.jpg","_links":{"self":[{"href":"https:\/\/www.radiopiu.net\/wordpress\/wp-json\/wp\/v2\/posts\/439976","targetHints":{"allow":["GET"]}}],"collection":[{"href":"https:\/\/www.radiopiu.net\/wordpress\/wp-json\/wp\/v2\/posts"}],"about":[{"href":"https:\/\/www.radiopiu.net\/wordpress\/wp-json\/wp\/v2\/types\/post"}],"author":[{"embeddable":true,"href":"https:\/\/www.radiopiu.net\/wordpress\/wp-json\/wp\/v2\/users\/4"}],"replies":[{"embeddable":true,"href":"https:\/\/www.radiopiu.net\/wordpress\/wp-json\/wp\/v2\/comments?post=439976"}],"version-history":[{"count":25,"href":"https:\/\/www.radiopiu.net\/wordpress\/wp-json\/wp\/v2\/posts\/439976\/revisions"}],"predecessor-version":[{"id":440287,"href":"https:\/\/www.radiopiu.net\/wordpress\/wp-json\/wp\/v2\/posts\/439976\/revisions\/440287"}],"wp:featuredmedia":[{"embeddable":true,"href":"https:\/\/www.radiopiu.net\/wordpress\/wp-json\/wp\/v2\/media\/440004"}],"wp:attachment":[{"href":"https:\/\/www.radiopiu.net\/wordpress\/wp-json\/wp\/v2\/media?parent=439976"}],"wp:term":[{"taxonomy":"category","embeddable":true,"href":"https:\/\/www.radiopiu.net\/wordpress\/wp-json\/wp\/v2\/categories?post=439976"},{"taxonomy":"post_tag","embeddable":true,"href":"https:\/\/www.radiopiu.net\/wordpress\/wp-json\/wp\/v2\/tags?post=439976"}],"curies":[{"name":"wp","href":"https:\/\/api.w.org\/{rel}","templated":true}]}}