{"id":440026,"date":"2025-03-18T05:45:44","date_gmt":"2025-03-18T04:45:44","guid":{"rendered":"https:\/\/www.radiopiu.net\/wordpress\/?p=440026"},"modified":"2025-03-18T08:00:42","modified_gmt":"2025-03-18T07:00:42","slug":"giornale-radiopiu-18-marzo-2025-direttore-mirko-mezzacasa","status":"publish","type":"post","link":"https:\/\/www.radiopiu.net\/wordpress\/giornale-radiopiu-18-marzo-2025-direttore-mirko-mezzacasa\/","title":{"rendered":"GIORNALE RADIOPIU 18 MARZO 2025 DIRETTORE MIRKO MEZZACASA"},"content":{"rendered":"<p>*********<\/p>\n<p>&nbsp;<\/p>\n<p><em><span style=\"color: #ff0000;\"><a class=\"dt-pswp-item\" href=\"https:\/\/www.radiopiu.net\/wordpress\/wp-content\/uploads\/2024\/10\/Senza-nome-8.png\" data-dt-img-description=\"\" data-large_image_width=\"343\" data-large_image_height=\"303\"><img loading=\"lazy\" decoding=\"async\" class=\"wp-image-412130 alignleft\" src=\"https:\/\/www.radiopiu.net\/wordpress\/wp-content\/uploads\/2024\/10\/Senza-nome-8-300x265.png\" alt=\"\" width=\"105\" height=\"93\" srcset=\"https:\/\/www.radiopiu.net\/wordpress\/wp-content\/uploads\/2024\/10\/Senza-nome-8-300x265.png 300w, https:\/\/www.radiopiu.net\/wordpress\/wp-content\/uploads\/2024\/10\/Senza-nome-8.png 343w\" sizes=\"auto, (max-width: 105px) 100vw, 105px\" \/><\/a><\/span><\/em><strong><em><span style=\"color: #ff0000;\"> LA\u00a0 APP PER IOS-IPHONE di Nicola Vettorello<\/span><\/em><\/strong><\/p>\n<p><strong><span style=\"color: #0000ff;\"><a style=\"color: #0000ff;\" href=\"https:\/\/apps.apple.com\/it\/app\/radio-pi%C3%B9-emittente-agordina\/id1515939845\">https:\/\/apps.apple.com\/it\/app\/radio-pi%C3%B9-emittente-agordina\/id1515939845<\/a><\/span><\/strong><\/p>\n<p><strong><em style=\"color: #ff0000;\">LA\u00a0 APP RADIO\u00a0 PER ANDROID di Nicola Vettorello<\/em><\/strong><\/p>\n<p><strong><span style=\"color: #0000ff;\"><a style=\"color: #0000ff;\" href=\"https:\/\/play.google.com\/store\/apps\/details?id=net.radiopiu.iniko\" target=\"_blank\" rel=\"noopener noreferrer\">https:\/\/<\/a><a style=\"color: #0000ff;\" href=\"https:\/\/play.google.com\/store\/apps\/details?id=net.radiopiu.iniko\" target=\"_blank\" rel=\"noopener noreferrer\">play.google.com\/store\/apps\/details?id=net.radiopiu.iniko\u00a0\u00a0\u00a0\u00a0<\/a><\/span><\/strong><\/p>\n<h1 style=\"text-align: center;\"><\/h1>\n<p>&nbsp;<\/p>\n<p>&nbsp;<\/p>\n<hr \/>\n<p>&nbsp;<\/p>\n<p><span style=\"color: #0000ff;\"><strong><a class=\"dt-pswp-item\" href=\"https:\/\/www.radiopiu.net\/wordpress\/wp-content\/uploads\/2025\/03\/c90b7e01-b587-484d-98d7-5ebe8f609c43.jpg\" data-dt-img-description=\"\" data-large_image_width=\"1080\" data-large_image_height=\"1553\"><img loading=\"lazy\" decoding=\"async\" class=\"size-medium wp-image-440168 alignleft\" src=\"https:\/\/www.radiopiu.net\/wordpress\/wp-content\/uploads\/2025\/03\/c90b7e01-b587-484d-98d7-5ebe8f609c43-209x300.jpg\" alt=\"\" width=\"209\" height=\"300\" srcset=\"https:\/\/www.radiopiu.net\/wordpress\/wp-content\/uploads\/2025\/03\/c90b7e01-b587-484d-98d7-5ebe8f609c43-209x300.jpg 209w, https:\/\/www.radiopiu.net\/wordpress\/wp-content\/uploads\/2025\/03\/c90b7e01-b587-484d-98d7-5ebe8f609c43-712x1024.jpg 712w, https:\/\/www.radiopiu.net\/wordpress\/wp-content\/uploads\/2025\/03\/c90b7e01-b587-484d-98d7-5ebe8f609c43-768x1104.jpg 768w, https:\/\/www.radiopiu.net\/wordpress\/wp-content\/uploads\/2025\/03\/c90b7e01-b587-484d-98d7-5ebe8f609c43-1068x1536.jpg 1068w, https:\/\/www.radiopiu.net\/wordpress\/wp-content\/uploads\/2025\/03\/c90b7e01-b587-484d-98d7-5ebe8f609c43.jpg 1080w\" sizes=\"auto, (max-width: 209px) 100vw, 209px\" \/><\/a>OGGI <\/strong>\u00a0<\/span>\u00a0 <strong>\u00a009.00<\/strong> LA MUSICA COUNTRY, DAL 1983, DA 42 ANNI&#8230; LE SELEZIONI DI ALEX NASCINBEN <strong>10.10 MUSLA LE NOVE IN LADIN CON ANNA DI FALCADE <\/strong><span class=\"transfer_display_name\">\u00a0<strong>12.30<\/strong> IL GIORNALE RADIO EDIZIONE PRINCIPALE <strong>13.20<\/strong> TUTTI I GIORNI DAL MARTEDI ALLA DOMENICA, ALLE 13.20 LORIS SCUSSEL RIPROPONE COLLAGE, OPERAZIONE NOSTALGIA <\/span><strong>14.00 15.00 IL MARTEDI POMERIGGIO CON LUISA ALCHINI, OSPITE CRISTINA LA DIVINA (foto)<\/strong>\u00a0\u00a0<b>16.45 <\/b>HIT PARADE STORY, LA STORIA DELLA MUSICA RACCONTATA QUOTIDIANAMENTE DA MIRCO BENCIVENNI<\/p>\n<p>&nbsp;<\/p>\n<p><span style=\"color: #ff0000;\">DOMANI SERA DALE 20.30&#8230; DI RADIO COME UNA VOLTA CON LA CONDUZIONE DI MORENO TOCCHETTO, REGIA MARCO GAZ, CON DJ MORGAN, MAX DEL LARESEI E PAOLO PROSPERI<\/span><\/p>\n<p>AUDIO MARINA DONA&#8217;<\/p>\n<audio class=\"wp-audio-shortcode\" id=\"audio-440026-1\" preload=\"none\" style=\"width: 100%;\" controls=\"controls\"><source type=\"audio\/mpeg\" src=\"https:\/\/www.radiopiu.net\/wordpress\/wp-content\/uploads\/2025\/03\/OGGI-ALLA-RADIO.mp3?_=1\" \/><a href=\"https:\/\/www.radiopiu.net\/wordpress\/wp-content\/uploads\/2025\/03\/OGGI-ALLA-RADIO.mp3\">https:\/\/www.radiopiu.net\/wordpress\/wp-content\/uploads\/2025\/03\/OGGI-ALLA-RADIO.mp3<\/a><\/audio>\n<p>&nbsp;<\/p>\n<hr \/>\n<p>&nbsp;<\/p>\n<p>&nbsp;<\/p>\n<div class=\"x11i5rnm xat24cr x1mh8g0r x1vvkbs xtlvy1s x126k92a\">\n<div dir=\"auto\">\n<div dir=\"auto\">\n<p><strong><a class=\"dt-pswp-item\" href=\"https:\/\/www.radiopiu.net\/wordpress\/wp-content\/uploads\/2024\/02\/2d44e751-d8a8-461b-8e22-d8e4e853b032.jpg\" data-dt-img-description=\"\" data-large_image_width=\"1600\" data-large_image_height=\"1200\"><img loading=\"lazy\" decoding=\"async\" class=\"wp-image-373307 alignleft\" src=\"https:\/\/www.radiopiu.net\/wordpress\/wp-content\/uploads\/2024\/02\/2d44e751-d8a8-461b-8e22-d8e4e853b032-300x225.jpg\" alt=\"\" width=\"105\" height=\"79\" srcset=\"https:\/\/www.radiopiu.net\/wordpress\/wp-content\/uploads\/2024\/02\/2d44e751-d8a8-461b-8e22-d8e4e853b032-300x225.jpg 300w, https:\/\/www.radiopiu.net\/wordpress\/wp-content\/uploads\/2024\/02\/2d44e751-d8a8-461b-8e22-d8e4e853b032-1024x768.jpg 1024w, https:\/\/www.radiopiu.net\/wordpress\/wp-content\/uploads\/2024\/02\/2d44e751-d8a8-461b-8e22-d8e4e853b032-768x576.jpg 768w, https:\/\/www.radiopiu.net\/wordpress\/wp-content\/uploads\/2024\/02\/2d44e751-d8a8-461b-8e22-d8e4e853b032-1536x1152.jpg 1536w, https:\/\/www.radiopiu.net\/wordpress\/wp-content\/uploads\/2024\/02\/2d44e751-d8a8-461b-8e22-d8e4e853b032.jpg 1600w\" sizes=\"auto, (max-width: 105px) 100vw, 105px\" \/><\/a>EL BAL DEL FIOR, DI GIULIANA DA RONCH, 18 MARZO<\/strong><strong> 2025<\/strong><\/p>\n<p>&nbsp;<\/p>\n<audio class=\"wp-audio-shortcode\" id=\"audio-440026-2\" preload=\"none\" style=\"width: 100%;\" controls=\"controls\"><source type=\"audio\/mpeg\" src=\"https:\/\/www.radiopiu.net\/wordpress\/wp-content\/uploads\/2025\/03\/GMA-2.mp3?_=2\" \/><a href=\"https:\/\/www.radiopiu.net\/wordpress\/wp-content\/uploads\/2025\/03\/GMA-2.mp3\">https:\/\/www.radiopiu.net\/wordpress\/wp-content\/uploads\/2025\/03\/GMA-2.mp3<\/a><\/audio>\n<p>&nbsp;<\/p>\n<hr \/>\n<p>&nbsp;<\/p>\n<p>&nbsp;<\/p>\n<\/div>\n<\/div>\n<\/div>\n<div class=\"x11i5rnm xat24cr x1mh8g0r x1vvkbs xtlvy1s x126k92a\">\n<blockquote>\n<h1><strong><a class=\"dt-pswp-item\" href=\"https:\/\/www.radiopiu.net\/wordpress\/wp-content\/uploads\/2024\/10\/629301fd-708d-4f53-95c2-d28cbefd500f.jpg\" data-dt-img-description=\"\" data-large_image_width=\"1600\" data-large_image_height=\"1322\"><img loading=\"lazy\" decoding=\"async\" class=\"wp-image-413782 alignright\" src=\"https:\/\/www.radiopiu.net\/wordpress\/wp-content\/uploads\/2024\/10\/629301fd-708d-4f53-95c2-d28cbefd500f-300x248.jpg\" alt=\"\" width=\"106\" height=\"88\" srcset=\"https:\/\/www.radiopiu.net\/wordpress\/wp-content\/uploads\/2024\/10\/629301fd-708d-4f53-95c2-d28cbefd500f-300x248.jpg 300w, https:\/\/www.radiopiu.net\/wordpress\/wp-content\/uploads\/2024\/10\/629301fd-708d-4f53-95c2-d28cbefd500f-1024x846.jpg 1024w, https:\/\/www.radiopiu.net\/wordpress\/wp-content\/uploads\/2024\/10\/629301fd-708d-4f53-95c2-d28cbefd500f-768x635.jpg 768w, https:\/\/www.radiopiu.net\/wordpress\/wp-content\/uploads\/2024\/10\/629301fd-708d-4f53-95c2-d28cbefd500f-1536x1269.jpg 1536w, https:\/\/www.radiopiu.net\/wordpress\/wp-content\/uploads\/2024\/10\/629301fd-708d-4f53-95c2-d28cbefd500f.jpg 1600w\" sizes=\"auto, (max-width: 106px) 100vw, 106px\" \/><\/a><\/strong><\/h1>\n<h1><strong><a class=\"dt-pswp-item\" href=\"https:\/\/www.radiopiu.net\/wordpress\/wp-content\/uploads\/2024\/11\/th-18.jpg\" data-dt-img-description=\"\" data-large_image_width=\"156\" data-large_image_height=\"180\"><img loading=\"lazy\" decoding=\"async\" class=\"size-full wp-image-421611 alignleft\" src=\"https:\/\/www.radiopiu.net\/wordpress\/wp-content\/uploads\/2024\/11\/th-18.jpg\" alt=\"\" width=\"156\" height=\"180\" \/><\/a><\/strong><\/h1>\n<h1><strong>N di parom &#8211; L Almanach de la nosta jent<\/strong><\/h1>\n<\/blockquote>\n<p>&nbsp;<\/p>\n<p>Le voci: Davide Conedera, Agordo, Michela Dell&#8217;Osbel, La Valle Agordina Simone Ganz, Falcade Veronica Lezuo, Colle Santa Lucia. La voce nella sigla \u00e8 di Giorgia Taio<\/p>\n<p><strong>LA PUNTATA DI OGGI, 18 MARZO 2025<\/strong><\/p>\n<audio class=\"wp-audio-shortcode\" id=\"audio-440026-3\" preload=\"none\" style=\"width: 100%;\" controls=\"controls\"><source type=\"audio\/mpeg\" src=\"https:\/\/www.radiopiu.net\/wordpress\/wp-content\/uploads\/2025\/03\/AL2-3.mp3?_=3\" \/><a href=\"https:\/\/www.radiopiu.net\/wordpress\/wp-content\/uploads\/2025\/03\/AL2-3.mp3\">https:\/\/www.radiopiu.net\/wordpress\/wp-content\/uploads\/2025\/03\/AL2-3.mp3<\/a><\/audio>\n<p>&nbsp;<\/p>\n<p>&nbsp;<\/p>\n<p>&nbsp;<\/p>\n<p>&nbsp;<\/p>\n<\/div>\n<div class=\"x11i5rnm xat24cr x1mh8g0r x1vvkbs xtlvy1s x126k92a\">\n<div dir=\"auto\">\n<hr \/>\n<\/div>\n<\/div>\n<blockquote>\n<blockquote>\n<h1><span style=\"color: #ff0000;\">\u00a0<\/span><\/h1>\n<h1><span style=\"color: #ff0000;\">I podcast informativi del mattino &#8211; audio &#8211;\u00a0\u00a0<\/span><\/h1>\n<\/blockquote>\n<p><strong><a class=\"dt-pswp-item\" href=\"https:\/\/www.radiopiu.net\/wordpress\/wp-content\/uploads\/2024\/11\/6.jpg\" data-dt-img-description=\"\" data-large_image_width=\"177\" data-large_image_height=\"180\"><img loading=\"lazy\" decoding=\"async\" class=\"size-full wp-image-417911 alignleft\" src=\"https:\/\/www.radiopiu.net\/wordpress\/wp-content\/uploads\/2024\/11\/6.jpg\" alt=\"\" width=\"177\" height=\"180\" \/><\/a>LA RASSEGNA STAMPA NAZIONALE ALLA RADIO, OGNI GIORNO ALLE 5 E ALLE 6 DEL MATTINO <span style=\"color: #0000ff;\">viene pubblicata alle 6.00 <span style=\"color: #ff0000;\">DIRETTA RADIO\u00a0 \u00a0\u00a0<\/span><\/span><\/strong><\/p><\/blockquote>\n<p>&nbsp;<\/p>\n<p><strong>NOTIZIE DELLA NOTTE<\/strong><\/p>\n<p><strong>Gaza,<\/strong> &#8216;il bilancio dei morti nei raid sale ad almeno 200&#8217; <strong>Usa<\/strong>: &#8216;Chi terrorizza Israele pagher\u00e0, si scatener\u00e0 l&#8217;inferno&#8217; <strong>Borsa<\/strong>: Hong Kong balza in avvio, a +2,16% <strong>Gaza<\/strong>, &#8216;almeno 100 tra morti e feriti negli attacchi israeliani&#8217; <strong>Netanyahu<\/strong>: &#8216;Finita la tregua, Israele agisce con forza a Gaza&#8217;<br \/>\n<strong>Borsa<\/strong>: Tokyo, apertura in rialzo (+1,27%) <strong>Il Papa<\/strong> al Corriere, &#8216;bisogna disarmare la Terra&#8217;<br \/>\n<strong>Trump<\/strong>, &#8216;concordati molti punti ma con Putin resta molto da fare&#8217;<\/p>\n<h1>AUDIO dalle 6 del mattino<\/h1>\n<audio class=\"wp-audio-shortcode\" id=\"audio-440026-4\" preload=\"none\" style=\"width: 100%;\" controls=\"controls\"><source type=\"audio\/mpeg\" src=\"https:\/\/www.radiopiu.net\/wordpress\/wp-content\/uploads\/2025\/03\/GIORNALEDELLESEI-12.mp3?_=4\" \/><a href=\"https:\/\/www.radiopiu.net\/wordpress\/wp-content\/uploads\/2025\/03\/GIORNALEDELLESEI-12.mp3\">https:\/\/www.radiopiu.net\/wordpress\/wp-content\/uploads\/2025\/03\/GIORNALEDELLESEI-12.mp3<\/a><\/audio>\n<p>&nbsp;<\/p>\n<p>&nbsp;<\/p>\n<hr \/>\n<p>&nbsp;<\/p>\n<h1 style=\"text-align: center;\"><span style=\"color: #ff0000;\"><a class=\"dt-pswp-item\" href=\"https:\/\/www.radiopiu.net\/wordpress\/wp-content\/uploads\/2024\/11\/7.jpg\" data-dt-img-description=\"\" data-large_image_width=\"180\" data-large_image_height=\"180\"><img loading=\"lazy\" decoding=\"async\" class=\"size-full wp-image-417912 alignleft\" src=\"https:\/\/www.radiopiu.net\/wordpress\/wp-content\/uploads\/2024\/11\/7.jpg\" alt=\"\" width=\"180\" height=\"180\" srcset=\"https:\/\/www.radiopiu.net\/wordpress\/wp-content\/uploads\/2024\/11\/7.jpg 180w, https:\/\/www.radiopiu.net\/wordpress\/wp-content\/uploads\/2024\/11\/7-150x150.jpg 150w\" sizes=\"auto, (max-width: 180px) 100vw, 180px\" \/><\/a>I podcast informativi del mattino &#8211; audio &#8211;\u00a0<\/span><\/h1>\n<p><strong>OGNI GIORNO ALLE SETTE DEL MATTINO, LA RASSEGNA STAMPA LOCALE FLASH&#8230; PER CHI VA IN FRETTA. I TITOLI DAI GIORNALI E DAL SITO WWW.RADIOPIU.NET <span style=\"color: #0000ff;\">viene pubblicato alle 7.00<\/span> <span style=\"color: #ff0000;\">DIRETTA RADIO\u00a0<\/span><\/strong><\/p>\n<p><em><span style=\"color: #ff0000;\">per chi va in fretta&#8230; tante notizie in pochi minuti. L&#8217;informazione locale alla radio, ogni ora dalle 7 del mattino alle 19 della sera.\u00a0<\/span><\/em><\/p>\n<ol data-start=\"27\" data-end=\"2180\">\n<li data-start=\"1071\" data-end=\"1240\">\n<p data-start=\"1074\" data-end=\"1095\"><strong data-start=\"1074\" data-end=\"1095\">Cultura e Cinema:<\/strong><\/p>\n<ul data-start=\"1099\" data-end=\"1240\">\n<li data-start=\"1099\" data-end=\"1240\"><strong data-start=\"1101\" data-end=\"1113\">Falcade:<\/strong> Inizio della produzione del cortometraggio <em data-start=\"1157\" data-end=\"1163\">Koya<\/em>, che tratta il disagio<\/li>\n<\/ul>\n<ul data-start=\"1792\" data-end=\"2060\">\n<li data-start=\"1966\" data-end=\"2060\"><strong data-start=\"2065\" data-end=\"2087\">Alpago Vandalismo:<\/strong> Il ponte sul torrente Tesa \u00e8 stato danneggiato, segnalando un atto di vandalismo nella zona.<\/li>\n<li data-start=\"1966\" data-end=\"2060\"><strong data-start=\"2211\" data-end=\"2227\">Danilo Pinto<\/strong>: Condannato per accesso abusivo ai dati sanitari, pena sospesa.<strong data-start=\"2294\" data-end=\"2325\">Aggressione al Supermercato<\/strong>: Processo a DM per tentata rapina.<strong data-start=\"2363\" data-end=\"2389\">Stalking a un Avvocato<\/strong>: Processo per stalking, richiesta di 13 mesi di carcere.<strong data-start=\"2449\" data-end=\"2471\">Baby Gang a Feltre<\/strong>: Tre giovani condannati per rapina su un autobus.<strong data-start=\"2524\" data-end=\"2547\">Morte del Boscaiolo<\/strong>: Processo per omicidio colposo ancora non iniziato.<\/li>\n<\/ul>\n<\/li>\n<\/ol>\n<h1>AUDIO dalle 7 del mattino<\/h1>\n<p><span style=\"color: #ff0000;\">AUDIO MIRKO MEZZACASA\u00a0<\/span><\/p>\n<audio class=\"wp-audio-shortcode\" id=\"audio-440026-5\" preload=\"none\" style=\"width: 100%;\" controls=\"controls\"><source type=\"audio\/mpeg\" src=\"https:\/\/www.radiopiu.net\/wordpress\/wp-content\/uploads\/2025\/03\/GF07-14.mp3?_=5\" \/><a href=\"https:\/\/www.radiopiu.net\/wordpress\/wp-content\/uploads\/2025\/03\/GF07-14.mp3\">https:\/\/www.radiopiu.net\/wordpress\/wp-content\/uploads\/2025\/03\/GF07-14.mp3<\/a><\/audio>\n<p>&nbsp;<\/p>\n<p>&nbsp;<\/p>\n<hr \/>\n<p>&nbsp;<\/p>\n<h1><\/h1>\n<h1 style=\"text-align: center;\"><span style=\"color: #ff0000;\"><a class=\"dt-pswp-item\" href=\"https:\/\/www.radiopiu.net\/wordpress\/wp-content\/uploads\/2024\/11\/th.jpg\" data-dt-img-description=\"\" data-large_image_width=\"148\" data-large_image_height=\"179\"><img loading=\"lazy\" decoding=\"async\" class=\"size-full wp-image-417913 alignleft\" src=\"https:\/\/www.radiopiu.net\/wordpress\/wp-content\/uploads\/2024\/11\/th.jpg\" alt=\"\" width=\"148\" height=\"179\" \/><\/a>I podcast informativi del mattino &#8211; audio &#8211;\u00a0<\/span><\/h1>\n<blockquote><p><strong>GIORNALE RADIO NAZIONALE, EDIZIONE DELLE SETTE <span style=\"color: #0000ff;\">viene pubblicato alle 7.05 <span style=\"color: #ff0000;\">DIRETTA RADIO\u00a0<\/span><\/span><\/strong><\/p><\/blockquote>\n<p><strong>il giornale radionazionale e&#8217; in onda ogni ora, dalle sette del mattino alle venti della sera\u00a0 \u00a0<\/strong><\/p>\n<p><strong><a class=\"dt-pswp-item\" href=\"https:\/\/www.radiopiu.net\/wordpress\/wp-content\/uploads\/2025\/02\/download-7.jpg\" data-dt-img-description=\"\" data-large_image_width=\"211\" data-large_image_height=\"239\"><img loading=\"lazy\" decoding=\"async\" class=\"wp-image-435553 alignleft\" src=\"https:\/\/www.radiopiu.net\/wordpress\/wp-content\/uploads\/2025\/02\/download-7.jpg\" alt=\"\" width=\"120\" height=\"136\" \/><\/a>TRENTO <\/strong>Nella zona di Capanna Presena Ancora vittime per le valanghe, un morto in Trentino <strong>SIRACUSA<\/strong> Tre braccianti morti e 7 feriti in un incidente stradale nel Siracusano Statale 194 chiusa a Carlentini <strong>MILANO<\/strong> Dopo il test del Dna, il legale: &#8216;Sempio \u00e8 tranquillo e vuole tornare a lavorare&#8217; L&#8217;amico del fratello di Poggi si era preso alcuni giorni di ferie <strong>POTENZA<\/strong> Il delitto Claps: per 17 anni un giallo, poi la soluzione Il cadavere era nel sottotetto della Chiesa, decisivo il Dna dell&#8217;assassino <strong>PISTOIA<\/strong> Svuota estintore e aggredisce i sanitari in un ospedale La Cgil, a Pescia &#8216;notte di paura, il personale va protetto&#8217; <strong>ROMA<\/strong> Addio Lucio Villari, lo storico che amava il presente Mattarella: &#8216;Rigore scientifico e passione per la democrazia&#8217;<\/p>\n<p><strong><a class=\"dt-pswp-item\" href=\"https:\/\/www.radiopiu.net\/wordpress\/wp-content\/uploads\/2025\/02\/download-3.jpg\" data-dt-img-description=\"\" data-large_image_width=\"223\" data-large_image_height=\"226\"><img loading=\"lazy\" decoding=\"async\" class=\" wp-image-434732 alignleft\" src=\"https:\/\/www.radiopiu.net\/wordpress\/wp-content\/uploads\/2025\/02\/download-3.jpg\" alt=\"\" width=\"180\" height=\"182\" \/><\/a>PADOVA<\/strong> Donna aggredisce infermieri al pronto soccorso, arrestata Intervento dei carabinieri nella notte all&#8217;ospedale di Padova<br \/>\n<strong>TREVISO<\/strong> Morto l&#8217;uomo accoltellato in casa da convivente a Treviso Mauro Pereni, 67 anni, spirato durante l&#8217;intervento chirurgico <strong>VERONA<\/strong> Marito e moglie trovati in villetta, erano morti da mesiIpotesi uccisi da un&#8217;intossicazione da monossido di carbonio<br \/>\n<strong>ROVIGO<\/strong> Travolto da furgone in A13, morto operaio di cantiere mobile Indaga la Procura di Rovigo per omicidio stradale<br \/>\n<strong>VICENZA<\/strong> Lancia Delta di Roberto Baggio all&#8217;asta per laCitt\u00e0 Speranza, &#8216;mai visti soldi&#8217; il\u00a0 Fondatore Masello, chi se l&#8217;\u00e8 aggiudicata non s&#8217;\u00e8 fatto pi\u00f9 vivo<br \/>\n<strong>VERONA<\/strong> Ignora divieto di avvicinamento all&#8217;ex moglie, arrestato Era entrato in casa violando il provvedimento<br \/>\n<strong>VENEZIA<\/strong> A Venezia torna a solcare la laguna la &#8216;Bissona&#8217; Rezzonico Imbarcazione storica e tradizionale ad 8 rematori<br \/>\n<strong>VERONA<\/strong> A Verona dal 19 al 23 marzo 4\/a Borsa Internazionale dei Laghi Manifestazione itinerante dell&#8217;incoming sul turismo lacustre<br \/>\n<strong>VENEZIA<\/strong> Turismo veneto in crescita, +3,3% arrivi e +2,2% presenze 2024 Record storico con 21 milioni arrivi e 73 milioni presenze<strong>\u00a0<\/strong><\/p>\n<h1><span style=\"color: #ff0000;\"><span style=\"color: #0000ff;\">ULTIM&#8217;ORA<\/span> <span style=\"color: #000000;\">AUDIO dalle sette del mattino, ogni ora alla radio EDIZIONE DELLE SETTE<\/span><\/span><\/h1>\n<audio class=\"wp-audio-shortcode\" id=\"audio-440026-6\" preload=\"none\" style=\"width: 100%;\" controls=\"controls\"><source type=\"audio\/mpeg\" src=\"https:\/\/www.radiopiu.net\/wordpress\/wp-content\/uploads\/2025\/03\/giornale07-18.mp3?_=6\" \/><a href=\"https:\/\/www.radiopiu.net\/wordpress\/wp-content\/uploads\/2025\/03\/giornale07-18.mp3\">https:\/\/www.radiopiu.net\/wordpress\/wp-content\/uploads\/2025\/03\/giornale07-18.mp3<\/a><\/audio>\n<p>&nbsp;<\/p>\n<p>&nbsp;<\/p>\n<hr \/>\n<p>&nbsp;<\/p>\n<p>&nbsp;<\/p>\n<h1><span style=\"color: #ff0000;\"><a class=\"dt-pswp-item\" href=\"https:\/\/www.radiopiu.net\/wordpress\/wp-content\/uploads\/2024\/11\/8.jpg\" data-dt-img-description=\"\" data-large_image_width=\"180\" data-large_image_height=\"180\"><img loading=\"lazy\" decoding=\"async\" class=\"size-full wp-image-417910 alignleft\" src=\"https:\/\/www.radiopiu.net\/wordpress\/wp-content\/uploads\/2024\/11\/8.jpg\" alt=\"\" width=\"180\" height=\"180\" srcset=\"https:\/\/www.radiopiu.net\/wordpress\/wp-content\/uploads\/2024\/11\/8.jpg 180w, https:\/\/www.radiopiu.net\/wordpress\/wp-content\/uploads\/2024\/11\/8-150x150.jpg 150w\" sizes=\"auto, (max-width: 180px) 100vw, 180px\" \/><\/a>I podcast informativi del mattino &#8211; video &#8211;\u00a0<\/span><\/h1>\n<h2 style=\"text-align: left;\"><strong>RASSEGNA STAMPA LOCALE, ORE OTTO<\/strong><\/h2>\n<h2><strong> <span style=\"color: #0000ff;\">viene\u00a0 <\/span><\/strong><strong><span style=\"color: #0000ff;\">pubblicata alle 8.05 <span style=\"color: #ff0000;\">DIRETTA RADIO\u00a0 \u00a0<\/span><\/span><\/strong><strong>DI MIRKO MEZZACASA<\/strong><\/h2>\n<h2><span style=\"color: #ff0000;\"><strong>\u00a0\u00a0<\/strong><\/span><\/h2>\n<p><strong data-start=\"1279\" data-end=\"1323\">Chiusura della SP 2 della Valle del Mis:<\/strong> Strada interdetta al traffico per lavori di manutenzione il 19 marzo.<\/p>\n<ol data-start=\"27\" data-end=\"2180\">\n<li style=\"list-style-type: none;\">\n<ul data-start=\"1277\" data-end=\"1601\">\n<li data-start=\"1397\" data-end=\"1495\"><strong data-start=\"1399\" data-end=\"1432\">Acqua non potabile a Gosaldo:<\/strong> Problemi nell&#8217;acquedotto con servizio sostitutivo di cisterna.<\/li>\n<li data-start=\"1499\" data-end=\"1601\"><strong data-start=\"1501\" data-end=\"1533\">Sciopero trasporto pubblico:<\/strong> Venerd\u00ec 21 marzo, sciopero di 24 ore nel trasporto pubblico locale.<\/li>\n<\/ul>\n<\/li>\n<li data-start=\"1603\" data-end=\"1762\">\n<p data-start=\"1606\" data-end=\"1621\"><strong data-start=\"1606\" data-end=\"1621\">In Memoria:<\/strong><\/p>\n<ul data-start=\"1625\" data-end=\"1762\">\n<li data-start=\"1625\" data-end=\"1686\"><strong data-start=\"1627\" data-end=\"1650\">Morte di Nivia Bona<\/strong>, sorella del collaboratore Roberto.<\/li>\n<li data-start=\"1690\" data-end=\"1762\"><strong data-start=\"1692\" data-end=\"1721\">Morte di Germano Bernardi<\/strong>, atleta paralimpico di Borgo Valbelluna.<\/li>\n<\/ul>\n<\/li>\n<li data-start=\"1764\" data-end=\"2060\">\n<p data-start=\"1767\" data-end=\"1788\"><strong data-start=\"1767\" data-end=\"1788\">\u00a0Tragedie e vandalismi:<\/strong><\/p>\n<ul data-start=\"1792\" data-end=\"2060\">\n<li data-start=\"1792\" data-end=\"1870\"><strong data-start=\"1794\" data-end=\"1819\">Valanghe in montagna:<\/strong> Tre vittime in due giorni sulle montagne italiane.<\/li>\n<li data-start=\"1874\" data-end=\"1962\"><strong data-start=\"1876\" data-end=\"1904\">Sparatoria a Settevilla:<\/strong> Indagini sui colpi di fucile contro una casa con arresto.<\/li>\n<li data-start=\"1966\" data-end=\"2060\"><strong data-start=\"1968\" data-end=\"1990\">Teppismo a Feltre:<\/strong> Ragazzini sotto osservazione per danni e disturbi nel centro storico.<\/li>\n<\/ul>\n<\/li>\n<\/ol>\n<h1><span style=\"color: #ff0000;\"><strong>VIDEO\u00a0 \u00a0in diretta AGGIORNAMENTO\u00a0 dalle 8 del mattino\u00a0 \u00a0<\/strong><\/span><\/h1>\n<p>&nbsp;<\/p>\n<p><iframe loading=\"lazy\" title=\"DAL 1983 LA RASSEGNA STAMPA LOCALE di mirko mezzacasa. L&#039;ORIGINALE\" width=\"1200\" height=\"675\" src=\"https:\/\/www.youtube.com\/embed\/OMWr51LmITg?feature=oembed\" frameborder=\"0\" allow=\"accelerometer; autoplay; clipboard-write; encrypted-media; gyroscope; picture-in-picture; web-share\" referrerpolicy=\"strict-origin-when-cross-origin\" allowfullscreen><\/iframe><\/p>\n<h2><a class=\"dt-pswp-item\" href=\"https:\/\/www.radiopiu.net\/wordpress\/wp-content\/uploads\/2025\/03\/Immagine-2025-03-18-051749.png\" data-dt-img-description=\"\" data-large_image_width=\"400\" data-large_image_height=\"230\"><img loading=\"lazy\" decoding=\"async\" class=\"alignnone size-medium wp-image-440284\" src=\"https:\/\/www.radiopiu.net\/wordpress\/wp-content\/uploads\/2025\/03\/Immagine-2025-03-18-051749-300x173.png\" alt=\"\" width=\"300\" height=\"173\" srcset=\"https:\/\/www.radiopiu.net\/wordpress\/wp-content\/uploads\/2025\/03\/Immagine-2025-03-18-051749-300x173.png 300w, https:\/\/www.radiopiu.net\/wordpress\/wp-content\/uploads\/2025\/03\/Immagine-2025-03-18-051749.png 400w\" sizes=\"auto, (max-width: 300px) 100vw, 300px\" \/><\/a><a class=\"dt-pswp-item\" href=\"https:\/\/www.radiopiu.net\/wordpress\/wp-content\/uploads\/2025\/03\/COOPW.png\" data-dt-img-description=\"\" data-large_image_width=\"1118\" data-large_image_height=\"405\"><img loading=\"lazy\" decoding=\"async\" class=\"alignnone size-medium wp-image-440285\" src=\"https:\/\/www.radiopiu.net\/wordpress\/wp-content\/uploads\/2025\/03\/COOPW-300x109.png\" alt=\"\" width=\"300\" height=\"109\" srcset=\"https:\/\/www.radiopiu.net\/wordpress\/wp-content\/uploads\/2025\/03\/COOPW-300x109.png 300w, https:\/\/www.radiopiu.net\/wordpress\/wp-content\/uploads\/2025\/03\/COOPW-1024x371.png 1024w, https:\/\/www.radiopiu.net\/wordpress\/wp-content\/uploads\/2025\/03\/COOPW-768x278.png 768w, https:\/\/www.radiopiu.net\/wordpress\/wp-content\/uploads\/2025\/03\/COOPW.png 1118w\" sizes=\"auto, (max-width: 300px) 100vw, 300px\" \/><\/a><\/h2>\n<p>&nbsp;<\/p>\n<hr \/>\n<p>&nbsp;<\/p>\n<p>&nbsp;<\/p>\n<p>&nbsp;<\/p>\n<p><strong><a class=\"dt-pswp-item\" href=\"https:\/\/www.radiopiu.net\/wordpress\/wp-content\/uploads\/2023\/12\/ANTENNA.png\" data-dt-img-description=\"\" data-large_image_width=\"300\" data-large_image_height=\"166\"><img loading=\"lazy\" decoding=\"async\" class=\"wp-image-366306 alignright\" src=\"https:\/\/www.radiopiu.net\/wordpress\/wp-content\/uploads\/2023\/12\/ANTENNA.png\" alt=\"\" width=\"101\" height=\"56\" \/><\/a><a class=\"dt-pswp-item\" href=\"https:\/\/www.radiopiu.net\/wordpress\/wp-content\/uploads\/2024\/11\/th-17.jpg\" data-dt-img-description=\"\" data-large_image_width=\"224\" data-large_image_height=\"180\"><img loading=\"lazy\" decoding=\"async\" class=\" wp-image-421610 alignleft\" src=\"https:\/\/www.radiopiu.net\/wordpress\/wp-content\/uploads\/2024\/11\/th-17.jpg\" alt=\"\" width=\"167\" height=\"134\" \/><\/a>ogni sera alle 19 le anticipazioni alla radio, quello che poi seguirete nel TELEGIORNALE BELLUNESE\u00a0 in onda alle 19.30 sul CANALE 10 del digitale terrestre.\u00a0\u00a0<\/strong><\/p>\n<p><b>\u00a0\u00a0<\/b><\/p>\n<h1><span style=\"color: #ff0000;\"><strong>LE ANTICIPAZIONI DI FABIO FIORAVANZI<\/strong><\/span><\/h1>\n<audio class=\"wp-audio-shortcode\" id=\"audio-440026-7\" preload=\"none\" style=\"width: 100%;\" controls=\"controls\"><source type=\"audio\/mpeg\" src=\"https:\/\/www.radiopiu.net\/wordpress\/wp-content\/uploads\/2025\/03\/ANTENNA3-11.mp3?_=7\" \/><a href=\"https:\/\/www.radiopiu.net\/wordpress\/wp-content\/uploads\/2025\/03\/ANTENNA3-11.mp3\">https:\/\/www.radiopiu.net\/wordpress\/wp-content\/uploads\/2025\/03\/ANTENNA3-11.mp3<\/a><\/audio>\n<p>&nbsp;<\/p>\n<p>&nbsp;<\/p>\n<hr \/>\n<p>&nbsp;<\/p>\n<blockquote>\n<h3>DOMANI CHIUSURA DELLA SP 2 DELLA VALLE DEL MIS<\/h3>\n<\/blockquote>\n<p><strong>SEDICO<\/strong> Veneto Strade comunica che la SP 2 della Valle Del Mis, in localit\u00e0 Pascoli in comune di Sospirolo, sar\u00e0 interdetta al traffico nella giornata di domani dalle 7 alle 19: La chiusura \u00e8 necessaria per lavori di manutenzione straordinaria della paratoia di scarico.<\/p>\n<p>&nbsp;<\/p>\n<p>&nbsp;<\/p>\n<hr \/>\n<p>&nbsp;<\/p>\n<blockquote>\n<h3 class=\"photoswipe-wrapper\"><a class=\"dt-pswp-item pspw-wrap-ready\" href=\"https:\/\/www.radiopiu.net\/wordpress\/wp-content\/uploads\/2024\/12\/Logo_SibPAYOFF.jpg\" data-dt-img-description=\"\" data-large_image_width=\"1536\" data-large_image_height=\"391\"><img loading=\"lazy\" decoding=\"async\" class=\"wp-image-426474 alignleft\" src=\"https:\/\/www.radiopiu.net\/wordpress\/wp-content\/uploads\/2024\/12\/Logo_SibPAYOFF-300x76.jpg\" sizes=\"auto, (max-width: 162px) 100vw, 162px\" srcset=\"https:\/\/www.radiopiu.net\/wordpress\/wp-content\/uploads\/2024\/12\/Logo_SibPAYOFF-300x76.jpg 300w, https:\/\/www.radiopiu.net\/wordpress\/wp-content\/uploads\/2024\/12\/Logo_SibPAYOFF-1024x261.jpg 1024w, https:\/\/www.radiopiu.net\/wordpress\/wp-content\/uploads\/2024\/12\/Logo_SibPAYOFF-768x196.jpg 768w, https:\/\/www.radiopiu.net\/wordpress\/wp-content\/uploads\/2024\/12\/Logo_SibPAYOFF.jpg 1536w\" alt=\"\" width=\"162\" height=\"41\" \/><\/a>ACQUA NON POTABILE<\/h3>\n<\/blockquote>\n<p><strong>GOSALDO<\/strong>\u00a0Nelle localit\u00e0 Curti, Incasal e Le Case l\u2019acqua erogata dall\u2019acquedotto non \u00e8 potabile e non pu\u00f2 essere usata per scopi alimentari. Verr\u00e0 effettuato servizio sostitutivo con cisterna in localit\u00e0 Curti.<\/p>\n<blockquote>\n<h2><\/h2>\n<h2>Lavori alla rete idrica: oggi sospensione dell\u2019acqua ad Agordo e domani a Rocca Pietore<\/h2>\n<\/blockquote>\n<p><strong>AGORDO<\/strong><\/p>\n<p data-pm-slice=\"1 1 []\">Servizi Integrati Bellunesi informa che, a causa di lavori di manutenzione alla rete idrica comunale, oggi ad <strong>AGORDO<\/strong> dalle 8 alle 17 verr\u00e0 sospesa l\u2019erogazione dell\u2019acqua\u00a0 nelle vie 4 NOVEMBRE, COSTA, INSURREZIONE, PARECH e v.lo 4 NOVEMBRE.<\/p>\n<p>Domani dalle 9 alle 12 verr\u00e0 sospesa l\u2019erogazione dell\u2019acqua a<strong> ROCCA PIETORE,<\/strong> in Localit\u00e0 PEZZE&#8217;.<\/p>\n<p>&nbsp;<\/p>\n<hr \/>\n<p>&nbsp;<\/p>\n<blockquote>\n<h2 data-start=\"0\" data-end=\"58\"><strong data-start=\"0\" data-end=\"56\"><a class=\"dt-pswp-item\" href=\"https:\/\/www.radiopiu.net\/wordpress\/wp-content\/uploads\/2021\/11\/AUTOBUS.png\" data-dt-img-description=\"\" data-large_image_width=\"1280\" data-large_image_height=\"853\"><img loading=\"lazy\" decoding=\"async\" class=\"wp-image-242460 alignleft\" src=\"https:\/\/www.radiopiu.net\/wordpress\/wp-content\/uploads\/2021\/11\/AUTOBUS-300x200.png\" alt=\"\" width=\"200\" height=\"133\" srcset=\"https:\/\/www.radiopiu.net\/wordpress\/wp-content\/uploads\/2021\/11\/AUTOBUS-300x200.png 300w, https:\/\/www.radiopiu.net\/wordpress\/wp-content\/uploads\/2021\/11\/AUTOBUS-1024x682.png 1024w, https:\/\/www.radiopiu.net\/wordpress\/wp-content\/uploads\/2021\/11\/AUTOBUS-768x512.png 768w, https:\/\/www.radiopiu.net\/wordpress\/wp-content\/uploads\/2021\/11\/AUTOBUS.png 1280w\" sizes=\"auto, (max-width: 200px) 100vw, 200px\" \/><\/a>Sciopero trasporto pubblico<\/strong><\/h2>\n<\/blockquote>\n<p data-start=\"60\" data-end=\"319\" data-is-last-node=\"\" data-is-only-node=\"\">Venerd\u00ec 21 marzo 2025 \u00e8 previsto uno sciopero nazionale di 24 ore nel settore del trasporto pubblico locale. L&#8217;azienda bellunese del trasporto pubblico locale, garantir\u00e0 il servizio nelle fasce orarie 5:40-8:10 e 12:10-15:40. Le corse iniziate prima dello sciopero proseguiranno fino al capolinea.<\/p>\n<p>&nbsp;<\/p>\n<p>&nbsp;<\/p>\n<hr \/>\n<p>&nbsp;<\/p>\n<blockquote>\n<h3>CI HA LASCIATO NIVIA BONA, SORELLA DEL NOSTRO COLLABORATORE ROBERTO<\/h3>\n<\/blockquote>\n<p><strong><a class=\"dt-pswp-item\" href=\"https:\/\/www.radiopiu.net\/wordpress\/wp-content\/uploads\/2025\/03\/5b91ae18-178d-4a94-8f78-003b37aba1b1.jpg\" data-dt-img-description=\"\" data-large_image_width=\"1600\" data-large_image_height=\"1200\"><img loading=\"lazy\" decoding=\"async\" class=\" wp-image-440248 alignleft\" src=\"https:\/\/www.radiopiu.net\/wordpress\/wp-content\/uploads\/2025\/03\/5b91ae18-178d-4a94-8f78-003b37aba1b1-300x225.jpg\" alt=\"\" width=\"199\" height=\"149\" srcset=\"https:\/\/www.radiopiu.net\/wordpress\/wp-content\/uploads\/2025\/03\/5b91ae18-178d-4a94-8f78-003b37aba1b1-300x225.jpg 300w, https:\/\/www.radiopiu.net\/wordpress\/wp-content\/uploads\/2025\/03\/5b91ae18-178d-4a94-8f78-003b37aba1b1-1024x768.jpg 1024w, https:\/\/www.radiopiu.net\/wordpress\/wp-content\/uploads\/2025\/03\/5b91ae18-178d-4a94-8f78-003b37aba1b1-768x576.jpg 768w, https:\/\/www.radiopiu.net\/wordpress\/wp-content\/uploads\/2025\/03\/5b91ae18-178d-4a94-8f78-003b37aba1b1-1536x1152.jpg 1536w, https:\/\/www.radiopiu.net\/wordpress\/wp-content\/uploads\/2025\/03\/5b91ae18-178d-4a94-8f78-003b37aba1b1.jpg 1600w\" sizes=\"auto, (max-width: 199px) 100vw, 199px\" \/><\/a>BELLUNO <\/strong>\u00c8 mancata improvvisamente questo pomeriggio Nivia Bona, 84 anni, sorella maggiore del nostro collaboratore Roberto. Diplomatasi in ragioneria all\u2019Istituto Calvi di Belluno, proprio nell\u2019ambito scolastico aveva conosciuto il compagno di una vita, il marito Luciano Neri dal quale aveva avuto i figli Barbara, Stefania e Fabio. Dopo aver lavorato nella segreteria dell\u2019Istituto tecnico industriale \u201cGirolamo Segato\u201d, era stata impiegata fino alla pensione negli uffici regionali del Co.Re.Co. di piazza Mazzini in citt\u00e0. In giovent\u00f9 aveva praticato con ottimi risultati la ginnastica artistica nelle file della storica societ\u00e0 cittadina della Juventus Alpina. Appassionata di fiori e di lettura, per anni era stata una coinvolgente dimostratrice di una nota multinazionale americana che produce linee di prodotti per la casa. La data dei funerali non \u00e8 ancora stata fissata. (nella foto Nivia assieme al marito nel giorno del suo compleanno il novembre scorso)<\/p>\n<p><strong>A Roberto, al fratello Renato e tutti i parenti un amichevole abbraccio, vi siamo vicini.<\/strong><br \/>\n<strong>RADIOPIU<\/strong><\/p>\n<p><strong>\u00a0<\/strong><\/p>\n<p>&nbsp;<\/p>\n<hr \/>\n<p>&nbsp;<\/p>\n<blockquote>\n<h3>MONDO DELLO SPORT IN LUTTO. ADDIO A GERMANO BERNARDI, ATLETA PARALIMPICO<\/h3>\n<\/blockquote>\n<p><strong><a class=\"dt-pswp-item\" href=\"https:\/\/www.radiopiu.net\/wordpress\/wp-content\/uploads\/2025\/03\/GERMANO-BERNARDI.jpg\" data-dt-img-description=\"\" data-large_image_width=\"585\" data-large_image_height=\"350\"><img loading=\"lazy\" decoding=\"async\" class=\" wp-image-440243 alignleft\" src=\"https:\/\/www.radiopiu.net\/wordpress\/wp-content\/uploads\/2025\/03\/GERMANO-BERNARDI-300x179.jpg\" alt=\"\" width=\"163\" height=\"97\" srcset=\"https:\/\/www.radiopiu.net\/wordpress\/wp-content\/uploads\/2025\/03\/GERMANO-BERNARDI-300x179.jpg 300w, https:\/\/www.radiopiu.net\/wordpress\/wp-content\/uploads\/2025\/03\/GERMANO-BERNARDI.jpg 585w\" sizes=\"auto, (max-width: 163px) 100vw, 163px\" \/><\/a>BORGO VALBELLUNA<\/strong> Il mondo dello sport bellunese \u00e8 in lutto per la scomparsa di Germano Bernardi, atleta paralimpico di spicco, morto a 60 anni a Borgo Valbelluna. Ha rappresentato l\u2019Italia ai Giochi Paralimpici di Atlanta, Sydney, Atene e Pechino, vincendo numerose medaglie ai campionati mondiali, europei e italiani nel lancio del disco, del peso e del giavellotto. Detentore di primati italiani, ha conquistato l\u2019oro nel peso e il bronzo nel disco a Stochmandeville nel 1989 e un altro bronzo a Lille nel 2002. Ha sfiorato il podio olimpico ad Atlanta 1996 e Sydney 2000.<\/p>\n<p>&nbsp;<\/p>\n<hr \/>\n<p>&nbsp;<\/p>\n<p>&nbsp;<\/p>\n<h3 data-start=\"0\" data-end=\"51\"><a class=\"dt-pswp-item\" href=\"https:\/\/www.radiopiu.net\/wordpress\/wp-content\/uploads\/2025\/03\/Watermark_20250316_173645_644.jpg\" data-dt-img-description=\"\" data-large_image_width=\"2364\" data-large_image_height=\"1773\"><img loading=\"lazy\" decoding=\"async\" class=\"wp-image-440006 alignleft\" src=\"https:\/\/www.radiopiu.net\/wordpress\/wp-content\/uploads\/2025\/03\/Watermark_20250316_173645_644-300x225.jpg\" alt=\"\" width=\"140\" height=\"105\" srcset=\"https:\/\/www.radiopiu.net\/wordpress\/wp-content\/uploads\/2025\/03\/Watermark_20250316_173645_644-300x225.jpg 300w, https:\/\/www.radiopiu.net\/wordpress\/wp-content\/uploads\/2025\/03\/Watermark_20250316_173645_644-1024x768.jpg 1024w, https:\/\/www.radiopiu.net\/wordpress\/wp-content\/uploads\/2025\/03\/Watermark_20250316_173645_644-768x576.jpg 768w, https:\/\/www.radiopiu.net\/wordpress\/wp-content\/uploads\/2025\/03\/Watermark_20250316_173645_644-1536x1152.jpg 1536w, https:\/\/www.radiopiu.net\/wordpress\/wp-content\/uploads\/2025\/03\/Watermark_20250316_173645_644-2048x1536.jpg 2048w\" sizes=\"auto, (max-width: 140px) 100vw, 140px\" \/><\/a>TRAGEDIA IN MONTAGNA: TRE MORTI IN DUE GIORNI<\/h3>\n<p data-start=\"53\" data-end=\"379\" data-is-last-node=\"\" data-is-only-node=\"\">Tre vittime in due giorni per valanghe sulle montagne italiane. In Trentino, sul ghiacciaio Presena, uno scialpinista tedesco di 49 anni \u00e8 morto, mentre un bresciano di 36 anni \u00e8 in rianimazione. Un altro sciatore tedesco \u00e8 ricoverato a Rovereto. Ieri, un australiano \u00e8 rimasto ferito sotto Punta Helbronner, sul Monte Bianco.<\/p>\n<blockquote>\n<h3 class=\"_title post-title entry-title\">FARRA DI SOLIGO | MARCO, SOPRAVVISSUTO ALLA VALANGA: \u00abTRAVOLTI DA UN\u2019ONDA, HO FATTO IL POSSIBILE\u00bb<\/h3>\n<\/blockquote>\n<p data-start=\"53\" data-end=\"379\" data-is-last-node=\"\" data-is-only-node=\"\">\u00a0Intervistati MARCO DALLA LONGA (Servizio di\u00a0<a href=\"https:\/\/antennatre.medianordest.it\/redazione\/Francesca-Bozza\/\">Francesca Bozza<\/a>)<\/p>\n<p><iframe loading=\"lazy\" title=\"MARCO, SOPRAVVISSUTO ALLA VALANGA: \u00abTRAVOLTI DA UN&#039;ONDA, HO FATTO IL POSSIBILE\u00bb | 17\/03\/2025\" width=\"1200\" height=\"675\" src=\"https:\/\/www.youtube.com\/embed\/lFS0tzSgh1I?feature=oembed\" frameborder=\"0\" allow=\"accelerometer; autoplay; clipboard-write; encrypted-media; gyroscope; picture-in-picture; web-share\" referrerpolicy=\"strict-origin-when-cross-origin\" allowfullscreen><\/iframe><\/p>\n<p>&nbsp;<\/p>\n<h1 class=\"_title post-title entry-title\">SAN VITO DI CADORE | RISCHIO SLAVINE, IL SOCCORSO ALPINO: \u00abFARE ATTENZIONE\u00bb<\/h1>\n<p>&nbsp;<\/p>\n<p>Intervistati DIMITRI DE GOL (VICE DELEGATO SOCCORSO ALPINO BELLUNO) (Servizio di\u00a0<a href=\"https:\/\/antennatre.medianordest.it\/redazione\/Fabio-Fioravanzi\/\">Fabio Fioravanzi<\/a>)<\/p>\n<p><iframe loading=\"lazy\" title=\"RISCHIO SLAVINE, IL SOCCORSO ALPINO: \u00abFARE ATTENZIONE\u00bb | 17\/03\/2025\" width=\"1200\" height=\"675\" src=\"https:\/\/www.youtube.com\/embed\/OWNh_9W8IVo?feature=oembed\" frameborder=\"0\" allow=\"accelerometer; autoplay; clipboard-write; encrypted-media; gyroscope; picture-in-picture; web-share\" referrerpolicy=\"strict-origin-when-cross-origin\" allowfullscreen><\/iframe><\/p>\n<p>&nbsp;<\/p>\n<hr \/>\n<blockquote>\n<h3 data-start=\"0\" data-end=\"49\">Operazione Antidroga a Setteville: Carabinieri Arrestano Spacciatore e Sequestrano Cocaina e 3.500 Euro<\/h3>\n<\/blockquote>\n<blockquote><p><em>Nel corso di un&#8217;operazione coordinata dalla Procura di Belluno, sequestrati 22 grammi di cocaina e 3.500 euro. Un arresto, 3 denunce e perquisizioni su soggetti accusati di detenzione e spaccio di stupefacenti.<\/em><\/p>\n<p>&nbsp;<\/p><\/blockquote>\n<p data-start=\"359\" data-end=\"937\"><img loading=\"lazy\" decoding=\"async\" class=\"alignleft\" src=\"https:\/\/www.radiopiu.net\/wordpress\/wp-content\/uploads\/2025\/03\/image003-1.jpg\" width=\"256\" height=\"224\" \/>Nel fine settimana, i Carabinieri di Belluno hanno eseguito una vasta operazione antidroga nel territorio di Setteville, che ha portato all&#8217;arresto di un uomo e a denunce a piede libero per altri tre soggetti, accusati di detenzione di sostanze stupefacenti. L&#8217;operazione, coordinata dalla Procura della Repubblica di Belluno, ha visto l&#8217;intervento delle forze dell&#8217;ordine in diverse abitazioni della zona, all&#8217;interno delle quali sono stati rinvenuti 22 grammi di cocaina, 3.500 euro in contante e numerosi materiali utili al confezionamento dello stupefacente.<\/p>\n<p data-start=\"939\" data-end=\"1363\">L&#8217;arresto riguarda un uomo di 50 anni, originario di Alano, che, durante una perquisizione domiciliare, \u00e8 stato trovato in possesso della cocaina e di attrezzatura per il confezionamento, oltre a un ammontare di denaro contante che gli investigatori ritengono provento dell&#8217;attivit\u00e0 illecita. L&#8217;uomo, gi\u00e0 noto alle forze dell&#8217;ordine, \u00e8 stato arrestato con l&#8217;accusa di detenzione ai fini di spaccio di sostanze stupefacenti.<\/p>\n<p data-start=\"1365\" data-end=\"1745\">In attesa di una stabile occupazione, il 50enne aveva tenuto nascosti i materiali e la droga in un&#8217;abitazione priva di occupazione, rivelandosi un punto di riferimento per il traffico di stupefacenti. Tra i materiali sequestrati vi erano bilance di precisione, confezioni per il trasporto delle droghe e dettagliati appunti contenenti informazioni sui propri clienti e fornitori.<\/p>\n<p data-start=\"1747\" data-end=\"2145\">Inoltre, i Carabinieri hanno eseguito altre tre perquisizioni a carico di uomini di 50, 48 e 37 anni, tutti residenti a Setteville, che hanno confermato la presenza di materiali per il confezionamento delle droghe, seppur senza il rinvenimento diretto di stupefacenti. I tre soggetti sono stati denunciati a piede libero per detenzione di materiale atto al confezionamento di sostanze stupefacenti.<\/p>\n<p data-start=\"2147\" data-end=\"2563\">L&#8217;operazione \u00e8 frutto di una lunga e attenta attivit\u00e0 di controllo, che ha visto l&#8217;impiego costante di pattuglie in servizio sul territorio, monitorando in particolare i soggetti assuntori di droga. Nel corso delle operazioni sono stati trovati vari materiali utilizzati per la preparazione, la pesatura e il confezionamento delle droghe, insieme a banconote di diverso taglio, a testimonianza del traffico illecito.<\/p>\n<p data-start=\"2565\" data-end=\"3089\" data-is-last-node=\"\" data-is-only-node=\"\">L&#8217;uomo arrestato \u00e8 stato tradotto presso la Casa Circondariale di Belluno. Dopo la convalida dell&#8217;arresto da parte del Tribunale di Belluno, il giudice ha disposto la misura cautelare dell&#8217;obbligo di dimora nel comune di residenza. Le indagini proseguono, con l&#8217;intento di dare un ulteriore impulso alle operazioni di contrasto al traffico di stupefacenti, coordinati dalla Procura della Repubblica di Belluno. I Carabinieri continuano a monitorare la situazione, determinati a smantellare le reti di spaccio nel territorio.<\/p>\n<hr \/>\n<p>&nbsp;<\/p>\n<blockquote>\n<h3>Sicurezza nei cantieri edili: controlli dei Carabinieri nella conca Ampezzana, sanzioni per oltre 90.000 euro<\/h3>\n<\/blockquote>\n<p><strong>DI BARBARA PAOLAZZI<\/strong><\/p>\n<audio class=\"wp-audio-shortcode\" id=\"audio-440026-8\" preload=\"none\" style=\"width: 100%;\" controls=\"controls\"><source type=\"audio\/mpeg\" src=\"https:\/\/www.radiopiu.net\/wordpress\/wp-content\/uploads\/2025\/03\/PAOLAZZI-CARABINIERI-EDILIZIA.mp3?_=8\" \/><a href=\"https:\/\/www.radiopiu.net\/wordpress\/wp-content\/uploads\/2025\/03\/PAOLAZZI-CARABINIERI-EDILIZIA.mp3\">https:\/\/www.radiopiu.net\/wordpress\/wp-content\/uploads\/2025\/03\/PAOLAZZI-CARABINIERI-EDILIZIA.mp3<\/a><\/audio>\n<p>&nbsp;<\/p>\n<p><strong><a class=\"dt-pswp-item\" href=\"https:\/\/www.radiopiu.net\/wordpress\/wp-content\/uploads\/2025\/03\/foto-edilizia-cortina.jpg\" data-dt-img-description=\"\" data-large_image_width=\"782\" data-large_image_height=\"720\"><img loading=\"lazy\" decoding=\"async\" class=\" wp-image-440232 alignleft\" src=\"https:\/\/www.radiopiu.net\/wordpress\/wp-content\/uploads\/2025\/03\/foto-edilizia-cortina-300x276.jpg\" alt=\"\" width=\"179\" height=\"165\" srcset=\"https:\/\/www.radiopiu.net\/wordpress\/wp-content\/uploads\/2025\/03\/foto-edilizia-cortina-300x276.jpg 300w, https:\/\/www.radiopiu.net\/wordpress\/wp-content\/uploads\/2025\/03\/foto-edilizia-cortina-768x707.jpg 768w, https:\/\/www.radiopiu.net\/wordpress\/wp-content\/uploads\/2025\/03\/foto-edilizia-cortina.jpg 782w\" sizes=\"auto, (max-width: 179px) 100vw, 179px\" \/><\/a>CORTINA<\/strong> Nell\u2019ambito di un\u2019attivit\u00e0 di monitoraggio contro il lavoro nero e per la sicurezza nei cantieri edili, i Carabinieri del Nucleo Operativo del Gruppo per la Tutela del Lavoro di Venezia e del NIL di Belluno, con il supporto della Compagnia CC di Cortina d\u2019Ampezzo, hanno effettuato controlli in diversi cantieri della conca Ampezzana. Sono emerse irregolarit\u00e0 in due cantieri e quattro imprese, oltre a due coordinatori per la sicurezza. I lavoratori risultavano tutti regolarmente assunti, ma sono state riscontrate violazioni alle norme di sicurezza sul lavoro (D.lgs. 81\/2008). Quattro titolari di imprese e due coordinatori sono stati denunciati. Sono state contestate 11 prescrizioni e adottate tre sospensioni imprenditoriali, con sanzioni superiori a 90.000 euro. Le violazioni riguardavano la mancata installazione di protezioni, l\u2019uso non adeguato di ponteggi e l\u2019assenza di viabilit\u00e0 in cantiere. Inoltre, la documentazione di sicurezza risultava carente, portando a sanzioni per i due tecnici responsabili. I controlli continueranno nei prossimi giorni.<\/p>\n<p>&nbsp;<\/p>\n<hr \/>\n<p>&nbsp;<\/p>\n<blockquote>\n<h3>SUEM: DOPPIO INTERVENTO SULLE PISTE DI ARABBA. INCIDENTE STRADALE A BELLUNO<\/h3>\n<\/blockquote>\n<p><strong><a class=\"dt-pswp-item\" href=\"https:\/\/www.radiopiu.net\/wordpress\/wp-content\/uploads\/2024\/03\/salt-croce-verde-val-biois-1.jpg\" data-dt-img-description=\"\" data-large_image_width=\"2048\" data-large_image_height=\"1536\"><img loading=\"lazy\" decoding=\"async\" class=\" wp-image-380539 alignleft\" src=\"https:\/\/www.radiopiu.net\/wordpress\/wp-content\/uploads\/2024\/03\/salt-croce-verde-val-biois-1-300x225.jpg\" alt=\"\" width=\"189\" height=\"142\" srcset=\"https:\/\/www.radiopiu.net\/wordpress\/wp-content\/uploads\/2024\/03\/salt-croce-verde-val-biois-1-300x225.jpg 300w, https:\/\/www.radiopiu.net\/wordpress\/wp-content\/uploads\/2024\/03\/salt-croce-verde-val-biois-1-1024x768.jpg 1024w, https:\/\/www.radiopiu.net\/wordpress\/wp-content\/uploads\/2024\/03\/salt-croce-verde-val-biois-1-768x576.jpg 768w, https:\/\/www.radiopiu.net\/wordpress\/wp-content\/uploads\/2024\/03\/salt-croce-verde-val-biois-1-1536x1152.jpg 1536w, https:\/\/www.radiopiu.net\/wordpress\/wp-content\/uploads\/2024\/03\/salt-croce-verde-val-biois-1.jpg 2048w\" sizes=\"auto, (max-width: 189px) 100vw, 189px\" \/><\/a>REDAZIONE <\/strong>Nelle ultime 24 ore, la Centrale Operativa SUEM 118 di Belluno ha gestito vari interventi di soccorso su piste da sci e strade. Il primo intervento si \u00e8 verificato alle 08:20 a Belluno, dove un incidente stradale ha coinvolto una ragazza di 15 anni residente in citt\u00e0. I soccorritori, intervenuti con un\u2019ambulanza, hanno trasportato la giovane al pronto soccorso dell\u2019ospedale di Belluno. Le sue condizioni sono state valutate con un codice di media gravit\u00e0. La mattinata \u00e8 stata segnata anche da due interventi sulle piste da sci di Arabba, dove due sciatori di nazionalit\u00e0 tedesca hanno riportato ferite a seguito di cadute accidentali: alle 9:30 un uomo di 32 anni \u00e8 stato soccorso in pista e trasportato a Belluno con l\u2019elicottero Falco. Alle\u00a010:50: un altro sciatore, 30 anni, ha richiesto l\u2019intervento del SUEM per un trauma riportato durante una discesa. Anche in questo caso, l\u2019elisoccorso ha provveduto al trasporto verso l\u2019ospedale di Belluno. In totale sono stati sei gli interventi sulle piste dei comprensori sciistici bellunesi.<\/p>\n<p>&nbsp;<\/p>\n<hr \/>\n<p>&nbsp;<\/p>\n<p>&nbsp;<\/p>\n<h3 data-start=\"0\" data-end=\"30\">IL CASO &#8211; CENTRO STORICO<\/h3>\n<p data-start=\"31\" data-end=\"90\"><strong data-start=\"31\" data-end=\"88\"><a class=\"dt-pswp-item\" href=\"https:\/\/www.radiopiu.net\/wordpress\/wp-content\/uploads\/2024\/02\/Feltre-Piazza-Maggiore.jpg\" data-dt-img-description=\"\" data-large_image_width=\"1595\" data-large_image_height=\"1054\"><img loading=\"lazy\" decoding=\"async\" class=\"wp-image-375447 alignleft\" src=\"https:\/\/www.radiopiu.net\/wordpress\/wp-content\/uploads\/2024\/02\/Feltre-Piazza-Maggiore-300x198.jpg\" alt=\"\" width=\"185\" height=\"122\" srcset=\"https:\/\/www.radiopiu.net\/wordpress\/wp-content\/uploads\/2024\/02\/Feltre-Piazza-Maggiore-300x198.jpg 300w, https:\/\/www.radiopiu.net\/wordpress\/wp-content\/uploads\/2024\/02\/Feltre-Piazza-Maggiore-1024x677.jpg 1024w, https:\/\/www.radiopiu.net\/wordpress\/wp-content\/uploads\/2024\/02\/Feltre-Piazza-Maggiore-768x508.jpg 768w, https:\/\/www.radiopiu.net\/wordpress\/wp-content\/uploads\/2024\/02\/Feltre-Piazza-Maggiore-1536x1015.jpg 1536w, https:\/\/www.radiopiu.net\/wordpress\/wp-content\/uploads\/2024\/02\/Feltre-Piazza-Maggiore.jpg 1595w\" sizes=\"auto, (max-width: 185px) 100vw, 185px\" \/><\/a>Disturbo e danni: giovani teppisti sotto osservazione<\/strong><\/p>\n<p data-start=\"92\" data-end=\"634\" data-is-last-node=\"\" data-is-only-node=\"\"><strong>FELTRE<\/strong>\u00a0 \u00a0un gruppo di ragazzini, spesso in bicicletta, sta creando disagi nel centro storico con danneggiamenti e comportamenti irrispettosi. Portoni presi a calci, campanelli suonati ripetutamente e discese contromano sono solo alcune delle segnalazioni dei residenti, stanchi della situazione. Nonostante l\u2019assenza di denunce, le segnalazioni ai carabinieri sono gi\u00e0 arrivate. Alcuni cittadini chiedono pi\u00f9 controlli e telecamere per riportare la convivenza a un livello accettabile, senza per\u00f2 penalizzare il divertimento dei pi\u00f9 giovani.<\/p>\n<p>&nbsp;<\/p>\n<p>&nbsp;<\/p>\n<hr \/>\n<p>&nbsp;<\/p>\n<p>&nbsp;<\/p>\n<h3 data-start=\"0\" data-end=\"77\"><strong data-start=\"4\" data-end=\"77\">ALPAGO: LA CONCA NEL MIRINO DEL VANDALISMO, COLPITO IL PONTE SUL TESA<\/strong><\/h3>\n<p data-start=\"79\" data-end=\"752\" data-is-last-node=\"\" data-is-only-node=\"\"><a class=\"dt-pswp-item\" href=\"https:\/\/www.radiopiu.net\/wordpress\/wp-content\/uploads\/2025\/03\/download-10.jpg\" data-dt-img-description=\"\" data-large_image_width=\"194\" data-large_image_height=\"259\"><img loading=\"lazy\" decoding=\"async\" class=\"wp-image-440280 alignleft\" src=\"https:\/\/www.radiopiu.net\/wordpress\/wp-content\/uploads\/2025\/03\/download-10.jpg\" alt=\"\" width=\"93\" height=\"124\" \/><\/a><\/p>\n<p data-start=\"79\" data-end=\"752\" data-is-last-node=\"\" data-is-only-node=\"\"><strong>ALPAGO<\/strong><\/p>\n<p data-start=\"79\" data-end=\"752\" data-is-last-node=\"\" data-is-only-node=\"\">Il ponte sul torrente Tesa, simbolo della Conca, \u00e8 stato danneggiato da un atto di vandalismo che ha coinvolto anche un palo della luce e delle scatole elettriche. Questo episodio si inserisce in una serie di atti di vandalismo nella zona, iniziati nel gennaio 2023, che hanno incluso danneggiamenti a strutture e incendi di petardi. L&#8217;ultimo episodio risale a una ventina di giorni fa e ha causato danni economici per migliaia di euro. Il sindaco Peterle ha espresso preoccupazione per la sicurezza e il rispetto del patrimonio pubblico, chiedendo un maggiore impegno educativo. Le indagini sono in corso, con le forze dell&#8217;ordine al lavoro per individuare i responsabili.<\/p>\n<p>&nbsp;<\/p>\n<hr \/>\n<p>&nbsp;<\/p>\n<p>&nbsp;<\/p>\n<p data-start=\"0\" data-end=\"53\"><span style=\"color: #ff0000;\"><strong data-start=\"0\" data-end=\"53\"><a class=\"dt-pswp-item\" href=\"https:\/\/www.radiopiu.net\/wordpress\/wp-content\/uploads\/2023\/09\/468e46b6-1c5a-463b-ba1c-437000fdf01a.jpg\" data-dt-img-description=\"\" data-large_image_width=\"1024\" data-large_image_height=\"768\"><img loading=\"lazy\" decoding=\"async\" class=\" wp-image-351756 alignleft\" src=\"https:\/\/www.radiopiu.net\/wordpress\/wp-content\/uploads\/2023\/09\/468e46b6-1c5a-463b-ba1c-437000fdf01a-300x225.jpg\" alt=\"\" width=\"235\" height=\"176\" srcset=\"https:\/\/www.radiopiu.net\/wordpress\/wp-content\/uploads\/2023\/09\/468e46b6-1c5a-463b-ba1c-437000fdf01a-300x225.jpg 300w, https:\/\/www.radiopiu.net\/wordpress\/wp-content\/uploads\/2023\/09\/468e46b6-1c5a-463b-ba1c-437000fdf01a-768x576.jpg 768w, https:\/\/www.radiopiu.net\/wordpress\/wp-content\/uploads\/2023\/09\/468e46b6-1c5a-463b-ba1c-437000fdf01a.jpg 1024w\" sizes=\"auto, (max-width: 235px) 100vw, 235px\" \/><\/a>Sintesi La Giudiziaria Oggi &#8211; Corriere delle Alpi<\/strong><\/span><\/p>\n<p data-start=\"0\" data-end=\"53\"><strong>ARTCOLI GIGI SOSSO\u00a0<\/strong><\/p>\n<blockquote>\n<h3 data-start=\"0\" data-end=\"53\">AGORDO \u2013 MEDICO CONDANNATO A 4 MESI PER SPIONAGGIO SANITARIO<\/h3>\n<\/blockquote>\n<ol data-start=\"55\" data-end=\"1760\" data-is-last-node=\"\" data-is-only-node=\"\">\n<li data-start=\"55\" data-end=\"465\">\n<p data-start=\"58\" data-end=\"465\"><strong data-start=\"58\" data-end=\"122\">Danilo Pinto Condannato per Accesso Abusivo ai Dati Sanitari<\/strong> Il medico anestesista Danilo Pinto \u00e8 stato condannato a quattro mesi di reclusione con pena sospesa per aver consultato senza autorizzazione il fascicolo sanitario della sua ex fidanzata. La pena \u00e8 inferiore ai tre anni e due mesi richiesti dall&#8217;accusa. Pinto era gi\u00e0 stato condannato per atti persecutori nei confronti della stessa donna.<\/p>\n<\/li>\n<li data-start=\"467\" data-end=\"782\">\n<p data-start=\"470\" data-end=\"782\"><strong data-start=\"470\" data-end=\"530\">Aggressione al Supermercato: Processo per Tentata Rapina<\/strong> DM, un giovane di Agordo, \u00e8 a processo per tentata rapina e lesioni aggravate a seguito di un&#8217;aggressione avvenuta il 20 marzo 2023 in un supermercato. Le telecamere di sicurezza hanno registrato l&#8217;incidente, e la sentenza \u00e8 attesa per il 7 luglio.<\/p>\n<\/li>\n<li data-start=\"784\" data-end=\"1113\">\n<p data-start=\"787\" data-end=\"1113\"><strong data-start=\"787\" data-end=\"844\">Stalking a un Avvocato: Rischio di 13 Mesi di Carcere<\/strong> Maykon Dourado, cittadino brasiliano, \u00e8 accusato di stalking, danneggiamento e esercizio arbitrario delle proprie ragioni contro un avvocato che lo assisteva. Il processo riguarda minacce, tentativi di irruzione e vandalismi. La sentenza \u00e8 prevista per il 5 maggio.<\/p>\n<\/li>\n<li data-start=\"1115\" data-end=\"1399\">\n<p data-start=\"1118\" data-end=\"1399\"><strong data-start=\"1118\" data-end=\"1173\">Baby Gang Condannata per Rapina su Autobus a Feltre<\/strong> Tre giovani sono stati condannati per aver aggredito e derubato un passeggero su un autobus a Feltre. Le condanne variano tra 2 anni e 4 mesi e 2 anni e 3 mesi. Un quarto imputato minorenne seguir\u00e0 un percorso rieducativo.<\/p>\n<\/li>\n<li data-start=\"1401\" data-end=\"1760\" data-is-last-node=\"\">\n<p data-start=\"1404\" data-end=\"1760\" data-is-last-node=\"\"><strong data-start=\"1404\" data-end=\"1468\">Morte di un Boscaiolo: Imputazione Vaga per Omicidio Colposo<\/strong> Quasi quattro anni dopo la morte di Mustapha Manneh, schiacciato da un tronco in Val Visdende, il processo per omicidio colposo contro due imputati non \u00e8 ancora iniziato. Il giudice ha richiesto una formulazione pi\u00f9 precisa dell&#8217;imputazione, con il dibattimento previsto per il 26 maggio.<\/p>\n<\/li>\n<\/ol>\n<p>&nbsp;<\/p>\n<hr \/>\n<p>&nbsp;<\/p>\n<blockquote>\n<h3>ENNESIMO FUORISTRADA, QUESTA VOLTA SENZA RUOTE ALL&#8217;ARIA<\/h3>\n<h3><strong><a class=\"dt-pswp-item\" href=\"https:\/\/www.radiopiu.net\/wordpress\/wp-content\/uploads\/2025\/03\/66a6328c-61c9-41d0-a07f-c8fe4343525f.jpg\" data-dt-img-description=\"\" data-large_image_width=\"1600\" data-large_image_height=\"1200\"><img loading=\"lazy\" decoding=\"async\" class=\"size-medium wp-image-440145 alignleft\" src=\"https:\/\/www.radiopiu.net\/wordpress\/wp-content\/uploads\/2025\/03\/66a6328c-61c9-41d0-a07f-c8fe4343525f-300x225.jpg\" alt=\"\" width=\"300\" height=\"225\" srcset=\"https:\/\/www.radiopiu.net\/wordpress\/wp-content\/uploads\/2025\/03\/66a6328c-61c9-41d0-a07f-c8fe4343525f-300x225.jpg 300w, https:\/\/www.radiopiu.net\/wordpress\/wp-content\/uploads\/2025\/03\/66a6328c-61c9-41d0-a07f-c8fe4343525f-1024x768.jpg 1024w, https:\/\/www.radiopiu.net\/wordpress\/wp-content\/uploads\/2025\/03\/66a6328c-61c9-41d0-a07f-c8fe4343525f-768x576.jpg 768w, https:\/\/www.radiopiu.net\/wordpress\/wp-content\/uploads\/2025\/03\/66a6328c-61c9-41d0-a07f-c8fe4343525f-1536x1152.jpg 1536w, https:\/\/www.radiopiu.net\/wordpress\/wp-content\/uploads\/2025\/03\/66a6328c-61c9-41d0-a07f-c8fe4343525f.jpg 1600w\" sizes=\"auto, (max-width: 300px) 100vw, 300px\" \/><\/a>TAIBON<\/strong> Ennesimo incidente in localit\u00e0 Listolade, poco oltre la galleria Listolade-Cencenighe. L&#8217;altra sera\u00a0 un&#8217;auto in uscita dalla galleria, evidentemente a velocit\u00e0 sostenuta,\u00a0 ha sbandato\u00a0 sulla destra salendo sulla collinetta per poi tornare in strada e schiantarsi\u00a0 sul marciapiede all&#8217;altezza del semaforo<\/h3>\n<\/blockquote>\n<p>Questa volta \u00e8 andata bene, perch\u00e9 l&#8217;auto non si \u00e8 capottata o incendiata come in casi precedenti e anche perch\u00e9 nessuno altro mezzo o pedone era sulla scia dell&#8217;automobilista.\u00a0 Era stato detto e scritto che mancava l&#8217;illuminazione, ma non era questa la causa, infatti negli anni l&#8217;illuminazione \u00e8 stata potenziata anche sulla curva, evidentemente non \u00e8 sufficiente per far capire agli automobilisti il pericolo imminente, serve una segnalazione migliore della curva?<\/p>\n<p>&nbsp;<\/p>\n<p>&nbsp;<\/p>\n<hr \/>\n<p>&nbsp;<\/p>\n<blockquote>\n<h3>MULTE: COLLE SANTA LUCIA TRA I COMUNI CHE HANNO INCASSATO DI PIU&#8217;<\/h3>\n<\/blockquote>\n<p><strong><a class=\"dt-pswp-item\" href=\"https:\/\/www.radiopiu.net\/wordpress\/wp-content\/uploads\/2020\/09\/autovelox-1.jpg\" data-dt-img-description=\"\" data-large_image_width=\"1217\" data-large_image_height=\"694\"><img loading=\"lazy\" decoding=\"async\" class=\" wp-image-159887 alignleft\" src=\"https:\/\/www.radiopiu.net\/wordpress\/wp-content\/uploads\/2020\/09\/autovelox-1-300x171.jpg\" alt=\"\" width=\"221\" height=\"126\" srcset=\"https:\/\/www.radiopiu.net\/wordpress\/wp-content\/uploads\/2020\/09\/autovelox-1-300x171.jpg 300w, https:\/\/www.radiopiu.net\/wordpress\/wp-content\/uploads\/2020\/09\/autovelox-1-1024x584.jpg 1024w, https:\/\/www.radiopiu.net\/wordpress\/wp-content\/uploads\/2020\/09\/autovelox-1-768x438.jpg 768w, https:\/\/www.radiopiu.net\/wordpress\/wp-content\/uploads\/2020\/09\/autovelox-1-640x365.jpg 640w, https:\/\/www.radiopiu.net\/wordpress\/wp-content\/uploads\/2020\/09\/autovelox-1.jpg 1217w\" sizes=\"auto, (max-width: 221px) 100vw, 221px\" \/><\/a>REDAZIONE <\/strong>Nel 2024, Milano, Roma, Firenze e Torino sono stati i comuni con i maggiori proventi da multe stradali, con un totale di oltre 1,7 miliardi di euro incassati in Italia, +10% rispetto al 2023. Milano ha guidato la classifica con 204 milioni di euro, seguita da Roma (145,8 mln), Firenze (61,6 mln) e Torino (61,2 mln). Napoli, Genova, Bologna, Verona, Padova e Palermo completano la top ten. Considerando la multa pro capite, Siena \u00e8 in testa con 171,5 euro, seguita da Firenze (170 euro) e Milano (149,1 euro). Tra i piccoli comuni, Carrodano (La Spezia) ha incassato 807mila euro con soli 465 abitanti. Confermato anche il secondo posto per Colle Santa Lucia, 346 abitanti in provincia di Belluno, che lo scorso anno ha dichiarato oltre 671 mila euro.<\/p>\n<p>&nbsp;<\/p>\n<p>&nbsp;<\/p>\n<hr \/>\n<p>&nbsp;<\/p>\n<blockquote>\n<h3 data-start=\"0\" data-end=\"75\"><strong data-start=\"4\" data-end=\"73\">Commemorazione del 17 Marzo: il discorso del Sindaco<\/strong><\/h3>\n<\/blockquote>\n<p data-start=\"77\" data-end=\"600\"><strong><a class=\"dt-pswp-item\" href=\"https:\/\/www.radiopiu.net\/wordpress\/wp-content\/uploads\/2024\/06\/SindacoBelluno_OscarDePellegrin.jpg\" data-dt-img-description=\"\" data-large_image_width=\"2000\" data-large_image_height=\"1333\"><img loading=\"lazy\" decoding=\"async\" class=\" wp-image-396758 alignleft\" src=\"https:\/\/www.radiopiu.net\/wordpress\/wp-content\/uploads\/2024\/06\/SindacoBelluno_OscarDePellegrin-300x200.jpg\" alt=\"\" width=\"159\" height=\"106\" \/><\/a>BELLUNO<\/strong> Il Sindaco Oscar De Pellegrin ha commemorato in Piazza dei Martiri Salvatore Cacciatore, Giuseppe De Zordo, Valentino Andreani e Gianni Piazza, i quattro partigiani impiccati il 17 marzo 1945 per aver scelto di resistere al nazifascismo. Ha sottolineato come la libert\u00e0 non sia solo un diritto, ma una conquista quotidiana che richiede pensiero critico, confronto e vigilanza. Ha ribadito l&#8217;importanza di difendere la democrazia, rifiutare il conformismo e affrontare la complessit\u00e0 senza cadere in slogan semplificatori. Il Sindaco ha poi espresso rammarico per il guasto tecnico all\u2019impianto di amplificazione, scusandosi insieme al presidente del Consiglio comunale Luciano Bassi.<\/p>\n<p>&nbsp;<\/p>\n<h1 class=\"_title post-title entry-title\">IL RICORDO DEI PARTIGIANI UCCISI IN PIAZZA DEI MARTIRI<\/h1>\n<p>Intervistati OSCAR DE PELLEGRIN (SINDACO BELLUNO), GINO SPERANDIO (PRESIDENTE ANPI BELLUNO) (Servizio di\u00a0<a href=\"https:\/\/antennatre.medianordest.it\/redazione\/Fabio-Fioravanzi\/\">Fabio Fioravanzi<\/a>)<\/p>\n<p><iframe loading=\"lazy\" title=\"IL RICORDO DEI PARTIGIANI UCCISI IN PIAZZA DEI MARTIRI | 17\/03\/2025\" width=\"1200\" height=\"675\" src=\"https:\/\/www.youtube.com\/embed\/ZJvNMhcc-Uc?feature=oembed\" frameborder=\"0\" allow=\"accelerometer; autoplay; clipboard-write; encrypted-media; gyroscope; picture-in-picture; web-share\" referrerpolicy=\"strict-origin-when-cross-origin\" allowfullscreen><\/iframe><\/p>\n<p>&nbsp;<\/p>\n<hr \/>\n<p>&nbsp;<\/p>\n<blockquote>\n<h3>CONTROLLO DEL CINGHIALE PER LA PREVENZIONE DELLA PSA<\/h3>\n<\/blockquote>\n<p><strong><a class=\"dt-pswp-item\" href=\"https:\/\/www.radiopiu.net\/wordpress\/wp-content\/uploads\/2022\/12\/CINGHIALE.png\" data-dt-img-description=\"\" data-large_image_width=\"1028\" data-large_image_height=\"734\"><img loading=\"lazy\" decoding=\"async\" class=\" wp-image-312997 alignleft\" src=\"https:\/\/www.radiopiu.net\/wordpress\/wp-content\/uploads\/2022\/12\/CINGHIALE-300x214.png\" alt=\"\" width=\"184\" height=\"131\" srcset=\"https:\/\/www.radiopiu.net\/wordpress\/wp-content\/uploads\/2022\/12\/CINGHIALE-300x214.png 300w, https:\/\/www.radiopiu.net\/wordpress\/wp-content\/uploads\/2022\/12\/CINGHIALE-1024x731.png 1024w, https:\/\/www.radiopiu.net\/wordpress\/wp-content\/uploads\/2022\/12\/CINGHIALE-768x548.png 768w, https:\/\/www.radiopiu.net\/wordpress\/wp-content\/uploads\/2022\/12\/CINGHIALE.png 1028w\" sizes=\"auto, (max-width: 184px) 100vw, 184px\" \/><\/a>BELLUNO<\/strong> La Provincia di Belluno e il mondo venatorio sono impegnati nella prevenzione della peste suina africana (Psa), una malattia letale per suini e cinghiali, senza cure n\u00e9 vaccini. Il Ministero della Salute ha inviato alla Commissione UE il Piano nazionale di sorveglianza ed eradicazione 2025-2027, mentre Regioni e Province Autonome devono adottare piani urgenti. La prevenzione passa attraverso il controllo dei cinghiali, effettuato nel Bellunese con la caccia da appostamento su altane, metodo sicuro per la fauna. La Polizia Provinciale monitora queste strutture, nonostante polemiche e allarmismi. La collaborazione con i cacciatori, sempre pi\u00f9 specializzati, \u00e8 fondamentale. \u00c8 in programma una convenzione con l\u2019Ulss per esentarli dai costi veterinari, incentivando la sorveglianza. La diffusione della Psa comporterebbe restrizioni dannose per il turismo, come il divieto di accesso a boschi e sentieri. Per questo, \u00e8 essenziale un impegno comune senza fraintendimenti.<\/p>\n<p><strong>SILVIA CALLIGARO, VICEPRESIDENTE DELLA PROVINCIA<\/strong><\/p>\n<audio class=\"wp-audio-shortcode\" id=\"audio-440026-9\" preload=\"none\" style=\"width: 100%;\" controls=\"controls\"><source type=\"audio\/mpeg\" src=\"https:\/\/www.radiopiu.net\/wordpress\/wp-content\/uploads\/2025\/03\/calligaro-Psa.mp3?_=9\" \/><a href=\"https:\/\/www.radiopiu.net\/wordpress\/wp-content\/uploads\/2025\/03\/calligaro-Psa.mp3\">https:\/\/www.radiopiu.net\/wordpress\/wp-content\/uploads\/2025\/03\/calligaro-Psa.mp3<\/a><\/audio>\n<p>&nbsp;<\/p>\n<p>&nbsp;<\/p>\n<hr \/>\n<p>&nbsp;<\/p>\n<blockquote>\n<h3>IL FILM &#8220;KOYA&#8221; RACCONTA IL DISAGIO GIOVANILE, RIPRESE A FALCADE<\/h3>\n<\/blockquote>\n<p data-start=\"56\" data-end=\"580\" data-is-last-node=\"\" data-is-only-node=\"\"><img loading=\"lazy\" decoding=\"async\" class=\"alignleft\" src=\"https:\/\/www.radiopiu.net\/wordpress\/wp-content\/uploads\/2025\/03\/Immagine-2025-03-18-051153.png\" width=\"190\" height=\"147\" \/>A Falcade \u00e8 iniziata la produzione di <em data-start=\"94\" data-end=\"100\">Koya<\/em>, cortometraggio diretto da Manfredi M. Destro sul tema del disagio giovanile e della salute mentale. La storia segue un giovane segnato dalla perdita della madre, che si confronta con eventi inspiegabili nella valle in cui vive. Interpretato da Stefano Vannacci, Samuele Ferri e Maria Vittoria Casarotti Tedeschini, il film unisce introspezione e tensione narrativa. Dopo il circuito festivaliero, sar\u00e0 distribuito online e con proiezioni selezionate in diverse regioni italiane.<\/p>\n<p>&nbsp;<\/p>\n<p>&nbsp;<\/p>\n<hr \/>\n<p>&nbsp;<\/p>\n<blockquote>\n<h3>IL CSV DI BELLUNO E TREVISO PUNTA SULLA FORMAZIONE DEI VOLONTARI<\/h3>\n<\/blockquote>\n<p><strong><a class=\"dt-pswp-item\" href=\"https:\/\/www.radiopiu.net\/wordpress\/wp-content\/uploads\/2025\/03\/d8ba3019-e9ce-4b62-a5ce-483806ae153d-scaled.jpg\" data-dt-img-description=\"\" data-large_image_width=\"2560\" data-large_image_height=\"1920\"><img loading=\"lazy\" decoding=\"async\" class=\" wp-image-440189 alignleft\" src=\"https:\/\/www.radiopiu.net\/wordpress\/wp-content\/uploads\/2025\/03\/d8ba3019-e9ce-4b62-a5ce-483806ae153d-300x225.jpg\" alt=\"\" width=\"148\" height=\"111\" srcset=\"https:\/\/www.radiopiu.net\/wordpress\/wp-content\/uploads\/2025\/03\/d8ba3019-e9ce-4b62-a5ce-483806ae153d-300x225.jpg 300w, https:\/\/www.radiopiu.net\/wordpress\/wp-content\/uploads\/2025\/03\/d8ba3019-e9ce-4b62-a5ce-483806ae153d-1024x768.jpg 1024w, https:\/\/www.radiopiu.net\/wordpress\/wp-content\/uploads\/2025\/03\/d8ba3019-e9ce-4b62-a5ce-483806ae153d-768x576.jpg 768w, https:\/\/www.radiopiu.net\/wordpress\/wp-content\/uploads\/2025\/03\/d8ba3019-e9ce-4b62-a5ce-483806ae153d-1536x1152.jpg 1536w, https:\/\/www.radiopiu.net\/wordpress\/wp-content\/uploads\/2025\/03\/d8ba3019-e9ce-4b62-a5ce-483806ae153d-2048x1536.jpg 2048w\" sizes=\"auto, (max-width: 148px) 100vw, 148px\" \/><\/a>BELLUNO<\/strong> Il Centro Servizi per il Volontariato di Belluno e Treviso punta sulla formazione dei volontari bellunesi e lo fa con tre moduli dedicati alla sicurezza, al digitale e alla gestione degli enti.<\/p>\n<p><strong>DI DANIELE DALVIT<\/strong><\/p>\n<audio class=\"wp-audio-shortcode\" id=\"audio-440026-10\" preload=\"none\" style=\"width: 100%;\" controls=\"controls\"><source type=\"audio\/mpeg\" src=\"https:\/\/www.radiopiu.net\/wordpress\/wp-content\/uploads\/2025\/03\/Servizio-Corsi-formazione-CSV.mp3?_=10\" \/><a href=\"https:\/\/www.radiopiu.net\/wordpress\/wp-content\/uploads\/2025\/03\/Servizio-Corsi-formazione-CSV.mp3\">https:\/\/www.radiopiu.net\/wordpress\/wp-content\/uploads\/2025\/03\/Servizio-Corsi-formazione-CSV.mp3<\/a><\/audio>\n<p>&nbsp;<\/p>\n<hr \/>\n<p>&nbsp;<\/p>\n<blockquote>\n<h3>MOBART BEN PROTAGONISTA DELLA REALIZZAZIONE \u201cPADIGLIONE INFINITO\u201d AL FUORISALONE 2025<\/h3>\n<\/blockquote>\n<p><strong>MILANO<\/strong> In Piazza Cordusio, a Milano, verr\u00e0 esposta l\u2019installazione <em data-start=\"90\" data-end=\"111\">Padiglione Infinito<\/em>, progettata dagli architetti Michele Perlini e Dario Biello in collaborazione con Mobart Ben, in occasione di Euroluce 2025. L\u2019opera esplora il rapporto tra luce naturale, architettura e ambiente urbano, creando un\u2019esperienza sensoriale immersiva. La struttura \u00e8 realizzata in legno pregiato con sei pannelli monolitici in abete, che richiamano l\u2019effetto di un bosco e incorniciano il Duomo attraverso aperture calibrate. Dettagli in ottone e rame generano giochi di luce, mentre le superfici interne a specchio riflettono il verde, offrendo un momento di evasione dalla citt\u00e0. Mobart Ben ha interpretato magistralmente la visione degli architetti, esaltando la connessione tra legno e natura. I visitatori potranno attraversare l\u2019opera e vivere un viaggio di luce e riflessione. Paolo Ben, titolare di Mobart Ben, sottolinea come il progetto celebri l\u2019artigianalit\u00e0 del legno e il dialogo tra uomo e ambiente.<\/p>\n\n\t\t\t<style type='text\/css'>\n\t\t\t\t#gallery-1 {\n\t\t\t\t\tmargin: auto;\n\t\t\t\t}\n\t\t\t\t#gallery-1 .gallery-item {\n\t\t\t\t\tfloat: left;\n\t\t\t\t\tmargin-top: 10px;\n\t\t\t\t\ttext-align: center;\n\t\t\t\t\twidth: 33%;\n\t\t\t\t}\n\t\t\t\t#gallery-1 img {\n\t\t\t\t\tborder: 2px solid #cfcfcf;\n\t\t\t\t}\n\t\t\t\t#gallery-1 .gallery-caption {\n\t\t\t\t\tmargin-left: 0;\n\t\t\t\t}\n\t\t\t\t\/* see gallery_shortcode() in wp-includes\/media.php *\/\n\t\t\t<\/style>\n\t\t<div id='gallery-1' class='dt-gallery-container gallery galleryid-440026 gallery-columns-3 gallery-size-medium'><dl class='gallery-item'>\n\t\t\t\t<dt class='gallery-icon landscape'>\n\t\t\t\t\t<a class=\"rollover rollover-zoom dt-pswp-item\" title=\"MobartBen_Fuorisalone2025_1\" data-dt-img-description=\"\" data-large_image_width=\"1920\" data-large_image_height=\"1080\"href='https:\/\/www.radiopiu.net\/wordpress\/wp-content\/uploads\/2025\/03\/MobartBen_Fuorisalone2025_1.jpg'><img loading=\"lazy\" decoding=\"async\" width=\"300\" height=\"169\" src=\"https:\/\/www.radiopiu.net\/wordpress\/wp-content\/uploads\/2025\/03\/MobartBen_Fuorisalone2025_1-300x169.jpg\" class=\"attachment-medium size-medium\" alt=\"\" srcset=\"https:\/\/www.radiopiu.net\/wordpress\/wp-content\/uploads\/2025\/03\/MobartBen_Fuorisalone2025_1-300x169.jpg 300w, https:\/\/www.radiopiu.net\/wordpress\/wp-content\/uploads\/2025\/03\/MobartBen_Fuorisalone2025_1-1024x576.jpg 1024w, https:\/\/www.radiopiu.net\/wordpress\/wp-content\/uploads\/2025\/03\/MobartBen_Fuorisalone2025_1-768x432.jpg 768w, https:\/\/www.radiopiu.net\/wordpress\/wp-content\/uploads\/2025\/03\/MobartBen_Fuorisalone2025_1-1536x864.jpg 1536w, https:\/\/www.radiopiu.net\/wordpress\/wp-content\/uploads\/2025\/03\/MobartBen_Fuorisalone2025_1.jpg 1920w\" sizes=\"auto, (max-width: 300px) 100vw, 300px\" \/><\/a>\n\t\t\t\t<\/dt><\/dl><dl class='gallery-item'>\n\t\t\t\t<dt class='gallery-icon landscape'>\n\t\t\t\t\t<a class=\"rollover rollover-zoom dt-pswp-item\" title=\"MobartBen_Fuorisalone2025_4\" data-dt-img-description=\"\" data-large_image_width=\"1920\" data-large_image_height=\"1080\"href='https:\/\/www.radiopiu.net\/wordpress\/wp-content\/uploads\/2025\/03\/MobartBen_Fuorisalone2025_4.jpg'><img loading=\"lazy\" decoding=\"async\" width=\"300\" height=\"169\" src=\"https:\/\/www.radiopiu.net\/wordpress\/wp-content\/uploads\/2025\/03\/MobartBen_Fuorisalone2025_4-300x169.jpg\" class=\"attachment-medium size-medium\" alt=\"\" srcset=\"https:\/\/www.radiopiu.net\/wordpress\/wp-content\/uploads\/2025\/03\/MobartBen_Fuorisalone2025_4-300x169.jpg 300w, https:\/\/www.radiopiu.net\/wordpress\/wp-content\/uploads\/2025\/03\/MobartBen_Fuorisalone2025_4-1024x576.jpg 1024w, https:\/\/www.radiopiu.net\/wordpress\/wp-content\/uploads\/2025\/03\/MobartBen_Fuorisalone2025_4-768x432.jpg 768w, https:\/\/www.radiopiu.net\/wordpress\/wp-content\/uploads\/2025\/03\/MobartBen_Fuorisalone2025_4-1536x864.jpg 1536w, https:\/\/www.radiopiu.net\/wordpress\/wp-content\/uploads\/2025\/03\/MobartBen_Fuorisalone2025_4.jpg 1920w\" sizes=\"auto, (max-width: 300px) 100vw, 300px\" \/><\/a>\n\t\t\t\t<\/dt><\/dl><dl class='gallery-item'>\n\t\t\t\t<dt class='gallery-icon landscape'>\n\t\t\t\t\t<a class=\"rollover rollover-zoom dt-pswp-item\" title=\"MobartBen_Fuorisalone2025_5\" data-dt-img-description=\"\" data-large_image_width=\"1920\" data-large_image_height=\"1080\"href='https:\/\/www.radiopiu.net\/wordpress\/wp-content\/uploads\/2025\/03\/MobartBen_Fuorisalone2025_5.jpg'><img loading=\"lazy\" decoding=\"async\" width=\"300\" height=\"169\" src=\"https:\/\/www.radiopiu.net\/wordpress\/wp-content\/uploads\/2025\/03\/MobartBen_Fuorisalone2025_5-300x169.jpg\" class=\"attachment-medium size-medium\" alt=\"\" srcset=\"https:\/\/www.radiopiu.net\/wordpress\/wp-content\/uploads\/2025\/03\/MobartBen_Fuorisalone2025_5-300x169.jpg 300w, https:\/\/www.radiopiu.net\/wordpress\/wp-content\/uploads\/2025\/03\/MobartBen_Fuorisalone2025_5-1024x576.jpg 1024w, https:\/\/www.radiopiu.net\/wordpress\/wp-content\/uploads\/2025\/03\/MobartBen_Fuorisalone2025_5-768x432.jpg 768w, https:\/\/www.radiopiu.net\/wordpress\/wp-content\/uploads\/2025\/03\/MobartBen_Fuorisalone2025_5-1536x864.jpg 1536w, https:\/\/www.radiopiu.net\/wordpress\/wp-content\/uploads\/2025\/03\/MobartBen_Fuorisalone2025_5.jpg 1920w\" sizes=\"auto, (max-width: 300px) 100vw, 300px\" \/><\/a>\n\t\t\t\t<\/dt><\/dl><br style=\"clear: both\" \/>\n\t\t\t<\/div>\n\n<p>&nbsp;<\/p>\n<p>&nbsp;<\/p>\n<hr \/>\n<p>&nbsp;<\/p>\n<blockquote>\n<h3>UNA FRASCA D&#8217;ABETE SULLA PISTA DA BOB A CORTINA<\/h3>\n<\/blockquote>\n<p><strong>VENEZIA<\/strong> Il Presidente della Regione Veneto, Luca Zaia, celebra l\u2019inizio delle attivit\u00e0 sulla pista da bob di Cortina, simbolo delle Olimpiadi Milano-Cortina 2026. La frasca d\u2019abete sui ponteggi rappresenta la partenza ufficiale del progetto, smentendo i dubbi iniziali. A breve arriveranno tecnici e piloti per le prime discese. Zaia esprime emozione e auspica che l\u2019entusiasmo per l\u2019evento coinvolga abitanti, turisti e appassionati, segnando un momento storico per la montagna veneta.<\/p>\n<p><strong>DI BARBARA PAOLAZZI<\/strong><\/p>\n<audio class=\"wp-audio-shortcode\" id=\"audio-440026-11\" preload=\"none\" style=\"width: 100%;\" controls=\"controls\"><source type=\"audio\/mpeg\" src=\"https:\/\/www.radiopiu.net\/wordpress\/wp-content\/uploads\/2025\/03\/PAOLAZZI-ZAIA.mp3?_=11\" \/><a href=\"https:\/\/www.radiopiu.net\/wordpress\/wp-content\/uploads\/2025\/03\/PAOLAZZI-ZAIA.mp3\">https:\/\/www.radiopiu.net\/wordpress\/wp-content\/uploads\/2025\/03\/PAOLAZZI-ZAIA.mp3<\/a><\/audio>\n<p>&nbsp;<\/p>\n<hr \/>\n<p>&nbsp;<\/p>\n<blockquote>\n<h3><a class=\"dt-pswp-item\" href=\"https:\/\/www.radiopiu.net\/wordpress\/wp-content\/uploads\/2024\/01\/POSTE-ITALIANE.png\" data-dt-img-description=\"\" data-large_image_width=\"400\" data-large_image_height=\"400\"><img loading=\"lazy\" decoding=\"async\" class=\" wp-image-370478 alignleft\" src=\"https:\/\/www.radiopiu.net\/wordpress\/wp-content\/uploads\/2024\/01\/POSTE-ITALIANE-300x300.png\" alt=\"\" width=\"118\" height=\"118\" srcset=\"https:\/\/www.radiopiu.net\/wordpress\/wp-content\/uploads\/2024\/01\/POSTE-ITALIANE-300x300.png 300w, https:\/\/www.radiopiu.net\/wordpress\/wp-content\/uploads\/2024\/01\/POSTE-ITALIANE-150x150.png 150w, https:\/\/www.radiopiu.net\/wordpress\/wp-content\/uploads\/2024\/01\/POSTE-ITALIANE.png 400w\" sizes=\"auto, (max-width: 118px) 100vw, 118px\" \/><\/a>RIAPRE L&#8217;UFFICIO POSTALE DI ARSIE&#8217;<\/h3>\n<\/blockquote>\n<p><strong>ARSIE&#8217; <\/strong>Riaprir\u00e0 oggi l\u2019Ufficio postale di Arsi\u00e8. Sono terminati infatti i lavori di ristrutturazione della sede di via Primo Maggio, che consentiranno di accogliere, non appena saranno operativi, tutti i principali servizi della Pubblica Amministrazione grazie al progetto \u201c<em>Polis \u2013 Casa dei Servizi Digitali<\/em>\u201d. Polis \u00e8 l\u2019iniziativa di Poste Italiane per promuovere la coesione economica, sociale e territoriale nei 7 mila comuni con meno di 15mila abitanti contribuendo al loro rilancio.<\/p>\n<p>&nbsp;<\/p>\n<p>&nbsp;<\/p>\n<hr \/>\n<p>&nbsp;<\/p>\n<blockquote>\n<h3>VENERDI&#8217; IL CONSIGLIO DELL&#8217;UNIONE MONTANA AGORDINA<\/h3>\n<\/blockquote>\n<p><strong>AGORDO<\/strong> Il Consiglio dell&#8217;Unione Montana Agordina si riunir\u00e0 venerd\u00ec alle 20:00 presso la Sala Don Tamis ad Agordo. Tra i punti in discussione ci sono l&#8217;approvazione dei verbali della seduta precedente, variazioni al bilancio 2025-2027, convenzioni per la gestione delle strutture sportive, della Centrale Unica di Committenza, della protezione civile, dei beni silvo-pastorali, e la relazione dell&#8217;unit\u00e0 di controllo per il secondo semestre 2024. Seguiranno le comunicazioni del Presidente.<\/p>\n<p>&nbsp;<\/p>\n<p>&nbsp;<\/p>\n<hr \/>\n<p>&nbsp;<\/p>\n<h2 data-start=\"0\" data-end=\"55\"><span style=\"color: #ff0000;\">CONSIGLI COMUNALI IN AGORDINO<\/span><\/h2>\n<h3 data-start=\"0\" data-end=\"55\"><strong style=\"font-size: 14px;\">COLLE SANTA LUCIA<\/strong><span style=\"font-size: 14px; font-weight: normal;\"> Si terr\u00e0 domani alle ore 18 il prossimo Consiglio Comunale di Colle Santa Lucia. In discussione il regolamento per i controlli interni, il bilancio di previsione dell\u2019ASCA, il bilancio di previsione 2025-2027, l\u2019approvazione della Convenzione Ladina e il regolamento per l\u2019alienazione di beni immobili.<\/span><\/h3>\n<p><strong>SELVA DI CADORE<\/strong> Il sindaco Luca Lorenzini ha convocato i consiglieri per gioved\u00ec alle 18:30. Tre punti all&#8217;ordine del giorno tra cui una variazione a bilancio e l&#8217;approvazione del bilancio 2025\/27 di ASCA<\/p>\n<p><strong>ALLEGHE<\/strong> Riunione consiliare convocata per mercoledi alle 20.30. All&#8217;ordine del giorno: prelievo dal fondo di riserva, variazione al bilancio, usi civici, patrimonio immobiliare e approvazione del bilancio Asca<\/p>\n<p>&nbsp;<\/p>\n<hr \/>\n<p>&nbsp;<\/p>\n<blockquote>\n<h3 data-start=\"0\" data-end=\"49\"><a class=\"dt-pswp-item\" href=\"https:\/\/www.radiopiu.net\/wordpress\/wp-content\/uploads\/2025\/03\/594790ad-95ca-433f-8778-a7a93ab3fbbe.jpg\" data-dt-img-description=\"\" data-large_image_width=\"1600\" data-large_image_height=\"1204\"><img loading=\"lazy\" decoding=\"async\" class=\"wp-image-440124 alignleft\" src=\"https:\/\/www.radiopiu.net\/wordpress\/wp-content\/uploads\/2025\/03\/594790ad-95ca-433f-8778-a7a93ab3fbbe-300x226.jpg\" alt=\"\" width=\"198\" height=\"149\" srcset=\"https:\/\/www.radiopiu.net\/wordpress\/wp-content\/uploads\/2025\/03\/594790ad-95ca-433f-8778-a7a93ab3fbbe-300x226.jpg 300w, https:\/\/www.radiopiu.net\/wordpress\/wp-content\/uploads\/2025\/03\/594790ad-95ca-433f-8778-a7a93ab3fbbe-1024x771.jpg 1024w, https:\/\/www.radiopiu.net\/wordpress\/wp-content\/uploads\/2025\/03\/594790ad-95ca-433f-8778-a7a93ab3fbbe-768x578.jpg 768w, https:\/\/www.radiopiu.net\/wordpress\/wp-content\/uploads\/2025\/03\/594790ad-95ca-433f-8778-a7a93ab3fbbe-1536x1156.jpg 1536w, https:\/\/www.radiopiu.net\/wordpress\/wp-content\/uploads\/2025\/03\/594790ad-95ca-433f-8778-a7a93ab3fbbe.jpg 1600w\" sizes=\"auto, (max-width: 198px) 100vw, 198px\" \/><\/a>NUOVI PARCHEGGI PER LE MAESTRANZE LUXOTTICA<\/h3>\n<\/blockquote>\n<p data-start=\"51\" data-end=\"502\" data-is-last-node=\"\" data-is-only-node=\"\"><strong>AGORDO<\/strong> Finalmente una buona notizia sul fronte parcheggi: accanto al supermercato MD Walber, una gran parte dei nuovi posti auto \u00e8 pronta per ospitare i mezzi delle maestranze Luxottica. Nel frattempo, il parcheggio sterrato di fronte alla palestra Luxottica \u00e8 stato parzialmente chiuso per consentire la pavimentazione. Bisogner\u00e0 attendere la fine dei lavori per un miglioramento significativo della viabilit\u00e0 e della disponibilit\u00e0 di posti auto nella zona.<\/p>\n<p>&nbsp;<\/p>\n<p>&nbsp;<\/p>\n<hr \/>\n<p>&nbsp;<\/p>\n<blockquote>\n<h3>NOVITA&#8217; ALLO STABILIMENTO ESSILORLUXOTTICA DI CENCENIGHE. DA DOMANI APRE LO SPORTELLO DELLA CGIL<\/h3>\n<\/blockquote>\n<p><strong><a class=\"dt-pswp-item\" href=\"https:\/\/www.radiopiu.net\/wordpress\/wp-content\/uploads\/2018\/02\/LUX-CENCENGIHE.jpg\" data-dt-img-description=\"\" data-large_image_width=\"640\" data-large_image_height=\"300\"><img loading=\"lazy\" decoding=\"async\" class=\" wp-image-43253 alignleft\" src=\"https:\/\/www.radiopiu.net\/wordpress\/wp-content\/uploads\/2018\/02\/LUX-CENCENGIHE-300x141.jpg\" alt=\"\" width=\"260\" height=\"122\" srcset=\"https:\/\/www.radiopiu.net\/wordpress\/wp-content\/uploads\/2018\/02\/LUX-CENCENGIHE-300x141.jpg 300w, https:\/\/www.radiopiu.net\/wordpress\/wp-content\/uploads\/2018\/02\/LUX-CENCENGIHE.jpg 640w\" sizes=\"auto, (max-width: 260px) 100vw, 260px\" \/><\/a>CENCENIGHE<\/strong> Novit\u00e0 allo stabilimento EssilorLuxottica di Cencenighe. A partire da domani apre uno sportello della CGIL rivolto a tutte le maestranze. Ogni terzo mercoled\u00ec del mese saranno a disposizione dei tecnici per aiutare i lavoratori in tutte le pratiche.<\/p>\n<p><strong>LUIGI DELL&#8217;ATTI, RSU CGIL LUXOTTICA DI AGORDO<\/strong><\/p>\n<audio class=\"wp-audio-shortcode\" id=\"audio-440026-12\" preload=\"none\" style=\"width: 100%;\" controls=\"controls\"><source type=\"audio\/mpeg\" src=\"https:\/\/www.radiopiu.net\/wordpress\/wp-content\/uploads\/2025\/03\/luigi-2.mp3?_=12\" \/><a href=\"https:\/\/www.radiopiu.net\/wordpress\/wp-content\/uploads\/2025\/03\/luigi-2.mp3\">https:\/\/www.radiopiu.net\/wordpress\/wp-content\/uploads\/2025\/03\/luigi-2.mp3<\/a><\/audio>\n<p>&nbsp;<\/p>\n<hr \/>\n<p>&nbsp;<\/p>\n<blockquote>\n<h3 data-start=\"0\" data-end=\"87\"><strong data-start=\"4\" data-end=\"85\"><a class=\"dt-pswp-item\" href=\"https:\/\/www.radiopiu.net\/wordpress\/wp-content\/uploads\/2025\/03\/incontro-tenente-colonnello-Risottino-1.jpeg\" data-dt-img-description=\"\" data-large_image_width=\"1600\" data-large_image_height=\"1200\"><img loading=\"lazy\" decoding=\"async\" class=\" wp-image-440167 alignleft\" src=\"https:\/\/www.radiopiu.net\/wordpress\/wp-content\/uploads\/2025\/03\/incontro-tenente-colonnello-Risottino-1-300x225.jpeg\" alt=\"\" width=\"216\" height=\"162\" srcset=\"https:\/\/www.radiopiu.net\/wordpress\/wp-content\/uploads\/2025\/03\/incontro-tenente-colonnello-Risottino-1-300x225.jpeg 300w, https:\/\/www.radiopiu.net\/wordpress\/wp-content\/uploads\/2025\/03\/incontro-tenente-colonnello-Risottino-1-1024x768.jpeg 1024w, https:\/\/www.radiopiu.net\/wordpress\/wp-content\/uploads\/2025\/03\/incontro-tenente-colonnello-Risottino-1-768x576.jpeg 768w, https:\/\/www.radiopiu.net\/wordpress\/wp-content\/uploads\/2025\/03\/incontro-tenente-colonnello-Risottino-1-1536x1152.jpeg 1536w, https:\/\/www.radiopiu.net\/wordpress\/wp-content\/uploads\/2025\/03\/incontro-tenente-colonnello-Risottino-1.jpeg 1600w\" sizes=\"auto, (max-width: 216px) 100vw, 216px\" \/><\/a>Partecipato incontro sui reati ambientali con il tenente colonnello Risottino<\/strong><\/h3>\n<\/blockquote>\n<p data-start=\"89\" data-end=\"657\" data-is-last-node=\"\" data-is-only-node=\"\"><strong>LONGARONE<\/strong> Sabato sera, nella sala consiliare\u00a0 si \u00e8 tenuto l\u2019incontro <em data-start=\"161\" data-end=\"201\">\u201cNuove frontiere dei reati ambientali\u201d<\/em>, organizzato dall\u2019amministrazione comunale. Il tenente colonnello Enrico Risottino ha illustrato le attivit\u00e0 dei Carabinieri per la Tutela Ambientale, evidenziando che nei cantieri olimpici di Cortina non sono stati riscontrati illeciti. L\u2019evento ha trattato anche le infiltrazioni della criminalit\u00e0 nei reati ambientali. Il sindaco Padrin e il consigliere Tabacchi hanno sottolineato l\u2019importanza di mantenere alta l\u2019attenzione sulla legalit\u00e0 ambientale.<\/p>\n<p>&nbsp;<\/p>\n<p>&nbsp;<\/p>\n<hr \/>\n<p>&nbsp;<\/p>\n<blockquote>\n<h3 data-start=\"0\" data-end=\"51\"><strong data-start=\"4\" data-end=\"49\">Serata di Educazione Finanziaria a Limana<\/strong><\/h3>\n<\/blockquote>\n<p data-start=\"53\" data-end=\"595\" data-is-last-node=\"\" data-is-only-node=\"\"><strong>LIMANA<\/strong> Gioved\u00ec alle 18, presso il Municipio di Limana, si terr\u00e0 un incontro gratuito sul tema &#8220;Credito cooperativo, le banche per il territorio&#8221;, con l\u2019intervento di Nicola Bernardi, esperto di Cooperazione di Credito. L\u2019evento approfondir\u00e0 il ruolo delle banche di credito cooperativo, fondate su mutualit\u00e0, sostegno alle comunit\u00e0 e responsabilit\u00e0 sociale d\u2019impresa. La serata \u00e8 aperta a tutti e si concluder\u00e0 con un momento conviviale.<\/p>\n<p>&nbsp;<\/p>\n<p>&nbsp;<\/p>\n<hr \/>\n<p>&nbsp;<\/p>\n<blockquote>\n<h3><a class=\"dt-pswp-item\" href=\"https:\/\/www.radiopiu.net\/wordpress\/wp-content\/uploads\/2025\/03\/locandina1.jpeg\" data-dt-img-description=\"\" data-large_image_width=\"1131\" data-large_image_height=\"1600\"><img loading=\"lazy\" decoding=\"async\" class=\" wp-image-439873 alignleft\" src=\"https:\/\/www.radiopiu.net\/wordpress\/wp-content\/uploads\/2025\/03\/locandina1-212x300.jpeg\" alt=\"\" width=\"137\" height=\"194\" srcset=\"https:\/\/www.radiopiu.net\/wordpress\/wp-content\/uploads\/2025\/03\/locandina1-212x300.jpeg 212w, https:\/\/www.radiopiu.net\/wordpress\/wp-content\/uploads\/2025\/03\/locandina1-724x1024.jpeg 724w, https:\/\/www.radiopiu.net\/wordpress\/wp-content\/uploads\/2025\/03\/locandina1-768x1086.jpeg 768w, https:\/\/www.radiopiu.net\/wordpress\/wp-content\/uploads\/2025\/03\/locandina1-1086x1536.jpeg 1086w, https:\/\/www.radiopiu.net\/wordpress\/wp-content\/uploads\/2025\/03\/locandina1.jpeg 1131w\" sizes=\"auto, (max-width: 137px) 100vw, 137px\" \/><\/a>100 CENE PER EMERGENCY<\/h3>\n<\/blockquote>\n<p><strong>BELLUNO<\/strong> Il 22 marzo a Falcade, presso l&#8217;Hotel e Ristorante Stella Alpina, si terr\u00e0 la &#8220;100 Cene&#8221;, iniziativa di EMERGENCY che unisce buon cibo e solidariet\u00e0. L&#8217;evento sostiene gli ospedali dell&#8217;Ong attraverso cene, pranzi o aperitivi organizzati da ristoratori e volontari. I partecipanti potranno vivere un\u2019esperienza immersiva nell\u2019ospedale di EMERGENCY in Uganda tramite un visore VR. Anche nuovi ristoratori possono aderire all&#8217;iniziativa, devolvendo parte dell&#8217;incasso o dedicando un piatto speciale. I fondi raccolti supporteranno progetti in Sudan, Sierra Leone, Uganda, Iraq e Afghanistan, garantendo oltre 130mila pasti al mese ai pazienti e ai loro familiari. Per informazioni e adesioni, scrivere a <a rel=\"noopener\" data-start=\"702\" data-end=\"728\">eventi.gruppi@emergency.it<\/a>. Per prenotazioni, contattare il ristorante al 0437599046 o 3471087801 (anche WhatsApp).<\/p>\n<p>&nbsp;<\/p>\n<p>&nbsp;<\/p>\n<hr \/>\n<p>&nbsp;<\/p>\n<blockquote>\n<h3 data-start=\"0\" data-end=\"64\"><strong data-start=\"4\" data-end=\"62\">Presentazione del libro di Egidio Pasuch su Marcinelle<\/strong><\/h3>\n<\/blockquote>\n<p data-start=\"66\" data-end=\"628\" data-is-last-node=\"\" data-is-only-node=\"\"><strong>FELTRE<\/strong> Gioved\u00ec alle 18, nella Galleria d\u2019Arte Moderna \u201cCarlo Rizzarda\u201d di Feltre, si terr\u00e0 la presentazione del libro <em data-start=\"186\" data-end=\"217\">I neri fantasmi di Marcinelle<\/em> di Egidio Pasuch. L\u2019evento, organizzato dal Comitato Gemellaggi di Feltre con l\u2019associazione Bellunesi nel Mondo e il Comune, ripercorrer\u00e0 la tragedia mineraria di Marcinelle dell\u20198 agosto 1956, che cost\u00f2 la vita a 262 minatori, tra cui molti italiani. Interverranno l\u2019autore, Oscar De Bona, Katia Girardini e l\u2019assessore Flavia Colle. Prevista anche la testimonianza di Giovanna Budel, ex emigrante in Belgio. Venerd\u00ec, invece, la presentazione si sposter\u00e0 a Santa Giustina, presso il Circolo Elisa in via Pulliere 19, con inizio alle ore 20:30. L\u2019evento \u00e8 patrocinato dal Circolo Elisa e dalla Famiglia Ex Emigranti &#8220;Monte Pizzocco&#8221;.<\/p>\n<p>&nbsp;<\/p>\n<hr \/>\n<p>&nbsp;<\/p>\n<blockquote>\n<h3>SABATO ALLA SEDE ABM<\/h3>\n<\/blockquote>\n<p><strong><a class=\"dt-pswp-item\" href=\"https:\/\/www.radiopiu.net\/wordpress\/wp-content\/uploads\/2025\/03\/LJHASLH.jpg\" data-dt-img-description=\"\" data-large_image_width=\"1239\" data-large_image_height=\"560\"><img loading=\"lazy\" decoding=\"async\" class=\" wp-image-440240 alignleft\" src=\"https:\/\/www.radiopiu.net\/wordpress\/wp-content\/uploads\/2025\/03\/LJHASLH-300x136.jpg\" alt=\"\" width=\"238\" height=\"108\" srcset=\"https:\/\/www.radiopiu.net\/wordpress\/wp-content\/uploads\/2025\/03\/LJHASLH-300x136.jpg 300w, https:\/\/www.radiopiu.net\/wordpress\/wp-content\/uploads\/2025\/03\/LJHASLH-1024x463.jpg 1024w, https:\/\/www.radiopiu.net\/wordpress\/wp-content\/uploads\/2025\/03\/LJHASLH-768x347.jpg 768w, https:\/\/www.radiopiu.net\/wordpress\/wp-content\/uploads\/2025\/03\/LJHASLH.jpg 1239w\" sizes=\"auto, (max-width: 238px) 100vw, 238px\" \/><\/a>BELLUNO <\/strong>Si pu\u00f2 fare sorridendo. Un\u2019esperienza d\u2019incontro e condivisione con la gente e la realt\u00e0 del Brasile dal 1968 al 1970. \u00c8 il titolo del libro in cui Italo Pierobon ripercorre la propria attivit\u00e0 di volontario a Macap\u00e0, nel Nord del Brasile. Libro che verr\u00e0 presentato sabato 22 marzo alle 16:00 nella sede dell\u2019Associazione Bellunesi nel Mondo. Oltre all\u2019autore, che dialogher\u00e0 con Augusto Modolo, della Famiglia Ex Emigranti di Ponte nelle Alpi, interverranno lo scrittore Antonio Bortoluzzi e Patrizia Burigo, presidente della Biblioteca delle migrazioni \u201cDino Buzzati\u201d. Incontro a ingresso libero.<\/p>\n<p>&nbsp;<\/p>\n<p>&nbsp;<\/p>\n<hr \/>\n<p>&nbsp;<\/p>\n<blockquote>\n<h3>AL CENTRO ASTRONOMICO DI ARSON A FELTRE<\/h3>\n<\/blockquote>\n<p><strong>FELTRE<\/strong> Il Centro Astronomico organizza due eventi di osservazione. Ultimo appuntamento il 29 marzo alle 11 \u00e8 prevista l\u2019osservazione dell\u2019eclisse parziale di Sole (11:30-12:49) e, se possibile, di Venere e Mercurio. In caso di maltempo, ci saranno conferenze al planetario. Il biglietto costa 5 euro, ma \u00e8 gratuito per i soci e i bambini sotto gli 11 anni.<\/p>\n<p>&nbsp;<\/p>\n<p>&nbsp;<\/p>\n<hr \/>\n<p>&nbsp;<\/p>\n<h1><span style=\"color: #ff6600;\">IERI ALLA RADIO\u00a0\u00a0<\/span><\/h1>\n<h2><span style=\"color: #008000;\">OGGI COME IERI, TERZO ANNO. CON SILVIA BALDO<\/span><\/h2>\n<p><strong><a class=\"dt-pswp-item\" href=\"https:\/\/www.radiopiu.net\/wordpress\/wp-content\/uploads\/2025\/03\/st-patricks-4929650_1280.jpg\" data-dt-img-description=\"\" data-large_image_width=\"1280\" data-large_image_height=\"853\"><img loading=\"lazy\" decoding=\"async\" class=\" wp-image-440216 alignleft\" src=\"https:\/\/www.radiopiu.net\/wordpress\/wp-content\/uploads\/2025\/03\/st-patricks-4929650_1280-300x200.jpg\" alt=\"\" width=\"166\" height=\"110\" srcset=\"https:\/\/www.radiopiu.net\/wordpress\/wp-content\/uploads\/2025\/03\/st-patricks-4929650_1280-300x200.jpg 300w, https:\/\/www.radiopiu.net\/wordpress\/wp-content\/uploads\/2025\/03\/st-patricks-4929650_1280-1024x682.jpg 1024w, https:\/\/www.radiopiu.net\/wordpress\/wp-content\/uploads\/2025\/03\/st-patricks-4929650_1280-768x512.jpg 768w, https:\/\/www.radiopiu.net\/wordpress\/wp-content\/uploads\/2025\/03\/st-patricks-4929650_1280.jpg 1280w\" sizes=\"auto, (max-width: 166px) 100vw, 166px\" \/><\/a>17 MARZO 2025 SAN PATRIZIO<\/strong><\/p>\n<audio class=\"wp-audio-shortcode\" id=\"audio-440026-13\" preload=\"none\" style=\"width: 100%;\" controls=\"controls\"><source type=\"audio\/mpeg\" src=\"https:\/\/www.radiopiu.net\/wordpress\/wp-content\/uploads\/2025\/03\/SIBI-3.mp3?_=13\" \/><a href=\"https:\/\/www.radiopiu.net\/wordpress\/wp-content\/uploads\/2025\/03\/SIBI-3.mp3\">https:\/\/www.radiopiu.net\/wordpress\/wp-content\/uploads\/2025\/03\/SIBI-3.mp3<\/a><\/audio>\n<p>&nbsp;<\/p>\n<p><strong>LA RACCOLTA COMPLETA <a href=\"https:\/\/www.radiopiu.net\/wordpress\/oggi-come-ieri-terzo-anno-con-silvia-baldo\/\"><span style=\"color: #3366ff;\">CLICCA QUI<\/span><\/a><\/strong><\/p>\n<p>&nbsp;<\/p>\n<hr \/>\n<p>&nbsp;<\/p>\n<h2><span style=\"color: #00ccff;\">SALUTE E SOCIETA&#8217;<\/span><\/h2>\n<p><strong><a class=\"dt-pswp-item\" href=\"https:\/\/www.radiopiu.net\/wordpress\/wp-content\/uploads\/2025\/03\/f47c662e-2c95-719a-78e0-ad4d9e3ae7a1.jpg\" data-dt-img-description=\"\" data-large_image_width=\"800\" data-large_image_height=\"445\"><img loading=\"lazy\" decoding=\"async\" class=\" wp-image-440207 alignleft\" src=\"https:\/\/www.radiopiu.net\/wordpress\/wp-content\/uploads\/2025\/03\/f47c662e-2c95-719a-78e0-ad4d9e3ae7a1-300x167.jpg\" alt=\"\" width=\"243\" height=\"135\" srcset=\"https:\/\/www.radiopiu.net\/wordpress\/wp-content\/uploads\/2025\/03\/f47c662e-2c95-719a-78e0-ad4d9e3ae7a1-300x167.jpg 300w, https:\/\/www.radiopiu.net\/wordpress\/wp-content\/uploads\/2025\/03\/f47c662e-2c95-719a-78e0-ad4d9e3ae7a1-768x427.jpg 768w, https:\/\/www.radiopiu.net\/wordpress\/wp-content\/uploads\/2025\/03\/f47c662e-2c95-719a-78e0-ad4d9e3ae7a1.jpg 800w\" sizes=\"auto, (max-width: 243px) 100vw, 243px\" \/><\/a>PUNTATA 01<\/strong><\/p>\n<p><strong>Le donne verso un cuore consapevole &#8211; Ipofosfatasia. <\/strong>Le malattie cardiovascolari sono una delle principali cause di mortalit\u00e0 a livello globale. Esistono differenze significative tra uomini e donne in termini di prevalenza, manifestazione clinica, risposta ai trattamenti e vissuto emotivo e cognitivo, e ci\u00f2 influenza la consapevolezza delle pazienti, le strategie di prevenzione e gli approcci terapeutici, rendendo necessari focus specifici sul rischio cardiovascolare nelle donne. L\u2019ipofosfatasia \u00e8 una rara malattia ereditaria causata dalla carenza di fosfatasi alcalina che provoca sintomi come crisi convulsive, dolore muscolare, deformit\u00e0 scheletriche e difficolt\u00e0 di crescita nei bambini, mentre negli adulti pu\u00f2 causare fratture, dolore muscoloscheletrico e difficolt\u00e0 nella deambulazione.<\/p>\n<audio class=\"wp-audio-shortcode\" id=\"audio-440026-14\" preload=\"none\" style=\"width: 100%;\" controls=\"controls\"><source type=\"audio\/mpeg\" src=\"https:\/\/www.radiopiu.net\/wordpress\/wp-content\/uploads\/2025\/03\/SALUTE-3.mp3?_=14\" \/><a href=\"https:\/\/www.radiopiu.net\/wordpress\/wp-content\/uploads\/2025\/03\/SALUTE-3.mp3\">https:\/\/www.radiopiu.net\/wordpress\/wp-content\/uploads\/2025\/03\/SALUTE-3.mp3<\/a><\/audio>\n<p>&nbsp;<\/p>\n<p><strong>PUNTATA 02<\/strong><\/p>\n<p><strong>Diabete &#8211; Tumori eredo-familiari\u00a0<\/strong>Ogni giorno le persone con diabete devono prendere numerose decisioni: oggi il nuovo sistema Smart MDI pu\u00f2 aiutarle, offrendo raccomandazioni personalizzate e aggiornate in tempo reale sul dosaggio di insulina. Conoscere i tumori eredo-familiari \u00e8 il primo passo per mettere in atto comportamenti atti a controllare, monitorare e prevenire l\u2019insorgenza di queste neoplasie.<\/p>\n<audio class=\"wp-audio-shortcode\" id=\"audio-440026-15\" preload=\"none\" style=\"width: 100%;\" controls=\"controls\"><source type=\"audio\/mpeg\" src=\"https:\/\/www.radiopiu.net\/wordpress\/wp-content\/uploads\/2025\/03\/SALUTE-2-2.mp3?_=15\" \/><a href=\"https:\/\/www.radiopiu.net\/wordpress\/wp-content\/uploads\/2025\/03\/SALUTE-2-2.mp3\">https:\/\/www.radiopiu.net\/wordpress\/wp-content\/uploads\/2025\/03\/SALUTE-2-2.mp3<\/a><\/audio>\n<p>&nbsp;<\/p>\n<hr \/>\n<p>&nbsp;<\/p>\n<h2><span style=\"color: #cc99ff;\">RITRATTI SONORI, IL PROGRAMMA DI ALESSIA DALL&#8217;O&#8217;<\/span><\/h2>\n<p><span style=\"color: #ff0000;\"><strong><a class=\"dt-pswp-item\" href=\"https:\/\/www.radiopiu.net\/wordpress\/wp-content\/uploads\/2025\/03\/1580fe22-a047-4122-8c7b-5425efa03ba8-scaled.jpg\" data-dt-img-description=\"\" data-large_image_width=\"2560\" data-large_image_height=\"1920\"><img loading=\"lazy\" decoding=\"async\" class=\" wp-image-440212 alignleft\" src=\"https:\/\/www.radiopiu.net\/wordpress\/wp-content\/uploads\/2025\/03\/1580fe22-a047-4122-8c7b-5425efa03ba8-300x225.jpg\" alt=\"\" width=\"196\" height=\"147\" srcset=\"https:\/\/www.radiopiu.net\/wordpress\/wp-content\/uploads\/2025\/03\/1580fe22-a047-4122-8c7b-5425efa03ba8-300x225.jpg 300w, https:\/\/www.radiopiu.net\/wordpress\/wp-content\/uploads\/2025\/03\/1580fe22-a047-4122-8c7b-5425efa03ba8-1024x768.jpg 1024w, https:\/\/www.radiopiu.net\/wordpress\/wp-content\/uploads\/2025\/03\/1580fe22-a047-4122-8c7b-5425efa03ba8-768x576.jpg 768w, https:\/\/www.radiopiu.net\/wordpress\/wp-content\/uploads\/2025\/03\/1580fe22-a047-4122-8c7b-5425efa03ba8-1536x1152.jpg 1536w, https:\/\/www.radiopiu.net\/wordpress\/wp-content\/uploads\/2025\/03\/1580fe22-a047-4122-8c7b-5425efa03ba8-2048x1536.jpg 2048w\" sizes=\"auto, (max-width: 196px) 100vw, 196px\" \/><\/a>PUNTATA 19 &#8211; GLORIA DALLA ROSA<\/strong><\/span><\/p>\n<p>PRIMA PARTE<\/p>\n<audio class=\"wp-audio-shortcode\" id=\"audio-440026-16\" preload=\"none\" style=\"width: 100%;\" controls=\"controls\"><source type=\"audio\/mpeg\" src=\"https:\/\/www.radiopiu.net\/wordpress\/wp-content\/uploads\/2025\/03\/GLORIA-DALLA-ROSA-1.mp3?_=16\" \/><a href=\"https:\/\/www.radiopiu.net\/wordpress\/wp-content\/uploads\/2025\/03\/GLORIA-DALLA-ROSA-1.mp3\">https:\/\/www.radiopiu.net\/wordpress\/wp-content\/uploads\/2025\/03\/GLORIA-DALLA-ROSA-1.mp3<\/a><\/audio>\n<p>&nbsp;<\/p>\n<p>SECONDA PARTE<\/p>\n<audio class=\"wp-audio-shortcode\" id=\"audio-440026-17\" preload=\"none\" style=\"width: 100%;\" controls=\"controls\"><source type=\"audio\/mpeg\" src=\"https:\/\/www.radiopiu.net\/wordpress\/wp-content\/uploads\/2025\/03\/GLORIA-DALLA-ROSA-2.mp3?_=17\" \/><a href=\"https:\/\/www.radiopiu.net\/wordpress\/wp-content\/uploads\/2025\/03\/GLORIA-DALLA-ROSA-2.mp3\">https:\/\/www.radiopiu.net\/wordpress\/wp-content\/uploads\/2025\/03\/GLORIA-DALLA-ROSA-2.mp3<\/a><\/audio>\n<p>&nbsp;<\/p>\n<p>TERZA PARTE<\/p>\n<audio class=\"wp-audio-shortcode\" id=\"audio-440026-18\" preload=\"none\" style=\"width: 100%;\" controls=\"controls\"><source type=\"audio\/mpeg\" src=\"https:\/\/www.radiopiu.net\/wordpress\/wp-content\/uploads\/2025\/03\/GLORIA-DALLA-ROSA-3.mp3?_=18\" \/><a href=\"https:\/\/www.radiopiu.net\/wordpress\/wp-content\/uploads\/2025\/03\/GLORIA-DALLA-ROSA-3.mp3\">https:\/\/www.radiopiu.net\/wordpress\/wp-content\/uploads\/2025\/03\/GLORIA-DALLA-ROSA-3.mp3<\/a><\/audio>\n<p>&nbsp;<\/p>\n<p><strong>LA RACCOLTA COMPLETA <a href=\"https:\/\/www.radiopiu.net\/wordpress\/ritratti-sonori-il-programma-di-alessia-dallo-la-raccolta\/\"><span style=\"color: #3366ff;\">CLICCA QUI<\/span><\/a><\/strong><\/p>\n<p>&nbsp;<\/p>\n<hr \/>\n<p>&nbsp;<\/p>\n<h2><span style=\"color: #ff0000;\">STORIE DI MONTAGNA, LA SERATA A CENCENIGHE<\/span><\/h2>\n<p><strong><a class=\"dt-pswp-item\" href=\"https:\/\/www.radiopiu.net\/wordpress\/wp-content\/uploads\/2025\/03\/6fa8a34c-3261-45e3-aa21-418e6be33e05.jpg\" data-dt-img-description=\"\" data-large_image_width=\"1600\" data-large_image_height=\"1200\"><img loading=\"lazy\" decoding=\"async\" class=\" wp-image-439927 alignleft\" src=\"https:\/\/www.radiopiu.net\/wordpress\/wp-content\/uploads\/2025\/03\/6fa8a34c-3261-45e3-aa21-418e6be33e05-300x225.jpg\" alt=\"\" width=\"167\" height=\"125\" srcset=\"https:\/\/www.radiopiu.net\/wordpress\/wp-content\/uploads\/2025\/03\/6fa8a34c-3261-45e3-aa21-418e6be33e05-300x225.jpg 300w, https:\/\/www.radiopiu.net\/wordpress\/wp-content\/uploads\/2025\/03\/6fa8a34c-3261-45e3-aa21-418e6be33e05-1024x768.jpg 1024w, https:\/\/www.radiopiu.net\/wordpress\/wp-content\/uploads\/2025\/03\/6fa8a34c-3261-45e3-aa21-418e6be33e05-768x576.jpg 768w, https:\/\/www.radiopiu.net\/wordpress\/wp-content\/uploads\/2025\/03\/6fa8a34c-3261-45e3-aa21-418e6be33e05-1536x1152.jpg 1536w, https:\/\/www.radiopiu.net\/wordpress\/wp-content\/uploads\/2025\/03\/6fa8a34c-3261-45e3-aa21-418e6be33e05.jpg 1600w\" sizes=\"auto, (max-width: 167px) 100vw, 167px\" \/><\/a>DI MARINA DONA&#8217;<\/strong><\/p>\n<p>Speciale sulla serata con Paolo Soppelsa e Luca Soppelsa andata in scena a Cencenighe in sala consigliare.<\/p>\n<audio class=\"wp-audio-shortcode\" id=\"audio-440026-19\" preload=\"none\" style=\"width: 100%;\" controls=\"controls\"><source type=\"audio\/mpeg\" src=\"https:\/\/www.radiopiu.net\/wordpress\/wp-content\/uploads\/2025\/03\/REPORTER-PAOLO-E-LUCA-SOPPELSA-STORIE-DI-MONTAGNA-.mp3?_=19\" \/><a href=\"https:\/\/www.radiopiu.net\/wordpress\/wp-content\/uploads\/2025\/03\/REPORTER-PAOLO-E-LUCA-SOPPELSA-STORIE-DI-MONTAGNA-.mp3\">https:\/\/www.radiopiu.net\/wordpress\/wp-content\/uploads\/2025\/03\/REPORTER-PAOLO-E-LUCA-SOPPELSA-STORIE-DI-MONTAGNA-.mp3<\/a><\/audio>\n<p>&nbsp;<\/p>\n<hr \/>\n<p>&nbsp;<\/p>\n<h2><span style=\"color: #33cccc;\">I RACCONTI DI PAOLO SOPPELSA<\/span><\/h2>\n<p><strong>CIAO INVERNO<\/strong><\/p>\n<p><strong>AUDIO<\/strong><\/p>\n<audio class=\"wp-audio-shortcode\" id=\"audio-440026-20\" preload=\"none\" style=\"width: 100%;\" controls=\"controls\"><source type=\"audio\/mpeg\" src=\"https:\/\/www.radiopiu.net\/wordpress\/wp-content\/uploads\/2025\/03\/PAOLOS-2.mp3?_=20\" \/><a href=\"https:\/\/www.radiopiu.net\/wordpress\/wp-content\/uploads\/2025\/03\/PAOLOS-2.mp3\">https:\/\/www.radiopiu.net\/wordpress\/wp-content\/uploads\/2025\/03\/PAOLOS-2.mp3<\/a><\/audio>\n<p>&nbsp;<\/p>\n<p><a class=\"dt-pswp-item\" href=\"https:\/\/www.radiopiu.net\/wordpress\/wp-content\/uploads\/2025\/03\/6b5fadd6-0570-43fd-8b04-5b90380aed80.jpg\" data-dt-img-description=\"\" data-large_image_width=\"1080\" data-large_image_height=\"1440\"><img loading=\"lazy\" decoding=\"async\" class=\" wp-image-439946 alignleft\" src=\"https:\/\/www.radiopiu.net\/wordpress\/wp-content\/uploads\/2025\/03\/6b5fadd6-0570-43fd-8b04-5b90380aed80-225x300.jpg\" alt=\"\" width=\"159\" height=\"212\" srcset=\"https:\/\/www.radiopiu.net\/wordpress\/wp-content\/uploads\/2025\/03\/6b5fadd6-0570-43fd-8b04-5b90380aed80-225x300.jpg 225w, https:\/\/www.radiopiu.net\/wordpress\/wp-content\/uploads\/2025\/03\/6b5fadd6-0570-43fd-8b04-5b90380aed80-768x1024.jpg 768w, https:\/\/www.radiopiu.net\/wordpress\/wp-content\/uploads\/2025\/03\/6b5fadd6-0570-43fd-8b04-5b90380aed80.jpg 1080w\" sizes=\"auto, (max-width: 159px) 100vw, 159px\" \/><\/a>Quell&#8217;anno aveva salutato l&#8217;autunno dal culmine del monte. Era accaduto in una domenica pomeriggio di fine novembre quando, poco prima dell&#8217;ormai precoce tramonto, aveva pronunciato ad alta voce quel saluto quasi commosso. Al nascere della sera l&#8217;aria si era fatta pungente e chiamava neve anche se il cielo era ancora sereno. Ormai, pens\u00f2, era davvero inverno imminente. Di l\u00ec a poco sarebbe arrivato il tempo dello sfiorire dei larici, ora colorati di un arancio cupo, e del presentarsi dell&#8217;inverno che nei giorni precedenti aveva gi\u00e0 imbiancato le cime. Quando scese la prima neve ad imbiancare i prati e i tetti delle case del paese, lui non c&#8217;era. Si trovava in citt\u00e0, a vivere una malinconica e fredda pioggia che intristiva l&#8217;anima e rendeva pesanti quelle giornate di fine autunno. Aveva osservato il marcire delle foglie gialle dei tigli che si erano lasciate morire sui marciapiedi, e nel frattempo aveva pensato alla neve che lass\u00f9 al paese stava scendendo copiosa. Aveva riflettuto in merito a quella neve che, quando arriva, attutisce i rumori, crea nuovi silenzi e rallenta i ritmi della natura. A quel tempo d&#8217;inverno le montagne si mettono a riposo sotto la bianca coperta, gli uomini che vivono questa epoca, invece, non possono fare altrettanto. Aveva pensato al frenetico vivere odierno, che da qualche decennio aveva coinvolto anche la gente di montagna, facendo s\u00ec che il rapporto uomo-neve in certi casi diventasse quasi inconciliabile. Non era pi\u00f9 come un tempo, quando d&#8217;inverno le attivit\u00e0 degli uomini della montagna erano ridotte al minimo. Allora la neve c&#8217;era quasi sempre, ma in fondo per loro non era un grosso problema. Quegli uomini di un tempo non possedevano un&#8217;auto da guidare per recarsi al lavoro, non c&#8217;era un ufficio, una fabbrica o una scuola superiore distante magari sessanta o pi\u00f9 chilometri, ad attenderli. Durante i gelidi mesi invernali anche loro riposavano assieme alla natura, oggi, invece la vita degli uomini della montagna imponeva gli stessi ritmi durante ogni stagione, e d&#8217;inverno, spesso, era difficile e talvolta pure pericoloso mantenere questi ritmi. Riflessioni, pensieri rivolti ad una stagione fredda che si presentava lunga da trascorrere, una stagione dei silenzi che dopo quella nevicata di fine novembre si era trascinata stancamente per tre infiniti mesi passati senza grossi sussulti. In alcune giornate era stato vento di scirocco che aveva minacciato quella neve che poi si sarebbe ghiacciata durante le lunghe notti di gennaio. In altri giorni, invece, si era presentato quel freddo di un tempo che imponeva legna buona nella stufa. L&#8217;inverno infrasettimanale che viveva in citt\u00e0 si era addolcito negli ultimi anni, quello che invece ritrovava durante i fine settimana vissuti al paese, a volte gli ricordava i tempi passati quando, dopo aver giocato per un pomeriggio nella neve, si riscaldava sul fornel mentre fuori scendeva la sera. Ora, al tempo della stagione dei silenzi che stava abbandonando i paesi per andare a rifugiarsi sulle cime e lungo i versanti nord delle montagne, lui era nuovamente sul culmine del monte. La vecchia neve era ormai scomparsa dai tetti e il sole di quella domenica di met\u00e0 marzo riscaldava l&#8217;anima e i prati. Si approssimava un tempo nuovo, dolce e ricco di vita pronta a sbocciare. Guard\u00f2 in alto, verso le cime sulle quali l&#8217;inverno ormai stanco si era rifugiato e gli rivolse il saluto che si deve ad un vecchio amico che ci lascia per andare lontano.<\/p>\n<p>&nbsp;<\/p>\n<p>&nbsp;<\/p>\n<hr \/>\n<p>&nbsp;<\/p>\n<h1>DOMENICA IL GRON TROPHY, in programma la scorsa domenica \u00e8 stato rinviato di sette giorni<br \/>\nIl programma dell&#8217;evento, alla radio con Mirko Perotto e Kevin Dal Pont<\/h1>\n<blockquote class=\"wp-embedded-content\" data-secret=\"R0jqESHKfX\"><p><a href=\"https:\/\/www.radiopiu.net\/wordpress\/si-scaldano-i-motori-a-gron-di-sospirolo-domenica-il-gron-trophy\/\">SI SCALDANO I MOTORI A GRON DI SOSPIROLO. DOMENICA IL GRON TROPHY<\/a><\/p><\/blockquote>\n<p><iframe loading=\"lazy\" class=\"wp-embedded-content\" sandbox=\"allow-scripts\" security=\"restricted\" style=\"position: absolute; visibility: hidden;\" title=\"&#8220;SI SCALDANO I MOTORI A GRON DI SOSPIROLO. DOMENICA IL GRON TROPHY&#8221; &#8212; Radio Pi\u00f9\" src=\"https:\/\/www.radiopiu.net\/wordpress\/si-scaldano-i-motori-a-gron-di-sospirolo-domenica-il-gron-trophy\/embed\/#?secret=QcMwoZzesi#?secret=R0jqESHKfX\" data-secret=\"R0jqESHKfX\" width=\"600\" height=\"338\" frameborder=\"0\" marginwidth=\"0\" marginheight=\"0\" scrolling=\"no\"><\/iframe><\/p>\n<p>&nbsp;<\/p>\n<hr \/>\n<p>&nbsp;<\/p>\n<h2><span style=\"color: #ff0000;\"><a class=\"dt-pswp-item\" href=\"https:\/\/www.radiopiu.net\/wordpress\/wp-content\/uploads\/2018\/09\/appuntamenti.jpeg\" data-dt-img-description=\"\" data-large_image_width=\"800\" data-large_image_height=\"100\"><img loading=\"lazy\" decoding=\"async\" class=\"wp-image-61958 size-full aligncenter\" src=\"https:\/\/www.radiopiu.net\/wordpress\/wp-content\/uploads\/2018\/09\/appuntamenti.jpeg\" alt=\"\" width=\"800\" height=\"100\" srcset=\"https:\/\/www.radiopiu.net\/wordpress\/wp-content\/uploads\/2018\/09\/appuntamenti.jpeg 800w, https:\/\/www.radiopiu.net\/wordpress\/wp-content\/uploads\/2018\/09\/appuntamenti-300x38.jpeg 300w, https:\/\/www.radiopiu.net\/wordpress\/wp-content\/uploads\/2018\/09\/appuntamenti-768x96.jpeg 768w\" sizes=\"auto, (max-width: 800px) 100vw, 800px\" \/><\/a><\/span><\/h2>\n<h3 dir=\"auto\"><\/h3>\n<blockquote>\n<h3>MORGAN &amp; BATTAGLIA I RESIDENT DJ DEL SAVE THE DATE FESTIVAL<\/h3>\n<\/blockquote>\n<p><strong>FALCADE <\/strong>Il palco si accende, le casse vibrano e l\u2019atmosfera si infiamma: Morgan e Battaglia sono pronti a farvi ballare senza sosta! Con selezioni potenti e beat travolgenti, il duo porter\u00e0 un\u2019ondata di pura energia al Rifugio Laresei. Quattro ospiti speciali arricchiranno il festival, ma sar\u00e0 la loro console a tenere il cuore pulsante della serata. L\u2019unica regola? Lasciarsi andare al ritmo e vivere la musica senza freni. Preparati a un\u2019esperienza indimenticabile! L&#8217;appuntamento \u00e8 per il 29 marzo al Rifugio Laresei<\/p>\n\n\t\t\t<style type='text\/css'>\n\t\t\t\t#gallery-2 {\n\t\t\t\t\tmargin: auto;\n\t\t\t\t}\n\t\t\t\t#gallery-2 .gallery-item {\n\t\t\t\t\tfloat: left;\n\t\t\t\t\tmargin-top: 10px;\n\t\t\t\t\ttext-align: center;\n\t\t\t\t\twidth: 20%;\n\t\t\t\t}\n\t\t\t\t#gallery-2 img {\n\t\t\t\t\tborder: 2px solid #cfcfcf;\n\t\t\t\t}\n\t\t\t\t#gallery-2 .gallery-caption {\n\t\t\t\t\tmargin-left: 0;\n\t\t\t\t}\n\t\t\t\t\/* see gallery_shortcode() in wp-includes\/media.php *\/\n\t\t\t<\/style>\n\t\t<div id='gallery-2' class='dt-gallery-container gallery galleryid-440026 gallery-columns-5 gallery-size-medium'><dl class='gallery-item'>\n\t\t\t\t<dt class='gallery-icon portrait'>\n\t\t\t\t\t<a class=\"rollover rollover-zoom dt-pswp-item\" title=\"475351389_122191419572160269_4819090400106529375_n\" data-dt-img-description=\"\" data-large_image_width=\"1024\" data-large_image_height=\"1280\"href='https:\/\/www.radiopiu.net\/wordpress\/wp-content\/uploads\/2025\/02\/475351389_122191419572160269_4819090400106529375_n.jpg'><img loading=\"lazy\" decoding=\"async\" width=\"240\" height=\"300\" src=\"https:\/\/www.radiopiu.net\/wordpress\/wp-content\/uploads\/2025\/02\/475351389_122191419572160269_4819090400106529375_n-240x300.jpg\" class=\"attachment-medium size-medium\" alt=\"\" srcset=\"https:\/\/www.radiopiu.net\/wordpress\/wp-content\/uploads\/2025\/02\/475351389_122191419572160269_4819090400106529375_n-240x300.jpg 240w, https:\/\/www.radiopiu.net\/wordpress\/wp-content\/uploads\/2025\/02\/475351389_122191419572160269_4819090400106529375_n-819x1024.jpg 819w, https:\/\/www.radiopiu.net\/wordpress\/wp-content\/uploads\/2025\/02\/475351389_122191419572160269_4819090400106529375_n-768x960.jpg 768w, https:\/\/www.radiopiu.net\/wordpress\/wp-content\/uploads\/2025\/02\/475351389_122191419572160269_4819090400106529375_n.jpg 1024w\" sizes=\"auto, (max-width: 240px) 100vw, 240px\" \/><\/a>\n\t\t\t\t<\/dt><\/dl><dl class='gallery-item'>\n\t\t\t\t<dt class='gallery-icon portrait'>\n\t\t\t\t\t<a class=\"rollover rollover-zoom dt-pswp-item\" title=\"70222334-5cff-4d4b-9ab9-a2a79305f2f3\" data-dt-img-description=\"\" data-large_image_width=\"1024\" data-large_image_height=\"1280\"href='https:\/\/www.radiopiu.net\/wordpress\/wp-content\/uploads\/2025\/02\/70222334-5cff-4d4b-9ab9-a2a79305f2f3.jpg'><img loading=\"lazy\" decoding=\"async\" width=\"240\" height=\"300\" src=\"https:\/\/www.radiopiu.net\/wordpress\/wp-content\/uploads\/2025\/02\/70222334-5cff-4d4b-9ab9-a2a79305f2f3-240x300.jpg\" class=\"attachment-medium size-medium\" alt=\"\" srcset=\"https:\/\/www.radiopiu.net\/wordpress\/wp-content\/uploads\/2025\/02\/70222334-5cff-4d4b-9ab9-a2a79305f2f3-240x300.jpg 240w, https:\/\/www.radiopiu.net\/wordpress\/wp-content\/uploads\/2025\/02\/70222334-5cff-4d4b-9ab9-a2a79305f2f3-819x1024.jpg 819w, https:\/\/www.radiopiu.net\/wordpress\/wp-content\/uploads\/2025\/02\/70222334-5cff-4d4b-9ab9-a2a79305f2f3-768x960.jpg 768w, https:\/\/www.radiopiu.net\/wordpress\/wp-content\/uploads\/2025\/02\/70222334-5cff-4d4b-9ab9-a2a79305f2f3.jpg 1024w\" sizes=\"auto, (max-width: 240px) 100vw, 240px\" \/><\/a>\n\t\t\t\t<\/dt><\/dl><dl class='gallery-item'>\n\t\t\t\t<dt class='gallery-icon portrait'>\n\t\t\t\t\t<a class=\"rollover rollover-zoom dt-pswp-item\" title=\"480483463_122191800596160269_7748395789965067962_n\" data-dt-img-description=\"\" data-large_image_width=\"1024\" data-large_image_height=\"1280\"href='https:\/\/www.radiopiu.net\/wordpress\/wp-content\/uploads\/2025\/02\/480483463_122191800596160269_7748395789965067962_n.jpg'><img loading=\"lazy\" decoding=\"async\" width=\"240\" height=\"300\" src=\"https:\/\/www.radiopiu.net\/wordpress\/wp-content\/uploads\/2025\/02\/480483463_122191800596160269_7748395789965067962_n-240x300.jpg\" class=\"attachment-medium size-medium\" alt=\"\" srcset=\"https:\/\/www.radiopiu.net\/wordpress\/wp-content\/uploads\/2025\/02\/480483463_122191800596160269_7748395789965067962_n-240x300.jpg 240w, https:\/\/www.radiopiu.net\/wordpress\/wp-content\/uploads\/2025\/02\/480483463_122191800596160269_7748395789965067962_n-819x1024.jpg 819w, https:\/\/www.radiopiu.net\/wordpress\/wp-content\/uploads\/2025\/02\/480483463_122191800596160269_7748395789965067962_n-768x960.jpg 768w, https:\/\/www.radiopiu.net\/wordpress\/wp-content\/uploads\/2025\/02\/480483463_122191800596160269_7748395789965067962_n.jpg 1024w\" sizes=\"auto, (max-width: 240px) 100vw, 240px\" \/><\/a>\n\t\t\t\t<\/dt><\/dl><dl class='gallery-item'>\n\t\t\t\t<dt class='gallery-icon portrait'>\n\t\t\t\t\t<a class=\"rollover rollover-zoom dt-pswp-item\" title=\"480755395_122191974356160269_922264644982884143_n\" data-dt-img-description=\"\" data-large_image_width=\"1024\" data-large_image_height=\"1280\"href='https:\/\/www.radiopiu.net\/wordpress\/wp-content\/uploads\/2025\/02\/480755395_122191974356160269_922264644982884143_n.jpg'><img loading=\"lazy\" decoding=\"async\" width=\"240\" height=\"300\" src=\"https:\/\/www.radiopiu.net\/wordpress\/wp-content\/uploads\/2025\/02\/480755395_122191974356160269_922264644982884143_n-240x300.jpg\" class=\"attachment-medium size-medium\" alt=\"\" srcset=\"https:\/\/www.radiopiu.net\/wordpress\/wp-content\/uploads\/2025\/02\/480755395_122191974356160269_922264644982884143_n-240x300.jpg 240w, https:\/\/www.radiopiu.net\/wordpress\/wp-content\/uploads\/2025\/02\/480755395_122191974356160269_922264644982884143_n-819x1024.jpg 819w, https:\/\/www.radiopiu.net\/wordpress\/wp-content\/uploads\/2025\/02\/480755395_122191974356160269_922264644982884143_n-768x960.jpg 768w, https:\/\/www.radiopiu.net\/wordpress\/wp-content\/uploads\/2025\/02\/480755395_122191974356160269_922264644982884143_n.jpg 1024w\" sizes=\"auto, (max-width: 240px) 100vw, 240px\" \/><\/a>\n\t\t\t\t<\/dt><\/dl><dl class='gallery-item'>\n\t\t\t\t<dt class='gallery-icon portrait'>\n\t\t\t\t\t<a class=\"rollover rollover-zoom dt-pswp-item\" title=\"480946206_122192204450160269_174180551336592227_n\" data-dt-img-description=\"\" data-large_image_width=\"512\" data-large_image_height=\"640\"href='https:\/\/www.radiopiu.net\/wordpress\/wp-content\/uploads\/2025\/02\/480946206_122192204450160269_174180551336592227_n.jpg'><img loading=\"lazy\" decoding=\"async\" width=\"240\" height=\"300\" src=\"https:\/\/www.radiopiu.net\/wordpress\/wp-content\/uploads\/2025\/02\/480946206_122192204450160269_174180551336592227_n-240x300.jpg\" class=\"attachment-medium size-medium\" alt=\"\" srcset=\"https:\/\/www.radiopiu.net\/wordpress\/wp-content\/uploads\/2025\/02\/480946206_122192204450160269_174180551336592227_n-240x300.jpg 240w, https:\/\/www.radiopiu.net\/wordpress\/wp-content\/uploads\/2025\/02\/480946206_122192204450160269_174180551336592227_n.jpg 512w\" sizes=\"auto, (max-width: 240px) 100vw, 240px\" \/><\/a>\n\t\t\t\t<\/dt><\/dl><br style=\"clear: both\" \/>\n\t\t\t<\/div>\n\n<p>&nbsp;<\/p>\n<div>\n<div class=\"\" dir=\"auto\">\n<div id=\":r9h:\" class=\"x1iorvi4 x1pi30zi x1l90r2v x1swvt13\" data-ad-comet-preview=\"message\" data-ad-preview=\"message\">\n<div>\n<div class=\"\" dir=\"auto\">\n<div id=\":r9h:\" class=\"x1iorvi4 x1pi30zi x1l90r2v x1swvt13\" data-ad-comet-preview=\"message\" data-ad-preview=\"message\">\n<div>\n<div class=\"\" dir=\"auto\">\n<div id=\":r9h:\" class=\"x1iorvi4 x1pi30zi x1l90r2v x1swvt13\" data-ad-comet-preview=\"message\" data-ad-preview=\"message\">\n<div>\n<div class=\"\" dir=\"auto\">\n<div id=\":r9h:\" class=\"x1iorvi4 x1pi30zi x1l90r2v x1swvt13\" data-ad-comet-preview=\"message\" data-ad-preview=\"message\">\n<div>\n<div class=\"\" dir=\"auto\">\n<div id=\":r9h:\" class=\"x1iorvi4 x1pi30zi x1l90r2v x1swvt13\" data-ad-comet-preview=\"message\" data-ad-preview=\"message\">\n<div>\n<div class=\"\" dir=\"auto\">\n<div id=\":r9h:\" class=\"x1iorvi4 x1pi30zi x1l90r2v x1swvt13\" data-ad-comet-preview=\"message\" data-ad-preview=\"message\">\n<div class=\"xdj266r x11i5rnm xat24cr x1mh8g0r x1vvkbs x126k92a\">\n<div dir=\"auto\"><\/div>\n<\/div>\n<div>\n<div class=\"\" dir=\"auto\">\n<div id=\":r9h:\" class=\"x1iorvi4 x1pi30zi x1l90r2v x1swvt13\" data-ad-comet-preview=\"message\" data-ad-preview=\"message\">\n<div>\n<div class=\"\" dir=\"auto\">\n<div id=\":r9h:\" class=\"x1iorvi4 x1pi30zi x1l90r2v x1swvt13\" data-ad-comet-preview=\"message\" data-ad-preview=\"message\">\n\n\t\t\t<style type='text\/css'>\n\t\t\t\t#gallery-3 {\n\t\t\t\t\tmargin: auto;\n\t\t\t\t}\n\t\t\t\t#gallery-3 .gallery-item {\n\t\t\t\t\tfloat: left;\n\t\t\t\t\tmargin-top: 10px;\n\t\t\t\t\ttext-align: center;\n\t\t\t\t\twidth: 20%;\n\t\t\t\t}\n\t\t\t\t#gallery-3 img {\n\t\t\t\t\tborder: 2px solid #cfcfcf;\n\t\t\t\t}\n\t\t\t\t#gallery-3 .gallery-caption {\n\t\t\t\t\tmargin-left: 0;\n\t\t\t\t}\n\t\t\t\t\/* see gallery_shortcode() in wp-includes\/media.php *\/\n\t\t\t<\/style>\n\t\t<div id='gallery-3' class='dt-gallery-container gallery galleryid-440026 gallery-columns-5 gallery-size-thumbnail'><dl class='gallery-item'>\n\t\t\t\t<dt class='gallery-icon portrait'>\n\t\t\t\t\t<a class=\"rollover rollover-zoom dt-pswp-item\" title=\"Marzo (1)\" data-dt-img-description=\"\" data-large_image_width=\"841\" data-large_image_height=\"1190\"href='https:\/\/www.radiopiu.net\/wordpress\/wp-content\/uploads\/2025\/02\/Marzo-1.jpg'><img loading=\"lazy\" decoding=\"async\" width=\"150\" height=\"150\" src=\"https:\/\/www.radiopiu.net\/wordpress\/wp-content\/uploads\/2025\/02\/Marzo-1-150x150.jpg\" class=\"attachment-thumbnail size-thumbnail\" alt=\"\" \/><\/a>\n\t\t\t\t<\/dt><\/dl><dl class='gallery-item'>\n\t\t\t\t<dt class='gallery-icon portrait'>\n\t\t\t\t\t<a class=\"rollover rollover-zoom dt-pswp-item\" title=\"Senza nome\" data-dt-img-description=\"\" data-large_image_width=\"569\" data-large_image_height=\"801\"href='https:\/\/www.radiopiu.net\/wordpress\/wp-content\/uploads\/2025\/02\/Senza-nome-23.png'><img loading=\"lazy\" decoding=\"async\" width=\"150\" height=\"150\" src=\"https:\/\/www.radiopiu.net\/wordpress\/wp-content\/uploads\/2025\/02\/Senza-nome-23-150x150.png\" class=\"attachment-thumbnail size-thumbnail\" alt=\"\" \/><\/a>\n\t\t\t\t<\/dt><\/dl><dl class='gallery-item'>\n\t\t\t\t<dt class='gallery-icon portrait'>\n\t\t\t\t\t<a class=\"rollover rollover-zoom dt-pswp-item\" title=\"ba76e127-707c-4a8a-a6ac-6ab71e879690\" data-dt-img-description=\"\" data-large_image_width=\"500\" data-large_image_height=\"696\"href='https:\/\/www.radiopiu.net\/wordpress\/wp-content\/uploads\/2025\/03\/ba76e127-707c-4a8a-a6ac-6ab71e879690.jpg'><img loading=\"lazy\" decoding=\"async\" width=\"150\" height=\"150\" src=\"https:\/\/www.radiopiu.net\/wordpress\/wp-content\/uploads\/2025\/03\/ba76e127-707c-4a8a-a6ac-6ab71e879690-150x150.jpg\" class=\"attachment-thumbnail size-thumbnail\" alt=\"\" aria-describedby=\"gallery-3-437826\" \/><\/a>\n\t\t\t\t<\/dt>\n\t\t\t\t\t<dd class='wp-caption-text gallery-caption' id='gallery-3-437826'>\n\t\t\t\t\tPOSTICIPATO AL 6 APRILE\n\t\t\t\t\t<\/dd><\/dl><dl class='gallery-item'>\n\t\t\t\t<dt class='gallery-icon portrait'>\n\t\t\t\t\t<a class=\"rollover rollover-zoom dt-pswp-item\" title=\"86913bf1-cfa4-493b-8e26-1aa10ea03f0b\" data-dt-img-description=\"\" data-large_image_width=\"1638\" data-large_image_height=\"2048\"href='https:\/\/www.radiopiu.net\/wordpress\/wp-content\/uploads\/2025\/03\/86913bf1-cfa4-493b-8e26-1aa10ea03f0b.jpg'><img loading=\"lazy\" decoding=\"async\" width=\"150\" height=\"150\" src=\"https:\/\/www.radiopiu.net\/wordpress\/wp-content\/uploads\/2025\/03\/86913bf1-cfa4-493b-8e26-1aa10ea03f0b-150x150.jpg\" class=\"attachment-thumbnail size-thumbnail\" alt=\"\" \/><\/a>\n\t\t\t\t<\/dt><\/dl><dl class='gallery-item'>\n\t\t\t\t<dt class='gallery-icon portrait'>\n\t\t\t\t\t<a class=\"rollover rollover-zoom dt-pswp-item\" title=\"wnEWMSHDfvy6\" data-dt-img-description=\"\" data-large_image_width=\"962\" data-large_image_height=\"1328\"href='https:\/\/www.radiopiu.net\/wordpress\/wp-content\/uploads\/2025\/03\/wnEWMSHDfvy6.jpg'><img loading=\"lazy\" decoding=\"async\" width=\"150\" height=\"150\" src=\"https:\/\/www.radiopiu.net\/wordpress\/wp-content\/uploads\/2025\/03\/wnEWMSHDfvy6-150x150.jpg\" class=\"attachment-thumbnail size-thumbnail\" alt=\"\" \/><\/a>\n\t\t\t\t<\/dt><\/dl><br style=\"clear: both\" \/><dl class='gallery-item'>\n\t\t\t\t<dt class='gallery-icon portrait'>\n\t\t\t\t\t<a class=\"rollover rollover-zoom dt-pswp-item\" title=\"Locandina posturale primavera 2025\" data-dt-img-description=\"\" data-large_image_width=\"1132\" data-large_image_height=\"1600\"href='https:\/\/www.radiopiu.net\/wordpress\/wp-content\/uploads\/2025\/03\/Locandina-posturale-primavera-2025.jpeg'><img loading=\"lazy\" decoding=\"async\" width=\"150\" height=\"150\" src=\"https:\/\/www.radiopiu.net\/wordpress\/wp-content\/uploads\/2025\/03\/Locandina-posturale-primavera-2025-150x150.jpeg\" class=\"attachment-thumbnail size-thumbnail\" alt=\"\" \/><\/a>\n\t\t\t\t<\/dt><\/dl>\n\t\t\t\t<br style='clear: both' \/>\n\t\t\t<\/div>\n\n<p>&nbsp;<\/p>\n<p>&nbsp;<\/p>\n<\/div>\n<\/div>\n<\/div>\n<\/div>\n<\/div>\n<\/div>\n<\/div>\n<\/div>\n<\/div>\n<\/div>\n<\/div>\n<\/div>\n<p>&nbsp;<\/p>\n<\/div>\n<\/div>\n<\/div>\n<\/div>\n<\/div>\n<\/div>\n<\/div>\n<\/div>\n<\/div>\n<\/div>\n<\/div>\n<\/div>\n<hr \/>\n<p>&nbsp;<\/p>\n<p class=\"mceTemp\"><a class=\"dt-pswp-item\" href=\"https:\/\/www.radiopiu.net\/wordpress\/wp-content\/uploads\/2018\/09\/WhatsApp-Image-2018-09-20-at-16.04.06.jpeg\" data-dt-img-description=\"\" data-large_image_width=\"800\" data-large_image_height=\"100\"><img loading=\"lazy\" decoding=\"async\" class=\"wp-image-61378 size-full aligncenter\" src=\"https:\/\/www.radiopiu.net\/wordpress\/wp-content\/uploads\/2018\/09\/WhatsApp-Image-2018-09-20-at-16.04.06.jpeg\" alt=\"\" width=\"800\" height=\"100\" srcset=\"https:\/\/www.radiopiu.net\/wordpress\/wp-content\/uploads\/2018\/09\/WhatsApp-Image-2018-09-20-at-16.04.06.jpeg 800w, https:\/\/www.radiopiu.net\/wordpress\/wp-content\/uploads\/2018\/09\/WhatsApp-Image-2018-09-20-at-16.04.06-300x38.jpeg 300w, https:\/\/www.radiopiu.net\/wordpress\/wp-content\/uploads\/2018\/09\/WhatsApp-Image-2018-09-20-at-16.04.06-768x96.jpeg 768w\" sizes=\"auto, (max-width: 800px) 100vw, 800px\" \/><\/a><\/p>\n<p><center><\/center><center><\/center>&nbsp;<\/p>\n<p><center><b>OGGI<\/b><\/center>Salvo una residua nuvolosit\u00e0 nelle prime ore associata a qualche possibile breve piovasco soprattutto lungo la fascia prealpina e sulle Dolomiti pi\u00f9 meridionali, la giornata sar\u00e0 in prevalenza soleggiata e stabile con cielo sereno o poco nuvoloso per modesti annuvolamenti diurni e per la formazione di nubi basse o di foschie associati a locali banchi di nebbia nelle valli prealpine nelle ore fredde. Clima diurno pi\u00f9 asciutto rispetto a luned\u00ec specie sulle Dolomiti e pi\u00f9 fresco.<br \/>\n<b>Precipitazioni: <\/b>Salvo residue e locali precipitazioni nelle prime ore, i fenomeni saranno assenti. <b>Temperature: <\/b>Minime e massime in contenuta diminuzione con diffuse gelate notturne fino a fondovalle.<\/p>\n<hr \/>\n<p><center><b>DOMANI<\/b><\/center>Tempo stabile e ben soleggiato con aria asciutta e ottima visibilit\u00e0 specie sulle Dolomiti con possibili formazioni di locali nubi basse o di banchi di nebbia in alcune valli prealpine. Clima diurno pi\u00f9 mite rispetto a marted\u00ec a tutte le quote.<br \/>\n<b>Precipitazioni: <\/b>Assenti. <b>Temperature: <\/b>Minime in lieve calo nelle valli, in lieve aumento in alta montagna, massime in generale aumento anche marcato soprattutto in alta montagna con elevata escursione termica giornaliera.<\/p>\n<p>&nbsp;<\/p>\n<hr \/>\n<p><center><b>GIOVEDI\u00a0<\/b><\/center>Ancora tempo stabile e ben soleggiato con aria asciutta e ottima visibilit\u00e0 specie sulle Dolomiti con possibile formazione di qualche nube bassa o di locali banchi di nebbia in alcune valli prealpine in rapido dissolvimento dopo l&#8217;alba. Temperature in aumento specie le massime<\/p>\n<hr \/>\n<p><center><b>VENERDI<\/b><\/center>Tempo stabile con cielo sereno soprattutto al mattino e sulle Dolomiti, salvo foschie o locali banchi di nebbia in alcune conche prealpine; dalle ore centrali in genere poco nuvoloso per la possibile formazione di qualche modesto addensamento in prossimit\u00e0 delle cime o lungo qualche pendio ma con fenomeni assenti. Temperature in ulteriore aumento con un&#8217;elevata inversione termica nelle valli nelle ore fredde ed un&#8217;escursione termica giornaliera importante nelle valli e altipiani.<\/p>\n<p>&nbsp;<\/p>\n<hr \/>\n<p>&nbsp;<\/p>\n<p class=\"mceTemp\"><a class=\"dt-pswp-item\" href=\"https:\/\/www.radiopiu.net\/wordpress\/wp-content\/uploads\/2018\/09\/sport.jpg\" data-dt-img-description=\"\" data-large_image_width=\"800\" data-large_image_height=\"100\"><img loading=\"lazy\" decoding=\"async\" class=\"aligncenter wp-image-60761 size-full\" src=\"https:\/\/www.radiopiu.net\/wordpress\/wp-content\/uploads\/2018\/09\/sport.jpg\" alt=\"\" width=\"800\" height=\"100\" srcset=\"https:\/\/www.radiopiu.net\/wordpress\/wp-content\/uploads\/2018\/09\/sport.jpg 800w, https:\/\/www.radiopiu.net\/wordpress\/wp-content\/uploads\/2018\/09\/sport-300x38.jpg 300w, https:\/\/www.radiopiu.net\/wordpress\/wp-content\/uploads\/2018\/09\/sport-768x96.jpg 768w\" sizes=\"auto, (max-width: 800px) 100vw, 800px\" \/> <\/a><\/p>\n<p class=\"mceTemp\"><span style=\"color: #0000ff;\"><strong>\u00a0 \u00a0 \u00a0 \u00a0\u00a0<\/strong><\/span><\/p>\n<p><span style=\"color: #0000ff;\"><strong>MOUNTAIN BIKE<\/strong><\/span><\/p>\n<blockquote>\n<h3>PER ASTRID MIOLA UNA SFIDA TRA FANGO E CAMPIONESSE A SAN ZENO DI MONTAGNA<\/h3>\n<\/blockquote>\n<p>Astrid Miola ha preso parte alla prestigiosa gara internazionale di mountain bike a San Zeno di Montagna, localit\u00e0 affacciata sul suggestivo Lago di Garda. L\u2019evento, andato in scena sabato, faceva parte del circuito Internazionali d\u2019Italia Series, una competizione che attira alcune delle migliori atlete a livello mondiale. Il livello della gara era altissimo, con numerose atlete straniere al via, tra cui la svizzera Jolanda Neff, campionessa olimpica di Tokyo, che ha dominato la competizione conquistando la vittoria. Le condizioni atmosferiche hanno reso la gara ancora pi\u00f9 impegnativa: pioggia battente e un terreno estremamente fangoso hanno messo a dura prova tutte le partecipanti, rendendo il tracciato scivoloso e difficile da affrontare. Nonostante queste difficolt\u00e0, Astrid Miola ha concluso la gara in 18\u00aa posizione, un risultato di tutto rispetto considerando il livello delle avversarie e le condizioni proibitive della giornata. &#8220;Per il livello della gara e per come si sono messe le cose, sono soddisfatta del mio risultato&#8221;, ha commentato Astrid, consapevole di aver dato il massimo in una competizione cos\u00ec impegnativa. (FOTO: Gamma Foto)<\/p>\n\n\t\t\t<style type='text\/css'>\n\t\t\t\t#gallery-4 {\n\t\t\t\t\tmargin: auto;\n\t\t\t\t}\n\t\t\t\t#gallery-4 .gallery-item {\n\t\t\t\t\tfloat: left;\n\t\t\t\t\tmargin-top: 10px;\n\t\t\t\t\ttext-align: center;\n\t\t\t\t\twidth: 33%;\n\t\t\t\t}\n\t\t\t\t#gallery-4 img {\n\t\t\t\t\tborder: 2px solid #cfcfcf;\n\t\t\t\t}\n\t\t\t\t#gallery-4 .gallery-caption {\n\t\t\t\t\tmargin-left: 0;\n\t\t\t\t}\n\t\t\t\t\/* see gallery_shortcode() in wp-includes\/media.php *\/\n\t\t\t<\/style>\n\t\t<div id='gallery-4' class='dt-gallery-container gallery galleryid-440026 gallery-columns-3 gallery-size-medium'><dl class='gallery-item'>\n\t\t\t\t<dt class='gallery-icon landscape'>\n\t\t\t\t\t<a class=\"rollover rollover-zoom dt-pswp-item\" title=\"91ed62fc-409c-4c4f-97d8-9451c56bc305\" data-dt-img-description=\"\" data-large_image_width=\"2560\" data-large_image_height=\"1707\"href='https:\/\/www.radiopiu.net\/wordpress\/wp-content\/uploads\/2025\/03\/91ed62fc-409c-4c4f-97d8-9451c56bc305-scaled.jpg'><img loading=\"lazy\" decoding=\"async\" width=\"300\" height=\"200\" src=\"https:\/\/www.radiopiu.net\/wordpress\/wp-content\/uploads\/2025\/03\/91ed62fc-409c-4c4f-97d8-9451c56bc305-300x200.jpg\" class=\"attachment-medium size-medium\" alt=\"\" srcset=\"https:\/\/www.radiopiu.net\/wordpress\/wp-content\/uploads\/2025\/03\/91ed62fc-409c-4c4f-97d8-9451c56bc305-300x200.jpg 300w, https:\/\/www.radiopiu.net\/wordpress\/wp-content\/uploads\/2025\/03\/91ed62fc-409c-4c4f-97d8-9451c56bc305-1024x683.jpg 1024w, https:\/\/www.radiopiu.net\/wordpress\/wp-content\/uploads\/2025\/03\/91ed62fc-409c-4c4f-97d8-9451c56bc305-768x512.jpg 768w, https:\/\/www.radiopiu.net\/wordpress\/wp-content\/uploads\/2025\/03\/91ed62fc-409c-4c4f-97d8-9451c56bc305-1536x1024.jpg 1536w, https:\/\/www.radiopiu.net\/wordpress\/wp-content\/uploads\/2025\/03\/91ed62fc-409c-4c4f-97d8-9451c56bc305-2048x1366.jpg 2048w\" sizes=\"auto, (max-width: 300px) 100vw, 300px\" \/><\/a>\n\t\t\t\t<\/dt><\/dl><dl class='gallery-item'>\n\t\t\t\t<dt class='gallery-icon landscape'>\n\t\t\t\t\t<a class=\"rollover rollover-zoom dt-pswp-item\" title=\"cd504f22-3c67-48ff-b743-c20cfec38062\" data-dt-img-description=\"\" data-large_image_width=\"2560\" data-large_image_height=\"1707\"href='https:\/\/www.radiopiu.net\/wordpress\/wp-content\/uploads\/2025\/03\/cd504f22-3c67-48ff-b743-c20cfec38062-scaled.jpg'><img loading=\"lazy\" decoding=\"async\" width=\"300\" height=\"200\" src=\"https:\/\/www.radiopiu.net\/wordpress\/wp-content\/uploads\/2025\/03\/cd504f22-3c67-48ff-b743-c20cfec38062-300x200.jpg\" class=\"attachment-medium size-medium\" alt=\"\" srcset=\"https:\/\/www.radiopiu.net\/wordpress\/wp-content\/uploads\/2025\/03\/cd504f22-3c67-48ff-b743-c20cfec38062-300x200.jpg 300w, https:\/\/www.radiopiu.net\/wordpress\/wp-content\/uploads\/2025\/03\/cd504f22-3c67-48ff-b743-c20cfec38062-1024x683.jpg 1024w, https:\/\/www.radiopiu.net\/wordpress\/wp-content\/uploads\/2025\/03\/cd504f22-3c67-48ff-b743-c20cfec38062-768x512.jpg 768w, https:\/\/www.radiopiu.net\/wordpress\/wp-content\/uploads\/2025\/03\/cd504f22-3c67-48ff-b743-c20cfec38062-1536x1024.jpg 1536w, https:\/\/www.radiopiu.net\/wordpress\/wp-content\/uploads\/2025\/03\/cd504f22-3c67-48ff-b743-c20cfec38062-2048x1366.jpg 2048w\" sizes=\"auto, (max-width: 300px) 100vw, 300px\" \/><\/a>\n\t\t\t\t<\/dt><\/dl><dl class='gallery-item'>\n\t\t\t\t<dt class='gallery-icon landscape'>\n\t\t\t\t\t<a class=\"rollover rollover-zoom dt-pswp-item\" title=\"00be29e3-0f9d-42f6-a715-b5655e62df49\" data-dt-img-description=\"\" data-large_image_width=\"2560\" data-large_image_height=\"1707\"href='https:\/\/www.radiopiu.net\/wordpress\/wp-content\/uploads\/2025\/03\/00be29e3-0f9d-42f6-a715-b5655e62df49-scaled.jpg'><img loading=\"lazy\" decoding=\"async\" width=\"300\" height=\"200\" src=\"https:\/\/www.radiopiu.net\/wordpress\/wp-content\/uploads\/2025\/03\/00be29e3-0f9d-42f6-a715-b5655e62df49-300x200.jpg\" class=\"attachment-medium size-medium\" alt=\"\" srcset=\"https:\/\/www.radiopiu.net\/wordpress\/wp-content\/uploads\/2025\/03\/00be29e3-0f9d-42f6-a715-b5655e62df49-300x200.jpg 300w, https:\/\/www.radiopiu.net\/wordpress\/wp-content\/uploads\/2025\/03\/00be29e3-0f9d-42f6-a715-b5655e62df49-1024x683.jpg 1024w, https:\/\/www.radiopiu.net\/wordpress\/wp-content\/uploads\/2025\/03\/00be29e3-0f9d-42f6-a715-b5655e62df49-768x512.jpg 768w, https:\/\/www.radiopiu.net\/wordpress\/wp-content\/uploads\/2025\/03\/00be29e3-0f9d-42f6-a715-b5655e62df49-1536x1024.jpg 1536w, https:\/\/www.radiopiu.net\/wordpress\/wp-content\/uploads\/2025\/03\/00be29e3-0f9d-42f6-a715-b5655e62df49-2048x1366.jpg 2048w\" sizes=\"auto, (max-width: 300px) 100vw, 300px\" \/><\/a>\n\t\t\t\t<\/dt><\/dl><br style=\"clear: both\" \/>\n\t\t\t<\/div>\n\n<p>&nbsp;<\/p>\n<p><span style=\"color: #0000ff;\"><strong>KARATE<\/strong><\/span><\/p>\n<blockquote>\n<h3>L&#8217;11ESIMA EDIZONE DEL MEMORIAL ANDREA ANTONIOL A DOMEGGE<\/h3>\n<\/blockquote>\n<p>Grande successo per l\u201911\u00aa edizione del <em data-start=\"39\" data-end=\"65\">Memorial Andrea Antoniol<\/em>, organizzato dal Tsks Belluno al Pala Mario Cian Toma di Domegge di Cadore. Oltre 125 giovani karateki hanno gareggiato con impegno e passione, mostrando un alto livello tecnico. La competizione per il trofeo tra i migliori agonisti di cintura nera ha visto la vittoria di Pietro Nassivera. Andrea Antoniol, istruttore 4\u00b0 dan e medico pediatra, \u00e8 stato ricordato con affetto. Presenti alla cerimonia la sua famiglia, il sindaco Achille Barnab\u00f2 e numerosi amici. Il maestro Roberto Bacchilega ha sottolineato la grande affluenza di pubblico, con il palazzetto al completo, segno del forte legame con Andrea.<\/p>\n<p><strong>LE CLASSIFICHE<\/strong><\/p>\n<p>Categoria 2018\/19 cinture bianca\/gialla. 1. Federico Insalaca, 2. Filippo Bernardi, 3. Leonardo Graziano. Categoria 2018\/19 cinture arancio\/verde. 1. Edoardo Cavalet, 2. Riccardo Da Rin, 3. Giacomo Del Gaudio. Categoria 2016\/17 cinture bianca\/gialla. 1. David Rushi, 2. Milo Tremonti, 3. Daniele Tursi. Categoria 2016\/17 cinture arancio\/verde. 1. Nora Casati, 2. Stefania Pocchiesa, 3. Evan Frenner. Categoria 2014\/15 cinture bianca\/gialla. 1. Sofia Campagnuolo, 2. Vanessa Vecellio, 3. Francesco Negrello. Categoria 2014\/15 cinture arancio\/verde. 1. Michele Giavi, 2. Asia Lam, 3. Pietro Baldovin. Categoria 2014\/15 cinture blu\/marrone. 1. Edoardo Gheno, 2. Aurora Cidaria. Categoria 2012\/13 cinture arancio\/verde. 1. Veronica Pomar\u00e8, 2. Bianca Baldovin, 3. Daniele Cella. Categoria 2012\/13 cinture blu\/marrone. 1. Sara Pagotto, 2. Elisa Alver\u00e0, 3. Matilde Tarascio. Categoria 2010\/11 cinture bianca\/gialla. 1. Gabriele Zaporojan, 2. Angelo Tremonti, 3. Gabriele De Ghetto. Categoria 2010\/11 cinture arancio\/verde. 1. Emily Pocchiesa, 2. Lavinia Mazzer, 3. Zeno De Toffol. Categoria 2010\/11 cinture blu\/marrone. 1. Matteo Casanova e Matilde Antinucci, 2. Benedetta Caldart, 3. Emma Pompanin. Categoria 2010\/11 cintura nera. 1. Lorenzo Pontil Scala, 2. Raffaele Fattor, 3. Samuele Pinzon. Categoria 2008\/09 cintura nera. 1. Giulia Cecconi, 2. Giada Gaspari, 3. Letizia Zanetto. Categoria 2005\/07 cintura nera. 1. Pietro Nassivera, 2. Loris Da Rin, 3. Antonio Buzesco Pop.<\/p>\n\n\t\t\t<style type='text\/css'>\n\t\t\t\t#gallery-5 {\n\t\t\t\t\tmargin: auto;\n\t\t\t\t}\n\t\t\t\t#gallery-5 .gallery-item {\n\t\t\t\t\tfloat: left;\n\t\t\t\t\tmargin-top: 10px;\n\t\t\t\t\ttext-align: center;\n\t\t\t\t\twidth: 33%;\n\t\t\t\t}\n\t\t\t\t#gallery-5 img {\n\t\t\t\t\tborder: 2px solid #cfcfcf;\n\t\t\t\t}\n\t\t\t\t#gallery-5 .gallery-caption {\n\t\t\t\t\tmargin-left: 0;\n\t\t\t\t}\n\t\t\t\t\/* see gallery_shortcode() in wp-includes\/media.php *\/\n\t\t\t<\/style>\n\t\t<div id='gallery-5' class='dt-gallery-container gallery galleryid-440026 gallery-columns-3 gallery-size-thumbnail'><dl class='gallery-item'>\n\t\t\t\t<dt class='gallery-icon portrait'>\n\t\t\t\t\t<a class=\"rollover rollover-zoom dt-pswp-item\" title=\"Cinture nere\" data-dt-img-description=\"\" data-large_image_width=\"900\" data-large_image_height=\"1600\"href='https:\/\/www.radiopiu.net\/wordpress\/wp-content\/uploads\/2025\/03\/Cinture-nere.jpg'><img loading=\"lazy\" decoding=\"async\" width=\"150\" height=\"150\" src=\"https:\/\/www.radiopiu.net\/wordpress\/wp-content\/uploads\/2025\/03\/Cinture-nere-150x150.jpg\" class=\"attachment-thumbnail size-thumbnail\" alt=\"\" \/><\/a>\n\t\t\t\t<\/dt><\/dl><dl class='gallery-item'>\n\t\t\t\t<dt class='gallery-icon landscape'>\n\t\t\t\t\t<a class=\"rollover rollover-zoom dt-pswp-item\" title=\"Gruppo cinture\" data-dt-img-description=\"\" data-large_image_width=\"1600\" data-large_image_height=\"900\"href='https:\/\/www.radiopiu.net\/wordpress\/wp-content\/uploads\/2025\/03\/Gruppo-cinture.jpg'><img loading=\"lazy\" decoding=\"async\" width=\"150\" height=\"150\" src=\"https:\/\/www.radiopiu.net\/wordpress\/wp-content\/uploads\/2025\/03\/Gruppo-cinture-150x150.jpg\" class=\"attachment-thumbnail size-thumbnail\" alt=\"\" \/><\/a>\n\t\t\t\t<\/dt><\/dl><dl class='gallery-item'>\n\t\t\t\t<dt class='gallery-icon portrait'>\n\t\t\t\t\t<a class=\"rollover rollover-zoom dt-pswp-item\" title=\"Nassivera e moglie Antoniol\" data-dt-img-description=\"\" data-large_image_width=\"900\" data-large_image_height=\"1600\"href='https:\/\/www.radiopiu.net\/wordpress\/wp-content\/uploads\/2025\/03\/Nassivera-e-moglie-Antoniol.jpg'><img loading=\"lazy\" decoding=\"async\" width=\"150\" height=\"150\" src=\"https:\/\/www.radiopiu.net\/wordpress\/wp-content\/uploads\/2025\/03\/Nassivera-e-moglie-Antoniol-150x150.jpg\" class=\"attachment-thumbnail size-thumbnail\" alt=\"\" \/><\/a>\n\t\t\t\t<\/dt><\/dl><br style=\"clear: both\" \/>\n\t\t\t<\/div>\n\n<p>&nbsp;<\/p>\n<p>&nbsp;<\/p>\n<p>&nbsp;<\/p>\n","protected":false},"excerpt":{"rendered":"<p>********* &nbsp; LA\u00a0 APP PER IOS-IPHONE di Nicola Vettorello https:\/\/apps.apple.com\/it\/app\/radio-pi%C3%B9-emittente-agordina\/id1515939845 LA\u00a0 APP RADIO\u00a0 PER ANDROID di Nicola Vettorello https:\/\/play.google.com\/store\/apps\/details?id=net.radiopiu.iniko\u00a0\u00a0\u00a0\u00a0 &nbsp; &nbsp; &nbsp; OGGI \u00a0\u00a0 \u00a009.00 LA MUSICA COUNTRY, DAL 1983, DA 42 ANNI&#8230; LE SELEZIONI DI ALEX NASCINBEN 10.10 MUSLA LE NOVE IN LADIN CON ANNA DI FALCADE \u00a012.30 IL GIORNALE RADIO EDIZIONE PRINCIPALE 13.20&hellip;<\/p>\n","protected":false},"author":4,"featured_media":440232,"comment_status":"closed","ping_status":"closed","sticky":false,"template":"","format":"standard","meta":{"_monsterinsights_skip_tracking":false,"_monsterinsights_sitenote_active":false,"_monsterinsights_sitenote_note":"","_monsterinsights_sitenote_category":0,"footnotes":""},"categories":[51,86,49],"tags":[],"class_list":["post-440026","post","type-post","status-publish","format-standard","has-post-thumbnail","hentry","category-evidenza-top","category-gr","category-news-18","category-51","category-86","category-49","description-off"],"img_url":"https:\/\/www.radiopiu.net\/wordpress\/wp-content\/uploads\/2025\/03\/foto-edilizia-cortina.jpg","_links":{"self":[{"href":"https:\/\/www.radiopiu.net\/wordpress\/wp-json\/wp\/v2\/posts\/440026","targetHints":{"allow":["GET"]}}],"collection":[{"href":"https:\/\/www.radiopiu.net\/wordpress\/wp-json\/wp\/v2\/posts"}],"about":[{"href":"https:\/\/www.radiopiu.net\/wordpress\/wp-json\/wp\/v2\/types\/post"}],"author":[{"embeddable":true,"href":"https:\/\/www.radiopiu.net\/wordpress\/wp-json\/wp\/v2\/users\/4"}],"replies":[{"embeddable":true,"href":"https:\/\/www.radiopiu.net\/wordpress\/wp-json\/wp\/v2\/comments?post=440026"}],"version-history":[{"count":32,"href":"https:\/\/www.radiopiu.net\/wordpress\/wp-json\/wp\/v2\/posts\/440026\/revisions"}],"predecessor-version":[{"id":440166,"href":"https:\/\/www.radiopiu.net\/wordpress\/wp-json\/wp\/v2\/posts\/440026\/revisions\/440166"}],"wp:featuredmedia":[{"embeddable":true,"href":"https:\/\/www.radiopiu.net\/wordpress\/wp-json\/wp\/v2\/media\/440232"}],"wp:attachment":[{"href":"https:\/\/www.radiopiu.net\/wordpress\/wp-json\/wp\/v2\/media?parent=440026"}],"wp:term":[{"taxonomy":"category","embeddable":true,"href":"https:\/\/www.radiopiu.net\/wordpress\/wp-json\/wp\/v2\/categories?post=440026"},{"taxonomy":"post_tag","embeddable":true,"href":"https:\/\/www.radiopiu.net\/wordpress\/wp-json\/wp\/v2\/tags?post=440026"}],"curies":[{"name":"wp","href":"https:\/\/api.w.org\/{rel}","templated":true}]}}