{"id":440247,"date":"2025-03-18T05:40:59","date_gmt":"2025-03-18T04:40:59","guid":{"rendered":"https:\/\/www.radiopiu.net\/wordpress\/?p=440247"},"modified":"2025-03-18T05:49:38","modified_gmt":"2025-03-18T04:49:38","slug":"ci-ha-lasciato-nivia-bona-sorella-del-nostro-collaboratore-roberto","status":"publish","type":"post","link":"https:\/\/www.radiopiu.net\/wordpress\/ci-ha-lasciato-nivia-bona-sorella-del-nostro-collaboratore-roberto\/","title":{"rendered":"CI HA LASCIATO NIVIA BONA, SORELLA DEL NOSTRO COLLABORATORE ROBERTO"},"content":{"rendered":"<p>********<\/p>\n<p>&nbsp;<\/p>\n<p><strong><a class=\"dt-pswp-item\" href=\"https:\/\/www.radiopiu.net\/wordpress\/wp-content\/uploads\/2025\/03\/5b91ae18-178d-4a94-8f78-003b37aba1b1.jpg\" data-dt-img-description=\"\" data-large_image_width=\"1600\" data-large_image_height=\"1200\"><img loading=\"lazy\" decoding=\"async\" class=\" wp-image-440248 alignleft\" src=\"https:\/\/www.radiopiu.net\/wordpress\/wp-content\/uploads\/2025\/03\/5b91ae18-178d-4a94-8f78-003b37aba1b1-300x225.jpg\" alt=\"\" width=\"199\" height=\"149\" srcset=\"https:\/\/www.radiopiu.net\/wordpress\/wp-content\/uploads\/2025\/03\/5b91ae18-178d-4a94-8f78-003b37aba1b1-300x225.jpg 300w, https:\/\/www.radiopiu.net\/wordpress\/wp-content\/uploads\/2025\/03\/5b91ae18-178d-4a94-8f78-003b37aba1b1-1024x768.jpg 1024w, https:\/\/www.radiopiu.net\/wordpress\/wp-content\/uploads\/2025\/03\/5b91ae18-178d-4a94-8f78-003b37aba1b1-768x576.jpg 768w, https:\/\/www.radiopiu.net\/wordpress\/wp-content\/uploads\/2025\/03\/5b91ae18-178d-4a94-8f78-003b37aba1b1-1536x1152.jpg 1536w, https:\/\/www.radiopiu.net\/wordpress\/wp-content\/uploads\/2025\/03\/5b91ae18-178d-4a94-8f78-003b37aba1b1.jpg 1600w\" sizes=\"auto, (max-width: 199px) 100vw, 199px\" \/><\/a>BELLUNO <\/strong>\u00c8 mancata improvvisamente questo pomeriggio Nivia Bona, 84 anni, sorella maggiore del nostro collaboratore Roberto.<\/p>\n<p>Diplomatasi in ragioneria all\u2019Istituto Calvi di Belluno, proprio nell\u2019ambito scolastico aveva conosciuto il compagno di una vita, il marito Luciano Neri dal quale aveva avuto i figli Barbara, Stefania e Fabio. Dopo aver lavorato nella segreteria dell\u2019Istituto tecnico industriale \u201cGirolamo Segato\u201d, era stata impiegata fino alla pensione negli uffici regionali del Co.Re.Co. di piazza Mazzini in citt\u00e0. In giovent\u00f9 aveva praticato con ottimi risultati la ginnastica artistica nelle file della storica societ\u00e0 cittadina della Juventus Alpina. Appassionata di fiori e di lettura, per anni era stata una coinvolgente dimostratrice di una nota multinazionale americana che produce linee di prodotti per la casa. La data dei funerali non \u00e8 ancora stata fissata. (nella foto Nivia assieme al marito nel giorno del suo compleanno il novembre scorso)<\/p>\n<p>A Roberto, al fratello Renato e tutti i parenti un amichevole abbraccio, vi siamo vicini.<br \/>\nRADIOPIU<\/p>\n<p>&nbsp;<\/p>\n<p>&nbsp;<\/p>\n<p>********<\/p>\n","protected":false},"excerpt":{"rendered":"<p>******** &nbsp; BELLUNO \u00c8 mancata improvvisamente questo pomeriggio Nivia Bona, 84 anni, sorella maggiore del nostro collaboratore Roberto. Diplomatasi in ragioneria all\u2019Istituto Calvi di Belluno, proprio nell\u2019ambito scolastico aveva conosciuto il compagno di una vita, il marito Luciano Neri dal quale aveva avuto i figli Barbara, Stefania e Fabio. Dopo aver lavorato nella segreteria dell\u2019Istituto&hellip;<\/p>\n","protected":false},"author":4,"featured_media":440248,"comment_status":"closed","ping_status":"closed","sticky":false,"template":"","format":"standard","meta":{"_monsterinsights_skip_tracking":false,"_monsterinsights_sitenote_active":false,"_monsterinsights_sitenote_note":"","_monsterinsights_sitenote_category":0,"footnotes":""},"categories":[51,49],"tags":[],"class_list":["post-440247","post","type-post","status-publish","format-standard","has-post-thumbnail","hentry","category-evidenza-top","category-news-18","category-51","category-49","description-off"],"img_url":"https:\/\/www.radiopiu.net\/wordpress\/wp-content\/uploads\/2025\/03\/5b91ae18-178d-4a94-8f78-003b37aba1b1.jpg","_links":{"self":[{"href":"https:\/\/www.radiopiu.net\/wordpress\/wp-json\/wp\/v2\/posts\/440247","targetHints":{"allow":["GET"]}}],"collection":[{"href":"https:\/\/www.radiopiu.net\/wordpress\/wp-json\/wp\/v2\/posts"}],"about":[{"href":"https:\/\/www.radiopiu.net\/wordpress\/wp-json\/wp\/v2\/types\/post"}],"author":[{"embeddable":true,"href":"https:\/\/www.radiopiu.net\/wordpress\/wp-json\/wp\/v2\/users\/4"}],"replies":[{"embeddable":true,"href":"https:\/\/www.radiopiu.net\/wordpress\/wp-json\/wp\/v2\/comments?post=440247"}],"version-history":[{"count":4,"href":"https:\/\/www.radiopiu.net\/wordpress\/wp-json\/wp\/v2\/posts\/440247\/revisions"}],"predecessor-version":[{"id":440253,"href":"https:\/\/www.radiopiu.net\/wordpress\/wp-json\/wp\/v2\/posts\/440247\/revisions\/440253"}],"wp:featuredmedia":[{"embeddable":true,"href":"https:\/\/www.radiopiu.net\/wordpress\/wp-json\/wp\/v2\/media\/440248"}],"wp:attachment":[{"href":"https:\/\/www.radiopiu.net\/wordpress\/wp-json\/wp\/v2\/media?parent=440247"}],"wp:term":[{"taxonomy":"category","embeddable":true,"href":"https:\/\/www.radiopiu.net\/wordpress\/wp-json\/wp\/v2\/categories?post=440247"},{"taxonomy":"post_tag","embeddable":true,"href":"https:\/\/www.radiopiu.net\/wordpress\/wp-json\/wp\/v2\/tags?post=440247"}],"curies":[{"name":"wp","href":"https:\/\/api.w.org\/{rel}","templated":true}]}}