{"id":440273,"date":"2025-03-18T05:42:01","date_gmt":"2025-03-18T04:42:01","guid":{"rendered":"https:\/\/www.radiopiu.net\/wordpress\/?p=440273"},"modified":"2025-03-18T05:48:44","modified_gmt":"2025-03-18T04:48:44","slug":"il-caso-centro-storico","status":"publish","type":"post","link":"https:\/\/www.radiopiu.net\/wordpress\/il-caso-centro-storico\/","title":{"rendered":"IL CASO &#8211; CENTRO STORICO"},"content":{"rendered":"<p>**<\/p>\n<h3 data-start=\"0\" data-end=\"30\"><\/h3>\n<p data-start=\"31\" data-end=\"90\"><strong data-start=\"31\" data-end=\"88\"><a class=\"dt-pswp-item\" href=\"https:\/\/www.radiopiu.net\/wordpress\/wp-content\/uploads\/2024\/02\/Feltre-Piazza-Maggiore.jpg\" data-dt-img-description=\"\" data-large_image_width=\"1595\" data-large_image_height=\"1054\"><img loading=\"lazy\" decoding=\"async\" class=\"wp-image-375447 alignleft\" src=\"https:\/\/www.radiopiu.net\/wordpress\/wp-content\/uploads\/2024\/02\/Feltre-Piazza-Maggiore-300x198.jpg\" alt=\"\" width=\"185\" height=\"122\" srcset=\"https:\/\/www.radiopiu.net\/wordpress\/wp-content\/uploads\/2024\/02\/Feltre-Piazza-Maggiore-300x198.jpg 300w, https:\/\/www.radiopiu.net\/wordpress\/wp-content\/uploads\/2024\/02\/Feltre-Piazza-Maggiore-1024x677.jpg 1024w, https:\/\/www.radiopiu.net\/wordpress\/wp-content\/uploads\/2024\/02\/Feltre-Piazza-Maggiore-768x508.jpg 768w, https:\/\/www.radiopiu.net\/wordpress\/wp-content\/uploads\/2024\/02\/Feltre-Piazza-Maggiore-1536x1015.jpg 1536w, https:\/\/www.radiopiu.net\/wordpress\/wp-content\/uploads\/2024\/02\/Feltre-Piazza-Maggiore.jpg 1595w\" sizes=\"auto, (max-width: 185px) 100vw, 185px\" \/><\/a>Disturbo e danni: giovani teppisti sotto osservazione<\/strong><\/p>\n<p data-start=\"92\" data-end=\"634\" data-is-last-node=\"\" data-is-only-node=\"\"><strong>FELTRE<\/strong>\u00a0 \u00a0un gruppo di ragazzini, spesso in bicicletta, sta creando disagi nel centro storico con danneggiamenti e comportamenti irrispettosi. Portoni presi a calci, campanelli suonati ripetutamente e discese contromano sono solo alcune delle segnalazioni dei residenti, stanchi della situazione. Nonostante l\u2019assenza di denunce, le segnalazioni ai carabinieri sono gi\u00e0 arrivate. Alcuni cittadini chiedono pi\u00f9 controlli e telecamere per riportare la convivenza a un livello accettabile, senza per\u00f2 penalizzare il divertimento dei pi\u00f9 giovani.<\/p>\n","protected":false},"excerpt":{"rendered":"<p>** Disturbo e danni: giovani teppisti sotto osservazione FELTRE\u00a0 \u00a0un gruppo di ragazzini, spesso in bicicletta, sta creando disagi nel centro storico con danneggiamenti e comportamenti irrispettosi. Portoni presi a calci, campanelli suonati ripetutamente e discese contromano sono solo alcune delle segnalazioni dei residenti, stanchi della situazione. Nonostante l\u2019assenza di denunce, le segnalazioni ai carabinieri&hellip;<\/p>\n","protected":false},"author":4,"featured_media":411024,"comment_status":"closed","ping_status":"closed","sticky":false,"template":"","format":"standard","meta":{"_monsterinsights_skip_tracking":false,"_monsterinsights_sitenote_active":false,"_monsterinsights_sitenote_note":"","_monsterinsights_sitenote_category":0,"footnotes":""},"categories":[51,49],"tags":[],"class_list":["post-440273","post","type-post","status-publish","format-standard","has-post-thumbnail","hentry","category-evidenza-top","category-news-18","category-51","category-49","description-off"],"img_url":"https:\/\/www.radiopiu.net\/wordpress\/wp-content\/uploads\/2024\/09\/Il-Castello-di-Alboino-a-Feltre.jpg","_links":{"self":[{"href":"https:\/\/www.radiopiu.net\/wordpress\/wp-json\/wp\/v2\/posts\/440273","targetHints":{"allow":["GET"]}}],"collection":[{"href":"https:\/\/www.radiopiu.net\/wordpress\/wp-json\/wp\/v2\/posts"}],"about":[{"href":"https:\/\/www.radiopiu.net\/wordpress\/wp-json\/wp\/v2\/types\/post"}],"author":[{"embeddable":true,"href":"https:\/\/www.radiopiu.net\/wordpress\/wp-json\/wp\/v2\/users\/4"}],"replies":[{"embeddable":true,"href":"https:\/\/www.radiopiu.net\/wordpress\/wp-json\/wp\/v2\/comments?post=440273"}],"version-history":[{"count":1,"href":"https:\/\/www.radiopiu.net\/wordpress\/wp-json\/wp\/v2\/posts\/440273\/revisions"}],"predecessor-version":[{"id":440274,"href":"https:\/\/www.radiopiu.net\/wordpress\/wp-json\/wp\/v2\/posts\/440273\/revisions\/440274"}],"wp:featuredmedia":[{"embeddable":true,"href":"https:\/\/www.radiopiu.net\/wordpress\/wp-json\/wp\/v2\/media\/411024"}],"wp:attachment":[{"href":"https:\/\/www.radiopiu.net\/wordpress\/wp-json\/wp\/v2\/media?parent=440273"}],"wp:term":[{"taxonomy":"category","embeddable":true,"href":"https:\/\/www.radiopiu.net\/wordpress\/wp-json\/wp\/v2\/categories?post=440273"},{"taxonomy":"post_tag","embeddable":true,"href":"https:\/\/www.radiopiu.net\/wordpress\/wp-json\/wp\/v2\/tags?post=440273"}],"curies":[{"name":"wp","href":"https:\/\/api.w.org\/{rel}","templated":true}]}}