{"id":440296,"date":"2025-03-18T07:33:15","date_gmt":"2025-03-18T06:33:15","guid":{"rendered":"https:\/\/www.radiopiu.net\/wordpress\/?p=440296"},"modified":"2025-03-18T07:33:33","modified_gmt":"2025-03-18T06:33:33","slug":"operazione-antidroga-a-setteville-carabinieri-arrestano-spacciatore-e-sequestrano-cocaina-e-3-500-euro","status":"publish","type":"post","link":"https:\/\/www.radiopiu.net\/wordpress\/operazione-antidroga-a-setteville-carabinieri-arrestano-spacciatore-e-sequestrano-cocaina-e-3-500-euro\/","title":{"rendered":"Operazione Antidroga a Setteville: Carabinieri Arrestano Spacciatore e Sequestrano Cocaina e 3.500 Euro"},"content":{"rendered":"<p>**<\/p>\n<blockquote><p><em>Nel corso di un&#8217;operazione coordinata dalla Procura di Belluno, sequestrati 22 grammi di cocaina e 3.500 euro. Un arresto, 3 denunce e perquisizioni su soggetti accusati di detenzione e spaccio di stupefacenti.<\/em><\/p>\n<p>&nbsp;<\/p><\/blockquote>\n<p data-start=\"359\" data-end=\"937\"><img loading=\"lazy\" decoding=\"async\" class=\"alignleft\" src=\"https:\/\/www.radiopiu.net\/wordpress\/wp-content\/uploads\/2025\/03\/image003-1.jpg\" width=\"256\" height=\"224\" \/>Nel fine settimana, i Carabinieri di Belluno hanno eseguito una vasta operazione antidroga nel territorio di Setteville, che ha portato all&#8217;arresto di un uomo e a denunce a piede libero per altri tre soggetti, accusati di detenzione di sostanze stupefacenti. L&#8217;operazione, coordinata dalla Procura della Repubblica di Belluno, ha visto l&#8217;intervento delle forze dell&#8217;ordine in diverse abitazioni della zona, all&#8217;interno delle quali sono stati rinvenuti 22 grammi di cocaina, 3.500 euro in contante e numerosi materiali utili al confezionamento dello stupefacente.<\/p>\n<p data-start=\"939\" data-end=\"1363\">L&#8217;arresto riguarda un uomo di 50 anni, originario di Alano, che, durante una perquisizione domiciliare, \u00e8 stato trovato in possesso della cocaina e di attrezzatura per il confezionamento, oltre a un ammontare di denaro contante che gli investigatori ritengono provento dell&#8217;attivit\u00e0 illecita. L&#8217;uomo, gi\u00e0 noto alle forze dell&#8217;ordine, \u00e8 stato arrestato con l&#8217;accusa di detenzione ai fini di spaccio di sostanze stupefacenti.<\/p>\n<p data-start=\"1365\" data-end=\"1745\">In attesa di una stabile occupazione, il 50enne aveva tenuto nascosti i materiali e la droga in un&#8217;abitazione priva di occupazione, rivelandosi un punto di riferimento per il traffico di stupefacenti. Tra i materiali sequestrati vi erano bilance di precisione, confezioni per il trasporto delle droghe e dettagliati appunti contenenti informazioni sui propri clienti e fornitori.<\/p>\n<p data-start=\"1747\" data-end=\"2145\">Inoltre, i Carabinieri hanno eseguito altre tre perquisizioni a carico di uomini di 50, 48 e 37 anni, tutti residenti a Setteville, che hanno confermato la presenza di materiali per il confezionamento delle droghe, seppur senza il rinvenimento diretto di stupefacenti. I tre soggetti sono stati denunciati a piede libero per detenzione di materiale atto al confezionamento di sostanze stupefacenti.<\/p>\n<p data-start=\"2147\" data-end=\"2563\">L&#8217;operazione \u00e8 frutto di una lunga e attenta attivit\u00e0 di controllo, che ha visto l&#8217;impiego costante di pattuglie in servizio sul territorio, monitorando in particolare i soggetti assuntori di droga. Nel corso delle operazioni sono stati trovati vari materiali utilizzati per la preparazione, la pesatura e il confezionamento delle droghe, insieme a banconote di diverso taglio, a testimonianza del traffico illecito.<\/p>\n<p data-start=\"2565\" data-end=\"3089\" data-is-last-node=\"\" data-is-only-node=\"\">L&#8217;uomo arrestato \u00e8 stato tradotto presso la Casa Circondariale di Belluno. Dopo la convalida dell&#8217;arresto da parte del Tribunale di Belluno, il giudice ha disposto la misura cautelare dell&#8217;obbligo di dimora nel comune di residenza. Le indagini proseguono, con l&#8217;intento di dare un ulteriore impulso alle operazioni di contrasto al traffico di stupefacenti, coordinati dalla Procura della Repubblica di Belluno. I Carabinieri continuano a monitorare la situazione, determinati a smantellare le reti di spaccio nel territorio.<\/p>\n<hr \/>\n<p data-start=\"2565\" data-end=\"3089\" data-is-last-node=\"\" data-is-only-node=\"\">\n","protected":false},"excerpt":{"rendered":"<p>** Nel corso di un&#8217;operazione coordinata dalla Procura di Belluno, sequestrati 22 grammi di cocaina e 3.500 euro. Un arresto, 3 denunce e perquisizioni su soggetti accusati di detenzione e spaccio di stupefacenti. &nbsp; Nel fine settimana, i Carabinieri di Belluno hanno eseguito una vasta operazione antidroga nel territorio di Setteville, che ha portato all&#8217;arresto&hellip;<\/p>\n","protected":false},"author":4,"featured_media":440297,"comment_status":"closed","ping_status":"closed","sticky":false,"template":"","format":"standard","meta":{"_monsterinsights_skip_tracking":false,"_monsterinsights_sitenote_active":false,"_monsterinsights_sitenote_note":"","_monsterinsights_sitenote_category":0,"footnotes":""},"categories":[51,49],"tags":[],"class_list":["post-440296","post","type-post","status-publish","format-standard","has-post-thumbnail","hentry","category-evidenza-top","category-news-18","category-51","category-49","description-off"],"img_url":"https:\/\/www.radiopiu.net\/wordpress\/wp-content\/uploads\/2025\/03\/image003-1.jpg","_links":{"self":[{"href":"https:\/\/www.radiopiu.net\/wordpress\/wp-json\/wp\/v2\/posts\/440296","targetHints":{"allow":["GET"]}}],"collection":[{"href":"https:\/\/www.radiopiu.net\/wordpress\/wp-json\/wp\/v2\/posts"}],"about":[{"href":"https:\/\/www.radiopiu.net\/wordpress\/wp-json\/wp\/v2\/types\/post"}],"author":[{"embeddable":true,"href":"https:\/\/www.radiopiu.net\/wordpress\/wp-json\/wp\/v2\/users\/4"}],"replies":[{"embeddable":true,"href":"https:\/\/www.radiopiu.net\/wordpress\/wp-json\/wp\/v2\/comments?post=440296"}],"version-history":[{"count":2,"href":"https:\/\/www.radiopiu.net\/wordpress\/wp-json\/wp\/v2\/posts\/440296\/revisions"}],"predecessor-version":[{"id":440299,"href":"https:\/\/www.radiopiu.net\/wordpress\/wp-json\/wp\/v2\/posts\/440296\/revisions\/440299"}],"wp:featuredmedia":[{"embeddable":true,"href":"https:\/\/www.radiopiu.net\/wordpress\/wp-json\/wp\/v2\/media\/440297"}],"wp:attachment":[{"href":"https:\/\/www.radiopiu.net\/wordpress\/wp-json\/wp\/v2\/media?parent=440296"}],"wp:term":[{"taxonomy":"category","embeddable":true,"href":"https:\/\/www.radiopiu.net\/wordpress\/wp-json\/wp\/v2\/categories?post=440296"},{"taxonomy":"post_tag","embeddable":true,"href":"https:\/\/www.radiopiu.net\/wordpress\/wp-json\/wp\/v2\/tags?post=440296"}],"curies":[{"name":"wp","href":"https:\/\/api.w.org\/{rel}","templated":true}]}}