{"id":440456,"date":"2025-03-19T00:00:04","date_gmt":"2025-03-18T23:00:04","guid":{"rendered":"https:\/\/www.radiopiu.net\/wordpress\/?p=440456"},"modified":"2025-03-19T05:55:15","modified_gmt":"2025-03-19T04:55:15","slug":"19-marzo-s-giuseppe-di-john-francis-della-pietra","status":"publish","type":"post","link":"https:\/\/www.radiopiu.net\/wordpress\/19-marzo-s-giuseppe-di-john-francis-della-pietra\/","title":{"rendered":"19 marzo s Giuseppe di john francis della pietra"},"content":{"rendered":"<p>&nbsp;<\/p>\n<p>Universalmente qua e l\u00e0<br \/>\nConosciuta come festa di tutti i pap\u00e0<br \/>\nGiuseppe il falegname che crebbe Ges\u00f9 nella storia<br \/>\nIl padre che ci ha allevato \u00e8 invece sempre nella nostra memoria<br \/>\nQuell uomo forte che ci prendeva in braccio<br \/>\nChe ci confortava nel suo paterno abbraccio<br \/>\nCiascuno di noi<br \/>\nHa del proprio I ricordi suoi<br \/>\nAnche nel presente<br \/>\nVe ne sono molti fra la gente<br \/>\nTanti figli li festeggeranno<br \/>\nE pi\u00f9 di qualcuno commuoveranno<br \/>\nUn piacevole per loro impegno<br \/>\nNel corso della vita il divin disegno<br \/>\nOgnuno la propria gioia ricorder\u00e0<br \/>\nQuando divenuto padre s \u00e8 sentito chiamar pap\u00e0<br \/>\nIl tempo scorre incessantemente<br \/>\nMa quel termine rimane per sempre in mente<br \/>\nUna genetica condizione<br \/>\nChe dona grande emozione<br \/>\nCos\u00ec oggi tutti li salutiamo<br \/>\nE col cuore li festeggiamo<br \/>\nPap\u00e0&#8230;<\/p>\n<p>audio<\/p>\n<audio class=\"wp-audio-shortcode\" id=\"audio-440456-1\" preload=\"none\" style=\"width: 100%;\" controls=\"controls\"><source type=\"audio\/ogg\" src=\"https:\/\/www.radiopiu.net\/wordpress\/wp-content\/uploads\/2025\/03\/JOHN.ogg?_=1\" \/><a href=\"https:\/\/www.radiopiu.net\/wordpress\/wp-content\/uploads\/2025\/03\/JOHN.ogg\">https:\/\/www.radiopiu.net\/wordpress\/wp-content\/uploads\/2025\/03\/JOHN.ogg<\/a><\/audio>\n","protected":false},"excerpt":{"rendered":"<p>&nbsp; Universalmente qua e l\u00e0 Conosciuta come festa di tutti i pap\u00e0 Giuseppe il falegname che crebbe Ges\u00f9 nella storia Il padre che ci ha allevato \u00e8 invece sempre nella nostra memoria Quell uomo forte che ci prendeva in braccio Che ci confortava nel suo paterno abbraccio Ciascuno di noi Ha del proprio I ricordi&hellip;<\/p>\n","protected":false},"author":4,"featured_media":440429,"comment_status":"closed","ping_status":"closed","sticky":false,"template":"","format":"standard","meta":{"_monsterinsights_skip_tracking":false,"_monsterinsights_sitenote_active":false,"_monsterinsights_sitenote_note":"","_monsterinsights_sitenote_category":0,"footnotes":""},"categories":[49],"tags":[],"class_list":["post-440456","post","type-post","status-publish","format-standard","has-post-thumbnail","hentry","category-news-18","category-49","description-off"],"img_url":"https:\/\/www.radiopiu.net\/wordpress\/wp-content\/uploads\/2025\/03\/ai-generated-8707310_640.webp","_links":{"self":[{"href":"https:\/\/www.radiopiu.net\/wordpress\/wp-json\/wp\/v2\/posts\/440456","targetHints":{"allow":["GET"]}}],"collection":[{"href":"https:\/\/www.radiopiu.net\/wordpress\/wp-json\/wp\/v2\/posts"}],"about":[{"href":"https:\/\/www.radiopiu.net\/wordpress\/wp-json\/wp\/v2\/types\/post"}],"author":[{"embeddable":true,"href":"https:\/\/www.radiopiu.net\/wordpress\/wp-json\/wp\/v2\/users\/4"}],"replies":[{"embeddable":true,"href":"https:\/\/www.radiopiu.net\/wordpress\/wp-json\/wp\/v2\/comments?post=440456"}],"version-history":[{"count":1,"href":"https:\/\/www.radiopiu.net\/wordpress\/wp-json\/wp\/v2\/posts\/440456\/revisions"}],"predecessor-version":[{"id":440458,"href":"https:\/\/www.radiopiu.net\/wordpress\/wp-json\/wp\/v2\/posts\/440456\/revisions\/440458"}],"wp:featuredmedia":[{"embeddable":true,"href":"https:\/\/www.radiopiu.net\/wordpress\/wp-json\/wp\/v2\/media\/440429"}],"wp:attachment":[{"href":"https:\/\/www.radiopiu.net\/wordpress\/wp-json\/wp\/v2\/media?parent=440456"}],"wp:term":[{"taxonomy":"category","embeddable":true,"href":"https:\/\/www.radiopiu.net\/wordpress\/wp-json\/wp\/v2\/categories?post=440456"},{"taxonomy":"post_tag","embeddable":true,"href":"https:\/\/www.radiopiu.net\/wordpress\/wp-json\/wp\/v2\/tags?post=440456"}],"curies":[{"name":"wp","href":"https:\/\/api.w.org\/{rel}","templated":true}]}}