{"id":440467,"date":"2025-03-19T07:24:24","date_gmt":"2025-03-19T06:24:24","guid":{"rendered":"https:\/\/www.radiopiu.net\/wordpress\/?p=440467"},"modified":"2025-03-19T07:24:24","modified_gmt":"2025-03-19T06:24:24","slug":"dillo-a-radio-piu-prove-per-le-olimpiadi-del-disservizio-ferroviario-a-meno-di-un-anno-da-milano-cortina-2026","status":"publish","type":"post","link":"https:\/\/www.radiopiu.net\/wordpress\/dillo-a-radio-piu-prove-per-le-olimpiadi-del-disservizio-ferroviario-a-meno-di-un-anno-da-milano-cortina-2026\/","title":{"rendered":"Dillo a Radio Pi\u00f9\u2026 Prove per le Olimpiadi del disservizio ferroviario a meno di un anno da Milano Cortina 2026"},"content":{"rendered":"<p>**<\/p>\n<p>RICEVIAMO E PUBBLICHIAMO<\/p>\n<p data-start=\"116\" data-end=\"595\"><img decoding=\"async\" class=\"alignleft\" src=\"https:\/\/www.radiopiu.net\/wordpress\/wp-content\/uploads\/2025\/03\/download-12.jpg\" \/>Oggi, 19 marzo 2025, la gelata notturna ha messo a dura prova la pazienza dei pendolari della linea ferroviaria Montebelluna-Padova. Alle 5:41, il treno 23065, in partenza dalla stazione di Montebelluna, non ha fatto la sua corsa. Mentre il tempo scorreva, i viaggiatori si sono trovati a fare i conti con un annuncio flebile e incomprensibile, amplificato da altoparlanti a basso volume. Nessuna informazione chiara, solo il silenzio che aumentava l\u2019incertezza tra i passeggeri.<\/p>\n<p data-start=\"597\" data-end=\"1068\">A bordo, una scolaresca in attesa di partire per una gita, sperava in qualche notizia positiva. La realt\u00e0, per\u00f2, era un\u2019altra: guasto sulla linea vicino alla stazione di Montebelluna, con i tecnici al lavoro per risolvere la situazione. Un\u2019ora dopo, ancora fermi, la situazione \u00e8 peggiorata quando dal sito \u201cViaggiaTreno\u201d \u00e8 emerso che il treno era stato cancellato da Castelfranco a Padova. La speranza di una partenza veloce si \u00e8 sgretolata, con un ritardo di 68 minuti.<\/p>\n<p data-start=\"1070\" data-end=\"1248\">Quando finalmente il treno ha ripreso il suo cammino, la sorpresa non \u00e8 finita: il cambio treno a Castelfranco \u00e8 stato inevitabile, rallentando ulteriormente la gi\u00e0 lunga attesa.<\/p>\n<p data-start=\"1250\" data-end=\"1728\" data-is-last-node=\"\" data-is-only-node=\"\">A meno di un anno dalle Olimpiadi invernali Milano Cortina 2026, questo episodio solleva interrogativi inquietanti sulla qualit\u00e0 dei servizi ferroviari e sulla capacit\u00e0 di garantire la puntualit\u00e0 e l\u2019efficienza di fronte a eventi di grande rilevanza internazionale. Se questo \u00e8 solo l\u2019inizio, cosa ci aspetta nei prossimi mesi? La speranza \u00e8 che le autorit\u00e0 competenti prendano in considerazione questi disservizi prima che il grande evento olimpico diventi un incubo logistico.<\/p>\n<p>Lucio D&#8217;Alberto.<\/p>\n<p data-start=\"1250\" data-end=\"1728\" data-is-last-node=\"\" data-is-only-node=\"\">\n<p data-start=\"1250\" data-end=\"1728\" data-is-last-node=\"\" data-is-only-node=\"\">__<\/p>\n","protected":false},"excerpt":{"rendered":"<p>** RICEVIAMO E PUBBLICHIAMO Oggi, 19 marzo 2025, la gelata notturna ha messo a dura prova la pazienza dei pendolari della linea ferroviaria Montebelluna-Padova. Alle 5:41, il treno 23065, in partenza dalla stazione di Montebelluna, non ha fatto la sua corsa. Mentre il tempo scorreva, i viaggiatori si sono trovati a fare i conti con&hellip;<\/p>\n","protected":false},"author":4,"featured_media":440468,"comment_status":"closed","ping_status":"closed","sticky":false,"template":"","format":"standard","meta":{"_monsterinsights_skip_tracking":false,"_monsterinsights_sitenote_active":false,"_monsterinsights_sitenote_note":"","_monsterinsights_sitenote_category":0,"footnotes":""},"categories":[49],"tags":[],"class_list":["post-440467","post","type-post","status-publish","format-standard","has-post-thumbnail","hentry","category-news-18","category-49","description-off"],"img_url":"https:\/\/www.radiopiu.net\/wordpress\/wp-content\/uploads\/2025\/03\/download-12.jpg","_links":{"self":[{"href":"https:\/\/www.radiopiu.net\/wordpress\/wp-json\/wp\/v2\/posts\/440467","targetHints":{"allow":["GET"]}}],"collection":[{"href":"https:\/\/www.radiopiu.net\/wordpress\/wp-json\/wp\/v2\/posts"}],"about":[{"href":"https:\/\/www.radiopiu.net\/wordpress\/wp-json\/wp\/v2\/types\/post"}],"author":[{"embeddable":true,"href":"https:\/\/www.radiopiu.net\/wordpress\/wp-json\/wp\/v2\/users\/4"}],"replies":[{"embeddable":true,"href":"https:\/\/www.radiopiu.net\/wordpress\/wp-json\/wp\/v2\/comments?post=440467"}],"version-history":[{"count":1,"href":"https:\/\/www.radiopiu.net\/wordpress\/wp-json\/wp\/v2\/posts\/440467\/revisions"}],"predecessor-version":[{"id":440469,"href":"https:\/\/www.radiopiu.net\/wordpress\/wp-json\/wp\/v2\/posts\/440467\/revisions\/440469"}],"wp:featuredmedia":[{"embeddable":true,"href":"https:\/\/www.radiopiu.net\/wordpress\/wp-json\/wp\/v2\/media\/440468"}],"wp:attachment":[{"href":"https:\/\/www.radiopiu.net\/wordpress\/wp-json\/wp\/v2\/media?parent=440467"}],"wp:term":[{"taxonomy":"category","embeddable":true,"href":"https:\/\/www.radiopiu.net\/wordpress\/wp-json\/wp\/v2\/categories?post=440467"},{"taxonomy":"post_tag","embeddable":true,"href":"https:\/\/www.radiopiu.net\/wordpress\/wp-json\/wp\/v2\/tags?post=440467"}],"curies":[{"name":"wp","href":"https:\/\/api.w.org\/{rel}","templated":true}]}}