{"id":440479,"date":"2025-03-20T04:40:15","date_gmt":"2025-03-20T03:40:15","guid":{"rendered":"https:\/\/www.radiopiu.net\/wordpress\/?p=440479"},"modified":"2025-03-20T04:54:27","modified_gmt":"2025-03-20T03:54:27","slug":"oggi-il-diamante-di-luce-sul-civetta-ed-e-primavera","status":"publish","type":"post","link":"https:\/\/www.radiopiu.net\/wordpress\/oggi-il-diamante-di-luce-sul-civetta-ed-e-primavera\/","title":{"rendered":"OGGI: Il Diamante di Luce sul Civetta, ED \u00e8 PRIMAVERA"},"content":{"rendered":"<p>^^<\/p>\n<p><strong>DI CLAUDIO PRA<\/strong><\/p>\n<p><img loading=\"lazy\" decoding=\"async\" class=\"alignleft\" src=\"https:\/\/www.radiopiu.net\/wordpress\/wp-content\/uploads\/2025\/03\/7293eebc-ee27-4d39-abde-0f33a906707f-1.jpg\" width=\"180\" height=\"144\" \/>Oggi alle 10.01 si verifica l&#8217;equinozio di primavera, che la tradizione fa slittare al 21 marzo. A confermare la fine dell&#8217;inverno e l&#8217;arrivo della buona stagione ci pensa come sempre il foro equinoziale del monte Civetta, posto tra la Torre d&#8217;Alleghe e la Torre di Valgrande, che fa filtrare per qualche istante la luce solare dando vita ad uno spettacolo sempre suggestivo. Oltre al giorno dell&#8217;equinozio, con opportuni spostamenti, Il fenomeno \u00e8 visibile dal Lungolago di Alleghe anche nelle due giornate precedenti. Quindi gi\u00e0 ieri e oggi, grazie a due splendide giornate, si \u00e8 potuto ammirare e fotografare il raggio equinoziale, come testimonia la foto scattata nella mattinata del 19 marzo. Domani sar\u00e0 dunque l&#8217;ultimo giorno utile, in coincidenza dell&#8217;equinozio. Per vedere il diamante incastonato tra le pareti ci si dovr\u00e0 posizionare nei dietro lo stadio del ghiaccio, all&#8217;inizio del Lungolago. Buona primavera!<\/p>\n<p>&nbsp;<\/p>\n<hr \/>\n<p>&nbsp;<\/p>\n","protected":false},"excerpt":{"rendered":"<p>^^ DI CLAUDIO PRA Oggi alle 10.01 si verifica l&#8217;equinozio di primavera, che la tradizione fa slittare al 21 marzo. A confermare la fine dell&#8217;inverno e l&#8217;arrivo della buona stagione ci pensa come sempre il foro equinoziale del monte Civetta, posto tra la Torre d&#8217;Alleghe e la Torre di Valgrande, che fa filtrare per qualche&hellip;<\/p>\n","protected":false},"author":4,"featured_media":440481,"comment_status":"closed","ping_status":"closed","sticky":false,"template":"","format":"standard","meta":{"_monsterinsights_skip_tracking":false,"_monsterinsights_sitenote_active":false,"_monsterinsights_sitenote_note":"","_monsterinsights_sitenote_category":0,"footnotes":""},"categories":[104,49],"tags":[],"class_list":["post-440479","post","type-post","status-publish","format-standard","has-post-thumbnail","hentry","category-evidenza_3","category-news-18","category-104","category-49","description-off"],"img_url":"https:\/\/www.radiopiu.net\/wordpress\/wp-content\/uploads\/2025\/03\/7293eebc-ee27-4d39-abde-0f33a906707f-1.jpg","_links":{"self":[{"href":"https:\/\/www.radiopiu.net\/wordpress\/wp-json\/wp\/v2\/posts\/440479","targetHints":{"allow":["GET"]}}],"collection":[{"href":"https:\/\/www.radiopiu.net\/wordpress\/wp-json\/wp\/v2\/posts"}],"about":[{"href":"https:\/\/www.radiopiu.net\/wordpress\/wp-json\/wp\/v2\/types\/post"}],"author":[{"embeddable":true,"href":"https:\/\/www.radiopiu.net\/wordpress\/wp-json\/wp\/v2\/users\/4"}],"replies":[{"embeddable":true,"href":"https:\/\/www.radiopiu.net\/wordpress\/wp-json\/wp\/v2\/comments?post=440479"}],"version-history":[{"count":2,"href":"https:\/\/www.radiopiu.net\/wordpress\/wp-json\/wp\/v2\/posts\/440479\/revisions"}],"predecessor-version":[{"id":440595,"href":"https:\/\/www.radiopiu.net\/wordpress\/wp-json\/wp\/v2\/posts\/440479\/revisions\/440595"}],"wp:featuredmedia":[{"embeddable":true,"href":"https:\/\/www.radiopiu.net\/wordpress\/wp-json\/wp\/v2\/media\/440481"}],"wp:attachment":[{"href":"https:\/\/www.radiopiu.net\/wordpress\/wp-json\/wp\/v2\/media?parent=440479"}],"wp:term":[{"taxonomy":"category","embeddable":true,"href":"https:\/\/www.radiopiu.net\/wordpress\/wp-json\/wp\/v2\/categories?post=440479"},{"taxonomy":"post_tag","embeddable":true,"href":"https:\/\/www.radiopiu.net\/wordpress\/wp-json\/wp\/v2\/tags?post=440479"}],"curies":[{"name":"wp","href":"https:\/\/api.w.org\/{rel}","templated":true}]}}