{"id":440487,"date":"2025-03-19T12:11:45","date_gmt":"2025-03-19T11:11:45","guid":{"rendered":"https:\/\/www.radiopiu.net\/wordpress\/?p=440487"},"modified":"2025-03-19T12:11:02","modified_gmt":"2025-03-19T11:11:02","slug":"vivaio-dolomiti-al-fianco-dellazienda-agricola-al-fol-terna-corregga-il-progetto-per-salvaguardare-uneccellenza-del-territorio","status":"publish","type":"post","link":"https:\/\/www.radiopiu.net\/wordpress\/vivaio-dolomiti-al-fianco-dellazienda-agricola-al-fol-terna-corregga-il-progetto-per-salvaguardare-uneccellenza-del-territorio\/","title":{"rendered":"Vivaio Dolomiti al fianco dell\u2019azienda agricola Al Fol: &#8220;Terna corregga il progetto per salvaguardare un\u2019eccellenza del territorio&#8221;"},"content":{"rendered":"<p>**<\/p>\n<p data-start=\"139\" data-end=\"371\"><em><a class=\"dt-pswp-item\" href=\"https:\/\/www.radiopiu.net\/wordpress\/wp-content\/uploads\/2025\/03\/Immagine-2025-03-19-115927.png\" data-dt-img-description=\"\" data-large_image_width=\"181\" data-large_image_height=\"124\"><img loading=\"lazy\" decoding=\"async\" class=\"size-full wp-image-440488 alignleft\" src=\"https:\/\/www.radiopiu.net\/wordpress\/wp-content\/uploads\/2025\/03\/Immagine-2025-03-19-115927.png\" alt=\"\" width=\"181\" height=\"124\" \/><\/a><\/em>Vivaio Dolomiti scende in campo a sostegno dell\u2019azienda agricola Al Fol di Agana di Fonzaso, abbracciando la battaglia della famiglia Slongo contro un progetto che rischia di penalizzare una realt\u00e0 di valore del nostro territorio.<\/p>\n<p data-start=\"373\" data-end=\"721\">Inizialmente, Terna aveva messo a punto un piano ben strutturato, ma l\u2019ultimo traliccio previsto si rivela un errore di progettazione che mette in seria difficolt\u00e0 un\u2019eccellenza agricola locale. Un problema che, con un minimo sforzo, potrebbe essere facilmente risolto con lo spostamento o l\u2019interramento dell\u2019ultimo tratto della linea elettrica.<\/p>\n<p data-start=\"723\" data-end=\"1017\"><em>&#8220;Siamo certi\u00a0 &#8211; dicono da Vivaio Dolomiti &#8211; che la pi\u00f9 grande azienda di trasporto elettrico in Italia non vorr\u00e0 compromettere la propria immagine per una questione cos\u00ec semplice da correggere. In caso contrario, siamo pronti a far sentire la nostra voce e a ricordare che non vale la pena scivolare su una buccia di banana. Lanciamo inoltre un appello al Senatore De Carlo, presidente della Commissione Agricoltura del Senato, da sempre vicino alle istanze dell\u2019agricoltura di montagna, affinch\u00e9 intervenga per tutelare questa realt\u00e0 produttiva e il nostro territorio&#8221;.<\/em><\/p>\n","protected":false},"excerpt":{"rendered":"<p>** Vivaio Dolomiti scende in campo a sostegno dell\u2019azienda agricola Al Fol di Agana di Fonzaso, abbracciando la battaglia della famiglia Slongo contro un progetto che rischia di penalizzare una realt\u00e0 di valore del nostro territorio. Inizialmente, Terna aveva messo a punto un piano ben strutturato, ma l\u2019ultimo traliccio previsto si rivela un errore di&hellip;<\/p>\n","protected":false},"author":4,"featured_media":440488,"comment_status":"closed","ping_status":"closed","sticky":false,"template":"","format":"standard","meta":{"_monsterinsights_skip_tracking":false,"_monsterinsights_sitenote_active":false,"_monsterinsights_sitenote_note":"","_monsterinsights_sitenote_category":0,"footnotes":""},"categories":[49],"tags":[],"class_list":["post-440487","post","type-post","status-publish","format-standard","has-post-thumbnail","hentry","category-news-18","category-49","description-off"],"img_url":"https:\/\/www.radiopiu.net\/wordpress\/wp-content\/uploads\/2025\/03\/Immagine-2025-03-19-115927.png","_links":{"self":[{"href":"https:\/\/www.radiopiu.net\/wordpress\/wp-json\/wp\/v2\/posts\/440487","targetHints":{"allow":["GET"]}}],"collection":[{"href":"https:\/\/www.radiopiu.net\/wordpress\/wp-json\/wp\/v2\/posts"}],"about":[{"href":"https:\/\/www.radiopiu.net\/wordpress\/wp-json\/wp\/v2\/types\/post"}],"author":[{"embeddable":true,"href":"https:\/\/www.radiopiu.net\/wordpress\/wp-json\/wp\/v2\/users\/4"}],"replies":[{"embeddable":true,"href":"https:\/\/www.radiopiu.net\/wordpress\/wp-json\/wp\/v2\/comments?post=440487"}],"version-history":[{"count":1,"href":"https:\/\/www.radiopiu.net\/wordpress\/wp-json\/wp\/v2\/posts\/440487\/revisions"}],"predecessor-version":[{"id":440489,"href":"https:\/\/www.radiopiu.net\/wordpress\/wp-json\/wp\/v2\/posts\/440487\/revisions\/440489"}],"wp:featuredmedia":[{"embeddable":true,"href":"https:\/\/www.radiopiu.net\/wordpress\/wp-json\/wp\/v2\/media\/440488"}],"wp:attachment":[{"href":"https:\/\/www.radiopiu.net\/wordpress\/wp-json\/wp\/v2\/media?parent=440487"}],"wp:term":[{"taxonomy":"category","embeddable":true,"href":"https:\/\/www.radiopiu.net\/wordpress\/wp-json\/wp\/v2\/categories?post=440487"},{"taxonomy":"post_tag","embeddable":true,"href":"https:\/\/www.radiopiu.net\/wordpress\/wp-json\/wp\/v2\/tags?post=440487"}],"curies":[{"name":"wp","href":"https:\/\/api.w.org\/{rel}","templated":true}]}}