{"id":440510,"date":"2025-03-19T14:24:48","date_gmt":"2025-03-19T13:24:48","guid":{"rendered":"https:\/\/www.radiopiu.net\/wordpress\/?p=440510"},"modified":"2025-03-19T14:24:48","modified_gmt":"2025-03-19T13:24:48","slug":"sib-apre-gli-impianti-sabato-22-e-domenica-23-marzo-visite-guidate-alla-sorgente-val-clusa-e-al-depuratore-di-feltre","status":"publish","type":"post","link":"https:\/\/www.radiopiu.net\/wordpress\/sib-apre-gli-impianti-sabato-22-e-domenica-23-marzo-visite-guidate-alla-sorgente-val-clusa-e-al-depuratore-di-feltre\/","title":{"rendered":"SIB APRE GLI IMPIANTI SABATO 22 E DOMENICA 23 MARZO: VISITE GUIDATE ALLA SORGENTE VAL CLUSA E AL DEPURATORE DI FELTRE"},"content":{"rendered":"<p>*****<\/p>\n<p>&nbsp;<\/p>\n<p><strong>BELLUNO <\/strong>In occasione della Giornata Mondiale dell\u2019Acqua, che si celebra ogni anno il 22 marzo, Servizi Integrati Bellunesi propone per il prossimo weekend Impianti aperti, l\u2019evento dedicato ai cittadini che desiderano conoscere da vicino il processo che permette all&#8217;acqua di uscire potabile dai rubinetti di casa e di ritornare, dopo l&#8217;utilizzo, pulita in ambiente.\u00a0 La societ\u00e0, nata dalla fusione di Bim Gsp e Bim Belluno Infrastrutture, sabato 22 e domenica 23 marzo aprir\u00e0 al pubblico la sorgente della Val Clusa: situata in Comune di La Valle Agordina, \u00e8 una delle quattro fonti di approvvigionamento del principale acquedotto della provincia di Belluno, a servizio di 50mila abitanti residenti nei comuni di Sospirolo, Sedico, Belluno, Limana, Borgo Valbelluna, Setteville, Segusino e Valdobbiadene. Il ritrovo per i partecipanti \u00e8 in localit\u00e0 La Stanga, al parcheggio situato all\u2019imbocco del sentiero per il Rifugio Bianchet (km 17 della S.R. 203 Agordina): sono gi\u00e0 sold out i turni delle ore 10:00 e delle 14:30 di sabato, mentre \u00e8 ancora possibile registrarsi alle visite delle ore 12:30 (sempre di sabato) e delle ore 10:00 di domenica. Per ciascuna fascia oraria sar\u00e0 attivo il servizio navetta. Domenica 23 sar\u00e0 aperto al pubblico anche il depuratore di Feltre, impianto che tratta circa 20mila cubi al giorno di acque reflue e a servizio delle utenze di Feltre (inclusa Birreria Castello), Pedavena e Seren del Grappa. Il ritrovo per gli iscritti all\u2019evento sar\u00e0 davanti alla stazione ferroviaria di Feltre, alle ore 10:00 e alle 11:30, con disponibilit\u00e0 anche in questo caso del servizio navetta. In caso di maltempo le visite saranno rinviate al 29 e 30 marzo: la comunicazione verr\u00e0 data tramite sito e le pagine social di SIB. La partecipazione \u00e8 gratuita, ma \u00e8 importante prenotare il proprio posto registrandosi tramite form presente nel sito <a href=\"http:\/\/www.sibspa.it\">www.sibspa.it<\/a> entro le ore 12:00 di venerd\u00ec 21 marzo. \u201cQuesti giornate di apertura degli impianti &#8211; spiega Attilio Sommavilla, presidente di SIB spa \u2013 ci permettono non solo di far conoscere meglio l\u2019attivit\u00e0 che svolgiamo tutti i giorni dell\u2019anno per garantire acqua potabile dai rubinetti di casa e acqua pulita restituita in ambiente, ma anche di sensibilizzare i cittadini sul ruolo che ogni singolo ha nello sviluppo sostenibile dei territori. Quest\u2019anno la Giornata Mondiale dell\u2019Acqua \u00e8 dedicata alla salvaguardia dei ghiacciai, elementi essenziali per la vita, l&#8217;acqua potabile, l&#8217;agricoltura, l&#8217;industria, la produzione di energia pulita e gli ecosistemi. Nel 2023, a causa dell\u2019innalzamento globale delle temperature, queste importanti riserve naturali hanno perso pi\u00f9 di 600 gigatonnellate di acqua, la pi\u00f9 grande perdita di massa registrata negli ultimi 50 anni: serve, quindi, un impegno collettivo per ridurre gli impatti sull\u2019ambiente e proteggere i ghiacciai, perch\u00e9 \u00e8 proprio da queste importanti risorse che dipende il futuro nostro e del pianeta\u201d.<\/p>\n\n\t\t\t<style type='text\/css'>\n\t\t\t\t#gallery-1 {\n\t\t\t\t\tmargin: auto;\n\t\t\t\t}\n\t\t\t\t#gallery-1 .gallery-item {\n\t\t\t\t\tfloat: left;\n\t\t\t\t\tmargin-top: 10px;\n\t\t\t\t\ttext-align: center;\n\t\t\t\t\twidth: 33%;\n\t\t\t\t}\n\t\t\t\t#gallery-1 img {\n\t\t\t\t\tborder: 2px solid #cfcfcf;\n\t\t\t\t}\n\t\t\t\t#gallery-1 .gallery-caption {\n\t\t\t\t\tmargin-left: 0;\n\t\t\t\t}\n\t\t\t\t\/* see gallery_shortcode() in wp-includes\/media.php *\/\n\t\t\t<\/style>\n\t\t<div id='gallery-1' class='dt-gallery-container gallery galleryid-440510 gallery-columns-3 gallery-size-medium'><dl class='gallery-item'>\n\t\t\t\t<dt class='gallery-icon landscape'>\n\t\t\t\t\t<a class=\"rollover rollover-zoom dt-pswp-item\" title=\"1_Sorgente_Val_Clusa\" data-dt-img-description=\"\" data-large_image_width=\"1134\" data-large_image_height=\"850\"href='https:\/\/www.radiopiu.net\/wordpress\/wp-content\/uploads\/2025\/03\/1_Sorgente_Val_Clusa.jpg'><img loading=\"lazy\" decoding=\"async\" width=\"300\" height=\"225\" src=\"https:\/\/www.radiopiu.net\/wordpress\/wp-content\/uploads\/2025\/03\/1_Sorgente_Val_Clusa-300x225.jpg\" class=\"attachment-medium size-medium\" alt=\"\" srcset=\"https:\/\/www.radiopiu.net\/wordpress\/wp-content\/uploads\/2025\/03\/1_Sorgente_Val_Clusa-300x225.jpg 300w, https:\/\/www.radiopiu.net\/wordpress\/wp-content\/uploads\/2025\/03\/1_Sorgente_Val_Clusa-1024x768.jpg 1024w, https:\/\/www.radiopiu.net\/wordpress\/wp-content\/uploads\/2025\/03\/1_Sorgente_Val_Clusa-768x576.jpg 768w, https:\/\/www.radiopiu.net\/wordpress\/wp-content\/uploads\/2025\/03\/1_Sorgente_Val_Clusa.jpg 1134w\" sizes=\"auto, (max-width: 300px) 100vw, 300px\" \/><\/a>\n\t\t\t\t<\/dt><\/dl><dl class='gallery-item'>\n\t\t\t\t<dt class='gallery-icon landscape'>\n\t\t\t\t\t<a class=\"rollover rollover-zoom dt-pswp-item\" title=\"2_Interno_galleria_ValClusa\" data-dt-img-description=\"\" data-large_image_width=\"1134\" data-large_image_height=\"638\"href='https:\/\/www.radiopiu.net\/wordpress\/wp-content\/uploads\/2025\/03\/2_Interno_galleria_ValClusa.jpg'><img loading=\"lazy\" decoding=\"async\" width=\"300\" height=\"169\" src=\"https:\/\/www.radiopiu.net\/wordpress\/wp-content\/uploads\/2025\/03\/2_Interno_galleria_ValClusa-300x169.jpg\" class=\"attachment-medium size-medium\" alt=\"\" srcset=\"https:\/\/www.radiopiu.net\/wordpress\/wp-content\/uploads\/2025\/03\/2_Interno_galleria_ValClusa-300x169.jpg 300w, https:\/\/www.radiopiu.net\/wordpress\/wp-content\/uploads\/2025\/03\/2_Interno_galleria_ValClusa-1024x576.jpg 1024w, https:\/\/www.radiopiu.net\/wordpress\/wp-content\/uploads\/2025\/03\/2_Interno_galleria_ValClusa-768x432.jpg 768w, https:\/\/www.radiopiu.net\/wordpress\/wp-content\/uploads\/2025\/03\/2_Interno_galleria_ValClusa.jpg 1134w\" sizes=\"auto, (max-width: 300px) 100vw, 300px\" \/><\/a>\n\t\t\t\t<\/dt><\/dl><dl class='gallery-item'>\n\t\t\t\t<dt class='gallery-icon landscape'>\n\t\t\t\t\t<a class=\"rollover rollover-zoom dt-pswp-item\" title=\"3_Depuratore_Feltre\" data-dt-img-description=\"\" data-large_image_width=\"2048\" data-large_image_height=\"1536\"href='https:\/\/www.radiopiu.net\/wordpress\/wp-content\/uploads\/2025\/03\/3_Depuratore_Feltre.jpg'><img loading=\"lazy\" decoding=\"async\" width=\"300\" height=\"225\" src=\"https:\/\/www.radiopiu.net\/wordpress\/wp-content\/uploads\/2025\/03\/3_Depuratore_Feltre-300x225.jpg\" class=\"attachment-medium size-medium\" alt=\"\" srcset=\"https:\/\/www.radiopiu.net\/wordpress\/wp-content\/uploads\/2025\/03\/3_Depuratore_Feltre-300x225.jpg 300w, https:\/\/www.radiopiu.net\/wordpress\/wp-content\/uploads\/2025\/03\/3_Depuratore_Feltre-1024x768.jpg 1024w, https:\/\/www.radiopiu.net\/wordpress\/wp-content\/uploads\/2025\/03\/3_Depuratore_Feltre-768x576.jpg 768w, https:\/\/www.radiopiu.net\/wordpress\/wp-content\/uploads\/2025\/03\/3_Depuratore_Feltre-1536x1152.jpg 1536w, https:\/\/www.radiopiu.net\/wordpress\/wp-content\/uploads\/2025\/03\/3_Depuratore_Feltre.jpg 2048w\" sizes=\"auto, (max-width: 300px) 100vw, 300px\" \/><\/a>\n\t\t\t\t<\/dt><\/dl><br style=\"clear: both\" \/>\n\t\t\t<\/div>\n\n<p>&nbsp;<\/p>\n<p>&nbsp;<\/p>\n<p>*********<\/p>\n","protected":false},"excerpt":{"rendered":"<p>***** &nbsp; BELLUNO In occasione della Giornata Mondiale dell\u2019Acqua, che si celebra ogni anno il 22 marzo, Servizi Integrati Bellunesi propone per il prossimo weekend Impianti aperti, l\u2019evento dedicato ai cittadini che desiderano conoscere da vicino il processo che permette all&#8217;acqua di uscire potabile dai rubinetti di casa e di ritornare, dopo l&#8217;utilizzo, pulita in&hellip;<\/p>\n","protected":false},"author":4,"featured_media":440512,"comment_status":"closed","ping_status":"closed","sticky":false,"template":"","format":"standard","meta":{"_monsterinsights_skip_tracking":false,"_monsterinsights_sitenote_active":false,"_monsterinsights_sitenote_note":"","_monsterinsights_sitenote_category":0,"footnotes":""},"categories":[49],"tags":[],"class_list":["post-440510","post","type-post","status-publish","format-standard","has-post-thumbnail","hentry","category-news-18","category-49","description-off"],"img_url":"https:\/\/www.radiopiu.net\/wordpress\/wp-content\/uploads\/2025\/03\/2_Interno_galleria_ValClusa.jpg","_links":{"self":[{"href":"https:\/\/www.radiopiu.net\/wordpress\/wp-json\/wp\/v2\/posts\/440510","targetHints":{"allow":["GET"]}}],"collection":[{"href":"https:\/\/www.radiopiu.net\/wordpress\/wp-json\/wp\/v2\/posts"}],"about":[{"href":"https:\/\/www.radiopiu.net\/wordpress\/wp-json\/wp\/v2\/types\/post"}],"author":[{"embeddable":true,"href":"https:\/\/www.radiopiu.net\/wordpress\/wp-json\/wp\/v2\/users\/4"}],"replies":[{"embeddable":true,"href":"https:\/\/www.radiopiu.net\/wordpress\/wp-json\/wp\/v2\/comments?post=440510"}],"version-history":[{"count":1,"href":"https:\/\/www.radiopiu.net\/wordpress\/wp-json\/wp\/v2\/posts\/440510\/revisions"}],"predecessor-version":[{"id":440514,"href":"https:\/\/www.radiopiu.net\/wordpress\/wp-json\/wp\/v2\/posts\/440510\/revisions\/440514"}],"wp:featuredmedia":[{"embeddable":true,"href":"https:\/\/www.radiopiu.net\/wordpress\/wp-json\/wp\/v2\/media\/440512"}],"wp:attachment":[{"href":"https:\/\/www.radiopiu.net\/wordpress\/wp-json\/wp\/v2\/media?parent=440510"}],"wp:term":[{"taxonomy":"category","embeddable":true,"href":"https:\/\/www.radiopiu.net\/wordpress\/wp-json\/wp\/v2\/categories?post=440510"},{"taxonomy":"post_tag","embeddable":true,"href":"https:\/\/www.radiopiu.net\/wordpress\/wp-json\/wp\/v2\/tags?post=440510"}],"curies":[{"name":"wp","href":"https:\/\/api.w.org\/{rel}","templated":true}]}}