{"id":440569,"date":"2025-03-19T17:43:22","date_gmt":"2025-03-19T16:43:22","guid":{"rendered":"https:\/\/www.radiopiu.net\/wordpress\/?p=440569"},"modified":"2025-03-19T17:43:22","modified_gmt":"2025-03-19T16:43:22","slug":"dillo-a-radio-piu-rifiuti-abbandonati-alla-corte-agordina","status":"publish","type":"post","link":"https:\/\/www.radiopiu.net\/wordpress\/dillo-a-radio-piu-rifiuti-abbandonati-alla-corte-agordina\/","title":{"rendered":"DILLO A RADIO PIU&#8217;&#8230;RIFIUTI ABBANDONATI ALLA CORTE AGORDINA"},"content":{"rendered":"<p>******<\/p>\n<p>&nbsp;<\/p>\n<p><strong>RICEVIAMO E PUBBLICHIAMO<\/strong><\/p>\n<p>Ma \u00e8 mai possibile che ci sia gente che si ostina a trasformare le nostre strade e il bene pubblico in discariche? Questo \u00e8 l&#8217;ennesimo abbandono di rifiuti lasciato tranquillamente all&#8217;ingresso della Corte Agordina, e rimarr\u00e0 l\u00ec finch\u00e9, forse domani o forse venerd\u00ec, passer\u00e0 qualcuno a svuotare il bidone, che \u00e8 dedicato esclusivamente ai piccoli rifiuti, e non certo a questo materiale che andrebbe conferito nel secco o in discarica. Non c&#8217;\u00e8 alcun rispetto per la propriet\u00e0 altrui, sia essa pubblica o privata.<\/p>\n<p>MG<\/p>\n\n\t\t\t<style type='text\/css'>\n\t\t\t\t#gallery-1 {\n\t\t\t\t\tmargin: auto;\n\t\t\t\t}\n\t\t\t\t#gallery-1 .gallery-item {\n\t\t\t\t\tfloat: left;\n\t\t\t\t\tmargin-top: 10px;\n\t\t\t\t\ttext-align: center;\n\t\t\t\t\twidth: 50%;\n\t\t\t\t}\n\t\t\t\t#gallery-1 img {\n\t\t\t\t\tborder: 2px solid #cfcfcf;\n\t\t\t\t}\n\t\t\t\t#gallery-1 .gallery-caption {\n\t\t\t\t\tmargin-left: 0;\n\t\t\t\t}\n\t\t\t\t\/* see gallery_shortcode() in wp-includes\/media.php *\/\n\t\t\t<\/style>\n\t\t<div id='gallery-1' class='dt-gallery-container gallery galleryid-440569 gallery-columns-2 gallery-size-medium'><dl class='gallery-item'>\n\t\t\t\t<dt class='gallery-icon portrait'>\n\t\t\t\t\t<a class=\"rollover rollover-zoom dt-pswp-item\" title=\"fc3f8078-6301-41ce-a68b-50e89d405488\" data-dt-img-description=\"\" data-large_image_width=\"900\" data-large_image_height=\"2000\"href='https:\/\/www.radiopiu.net\/wordpress\/wp-content\/uploads\/2025\/03\/fc3f8078-6301-41ce-a68b-50e89d405488.jpg'><img loading=\"lazy\" decoding=\"async\" width=\"135\" height=\"300\" src=\"https:\/\/www.radiopiu.net\/wordpress\/wp-content\/uploads\/2025\/03\/fc3f8078-6301-41ce-a68b-50e89d405488-135x300.jpg\" class=\"attachment-medium size-medium\" alt=\"\" srcset=\"https:\/\/www.radiopiu.net\/wordpress\/wp-content\/uploads\/2025\/03\/fc3f8078-6301-41ce-a68b-50e89d405488-135x300.jpg 135w, https:\/\/www.radiopiu.net\/wordpress\/wp-content\/uploads\/2025\/03\/fc3f8078-6301-41ce-a68b-50e89d405488-461x1024.jpg 461w, https:\/\/www.radiopiu.net\/wordpress\/wp-content\/uploads\/2025\/03\/fc3f8078-6301-41ce-a68b-50e89d405488-768x1707.jpg 768w, https:\/\/www.radiopiu.net\/wordpress\/wp-content\/uploads\/2025\/03\/fc3f8078-6301-41ce-a68b-50e89d405488-691x1536.jpg 691w, https:\/\/www.radiopiu.net\/wordpress\/wp-content\/uploads\/2025\/03\/fc3f8078-6301-41ce-a68b-50e89d405488.jpg 900w\" sizes=\"auto, (max-width: 135px) 100vw, 135px\" \/><\/a>\n\t\t\t\t<\/dt><\/dl><dl class='gallery-item'>\n\t\t\t\t<dt class='gallery-icon portrait'>\n\t\t\t\t\t<a class=\"rollover rollover-zoom dt-pswp-item\" title=\"bc08159d-c7ec-4a2d-8a46-4eef47188e20\" data-dt-img-description=\"\" data-large_image_width=\"900\" data-large_image_height=\"2000\"href='https:\/\/www.radiopiu.net\/wordpress\/wp-content\/uploads\/2025\/03\/bc08159d-c7ec-4a2d-8a46-4eef47188e20.jpg'><img loading=\"lazy\" decoding=\"async\" width=\"135\" height=\"300\" src=\"https:\/\/www.radiopiu.net\/wordpress\/wp-content\/uploads\/2025\/03\/bc08159d-c7ec-4a2d-8a46-4eef47188e20-135x300.jpg\" class=\"attachment-medium size-medium\" alt=\"\" srcset=\"https:\/\/www.radiopiu.net\/wordpress\/wp-content\/uploads\/2025\/03\/bc08159d-c7ec-4a2d-8a46-4eef47188e20-135x300.jpg 135w, https:\/\/www.radiopiu.net\/wordpress\/wp-content\/uploads\/2025\/03\/bc08159d-c7ec-4a2d-8a46-4eef47188e20-461x1024.jpg 461w, https:\/\/www.radiopiu.net\/wordpress\/wp-content\/uploads\/2025\/03\/bc08159d-c7ec-4a2d-8a46-4eef47188e20-768x1707.jpg 768w, https:\/\/www.radiopiu.net\/wordpress\/wp-content\/uploads\/2025\/03\/bc08159d-c7ec-4a2d-8a46-4eef47188e20-691x1536.jpg 691w, https:\/\/www.radiopiu.net\/wordpress\/wp-content\/uploads\/2025\/03\/bc08159d-c7ec-4a2d-8a46-4eef47188e20.jpg 900w\" sizes=\"auto, (max-width: 135px) 100vw, 135px\" \/><\/a>\n\t\t\t\t<\/dt><\/dl><br style=\"clear: both\" \/>\n\t\t\t<\/div>\n\n<p>&nbsp;<\/p>\n<p>&nbsp;<\/p>\n<p>**********<\/p>\n","protected":false},"excerpt":{"rendered":"<p>****** &nbsp; RICEVIAMO E PUBBLICHIAMO Ma \u00e8 mai possibile che ci sia gente che si ostina a trasformare le nostre strade e il bene pubblico in discariche? Questo \u00e8 l&#8217;ennesimo abbandono di rifiuti lasciato tranquillamente all&#8217;ingresso della Corte Agordina, e rimarr\u00e0 l\u00ec finch\u00e9, forse domani o forse venerd\u00ec, passer\u00e0 qualcuno a svuotare il bidone, che&hellip;<\/p>\n","protected":false},"author":4,"featured_media":440572,"comment_status":"closed","ping_status":"closed","sticky":false,"template":"","format":"standard","meta":{"_monsterinsights_skip_tracking":false,"_monsterinsights_sitenote_active":false,"_monsterinsights_sitenote_note":"","_monsterinsights_sitenote_category":0,"footnotes":""},"categories":[49],"tags":[],"class_list":["post-440569","post","type-post","status-publish","format-standard","has-post-thumbnail","hentry","category-news-18","category-49","description-off"],"img_url":"https:\/\/www.radiopiu.net\/wordpress\/wp-content\/uploads\/2025\/03\/LJGYOIHBASGUI.jpg","_links":{"self":[{"href":"https:\/\/www.radiopiu.net\/wordpress\/wp-json\/wp\/v2\/posts\/440569","targetHints":{"allow":["GET"]}}],"collection":[{"href":"https:\/\/www.radiopiu.net\/wordpress\/wp-json\/wp\/v2\/posts"}],"about":[{"href":"https:\/\/www.radiopiu.net\/wordpress\/wp-json\/wp\/v2\/types\/post"}],"author":[{"embeddable":true,"href":"https:\/\/www.radiopiu.net\/wordpress\/wp-json\/wp\/v2\/users\/4"}],"replies":[{"embeddable":true,"href":"https:\/\/www.radiopiu.net\/wordpress\/wp-json\/wp\/v2\/comments?post=440569"}],"version-history":[{"count":1,"href":"https:\/\/www.radiopiu.net\/wordpress\/wp-json\/wp\/v2\/posts\/440569\/revisions"}],"predecessor-version":[{"id":440573,"href":"https:\/\/www.radiopiu.net\/wordpress\/wp-json\/wp\/v2\/posts\/440569\/revisions\/440573"}],"wp:featuredmedia":[{"embeddable":true,"href":"https:\/\/www.radiopiu.net\/wordpress\/wp-json\/wp\/v2\/media\/440572"}],"wp:attachment":[{"href":"https:\/\/www.radiopiu.net\/wordpress\/wp-json\/wp\/v2\/media?parent=440569"}],"wp:term":[{"taxonomy":"category","embeddable":true,"href":"https:\/\/www.radiopiu.net\/wordpress\/wp-json\/wp\/v2\/categories?post=440569"},{"taxonomy":"post_tag","embeddable":true,"href":"https:\/\/www.radiopiu.net\/wordpress\/wp-json\/wp\/v2\/tags?post=440569"}],"curies":[{"name":"wp","href":"https:\/\/api.w.org\/{rel}","templated":true}]}}