{"id":440768,"date":"2025-03-22T05:40:21","date_gmt":"2025-03-22T04:40:21","guid":{"rendered":"https:\/\/www.radiopiu.net\/wordpress\/?p=440768"},"modified":"2025-03-22T08:36:47","modified_gmt":"2025-03-22T07:36:47","slug":"giornale-radiopiu-22-marzo-2025-direttore-mirko-mezzacasa","status":"publish","type":"post","link":"https:\/\/www.radiopiu.net\/wordpress\/giornale-radiopiu-22-marzo-2025-direttore-mirko-mezzacasa\/","title":{"rendered":"GIORNALE RADIOPIU 22 MARZO 2025 DIRETTORE MIRKO MEZZACASA"},"content":{"rendered":"<p>*********<\/p>\n<p>&nbsp;<\/p>\n<p><em><span style=\"color: #ff0000;\"><a class=\"dt-pswp-item\" href=\"https:\/\/www.radiopiu.net\/wordpress\/wp-content\/uploads\/2024\/10\/Senza-nome-8.png\" data-dt-img-description=\"\" data-large_image_width=\"343\" data-large_image_height=\"303\"><img loading=\"lazy\" decoding=\"async\" class=\"wp-image-412130 alignleft\" src=\"https:\/\/www.radiopiu.net\/wordpress\/wp-content\/uploads\/2024\/10\/Senza-nome-8-300x265.png\" alt=\"\" width=\"105\" height=\"93\" srcset=\"https:\/\/www.radiopiu.net\/wordpress\/wp-content\/uploads\/2024\/10\/Senza-nome-8-300x265.png 300w, https:\/\/www.radiopiu.net\/wordpress\/wp-content\/uploads\/2024\/10\/Senza-nome-8.png 343w\" sizes=\"auto, (max-width: 105px) 100vw, 105px\" \/><\/a><\/span><\/em><strong><em><span style=\"color: #ff0000;\"> LA\u00a0 APP PER IOS-IPHONE di Nicola Vettorello<\/span><\/em><\/strong><\/p>\n<p><strong><span style=\"color: #0000ff;\"><a style=\"color: #0000ff;\" href=\"https:\/\/apps.apple.com\/it\/app\/radio-pi%C3%B9-emittente-agordina\/id1515939845\">https:\/\/apps.apple.com\/it\/app\/radio-pi%C3%B9-emittente-agordina\/id1515939845<\/a><\/span><\/strong><\/p>\n<p><strong><em style=\"color: #ff0000;\">LA\u00a0 APP RADIO\u00a0 PER ANDROID di Nicola Vettorello<\/em><\/strong><\/p>\n<p><strong><span style=\"color: #0000ff;\"><a style=\"color: #0000ff;\" href=\"https:\/\/play.google.com\/store\/apps\/details?id=net.radiopiu.iniko\" target=\"_blank\" rel=\"noopener noreferrer\">https:\/\/<\/a><a style=\"color: #0000ff;\" href=\"https:\/\/play.google.com\/store\/apps\/details?id=net.radiopiu.iniko\" target=\"_blank\" rel=\"noopener noreferrer\">play.google.com\/store\/apps\/details?id=net.radiopiu.iniko\u00a0\u00a0\u00a0\u00a0<\/a><\/span><\/strong><\/p>\n<h1 style=\"text-align: center;\"><\/h1>\n<p>&nbsp;<\/p>\n<p>&nbsp;<\/p>\n<hr \/>\n<p>&nbsp;<\/p>\n<p><span style=\"color: #0000ff;\"><strong><a class=\"dt-pswp-item\" href=\"https:\/\/www.radiopiu.net\/wordpress\/wp-content\/uploads\/2025\/03\/orti-rupestri-santomaso.png\" data-dt-img-description=\"\" data-large_image_width=\"720\" data-large_image_height=\"527\"><img loading=\"lazy\" decoding=\"async\" class=\" wp-image-439718 alignleft\" src=\"https:\/\/www.radiopiu.net\/wordpress\/wp-content\/uploads\/2025\/03\/orti-rupestri-santomaso-300x220.png\" alt=\"\" width=\"179\" height=\"131\" srcset=\"https:\/\/www.radiopiu.net\/wordpress\/wp-content\/uploads\/2025\/03\/orti-rupestri-santomaso-300x220.png 300w, https:\/\/www.radiopiu.net\/wordpress\/wp-content\/uploads\/2025\/03\/orti-rupestri-santomaso.png 720w\" sizes=\"auto, (max-width: 179px) 100vw, 179px\" \/><\/a>OGGI <\/strong>\u00a0<\/span>\u00a0 <strong>\u00a009.00<\/strong>\u00a0 PREMIER LE NOVITA&#8217; MUSICALI DI MARCO GAZ<\/p>\n<p><strong>10 10 <span style=\"color: #ff0000;\">HOCKEY&#8230; PER I PIU&#8217; GIOVANI CON ALBERTO FONTANIVE E MATHIAS LEVIS<\/span><\/strong><\/p>\n<p><strong>10.30 LA RASSEGNA STAMPA DA L&#8217;AMICO DEL POPOLO, DI GIANNI SANTOMASO OSPITI: CRISTINA SELLE, ALICE LAZZARO, LIANA CAVALLET\u00a0 <\/strong><span class=\"transfer_display_name\">\u00a0<strong>12.30<\/strong> IL GIORNALE RADIO EDIZIONE PRINCIPALE \u00a0<\/span><strong>14.00 ELETTROCHOC IL PROGRAMMA DI DJ JACK CON LA MUSICA CHE BATTE 15.00 <\/strong>LA CLASSIFICA UFFICIALE DI RADIOPIU, UN PROGRAMMA DI MARCO GAZ \u00a0\u00a0<b>16.45 <\/b>HIT PARADE STORY, LA STORIA DELLA MUSICA RACCONTATA QUOTIDIANAMENTE DA MIRCO BENCIVENNI<\/p>\n<p><span style=\"color: #ff0000;\"><strong>OGGI, CON MARINA DONA&#8217; RADIO PIU&#8217; PORTERA&#8217; I SUI MICROFONI A SAN TOMASO-CELAT, SEDE DI ORTI RUPESTRI (FOTO)<\/strong><br \/>\n<\/span><\/p>\n<p><strong>DI MIRKO MEZZACASA<\/strong><\/p>\n<p><strong>OSPITI: Renato Da Ronch e Luca Pessot<\/strong><\/p>\n<audio class=\"wp-audio-shortcode\" id=\"audio-440768-1\" preload=\"none\" style=\"width: 100%;\" controls=\"controls\"><source type=\"audio\/mpeg\" src=\"https:\/\/www.radiopiu.net\/wordpress\/wp-content\/uploads\/2025\/03\/RENATO-DA-RONCH_LUCA-PESSOT.mp3?_=1\" \/><a href=\"https:\/\/www.radiopiu.net\/wordpress\/wp-content\/uploads\/2025\/03\/RENATO-DA-RONCH_LUCA-PESSOT.mp3\">https:\/\/www.radiopiu.net\/wordpress\/wp-content\/uploads\/2025\/03\/RENATO-DA-RONCH_LUCA-PESSOT.mp3<\/a><\/audio>\n<p>&nbsp;<\/p>\n<hr \/>\n<p>&nbsp;<\/p>\n<p>&nbsp;<\/p>\n<div class=\"x11i5rnm xat24cr x1mh8g0r x1vvkbs xtlvy1s x126k92a\">\n<div dir=\"auto\">\n<div dir=\"auto\">\n<p><strong><a class=\"dt-pswp-item\" href=\"https:\/\/www.radiopiu.net\/wordpress\/wp-content\/uploads\/2024\/02\/2d44e751-d8a8-461b-8e22-d8e4e853b032.jpg\" data-dt-img-description=\"\" data-large_image_width=\"1600\" data-large_image_height=\"1200\"><img loading=\"lazy\" decoding=\"async\" class=\"wp-image-373307 alignleft\" src=\"https:\/\/www.radiopiu.net\/wordpress\/wp-content\/uploads\/2024\/02\/2d44e751-d8a8-461b-8e22-d8e4e853b032-300x225.jpg\" alt=\"\" width=\"105\" height=\"79\" srcset=\"https:\/\/www.radiopiu.net\/wordpress\/wp-content\/uploads\/2024\/02\/2d44e751-d8a8-461b-8e22-d8e4e853b032-300x225.jpg 300w, https:\/\/www.radiopiu.net\/wordpress\/wp-content\/uploads\/2024\/02\/2d44e751-d8a8-461b-8e22-d8e4e853b032-1024x768.jpg 1024w, https:\/\/www.radiopiu.net\/wordpress\/wp-content\/uploads\/2024\/02\/2d44e751-d8a8-461b-8e22-d8e4e853b032-768x576.jpg 768w, https:\/\/www.radiopiu.net\/wordpress\/wp-content\/uploads\/2024\/02\/2d44e751-d8a8-461b-8e22-d8e4e853b032-1536x1152.jpg 1536w, https:\/\/www.radiopiu.net\/wordpress\/wp-content\/uploads\/2024\/02\/2d44e751-d8a8-461b-8e22-d8e4e853b032.jpg 1600w\" sizes=\"auto, (max-width: 105px) 100vw, 105px\" \/><\/a>EL BAL DEL FIOR, DI GIULIANA DA RONCH, 22 MARZO<\/strong><strong> 2025<\/strong><\/p>\n<p>&nbsp;<\/p>\n<audio class=\"wp-audio-shortcode\" id=\"audio-440768-2\" preload=\"none\" style=\"width: 100%;\" controls=\"controls\"><source type=\"audio\/mpeg\" src=\"https:\/\/www.radiopiu.net\/wordpress\/wp-content\/uploads\/2025\/03\/GSA-2.mp3?_=2\" \/><a href=\"https:\/\/www.radiopiu.net\/wordpress\/wp-content\/uploads\/2025\/03\/GSA-2.mp3\">https:\/\/www.radiopiu.net\/wordpress\/wp-content\/uploads\/2025\/03\/GSA-2.mp3<\/a><\/audio>\n<p>&nbsp;<\/p>\n<hr \/>\n<p>&nbsp;<\/p>\n<p>&nbsp;<\/p>\n<\/div>\n<\/div>\n<\/div>\n<div class=\"x11i5rnm xat24cr x1mh8g0r x1vvkbs xtlvy1s x126k92a\">\n<blockquote>\n<h1><strong><a class=\"dt-pswp-item\" href=\"https:\/\/www.radiopiu.net\/wordpress\/wp-content\/uploads\/2024\/10\/629301fd-708d-4f53-95c2-d28cbefd500f.jpg\" data-dt-img-description=\"\" data-large_image_width=\"1600\" data-large_image_height=\"1322\"><img loading=\"lazy\" decoding=\"async\" class=\"wp-image-413782 alignright\" src=\"https:\/\/www.radiopiu.net\/wordpress\/wp-content\/uploads\/2024\/10\/629301fd-708d-4f53-95c2-d28cbefd500f-300x248.jpg\" alt=\"\" width=\"106\" height=\"88\" srcset=\"https:\/\/www.radiopiu.net\/wordpress\/wp-content\/uploads\/2024\/10\/629301fd-708d-4f53-95c2-d28cbefd500f-300x248.jpg 300w, https:\/\/www.radiopiu.net\/wordpress\/wp-content\/uploads\/2024\/10\/629301fd-708d-4f53-95c2-d28cbefd500f-1024x846.jpg 1024w, https:\/\/www.radiopiu.net\/wordpress\/wp-content\/uploads\/2024\/10\/629301fd-708d-4f53-95c2-d28cbefd500f-768x635.jpg 768w, https:\/\/www.radiopiu.net\/wordpress\/wp-content\/uploads\/2024\/10\/629301fd-708d-4f53-95c2-d28cbefd500f-1536x1269.jpg 1536w, https:\/\/www.radiopiu.net\/wordpress\/wp-content\/uploads\/2024\/10\/629301fd-708d-4f53-95c2-d28cbefd500f.jpg 1600w\" sizes=\"auto, (max-width: 106px) 100vw, 106px\" \/><\/a><\/strong><\/h1>\n<h1><strong><a class=\"dt-pswp-item\" href=\"https:\/\/www.radiopiu.net\/wordpress\/wp-content\/uploads\/2024\/11\/th-18.jpg\" data-dt-img-description=\"\" data-large_image_width=\"156\" data-large_image_height=\"180\"><img loading=\"lazy\" decoding=\"async\" class=\"size-full wp-image-421611 alignleft\" src=\"https:\/\/www.radiopiu.net\/wordpress\/wp-content\/uploads\/2024\/11\/th-18.jpg\" alt=\"\" width=\"156\" height=\"180\" \/><\/a><\/strong><\/h1>\n<h1><strong>N di parom &#8211; L Almanach de la nosta jent<\/strong><\/h1>\n<\/blockquote>\n<p>&nbsp;<\/p>\n<p>Le voci: Davide Conedera, Agordo, Michela Dell&#8217;Osbel, La Valle Agordina Simone Ganz, Falcade Veronica Lezuo, Colle Santa Lucia. La voce nella sigla \u00e8 di Giorgia Taio<\/p>\n<p><strong>LA PUNTATA DI OGGI, 22 MARZO 2025<\/strong><\/p>\n<p>&nbsp;<\/p>\n<audio class=\"wp-audio-shortcode\" id=\"audio-440768-3\" preload=\"none\" style=\"width: 100%;\" controls=\"controls\"><source type=\"audio\/mpeg\" src=\"https:\/\/www.radiopiu.net\/wordpress\/wp-content\/uploads\/2025\/03\/AL6-2.mp3?_=3\" \/><a href=\"https:\/\/www.radiopiu.net\/wordpress\/wp-content\/uploads\/2025\/03\/AL6-2.mp3\">https:\/\/www.radiopiu.net\/wordpress\/wp-content\/uploads\/2025\/03\/AL6-2.mp3<\/a><\/audio>\n<p>&nbsp;<\/p>\n<\/div>\n<div class=\"x11i5rnm xat24cr x1mh8g0r x1vvkbs xtlvy1s x126k92a\">\n<div dir=\"auto\">\n<hr \/>\n<\/div>\n<\/div>\n<blockquote>\n<blockquote>\n<h1><span style=\"color: #ff0000;\">\u00a0<\/span><\/h1>\n<h1><span style=\"color: #ff0000;\">I podcast informativi del mattino &#8211; audio &#8211;\u00a0\u00a0<\/span><\/h1>\n<\/blockquote>\n<p><strong><a class=\"dt-pswp-item\" href=\"https:\/\/www.radiopiu.net\/wordpress\/wp-content\/uploads\/2024\/11\/6.jpg\" data-dt-img-description=\"\" data-large_image_width=\"177\" data-large_image_height=\"180\"><img loading=\"lazy\" decoding=\"async\" class=\"size-full wp-image-417911 alignleft\" src=\"https:\/\/www.radiopiu.net\/wordpress\/wp-content\/uploads\/2024\/11\/6.jpg\" alt=\"\" width=\"177\" height=\"180\" \/><\/a>LA RASSEGNA STAMPA NAZIONALE ALLA RADIO, OGNI GIORNO ALLE 5 E ALLE 6 DEL MATTINO <span style=\"color: #0000ff;\">viene pubblicata alle 6.00 <span style=\"color: #ff0000;\">DIRETTA RADIO\u00a0 \u00a0\u00a0<\/span><\/span><\/strong><\/p><\/blockquote>\n<p>&nbsp;<\/p>\n<p><strong>NOTIZIE DELLA NOTTE<\/strong><\/p>\n<p><b>\u00a0<\/b><\/p>\n<p><strong>Accordo di cooperazione<\/strong> tra Cina, Giappone e Corea del Sud <em>Hamilton vince<\/em> la Sprint del Gp di Shanghai <strong>Leggenda della boxe<\/strong> George Foreman morto a 76 anni <strong>Parigi,Berlino e Londra,<\/strong> &#8216;ritorno immediato&#8217; a tregua Gaza <strong>Trump,<\/strong> Putin non ha respinto il cessate-il-fuoco in Ucraina <strong>Media<\/strong>, decollato il primo volo da Heathrow dopo l&#8217;incendio<br \/>\n<strong>Columbia<\/strong> cede a Trump, cambia per riavere i fondi<\/p>\n<h1>AUDIO dalle 6 del mattino<\/h1>\n<audio class=\"wp-audio-shortcode\" id=\"audio-440768-4\" preload=\"none\" style=\"width: 100%;\" controls=\"controls\"><source type=\"audio\/mpeg\" src=\"https:\/\/www.radiopiu.net\/wordpress\/wp-content\/uploads\/2025\/03\/GIORNALEDELLESEI-16.mp3?_=4\" \/><a href=\"https:\/\/www.radiopiu.net\/wordpress\/wp-content\/uploads\/2025\/03\/GIORNALEDELLESEI-16.mp3\">https:\/\/www.radiopiu.net\/wordpress\/wp-content\/uploads\/2025\/03\/GIORNALEDELLESEI-16.mp3<\/a><\/audio>\n<p>&nbsp;<\/p>\n<p>&nbsp;<\/p>\n<hr \/>\n<p>&nbsp;<\/p>\n<h1 style=\"text-align: center;\"><span style=\"color: #ff0000;\"><a class=\"dt-pswp-item\" href=\"https:\/\/www.radiopiu.net\/wordpress\/wp-content\/uploads\/2024\/11\/7.jpg\" data-dt-img-description=\"\" data-large_image_width=\"180\" data-large_image_height=\"180\"><img loading=\"lazy\" decoding=\"async\" class=\"size-full wp-image-417912 alignleft\" src=\"https:\/\/www.radiopiu.net\/wordpress\/wp-content\/uploads\/2024\/11\/7.jpg\" alt=\"\" width=\"180\" height=\"180\" srcset=\"https:\/\/www.radiopiu.net\/wordpress\/wp-content\/uploads\/2024\/11\/7.jpg 180w, https:\/\/www.radiopiu.net\/wordpress\/wp-content\/uploads\/2024\/11\/7-150x150.jpg 150w\" sizes=\"auto, (max-width: 180px) 100vw, 180px\" \/><\/a>I podcast informativi del mattino &#8211; audio &#8211;\u00a0<\/span><\/h1>\n<p><strong>OGNI GIORNO ALLE SETTE DEL MATTINO, LA RASSEGNA STAMPA LOCALE FLASH&#8230; PER CHI VA IN FRETTA. I TITOLI DAI GIORNALI E DAL SITO WWW.RADIOPIU.NET <span style=\"color: #0000ff;\">viene pubblicato alle 7.00<\/span> <span style=\"color: #ff0000;\">DIRETTA RADIO\u00a0<\/span><\/strong><\/p>\n<p><em><span style=\"color: #ff0000;\">per chi va in fretta&#8230; tante notizie in pochi minuti. L&#8217;informazione locale alla radio, ogni ora dalle 7 del mattino alle 19 della sera.<br \/>\n<\/span><\/em><\/p>\n<p><strong>Il 21 marzo<\/strong> \u00e8 stato ricco di eventi e notizie significative, da premi e riconoscimenti a incidenti e iniziative locali. La provincia di Belluno continua a essere protagonista di cambiamenti e attivit\u00e0 che interessano la comunit\u00e0 in vari settori.\u00a0 <strong>Oggi i funerali di Giustina Salamon<\/strong><br \/>\n<strong>Il lutto: marted\u00ec l&#8217;addio a Mario Bampo <\/strong>Marted\u00ec si terranno i funerali di Mario Bampo <strong>Incidente a Belluno, persona investita a Santa Giustina <\/strong>Un incidente \u00e8 avvenuto a Santa Giustina, dove una persona \u00e8 stata investita. Fortunatamente, le condizioni della vittima non sembrano gravi. <strong>L\u2019incidente: 64enne investito in bici elettrica <\/strong>Un altro incidente ha coinvolto un 64enne investito mentre si trovava in sella a una bici elettrica. Le forze dell&#8217;ordine stanno indagando per chiarire le dinamiche. <strong>71enne ferita in un incidente a San Vito di Cadore <\/strong>A San Vito di Cadore, una donna di 71 anni \u00e8 rimasta ferita in un incidente stradale. Le sue condizioni sono sotto osservazione. <strong>Incendi a Soffranco, si segue la pista del dolo<\/strong><br \/>\nProseguono le indagini sugli incendi che hanno colpito la zona di Soffranco. La pista del dolo sembra la pi\u00f9 probabile.<\/p>\n<h1>AUDIO dalle 7 del mattino<\/h1>\n<audio class=\"wp-audio-shortcode\" id=\"audio-440768-5\" preload=\"none\" style=\"width: 100%;\" controls=\"controls\"><source type=\"audio\/mpeg\" src=\"https:\/\/www.radiopiu.net\/wordpress\/wp-content\/uploads\/2025\/03\/GF07-18.mp3?_=5\" \/><a href=\"https:\/\/www.radiopiu.net\/wordpress\/wp-content\/uploads\/2025\/03\/GF07-18.mp3\">https:\/\/www.radiopiu.net\/wordpress\/wp-content\/uploads\/2025\/03\/GF07-18.mp3<\/a><\/audio>\n<p>&nbsp;<\/p>\n<p>&nbsp;<\/p>\n<hr \/>\n<p>&nbsp;<\/p>\n<h1><\/h1>\n<h1 style=\"text-align: center;\"><span style=\"color: #ff0000;\"><a class=\"dt-pswp-item\" href=\"https:\/\/www.radiopiu.net\/wordpress\/wp-content\/uploads\/2024\/11\/th.jpg\" data-dt-img-description=\"\" data-large_image_width=\"148\" data-large_image_height=\"179\"><img loading=\"lazy\" decoding=\"async\" class=\"size-full wp-image-417913 alignleft\" src=\"https:\/\/www.radiopiu.net\/wordpress\/wp-content\/uploads\/2024\/11\/th.jpg\" alt=\"\" width=\"148\" height=\"179\" \/><\/a>I podcast informativi del mattino &#8211; audio &#8211;\u00a0<\/span><\/h1>\n<blockquote><p><strong>GIORNALE RADIO NAZIONALE, EDIZIONE DELLE SETTE <span style=\"color: #0000ff;\">viene pubblicato alle 7.05 <span style=\"color: #ff0000;\">DIRETTA RADIO\u00a0<\/span><\/span><\/strong><\/p><\/blockquote>\n<p><strong>il giornale radionazionale e&#8217; in onda ogni ora, dalle sette del mattino alle venti della sera\u00a0 \u00a0<\/strong><\/p>\n<p>&nbsp;<\/p>\n<p><strong><br \/>\n<a class=\"dt-pswp-item\" href=\"https:\/\/www.radiopiu.net\/wordpress\/wp-content\/uploads\/2025\/02\/download-7.jpg\" data-dt-img-description=\"\" data-large_image_width=\"211\" data-large_image_height=\"239\"><img loading=\"lazy\" decoding=\"async\" class=\"size-full wp-image-435553 alignleft\" src=\"https:\/\/www.radiopiu.net\/wordpress\/wp-content\/uploads\/2025\/02\/download-7.jpg\" alt=\"\" width=\"211\" height=\"239\" \/><\/a>IERI<\/strong> La protesta Sciopero dei trasporti, disagi contenuti nelle citt\u00e0<\/p>\n<p><strong>Una valanga travolge 5 sciatori italiani in Svezia, morti due fratelli <\/strong>Erano Mattia e Daniele Boer, di 45 e 50 anni, di Luserna San Giovanni. Erano saliti in elisky a Kavarsagge, soccorsi inutili. Illesi un terzo fratello e gli altri del gruppo <strong>CAGLIARI<\/strong> Indagini in corso Donna morta in mare a Cagliari, il secondo corpo \u00e8 del fidanzato <strong>TORINO<\/strong> Violenze in famiglia &#8216;Pap\u00e0 sta picchiando la mamma&#8217;, chiama la polizia a sette anni<br \/>\n<strong>PERUGIA<\/strong> La morte di Prospero, il 18enne arrestato in silenzio dal gip. L&#8217;indagato si avvale della facolt\u00e0 di non rispondere <strong>ROMA<\/strong> Inchiesta Sogei, l&#8217;ex dg patteggia tre anni per corruzione Iorio era stato arrestato a ottobre mentre intascava una mazzetta <strong>MILANO<\/strong> &#8216;Quel locale \u00e8 pericoloso&#8217;, chiusa la Gintoneria Il Questore di Milano revoca la licenza. Il titolare ancora ai domiciliari <strong>NAPOLI<\/strong> Due morti in un&#8217;abitazione a Napoli, forse \u00e8 un omicidio-suicidio Indagini della Polizia: la coppia sarebbe di origine ucraina<\/p>\n<p>&nbsp;<\/p>\n<p><strong><a class=\"dt-pswp-item\" href=\"https:\/\/www.radiopiu.net\/wordpress\/wp-content\/uploads\/2025\/02\/download-3.jpg\" data-dt-img-description=\"\" data-large_image_width=\"223\" data-large_image_height=\"226\"><img loading=\"lazy\" decoding=\"async\" class=\" wp-image-434732 alignleft\" src=\"https:\/\/www.radiopiu.net\/wordpress\/wp-content\/uploads\/2025\/02\/download-3.jpg\" alt=\"\" width=\"195\" height=\"198\" \/><\/a>VERONA<\/strong> Coniugi trovati morti, nessun segno di violenza. L&#8217;uomo \u00e8 deceduto per infarto, escluse responsabilit\u00e0 di terzi <strong>PADOVA<\/strong> Rapina a un ragazzo, 9 giovanissimi denunciati nel padovano Sono 4 maggiorenni e 5 minorenni, l&#8217;agguato a dicembre <strong>VICENZA<\/strong> Bancomat fatto esplodere, principio d&#8217;incendio a Vicenza Intervengono i vigili del fuoco nelle prime ore di oggi <strong>VICENZA<\/strong> Trovata bomba Seconda Guerra Mondiale in cantieri Tav Nel Vicentino \u00e8 la terza in quattro mesi <strong>VENEZIA<\/strong> La Fism, &#8216;al lavoro su un codice etico per i docenti&#8217; Presidente, &#8216;evitare comportamenti contrari a patto educativo&#8217; <strong>VENEZIA<\/strong> In Veneto +31.200 il saldo dei posti nel 2024, meno dell&#8217;anno precedente Sestante Veneto Lavoro, scendono assunzioni e stabili cessazioni <strong>PADOVA<\/strong> In provincia di Padova piano per &#8216;rivedere&#8217; tutti gli autovelox Le amministrazioni sollecitate da un documento del Prefetto <strong>VENETO<\/strong> Aviaria negli Stati Uniti, americani chiedono uova al Veneto Regione tra i maggiori produttori, 2 miliardi di &#8216;pezzi&#8217; l&#8217;anno<\/p>\n<p>&nbsp;<\/p>\n<blockquote>\n<p class=\"\" data-start=\"0\" data-end=\"81\"><strong data-start=\"0\" data-end=\"81\"><a class=\"dt-pswp-item\" href=\"https:\/\/www.radiopiu.net\/wordpress\/wp-content\/uploads\/2025\/03\/485181915_1170634457766960_8889572031880001875_n.jpg\" data-dt-img-description=\"\" data-large_image_width=\"600\" data-large_image_height=\"450\"><img loading=\"lazy\" decoding=\"async\" class=\"wp-image-440926 alignleft\" src=\"https:\/\/www.radiopiu.net\/wordpress\/wp-content\/uploads\/2025\/03\/485181915_1170634457766960_8889572031880001875_n-300x225.jpg\" alt=\"\" width=\"231\" height=\"173\" srcset=\"https:\/\/www.radiopiu.net\/wordpress\/wp-content\/uploads\/2025\/03\/485181915_1170634457766960_8889572031880001875_n-300x225.jpg 300w, https:\/\/www.radiopiu.net\/wordpress\/wp-content\/uploads\/2025\/03\/485181915_1170634457766960_8889572031880001875_n.jpg 600w\" sizes=\"auto, (max-width: 231px) 100vw, 231px\" \/><\/a>Rovigo, Premio per l\u2019Eccellenza Accademica nella Tutela delle Risorse Idriche<\/strong><\/p>\n<\/blockquote>\n<p class=\"\" data-start=\"83\" data-end=\"769\">A Rovigo, presso la Camera di Commercio, si \u00e8 svolta la seconda edizione dei riconoscimenti per l\u2019eccellenza accademica, dedicati ai giovani laureati nel settore della gestione e tutela delle risorse idriche. L\u2019evento, organizzato dal Consorzio Universit\u00e0 di Rovigo e dalla societ\u00e0 Acquevenete, con il patrocinio della Regione Veneto, ha evidenziato gli impegni regionali in tema di difesa del suolo. L\u201988% del piano triennale delle opere pubbliche riguarda tale ambito, con investimenti di 2,2 miliardi su 4 previsti. <em>&#8220;Il metodo adottato dalla Regione &#8211; DICE L&#8217;ASSESSORE GIANPAOLO BOTTACIN &#8211;\u00a0 basato su un approccio scientifico e oggettivo, ha garantito una maggiore sicurezza del territorio, evitando i danni subiti nel 2010&#8221;.<\/em><\/p>\n<p><strong>\u00a0<\/strong><\/p>\n<h1><span style=\"color: #ff0000;\"><span style=\"color: #0000ff;\">ULTIM&#8217;ORA<\/span> <span style=\"color: #000000;\">AUDIO dalle sette del mattino, ogni ora alla radio EDIZIONE DELLE SETTE<\/span><\/span><\/h1>\n<audio class=\"wp-audio-shortcode\" id=\"audio-440768-6\" preload=\"none\" style=\"width: 100%;\" controls=\"controls\"><source type=\"audio\/mpeg\" src=\"https:\/\/www.radiopiu.net\/wordpress\/wp-content\/uploads\/2025\/03\/giornale07-22.mp3?_=6\" \/><a href=\"https:\/\/www.radiopiu.net\/wordpress\/wp-content\/uploads\/2025\/03\/giornale07-22.mp3\">https:\/\/www.radiopiu.net\/wordpress\/wp-content\/uploads\/2025\/03\/giornale07-22.mp3<\/a><\/audio>\n<p>&nbsp;<\/p>\n<hr \/>\n<p>&nbsp;<\/p>\n<p>&nbsp;<\/p>\n<h1><span style=\"color: #ff0000;\"><a class=\"dt-pswp-item\" href=\"https:\/\/www.radiopiu.net\/wordpress\/wp-content\/uploads\/2024\/11\/8.jpg\" data-dt-img-description=\"\" data-large_image_width=\"180\" data-large_image_height=\"180\"><img loading=\"lazy\" decoding=\"async\" class=\"size-full wp-image-417910 alignleft\" src=\"https:\/\/www.radiopiu.net\/wordpress\/wp-content\/uploads\/2024\/11\/8.jpg\" alt=\"\" width=\"180\" height=\"180\" srcset=\"https:\/\/www.radiopiu.net\/wordpress\/wp-content\/uploads\/2024\/11\/8.jpg 180w, https:\/\/www.radiopiu.net\/wordpress\/wp-content\/uploads\/2024\/11\/8-150x150.jpg 150w\" sizes=\"auto, (max-width: 180px) 100vw, 180px\" \/><\/a>I podcast informativi del mattino &#8211; video &#8211;\u00a0<\/span><\/h1>\n<h2 style=\"text-align: left;\"><strong>RASSEGNA STAMPA LOCALE, ORE OTTO<\/strong><\/h2>\n<h2><strong> <span style=\"color: #0000ff;\">viene\u00a0 <\/span><\/strong><strong><span style=\"color: #0000ff;\">pubblicata alle 8.05 <span style=\"color: #ff0000;\">DIRETTA RADIO\u00a0 \u00a0<\/span><\/span><\/strong><strong>DI MIRKO MEZZACASA<\/strong><\/h2>\n<h2><span style=\"color: #ff0000;\"><strong>\u00a0<\/strong><\/span><\/h2>\n<p><strong>Camino a fuoco a Voltago, incendio domato dai vigili del fuoco di Agordo<\/strong><br \/>\nUn incendio \u00e8 scoppiato in un camino a Voltago, ma grazie all&#8217;intervento tempestivo dei vigili del fuoco di Agordo, il rogo \u00e8 stato domato rapidamente. <strong>Pedopornografia, domiciliari per l\u2019indagato bellunese <\/strong>Un uomo di Belluno \u00e8 stato posto agli arresti domiciliari nell\u2019ambito di un\u2019indagine su pedopornografia. Le autorit\u00e0 stanno continuando le indagini. <strong>Aggressione a vigile: l\u2019imputato non risarcir\u00e0 <\/strong>Il tribunale ha deciso che l&#8217;imputato per l\u2019aggressione a un vigile urbano non risarcir\u00e0 la vittima, suscitando reazioni tra i sindacati di categoria. <strong>Il Consiglio dell\u2019Unione Montana Agordina <\/strong>si \u00e8 svolto con discussioni su temi rilevanti per il futuro della zona. Sul sito di RADIOPIU nel GIORNALE RADIOPIU DI OGGI, la diretta differita del consiglio dell&#8217;Unione Montana, di Marco Gaz <strong>Olimpiadi Milano-Cortina 2026 sotto la guida di una donna <\/strong>Un\u2019importante novit\u00e0 per le Olimpiadi di Milano-Cortina 2026: per la prima volta, il comitato organizzatore sar\u00e0 guidato da una donna africana .<\/p>\n<p>&nbsp;<\/p>\n<h1><span style=\"color: #ff0000;\"><strong>VIDEO\u00a0 \u00a0in diretta AGGIORNAMENTO\u00a0 dalle 8 del mattino\u00a0<\/strong><\/span><\/h1>\n<h2><\/h2>\n<p><iframe loading=\"lazy\" title=\"DAL 1983 LA RASSEGNA STAMPA LOCALE di mirko mezzacasa. L&#039;ORIGINALE\" width=\"1200\" height=\"675\" src=\"https:\/\/www.youtube.com\/embed\/fS09xEJy-dE?feature=oembed\" frameborder=\"0\" allow=\"accelerometer; autoplay; clipboard-write; encrypted-media; gyroscope; picture-in-picture; web-share\" referrerpolicy=\"strict-origin-when-cross-origin\" allowfullscreen><\/iframe><\/p>\n<hr \/>\n<p>&nbsp;<\/p>\n<p>&nbsp;<\/p>\n<p>&nbsp;<\/p>\n<p><strong><a class=\"dt-pswp-item\" href=\"https:\/\/www.radiopiu.net\/wordpress\/wp-content\/uploads\/2023\/12\/ANTENNA.png\" data-dt-img-description=\"\" data-large_image_width=\"300\" data-large_image_height=\"166\"><img loading=\"lazy\" decoding=\"async\" class=\"wp-image-366306 alignright\" src=\"https:\/\/www.radiopiu.net\/wordpress\/wp-content\/uploads\/2023\/12\/ANTENNA.png\" alt=\"\" width=\"101\" height=\"56\" \/><\/a><a class=\"dt-pswp-item\" href=\"https:\/\/www.radiopiu.net\/wordpress\/wp-content\/uploads\/2024\/11\/th-17.jpg\" data-dt-img-description=\"\" data-large_image_width=\"224\" data-large_image_height=\"180\"><img loading=\"lazy\" decoding=\"async\" class=\" wp-image-421610 alignleft\" src=\"https:\/\/www.radiopiu.net\/wordpress\/wp-content\/uploads\/2024\/11\/th-17.jpg\" alt=\"\" width=\"167\" height=\"134\" \/><\/a>ogni sera alle 19 le anticipazioni alla radio, quello che poi seguirete nel TELEGIORNALE BELLUNESE\u00a0 in onda alle 19.30 sul CANALE 10 del digitale terrestre.\u00a0\u00a0<\/strong><\/p>\n<p><b>\u00a0\u00a0<\/b><\/p>\n<h1><span style=\"color: #ff0000;\"><strong>LE ANTICIPAZIONI DI TIZIANA BOLOGNANI<br \/>\n<\/strong><\/span><\/h1>\n<audio class=\"wp-audio-shortcode\" id=\"audio-440768-7\" preload=\"none\" style=\"width: 100%;\" controls=\"controls\"><source type=\"audio\/mpeg\" src=\"https:\/\/www.radiopiu.net\/wordpress\/wp-content\/uploads\/2025\/03\/ANTENNA3-15.mp3?_=7\" \/><a href=\"https:\/\/www.radiopiu.net\/wordpress\/wp-content\/uploads\/2025\/03\/ANTENNA3-15.mp3\">https:\/\/www.radiopiu.net\/wordpress\/wp-content\/uploads\/2025\/03\/ANTENNA3-15.mp3<\/a><\/audio>\n<h1><span style=\"color: #ff0000;\"><strong>\u00a0<\/strong><\/span><\/h1>\n<p>&nbsp;<\/p>\n<p>&nbsp;<\/p>\n<hr \/>\n<p>&nbsp;<\/p>\n<blockquote>\n<h3 class=\"entry-title\">CHIUSURA REGIONALE 203 AGORDINA, BIVIO ROVEI<\/h3>\n<\/blockquote>\n<p><strong>COLLE SANTA LUCIA <\/strong>Dal 24 marzo al 30 aprile dalle 8 alle 17.30 escluso sabato domenica e festivi, chiusura della regionale 203 agordina nel tratto bivio Rovei, bivio Rucav\u00e0.<br \/>\nInterdizione totale per lavori di mitigazione del rischio caduta massi.<\/p>\n<p>&nbsp;<\/p>\n<hr \/>\n<p>&nbsp;<\/p>\n<blockquote>\n<h3 class=\"photoswipe-wrapper\"><a class=\"dt-pswp-item pspw-wrap-ready\" href=\"https:\/\/www.radiopiu.net\/wordpress\/wp-content\/uploads\/2024\/12\/Logo_SibPAYOFF.jpg\" data-dt-img-description=\"\" data-large_image_width=\"1536\" data-large_image_height=\"391\"><img loading=\"lazy\" decoding=\"async\" class=\"wp-image-426474 alignleft\" src=\"https:\/\/www.radiopiu.net\/wordpress\/wp-content\/uploads\/2024\/12\/Logo_SibPAYOFF-300x76.jpg\" sizes=\"auto, (max-width: 162px) 100vw, 162px\" srcset=\"https:\/\/www.radiopiu.net\/wordpress\/wp-content\/uploads\/2024\/12\/Logo_SibPAYOFF-300x76.jpg 300w, https:\/\/www.radiopiu.net\/wordpress\/wp-content\/uploads\/2024\/12\/Logo_SibPAYOFF-1024x261.jpg 1024w, https:\/\/www.radiopiu.net\/wordpress\/wp-content\/uploads\/2024\/12\/Logo_SibPAYOFF-768x196.jpg 768w, https:\/\/www.radiopiu.net\/wordpress\/wp-content\/uploads\/2024\/12\/Logo_SibPAYOFF.jpg 1536w\" alt=\"\" width=\"162\" height=\"41\" \/><\/a>ACQUA NON POTABILE<\/h3>\n<\/blockquote>\n<p>A Gosaldo Nelle localit\u00e0 Curti, Incasal e Le Case l\u2019acqua erogata dall\u2019acquedotto non \u00e8 potabile e non pu\u00f2 essere usata per scopi alimentari. Verr\u00e0 effettuato servizio sostitutivo con cisterna in localit\u00e0 Curti.<\/p>\n<p>a Rocca Pietore in localit\u00e0 Digonera l&#8217;acqua erogata dall&#8217;acquedotto non \u00e8 potabile e pu\u00f2 essere usata per scopi alimentari solo previa bollitura. Verr\u00e0 effettuato servizio sostitutivo con autobotte presso\u00a0 l&#8217;Albergo Digonera in localit\u00e0 Digonera.<\/p>\n<p>&nbsp;<\/p>\n<p>&nbsp;<\/p>\n<hr \/>\n<p>&nbsp;<\/p>\n<blockquote>\n<h3>OGGI I FUNERALI DI GIUSTINA SALAMON<\/h3>\n<\/blockquote>\n<p><strong><a class=\"dt-pswp-item\" href=\"https:\/\/www.radiopiu.net\/wordpress\/wp-content\/uploads\/2025\/03\/Immagine-2025-03-20-102343.png\" data-dt-img-description=\"\" data-large_image_width=\"205\" data-large_image_height=\"175\"><img loading=\"lazy\" decoding=\"async\" class=\" wp-image-440637 alignleft\" src=\"https:\/\/www.radiopiu.net\/wordpress\/wp-content\/uploads\/2025\/03\/Immagine-2025-03-20-102343.png\" alt=\"\" width=\"171\" height=\"146\" \/><\/a>ALLEGHE<\/strong><\/p>\n<p>DI GIANNI SANTOMASO<\/p>\n<audio class=\"wp-audio-shortcode\" id=\"audio-440768-8\" preload=\"none\" style=\"width: 100%;\" controls=\"controls\"><source type=\"audio\/mpeg\" src=\"https:\/\/www.radiopiu.net\/wordpress\/wp-content\/uploads\/2025\/03\/GIANNI-OGGI-I-FUNERALI-DI-GIUSTINA-SALAMON.mp3?_=8\" \/><a href=\"https:\/\/www.radiopiu.net\/wordpress\/wp-content\/uploads\/2025\/03\/GIANNI-OGGI-I-FUNERALI-DI-GIUSTINA-SALAMON.mp3\">https:\/\/www.radiopiu.net\/wordpress\/wp-content\/uploads\/2025\/03\/GIANNI-OGGI-I-FUNERALI-DI-GIUSTINA-SALAMON.mp3<\/a><\/audio>\n<p>confort<\/p>\n<p>&nbsp;<\/p>\n<hr \/>\n<p>&nbsp;<\/p>\n<p>&nbsp;<\/p>\n<h3 data-start=\"0\" data-end=\"35\"><a class=\"dt-pswp-item\" href=\"https:\/\/www.radiopiu.net\/wordpress\/wp-content\/uploads\/2025\/03\/IMG-20250319-WA0001.jpg\" data-dt-img-description=\"\" data-large_image_width=\"958\" data-large_image_height=\"1554\"><img loading=\"lazy\" decoding=\"async\" class=\"wp-image-440589 alignleft\" src=\"https:\/\/www.radiopiu.net\/wordpress\/wp-content\/uploads\/2025\/03\/IMG-20250319-WA0001-185x300.jpg\" alt=\"\" width=\"81\" height=\"131\" srcset=\"https:\/\/www.radiopiu.net\/wordpress\/wp-content\/uploads\/2025\/03\/IMG-20250319-WA0001-185x300.jpg 185w, https:\/\/www.radiopiu.net\/wordpress\/wp-content\/uploads\/2025\/03\/IMG-20250319-WA0001-631x1024.jpg 631w, https:\/\/www.radiopiu.net\/wordpress\/wp-content\/uploads\/2025\/03\/IMG-20250319-WA0001-768x1246.jpg 768w, https:\/\/www.radiopiu.net\/wordpress\/wp-content\/uploads\/2025\/03\/IMG-20250319-WA0001-947x1536.jpg 947w, https:\/\/www.radiopiu.net\/wordpress\/wp-content\/uploads\/2025\/03\/IMG-20250319-WA0001.jpg 958w\" sizes=\"auto, (max-width: 81px) 100vw, 81px\" \/><\/a>IL LUTTO: ADDIO A MARIO BAMPO<\/h3>\n<p data-start=\"37\" data-end=\"327\" data-is-last-node=\"\" data-is-only-node=\"\"><strong>BELLUNO<\/strong> \u2013 Marted\u00ec alle 11, nella chiesa di Santo Stefano, si terr\u00e0 l\u2019ultimo saluto al commercialista Mario Bampo. La salma sar\u00e0 poi tumulata a Prade. Grande il cordoglio della comunit\u00e0 e delle istituzioni: Confindustria,\u00a0 Rotary, Alleghe Funivie con il Presidente Sergio Pra,\u00a0 ricordano il suo instancabile impegno professionale.<\/p>\n<p>&nbsp;<\/p>\n<p>&nbsp;<\/p>\n<hr \/>\n<p>&nbsp;<\/p>\n<blockquote>\n<h3>INCIDENTE A BELLUNO, PERSONA INVESTITA A SANTA GIUSTINA<\/h3>\n<\/blockquote>\n<p><strong><a class=\"dt-pswp-item\" href=\"https:\/\/www.radiopiu.net\/wordpress\/wp-content\/uploads\/2025\/03\/Immagine-2025-03-22-050042.png\" data-dt-img-description=\"\" data-large_image_width=\"433\" data-large_image_height=\"254\"><img loading=\"lazy\" decoding=\"async\" class=\" wp-image-440910 alignleft\" src=\"https:\/\/www.radiopiu.net\/wordpress\/wp-content\/uploads\/2025\/03\/Immagine-2025-03-22-050042-300x176.png\" alt=\"\" width=\"278\" height=\"163\" srcset=\"https:\/\/www.radiopiu.net\/wordpress\/wp-content\/uploads\/2025\/03\/Immagine-2025-03-22-050042-300x176.png 300w, https:\/\/www.radiopiu.net\/wordpress\/wp-content\/uploads\/2025\/03\/Immagine-2025-03-22-050042.png 433w\" sizes=\"auto, (max-width: 278px) 100vw, 278px\" \/><\/a>REDAZIONE<\/strong> Tre interventi nel pomeriggio di ieri hanno interessato il personale del Suem 118. Alle 12:45, i soccorritori sono intervenuti al Rifugio La Tambra per soccorrere un uomo di 27 anni, residente a Perugia, colto da malore. Vista la situazione, \u00e8 stato necessario l&#8217;intervento dell&#8217;elisoccorso Falco, che ha trasportato il paziente all&#8217;ospedale di Agordo per accertamenti. Nel primo pomeriggio, incidente stradale a Belluno ha coinvolto una donna di 71 anni del posto. Intervenuta un&#8217;ambulanza che ha trasportato la paziente all&#8217;ospedale di Belluno. Pochi minuti dopo, un pedone \u00e8 stato investito a Santa Giustina. Due ambulanze sono state inviate sul posto e il paziente \u00e8 stato trasportato all&#8217;ospedale di Feltre.<\/p>\n<p>FOTO CORRIERE ALPI<\/p>\n<blockquote>\n<h3 data-start=\"0\" data-end=\"53\"><a class=\"dt-pswp-item\" href=\"https:\/\/www.radiopiu.net\/wordpress\/wp-content\/uploads\/2025\/03\/Immagine-2025-03-22-050222.png\" data-dt-img-description=\"\" data-large_image_width=\"277\" data-large_image_height=\"169\"><img loading=\"lazy\" decoding=\"async\" class=\" wp-image-440911 alignleft\" src=\"https:\/\/www.radiopiu.net\/wordpress\/wp-content\/uploads\/2025\/03\/Immagine-2025-03-22-050222.png\" alt=\"\" width=\"233\" height=\"142\" \/><\/a>L\u2019INCIDENTE: 64ENNE INVESTITO IN BICI ELETTRICA<\/h3>\n<\/blockquote>\n<p data-start=\"55\" data-end=\"614\" data-is-last-node=\"\" data-is-only-node=\"\"><strong>BELLUNO<\/strong> \u2013 Un 64enne \u00e8 stato investito mentre percorreva in bici elettrica la rotatoria per Castion, subito dopo il ponte Bailey.\u00a0 La sua bicicletta \u00e8 stata colpita sulla parte posteriore da una Fiat Punto in fase di sorpasso. Nonostante l\u2019urto non sia stato violento, l\u2019uomo \u00e8 caduto a terra, riportando traumi di media gravit\u00e0. Soccorso dal 118, \u00e8 stato trasportato in ospedale. Sul posto, la polizia locale ha effettuato i rilievi, mentre vigili del fuoco e questura hanno gestito il traffico congestionato.<\/p>\n<p>FOTO CORRIERE DELLE ALPI<\/p>\n<blockquote>\n<h3>71ENNE FERITA IN UN INCIDENTE A SAN VITO DI CADORE<\/h3>\n<\/blockquote>\n<p><strong>REDAZIONE<\/strong> Nel tardo pomeriggio di ieri gli operatori del Suem 118 sono stati chiamati a San Vito di Cadore per un incidente stradale dove era rimasta coinvolta una 71enne del posto. Sul luogo dell&#8217;incidente l&#8217;ambulanza e l&#8217;elicottero Falco che portato la donna con ferite di media gravit\u00e0 all&#8217;ospedale di Belluno.<\/p>\n<p>&nbsp;<\/p>\n<hr \/>\n<h1 class=\"_title post-title entry-title\"><\/h1>\n<h1 class=\"_title post-title entry-title\">INCENDI A SOFFRANCO, SI SEGUE LA PISTA DEL DOLO<\/h1>\n<p>&nbsp;<\/p>\n<h2 class=\"_title post-title entry-title\"><a class=\"dt-pswp-item\" href=\"https:\/\/www.radiopiu.net\/wordpress\/wp-content\/uploads\/2023\/12\/ANTENNA.png\" data-dt-img-description=\"\" data-large_image_width=\"300\" data-large_image_height=\"166\"><img loading=\"lazy\" decoding=\"async\" class=\"wp-image-366306 alignleft\" src=\"https:\/\/www.radiopiu.net\/wordpress\/wp-content\/uploads\/2023\/12\/ANTENNA.png\" alt=\"\" width=\"136\" height=\"75\" \/><\/a><\/h2>\n<p>Intervistati GIANPAOLO BOTTACIN ASSESSORE PROTEZIONE CIVILE REGIONE VENETO (AL TELEFONO) (Servizio di\u00a0<a href=\"https:\/\/antennatre.medianordest.it\/redazione\/Tiziana-Bolognani\/\">Tiziana Bolognani<\/a>)<\/p>\n<p>&nbsp;<\/p>\n<p><iframe loading=\"lazy\" title=\"INCENDI A SOFFRANCO, SI SEGUE LA PISTA DEL DOLO | 21\/03\/2025\" width=\"1200\" height=\"675\" src=\"https:\/\/www.youtube.com\/embed\/Ax7aIXUjkH8?feature=oembed\" frameborder=\"0\" allow=\"accelerometer; autoplay; clipboard-write; encrypted-media; gyroscope; picture-in-picture; web-share\" referrerpolicy=\"strict-origin-when-cross-origin\" allowfullscreen><\/iframe><\/p>\n<p>&nbsp;<\/p>\n<p>&nbsp;<\/p>\n<blockquote>\n<h3>CAMINO A FUOCO A VOLTAGO, INCENDIO DOMATO DAI VIGILI DEL FUOCO DI AGORDO<\/h3>\n<\/blockquote>\n<p><strong><a class=\"dt-pswp-item\" href=\"https:\/\/www.radiopiu.net\/wordpress\/wp-content\/uploads\/2024\/11\/vigili-fuoco-agordo-13-scaled.jpg\" data-dt-img-description=\"\" data-large_image_width=\"2560\" data-large_image_height=\"1421\"><img loading=\"lazy\" decoding=\"async\" class=\" wp-image-418585 alignleft\" src=\"https:\/\/www.radiopiu.net\/wordpress\/wp-content\/uploads\/2024\/11\/vigili-fuoco-agordo-13-300x166.jpg\" alt=\"\" width=\"201\" height=\"111\" srcset=\"https:\/\/www.radiopiu.net\/wordpress\/wp-content\/uploads\/2024\/11\/vigili-fuoco-agordo-13-300x166.jpg 300w, https:\/\/www.radiopiu.net\/wordpress\/wp-content\/uploads\/2024\/11\/vigili-fuoco-agordo-13-1024x568.jpg 1024w, https:\/\/www.radiopiu.net\/wordpress\/wp-content\/uploads\/2024\/11\/vigili-fuoco-agordo-13-768x426.jpg 768w, https:\/\/www.radiopiu.net\/wordpress\/wp-content\/uploads\/2024\/11\/vigili-fuoco-agordo-13-1536x852.jpg 1536w, https:\/\/www.radiopiu.net\/wordpress\/wp-content\/uploads\/2024\/11\/vigili-fuoco-agordo-13-2048x1137.jpg 2048w\" sizes=\"auto, (max-width: 201px) 100vw, 201px\" \/><\/a>VOLTAGO <\/strong>Un incendio ad un camino ha richiesto l\u2019intervento dei Vigili del Fuoco di Agordo nella giornata di ieri, poco dopo le 13:30, in via Paolo Simonetti, nel Comune di Voltago Agordino. Le squadre dei soccorritori sono giunte tempestivamente sul posto, riuscendo a domare le fiamme prima che potessero propagarsi e causare danni maggiori all\u2019abitazione. Una volta spento l\u2019incendio, i Vigili del Fuoco hanno provveduto alla bonifica e alla messa in sicurezza dell\u2019area, garantendo che non vi fossero ulteriori rischi di ripresa del fuoco. Fortunatamente, non si sono registrati feriti, e l\u2019intervento si \u00e8 concluso senza gravi conseguenze per gli abitanti della casa coinvolta.<\/p>\n<p>&nbsp;<\/p>\n<p>&nbsp;<\/p>\n<hr \/>\n<blockquote>\n<h3><\/h3>\n<h3>PEDOPORNOGRAFIA, DOMICILIARI PER L&#8217;INDAGATO BELLUNESE<\/h3>\n<\/blockquote>\n<p><strong>LA GIUDIZIARIA OGGI<\/strong><br \/>\n<strong>SUL CORRIERE DELLE ALPI, SINTESI<\/strong><br \/>\n<strong>GIGI SOSSO<\/strong><\/p>\n<p><strong><img decoding=\"async\" class=\"alignleft\" src=\"https:\/\/www.radiopiu.net\/wordpress\/wp-content\/uploads\/2025\/03\/Immagine-2025-03-22-051905.png\" \/>BELLUNO<\/strong> \u2013 Arresti domiciliari per il 50enne del Feltrino indagato per pedopornografia nell\u2019ambito dell\u2019operazione &#8220;Custodia pro Spes&#8221;. Dopo il ricorso dell\u2019avvocato Giorgio Gasperin, il Tribunale del Riesame di Venezia ha concesso una misura meno restrittiva. L\u2019inchiesta della Polizia Postale del Veneto ha portato a perquisizioni e sequestri di materiale illecito, scambiato tramite eMule. Gli indagati, uomini tra i 51 e i 70 anni, avrebbero archiviato e condiviso immagini proibite. Le indagini, coordinate dalla Procura di Venezia, proseguono per definire i capi d\u2019accusa.<\/p>\n<p>&nbsp;<\/p>\n<p>&nbsp;<\/p>\n<p>&nbsp;<\/p>\n<blockquote>\n<h2><a class=\"dt-pswp-item\" href=\"https:\/\/www.radiopiu.net\/wordpress\/wp-content\/uploads\/2025\/03\/Immagine-2025-03-22-051905-1.png\" data-dt-img-description=\"\" data-large_image_width=\"441\" data-large_image_height=\"316\"><img loading=\"lazy\" decoding=\"async\" class=\"wp-image-440921 alignleft\" src=\"https:\/\/www.radiopiu.net\/wordpress\/wp-content\/uploads\/2025\/03\/Immagine-2025-03-22-051905-1-300x215.png\" alt=\"\" width=\"133\" height=\"95\" srcset=\"https:\/\/www.radiopiu.net\/wordpress\/wp-content\/uploads\/2025\/03\/Immagine-2025-03-22-051905-1-300x215.png 300w, https:\/\/www.radiopiu.net\/wordpress\/wp-content\/uploads\/2025\/03\/Immagine-2025-03-22-051905-1.png 441w\" sizes=\"auto, (max-width: 133px) 100vw, 133px\" \/><\/a>AGGRESSIONE A VIGILE: L\u2019IMPUTATO NON RISARCIR\u00c0<\/h2>\n<\/blockquote>\n<p data-start=\"54\" data-end=\"615\" data-is-last-node=\"\" data-is-only-node=\"\"><strong>BELLUNO \u2013<\/strong> Il vigile urbano aggredito il 27 gennaio 2023 non chieder\u00e0 i danni a X C, imputato per lesioni, resistenza e oltraggio a pubblico ufficiale. L\u2019agente intervenne per placare una lite in centro, ma fu insultato e colpito fisicamente. X C, con precedenti penali, fugg\u00ec senza fornire documenti ma fu identificato e denunciato. Difeso dall\u2019avvocato Paolo Patelmo, potrebbe comparire in aula il 16 ottobre.<\/p>\n<h3 data-start=\"0\" data-end=\"55\"><\/h3>\n<p>&nbsp;<\/p>\n<hr \/>\n<p>&nbsp;<\/p>\n<blockquote>\n<h3>IL CONSIGLIO DELL&#8217;UNIONE MONTANA AGORDINA<\/h3>\n<\/blockquote>\n<p><strong>AGORDO<\/strong> \u00a0Consiglio dell\u2019Unione Montana Agordina in Sala Don Tamis ad Agordo. Tra i punti in discussione ci sono l\u2019approvazione dei verbali della seduta precedente, variazioni al bilancio 2025-2027, convenzioni per la gestione delle strutture sportive, della Centrale Unica di Committenza, della protezione civile, dei beni silvo-pastorali, e la relazione dell\u2019unit\u00e0 di controllo per il secondo semestre 2024. Seguiranno le comunicazioni del Presidente.<\/p>\n<p><strong>LA DIRETTA RADIO PIU&#8217;<\/strong><\/p>\n<p><iframe loading=\"lazy\" title=\"Consiglio Unione Montana Agordina - 21 marzo 2025\" width=\"1200\" height=\"900\" src=\"https:\/\/www.youtube.com\/embed\/_5QNSjZDzcE?feature=oembed\" frameborder=\"0\" allow=\"accelerometer; autoplay; clipboard-write; encrypted-media; gyroscope; picture-in-picture; web-share\" referrerpolicy=\"strict-origin-when-cross-origin\" allowfullscreen><\/iframe><\/p>\n<p>&nbsp;<\/p>\n<hr \/>\n<p>&nbsp;<\/p>\n<p>&nbsp;<\/p>\n<blockquote>\n<h3><a class=\"dt-pswp-item\" href=\"https:\/\/www.radiopiu.net\/wordpress\/wp-content\/uploads\/2025\/02\/ZAIA-scaled.jpg\" data-dt-img-description=\"\" data-large_image_width=\"2560\" data-large_image_height=\"1708\"><img loading=\"lazy\" decoding=\"async\" class=\" wp-image-432975 alignleft\" src=\"https:\/\/www.radiopiu.net\/wordpress\/wp-content\/uploads\/2025\/02\/ZAIA-300x200.jpg\" alt=\"\" width=\"206\" height=\"137\" srcset=\"https:\/\/www.radiopiu.net\/wordpress\/wp-content\/uploads\/2025\/02\/ZAIA-300x200.jpg 300w, https:\/\/www.radiopiu.net\/wordpress\/wp-content\/uploads\/2025\/02\/ZAIA-1024x683.jpg 1024w, https:\/\/www.radiopiu.net\/wordpress\/wp-content\/uploads\/2025\/02\/ZAIA-768x512.jpg 768w, https:\/\/www.radiopiu.net\/wordpress\/wp-content\/uploads\/2025\/02\/ZAIA-1536x1025.jpg 1536w, https:\/\/www.radiopiu.net\/wordpress\/wp-content\/uploads\/2025\/02\/ZAIA-2048x1366.jpg 2048w\" sizes=\"auto, (max-width: 206px) 100vw, 206px\" \/><\/a>OLIMPIADI MILANO-CORTINA 2026 SOTTO LA GUIDA DI UNA DONNA<\/h3>\n<\/blockquote>\n<p><strong>DI BARBARA PAOLAZZI<\/strong><\/p>\n<p>INTERVISTA AL PRESIDENTE DEL VENETO LUCA ZAIA<\/p>\n<audio class=\"wp-audio-shortcode\" id=\"audio-440768-9\" preload=\"none\" style=\"width: 100%;\" controls=\"controls\"><source type=\"audio\/mpeg\" src=\"https:\/\/www.radiopiu.net\/wordpress\/wp-content\/uploads\/2025\/03\/PAOLAZZI-ZAIA-1.mp3?_=9\" \/><a href=\"https:\/\/www.radiopiu.net\/wordpress\/wp-content\/uploads\/2025\/03\/PAOLAZZI-ZAIA-1.mp3\">https:\/\/www.radiopiu.net\/wordpress\/wp-content\/uploads\/2025\/03\/PAOLAZZI-ZAIA-1.mp3<\/a><\/audio>\n<p>&nbsp;<\/p>\n<hr \/>\n<p>&nbsp;<\/p>\n<blockquote>\n<h3 data-start=\"0\" data-end=\"54\">TRASPORTO SCOLASTICO A FODOM, SITUAZIONE RISOLTA<\/h3>\n<\/blockquote>\n<p data-start=\"56\" data-end=\"673\" data-is-last-node=\"\" data-is-only-node=\"\"><strong><a class=\"dt-pswp-item\" href=\"https:\/\/www.radiopiu.net\/wordpress\/wp-content\/uploads\/2025\/03\/Immagine-2025-03-22-051154.png\" data-dt-img-description=\"\" data-large_image_width=\"258\" data-large_image_height=\"225\"><img loading=\"lazy\" decoding=\"async\" class=\"wp-image-440916 alignleft\" src=\"https:\/\/www.radiopiu.net\/wordpress\/wp-content\/uploads\/2025\/03\/Immagine-2025-03-22-051154.png\" alt=\"\" width=\"157\" height=\"137\" \/><\/a>FODOM<\/strong> \u2013 L\u2019unico operaio comunale abilitato alla guida dello scuolabus \u00e8 rientrato in servizio, riportando alla normalit\u00e0 il trasporto scolastico. Il sindaco Oscar Nagler replica alle critiche del predecessore Leandro Grones, sottolineando la carenza di personale. In passato il Comune aveva pi\u00f9 operai con patente per scuolabus, ma oggi i concorsi vanno deserti e due dipendenti sono mancati per motivi personali o conflitti. Nagler difende l\u2019uso di WhatsApp per informare le famiglie e valuta soluzioni alternative, come l\u2019affidamento del servizio a Dolomitibus o taxi, seguendo l\u2019esempio di altri Comuni della zona.<\/p>\n<p><strong>\u00a0<\/strong><\/p>\n<p><strong>LA STORIA A PUNTATE, RACCONTATA ALLA RADIO&#8230;<\/strong><\/p>\n<blockquote class=\"wp-embedded-content\" data-secret=\"H5Qe2jt6d9\"><p><a href=\"https:\/\/www.radiopiu.net\/wordpress\/trasporto-scolastico-a-fodom-situazione-risolta\/\">TRASPORTO SCOLASTICO A FODOM, SITUAZIONE RISOLTA<\/a><\/p><\/blockquote>\n<p><iframe loading=\"lazy\" class=\"wp-embedded-content\" sandbox=\"allow-scripts\" security=\"restricted\" style=\"position: absolute; visibility: hidden;\" title=\"&#8220;TRASPORTO SCOLASTICO A FODOM, SITUAZIONE RISOLTA&#8221; &#8212; Radio Pi\u00f9\" src=\"https:\/\/www.radiopiu.net\/wordpress\/trasporto-scolastico-a-fodom-situazione-risolta\/embed\/#?secret=it79p1zsa2#?secret=H5Qe2jt6d9\" data-secret=\"H5Qe2jt6d9\" width=\"600\" height=\"338\" frameborder=\"0\" marginwidth=\"0\" marginheight=\"0\" scrolling=\"no\"><\/iframe><\/p>\n<p>&nbsp;<\/p>\n<hr \/>\n<p>&nbsp;<\/p>\n<blockquote>\n<h3>MISURE CONTRO LO SPOPOLAMENTO, PER LORRAINE BERTON MOMENTO DI SCELTE CORAGGIOSE<\/h3>\n<\/blockquote>\n<p><strong><a class=\"dt-pswp-item\" href=\"https:\/\/www.radiopiu.net\/wordpress\/wp-content\/uploads\/2024\/08\/Lorraine_Berton-COPERTINA.jpg\" data-dt-img-description=\"\" data-large_image_width=\"767\" data-large_image_height=\"573\"><img loading=\"lazy\" decoding=\"async\" class=\" wp-image-405420 alignleft\" src=\"https:\/\/www.radiopiu.net\/wordpress\/wp-content\/uploads\/2024\/08\/Lorraine_Berton-COPERTINA-300x224.jpg\" alt=\"\" width=\"171\" height=\"128\" srcset=\"https:\/\/www.radiopiu.net\/wordpress\/wp-content\/uploads\/2024\/08\/Lorraine_Berton-COPERTINA-300x224.jpg 300w, https:\/\/www.radiopiu.net\/wordpress\/wp-content\/uploads\/2024\/08\/Lorraine_Berton-COPERTINA.jpg 767w\" sizes=\"auto, (max-width: 171px) 100vw, 171px\" \/><\/a>BELLUNO<\/strong> La Provincia autonoma di Trento ha introdotto contributi a fondo perduto fino a 80 mila euro per chi acquista e ristruttura immobili nei comuni montani colpiti dallo spopolamento. Lorraine Berton, presidente di Confindustria Belluno Dolomiti, esprime preoccupazione per l\u2019impatto su territori confinanti come il Bellunese, gi\u00e0 in difficolt\u00e0 per la perdita di abitanti e la carenza di risorse umane. Sottolinea la necessit\u00e0 di misure analoghe a livello nazionale per sostenere la residenzialit\u00e0 in montagna. Chiede un&#8217;accelerazione della legge sulla montagna e l&#8217;adozione di strategie per rendere le aree montane pi\u00f9 competitive. Confindustria ha presentato un piano per abitazioni a costi sostenibili e auspica che il governo lo accolga. L\u2019obiettivo \u00e8 attrarre investimenti, anche in vista delle Olimpiadi.<\/p>\n<p>&nbsp;<\/p>\n<p>&nbsp;<\/p>\n<hr \/>\n<p>&nbsp;<\/p>\n<blockquote>\n<h3>IL SESTANTE DI VENETO LAVORO: BENE LA PROVINCIA DI BELLUNO<\/h3>\n<\/blockquote>\n<p><strong><a class=\"dt-pswp-item\" href=\"https:\/\/www.radiopiu.net\/wordpress\/wp-content\/uploads\/2025\/02\/veneto-lavoro-concorso-2022.png\" data-dt-img-description=\"\" data-large_image_width=\"600\" data-large_image_height=\"350\"><img loading=\"lazy\" decoding=\"async\" class=\" wp-image-437138 alignleft\" src=\"https:\/\/www.radiopiu.net\/wordpress\/wp-content\/uploads\/2025\/02\/veneto-lavoro-concorso-2022-300x175.png\" alt=\"\" width=\"180\" height=\"105\" srcset=\"https:\/\/www.radiopiu.net\/wordpress\/wp-content\/uploads\/2025\/02\/veneto-lavoro-concorso-2022-300x175.png 300w, https:\/\/www.radiopiu.net\/wordpress\/wp-content\/uploads\/2025\/02\/veneto-lavoro-concorso-2022.png 600w\" sizes=\"auto, (max-width: 180px) 100vw, 180px\" \/><\/a>VENEZIA<\/strong> <em data-start=\"0\" data-end=\"13\" data-is-only-node=\"\">Il Sestante<\/em> di Veneto Lavoro \u00e8 il report di riferimento per l\u2019analisi del mercato del lavoro regionale, con dati dettagliati per settore e territorio. Il bilancio occupazionale del 2024 registra un saldo positivo di +31.200 posti di lavoro dipendenti, seppur inferiore all\u2019anno precedente. Le assunzioni sono state 853.000 (-1%), mentre le cessazioni (821.800) risultano stabili. Crescono i contratti a tempo indeterminato, ma si registra un calo nel settore industriale, in particolare nella metalmeccanica (-16%) e nel <em data-start=\"523\" data-end=\"538\">made in Italy<\/em> (tessile, calzature, oreficeria e vetro). Le province manifatturiere come Vicenza, Treviso, Padova e Venezia registrano flessioni, mentre Belluno e Verona segnano un +2%. La disoccupazione cala, con il 9% in meno di dichiarazioni di immediata disponibilit\u00e0 rispetto al 2023.<\/p>\n<p>&nbsp;<\/p>\n<p>&nbsp;<\/p>\n<hr \/>\n<p>&nbsp;<\/p>\n<blockquote>\n<h3>GRANDI NOVITA&#8217;, PARCO GIOCHI A BELLUNO<\/h3>\n<\/blockquote>\n<p><strong>BELLUNO<\/strong> Grandi novit\u00e0 per i parchi giochi del capoluogo: oltre alla nascita del parco inclusivo al \u201cCitt\u00e0 di Bologna\u201d, importanti lavori hanno interessato il Parco di Nogar\u00e8, mentre Palazzo Rosso ha dato il via a una campagna di verifica di sicurezza e di manutenzione su tutti i giochi presenti nei parchi cittadini.<\/p>\n<p><strong>DI DANIELE DALVIT<\/strong><\/p>\n<audio class=\"wp-audio-shortcode\" id=\"audio-440768-10\" preload=\"none\" style=\"width: 100%;\" controls=\"controls\"><source type=\"audio\/mpeg\" src=\"https:\/\/www.radiopiu.net\/wordpress\/wp-content\/uploads\/2025\/03\/DALVIT-Lavori-parchi-Belluno.mp3?_=10\" \/><a href=\"https:\/\/www.radiopiu.net\/wordpress\/wp-content\/uploads\/2025\/03\/DALVIT-Lavori-parchi-Belluno.mp3\">https:\/\/www.radiopiu.net\/wordpress\/wp-content\/uploads\/2025\/03\/DALVIT-Lavori-parchi-Belluno.mp3<\/a><\/audio>\n<p>&nbsp;<\/p>\n\n\t\t\t<style type='text\/css'>\n\t\t\t\t#gallery-1 {\n\t\t\t\t\tmargin: auto;\n\t\t\t\t}\n\t\t\t\t#gallery-1 .gallery-item {\n\t\t\t\t\tfloat: left;\n\t\t\t\t\tmargin-top: 10px;\n\t\t\t\t\ttext-align: center;\n\t\t\t\t\twidth: 50%;\n\t\t\t\t}\n\t\t\t\t#gallery-1 img {\n\t\t\t\t\tborder: 2px solid #cfcfcf;\n\t\t\t\t}\n\t\t\t\t#gallery-1 .gallery-caption {\n\t\t\t\t\tmargin-left: 0;\n\t\t\t\t}\n\t\t\t\t\/* see gallery_shortcode() in wp-includes\/media.php *\/\n\t\t\t<\/style>\n\t\t<div id='gallery-1' class='dt-gallery-container gallery galleryid-440768 gallery-columns-2 gallery-size-thumbnail'><dl class='gallery-item'>\n\t\t\t\t<dt class='gallery-icon landscape'>\n\t\t\t\t\t<a class=\"rollover rollover-zoom dt-pswp-item\" title=\"2006d335-9d01-4969-8977-3be330a79a6c\" data-dt-img-description=\"\" data-large_image_width=\"1600\" data-large_image_height=\"1200\"href='https:\/\/www.radiopiu.net\/wordpress\/wp-content\/uploads\/2025\/03\/2006d335-9d01-4969-8977-3be330a79a6c.jpg'><img loading=\"lazy\" decoding=\"async\" width=\"150\" height=\"150\" src=\"https:\/\/www.radiopiu.net\/wordpress\/wp-content\/uploads\/2025\/03\/2006d335-9d01-4969-8977-3be330a79a6c-150x150.jpg\" class=\"attachment-thumbnail size-thumbnail\" alt=\"\" \/><\/a>\n\t\t\t\t<\/dt><\/dl><dl class='gallery-item'>\n\t\t\t\t<dt class='gallery-icon portrait'>\n\t\t\t\t\t<a class=\"rollover rollover-zoom dt-pswp-item\" title=\"23c4142c-86af-491f-b3c7-f3c4da167844\" data-dt-img-description=\"\" data-large_image_width=\"1200\" data-large_image_height=\"1600\"href='https:\/\/www.radiopiu.net\/wordpress\/wp-content\/uploads\/2025\/03\/23c4142c-86af-491f-b3c7-f3c4da167844.jpg'><img loading=\"lazy\" decoding=\"async\" width=\"150\" height=\"150\" src=\"https:\/\/www.radiopiu.net\/wordpress\/wp-content\/uploads\/2025\/03\/23c4142c-86af-491f-b3c7-f3c4da167844-150x150.jpg\" class=\"attachment-thumbnail size-thumbnail\" alt=\"\" \/><\/a>\n\t\t\t\t<\/dt><\/dl><br style=\"clear: both\" \/>\n\t\t\t<\/div>\n\n<p>&nbsp;<\/p>\n<p>&nbsp;<\/p>\n<hr \/>\n<p>&nbsp;<\/p>\n<blockquote>\n<h3>PRIMA ASSEMBLEA DELLE FRAZIONI A BELLUNO<\/h3>\n<\/blockquote>\n<p><strong><a class=\"dt-pswp-item\" href=\"https:\/\/www.radiopiu.net\/wordpress\/wp-content\/uploads\/2022\/12\/PALAZZO-ROSSO.png\" data-dt-img-description=\"\" data-large_image_width=\"2076\" data-large_image_height=\"1328\"><img loading=\"lazy\" decoding=\"async\" class=\" wp-image-313801 alignleft\" src=\"https:\/\/www.radiopiu.net\/wordpress\/wp-content\/uploads\/2022\/12\/PALAZZO-ROSSO-300x192.png\" alt=\"\" width=\"186\" height=\"119\" srcset=\"https:\/\/www.radiopiu.net\/wordpress\/wp-content\/uploads\/2022\/12\/PALAZZO-ROSSO-300x192.png 300w, https:\/\/www.radiopiu.net\/wordpress\/wp-content\/uploads\/2022\/12\/PALAZZO-ROSSO-1024x655.png 1024w, https:\/\/www.radiopiu.net\/wordpress\/wp-content\/uploads\/2022\/12\/PALAZZO-ROSSO-768x491.png 768w, https:\/\/www.radiopiu.net\/wordpress\/wp-content\/uploads\/2022\/12\/PALAZZO-ROSSO-1536x983.png 1536w, https:\/\/www.radiopiu.net\/wordpress\/wp-content\/uploads\/2022\/12\/PALAZZO-ROSSO-2048x1310.png 2048w\" sizes=\"auto, (max-width: 186px) 100vw, 186px\" \/><\/a>BELLUNO<\/strong> Si \u00e8 tenuta la prima assemblea dei capifrazione a Palazzo Rosso, con la partecipazione del Sindaco, dell\u2019assessore alle frazioni e del segretario comunale. L\u2019incontro ha illustrato le modalit\u00e0 di comunicazione con l\u2019Amministrazione e distribuito moduli per avanzare proposte. Il Sindaco Oscar De Pellegrin ha sottolineato il clima positivo e la volont\u00e0 di coinvolgere le comunit\u00e0 nelle decisioni sugli interventi pubblici. Sono stati presentati tre tipi di moduli: uno per grandi opere, uno per lavori collaborativi tra Comune e cittadini e uno per piccoli interventi di manutenzione svolti dai volontari. Le frazioni organizzeranno ora assemblee locali per elaborare proposte da sottoporre all\u2019Amministrazione.<\/p>\n<p>&nbsp;<\/p>\n<p>&nbsp;<\/p>\n<hr \/>\n<p>&nbsp;<\/p>\n<blockquote>\n<h3>LE MANCATE CELEBRAZIONI PER L&#8217;UNITA&#8217; D&#8217;ITALIA A BELLUNO<\/h3>\n<\/blockquote>\n<p><strong>BELLUNO<\/strong> Francesco Dematt\u00e8, delegato provinciale della Lega Nazionale di Trieste, si chiede se l&#8217;Amministrazione comunale di Belluno abbia dimenticato di celebrare il 17 marzo, giornata dedicata all\u2019Unit\u00e0 nazionale, alla Costituzione, all\u2019Inno e alla Bandiera, istituita con legge nel 2012. Ritiene improbabile tale omissione da parte di un\u2019amministrazione che si definisce patriottica e sovranista. Tuttavia, ipotizza di essersi perso eventuali celebrazioni e si scusa nel caso fosse malinformato. Se invece non vi fosse stata alcuna commemorazione, si propone di offrire una lezione di storia e patriottismo ai membri della Giunta comunale.<\/p>\n<p>&nbsp;<\/p>\n<p>&nbsp;<\/p>\n<hr \/>\n<p>&nbsp;<\/p>\n<blockquote>\n<h3>UN PREMIO AL CONSORZIO AGRARIO DI TREVISO BELLUNO<\/h3>\n<\/blockquote>\n<p><strong><a class=\"dt-pswp-item\" href=\"https:\/\/www.radiopiu.net\/wordpress\/wp-content\/uploads\/2025\/03\/CR-AWARDS-4.jpg\" data-dt-img-description=\"\" data-large_image_width=\"1600\" data-large_image_height=\"1200\"><img loading=\"lazy\" decoding=\"async\" class=\" wp-image-440837 alignleft\" src=\"https:\/\/www.radiopiu.net\/wordpress\/wp-content\/uploads\/2025\/03\/CR-AWARDS-4-300x225.jpg\" alt=\"\" width=\"157\" height=\"118\" srcset=\"https:\/\/www.radiopiu.net\/wordpress\/wp-content\/uploads\/2025\/03\/CR-AWARDS-4-300x225.jpg 300w, https:\/\/www.radiopiu.net\/wordpress\/wp-content\/uploads\/2025\/03\/CR-AWARDS-4-1024x768.jpg 1024w, https:\/\/www.radiopiu.net\/wordpress\/wp-content\/uploads\/2025\/03\/CR-AWARDS-4-768x576.jpg 768w, https:\/\/www.radiopiu.net\/wordpress\/wp-content\/uploads\/2025\/03\/CR-AWARDS-4-1536x1152.jpg 1536w, https:\/\/www.radiopiu.net\/wordpress\/wp-content\/uploads\/2025\/03\/CR-AWARDS-4.jpg 1600w\" sizes=\"auto, (max-width: 157px) 100vw, 157px\" \/><\/a>TREVISO<\/strong> Il Consorzio Agrario di Treviso e Belluno ha ricevuto un prestigioso riconoscimento ai CR Awards, assegnati da Milano Finanza, per la sua eccellente <em data-start=\"149\" data-end=\"168\">Credit Reputation<\/em>. Premiato per la puntualit\u00e0 e solidit\u00e0 nei rapporti bancari, ha ottenuto il titolo di <em data-start=\"255\" data-end=\"303\">\u201cTop per puntualit\u00e0 verso il Sistema Bancario\u201d<\/em>, basato sull\u2019analisi della Centrale dei Rischi. La cerimonia si \u00e8 svolta al Meli\u00e0 Hotel di Milano e ha visto premiate circa trenta aziende suddivise per fasce di fatturato. Questo riconoscimento attesta la virtuosit\u00e0 delle imprese, facilitando nuove collaborazioni e rafforzando la fiducia degli istituti di credito, con effetti positivi sull\u2019economia nazionale.<\/p>\n<p>&nbsp;<\/p>\n<p>&nbsp;<\/p>\n<hr \/>\n<p>&nbsp;<\/p>\n<blockquote>\n<h3>GLI ARTIGIANI BELLUNESI A LINEA VERDE START<\/h3>\n<\/blockquote>\n<p><strong><a class=\"dt-pswp-item\" href=\"https:\/\/www.radiopiu.net\/wordpress\/wp-content\/uploads\/2025\/03\/LVS_Belluno_hp.png\" data-dt-img-description=\"\" data-large_image_width=\"700\" data-large_image_height=\"300\"><img loading=\"lazy\" decoding=\"async\" class=\" wp-image-440828 alignleft\" src=\"https:\/\/www.radiopiu.net\/wordpress\/wp-content\/uploads\/2025\/03\/LVS_Belluno_hp-300x129.png\" alt=\"\" width=\"244\" height=\"105\" srcset=\"https:\/\/www.radiopiu.net\/wordpress\/wp-content\/uploads\/2025\/03\/LVS_Belluno_hp-300x129.png 300w, https:\/\/www.radiopiu.net\/wordpress\/wp-content\/uploads\/2025\/03\/LVS_Belluno_hp.png 700w\" sizes=\"auto, (max-width: 244px) 100vw, 244px\" \/><\/a>BELLUNO<\/strong> Oggi alle 12 su Rai 1 andr\u00e0 in onda la prima delle quattro puntate di <em data-start=\"72\" data-end=\"91\">Linea Verde Start<\/em>, condotta da Federico Quaranta, dedicata all\u2019artigianato e alla biodiversit\u00e0 produttiva italiana. La puntata, girata nel bellunese, racconter\u00e0 cinque realt\u00e0 locali: la Fonderia Michielli, specializzata in bronzini e oggetti di design; la falegnameria Giordano Fregonese, nota per arredamenti e intagli artistici; la pasticceria panificio Alver\u00e0, attiva dal 1914 tra tradizione e innovazione; l\u2019occhialeria Costantino Toffoli, che produce occhiali artigianali in acetato di cellulosa; e il Curling Club Dolomiti, che unisce sport e manualit\u00e0. L\u2019artigianato bellunese sar\u00e0 protagonista anche in vista delle Olimpiadi Milano-Cortina 2026. La presidente di Confartigianato Belluno, Claudia Scarzanella, sottolinea il valore culturale e identitario dell\u2019artigianato, eredit\u00e0 da trasmettere alle nuove generazioni. La puntata sar\u00e0 disponibile anche su Raiplay.<\/p>\n<p>&nbsp;<\/p>\n<p>&nbsp;<\/p>\n<hr \/>\n<p>&nbsp;<\/p>\n<blockquote>\n<h3>GENERAZIONI A CONFRONTO AL CENTRO CONSORZI DI SEDICO<\/h3>\n<\/blockquote>\n<p><strong>SEDICO<\/strong> Il corso gratuito \u201cGestione della diversit\u00e0 generazionale e inclusione sul lavoro\u201d inizier\u00e0 il 4 aprile 2025 presso il Centro Consorzi di Sedico. Rivolto a lavoratori, imprenditori e consulenti veneti, affronter\u00e0 le sfide della convivenza tra generazioni nelle aziende. Tenuto da Maria Elettra Favotto, offrir\u00e0 un approccio interattivo su temi come l\u2019impatto della diversit\u00e0 generazionale, le competenze delle varie et\u00e0 e strategie di inclusione. Si svolger\u00e0 in quattro incontri pomeridiani da 16 ore totali. Il corso rientra nel progetto LILY, finanziato dal FSE+ PR Veneto 2021-2027, che promuove age diversity e benessere lavorativo. Centro Consorzi, partner operativo, \u00e8 impegnato anche in altri progetti di formazione. Tra le iniziative gi\u00e0 avviate: gestione del tempo, nuove tecnologie e sviluppo del potenziale. In arrivo corsi su intelligenza emotiva, leadership e strumenti digitali. L\u2019obiettivo \u00e8 creare ambienti di lavoro inclusivi, sostenibili e competitivi.<\/p>\n\n\t\t\t<style type='text\/css'>\n\t\t\t\t#gallery-2 {\n\t\t\t\t\tmargin: auto;\n\t\t\t\t}\n\t\t\t\t#gallery-2 .gallery-item {\n\t\t\t\t\tfloat: left;\n\t\t\t\t\tmargin-top: 10px;\n\t\t\t\t\ttext-align: center;\n\t\t\t\t\twidth: 50%;\n\t\t\t\t}\n\t\t\t\t#gallery-2 img {\n\t\t\t\t\tborder: 2px solid #cfcfcf;\n\t\t\t\t}\n\t\t\t\t#gallery-2 .gallery-caption {\n\t\t\t\t\tmargin-left: 0;\n\t\t\t\t}\n\t\t\t\t\/* see gallery_shortcode() in wp-includes\/media.php *\/\n\t\t\t<\/style>\n\t\t<div id='gallery-2' class='dt-gallery-container gallery galleryid-440768 gallery-columns-2 gallery-size-thumbnail'><dl class='gallery-item'>\n\t\t\t\t<dt class='gallery-icon landscape'>\n\t\t\t\t\t<a class=\"rollover rollover-zoom dt-pswp-item\" title=\"481450234_1171096221684053_1814791762433781341_n\" data-dt-img-description=\"\" data-large_image_width=\"2048\" data-large_image_height=\"1680\"href='https:\/\/www.radiopiu.net\/wordpress\/wp-content\/uploads\/2025\/03\/481450234_1171096221684053_1814791762433781341_n.jpg'><img loading=\"lazy\" decoding=\"async\" width=\"150\" height=\"150\" src=\"https:\/\/www.radiopiu.net\/wordpress\/wp-content\/uploads\/2025\/03\/481450234_1171096221684053_1814791762433781341_n-150x150.jpg\" class=\"attachment-thumbnail size-thumbnail\" alt=\"\" \/><\/a>\n\t\t\t\t<\/dt><\/dl><dl class='gallery-item'>\n\t\t\t\t<dt class='gallery-icon landscape'>\n\t\t\t\t\t<a class=\"rollover rollover-zoom dt-pswp-item\" title=\"477658288_1155231789937163_8708738997885910383_n\" data-dt-img-description=\"\" data-large_image_width=\"2048\" data-large_image_height=\"1536\"href='https:\/\/www.radiopiu.net\/wordpress\/wp-content\/uploads\/2025\/03\/477658288_1155231789937163_8708738997885910383_n.jpg'><img loading=\"lazy\" decoding=\"async\" width=\"150\" height=\"150\" src=\"https:\/\/www.radiopiu.net\/wordpress\/wp-content\/uploads\/2025\/03\/477658288_1155231789937163_8708738997885910383_n-150x150.jpg\" class=\"attachment-thumbnail size-thumbnail\" alt=\"\" \/><\/a>\n\t\t\t\t<\/dt><\/dl><br style=\"clear: both\" \/>\n\t\t\t<\/div>\n\n<p>&nbsp;<\/p>\n<p>&nbsp;<\/p>\n<hr \/>\n<p>&nbsp;<\/p>\n<blockquote>\n<h3>TRILLO PREMIATO AGLI IOMOBILITY AWARDS<\/h3>\n<\/blockquote>\n<p><strong><a class=\"dt-pswp-item\" href=\"https:\/\/www.radiopiu.net\/wordpress\/wp-content\/uploads\/2025\/03\/MDS6733-scaled.jpg\" data-dt-img-description=\"\" data-large_image_width=\"2560\" data-large_image_height=\"1708\"><img loading=\"lazy\" decoding=\"async\" class=\" wp-image-440856 alignleft\" src=\"https:\/\/www.radiopiu.net\/wordpress\/wp-content\/uploads\/2025\/03\/MDS6733-300x200.jpg\" alt=\"\" width=\"182\" height=\"121\" srcset=\"https:\/\/www.radiopiu.net\/wordpress\/wp-content\/uploads\/2025\/03\/MDS6733-300x200.jpg 300w, https:\/\/www.radiopiu.net\/wordpress\/wp-content\/uploads\/2025\/03\/MDS6733-1024x683.jpg 1024w, https:\/\/www.radiopiu.net\/wordpress\/wp-content\/uploads\/2025\/03\/MDS6733-768x512.jpg 768w, https:\/\/www.radiopiu.net\/wordpress\/wp-content\/uploads\/2025\/03\/MDS6733-1536x1025.jpg 1536w, https:\/\/www.radiopiu.net\/wordpress\/wp-content\/uploads\/2025\/03\/MDS6733-2048x1366.jpg 2048w\" sizes=\"auto, (max-width: 182px) 100vw, 182px\" \/><\/a>BELLUNO<\/strong> Trillo, il servizio di trasporto a chiamata di Dolomiti Bus, ha ricevuto un prestigioso riconoscimento agli IoMobility Awards nella categoria Municipalities &amp; Tpl per l\u2019innovazione nella mobilit\u00e0. Lanciato a giugno 2024, Trillo ha reso pi\u00f9 accessibile il trasporto pubblico in Belluno, Feltre e Valbelluna, con oltre 480 fermate a Belluno e 300 a Feltre. Nei primi sei mesi ha registrato 33.000 passeggeri, con il 70% delle prenotazioni tramite app e un alto gradimento (4,60\/5 a Belluno, 4,83\/5 a Feltre). L\u2019uso di veicoli a 9 posti ha migliorato l\u2019efficienza e ridotto il consumo di gasolio del 60%, contribuendo alla sostenibilit\u00e0. Inoltre, Trillo ha favorito la modifica del Decreto Burlando, estendendo l\u2019uso di piccoli veicoli nei trasporti extraurbani.<\/p>\n<p>&nbsp;<\/p>\n<p>&nbsp;<\/p>\n<hr \/>\n<p>&nbsp;<\/p>\n<blockquote>\n<h3><a class=\"dt-pswp-item\" href=\"https:\/\/www.radiopiu.net\/wordpress\/wp-content\/uploads\/2025\/03\/fNqqs3Gp9eaO4f6M.png\" data-dt-img-description=\"\" data-large_image_width=\"358\" data-large_image_height=\"501\"><img loading=\"lazy\" decoding=\"async\" class=\" wp-image-440835 alignleft\" src=\"https:\/\/www.radiopiu.net\/wordpress\/wp-content\/uploads\/2025\/03\/fNqqs3Gp9eaO4f6M-214x300.png\" alt=\"\" width=\"119\" height=\"167\" srcset=\"https:\/\/www.radiopiu.net\/wordpress\/wp-content\/uploads\/2025\/03\/fNqqs3Gp9eaO4f6M-214x300.png 214w, https:\/\/www.radiopiu.net\/wordpress\/wp-content\/uploads\/2025\/03\/fNqqs3Gp9eaO4f6M.png 358w\" sizes=\"auto, (max-width: 119px) 100vw, 119px\" \/><\/a>DOPPIO APPUNTAMENTO CON IL DOTTOR MANTOVANI A BELLUNO<\/h3>\n<\/blockquote>\n<p><strong>BELLUNO<\/strong> Belluno ospiter\u00e0 due incontri sulla salute umana con Alberto Mantovani, Professore Emerito di Patologia Generale presso Humanitas University. L\u2019iniziativa, intitolata <em data-start=\"167\" data-end=\"195\">\u201cL\u2019orchestra immunologica\u201d<\/em>, \u00e8 organizzata da <em data-start=\"214\" data-end=\"233\">Le Scuole in Rete<\/em> con il supporto di vari enti e il contributo di Unifarco. Il primo incontro, aperto alla cittadinanza, si terr\u00e0 luned\u00ec 24 marzo alle 20:30 presso il Centro Giovanni XXIII. Il giorno successivo, marted\u00ec 25 marzo alle 11:00, Mantovani incontrer\u00e0 gli studenti nella Sala Bianchi <em data-start=\"510\" data-end=\"527\">Eliseo Dal Pont<\/em>. Un\u2019occasione per approfondire il funzionamento del sistema immunitario con uno dei massimi esperti del settore.<\/p>\n<p>&nbsp;<\/p>\n<hr \/>\n<p>&nbsp;<\/p>\n<blockquote>\n<h2 class=\"_title post-title entry-title\"><a class=\"dt-pswp-item\" href=\"https:\/\/www.radiopiu.net\/wordpress\/wp-content\/uploads\/2023\/12\/ANTENNA.png\" data-dt-img-description=\"\" data-large_image_width=\"300\" data-large_image_height=\"166\"><img loading=\"lazy\" decoding=\"async\" class=\"wp-image-366306 alignleft\" src=\"https:\/\/www.radiopiu.net\/wordpress\/wp-content\/uploads\/2023\/12\/ANTENNA.png\" alt=\"\" width=\"136\" height=\"75\" \/><\/a>BELLUNO | GIORNATA DEL RICORDO DELLE VITTIME DI MAFIA, 1101 NOMI LETTI IN PIAZZA<\/h2>\n<\/blockquote>\n<p>Intervistati ANTONELLO ROCCOBERTON (PREFETTO DI BELLUNO), FRANCO CHEMELLO (SCUOLE IN RETE) (Servizio di\u00a0<a href=\"https:\/\/antennatre.medianordest.it\/redazione\/Tiziana-Bolognani\/\">Tiziana Bolognani<\/a>)<\/p>\n<p><iframe loading=\"lazy\" title=\"GIORNATA DEL RICORDO DELLE VITTIME DI MAFIA, 1101 NOMI LETTI IN PIAZZA | 21\/03\/2025\" width=\"1200\" height=\"675\" src=\"https:\/\/www.youtube.com\/embed\/O3t4Yhv2kY0?feature=oembed\" frameborder=\"0\" allow=\"accelerometer; autoplay; clipboard-write; encrypted-media; gyroscope; picture-in-picture; web-share\" referrerpolicy=\"strict-origin-when-cross-origin\" allowfullscreen><\/iframe><\/p>\n<p>&nbsp;<\/p>\n<p>&nbsp;<\/p>\n<p>&nbsp;<\/p>\n<hr \/>\n<p>&nbsp;<\/p>\n<blockquote>\n<h3>ULSS 1 DOLOMITI: INCONTRO CON GLI OPERATORI DELLA RISTORAZIONE<\/h3>\n<\/blockquote>\n<p><strong><a class=\"dt-pswp-item\" href=\"https:\/\/www.radiopiu.net\/wordpress\/wp-content\/uploads\/2021\/03\/ULSS-1.jpg\" data-dt-img-description=\"\" data-large_image_width=\"776\" data-large_image_height=\"408\"><img loading=\"lazy\" decoding=\"async\" class=\" wp-image-198838 alignleft\" src=\"https:\/\/www.radiopiu.net\/wordpress\/wp-content\/uploads\/2021\/03\/ULSS-1-300x158.jpg\" alt=\"\" width=\"165\" height=\"87\" srcset=\"https:\/\/www.radiopiu.net\/wordpress\/wp-content\/uploads\/2021\/03\/ULSS-1-300x158.jpg 300w, https:\/\/www.radiopiu.net\/wordpress\/wp-content\/uploads\/2021\/03\/ULSS-1-768x404.jpg 768w, https:\/\/www.radiopiu.net\/wordpress\/wp-content\/uploads\/2021\/03\/ULSS-1.jpg 776w\" sizes=\"auto, (max-width: 165px) 100vw, 165px\" \/><\/a>BELLUNO<\/strong> L\u2019Ulss Dolomiti, con il Dipartimento di Prevenzione, organizza un evento formativo sulla tracciabilit\u00e0 degli alimenti per gli operatori del settore della ristorazione. L&#8217;incontro, dal titolo &#8220;Sulla rotta della tracciabilit\u00e0 degli alimenti: lo stato dell\u2019arte&#8221;, si terr\u00e0 luned\u00ec 24 marzo 2025, dalle 15.00 alle 18.00, nella Sala Convegni dell\u2019Ospedale San Martino di Belluno. Saranno trattate tematiche relative alla normativa sulla tracciabilit\u00e0, ai rischi di frodi alimentari, e alle problematiche legate alla gestione dei prodotti ittici. L\u2019obiettivo \u00e8 supportare i ristoratori per garantire il rispetto delle normative e migliorare la qualit\u00e0 del servizio a tutela della salute pubblica.<\/p>\n<p>&nbsp;<\/p>\n<p>&nbsp;<\/p>\n<hr \/>\n<p>&nbsp;<\/p>\n<blockquote>\n<h3><a class=\"dt-pswp-item\" href=\"https:\/\/www.radiopiu.net\/wordpress\/wp-content\/uploads\/2021\/05\/Giornata-mondiale-api-2021-Bambini-asilo-Cairoli-3-scaled.jpg\" data-dt-img-description=\"\" data-large_image_width=\"2560\" data-large_image_height=\"1707\"><img loading=\"lazy\" decoding=\"async\" class=\" wp-image-210941 alignleft\" src=\"https:\/\/www.radiopiu.net\/wordpress\/wp-content\/uploads\/2021\/05\/Giornata-mondiale-api-2021-Bambini-asilo-Cairoli-3-300x200.jpg\" alt=\"\" width=\"147\" height=\"98\" srcset=\"https:\/\/www.radiopiu.net\/wordpress\/wp-content\/uploads\/2021\/05\/Giornata-mondiale-api-2021-Bambini-asilo-Cairoli-3-300x200.jpg 300w, https:\/\/www.radiopiu.net\/wordpress\/wp-content\/uploads\/2021\/05\/Giornata-mondiale-api-2021-Bambini-asilo-Cairoli-3-1024x683.jpg 1024w, https:\/\/www.radiopiu.net\/wordpress\/wp-content\/uploads\/2021\/05\/Giornata-mondiale-api-2021-Bambini-asilo-Cairoli-3-768x512.jpg 768w, https:\/\/www.radiopiu.net\/wordpress\/wp-content\/uploads\/2021\/05\/Giornata-mondiale-api-2021-Bambini-asilo-Cairoli-3-1536x1024.jpg 1536w, https:\/\/www.radiopiu.net\/wordpress\/wp-content\/uploads\/2021\/05\/Giornata-mondiale-api-2021-Bambini-asilo-Cairoli-3-2048x1365.jpg 2048w\" sizes=\"auto, (max-width: 147px) 100vw, 147px\" \/><\/a>AD AGRIMONT CON PAOLO FONTANA E JACOPO BRIDDA<\/h3>\n<\/blockquote>\n<p><strong>LONGARONE<\/strong> Agrimont 2025 dedica spazio alle api con Paolo Fontana, entomologo della Fondazione Edmund Mach, che domenica 23 marzo parler\u00e0 di nutrizione in apicoltura per prevenire il nosema. Presso gli stand di Apidolomiti e Apimarca si terranno dimostrazioni di apicoltura e degustazioni di miele. Sabato 22 marzo, dalle 16 alle 19, si svolger\u00e0 il convegno \u201cLo spazio Wigwam ad Agrimont 2025\u201d con Efrem Tassinato, trattando temi legati a cultura e artigianato locale. Il meteo in agricoltura sar\u00e0 al centro di incontri con il meteorologo Jacopo Bridda, previsti sabato 22 e domenica 23 marzo.<\/p>\n<p>&nbsp;<\/p>\n<p>&nbsp;<\/p>\n<hr \/>\n<p>&nbsp;<\/p>\n<h2><span style=\"color: #ff0000;\">CONSIGLI COMUNALI IN AGORDINO<\/span><\/h2>\n<p><strong>FALCADE <\/strong>Il Consiglio Comunale si riunir\u00e0 mercoled\u00ec alle 20. Tra i punti in discussione: la presa d\u2019atto del controllo amministrativo per il secondo semestre 2024, il recupero spese sostenute dal Comune di Belluno nell\u2019ambito ATEM Gas e la quinta variazione al bilancio 2025-2027 e modifica al piano investimenti 2025.<\/p>\n<p>&nbsp;<\/p>\n<p>&nbsp;<\/p>\n<hr \/>\n<p>&nbsp;<\/p>\n<p>&nbsp;<\/p>\n<h2><span style=\"color: #99cc00;\">TORNA LA VECIA POPA AD AGORDO<\/span><\/h2>\n<p><strong><a class=\"dt-pswp-item\" href=\"https:\/\/www.radiopiu.net\/wordpress\/wp-content\/uploads\/2022\/03\/vecia-popa.jpg\" data-dt-img-description=\"\" data-large_image_width=\"2048\" data-large_image_height=\"1360\"><img loading=\"lazy\" decoding=\"async\" class=\" wp-image-263290 alignleft\" src=\"https:\/\/www.radiopiu.net\/wordpress\/wp-content\/uploads\/2022\/03\/vecia-popa-300x199.jpg\" alt=\"\" width=\"187\" height=\"124\" srcset=\"https:\/\/www.radiopiu.net\/wordpress\/wp-content\/uploads\/2022\/03\/vecia-popa-300x199.jpg 300w, https:\/\/www.radiopiu.net\/wordpress\/wp-content\/uploads\/2022\/03\/vecia-popa-1024x680.jpg 1024w, https:\/\/www.radiopiu.net\/wordpress\/wp-content\/uploads\/2022\/03\/vecia-popa-768x510.jpg 768w, https:\/\/www.radiopiu.net\/wordpress\/wp-content\/uploads\/2022\/03\/vecia-popa-1536x1020.jpg 1536w, https:\/\/www.radiopiu.net\/wordpress\/wp-content\/uploads\/2022\/03\/vecia-popa.jpg 2048w\" sizes=\"auto, (max-width: 187px) 100vw, 187px\" \/><\/a>DI MARCO GAZ<\/strong><\/p>\n<p>OSPITI: Valentina De Nardin e Thomas Manfroi<\/p>\n<audio class=\"wp-audio-shortcode\" id=\"audio-440768-11\" preload=\"none\" style=\"width: 100%;\" controls=\"controls\"><source type=\"audio\/mpeg\" src=\"https:\/\/www.radiopiu.net\/wordpress\/wp-content\/uploads\/2025\/03\/VECIA-POPA-2025-THOMAS-E-VALENTINA.mp3?_=11\" \/><a href=\"https:\/\/www.radiopiu.net\/wordpress\/wp-content\/uploads\/2025\/03\/VECIA-POPA-2025-THOMAS-E-VALENTINA.mp3\">https:\/\/www.radiopiu.net\/wordpress\/wp-content\/uploads\/2025\/03\/VECIA-POPA-2025-THOMAS-E-VALENTINA.mp3<\/a><\/audio>\n<blockquote>\n<h2 style=\"text-align: left;\"><\/h2>\n<\/blockquote>\n<hr \/>\n<blockquote><p>&nbsp;<\/p>\n<h2 style=\"text-align: left;\"><a class=\"dt-pswp-item\" href=\"https:\/\/www.radiopiu.net\/wordpress\/wp-content\/uploads\/2025\/03\/485309029_959375236313652_6910845502519369524_n.jpg\" data-dt-img-description=\"\" data-large_image_width=\"900\" data-large_image_height=\"600\"><img loading=\"lazy\" decoding=\"async\" class=\"wp-image-440906 alignleft\" src=\"https:\/\/www.radiopiu.net\/wordpress\/wp-content\/uploads\/2025\/03\/485309029_959375236313652_6910845502519369524_n-300x200.jpg\" alt=\"\" width=\"162\" height=\"108\" srcset=\"https:\/\/www.radiopiu.net\/wordpress\/wp-content\/uploads\/2025\/03\/485309029_959375236313652_6910845502519369524_n-300x200.jpg 300w, https:\/\/www.radiopiu.net\/wordpress\/wp-content\/uploads\/2025\/03\/485309029_959375236313652_6910845502519369524_n-768x512.jpg 768w, https:\/\/www.radiopiu.net\/wordpress\/wp-content\/uploads\/2025\/03\/485309029_959375236313652_6910845502519369524_n.jpg 900w\" sizes=\"auto, (max-width: 162px) 100vw, 162px\" \/><\/a>SAVE THE DATE&#8230;<br \/>\nCON IL COMITATO PALIO DI AGORDO<\/h2>\n<\/blockquote>\n<div class=\"xdj266r x11i5rnm xat24cr x1mh8g0r x1vvkbs x126k92a\">\n<div dir=\"auto\">Torna il Torneo delle Frazioni!<\/div>\n<div dir=\"auto\">Domenica 18 maggio, le frazioni di Agordo si sfideranno in un appassionante torneo di calcio sul Broi! Oltre alla competizione, ci sar\u00e0 anche tanta musica per scaldare l&#8217;atmosfera e panini buonissimi per rifocillarsi tra una partita e l&#8217;altra!<\/div>\n<div dir=\"auto\">\u00a0In caso di brutto tempo, l&#8217;evento verr\u00e0 posticipato a domenica 25 maggio.<\/div>\n<div dir=\"auto\"><\/div>\n<div dir=\"auto\"><span class=\"html-span xexx8yu x4uap5 x18d9i69 xkhd6sd x1hl2dhg x16tdsg8 x1vvkbs x3nfvp2 x1j61x8r x1fcty0u xdj266r xat24cr xgzva0m xhhsvwb xxymvpz xlup9mm x1kky2od\">Rimanete sintonizzati per tutti gli aggiornamenti!\u00a0\u00a0<\/span><\/div>\n<div dir=\"auto\"><\/div>\n<\/div>\n<p>&nbsp;<\/p>\n<hr \/>\n<p>&nbsp;<\/p>\n<blockquote>\n<h3>L&#8217;ASSEMBLEA DEL CIRCOLO CULTURALE AGORDINO<\/h3>\n<\/blockquote>\n<p><strong>AGORDO<\/strong> L\u2019Assemblea ordinaria del Circolo Culturale Agordino a.p.s. si terr\u00e0 presso la Biblioteca Civica di Agordo il 28 marzo 2025 (prima convocazione) e il 29 marzo 2025 alle 10:30 (seconda convocazione). All\u2019ordine del giorno: programmazione delle attivit\u00e0 2025, approvazione del bilancio 2024 e relazione sul bilancio sociale.<\/p>\n<p>&nbsp;<\/p>\n<p>&nbsp;<\/p>\n<hr \/>\n<p>&nbsp;<\/p>\n<blockquote>\n<h3>LIONS CLUB BELLUNO: UNA SERATA DI MUSICA E SOLIDARIET\u00c0 PER BELLUNO DONNA<\/h3>\n<\/blockquote>\n<p><strong><a class=\"dt-pswp-item\" href=\"https:\/\/www.radiopiu.net\/wordpress\/wp-content\/uploads\/2025\/03\/Immagine-2025-03-18-142342.png\" data-dt-img-description=\"\" data-large_image_width=\"630\" data-large_image_height=\"299\"><img loading=\"lazy\" decoding=\"async\" class=\" wp-image-440338 alignleft\" src=\"https:\/\/www.radiopiu.net\/wordpress\/wp-content\/uploads\/2025\/03\/Immagine-2025-03-18-142342-300x142.png\" alt=\"\" width=\"211\" height=\"100\" srcset=\"https:\/\/www.radiopiu.net\/wordpress\/wp-content\/uploads\/2025\/03\/Immagine-2025-03-18-142342-300x142.png 300w, https:\/\/www.radiopiu.net\/wordpress\/wp-content\/uploads\/2025\/03\/Immagine-2025-03-18-142342.png 630w\" sizes=\"auto, (max-width: 211px) 100vw, 211px\" \/><\/a>BELLUNO\u00a0<\/strong>Sabato 29 marzo alle ore 20:30, presso il Teatro Giovanni XXIII di Belluno, si terr\u00e0 un evento benefico organizzato dal Lions Club Belluno, con l\u2019obiettivo di raccogliere fondi per l\u2019associazione Belluno Donna Onlus, che sostiene economicamente donne e bambini in difficolt\u00e0. La serata sar\u00e0 coordinata da Michela Da Canal e vedr\u00e0 la partecipazione di ospiti di spicco. Tra questi, Ivano Battiston, maestro di fisarmonica e compositore di fama internazionale, che incanter\u00e0 il pubblico con la sua arte. Interverr\u00e0 anche la dott.ssa Roberta Gallego, Sostituto Procuratore della Repubblica presso il Tribunale di Belluno, per offrire uno spaccato della realt\u00e0 delle donne vittime di violenza. A rendere ancor pi\u00f9 speciale l\u2019evento sar\u00e0 la Compagnia dei Teatranti di Bisceglie, con Elida Musci e Michele Schiavone, che proporranno uno spettacolo teatrale di grande impatto. Un\u2019occasione per unire cultura, musica e impegno sociale, ricordando il valore della solidariet\u00e0 e del supporto a chi affronta situazioni difficili. L\u2019intero ricavato della serata sar\u00e0 devoluto a Belluno Donna.<\/p>\n<p>&nbsp;<\/p>\n<p>&nbsp;<\/p>\n<hr \/>\n<p>&nbsp;<\/p>\n<blockquote>\n<h3><a class=\"dt-pswp-item\" href=\"https:\/\/www.radiopiu.net\/wordpress\/wp-content\/uploads\/2025\/03\/locandina1.jpeg\" data-dt-img-description=\"\" data-large_image_width=\"1131\" data-large_image_height=\"1600\"><img loading=\"lazy\" decoding=\"async\" class=\" wp-image-439873 alignleft\" src=\"https:\/\/www.radiopiu.net\/wordpress\/wp-content\/uploads\/2025\/03\/locandina1-212x300.jpeg\" alt=\"\" width=\"137\" height=\"194\" srcset=\"https:\/\/www.radiopiu.net\/wordpress\/wp-content\/uploads\/2025\/03\/locandina1-212x300.jpeg 212w, https:\/\/www.radiopiu.net\/wordpress\/wp-content\/uploads\/2025\/03\/locandina1-724x1024.jpeg 724w, https:\/\/www.radiopiu.net\/wordpress\/wp-content\/uploads\/2025\/03\/locandina1-768x1086.jpeg 768w, https:\/\/www.radiopiu.net\/wordpress\/wp-content\/uploads\/2025\/03\/locandina1-1086x1536.jpeg 1086w, https:\/\/www.radiopiu.net\/wordpress\/wp-content\/uploads\/2025\/03\/locandina1.jpeg 1131w\" sizes=\"auto, (max-width: 137px) 100vw, 137px\" \/><\/a>100 CENE PER EMERGENCY<\/h3>\n<\/blockquote>\n<p><strong>BELLUNO<\/strong> Oggi a Falcade, presso l&#8217;Hotel e Ristorante Stella Alpina, si terr\u00e0 la &#8220;100 Cene&#8221;, iniziativa di EMERGENCY che unisce buon cibo e solidariet\u00e0. L&#8217;evento sostiene gli ospedali dell&#8217;Ong attraverso cene, pranzi o aperitivi organizzati da ristoratori e volontari. I partecipanti potranno vivere un\u2019esperienza immersiva nell\u2019ospedale di EMERGENCY in Uganda tramite un visore VR. Anche nuovi ristoratori possono aderire all&#8217;iniziativa, devolvendo parte dell&#8217;incasso o dedicando un piatto speciale. I fondi raccolti supporteranno progetti in Sudan, Sierra Leone, Uganda, Iraq e Afghanistan, garantendo oltre 130mila pasti al mese ai pazienti e ai loro familiari. Per informazioni e adesioni, scrivere a <a rel=\"noopener\" data-start=\"702\" data-end=\"728\">eventi.gruppi@emergency.it<\/a>. Per prenotazioni, contattare il ristorante al 0437599046 o 3471087801 (anche WhatsApp).<\/p>\n<p>&nbsp;<\/p>\n<p>&nbsp;<\/p>\n<hr \/>\n<p>&nbsp;<\/p>\n<blockquote>\n<h3>UN INCONTRO CON L&#8217;ASSOCIAZIONE CUCCHINI<\/h3>\n<\/blockquote>\n<p><strong><a class=\"dt-pswp-item\" href=\"https:\/\/www.radiopiu.net\/wordpress\/wp-content\/uploads\/2025\/03\/KJFTYAUALGO.png\" data-dt-img-description=\"\" data-large_image_width=\"1747\" data-large_image_height=\"971\"><img loading=\"lazy\" decoding=\"async\" class=\" wp-image-440851 alignleft\" src=\"https:\/\/www.radiopiu.net\/wordpress\/wp-content\/uploads\/2025\/03\/KJFTYAUALGO-300x167.png\" alt=\"\" width=\"199\" height=\"111\" srcset=\"https:\/\/www.radiopiu.net\/wordpress\/wp-content\/uploads\/2025\/03\/KJFTYAUALGO-300x167.png 300w, https:\/\/www.radiopiu.net\/wordpress\/wp-content\/uploads\/2025\/03\/KJFTYAUALGO-1024x569.png 1024w, https:\/\/www.radiopiu.net\/wordpress\/wp-content\/uploads\/2025\/03\/KJFTYAUALGO-768x427.png 768w, https:\/\/www.radiopiu.net\/wordpress\/wp-content\/uploads\/2025\/03\/KJFTYAUALGO-1536x854.png 1536w, https:\/\/www.radiopiu.net\/wordpress\/wp-content\/uploads\/2025\/03\/KJFTYAUALGO.png 1747w\" sizes=\"auto, (max-width: 199px) 100vw, 199px\" \/><\/a>BELLUNO<\/strong> L&#8217;associazione Cucchini organizza un incontro informativo sulle Disposizioni Anticipate di Trattamento (DAT) dal titolo <strong data-start=\"108\" data-end=\"143\">\u201cTroppo presto o troppo tardi?\u201d<\/strong>. L&#8217;evento si terr\u00e0 gioved\u00ec 27 marzo alle 18 presso la sede dell\u2019associazione, accanto all\u2019Hospice Casa Tua Due di Belluno. Il presidente Paolo Colleselli sottolinea l\u2019importanza di informare su questa tematica complessa. Le DAT, previste dalla legge 219\/2017, permettono a una persona di esprimere in anticipo le proprie volont\u00e0 su trattamenti sanitari in caso di futura incapacit\u00e0 di autodeterminarsi. Qualsiasi maggiorenne pu\u00f2 redigerle, e i Comuni sono responsabili della loro registrazione. L&#8217;incontro vedr\u00e0 gli interventi di esperti che tratteranno il tema da diverse prospettive: la psicologa Elena Sommacal analizzer\u00e0 gli aspetti emotivi, il medico Stefano Capelli illustrer\u00e0 la normativa, e rappresentanti comunali spiegheranno le modalit\u00e0 di deposito delle DAT.<\/p>\n<p>&nbsp;<\/p>\n<p>&nbsp;<\/p>\n<hr \/>\n<p>&nbsp;<\/p>\n<blockquote>\n<p data-start=\"0\" data-end=\"71\"><strong data-start=\"0\" data-end=\"69\">MOSTRA DEDICATA A VITTORIO PISANI: INAUGURAZIONE A PIEVE D\u2019ALPAGO<\/strong><\/p>\n<\/blockquote>\n<p data-start=\"73\" data-end=\"333\" data-is-last-node=\"\" data-is-only-node=\"\">Domenica 30 marzo alle 17:00, presso il Palazzo Municipale di Pieve d\u2019Alpago, verr\u00e0 inaugurata la mostra temporanea dedicata a Vittorio Pisani. L\u2019evento, promosso dall&#8217;Ufficio Cultura e dalla Biblioteca Civica, ha il patrocinio di enti locali e internazionali.<\/p>\n<p>&nbsp;<\/p>\n<hr \/>\n<p>&nbsp;<\/p>\n<blockquote>\n<h3>AL CENTRO ASTRONOMICO DI ARSON A FELTRE<\/h3>\n<\/blockquote>\n<p><strong>FELTRE<\/strong> Il Centro Astronomico organizza due eventi di osservazione. Ultimo appuntamento il 29 marzo alle 11 \u00e8 prevista l\u2019osservazione dell\u2019eclisse parziale di Sole (11:30-12:49) e, se possibile, di Venere e Mercurio. In caso di maltempo, ci saranno conferenze al planetario. Il biglietto costa 5 euro, ma \u00e8 gratuito per i soci e i bambini sotto gli 11 anni.<\/p>\n<p>&nbsp;<\/p>\n<p>&nbsp;<\/p>\n<hr \/>\n<p>&nbsp;<\/p>\n<blockquote>\n<h3>CORSO DI MICOLOGIA A LIMANA<\/h3>\n<\/blockquote>\n<p><strong>LIMANA<\/strong> Sono ancora pochi i posti disponibili per il <strong data-start=\"45\" data-end=\"72\">corso base di micologia<\/strong> organizzato dal Comune di Limana in collaborazione con l&#8217;Associazione Micologia &#8220;Bresadola&#8221; di Belluno. La prima lezione si terr\u00e0 venerd\u00ec 28 marzo 2025, seguita da altre 7 lezioni teoriche. Due uscite pratiche in campo saranno concordate al termine del corso. Per maggiori informazioni e per iscriversi, visita il sito web: <a href=\"http:\/\/www.limana.org\/corsofunghi\" target=\"_new\" rel=\"noopener\" data-start=\"397\" data-end=\"460\">www.limana.org\/corsofunghi<\/a>.<\/p>\n<p>&nbsp;<\/p>\n<p>&nbsp;<\/p>\n<hr \/>\n<p>&nbsp;<\/p>\n<blockquote>\n<h3>ANELLI D&#8217;ITALIA AL CIRCOLO CULTURALE LA TERRA DEI PADRI<\/h3>\n<\/blockquote>\n<p><strong>BELLUNO<\/strong> il Circolo culturale\u00a0 &#8220;La Terra dei Padri &#8211; Belluno Aps&#8221;,\u00a0 in collaborazione con la delegazione bellunese della Lega Nazionale, organizza un incontro che si svolger\u00e0 oggi alle 17 nella sede del\u00a0 Circolo in via dei Molini, 10 &#8211; Belluno. La serata sar\u00e0 dedicata alla presentazione del saggio storico &#8220;Anelli d&#8217;Italia&#8221; di Mauro e Massimo Minniti, edito da Gander Books. Saranno presenti gli Autori, introdotti da Francesco Dematt\u00e8.<\/p>\n<p>&nbsp;<\/p>\n<p>&nbsp;<\/p>\n<hr \/>\n<p>&nbsp;<\/p>\n<blockquote>\n<h3 class=\"entry-title\">GLI ANFIBI SPAIATI PORTANO IN SCENA \u201cORAZIO\u201d A MEL: RICORDI PORTATI DAL VENTO DI RUSSIA<\/h3>\n<\/blockquote>\n<p><strong><a class=\"dt-pswp-item\" href=\"https:\/\/www.radiopiu.net\/wordpress\/wp-content\/uploads\/2025\/03\/6623bca2-8891-4721-8e5c-a4177c95ada2.jpg\" data-dt-img-description=\"\" data-large_image_width=\"2047\" data-large_image_height=\"1365\"><img loading=\"lazy\" decoding=\"async\" class=\" wp-image-440347 alignleft\" src=\"https:\/\/www.radiopiu.net\/wordpress\/wp-content\/uploads\/2025\/03\/6623bca2-8891-4721-8e5c-a4177c95ada2-300x200.jpg\" alt=\"\" width=\"120\" height=\"80\" srcset=\"https:\/\/www.radiopiu.net\/wordpress\/wp-content\/uploads\/2025\/03\/6623bca2-8891-4721-8e5c-a4177c95ada2-300x200.jpg 300w, https:\/\/www.radiopiu.net\/wordpress\/wp-content\/uploads\/2025\/03\/6623bca2-8891-4721-8e5c-a4177c95ada2-1024x683.jpg 1024w, https:\/\/www.radiopiu.net\/wordpress\/wp-content\/uploads\/2025\/03\/6623bca2-8891-4721-8e5c-a4177c95ada2-768x512.jpg 768w, https:\/\/www.radiopiu.net\/wordpress\/wp-content\/uploads\/2025\/03\/6623bca2-8891-4721-8e5c-a4177c95ada2-1536x1024.jpg 1536w, https:\/\/www.radiopiu.net\/wordpress\/wp-content\/uploads\/2025\/03\/6623bca2-8891-4721-8e5c-a4177c95ada2.jpg 2047w\" sizes=\"auto, (max-width: 120px) 100vw, 120px\" \/><\/a>BORGO VALBELLUNA <\/strong>La sofferenza della guerra, il gelo di Nikolajewka nel 1943, la solitudine e la speranza di rinascere: questi i temi di <em data-start=\"215\" data-end=\"223\">Orazio<\/em>, lo spettacolo teatrale portato in scena dall\u2019Associazione Culturale Anfibi Spaiati di Santa Giustina. Protagonista \u00e8 Orazio, un alpino burbero e solitario che, grazie all\u2019incontro con Melia, trova il coraggio di raccontare la sua storia, scoprendo che dalla Russia non ha portato solo dolore, ma anche ricordi di umanit\u00e0 e resistenza. L\u2019evento, organizzato dall\u2019Auser, si terr\u00e0 stasera alle 20:30 presso l\u2019Auditorium di San Pietro a Mel di Borgo Valbelluna. Ingresso a offerta libera, senza prenotazione.<\/p>\n<p>&nbsp;<\/p>\n<p>&nbsp;<\/p>\n<hr \/>\n<p>&nbsp;<\/p>\n<blockquote>\n<h3>A VOLTAGO CON ABM<\/h3>\n<\/blockquote>\n<p><strong>VOLTAGO<\/strong> L&#8217;Amministrazione Comunale di Voltago Agordino, insieme all&#8217;Associazione Bellunesi nel Mondo e alla Biblioteca delle Migrazioni Dino Buzzati, con il contributo del BIM Comuni del Piave, vi invita alla presentazione del libro <em data-start=\"225\" data-end=\"289\">Emigranti di Voltago e Digom\u00e0n verso gli Stati Uniti d\u2019America<\/em> di John F.V. Riva, con la revisione dei testi e ricerche supplementari a cura di Pat Riva, Luigi Rivis e Luisa Carniel. Appuntamento sabato 29 marzo alle 17 in Sala Maestro Gianni De Col di Voltago.<\/p>\n<p>&nbsp;<\/p>\n<p>&nbsp;<\/p>\n<hr \/>\n<p>&nbsp;<\/p>\n<blockquote>\n<h3>IL CAMMINANDO FESTIVAL A MEL<\/h3>\n<\/blockquote>\n<p><strong>BORGO VALBELLUNA <\/strong>Il Camminando Festival propone per venerd\u00ec 28 marzo al Palazzo delle Contesse di Mel un evento che unisce arte, letteratura e degustazione di prodotti locali. Si inizia alle 18:30 con lo scrittore e cartografo Luigi Farrauto, autore di <em data-start=\"255\" data-end=\"291\">Geografia di un viaggiatore pavido<\/em>, una raccolta di racconti tra ironia e riflessione sui viaggi e le paure che li accompagnano. Seguir\u00e0 la visita guidata alla mostra Cinetismo cromatico, dedicata all\u2019arte cinetica di Ferruccio Gard, Celestino Facchin e Sandi Renko, con l\u2019organizzatore Alfredo Campagnol. A concludere, un aperitivo con prodotti locali curato dal Gruppo Mele a Mel (iscrizione obbligatoria entro il 26 marzo, contributo 10\u20ac).<\/p>\n<p>&nbsp;<\/p>\n<p>&nbsp;<\/p>\n<hr \/>\n<p>&nbsp;<\/p>\n<h1><span style=\"color: #ff6600;\">IERI ALLA RADIO\u00a0<\/span><\/h1>\n<h2><span style=\"color: #808000;\">&#8220;DINTORN E FORA VIA&#8221;\u00a0 IL PROGRAMMA\u00a0 A CURA DEL MUSLA<\/span><\/h2>\n<p><strong><a class=\"dt-pswp-item\" href=\"https:\/\/www.radiopiu.net\/wordpress\/wp-content\/uploads\/2024\/09\/GIORNALI.jpg\" data-dt-img-description=\"\" data-large_image_width=\"1280\" data-large_image_height=\"853\"><img loading=\"lazy\" decoding=\"async\" class=\" wp-image-410862 alignleft\" src=\"https:\/\/www.radiopiu.net\/wordpress\/wp-content\/uploads\/2024\/09\/GIORNALI-300x200.jpg\" alt=\"\" width=\"183\" height=\"122\" srcset=\"https:\/\/www.radiopiu.net\/wordpress\/wp-content\/uploads\/2024\/09\/GIORNALI-300x200.jpg 300w, https:\/\/www.radiopiu.net\/wordpress\/wp-content\/uploads\/2024\/09\/GIORNALI-1024x682.jpg 1024w, https:\/\/www.radiopiu.net\/wordpress\/wp-content\/uploads\/2024\/09\/GIORNALI-768x512.jpg 768w, https:\/\/www.radiopiu.net\/wordpress\/wp-content\/uploads\/2024\/09\/GIORNALI.jpg 1280w\" sizes=\"auto, (max-width: 183px) 100vw, 183px\" \/><\/a>PUNTATA DEL 21 MARZO 2025 MARTINO DAL MAS<\/strong><\/p>\n<audio class=\"wp-audio-shortcode\" id=\"audio-440768-12\" preload=\"none\" style=\"width: 100%;\" controls=\"controls\"><source type=\"audio\/mpeg\" src=\"https:\/\/www.radiopiu.net\/wordpress\/wp-content\/uploads\/2025\/03\/MUSLA-5.mp3?_=12\" \/><a href=\"https:\/\/www.radiopiu.net\/wordpress\/wp-content\/uploads\/2025\/03\/MUSLA-5.mp3\">https:\/\/www.radiopiu.net\/wordpress\/wp-content\/uploads\/2025\/03\/MUSLA-5.mp3<\/a><\/audio>\n<p>&nbsp;<\/p>\n<p><strong>LA RACCOLTA COMPLETA <a href=\"https:\/\/www.radiopiu.net\/wordpress\/musla\/\"><span style=\"color: #3366ff;\">CLICCA QUI<\/span><\/a><\/strong><\/p>\n<p>&nbsp;<\/p>\n<hr \/>\n<p>&nbsp;<\/p>\n<h2><span style=\"color: #ffcc00;\">MUSIC A B C, IL MONDO DELLA MUSICA UNA LETTERA ALLA VOLTA<\/span><\/h2>\n<p><span style=\"color: #ff0000;\"><strong><a class=\"dt-pswp-item\" href=\"https:\/\/www.radiopiu.net\/wordpress\/wp-content\/uploads\/2021\/07\/microfono-radio-ok-768x448-768x448-1.jpg\" data-dt-img-description=\"\" data-large_image_width=\"768\" data-large_image_height=\"448\"><img loading=\"lazy\" decoding=\"async\" class=\" wp-image-220632 alignleft\" src=\"https:\/\/www.radiopiu.net\/wordpress\/wp-content\/uploads\/2021\/07\/microfono-radio-ok-768x448-768x448-1-300x175.jpg\" alt=\"\" width=\"148\" height=\"86\" srcset=\"https:\/\/www.radiopiu.net\/wordpress\/wp-content\/uploads\/2021\/07\/microfono-radio-ok-768x448-768x448-1-300x175.jpg 300w, https:\/\/www.radiopiu.net\/wordpress\/wp-content\/uploads\/2021\/07\/microfono-radio-ok-768x448-768x448-1.jpg 768w\" sizes=\"auto, (max-width: 148px) 100vw, 148px\" \/><\/a>CON MARINA DONA&#8217; E DAVID &#8220;ATHOS&#8221; BEN<\/strong><\/span><\/p>\n<p><span style=\"color: #0000ff;\"><strong>PUNTATA DEL 21 MARZO 2025<\/strong><\/span><\/p>\n<p><strong>PRIMA PARTE<\/strong><\/p>\n<audio class=\"wp-audio-shortcode\" id=\"audio-440768-13\" preload=\"none\" style=\"width: 100%;\" controls=\"controls\"><source type=\"audio\/mpeg\" src=\"https:\/\/www.radiopiu.net\/wordpress\/wp-content\/uploads\/2025\/03\/GOLD1-1.mp3?_=13\" \/><a href=\"https:\/\/www.radiopiu.net\/wordpress\/wp-content\/uploads\/2025\/03\/GOLD1-1.mp3\">https:\/\/www.radiopiu.net\/wordpress\/wp-content\/uploads\/2025\/03\/GOLD1-1.mp3<\/a><\/audio>\n<p>&nbsp;<\/p>\n<p><strong>SECONDA PARTE<\/strong><\/p>\n<audio class=\"wp-audio-shortcode\" id=\"audio-440768-14\" preload=\"none\" style=\"width: 100%;\" controls=\"controls\"><source type=\"audio\/mpeg\" src=\"https:\/\/www.radiopiu.net\/wordpress\/wp-content\/uploads\/2025\/03\/GOLD2-1.mp3?_=14\" \/><a href=\"https:\/\/www.radiopiu.net\/wordpress\/wp-content\/uploads\/2025\/03\/GOLD2-1.mp3\">https:\/\/www.radiopiu.net\/wordpress\/wp-content\/uploads\/2025\/03\/GOLD2-1.mp3<\/a><\/audio>\n<p>&nbsp;<\/p>\n<p><strong>TERZA PARTE<\/strong><\/p>\n<audio class=\"wp-audio-shortcode\" id=\"audio-440768-15\" preload=\"none\" style=\"width: 100%;\" controls=\"controls\"><source type=\"audio\/mpeg\" src=\"https:\/\/www.radiopiu.net\/wordpress\/wp-content\/uploads\/2025\/03\/GOLD3-1.mp3?_=15\" \/><a href=\"https:\/\/www.radiopiu.net\/wordpress\/wp-content\/uploads\/2025\/03\/GOLD3-1.mp3\">https:\/\/www.radiopiu.net\/wordpress\/wp-content\/uploads\/2025\/03\/GOLD3-1.mp3<\/a><\/audio>\n<p>&nbsp;<\/p>\n<p><strong>LA RACCOLTA COMPLETA <a href=\"https:\/\/www.radiopiu.net\/wordpress\/music-a-b-c-il-mondo-della-musica-una-lettera-alla-volta-la-raccolta\/\"><span style=\"color: #3366ff;\">CLICCA QUI<\/span><\/a><\/strong><\/p>\n<p>&nbsp;<\/p>\n<hr \/>\n<div class=\"xdj266r x11i5rnm xat24cr x1mh8g0r x1vvkbs x126k92a\">\n<div dir=\"auto\"><\/div>\n<\/div>\n<div class=\"x11i5rnm xat24cr x1mh8g0r x1vvkbs xtlvy1s x126k92a\">\n<div dir=\"auto\"><\/div>\n<\/div>\n<hr \/>\n<p>&nbsp;<\/p>\n<h2><span style=\"color: #ff0000;\"><a class=\"dt-pswp-item\" href=\"https:\/\/www.radiopiu.net\/wordpress\/wp-content\/uploads\/2018\/09\/appuntamenti.jpeg\" data-dt-img-description=\"\" data-large_image_width=\"800\" data-large_image_height=\"100\"><img loading=\"lazy\" decoding=\"async\" class=\"wp-image-61958 size-full aligncenter\" src=\"https:\/\/www.radiopiu.net\/wordpress\/wp-content\/uploads\/2018\/09\/appuntamenti.jpeg\" alt=\"\" width=\"800\" height=\"100\" srcset=\"https:\/\/www.radiopiu.net\/wordpress\/wp-content\/uploads\/2018\/09\/appuntamenti.jpeg 800w, https:\/\/www.radiopiu.net\/wordpress\/wp-content\/uploads\/2018\/09\/appuntamenti-300x38.jpeg 300w, https:\/\/www.radiopiu.net\/wordpress\/wp-content\/uploads\/2018\/09\/appuntamenti-768x96.jpeg 768w\" sizes=\"auto, (max-width: 800px) 100vw, 800px\" \/><\/a><\/span><\/h2>\n<h3 dir=\"auto\"><\/h3>\n<blockquote>\n<h3>MORGAN &amp; BATTAGLIA I RESIDENT DJ DEL SAVE THE DATE FESTIVAL<\/h3>\n<\/blockquote>\n<p><strong>FALCADE <\/strong>Il palco si accende, le casse vibrano e l\u2019atmosfera si infiamma: Morgan e Battaglia sono pronti a farvi ballare senza sosta! Con selezioni potenti e beat travolgenti, il duo porter\u00e0 un\u2019ondata di pura energia al Rifugio Laresei. Quattro ospiti speciali arricchiranno il festival, ma sar\u00e0 la loro console a tenere il cuore pulsante della serata. L\u2019unica regola? Lasciarsi andare al ritmo e vivere la musica senza freni. Preparati a un\u2019esperienza indimenticabile! L&#8217;appuntamento \u00e8 per il 29 marzo al Rifugio Laresei<\/p>\n\n\t\t\t<style type='text\/css'>\n\t\t\t\t#gallery-3 {\n\t\t\t\t\tmargin: auto;\n\t\t\t\t}\n\t\t\t\t#gallery-3 .gallery-item {\n\t\t\t\t\tfloat: left;\n\t\t\t\t\tmargin-top: 10px;\n\t\t\t\t\ttext-align: center;\n\t\t\t\t\twidth: 20%;\n\t\t\t\t}\n\t\t\t\t#gallery-3 img {\n\t\t\t\t\tborder: 2px solid #cfcfcf;\n\t\t\t\t}\n\t\t\t\t#gallery-3 .gallery-caption {\n\t\t\t\t\tmargin-left: 0;\n\t\t\t\t}\n\t\t\t\t\/* see gallery_shortcode() in wp-includes\/media.php *\/\n\t\t\t<\/style>\n\t\t<div id='gallery-3' class='dt-gallery-container gallery galleryid-440768 gallery-columns-5 gallery-size-medium'><dl class='gallery-item'>\n\t\t\t\t<dt class='gallery-icon portrait'>\n\t\t\t\t\t<a class=\"rollover rollover-zoom dt-pswp-item\" title=\"475351389_122191419572160269_4819090400106529375_n\" data-dt-img-description=\"\" data-large_image_width=\"1024\" data-large_image_height=\"1280\"href='https:\/\/www.radiopiu.net\/wordpress\/wp-content\/uploads\/2025\/02\/475351389_122191419572160269_4819090400106529375_n.jpg'><img loading=\"lazy\" decoding=\"async\" width=\"240\" height=\"300\" src=\"https:\/\/www.radiopiu.net\/wordpress\/wp-content\/uploads\/2025\/02\/475351389_122191419572160269_4819090400106529375_n-240x300.jpg\" class=\"attachment-medium size-medium\" alt=\"\" srcset=\"https:\/\/www.radiopiu.net\/wordpress\/wp-content\/uploads\/2025\/02\/475351389_122191419572160269_4819090400106529375_n-240x300.jpg 240w, https:\/\/www.radiopiu.net\/wordpress\/wp-content\/uploads\/2025\/02\/475351389_122191419572160269_4819090400106529375_n-819x1024.jpg 819w, https:\/\/www.radiopiu.net\/wordpress\/wp-content\/uploads\/2025\/02\/475351389_122191419572160269_4819090400106529375_n-768x960.jpg 768w, https:\/\/www.radiopiu.net\/wordpress\/wp-content\/uploads\/2025\/02\/475351389_122191419572160269_4819090400106529375_n.jpg 1024w\" sizes=\"auto, (max-width: 240px) 100vw, 240px\" \/><\/a>\n\t\t\t\t<\/dt><\/dl><dl class='gallery-item'>\n\t\t\t\t<dt class='gallery-icon portrait'>\n\t\t\t\t\t<a class=\"rollover rollover-zoom dt-pswp-item\" title=\"70222334-5cff-4d4b-9ab9-a2a79305f2f3\" data-dt-img-description=\"\" data-large_image_width=\"1024\" data-large_image_height=\"1280\"href='https:\/\/www.radiopiu.net\/wordpress\/wp-content\/uploads\/2025\/02\/70222334-5cff-4d4b-9ab9-a2a79305f2f3.jpg'><img loading=\"lazy\" decoding=\"async\" width=\"240\" height=\"300\" src=\"https:\/\/www.radiopiu.net\/wordpress\/wp-content\/uploads\/2025\/02\/70222334-5cff-4d4b-9ab9-a2a79305f2f3-240x300.jpg\" class=\"attachment-medium size-medium\" alt=\"\" srcset=\"https:\/\/www.radiopiu.net\/wordpress\/wp-content\/uploads\/2025\/02\/70222334-5cff-4d4b-9ab9-a2a79305f2f3-240x300.jpg 240w, https:\/\/www.radiopiu.net\/wordpress\/wp-content\/uploads\/2025\/02\/70222334-5cff-4d4b-9ab9-a2a79305f2f3-819x1024.jpg 819w, https:\/\/www.radiopiu.net\/wordpress\/wp-content\/uploads\/2025\/02\/70222334-5cff-4d4b-9ab9-a2a79305f2f3-768x960.jpg 768w, https:\/\/www.radiopiu.net\/wordpress\/wp-content\/uploads\/2025\/02\/70222334-5cff-4d4b-9ab9-a2a79305f2f3.jpg 1024w\" sizes=\"auto, (max-width: 240px) 100vw, 240px\" \/><\/a>\n\t\t\t\t<\/dt><\/dl><dl class='gallery-item'>\n\t\t\t\t<dt class='gallery-icon portrait'>\n\t\t\t\t\t<a class=\"rollover rollover-zoom dt-pswp-item\" title=\"480483463_122191800596160269_7748395789965067962_n\" data-dt-img-description=\"\" data-large_image_width=\"1024\" data-large_image_height=\"1280\"href='https:\/\/www.radiopiu.net\/wordpress\/wp-content\/uploads\/2025\/02\/480483463_122191800596160269_7748395789965067962_n.jpg'><img loading=\"lazy\" decoding=\"async\" width=\"240\" height=\"300\" src=\"https:\/\/www.radiopiu.net\/wordpress\/wp-content\/uploads\/2025\/02\/480483463_122191800596160269_7748395789965067962_n-240x300.jpg\" class=\"attachment-medium size-medium\" alt=\"\" srcset=\"https:\/\/www.radiopiu.net\/wordpress\/wp-content\/uploads\/2025\/02\/480483463_122191800596160269_7748395789965067962_n-240x300.jpg 240w, https:\/\/www.radiopiu.net\/wordpress\/wp-content\/uploads\/2025\/02\/480483463_122191800596160269_7748395789965067962_n-819x1024.jpg 819w, https:\/\/www.radiopiu.net\/wordpress\/wp-content\/uploads\/2025\/02\/480483463_122191800596160269_7748395789965067962_n-768x960.jpg 768w, https:\/\/www.radiopiu.net\/wordpress\/wp-content\/uploads\/2025\/02\/480483463_122191800596160269_7748395789965067962_n.jpg 1024w\" sizes=\"auto, (max-width: 240px) 100vw, 240px\" \/><\/a>\n\t\t\t\t<\/dt><\/dl><dl class='gallery-item'>\n\t\t\t\t<dt class='gallery-icon portrait'>\n\t\t\t\t\t<a class=\"rollover rollover-zoom dt-pswp-item\" title=\"480755395_122191974356160269_922264644982884143_n\" data-dt-img-description=\"\" data-large_image_width=\"1024\" data-large_image_height=\"1280\"href='https:\/\/www.radiopiu.net\/wordpress\/wp-content\/uploads\/2025\/02\/480755395_122191974356160269_922264644982884143_n.jpg'><img loading=\"lazy\" decoding=\"async\" width=\"240\" height=\"300\" src=\"https:\/\/www.radiopiu.net\/wordpress\/wp-content\/uploads\/2025\/02\/480755395_122191974356160269_922264644982884143_n-240x300.jpg\" class=\"attachment-medium size-medium\" alt=\"\" srcset=\"https:\/\/www.radiopiu.net\/wordpress\/wp-content\/uploads\/2025\/02\/480755395_122191974356160269_922264644982884143_n-240x300.jpg 240w, https:\/\/www.radiopiu.net\/wordpress\/wp-content\/uploads\/2025\/02\/480755395_122191974356160269_922264644982884143_n-819x1024.jpg 819w, https:\/\/www.radiopiu.net\/wordpress\/wp-content\/uploads\/2025\/02\/480755395_122191974356160269_922264644982884143_n-768x960.jpg 768w, https:\/\/www.radiopiu.net\/wordpress\/wp-content\/uploads\/2025\/02\/480755395_122191974356160269_922264644982884143_n.jpg 1024w\" sizes=\"auto, (max-width: 240px) 100vw, 240px\" \/><\/a>\n\t\t\t\t<\/dt><\/dl><dl class='gallery-item'>\n\t\t\t\t<dt class='gallery-icon portrait'>\n\t\t\t\t\t<a class=\"rollover rollover-zoom dt-pswp-item\" title=\"480946206_122192204450160269_174180551336592227_n\" data-dt-img-description=\"\" data-large_image_width=\"512\" data-large_image_height=\"640\"href='https:\/\/www.radiopiu.net\/wordpress\/wp-content\/uploads\/2025\/02\/480946206_122192204450160269_174180551336592227_n.jpg'><img loading=\"lazy\" decoding=\"async\" width=\"240\" height=\"300\" src=\"https:\/\/www.radiopiu.net\/wordpress\/wp-content\/uploads\/2025\/02\/480946206_122192204450160269_174180551336592227_n-240x300.jpg\" class=\"attachment-medium size-medium\" alt=\"\" srcset=\"https:\/\/www.radiopiu.net\/wordpress\/wp-content\/uploads\/2025\/02\/480946206_122192204450160269_174180551336592227_n-240x300.jpg 240w, https:\/\/www.radiopiu.net\/wordpress\/wp-content\/uploads\/2025\/02\/480946206_122192204450160269_174180551336592227_n.jpg 512w\" sizes=\"auto, (max-width: 240px) 100vw, 240px\" \/><\/a>\n\t\t\t\t<\/dt><\/dl><br style=\"clear: both\" \/>\n\t\t\t<\/div>\n\n<p>&nbsp;<\/p>\n<div>\n<div class=\"\" dir=\"auto\">\n<div id=\":r9h:\" class=\"x1iorvi4 x1pi30zi x1l90r2v x1swvt13\" data-ad-comet-preview=\"message\" data-ad-preview=\"message\">\n<div>\n<div class=\"\" dir=\"auto\">\n<div id=\":r9h:\" class=\"x1iorvi4 x1pi30zi x1l90r2v x1swvt13\" data-ad-comet-preview=\"message\" data-ad-preview=\"message\">\n<div>\n<div class=\"\" dir=\"auto\">\n<div id=\":r9h:\" class=\"x1iorvi4 x1pi30zi x1l90r2v x1swvt13\" data-ad-comet-preview=\"message\" data-ad-preview=\"message\">\n<div>\n<div class=\"\" dir=\"auto\">\n<div id=\":r9h:\" class=\"x1iorvi4 x1pi30zi x1l90r2v x1swvt13\" data-ad-comet-preview=\"message\" data-ad-preview=\"message\">\n<div>\n<div class=\"\" dir=\"auto\">\n<div id=\":r9h:\" class=\"x1iorvi4 x1pi30zi x1l90r2v x1swvt13\" data-ad-comet-preview=\"message\" data-ad-preview=\"message\">\n<div>\n<div class=\"\" dir=\"auto\">\n<div id=\":r9h:\" class=\"x1iorvi4 x1pi30zi x1l90r2v x1swvt13\" data-ad-comet-preview=\"message\" data-ad-preview=\"message\">\n<div class=\"xdj266r x11i5rnm xat24cr x1mh8g0r x1vvkbs x126k92a\">\n<div dir=\"auto\"><\/div>\n<\/div>\n<div>\n<div class=\"\" dir=\"auto\">\n<div id=\":r9h:\" class=\"x1iorvi4 x1pi30zi x1l90r2v x1swvt13\" data-ad-comet-preview=\"message\" data-ad-preview=\"message\">\n<div>\n<div class=\"\" dir=\"auto\">\n<div id=\":r9h:\" class=\"x1iorvi4 x1pi30zi x1l90r2v x1swvt13\" data-ad-comet-preview=\"message\" data-ad-preview=\"message\">\n\n\t\t\t<style type='text\/css'>\n\t\t\t\t#gallery-4 {\n\t\t\t\t\tmargin: auto;\n\t\t\t\t}\n\t\t\t\t#gallery-4 .gallery-item {\n\t\t\t\t\tfloat: left;\n\t\t\t\t\tmargin-top: 10px;\n\t\t\t\t\ttext-align: center;\n\t\t\t\t\twidth: 20%;\n\t\t\t\t}\n\t\t\t\t#gallery-4 img {\n\t\t\t\t\tborder: 2px solid #cfcfcf;\n\t\t\t\t}\n\t\t\t\t#gallery-4 .gallery-caption {\n\t\t\t\t\tmargin-left: 0;\n\t\t\t\t}\n\t\t\t\t\/* see gallery_shortcode() in wp-includes\/media.php *\/\n\t\t\t<\/style>\n\t\t<div id='gallery-4' class='dt-gallery-container gallery galleryid-440768 gallery-columns-5 gallery-size-thumbnail'><dl class='gallery-item'>\n\t\t\t\t<dt class='gallery-icon portrait'>\n\t\t\t\t\t<a class=\"rollover rollover-zoom dt-pswp-item\" title=\"Marzo (1)\" data-dt-img-description=\"\" data-large_image_width=\"841\" data-large_image_height=\"1190\"href='https:\/\/www.radiopiu.net\/wordpress\/wp-content\/uploads\/2025\/02\/Marzo-1.jpg'><img loading=\"lazy\" decoding=\"async\" width=\"150\" height=\"150\" src=\"https:\/\/www.radiopiu.net\/wordpress\/wp-content\/uploads\/2025\/02\/Marzo-1-150x150.jpg\" class=\"attachment-thumbnail size-thumbnail\" alt=\"\" \/><\/a>\n\t\t\t\t<\/dt><\/dl><dl class='gallery-item'>\n\t\t\t\t<dt class='gallery-icon portrait'>\n\t\t\t\t\t<a class=\"rollover rollover-zoom dt-pswp-item\" title=\"Senza nome\" data-dt-img-description=\"\" data-large_image_width=\"569\" data-large_image_height=\"801\"href='https:\/\/www.radiopiu.net\/wordpress\/wp-content\/uploads\/2025\/02\/Senza-nome-23.png'><img loading=\"lazy\" decoding=\"async\" width=\"150\" height=\"150\" src=\"https:\/\/www.radiopiu.net\/wordpress\/wp-content\/uploads\/2025\/02\/Senza-nome-23-150x150.png\" class=\"attachment-thumbnail size-thumbnail\" alt=\"\" \/><\/a>\n\t\t\t\t<\/dt><\/dl><dl class='gallery-item'>\n\t\t\t\t<dt class='gallery-icon portrait'>\n\t\t\t\t\t<a class=\"rollover rollover-zoom dt-pswp-item\" title=\"ba76e127-707c-4a8a-a6ac-6ab71e879690\" data-dt-img-description=\"\" data-large_image_width=\"500\" data-large_image_height=\"696\"href='https:\/\/www.radiopiu.net\/wordpress\/wp-content\/uploads\/2025\/03\/ba76e127-707c-4a8a-a6ac-6ab71e879690.jpg'><img loading=\"lazy\" decoding=\"async\" width=\"150\" height=\"150\" src=\"https:\/\/www.radiopiu.net\/wordpress\/wp-content\/uploads\/2025\/03\/ba76e127-707c-4a8a-a6ac-6ab71e879690-150x150.jpg\" class=\"attachment-thumbnail size-thumbnail\" alt=\"\" aria-describedby=\"gallery-4-437826\" \/><\/a>\n\t\t\t\t<\/dt>\n\t\t\t\t\t<dd class='wp-caption-text gallery-caption' id='gallery-4-437826'>\n\t\t\t\t\tPOSTICIPATO AL 6 APRILE\n\t\t\t\t\t<\/dd><\/dl><dl class='gallery-item'>\n\t\t\t\t<dt class='gallery-icon portrait'>\n\t\t\t\t\t<a class=\"rollover rollover-zoom dt-pswp-item\" title=\"86913bf1-cfa4-493b-8e26-1aa10ea03f0b\" data-dt-img-description=\"\" data-large_image_width=\"1638\" data-large_image_height=\"2048\"href='https:\/\/www.radiopiu.net\/wordpress\/wp-content\/uploads\/2025\/03\/86913bf1-cfa4-493b-8e26-1aa10ea03f0b.jpg'><img loading=\"lazy\" decoding=\"async\" width=\"150\" height=\"150\" src=\"https:\/\/www.radiopiu.net\/wordpress\/wp-content\/uploads\/2025\/03\/86913bf1-cfa4-493b-8e26-1aa10ea03f0b-150x150.jpg\" class=\"attachment-thumbnail size-thumbnail\" alt=\"\" \/><\/a>\n\t\t\t\t<\/dt><\/dl><dl class='gallery-item'>\n\t\t\t\t<dt class='gallery-icon portrait'>\n\t\t\t\t\t<a class=\"rollover rollover-zoom dt-pswp-item\" title=\"wnEWMSHDfvy6\" data-dt-img-description=\"\" data-large_image_width=\"962\" data-large_image_height=\"1328\"href='https:\/\/www.radiopiu.net\/wordpress\/wp-content\/uploads\/2025\/03\/wnEWMSHDfvy6.jpg'><img loading=\"lazy\" decoding=\"async\" width=\"150\" height=\"150\" src=\"https:\/\/www.radiopiu.net\/wordpress\/wp-content\/uploads\/2025\/03\/wnEWMSHDfvy6-150x150.jpg\" class=\"attachment-thumbnail size-thumbnail\" alt=\"\" \/><\/a>\n\t\t\t\t<\/dt><\/dl><br style=\"clear: both\" \/><dl class='gallery-item'>\n\t\t\t\t<dt class='gallery-icon portrait'>\n\t\t\t\t\t<a class=\"rollover rollover-zoom dt-pswp-item\" title=\"Locandina posturale primavera 2025\" data-dt-img-description=\"\" data-large_image_width=\"1132\" data-large_image_height=\"1600\"href='https:\/\/www.radiopiu.net\/wordpress\/wp-content\/uploads\/2025\/03\/Locandina-posturale-primavera-2025.jpeg'><img loading=\"lazy\" decoding=\"async\" width=\"150\" height=\"150\" src=\"https:\/\/www.radiopiu.net\/wordpress\/wp-content\/uploads\/2025\/03\/Locandina-posturale-primavera-2025-150x150.jpeg\" class=\"attachment-thumbnail size-thumbnail\" alt=\"\" \/><\/a>\n\t\t\t\t<\/dt><\/dl><dl class='gallery-item'>\n\t\t\t\t<dt class='gallery-icon portrait'>\n\t\t\t\t\t<a class=\"rollover rollover-zoom dt-pswp-item\" title=\"2f9f5725-1437-4d8c-ae0d-b4fcf9f923d6\" data-dt-img-description=\"\" data-large_image_width=\"1077\" data-large_image_height=\"1532\"href='https:\/\/www.radiopiu.net\/wordpress\/wp-content\/uploads\/2025\/03\/2f9f5725-1437-4d8c-ae0d-b4fcf9f923d6.jpg'><img loading=\"lazy\" decoding=\"async\" width=\"150\" height=\"150\" src=\"https:\/\/www.radiopiu.net\/wordpress\/wp-content\/uploads\/2025\/03\/2f9f5725-1437-4d8c-ae0d-b4fcf9f923d6-150x150.jpg\" class=\"attachment-thumbnail size-thumbnail\" alt=\"\" \/><\/a>\n\t\t\t\t<\/dt><\/dl><dl class='gallery-item'>\n\t\t\t\t<dt class='gallery-icon portrait'>\n\t\t\t\t\t<a class=\"rollover rollover-zoom dt-pswp-item\" title=\"bb23d195-c88c-4120-9c7b-0f7fa2b848af\" data-dt-img-description=\"\" data-large_image_width=\"1076\" data-large_image_height=\"1511\"href='https:\/\/www.radiopiu.net\/wordpress\/wp-content\/uploads\/2025\/03\/bb23d195-c88c-4120-9c7b-0f7fa2b848af.jpg'><img loading=\"lazy\" decoding=\"async\" width=\"150\" height=\"150\" src=\"https:\/\/www.radiopiu.net\/wordpress\/wp-content\/uploads\/2025\/03\/bb23d195-c88c-4120-9c7b-0f7fa2b848af-150x150.jpg\" class=\"attachment-thumbnail size-thumbnail\" alt=\"\" \/><\/a>\n\t\t\t\t<\/dt><\/dl><dl class='gallery-item'>\n\t\t\t\t<dt class='gallery-icon landscape'>\n\t\t\t\t\t<a class=\"rollover rollover-zoom dt-pswp-item\" title=\"Lions.A.D.1\" data-dt-img-description=\"\" data-large_image_width=\"1170\" data-large_image_height=\"759\"href='https:\/\/www.radiopiu.net\/wordpress\/wp-content\/uploads\/2025\/03\/Lions.A.D.1.jpg'><img loading=\"lazy\" decoding=\"async\" width=\"150\" height=\"150\" src=\"https:\/\/www.radiopiu.net\/wordpress\/wp-content\/uploads\/2025\/03\/Lions.A.D.1-150x150.jpg\" class=\"attachment-thumbnail size-thumbnail\" alt=\"\" \/><\/a>\n\t\t\t\t<\/dt><\/dl><dl class='gallery-item'>\n\t\t\t\t<dt class='gallery-icon portrait'>\n\t\t\t\t\t<a class=\"rollover rollover-zoom dt-pswp-item\" title=\"Locandina Anelli d&#039;italia.jpg Minniti\" data-dt-img-description=\"\" data-large_image_width=\"1447\" data-large_image_height=\"2048\"href='https:\/\/www.radiopiu.net\/wordpress\/wp-content\/uploads\/2025\/03\/Locandina-Anelli-ditalia.jpg-Minniti.jpg'><img loading=\"lazy\" decoding=\"async\" width=\"150\" height=\"150\" src=\"https:\/\/www.radiopiu.net\/wordpress\/wp-content\/uploads\/2025\/03\/Locandina-Anelli-ditalia.jpg-Minniti-150x150.jpg\" class=\"attachment-thumbnail size-thumbnail\" alt=\"\" \/><\/a>\n\t\t\t\t<\/dt><\/dl><br style=\"clear: both\" \/><dl class='gallery-item'>\n\t\t\t\t<dt class='gallery-icon portrait'>\n\t\t\t\t\t<a class=\"rollover rollover-zoom dt-pswp-item\" title=\"d1c40d7e-c6d5-42f7-ac6a-e56a05a28dcb\" data-dt-img-description=\"\" data-large_image_width=\"1131\" data-large_image_height=\"1600\"href='https:\/\/www.radiopiu.net\/wordpress\/wp-content\/uploads\/2025\/03\/d1c40d7e-c6d5-42f7-ac6a-e56a05a28dcb.jpg'><img loading=\"lazy\" decoding=\"async\" width=\"150\" height=\"150\" src=\"https:\/\/www.radiopiu.net\/wordpress\/wp-content\/uploads\/2025\/03\/d1c40d7e-c6d5-42f7-ac6a-e56a05a28dcb-150x150.jpg\" class=\"attachment-thumbnail size-thumbnail\" alt=\"\" \/><\/a>\n\t\t\t\t<\/dt><\/dl>\n\t\t\t\t<br style='clear: both' \/>\n\t\t\t<\/div>\n\n<p>&nbsp;<\/p>\n<p>&nbsp;<\/p>\n<\/div>\n<\/div>\n<\/div>\n<\/div>\n<\/div>\n<\/div>\n<\/div>\n<\/div>\n<\/div>\n<\/div>\n<\/div>\n<\/div>\n<p>&nbsp;<\/p>\n<\/div>\n<\/div>\n<\/div>\n<\/div>\n<\/div>\n<\/div>\n<\/div>\n<\/div>\n<\/div>\n<\/div>\n<\/div>\n<\/div>\n<hr \/>\n<p>&nbsp;<\/p>\n<p class=\"mceTemp\"><a class=\"dt-pswp-item\" href=\"https:\/\/www.radiopiu.net\/wordpress\/wp-content\/uploads\/2018\/09\/WhatsApp-Image-2018-09-20-at-16.04.06.jpeg\" data-dt-img-description=\"\" data-large_image_width=\"800\" data-large_image_height=\"100\"><img loading=\"lazy\" decoding=\"async\" class=\"wp-image-61378 size-full aligncenter\" src=\"https:\/\/www.radiopiu.net\/wordpress\/wp-content\/uploads\/2018\/09\/WhatsApp-Image-2018-09-20-at-16.04.06.jpeg\" alt=\"\" width=\"800\" height=\"100\" srcset=\"https:\/\/www.radiopiu.net\/wordpress\/wp-content\/uploads\/2018\/09\/WhatsApp-Image-2018-09-20-at-16.04.06.jpeg 800w, https:\/\/www.radiopiu.net\/wordpress\/wp-content\/uploads\/2018\/09\/WhatsApp-Image-2018-09-20-at-16.04.06-300x38.jpeg 300w, https:\/\/www.radiopiu.net\/wordpress\/wp-content\/uploads\/2018\/09\/WhatsApp-Image-2018-09-20-at-16.04.06-768x96.jpeg 768w\" sizes=\"auto, (max-width: 800px) 100vw, 800px\" \/><\/a><\/p>\n<p><center><\/center><center><\/center>&nbsp;<\/p>\n<p><center><b>OGGI<\/b><\/center>Lieve perturbabilit\u00e0, gi\u00e0 dalla nottata sulle Prealpi, successivamente anche sulle Dolomiti, anche se in maniera marginale per buona parte della mattinata. Dalle ore centrali in poi fenomeni sempre pi\u00f9 residui e sporadici, ma la nuvolosit\u00e0 rimarr\u00e0 prevalente, nonostante il ritorno di qualche schiarita.<br \/>\n<b>Precipitazioni: <\/b>Probabilit\u00e0 medio-alta per deboli fenomeni sparsi, gi\u00e0 in nottata sulle Prealpi, prima che gli stessi si estendano anche in parte alle Dolomiti al mattino. Al pomeriggio minore probabilit\u00e0 e solo per qualche sporadica goccia in valle e qualche fiocco sulle cime.<br \/>\n<b>Temperature: <\/b>Minime in aumento nei fondovalle e in lieve calo in quota. Massime in generale diminuzione, maggiormente avvertita nelle valli in relazione al forte deficit di sole.<\/p>\n<hr \/>\n<p><center><b>DOMANI<\/b><\/center>Tempo perturbato con cielo molto nuvoloso\/coperto, associato a precipitazioni, anche diffuse e di moderata intensit\u00e0 al mattino, mentre i fenomeni saranno pi\u00f9 deboli ed intermittenti al pomeriggio per attenuazione della stessa perturbabilit\u00e0 e riaffacciarsi di una certa variabilit\u00e0.<br \/>\n<b>Precipitazioni: <\/b>Nottetempo ed al mattino probabilit\u00e0 molto alta per precipitazioni diffuse, anche di moderata intensit\u00e0. Limite neve attorno a 1400-1700 m, localmente e a tratti 1100-1300 m nelle valli dolomitiche pi\u00f9 chiuse al mattino, prima di risalire ovunque oltre i 1600-1800 m.<br \/>\n<b>Temperature: <\/b>Minime in diminuzione e massime stazionarie o in lieve rialzo, eccetto calo delle stesse sulle cime pi\u00f9 alte.<\/p>\n<hr \/>\n<p><center><b>LUNEDI<\/b><\/center>Nottetempo residuo maltempo con fenomeni sparsi, nevosi oltre i 1600-1800 m. In giornata iniziale variabilit\u00e0 con nuvolosit\u00e0 irregolare e prime schiarite, poi miglioramento del tempo con riduzione della nuvolosit\u00e0 e rasserenamenti, pi\u00f9 ampi sulle Dolomiti rispetto alle Prealpi. il rischio di qualche piovasco sar\u00e0 basso in giornata. Temperature minime in lieve calo e massime in leggero aumento.<\/p>\n<hr \/>\n<p><center><b>MARTEDI<\/b><\/center>Probabile ritorno di una maggiore nuvolosit\u00e0 con lieve peggioramento del tempo. Vale a dire ritorno di precipitazioni,anche a carattere di rovescio, nevose oltre i 1700-1800 m. Temperature in generale lieve flessione.<\/p>\n<p>&nbsp;<\/p>\n<hr \/>\n<p>&nbsp;<\/p>\n<p class=\"mceTemp\"><a class=\"dt-pswp-item\" href=\"https:\/\/www.radiopiu.net\/wordpress\/wp-content\/uploads\/2018\/09\/sport.jpg\" data-dt-img-description=\"\" data-large_image_width=\"800\" data-large_image_height=\"100\"><img loading=\"lazy\" decoding=\"async\" class=\"aligncenter wp-image-60761 size-full\" src=\"https:\/\/www.radiopiu.net\/wordpress\/wp-content\/uploads\/2018\/09\/sport.jpg\" alt=\"\" width=\"800\" height=\"100\" srcset=\"https:\/\/www.radiopiu.net\/wordpress\/wp-content\/uploads\/2018\/09\/sport.jpg 800w, https:\/\/www.radiopiu.net\/wordpress\/wp-content\/uploads\/2018\/09\/sport-300x38.jpg 300w, https:\/\/www.radiopiu.net\/wordpress\/wp-content\/uploads\/2018\/09\/sport-768x96.jpg 768w\" sizes=\"auto, (max-width: 800px) 100vw, 800px\" \/> <\/a><\/p>\n<p class=\"mceTemp\"><span style=\"color: #0000ff;\"><strong>\u00a0 \u00a0 \u00a0 \u00a0\u00a0<\/strong><\/span><\/p>\n<p><span style=\"color: #0000ff;\"><strong>CALCIO<\/strong><\/span><\/p>\n<blockquote>\n<h3>TUTTE E 5 LE SQUADRE DELL&#8217;AGORDINA CALCIO IN CAMPO NEL FINE SETTIMANA<\/h3>\n<\/blockquote>\n<p><strong><a class=\"dt-pswp-item\" href=\"https:\/\/www.radiopiu.net\/wordpress\/wp-content\/uploads\/2022\/03\/CALCIO-2022.jpg\" data-dt-img-description=\"\" data-large_image_width=\"1920\" data-large_image_height=\"1281\"><img loading=\"lazy\" decoding=\"async\" class=\" wp-image-265514 alignleft\" src=\"https:\/\/www.radiopiu.net\/wordpress\/wp-content\/uploads\/2022\/03\/CALCIO-2022-300x200.jpg\" alt=\"\" width=\"189\" height=\"126\" srcset=\"https:\/\/www.radiopiu.net\/wordpress\/wp-content\/uploads\/2022\/03\/CALCIO-2022-300x200.jpg 300w, https:\/\/www.radiopiu.net\/wordpress\/wp-content\/uploads\/2022\/03\/CALCIO-2022-1024x683.jpg 1024w, https:\/\/www.radiopiu.net\/wordpress\/wp-content\/uploads\/2022\/03\/CALCIO-2022-768x512.jpg 768w, https:\/\/www.radiopiu.net\/wordpress\/wp-content\/uploads\/2022\/03\/CALCIO-2022-1536x1025.jpg 1536w, https:\/\/www.radiopiu.net\/wordpress\/wp-content\/uploads\/2022\/03\/CALCIO-2022.jpg 1920w\" sizes=\"auto, (max-width: 189px) 100vw, 189px\" \/><\/a>DI MARCO GAZ<\/strong><\/p>\n<p><strong>REDAZIONE<\/strong> Fine settimana intenso per le squadre dell\u2019Agordina Calcio che tornano in campo per disputare i quattro campionati provinciali della LND dove sono iscritte. Ad aprire il weekend ci pensano i giovani con tre partite in programma oggi alle 15. Sul campo di Mugnai a Feltre la Juniores affronter\u00e0 la Juventina. Trasferta anche per la squadra A degli Esordienti che giochernno a Trichiana contro LG Valbelluna. La squadra B del campionato Esordienti sar\u00e0 all\u2019ivano Dorigo di Agordo dove arriva il Ponte Nelle Alpi. Domani alle 10 ultima partita del settore giovanile: gli Allievi giocheranno ad Agordo contro il Longarone\/Alpina. Alle 14:30 \u00e8 il turno della prima squadra che, dopo due trasferte, torna a giocare all\u2019Ivano Dorigo di Agordo dove arriva la Bellunese. Sulla carta gli uomini di Davare sono favoriti e dovranno rifarsi della sconfitta di 7 giorni fa per riprendere la corsa ai playoff. Domani alle 20:30 su Radio Pi\u00f9 appuntamento con Agordina In Prima Linea, il contenitore calcistico che racconta il fine settimana dell\u2019Agordina Calcio.<\/p>\n<p>&nbsp;<\/p>\n<p><span style=\"color: #0000ff;\"><strong>HOCKEY SU GHIACCIO<\/strong><\/span><\/p>\n<blockquote>\n<h3>TORNEO NEVER GIVE UP UNDER 11 ALL&#8217;ALVISE DE TONI DI ALLEGHE<\/h3>\n<\/blockquote>\n<p><strong><a class=\"dt-pswp-item\" href=\"https:\/\/www.radiopiu.net\/wordpress\/wp-content\/uploads\/2023\/11\/alleghe-logo-2023.jpg\" data-dt-img-description=\"\" data-large_image_width=\"1024\" data-large_image_height=\"576\"><img loading=\"lazy\" decoding=\"async\" class=\" wp-image-359944 alignleft\" src=\"https:\/\/www.radiopiu.net\/wordpress\/wp-content\/uploads\/2023\/11\/alleghe-logo-2023-300x169.jpg\" alt=\"\" width=\"195\" height=\"110\" srcset=\"https:\/\/www.radiopiu.net\/wordpress\/wp-content\/uploads\/2023\/11\/alleghe-logo-2023-300x169.jpg 300w, https:\/\/www.radiopiu.net\/wordpress\/wp-content\/uploads\/2023\/11\/alleghe-logo-2023-768x432.jpg 768w, https:\/\/www.radiopiu.net\/wordpress\/wp-content\/uploads\/2023\/11\/alleghe-logo-2023.jpg 1024w\" sizes=\"auto, (max-width: 195px) 100vw, 195px\" \/><\/a>DI MARCO GAZ<\/strong><\/p>\n<p>OSPITI: Matthias Levis e Alberto Fontanive<\/p>\n<audio class=\"wp-audio-shortcode\" id=\"audio-440768-16\" preload=\"none\" style=\"width: 100%;\" controls=\"controls\"><source type=\"audio\/mpeg\" src=\"https:\/\/www.radiopiu.net\/wordpress\/wp-content\/uploads\/2025\/03\/MATTHIAS-LEVIS-E-ALBERTO-FONTANIVE-NEVER-GIVE-UP.mp3?_=16\" \/><a href=\"https:\/\/www.radiopiu.net\/wordpress\/wp-content\/uploads\/2025\/03\/MATTHIAS-LEVIS-E-ALBERTO-FONTANIVE-NEVER-GIVE-UP.mp3\">https:\/\/www.radiopiu.net\/wordpress\/wp-content\/uploads\/2025\/03\/MATTHIAS-LEVIS-E-ALBERTO-FONTANIVE-NEVER-GIVE-UP.mp3<\/a><\/audio>\n<p>&nbsp;<\/p>\n<p><span style=\"color: #0000ff;\"><strong>PALLAVOLO<\/strong><\/span><\/p>\n<blockquote>\n<h3>SB VOLLEY CONTRO L&#8217;AURORA VITTORIO VENETO<\/h3>\n<\/blockquote>\n<p><a class=\"dt-pswp-item\" href=\"https:\/\/www.radiopiu.net\/wordpress\/wp-content\/uploads\/2025\/03\/Unknown-1.jpeg\" data-dt-img-description=\"\" data-large_image_width=\"869\" data-large_image_height=\"573\"><img loading=\"lazy\" decoding=\"async\" class=\" wp-image-440823 alignleft\" src=\"https:\/\/www.radiopiu.net\/wordpress\/wp-content\/uploads\/2025\/03\/Unknown-1-300x198.jpeg\" alt=\"\" width=\"195\" height=\"129\" srcset=\"https:\/\/www.radiopiu.net\/wordpress\/wp-content\/uploads\/2025\/03\/Unknown-1-300x198.jpeg 300w, https:\/\/www.radiopiu.net\/wordpress\/wp-content\/uploads\/2025\/03\/Unknown-1-768x506.jpeg 768w, https:\/\/www.radiopiu.net\/wordpress\/wp-content\/uploads\/2025\/03\/Unknown-1.jpeg 869w\" sizes=\"auto, (max-width: 195px) 100vw, 195px\" \/><\/a>La SB Volley ha conquistato una vittoria in rimonta contro la vice capolista, guadagnando il terzo posto solitario in classifica nel girone A della Serie C femminile. Il campionato si conferma imprevedibile e la prossima sfida contro l\u2019Aurora Vittorio Veneto, in programma sabato, nasconde insidie. L\u2019Aurora, attualmente settima, ha battuto di recente il Locara, dimostrando di poter mettere in difficolt\u00e0 le big. Nausicaa Maschio invita alla massima concentrazione, ricordando le difficolt\u00e0 dell\u2019andata. La vittoria contro l\u2019Imarc ha dato morale alla squadra, alimentando le speranze playoff, sebbene il Rossano Veneto rimanga favorito. La SB Volley dovr\u00e0 puntare sempre ai tre punti per mantenere vive le proprie ambizioni. Indipendentemente dal risultato finale, la stagione ha mostrato la solidit\u00e0 del gruppo, capace di superare ostacoli e confermarsi competitivo ai vertici.<\/p>\n<p>&nbsp;<\/p>\n<p><span style=\"color: #3366ff;\"><strong>CURLING<\/strong><\/span><\/p>\n<blockquote>\n<h3><a class=\"dt-pswp-item\" href=\"https:\/\/www.radiopiu.net\/wordpress\/wp-content\/uploads\/2023\/11\/CURLING.jpg\" data-dt-img-description=\"\" data-large_image_width=\"1280\" data-large_image_height=\"853\"><img loading=\"lazy\" decoding=\"async\" class=\" wp-image-359434 alignleft\" src=\"https:\/\/www.radiopiu.net\/wordpress\/wp-content\/uploads\/2023\/11\/CURLING-300x200.jpg\" alt=\"\" width=\"185\" height=\"123\" srcset=\"https:\/\/www.radiopiu.net\/wordpress\/wp-content\/uploads\/2023\/11\/CURLING-300x200.jpg 300w, https:\/\/www.radiopiu.net\/wordpress\/wp-content\/uploads\/2023\/11\/CURLING-1024x682.jpg 1024w, https:\/\/www.radiopiu.net\/wordpress\/wp-content\/uploads\/2023\/11\/CURLING-768x512.jpg 768w, https:\/\/www.radiopiu.net\/wordpress\/wp-content\/uploads\/2023\/11\/CURLING.jpg 1280w\" sizes=\"auto, (max-width: 185px) 100vw, 185px\" \/><\/a>UN DELUDENTE DECIMO POSTO PER L&#8217;ITALIA FEMMINILE DEL CURLING<\/h3>\n<\/blockquote>\n<p><strong>DI LUCA DE MICHIEL<\/strong><\/p>\n<audio class=\"wp-audio-shortcode\" id=\"audio-440768-17\" preload=\"none\" style=\"width: 100%;\" controls=\"controls\"><source type=\"audio\/mpeg\" src=\"https:\/\/www.radiopiu.net\/wordpress\/wp-content\/uploads\/2025\/03\/LUCA-DE-MICHIEL-CURLING.mp3?_=17\" \/><a href=\"https:\/\/www.radiopiu.net\/wordpress\/wp-content\/uploads\/2025\/03\/LUCA-DE-MICHIEL-CURLING.mp3\">https:\/\/www.radiopiu.net\/wordpress\/wp-content\/uploads\/2025\/03\/LUCA-DE-MICHIEL-CURLING.mp3<\/a><\/audio>\n<p>&nbsp;<\/p>\n<p>&nbsp;<\/p>\n<p>&nbsp;<\/p>\n<p>&nbsp;<\/p>\n<p>&nbsp;<\/p>\n","protected":false},"excerpt":{"rendered":"<p>********* &nbsp; LA\u00a0 APP PER IOS-IPHONE di Nicola Vettorello https:\/\/apps.apple.com\/it\/app\/radio-pi%C3%B9-emittente-agordina\/id1515939845 LA\u00a0 APP RADIO\u00a0 PER ANDROID di Nicola Vettorello https:\/\/play.google.com\/store\/apps\/details?id=net.radiopiu.iniko\u00a0\u00a0\u00a0\u00a0 &nbsp; &nbsp; &nbsp; OGGI \u00a0\u00a0 \u00a009.00\u00a0 PREMIER LE NOVITA&#8217; MUSICALI DI MARCO GAZ 10 10 HOCKEY&#8230; PER I PIU&#8217; GIOVANI CON ALBERTO FONTANIVE E MATHIAS LEVIS 10.30 LA RASSEGNA STAMPA DA L&#8217;AMICO DEL POPOLO, DI GIANNI&hellip;<\/p>\n","protected":false},"author":4,"featured_media":440910,"comment_status":"closed","ping_status":"closed","sticky":false,"template":"","format":"standard","meta":{"_monsterinsights_skip_tracking":false,"_monsterinsights_sitenote_active":false,"_monsterinsights_sitenote_note":"","_monsterinsights_sitenote_category":0,"footnotes":""},"categories":[51,86,49],"tags":[],"class_list":["post-440768","post","type-post","status-publish","format-standard","has-post-thumbnail","hentry","category-evidenza-top","category-gr","category-news-18","category-51","category-86","category-49","description-off"],"img_url":"https:\/\/www.radiopiu.net\/wordpress\/wp-content\/uploads\/2025\/03\/Immagine-2025-03-22-050042.png","_links":{"self":[{"href":"https:\/\/www.radiopiu.net\/wordpress\/wp-json\/wp\/v2\/posts\/440768","targetHints":{"allow":["GET"]}}],"collection":[{"href":"https:\/\/www.radiopiu.net\/wordpress\/wp-json\/wp\/v2\/posts"}],"about":[{"href":"https:\/\/www.radiopiu.net\/wordpress\/wp-json\/wp\/v2\/types\/post"}],"author":[{"embeddable":true,"href":"https:\/\/www.radiopiu.net\/wordpress\/wp-json\/wp\/v2\/users\/4"}],"replies":[{"embeddable":true,"href":"https:\/\/www.radiopiu.net\/wordpress\/wp-json\/wp\/v2\/comments?post=440768"}],"version-history":[{"count":38,"href":"https:\/\/www.radiopiu.net\/wordpress\/wp-json\/wp\/v2\/posts\/440768\/revisions"}],"predecessor-version":[{"id":440943,"href":"https:\/\/www.radiopiu.net\/wordpress\/wp-json\/wp\/v2\/posts\/440768\/revisions\/440943"}],"wp:featuredmedia":[{"embeddable":true,"href":"https:\/\/www.radiopiu.net\/wordpress\/wp-json\/wp\/v2\/media\/440910"}],"wp:attachment":[{"href":"https:\/\/www.radiopiu.net\/wordpress\/wp-json\/wp\/v2\/media?parent=440768"}],"wp:term":[{"taxonomy":"category","embeddable":true,"href":"https:\/\/www.radiopiu.net\/wordpress\/wp-json\/wp\/v2\/categories?post=440768"},{"taxonomy":"post_tag","embeddable":true,"href":"https:\/\/www.radiopiu.net\/wordpress\/wp-json\/wp\/v2\/tags?post=440768"}],"curies":[{"name":"wp","href":"https:\/\/api.w.org\/{rel}","templated":true}]}}