{"id":440807,"date":"2025-03-21T06:36:42","date_gmt":"2025-03-21T05:36:42","guid":{"rendered":"https:\/\/www.radiopiu.net\/wordpress\/?p=440807"},"modified":"2025-03-22T06:11:43","modified_gmt":"2025-03-22T05:11:43","slug":"elia-barp-problemi-cardiaci-risolti-tornera-in-gara-ai-campionati-italiani","status":"publish","type":"post","link":"https:\/\/www.radiopiu.net\/wordpress\/elia-barp-problemi-cardiaci-risolti-tornera-in-gara-ai-campionati-italiani\/","title":{"rendered":"ELIA BARP, PROBLEMI CARDIACI RISOLTI: TORNER\u00c0 IN GARA AI CAMPIONATI ITALIANI"},"content":{"rendered":"<p>**<\/p>\n<p data-start=\"88\" data-end=\"470\"><img loading=\"lazy\" decoding=\"async\" class=\"alignleft\" src=\"https:\/\/www.radiopiu.net\/wordpress\/wp-content\/uploads\/2025\/03\/elia-barp-skating-mondiali.jpg\" width=\"234\" height=\"156\" \/>La Federazione Italiana Sport Invernali ha da poco diramato un comunicato circa le condizioni di Elia Barp, uscito acciaccato dai Mondiali di Trondheim. Il fondista azzurro, in particolare, aveva accusato quello che in un primo momento era stato definito \u201cun malessere\u201d nel corso dello skiathlon iridato, che lo aveva costretto a tornare a casa abbandonando la localit\u00e0 norvegese.<\/p>\n<p data-start=\"472\" data-end=\"827\">L\u2019aggiornamento condiviso dalla FISI parla, in particolare, di un \u201cepisodio aritmico\u201d, chiarendo dunque che le difficolt\u00e0 di Barp erano legate a un problema di tipo cardiaco. Un episodio di aritmia, appunto. La buona notizia \u00e8 per\u00f2 che il fastidio accusato dall\u2019azzurro \u00e8 stato \u201crisolto in ambito cardiologico\u201d e dunque la situazione appare ristabilita.<\/p>\n<p data-start=\"829\" data-end=\"1057\" data-is-last-node=\"\" data-is-only-node=\"\">Il 22enne \u2013 si legge nella nota FISI \u2013 potr\u00e0 riprendere progressivamente l\u2019attivit\u00e0 agonistica, guardando con ottimismo ai prossimi appuntamenti, tra cui anche i Campionati Italiani a Dobbiaco, dove \u00e8 atteso regolarmente al via.<\/p>\n<p>.<\/p>\n<p><strong>il comunicato diramato della FISI<\/strong>:<\/p>\n<p><em>\u201cElia Barp ha avuto un episodio aritmico agli scorsi Mondiali di Trondheim, che \u00e8 stato risolto in ambito cardiologico. Adesso il 22enne di Trichiana, portacolori delle Fiamme Gialle, sta bene e riprender\u00e0 progressivamente l\u2019attivit\u00e0 agonistica\u201d<\/em>.<\/p>\n","protected":false},"excerpt":{"rendered":"<p>** La Federazione Italiana Sport Invernali ha da poco diramato un comunicato circa le condizioni di Elia Barp, uscito acciaccato dai Mondiali di Trondheim. Il fondista azzurro, in particolare, aveva accusato quello che in un primo momento era stato definito \u201cun malessere\u201d nel corso dello skiathlon iridato, che lo aveva costretto a tornare a casa&hellip;<\/p>\n","protected":false},"author":4,"featured_media":440808,"comment_status":"closed","ping_status":"closed","sticky":false,"template":"","format":"standard","meta":{"_monsterinsights_skip_tracking":false,"_monsterinsights_sitenote_active":false,"_monsterinsights_sitenote_note":"","_monsterinsights_sitenote_category":0,"footnotes":""},"categories":[51,49],"tags":[],"class_list":["post-440807","post","type-post","status-publish","format-standard","has-post-thumbnail","hentry","category-evidenza-top","category-news-18","category-51","category-49","description-off"],"img_url":"https:\/\/www.radiopiu.net\/wordpress\/wp-content\/uploads\/2025\/03\/elia-barp-skating-mondiali.jpg","_links":{"self":[{"href":"https:\/\/www.radiopiu.net\/wordpress\/wp-json\/wp\/v2\/posts\/440807","targetHints":{"allow":["GET"]}}],"collection":[{"href":"https:\/\/www.radiopiu.net\/wordpress\/wp-json\/wp\/v2\/posts"}],"about":[{"href":"https:\/\/www.radiopiu.net\/wordpress\/wp-json\/wp\/v2\/types\/post"}],"author":[{"embeddable":true,"href":"https:\/\/www.radiopiu.net\/wordpress\/wp-json\/wp\/v2\/users\/4"}],"replies":[{"embeddable":true,"href":"https:\/\/www.radiopiu.net\/wordpress\/wp-json\/wp\/v2\/comments?post=440807"}],"version-history":[{"count":1,"href":"https:\/\/www.radiopiu.net\/wordpress\/wp-json\/wp\/v2\/posts\/440807\/revisions"}],"predecessor-version":[{"id":440809,"href":"https:\/\/www.radiopiu.net\/wordpress\/wp-json\/wp\/v2\/posts\/440807\/revisions\/440809"}],"wp:featuredmedia":[{"embeddable":true,"href":"https:\/\/www.radiopiu.net\/wordpress\/wp-json\/wp\/v2\/media\/440808"}],"wp:attachment":[{"href":"https:\/\/www.radiopiu.net\/wordpress\/wp-json\/wp\/v2\/media?parent=440807"}],"wp:term":[{"taxonomy":"category","embeddable":true,"href":"https:\/\/www.radiopiu.net\/wordpress\/wp-json\/wp\/v2\/categories?post=440807"},{"taxonomy":"post_tag","embeddable":true,"href":"https:\/\/www.radiopiu.net\/wordpress\/wp-json\/wp\/v2\/tags?post=440807"}],"curies":[{"name":"wp","href":"https:\/\/api.w.org\/{rel}","templated":true}]}}