{"id":440951,"date":"2025-03-24T05:37:07","date_gmt":"2025-03-24T04:37:07","guid":{"rendered":"https:\/\/www.radiopiu.net\/wordpress\/?p=440951"},"modified":"2025-03-24T08:01:57","modified_gmt":"2025-03-24T07:01:57","slug":"giornale-radiopiu-24-marzo-2025-direttore-mirko-mezzacasa","status":"publish","type":"post","link":"https:\/\/www.radiopiu.net\/wordpress\/giornale-radiopiu-24-marzo-2025-direttore-mirko-mezzacasa\/","title":{"rendered":"GIORNALE RADIOPIU 24 MARZO 2025 DIRETTORE MIRKO MEZZACASA"},"content":{"rendered":"<p>*********<\/p>\n<p>&nbsp;<\/p>\n<p><em><span style=\"color: #ff0000;\"><a class=\"dt-pswp-item\" href=\"https:\/\/www.radiopiu.net\/wordpress\/wp-content\/uploads\/2024\/10\/Senza-nome-8.png\" data-dt-img-description=\"\" data-large_image_width=\"343\" data-large_image_height=\"303\"><img loading=\"lazy\" decoding=\"async\" class=\"wp-image-412130 alignleft\" src=\"https:\/\/www.radiopiu.net\/wordpress\/wp-content\/uploads\/2024\/10\/Senza-nome-8-300x265.png\" alt=\"\" width=\"105\" height=\"93\" srcset=\"https:\/\/www.radiopiu.net\/wordpress\/wp-content\/uploads\/2024\/10\/Senza-nome-8-300x265.png 300w, https:\/\/www.radiopiu.net\/wordpress\/wp-content\/uploads\/2024\/10\/Senza-nome-8.png 343w\" sizes=\"auto, (max-width: 105px) 100vw, 105px\" \/><\/a><\/span><\/em><strong><em><span style=\"color: #ff0000;\"> LA\u00a0 APP PER IOS-IPHONE di Nicola Vettorello<\/span><\/em><\/strong><\/p>\n<p><strong><span style=\"color: #0000ff;\"><a style=\"color: #0000ff;\" href=\"https:\/\/apps.apple.com\/it\/app\/radio-pi%C3%B9-emittente-agordina\/id1515939845\">https:\/\/apps.apple.com\/it\/app\/radio-pi%C3%B9-emittente-agordina\/id1515939845<\/a><\/span><\/strong><\/p>\n<p><strong><em style=\"color: #ff0000;\">LA\u00a0 APP RADIO\u00a0 PER ANDROID di Nicola Vettorello<\/em><\/strong><\/p>\n<p><strong><span style=\"color: #0000ff;\"><a style=\"color: #0000ff;\" href=\"https:\/\/play.google.com\/store\/apps\/details?id=net.radiopiu.iniko\" target=\"_blank\" rel=\"noopener noreferrer\">https:\/\/<\/a><a style=\"color: #0000ff;\" href=\"https:\/\/play.google.com\/store\/apps\/details?id=net.radiopiu.iniko\" target=\"_blank\" rel=\"noopener noreferrer\">play.google.com\/store\/apps\/details?id=net.radiopiu.iniko\u00a0\u00a0\u00a0\u00a0<\/a><\/span><\/strong><\/p>\n<h1 style=\"text-align: center;\"><\/h1>\n<p>&nbsp;<\/p>\n<p>&nbsp;<\/p>\n<hr \/>\n<p>&nbsp;<\/p>\n<p><span style=\"color: #0000ff;\"><strong><a class=\"dt-pswp-item\" href=\"https:\/\/www.radiopiu.net\/wordpress\/wp-content\/uploads\/2025\/03\/7293eebc-ee27-4d39-abde-0f33a906707f-1.jpg\" data-dt-img-description=\"\" data-large_image_width=\"1600\" data-large_image_height=\"1280\"><img loading=\"lazy\" decoding=\"async\" class=\"wp-image-440481 alignleft\" src=\"https:\/\/www.radiopiu.net\/wordpress\/wp-content\/uploads\/2025\/03\/7293eebc-ee27-4d39-abde-0f33a906707f-1-300x240.jpg\" alt=\"\" width=\"160\" height=\"128\" srcset=\"https:\/\/www.radiopiu.net\/wordpress\/wp-content\/uploads\/2025\/03\/7293eebc-ee27-4d39-abde-0f33a906707f-1-300x240.jpg 300w, https:\/\/www.radiopiu.net\/wordpress\/wp-content\/uploads\/2025\/03\/7293eebc-ee27-4d39-abde-0f33a906707f-1-1024x819.jpg 1024w, https:\/\/www.radiopiu.net\/wordpress\/wp-content\/uploads\/2025\/03\/7293eebc-ee27-4d39-abde-0f33a906707f-1-768x614.jpg 768w, https:\/\/www.radiopiu.net\/wordpress\/wp-content\/uploads\/2025\/03\/7293eebc-ee27-4d39-abde-0f33a906707f-1-1536x1229.jpg 1536w, https:\/\/www.radiopiu.net\/wordpress\/wp-content\/uploads\/2025\/03\/7293eebc-ee27-4d39-abde-0f33a906707f-1.jpg 1600w\" sizes=\"auto, (max-width: 160px) 100vw, 160px\" \/><\/a>OGGI <\/strong>\u00a0<\/span>\u00a0 <strong>\u00a009.00<\/strong> OGGI COME IERI, CON SILVIA BALDO IL LUNEDI ALLE 9 E IL MARTEDI ALLE 9.40 <strong>10.30 <\/strong>SIB, SERVIZI INTEGRATI BELLUNESI: INFORMA. IL PROGRAMMA QUINDICINALE DELLE TRE RADIO, CON BARBARA PAOLAZZI <span class=\"transfer_display_name\">\u00a0<strong>12.30<\/strong> IL GIORNALE RADIO EDIZIONE PRINCIPALE <strong>13<\/strong> SALUTE E SOCIETA&#8217; CON IL DOTTORA MARCO CARACCIOLO\u00a0 ALLE <strong>13.20<\/strong> CHE ANNO E&#8217;? DI MARINA DONA&#8217; 14.00 PIU&#8217; MUSICA\u00a0 <\/span><strong>15.00\u00a0 <\/strong>RITRATTI SONORI CON ALESSIA DALL&#8217;O, OSPITE ELISABETTA GIOP <strong>18<\/strong><b>.45 <\/b>APERTITIVO CON DJ JACK<\/p>\n<p><span style=\"color: #ff0000;\">OGGI alle 8.30 a Unomattina su RAI 1 parlano del raggio equinoziale con il filmato del nostro Claudio Pra (foto)\u00a0<\/span><\/p>\n<p>&nbsp;<\/p>\n<hr \/>\n<p>&nbsp;<\/p>\n<p>&nbsp;<\/p>\n<div class=\"x11i5rnm xat24cr x1mh8g0r x1vvkbs xtlvy1s x126k92a\">\n<div dir=\"auto\">\n<div dir=\"auto\">\n<p><strong><a class=\"dt-pswp-item\" href=\"https:\/\/www.radiopiu.net\/wordpress\/wp-content\/uploads\/2024\/02\/2d44e751-d8a8-461b-8e22-d8e4e853b032.jpg\" data-dt-img-description=\"\" data-large_image_width=\"1600\" data-large_image_height=\"1200\"><img loading=\"lazy\" decoding=\"async\" class=\"wp-image-373307 alignleft\" src=\"https:\/\/www.radiopiu.net\/wordpress\/wp-content\/uploads\/2024\/02\/2d44e751-d8a8-461b-8e22-d8e4e853b032-300x225.jpg\" alt=\"\" width=\"105\" height=\"79\" srcset=\"https:\/\/www.radiopiu.net\/wordpress\/wp-content\/uploads\/2024\/02\/2d44e751-d8a8-461b-8e22-d8e4e853b032-300x225.jpg 300w, https:\/\/www.radiopiu.net\/wordpress\/wp-content\/uploads\/2024\/02\/2d44e751-d8a8-461b-8e22-d8e4e853b032-1024x768.jpg 1024w, https:\/\/www.radiopiu.net\/wordpress\/wp-content\/uploads\/2024\/02\/2d44e751-d8a8-461b-8e22-d8e4e853b032-768x576.jpg 768w, https:\/\/www.radiopiu.net\/wordpress\/wp-content\/uploads\/2024\/02\/2d44e751-d8a8-461b-8e22-d8e4e853b032-1536x1152.jpg 1536w, https:\/\/www.radiopiu.net\/wordpress\/wp-content\/uploads\/2024\/02\/2d44e751-d8a8-461b-8e22-d8e4e853b032.jpg 1600w\" sizes=\"auto, (max-width: 105px) 100vw, 105px\" \/><\/a>EL BAL DEL FIOR, DI GIULIANA DA RONCH, 24 MARZO<\/strong><strong> 2025<\/strong><\/p>\n<\/div>\n<audio class=\"wp-audio-shortcode\" id=\"audio-440951-1\" preload=\"none\" style=\"width: 100%;\" controls=\"controls\"><source type=\"audio\/mpeg\" src=\"https:\/\/www.radiopiu.net\/wordpress\/wp-content\/uploads\/2025\/03\/GLU-3.mp3?_=1\" \/><a href=\"https:\/\/www.radiopiu.net\/wordpress\/wp-content\/uploads\/2025\/03\/GLU-3.mp3\">https:\/\/www.radiopiu.net\/wordpress\/wp-content\/uploads\/2025\/03\/GLU-3.mp3<\/a><\/audio>\n<p>&nbsp;<\/p>\n<div dir=\"auto\">\n<p>&nbsp;<\/p>\n<hr \/>\n<p>&nbsp;<\/p>\n<p>&nbsp;<\/p>\n<\/div>\n<\/div>\n<\/div>\n<div class=\"x11i5rnm xat24cr x1mh8g0r x1vvkbs xtlvy1s x126k92a\">\n<blockquote>\n<h1><strong><a class=\"dt-pswp-item\" href=\"https:\/\/www.radiopiu.net\/wordpress\/wp-content\/uploads\/2024\/10\/629301fd-708d-4f53-95c2-d28cbefd500f.jpg\" data-dt-img-description=\"\" data-large_image_width=\"1600\" data-large_image_height=\"1322\"><img loading=\"lazy\" decoding=\"async\" class=\"wp-image-413782 alignright\" src=\"https:\/\/www.radiopiu.net\/wordpress\/wp-content\/uploads\/2024\/10\/629301fd-708d-4f53-95c2-d28cbefd500f-300x248.jpg\" alt=\"\" width=\"106\" height=\"88\" srcset=\"https:\/\/www.radiopiu.net\/wordpress\/wp-content\/uploads\/2024\/10\/629301fd-708d-4f53-95c2-d28cbefd500f-300x248.jpg 300w, https:\/\/www.radiopiu.net\/wordpress\/wp-content\/uploads\/2024\/10\/629301fd-708d-4f53-95c2-d28cbefd500f-1024x846.jpg 1024w, https:\/\/www.radiopiu.net\/wordpress\/wp-content\/uploads\/2024\/10\/629301fd-708d-4f53-95c2-d28cbefd500f-768x635.jpg 768w, https:\/\/www.radiopiu.net\/wordpress\/wp-content\/uploads\/2024\/10\/629301fd-708d-4f53-95c2-d28cbefd500f-1536x1269.jpg 1536w, https:\/\/www.radiopiu.net\/wordpress\/wp-content\/uploads\/2024\/10\/629301fd-708d-4f53-95c2-d28cbefd500f.jpg 1600w\" sizes=\"auto, (max-width: 106px) 100vw, 106px\" \/><\/a><\/strong><\/h1>\n<h1><strong><a class=\"dt-pswp-item\" href=\"https:\/\/www.radiopiu.net\/wordpress\/wp-content\/uploads\/2024\/11\/th-18.jpg\" data-dt-img-description=\"\" data-large_image_width=\"156\" data-large_image_height=\"180\"><img loading=\"lazy\" decoding=\"async\" class=\"size-full wp-image-421611 alignleft\" src=\"https:\/\/www.radiopiu.net\/wordpress\/wp-content\/uploads\/2024\/11\/th-18.jpg\" alt=\"\" width=\"156\" height=\"180\" \/><\/a><\/strong><\/h1>\n<h1><strong>N di parom &#8211; L Almanach de la nosta jent<\/strong><\/h1>\n<\/blockquote>\n<p>&nbsp;<\/p>\n<p>Le voci: Davide Conedera, Agordo, Michela Dell&#8217;Osbel, La Valle Agordina Simone Ganz, Falcade Veronica Lezuo, Colle Santa Lucia. La voce nella sigla \u00e8 di Giorgia Taio<\/p>\n<p><strong>LA PUNTATA DI OGGI, 24 MARZO 2025<\/strong><\/p>\n<audio class=\"wp-audio-shortcode\" id=\"audio-440951-2\" preload=\"none\" style=\"width: 100%;\" controls=\"controls\"><source type=\"audio\/mpeg\" src=\"https:\/\/www.radiopiu.net\/wordpress\/wp-content\/uploads\/2025\/03\/AL1-3.mp3?_=2\" \/><a href=\"https:\/\/www.radiopiu.net\/wordpress\/wp-content\/uploads\/2025\/03\/AL1-3.mp3\">https:\/\/www.radiopiu.net\/wordpress\/wp-content\/uploads\/2025\/03\/AL1-3.mp3<\/a><\/audio>\n<p>&nbsp;<\/p>\n<p>&nbsp;<\/p>\n<p>&nbsp;<\/p>\n<p>&nbsp;<\/p>\n<\/div>\n<div class=\"x11i5rnm xat24cr x1mh8g0r x1vvkbs xtlvy1s x126k92a\">\n<div dir=\"auto\">\n<hr \/>\n<\/div>\n<\/div>\n<blockquote>\n<blockquote>\n<h1><span style=\"color: #ff0000;\">\u00a0<\/span><\/h1>\n<h1><span style=\"color: #ff0000;\">I podcast informativi del mattino &#8211; audio &#8211;\u00a0\u00a0<\/span><\/h1>\n<\/blockquote>\n<p><strong><a class=\"dt-pswp-item\" href=\"https:\/\/www.radiopiu.net\/wordpress\/wp-content\/uploads\/2024\/11\/6.jpg\" data-dt-img-description=\"\" data-large_image_width=\"177\" data-large_image_height=\"180\"><img loading=\"lazy\" decoding=\"async\" class=\"size-full wp-image-417911 alignleft\" src=\"https:\/\/www.radiopiu.net\/wordpress\/wp-content\/uploads\/2024\/11\/6.jpg\" alt=\"\" width=\"177\" height=\"180\" \/><\/a>LA RASSEGNA STAMPA NAZIONALE ALLA RADIO, OGNI GIORNO ALLE 5 E ALLE 6 DEL MATTINO <span style=\"color: #0000ff;\">viene pubblicata alle 6.00 <span style=\"color: #ff0000;\">DIRETTA RADIO\u00a0 \u00a0\u00a0<\/span><\/span><\/strong><\/p><\/blockquote>\n<p>&nbsp;<\/p>\n<p><strong>NOTIZIE DELLA NOTTE<\/strong><\/p>\n<p><strong>Calcio<\/strong>, il Messico vince la Nations League di Concacaf <strong>Tennis:<\/strong> Atp Miami, Musetti agli ottavi contro Djokovic <strong>L&#8217;Alta corte di Seul<\/strong> respinge l&#8217;impeachment del premier Han <strong>Borsa:<\/strong> Hong Kong positiva, apre a +0,23%<br \/>\n<strong>Borsa:<\/strong> Tokyo, apertura in rialzo (+0,42%) <strong>Omicidio<\/strong> vicino Roma, uomo ucciso con colpo di pistola <strong>Katz<\/strong>, &#8216;in raid ospedale ucciso nuovo premier Hamas a Gaza&#8217; <strong>Kiev,<\/strong> &#8216;conclusi colloqui con Usa, discussione produttiva&#8217;<\/p>\n<h1>AUDIO dalle 6 del mattino<\/h1>\n<audio class=\"wp-audio-shortcode\" id=\"audio-440951-3\" preload=\"none\" style=\"width: 100%;\" controls=\"controls\"><source type=\"audio\/mpeg\" src=\"https:\/\/www.radiopiu.net\/wordpress\/wp-content\/uploads\/2025\/03\/GIORNALEDELLESEI-17.mp3?_=3\" \/><a href=\"https:\/\/www.radiopiu.net\/wordpress\/wp-content\/uploads\/2025\/03\/GIORNALEDELLESEI-17.mp3\">https:\/\/www.radiopiu.net\/wordpress\/wp-content\/uploads\/2025\/03\/GIORNALEDELLESEI-17.mp3<\/a><\/audio>\n<p>&nbsp;<\/p>\n<p>&nbsp;<\/p>\n<hr \/>\n<p>&nbsp;<\/p>\n<h1 style=\"text-align: center;\"><span style=\"color: #ff0000;\"><a class=\"dt-pswp-item\" href=\"https:\/\/www.radiopiu.net\/wordpress\/wp-content\/uploads\/2024\/11\/7.jpg\" data-dt-img-description=\"\" data-large_image_width=\"180\" data-large_image_height=\"180\"><img loading=\"lazy\" decoding=\"async\" class=\"size-full wp-image-417912 alignleft\" src=\"https:\/\/www.radiopiu.net\/wordpress\/wp-content\/uploads\/2024\/11\/7.jpg\" alt=\"\" width=\"180\" height=\"180\" srcset=\"https:\/\/www.radiopiu.net\/wordpress\/wp-content\/uploads\/2024\/11\/7.jpg 180w, https:\/\/www.radiopiu.net\/wordpress\/wp-content\/uploads\/2024\/11\/7-150x150.jpg 150w\" sizes=\"auto, (max-width: 180px) 100vw, 180px\" \/><\/a>I podcast informativi del mattino &#8211; audio &#8211;\u00a0<\/span><\/h1>\n<p><strong>OGNI GIORNO ALLE SETTE DEL MATTINO, LA RASSEGNA STAMPA LOCALE FLASH&#8230; PER CHI VA IN FRETTA. I TITOLI DAI GIORNALI E DAL SITO WWW.RADIOPIU.NET <span style=\"color: #0000ff;\">viene pubblicato alle 7.00<\/span> <span style=\"color: #ff0000;\">DIRETTA RADIO\u00a0<\/span><\/strong><\/p>\n<p><em><span style=\"color: #ff0000;\">per chi va in fretta&#8230; tante notizie in pochi minuti. L&#8217;informazione locale alla radio, ogni ora dalle 7 del mattino alle 19 della sera.\u00a0<\/span><\/em><\/p>\n<p class=\"\" data-start=\"69\" data-end=\"582\"><strong data-start=\"69\" data-end=\"123\">LUTTO A VILLABRUNA PER LA SCOMPARSA DI LUCA POLLET<\/strong><br data-start=\"123\" data-end=\"126\" \/>L\u2019ultimo saluto si terr\u00e0 marted\u00ec alle 10:30 a Villabruna. Le offerte saranno devolute all\u2019hospice Le Vette.<\/p>\n<p class=\"\" data-start=\"584\" data-end=\"873\"><strong data-start=\"584\" data-end=\"618\">SCIATORI SOCCORSI DAL SUEM 118 <\/strong>sciatrice polacca di 45 anni \u00e8 stata elitrasportata ad Agordo, un 65enne di Ancona a Belluno. <strong data-start=\"875\" data-end=\"909\">AUTO IN FIAMME A ROCCA PIETORE\u00a0 <\/strong>Nessun ferito, ma il veicolo ha subito danni ingenti. <strong data-start=\"1084\" data-end=\"1116\">CERVA INVESTITA A CENCENIGHE<\/strong>I Vigili del Fuoco hanno ripristinato la viabilit\u00e0. <strong data-start=\"1341\" data-end=\"1393\">DUE AUTOBUS BLOCCATI DALLA NEVE SUL PASSO FEDAIA <\/strong>I mezzi sono stati liberati e hanno ripreso la marcia. <strong data-start=\"1594\" data-end=\"1640\">INCIDENTE A SANTA GIUSTINA, AUTO CAPOTTATA <\/strong>una 19enne di Casier, \u00e8 uscita illesa<\/p>\n<h1>AUDIO dalle 7 del mattino<\/h1>\n<audio class=\"wp-audio-shortcode\" id=\"audio-440951-4\" preload=\"none\" style=\"width: 100%;\" controls=\"controls\"><source type=\"audio\/mpeg\" src=\"https:\/\/www.radiopiu.net\/wordpress\/wp-content\/uploads\/2025\/03\/GF07-19.mp3?_=4\" \/><a href=\"https:\/\/www.radiopiu.net\/wordpress\/wp-content\/uploads\/2025\/03\/GF07-19.mp3\">https:\/\/www.radiopiu.net\/wordpress\/wp-content\/uploads\/2025\/03\/GF07-19.mp3<\/a><\/audio>\n<p>&nbsp;<\/p>\n<p>&nbsp;<\/p>\n<hr \/>\n<p>&nbsp;<\/p>\n<h1><\/h1>\n<h1 style=\"text-align: center;\"><span style=\"color: #ff0000;\"><a class=\"dt-pswp-item\" href=\"https:\/\/www.radiopiu.net\/wordpress\/wp-content\/uploads\/2024\/11\/th.jpg\" data-dt-img-description=\"\" data-large_image_width=\"148\" data-large_image_height=\"179\"><img loading=\"lazy\" decoding=\"async\" class=\"size-full wp-image-417913 alignleft\" src=\"https:\/\/www.radiopiu.net\/wordpress\/wp-content\/uploads\/2024\/11\/th.jpg\" alt=\"\" width=\"148\" height=\"179\" \/><\/a>I podcast informativi del mattino &#8211; audio &#8211;\u00a0<\/span><\/h1>\n<blockquote><p><strong>GIORNALE RADIO NAZIONALE, EDIZIONE DELLE SETTE <span style=\"color: #0000ff;\">viene pubblicato alle 7.05 <span style=\"color: #ff0000;\">DIRETTA RADIO\u00a0<\/span><\/span><\/strong><\/p><\/blockquote>\n<p><strong>il giornale radionazionale e&#8217; in onda ogni ora, dalle sette del mattino alle venti della sera\u00a0 <\/strong><\/p>\n<p><strong>\u00a0 \u00a0<\/strong><\/p>\n<p><strong>Ancora sangue sulle strade, nel weekend 8 morti Altre 4 vittime dopo i 4 giovani di sabato Scontro tra auto e camion: morti 2 ragazzi, altri 2 feriti<\/strong><\/p>\n<p><strong><a class=\"dt-pswp-item\" href=\"https:\/\/www.radiopiu.net\/wordpress\/wp-content\/uploads\/2025\/02\/download-7.jpg\" data-dt-img-description=\"\" data-large_image_width=\"211\" data-large_image_height=\"239\"><img loading=\"lazy\" decoding=\"async\" class=\"wp-image-435553 alignleft\" src=\"https:\/\/www.radiopiu.net\/wordpress\/wp-content\/uploads\/2025\/02\/download-7.jpg\" alt=\"\" width=\"125\" height=\"142\" \/><\/a>ROMA<\/strong> Chirurgia estetica,\u00a0 Muore dopo una liposuzione a Roma, indagato il chirurgo <strong>MILANO<\/strong> Pm aprono un fascicolo sulla vendita dello stadio di San Siro <strong>ERBA<\/strong> Strage di Erba In Cassazione l&#8217;ultima speranza per Olindo e Rosa <strong>ROMA<\/strong> Esplode palazzina a Roma, grave turista ospite di un b&amp;b Ustionato sul 70% corpo, ipotesi fuga gas.<br \/>\n<strong>ELBA<\/strong> Nave di 42 metri si incaglia all&#8217;Elba, tratti in salvo in 11 &#8216;Per l&#8217;incidente hanno imbarcato acqua, al momento non ci sono inquinamenti&#8217; <strong>VATICANO<\/strong> Il Papa torna in Vaticano. \u00a0Prima apparizione pubblica del Pontefice dal suo ricovero il 14 febbraio. Francesco lascia i fiori a Santa Maria Maggiore <strong>MILANO<\/strong> Processo Grillo Jr, verso la sentenza entro l&#8217;estate Luned\u00ec nuova udienza per stabilire il calendario delle conclusioni del pubblico ministero e della parte civile <strong>ROMA<\/strong> Tratta e sfruttamento della prostituzione, sei arresti Operazione della Polizia a Roma, Brescia e in Islanda<\/p>\n<p>&nbsp;<\/p>\n<p><strong><a class=\"dt-pswp-item\" href=\"https:\/\/www.radiopiu.net\/wordpress\/wp-content\/uploads\/2025\/02\/download-3.jpg\" data-dt-img-description=\"\" data-large_image_width=\"223\" data-large_image_height=\"226\"><img loading=\"lazy\" decoding=\"async\" class=\" wp-image-434732 alignleft\" src=\"https:\/\/www.radiopiu.net\/wordpress\/wp-content\/uploads\/2025\/02\/download-3.jpg\" alt=\"\" width=\"158\" height=\"160\" \/><\/a>Sferzata invernale in Veneto, pi\u00f9 di 1 metro di neve in quota Altre nevicate nella notte, soccorsi auto e pullman bloccati. E&#8217; allerta gialla per valanghe sulle Dolomiti Avviso della Protezione civile del Veneto<\/strong><br \/>\n<strong>VICENZA<\/strong> Coppia esce da ristorante e viene investita, lui morto,lei grave Nel Vicentino, lungo la provinciale &#8216;Marosticana&#8217; <strong>VENEZIA<\/strong> Si suicid\u00f2 dopo il licenziamento dalla &#8216;Metro&#8217;,famiglia fa causa L&#8217;uomo fu messo alla porta per aver aver causato danno 280 euro<strong> PADOVA T<\/strong>ruffati anziani con tecnica falso carabinieri, arrestato. Militari bloccano il napoletano,\u00a0 sequestrandogli bottino di 14.600 euro <strong>TREVISO<\/strong> Due assalti a bancomat tra Treviso-Venezia,il terzo nella notte. Carabinieri sospettano che ad agire sia stessa banda <strong>BOLZANO<\/strong> Amici in ferie rubano sci in Alta Pusteria, denunciati per furto. Identificati dai Carabinieri grazie a una telecamera defilata <strong>TREVISO<\/strong> Esplode bancomat, donna intossicata nel Trevigiano Scoppio provoca principio d&#8217;incendio in uffici <strong>PADOVA<\/strong> Furto in negozio centro Padova arrestati due ladri dalla polizia Indagata una terza persona per ricettazione <strong>VERONA<\/strong> Coniugi trovati morti, nessun segno di violenza.\u00a0 L&#8217;uomo \u00e8 deceduto per infarto, escluse responsabilit\u00e0 di terzi<\/p>\n<h1><span style=\"color: #ff0000;\"><span style=\"color: #0000ff;\">ULTIM&#8217;ORA<\/span> <span style=\"color: #000000;\">AUDIO dalle sette del mattino, ogni ora alla radio EDIZIONE DELLE SETTE<\/span><\/span><\/h1>\n<audio class=\"wp-audio-shortcode\" id=\"audio-440951-5\" preload=\"none\" style=\"width: 100%;\" controls=\"controls\"><source type=\"audio\/mpeg\" src=\"https:\/\/www.radiopiu.net\/wordpress\/wp-content\/uploads\/2025\/03\/giornale07-23.mp3?_=5\" \/><a href=\"https:\/\/www.radiopiu.net\/wordpress\/wp-content\/uploads\/2025\/03\/giornale07-23.mp3\">https:\/\/www.radiopiu.net\/wordpress\/wp-content\/uploads\/2025\/03\/giornale07-23.mp3<\/a><\/audio>\n<p>&nbsp;<\/p>\n<p>&nbsp;<\/p>\n<hr \/>\n<p>&nbsp;<\/p>\n<p>&nbsp;<\/p>\n<h1><span style=\"color: #ff0000;\"><a class=\"dt-pswp-item\" href=\"https:\/\/www.radiopiu.net\/wordpress\/wp-content\/uploads\/2024\/11\/8.jpg\" data-dt-img-description=\"\" data-large_image_width=\"180\" data-large_image_height=\"180\"><img loading=\"lazy\" decoding=\"async\" class=\"size-full wp-image-417910 alignleft\" src=\"https:\/\/www.radiopiu.net\/wordpress\/wp-content\/uploads\/2024\/11\/8.jpg\" alt=\"\" width=\"180\" height=\"180\" srcset=\"https:\/\/www.radiopiu.net\/wordpress\/wp-content\/uploads\/2024\/11\/8.jpg 180w, https:\/\/www.radiopiu.net\/wordpress\/wp-content\/uploads\/2024\/11\/8-150x150.jpg 150w\" sizes=\"auto, (max-width: 180px) 100vw, 180px\" \/><\/a>I podcast informativi del mattino &#8211; video &#8211;\u00a0<\/span><\/h1>\n<h2 style=\"text-align: left;\"><strong>RASSEGNA STAMPA LOCALE, ORE OTTO<\/strong><\/h2>\n<h2><strong> <span style=\"color: #0000ff;\">viene\u00a0 <\/span><\/strong><strong><span style=\"color: #0000ff;\">pubblicata alle 8.05 <span style=\"color: #ff0000;\">DIRETTA RADIO\u00a0 \u00a0<\/span><\/span><\/strong><strong>DI MIRKO MEZZACASA<\/strong><\/h2>\n<h2><span style=\"color: #ff0000;\"><strong>\u00a0\u00a0<\/strong><\/span><\/h2>\n<p class=\"\" data-start=\"66\" data-end=\"523\"><strong data-start=\"66\" data-end=\"123\">CRESCE IL MALCONTENTO ALL&#8217;ISTITUTO FOLLADOR DI AGORDO<\/strong><br data-start=\"123\" data-end=\"126\" \/><strong data-start=\"525\" data-end=\"571\">EXPORT TREVIGIANO E BELLUNESE IN FLESSIONE<\/strong><br data-start=\"571\" data-end=\"574\" \/><strong data-start=\"874\" data-end=\"951\">SPOPOLAMENTO: BELLUNO ALPINA CHIEDE MAGGIORI RISORSE PER L\u2019AREA PREALPINA<\/strong><br data-start=\"951\" data-end=\"954\" \/><strong data-start=\"1209\" data-end=\"1278\">ULSS DOLOMITI E APSS DI TRENTO: COLLABORAZIONE SEMPRE PI\u00d9 STRETTA<\/strong><br data-start=\"1278\" data-end=\"1281\" \/><strong data-start=\"1495\" data-end=\"1552\">DOPPIO APPUNTAMENTO CON IL DOTTOR MANTOVANI A BELLUNO<\/strong><br data-start=\"1552\" data-end=\"1555\" \/><strong data-start=\"1751\" data-end=\"1825\">ULSS 1 DOLOMITI: INCONTRO SULLA SICUREZZA ALIMENTARE PER I RISTORATORI<\/strong><br data-start=\"1825\" data-end=\"1828\" \/><strong data-start=\"2014\" data-end=\"2072\">NASCERE NELLE DOLOMITI: PROSSIMO INCONTRO A CENCENIGHE<\/strong><br data-start=\"2072\" data-end=\"2075\" \/><strong data-start=\"2254\" data-end=\"2309\">INSIEME PER L&#8217;AUTISMO: EVENTO A BELLUNO IL 2 APRILE<\/strong><\/p>\n<p>&nbsp;<\/p>\n<h1><span style=\"color: #ff0000;\"><strong>VIDEO\u00a0 \u00a0in diretta AGGIORNAMENTO\u00a0 dalle 8 del mattino\u00a0<\/strong><\/span><\/h1>\n<h2><\/h2>\n<p><iframe loading=\"lazy\" title=\"DAL 1983 LA RASSEGNA STAMPA LOCALE di mirko mezzacasa. L&#039;ORIGINALE\" width=\"1200\" height=\"675\" src=\"https:\/\/www.youtube.com\/embed\/4cqsggXHLZE?feature=oembed\" frameborder=\"0\" allow=\"accelerometer; autoplay; clipboard-write; encrypted-media; gyroscope; picture-in-picture; web-share\" referrerpolicy=\"strict-origin-when-cross-origin\" allowfullscreen><\/iframe><\/p>\n<hr \/>\n<p>&nbsp;<\/p>\n<p>&nbsp;<\/p>\n<p>&nbsp;<\/p>\n<p><strong><a class=\"dt-pswp-item\" href=\"https:\/\/www.radiopiu.net\/wordpress\/wp-content\/uploads\/2023\/12\/ANTENNA.png\" data-dt-img-description=\"\" data-large_image_width=\"300\" data-large_image_height=\"166\"><img loading=\"lazy\" decoding=\"async\" class=\"wp-image-366306 alignright\" src=\"https:\/\/www.radiopiu.net\/wordpress\/wp-content\/uploads\/2023\/12\/ANTENNA.png\" alt=\"\" width=\"101\" height=\"56\" \/><\/a><a class=\"dt-pswp-item\" href=\"https:\/\/www.radiopiu.net\/wordpress\/wp-content\/uploads\/2024\/11\/th-17.jpg\" data-dt-img-description=\"\" data-large_image_width=\"224\" data-large_image_height=\"180\"><img loading=\"lazy\" decoding=\"async\" class=\" wp-image-421610 alignleft\" src=\"https:\/\/www.radiopiu.net\/wordpress\/wp-content\/uploads\/2024\/11\/th-17.jpg\" alt=\"\" width=\"167\" height=\"134\" \/><\/a>ogni sera alle 19 le anticipazioni alla radio, quello che poi seguirete nel TELEGIORNALE BELLUNESE\u00a0 in onda alle 19.30 sul CANALE 10 del digitale terrestre.\u00a0\u00a0<\/strong><\/p>\n<p><b>\u00a0\u00a0<\/b><\/p>\n<h1><\/h1>\n<p>&nbsp;<\/p>\n<p>&nbsp;<\/p>\n<hr \/>\n<p>&nbsp;<\/p>\n<blockquote>\n<h3 class=\"entry-title\">CHIUSURA REGIONALE 203 AGORDINA, BIVIO ROVEI<\/h3>\n<\/blockquote>\n<p><strong>COLLE SANTA LUCIA <\/strong>Dal 24 marzo al 30 aprile dalle 8 alle 17.30 escluso sabato domenica e festivi, chiusura della regionale 203 agordina nel tratto bivio Rovei, bivio Rucav\u00e0. Interdizione totale per lavori di mitigazione del rischio caduta massi.<\/p>\n<p>&nbsp;<\/p>\n<p>&nbsp;<\/p>\n<hr \/>\n<p>&nbsp;<\/p>\n<blockquote>\n<h3 class=\"photoswipe-wrapper\"><a class=\"dt-pswp-item pspw-wrap-ready\" href=\"https:\/\/www.radiopiu.net\/wordpress\/wp-content\/uploads\/2024\/12\/Logo_SibPAYOFF.jpg\" data-dt-img-description=\"\" data-large_image_width=\"1536\" data-large_image_height=\"391\"><img loading=\"lazy\" decoding=\"async\" class=\"wp-image-426474 alignleft\" src=\"https:\/\/www.radiopiu.net\/wordpress\/wp-content\/uploads\/2024\/12\/Logo_SibPAYOFF-300x76.jpg\" sizes=\"auto, (max-width: 162px) 100vw, 162px\" srcset=\"https:\/\/www.radiopiu.net\/wordpress\/wp-content\/uploads\/2024\/12\/Logo_SibPAYOFF-300x76.jpg 300w, https:\/\/www.radiopiu.net\/wordpress\/wp-content\/uploads\/2024\/12\/Logo_SibPAYOFF-1024x261.jpg 1024w, https:\/\/www.radiopiu.net\/wordpress\/wp-content\/uploads\/2024\/12\/Logo_SibPAYOFF-768x196.jpg 768w, https:\/\/www.radiopiu.net\/wordpress\/wp-content\/uploads\/2024\/12\/Logo_SibPAYOFF.jpg 1536w\" alt=\"\" width=\"162\" height=\"41\" \/><\/a>ACQUA NON POTABILE<\/h3>\n<\/blockquote>\n<p>A Gosaldo Nelle localit\u00e0 Curti, Incasal e Le Case l\u2019acqua erogata dall\u2019acquedotto non \u00e8 potabile e non pu\u00f2 essere usata per scopi alimentari. Verr\u00e0 effettuato servizio sostitutivo con cisterna in localit\u00e0 Curti.<\/p>\n<p>a Rocca Pietore in localit\u00e0 Digonera l&#8217;acqua erogata dall&#8217;acquedotto non \u00e8 potabile e pu\u00f2 essere usata per scopi alimentari solo previa bollitura. Verr\u00e0 effettuato servizio sostitutivo con autobotte presso\u00a0 l&#8217;Albergo Digonera in localit\u00e0 Digonera.<\/p>\n<p>&nbsp;<\/p>\n<p>&nbsp;<\/p>\n<hr \/>\n<p>&nbsp;<\/p>\n<blockquote>\n<h3>VILLABRUNA IN LUTTO PER LA SCOMPARSA DI LUCA POLLET<\/h3>\n<\/blockquote>\n<p class=\"\" data-start=\"59\" data-end=\"406\"><img decoding=\"async\" class=\"alignleft\" src=\"https:\/\/www.radiopiu.net\/wordpress\/wp-content\/uploads\/2025\/03\/A.png\" \/>La comunit\u00e0 di Feltre piange la scomparsa di Luca Pollet, 44 anni, avvenuta all\u2019hospice Le Vette. Pollet, impegnato nel settore edilizio, era noto per la sua passione per lo sport e il calcio. Nato a Villabruna, aveva giocato con il Vignui, il Villabruna e per oltre sei anni con l\u2019US San Vittore di Anz\u00f9, per poi unirsi ai Veterani Vellai. Grande tifoso dell\u2019Inter, era un punto di riferimento per l\u2019Inter Club di Fener. La sua passione per lo sport era condivisa con il fratello Rudy, navigatore nel mondo del rally. Colpito dalla malattia due anni fa, Pollet ha affrontato con forza la sua battaglia senza mai perdere il sorriso. \u00abUna persona splendida\u00bb, lo ricordano amici e conoscenti. L\u2019ultimo saluto si terr\u00e0 marted\u00ec alle 10:30 al cimitero di Villabruna, dove riposeranno le sue ceneri. La famiglia ha chiesto di destinare eventuali offerte all\u2019hospice Le Vette.<\/p>\n<p>&nbsp;<\/p>\n<hr \/>\n<blockquote>\n<h3 class=\"entry-title\"><\/h3>\n<h3 class=\"entry-title\">INTERVENTI DEL SUEM 118: DUE SCIATORI SOCCORSI IN MONTAGNA<\/h3>\n<\/blockquote>\n<h3 class=\"entry-title\"><span style=\"font-size: 14px; font-weight: normal;\"><a class=\"dt-pswp-item\" href=\"https:\/\/www.radiopiu.net\/wordpress\/wp-content\/uploads\/2025\/03\/Immagine-2025-03-23-173353.png\" data-dt-img-description=\"\" data-large_image_width=\"279\" data-large_image_height=\"161\"><img loading=\"lazy\" decoding=\"async\" class=\" wp-image-441122 alignleft\" src=\"https:\/\/www.radiopiu.net\/wordpress\/wp-content\/uploads\/2025\/03\/Immagine-2025-03-23-173353.png\" alt=\"\" width=\"161\" height=\"93\" \/><\/a>Domenica di interventi per il Suem 118 sulle piste delle Dolomiti. A Livinallongo, nei pressi del Rifugio Portavescovo, una sciatrice polacca di 45 anni \u00e8 rimasta coinvolta in un incidente sugli sci. A seguito delle ferite riportate, \u00e8 stata trasportata in elicottero all\u2019ospedale di Agordo con un quadro di media gravit\u00e0. Un altro intervento si \u00e8 reso necessario a Cortina, nella zona delle 5 Torri, dove un 65enne di Ancona ha subito un trauma facciale in seguito a una caduta. Anche in questo caso, l\u2019uomo \u00e8 stato elitrasportato d\u2019urgenza all\u2019ospedale di Belluno per le cure necessarie.<\/span><\/h3>\n<p>&nbsp;<\/p>\n<p>&nbsp;<\/p>\n<hr \/>\n<p>&nbsp;<\/p>\n<blockquote>\n<h3><a class=\"dt-pswp-item\" href=\"https:\/\/www.radiopiu.net\/wordpress\/wp-content\/uploads\/2025\/03\/485766573_1062295392607110_1107482424232276439_n.jpg\" data-dt-img-description=\"\" data-large_image_width=\"552\" data-large_image_height=\"736\"><img loading=\"lazy\" decoding=\"async\" class=\" wp-image-441109 alignleft\" src=\"https:\/\/www.radiopiu.net\/wordpress\/wp-content\/uploads\/2025\/03\/485766573_1062295392607110_1107482424232276439_n-225x300.jpg\" alt=\"\" width=\"106\" height=\"141\" srcset=\"https:\/\/www.radiopiu.net\/wordpress\/wp-content\/uploads\/2025\/03\/485766573_1062295392607110_1107482424232276439_n-225x300.jpg 225w, https:\/\/www.radiopiu.net\/wordpress\/wp-content\/uploads\/2025\/03\/485766573_1062295392607110_1107482424232276439_n.jpg 552w\" sizes=\"auto, (max-width: 106px) 100vw, 106px\" \/><\/a>AUTO IN FIAMME<\/h3>\n<\/blockquote>\n<p><strong>ROCCA PIETORE <\/strong>Nel primo pomeriggio di sabato, intorno alle ore 14:30, i Vigili del Fuoco di Agordo e i Vigili del Fuoco volontari di Caprile sono intervenuti a Sopracordevole\u00a0 per l\u2019incendio di un\u2019autovettura. L\u2019episodio non ha fortunatamente causato feriti, ma ha provocato danni significativi al veicolo coinvolto. Le squadre dei Vigili del Fuoco hanno operato tempestivamente per domare le fiamme e mettere in sicurezza l\u2019area, evitando ulteriori conseguenze.<\/p>\n<p>&nbsp;<\/p>\n<p>&nbsp;<\/p>\n<hr \/>\n<p>&nbsp;<\/p>\n<blockquote>\n<h3>INVESTITO UN CERVO A CENCENIGHE<\/h3>\n<\/blockquote>\n<p><strong><a class=\"dt-pswp-item\" href=\"https:\/\/www.radiopiu.net\/wordpress\/wp-content\/uploads\/2025\/03\/SCR-20231007-kkwy.jpeg\" data-dt-img-description=\"\" data-large_image_width=\"1150\" data-large_image_height=\"816\"><img loading=\"lazy\" decoding=\"async\" class=\" wp-image-441023 alignleft\" src=\"https:\/\/www.radiopiu.net\/wordpress\/wp-content\/uploads\/2025\/03\/SCR-20231007-kkwy-300x213.jpeg\" alt=\"\" width=\"208\" height=\"148\" srcset=\"https:\/\/www.radiopiu.net\/wordpress\/wp-content\/uploads\/2025\/03\/SCR-20231007-kkwy-300x213.jpeg 300w, https:\/\/www.radiopiu.net\/wordpress\/wp-content\/uploads\/2025\/03\/SCR-20231007-kkwy-1024x727.jpeg 1024w, https:\/\/www.radiopiu.net\/wordpress\/wp-content\/uploads\/2025\/03\/SCR-20231007-kkwy-768x545.jpeg 768w, https:\/\/www.radiopiu.net\/wordpress\/wp-content\/uploads\/2025\/03\/SCR-20231007-kkwy.jpeg 1150w\" sizes=\"auto, (max-width: 208px) 100vw, 208px\" \/><\/a>CENCENIGHE <\/strong>I Vigili del Fuoco di Agordo sono intervenuti nella tarda serata di sabato per un incidente stradale avvenuto lungo la SR 203 Agordina, in localit\u00e0 Morbiach, nel comune di Cencenighe Agordino. L&#8217;allarme \u00e8 scattato poco dopo le 22, quando un\u2019automobile ha investito un cervo che si trovava sulla carreggiata. Fortunatamente, gli occupanti del veicolo non hanno riportato ferite, ma il mezzo ha subito danni a seguito dell\u2019impatto. Purtroppo, per l\u2019animale non c\u2019\u00e8 stato nulla da fare ed \u00e8 morto sul colpo. I Vigili del Fuoco, giunti prontamente sul posto, hanno provveduto alla rimozione della carcassa del cervo dalla sede stradale, ripristinando la normale circolazione nel pi\u00f9 breve tempo possibile.<\/p>\n<p>&nbsp;<\/p>\n<p>&nbsp;<\/p>\n<hr \/>\n<p>&nbsp;<\/p>\n<blockquote>\n<h3>DUE AUTOBUS BLOCCATI DALLA NEVE SUL PASSO FEDAIA<\/h3>\n<\/blockquote>\n<p><strong>ROCCA PIETORE <\/strong>Nella notte tra sabato e domenica, a partire dalle 3:00 di domenica, i vigili del fuoco sono intervenuti lungo la strada del Passo Fedaia, nel comune di Rocca Pietore, per soccorrere un\u2019auto e due autobus rimasti bloccati a causa di un\u2019abbondante nevicata. La squadra dei vigili del fuoco, proveniente dal distaccamento volontario di Caprile, ha lavorato per liberare i mezzi, permettendo loro di riprendere la marcia in autonomia. Le operazioni si sono concluse intorno alle 7:00 del mattino.<\/p>\n\n\t\t\t<style type='text\/css'>\n\t\t\t\t#gallery-1 {\n\t\t\t\t\tmargin: auto;\n\t\t\t\t}\n\t\t\t\t#gallery-1 .gallery-item {\n\t\t\t\t\tfloat: left;\n\t\t\t\t\tmargin-top: 10px;\n\t\t\t\t\ttext-align: center;\n\t\t\t\t\twidth: 25%;\n\t\t\t\t}\n\t\t\t\t#gallery-1 img {\n\t\t\t\t\tborder: 2px solid #cfcfcf;\n\t\t\t\t}\n\t\t\t\t#gallery-1 .gallery-caption {\n\t\t\t\t\tmargin-left: 0;\n\t\t\t\t}\n\t\t\t\t\/* see gallery_shortcode() in wp-includes\/media.php *\/\n\t\t\t<\/style>\n\t\t<div id='gallery-1' class='dt-gallery-container gallery galleryid-440951 gallery-columns-4 gallery-size-medium'><dl class='gallery-item'>\n\t\t\t\t<dt class='gallery-icon landscape'>\n\t\t\t\t\t<a class=\"rollover rollover-zoom dt-pswp-item\" title=\"Unknown-3\" data-dt-img-description=\"\" data-large_image_width=\"591\" data-large_image_height=\"420\"href='https:\/\/www.radiopiu.net\/wordpress\/wp-content\/uploads\/2025\/03\/Unknown-3-2.jpeg'><img loading=\"lazy\" decoding=\"async\" width=\"300\" height=\"213\" src=\"https:\/\/www.radiopiu.net\/wordpress\/wp-content\/uploads\/2025\/03\/Unknown-3-2-300x213.jpeg\" class=\"attachment-medium size-medium\" alt=\"\" srcset=\"https:\/\/www.radiopiu.net\/wordpress\/wp-content\/uploads\/2025\/03\/Unknown-3-2-300x213.jpeg 300w, https:\/\/www.radiopiu.net\/wordpress\/wp-content\/uploads\/2025\/03\/Unknown-3-2.jpeg 591w\" sizes=\"auto, (max-width: 300px) 100vw, 300px\" \/><\/a>\n\t\t\t\t<\/dt><\/dl><dl class='gallery-item'>\n\t\t\t\t<dt class='gallery-icon landscape'>\n\t\t\t\t\t<a class=\"rollover rollover-zoom dt-pswp-item\" title=\"Unknown\" data-dt-img-description=\"\" data-large_image_width=\"591\" data-large_image_height=\"440\"href='https:\/\/www.radiopiu.net\/wordpress\/wp-content\/uploads\/2025\/03\/Unknown-21.jpeg'><img loading=\"lazy\" decoding=\"async\" width=\"300\" height=\"223\" src=\"https:\/\/www.radiopiu.net\/wordpress\/wp-content\/uploads\/2025\/03\/Unknown-21-300x223.jpeg\" class=\"attachment-medium size-medium\" alt=\"\" srcset=\"https:\/\/www.radiopiu.net\/wordpress\/wp-content\/uploads\/2025\/03\/Unknown-21-300x223.jpeg 300w, https:\/\/www.radiopiu.net\/wordpress\/wp-content\/uploads\/2025\/03\/Unknown-21.jpeg 591w\" sizes=\"auto, (max-width: 300px) 100vw, 300px\" \/><\/a>\n\t\t\t\t<\/dt><\/dl><dl class='gallery-item'>\n\t\t\t\t<dt class='gallery-icon landscape'>\n\t\t\t\t\t<a class=\"rollover rollover-zoom dt-pswp-item\" title=\"Unknown-1\" data-dt-img-description=\"\" data-large_image_width=\"591\" data-large_image_height=\"396\"href='https:\/\/www.radiopiu.net\/wordpress\/wp-content\/uploads\/2025\/03\/Unknown-1-2.jpeg'><img loading=\"lazy\" decoding=\"async\" width=\"300\" height=\"201\" src=\"https:\/\/www.radiopiu.net\/wordpress\/wp-content\/uploads\/2025\/03\/Unknown-1-2-300x201.jpeg\" class=\"attachment-medium size-medium\" alt=\"\" srcset=\"https:\/\/www.radiopiu.net\/wordpress\/wp-content\/uploads\/2025\/03\/Unknown-1-2-300x201.jpeg 300w, https:\/\/www.radiopiu.net\/wordpress\/wp-content\/uploads\/2025\/03\/Unknown-1-2.jpeg 591w\" sizes=\"auto, (max-width: 300px) 100vw, 300px\" \/><\/a>\n\t\t\t\t<\/dt><\/dl><dl class='gallery-item'>\n\t\t\t\t<dt class='gallery-icon landscape'>\n\t\t\t\t\t<a class=\"rollover rollover-zoom dt-pswp-item\" title=\"Unknown-2\" data-dt-img-description=\"\" data-large_image_width=\"591\" data-large_image_height=\"420\"href='https:\/\/www.radiopiu.net\/wordpress\/wp-content\/uploads\/2025\/03\/Unknown-2-2.jpeg'><img loading=\"lazy\" decoding=\"async\" width=\"300\" height=\"213\" src=\"https:\/\/www.radiopiu.net\/wordpress\/wp-content\/uploads\/2025\/03\/Unknown-2-2-300x213.jpeg\" class=\"attachment-medium size-medium\" alt=\"\" srcset=\"https:\/\/www.radiopiu.net\/wordpress\/wp-content\/uploads\/2025\/03\/Unknown-2-2-300x213.jpeg 300w, https:\/\/www.radiopiu.net\/wordpress\/wp-content\/uploads\/2025\/03\/Unknown-2-2.jpeg 591w\" sizes=\"auto, (max-width: 300px) 100vw, 300px\" \/><\/a>\n\t\t\t\t<\/dt><\/dl><br style=\"clear: both\" \/>\n\t\t\t<\/div>\n\n<p>&nbsp;<\/p>\n<p>&nbsp;<\/p>\n<hr \/>\n<p>&nbsp;<\/p>\n<p>&nbsp;<\/p>\n<blockquote>\n<p class=\"\" data-start=\"0\" data-end=\"63\"><strong data-start=\"0\" data-end=\"61\">INCIDENTE A SANTA GIUSTINA, AUTO CAPOTTATA: ILLESA 19ENNE<\/strong><\/p>\n<\/blockquote>\n<p><strong>SANTA GIUSTINA\u00a0<\/strong> Incidente stradale ieri mattina intorno alle 8 al Giardinetto di Santa Giustina. Due auto coinvolte, una delle quali si \u00e8 ribaltata. Alla guida c\u2019era una 19enne di Casier, che \u00e8 riuscita a uscire da sola riportando solo lievi traumi. Sul posto sono intervenuti carabinieri e vigili del fuoco di Belluno.<\/p>\n<p>&nbsp;<\/p>\n<p>&nbsp;<\/p>\n<hr \/>\n<p>&nbsp;<\/p>\n<blockquote>\n<h3>LA FODOM SERVIZI CHIUDE CON ASCA<\/h3>\n<\/blockquote>\n<p><strong><a class=\"dt-pswp-item\" href=\"https:\/\/www.radiopiu.net\/wordpress\/wp-content\/uploads\/2021\/03\/arabba-con-in-fondo-il.jpg\" data-dt-img-description=\"\" data-large_image_width=\"550\" data-large_image_height=\"413\"><img loading=\"lazy\" decoding=\"async\" class=\" wp-image-198124 alignleft\" src=\"https:\/\/www.radiopiu.net\/wordpress\/wp-content\/uploads\/2021\/03\/arabba-con-in-fondo-il-300x225.jpg\" alt=\"\" width=\"167\" height=\"125\" srcset=\"https:\/\/www.radiopiu.net\/wordpress\/wp-content\/uploads\/2021\/03\/arabba-con-in-fondo-il-300x225.jpg 300w, https:\/\/www.radiopiu.net\/wordpress\/wp-content\/uploads\/2021\/03\/arabba-con-in-fondo-il.jpg 550w\" sizes=\"auto, (max-width: 167px) 100vw, 167px\" \/><\/a>LIVINALLONGO<\/strong><\/p>\n<p>DI LORENZO SORATROI<\/p>\n<audio class=\"wp-audio-shortcode\" id=\"audio-440951-6\" preload=\"none\" style=\"width: 100%;\" controls=\"controls\"><source type=\"audio\/mpeg\" src=\"https:\/\/www.radiopiu.net\/wordpress\/wp-content\/uploads\/2025\/03\/SORATROI-LA-FODOM-SERVIZI-CHIUDE-CON-ASCA.mp3?_=6\" \/><a href=\"https:\/\/www.radiopiu.net\/wordpress\/wp-content\/uploads\/2025\/03\/SORATROI-LA-FODOM-SERVIZI-CHIUDE-CON-ASCA.mp3\">https:\/\/www.radiopiu.net\/wordpress\/wp-content\/uploads\/2025\/03\/SORATROI-LA-FODOM-SERVIZI-CHIUDE-CON-ASCA.mp3<\/a><\/audio>\n<p>&nbsp;<\/p>\n<hr \/>\n<p>&nbsp;<\/p>\n<blockquote>\n<h3>CRESCE IL MALCONTENTO ALL&#8217;ISTITUTO FOLLADOR DI AGORDO<\/h3>\n<\/blockquote>\n<p><strong><a class=\"dt-pswp-item\" href=\"https:\/\/www.radiopiu.net\/wordpress\/wp-content\/uploads\/2024\/09\/FOLLADOR.jpg\" data-dt-img-description=\"\" data-large_image_width=\"1280\" data-large_image_height=\"720\"><img loading=\"lazy\" decoding=\"async\" class=\" wp-image-411383 alignleft\" src=\"https:\/\/www.radiopiu.net\/wordpress\/wp-content\/uploads\/2024\/09\/FOLLADOR-300x169.jpg\" alt=\"\" width=\"213\" height=\"120\" srcset=\"https:\/\/www.radiopiu.net\/wordpress\/wp-content\/uploads\/2024\/09\/FOLLADOR-300x169.jpg 300w, https:\/\/www.radiopiu.net\/wordpress\/wp-content\/uploads\/2024\/09\/FOLLADOR-1024x576.jpg 1024w, https:\/\/www.radiopiu.net\/wordpress\/wp-content\/uploads\/2024\/09\/FOLLADOR-768x432.jpg 768w, https:\/\/www.radiopiu.net\/wordpress\/wp-content\/uploads\/2024\/09\/FOLLADOR.jpg 1280w\" sizes=\"auto, (max-width: 213px) 100vw, 213px\" \/><\/a>AGORDO<\/strong> All&#8217;Istituto Follador di Agordo cresce il malcontento verso la dirigenza. Venerd\u00ec, nell&#8217;assemblea sindacale, si \u00e8 discusso non solo della contrattazione di secondo livello, ma anche della crisi interna aggravata dalle dimissioni di met\u00e0 del consiglio d&#8217;istituto a fine 2024 e dall&#8217;abbandono di incarichi da parte di molti docenti. L&#8217;assemblea ha mostrato la compattezza del corpo insegnante, con un&#8217;altra riunione prevista a fine marzo. Anche studenti e famiglie pensano a proteste, come uno sciopero, per denunciare il disagio. Tuttavia, il tema non \u00e8 stato affrontato dalle amministrazioni locali, nemmeno nel recente consiglio dell&#8217;Unione montana agordina, nonostante l&#8217;importanza dell&#8217;istituto per la provincia di Belluno.<\/p>\n<p>&nbsp;<\/p>\n<p>&nbsp;<\/p>\n<hr \/>\n<p>&nbsp;<\/p>\n<blockquote>\n<h3>EXPORT TREVIGIANO E BELLUNESE IN FLESSIONE<\/h3>\n<\/blockquote>\n<p><strong><a class=\"dt-pswp-item\" href=\"https:\/\/www.radiopiu.net\/wordpress\/wp-content\/uploads\/2024\/06\/CAMERA-COMMERCIO.jpg\" data-dt-img-description=\"\" data-large_image_width=\"1107\" data-large_image_height=\"1107\"><img loading=\"lazy\" decoding=\"async\" class=\" wp-image-394657 alignleft\" src=\"https:\/\/www.radiopiu.net\/wordpress\/wp-content\/uploads\/2024\/06\/CAMERA-COMMERCIO-300x300.jpg\" alt=\"\" width=\"175\" height=\"175\" srcset=\"https:\/\/www.radiopiu.net\/wordpress\/wp-content\/uploads\/2024\/06\/CAMERA-COMMERCIO-300x300.jpg 300w, https:\/\/www.radiopiu.net\/wordpress\/wp-content\/uploads\/2024\/06\/CAMERA-COMMERCIO-1024x1024.jpg 1024w, https:\/\/www.radiopiu.net\/wordpress\/wp-content\/uploads\/2024\/06\/CAMERA-COMMERCIO-150x150.jpg 150w, https:\/\/www.radiopiu.net\/wordpress\/wp-content\/uploads\/2024\/06\/CAMERA-COMMERCIO-768x768.jpg 768w, https:\/\/www.radiopiu.net\/wordpress\/wp-content\/uploads\/2024\/06\/CAMERA-COMMERCIO.jpg 1107w\" sizes=\"auto, (max-width: 175px) 100vw, 175px\" \/><\/a>TREVISO<\/strong> L\u2019export delle province di Treviso e Belluno \u00e8 in calo nel 2024. Treviso registra una flessione del -1,7% (-270 milioni), con un netto calo verso la Germania (-8,5%, -200 milioni), mentre cresce verso gli USA (+5,1%). I settori pi\u00f9 colpiti sono il sistema moda e l\u2019automotive, mentre tengono i macchinari. Belluno segna un calo del -4,9%, principalmente per la riduzione dell\u2019export di occhialeria. A livello nazionale, l\u2019export italiano diminuisce del -0,4%, con dinamiche territoriali differenziate. Lombardia cresce, mentre Emilia-Romagna, Veneto e Piemonte sono in calo. Le importazioni nazionali scendono del -3,9%, soprattutto per la riduzione dei prezzi di petrolio e gas. La Camera di Commercio di Treviso e Belluno lavora alla diversificazione dei mercati per sostenere la competitivit\u00e0 delle imprese.<\/p>\n<p>&nbsp;<\/p>\n<p>&nbsp;<\/p>\n<hr \/>\n<p>&nbsp;<\/p>\n<blockquote>\n<h3>SPOPOLAMENTO. BELLUNO ALPINA: \u201cSERVONO ATTENZIONE E RISORSE ANCHE ALL&#8217;AREA PREALPINA\u201d<\/h3>\n<\/blockquote>\n<p><b><a class=\"dt-pswp-item\" href=\"https:\/\/www.radiopiu.net\/wordpress\/wp-content\/uploads\/2021\/01\/BELLUNO-ALPINA.jpg\" data-dt-img-description=\"\" data-large_image_width=\"588\" data-large_image_height=\"537\"><img loading=\"lazy\" decoding=\"async\" class=\" wp-image-185689 alignleft\" src=\"https:\/\/www.radiopiu.net\/wordpress\/wp-content\/uploads\/2021\/01\/BELLUNO-ALPINA-300x274.jpg\" alt=\"\" width=\"161\" height=\"147\" srcset=\"https:\/\/www.radiopiu.net\/wordpress\/wp-content\/uploads\/2021\/01\/BELLUNO-ALPINA-300x274.jpg 300w, https:\/\/www.radiopiu.net\/wordpress\/wp-content\/uploads\/2021\/01\/BELLUNO-ALPINA.jpg 588w\" sizes=\"auto, (max-width: 161px) 100vw, 161px\" \/><\/a>BELLUNO <\/b> L\u2019associazione Belluno Alpina denuncia la grave situazione dello spopolamento nel comprensorio Quantin-Nevegal-Ronce-Valmorel, escluso sia dai Fondi dei Comuni Confinanti sia dal riconoscimento come area interna. Accusa la mancanza di politiche e risorse adeguate per contrastare il declino demografico delle zone prealpine. La concorrenza del Trentino-Alto Adige e l\u2019assenza di interventi concreti aggravano il problema. Nonostante la Legge sulla Montagna in arrivo, i fondi previsti sono insufficienti. Il piano \u201cRonce 2020\u201d resta senza finanziamenti, mentre la chiusura di attivit\u00e0 commerciali riduce la socialit\u00e0 e l\u2019attrattivit\u00e0 economica. Senza investimenti e attenzione istituzionale, la montagna si svuota e viene abbandonata alla natura e al degrado.<\/p>\n<p>&nbsp;<\/p>\n<p>&nbsp;<\/p>\n<p>&nbsp;<\/p>\n<p>&nbsp;<\/p>\n<hr \/>\n<blockquote>\n<h3>ULSS DOLOMITI E APSS DI TRENTO: COLLABORAZIONE SEMPRE PI\u00d9 STRETTA<\/h3>\n<\/blockquote>\n<p style=\"font-weight: 400;\"><b><a class=\"dt-pswp-item\" href=\"https:\/\/www.radiopiu.net\/wordpress\/wp-content\/uploads\/2025\/03\/Unknown-16.jpeg\" data-dt-img-description=\"\" data-large_image_width=\"1600\" data-large_image_height=\"822\"><img loading=\"lazy\" decoding=\"async\" class=\" wp-image-441007 alignleft\" src=\"https:\/\/www.radiopiu.net\/wordpress\/wp-content\/uploads\/2025\/03\/Unknown-16-300x154.jpeg\" alt=\"\" width=\"214\" height=\"110\" srcset=\"https:\/\/www.radiopiu.net\/wordpress\/wp-content\/uploads\/2025\/03\/Unknown-16-300x154.jpeg 300w, https:\/\/www.radiopiu.net\/wordpress\/wp-content\/uploads\/2025\/03\/Unknown-16-1024x526.jpeg 1024w, https:\/\/www.radiopiu.net\/wordpress\/wp-content\/uploads\/2025\/03\/Unknown-16-768x395.jpeg 768w, https:\/\/www.radiopiu.net\/wordpress\/wp-content\/uploads\/2025\/03\/Unknown-16-1536x789.jpeg 1536w, https:\/\/www.radiopiu.net\/wordpress\/wp-content\/uploads\/2025\/03\/Unknown-16.jpeg 1600w\" sizes=\"auto, (max-width: 214px) 100vw, 214px\" \/><\/a>FELTRE<\/b> Gioved\u00ec, all\u2019ospedale di Feltre, si \u00e8 tenuto un incontro tra i dirigenti dell\u2019ULSS Dolomiti e dell\u2019APSS di Trento per fare il punto sulla convenzione sanitaria per i residenti del Primiero e valutare nuove collaborazioni. Le due Aziende condividono l\u2019obiettivo di migliorare l\u2019assistenza nelle aree montane e ottimizzare i servizi. Si \u00e8 discusso di assistenza territoriale, sicurezza alimentare e sinergie con l\u2019Universit\u00e0 di Medicina di Trento. Inoltre, sono state condivise buone pratiche in vista delle Olimpiadi Milano-Cortina 2026. La convenzione, in scadenza nel 2025, garantisce assistenza specialistica e ospedaliera ai residenti del Primiero. Nel 2024, sono state erogate circa 24.500 prestazioni ambulatoriali e oltre 700 ricoveri. I dirigenti hanno espresso soddisfazione per la collaborazione, auspicando ulteriori sviluppi per una sanit\u00e0 sempre pi\u00f9 efficiente e vicina ai cittadini.<\/p>\n<p>&nbsp;<\/p>\n<p>&nbsp;<\/p>\n<hr \/>\n<p>&nbsp;<\/p>\n<blockquote>\n<h3><a class=\"dt-pswp-item\" href=\"https:\/\/www.radiopiu.net\/wordpress\/wp-content\/uploads\/2025\/03\/fNqqs3Gp9eaO4f6M.png\" data-dt-img-description=\"\" data-large_image_width=\"358\" data-large_image_height=\"501\"><img loading=\"lazy\" decoding=\"async\" class=\" wp-image-440835 alignleft\" src=\"https:\/\/www.radiopiu.net\/wordpress\/wp-content\/uploads\/2025\/03\/fNqqs3Gp9eaO4f6M-214x300.png\" alt=\"\" width=\"100\" height=\"141\" srcset=\"https:\/\/www.radiopiu.net\/wordpress\/wp-content\/uploads\/2025\/03\/fNqqs3Gp9eaO4f6M-214x300.png 214w, https:\/\/www.radiopiu.net\/wordpress\/wp-content\/uploads\/2025\/03\/fNqqs3Gp9eaO4f6M.png 358w\" sizes=\"auto, (max-width: 100px) 100vw, 100px\" \/><\/a>DOPPIO APPUNTAMENTO CON IL DOTTOR MANTOVANI A BELLUNO<\/h3>\n<\/blockquote>\n<p><strong>BELLUNO<\/strong> Belluno ospiter\u00e0 due incontri sulla salute umana con Alberto Mantovani, Professore Emerito di Patologia Generale presso Humanitas University. L\u2019iniziativa, intitolata <em data-start=\"167\" data-end=\"195\">\u201cL\u2019orchestra immunologica\u201d<\/em>, \u00e8 organizzata da <em data-start=\"214\" data-end=\"233\">Le Scuole in Rete<\/em> con il supporto di vari enti e il contributo di Unifarco. Il primo incontro, aperto alla cittadinanza, si terr\u00e0 oggi alle 20:30 presso il Centro Giovanni XXIII. Domani alle 11:00, Mantovani incontrer\u00e0 gli studenti nella Sala Bianchi <em data-start=\"510\" data-end=\"527\">Eliseo Dal Pont<\/em>. Un\u2019occasione per approfondire il funzionamento del sistema immunitario con uno dei massimi esperti del settore.<\/p>\n<p>&nbsp;<\/p>\n<p>&nbsp;<\/p>\n<hr \/>\n<p>&nbsp;<\/p>\n<blockquote>\n<h3>ULSS 1 DOLOMITI: INCONTRO CON GLI OPERATORI DELLA RISTORAZIONE<\/h3>\n<\/blockquote>\n<p><strong><a class=\"dt-pswp-item\" href=\"https:\/\/www.radiopiu.net\/wordpress\/wp-content\/uploads\/2021\/03\/ULSS-1.jpg\" data-dt-img-description=\"\" data-large_image_width=\"776\" data-large_image_height=\"408\"><img loading=\"lazy\" decoding=\"async\" class=\" wp-image-198838 alignleft\" src=\"https:\/\/www.radiopiu.net\/wordpress\/wp-content\/uploads\/2021\/03\/ULSS-1-300x158.jpg\" alt=\"\" width=\"165\" height=\"87\" srcset=\"https:\/\/www.radiopiu.net\/wordpress\/wp-content\/uploads\/2021\/03\/ULSS-1-300x158.jpg 300w, https:\/\/www.radiopiu.net\/wordpress\/wp-content\/uploads\/2021\/03\/ULSS-1-768x404.jpg 768w, https:\/\/www.radiopiu.net\/wordpress\/wp-content\/uploads\/2021\/03\/ULSS-1.jpg 776w\" sizes=\"auto, (max-width: 165px) 100vw, 165px\" \/><\/a>BELLUNO<\/strong> L\u2019Ulss Dolomiti, con il Dipartimento di Prevenzione, organizza un evento formativo sulla tracciabilit\u00e0 degli alimenti per gli operatori del settore della ristorazione. L&#8217;incontro, dal titolo &#8220;Sulla rotta della tracciabilit\u00e0 degli alimenti: lo stato dell\u2019arte&#8221;, si terr\u00e0 oggi, dalle 15.00 alle 18.00, nella Sala Convegni dell\u2019Ospedale San Martino di Belluno. Saranno trattate tematiche relative alla normativa sulla tracciabilit\u00e0, ai rischi di frodi alimentari, e alle problematiche legate alla gestione dei prodotti ittici. L\u2019obiettivo \u00e8 supportare i ristoratori per garantire il rispetto delle normative e migliorare la qualit\u00e0 del servizio a tutela della salute pubblica.<\/p>\n<p>&nbsp;<\/p>\n<p>&nbsp;<\/p>\n<hr \/>\n<p>&nbsp;<\/p>\n<blockquote>\n<h3>NASCERE NELLE DOLOMITI: PROSSIMO INCONTRO A CENCENIGHE<\/h3>\n<\/blockquote>\n<p><strong><a class=\"dt-pswp-item\" href=\"https:\/\/www.radiopiu.net\/wordpress\/wp-content\/uploads\/2025\/03\/SCR-20250322-kbxo.jpeg\" data-dt-img-description=\"\" data-large_image_width=\"1346\" data-large_image_height=\"946\"><img loading=\"lazy\" decoding=\"async\" class=\" wp-image-440975 alignleft\" src=\"https:\/\/www.radiopiu.net\/wordpress\/wp-content\/uploads\/2025\/03\/SCR-20250322-kbxo-300x211.jpeg\" alt=\"\" width=\"189\" height=\"133\" srcset=\"https:\/\/www.radiopiu.net\/wordpress\/wp-content\/uploads\/2025\/03\/SCR-20250322-kbxo-300x211.jpeg 300w, https:\/\/www.radiopiu.net\/wordpress\/wp-content\/uploads\/2025\/03\/SCR-20250322-kbxo-1024x720.jpeg 1024w, https:\/\/www.radiopiu.net\/wordpress\/wp-content\/uploads\/2025\/03\/SCR-20250322-kbxo-768x540.jpeg 768w, https:\/\/www.radiopiu.net\/wordpress\/wp-content\/uploads\/2025\/03\/SCR-20250322-kbxo.jpeg 1346w\" sizes=\"auto, (max-width: 189px) 100vw, 189px\" \/><\/a>CENCENIGHE <\/strong>Prosegue il ciclo di incontri \u201cNascere nelle Dolomiti: il percorso salute mamma-bambino\u201d, organizzati dall\u2019Ulss Dolomiti nell\u2019ambito dell\u2019area materno-infantile. Il prossimo incontro si terr\u00e0 gioved\u00ec 3 aprile alle 16.30 nella Sala Culturale Comunale \u2013 Centro Nof Fil\u00f2 a Cencenighe Agordino. Si tratta del terzo di una serie di appuntamenti sul territorio, aperti alla cittadinanza, promossi dalle unit\u00e0 operative di Ostetricia e Ginecologia e di Pediatria dell\u2019Ospedale di Belluno, dedicati al percorso salute della mamma e del bambino. Durante gli incontri saranno illustrati e approfonditi i percorsi e i servizi del punto nascita. La cittadinanza \u00e8 invitata.<\/p>\n<p>&nbsp;<\/p>\n<p>&nbsp;<\/p>\n<hr \/>\n<p>&nbsp;<\/p>\n<blockquote>\n<h3>INSIEME PER L&#8217;AUTISMO<\/h3>\n<\/blockquote>\n<p><strong><a class=\"dt-pswp-item\" href=\"https:\/\/www.radiopiu.net\/wordpress\/wp-content\/uploads\/2025\/03\/SCR-20250322-lkpf.png\" data-dt-img-description=\"\" data-large_image_width=\"1366\" data-large_image_height=\"772\"><img loading=\"lazy\" decoding=\"async\" class=\" wp-image-440982 alignleft\" src=\"https:\/\/www.radiopiu.net\/wordpress\/wp-content\/uploads\/2025\/03\/SCR-20250322-lkpf-300x170.png\" alt=\"\" width=\"215\" height=\"122\" srcset=\"https:\/\/www.radiopiu.net\/wordpress\/wp-content\/uploads\/2025\/03\/SCR-20250322-lkpf-300x170.png 300w, https:\/\/www.radiopiu.net\/wordpress\/wp-content\/uploads\/2025\/03\/SCR-20250322-lkpf-1024x579.png 1024w, https:\/\/www.radiopiu.net\/wordpress\/wp-content\/uploads\/2025\/03\/SCR-20250322-lkpf-768x434.png 768w, https:\/\/www.radiopiu.net\/wordpress\/wp-content\/uploads\/2025\/03\/SCR-20250322-lkpf.png 1366w\" sizes=\"auto, (max-width: 215px) 100vw, 215px\" \/><\/a>BELLUNO<\/strong> L\u2019Ulss Dolomiti promuove l\u2019evento \u201cInsieme per l\u2019autismo\u201d il 2 aprile 2025, in occasione della Giornata mondiale della consapevolezza sull\u2019autismo. L\u2019iniziativa, realizzata con diverse unit\u00e0 operative sanitarie, scuole e associazioni, mira a sensibilizzare sul Disturbo dello Spettro Autistico e sull\u2019importanza di interventi inclusivi. La mattina, al Centro Congressi Giovanni XXIII di Belluno, si terranno laboratori esperienziali per studenti, tra cui attivit\u00e0 teatrali, sportive e creative. Nel pomeriggio, un incontro aperto alla cittadinanza presenter\u00e0 i progetti attivi e le strategie future per il benessere delle persone autistiche, moderato da Milena Guglielminetti.<\/p>\n<p>&nbsp;<\/p>\n<p>&nbsp;<\/p>\n<hr \/>\n<p>&nbsp;<\/p>\n<blockquote>\n<h3>UNA SCULTURA IN SEGNO DI SOLIDARIETA&#8217;<\/h3>\n<\/blockquote>\n<p><strong><a class=\"dt-pswp-item\" href=\"https:\/\/www.radiopiu.net\/wordpress\/wp-content\/uploads\/2025\/03\/Scultura-Paolo.jpg\" data-dt-img-description=\"\" data-large_image_width=\"750\" data-large_image_height=\"1000\"><img loading=\"lazy\" decoding=\"async\" class=\" wp-image-441080 alignleft\" src=\"https:\/\/www.radiopiu.net\/wordpress\/wp-content\/uploads\/2025\/03\/Scultura-Paolo-225x300.jpg\" alt=\"\" width=\"128\" height=\"171\" srcset=\"https:\/\/www.radiopiu.net\/wordpress\/wp-content\/uploads\/2025\/03\/Scultura-Paolo-225x300.jpg 225w, https:\/\/www.radiopiu.net\/wordpress\/wp-content\/uploads\/2025\/03\/Scultura-Paolo.jpg 750w\" sizes=\"auto, (max-width: 128px) 100vw, 128px\" \/><\/a>FELTRE<\/strong> Lo scultore Paolo Schenal ha realizzato l\u2019opera <em data-start=\"48\" data-end=\"84\">\u201cIl valore del Clinto in una mano\u201d<\/em> per sostenere l\u2019azienda agricola <em data-start=\"118\" data-end=\"126\">Al Fol<\/em>di Nicole Slongo, minacciata dal progetto \u201cMoline \u2013 Arsi\u00e8\u201d di Terna. Il piano, dal valore di 6 milioni di euro, prevede l\u2019interramento parziale dei cavi elettrici e la sostituzione di due tralicci, uno dei quali verrebbe collocato in un frutteto con oltre 500 piante di vite Clinto a Fonzaso. L\u2019uva Clinto \u00e8 riconosciuta come prodotto agroalimentare e autorizzata alla trasformazione in succhi e confetture. L\u2019azienda di Nicole \u00e8 impegnata nella biodiversit\u00e0, escludendo fitofarmaci e chimica, e collabora con le associazioni <em data-start=\"653\" data-end=\"670\">Clinto de Marca<\/em> e <em data-start=\"673\" data-end=\"681\">GRASPO<\/em> per preservare la viticoltura tradizionale. L\u2019azienda svolge anche attivit\u00e0 di inclusione sociale, coinvolgendo persone con disabilit\u00e0. Il progetto Terna rischia di distruggere questa realt\u00e0, minando un\u2019impresa sostenibile e il patrimonio ambientale locale.<\/p>\n<p>&nbsp;<\/p>\n<hr \/>\n<p>&nbsp;<\/p>\n<p>&nbsp;<\/p>\n<blockquote>\n<p class=\"\" style=\"text-align: left;\" data-start=\"0\" data-end=\"53\"><strong data-start=\"0\" data-end=\"51\"><a class=\"dt-pswp-item\" href=\"https:\/\/www.radiopiu.net\/wordpress\/wp-content\/uploads\/2022\/09\/Paolo-VI-e-Luciani-Patriarca-Venezia-3-scaled.jpg\" data-dt-img-description=\"\" data-large_image_width=\"1902\" data-large_image_height=\"2560\"><img loading=\"lazy\" decoding=\"async\" class=\"wp-image-297202 alignleft\" src=\"https:\/\/www.radiopiu.net\/wordpress\/wp-content\/uploads\/2022\/09\/Paolo-VI-e-Luciani-Patriarca-Venezia-3-223x300.jpg\" alt=\"\" width=\"91\" height=\"122\" srcset=\"https:\/\/www.radiopiu.net\/wordpress\/wp-content\/uploads\/2022\/09\/Paolo-VI-e-Luciani-Patriarca-Venezia-3-223x300.jpg 223w, https:\/\/www.radiopiu.net\/wordpress\/wp-content\/uploads\/2022\/09\/Paolo-VI-e-Luciani-Patriarca-Venezia-3-761x1024.jpg 761w, https:\/\/www.radiopiu.net\/wordpress\/wp-content\/uploads\/2022\/09\/Paolo-VI-e-Luciani-Patriarca-Venezia-3-768x1034.jpg 768w, https:\/\/www.radiopiu.net\/wordpress\/wp-content\/uploads\/2022\/09\/Paolo-VI-e-Luciani-Patriarca-Venezia-3-1141x1536.jpg 1141w, https:\/\/www.radiopiu.net\/wordpress\/wp-content\/uploads\/2022\/09\/Paolo-VI-e-Luciani-Patriarca-Venezia-3-1522x2048.jpg 1522w, https:\/\/www.radiopiu.net\/wordpress\/wp-content\/uploads\/2022\/09\/Paolo-VI-e-Luciani-Patriarca-Venezia-3-scaled.jpg 1902w\" sizes=\"auto, (max-width: 91px) 100vw, 91px\" \/><\/a>PAPA LUCIANI E GIUBILEO: SPECIALE IN RADIO E TV<\/strong><\/p>\n<\/blockquote>\n<p class=\"\" data-start=\"55\" data-end=\"714\"><strong>CANALE D&#8217;AGORDO<\/strong> Un ciclo di trasmissioni radiofoniche e televisive approfondisce il legame tra Papa Luciani e il Giubileo. L\u2019iniziativa, promossa dal Musal e curata da Edoardo Ghisolfi, vede interventi di esperti come Don Davide Fiocco e Loris Serafini. La serie ripercorre la visione pastorale di Giovanni Paolo I, sottolineando la sua idea di Chiesa umile e vicina ai fedeli. L\u2019iniziativa si inserisce nel contesto delle celebrazioni giubilari e mira a valorizzare l\u2019eredit\u00e0 di Papa Luciani.<\/p>\n<p>&nbsp;<\/p>\n<p>&nbsp;<\/p>\n<hr \/>\n<p>&nbsp;<\/p>\n<h2><span style=\"color: #ff0000;\">CONSIGLI COMUNALI IN AGORDINO<\/span><\/h2>\n<p><strong>FALCADE <\/strong>Il Consiglio Comunale si riunir\u00e0 mercoled\u00ec alle 20. Tra i punti in discussione: la presa d\u2019atto del controllo amministrativo per il secondo semestre 2024, il recupero spese sostenute dal Comune di Belluno nell\u2019ambito ATEM Gas e la quinta variazione al bilancio 2025-2027 e modifica al piano investimenti 2025.<\/p>\n<p>&nbsp;<\/p>\n<p>&nbsp;<\/p>\n<hr \/>\n<p>&nbsp;<\/p>\n<blockquote>\n<h3>DAZI: L\u2019IMPATTO SULL\u2019EXPORT DEL VENETO POTREBBE ESSERE ABBASTANZA CONTENUTO<\/h3>\n<\/blockquote>\n<p><a class=\"dt-pswp-item\" href=\"https:\/\/www.radiopiu.net\/wordpress\/wp-content\/uploads\/2025\/03\/20250322092526.png\" data-dt-img-description=\"\" data-large_image_width=\"646\" data-large_image_height=\"675\"><img loading=\"lazy\" decoding=\"async\" class=\" wp-image-440957 alignleft\" src=\"https:\/\/www.radiopiu.net\/wordpress\/wp-content\/uploads\/2025\/03\/20250322092526-287x300.png\" alt=\"\" width=\"172\" height=\"180\" srcset=\"https:\/\/www.radiopiu.net\/wordpress\/wp-content\/uploads\/2025\/03\/20250322092526-287x300.png 287w, https:\/\/www.radiopiu.net\/wordpress\/wp-content\/uploads\/2025\/03\/20250322092526.png 646w\" sizes=\"auto, (max-width: 172px) 100vw, 172px\" \/><\/a>L\u2019introduzione dei dazi voluta dall\u2019amministrazione Trump potrebbe penalizzare le esportazioni del Veneto in misura abbastanza contenuta. A differenza del resto del Paese, infatti, la nostra regione presenta una elevata diversificazione dei prodotti venduti nei mercati esteri. Pertanto, se dopo l\u2019acciaio, l\u2019alluminio e i loro derivati gli USA \u2013 e a catena altri Paesi nel mondo &#8211; decidessero di innalzare le barriere commerciali di altri beni, gli effetti negativi per il nostro sistema produttivo veneto potrebbero essere modesti, rispetto ai territori dove l\u2019export \u00e8 fortemente condizionato da pochi settori merceologici.<\/p>\n<p>L\u2019analisi realizzata dall\u2019Ufficio studi della CGIA si fonda sulla misurazione dell\u2019indice di diversificazione di prodotto dell\u2019export per regione; parametro che pesa il valore economico delle esportazioni dei primi 10 gruppi merceologici sul totale delle vendite all\u2019estero. Laddove l\u2019indice di diversificazione \u00e8 basso, tanto pi\u00f9 l\u2019export regionale \u00e8 differenziato, risultando cos\u00ec meno sensibile a eventuali sconvolgimenti nel commercio internazionale. Diversamente, tanto pi\u00f9 \u00e8 elevata l\u2019incidenza del valore dei primi 10 prodotti esportati sulle vendite all\u2019estero complessive, quel territorio risulta essere pi\u00f9 esposto alle potenziali congiunture negative del commercio internazionale.<\/p>\n<p><strong>Le regioni pi\u00f9 a rischio sono Sardegna, Molise e Sicilia<\/strong><br \/>\nLa regione che a livello nazionale presenta l\u2019indice di diversificazione peggiore \u00e8 la Sardegna (95,6 per cento), dove domina l\u2019export dei prodotti derivanti della raffinazione del petrolio. Seguono il Molise (86,9 per cento) &#8211; caratterizzato da un peso particolarmente elevato della vendita dei prodotti chimici\/materie plastiche e gomma, autoveicoli e prodotti da forno \u2013 e la Sicilia (85 per cento), che presenta una forte vocazione nella raffinazione dei prodotti petroliferi. Tra le realt\u00e0 territoriali del Mezzogiorno, solo la Puglia presenta un livello di diversificazione molto alto (49,8 per cento). Un dato che la colloca al terzo posto a livello nazionale tra le regioni potenzialmente meno a rischio da un\u2019eventuale estensione dei dazi ad altri prodotti merceologici.<\/p>\n<p><strong><a class=\"dt-pswp-item\" href=\"https:\/\/www.radiopiu.net\/wordpress\/wp-content\/uploads\/2025\/03\/20250322092553.png\" data-dt-img-description=\"\" data-large_image_width=\"638\" data-large_image_height=\"787\"><img loading=\"lazy\" decoding=\"async\" class=\" wp-image-440956 alignleft\" src=\"https:\/\/www.radiopiu.net\/wordpress\/wp-content\/uploads\/2025\/03\/20250322092553-243x300.png\" alt=\"\" width=\"133\" height=\"164\" srcset=\"https:\/\/www.radiopiu.net\/wordpress\/wp-content\/uploads\/2025\/03\/20250322092553-243x300.png 243w, https:\/\/www.radiopiu.net\/wordpress\/wp-content\/uploads\/2025\/03\/20250322092553.png 638w\" sizes=\"auto, (max-width: 133px) 100vw, 133px\" \/><\/a>Le meno coinvolte parrebbero la Lombardia e il Veneto<\/strong><br \/>\nAd eccezione della Puglia, le aree geografiche teoricamente meno in pericolo sono tutte del Nord. La Lombardia (con un indice del 43 per cento) \u00e8 ipoteticamente la meno coinvolta. Seguono il Veneto (46,8), la Puglia (49,8), il Trentino Alto Adige (51,1), l\u2019Emilia Romagna (53,9) e il Piemonte (54,8) (vedi Graf. 1 e Tab. 1).<\/p>\n<p><strong>L\u2019export veneto \u00e8 in calo<\/strong><br \/>\nNel 2024 le nostre vendite all\u2019estero hanno toccato gli 80,1 miliardi di euro, 1,5 miliardi in meno (-1,8 per cento) rispetto ai risultati ottenuti nel 2023. A livello nazionale la regione leader rimane la Lombardia con 163,9 miliardi di vendite all\u2019estero. Seguono l\u2019Emila Romagna con 83,6 e, come dicevamo, il Veneto con 80,1. Da segnalare il quarto posto raggiunto dalla Toscana che, grazie in particolare ai medicinali e alla lavorazione di gioielli e pietre preziose, con 63 miliardi ha superato il Piemonte. Regione, quest\u2019ultima, che purtroppo sconta la grave crisi che ha colpito in tutta Europa il settore dell\u2019automotive (vedi Tab. 2).<\/p>\n<p><strong>Vicenza fuori dal podio. E\u2019 stata scalzata da Firenze<\/strong><br \/>\nMilano \u00e8 la provincia d\u2019Italia pi\u00f9 vocata all\u2019export. Con 57,9 miliardi registrati nel 2024 rimane leader incontrastata. Seguono Torino con 25,7 e Firenze con 24,5. Grazie alla vendita all\u2019estero dell\u2019oreficeria e dei medicinali\/preparati farmaceutici, il capoluogo regionale toscano \u00e8 balzato prepotentemente al terzo posto a livello nazionale. Subito fuori dal podio scorgiamo Vicenza con 22,7 miliardi, Bergamo con 20,6 e Brescia con 20,1 (vedi Tab. 3).<\/p>\n<p><strong><a class=\"dt-pswp-item\" href=\"https:\/\/www.radiopiu.net\/wordpress\/wp-content\/uploads\/2025\/03\/20250322092611.png\" data-dt-img-description=\"\" data-large_image_width=\"583\" data-large_image_height=\"389\"><img loading=\"lazy\" decoding=\"async\" class=\" wp-image-440955 alignleft\" src=\"https:\/\/www.radiopiu.net\/wordpress\/wp-content\/uploads\/2025\/03\/20250322092611-300x200.png\" alt=\"\" width=\"179\" height=\"119\" srcset=\"https:\/\/www.radiopiu.net\/wordpress\/wp-content\/uploads\/2025\/03\/20250322092611-300x200.png 300w, https:\/\/www.radiopiu.net\/wordpress\/wp-content\/uploads\/2025\/03\/20250322092611.png 583w\" sizes=\"auto, (max-width: 179px) 100vw, 179px\" \/><\/a>Nel 2024 male soprattutto Venezia e Belluno<\/strong><br \/>\nNel 2024 tutte le sette provincie venete hanno subito una contrazione delle esportazioni. Venezia \u00e8 la realt\u00e0 che ha subito la flessione pi\u00f9 pesante: -9 per cento. Seguono Belluno con il -4,9, Rovigo con il -2, Treviso con il -1,7, Vicenza il -1,1, Padova -0,4 e Verona il -0,2.<\/p>\n<p><strong><a class=\"dt-pswp-item\" href=\"https:\/\/www.radiopiu.net\/wordpress\/wp-content\/uploads\/2025\/03\/tt.jpg\" data-dt-img-description=\"\" data-large_image_width=\"1034\" data-large_image_height=\"2559\"><img loading=\"lazy\" decoding=\"async\" class=\" wp-image-440958 alignright\" src=\"https:\/\/www.radiopiu.net\/wordpress\/wp-content\/uploads\/2025\/03\/tt-121x300.jpg\" alt=\"\" width=\"73\" height=\"181\" srcset=\"https:\/\/www.radiopiu.net\/wordpress\/wp-content\/uploads\/2025\/03\/tt-121x300.jpg 121w, https:\/\/www.radiopiu.net\/wordpress\/wp-content\/uploads\/2025\/03\/tt-414x1024.jpg 414w, https:\/\/www.radiopiu.net\/wordpress\/wp-content\/uploads\/2025\/03\/tt-768x1901.jpg 768w, https:\/\/www.radiopiu.net\/wordpress\/wp-content\/uploads\/2025\/03\/tt-621x1536.jpg 621w, https:\/\/www.radiopiu.net\/wordpress\/wp-content\/uploads\/2025\/03\/tt-828x2048.jpg 828w, https:\/\/www.radiopiu.net\/wordpress\/wp-content\/uploads\/2025\/03\/tt.jpg 1034w\" sizes=\"auto, (max-width: 73px) 100vw, 73px\" \/><\/a>Esportiamo soprattutto forni, bruciatori, occhiali e macchinari<\/strong><br \/>\nLa voce merceologica veneta pi\u00f9 venduta al mondo \u00e8 costituita da altre macchine di impiego generale (forni, bruciatori, sistemi di riscaldamento, macchine e apparecchiare di sollevamento\/manutenzione, etc.). Nel 2024 il valore economico ha cubato 5,9 miliardi di euro (-0,4 per cento rispetto al 2023). Seguono gli strumenti e le forniture mediche e dentistiche con 5,4 miliardi (-0,7 per cento), comparto, quest\u2019ultimo, che \u00e8 fortemente condizionato dall\u2019occhialeria. Dopodich\u00e9 scorgiamo le altre macchine per impieghi speciali (per la metallurgia, l\u2019industria alimentare, per lavanderie, il Tac, etc.), con 4,8 miliardi (-2,9 per cento) e l\u2019abbigliamento con 3,7 miliardi (-5,6 per cento). Tra le primissime posizioni segnaliamo lo score ottenuto dalle bevande (compreso i vini) che l\u2019anno scorso sono cresciute del 7 per cento e la gioielleria\/lavorazione pietre preziose (+12,1 per cento). (vedi Tab. 4).<\/p>\n<p>&nbsp;<\/p>\n<p>&nbsp;<\/p>\n<hr \/>\n<p>&nbsp;<\/p>\n<blockquote>\n<h3>A SAN TOMASO PER PARLARE DI BIODIVERSITA&#8217; IN TAVOLA CON ORTI RUPESTRI<\/h3>\n<\/blockquote>\n<p><strong>DI MARINA DONA&#8217;<\/strong><\/p>\n<p><strong>SAN TOMASO<\/strong> Sabato 22 Marzo 2025 si \u00e8 tenuta una conferenza con relatori Galdino Zara, cuoco e oste di Slow Food Veneto e Luca Pessot, presidente condotta Slow Food di Belluno e Feltre. L&#8217;evento coordinato e presentato dal Presidente di &#8220;Orti rupestri&#8221; Renato Da Ronch. Tra i tanti argomenti discussi emergono alcuni temi importanti, come quello di ripristinare un contatto vero e proprio con la propria terra, che pu\u00f2 e deve diventare un elemento di forza anche e soprattutto per il futuro delle nuove generazioni. Un territorio montano da riscoprire come pure le tradizioni che come ha ricordato il sindaco Moreno De Val, rischiano di scomparire. Si necessita quindi di cercare nuove strategie per la cura del territorio nonch\u00e9 la valorizzazione e di conseguenza di chi vi abita. Salute e alimentazione con prodotti locali, sono stati elementi al centro della discussione.<br \/>\nVi ricordiamo inoltre che \u00e8 possibile visitare il centro &#8220;Orti rupestri&#8221; tramite prenotazione.<\/p>\n<p><strong>LE FOTO<\/strong><\/p>\n\n\t\t\t<style type='text\/css'>\n\t\t\t\t#gallery-2 {\n\t\t\t\t\tmargin: auto;\n\t\t\t\t}\n\t\t\t\t#gallery-2 .gallery-item {\n\t\t\t\t\tfloat: left;\n\t\t\t\t\tmargin-top: 10px;\n\t\t\t\t\ttext-align: center;\n\t\t\t\t\twidth: 25%;\n\t\t\t\t}\n\t\t\t\t#gallery-2 img {\n\t\t\t\t\tborder: 2px solid #cfcfcf;\n\t\t\t\t}\n\t\t\t\t#gallery-2 .gallery-caption {\n\t\t\t\t\tmargin-left: 0;\n\t\t\t\t}\n\t\t\t\t\/* see gallery_shortcode() in wp-includes\/media.php *\/\n\t\t\t<\/style>\n\t\t<div id='gallery-2' class='dt-gallery-container gallery galleryid-440951 gallery-columns-4 gallery-size-thumbnail'><dl class='gallery-item'>\n\t\t\t\t<dt class='gallery-icon landscape'>\n\t\t\t\t\t<a class=\"rollover rollover-zoom dt-pswp-item\" title=\"Unknown\" data-dt-img-description=\"\" data-large_image_width=\"1600\" data-large_image_height=\"1200\"href='https:\/\/www.radiopiu.net\/wordpress\/wp-content\/uploads\/2025\/03\/Unknown-3.jpeg'><img loading=\"lazy\" decoding=\"async\" width=\"150\" height=\"150\" src=\"https:\/\/www.radiopiu.net\/wordpress\/wp-content\/uploads\/2025\/03\/Unknown-3-150x150.jpeg\" class=\"attachment-thumbnail size-thumbnail\" alt=\"\" \/><\/a>\n\t\t\t\t<\/dt><\/dl><dl class='gallery-item'>\n\t\t\t\t<dt class='gallery-icon landscape'>\n\t\t\t\t\t<a class=\"rollover rollover-zoom dt-pswp-item\" title=\"Unknown-1\" data-dt-img-description=\"\" data-large_image_width=\"1600\" data-large_image_height=\"1200\"href='https:\/\/www.radiopiu.net\/wordpress\/wp-content\/uploads\/2025\/03\/Unknown-1-1.jpeg'><img loading=\"lazy\" decoding=\"async\" width=\"150\" height=\"150\" src=\"https:\/\/www.radiopiu.net\/wordpress\/wp-content\/uploads\/2025\/03\/Unknown-1-1-150x150.jpeg\" class=\"attachment-thumbnail size-thumbnail\" alt=\"\" \/><\/a>\n\t\t\t\t<\/dt><\/dl><dl class='gallery-item'>\n\t\t\t\t<dt class='gallery-icon landscape'>\n\t\t\t\t\t<a class=\"rollover rollover-zoom dt-pswp-item\" title=\"Unknown-2\" data-dt-img-description=\"\" data-large_image_width=\"1600\" data-large_image_height=\"1200\"href='https:\/\/www.radiopiu.net\/wordpress\/wp-content\/uploads\/2025\/03\/Unknown-2-1.jpeg'><img loading=\"lazy\" decoding=\"async\" width=\"150\" height=\"150\" src=\"https:\/\/www.radiopiu.net\/wordpress\/wp-content\/uploads\/2025\/03\/Unknown-2-1-150x150.jpeg\" class=\"attachment-thumbnail size-thumbnail\" alt=\"\" \/><\/a>\n\t\t\t\t<\/dt><\/dl><dl class='gallery-item'>\n\t\t\t\t<dt class='gallery-icon landscape'>\n\t\t\t\t\t<a class=\"rollover rollover-zoom dt-pswp-item\" title=\"Unknown-3\" data-dt-img-description=\"\" data-large_image_width=\"1600\" data-large_image_height=\"1200\"href='https:\/\/www.radiopiu.net\/wordpress\/wp-content\/uploads\/2025\/03\/Unknown-3-1.jpeg'><img loading=\"lazy\" decoding=\"async\" width=\"150\" height=\"150\" src=\"https:\/\/www.radiopiu.net\/wordpress\/wp-content\/uploads\/2025\/03\/Unknown-3-1-150x150.jpeg\" class=\"attachment-thumbnail size-thumbnail\" alt=\"\" \/><\/a>\n\t\t\t\t<\/dt><\/dl><br style=\"clear: both\" \/><dl class='gallery-item'>\n\t\t\t\t<dt class='gallery-icon landscape'>\n\t\t\t\t\t<a class=\"rollover rollover-zoom dt-pswp-item\" title=\"Unknown-4\" data-dt-img-description=\"\" data-large_image_width=\"1600\" data-large_image_height=\"1200\"href='https:\/\/www.radiopiu.net\/wordpress\/wp-content\/uploads\/2025\/03\/Unknown-4.jpeg'><img loading=\"lazy\" decoding=\"async\" width=\"150\" height=\"150\" src=\"https:\/\/www.radiopiu.net\/wordpress\/wp-content\/uploads\/2025\/03\/Unknown-4-150x150.jpeg\" class=\"attachment-thumbnail size-thumbnail\" alt=\"\" \/><\/a>\n\t\t\t\t<\/dt><\/dl><dl class='gallery-item'>\n\t\t\t\t<dt class='gallery-icon landscape'>\n\t\t\t\t\t<a class=\"rollover rollover-zoom dt-pswp-item\" title=\"Unknown-5\" data-dt-img-description=\"\" data-large_image_width=\"1296\" data-large_image_height=\"972\"href='https:\/\/www.radiopiu.net\/wordpress\/wp-content\/uploads\/2025\/03\/Unknown-5.jpeg'><img loading=\"lazy\" decoding=\"async\" width=\"150\" height=\"150\" src=\"https:\/\/www.radiopiu.net\/wordpress\/wp-content\/uploads\/2025\/03\/Unknown-5-150x150.jpeg\" class=\"attachment-thumbnail size-thumbnail\" alt=\"\" \/><\/a>\n\t\t\t\t<\/dt><\/dl><dl class='gallery-item'>\n\t\t\t\t<dt class='gallery-icon landscape'>\n\t\t\t\t\t<a class=\"rollover rollover-zoom dt-pswp-item\" title=\"Unknown-6\" data-dt-img-description=\"\" data-large_image_width=\"1600\" data-large_image_height=\"1200\"href='https:\/\/www.radiopiu.net\/wordpress\/wp-content\/uploads\/2025\/03\/Unknown-6.jpeg'><img loading=\"lazy\" decoding=\"async\" width=\"150\" height=\"150\" src=\"https:\/\/www.radiopiu.net\/wordpress\/wp-content\/uploads\/2025\/03\/Unknown-6-150x150.jpeg\" class=\"attachment-thumbnail size-thumbnail\" alt=\"\" \/><\/a>\n\t\t\t\t<\/dt><\/dl><dl class='gallery-item'>\n\t\t\t\t<dt class='gallery-icon landscape'>\n\t\t\t\t\t<a class=\"rollover rollover-zoom dt-pswp-item\" title=\"Unknown-7\" data-dt-img-description=\"\" data-large_image_width=\"1600\" data-large_image_height=\"1200\"href='https:\/\/www.radiopiu.net\/wordpress\/wp-content\/uploads\/2025\/03\/Unknown-7.jpeg'><img loading=\"lazy\" decoding=\"async\" width=\"150\" height=\"150\" src=\"https:\/\/www.radiopiu.net\/wordpress\/wp-content\/uploads\/2025\/03\/Unknown-7-150x150.jpeg\" class=\"attachment-thumbnail size-thumbnail\" alt=\"\" \/><\/a>\n\t\t\t\t<\/dt><\/dl><br style=\"clear: both\" \/><dl class='gallery-item'>\n\t\t\t\t<dt class='gallery-icon landscape'>\n\t\t\t\t\t<a class=\"rollover rollover-zoom dt-pswp-item\" title=\"Unknown-8\" data-dt-img-description=\"\" data-large_image_width=\"1600\" data-large_image_height=\"1200\"href='https:\/\/www.radiopiu.net\/wordpress\/wp-content\/uploads\/2025\/03\/Unknown-8.jpeg'><img loading=\"lazy\" decoding=\"async\" width=\"150\" height=\"150\" src=\"https:\/\/www.radiopiu.net\/wordpress\/wp-content\/uploads\/2025\/03\/Unknown-8-150x150.jpeg\" class=\"attachment-thumbnail size-thumbnail\" alt=\"\" \/><\/a>\n\t\t\t\t<\/dt><\/dl><dl class='gallery-item'>\n\t\t\t\t<dt class='gallery-icon landscape'>\n\t\t\t\t\t<a class=\"rollover rollover-zoom dt-pswp-item\" title=\"Unknown-9\" data-dt-img-description=\"\" data-large_image_width=\"1600\" data-large_image_height=\"1200\"href='https:\/\/www.radiopiu.net\/wordpress\/wp-content\/uploads\/2025\/03\/Unknown-9.jpeg'><img loading=\"lazy\" decoding=\"async\" width=\"150\" height=\"150\" src=\"https:\/\/www.radiopiu.net\/wordpress\/wp-content\/uploads\/2025\/03\/Unknown-9-150x150.jpeg\" class=\"attachment-thumbnail size-thumbnail\" alt=\"\" \/><\/a>\n\t\t\t\t<\/dt><\/dl><dl class='gallery-item'>\n\t\t\t\t<dt class='gallery-icon landscape'>\n\t\t\t\t\t<a class=\"rollover rollover-zoom dt-pswp-item\" title=\"Unknown-10\" data-dt-img-description=\"\" data-large_image_width=\"1600\" data-large_image_height=\"1200\"href='https:\/\/www.radiopiu.net\/wordpress\/wp-content\/uploads\/2025\/03\/Unknown-10.jpeg'><img loading=\"lazy\" decoding=\"async\" width=\"150\" height=\"150\" src=\"https:\/\/www.radiopiu.net\/wordpress\/wp-content\/uploads\/2025\/03\/Unknown-10-150x150.jpeg\" class=\"attachment-thumbnail size-thumbnail\" alt=\"\" \/><\/a>\n\t\t\t\t<\/dt><\/dl><dl class='gallery-item'>\n\t\t\t\t<dt class='gallery-icon landscape'>\n\t\t\t\t\t<a class=\"rollover rollover-zoom dt-pswp-item\" title=\"Unknown-11\" data-dt-img-description=\"\" data-large_image_width=\"1600\" data-large_image_height=\"1200\"href='https:\/\/www.radiopiu.net\/wordpress\/wp-content\/uploads\/2025\/03\/Unknown-11.jpeg'><img loading=\"lazy\" decoding=\"async\" width=\"150\" height=\"150\" src=\"https:\/\/www.radiopiu.net\/wordpress\/wp-content\/uploads\/2025\/03\/Unknown-11-150x150.jpeg\" class=\"attachment-thumbnail size-thumbnail\" alt=\"\" \/><\/a>\n\t\t\t\t<\/dt><\/dl><br style=\"clear: both\" \/><dl class='gallery-item'>\n\t\t\t\t<dt class='gallery-icon landscape'>\n\t\t\t\t\t<a class=\"rollover rollover-zoom dt-pswp-item\" title=\"Unknown-12\" data-dt-img-description=\"\" data-large_image_width=\"1600\" data-large_image_height=\"1200\"href='https:\/\/www.radiopiu.net\/wordpress\/wp-content\/uploads\/2025\/03\/Unknown-12.jpeg'><img loading=\"lazy\" decoding=\"async\" width=\"150\" height=\"150\" src=\"https:\/\/www.radiopiu.net\/wordpress\/wp-content\/uploads\/2025\/03\/Unknown-12-150x150.jpeg\" class=\"attachment-thumbnail size-thumbnail\" alt=\"\" \/><\/a>\n\t\t\t\t<\/dt><\/dl><dl class='gallery-item'>\n\t\t\t\t<dt class='gallery-icon landscape'>\n\t\t\t\t\t<a class=\"rollover rollover-zoom dt-pswp-item\" title=\"Unknown-13\" data-dt-img-description=\"\" data-large_image_width=\"1600\" data-large_image_height=\"1200\"href='https:\/\/www.radiopiu.net\/wordpress\/wp-content\/uploads\/2025\/03\/Unknown-13.jpeg'><img loading=\"lazy\" decoding=\"async\" width=\"150\" height=\"150\" src=\"https:\/\/www.radiopiu.net\/wordpress\/wp-content\/uploads\/2025\/03\/Unknown-13-150x150.jpeg\" class=\"attachment-thumbnail size-thumbnail\" alt=\"\" \/><\/a>\n\t\t\t\t<\/dt><\/dl><dl class='gallery-item'>\n\t\t\t\t<dt class='gallery-icon landscape'>\n\t\t\t\t\t<a class=\"rollover rollover-zoom dt-pswp-item\" title=\"Unknown-14\" data-dt-img-description=\"\" data-large_image_width=\"1600\" data-large_image_height=\"1200\"href='https:\/\/www.radiopiu.net\/wordpress\/wp-content\/uploads\/2025\/03\/Unknown-14.jpeg'><img loading=\"lazy\" decoding=\"async\" width=\"150\" height=\"150\" src=\"https:\/\/www.radiopiu.net\/wordpress\/wp-content\/uploads\/2025\/03\/Unknown-14-150x150.jpeg\" class=\"attachment-thumbnail size-thumbnail\" alt=\"\" \/><\/a>\n\t\t\t\t<\/dt><\/dl><dl class='gallery-item'>\n\t\t\t\t<dt class='gallery-icon landscape'>\n\t\t\t\t\t<a class=\"rollover rollover-zoom dt-pswp-item\" title=\"Unknown-15\" data-dt-img-description=\"\" data-large_image_width=\"1600\" data-large_image_height=\"1200\"href='https:\/\/www.radiopiu.net\/wordpress\/wp-content\/uploads\/2025\/03\/Unknown-15.jpeg'><img loading=\"lazy\" decoding=\"async\" width=\"150\" height=\"150\" src=\"https:\/\/www.radiopiu.net\/wordpress\/wp-content\/uploads\/2025\/03\/Unknown-15-150x150.jpeg\" class=\"attachment-thumbnail size-thumbnail\" alt=\"\" \/><\/a>\n\t\t\t\t<\/dt><\/dl><br style=\"clear: both\" \/>\n\t\t\t<\/div>\n\n<p>&nbsp;<\/p>\n<p><strong>IL VIDEO<\/strong><\/p>\n<p><iframe loading=\"lazy\" title=\"AGLI ORTI RUPESTRI DI SAN TOMASO BIODIVERSITA IN TAVOLA\" width=\"1200\" height=\"675\" src=\"https:\/\/www.youtube.com\/embed\/a5RkLHZU2No?feature=oembed\" frameborder=\"0\" allow=\"accelerometer; autoplay; clipboard-write; encrypted-media; gyroscope; picture-in-picture; web-share\" referrerpolicy=\"strict-origin-when-cross-origin\" allowfullscreen><\/iframe><\/p>\n<p>&nbsp;<\/p>\n<hr \/>\n<p>&nbsp;<\/p>\n<blockquote class=\"wp-embedded-content\" data-secret=\"P6PSqMWfjI\"><p><a href=\"https:\/\/www.radiopiu.net\/wordpress\/moena-vintage-ski-revival-successo-per-il-concerto-in-quota-allalpe-lusia-san-pellegrino\/\">MOENA VINTAGE SKI REVIVAL: SUCCESSO PER IL CONCERTO IN QUOTA ALL\u2019ALPE LUSIA\/SAN PELLEGRINO<\/a><\/p><\/blockquote>\n<p><iframe loading=\"lazy\" class=\"wp-embedded-content\" sandbox=\"allow-scripts\" security=\"restricted\" style=\"position: absolute; visibility: hidden;\" title=\"&#8220;MOENA VINTAGE SKI REVIVAL: SUCCESSO PER IL CONCERTO IN QUOTA ALL\u2019ALPE LUSIA\/SAN PELLEGRINO&#8221; &#8212; Radio Pi\u00f9\" src=\"https:\/\/www.radiopiu.net\/wordpress\/moena-vintage-ski-revival-successo-per-il-concerto-in-quota-allalpe-lusia-san-pellegrino\/embed\/#?secret=V9RLyy1aOn#?secret=P6PSqMWfjI\" data-secret=\"P6PSqMWfjI\" width=\"600\" height=\"338\" frameborder=\"0\" marginwidth=\"0\" marginheight=\"0\" scrolling=\"no\"><\/iframe><\/p>\n<p>&nbsp;<\/p>\n<hr \/>\n<p>&nbsp;<\/p>\n<blockquote>\n<h3>L&#8217;ASSEMBLEA DEL CIRCOLO CULTURALE AGORDINO<\/h3>\n<\/blockquote>\n<p><strong>AGORDO<\/strong> L\u2019Assemblea ordinaria del Circolo Culturale Agordino a.p.s. si terr\u00e0 presso la Biblioteca Civica di Agordo il 28 marzo 2025 (prima convocazione) e il 29 marzo 2025 alle 10:30 (seconda convocazione). All\u2019ordine del giorno: programmazione delle attivit\u00e0 2025, approvazione del bilancio 2024 e relazione sul bilancio sociale.<\/p>\n<p>&nbsp;<\/p>\n<p>&nbsp;<\/p>\n<hr \/>\n<p>&nbsp;<\/p>\n<blockquote>\n<h3>LIONS CLUB BELLUNO: UNA SERATA DI MUSICA E SOLIDARIET\u00c0 PER BELLUNO DONNA<\/h3>\n<\/blockquote>\n<p><strong><a class=\"dt-pswp-item\" href=\"https:\/\/www.radiopiu.net\/wordpress\/wp-content\/uploads\/2025\/03\/Immagine-2025-03-18-142342.png\" data-dt-img-description=\"\" data-large_image_width=\"630\" data-large_image_height=\"299\"><img loading=\"lazy\" decoding=\"async\" class=\" wp-image-440338 alignleft\" src=\"https:\/\/www.radiopiu.net\/wordpress\/wp-content\/uploads\/2025\/03\/Immagine-2025-03-18-142342-300x142.png\" alt=\"\" width=\"211\" height=\"100\" srcset=\"https:\/\/www.radiopiu.net\/wordpress\/wp-content\/uploads\/2025\/03\/Immagine-2025-03-18-142342-300x142.png 300w, https:\/\/www.radiopiu.net\/wordpress\/wp-content\/uploads\/2025\/03\/Immagine-2025-03-18-142342.png 630w\" sizes=\"auto, (max-width: 211px) 100vw, 211px\" \/><\/a>BELLUNO\u00a0<\/strong>Sabato 29 marzo alle ore 20:30, presso il Teatro Giovanni XXIII di Belluno, si terr\u00e0 un evento benefico organizzato dal Lions Club Belluno, con l\u2019obiettivo di raccogliere fondi per l\u2019associazione Belluno Donna Onlus, che sostiene economicamente donne e bambini in difficolt\u00e0. La serata sar\u00e0 coordinata da Michela Da Canal e vedr\u00e0 la partecipazione di ospiti di spicco. Tra questi, Ivano Battiston, maestro di fisarmonica e compositore di fama internazionale, che incanter\u00e0 il pubblico con la sua arte. Interverr\u00e0 anche la dott.ssa Roberta Gallego, Sostituto Procuratore della Repubblica presso il Tribunale di Belluno, per offrire uno spaccato della realt\u00e0 delle donne vittime di violenza. A rendere ancor pi\u00f9 speciale l\u2019evento sar\u00e0 la Compagnia dei Teatranti di Bisceglie, con Elida Musci e Michele Schiavone, che proporranno uno spettacolo teatrale di grande impatto. Un\u2019occasione per unire cultura, musica e impegno sociale, ricordando il valore della solidariet\u00e0 e del supporto a chi affronta situazioni difficili. L\u2019intero ricavato della serata sar\u00e0 devoluto a Belluno Donna.<\/p>\n<p>&nbsp;<\/p>\n<p>&nbsp;<\/p>\n<hr \/>\n<p>&nbsp;<\/p>\n<blockquote>\n<h3>UN INCONTRO CON L&#8217;ASSOCIAZIONE CUCCHINI<\/h3>\n<\/blockquote>\n<p><strong><a class=\"dt-pswp-item\" href=\"https:\/\/www.radiopiu.net\/wordpress\/wp-content\/uploads\/2025\/03\/KJFTYAUALGO.png\" data-dt-img-description=\"\" data-large_image_width=\"1747\" data-large_image_height=\"971\"><img loading=\"lazy\" decoding=\"async\" class=\" wp-image-440851 alignleft\" src=\"https:\/\/www.radiopiu.net\/wordpress\/wp-content\/uploads\/2025\/03\/KJFTYAUALGO-300x167.png\" alt=\"\" width=\"199\" height=\"111\" srcset=\"https:\/\/www.radiopiu.net\/wordpress\/wp-content\/uploads\/2025\/03\/KJFTYAUALGO-300x167.png 300w, https:\/\/www.radiopiu.net\/wordpress\/wp-content\/uploads\/2025\/03\/KJFTYAUALGO-1024x569.png 1024w, https:\/\/www.radiopiu.net\/wordpress\/wp-content\/uploads\/2025\/03\/KJFTYAUALGO-768x427.png 768w, https:\/\/www.radiopiu.net\/wordpress\/wp-content\/uploads\/2025\/03\/KJFTYAUALGO-1536x854.png 1536w, https:\/\/www.radiopiu.net\/wordpress\/wp-content\/uploads\/2025\/03\/KJFTYAUALGO.png 1747w\" sizes=\"auto, (max-width: 199px) 100vw, 199px\" \/><\/a>BELLUNO<\/strong> L&#8217;associazione Cucchini organizza un incontro informativo sulle Disposizioni Anticipate di Trattamento (DAT) dal titolo <strong data-start=\"108\" data-end=\"143\">\u201cTroppo presto o troppo tardi?\u201d<\/strong>. L&#8217;evento si terr\u00e0 gioved\u00ec 27 marzo alle 18 presso la sede dell\u2019associazione, accanto all\u2019Hospice Casa Tua Due di Belluno. Il presidente Paolo Colleselli sottolinea l\u2019importanza di informare su questa tematica complessa. Le DAT, previste dalla legge 219\/2017, permettono a una persona di esprimere in anticipo le proprie volont\u00e0 su trattamenti sanitari in caso di futura incapacit\u00e0 di autodeterminarsi. Qualsiasi maggiorenne pu\u00f2 redigerle, e i Comuni sono responsabili della loro registrazione. L&#8217;incontro vedr\u00e0 gli interventi di esperti che tratteranno il tema da diverse prospettive: la psicologa Elena Sommacal analizzer\u00e0 gli aspetti emotivi, il medico Stefano Capelli illustrer\u00e0 la normativa, e rappresentanti comunali spiegheranno le modalit\u00e0 di deposito delle DAT.<\/p>\n<p>&nbsp;<\/p>\n<hr \/>\n<p>&nbsp;<\/p>\n<blockquote>\n<div class=\"flex max-w-full flex-col flex-grow\">\n<div class=\"min-h-8 text-message relative flex w-full flex-col items-end gap-2 whitespace-normal break-words text-start [.text-message+&amp;]:mt-5\" dir=\"auto\" data-message-author-role=\"assistant\" data-message-id=\"11b2e343-9597-496f-8fe9-b70b0fc15840\" data-message-model-slug=\"gpt-4o\">\n<div class=\"flex w-full flex-col gap-1 empty:hidden first:pt-[3px]\">\n<div class=\"markdown prose w-full break-words dark:prose-invert dark\">\n<p class=\"\" data-start=\"0\" data-end=\"71\"><strong data-start=\"0\" data-end=\"71\" data-is-last-node=\"\" data-is-only-node=\"\">OSSERVAZIONE PUBBLICA DELL\u2019ECLISSE PARZIALE DI SOLE SABATO 29 MARZO<\/strong><\/p>\n<\/div>\n<\/div>\n<\/div>\n<\/div>\n<\/blockquote>\n<p><strong><a class=\"dt-pswp-item\" href=\"https:\/\/www.radiopiu.net\/wordpress\/wp-content\/uploads\/2019\/01\/Luna-in-eclisse.jpg\" data-dt-img-description=\"\" data-large_image_width=\"2977\" data-large_image_height=\"2232\"><img loading=\"lazy\" decoding=\"async\" class=\"wp-image-73474 alignleft\" src=\"https:\/\/www.radiopiu.net\/wordpress\/wp-content\/uploads\/2019\/01\/Luna-in-eclisse-300x225.jpg\" alt=\"\" width=\"177\" height=\"133\" srcset=\"https:\/\/www.radiopiu.net\/wordpress\/wp-content\/uploads\/2019\/01\/Luna-in-eclisse-300x225.jpg 300w, https:\/\/www.radiopiu.net\/wordpress\/wp-content\/uploads\/2019\/01\/Luna-in-eclisse-768x576.jpg 768w, https:\/\/www.radiopiu.net\/wordpress\/wp-content\/uploads\/2019\/01\/Luna-in-eclisse-1024x768.jpg 1024w\" sizes=\"auto, (max-width: 177px) 100vw, 177px\" \/><\/a>AGORDO<\/strong><\/p>\n<p>Sabato\u00a0 evento al parcheggio di Tamonich\u00a0 per osservare l&#8217;eclisse parziale di sole. Cieli Dolomitici sar\u00e0 presente con i\u00a0 telescopi dalle 11. Evento gratuito, aperto a tutti.<\/p>\n<p>&nbsp;<\/p>\n<p><strong>FELTRE<\/strong><\/p>\n<p>Sabato alle\u00a0 11 con\u00a0 l&#8217;associazione Rheticus: avr\u00e0 luogo l\u2019osservazione pubblica dell\u2019eclisse parziale di Sole. Vi sar\u00e0 anche la possibilit\u00e0 di osservare la sottilissima, e quanto mai spettacolare, fase di Venere.\u00a0 In caso di maltempo, in luogo dell&#8217;osservazione, verr\u00e0 svolta una conferenza sostitutiva nel Planetario da parte di Gabriele Vanin. Ingresso 5 euro.<\/p>\n<p>&nbsp;<\/p>\n<hr \/>\n<p>&nbsp;<\/p>\n<blockquote>\n<p data-start=\"0\" data-end=\"71\"><strong data-start=\"0\" data-end=\"69\">MOSTRA DEDICATA A VITTORIO PISANI: INAUGURAZIONE A PIEVE D\u2019ALPAGO<\/strong><\/p>\n<\/blockquote>\n<p data-start=\"73\" data-end=\"333\" data-is-last-node=\"\" data-is-only-node=\"\">Domenica 30 marzo alle 17:00, presso il Palazzo Municipale di Pieve d\u2019Alpago, verr\u00e0 inaugurata la mostra temporanea dedicata a Vittorio Pisani. L\u2019evento, promosso dall&#8217;Ufficio Cultura e dalla Biblioteca Civica, ha il patrocinio di enti locali e internazionali.<\/p>\n<p>&nbsp;<\/p>\n<p>&nbsp;<\/p>\n<hr \/>\n<p>&nbsp;<\/p>\n<blockquote>\n<h3>CORSO DI MICOLOGIA A LIMANA<\/h3>\n<\/blockquote>\n<p><strong>LIMANA<\/strong> Sono ancora pochi i posti disponibili per il <strong data-start=\"45\" data-end=\"72\">corso base di micologia<\/strong> organizzato dal Comune di Limana in collaborazione con l&#8217;Associazione Micologia &#8220;Bresadola&#8221; di Belluno. La prima lezione si terr\u00e0 venerd\u00ec 28 marzo 2025, seguita da altre 7 lezioni teoriche. Due uscite pratiche in campo saranno concordate al termine del corso. Per maggiori informazioni e per iscriversi, visita il sito web: <a href=\"http:\/\/www.limana.org\/corsofunghi\" target=\"_new\" rel=\"noopener\" data-start=\"397\" data-end=\"460\">www.limana.org\/corsofunghi<\/a>.<\/p>\n<p>&nbsp;<\/p>\n<p>&nbsp;<\/p>\n<hr \/>\n<p>&nbsp;<\/p>\n<h1><span style=\"color: #ff6600;\">IERI ALLA RADIO\u00a0<\/span><\/h1>\n<h2><span style=\"color: #ffcc00;\">LA RASSEGNA STAMPA DA L&#8217;AMICO DEL POPOLO<\/span><\/h2>\n<p><strong><a class=\"dt-pswp-item\" href=\"https:\/\/www.radiopiu.net\/wordpress\/wp-content\/uploads\/2024\/06\/libera-logo.jpg\" data-dt-img-description=\"\" data-large_image_width=\"1200\" data-large_image_height=\"1200\"><img loading=\"lazy\" decoding=\"async\" class=\" wp-image-392905 alignleft\" src=\"https:\/\/www.radiopiu.net\/wordpress\/wp-content\/uploads\/2024\/06\/libera-logo-300x300.jpg\" alt=\"\" width=\"143\" height=\"143\" srcset=\"https:\/\/www.radiopiu.net\/wordpress\/wp-content\/uploads\/2024\/06\/libera-logo-300x300.jpg 300w, https:\/\/www.radiopiu.net\/wordpress\/wp-content\/uploads\/2024\/06\/libera-logo-1024x1024.jpg 1024w, https:\/\/www.radiopiu.net\/wordpress\/wp-content\/uploads\/2024\/06\/libera-logo-150x150.jpg 150w, https:\/\/www.radiopiu.net\/wordpress\/wp-content\/uploads\/2024\/06\/libera-logo-768x768.jpg 768w, https:\/\/www.radiopiu.net\/wordpress\/wp-content\/uploads\/2024\/06\/libera-logo.jpg 1200w\" sizes=\"auto, (max-width: 143px) 100vw, 143px\" \/><\/a>DI GIANNI SANTOMASO<\/strong><\/p>\n<p>Con Cristina Selle, Alice Lazzaro e Liana Cavalet<\/p>\n<audio class=\"wp-audio-shortcode\" id=\"audio-440951-7\" preload=\"none\" style=\"width: 100%;\" controls=\"controls\"><source type=\"audio\/mpeg\" src=\"https:\/\/www.radiopiu.net\/wordpress\/wp-content\/uploads\/2025\/03\/RASSEGNA-GIANNI-1.mp3?_=7\" \/><a href=\"https:\/\/www.radiopiu.net\/wordpress\/wp-content\/uploads\/2025\/03\/RASSEGNA-GIANNI-1.mp3\">https:\/\/www.radiopiu.net\/wordpress\/wp-content\/uploads\/2025\/03\/RASSEGNA-GIANNI-1.mp3<\/a><\/audio>\n<p>&nbsp;<\/p>\n<hr \/>\n<p>&nbsp;<\/p>\n<h2><span style=\"color: #808000;\">DUE MINUTI PER TE<\/span><\/h2>\n<p><strong><a class=\"dt-pswp-item\" href=\"https:\/\/www.radiopiu.net\/wordpress\/wp-content\/uploads\/2020\/12\/DON-GIORGIO-LISE.jpg\" data-dt-img-description=\"\" data-large_image_width=\"1600\" data-large_image_height=\"901\"><img loading=\"lazy\" decoding=\"async\" class=\" wp-image-177420 alignleft\" src=\"https:\/\/www.radiopiu.net\/wordpress\/wp-content\/uploads\/2020\/12\/DON-GIORGIO-LISE-300x169.jpg\" alt=\"\" width=\"206\" height=\"116\" srcset=\"https:\/\/www.radiopiu.net\/wordpress\/wp-content\/uploads\/2020\/12\/DON-GIORGIO-LISE-300x169.jpg 300w, https:\/\/www.radiopiu.net\/wordpress\/wp-content\/uploads\/2020\/12\/DON-GIORGIO-LISE-1024x577.jpg 1024w, https:\/\/www.radiopiu.net\/wordpress\/wp-content\/uploads\/2020\/12\/DON-GIORGIO-LISE-768x432.jpg 768w, https:\/\/www.radiopiu.net\/wordpress\/wp-content\/uploads\/2020\/12\/DON-GIORGIO-LISE-1536x865.jpg 1536w, https:\/\/www.radiopiu.net\/wordpress\/wp-content\/uploads\/2020\/12\/DON-GIORGIO-LISE.jpg 1600w\" sizes=\"auto, (max-width: 206px) 100vw, 206px\" \/><\/a>APPUNTAMENTO DELLA DOMENICA CON IL PENSIERO DI MONSIGNOR GIORGIO LISE<\/strong><\/p>\n<audio class=\"wp-audio-shortcode\" id=\"audio-440951-8\" preload=\"none\" style=\"width: 100%;\" controls=\"controls\"><source type=\"audio\/mpeg\" src=\"https:\/\/www.radiopiu.net\/wordpress\/wp-content\/uploads\/2025\/03\/DON-GIORGIO-3.mp3?_=8\" \/><a href=\"https:\/\/www.radiopiu.net\/wordpress\/wp-content\/uploads\/2025\/03\/DON-GIORGIO-3.mp3\">https:\/\/www.radiopiu.net\/wordpress\/wp-content\/uploads\/2025\/03\/DON-GIORGIO-3.mp3<\/a><\/audio>\n<p>&nbsp;<\/p>\n<hr \/>\n<p>&nbsp;<\/p>\n<blockquote class=\"wp-embedded-content\" data-secret=\"PgtfMqeukW\"><p><a href=\"https:\/\/www.radiopiu.net\/wordpress\/piu-siamo-con-marina-settimana-dal-17-al-21-marzo-2025\/\">PIU&#8217; SIAMO&#8230;CON MARINA &#8211; SETTIMANA DAL 17 AL 21 MARZO 2025<\/a><\/p><\/blockquote>\n<p><iframe loading=\"lazy\" class=\"wp-embedded-content\" sandbox=\"allow-scripts\" security=\"restricted\" style=\"position: absolute; visibility: hidden;\" title=\"&#8220;PIU&#8217; SIAMO&#8230;CON MARINA &#8211; SETTIMANA DAL 17 AL 21 MARZO 2025&#8221; &#8212; Radio Pi\u00f9\" src=\"https:\/\/www.radiopiu.net\/wordpress\/piu-siamo-con-marina-settimana-dal-17-al-21-marzo-2025\/embed\/#?secret=q2oz88mN4L#?secret=PgtfMqeukW\" data-secret=\"PgtfMqeukW\" width=\"600\" height=\"338\" frameborder=\"0\" marginwidth=\"0\" marginheight=\"0\" scrolling=\"no\"><\/iframe><\/p>\n<p>&nbsp;<\/p>\n<hr \/>\n<p>&nbsp;<\/p>\n<h2><span style=\"color: #ff0000;\"><a class=\"dt-pswp-item\" href=\"https:\/\/www.radiopiu.net\/wordpress\/wp-content\/uploads\/2018\/09\/appuntamenti.jpeg\" data-dt-img-description=\"\" data-large_image_width=\"800\" data-large_image_height=\"100\"><img loading=\"lazy\" decoding=\"async\" class=\"wp-image-61958 size-full aligncenter\" src=\"https:\/\/www.radiopiu.net\/wordpress\/wp-content\/uploads\/2018\/09\/appuntamenti.jpeg\" alt=\"\" width=\"800\" height=\"100\" srcset=\"https:\/\/www.radiopiu.net\/wordpress\/wp-content\/uploads\/2018\/09\/appuntamenti.jpeg 800w, https:\/\/www.radiopiu.net\/wordpress\/wp-content\/uploads\/2018\/09\/appuntamenti-300x38.jpeg 300w, https:\/\/www.radiopiu.net\/wordpress\/wp-content\/uploads\/2018\/09\/appuntamenti-768x96.jpeg 768w\" sizes=\"auto, (max-width: 800px) 100vw, 800px\" \/><\/a><\/span><\/h2>\n<h3 dir=\"auto\"><\/h3>\n<blockquote>\n<h3>MORGAN &amp; BATTAGLIA I RESIDENT DJ DEL SAVE THE DATE FESTIVAL<\/h3>\n<\/blockquote>\n<p><strong>FALCADE <\/strong>Il palco si accende, le casse vibrano e l\u2019atmosfera si infiamma: Morgan e Battaglia sono pronti a farvi ballare senza sosta! Con selezioni potenti e beat travolgenti, il duo porter\u00e0 un\u2019ondata di pura energia al Rifugio Laresei. Quattro ospiti speciali arricchiranno il festival, ma sar\u00e0 la loro console a tenere il cuore pulsante della serata. L\u2019unica regola? Lasciarsi andare al ritmo e vivere la musica senza freni. Preparati a un\u2019esperienza indimenticabile! L&#8217;appuntamento \u00e8 per il 29 marzo al Rifugio Laresei<\/p>\n\n\t\t\t<style type='text\/css'>\n\t\t\t\t#gallery-3 {\n\t\t\t\t\tmargin: auto;\n\t\t\t\t}\n\t\t\t\t#gallery-3 .gallery-item {\n\t\t\t\t\tfloat: left;\n\t\t\t\t\tmargin-top: 10px;\n\t\t\t\t\ttext-align: center;\n\t\t\t\t\twidth: 20%;\n\t\t\t\t}\n\t\t\t\t#gallery-3 img {\n\t\t\t\t\tborder: 2px solid #cfcfcf;\n\t\t\t\t}\n\t\t\t\t#gallery-3 .gallery-caption {\n\t\t\t\t\tmargin-left: 0;\n\t\t\t\t}\n\t\t\t\t\/* see gallery_shortcode() in wp-includes\/media.php *\/\n\t\t\t<\/style>\n\t\t<div id='gallery-3' class='dt-gallery-container gallery galleryid-440951 gallery-columns-5 gallery-size-medium'><dl class='gallery-item'>\n\t\t\t\t<dt class='gallery-icon portrait'>\n\t\t\t\t\t<a class=\"rollover rollover-zoom dt-pswp-item\" title=\"475351389_122191419572160269_4819090400106529375_n\" data-dt-img-description=\"\" data-large_image_width=\"1024\" data-large_image_height=\"1280\"href='https:\/\/www.radiopiu.net\/wordpress\/wp-content\/uploads\/2025\/02\/475351389_122191419572160269_4819090400106529375_n.jpg'><img loading=\"lazy\" decoding=\"async\" width=\"240\" height=\"300\" src=\"https:\/\/www.radiopiu.net\/wordpress\/wp-content\/uploads\/2025\/02\/475351389_122191419572160269_4819090400106529375_n-240x300.jpg\" class=\"attachment-medium size-medium\" alt=\"\" srcset=\"https:\/\/www.radiopiu.net\/wordpress\/wp-content\/uploads\/2025\/02\/475351389_122191419572160269_4819090400106529375_n-240x300.jpg 240w, https:\/\/www.radiopiu.net\/wordpress\/wp-content\/uploads\/2025\/02\/475351389_122191419572160269_4819090400106529375_n-819x1024.jpg 819w, https:\/\/www.radiopiu.net\/wordpress\/wp-content\/uploads\/2025\/02\/475351389_122191419572160269_4819090400106529375_n-768x960.jpg 768w, https:\/\/www.radiopiu.net\/wordpress\/wp-content\/uploads\/2025\/02\/475351389_122191419572160269_4819090400106529375_n.jpg 1024w\" sizes=\"auto, (max-width: 240px) 100vw, 240px\" \/><\/a>\n\t\t\t\t<\/dt><\/dl><dl class='gallery-item'>\n\t\t\t\t<dt class='gallery-icon portrait'>\n\t\t\t\t\t<a class=\"rollover rollover-zoom dt-pswp-item\" title=\"70222334-5cff-4d4b-9ab9-a2a79305f2f3\" data-dt-img-description=\"\" data-large_image_width=\"1024\" data-large_image_height=\"1280\"href='https:\/\/www.radiopiu.net\/wordpress\/wp-content\/uploads\/2025\/02\/70222334-5cff-4d4b-9ab9-a2a79305f2f3.jpg'><img loading=\"lazy\" decoding=\"async\" width=\"240\" height=\"300\" src=\"https:\/\/www.radiopiu.net\/wordpress\/wp-content\/uploads\/2025\/02\/70222334-5cff-4d4b-9ab9-a2a79305f2f3-240x300.jpg\" class=\"attachment-medium size-medium\" alt=\"\" srcset=\"https:\/\/www.radiopiu.net\/wordpress\/wp-content\/uploads\/2025\/02\/70222334-5cff-4d4b-9ab9-a2a79305f2f3-240x300.jpg 240w, https:\/\/www.radiopiu.net\/wordpress\/wp-content\/uploads\/2025\/02\/70222334-5cff-4d4b-9ab9-a2a79305f2f3-819x1024.jpg 819w, https:\/\/www.radiopiu.net\/wordpress\/wp-content\/uploads\/2025\/02\/70222334-5cff-4d4b-9ab9-a2a79305f2f3-768x960.jpg 768w, https:\/\/www.radiopiu.net\/wordpress\/wp-content\/uploads\/2025\/02\/70222334-5cff-4d4b-9ab9-a2a79305f2f3.jpg 1024w\" sizes=\"auto, (max-width: 240px) 100vw, 240px\" \/><\/a>\n\t\t\t\t<\/dt><\/dl><dl class='gallery-item'>\n\t\t\t\t<dt class='gallery-icon portrait'>\n\t\t\t\t\t<a class=\"rollover rollover-zoom dt-pswp-item\" title=\"480483463_122191800596160269_7748395789965067962_n\" data-dt-img-description=\"\" data-large_image_width=\"1024\" data-large_image_height=\"1280\"href='https:\/\/www.radiopiu.net\/wordpress\/wp-content\/uploads\/2025\/02\/480483463_122191800596160269_7748395789965067962_n.jpg'><img loading=\"lazy\" decoding=\"async\" width=\"240\" height=\"300\" src=\"https:\/\/www.radiopiu.net\/wordpress\/wp-content\/uploads\/2025\/02\/480483463_122191800596160269_7748395789965067962_n-240x300.jpg\" class=\"attachment-medium size-medium\" alt=\"\" srcset=\"https:\/\/www.radiopiu.net\/wordpress\/wp-content\/uploads\/2025\/02\/480483463_122191800596160269_7748395789965067962_n-240x300.jpg 240w, https:\/\/www.radiopiu.net\/wordpress\/wp-content\/uploads\/2025\/02\/480483463_122191800596160269_7748395789965067962_n-819x1024.jpg 819w, https:\/\/www.radiopiu.net\/wordpress\/wp-content\/uploads\/2025\/02\/480483463_122191800596160269_7748395789965067962_n-768x960.jpg 768w, https:\/\/www.radiopiu.net\/wordpress\/wp-content\/uploads\/2025\/02\/480483463_122191800596160269_7748395789965067962_n.jpg 1024w\" sizes=\"auto, (max-width: 240px) 100vw, 240px\" \/><\/a>\n\t\t\t\t<\/dt><\/dl><dl class='gallery-item'>\n\t\t\t\t<dt class='gallery-icon portrait'>\n\t\t\t\t\t<a class=\"rollover rollover-zoom dt-pswp-item\" title=\"480755395_122191974356160269_922264644982884143_n\" data-dt-img-description=\"\" data-large_image_width=\"1024\" data-large_image_height=\"1280\"href='https:\/\/www.radiopiu.net\/wordpress\/wp-content\/uploads\/2025\/02\/480755395_122191974356160269_922264644982884143_n.jpg'><img loading=\"lazy\" decoding=\"async\" width=\"240\" height=\"300\" src=\"https:\/\/www.radiopiu.net\/wordpress\/wp-content\/uploads\/2025\/02\/480755395_122191974356160269_922264644982884143_n-240x300.jpg\" class=\"attachment-medium size-medium\" alt=\"\" srcset=\"https:\/\/www.radiopiu.net\/wordpress\/wp-content\/uploads\/2025\/02\/480755395_122191974356160269_922264644982884143_n-240x300.jpg 240w, https:\/\/www.radiopiu.net\/wordpress\/wp-content\/uploads\/2025\/02\/480755395_122191974356160269_922264644982884143_n-819x1024.jpg 819w, https:\/\/www.radiopiu.net\/wordpress\/wp-content\/uploads\/2025\/02\/480755395_122191974356160269_922264644982884143_n-768x960.jpg 768w, https:\/\/www.radiopiu.net\/wordpress\/wp-content\/uploads\/2025\/02\/480755395_122191974356160269_922264644982884143_n.jpg 1024w\" sizes=\"auto, (max-width: 240px) 100vw, 240px\" \/><\/a>\n\t\t\t\t<\/dt><\/dl><dl class='gallery-item'>\n\t\t\t\t<dt class='gallery-icon portrait'>\n\t\t\t\t\t<a class=\"rollover rollover-zoom dt-pswp-item\" title=\"480946206_122192204450160269_174180551336592227_n\" data-dt-img-description=\"\" data-large_image_width=\"512\" data-large_image_height=\"640\"href='https:\/\/www.radiopiu.net\/wordpress\/wp-content\/uploads\/2025\/02\/480946206_122192204450160269_174180551336592227_n.jpg'><img loading=\"lazy\" decoding=\"async\" width=\"240\" height=\"300\" src=\"https:\/\/www.radiopiu.net\/wordpress\/wp-content\/uploads\/2025\/02\/480946206_122192204450160269_174180551336592227_n-240x300.jpg\" class=\"attachment-medium size-medium\" alt=\"\" srcset=\"https:\/\/www.radiopiu.net\/wordpress\/wp-content\/uploads\/2025\/02\/480946206_122192204450160269_174180551336592227_n-240x300.jpg 240w, https:\/\/www.radiopiu.net\/wordpress\/wp-content\/uploads\/2025\/02\/480946206_122192204450160269_174180551336592227_n.jpg 512w\" sizes=\"auto, (max-width: 240px) 100vw, 240px\" \/><\/a>\n\t\t\t\t<\/dt><\/dl><br style=\"clear: both\" \/>\n\t\t\t<\/div>\n\n<p>&nbsp;<\/p>\n<div>\n<div class=\"\" dir=\"auto\">\n<div id=\":r9h:\" class=\"x1iorvi4 x1pi30zi x1l90r2v x1swvt13\" data-ad-comet-preview=\"message\" data-ad-preview=\"message\">\n<div>\n<div class=\"\" dir=\"auto\">\n<div id=\":r9h:\" class=\"x1iorvi4 x1pi30zi x1l90r2v x1swvt13\" data-ad-comet-preview=\"message\" data-ad-preview=\"message\">\n<div>\n<div class=\"\" dir=\"auto\">\n<div id=\":r9h:\" class=\"x1iorvi4 x1pi30zi x1l90r2v x1swvt13\" data-ad-comet-preview=\"message\" data-ad-preview=\"message\">\n<div>\n<div class=\"\" dir=\"auto\">\n<div id=\":r9h:\" class=\"x1iorvi4 x1pi30zi x1l90r2v x1swvt13\" data-ad-comet-preview=\"message\" data-ad-preview=\"message\">\n<div>\n<div class=\"\" dir=\"auto\">\n<div id=\":r9h:\" class=\"x1iorvi4 x1pi30zi x1l90r2v x1swvt13\" data-ad-comet-preview=\"message\" data-ad-preview=\"message\">\n<div>\n<div class=\"\" dir=\"auto\">\n<div id=\":r9h:\" class=\"x1iorvi4 x1pi30zi x1l90r2v x1swvt13\" data-ad-comet-preview=\"message\" data-ad-preview=\"message\">\n<div class=\"xdj266r x11i5rnm xat24cr x1mh8g0r x1vvkbs x126k92a\">\n<div dir=\"auto\"><\/div>\n<\/div>\n<div>\n<div class=\"\" dir=\"auto\">\n<div id=\":r9h:\" class=\"x1iorvi4 x1pi30zi x1l90r2v x1swvt13\" data-ad-comet-preview=\"message\" data-ad-preview=\"message\">\n<div>\n<div class=\"\" dir=\"auto\">\n<div id=\":r9h:\" class=\"x1iorvi4 x1pi30zi x1l90r2v x1swvt13\" data-ad-comet-preview=\"message\" data-ad-preview=\"message\">\n\n\t\t\t<style type='text\/css'>\n\t\t\t\t#gallery-4 {\n\t\t\t\t\tmargin: auto;\n\t\t\t\t}\n\t\t\t\t#gallery-4 .gallery-item {\n\t\t\t\t\tfloat: left;\n\t\t\t\t\tmargin-top: 10px;\n\t\t\t\t\ttext-align: center;\n\t\t\t\t\twidth: 25%;\n\t\t\t\t}\n\t\t\t\t#gallery-4 img {\n\t\t\t\t\tborder: 2px solid #cfcfcf;\n\t\t\t\t}\n\t\t\t\t#gallery-4 .gallery-caption {\n\t\t\t\t\tmargin-left: 0;\n\t\t\t\t}\n\t\t\t\t\/* see gallery_shortcode() in wp-includes\/media.php *\/\n\t\t\t<\/style>\n\t\t<div id='gallery-4' class='dt-gallery-container gallery galleryid-440951 gallery-columns-4 gallery-size-thumbnail'><dl class='gallery-item'>\n\t\t\t\t<dt class='gallery-icon portrait'>\n\t\t\t\t\t<a class=\"rollover rollover-zoom dt-pswp-item\" title=\"Marzo (1)\" data-dt-img-description=\"\" data-large_image_width=\"841\" data-large_image_height=\"1190\"href='https:\/\/www.radiopiu.net\/wordpress\/wp-content\/uploads\/2025\/02\/Marzo-1.jpg'><img loading=\"lazy\" decoding=\"async\" width=\"150\" height=\"150\" src=\"https:\/\/www.radiopiu.net\/wordpress\/wp-content\/uploads\/2025\/02\/Marzo-1-150x150.jpg\" class=\"attachment-thumbnail size-thumbnail\" alt=\"\" \/><\/a>\n\t\t\t\t<\/dt><\/dl><dl class='gallery-item'>\n\t\t\t\t<dt class='gallery-icon portrait'>\n\t\t\t\t\t<a class=\"rollover rollover-zoom dt-pswp-item\" title=\"Senza nome\" data-dt-img-description=\"\" data-large_image_width=\"569\" data-large_image_height=\"801\"href='https:\/\/www.radiopiu.net\/wordpress\/wp-content\/uploads\/2025\/02\/Senza-nome-23.png'><img loading=\"lazy\" decoding=\"async\" width=\"150\" height=\"150\" src=\"https:\/\/www.radiopiu.net\/wordpress\/wp-content\/uploads\/2025\/02\/Senza-nome-23-150x150.png\" class=\"attachment-thumbnail size-thumbnail\" alt=\"\" \/><\/a>\n\t\t\t\t<\/dt><\/dl><dl class='gallery-item'>\n\t\t\t\t<dt class='gallery-icon portrait'>\n\t\t\t\t\t<a class=\"rollover rollover-zoom dt-pswp-item\" title=\"ba76e127-707c-4a8a-a6ac-6ab71e879690\" data-dt-img-description=\"\" data-large_image_width=\"500\" data-large_image_height=\"696\"href='https:\/\/www.radiopiu.net\/wordpress\/wp-content\/uploads\/2025\/03\/ba76e127-707c-4a8a-a6ac-6ab71e879690.jpg'><img loading=\"lazy\" decoding=\"async\" width=\"150\" height=\"150\" src=\"https:\/\/www.radiopiu.net\/wordpress\/wp-content\/uploads\/2025\/03\/ba76e127-707c-4a8a-a6ac-6ab71e879690-150x150.jpg\" class=\"attachment-thumbnail size-thumbnail\" alt=\"\" aria-describedby=\"gallery-4-437826\" \/><\/a>\n\t\t\t\t<\/dt>\n\t\t\t\t\t<dd class='wp-caption-text gallery-caption' id='gallery-4-437826'>\n\t\t\t\t\tPOSTICIPATO AL 6 APRILE\n\t\t\t\t\t<\/dd><\/dl><dl class='gallery-item'>\n\t\t\t\t<dt class='gallery-icon portrait'>\n\t\t\t\t\t<a class=\"rollover rollover-zoom dt-pswp-item\" title=\"86913bf1-cfa4-493b-8e26-1aa10ea03f0b\" data-dt-img-description=\"\" data-large_image_width=\"1638\" data-large_image_height=\"2048\"href='https:\/\/www.radiopiu.net\/wordpress\/wp-content\/uploads\/2025\/03\/86913bf1-cfa4-493b-8e26-1aa10ea03f0b.jpg'><img loading=\"lazy\" decoding=\"async\" width=\"150\" height=\"150\" src=\"https:\/\/www.radiopiu.net\/wordpress\/wp-content\/uploads\/2025\/03\/86913bf1-cfa4-493b-8e26-1aa10ea03f0b-150x150.jpg\" class=\"attachment-thumbnail size-thumbnail\" alt=\"\" \/><\/a>\n\t\t\t\t<\/dt><\/dl><br style=\"clear: both\" \/><dl class='gallery-item'>\n\t\t\t\t<dt class='gallery-icon portrait'>\n\t\t\t\t\t<a class=\"rollover rollover-zoom dt-pswp-item\" title=\"wnEWMSHDfvy6\" data-dt-img-description=\"\" data-large_image_width=\"962\" data-large_image_height=\"1328\"href='https:\/\/www.radiopiu.net\/wordpress\/wp-content\/uploads\/2025\/03\/wnEWMSHDfvy6.jpg'><img loading=\"lazy\" decoding=\"async\" width=\"150\" height=\"150\" src=\"https:\/\/www.radiopiu.net\/wordpress\/wp-content\/uploads\/2025\/03\/wnEWMSHDfvy6-150x150.jpg\" class=\"attachment-thumbnail size-thumbnail\" alt=\"\" \/><\/a>\n\t\t\t\t<\/dt><\/dl><dl class='gallery-item'>\n\t\t\t\t<dt class='gallery-icon portrait'>\n\t\t\t\t\t<a class=\"rollover rollover-zoom dt-pswp-item\" title=\"Locandina posturale primavera 2025\" data-dt-img-description=\"\" data-large_image_width=\"1132\" data-large_image_height=\"1600\"href='https:\/\/www.radiopiu.net\/wordpress\/wp-content\/uploads\/2025\/03\/Locandina-posturale-primavera-2025.jpeg'><img loading=\"lazy\" decoding=\"async\" width=\"150\" height=\"150\" src=\"https:\/\/www.radiopiu.net\/wordpress\/wp-content\/uploads\/2025\/03\/Locandina-posturale-primavera-2025-150x150.jpeg\" class=\"attachment-thumbnail size-thumbnail\" alt=\"\" \/><\/a>\n\t\t\t\t<\/dt><\/dl><dl class='gallery-item'>\n\t\t\t\t<dt class='gallery-icon landscape'>\n\t\t\t\t\t<a class=\"rollover rollover-zoom dt-pswp-item\" title=\"Lions.A.D.1\" data-dt-img-description=\"\" data-large_image_width=\"1170\" data-large_image_height=\"759\"href='https:\/\/www.radiopiu.net\/wordpress\/wp-content\/uploads\/2025\/03\/Lions.A.D.1.jpg'><img loading=\"lazy\" decoding=\"async\" width=\"150\" height=\"150\" src=\"https:\/\/www.radiopiu.net\/wordpress\/wp-content\/uploads\/2025\/03\/Lions.A.D.1-150x150.jpg\" class=\"attachment-thumbnail size-thumbnail\" alt=\"\" \/><\/a>\n\t\t\t\t<\/dt><\/dl><dl class='gallery-item'>\n\t\t\t\t<dt class='gallery-icon portrait'>\n\t\t\t\t\t<a class=\"rollover rollover-zoom dt-pswp-item\" title=\"d1c40d7e-c6d5-42f7-ac6a-e56a05a28dcb\" data-dt-img-description=\"\" data-large_image_width=\"1131\" data-large_image_height=\"1600\"href='https:\/\/www.radiopiu.net\/wordpress\/wp-content\/uploads\/2025\/03\/d1c40d7e-c6d5-42f7-ac6a-e56a05a28dcb.jpg'><img loading=\"lazy\" decoding=\"async\" width=\"150\" height=\"150\" src=\"https:\/\/www.radiopiu.net\/wordpress\/wp-content\/uploads\/2025\/03\/d1c40d7e-c6d5-42f7-ac6a-e56a05a28dcb-150x150.jpg\" class=\"attachment-thumbnail size-thumbnail\" alt=\"\" \/><\/a>\n\t\t\t\t<\/dt><\/dl><br style=\"clear: both\" \/><dl class='gallery-item'>\n\t\t\t\t<dt class='gallery-icon portrait'>\n\t\t\t\t\t<a class=\"rollover rollover-zoom dt-pswp-item\" title=\"Unknown\" data-dt-img-description=\"\" data-large_image_width=\"1080\" data-large_image_height=\"1494\"href='https:\/\/www.radiopiu.net\/wordpress\/wp-content\/uploads\/2025\/03\/Unknown-2.jpeg'><img loading=\"lazy\" decoding=\"async\" width=\"150\" height=\"150\" src=\"https:\/\/www.radiopiu.net\/wordpress\/wp-content\/uploads\/2025\/03\/Unknown-2-150x150.jpeg\" class=\"attachment-thumbnail size-thumbnail\" alt=\"\" \/><\/a>\n\t\t\t\t<\/dt><\/dl><dl class='gallery-item'>\n\t\t\t\t<dt class='gallery-icon landscape'>\n\t\t\t\t\t<a class=\"rollover rollover-zoom dt-pswp-item\" title=\"Unknown\" data-dt-img-description=\"\" data-large_image_width=\"2048\" data-large_image_height=\"1431\"href='https:\/\/www.radiopiu.net\/wordpress\/wp-content\/uploads\/2025\/03\/Unknown-18.jpeg'><img loading=\"lazy\" decoding=\"async\" width=\"150\" height=\"150\" src=\"https:\/\/www.radiopiu.net\/wordpress\/wp-content\/uploads\/2025\/03\/Unknown-18-150x150.jpeg\" class=\"attachment-thumbnail size-thumbnail\" alt=\"\" \/><\/a>\n\t\t\t\t<\/dt><\/dl>\n\t\t\t\t<br style='clear: both' \/>\n\t\t\t<\/div>\n\n<p>&nbsp;<\/p>\n<p>&nbsp;<\/p>\n<\/div>\n<\/div>\n<\/div>\n<\/div>\n<\/div>\n<\/div>\n<\/div>\n<\/div>\n<\/div>\n<\/div>\n<\/div>\n<\/div>\n<p>&nbsp;<\/p>\n<\/div>\n<\/div>\n<\/div>\n<\/div>\n<\/div>\n<\/div>\n<\/div>\n<\/div>\n<\/div>\n<\/div>\n<\/div>\n<\/div>\n<hr \/>\n<p>&nbsp;<\/p>\n<p class=\"mceTemp\"><a class=\"dt-pswp-item\" href=\"https:\/\/www.radiopiu.net\/wordpress\/wp-content\/uploads\/2018\/09\/WhatsApp-Image-2018-09-20-at-16.04.06.jpeg\" data-dt-img-description=\"\" data-large_image_width=\"800\" data-large_image_height=\"100\"><img loading=\"lazy\" decoding=\"async\" class=\"wp-image-61378 size-full aligncenter\" src=\"https:\/\/www.radiopiu.net\/wordpress\/wp-content\/uploads\/2018\/09\/WhatsApp-Image-2018-09-20-at-16.04.06.jpeg\" alt=\"\" width=\"800\" height=\"100\" srcset=\"https:\/\/www.radiopiu.net\/wordpress\/wp-content\/uploads\/2018\/09\/WhatsApp-Image-2018-09-20-at-16.04.06.jpeg 800w, https:\/\/www.radiopiu.net\/wordpress\/wp-content\/uploads\/2018\/09\/WhatsApp-Image-2018-09-20-at-16.04.06-300x38.jpeg 300w, https:\/\/www.radiopiu.net\/wordpress\/wp-content\/uploads\/2018\/09\/WhatsApp-Image-2018-09-20-at-16.04.06-768x96.jpeg 768w\" sizes=\"auto, (max-width: 800px) 100vw, 800px\" \/><\/a><\/p>\n<p><center><\/center><center><\/center>&nbsp;<\/p>\n<p><center><b>OGGI<\/b><\/center>Nella notte residua instabilit\u00e0 con qualche fenomeno. In giornata variabilit\u00e0 con nuvolosit\u00e0 irregolare e alcune schiarite, pi\u00f9 ampie sulle Dolomiti rispetto alle Prealpi, dove al pomeriggio potr\u00e0 pi\u00f9 facilmente manifestarsi una locale e modesta instabilit\u00e0.<br \/>\n<b>Precipitazioni: <\/b>Nella notte possibili residue, probabili sulle Prealpi, specie occidentali, nevose a 1500\/1800 m, con eventualmente accumuli di pochi cm oltre i 1800\/2000 m. In giornata spesso assenti o sporadiche eventualmente nevose a 1700\/1900 m, ma senza accumuli apprezzabili, eccetto in caso di localizzati rovesci pomeridiani sulle Prealpi<br \/>\n<b>Temperature: <\/b>Minime in lieve calo nelle valli, stazionarie in quota; massime in aumento eccetto in alta quota, dove rimarranno stazionarie.<\/p>\n<hr \/>\n<p><center><b>DOMANI<\/b><\/center>Tempo inizialmente variabile, con probabili schiarite mattutine, tendente a divenire maggiormente instabile rispetto a luned\u00ec con innesco di attivit\u00e0 cumuliforme tra mezzogiorno e pomeriggio\/sera, cui potranno associarsi alcuni fenomeni di instabilit\u00e0.<br \/>\n<b>Precipitazioni: <\/b>Al mattino generalmente assenti; tra il pomeriggio e la sera possibili rovesci sparsi, pi\u00f9 presenti sulle Prealpi, eventualmente nevosi a 1700\/1900 m<br \/>\n<b>Temperature: <\/b>Senza variazioni di rilievo.<\/p>\n<hr \/>\n<p><center><b>MERCOLEDI<\/b><\/center>Dopo una mattinata piuttosto soleggiata, tra le ore centrali e il pomeriggio\/sera possibile parziale aumento della nuvolosit\u00e0, associata a qualche precipitazione, eventualmente nevosa a 1700\/1900 m. Temperature senza notevoli variazioni.<\/p>\n<hr \/>\n<p><center><b>GIOVEDI<\/b><\/center>Tempo stabile e ben soleggiato, con cielo sereno o poco nuvoloso al pomeriggio su Prealpi per modesta attivit\u00e0 cumuliforme, senza precipitazioni. Contesto termico fresco in molte valli e sugli altopiani al primo mattino, mite di giorno.<\/p>\n<p>&nbsp;<\/p>\n<hr \/>\n<p>&nbsp;<\/p>\n<p class=\"mceTemp\"><a class=\"dt-pswp-item\" href=\"https:\/\/www.radiopiu.net\/wordpress\/wp-content\/uploads\/2018\/09\/sport.jpg\" data-dt-img-description=\"\" data-large_image_width=\"800\" data-large_image_height=\"100\"><img loading=\"lazy\" decoding=\"async\" class=\"aligncenter wp-image-60761 size-full\" src=\"https:\/\/www.radiopiu.net\/wordpress\/wp-content\/uploads\/2018\/09\/sport.jpg\" alt=\"\" width=\"800\" height=\"100\" srcset=\"https:\/\/www.radiopiu.net\/wordpress\/wp-content\/uploads\/2018\/09\/sport.jpg 800w, https:\/\/www.radiopiu.net\/wordpress\/wp-content\/uploads\/2018\/09\/sport-300x38.jpg 300w, https:\/\/www.radiopiu.net\/wordpress\/wp-content\/uploads\/2018\/09\/sport-768x96.jpg 768w\" sizes=\"auto, (max-width: 800px) 100vw, 800px\" \/> <\/a><\/p>\n<p class=\"mceTemp\"><span style=\"color: #0000ff;\"><strong>\u00a0 \u00a0 \u00a0 \u00a0\u00a0<\/strong><\/span><\/p>\n<p><span style=\"color: #0000ff;\"><strong>CALCIO<\/strong><\/span><\/p>\n<blockquote>\n<h3>L&#8217;AGORDINA TORNA A VINCERE E SI AVVICINA ALLA ZONA PLAYOFF<\/h3>\n<\/blockquote>\n<p><strong><a class=\"dt-pswp-item\" href=\"https:\/\/www.radiopiu.net\/wordpress\/wp-content\/uploads\/2023\/04\/calcio-dangolo-2023.jpg\" data-dt-img-description=\"\" data-large_image_width=\"1920\" data-large_image_height=\"1270\"><img loading=\"lazy\" decoding=\"async\" class=\" wp-image-330971 alignleft\" src=\"https:\/\/www.radiopiu.net\/wordpress\/wp-content\/uploads\/2023\/04\/calcio-dangolo-2023-300x198.jpg\" alt=\"\" width=\"230\" height=\"152\" srcset=\"https:\/\/www.radiopiu.net\/wordpress\/wp-content\/uploads\/2023\/04\/calcio-dangolo-2023-300x198.jpg 300w, https:\/\/www.radiopiu.net\/wordpress\/wp-content\/uploads\/2023\/04\/calcio-dangolo-2023-1024x677.jpg 1024w, https:\/\/www.radiopiu.net\/wordpress\/wp-content\/uploads\/2023\/04\/calcio-dangolo-2023-768x508.jpg 768w, https:\/\/www.radiopiu.net\/wordpress\/wp-content\/uploads\/2023\/04\/calcio-dangolo-2023-1536x1016.jpg 1536w, https:\/\/www.radiopiu.net\/wordpress\/wp-content\/uploads\/2023\/04\/calcio-dangolo-2023.jpg 1920w\" sizes=\"auto, (max-width: 230px) 100vw, 230px\" \/><\/a>DI MARCO GAZ<\/strong><\/p>\n<p><span style=\"color: #ff0000;\"><strong>TERZA CATEGORIA<\/strong><\/span><\/p>\n<p><strong>AGORDINA \u2013 BELLUNESE 2-0<\/strong><\/p>\n<p>GOL AGORDINA: Selle, Pellegrini<\/p>\n<p>Dopo la sconfitta di 7 giorni fa, l\u2019Agordina torna a vincere tra le mura amiche dell\u2019Ivano Dorigo di Agordo e lo fa contro la Bellunese. Bella prestazione dei ragazzi di Davare che riescono a gestire al meglio la partita per tutti i 90\u2019, sprecando tante occasioni da gol. Primi minuti di gara con la compagine di Agordo che mette in difficolt\u00e0 gli avversari avvicinandosi al gol per 4 volte. Al 15\u2019 arriva il vantaggio dell\u2019Agordina. Tutto nasce da un calcio d\u2019angolo e Selle trova la deviazione vincente. Nella ripresa Dal Don spreca l\u2019occasione del raddoppio. La Bellunese si avvicina al pareggio e Casera salva il pallone sulla linea. Padroni di casa che ingranano la marcia giusta siglando il 2 a 0 con Pellegrini che in contropiede fredda l\u2019estremo difensore avversario. Tre punti importanti per l\u2019Agordina che torna a ridosso della zona playoff.<\/p>\n<p><strong>LA CLASSIFICA:<\/strong> Alpes Cesio e Fortogna 42, Auronzo 41, Fulgor Farra 38, Lamonese 36, Agordina 33, Tambre 31, Piave e Dynamo Vellai 30, Valzoldana 25, Cortina 15, Bellunese 9, Cadore 6, Valboite 1<\/p>\n<p><span style=\"color: #008000;\"><strong>GIOVANILI AGORDINA<\/strong><\/span><\/p>\n<p><span style=\"color: #ff0000;\"><strong>JUNIORES<\/strong><\/span><\/p>\n<p><strong>JUVENTINA \u2013 AGORDINA 4-0<\/strong><\/p>\n<p>La Juventina non lascia scampo all&#8217;Agordina e chiude il match gi\u00e0 nel primo tempo con un netto 4-0. I padroni di casa, forti del primato in classifica, sfruttano al meglio le numerose assenze degli avversari e impongono il loro gioco sin dai primi minuti. L&#8217;Agordina, arrivata con una rosa ridotta, fatica a contenere la pressione e subisce gol a ripetizione senza riuscire a reagire. Con questa vittoria, la Juventina consolida il suo primo posto, confermandosi la squadra da battere in questo campionato.<\/p>\n<p><span style=\"color: #ff0000;\"><strong>ALLIEVI<\/strong><\/span><\/p>\n<p><strong>AGORDINA \u2013 LONGARONE\/ALPINA 13-1<\/strong><\/p>\n<p>Goleada in quel del Ivano Dorigo. In ragazzi di Agordo stravincono contro il Longarone Alpina con un parziale di 13 a 1. Il primo tempo si conclude sul\u00a0 3 a 1, con doppietta di Soccol e un autogol e per gli ospiti il goal di De Bona. Nel secondo tempo l\u2019Agordina cambia marcia e rifila 10 goal all\u2019avversario.<\/p>\n<p><span style=\"color: #ff0000;\"><strong>GIOVANISSIMI<\/strong><\/span><\/p>\n<p><span style=\"color: #ff0000;\"><strong>GIRONE A<\/strong><\/span><\/p>\n<p><strong>LG VALBELLUNA \u2013 AGORDINA 0-2<\/strong><\/p>\n<p>Grande vittoria per i Giovanissimi, che espugnano il campo della capolista LG Valbelluna conquistando tre punti preziosi. Il successo consolida il secondo posto e dimostra la maturit\u00e0 della squadra, capace di gestire una gara difficile con concentrazione e buon gioco. La capolista ha creato un\u2019unica occasione pericolosa, neutralizzata da Alan Manfroi. Il vantaggio arriva al 23\u2019 del primo tempo con Giacomo Rudatis, che supera il portiere con un gran tiro dal limite. La partita resta combattuta, ma le migliori occasioni sono degli ospiti. Il raddoppio lo firma Noah Fusina su assist di Rudatis dopo un\u2019azione spettacolare. Nel finale, solo il palo nega il tris a Derek Dell\u2019Osbel.<\/p>\n<p><span style=\"color: #ff0000;\"><strong>GIRONE B<\/strong><\/span><\/p>\n<p><strong>AGORDINA SQ. B \u2013 PONTE NELLE ALPI 0-4<\/strong><\/p>\n<p>Partita pi\u00f9 equilibrata di quanto non suggerisca il punteggio finale. L\u2019Agordina ha tenuto testa agli ospiti per gran parte del primo tempo, andando al riposo con un solo gol di svantaggio. Nella ripresa, per\u00f2, la squadra ospite ha segnato rapidamente due gol che hanno deciso la partita, mettendo ko i ragazzi dell\u2019Agordina. Il quarto gol ha chiuso definitivamente la gara. Peccato, perch\u00e9 la squadra di casa ha pagato alcune disattenzioni difensive e ha mancato l&#8217;opportunit\u00e0 di riaprire la partita, con una traversa e un errore su rigore che hanno impedito una rimonta.<\/p>\n<p>&nbsp;<\/p>\n<blockquote>\n<h3><a class=\"dt-pswp-item\" href=\"https:\/\/www.radiopiu.net\/wordpress\/wp-content\/uploads\/2020\/10\/fiori-barp.png\" data-dt-img-description=\"\" data-large_image_width=\"334\" data-large_image_height=\"475\"><img loading=\"lazy\" decoding=\"async\" class=\" wp-image-164208 alignleft\" src=\"https:\/\/www.radiopiu.net\/wordpress\/wp-content\/uploads\/2020\/10\/fiori-barp-211x300.png\" alt=\"\" width=\"97\" height=\"138\" srcset=\"https:\/\/www.radiopiu.net\/wordpress\/wp-content\/uploads\/2020\/10\/fiori-barp-211x300.png 211w, https:\/\/www.radiopiu.net\/wordpress\/wp-content\/uploads\/2020\/10\/fiori-barp.png 334w\" sizes=\"auto, (max-width: 97px) 100vw, 97px\" \/><\/a>IL PUBBLICO TREVIGIANO NON ECCELLE DI EDUCAZIONE AL MAS DI SEDICO<\/h3>\n<\/blockquote>\n<p><strong>DI ROBERTO BONA<\/strong><\/p>\n<audio class=\"wp-audio-shortcode\" id=\"audio-440951-9\" preload=\"none\" style=\"width: 100%;\" controls=\"controls\"><source type=\"audio\/mpeg\" src=\"https:\/\/www.radiopiu.net\/wordpress\/wp-content\/uploads\/2025\/03\/gr-24-sport-fiori-barp-bona.mp3?_=9\" \/><a href=\"https:\/\/www.radiopiu.net\/wordpress\/wp-content\/uploads\/2025\/03\/gr-24-sport-fiori-barp-bona.mp3\">https:\/\/www.radiopiu.net\/wordpress\/wp-content\/uploads\/2025\/03\/gr-24-sport-fiori-barp-bona.mp3<\/a><\/audio>\n<p>&nbsp;<\/p>\n<p><span style=\"color: #0000ff;\"><strong>HOCKEY SU GHIACCIO\u00a0<\/strong><\/span><\/p>\n<p>&nbsp;<\/p>\n<div class=\"page-title-head hgroup\">\n<blockquote>\n<h3 class=\"entry-title\">ZOLDO LOTTA, MA IL SOGNO SCUDETTO SI SPEZZA<\/h3>\n<\/blockquote>\n<\/div>\n<div class=\"page-title-breadcrumbs\">\n<p><strong class=\"photoswipe-wrapper\"><a class=\"dt-pswp-item pspw-wrap-ready\" href=\"https:\/\/www.radiopiu.net\/wordpress\/wp-content\/uploads\/2025\/03\/486211846_122239153736046805_8683673561198625880_n.jpg\" data-dt-img-description=\"\" data-large_image_width=\"600\" data-large_image_height=\"600\"><img loading=\"lazy\" decoding=\"async\" class=\"wp-image-441208 alignleft\" src=\"https:\/\/www.radiopiu.net\/wordpress\/wp-content\/uploads\/2025\/03\/486211846_122239153736046805_8683673561198625880_n-300x300.jpg\" sizes=\"auto, (max-width: 162px) 100vw, 162px\" srcset=\"https:\/\/www.radiopiu.net\/wordpress\/wp-content\/uploads\/2025\/03\/486211846_122239153736046805_8683673561198625880_n-300x300.jpg 300w, https:\/\/www.radiopiu.net\/wordpress\/wp-content\/uploads\/2025\/03\/486211846_122239153736046805_8683673561198625880_n-150x150.jpg 150w, https:\/\/www.radiopiu.net\/wordpress\/wp-content\/uploads\/2025\/03\/486211846_122239153736046805_8683673561198625880_n.jpg 600w\" alt=\"\" width=\"162\" height=\"162\" \/><\/a>EAGLES BOLZANO ZOLDO\u00a0 3-0<\/strong><\/p>\n<div class=\"flex max-w-full flex-col flex-grow\">\n<div class=\"min-h-8 text-message relative flex w-full flex-col items-end gap-2 whitespace-normal break-words text-start [.text-message+&amp;]:mt-5\" dir=\"auto\" data-message-author-role=\"assistant\" data-message-id=\"97057cc5-18a0-4478-8125-9b7a5411788d\" data-message-model-slug=\"gpt-4o\">\n<div class=\"flex w-full flex-col gap-1 empty:hidden first:pt-[3px]\">\n<div class=\"markdown prose w-full break-words dark:prose-invert dark\">\n<p class=\"\" data-start=\"51\" data-end=\"644\">Le Eagles Bolzano si confermano campionesse d\u2019Italia battendo lo Zoldo in gara 3 della finale con un netto 6-0. Le ragazze di coach Dall\u2019Acqua hanno resistito nel primo periodo, difendendosi con ordine, ma senza riuscire a impensierire le avversarie. Il gol di Bedant al 7\u201927\u2019\u2019 ha spezzato l\u2019equilibrio, seguito da quello di Todes al 17\u201918\u2019\u2019. Nel secondo periodo le bolzanine hanno dilagato, chiudendo la partita con un tris di reti firmato Kanepele. Per lo Zoldo resta l\u2019orgoglio di aver sfiorato un traguardo storico e la consapevolezza di poter ripartire da questa esperienza per il futuro<\/p>\n<\/div>\n<\/div>\n<\/div>\n<\/div>\n<\/div>\n<p>&nbsp;<\/p>\n<hr \/>\n<p>&nbsp;<\/p>\n<blockquote>\n<h3>IL CORTINA\/DOBBIACO UNDER 16 VINCE GARA 1 DELLA FINALE CAMPIONATO<\/h3>\n<\/blockquote>\n<p><span style=\"color: #ff0000;\"><strong><a class=\"dt-pswp-item\" href=\"https:\/\/www.radiopiu.net\/wordpress\/wp-content\/uploads\/2025\/03\/Unknown-17.jpeg\" data-dt-img-description=\"\" data-large_image_width=\"1600\" data-large_image_height=\"1200\"><img loading=\"lazy\" decoding=\"async\" class=\" wp-image-441038 alignleft\" src=\"https:\/\/www.radiopiu.net\/wordpress\/wp-content\/uploads\/2025\/03\/Unknown-17-300x225.jpeg\" alt=\"\" width=\"191\" height=\"143\" srcset=\"https:\/\/www.radiopiu.net\/wordpress\/wp-content\/uploads\/2025\/03\/Unknown-17-300x225.jpeg 300w, https:\/\/www.radiopiu.net\/wordpress\/wp-content\/uploads\/2025\/03\/Unknown-17-1024x768.jpeg 1024w, https:\/\/www.radiopiu.net\/wordpress\/wp-content\/uploads\/2025\/03\/Unknown-17-768x576.jpeg 768w, https:\/\/www.radiopiu.net\/wordpress\/wp-content\/uploads\/2025\/03\/Unknown-17-1536x1152.jpeg 1536w, https:\/\/www.radiopiu.net\/wordpress\/wp-content\/uploads\/2025\/03\/Unknown-17.jpeg 1600w\" sizes=\"auto, (max-width: 191px) 100vw, 191px\" \/><\/a>FINALE UNDER 16<\/strong><\/span><\/p>\n<p><strong>CORTINA\/DOBBIACO &#8211; ASIAGO 3-2<\/strong><\/p>\n<p>GOL CORTINA\/DOBBIACO: 2 Alver\u00e0, Fontanive<\/p>\n<p>Il Cortina\/Dobbiaco si aggiudica gara 1 della finale scudetto under 16 superando di misura l&#8217;Asiago a 2&#8242; dalla fine. All&#8217;Olimpico di Cortina la squadra mista ha giocato bene con l&#8217;unica pecca di aver concesso troppo agli avversari a met\u00e0 terzo tempo. Primo tempo a reti inviolate e secondo tempo che termina con gli scoiattoli in vantaggio grazi ad Alver\u00e0. Nella terza frazione Alver\u00e0 incrementa ma l&#8217;Asiago risponde con due reti nel giro di 30 secondi. Nel finale l&#8217;alleghese Fontanive mette la firma sul gol della vittoria. Marted\u00ec alle 17:30 di nuovo in campo per gara 2 che si giocher\u00e0 in terra vicentina.<\/p>\n<p>&nbsp;<\/p>\n<blockquote>\n<h3>IL MERANO SI AGGIUDICA L&#8217;ALLEGHE HOCKEY TOURNAMENT NEVER GIVE UP<\/h3>\n<\/blockquote>\n<p><strong>DI MARCO GAZ<\/strong><\/p>\n<p><strong>ALLEGHE<\/strong> \u00c8 andata in scena allo stadio Alvise De Toni di Alleghe la quarta edizione del torneo under 11 Alleghe Hockey Tournament Never Give Up. Sette le squadre che si sono date battaglia tra sabato e domenica. Una due giorni di divertimento per i giovani provenienti dal triveneto. A vincere gli altoatesini del Merano che hanno battuto l&#8217;Asiago per 7 a 1.<\/p>\n<p><strong>LA CLASSIFICA FINALE:<\/strong> 1. Merano, 2. Asiago, 3. Alta Badia, 4. Alleghe, 5. Leifers Bears, 6. Feltreghiaccio, 7. Cortina.<\/p>\n<p><strong>PREMI SPECIALI<\/strong> Coppa Disciplina: Feltreghiaccio. Giocatore pi\u00f9 giovane: Sean Sgambelluri (Leifers Bears). Miglior Portiere: Moritz Niderkofler (Merano). Miglior giocatore del torneo: Nilak Faranna (Merano)<\/p>\n\n\t\t\t<style type='text\/css'>\n\t\t\t\t#gallery-5 {\n\t\t\t\t\tmargin: auto;\n\t\t\t\t}\n\t\t\t\t#gallery-5 .gallery-item {\n\t\t\t\t\tfloat: left;\n\t\t\t\t\tmargin-top: 10px;\n\t\t\t\t\ttext-align: center;\n\t\t\t\t\twidth: 20%;\n\t\t\t\t}\n\t\t\t\t#gallery-5 img {\n\t\t\t\t\tborder: 2px solid #cfcfcf;\n\t\t\t\t}\n\t\t\t\t#gallery-5 .gallery-caption {\n\t\t\t\t\tmargin-left: 0;\n\t\t\t\t}\n\t\t\t\t\/* see gallery_shortcode() in wp-includes\/media.php *\/\n\t\t\t<\/style>\n\t\t<div id='gallery-5' class='dt-gallery-container gallery galleryid-440951 gallery-columns-5 gallery-size-thumbnail'><dl class='gallery-item'>\n\t\t\t\t<dt class='gallery-icon landscape'>\n\t\t\t\t\t<a class=\"rollover rollover-zoom dt-pswp-item\" title=\"c3c8ea6f-3976-4273-8d44-50ede4223937\" data-dt-img-description=\"\" data-large_image_width=\"2560\" data-large_image_height=\"1920\"href='https:\/\/www.radiopiu.net\/wordpress\/wp-content\/uploads\/2025\/03\/c3c8ea6f-3976-4273-8d44-50ede4223937-scaled.jpg'><img loading=\"lazy\" decoding=\"async\" width=\"150\" height=\"150\" src=\"https:\/\/www.radiopiu.net\/wordpress\/wp-content\/uploads\/2025\/03\/c3c8ea6f-3976-4273-8d44-50ede4223937-150x150.jpg\" class=\"attachment-thumbnail size-thumbnail\" alt=\"\" \/><\/a>\n\t\t\t\t<\/dt><\/dl><dl class='gallery-item'>\n\t\t\t\t<dt class='gallery-icon landscape'>\n\t\t\t\t\t<a class=\"rollover rollover-zoom dt-pswp-item\" title=\"9e43f248-ff35-4e1b-aa49-f667236f2200\" data-dt-img-description=\"\" data-large_image_width=\"2560\" data-large_image_height=\"1920\"href='https:\/\/www.radiopiu.net\/wordpress\/wp-content\/uploads\/2025\/03\/9e43f248-ff35-4e1b-aa49-f667236f2200-scaled.jpg'><img loading=\"lazy\" decoding=\"async\" width=\"150\" height=\"150\" src=\"https:\/\/www.radiopiu.net\/wordpress\/wp-content\/uploads\/2025\/03\/9e43f248-ff35-4e1b-aa49-f667236f2200-150x150.jpg\" class=\"attachment-thumbnail size-thumbnail\" alt=\"\" \/><\/a>\n\t\t\t\t<\/dt><\/dl><dl class='gallery-item'>\n\t\t\t\t<dt class='gallery-icon landscape'>\n\t\t\t\t\t<a class=\"rollover rollover-zoom dt-pswp-item\" title=\"99f9a13a-f9bf-4e65-a6e4-c69fdac73e98\" data-dt-img-description=\"\" data-large_image_width=\"2560\" data-large_image_height=\"1920\"href='https:\/\/www.radiopiu.net\/wordpress\/wp-content\/uploads\/2025\/03\/99f9a13a-f9bf-4e65-a6e4-c69fdac73e98-scaled.jpg'><img loading=\"lazy\" decoding=\"async\" width=\"150\" height=\"150\" src=\"https:\/\/www.radiopiu.net\/wordpress\/wp-content\/uploads\/2025\/03\/99f9a13a-f9bf-4e65-a6e4-c69fdac73e98-150x150.jpg\" class=\"attachment-thumbnail size-thumbnail\" alt=\"\" \/><\/a>\n\t\t\t\t<\/dt><\/dl><dl class='gallery-item'>\n\t\t\t\t<dt class='gallery-icon landscape'>\n\t\t\t\t\t<a class=\"rollover rollover-zoom dt-pswp-item\" title=\"762b0d93-cde8-4341-91d6-8174856e754e\" data-dt-img-description=\"\" data-large_image_width=\"2560\" data-large_image_height=\"1920\"href='https:\/\/www.radiopiu.net\/wordpress\/wp-content\/uploads\/2025\/03\/762b0d93-cde8-4341-91d6-8174856e754e-scaled.jpg'><img loading=\"lazy\" decoding=\"async\" width=\"150\" height=\"150\" src=\"https:\/\/www.radiopiu.net\/wordpress\/wp-content\/uploads\/2025\/03\/762b0d93-cde8-4341-91d6-8174856e754e-150x150.jpg\" class=\"attachment-thumbnail size-thumbnail\" alt=\"\" \/><\/a>\n\t\t\t\t<\/dt><\/dl><dl class='gallery-item'>\n\t\t\t\t<dt class='gallery-icon landscape'>\n\t\t\t\t\t<a class=\"rollover rollover-zoom dt-pswp-item\" title=\"0f7d950e-e50c-4cad-a51f-1ac002bf924e\" data-dt-img-description=\"\" data-large_image_width=\"2560\" data-large_image_height=\"1920\"href='https:\/\/www.radiopiu.net\/wordpress\/wp-content\/uploads\/2025\/03\/0f7d950e-e50c-4cad-a51f-1ac002bf924e-scaled.jpg'><img loading=\"lazy\" decoding=\"async\" width=\"150\" height=\"150\" src=\"https:\/\/www.radiopiu.net\/wordpress\/wp-content\/uploads\/2025\/03\/0f7d950e-e50c-4cad-a51f-1ac002bf924e-150x150.jpg\" class=\"attachment-thumbnail size-thumbnail\" alt=\"\" \/><\/a>\n\t\t\t\t<\/dt><\/dl><br style=\"clear: both\" \/>\n\t\t\t<\/div>\n\n<p><strong>FOTO DI ANNALISA DAL MAS<\/strong><\/p>\n\n\t\t\t<style type='text\/css'>\n\t\t\t\t#gallery-6 {\n\t\t\t\t\tmargin: auto;\n\t\t\t\t}\n\t\t\t\t#gallery-6 .gallery-item {\n\t\t\t\t\tfloat: left;\n\t\t\t\t\tmargin-top: 10px;\n\t\t\t\t\ttext-align: center;\n\t\t\t\t\twidth: 33%;\n\t\t\t\t}\n\t\t\t\t#gallery-6 img {\n\t\t\t\t\tborder: 2px solid #cfcfcf;\n\t\t\t\t}\n\t\t\t\t#gallery-6 .gallery-caption {\n\t\t\t\t\tmargin-left: 0;\n\t\t\t\t}\n\t\t\t\t\/* see gallery_shortcode() in wp-includes\/media.php *\/\n\t\t\t<\/style>\n\t\t<div id='gallery-6' class='dt-gallery-container gallery galleryid-440951 gallery-columns-3 gallery-size-medium'><dl class='gallery-item'>\n\t\t\t\t<dt class='gallery-icon landscape'>\n\t\t\t\t\t<a class=\"rollover rollover-zoom dt-pswp-item\" title=\"797ac697-7b6d-4ed1-82c4-2285a9e8fbe0\" data-dt-img-description=\"\" data-large_image_width=\"1600\" data-large_image_height=\"1064\"href='https:\/\/www.radiopiu.net\/wordpress\/wp-content\/uploads\/2025\/03\/797ac697-7b6d-4ed1-82c4-2285a9e8fbe0.jpg'><img loading=\"lazy\" decoding=\"async\" width=\"300\" height=\"200\" src=\"https:\/\/www.radiopiu.net\/wordpress\/wp-content\/uploads\/2025\/03\/797ac697-7b6d-4ed1-82c4-2285a9e8fbe0-300x200.jpg\" class=\"attachment-medium size-medium\" alt=\"\" aria-describedby=\"gallery-6-441116\" srcset=\"https:\/\/www.radiopiu.net\/wordpress\/wp-content\/uploads\/2025\/03\/797ac697-7b6d-4ed1-82c4-2285a9e8fbe0-300x200.jpg 300w, https:\/\/www.radiopiu.net\/wordpress\/wp-content\/uploads\/2025\/03\/797ac697-7b6d-4ed1-82c4-2285a9e8fbe0-1024x681.jpg 1024w, https:\/\/www.radiopiu.net\/wordpress\/wp-content\/uploads\/2025\/03\/797ac697-7b6d-4ed1-82c4-2285a9e8fbe0-768x511.jpg 768w, https:\/\/www.radiopiu.net\/wordpress\/wp-content\/uploads\/2025\/03\/797ac697-7b6d-4ed1-82c4-2285a9e8fbe0-1536x1021.jpg 1536w, https:\/\/www.radiopiu.net\/wordpress\/wp-content\/uploads\/2025\/03\/797ac697-7b6d-4ed1-82c4-2285a9e8fbe0.jpg 1600w\" sizes=\"auto, (max-width: 300px) 100vw, 300px\" \/><\/a>\n\t\t\t\t<\/dt>\n\t\t\t\t\t<dd class='wp-caption-text gallery-caption' id='gallery-6-441116'>\n\t\t\t\t\tMERANO\n\t\t\t\t\t<\/dd><\/dl><dl class='gallery-item'>\n\t\t\t\t<dt class='gallery-icon landscape'>\n\t\t\t\t\t<a class=\"rollover rollover-zoom dt-pswp-item\" title=\"951eff0b-b28b-4961-b228-76b120cc8d58\" data-dt-img-description=\"\" data-large_image_width=\"1600\" data-large_image_height=\"1064\"href='https:\/\/www.radiopiu.net\/wordpress\/wp-content\/uploads\/2025\/03\/951eff0b-b28b-4961-b228-76b120cc8d58.jpg'><img loading=\"lazy\" decoding=\"async\" width=\"300\" height=\"200\" src=\"https:\/\/www.radiopiu.net\/wordpress\/wp-content\/uploads\/2025\/03\/951eff0b-b28b-4961-b228-76b120cc8d58-300x200.jpg\" class=\"attachment-medium size-medium\" alt=\"\" aria-describedby=\"gallery-6-441117\" srcset=\"https:\/\/www.radiopiu.net\/wordpress\/wp-content\/uploads\/2025\/03\/951eff0b-b28b-4961-b228-76b120cc8d58-300x200.jpg 300w, https:\/\/www.radiopiu.net\/wordpress\/wp-content\/uploads\/2025\/03\/951eff0b-b28b-4961-b228-76b120cc8d58-1024x681.jpg 1024w, https:\/\/www.radiopiu.net\/wordpress\/wp-content\/uploads\/2025\/03\/951eff0b-b28b-4961-b228-76b120cc8d58-768x511.jpg 768w, https:\/\/www.radiopiu.net\/wordpress\/wp-content\/uploads\/2025\/03\/951eff0b-b28b-4961-b228-76b120cc8d58-1536x1021.jpg 1536w, https:\/\/www.radiopiu.net\/wordpress\/wp-content\/uploads\/2025\/03\/951eff0b-b28b-4961-b228-76b120cc8d58.jpg 1600w\" sizes=\"auto, (max-width: 300px) 100vw, 300px\" \/><\/a>\n\t\t\t\t<\/dt>\n\t\t\t\t\t<dd class='wp-caption-text gallery-caption' id='gallery-6-441117'>\n\t\t\t\t\tALLEGHE\n\t\t\t\t\t<\/dd><\/dl><dl class='gallery-item'>\n\t\t\t\t<dt class='gallery-icon landscape'>\n\t\t\t\t\t<a class=\"rollover rollover-zoom dt-pswp-item\" title=\"d2d8d45f-b9d8-4464-9e20-ad6f9b6badab\" data-dt-img-description=\"\" data-large_image_width=\"1600\" data-large_image_height=\"1064\"href='https:\/\/www.radiopiu.net\/wordpress\/wp-content\/uploads\/2025\/03\/d2d8d45f-b9d8-4464-9e20-ad6f9b6badab.jpg'><img loading=\"lazy\" decoding=\"async\" width=\"300\" height=\"200\" src=\"https:\/\/www.radiopiu.net\/wordpress\/wp-content\/uploads\/2025\/03\/d2d8d45f-b9d8-4464-9e20-ad6f9b6badab-300x200.jpg\" class=\"attachment-medium size-medium\" alt=\"\" aria-describedby=\"gallery-6-441118\" srcset=\"https:\/\/www.radiopiu.net\/wordpress\/wp-content\/uploads\/2025\/03\/d2d8d45f-b9d8-4464-9e20-ad6f9b6badab-300x200.jpg 300w, https:\/\/www.radiopiu.net\/wordpress\/wp-content\/uploads\/2025\/03\/d2d8d45f-b9d8-4464-9e20-ad6f9b6badab-1024x681.jpg 1024w, https:\/\/www.radiopiu.net\/wordpress\/wp-content\/uploads\/2025\/03\/d2d8d45f-b9d8-4464-9e20-ad6f9b6badab-768x511.jpg 768w, https:\/\/www.radiopiu.net\/wordpress\/wp-content\/uploads\/2025\/03\/d2d8d45f-b9d8-4464-9e20-ad6f9b6badab-1536x1021.jpg 1536w, https:\/\/www.radiopiu.net\/wordpress\/wp-content\/uploads\/2025\/03\/d2d8d45f-b9d8-4464-9e20-ad6f9b6badab.jpg 1600w\" sizes=\"auto, (max-width: 300px) 100vw, 300px\" \/><\/a>\n\t\t\t\t<\/dt>\n\t\t\t\t\t<dd class='wp-caption-text gallery-caption' id='gallery-6-441118'>\n\t\t\t\t\tVINCITRICE LANCIO DEL DISCO\n\t\t\t\t\t<\/dd><\/dl><br style=\"clear: both\" \/>\n\t\t\t<\/div>\n\n<p>&nbsp;<\/p>\n<p>&nbsp;<\/p>\n<blockquote>\n<h3>IL CANALE ATTERRA I RED MUSS. ORA LE FINALI A PIEVE DI CADORE<\/h3>\n<\/blockquote>\n<p><strong><a class=\"dt-pswp-item\" href=\"https:\/\/www.radiopiu.net\/wordpress\/wp-content\/uploads\/2024\/10\/hockey-2024.png\" data-dt-img-description=\"\" data-large_image_width=\"491\" data-large_image_height=\"289\"><img loading=\"lazy\" decoding=\"async\" class=\" wp-image-415048 alignleft\" src=\"https:\/\/www.radiopiu.net\/wordpress\/wp-content\/uploads\/2024\/10\/hockey-2024-300x177.png\" alt=\"\" width=\"207\" height=\"122\" srcset=\"https:\/\/www.radiopiu.net\/wordpress\/wp-content\/uploads\/2024\/10\/hockey-2024-300x177.png 300w, https:\/\/www.radiopiu.net\/wordpress\/wp-content\/uploads\/2024\/10\/hockey-2024.png 491w\" sizes=\"auto, (max-width: 207px) 100vw, 207px\" \/><\/a>HC CANALE &#8211; RED MUSS 11-3<\/strong><\/p>\n<p>Ultima partita di regular season senza particolari implicazioni per la classifica, ma il Canale non fa sconti e travolge la matricola Red Muss con un netto 11-3. La gara si mette subito in discesa per i padroni di casa, che trovano il gol con facilit\u00e0. Sugli scudi Emil Tancon, Michele Rossi, Nicolas Favero e Thomas Soppelsa, tutti autori di una doppietta. A completare il tabellino ci pensano De Bernardo, Moretti e Delazer. Nel finale, complice un calo di concentrazione, il Canale concede tre reti agli avversari, con Pasuch (doppietta) e Pontil che rendono meno pesante il passivo per la Red Muss. Ora l\u2019attenzione \u00e8 tutta rivolta alle finali, in programma sabato 29 marzo alla Galvalux Arena di Pieve di Cadore. Il Canale giocher\u00e0 la finalissima del torneo alle 20:15 contro i padroni di casa dei Fossili Pieve.<\/p>\n<p>&nbsp;<\/p>\n<p><span style=\"color: #0000ff;\"><strong>PALLAVOLO<\/strong><\/span><\/p>\n<blockquote>\n<h3>I RINOCERONTI ACCEDONO ALLE SEMIFINALI<\/h3>\n<\/blockquote>\n<p><b><a class=\"dt-pswp-item\" href=\"https:\/\/www.radiopiu.net\/wordpress\/wp-content\/uploads\/2025\/03\/Unknown-20.jpeg\" data-dt-img-description=\"\" data-large_image_width=\"1599\" data-large_image_height=\"1066\"><img loading=\"lazy\" decoding=\"async\" class=\" wp-image-441071 alignleft\" src=\"https:\/\/www.radiopiu.net\/wordpress\/wp-content\/uploads\/2025\/03\/Unknown-20-300x200.jpeg\" alt=\"\" width=\"170\" height=\"113\" srcset=\"https:\/\/www.radiopiu.net\/wordpress\/wp-content\/uploads\/2025\/03\/Unknown-20-300x200.jpeg 300w, https:\/\/www.radiopiu.net\/wordpress\/wp-content\/uploads\/2025\/03\/Unknown-20-1024x683.jpeg 1024w, https:\/\/www.radiopiu.net\/wordpress\/wp-content\/uploads\/2025\/03\/Unknown-20-768x512.jpeg 768w, https:\/\/www.radiopiu.net\/wordpress\/wp-content\/uploads\/2025\/03\/Unknown-20-1536x1024.jpeg 1536w, https:\/\/www.radiopiu.net\/wordpress\/wp-content\/uploads\/2025\/03\/Unknown-20.jpeg 1599w\" sizes=\"auto, (max-width: 170px) 100vw, 170px\" \/><\/a>MONGE GERBAUDO SAVIGLIANO-BELLUNO VOLLEY 1-3 (<\/b><strong>25-18, 16-25, 13-25, 16-25)<\/strong><\/p>\n<p>Il Belluno Volley supera il Monge Gerbaudo Savigliano e accede alla semifinale playoff di Serie A3 Credem Banca, dopo aver vinto anche gara 2 in trasferta. La prossima avversaria sar\u00e0 la vincente tra JV Gioia del Colle e Sieco Service Ortona. Dopo una partenza incerta, i bellunesi dominano dal secondo set grazie a un muro solido e alle prestazioni di Mian (12 punti) e Berger (17 punti, 3 ace). Ferrato si distingue come regista e marcatore, firmando 11 punti e 5 muri. Dopo il primo set vinto dai piemontesi, Belluno prende il controllo, imponendosi nettamente nei successivi tre parziali. Il muro diventa decisivo, con Berger, Mozzato e Basso protagonisti. Un break di 6-0 nel quarto set chiude la partita. Coach Marzola si dice soddisfatto, pur riconoscendo le difficolt\u00e0 iniziali, e guarda gi\u00e0 alla semifinale del 6 aprile.<\/p>\n<p>&nbsp;<\/p>\n<blockquote>\n<h3><a class=\"dt-pswp-item\" href=\"https:\/\/www.radiopiu.net\/wordpress\/wp-content\/uploads\/2025\/03\/Maschio_e_Fiabane_a_muro.jpg\" data-dt-img-description=\"\" data-large_image_width=\"1157\" data-large_image_height=\"1446\"><img loading=\"lazy\" decoding=\"async\" class=\" wp-image-441072 alignleft\" src=\"https:\/\/www.radiopiu.net\/wordpress\/wp-content\/uploads\/2025\/03\/Maschio_e_Fiabane_a_muro-240x300.jpg\" alt=\"\" width=\"164\" height=\"205\" srcset=\"https:\/\/www.radiopiu.net\/wordpress\/wp-content\/uploads\/2025\/03\/Maschio_e_Fiabane_a_muro-240x300.jpg 240w, https:\/\/www.radiopiu.net\/wordpress\/wp-content\/uploads\/2025\/03\/Maschio_e_Fiabane_a_muro-819x1024.jpg 819w, https:\/\/www.radiopiu.net\/wordpress\/wp-content\/uploads\/2025\/03\/Maschio_e_Fiabane_a_muro-768x960.jpg 768w, https:\/\/www.radiopiu.net\/wordpress\/wp-content\/uploads\/2025\/03\/Maschio_e_Fiabane_a_muro.jpg 1157w\" sizes=\"auto, (max-width: 164px) 100vw, 164px\" \/><\/a>SB VOLLEY SCONFITTA DAL VITTORIO VENETO<\/h3>\n<\/blockquote>\n<p><b>SB VOLLEY-AURORA VITTORIO VENETO 1-3 <\/b><strong>(19-25, 25-27, 25-21, 19-25)<\/strong><\/p>\n<p>L\u2019Aurora Vittorio Veneto si conferma tra le squadre pi\u00f9 in forma della Serie C femminile, battendo anche la SB Volley dopo aver superato la Pallavolo Locara. La sconfitta, la terza nelle ultime cinque gare per la SB, complica la corsa ai playoff. Nonostante un buon avvio e un vantaggio nel secondo set, le padrone di casa subiscono la rimonta dell\u2019Aurora, che vince ai vantaggi (25-27). La SB reagisce nel terzo parziale, ma nel quarto set, dopo un buon inizio (11-6), subisce nuovamente la rimonta avversaria. Coach Salvadego ammette il rammarico per l\u2019occasione persa, sottolineando la necessit\u00e0 di una maggiore tenuta mentale e di una preparazione pi\u00f9 efficace in allenamento.<\/p>\n<p>&nbsp;<\/p>\n<p>&nbsp;<\/p>\n<blockquote class=\"wp-embedded-content\" data-secret=\"rcxvXRHlTx\"><p><a href=\"https:\/\/www.radiopiu.net\/wordpress\/elbalfior_seconda\/\">&#8220;EL BAL DEL FIOR&#8221;, DI GIULIANA DA RONCH SECONDA STAGIONE<\/a><\/p><\/blockquote>\n<p><iframe loading=\"lazy\" class=\"wp-embedded-content\" sandbox=\"allow-scripts\" security=\"restricted\" style=\"position: absolute; visibility: hidden;\" title=\"&#8220;&#8220;EL BAL DEL FIOR&#8221;, DI GIULIANA DA RONCH SECONDA STAGIONE&#8221; &#8212; Radio Pi\u00f9\" src=\"https:\/\/www.radiopiu.net\/wordpress\/elbalfior_seconda\/embed\/#?secret=fHiSp0zfYI#?secret=rcxvXRHlTx\" data-secret=\"rcxvXRHlTx\" width=\"600\" height=\"338\" frameborder=\"0\" marginwidth=\"0\" marginheight=\"0\" scrolling=\"no\"><\/iframe><\/p>\n<blockquote class=\"wp-embedded-content\" data-secret=\"apkagCELHg\"><p><a href=\"https:\/\/www.radiopiu.net\/wordpress\/almanac1\/\">RACCOLTA ANNO 2024 N di parom &#8211; L Almanach de la nosta jent<\/a><\/p><\/blockquote>\n<p><iframe loading=\"lazy\" class=\"wp-embedded-content\" sandbox=\"allow-scripts\" security=\"restricted\" style=\"position: absolute; visibility: hidden;\" title=\"&#8220;RACCOLTA ANNO 2024 N di parom &#8211; L Almanach de la nosta jent&#8221; &#8212; Radio Pi\u00f9\" src=\"https:\/\/www.radiopiu.net\/wordpress\/almanac1\/embed\/#?secret=HeUZx1nFBv#?secret=apkagCELHg\" data-secret=\"apkagCELHg\" width=\"600\" height=\"338\" frameborder=\"0\" marginwidth=\"0\" marginheight=\"0\" scrolling=\"no\"><\/iframe><\/p>\n<blockquote class=\"wp-embedded-content\" data-secret=\"Dz5DvSQGbr\"><p><a href=\"https:\/\/www.radiopiu.net\/wordpress\/raccolta-anno-2024-pirole-de-lenga-dalla-puntata-1-alla-250\/\">RACCOLTA ANNO 2024-25 PIROLE DE LENGA&#8230;DALLA PUNTATA 1<\/a><\/p><\/blockquote>\n<p><iframe loading=\"lazy\" class=\"wp-embedded-content\" sandbox=\"allow-scripts\" security=\"restricted\" style=\"position: absolute; visibility: hidden;\" title=\"&#8220;RACCOLTA ANNO 2024-25 PIROLE DE LENGA&#8230;DALLA PUNTATA 1&#8221; &#8212; Radio Pi\u00f9\" src=\"https:\/\/www.radiopiu.net\/wordpress\/raccolta-anno-2024-pirole-de-lenga-dalla-puntata-1-alla-250\/embed\/#?secret=jQK8vjwZdA#?secret=Dz5DvSQGbr\" data-secret=\"Dz5DvSQGbr\" width=\"600\" height=\"338\" frameborder=\"0\" marginwidth=\"0\" marginheight=\"0\" scrolling=\"no\"><\/iframe><\/p>\n<blockquote class=\"wp-embedded-content\" data-secret=\"lQ6PDO2vQV\"><p><a href=\"https:\/\/www.radiopiu.net\/wordpress\/lad08aaaa\/\">&#8220;NCONTONSE&#8221; IN LADINO SU RADIO PI\u00d9<\/a><\/p><\/blockquote>\n<p><iframe loading=\"lazy\" class=\"wp-embedded-content\" sandbox=\"allow-scripts\" security=\"restricted\" style=\"position: absolute; visibility: hidden;\" title=\"&#8220;&#8220;NCONTONSE&#8221; IN LADINO SU RADIO PI\u00d9&#8221; &#8212; Radio Pi\u00f9\" src=\"https:\/\/www.radiopiu.net\/wordpress\/lad08aaaa\/embed\/#?secret=Oi1kyUjMqT#?secret=lQ6PDO2vQV\" data-secret=\"lQ6PDO2vQV\" width=\"600\" height=\"338\" frameborder=\"0\" marginwidth=\"0\" marginheight=\"0\" scrolling=\"no\"><\/iframe><\/p>\n<p>&nbsp;<\/p>\n","protected":false},"excerpt":{"rendered":"<p>********* &nbsp; LA\u00a0 APP PER IOS-IPHONE di Nicola Vettorello https:\/\/apps.apple.com\/it\/app\/radio-pi%C3%B9-emittente-agordina\/id1515939845 LA\u00a0 APP RADIO\u00a0 PER ANDROID di Nicola Vettorello https:\/\/play.google.com\/store\/apps\/details?id=net.radiopiu.iniko\u00a0\u00a0\u00a0\u00a0 &nbsp; &nbsp; &nbsp; OGGI \u00a0\u00a0 \u00a009.00 OGGI COME IERI, CON SILVIA BALDO IL LUNEDI ALLE 9 E IL MARTEDI ALLE 9.40 10.30 SIB, SERVIZI INTEGRATI BELLUNESI: INFORMA. IL PROGRAMMA QUINDICINALE DELLE TRE RADIO, CON BARBARA PAOLAZZI&hellip;<\/p>\n","protected":false},"author":4,"featured_media":441029,"comment_status":"closed","ping_status":"closed","sticky":false,"template":"","format":"standard","meta":{"_monsterinsights_skip_tracking":false,"_monsterinsights_sitenote_active":false,"_monsterinsights_sitenote_note":"","_monsterinsights_sitenote_category":0,"footnotes":""},"categories":[51,86,49],"tags":[],"class_list":["post-440951","post","type-post","status-publish","format-standard","has-post-thumbnail","hentry","category-evidenza-top","category-gr","category-news-18","category-51","category-86","category-49","description-off"],"img_url":"https:\/\/www.radiopiu.net\/wordpress\/wp-content\/uploads\/2025\/03\/a872b5b5-c0b9-49bf-8dd8-00c616efa854.jpg","_links":{"self":[{"href":"https:\/\/www.radiopiu.net\/wordpress\/wp-json\/wp\/v2\/posts\/440951","targetHints":{"allow":["GET"]}}],"collection":[{"href":"https:\/\/www.radiopiu.net\/wordpress\/wp-json\/wp\/v2\/posts"}],"about":[{"href":"https:\/\/www.radiopiu.net\/wordpress\/wp-json\/wp\/v2\/types\/post"}],"author":[{"embeddable":true,"href":"https:\/\/www.radiopiu.net\/wordpress\/wp-json\/wp\/v2\/users\/4"}],"replies":[{"embeddable":true,"href":"https:\/\/www.radiopiu.net\/wordpress\/wp-json\/wp\/v2\/comments?post=440951"}],"version-history":[{"count":41,"href":"https:\/\/www.radiopiu.net\/wordpress\/wp-json\/wp\/v2\/posts\/440951\/revisions"}],"predecessor-version":[{"id":441234,"href":"https:\/\/www.radiopiu.net\/wordpress\/wp-json\/wp\/v2\/posts\/440951\/revisions\/441234"}],"wp:featuredmedia":[{"embeddable":true,"href":"https:\/\/www.radiopiu.net\/wordpress\/wp-json\/wp\/v2\/media\/441029"}],"wp:attachment":[{"href":"https:\/\/www.radiopiu.net\/wordpress\/wp-json\/wp\/v2\/media?parent=440951"}],"wp:term":[{"taxonomy":"category","embeddable":true,"href":"https:\/\/www.radiopiu.net\/wordpress\/wp-json\/wp\/v2\/categories?post=440951"},{"taxonomy":"post_tag","embeddable":true,"href":"https:\/\/www.radiopiu.net\/wordpress\/wp-json\/wp\/v2\/tags?post=440951"}],"curies":[{"name":"wp","href":"https:\/\/api.w.org\/{rel}","templated":true}]}}