{"id":440978,"date":"2025-03-24T05:23:04","date_gmt":"2025-03-24T04:23:04","guid":{"rendered":"https:\/\/www.radiopiu.net\/wordpress\/?p=440978"},"modified":"2025-03-24T05:53:55","modified_gmt":"2025-03-24T04:53:55","slug":"spopolamento-belluno-alpina-servono-attenzione-e-risorse-anche-allarea-prealpina","status":"publish","type":"post","link":"https:\/\/www.radiopiu.net\/wordpress\/spopolamento-belluno-alpina-servono-attenzione-e-risorse-anche-allarea-prealpina\/","title":{"rendered":"SPOPOLAMENTO. BELLUNO ALPINA: \u201cSERVONO ATTENZIONE E RISORSE ANCHE ALL&#8217;AREA PREALPINA\u201d"},"content":{"rendered":"<p>*******<\/p>\n<p>&nbsp;<\/p>\n<p><b><a class=\"dt-pswp-item\" href=\"https:\/\/www.radiopiu.net\/wordpress\/wp-content\/uploads\/2021\/01\/BELLUNO-ALPINA.jpg\" data-dt-img-description=\"\" data-large_image_width=\"588\" data-large_image_height=\"537\"><img loading=\"lazy\" decoding=\"async\" class=\" wp-image-185689 alignleft\" src=\"https:\/\/www.radiopiu.net\/wordpress\/wp-content\/uploads\/2021\/01\/BELLUNO-ALPINA-300x274.jpg\" alt=\"\" width=\"161\" height=\"147\" srcset=\"https:\/\/www.radiopiu.net\/wordpress\/wp-content\/uploads\/2021\/01\/BELLUNO-ALPINA-300x274.jpg 300w, https:\/\/www.radiopiu.net\/wordpress\/wp-content\/uploads\/2021\/01\/BELLUNO-ALPINA.jpg 588w\" sizes=\"auto, (max-width: 161px) 100vw, 161px\" \/><\/a>BELLUNO \u00a0<\/b>\u201cViviamo in un&#8217;area dove lo spopolamento \u00e8 in corso da anni, ma non possiamo n\u00e9 godere dei Fondi dei Comuni Confinanti n\u00e9 tantomeno siamo riconosciuti come area interna, come invece accade a realt\u00e0 come l&#8217;Agordino, l&#8217;Alpago o lo Zoldano. Siamo in difficolt\u00e0 e senza possibilit\u00e0 di accedere a risorse: lo spopolamento dell&#8217;area prealpina \u00e8 quindi una scelta politica?\u201d: l&#8217;associazione Belluno Alpina analizza con chiarezza e durezza la situazione del territorio del comprensorio Quantin-Nevegal-Ronce-Valmorel. \u201cQuello dello spopolamento della montagna, cos\u00ec come la \u201cconcorrenza sleale\u201d del Trentino-Alto Adige, non \u00e8 certo un tema di oggi: quello che ci preoccupa \u00e8 che non si \u00e8 fatto, e forse non si vuole fare, nulla per fermarlo. Servono politiche, ma servono anche e soprattutto risorse: attendiamo la Legge sulla Montagna, anche se sappiamo \u2013 ed \u00e8 gi\u00e0 stato detto anche a livello nazionale \u2013 che lo stanziamento attuale non pu\u00f2 essere sufficiente per le esigenze di tutti i territori montani nazionali\u201d, continuano da Belluno Alpina. \u201cQualche anno fa abbiamo presentato \u201cRonce 2020\u201d, il piano anti-spopolamento del nostro comprensorio, ancora in attesa di finanziamento: negli anni passati, hanno chiuso i bar di Ronce e di Piandelmonte, a inizio di quest&#8217;anno quello in Valmorel,&#8230; servono punti di ritrovo e occasioni di socialit\u00e0, che sono anche opportunit\u00e0 economiche e lavorative: senza tutto questo, la gente lascia la montagna, abbandona le abitazioni e lascia spazio al bosco e all&#8217;incuria dell&#8217;ambiente. Servono quindi una visione ampia, risorse certe e una capacit\u00e0 di stare vicino e ascoltare le popolazioni per cercare di frenare quello che altrimenti \u00e8 un fenomeno inarrestabile\u201d.<\/p>\n<p>&nbsp;<\/p>\n<p>&nbsp;<\/p>\n<p>&nbsp;<\/p>\n<p>*********<\/p>\n","protected":false},"excerpt":{"rendered":"<p>******* &nbsp; BELLUNO \u00a0\u201cViviamo in un&#8217;area dove lo spopolamento \u00e8 in corso da anni, ma non possiamo n\u00e9 godere dei Fondi dei Comuni Confinanti n\u00e9 tantomeno siamo riconosciuti come area interna, come invece accade a realt\u00e0 come l&#8217;Agordino, l&#8217;Alpago o lo Zoldano. Siamo in difficolt\u00e0 e senza possibilit\u00e0 di accedere a risorse: lo spopolamento dell&#8217;area&hellip;<\/p>\n","protected":false},"author":4,"featured_media":185689,"comment_status":"closed","ping_status":"closed","sticky":false,"template":"","format":"standard","meta":{"_monsterinsights_skip_tracking":false,"_monsterinsights_sitenote_active":false,"_monsterinsights_sitenote_note":"","_monsterinsights_sitenote_category":0,"footnotes":""},"categories":[51,49],"tags":[],"class_list":["post-440978","post","type-post","status-publish","format-standard","has-post-thumbnail","hentry","category-evidenza-top","category-news-18","category-51","category-49","description-off"],"img_url":"https:\/\/www.radiopiu.net\/wordpress\/wp-content\/uploads\/2021\/01\/BELLUNO-ALPINA.jpg","_links":{"self":[{"href":"https:\/\/www.radiopiu.net\/wordpress\/wp-json\/wp\/v2\/posts\/440978","targetHints":{"allow":["GET"]}}],"collection":[{"href":"https:\/\/www.radiopiu.net\/wordpress\/wp-json\/wp\/v2\/posts"}],"about":[{"href":"https:\/\/www.radiopiu.net\/wordpress\/wp-json\/wp\/v2\/types\/post"}],"author":[{"embeddable":true,"href":"https:\/\/www.radiopiu.net\/wordpress\/wp-json\/wp\/v2\/users\/4"}],"replies":[{"embeddable":true,"href":"https:\/\/www.radiopiu.net\/wordpress\/wp-json\/wp\/v2\/comments?post=440978"}],"version-history":[{"count":1,"href":"https:\/\/www.radiopiu.net\/wordpress\/wp-json\/wp\/v2\/posts\/440978\/revisions"}],"predecessor-version":[{"id":440979,"href":"https:\/\/www.radiopiu.net\/wordpress\/wp-json\/wp\/v2\/posts\/440978\/revisions\/440979"}],"wp:featuredmedia":[{"embeddable":true,"href":"https:\/\/www.radiopiu.net\/wordpress\/wp-json\/wp\/v2\/media\/185689"}],"wp:attachment":[{"href":"https:\/\/www.radiopiu.net\/wordpress\/wp-json\/wp\/v2\/media?parent=440978"}],"wp:term":[{"taxonomy":"category","embeddable":true,"href":"https:\/\/www.radiopiu.net\/wordpress\/wp-json\/wp\/v2\/categories?post=440978"},{"taxonomy":"post_tag","embeddable":true,"href":"https:\/\/www.radiopiu.net\/wordpress\/wp-json\/wp\/v2\/tags?post=440978"}],"curies":[{"name":"wp","href":"https:\/\/api.w.org\/{rel}","templated":true}]}}