{"id":441235,"date":"2025-03-24T08:48:03","date_gmt":"2025-03-24T07:48:03","guid":{"rendered":"https:\/\/www.radiopiu.net\/wordpress\/?p=441235"},"modified":"2025-03-24T08:48:03","modified_gmt":"2025-03-24T07:48:03","slug":"il-comitato-di-quartiere-baldenich24-contro-la-trasformazione-dellex-area-agip-in-zona-commerciale","status":"publish","type":"post","link":"https:\/\/www.radiopiu.net\/wordpress\/il-comitato-di-quartiere-baldenich24-contro-la-trasformazione-dellex-area-agip-in-zona-commerciale\/","title":{"rendered":"IL COMITATO DI QUARTIERE BALDENICH24 CONTRO LA TRASFORMAZIONE DELL\u2019EX AREA AGIP IN ZONA COMMERCIALE"},"content":{"rendered":"<p>**<\/p>\n<p><strong>BELLUNO<\/strong><\/p>\n<p class=\"\" data-start=\"130\" data-end=\"503\"><a class=\"dt-pswp-item\" href=\"https:\/\/www.radiopiu.net\/wordpress\/wp-content\/uploads\/2025\/03\/Agip-Baldenich-2_edited.jpg\" data-dt-img-description=\"\" data-large_image_width=\"1000\" data-large_image_height=\"1000\"><img loading=\"lazy\" decoding=\"async\" class=\"size-medium wp-image-441236 alignleft\" src=\"https:\/\/www.radiopiu.net\/wordpress\/wp-content\/uploads\/2025\/03\/Agip-Baldenich-2_edited-300x300.jpg\" alt=\"\" width=\"300\" height=\"300\" srcset=\"https:\/\/www.radiopiu.net\/wordpress\/wp-content\/uploads\/2025\/03\/Agip-Baldenich-2_edited-300x300.jpg 300w, https:\/\/www.radiopiu.net\/wordpress\/wp-content\/uploads\/2025\/03\/Agip-Baldenich-2_edited-150x150.jpg 150w, https:\/\/www.radiopiu.net\/wordpress\/wp-content\/uploads\/2025\/03\/Agip-Baldenich-2_edited-768x768.jpg 768w, https:\/\/www.radiopiu.net\/wordpress\/wp-content\/uploads\/2025\/03\/Agip-Baldenich-2_edited.jpg 1000w\" sizes=\"auto, (max-width: 300px) 100vw, 300px\" \/><\/a>Il Comitato di Quartiere Baldenich24 \u00e8 sceso in campo per difendere l\u2019ex area AGIP, proponendo una raccolta firme contro il progetto di trasformazione in zona commerciale. La petizione, promossa ai sensi dell\u2019articolo 63 dello Statuto Comunale, chiede al Comune di Belluno di destinare l\u2019area a Verde Pubblico (FVP), evitando una nuova operazione di speculazione edilizia.<\/p>\n<p class=\"\" data-start=\"505\" data-end=\"1017\">Gli attivisti saranno presenti questo fine settimana per raccogliere adesioni: venerd\u00ec in Piazzale della Resistenza e sabato mattina in Piazza dei Martiri. La petizione verr\u00e0 poi depositata luned\u00ec 31 marzo, proprio prima della seduta del Consiglio Comunale in cui si discuter\u00e0 il Piano Urbanistico Attuativo (PUA) relativo alla modifica della destinazione dell\u2019area. Daniele del Comitato Baldenich24 afferma: &#8220;Raccoglieremo le firme casa per casa, strada per strada, faremo sentire la voce del nostro quartiere!&#8221;<\/p>\n<p class=\"\" data-start=\"1019\" data-end=\"1520\">Il Comitato contesta l\u2019approvazione del progetto da parte della giunta del sindaco Oscar De Pellegrin, accusando l\u2019amministrazione di aver portato avanti la proposta senza un adeguato coinvolgimento della cittadinanza. &#8220;Una decisione calata dall\u2019alto, senza il minimo confronto con il quartiere&#8221;, denunciano gli esponenti del Comitato, sottolineando come la questione sia stata discussa solo il 24 marzo in Commissione Urbanistica e, a meno di una settimana, sar\u00e0 gi\u00e0 sottoposta al voto del Consiglio.<\/p>\n<p class=\"\" data-start=\"1522\" data-end=\"1924\">L\u2019ex area AGIP, che in passato era destinata al verde pubblico, ha subito vari cambiamenti nella sua classificazione, diventando \u201carea degradata\u201d nel 2022. Attualmente, potrebbe essere trasformata in uno spazio verde o un parcheggio pubblico, un bisogno ancor pi\u00f9 urgente dopo la prevista eliminazione di 80 posti auto in Piazzale della Resistenza, che peggiorer\u00e0 la carenza di parcheggi nel quartiere.<\/p>\n<p class=\"\" data-start=\"1926\" data-end=\"2283\">Se il Consiglio Comunale dovesse approvare la variante urbanistica che permette l\u2019insediamento commerciale, il Comitato Baldenich24 promette di non fermarsi. &#8220;Se necessario, attiveremo un\u2019iniziativa popolare per proporre direttamente una modifica della destinazione d\u2019uso&#8221;, annuncia Luigi Filippo Daniele, portavoce del Comitato e Capofrazione di Baldenich.<\/p>\n<p class=\"\" data-start=\"2285\" data-end=\"2509\">La raccolta firme di questo fine settimana segna l\u2019inizio di una mobilitazione destinata a coinvolgere numerosi cittadini nel fermare un progetto che, secondo i promotori, minaccia la vivibilit\u00e0 e la viabilit\u00e0 del quartiere.<\/p>\n","protected":false},"excerpt":{"rendered":"<p>** BELLUNO Il Comitato di Quartiere Baldenich24 \u00e8 sceso in campo per difendere l\u2019ex area AGIP, proponendo una raccolta firme contro il progetto di trasformazione in zona commerciale. La petizione, promossa ai sensi dell\u2019articolo 63 dello Statuto Comunale, chiede al Comune di Belluno di destinare l\u2019area a Verde Pubblico (FVP), evitando una nuova operazione di&hellip;<\/p>\n","protected":false},"author":4,"featured_media":441236,"comment_status":"closed","ping_status":"closed","sticky":false,"template":"","format":"standard","meta":{"_monsterinsights_skip_tracking":false,"_monsterinsights_sitenote_active":false,"_monsterinsights_sitenote_note":"","_monsterinsights_sitenote_category":0,"footnotes":""},"categories":[49],"tags":[],"class_list":["post-441235","post","type-post","status-publish","format-standard","has-post-thumbnail","hentry","category-news-18","category-49","description-off"],"img_url":"https:\/\/www.radiopiu.net\/wordpress\/wp-content\/uploads\/2025\/03\/Agip-Baldenich-2_edited.jpg","_links":{"self":[{"href":"https:\/\/www.radiopiu.net\/wordpress\/wp-json\/wp\/v2\/posts\/441235","targetHints":{"allow":["GET"]}}],"collection":[{"href":"https:\/\/www.radiopiu.net\/wordpress\/wp-json\/wp\/v2\/posts"}],"about":[{"href":"https:\/\/www.radiopiu.net\/wordpress\/wp-json\/wp\/v2\/types\/post"}],"author":[{"embeddable":true,"href":"https:\/\/www.radiopiu.net\/wordpress\/wp-json\/wp\/v2\/users\/4"}],"replies":[{"embeddable":true,"href":"https:\/\/www.radiopiu.net\/wordpress\/wp-json\/wp\/v2\/comments?post=441235"}],"version-history":[{"count":1,"href":"https:\/\/www.radiopiu.net\/wordpress\/wp-json\/wp\/v2\/posts\/441235\/revisions"}],"predecessor-version":[{"id":441237,"href":"https:\/\/www.radiopiu.net\/wordpress\/wp-json\/wp\/v2\/posts\/441235\/revisions\/441237"}],"wp:featuredmedia":[{"embeddable":true,"href":"https:\/\/www.radiopiu.net\/wordpress\/wp-json\/wp\/v2\/media\/441236"}],"wp:attachment":[{"href":"https:\/\/www.radiopiu.net\/wordpress\/wp-json\/wp\/v2\/media?parent=441235"}],"wp:term":[{"taxonomy":"category","embeddable":true,"href":"https:\/\/www.radiopiu.net\/wordpress\/wp-json\/wp\/v2\/categories?post=441235"},{"taxonomy":"post_tag","embeddable":true,"href":"https:\/\/www.radiopiu.net\/wordpress\/wp-json\/wp\/v2\/tags?post=441235"}],"curies":[{"name":"wp","href":"https:\/\/api.w.org\/{rel}","templated":true}]}}