{"id":441335,"date":"2025-03-25T05:39:13","date_gmt":"2025-03-25T04:39:13","guid":{"rendered":"https:\/\/www.radiopiu.net\/wordpress\/?p=441335"},"modified":"2025-03-25T05:59:23","modified_gmt":"2025-03-25T04:59:23","slug":"microcredito-per-le-persone-a-rischio-poverta-firmata-la-convenzione-tra-cortinabanca-e-fondo-welfare","status":"publish","type":"post","link":"https:\/\/www.radiopiu.net\/wordpress\/microcredito-per-le-persone-a-rischio-poverta-firmata-la-convenzione-tra-cortinabanca-e-fondo-welfare\/","title":{"rendered":"MICROCREDITO PER LE PERSONE A RISCHIO POVERTA&#8217;: FIRMATA LA CONVENZIONE TRA CORTINABANCA E FONDO WELFARE"},"content":{"rendered":"<p>******<\/p>\n<p>&nbsp;<\/p>\n<p><strong><a class=\"dt-pswp-item\" href=\"https:\/\/www.radiopiu.net\/wordpress\/wp-content\/uploads\/2025\/03\/progetto-microcredito_i-componenti-della-rete-territoriale-scaled.jpg\" data-dt-img-description=\"\" data-large_image_width=\"2560\" data-large_image_height=\"1920\"><img loading=\"lazy\" decoding=\"async\" class=\" wp-image-441336 alignleft\" src=\"https:\/\/www.radiopiu.net\/wordpress\/wp-content\/uploads\/2025\/03\/progetto-microcredito_i-componenti-della-rete-territoriale-300x225.jpg\" alt=\"\" width=\"176\" height=\"132\" srcset=\"https:\/\/www.radiopiu.net\/wordpress\/wp-content\/uploads\/2025\/03\/progetto-microcredito_i-componenti-della-rete-territoriale-300x225.jpg 300w, https:\/\/www.radiopiu.net\/wordpress\/wp-content\/uploads\/2025\/03\/progetto-microcredito_i-componenti-della-rete-territoriale-1024x768.jpg 1024w, https:\/\/www.radiopiu.net\/wordpress\/wp-content\/uploads\/2025\/03\/progetto-microcredito_i-componenti-della-rete-territoriale-768x576.jpg 768w, https:\/\/www.radiopiu.net\/wordpress\/wp-content\/uploads\/2025\/03\/progetto-microcredito_i-componenti-della-rete-territoriale-1536x1152.jpg 1536w, https:\/\/www.radiopiu.net\/wordpress\/wp-content\/uploads\/2025\/03\/progetto-microcredito_i-componenti-della-rete-territoriale-2048x1536.jpg 2048w\" sizes=\"auto, (max-width: 176px) 100vw, 176px\" \/><\/a>BELLUNO <\/strong>Alleanza strategica contro l\u2019emarginazione sociale. \u00c8 stata sottoscritta oggi a Palazzo Piloni la convenzione tra CortinaBanca e Fondazione Welfare Dolomiti che permette di far ripartire il progetto di microcredito. Di fatto, torneranno possibili i finanziamenti agevolati destinati a persone in difficolt\u00e0 finanziarie e a rischio povert\u00e0.\u00a0 \u00abSi tratta di una misura importante per prevenire e contrastare quel fenomeno di emarginazione sociale che possono vivere le persone quando incontrano difficolt\u00e0 economiche che non sono in grado di superare da sole\u00bb commenta la presidente della Fondazione Welfare Dolomiti, Francesca De Biasi. \u00abLa mission della Fondazione \u00e8 proprio quella di aiutare le comunit\u00e0 locali e combattere lo spopolamento della montagna. E con questo progetto diamo una mano concreta\u00bb. CortinaBanca e Fondazione Welfare Dolomiti hanno raccolto la richiesta di aiuto dalla rete associativa che in provincia di Belluno ha gestito il microcredito dal 2010, e che dal 2022 \u00e8 stato\u00a0 sospeso per motivi legati alla modifica delle regole sul credito e alla riorganizzazione del sistema bancario.<\/p>\n<p><strong>LE ORIGINI<\/strong><\/p>\n<p>Il progetto di microcredito, avviato nel 2010, \u00e8 stato coordinato dal Ce.I.S. in collaborazione con una rete di soggetti del territorio, e con Integra Cooperativa Sociale che ha gestito lo sportello di consulenza fin dall\u2019avvio. Hanno aderito alla rete fin dall\u2019inizio il Comune di Belluno, il Rotary Club Belluno, l&#8217;Associazione Centro di Solidariet\u00e0 Charles Peguy, la Caritas diocesana di Belluno-Feltre, il Centro Caritas Hakim, l&#8217;Associazione Gruppi \u201cInsieme Si Pu\u00f2\u2026\u201d, il Comitato di Intesa e Integra Cooperativa Sociale. Nel corso del progetto si sono aggiunti altri soggetti, come Inner Wheel, oltre al patrocinio della Conferenza dei sindaci dell\u2019Ulss e il Consorzio Bim Piave.<\/p>\n<p><strong>IL PROGETTO<\/strong><\/p>\n<p>Il progetto \u00e8 rivolto a persone e nuclei familiari che non riescono ad accedere al prestito bancario e che, tuttavia, si trovano in una situazione di oggettiva difficolt\u00e0 economica a seguito di eventi di carattere non ordinario. Oltre all\u2019aiuto economico vengono erogati servizi formativi ed educativi in modo che le persone siano accompagnate, attraverso una consulenza mirata. Il progetto infatti \u00e8 costituito da due pilastri: da una parte un servizio di consulenza, gestito da operatori qualificati, aperto a tutti coloro che desiderano avere informazioni e supporto nella gestione del proprio bilancio familiare e in particolare in caso di situazioni debitorie complesse; e dall\u2019altra dalla costituzione di un fondo etico di garanzia per l\u2019erogazione di piccoli prestiti. L\u2019iniziativa ha preso avvio in seguito ad alcune azioni di start up, realizzate grazie a un contributo del Centro di Servizio per il Volontariato di Belluno (bando progetti di rete anno 2010). Sono stati attivati due fondi: il 19 ottobre 2012 \u00e8 stato costituito il fondo etico di garanzia presso Unicredit, grazie a contributi della Fondazione Cariverona e di associazioni locali (Associazione Centro di Solidariet\u00e0 Charles Peguy, Caritas Diocesana di Belluno, Comitato di Intesa). Inoltre \u00e8 stato aperto un conto donazioni per implementare il fondo di garanzia. Le donazioni sono state effettuate dal Rotary Club Belluno, Inner Wheel, Associazione Amici del Borgo, da privati cittadini. Nel 2014 la Fondazione Culturale Responsabilit\u00e0 Etica ha conferito un contributo per la costituzione, presso Banca Popolare Etica, di un nuovo fondo di garanzia (complementare a quello esistente). Nel nuovo fondo \u00e8 confluito anche un contributo da parte di Cassa Rurale e Artigiana di Cortina e delle Dolomiti.<\/p>\n<p><strong>I DATI<\/strong><\/p>\n<p>Dal 2012 al 2022 lo sportello microcredito, gestito dalla Cooperativa Integra in sinergia con la Commissione tecnica deliberativa composta dai volontari della rete, ha accolto 523 richieste, di cui 380 per prestiti nell\u2019ambito dei fondi di garanzia e 143 per contributi a fondo perduto nell\u2019ambito dei fondi di solidariet\u00e0. Tutti i richiedenti hanno beneficiato del servizio di consulenza e di orientamento ai servizi del territorio. In totale sono stati erogati prestiti per quasi 323mila euro.<\/p>\n<p><strong><a class=\"dt-pswp-item\" href=\"https:\/\/www.radiopiu.net\/wordpress\/wp-content\/uploads\/2025\/03\/progetto-microcredito_la-firma-scaled.jpg\" data-dt-img-description=\"\" data-large_image_width=\"2560\" data-large_image_height=\"1920\"><img loading=\"lazy\" decoding=\"async\" class=\" wp-image-441337 alignright\" src=\"https:\/\/www.radiopiu.net\/wordpress\/wp-content\/uploads\/2025\/03\/progetto-microcredito_la-firma-300x225.jpg\" alt=\"\" width=\"253\" height=\"190\" srcset=\"https:\/\/www.radiopiu.net\/wordpress\/wp-content\/uploads\/2025\/03\/progetto-microcredito_la-firma-300x225.jpg 300w, https:\/\/www.radiopiu.net\/wordpress\/wp-content\/uploads\/2025\/03\/progetto-microcredito_la-firma-1024x768.jpg 1024w, https:\/\/www.radiopiu.net\/wordpress\/wp-content\/uploads\/2025\/03\/progetto-microcredito_la-firma-768x576.jpg 768w, https:\/\/www.radiopiu.net\/wordpress\/wp-content\/uploads\/2025\/03\/progetto-microcredito_la-firma-1536x1152.jpg 1536w, https:\/\/www.radiopiu.net\/wordpress\/wp-content\/uploads\/2025\/03\/progetto-microcredito_la-firma-2048x1536.jpg 2048w\" sizes=\"auto, (max-width: 253px) 100vw, 253px\" \/><\/a>RIPARTENZA<\/strong><\/p>\n<p>\u00abCon la sottoscrizione di oggi, il progetto di microcredito pu\u00f2 ripartire\u00bb sottolineano i soggetti firmatari della convenzione. \u00abDopo tre anni creiamo le basi per la ripartenza, che si stima sar\u00e0 per giugno\u00bb. Nella formula precedente, il microcredito concedeva prestiti fino a un massimo di 3mila euro. Adesso si arriver\u00e0 a un tetto massimo di 5mila euro.\u00a0 \u00abSi tratta non solo di risorse economiche, ma di un supporto all\u2019indipendenza, attraverso una consulenza mirata. Un progetto scaturito da un ampio raccordo tra diverse realt\u00e0: le associazioni infatti collaborano intorno alla persona che ha necessit\u00e0, senza che sia lei a bussare alla porta a tutti\u00bb conclude la presidente della Fondazione Welfare, Francesca De Biasi. \u00abL&#8217;azione mira quindi a riconoscere autonomia e dignit\u00e0 a chi in un momento della propria vita ha necessit\u00e0 di chiedere aiuto per s\u00e9 e i propri figli\u00bb.<\/p>\n<p>&nbsp;<\/p>\n<p>&nbsp;<\/p>\n<p>&nbsp;<\/p>\n<p>********<\/p>\n","protected":false},"excerpt":{"rendered":"<p>****** &nbsp; BELLUNO Alleanza strategica contro l\u2019emarginazione sociale. \u00c8 stata sottoscritta oggi a Palazzo Piloni la convenzione tra CortinaBanca e Fondazione Welfare Dolomiti che permette di far ripartire il progetto di microcredito. Di fatto, torneranno possibili i finanziamenti agevolati destinati a persone in difficolt\u00e0 finanziarie e a rischio povert\u00e0.\u00a0 \u00abSi tratta di una misura importante&hellip;<\/p>\n","protected":false},"author":4,"featured_media":441336,"comment_status":"closed","ping_status":"closed","sticky":false,"template":"","format":"standard","meta":{"_monsterinsights_skip_tracking":false,"_monsterinsights_sitenote_active":false,"_monsterinsights_sitenote_note":"","_monsterinsights_sitenote_category":0,"footnotes":""},"categories":[51,49],"tags":[],"class_list":["post-441335","post","type-post","status-publish","format-standard","has-post-thumbnail","hentry","category-evidenza-top","category-news-18","category-51","category-49","description-off"],"img_url":"https:\/\/www.radiopiu.net\/wordpress\/wp-content\/uploads\/2025\/03\/progetto-microcredito_i-componenti-della-rete-territoriale-scaled.jpg","_links":{"self":[{"href":"https:\/\/www.radiopiu.net\/wordpress\/wp-json\/wp\/v2\/posts\/441335","targetHints":{"allow":["GET"]}}],"collection":[{"href":"https:\/\/www.radiopiu.net\/wordpress\/wp-json\/wp\/v2\/posts"}],"about":[{"href":"https:\/\/www.radiopiu.net\/wordpress\/wp-json\/wp\/v2\/types\/post"}],"author":[{"embeddable":true,"href":"https:\/\/www.radiopiu.net\/wordpress\/wp-json\/wp\/v2\/users\/4"}],"replies":[{"embeddable":true,"href":"https:\/\/www.radiopiu.net\/wordpress\/wp-json\/wp\/v2\/comments?post=441335"}],"version-history":[{"count":1,"href":"https:\/\/www.radiopiu.net\/wordpress\/wp-json\/wp\/v2\/posts\/441335\/revisions"}],"predecessor-version":[{"id":441338,"href":"https:\/\/www.radiopiu.net\/wordpress\/wp-json\/wp\/v2\/posts\/441335\/revisions\/441338"}],"wp:featuredmedia":[{"embeddable":true,"href":"https:\/\/www.radiopiu.net\/wordpress\/wp-json\/wp\/v2\/media\/441336"}],"wp:attachment":[{"href":"https:\/\/www.radiopiu.net\/wordpress\/wp-json\/wp\/v2\/media?parent=441335"}],"wp:term":[{"taxonomy":"category","embeddable":true,"href":"https:\/\/www.radiopiu.net\/wordpress\/wp-json\/wp\/v2\/categories?post=441335"},{"taxonomy":"post_tag","embeddable":true,"href":"https:\/\/www.radiopiu.net\/wordpress\/wp-json\/wp\/v2\/tags?post=441335"}],"curies":[{"name":"wp","href":"https:\/\/api.w.org\/{rel}","templated":true}]}}