{"id":441354,"date":"2025-03-24T15:46:06","date_gmt":"2025-03-24T14:46:06","guid":{"rendered":"https:\/\/www.radiopiu.net\/wordpress\/?p=441354"},"modified":"2025-03-25T06:02:58","modified_gmt":"2025-03-25T05:02:58","slug":"estate-2025-arriva-il-centro-estivo-per-i-ragazzi-di-agordo","status":"publish","type":"post","link":"https:\/\/www.radiopiu.net\/wordpress\/estate-2025-arriva-il-centro-estivo-per-i-ragazzi-di-agordo\/","title":{"rendered":"ESTATE 2025: ARRIVA IL CENTRO ESTIVO PER I RAGAZZI DI AGORDO"},"content":{"rendered":"<p>********<\/p>\n<p>&nbsp;<\/p>\n<p><strong><a class=\"dt-pswp-item\" href=\"https:\/\/www.radiopiu.net\/wordpress\/wp-content\/uploads\/2025\/03\/1000177971.jpg\" data-dt-img-description=\"\" data-large_image_width=\"1080\" data-large_image_height=\"1070\"><img loading=\"lazy\" decoding=\"async\" class=\" wp-image-441355 alignleft\" src=\"https:\/\/www.radiopiu.net\/wordpress\/wp-content\/uploads\/2025\/03\/1000177971-300x297.jpg\" alt=\"\" width=\"142\" height=\"141\" srcset=\"https:\/\/www.radiopiu.net\/wordpress\/wp-content\/uploads\/2025\/03\/1000177971-300x297.jpg 300w, https:\/\/www.radiopiu.net\/wordpress\/wp-content\/uploads\/2025\/03\/1000177971-1024x1015.jpg 1024w, https:\/\/www.radiopiu.net\/wordpress\/wp-content\/uploads\/2025\/03\/1000177971-150x150.jpg 150w, https:\/\/www.radiopiu.net\/wordpress\/wp-content\/uploads\/2025\/03\/1000177971-768x761.jpg 768w, https:\/\/www.radiopiu.net\/wordpress\/wp-content\/uploads\/2025\/03\/1000177971.jpg 1080w\" sizes=\"auto, (max-width: 142px) 100vw, 142px\" \/><\/a>AGORDO <\/strong>L\u2019estate si avvicina e con essa tante opportunit\u00e0 di divertimento e apprendimento per i ragazzi! A partire dalla met\u00e0 di giugno fino alla met\u00e0 di luglio, il Centro Estivo Medie del Comune di Agordo accoglier\u00e0 bambini e ragazzi dalla quinta elementare in su per un\u2019estate all\u2019insegna di laboratori, attivit\u00e0 educative e tanto svago. Il programma del centro estivo prevede laboratori creativi, aiuto compiti, attivit\u00e0 ricreative e gite fuori porta, garantendo un mix perfetto tra apprendimento e relax. Un&#8217;opportunit\u00e0 imperdibile per socializzare, divertirsi e trascorrere il periodo estivo in un ambiente stimolante. Per info e prenotazioni, \u00e8 possibile contattare Gloria Casot al numero 347 0034669.<\/p>\n<p>&nbsp;<\/p>\n<p>&nbsp;<\/p>\n<p>&nbsp;<\/p>\n<p>********<\/p>\n","protected":false},"excerpt":{"rendered":"<p>******** &nbsp; AGORDO L\u2019estate si avvicina e con essa tante opportunit\u00e0 di divertimento e apprendimento per i ragazzi! A partire dalla met\u00e0 di giugno fino alla met\u00e0 di luglio, il Centro Estivo Medie del Comune di Agordo accoglier\u00e0 bambini e ragazzi dalla quinta elementare in su per un\u2019estate all\u2019insegna di laboratori, attivit\u00e0 educative e tanto&hellip;<\/p>\n","protected":false},"author":4,"featured_media":441356,"comment_status":"closed","ping_status":"closed","sticky":false,"template":"","format":"standard","meta":{"_monsterinsights_skip_tracking":false,"_monsterinsights_sitenote_active":false,"_monsterinsights_sitenote_note":"","_monsterinsights_sitenote_category":0,"footnotes":""},"categories":[104,49],"tags":[],"class_list":["post-441354","post","type-post","status-publish","format-standard","has-post-thumbnail","hentry","category-evidenza_3","category-news-18","category-104","category-49","description-off"],"img_url":"https:\/\/www.radiopiu.net\/wordpress\/wp-content\/uploads\/2025\/03\/C-EST.jpg","_links":{"self":[{"href":"https:\/\/www.radiopiu.net\/wordpress\/wp-json\/wp\/v2\/posts\/441354","targetHints":{"allow":["GET"]}}],"collection":[{"href":"https:\/\/www.radiopiu.net\/wordpress\/wp-json\/wp\/v2\/posts"}],"about":[{"href":"https:\/\/www.radiopiu.net\/wordpress\/wp-json\/wp\/v2\/types\/post"}],"author":[{"embeddable":true,"href":"https:\/\/www.radiopiu.net\/wordpress\/wp-json\/wp\/v2\/users\/4"}],"replies":[{"embeddable":true,"href":"https:\/\/www.radiopiu.net\/wordpress\/wp-json\/wp\/v2\/comments?post=441354"}],"version-history":[{"count":1,"href":"https:\/\/www.radiopiu.net\/wordpress\/wp-json\/wp\/v2\/posts\/441354\/revisions"}],"predecessor-version":[{"id":441357,"href":"https:\/\/www.radiopiu.net\/wordpress\/wp-json\/wp\/v2\/posts\/441354\/revisions\/441357"}],"wp:featuredmedia":[{"embeddable":true,"href":"https:\/\/www.radiopiu.net\/wordpress\/wp-json\/wp\/v2\/media\/441356"}],"wp:attachment":[{"href":"https:\/\/www.radiopiu.net\/wordpress\/wp-json\/wp\/v2\/media?parent=441354"}],"wp:term":[{"taxonomy":"category","embeddable":true,"href":"https:\/\/www.radiopiu.net\/wordpress\/wp-json\/wp\/v2\/categories?post=441354"},{"taxonomy":"post_tag","embeddable":true,"href":"https:\/\/www.radiopiu.net\/wordpress\/wp-json\/wp\/v2\/tags?post=441354"}],"curies":[{"name":"wp","href":"https:\/\/api.w.org\/{rel}","templated":true}]}}