{"id":441408,"date":"2025-03-24T21:44:32","date_gmt":"2025-03-24T20:44:32","guid":{"rendered":"https:\/\/www.radiopiu.net\/wordpress\/?p=441408"},"modified":"2025-03-25T08:43:23","modified_gmt":"2025-03-25T07:43:23","slug":"nel-cielo-di-agordo-fotoadeo","status":"publish","type":"post","link":"https:\/\/www.radiopiu.net\/wordpress\/nel-cielo-di-agordo-fotoadeo\/","title":{"rendered":"NEL CIELO DI AGORDO,  FOTO E VIDEO DI ISABEL CARLIN"},"content":{"rendered":"<div class=\"page-title-head hgroup\">\n<p data-start=\"389\" data-end=\"581\"><strong>DI CLAUDIO PRA<\/strong><\/p>\n<\/div>\n<p>La spettacolare comparsa di una inquietante spirale luminosa in cielo, ben visibile anche dai cieli dell&#8217;Agordino per qualche minuto, ha gi\u00e0 avuto una spiegazione, che \u00e8 quella a cui ho subito pensato non appena informato del fenomeno. In effetti lo strano bagliore si era gi\u00e0 manifestato in diverse occasioni in altre parti d&#8217;Italia e del mondo ed \u00e8 legato al lancio di un razzo, in questo caso un Falcon 9 di Space X, decollato ieri poco prima delle 19.00 da Cape Canaveral in Florida per una missione legata al dipartimento della difesa statunitense. Dopo il decollo il primo stadio del razzo potta in alto il carico prima di staccarsi e rientrare a terra per essere riutilizzato. A quel punto entra in azione il secondo stadio che trasporta il carico nell&#8217;orbita prevista prima di staccarsi a sua volta. Compiuto il suo dovere, per evitare che si trasformi in un pericoloso detrito spaziale, il secondo stadio viene riacceso e deorbitato in modo da rientrare in atmosfera distruggendosi. Proprio nella fase di riaccensione dei motori il carburante residuo viene espulso nello spazio causando la caduta a spirale del residuo spaziale che lascia dietro di s\u00e9 una scia di carburante. Questa, considerando la quota elevata, viene illuminata dai raggi solari dando vita alla spirale luminosa che si \u00e8 potuta osservare.<\/p>\n<p>&nbsp;<\/p>\n<p><iframe loading=\"lazy\" title=\"IMG 3098\" width=\"1200\" height=\"675\" src=\"https:\/\/www.youtube.com\/embed\/d7T7XXt-Yp0?feature=oembed\" frameborder=\"0\" allow=\"accelerometer; autoplay; clipboard-write; encrypted-media; gyroscope; picture-in-picture; web-share\" referrerpolicy=\"strict-origin-when-cross-origin\" allowfullscreen><\/iframe><\/p>\n<p>&nbsp;<\/p>\n<p>&nbsp;<\/p>\n\n\t\t\t<style type='text\/css'>\n\t\t\t\t#gallery-1 {\n\t\t\t\t\tmargin: auto;\n\t\t\t\t}\n\t\t\t\t#gallery-1 .gallery-item {\n\t\t\t\t\tfloat: left;\n\t\t\t\t\tmargin-top: 10px;\n\t\t\t\t\ttext-align: center;\n\t\t\t\t\twidth: 50%;\n\t\t\t\t}\n\t\t\t\t#gallery-1 img {\n\t\t\t\t\tborder: 2px solid #cfcfcf;\n\t\t\t\t}\n\t\t\t\t#gallery-1 .gallery-caption {\n\t\t\t\t\tmargin-left: 0;\n\t\t\t\t}\n\t\t\t\t\/* see gallery_shortcode() in wp-includes\/media.php *\/\n\t\t\t<\/style>\n\t\t<div id='gallery-1' class='dt-gallery-container gallery galleryid-441408 gallery-columns-2 gallery-size-medium'><dl class='gallery-item'>\n\t\t\t\t<dt class='gallery-icon portrait'>\n\t\t\t\t\t<a class=\"rollover rollover-zoom dt-pswp-item\" title=\"IMG_3101\" data-dt-img-description=\"\" data-large_image_width=\"1920\" data-large_image_height=\"2560\"href='https:\/\/www.radiopiu.net\/wordpress\/wp-content\/uploads\/2025\/03\/IMG_3101-scaled.jpg'><img loading=\"lazy\" decoding=\"async\" width=\"225\" height=\"300\" src=\"https:\/\/www.radiopiu.net\/wordpress\/wp-content\/uploads\/2025\/03\/IMG_3101-225x300.jpg\" class=\"attachment-medium size-medium\" alt=\"\" aria-describedby=\"gallery-1-441410\" srcset=\"https:\/\/www.radiopiu.net\/wordpress\/wp-content\/uploads\/2025\/03\/IMG_3101-225x300.jpg 225w, https:\/\/www.radiopiu.net\/wordpress\/wp-content\/uploads\/2025\/03\/IMG_3101-768x1024.jpg 768w, https:\/\/www.radiopiu.net\/wordpress\/wp-content\/uploads\/2025\/03\/IMG_3101-1152x1536.jpg 1152w, https:\/\/www.radiopiu.net\/wordpress\/wp-content\/uploads\/2025\/03\/IMG_3101-1536x2048.jpg 1536w, https:\/\/www.radiopiu.net\/wordpress\/wp-content\/uploads\/2025\/03\/IMG_3101-scaled.jpg 1920w\" sizes=\"auto, (max-width: 225px) 100vw, 225px\" \/><\/a>\n\t\t\t\t<\/dt>\n\t\t\t\t\t<dd class='wp-caption-text gallery-caption' id='gallery-1-441410'>\n\t\t\t\t\tAGORDO_ISABEL CARLIN\n\t\t\t\t\t<\/dd><\/dl><dl class='gallery-item'>\n\t\t\t\t<dt class='gallery-icon portrait'>\n\t\t\t\t\t<a class=\"rollover rollover-zoom dt-pswp-item\" title=\"IMG_3099\" data-dt-img-description=\"\" data-large_image_width=\"1920\" data-large_image_height=\"2560\"href='https:\/\/www.radiopiu.net\/wordpress\/wp-content\/uploads\/2025\/03\/IMG_3099-scaled.jpg'><img loading=\"lazy\" decoding=\"async\" width=\"225\" height=\"300\" src=\"https:\/\/www.radiopiu.net\/wordpress\/wp-content\/uploads\/2025\/03\/IMG_3099-225x300.jpg\" class=\"attachment-medium size-medium\" alt=\"\" aria-describedby=\"gallery-1-441409\" srcset=\"https:\/\/www.radiopiu.net\/wordpress\/wp-content\/uploads\/2025\/03\/IMG_3099-225x300.jpg 225w, https:\/\/www.radiopiu.net\/wordpress\/wp-content\/uploads\/2025\/03\/IMG_3099-768x1024.jpg 768w, https:\/\/www.radiopiu.net\/wordpress\/wp-content\/uploads\/2025\/03\/IMG_3099-1152x1536.jpg 1152w, https:\/\/www.radiopiu.net\/wordpress\/wp-content\/uploads\/2025\/03\/IMG_3099-1536x2048.jpg 1536w, https:\/\/www.radiopiu.net\/wordpress\/wp-content\/uploads\/2025\/03\/IMG_3099-scaled.jpg 1920w\" sizes=\"auto, (max-width: 225px) 100vw, 225px\" \/><\/a>\n\t\t\t\t<\/dt>\n\t\t\t\t\t<dd class='wp-caption-text gallery-caption' id='gallery-1-441409'>\n\t\t\t\t\tAGORDO_ISABEL CARLIN\n\t\t\t\t\t<\/dd><\/dl><br style=\"clear: both\" \/>\n\t\t\t<\/div>\n\n<p>&nbsp;<\/p>\n<div class=\"flex max-w-full flex-col flex-grow\">\n<div class=\"min-h-8 text-message relative flex w-full flex-col items-end gap-2 whitespace-normal break-words text-start [.text-message+&amp;]:mt-5\" dir=\"auto\" data-message-author-role=\"assistant\" data-message-id=\"90e32cc9-d874-4e7a-a6eb-3918db2c9b5f\" data-message-model-slug=\"gpt-4o\">\n<div class=\"flex w-full flex-col gap-1 empty:hidden first:pt-[3px]\">\n<div class=\"markdown prose w-full break-words dark:prose-invert dark\">\n<p class=\"\" data-start=\"206\" data-end=\"387\">Considerato che il primo di aprile deve ancora venire, mettiamo subito i puntini sulle i: le foto di Alessandra e del suo compagno sono reali. Nessun fotomontaggio, nessuna burla.<\/p>\n<p class=\"\" data-start=\"389\" data-end=\"581\">Poco fa alle 21, nel cielo sopra Agordo.\u00a0 E&#8217; arrivata la telefonata di Duilio Da Campo, da Voltago: <em data-start=\"505\" data-end=\"557\">&#8220;Alza gli occhi al cielo, c&#8217;\u00e8 qualcosa di strano!&#8221;<\/em> E cos\u00ec abbiamo fatto.<\/p>\n<p class=\"\" data-start=\"583\" data-end=\"831\">Ci\u00f2 che abbiamo visto ha lasciato tutti senza parole: un buco nel cielo, una sorta di apertura scura tra le stelle, e subito dopo, raggi di luce concentrici, intensi e ben visibili. Un effetto spettacolare e, per ora, senza una spiegazione certa.<\/p>\n<p class=\"\" data-start=\"833\" data-end=\"1083\">Poco dopo, in redazione \u00e8 arrivata la foto scattata da Alessandra, testimone diretta dell&#8217;evento. L&#8217;immagine conferma ci\u00f2 che molti hanno visto: un fenomeno luminoso anomalo, difficile da attribuire a semplici giochi di luce o riflessi atmosferici.<\/p>\n<h3 class=\"\" data-start=\"1783\" data-end=\"1822\"><strong data-start=\"1787\" data-end=\"1820\">Un enigma ancora da risolvere<\/strong><\/h3>\n<p class=\"\" data-start=\"1823\" data-end=\"1973\">Per ora, il cielo di Agordo ha regalato un mistero che attende risposte. Il fenomeno verr\u00e0 analizzato dagli esperti? Ci saranno altre testimonianze?<\/p>\n<p class=\"\" data-start=\"1975\" data-end=\"2140\">Nel frattempo, chiunque abbia visto qualcosa di simile \u00e8 invitato a raccontarlo. A volte, la spiegazione pi\u00f9 affascinante \u00e8 proprio quella che ancora non conosciamo.<\/p>\n<\/div>\n<\/div>\n<\/div>\n<\/div>\n<div class=\"mb-2 flex gap-3 -ml-2\">\n<div class=\"flex items-center justify-start rounded-xl p-1\">\n<div class=\"flex items-center\">\n<div class=\"flex items-center pb-0\"><\/div>\n<\/div>\n<\/div>\n<\/div>\n\n\t\t\t<style type='text\/css'>\n\t\t\t\t#gallery-2 {\n\t\t\t\t\tmargin: auto;\n\t\t\t\t}\n\t\t\t\t#gallery-2 .gallery-item {\n\t\t\t\t\tfloat: left;\n\t\t\t\t\tmargin-top: 10px;\n\t\t\t\t\ttext-align: center;\n\t\t\t\t\twidth: 50%;\n\t\t\t\t}\n\t\t\t\t#gallery-2 img {\n\t\t\t\t\tborder: 2px solid #cfcfcf;\n\t\t\t\t}\n\t\t\t\t#gallery-2 .gallery-caption {\n\t\t\t\t\tmargin-left: 0;\n\t\t\t\t}\n\t\t\t\t\/* see gallery_shortcode() in wp-includes\/media.php *\/\n\t\t\t<\/style>\n\t\t<div id='gallery-2' class='dt-gallery-container gallery galleryid-441408 gallery-columns-2 gallery-size-medium'><dl class='gallery-item'>\n\t\t\t\t<dt class='gallery-icon portrait'>\n\t\t\t\t\t<a class=\"rollover rollover-zoom dt-pswp-item\" title=\"485084020_985913906552578_5866096410024376029_n\" data-dt-img-description=\"\" data-large_image_width=\"1536\" data-large_image_height=\"2048\"href='https:\/\/www.radiopiu.net\/wordpress\/wp-content\/uploads\/2025\/03\/485084020_985913906552578_5866096410024376029_n.jpg'><img loading=\"lazy\" decoding=\"async\" width=\"225\" height=\"300\" src=\"https:\/\/www.radiopiu.net\/wordpress\/wp-content\/uploads\/2025\/03\/485084020_985913906552578_5866096410024376029_n-225x300.jpg\" class=\"attachment-medium size-medium\" alt=\"\" aria-describedby=\"gallery-2-441396\" srcset=\"https:\/\/www.radiopiu.net\/wordpress\/wp-content\/uploads\/2025\/03\/485084020_985913906552578_5866096410024376029_n-225x300.jpg 225w, https:\/\/www.radiopiu.net\/wordpress\/wp-content\/uploads\/2025\/03\/485084020_985913906552578_5866096410024376029_n-768x1024.jpg 768w, https:\/\/www.radiopiu.net\/wordpress\/wp-content\/uploads\/2025\/03\/485084020_985913906552578_5866096410024376029_n-1152x1536.jpg 1152w, https:\/\/www.radiopiu.net\/wordpress\/wp-content\/uploads\/2025\/03\/485084020_985913906552578_5866096410024376029_n.jpg 1536w\" sizes=\"auto, (max-width: 225px) 100vw, 225px\" \/><\/a>\n\t\t\t\t<\/dt>\n\t\t\t\t\t<dd class='wp-caption-text gallery-caption' id='gallery-2-441396'>\n\t\t\t\t\tAGORDO _ALESSANDRA ZASSO\n\t\t\t\t\t<\/dd><\/dl><dl class='gallery-item'>\n\t\t\t\t<dt class='gallery-icon portrait'>\n\t\t\t\t\t<a class=\"rollover rollover-zoom dt-pswp-item\" title=\"485084567_1182887136012944_8731583050795148284_n\" data-dt-img-description=\"\" data-large_image_width=\"1536\" data-large_image_height=\"2048\"href='https:\/\/www.radiopiu.net\/wordpress\/wp-content\/uploads\/2025\/03\/485084567_1182887136012944_8731583050795148284_n.jpg'><img loading=\"lazy\" decoding=\"async\" width=\"225\" height=\"300\" src=\"https:\/\/www.radiopiu.net\/wordpress\/wp-content\/uploads\/2025\/03\/485084567_1182887136012944_8731583050795148284_n-225x300.jpg\" class=\"attachment-medium size-medium\" alt=\"\" aria-describedby=\"gallery-2-441397\" srcset=\"https:\/\/www.radiopiu.net\/wordpress\/wp-content\/uploads\/2025\/03\/485084567_1182887136012944_8731583050795148284_n-225x300.jpg 225w, https:\/\/www.radiopiu.net\/wordpress\/wp-content\/uploads\/2025\/03\/485084567_1182887136012944_8731583050795148284_n-768x1024.jpg 768w, https:\/\/www.radiopiu.net\/wordpress\/wp-content\/uploads\/2025\/03\/485084567_1182887136012944_8731583050795148284_n-1152x1536.jpg 1152w, https:\/\/www.radiopiu.net\/wordpress\/wp-content\/uploads\/2025\/03\/485084567_1182887136012944_8731583050795148284_n.jpg 1536w\" sizes=\"auto, (max-width: 225px) 100vw, 225px\" \/><\/a>\n\t\t\t\t<\/dt>\n\t\t\t\t\t<dd class='wp-caption-text gallery-caption' id='gallery-2-441397'>\n\t\t\t\t\tAGORDO _ALESSANDRA ZASSO\n\t\t\t\t\t<\/dd><\/dl><br style=\"clear: both\" \/>\n\t\t\t<\/div>\n\n<p>&nbsp;<\/p>\n<p>&nbsp;<\/p>\n<pre class=\"moz-quote-pre\">in merito all\u2019articolo sulle luci strane apparse ad Agordo. Allego foto fatta a Cassacco (Udine).  Uno spettacolo che mi ha incantato. \r\nLa spirale si \u00e8 aperta sempre di pi\u00f9, fino a sparire.  Foto fatta alle 21.01 di stasera \r\n<strong>Chiara Capomagi<\/strong><\/pre>\n\n\t\t\t<style type='text\/css'>\n\t\t\t\t#gallery-3 {\n\t\t\t\t\tmargin: auto;\n\t\t\t\t}\n\t\t\t\t#gallery-3 .gallery-item {\n\t\t\t\t\tfloat: left;\n\t\t\t\t\tmargin-top: 10px;\n\t\t\t\t\ttext-align: center;\n\t\t\t\t\twidth: 50%;\n\t\t\t\t}\n\t\t\t\t#gallery-3 img {\n\t\t\t\t\tborder: 2px solid #cfcfcf;\n\t\t\t\t}\n\t\t\t\t#gallery-3 .gallery-caption {\n\t\t\t\t\tmargin-left: 0;\n\t\t\t\t}\n\t\t\t\t\/* see gallery_shortcode() in wp-includes\/media.php *\/\n\t\t\t<\/style>\n\t\t<div id='gallery-3' class='dt-gallery-container gallery galleryid-441408 gallery-columns-2 gallery-size-medium'><dl class='gallery-item'>\n\t\t\t\t<dt class='gallery-icon portrait'>\n\t\t\t\t\t<a class=\"rollover rollover-zoom dt-pswp-item\" title=\"image0\" data-dt-img-description=\"\" data-large_image_width=\"1920\" data-large_image_height=\"2560\"href='https:\/\/www.radiopiu.net\/wordpress\/wp-content\/uploads\/2025\/03\/image0-scaled.jpeg'><img loading=\"lazy\" decoding=\"async\" width=\"225\" height=\"300\" src=\"https:\/\/www.radiopiu.net\/wordpress\/wp-content\/uploads\/2025\/03\/image0-225x300.jpeg\" class=\"attachment-medium size-medium\" alt=\"\" aria-describedby=\"gallery-3-441414\" srcset=\"https:\/\/www.radiopiu.net\/wordpress\/wp-content\/uploads\/2025\/03\/image0-225x300.jpeg 225w, https:\/\/www.radiopiu.net\/wordpress\/wp-content\/uploads\/2025\/03\/image0-768x1024.jpeg 768w, https:\/\/www.radiopiu.net\/wordpress\/wp-content\/uploads\/2025\/03\/image0-1152x1536.jpeg 1152w, https:\/\/www.radiopiu.net\/wordpress\/wp-content\/uploads\/2025\/03\/image0-1536x2048.jpeg 1536w, https:\/\/www.radiopiu.net\/wordpress\/wp-content\/uploads\/2025\/03\/image0-scaled.jpeg 1920w\" sizes=\"auto, (max-width: 225px) 100vw, 225px\" \/><\/a>\n\t\t\t\t<\/dt>\n\t\t\t\t\t<dd class='wp-caption-text gallery-caption' id='gallery-3-441414'>\n\t\t\t\t\tCHIARA CAPOMAGI_CASSACCO UDINE\n\t\t\t\t\t<\/dd><\/dl><dl class='gallery-item'>\n\t\t\t\t<dt class='gallery-icon portrait'>\n\t\t\t\t\t<a class=\"rollover rollover-zoom dt-pswp-item\" title=\"image1\" data-dt-img-description=\"\" data-large_image_width=\"1920\" data-large_image_height=\"2560\"href='https:\/\/www.radiopiu.net\/wordpress\/wp-content\/uploads\/2025\/03\/image1-scaled.jpeg'><img loading=\"lazy\" decoding=\"async\" width=\"225\" height=\"300\" src=\"https:\/\/www.radiopiu.net\/wordpress\/wp-content\/uploads\/2025\/03\/image1-225x300.jpeg\" class=\"attachment-medium size-medium\" alt=\"\" aria-describedby=\"gallery-3-441415\" srcset=\"https:\/\/www.radiopiu.net\/wordpress\/wp-content\/uploads\/2025\/03\/image1-225x300.jpeg 225w, https:\/\/www.radiopiu.net\/wordpress\/wp-content\/uploads\/2025\/03\/image1-768x1024.jpeg 768w, https:\/\/www.radiopiu.net\/wordpress\/wp-content\/uploads\/2025\/03\/image1-1152x1536.jpeg 1152w, https:\/\/www.radiopiu.net\/wordpress\/wp-content\/uploads\/2025\/03\/image1-1536x2048.jpeg 1536w, https:\/\/www.radiopiu.net\/wordpress\/wp-content\/uploads\/2025\/03\/image1-scaled.jpeg 1920w\" sizes=\"auto, (max-width: 225px) 100vw, 225px\" \/><\/a>\n\t\t\t\t<\/dt>\n\t\t\t\t\t<dd class='wp-caption-text gallery-caption' id='gallery-3-441415'>\n\t\t\t\t\tCHIARA CAPOMAGI_CASSACCO UDINE\n\t\t\t\t\t<\/dd><\/dl><br style=\"clear: both\" \/>\n\t\t\t<\/div>\n\n<p>&nbsp;<\/p>\n<p>FOTO SIMILI IN RETE&#8230; SOLO UNA PARTE.<\/p>\n<p><span data-contrast=\"auto\">Una residente della\u00a0<strong>Nuova Zelanda<\/strong>\u00a0ha notato una\u00a0<strong>spirale<\/strong>\u00a0<strong>blu<\/strong>\u00a0<em>\u201cbizzarra ma molto interessante<\/em>\u201d sopra la sua casa il 19 giugno scorso. Clare Rehill ha fotografato la spirale nel cielo sopra Queenstown, una cittadina nell\u2019Isola del Sud della Nuova Zelanda. Ha pubblicato\u00a0la foto su Twitter\u2060, ipotizzando che avesse \u201c<em>qualcosa a che fare con SpaceX\u201d.<\/em><\/span><em><br \/>\n<\/em><\/p>\n<p><span data-contrast=\"auto\">La sua intenzione era corretta. Lo spettacolo nel cielo \u00e8 il risultato\u00a0di un\u00a0<strong>razzo\u00a0Falcon 9 di SpaceX<\/strong>, lanciato domenica 19 giugno dalla Cape Canaveral Space Force Station in Florida. Il razzo ha portato\u00a0in orbita un satellite per le comunicazioni per la societ\u00e0 Globalstar, con sede in Louisiana.\u00a0<\/span><span data-ccp-props=\"{&quot;201341983&quot;:0,&quot;335559739&quot;:160,&quot;335559740&quot;:259}\">\u00a0<\/span><\/p>\n<p><span data-contrast=\"auto\">La spirale \u00e8 stata generata dallo stadio superiore del Falcon 9 e Rehill non \u00e8 stata l\u2019unica a vederla. Anche l\u2019astronomo Alasdair Burns l\u2019ha fotografata e postata su Twitter. \u201c<em>Un fenomeno assolutamente bizzarro<\/em>\u00a0\u2013 ha detto l\u2019astronomo ai media \u2013\u00a0<em>era come una spirale e si muoveva, molto lentamente, verso nord. Alla fine si \u00e8 dissolta spontaneamente. A una prima occhiata sembrava quasi una sorta di piccola galassia \u2018appesa\u2019 nel cielo notturno<\/em>\u201c.<\/span><\/p>\n<p><span data-contrast=\"auto\">La caratteristica a forma di galassia era dovuta allo stadio superiore del Falcon 9 che scaricava il carburante avanzato mentre ricadeva nell\u2019Oceano Pacifico. A differenza del primo stadio del Falcon 9, che atterra dopo il lancio per poi essere riutilizzato, lo stadio superiore del razzo \u00e8 sacrificabile.\u00a0<em>\u201cLo stadio superiore stava probabilmente ruotando sul suo asse pi\u00f9 lungo per stabilizzare l\u2019orientamento del volo, da cui la forma a spirale\u201d<\/em>, ha scritto Spaceweather.com. \u201c<em>Spirali simili sono state osservate dopo precedenti lanci del Falcon 9<\/em>\u201c.<\/span><span data-ccp-props=\"{&quot;201341983&quot;:0,&quot;335559739&quot;:160,&quot;335559740&quot;:259}\">\u00a0<\/span><\/p>\n<p>&nbsp;<\/p>\n<p><a class=\"dt-pswp-item\" href=\"https:\/\/www.radiopiu.net\/wordpress\/wp-content\/uploads\/2025\/03\/Immagine-2025-03-24-213221.png\" data-dt-img-description=\"\" data-large_image_width=\"744\" data-large_image_height=\"720\"><img loading=\"lazy\" decoding=\"async\" class=\"alignnone wp-image-441405 size-full\" src=\"https:\/\/www.radiopiu.net\/wordpress\/wp-content\/uploads\/2025\/03\/Immagine-2025-03-24-213221.png\" alt=\"\" width=\"744\" height=\"720\" srcset=\"https:\/\/www.radiopiu.net\/wordpress\/wp-content\/uploads\/2025\/03\/Immagine-2025-03-24-213221.png 744w, https:\/\/www.radiopiu.net\/wordpress\/wp-content\/uploads\/2025\/03\/Immagine-2025-03-24-213221-300x290.png 300w\" sizes=\"auto, (max-width: 744px) 100vw, 744px\" \/><\/a><\/p>\n<p>CURIOSITA&#8217; DAL MONDO:<\/p>\n<h1 class=\"title\"><a class=\"dt-pswp-item\" href=\"https:\/\/www.radiopiu.net\/wordpress\/wp-content\/uploads\/2025\/03\/luce-nel-cielo-1546154.610x431.jpg\" data-dt-img-description=\"\" data-large_image_width=\"610\" data-large_image_height=\"431\"><img loading=\"lazy\" decoding=\"async\" class=\" wp-image-441403 alignleft\" src=\"https:\/\/www.radiopiu.net\/wordpress\/wp-content\/uploads\/2025\/03\/luce-nel-cielo-1546154.610x431-300x212.jpg\" alt=\"\" width=\"184\" height=\"130\" srcset=\"https:\/\/www.radiopiu.net\/wordpress\/wp-content\/uploads\/2025\/03\/luce-nel-cielo-1546154.610x431-300x212.jpg 300w, https:\/\/www.radiopiu.net\/wordpress\/wp-content\/uploads\/2025\/03\/luce-nel-cielo-1546154.610x431.jpg 610w\" sizes=\"auto, (max-width: 184px) 100vw, 184px\" \/><\/a>Cos\u2019era la misteriosa \u201cnuvola luminosa\u201d apparsa nel cielo<\/h1>\n<h3 class=\"occhiello\">Il fenomeno \u00e8 stato osservato da molti con curiosit\u00e0 o preoccupazione. C&#8217;\u00e8 una spiegazione, anche se non \u00e8 del tutto rassicurante: tranquilli, era il test di un missile per testate nucleari<\/h3>\n<p>Nel\u00a0<strong>tardo pomeriggio di sabato \u2013 alle 19.20<\/strong>\u00a0-molte persone hanno visto una\u00a0<strong>\u201cnuvola luminosa\u201d, nel cielo gi\u00e0 buio. Una fonte di luce posizionata a Ovest<\/strong>\u00a0\u2013 nel caso del Nord Italia \u2013 chiaramente distinta dalla luce della luna\u00a0<em>(Foto di apertura: a Cassano Magnago). <\/em>Una visione che ha creato curiosit\u00e0 e in qualche caso apprensione. Tra gli appassionati di spazio (e chi in generale \u00e8 pi\u00f9 informato) si \u00e8 pensato che potesse trattarsi del volo o dell\u2019esplosione controllata di Starship, il razzo di Elon Musk\u00a0<a href=\"https:\/\/www.ansa.it\/canale_scienza\/notizie\/spazio_astronomia\/2023\/11\/18\/fatto-esplodere-in-volo-il-razzo-starship-di-spacex_47213056-4313-4ce2-ae96-3f48ab4e5c6e.html\">fatto esplodere in volo dopo il lancio<\/a>, mentre gi\u00e0\u00a0<a href=\"https:\/\/www.ilpost.it\/2023\/11\/18\/spacex-ci-riprova-con-starship\/?homepagePosition=8\">si trovava nello spazio<\/a>.<\/p>\n<p><a href=\"https:\/\/www.varesenews.it\/2023\/11\/luce-nel-cielo-varese-test-missilistico\/1771181\/\">LEGGI QUI L&#8217;ARTICOLO COMPLETO DA VARESE NEWS<\/a><\/p>\n<p>&nbsp;<\/p>\n<p>&nbsp;<\/p>\n<p>&nbsp;<\/p>\n","protected":false},"excerpt":{"rendered":"<p>DI CLAUDIO PRA La spettacolare comparsa di una inquietante spirale luminosa in cielo, ben visibile anche dai cieli dell&#8217;Agordino per qualche minuto, ha gi\u00e0 avuto una spiegazione, che \u00e8 quella a cui ho subito pensato non appena informato del fenomeno. In effetti lo strano bagliore si era gi\u00e0 manifestato in diverse occasioni in altre parti&hellip;<\/p>\n","protected":false},"author":4,"featured_media":441410,"comment_status":"closed","ping_status":"closed","sticky":false,"template":"","format":"standard","meta":{"_monsterinsights_skip_tracking":false,"_monsterinsights_sitenote_active":false,"_monsterinsights_sitenote_note":"","_monsterinsights_sitenote_category":0,"footnotes":""},"categories":[51,49],"tags":[],"class_list":["post-441408","post","type-post","status-publish","format-standard","has-post-thumbnail","hentry","category-evidenza-top","category-news-18","category-51","category-49","description-off"],"img_url":"https:\/\/www.radiopiu.net\/wordpress\/wp-content\/uploads\/2025\/03\/IMG_3101-scaled.jpg","_links":{"self":[{"href":"https:\/\/www.radiopiu.net\/wordpress\/wp-json\/wp\/v2\/posts\/441408","targetHints":{"allow":["GET"]}}],"collection":[{"href":"https:\/\/www.radiopiu.net\/wordpress\/wp-json\/wp\/v2\/posts"}],"about":[{"href":"https:\/\/www.radiopiu.net\/wordpress\/wp-json\/wp\/v2\/types\/post"}],"author":[{"embeddable":true,"href":"https:\/\/www.radiopiu.net\/wordpress\/wp-json\/wp\/v2\/users\/4"}],"replies":[{"embeddable":true,"href":"https:\/\/www.radiopiu.net\/wordpress\/wp-json\/wp\/v2\/comments?post=441408"}],"version-history":[{"count":5,"href":"https:\/\/www.radiopiu.net\/wordpress\/wp-json\/wp\/v2\/posts\/441408\/revisions"}],"predecessor-version":[{"id":441456,"href":"https:\/\/www.radiopiu.net\/wordpress\/wp-json\/wp\/v2\/posts\/441408\/revisions\/441456"}],"wp:featuredmedia":[{"embeddable":true,"href":"https:\/\/www.radiopiu.net\/wordpress\/wp-json\/wp\/v2\/media\/441410"}],"wp:attachment":[{"href":"https:\/\/www.radiopiu.net\/wordpress\/wp-json\/wp\/v2\/media?parent=441408"}],"wp:term":[{"taxonomy":"category","embeddable":true,"href":"https:\/\/www.radiopiu.net\/wordpress\/wp-json\/wp\/v2\/categories?post=441408"},{"taxonomy":"post_tag","embeddable":true,"href":"https:\/\/www.radiopiu.net\/wordpress\/wp-json\/wp\/v2\/tags?post=441408"}],"curies":[{"name":"wp","href":"https:\/\/api.w.org\/{rel}","templated":true}]}}