{"id":441427,"date":"2025-03-25T05:42:37","date_gmt":"2025-03-25T04:42:37","guid":{"rendered":"https:\/\/www.radiopiu.net\/wordpress\/?p=441427"},"modified":"2025-03-25T09:51:20","modified_gmt":"2025-03-25T08:51:20","slug":"badante-a-processo-per-furto-di-28-mila-euro-allanziano","status":"publish","type":"post","link":"https:\/\/www.radiopiu.net\/wordpress\/badante-a-processo-per-furto-di-28-mila-euro-allanziano\/","title":{"rendered":"BADANTE A PROCESSO PER FURTO DI 28 MILA EURO ALL\u2019ANZIANO"},"content":{"rendered":"<p>**<\/p>\n<p><span style=\"color: #ff0000;\">OGGI LA GIUDIZIARIA: SUL CORRIERE DELLE ALPI<\/span><br \/>\n<span style=\"color: #ff0000;\">SINTESI DEGLI ARTICOLI DI GIGI SOSSO<\/span><\/p>\n<p><strong><img loading=\"lazy\" decoding=\"async\" class=\"alignleft\" src=\"https:\/\/www.radiopiu.net\/wordpress\/wp-content\/uploads\/2023\/03\/wheelchair-952183__340.jpg\" width=\"227\" height=\"151\" \/>BELLUNO <\/strong>Una badante dominicana\u00a0 \u00e8 accusata di aver sottratto 28 mila euro a un anziano invalido di cui si prendeva cura. Secondo la Procura, avrebbe utilizzato il token di accesso remoto al conto corrente dell\u2019uomo tra gennaio 2022 e agosto 2023. \u00c8 imputata per furto aggravato, frode informatica e uso indebito di strumenti di pagamento. Il giudice ha respinto la richiesta di non luogo a procedere avanzata dalla difesa. Il processo inizier\u00e0 il 6 maggio, con la sorella dell\u2019anziano come parte offesa<\/p>\n<article class=\"group\/turn w-full text-token-text-primary focus-visible:outline-none\" dir=\"auto\" tabindex=\"-1\" data-testid=\"conversation-turn-14\" data-scroll-anchor=\"false\">\n<div class=\"text-base my-auto mx-auto py-5 px-6\">\n<div class=\"mx-auto flex flex-1 text-base gap-4 md:gap-5 lg:gap-6 md:max-w-3xl\">\n<div class=\"group\/conversation-turn relative flex w-full min-w-0 flex-col agent-turn @xs\/thread:px-0 @sm\/thread:px-1.5 @md\/thread:px-4\">\n<div class=\"relative flex-col gap-1 md:gap-3\">\n<div class=\"flex absolute left-0 right-0 flex justify-start\">\n<div class=\"-me-1 -ms-2.5 flex select-none items-center p-1 touch:-me-2 touch:-ms-3.5 -mt-1 transition-[mask-position] [mask-image:linear-gradient(to_var(--mask-direction),black_33%,transparent_66%)] [mask-position:var(--mask-from-pos)] [mask-size:300%_100%] [--mask-direction:right] [--mask-from-pos:100%_0] [--mask-to-pos:0_0] pointer-events-none duration-300 group-hover\/turn:pointer-events-auto group-hover\/turn:delay-100 group-hover\/turn:[mask-position:var(--mask-to-pos)] group-focus-within\/turn:pointer-events-auto group-focus-within\/turn:[mask-position:var(--mask-to-pos)] has-[[data-state=open]]:pointer-events-auto has-[[data-state=open]]:[mask-position:var(--mask-to-pos)]\"><\/div>\n<\/div>\n<\/div>\n<\/div>\n<\/div>\n<\/div>\n<\/article>\n<article class=\"group\/turn w-full text-token-text-primary focus-visible:outline-none\" dir=\"auto\" tabindex=\"-1\" data-testid=\"conversation-turn-8\" data-scroll-anchor=\"true\">\n<div class=\"text-base my-auto mx-auto py-5 px-6\">\n<div class=\"mx-auto flex flex-1 text-base gap-4 md:gap-5 lg:gap-6 md:max-w-3xl\">\n<div class=\"group\/conversation-turn relative flex w-full min-w-0 flex-col agent-turn @xs\/thread:px-0 @sm\/thread:px-1.5 @md\/thread:px-4\">\n<div class=\"relative flex-col gap-1 md:gap-3\">\n<div class=\"flex max-w-full flex-col flex-grow\">\n<div class=\"min-h-8 text-message relative flex w-full flex-col items-end gap-2 whitespace-normal break-words text-start [.text-message+&amp;]:mt-5\" dir=\"auto\" data-message-author-role=\"assistant\" data-message-id=\"8c155afc-cc7c-4e90-a4cb-71ae855219eb\" data-message-model-slug=\"gpt-4o\">\n<div class=\"flex w-full flex-col gap-1 empty:hidden first:pt-[3px]\">\n<div class=\"markdown prose w-full break-words dark:prose-invert dark\">\n<p class=\"\" data-start=\"0\" data-end=\"54\"><strong data-start=\"0\" data-end=\"54\" data-is-last-node=\"\" data-is-only-node=\"\">EX POLIZIOTTO CONDANNATO PER CALUNNIA ALLA BARISTA<\/strong><\/p>\n<p>BELLUNO L\u2019ex poliziotto A B\u00a0 \u00e8 stato condannato a due anni di reclusione per calunnia ai danni di una barista di Sois. Il Tribunale di Belluno ha riconosciuto che l\u2019uomo l\u2019aveva falsamente accusata di diffamazione e false <img loading=\"lazy\" decoding=\"async\" class=\"alignleft\" src=\"https:\/\/www.radiopiu.net\/wordpress\/wp-content\/uploads\/2025\/03\/b6001c45-483c-4c6c-8142-c4e276d120cf-300x300.webp\" width=\"223\" height=\"223\" \/>informazioni al PM. Dovr\u00e0 inoltre risarcire la donna con 4.000 euro. Assolto invece dall\u2019accusa di frode in processo penale e depistaggio. L\u2019indagine della Squadra mobile ha dimostrato che l\u2019ex agente frequentava il bar coinvolto nella vicenda e che le sue accuse erano infondate. Il procedimento disciplinare gli \u00e8 costato il posto nel 2021. Nel frattempo, il gestore del bar, Roberto Dal Borgo, \u00e8 stato condannato in appello a sette anni per spaccio di droga.<\/p>\n<\/div>\n<\/div>\n<\/div>\n<\/div>\n<div class=\"mt-3 w-full empty:hidden\">\n<div class=\"text-center\"><\/div>\n<\/div>\n<\/div>\n<div class=\"absolute\">\n<div class=\"flex items-center justify-center\">\n<p class=\"\" data-start=\"0\" data-end=\"52\"><strong data-start=\"0\" data-end=\"50\">UBRIACO MINACCIA I CARABINIERI: RISCHIA 6 MESI<\/strong><\/p>\n<p class=\"\" data-start=\"54\" data-end=\"518\">I O, che si \u00e8 spacciato per maggiore dell\u2019esercito moldavo, \u00e8 accusato di minaccia, danneggiamento e rifiuto dell\u2019etilometro dopo un incidente a Belluno. Ubriaco e agitato, ha rifiutato pi\u00f9 volte l\u2019alcol test, tentando di negare la guida dell\u2019Audi, ma le telecamere lo hanno smentito. La Procura ha chiesto sei mesi di reclusione, un anno di arresto, 3.000 euro di multa e la sospensione della patente per 18 mesi. La sentenza \u00e8 attesa per il 5 maggio.<\/p>\n<p><strong>ALLEGHE<\/strong> M L \u00e8 accusata di lesioni e omissione di soccorso dopo aver urtato una moto il 12 agosto di quattro anni fa, senza fermarsi. La donna sostiene di non essersi accorta dell&#8217;incidente. Due motociclisti, feriti, sono stati soccorsi all&#8217;ospedale. Le immagini delle telecamere mostrano l&#8217;auto della donna ma non la moto. Il processo inizier\u00e0 il 13 maggio, con il dibattimento che determiner\u00e0 la verit\u00e0 sull&#8217;incidente e la responsabilit\u00e0 dell&#8217;imputata<\/p>\n<div class=\"pointer-events-none h-px w-px\" aria-hidden=\"true\" data-edge=\"true\">\n<p>__<\/p>\n<\/div>\n<\/div>\n<\/div>\n<\/div>\n<\/div>\n<\/div>\n<\/article>\n<div class=\"pointer-events-none h-px w-px\" aria-hidden=\"true\" data-edge=\"true\"><\/div>\n","protected":false},"excerpt":{"rendered":"<p>** OGGI LA GIUDIZIARIA: SUL CORRIERE DELLE ALPI SINTESI DEGLI ARTICOLI DI GIGI SOSSO BELLUNO Una badante dominicana\u00a0 \u00e8 accusata di aver sottratto 28 mila euro a un anziano invalido di cui si prendeva cura. Secondo la Procura, avrebbe utilizzato il token di accesso remoto al conto corrente dell\u2019uomo tra gennaio 2022 e agosto 2023.&hellip;<\/p>\n","protected":false},"author":4,"featured_media":441431,"comment_status":"closed","ping_status":"closed","sticky":false,"template":"","format":"standard","meta":{"_monsterinsights_skip_tracking":false,"_monsterinsights_sitenote_active":false,"_monsterinsights_sitenote_note":"","_monsterinsights_sitenote_category":0,"footnotes":""},"categories":[51,49],"tags":[],"class_list":["post-441427","post","type-post","status-publish","format-standard","has-post-thumbnail","hentry","category-evidenza-top","category-news-18","category-51","category-49","description-off"],"img_url":"https:\/\/www.radiopiu.net\/wordpress\/wp-content\/uploads\/2025\/03\/b6001c45-483c-4c6c-8142-c4e276d120cf.webp","_links":{"self":[{"href":"https:\/\/www.radiopiu.net\/wordpress\/wp-json\/wp\/v2\/posts\/441427","targetHints":{"allow":["GET"]}}],"collection":[{"href":"https:\/\/www.radiopiu.net\/wordpress\/wp-json\/wp\/v2\/posts"}],"about":[{"href":"https:\/\/www.radiopiu.net\/wordpress\/wp-json\/wp\/v2\/types\/post"}],"author":[{"embeddable":true,"href":"https:\/\/www.radiopiu.net\/wordpress\/wp-json\/wp\/v2\/users\/4"}],"replies":[{"embeddable":true,"href":"https:\/\/www.radiopiu.net\/wordpress\/wp-json\/wp\/v2\/comments?post=441427"}],"version-history":[{"count":3,"href":"https:\/\/www.radiopiu.net\/wordpress\/wp-json\/wp\/v2\/posts\/441427\/revisions"}],"predecessor-version":[{"id":441458,"href":"https:\/\/www.radiopiu.net\/wordpress\/wp-json\/wp\/v2\/posts\/441427\/revisions\/441458"}],"wp:featuredmedia":[{"embeddable":true,"href":"https:\/\/www.radiopiu.net\/wordpress\/wp-json\/wp\/v2\/media\/441431"}],"wp:attachment":[{"href":"https:\/\/www.radiopiu.net\/wordpress\/wp-json\/wp\/v2\/media?parent=441427"}],"wp:term":[{"taxonomy":"category","embeddable":true,"href":"https:\/\/www.radiopiu.net\/wordpress\/wp-json\/wp\/v2\/categories?post=441427"},{"taxonomy":"post_tag","embeddable":true,"href":"https:\/\/www.radiopiu.net\/wordpress\/wp-json\/wp\/v2\/tags?post=441427"}],"curies":[{"name":"wp","href":"https:\/\/api.w.org\/{rel}","templated":true}]}}