{"id":441460,"date":"2025-03-25T14:34:49","date_gmt":"2025-03-25T13:34:49","guid":{"rendered":"https:\/\/www.radiopiu.net\/wordpress\/?p=441460"},"modified":"2025-03-26T10:34:36","modified_gmt":"2025-03-26T09:34:36","slug":"al-via-la-sala-situazioni-veneto-in-modalita-h24","status":"publish","type":"post","link":"https:\/\/www.radiopiu.net\/wordpress\/al-via-la-sala-situazioni-veneto-in-modalita-h24\/","title":{"rendered":"AL VIA LA SALA SITUAZIONI VENETO IN MODALITA&#8217; H24"},"content":{"rendered":"<p>******<\/p>\n<p>&nbsp;<\/p>\n<p><strong><a class=\"dt-pswp-item\" href=\"https:\/\/www.radiopiu.net\/wordpress\/wp-content\/uploads\/2025\/03\/7e7695b0-f4c8-4bcd-a813-81c27c0b9ade.jpg\" data-dt-img-description=\"\" data-large_image_width=\"1600\" data-large_image_height=\"1072\"><img loading=\"lazy\" decoding=\"async\" class=\" wp-image-441467 alignleft\" src=\"https:\/\/www.radiopiu.net\/wordpress\/wp-content\/uploads\/2025\/03\/7e7695b0-f4c8-4bcd-a813-81c27c0b9ade-300x201.jpg\" alt=\"\" width=\"254\" height=\"170\" srcset=\"https:\/\/www.radiopiu.net\/wordpress\/wp-content\/uploads\/2025\/03\/7e7695b0-f4c8-4bcd-a813-81c27c0b9ade-300x201.jpg 300w, https:\/\/www.radiopiu.net\/wordpress\/wp-content\/uploads\/2025\/03\/7e7695b0-f4c8-4bcd-a813-81c27c0b9ade-1024x686.jpg 1024w, https:\/\/www.radiopiu.net\/wordpress\/wp-content\/uploads\/2025\/03\/7e7695b0-f4c8-4bcd-a813-81c27c0b9ade-768x515.jpg 768w, https:\/\/www.radiopiu.net\/wordpress\/wp-content\/uploads\/2025\/03\/7e7695b0-f4c8-4bcd-a813-81c27c0b9ade-1536x1029.jpg 1536w, https:\/\/www.radiopiu.net\/wordpress\/wp-content\/uploads\/2025\/03\/7e7695b0-f4c8-4bcd-a813-81c27c0b9ade.jpg 1600w\" sizes=\"auto, (max-width: 254px) 100vw, 254px\" \/><\/a>VENEZIA<\/strong> Presso la sede regionale di Protezione Civile \u00e8 stata avviata, in modalit\u00e0 H24, la Sala Situazioni Veneto in cui vengono raccolte tutte le informazioni relative alle situazioni di emergenza o comunque di pericolo del territorio regionale. \u201cDa anni ci eravamo dotati di una sala operativa che gi\u00e0 era funzionante H8 dal luned\u00ec al venerd\u00ec nella normalit\u00e0 e H24 nelle sole situazioni emergenziali \u2013 spiega l\u2019assessore Gianpaolo Bottacin \u2013, ora implementiamo il servizio con un\u2019operativit\u00e0 H24 durante tutto l\u2019anno\u201d. La nuova Sala Situazioni Veneto, da marzo infatti \u00e8 attiva 24 ore su 24, tutti i giorni della settimana. \u201cL\u2019obiettivo \u00e8 raccogliere segnalazioni, verificarle e informare gli enti interessati assicurando un puntuale allineamento del sistema comunicativo e degli eventuali soccorsi, confermando le notizie e interfacciandoci in particolare con i sanitari del SUEM 118, i vigili del fuoco, le forze dell&#8217;ordine, le prefetture, le province, i comuni e con tutti gli operatori preposti, che seguano i soccorsi, i trasporti, le vie di collegamento, etc cos\u00ec da diffondere, in tempo reale, dati certi sulle singole situazioni e gli interventi in corso oltrech\u00e9 coordinarsi sulla gestione dei medesimi\u201d. Presso la Sala Situazioni Veneto di Marghera, cuore della Protezione Civile, gli operatori rispondono potendo fruire degli strumenti per valutare le informazioni raccolte. Dopo alcune settimane dove il personale dedicato \u00e8 stato impegnato nell\u2019adeguata formazione, apprendendo non solo le nozioni di base ma partecipando anche a delle simulazioni pratiche, il nuovo servizio \u00e8 stato attivato in tre turni. \u201cIn queste prime settimane di apertura H24 la struttura \u00e8 gi\u00e0 stata coinvolta in diverse situazioni di emergenza o soccorso &#8211; dettaglia l\u2019assessore -; gli esempi pratici di eventi in cui ci si rivolge alla Sala Situazioni Veneto sono molteplici, dall&#8217;incidente stradale all&#8217;incendio, da una frana o un evento valanghivo a episodi di inquinamento territoriale, dalla scomparsa di persone alla gestione della Colonna Mobile dei soccorsi; praticamente ogni situazione di pericolo o potenziale pericolo&#8221;. \u201cIl nostro principale obiettivo \u00e8 aumentare la sicurezza del territorio e dei cittadini e per questo negli anni abbiamo lavorato, innanzitutto in termini di previsione e prevenzione del rischio, ottenendo risultati che si sono rivelati fondamentali nella gestione delle calamit\u00e0 che di recente hanno colpito il territorio, e che avrebbero potuto avere conseguenze ben peggiori se alle spalle non ci fosse stato un grande sforzo\u201d.<br \/>\nOggi, rispetto al passato, il Veneto \u00e8 certamente pi\u00f9 sicuro: per fare un raffronto \u00e8 sufficiente ad esempio vedere ci\u00f2 che accadde nel non lontano 2010, con mezza regione allagata, e ci\u00f2 che invece non \u00e8 accaduto in eventi meteorologici successivi di pari o superiore entit\u00e0, come Vaia, l&#8217;acqua granda o l&#8217;alluvione del dicembre 2020. \u201c\u00c8 il frutto dell&#8217;impegno messo in campo nell&#8217;ambito del nostro piano dinamico di adattamento ai cambiamenti climatici \u2013 prosegue Bottacin -, per il quale abbiamo gi\u00e0 investito 2,2 miliardi di euro su una spesa a oggi prevista di 4 miliardi in opere. Se siamo pi\u00f9 sicuri non \u00e8 solo dovuto ai grandi investimenti economici fatti, ma anche al tipo di scelte compiute, che ho voluto di valore scientifico, basate sull\u2019indice di rischio e con importanti collaborazioni con il mondo accademico\u201d. Ora, tra i tanti elementi in pi\u00f9 per la sicurezza, si aggiunge anche la Sala Situazioni Veneto in modalit\u00e0 H24, all\u2019interno della quale saranno sempre presenti almeno due operatori, supportati in orario feriale diurno anche dal personale della Direzione Protezione Civile, mentre nei fine settimana e in orario serale notturno verranno coadiuvati su chiamata telefonica dal personale reperibile. \u201cConsapevoli che l\u2019allertamento\u00a0e la comunicazione\u00a0in emergenza\u00a0sono\u00a0un aspetto delicatissimo \u2013 conclude l&#8217;assessore -, alla luce delle molte segnalazioni riscontrate fuori dagli orari di operativit\u00e0 della sala, abbiamo deciso dunque di estendere questo servizio H24, sia per accelerare il flusso informativo sia in quanto la Regione, essendosi in questi anni dotata di moltissimi strumenti di previsione, \u00e8 l\u2019ente che coerentemente pu\u00f2 meglio verificare talune informazioni delicate. Da tempo abbiamo infatti sviluppato una serie di reti di monitoraggio e controllo fisico del territorio attraverso cui raccogliere dati e predisporre previsioni attendibili, tra cui reti idrometriche e idrogeologiche, sismiche, radar meteorologici e molto altro ancora.\u00a0Lo eravamo gi\u00e0, ma con questo servizio H24 saremo ulteriore e basilare punto di riferimento per la sicurezza del territorio\u201d.<\/p>\n\n\t\t\t<style type='text\/css'>\n\t\t\t\t#gallery-1 {\n\t\t\t\t\tmargin: auto;\n\t\t\t\t}\n\t\t\t\t#gallery-1 .gallery-item {\n\t\t\t\t\tfloat: left;\n\t\t\t\t\tmargin-top: 10px;\n\t\t\t\t\ttext-align: center;\n\t\t\t\t\twidth: 33%;\n\t\t\t\t}\n\t\t\t\t#gallery-1 img {\n\t\t\t\t\tborder: 2px solid #cfcfcf;\n\t\t\t\t}\n\t\t\t\t#gallery-1 .gallery-caption {\n\t\t\t\t\tmargin-left: 0;\n\t\t\t\t}\n\t\t\t\t\/* see gallery_shortcode() in wp-includes\/media.php *\/\n\t\t\t<\/style>\n\t\t<div id='gallery-1' class='dt-gallery-container gallery galleryid-441460 gallery-columns-3 gallery-size-medium'><dl class='gallery-item'>\n\t\t\t\t<dt class='gallery-icon landscape'>\n\t\t\t\t\t<a class=\"rollover rollover-zoom dt-pswp-item\" title=\"5aecab3e-025d-4714-9bab-d76b420229fe\" data-dt-img-description=\"\" data-large_image_width=\"1608\" data-large_image_height=\"1023\"href='https:\/\/www.radiopiu.net\/wordpress\/wp-content\/uploads\/2025\/03\/5aecab3e-025d-4714-9bab-d76b420229fe.jpg'><img loading=\"lazy\" decoding=\"async\" width=\"300\" height=\"191\" src=\"https:\/\/www.radiopiu.net\/wordpress\/wp-content\/uploads\/2025\/03\/5aecab3e-025d-4714-9bab-d76b420229fe-300x191.jpg\" class=\"attachment-medium size-medium\" alt=\"\" srcset=\"https:\/\/www.radiopiu.net\/wordpress\/wp-content\/uploads\/2025\/03\/5aecab3e-025d-4714-9bab-d76b420229fe-300x191.jpg 300w, https:\/\/www.radiopiu.net\/wordpress\/wp-content\/uploads\/2025\/03\/5aecab3e-025d-4714-9bab-d76b420229fe-1024x651.jpg 1024w, https:\/\/www.radiopiu.net\/wordpress\/wp-content\/uploads\/2025\/03\/5aecab3e-025d-4714-9bab-d76b420229fe-768x489.jpg 768w, https:\/\/www.radiopiu.net\/wordpress\/wp-content\/uploads\/2025\/03\/5aecab3e-025d-4714-9bab-d76b420229fe-1536x977.jpg 1536w, https:\/\/www.radiopiu.net\/wordpress\/wp-content\/uploads\/2025\/03\/5aecab3e-025d-4714-9bab-d76b420229fe.jpg 1608w\" sizes=\"auto, (max-width: 300px) 100vw, 300px\" \/><\/a>\n\t\t\t\t<\/dt><\/dl><dl class='gallery-item'>\n\t\t\t\t<dt class='gallery-icon landscape'>\n\t\t\t\t\t<a class=\"rollover rollover-zoom dt-pswp-item\" title=\"e3a1cd62-20b7-4c35-82e1-ca5e750c3447\" data-dt-img-description=\"\" data-large_image_width=\"1559\" data-large_image_height=\"1024\"href='https:\/\/www.radiopiu.net\/wordpress\/wp-content\/uploads\/2025\/03\/e3a1cd62-20b7-4c35-82e1-ca5e750c3447.jpg'><img loading=\"lazy\" decoding=\"async\" width=\"300\" height=\"197\" src=\"https:\/\/www.radiopiu.net\/wordpress\/wp-content\/uploads\/2025\/03\/e3a1cd62-20b7-4c35-82e1-ca5e750c3447-300x197.jpg\" class=\"attachment-medium size-medium\" alt=\"\" srcset=\"https:\/\/www.radiopiu.net\/wordpress\/wp-content\/uploads\/2025\/03\/e3a1cd62-20b7-4c35-82e1-ca5e750c3447-300x197.jpg 300w, https:\/\/www.radiopiu.net\/wordpress\/wp-content\/uploads\/2025\/03\/e3a1cd62-20b7-4c35-82e1-ca5e750c3447-1024x673.jpg 1024w, https:\/\/www.radiopiu.net\/wordpress\/wp-content\/uploads\/2025\/03\/e3a1cd62-20b7-4c35-82e1-ca5e750c3447-768x504.jpg 768w, https:\/\/www.radiopiu.net\/wordpress\/wp-content\/uploads\/2025\/03\/e3a1cd62-20b7-4c35-82e1-ca5e750c3447-1536x1009.jpg 1536w, https:\/\/www.radiopiu.net\/wordpress\/wp-content\/uploads\/2025\/03\/e3a1cd62-20b7-4c35-82e1-ca5e750c3447.jpg 1559w\" sizes=\"auto, (max-width: 300px) 100vw, 300px\" \/><\/a>\n\t\t\t\t<\/dt><\/dl><dl class='gallery-item'>\n\t\t\t\t<dt class='gallery-icon landscape'>\n\t\t\t\t\t<a class=\"rollover rollover-zoom dt-pswp-item\" title=\"4d3e7653-5076-4d7f-95e6-223a0644f37f\" data-dt-img-description=\"\" data-large_image_width=\"1418\" data-large_image_height=\"1029\"href='https:\/\/www.radiopiu.net\/wordpress\/wp-content\/uploads\/2025\/03\/4d3e7653-5076-4d7f-95e6-223a0644f37f.jpg'><img loading=\"lazy\" decoding=\"async\" width=\"300\" height=\"218\" src=\"https:\/\/www.radiopiu.net\/wordpress\/wp-content\/uploads\/2025\/03\/4d3e7653-5076-4d7f-95e6-223a0644f37f-300x218.jpg\" class=\"attachment-medium size-medium\" alt=\"\" srcset=\"https:\/\/www.radiopiu.net\/wordpress\/wp-content\/uploads\/2025\/03\/4d3e7653-5076-4d7f-95e6-223a0644f37f-300x218.jpg 300w, https:\/\/www.radiopiu.net\/wordpress\/wp-content\/uploads\/2025\/03\/4d3e7653-5076-4d7f-95e6-223a0644f37f-1024x743.jpg 1024w, https:\/\/www.radiopiu.net\/wordpress\/wp-content\/uploads\/2025\/03\/4d3e7653-5076-4d7f-95e6-223a0644f37f-768x557.jpg 768w, https:\/\/www.radiopiu.net\/wordpress\/wp-content\/uploads\/2025\/03\/4d3e7653-5076-4d7f-95e6-223a0644f37f.jpg 1418w\" sizes=\"auto, (max-width: 300px) 100vw, 300px\" \/><\/a>\n\t\t\t\t<\/dt><\/dl><br style=\"clear: both\" \/><dl class='gallery-item'>\n\t\t\t\t<dt class='gallery-icon landscape'>\n\t\t\t\t\t<a class=\"rollover rollover-zoom dt-pswp-item\" title=\"405ca049-e17b-49b9-8a8c-e54ff8ddc8ea\" data-dt-img-description=\"\" data-large_image_width=\"1689\" data-large_image_height=\"1025\"href='https:\/\/www.radiopiu.net\/wordpress\/wp-content\/uploads\/2025\/03\/405ca049-e17b-49b9-8a8c-e54ff8ddc8ea.jpg'><img loading=\"lazy\" decoding=\"async\" width=\"300\" height=\"182\" src=\"https:\/\/www.radiopiu.net\/wordpress\/wp-content\/uploads\/2025\/03\/405ca049-e17b-49b9-8a8c-e54ff8ddc8ea-300x182.jpg\" class=\"attachment-medium size-medium\" alt=\"\" srcset=\"https:\/\/www.radiopiu.net\/wordpress\/wp-content\/uploads\/2025\/03\/405ca049-e17b-49b9-8a8c-e54ff8ddc8ea-300x182.jpg 300w, https:\/\/www.radiopiu.net\/wordpress\/wp-content\/uploads\/2025\/03\/405ca049-e17b-49b9-8a8c-e54ff8ddc8ea-1024x621.jpg 1024w, https:\/\/www.radiopiu.net\/wordpress\/wp-content\/uploads\/2025\/03\/405ca049-e17b-49b9-8a8c-e54ff8ddc8ea-768x466.jpg 768w, https:\/\/www.radiopiu.net\/wordpress\/wp-content\/uploads\/2025\/03\/405ca049-e17b-49b9-8a8c-e54ff8ddc8ea-1536x932.jpg 1536w, https:\/\/www.radiopiu.net\/wordpress\/wp-content\/uploads\/2025\/03\/405ca049-e17b-49b9-8a8c-e54ff8ddc8ea.jpg 1689w\" sizes=\"auto, (max-width: 300px) 100vw, 300px\" \/><\/a>\n\t\t\t\t<\/dt><\/dl><dl class='gallery-item'>\n\t\t\t\t<dt class='gallery-icon landscape'>\n\t\t\t\t\t<a class=\"rollover rollover-zoom dt-pswp-item\" title=\"6820d113-2798-47eb-8f94-b610dbd7afca\" data-dt-img-description=\"\" data-large_image_width=\"1711\" data-large_image_height=\"1025\"href='https:\/\/www.radiopiu.net\/wordpress\/wp-content\/uploads\/2025\/03\/6820d113-2798-47eb-8f94-b610dbd7afca.jpg'><img loading=\"lazy\" decoding=\"async\" width=\"300\" height=\"180\" src=\"https:\/\/www.radiopiu.net\/wordpress\/wp-content\/uploads\/2025\/03\/6820d113-2798-47eb-8f94-b610dbd7afca-300x180.jpg\" class=\"attachment-medium size-medium\" alt=\"\" srcset=\"https:\/\/www.radiopiu.net\/wordpress\/wp-content\/uploads\/2025\/03\/6820d113-2798-47eb-8f94-b610dbd7afca-300x180.jpg 300w, https:\/\/www.radiopiu.net\/wordpress\/wp-content\/uploads\/2025\/03\/6820d113-2798-47eb-8f94-b610dbd7afca-1024x613.jpg 1024w, https:\/\/www.radiopiu.net\/wordpress\/wp-content\/uploads\/2025\/03\/6820d113-2798-47eb-8f94-b610dbd7afca-768x460.jpg 768w, https:\/\/www.radiopiu.net\/wordpress\/wp-content\/uploads\/2025\/03\/6820d113-2798-47eb-8f94-b610dbd7afca-1536x920.jpg 1536w, https:\/\/www.radiopiu.net\/wordpress\/wp-content\/uploads\/2025\/03\/6820d113-2798-47eb-8f94-b610dbd7afca.jpg 1711w\" sizes=\"auto, (max-width: 300px) 100vw, 300px\" \/><\/a>\n\t\t\t\t<\/dt><\/dl><dl class='gallery-item'>\n\t\t\t\t<dt class='gallery-icon landscape'>\n\t\t\t\t\t<a class=\"rollover rollover-zoom dt-pswp-item\" title=\"26edee23-5d48-4595-8635-2abcad77b188\" data-dt-img-description=\"\" data-large_image_width=\"1778\" data-large_image_height=\"1023\"href='https:\/\/www.radiopiu.net\/wordpress\/wp-content\/uploads\/2025\/03\/26edee23-5d48-4595-8635-2abcad77b188.jpg'><img loading=\"lazy\" decoding=\"async\" width=\"300\" height=\"173\" src=\"https:\/\/www.radiopiu.net\/wordpress\/wp-content\/uploads\/2025\/03\/26edee23-5d48-4595-8635-2abcad77b188-300x173.jpg\" class=\"attachment-medium size-medium\" alt=\"\" srcset=\"https:\/\/www.radiopiu.net\/wordpress\/wp-content\/uploads\/2025\/03\/26edee23-5d48-4595-8635-2abcad77b188-300x173.jpg 300w, https:\/\/www.radiopiu.net\/wordpress\/wp-content\/uploads\/2025\/03\/26edee23-5d48-4595-8635-2abcad77b188-1024x589.jpg 1024w, https:\/\/www.radiopiu.net\/wordpress\/wp-content\/uploads\/2025\/03\/26edee23-5d48-4595-8635-2abcad77b188-768x442.jpg 768w, https:\/\/www.radiopiu.net\/wordpress\/wp-content\/uploads\/2025\/03\/26edee23-5d48-4595-8635-2abcad77b188-1536x884.jpg 1536w, https:\/\/www.radiopiu.net\/wordpress\/wp-content\/uploads\/2025\/03\/26edee23-5d48-4595-8635-2abcad77b188.jpg 1778w\" sizes=\"auto, (max-width: 300px) 100vw, 300px\" \/><\/a>\n\t\t\t\t<\/dt><\/dl><br style=\"clear: both\" \/>\n\t\t\t<\/div>\n\n<p>&nbsp;<\/p>\n<p><iframe loading=\"lazy\" title=\"Protezione Civile Veneto   int  G  Bottacin + imm\" width=\"1200\" height=\"675\" src=\"https:\/\/www.youtube.com\/embed\/BENcRCHUI8E?feature=oembed\" frameborder=\"0\" allow=\"accelerometer; autoplay; clipboard-write; encrypted-media; gyroscope; picture-in-picture; web-share\" referrerpolicy=\"strict-origin-when-cross-origin\" allowfullscreen><\/iframe><\/p>\n<p>&nbsp;<\/p>\n<p>*********<\/p>\n","protected":false},"excerpt":{"rendered":"<p>****** &nbsp; VENEZIA Presso la sede regionale di Protezione Civile \u00e8 stata avviata, in modalit\u00e0 H24, la Sala Situazioni Veneto in cui vengono raccolte tutte le informazioni relative alle situazioni di emergenza o comunque di pericolo del territorio regionale. \u201cDa anni ci eravamo dotati di una sala operativa che gi\u00e0 era funzionante H8 dal luned\u00ec&hellip;<\/p>\n","protected":false},"author":4,"featured_media":441467,"comment_status":"closed","ping_status":"closed","sticky":false,"template":"","format":"standard","meta":{"_monsterinsights_skip_tracking":false,"_monsterinsights_sitenote_active":false,"_monsterinsights_sitenote_note":"","_monsterinsights_sitenote_category":0,"footnotes":""},"categories":[51,49],"tags":[],"class_list":["post-441460","post","type-post","status-publish","format-standard","has-post-thumbnail","hentry","category-evidenza-top","category-news-18","category-51","category-49","description-off"],"img_url":"https:\/\/www.radiopiu.net\/wordpress\/wp-content\/uploads\/2025\/03\/7e7695b0-f4c8-4bcd-a813-81c27c0b9ade.jpg","_links":{"self":[{"href":"https:\/\/www.radiopiu.net\/wordpress\/wp-json\/wp\/v2\/posts\/441460","targetHints":{"allow":["GET"]}}],"collection":[{"href":"https:\/\/www.radiopiu.net\/wordpress\/wp-json\/wp\/v2\/posts"}],"about":[{"href":"https:\/\/www.radiopiu.net\/wordpress\/wp-json\/wp\/v2\/types\/post"}],"author":[{"embeddable":true,"href":"https:\/\/www.radiopiu.net\/wordpress\/wp-json\/wp\/v2\/users\/4"}],"replies":[{"embeddable":true,"href":"https:\/\/www.radiopiu.net\/wordpress\/wp-json\/wp\/v2\/comments?post=441460"}],"version-history":[{"count":2,"href":"https:\/\/www.radiopiu.net\/wordpress\/wp-json\/wp\/v2\/posts\/441460\/revisions"}],"predecessor-version":[{"id":441579,"href":"https:\/\/www.radiopiu.net\/wordpress\/wp-json\/wp\/v2\/posts\/441460\/revisions\/441579"}],"wp:featuredmedia":[{"embeddable":true,"href":"https:\/\/www.radiopiu.net\/wordpress\/wp-json\/wp\/v2\/media\/441467"}],"wp:attachment":[{"href":"https:\/\/www.radiopiu.net\/wordpress\/wp-json\/wp\/v2\/media?parent=441460"}],"wp:term":[{"taxonomy":"category","embeddable":true,"href":"https:\/\/www.radiopiu.net\/wordpress\/wp-json\/wp\/v2\/categories?post=441460"},{"taxonomy":"post_tag","embeddable":true,"href":"https:\/\/www.radiopiu.net\/wordpress\/wp-json\/wp\/v2\/tags?post=441460"}],"curies":[{"name":"wp","href":"https:\/\/api.w.org\/{rel}","templated":true}]}}