{"id":441470,"date":"2025-03-26T06:01:22","date_gmt":"2025-03-26T05:01:22","guid":{"rendered":"https:\/\/www.radiopiu.net\/wordpress\/?p=441470"},"modified":"2025-03-26T08:26:50","modified_gmt":"2025-03-26T07:26:50","slug":"agiornale-radiopiu-26-marzo-2025-direttore-mirko-mezzacasa","status":"publish","type":"post","link":"https:\/\/www.radiopiu.net\/wordpress\/agiornale-radiopiu-26-marzo-2025-direttore-mirko-mezzacasa\/","title":{"rendered":"GIORNALE RADIOPIU 26 MARZO 2025 DIRETTORE MIRKO MEZZACASA"},"content":{"rendered":"<p>******<\/p>\n<p>&nbsp;<\/p>\n<p>&nbsp;<\/p>\n<p><em><span style=\"color: #ff0000;\"><a class=\"dt-pswp-item\" href=\"https:\/\/www.radiopiu.net\/wordpress\/wp-content\/uploads\/2024\/10\/Senza-nome-8.png\" data-dt-img-description=\"\" data-large_image_width=\"343\" data-large_image_height=\"303\"><img loading=\"lazy\" decoding=\"async\" class=\"wp-image-412130 alignleft\" src=\"https:\/\/www.radiopiu.net\/wordpress\/wp-content\/uploads\/2024\/10\/Senza-nome-8-300x265.png\" alt=\"\" width=\"105\" height=\"93\" srcset=\"https:\/\/www.radiopiu.net\/wordpress\/wp-content\/uploads\/2024\/10\/Senza-nome-8-300x265.png 300w, https:\/\/www.radiopiu.net\/wordpress\/wp-content\/uploads\/2024\/10\/Senza-nome-8.png 343w\" sizes=\"auto, (max-width: 105px) 100vw, 105px\" \/><\/a><\/span><\/em><strong><em><span style=\"color: #ff0000;\"> LA\u00a0 APP PER IOS-IPHONE di Nicola Vettorello<\/span><\/em><\/strong><\/p>\n<p><strong><span style=\"color: #0000ff;\"><a style=\"color: #0000ff;\" href=\"https:\/\/apps.apple.com\/it\/app\/radio-pi%C3%B9-emittente-agordina\/id1515939845\">https:\/\/apps.apple.com\/it\/app\/radio-pi%C3%B9-emittente-agordina\/id1515939845<\/a><\/span><\/strong><\/p>\n<p><strong><em style=\"color: #ff0000;\">LA\u00a0 APP RADIO\u00a0 PER ANDROID di Nicola Vettorello<\/em><\/strong><\/p>\n<p><strong><span style=\"color: #0000ff;\"><a style=\"color: #0000ff;\" href=\"https:\/\/play.google.com\/store\/apps\/details?id=net.radiopiu.iniko\" target=\"_blank\" rel=\"noopener noreferrer\">https:\/\/<\/a><a style=\"color: #0000ff;\" href=\"https:\/\/play.google.com\/store\/apps\/details?id=net.radiopiu.iniko\" target=\"_blank\" rel=\"noopener noreferrer\">play.google.com\/store\/apps\/details?id=net.radiopiu.iniko\u00a0\u00a0\u00a0\u00a0<\/a><\/span><\/strong><\/p>\n<h1 style=\"text-align: center;\"><\/h1>\n<p>&nbsp;<\/p>\n<hr \/>\n<p>&nbsp;<\/p>\n<p><span style=\"color: #0000ff;\"><strong><a class=\"dt-pswp-item\" href=\"https:\/\/www.radiopiu.net\/wordpress\/wp-content\/uploads\/2024\/03\/08e3d66b-7e6e-4e28-9083-0c5fc78a5935.jpg\" data-dt-img-description=\"\" data-large_image_width=\"355\" data-large_image_height=\"552\"><img loading=\"lazy\" decoding=\"async\" class=\" wp-image-441596 alignleft\" src=\"https:\/\/www.radiopiu.net\/wordpress\/wp-content\/uploads\/2024\/03\/08e3d66b-7e6e-4e28-9083-0c5fc78a5935-193x300.jpg\" alt=\"\" width=\"137\" height=\"213\" srcset=\"https:\/\/www.radiopiu.net\/wordpress\/wp-content\/uploads\/2024\/03\/08e3d66b-7e6e-4e28-9083-0c5fc78a5935-193x300.jpg 193w, https:\/\/www.radiopiu.net\/wordpress\/wp-content\/uploads\/2024\/03\/08e3d66b-7e6e-4e28-9083-0c5fc78a5935.jpg 355w\" sizes=\"auto, (max-width: 137px) 100vw, 137px\" \/><\/a>OGGI <\/strong>\u00a0<\/span> <strong>\u00a009.00<\/strong> liber IL PROGRAMMA DI LIANA CAVALLET (FOTO)\u00a0 <strong>10.10<\/strong> <span style=\"color: #ff0000;\">NOVITA&#8217; ALLA RADIO&#8230; IL NUOVO PROGRAMMA DI MARINA DONA: SEI IN RADIO&#8230; SE..<\/span> <strong>1030 se non la smetti ti mando dal preside, con la prof. maria rosa salmazo\u00a0<\/strong> <span class=\"transfer_display_name\"><strong>12.30<\/strong> IL GIORNALE RADIO EDIZIONE PRINCIPALE<span style=\"color: #ff0000;\">.. <\/span> <strong>13.20<\/strong>\u00a0 COLLAGE, CON LORIS SCUSSEL DAL MARTEDI ALLA DOMENICA ALLE\u00a0\u00a0<\/span><strong>14.00\u00a0 LA CLASSIFICA&#8230;DI MARCO GAZ<\/strong>\u00a0 <strong>15.00<\/strong> MARINA ED ALESSIO CON BATTICINQUE, IL PROGRAMMA CHE UNISCE LE GENERAZIONI<\/p>\n<p><span style=\"color: #0000ff;\"><strong>NEL FINE SETTIMANA SAREMO A FALCADE, SABATO &#8230;. SAVE THE DATE AL RIFUGIO LARESEI E DOMENICA AD ALLEGHE PER LO SPLASH PARTY 2<\/strong><strong>025. QUESTA SERA DALLE 20.30 SU RADIO PIU: MORENO TOCCHETTO, MARCO GAZ, PAOLO PROSPERI, DJ MORGAN E MAX DEL LARESEI&#8230;<\/strong><\/span><\/p>\n<p>&nbsp;<\/p>\n<p>&nbsp;<\/p>\n<hr \/>\n<p>&nbsp;<\/p>\n<p>&nbsp;<\/p>\n<div class=\"x11i5rnm xat24cr x1mh8g0r x1vvkbs xtlvy1s x126k92a\">\n<div dir=\"auto\">\n<div dir=\"auto\">\n<p><strong><a class=\"dt-pswp-item\" href=\"https:\/\/www.radiopiu.net\/wordpress\/wp-content\/uploads\/2024\/02\/2d44e751-d8a8-461b-8e22-d8e4e853b032.jpg\" data-dt-img-description=\"\" data-large_image_width=\"1600\" data-large_image_height=\"1200\"><img loading=\"lazy\" decoding=\"async\" class=\"wp-image-373307 alignleft\" src=\"https:\/\/www.radiopiu.net\/wordpress\/wp-content\/uploads\/2024\/02\/2d44e751-d8a8-461b-8e22-d8e4e853b032-300x225.jpg\" alt=\"\" width=\"105\" height=\"79\" srcset=\"https:\/\/www.radiopiu.net\/wordpress\/wp-content\/uploads\/2024\/02\/2d44e751-d8a8-461b-8e22-d8e4e853b032-300x225.jpg 300w, https:\/\/www.radiopiu.net\/wordpress\/wp-content\/uploads\/2024\/02\/2d44e751-d8a8-461b-8e22-d8e4e853b032-1024x768.jpg 1024w, https:\/\/www.radiopiu.net\/wordpress\/wp-content\/uploads\/2024\/02\/2d44e751-d8a8-461b-8e22-d8e4e853b032-768x576.jpg 768w, https:\/\/www.radiopiu.net\/wordpress\/wp-content\/uploads\/2024\/02\/2d44e751-d8a8-461b-8e22-d8e4e853b032-1536x1152.jpg 1536w, https:\/\/www.radiopiu.net\/wordpress\/wp-content\/uploads\/2024\/02\/2d44e751-d8a8-461b-8e22-d8e4e853b032.jpg 1600w\" sizes=\"auto, (max-width: 105px) 100vw, 105px\" \/><\/a>EL BAL DEL FIOR, DI GIULIANA DA RONCH, 26 MARZO<\/strong><strong> 2025<\/strong><\/p>\n<\/div>\n<p>&nbsp;<\/p>\n<div dir=\"auto\">\n<audio class=\"wp-audio-shortcode\" id=\"audio-441470-1\" preload=\"none\" style=\"width: 100%;\" controls=\"controls\"><source type=\"audio\/mpeg\" src=\"https:\/\/www.radiopiu.net\/wordpress\/wp-content\/uploads\/2025\/03\/GME-3.mp3?_=1\" \/><a href=\"https:\/\/www.radiopiu.net\/wordpress\/wp-content\/uploads\/2025\/03\/GME-3.mp3\">https:\/\/www.radiopiu.net\/wordpress\/wp-content\/uploads\/2025\/03\/GME-3.mp3<\/a><\/audio>\n<p>&nbsp;<\/p>\n<hr \/>\n<p>&nbsp;<\/p>\n<p>&nbsp;<\/p>\n<\/div>\n<\/div>\n<\/div>\n<div class=\"x11i5rnm xat24cr x1mh8g0r x1vvkbs xtlvy1s x126k92a\">\n<blockquote>\n<h1><strong><a class=\"dt-pswp-item\" href=\"https:\/\/www.radiopiu.net\/wordpress\/wp-content\/uploads\/2024\/10\/629301fd-708d-4f53-95c2-d28cbefd500f.jpg\" data-dt-img-description=\"\" data-large_image_width=\"1600\" data-large_image_height=\"1322\"><img loading=\"lazy\" decoding=\"async\" class=\"wp-image-413782 alignright\" src=\"https:\/\/www.radiopiu.net\/wordpress\/wp-content\/uploads\/2024\/10\/629301fd-708d-4f53-95c2-d28cbefd500f-300x248.jpg\" alt=\"\" width=\"106\" height=\"88\" srcset=\"https:\/\/www.radiopiu.net\/wordpress\/wp-content\/uploads\/2024\/10\/629301fd-708d-4f53-95c2-d28cbefd500f-300x248.jpg 300w, https:\/\/www.radiopiu.net\/wordpress\/wp-content\/uploads\/2024\/10\/629301fd-708d-4f53-95c2-d28cbefd500f-1024x846.jpg 1024w, https:\/\/www.radiopiu.net\/wordpress\/wp-content\/uploads\/2024\/10\/629301fd-708d-4f53-95c2-d28cbefd500f-768x635.jpg 768w, https:\/\/www.radiopiu.net\/wordpress\/wp-content\/uploads\/2024\/10\/629301fd-708d-4f53-95c2-d28cbefd500f-1536x1269.jpg 1536w, https:\/\/www.radiopiu.net\/wordpress\/wp-content\/uploads\/2024\/10\/629301fd-708d-4f53-95c2-d28cbefd500f.jpg 1600w\" sizes=\"auto, (max-width: 106px) 100vw, 106px\" \/><\/a><\/strong><\/h1>\n<h1><strong><a class=\"dt-pswp-item\" href=\"https:\/\/www.radiopiu.net\/wordpress\/wp-content\/uploads\/2024\/11\/th-18.jpg\" data-dt-img-description=\"\" data-large_image_width=\"156\" data-large_image_height=\"180\"><img loading=\"lazy\" decoding=\"async\" class=\"size-full wp-image-421611 alignleft\" src=\"https:\/\/www.radiopiu.net\/wordpress\/wp-content\/uploads\/2024\/11\/th-18.jpg\" alt=\"\" width=\"156\" height=\"180\" \/><\/a><\/strong><\/h1>\n<h1><strong>N di parom &#8211; L Almanach de la nosta jent<\/strong><\/h1>\n<\/blockquote>\n<p>&nbsp;<\/p>\n<p>Le voci: Davide Conedera, Agordo, Michela Dell&#8217;Osbel, La Valle Agordina Simone Ganz, Falcade Veronica Lezuo, Colle Santa Lucia. La voce nella sigla \u00e8 di Giorgia Taio<\/p>\n<p><strong>LA PUNTATA DI OGGI, 26 MARZO 2025<\/strong><\/p>\n<audio class=\"wp-audio-shortcode\" id=\"audio-441470-2\" preload=\"none\" style=\"width: 100%;\" controls=\"controls\"><source type=\"audio\/mpeg\" src=\"https:\/\/www.radiopiu.net\/wordpress\/wp-content\/uploads\/2025\/03\/AL3-3.mp3?_=2\" \/><a href=\"https:\/\/www.radiopiu.net\/wordpress\/wp-content\/uploads\/2025\/03\/AL3-3.mp3\">https:\/\/www.radiopiu.net\/wordpress\/wp-content\/uploads\/2025\/03\/AL3-3.mp3<\/a><\/audio>\n<p>&nbsp;<\/p>\n<\/div>\n<div class=\"x11i5rnm xat24cr x1mh8g0r x1vvkbs xtlvy1s x126k92a\">\n<div dir=\"auto\">\n<hr \/>\n<\/div>\n<\/div>\n<blockquote>\n<blockquote>\n<h1><span style=\"color: #ff0000;\">\u00a0<\/span><\/h1>\n<h1><span style=\"color: #ff0000;\">I podcast informativi del mattino &#8211; audio &#8211;\u00a0\u00a0<\/span><\/h1>\n<\/blockquote>\n<p><strong><a class=\"dt-pswp-item\" href=\"https:\/\/www.radiopiu.net\/wordpress\/wp-content\/uploads\/2024\/11\/6.jpg\" data-dt-img-description=\"\" data-large_image_width=\"177\" data-large_image_height=\"180\"><img loading=\"lazy\" decoding=\"async\" class=\"size-full wp-image-417911 alignleft\" src=\"https:\/\/www.radiopiu.net\/wordpress\/wp-content\/uploads\/2024\/11\/6.jpg\" alt=\"\" width=\"177\" height=\"180\" \/><\/a>LA RASSEGNA STAMPA NAZIONALE ALLA RADIO, OGNI GIORNO ALLE 5 E ALLE 6 DEL MATTINO <span style=\"color: #0000ff;\">viene pubblicata alle 6.00 <span style=\"color: #ff0000;\">DIRETTA RADIO\u00a0 \u00a0\u00a0<\/span><\/span><\/strong><\/p><\/blockquote>\n<p>&nbsp;<\/p>\n<p><strong>NOTIZIE DELLA NOTTE<\/strong><\/p>\n<p>04:14 <strong>Borsa<\/strong>: Hong Kong positiva, apre a +0,50%<br \/>\n<strong>Incendi boschivi<\/strong> in Corea del Sud, 18 morti e 19 feriti <strong>Borsa<\/strong>: Tokyo, apertura in aumento (+0,81%) <strong>Tennis<\/strong>: Wta Miami, Sabalenka in semifinale contro Paolini<\/p>\n<h1>AUDIO dalle 6 del mattino<\/h1>\n<audio class=\"wp-audio-shortcode\" id=\"audio-441470-3\" preload=\"none\" style=\"width: 100%;\" controls=\"controls\"><source type=\"audio\/mpeg\" src=\"https:\/\/www.radiopiu.net\/wordpress\/wp-content\/uploads\/2025\/03\/GIORNALEDELLESEI-19.mp3?_=3\" \/><a href=\"https:\/\/www.radiopiu.net\/wordpress\/wp-content\/uploads\/2025\/03\/GIORNALEDELLESEI-19.mp3\">https:\/\/www.radiopiu.net\/wordpress\/wp-content\/uploads\/2025\/03\/GIORNALEDELLESEI-19.mp3<\/a><\/audio>\n<p>&nbsp;<\/p>\n<p>&nbsp;<\/p>\n<hr \/>\n<p>&nbsp;<\/p>\n<h1 style=\"text-align: center;\"><span style=\"color: #ff0000;\"><a class=\"dt-pswp-item\" href=\"https:\/\/www.radiopiu.net\/wordpress\/wp-content\/uploads\/2024\/11\/7.jpg\" data-dt-img-description=\"\" data-large_image_width=\"180\" data-large_image_height=\"180\"><img loading=\"lazy\" decoding=\"async\" class=\"size-full wp-image-417912 alignleft\" src=\"https:\/\/www.radiopiu.net\/wordpress\/wp-content\/uploads\/2024\/11\/7.jpg\" alt=\"\" width=\"180\" height=\"180\" srcset=\"https:\/\/www.radiopiu.net\/wordpress\/wp-content\/uploads\/2024\/11\/7.jpg 180w, https:\/\/www.radiopiu.net\/wordpress\/wp-content\/uploads\/2024\/11\/7-150x150.jpg 150w\" sizes=\"auto, (max-width: 180px) 100vw, 180px\" \/><\/a>I podcast informativi del mattino &#8211; audio &#8211;\u00a0<\/span><\/h1>\n<p><strong>OGNI GIORNO ALLE SETTE DEL MATTINO, LA RASSEGNA STAMPA LOCALE FLASH&#8230; PER CHI VA IN FRETTA. I TITOLI DAI GIORNALI E DAL SITO WWW.RADIOPIU.NET <span style=\"color: #0000ff;\">viene pubblicato alle 7.00<\/span> <span style=\"color: #ff0000;\">DIRETTA RADIO\u00a0<\/span><\/strong><\/p>\n<p><em><span style=\"color: #ff0000;\">per chi va in fretta&#8230; tante notizie in pochi minuti. L&#8217;informazione locale alla radio, ogni ora dalle 7 del mattino alle 19 della sera.\u00a0<\/span><\/em><\/p>\n<div class=\"flex flex-1 grow basis-auto flex-col overflow-hidden\">\n<div class=\"relative h-full\">\n<div class=\"flex h-full flex-col overflow-y-auto [scrollbar-gutter:stable]\">\n<div class=\"mt-1.5 flex flex-col text-sm @thread-xl\/thread:pt-header-height md:pb-9\">\n<article class=\"group\/turn w-full text-token-text-primary focus-visible:outline-none\" dir=\"auto\" tabindex=\"-1\" data-testid=\"conversation-turn-2\" data-scroll-anchor=\"true\">\n<div class=\"text-base my-auto mx-auto py-5 px-6\">\n<div class=\"mx-auto flex flex-1 text-base gap-4 md:gap-5 lg:gap-6 md:max-w-3xl\">\n<div class=\"group\/conversation-turn relative flex w-full min-w-0 flex-col agent-turn @xs\/thread:px-0 @sm\/thread:px-1.5 @md\/thread:px-4\">\n<div class=\"relative flex-col gap-1 md:gap-3\">\n<div class=\"flex max-w-full flex-col flex-grow\">\n<div class=\"min-h-8 text-message relative flex w-full flex-col items-end gap-2 whitespace-normal break-words text-start [.text-message+&amp;]:mt-5\" dir=\"auto\" data-message-author-role=\"assistant\" data-message-id=\"bff05fc0-dc7c-4ab7-9b20-d3eec753127b\" data-message-model-slug=\"gpt-4o-mini\">\n<div class=\"flex w-full flex-col gap-1 empty:hidden first:pt-[3px]\">\n<div class=\"markdown prose w-full break-words dark:prose-invert dark\">\n<p class=\"\" data-start=\"0\" data-end=\"62\"><strong data-start=\"0\" data-end=\"62\">Notizie locali dal Bellunese: tra cronaca, eventi e novit\u00e0<\/strong><\/p>\n<p class=\"\" data-start=\"1174\" data-end=\"1635\">Sul fronte delle notizie locali, emergono diversi eventi rilevanti. Tra questi, l&#8217;incidente a San Martino che ha coinvolto un gruppo di sci alpinisti, il malcontento a seguito dell\u2019ispezione all\u2019Istituto Follador di Agordo, e la campagna della LAV contro l\u2019uso degli animali nei circhi, che raccoglier\u00e0 firme a Belluno e Tai il 29 marzo e il 5 aprile. Inoltre, la Giornata FAI di Primavera ha ottenuto un grande successo, nonostante le condizioni meteo avverse.<\/p>\n<p class=\"\" data-start=\"2101\" data-end=\"2214\">Un mix di intrattenimento e notizie che rende la programmazione di Radio Pi\u00f9 sempre pi\u00f9 variegata e interessante!<\/p>\n<\/div>\n<\/div>\n<\/div>\n<\/div>\n<\/div>\n<\/div>\n<\/div>\n<\/div>\n<\/article>\n<\/div>\n<\/div>\n<\/div>\n<\/div>\n<h1>AUDIO dalle 7 del mattino<\/h1>\n<audio class=\"wp-audio-shortcode\" id=\"audio-441470-4\" preload=\"none\" style=\"width: 100%;\" controls=\"controls\"><source type=\"audio\/mpeg\" src=\"https:\/\/www.radiopiu.net\/wordpress\/wp-content\/uploads\/2025\/03\/GF07-21.mp3?_=4\" \/><a href=\"https:\/\/www.radiopiu.net\/wordpress\/wp-content\/uploads\/2025\/03\/GF07-21.mp3\">https:\/\/www.radiopiu.net\/wordpress\/wp-content\/uploads\/2025\/03\/GF07-21.mp3<\/a><\/audio>\n<p>&nbsp;<\/p>\n<p>&nbsp;<\/p>\n<hr \/>\n<p>&nbsp;<\/p>\n<h1><\/h1>\n<h1 style=\"text-align: center;\"><span style=\"color: #ff0000;\"><a class=\"dt-pswp-item\" href=\"https:\/\/www.radiopiu.net\/wordpress\/wp-content\/uploads\/2024\/11\/th.jpg\" data-dt-img-description=\"\" data-large_image_width=\"148\" data-large_image_height=\"179\"><img loading=\"lazy\" decoding=\"async\" class=\"size-full wp-image-417913 alignleft\" src=\"https:\/\/www.radiopiu.net\/wordpress\/wp-content\/uploads\/2024\/11\/th.jpg\" alt=\"\" width=\"148\" height=\"179\" \/><\/a>I podcast informativi del mattino &#8211; audio &#8211;\u00a0<\/span><\/h1>\n<blockquote><p><strong>GIORNALE RADIO NAZIONALE, EDIZIONE DELLE SETTE <span style=\"color: #0000ff;\">viene pubblicato alle 7.05 <span style=\"color: #ff0000;\">DIRETTA RADIO\u00a0<\/span><\/span><\/strong><\/p><\/blockquote>\n<p><strong>il giornale radionazionale e&#8217; in onda ogni ora, dalle sette del mattino alle venti della sera\u00a0 \u00a0<\/strong><\/p>\n<p>&nbsp;<\/p>\n<blockquote><p><em><strong><a class=\"dt-pswp-item\" href=\"https:\/\/www.radiopiu.net\/wordpress\/wp-content\/uploads\/2025\/02\/download-7.jpg\" data-dt-img-description=\"\" data-large_image_width=\"211\" data-large_image_height=\"239\"><img loading=\"lazy\" decoding=\"async\" class=\"size-full wp-image-435553 alignleft\" src=\"https:\/\/www.radiopiu.net\/wordpress\/wp-content\/uploads\/2025\/02\/download-7.jpg\" alt=\"\" width=\"211\" height=\"239\" \/><\/a>Tre incidenti mortali sul lavoro in poche ore, il pi\u00f9 giovane aveva 22 anni <\/strong><strong>Un operaio \u00e8 rimasto incastrato in un nastro trasportatore nel Napoletano. Nel Pordenonese, morto un 22enne trafitto da una scheggia. Il terzo operaio travolto da un autocarro in A1. Nel Mantovano un agricoltore colto da un infarto<\/strong><\/em><\/p><\/blockquote>\n<p><strong>AQUILA<\/strong> Omicidio,\u00a0 Litiga e investe il fratello con l&#8217;auto, arrestato per omicidio <strong>TRENTO<\/strong> Madre condannata a due anni per la morte della figlia e della nipote in un tamponamento con un tir La donna era alla guida dell&#8217;auto. <strong>VERONA<\/strong> Morto a 92 anni l&#8217;industriale dolciario Giuseppe Vicenzi<strong> NAPOLI<\/strong> il boom di B&amp;B preclude casa in centro a napoletani e studenti ROMA Il killer di Diabolik condannato all&#8217;ergastolo Fabrizio Piscitelli, capo degli Irriducibili fu ucciso il 7 agosto del 2019 da Raul Esteban Calderon <strong>REGGIO CALABRIA<\/strong> Truffa da 60mila euro con il trucco del Pos, arrestato un fioraio Annullava le operazione subito dopo avere passato la carta <strong>MILANO<\/strong> Si indaga per istigazione al suicidio per la morte del tiktoker di 21 anni Sui social aveva raccontato transizione genere ricevendo insulti<\/p>\n<p>&nbsp;<\/p>\n<p><strong><a class=\"dt-pswp-item\" href=\"https:\/\/www.radiopiu.net\/wordpress\/wp-content\/uploads\/2025\/02\/download-3.jpg\" data-dt-img-description=\"\" data-large_image_width=\"223\" data-large_image_height=\"226\"><img loading=\"lazy\" decoding=\"async\" class=\"wp-image-434732 alignleft\" src=\"https:\/\/www.radiopiu.net\/wordpress\/wp-content\/uploads\/2025\/02\/download-3.jpg\" alt=\"\" width=\"143\" height=\"145\" \/><\/a>TREVISO<\/strong> Collisione camion-furgone, due morti e due feriti Scontro tra le province di Padova e Treviso <strong>CORTINA\u00a0<\/strong> Milano-Cortina: Sindaco, bob passo fondamentale &#8216;Celebriamo la funzionalit\u00e0 della pista&#8217; <strong>VENEZIA<\/strong> in arrivo il Vespucci, in citt\u00e0 dal 28 a 31 marzo Seconda tappa Tour mediterraneo dell&#8217;ammiraglia della Marina<br \/>\n<strong>PADOVA<\/strong> Operaio sfonda tetto e cade da 8 metri di altezza, \u00e8 grave Stava montando fotovoltaico quando copertura \u00e8 ceduta <strong>VENEZIA<\/strong> Atterraggio emergenza a Venezia per odore di bruciato a bordo Zaia, Nessuna conseguenza per i passeggeri e l&#8217;equipaggio <strong>PADOVA<\/strong> Arrestati tre minori dopo rapina a due giovani nel padovano Comandante carabinieri Padova, &#8216;episodi frequenti&#8217; <strong>PADOVA<\/strong> Viola provvedimento di avvicinamento ex compagna, arrestatoSorpreso dai carabinieri in un bar assieme alla vittima <strong>ROVIGO<\/strong> Arretramento della costa erode delta Po e foci di Arno e Serchio Due terzi dei fiumi perdono fino a 10 metri all&#8217;anno sul mare<br \/>\n<strong>VENEZIA<\/strong> Operazione Ros contro la &#8216;ndrangheta, 17 arresti Inchiesta Dda Catanzaro coordinata con Trento e Venezia.<strong>\u00a0<\/strong><\/p>\n<h1><span style=\"color: #ff0000;\"><span style=\"color: #0000ff;\">ULTIM&#8217;ORA<\/span> <span style=\"color: #000000;\">AUDIO dalle sette del mattino, ogni ora alla radio EDIZIONE DELLE SETTE<\/span><\/span><\/h1>\n<audio class=\"wp-audio-shortcode\" id=\"audio-441470-5\" preload=\"none\" style=\"width: 100%;\" controls=\"controls\"><source type=\"audio\/mpeg\" src=\"https:\/\/www.radiopiu.net\/wordpress\/wp-content\/uploads\/2025\/03\/giornale07-25.mp3?_=5\" \/><a href=\"https:\/\/www.radiopiu.net\/wordpress\/wp-content\/uploads\/2025\/03\/giornale07-25.mp3\">https:\/\/www.radiopiu.net\/wordpress\/wp-content\/uploads\/2025\/03\/giornale07-25.mp3<\/a><\/audio>\n<p>&nbsp;<\/p>\n<hr \/>\n<p>&nbsp;<\/p>\n<p>&nbsp;<\/p>\n<h1><span style=\"color: #ff0000;\"><a class=\"dt-pswp-item\" href=\"https:\/\/www.radiopiu.net\/wordpress\/wp-content\/uploads\/2024\/11\/8.jpg\" data-dt-img-description=\"\" data-large_image_width=\"180\" data-large_image_height=\"180\"><img loading=\"lazy\" decoding=\"async\" class=\"size-full wp-image-417910 alignleft\" src=\"https:\/\/www.radiopiu.net\/wordpress\/wp-content\/uploads\/2024\/11\/8.jpg\" alt=\"\" width=\"180\" height=\"180\" srcset=\"https:\/\/www.radiopiu.net\/wordpress\/wp-content\/uploads\/2024\/11\/8.jpg 180w, https:\/\/www.radiopiu.net\/wordpress\/wp-content\/uploads\/2024\/11\/8-150x150.jpg 150w\" sizes=\"auto, (max-width: 180px) 100vw, 180px\" \/><\/a>I podcast informativi del mattino &#8211; video &#8211;\u00a0<\/span><\/h1>\n<h2 style=\"text-align: left;\"><strong>RASSEGNA STAMPA LOCALE, ORE OTTO<\/strong><\/h2>\n<h2><strong> <span style=\"color: #0000ff;\">viene\u00a0 <\/span><\/strong><strong><span style=\"color: #0000ff;\">pubblicata alle 8.05 <span style=\"color: #ff0000;\">DIRETTA RADIO\u00a0 \u00a0<\/span><\/span><\/strong><strong>DI MIRKO MEZZACASA<\/strong><\/h2>\n<h2><span style=\"color: #ff0000;\"><strong>\u00a0\u00a0<\/strong><\/span><\/h2>\n<p>Dalle notizie di cronaca, anche il tema della sicurezza emerge con vari episodi, tra cui il sequestro di droga in una scuola di Belluno, e diversi processi legati a crimini come stalking, truffa al bancomat e maltrattamento di animali. La giornata si conclude con l\u2019importante apertura della nuova pista da bob a Cortina, in vista delle Olimpiadi Milano-Cortina 2026, e il passaggio del Vespucci a Venezia, un evento da non perdere per tutti gli amanti del mare.<\/p>\n<h1><span style=\"color: #ff0000;\"><strong>VIDEO\u00a0 \u00a0in diretta AGGIORNAMENTO\u00a0 dalle 8 del mattino\u00a0\u00a0<\/strong><\/span><\/h1>\n<p>&nbsp;<\/p>\n<p><iframe loading=\"lazy\" title=\"DAL 1983 LA RASSEGNA STAMPA LOCALE di mirko mezzacasa. L&#039;ORIGINALE\" width=\"1200\" height=\"675\" src=\"https:\/\/www.youtube.com\/embed\/HacN0Vo-xAQ?feature=oembed\" frameborder=\"0\" allow=\"accelerometer; autoplay; clipboard-write; encrypted-media; gyroscope; picture-in-picture; web-share\" referrerpolicy=\"strict-origin-when-cross-origin\" allowfullscreen><\/iframe><\/p>\n<hr \/>\n<p>&nbsp;<\/p>\n<p>&nbsp;<\/p>\n<p>&nbsp;<\/p>\n<p><strong><a class=\"dt-pswp-item\" href=\"https:\/\/www.radiopiu.net\/wordpress\/wp-content\/uploads\/2023\/12\/ANTENNA.png\" data-dt-img-description=\"\" data-large_image_width=\"300\" data-large_image_height=\"166\"><img loading=\"lazy\" decoding=\"async\" class=\"wp-image-366306 alignright\" src=\"https:\/\/www.radiopiu.net\/wordpress\/wp-content\/uploads\/2023\/12\/ANTENNA.png\" alt=\"\" width=\"101\" height=\"56\" \/><\/a><a class=\"dt-pswp-item\" href=\"https:\/\/www.radiopiu.net\/wordpress\/wp-content\/uploads\/2024\/11\/th-17.jpg\" data-dt-img-description=\"\" data-large_image_width=\"224\" data-large_image_height=\"180\"><img loading=\"lazy\" decoding=\"async\" class=\" wp-image-421610 alignleft\" src=\"https:\/\/www.radiopiu.net\/wordpress\/wp-content\/uploads\/2024\/11\/th-17.jpg\" alt=\"\" width=\"167\" height=\"134\" \/><\/a>ogni sera alle 19 le anticipazioni alla radio, quello che poi seguirete nel TELEGIORNALE BELLUNESE\u00a0 in onda alle 19.30 sul CANALE 10 del digitale terrestre.\u00a0\u00a0<\/strong><\/p>\n<p><b>\u00a0\u00a0<\/b><\/p>\n<h1><span style=\"color: #ff0000;\"><strong>LE ANTICIPAZIONI DI TIZIANA BOLOGNANI<\/strong><\/span><\/h1>\n<audio class=\"wp-audio-shortcode\" id=\"audio-441470-6\" preload=\"none\" style=\"width: 100%;\" controls=\"controls\"><source type=\"audio\/mpeg\" src=\"https:\/\/www.radiopiu.net\/wordpress\/wp-content\/uploads\/2025\/03\/ANTENNA3-17.mp3?_=6\" \/><a href=\"https:\/\/www.radiopiu.net\/wordpress\/wp-content\/uploads\/2025\/03\/ANTENNA3-17.mp3\">https:\/\/www.radiopiu.net\/wordpress\/wp-content\/uploads\/2025\/03\/ANTENNA3-17.mp3<\/a><\/audio>\n<p>&nbsp;<\/p>\n<hr \/>\n<p>&nbsp;<\/p>\n<blockquote>\n<h3 class=\"entry-title\">CHIUSURA REGIONALE 203 AGORDINA, BIVIO ROVEI<\/h3>\n<\/blockquote>\n<p><strong>COLLE SANTA LUCIA <\/strong>Dal 24 marzo al 30 aprile dalle 8 alle 17.30 escluso sabato domenica e festivi, chiusura della regionale 203 agordina nel tratto bivio Rovei, bivio Rucav\u00e0. Interdizione totale per lavori di mitigazione del rischio caduta massi.<\/p>\n<blockquote>\n<p class=\"\" data-start=\"0\" data-end=\"44\"><strong data-start=\"0\" data-end=\"42\">LAVORI SULLA SP 2 A GRON FINO A GIUGNO<\/strong><\/p>\n<\/blockquote>\n<p class=\"\" data-start=\"46\" data-end=\"213\"><strong>SOSPIROLO<\/strong>\u00a0 \u00a0Da domani al 30 giugno si svolgeranno interventi di mitigazione del rischio idrogeologico lungo un tratto di 400 metri della SP 2, senza chiusure al traffico. Nel vicino abitato di Mis, fino a venerd\u00ec, possibili sensi unici alternati per lavori sull\u2019acquedotto.<\/p>\n<p>&nbsp;<\/p>\n<hr \/>\n<p>&nbsp;<\/p>\n<blockquote>\n<h3 class=\"photoswipe-wrapper\"><a class=\"dt-pswp-item pspw-wrap-ready\" href=\"https:\/\/www.radiopiu.net\/wordpress\/wp-content\/uploads\/2024\/12\/Logo_SibPAYOFF.jpg\" data-dt-img-description=\"\" data-large_image_width=\"1536\" data-large_image_height=\"391\"><img loading=\"lazy\" decoding=\"async\" class=\"wp-image-426474 alignleft\" src=\"https:\/\/www.radiopiu.net\/wordpress\/wp-content\/uploads\/2024\/12\/Logo_SibPAYOFF-300x76.jpg\" sizes=\"auto, (max-width: 162px) 100vw, 162px\" srcset=\"https:\/\/www.radiopiu.net\/wordpress\/wp-content\/uploads\/2024\/12\/Logo_SibPAYOFF-300x76.jpg 300w, https:\/\/www.radiopiu.net\/wordpress\/wp-content\/uploads\/2024\/12\/Logo_SibPAYOFF-1024x261.jpg 1024w, https:\/\/www.radiopiu.net\/wordpress\/wp-content\/uploads\/2024\/12\/Logo_SibPAYOFF-768x196.jpg 768w, https:\/\/www.radiopiu.net\/wordpress\/wp-content\/uploads\/2024\/12\/Logo_SibPAYOFF.jpg 1536w\" alt=\"\" width=\"162\" height=\"41\" \/><\/a>ACQUA NON POTABILE<\/h3>\n<\/blockquote>\n<p>A Gosaldo Nelle localit\u00e0 Curti, Incasal e Le Case l\u2019acqua erogata dall\u2019acquedotto non \u00e8 potabile e non pu\u00f2 essere usata per scopi alimentari. Verr\u00e0 effettuato servizio sostitutivo con cisterna in localit\u00e0 Curti.<\/p>\n<p>a Rocca Pietore in localit\u00e0 Digonera l&#8217;acqua erogata dall&#8217;acquedotto non \u00e8 potabile e pu\u00f2 essere usata per scopi alimentari solo previa bollitura. Verr\u00e0 effettuato servizio sostitutivo con autobotte presso\u00a0 l&#8217;Albergo Digonera in localit\u00e0 Digonera.<\/p>\n<p>&nbsp;<\/p>\n<blockquote>\n<h3>SERVIZI INTEGRATI BELLUNESI: LAVORI PROGRAMMATI<\/h3>\n<\/blockquote>\n<p><strong><a class=\"dt-pswp-item\" href=\"https:\/\/www.radiopiu.net\/wordpress\/wp-content\/uploads\/2023\/08\/acqua.jpeg\" data-dt-img-description=\"\" data-large_image_width=\"1038\" data-large_image_height=\"688\"><img loading=\"lazy\" decoding=\"async\" class=\" wp-image-348061 alignleft\" src=\"https:\/\/www.radiopiu.net\/wordpress\/wp-content\/uploads\/2023\/08\/acqua-300x199.jpeg\" alt=\"\" width=\"158\" height=\"105\" srcset=\"https:\/\/www.radiopiu.net\/wordpress\/wp-content\/uploads\/2023\/08\/acqua-300x199.jpeg 300w, https:\/\/www.radiopiu.net\/wordpress\/wp-content\/uploads\/2023\/08\/acqua-1024x679.jpeg 1024w, https:\/\/www.radiopiu.net\/wordpress\/wp-content\/uploads\/2023\/08\/acqua-768x509.jpeg 768w, https:\/\/www.radiopiu.net\/wordpress\/wp-content\/uploads\/2023\/08\/acqua.jpeg 1038w\" sizes=\"auto, (max-width: 158px) 100vw, 158px\" \/><\/a>AGORDO<\/strong> Servizi Integrati Bellunesi informa che, per lavori alla rete idrica comunale, oggi dalle ore 08:30 alle ore 17:00 verr\u00e0 sospesa l\u2019erogazione dell\u2019acqua ad Agordo, in Localit\u00e0 Valcozzena.<\/p>\n<p><strong>SAN TOMASO<\/strong> Per lavori alla rete idrica comunale, i giorni 26, 27 e 28 Marzo 2025 dalle ore 08:00 alle ore 17:00 potrebbe mancare l&#8217;acqua a San Tomaso Agordino, nelle Localit\u00e0 Pecol e Piaia<\/p>\n<p>&nbsp;<\/p>\n<p>&nbsp;<\/p>\n<hr \/>\n<p>&nbsp;<\/p>\n<blockquote>\n<h3>VALANGA SULLE PALE DI SAN MARTINO, TRAVOLTI 5 SCIALPINISTI<\/h3>\n<\/blockquote>\n<p><strong><a class=\"dt-pswp-item\" href=\"https:\/\/www.radiopiu.net\/wordpress\/wp-content\/uploads\/2025\/03\/VALANGA.jpg\" data-dt-img-description=\"\" data-large_image_width=\"1280\" data-large_image_height=\"720\"><img loading=\"lazy\" decoding=\"async\" class=\" wp-image-441535 alignleft\" src=\"https:\/\/www.radiopiu.net\/wordpress\/wp-content\/uploads\/2025\/03\/VALANGA-300x169.jpg\" alt=\"\" width=\"225\" height=\"127\" srcset=\"https:\/\/www.radiopiu.net\/wordpress\/wp-content\/uploads\/2025\/03\/VALANGA-300x169.jpg 300w, https:\/\/www.radiopiu.net\/wordpress\/wp-content\/uploads\/2025\/03\/VALANGA-1024x576.jpg 1024w, https:\/\/www.radiopiu.net\/wordpress\/wp-content\/uploads\/2025\/03\/VALANGA-768x432.jpg 768w, https:\/\/www.radiopiu.net\/wordpress\/wp-content\/uploads\/2025\/03\/VALANGA.jpg 1280w\" sizes=\"auto, (max-width: 225px) 100vw, 225px\" \/><\/a>REDAZIONE <\/strong>Un distacco di neve ha colpito il gruppo di sci alpinisti altoatesini che nel pomeriggio di ieri stavano percorrendo la zona del confine tra le province di Belluno e Trento, nelle vicinanze di Cima Mulaz, nel gruppo delle Pale di San Martino. Il distacco \u00e8 avvenuto a 2.900 metri di altitudine, a pochi passi dalla cima, scatenando un allarme che ha coinvolto numerosi soccorritori. Le condizioni meteorologiche, con neve fresca e temperature quasi primaverili, avevano creato un ambiente ideale per il pericolo di valanghe, come segnalato dalle autorit\u00e0 locali. Nonostante l\u2019allerta &#8220;marcata&#8221;, cinque sci alpinisti sono stati travolti dalla neve, mentre salivano verso la cima. Quattro di loro sono rimasti illesi, ma uno ha riportato ferite e, dopo essere stato estratto dalla neve, \u00e8 stato trasportato d&#8217;urgenza in ospedale a Trento in elicottero. L&#8217;allarme \u00e8 stato lanciato alle 13.45, quando \u00e8 stato segnalato il distacco della valanga. La centrale di emergenza ha prontamente richiesto l&#8217;intervento di un elicottero e, nel frattempo, \u00e8 stato attivato il Soccorso Alpino. Fortunatamente, il ferito, pur essendo stato sottoposto alle prime cure sul posto, non \u00e8 in pericolo di vita e le sue condizioni sono stabili.<\/p>\n<p>&nbsp;<\/p>\n<p>&nbsp;<\/p>\n<hr \/>\n<p>&nbsp;<\/p>\n<blockquote>\n<h3>SUEM 118: DUE INCIDENTI NELLE ULTIME 24 ORE<\/h3>\n<\/blockquote>\n<p><strong><a class=\"dt-pswp-item\" href=\"https:\/\/www.radiopiu.net\/wordpress\/wp-content\/uploads\/2023\/11\/FALCO-CENCE.jpg\" data-dt-img-description=\"\" data-large_image_width=\"908\" data-large_image_height=\"735\"><img loading=\"lazy\" decoding=\"async\" class=\" wp-image-361710 alignleft\" src=\"https:\/\/www.radiopiu.net\/wordpress\/wp-content\/uploads\/2023\/11\/FALCO-CENCE-300x243.jpg\" alt=\"\" width=\"175\" height=\"142\" srcset=\"https:\/\/www.radiopiu.net\/wordpress\/wp-content\/uploads\/2023\/11\/FALCO-CENCE-300x243.jpg 300w, https:\/\/www.radiopiu.net\/wordpress\/wp-content\/uploads\/2023\/11\/FALCO-CENCE-768x622.jpg 768w, https:\/\/www.radiopiu.net\/wordpress\/wp-content\/uploads\/2023\/11\/FALCO-CENCE.jpg 908w\" sizes=\"auto, (max-width: 175px) 100vw, 175px\" \/><\/a>REDAZIONE <\/strong>La Centrale Operativa SUEM 118 di Belluno ha registrato due interventi di soccorso nelle ultime 24 ore, tra cui un incidente stradale e un incidente boschivo. Il primo episodio si \u00e8 verificato alle ore 10:20 a Belluno, dove un uomo di 40 anni, residente nella stessa citt\u00e0, \u00e8 rimasto coinvolto in un incidente stradale. Le sue condizioni sono state valutate di media gravit\u00e0, ed \u00e8 stato trasportato all\u2019ospedale di Belluno tramite ambulanza. Il secondo intervento \u00e8 stato segnalato alle 12:55 presso Casera Razzo, dove un uomo di 41 anni, anch\u2019egli residente a Belluno, \u00e8 rimasto vittima di un incidente boschivo. Vista la gravit\u00e0 della situazione, \u00e8 stato necessario l\u2019intervento dell\u2019elisoccorso &#8220;Falco&#8221;, che lo ha trasportato d\u2019urgenza all\u2019ospedale di Belluno per le cure del caso.<\/p>\n<p>&nbsp;<\/p>\n<hr \/>\n<p>&nbsp;<\/p>\n<blockquote>\n<p class=\"\" data-start=\"0\" data-end=\"47\"><strong data-start=\"0\" data-end=\"45\"><a class=\"dt-pswp-item\" href=\"https:\/\/www.radiopiu.net\/wordpress\/wp-content\/uploads\/2024\/09\/FOLLADOR.jpg\" data-dt-img-description=\"\" data-large_image_width=\"1280\" data-large_image_height=\"720\"><img loading=\"lazy\" decoding=\"async\" class=\" wp-image-411383 alignleft\" src=\"https:\/\/www.radiopiu.net\/wordpress\/wp-content\/uploads\/2024\/09\/FOLLADOR-300x169.jpg\" alt=\"\" width=\"261\" height=\"147\" srcset=\"https:\/\/www.radiopiu.net\/wordpress\/wp-content\/uploads\/2024\/09\/FOLLADOR-300x169.jpg 300w, https:\/\/www.radiopiu.net\/wordpress\/wp-content\/uploads\/2024\/09\/FOLLADOR-1024x576.jpg 1024w, https:\/\/www.radiopiu.net\/wordpress\/wp-content\/uploads\/2024\/09\/FOLLADOR-768x432.jpg 768w, https:\/\/www.radiopiu.net\/wordpress\/wp-content\/uploads\/2024\/09\/FOLLADOR.jpg 1280w\" sizes=\"auto, (max-width: 261px) 100vw, 261px\" \/><\/a>ISPEZIONE REGIONALE AL FOLLADOR DI AGORDO<\/strong><\/p>\n<\/blockquote>\n<p class=\"\" data-start=\"49\" data-end=\"207\"><strong>AGORDO<\/strong> \u2013 L&#8217;Ufficio scolastico regionale ha avviato un\u2019ispezione all\u2019istituto Follador per chiarire le cause del malcontento di docenti, studenti e famiglie. L\u2019ispettrice Maria Mapelli ha gi\u00e0 iniziato a raccogliere testimonianze e documenti. Anche le famiglie chiedono di essere ascoltate. La relazione finale sar\u00e0 trasmessa all\u2019Ufficio scolastico veneto nei prossimi mesi.<\/p>\n<p>Ieri un <em>sindacalista<\/em> ha invitato ad &#8220;abbassare i toni&#8221;, peraltro non si sono mai alzati, non ancora, il suo intervento \u00e8 stato per questo molto poco gradito.\u00a0 Ora probabilmente anche<em> il sindacalista<\/em> che non ha mancato di mettersi in luce senza peraltro dare uno straccio di soluzione concreta \u00a0si render\u00e0 conto che non e&#8217; un capriccio di qualche studente\u00a0 e soprattutto che finalmente\u00a0 arriveranno le risposte attese da tempo, da tanto tempo.<\/p>\n<p data-start=\"49\" data-end=\"207\">\n<hr \/>\n<blockquote>\n<h1 data-start=\"49\" data-end=\"207\"><\/h1>\n<h1 data-start=\"49\" data-end=\"207\">MATTEO TOSCANI&#8230; DI NUOVO DIMISSIONARIO. DOVE LO TROVEREMO IN FUTURO?<\/h1>\n<p class=\"\" data-start=\"0\" data-end=\"72\"><strong data-start=\"0\" data-end=\"72\">UNA STORIA DI DIMISSIONI SENZA FINE <em> &#8220;Tosi e tose, chi vivr\u00e0 vedr\u00e0&#8221;.<\/em><\/strong><\/p>\n<\/blockquote>\n<p class=\"\" data-start=\"74\" data-end=\"656\"><strong><a class=\"dt-pswp-item\" href=\"https:\/\/www.radiopiu.net\/wordpress\/wp-content\/uploads\/2025\/03\/download-15.jpg\" data-dt-img-description=\"\" data-large_image_width=\"204\" data-large_image_height=\"192\"><img loading=\"lazy\" decoding=\"async\" class=\"size-full wp-image-441591 alignleft\" src=\"https:\/\/www.radiopiu.net\/wordpress\/wp-content\/uploads\/2025\/03\/download-15.jpg\" alt=\"\" width=\"204\" height=\"192\" \/><\/a>PIEVE DI CADORE<\/strong> \u2013<\/p>\n<p class=\"\" data-start=\"85\" data-end=\"547\">\u2013 Matteo Toscani, il cui percorso politico non \u00e8 certo privo di sorprese, si \u00e8 dimesso ancora una volta dalla giunta di Pieve di Cadore. Ma questa volta la domanda \u00e8: sar\u00e0 davvero giunto il momento di pensare alla pensione per l&#8217;ex sindaco e consigliere regionale, oppure sta preparando il terreno per una nuova corsa alle elezioni regionali?<\/p>\n<p class=\"\" data-start=\"549\" data-end=\"1158\">Con alle spalle esperienze significative, Toscani ha dato l\u2019impressione di essere una figura di riferimento per la giunta Manushi, ma il suo allontanamento solleva interrogativi. La sindaca, pur elogiando il suo lavoro, ha confermato che la causa delle dimissioni \u00e8 legata a motivi personali. Tuttavia, \u00e8 davvero tutto cos\u00ec chiaro? La politica \u00e8 imprevedibile, e chi come Toscani \u00e8 abituato a navigare in acque turbolente sa che le scelte di oggi potrebbero rivelarsi mosse strategiche per il futuro. Ma, come si dice in Veneto,<em> &#8220;Tosi e tose, chi vivr\u00e0 vedr\u00e0\u00a0 e voter\u00e0&#8221;.\u00a0\u00a0<\/em><\/p>\n<p data-start=\"549\" data-end=\"1158\">\n<hr \/>\n<blockquote>\n<h3 data-start=\"549\" data-end=\"1158\"><\/h3>\n<h3 data-start=\"549\" data-end=\"1158\">PERQUISIZIONE IN UN ISTITUTO SUPERIORE: DROGA E BILANCINO TRA I LIBRI<\/h3>\n<\/blockquote>\n<p><span style=\"color: #ff0000;\"><strong>LA GIUDIZIARIA OGGI, SINTESI DAL CORRIERE DELLE ALPI<\/strong><\/span><br \/>\n<span style=\"color: #ff0000;\"><strong>di GIGI SOSSO<\/strong><\/span><\/p>\n<p class=\"\" data-start=\"77\" data-end=\"299\"><strong>BELLUNO<\/strong> \u2013<\/p>\n<p class=\"\" data-start=\"77\" data-end=\"359\"><a class=\"dt-pswp-item\" href=\"https:\/\/www.radiopiu.net\/wordpress\/wp-content\/uploads\/2021\/08\/74b61038-035c-4206-92bf-4703985ced39.jpg\" data-dt-img-description=\"\" data-large_image_width=\"1600\" data-large_image_height=\"720\"><img loading=\"lazy\" decoding=\"async\" class=\" wp-image-225821 alignleft\" src=\"https:\/\/www.radiopiu.net\/wordpress\/wp-content\/uploads\/2021\/08\/74b61038-035c-4206-92bf-4703985ced39-300x135.jpg\" alt=\"\" width=\"269\" height=\"121\" srcset=\"https:\/\/www.radiopiu.net\/wordpress\/wp-content\/uploads\/2021\/08\/74b61038-035c-4206-92bf-4703985ced39-300x135.jpg 300w, https:\/\/www.radiopiu.net\/wordpress\/wp-content\/uploads\/2021\/08\/74b61038-035c-4206-92bf-4703985ced39-1024x461.jpg 1024w, https:\/\/www.radiopiu.net\/wordpress\/wp-content\/uploads\/2021\/08\/74b61038-035c-4206-92bf-4703985ced39-768x346.jpg 768w, https:\/\/www.radiopiu.net\/wordpress\/wp-content\/uploads\/2021\/08\/74b61038-035c-4206-92bf-4703985ced39-1536x691.jpg 1536w, https:\/\/www.radiopiu.net\/wordpress\/wp-content\/uploads\/2021\/08\/74b61038-035c-4206-92bf-4703985ced39.jpg 1600w\" sizes=\"auto, (max-width: 269px) 100vw, 269px\" \/><\/a>Uno studente \u00e8 stato denunciato per detenzione ai fini di spaccio dopo che i Carabinieri hanno trovato nel suo zaino 42,3 grammi di hashish e un bilancino di precisione durante una perquisizione scolastica. Secondo le indagini, il giovane riforniva i compagni di scuola.La perquisizione nella sua abitazione a Tambre ha portato al sequestro di una pistola detenuta illegalmente. Il ragazzo ha scelto il rito abbreviato, e il processo \u00e8 fissato per il 24 giugno. Parallelamente, la Procura dei minori di Venezia segue un secondo procedimento per i fatti avvenuti prima della maggiore et\u00e0.<\/p>\n<blockquote>\n<p class=\"\" data-start=\"0\" data-end=\"71\"><strong data-start=\"0\" data-end=\"69\">MINACCE E PEDINAMENTI: A PROCESSO PER STALKING E VIOLENZA PRIVATA<\/strong><\/p>\n<\/blockquote>\n<p class=\"\" data-start=\"73\" data-end=\"322\"><strong>LIMANA<\/strong>\u2013 G.T. sar\u00e0 processato il 15 luglio per stalking e violenza privata ai danni di un\u2019imprenditrice agricola, sua ex amica. Tra giugno 2023 e gennaio 2024, avrebbe inviato insulti e minacce, arrivando a promettere di incendiare la sua stalla. Un episodio a Limana ha coinvolto un\u2019amica della donna: inseguite in auto, si sono rifugiate dai carabinieri. Il giudice ha imposto a G.T. il divieto di avvicinamento e il braccialetto elettronico. L\u2019imputato ha scelto il rito abbreviato.<\/p>\n<blockquote>\n<p class=\"\" data-start=\"0\" data-end=\"56\"><strong data-start=\"0\" data-end=\"54\">TRUFFA AL BANCOMAT: CONDANNATO A 10 MESI A FONZASO<\/strong><\/p>\n<\/blockquote>\n<p class=\"\" data-start=\"58\" data-end=\"308\"><strong>FONZASO<\/strong> \u2013 Ha raggirato una venditrice con una truffa al bancomat, facendole versare 3.499 euro invece di incassare il pagamento per un treno di gomme. Il giostraio trevigiano, \u00e8 stato condannato a 10 mesi di reclusione e 267 euro di multa. Spacciandosi per un certo &#8220;Davide&#8221;, l\u2019uomo ha indotto la vittima a digitare codici che hanno ricaricato una carta Postepay a suo favore. Scoperto dai carabinieri, \u00e8 stato processato e condannato. L\u2019avvocato difensore annuncia appello.<\/p>\n<article class=\"group\/turn w-full text-token-text-primary focus-visible:outline-none\" dir=\"auto\" tabindex=\"-1\" data-testid=\"conversation-turn-16\" data-scroll-anchor=\"true\">\n<div class=\"text-base my-auto mx-auto py-5 px-6\">\n<div class=\"mx-auto flex flex-1 text-base gap-4 md:gap-5 lg:gap-6 md:max-w-3xl\">\n<div class=\"group\/conversation-turn relative flex w-full min-w-0 flex-col agent-turn @xs\/thread:px-0 @sm\/thread:px-1.5 @md\/thread:px-4\">\n<div class=\"relative flex-col gap-1 md:gap-3\">\n<div class=\"flex max-w-full flex-col flex-grow\">\n<div class=\"min-h-8 text-message relative flex w-full flex-col items-end gap-2 whitespace-normal break-words text-start [.text-message+&amp;]:mt-5\" dir=\"auto\" data-message-author-role=\"assistant\" data-message-id=\"fbf396b9-40b8-47a3-aa7a-bb7e219da119\" data-message-model-slug=\"gpt-4o\">\n<div class=\"flex w-full flex-col gap-1 empty:hidden first:pt-[3px]\">\n<div class=\"markdown prose w-full break-words dark:prose-invert dark\">\n<blockquote>\n<p class=\"\" data-start=\"0\" data-end=\"45\"><strong data-start=\"0\" data-end=\"43\">MALTRATTAVA IL CANE: PADRONE A PROCESSO<\/strong><\/p>\n<\/blockquote>\n<p class=\"\" data-start=\"47\" data-end=\"193\"><strong>VALBELLUNA<\/strong> \u2013 Accusato di aver frustato il suo cagnolino con un cavo elettrico, un uomo di Sedico andr\u00e0 a processo per maltrattamento di animali. L\u2019episodio, avvenuto in strada davanti a testimoni, ha portato a una denuncia. L\u2019imputato si difende sostenendo di aver reagito a un comportamento aggressivo del cane. L&#8217;udienza pre-dibattimentale \u00e8 fissata per il 1\u00b0 aprile.<\/p>\n<\/div>\n<\/div>\n<\/div>\n<\/div>\n<div class=\"mt-3 w-full empty:hidden\">\n<div class=\"text-center\"><\/div>\n<\/div>\n<\/div>\n<\/div>\n<\/div>\n<\/div>\n<\/article>\n<div class=\"pointer-events-none h-px w-px\" aria-hidden=\"true\" data-edge=\"true\"><\/div>\n<hr \/>\n<p>&nbsp;<\/p>\n<blockquote>\n<h3>MILANO-CORTINA 2026. APERTA PISTA DI BOB A CORTINA<\/h3>\n<\/blockquote>\n<p><strong><a class=\"dt-pswp-item\" href=\"https:\/\/www.radiopiu.net\/wordpress\/wp-content\/uploads\/2025\/03\/78719e7c-02ca-4217-bb8b-48119ac83f2a-scaled.jpg\" data-dt-img-description=\"\" data-large_image_width=\"2560\" data-large_image_height=\"1708\"><img loading=\"lazy\" decoding=\"async\" class=\" wp-image-441473 alignleft\" src=\"https:\/\/www.radiopiu.net\/wordpress\/wp-content\/uploads\/2025\/03\/78719e7c-02ca-4217-bb8b-48119ac83f2a-300x200.jpg\" alt=\"\" width=\"186\" height=\"124\" srcset=\"https:\/\/www.radiopiu.net\/wordpress\/wp-content\/uploads\/2025\/03\/78719e7c-02ca-4217-bb8b-48119ac83f2a-300x200.jpg 300w, https:\/\/www.radiopiu.net\/wordpress\/wp-content\/uploads\/2025\/03\/78719e7c-02ca-4217-bb8b-48119ac83f2a-1024x683.jpg 1024w, https:\/\/www.radiopiu.net\/wordpress\/wp-content\/uploads\/2025\/03\/78719e7c-02ca-4217-bb8b-48119ac83f2a-768x512.jpg 768w, https:\/\/www.radiopiu.net\/wordpress\/wp-content\/uploads\/2025\/03\/78719e7c-02ca-4217-bb8b-48119ac83f2a-1536x1025.jpg 1536w, https:\/\/www.radiopiu.net\/wordpress\/wp-content\/uploads\/2025\/03\/78719e7c-02ca-4217-bb8b-48119ac83f2a-2048x1366.jpg 2048w\" sizes=\"auto, (max-width: 186px) 100vw, 186px\" \/><\/a>CORTINA<\/strong> Il Presidente del Veneto, Luca Zaia, celebra l\u2019apertura della nuova pista da bob Eugenio Monti a Cortina, definendola un\u2019opera storica e iconica sia dal punto di vista sportivo che ingegneristico. Il progetto ha trasformato un\u2019area degradata in una struttura d\u2019eccellenza, completata in un anno con un investimento di quasi 120 milioni. Zaia sottolinea l\u2019importanza dell\u2019intervento ambientale con la ripiantumazione di 10.000 alberi e il rilancio turistico della regione. La pista sar\u00e0 l\u2019ultima costruita al mondo secondo il CIO e attirer\u00e0 milioni di spettatori. Il governatore evidenzia anche l\u2019impatto economico positivo dell\u2019evento, con un valore stimato di 5,3 miliardi e opere pubbliche per 1,8 miliardi grazie alle Olimpiadi. Il presidente della Provincia di Belluno, Roberto Padrin, ha dichiarato che per trasformare lo Sliding Center di Cortina nell&#8217;opera simbolo del successo organizzativo delle Olimpiadi, \u00e8 necessario l\u2019impegno di tutti. Durante la cerimonia di preomologazione dell\u2019impianto, ha sottolineato la qualit\u00e0 della pista, moderna e innovativa, che dopo le Olimpiadi diventer\u00e0 un punto di riferimento mondiale per le discipline del ghiaccio. Padrin ha citato Ivo Ferriani, ex bobbista, evidenziando l\u2019importanza delle persone nel rendere attrattivo l\u2019impianto. Con il contesto urbano e la storia del bob a Cortina, le premesse per il successo sono ottime, e lo sport potr\u00e0 regalare grandi emozioni e successi agli atleti italiani.<\/p>\n<p><strong>DI BARBARA PAOLAZZI<\/strong><\/p>\n<audio class=\"wp-audio-shortcode\" id=\"audio-441470-7\" preload=\"none\" style=\"width: 100%;\" controls=\"controls\"><source type=\"audio\/mpeg\" src=\"https:\/\/www.radiopiu.net\/wordpress\/wp-content\/uploads\/2025\/03\/PAOLAZZI-PISTA-BOB-CORTINA-4-MIN.mp3?_=7\" \/><a href=\"https:\/\/www.radiopiu.net\/wordpress\/wp-content\/uploads\/2025\/03\/PAOLAZZI-PISTA-BOB-CORTINA-4-MIN.mp3\">https:\/\/www.radiopiu.net\/wordpress\/wp-content\/uploads\/2025\/03\/PAOLAZZI-PISTA-BOB-CORTINA-4-MIN.mp3<\/a><\/audio>\n<p>&nbsp;<\/p>\n<p><strong>IL PASSAGGIO SULLA CURVA CRISTALLO<\/strong><\/p>\n<div style=\"width: 1200px;\" class=\"wp-video\"><video class=\"wp-video-shortcode\" id=\"video-441470-1\" width=\"1200\" height=\"675\" preload=\"metadata\" controls=\"controls\"><source type=\"video\/mp4\" src=\"https:\/\/www.radiopiu.net\/wordpress\/wp-content\/uploads\/2025\/03\/WhatsApp-Video-2025-03-25-at-20.35.58.mp4?_=1\" \/><a href=\"https:\/\/www.radiopiu.net\/wordpress\/wp-content\/uploads\/2025\/03\/WhatsApp-Video-2025-03-25-at-20.35.58.mp4\">https:\/\/www.radiopiu.net\/wordpress\/wp-content\/uploads\/2025\/03\/WhatsApp-Video-2025-03-25-at-20.35.58.mp4<\/a><\/video><\/div>\n<p>&nbsp;<\/p>\n\n\t\t\t<style type='text\/css'>\n\t\t\t\t#gallery-1 {\n\t\t\t\t\tmargin: auto;\n\t\t\t\t}\n\t\t\t\t#gallery-1 .gallery-item {\n\t\t\t\t\tfloat: left;\n\t\t\t\t\tmargin-top: 10px;\n\t\t\t\t\ttext-align: center;\n\t\t\t\t\twidth: 33%;\n\t\t\t\t}\n\t\t\t\t#gallery-1 img {\n\t\t\t\t\tborder: 2px solid #cfcfcf;\n\t\t\t\t}\n\t\t\t\t#gallery-1 .gallery-caption {\n\t\t\t\t\tmargin-left: 0;\n\t\t\t\t}\n\t\t\t\t\/* see gallery_shortcode() in wp-includes\/media.php *\/\n\t\t\t<\/style>\n\t\t<div id='gallery-1' class='dt-gallery-container gallery galleryid-441470 gallery-columns-3 gallery-size-medium'><dl class='gallery-item'>\n\t\t\t\t<dt class='gallery-icon landscape'>\n\t\t\t\t\t<a class=\"rollover rollover-zoom dt-pswp-item\" title=\"7e73af66-eb16-4e2a-af27-8641a52643ca\" data-dt-img-description=\"\" data-large_image_width=\"1600\" data-large_image_height=\"1198\"href='https:\/\/www.radiopiu.net\/wordpress\/wp-content\/uploads\/2025\/03\/7e73af66-eb16-4e2a-af27-8641a52643ca.jpg'><img loading=\"lazy\" decoding=\"async\" width=\"300\" height=\"225\" src=\"https:\/\/www.radiopiu.net\/wordpress\/wp-content\/uploads\/2025\/03\/7e73af66-eb16-4e2a-af27-8641a52643ca-300x225.jpg\" class=\"attachment-medium size-medium\" alt=\"\" srcset=\"https:\/\/www.radiopiu.net\/wordpress\/wp-content\/uploads\/2025\/03\/7e73af66-eb16-4e2a-af27-8641a52643ca-300x225.jpg 300w, https:\/\/www.radiopiu.net\/wordpress\/wp-content\/uploads\/2025\/03\/7e73af66-eb16-4e2a-af27-8641a52643ca-1024x767.jpg 1024w, https:\/\/www.radiopiu.net\/wordpress\/wp-content\/uploads\/2025\/03\/7e73af66-eb16-4e2a-af27-8641a52643ca-768x575.jpg 768w, https:\/\/www.radiopiu.net\/wordpress\/wp-content\/uploads\/2025\/03\/7e73af66-eb16-4e2a-af27-8641a52643ca-1536x1150.jpg 1536w, https:\/\/www.radiopiu.net\/wordpress\/wp-content\/uploads\/2025\/03\/7e73af66-eb16-4e2a-af27-8641a52643ca.jpg 1600w\" sizes=\"auto, (max-width: 300px) 100vw, 300px\" \/><\/a>\n\t\t\t\t<\/dt><\/dl><dl class='gallery-item'>\n\t\t\t\t<dt class='gallery-icon landscape'>\n\t\t\t\t\t<a class=\"rollover rollover-zoom dt-pswp-item\" title=\"e2cd1746-470a-4171-8f02-0377dcf97b6a\" data-dt-img-description=\"\" data-large_image_width=\"1600\" data-large_image_height=\"897\"href='https:\/\/www.radiopiu.net\/wordpress\/wp-content\/uploads\/2025\/03\/e2cd1746-470a-4171-8f02-0377dcf97b6a.jpg'><img loading=\"lazy\" decoding=\"async\" width=\"300\" height=\"168\" src=\"https:\/\/www.radiopiu.net\/wordpress\/wp-content\/uploads\/2025\/03\/e2cd1746-470a-4171-8f02-0377dcf97b6a-300x168.jpg\" class=\"attachment-medium size-medium\" alt=\"\" srcset=\"https:\/\/www.radiopiu.net\/wordpress\/wp-content\/uploads\/2025\/03\/e2cd1746-470a-4171-8f02-0377dcf97b6a-300x168.jpg 300w, https:\/\/www.radiopiu.net\/wordpress\/wp-content\/uploads\/2025\/03\/e2cd1746-470a-4171-8f02-0377dcf97b6a-1024x574.jpg 1024w, https:\/\/www.radiopiu.net\/wordpress\/wp-content\/uploads\/2025\/03\/e2cd1746-470a-4171-8f02-0377dcf97b6a-768x431.jpg 768w, https:\/\/www.radiopiu.net\/wordpress\/wp-content\/uploads\/2025\/03\/e2cd1746-470a-4171-8f02-0377dcf97b6a-1536x861.jpg 1536w, https:\/\/www.radiopiu.net\/wordpress\/wp-content\/uploads\/2025\/03\/e2cd1746-470a-4171-8f02-0377dcf97b6a.jpg 1600w\" sizes=\"auto, (max-width: 300px) 100vw, 300px\" \/><\/a>\n\t\t\t\t<\/dt><\/dl><dl class='gallery-item'>\n\t\t\t\t<dt class='gallery-icon landscape'>\n\t\t\t\t\t<a class=\"rollover rollover-zoom dt-pswp-item\" title=\"3a015f02-4b86-428d-91da-7efde6471112\" data-dt-img-description=\"\" data-large_image_width=\"1600\" data-large_image_height=\"897\"href='https:\/\/www.radiopiu.net\/wordpress\/wp-content\/uploads\/2025\/03\/3a015f02-4b86-428d-91da-7efde6471112.jpg'><img loading=\"lazy\" decoding=\"async\" width=\"300\" height=\"168\" src=\"https:\/\/www.radiopiu.net\/wordpress\/wp-content\/uploads\/2025\/03\/3a015f02-4b86-428d-91da-7efde6471112-300x168.jpg\" class=\"attachment-medium size-medium\" alt=\"\" srcset=\"https:\/\/www.radiopiu.net\/wordpress\/wp-content\/uploads\/2025\/03\/3a015f02-4b86-428d-91da-7efde6471112-300x168.jpg 300w, https:\/\/www.radiopiu.net\/wordpress\/wp-content\/uploads\/2025\/03\/3a015f02-4b86-428d-91da-7efde6471112-1024x574.jpg 1024w, https:\/\/www.radiopiu.net\/wordpress\/wp-content\/uploads\/2025\/03\/3a015f02-4b86-428d-91da-7efde6471112-768x431.jpg 768w, https:\/\/www.radiopiu.net\/wordpress\/wp-content\/uploads\/2025\/03\/3a015f02-4b86-428d-91da-7efde6471112-1536x861.jpg 1536w, https:\/\/www.radiopiu.net\/wordpress\/wp-content\/uploads\/2025\/03\/3a015f02-4b86-428d-91da-7efde6471112.jpg 1600w\" sizes=\"auto, (max-width: 300px) 100vw, 300px\" \/><\/a>\n\t\t\t\t<\/dt><\/dl><br style=\"clear: both\" \/>\n\t\t\t<\/div>\n\n<p>&nbsp;<\/p>\n<hr \/>\n<p>&nbsp;<\/p>\n<blockquote>\n<h3>AL VIA LA SALA SITUAZIONI VENETO IN MODALITA&#8217; H24<\/h3>\n<\/blockquote>\n<p><strong><a class=\"dt-pswp-item\" href=\"https:\/\/www.radiopiu.net\/wordpress\/wp-content\/uploads\/2025\/03\/7e7695b0-f4c8-4bcd-a813-81c27c0b9ade.jpg\" data-dt-img-description=\"\" data-large_image_width=\"1600\" data-large_image_height=\"1072\"><img loading=\"lazy\" decoding=\"async\" class=\" wp-image-441467 alignleft\" src=\"https:\/\/www.radiopiu.net\/wordpress\/wp-content\/uploads\/2025\/03\/7e7695b0-f4c8-4bcd-a813-81c27c0b9ade-300x201.jpg\" alt=\"\" width=\"157\" height=\"105\" srcset=\"https:\/\/www.radiopiu.net\/wordpress\/wp-content\/uploads\/2025\/03\/7e7695b0-f4c8-4bcd-a813-81c27c0b9ade-300x201.jpg 300w, https:\/\/www.radiopiu.net\/wordpress\/wp-content\/uploads\/2025\/03\/7e7695b0-f4c8-4bcd-a813-81c27c0b9ade-1024x686.jpg 1024w, https:\/\/www.radiopiu.net\/wordpress\/wp-content\/uploads\/2025\/03\/7e7695b0-f4c8-4bcd-a813-81c27c0b9ade-768x515.jpg 768w, https:\/\/www.radiopiu.net\/wordpress\/wp-content\/uploads\/2025\/03\/7e7695b0-f4c8-4bcd-a813-81c27c0b9ade-1536x1029.jpg 1536w, https:\/\/www.radiopiu.net\/wordpress\/wp-content\/uploads\/2025\/03\/7e7695b0-f4c8-4bcd-a813-81c27c0b9ade.jpg 1600w\" sizes=\"auto, (max-width: 157px) 100vw, 157px\" \/><\/a>VENEZIA <\/strong>La Regione Veneto ha attivato la Sala Situazioni Veneto in modalit\u00e0 H24, operativa tutto l\u2019anno per raccogliere, verificare e diffondere informazioni sulle emergenze. In precedenza funzionante solo in orario feriale, ora assicura un monitoraggio continuo. Situata a Marghera, \u00e8 il punto nevralgico della Protezione Civile, coordinandosi con SUEM 118, Vigili del Fuoco, forze dell\u2019ordine, prefetture e comuni. Dopo un periodo di formazione e simulazioni pratiche, il personale lavora su tre turni giornalieri. La sala \u00e8 stata gi\u00e0 coinvolta in molteplici emergenze: incidenti, incendi, frane, inquinamenti e persone scomparse. L\u2019obiettivo \u00e8 migliorare la sicurezza del territorio e dei cittadini, attraverso previsione e prevenzione del rischio. Negli ultimi anni, il Veneto ha investito 2,2 miliardi di euro in un piano di adattamento climatico, contribuendo a ridurre i danni di eventi estremi come Vaia e l\u2019acqua granda. Grazie a reti di monitoraggio avanzato, il servizio H24 garantir\u00e0 un punto di riferimento costante per la gestione delle emergenze.<\/p>\n\n\t\t\t<style type='text\/css'>\n\t\t\t\t#gallery-2 {\n\t\t\t\t\tmargin: auto;\n\t\t\t\t}\n\t\t\t\t#gallery-2 .gallery-item {\n\t\t\t\t\tfloat: left;\n\t\t\t\t\tmargin-top: 10px;\n\t\t\t\t\ttext-align: center;\n\t\t\t\t\twidth: 33%;\n\t\t\t\t}\n\t\t\t\t#gallery-2 img {\n\t\t\t\t\tborder: 2px solid #cfcfcf;\n\t\t\t\t}\n\t\t\t\t#gallery-2 .gallery-caption {\n\t\t\t\t\tmargin-left: 0;\n\t\t\t\t}\n\t\t\t\t\/* see gallery_shortcode() in wp-includes\/media.php *\/\n\t\t\t<\/style>\n\t\t<div id='gallery-2' class='dt-gallery-container gallery galleryid-441470 gallery-columns-3 gallery-size-medium'><dl class='gallery-item'>\n\t\t\t\t<dt class='gallery-icon landscape'>\n\t\t\t\t\t<a class=\"rollover rollover-zoom dt-pswp-item\" title=\"5aecab3e-025d-4714-9bab-d76b420229fe\" data-dt-img-description=\"\" data-large_image_width=\"1608\" data-large_image_height=\"1023\"href='https:\/\/www.radiopiu.net\/wordpress\/wp-content\/uploads\/2025\/03\/5aecab3e-025d-4714-9bab-d76b420229fe.jpg'><img loading=\"lazy\" decoding=\"async\" width=\"300\" height=\"191\" src=\"https:\/\/www.radiopiu.net\/wordpress\/wp-content\/uploads\/2025\/03\/5aecab3e-025d-4714-9bab-d76b420229fe-300x191.jpg\" class=\"attachment-medium size-medium\" alt=\"\" srcset=\"https:\/\/www.radiopiu.net\/wordpress\/wp-content\/uploads\/2025\/03\/5aecab3e-025d-4714-9bab-d76b420229fe-300x191.jpg 300w, https:\/\/www.radiopiu.net\/wordpress\/wp-content\/uploads\/2025\/03\/5aecab3e-025d-4714-9bab-d76b420229fe-1024x651.jpg 1024w, https:\/\/www.radiopiu.net\/wordpress\/wp-content\/uploads\/2025\/03\/5aecab3e-025d-4714-9bab-d76b420229fe-768x489.jpg 768w, https:\/\/www.radiopiu.net\/wordpress\/wp-content\/uploads\/2025\/03\/5aecab3e-025d-4714-9bab-d76b420229fe-1536x977.jpg 1536w, https:\/\/www.radiopiu.net\/wordpress\/wp-content\/uploads\/2025\/03\/5aecab3e-025d-4714-9bab-d76b420229fe.jpg 1608w\" sizes=\"auto, (max-width: 300px) 100vw, 300px\" \/><\/a>\n\t\t\t\t<\/dt><\/dl><dl class='gallery-item'>\n\t\t\t\t<dt class='gallery-icon landscape'>\n\t\t\t\t\t<a class=\"rollover rollover-zoom dt-pswp-item\" title=\"e3a1cd62-20b7-4c35-82e1-ca5e750c3447\" data-dt-img-description=\"\" data-large_image_width=\"1559\" data-large_image_height=\"1024\"href='https:\/\/www.radiopiu.net\/wordpress\/wp-content\/uploads\/2025\/03\/e3a1cd62-20b7-4c35-82e1-ca5e750c3447.jpg'><img loading=\"lazy\" decoding=\"async\" width=\"300\" height=\"197\" src=\"https:\/\/www.radiopiu.net\/wordpress\/wp-content\/uploads\/2025\/03\/e3a1cd62-20b7-4c35-82e1-ca5e750c3447-300x197.jpg\" class=\"attachment-medium size-medium\" alt=\"\" srcset=\"https:\/\/www.radiopiu.net\/wordpress\/wp-content\/uploads\/2025\/03\/e3a1cd62-20b7-4c35-82e1-ca5e750c3447-300x197.jpg 300w, https:\/\/www.radiopiu.net\/wordpress\/wp-content\/uploads\/2025\/03\/e3a1cd62-20b7-4c35-82e1-ca5e750c3447-1024x673.jpg 1024w, https:\/\/www.radiopiu.net\/wordpress\/wp-content\/uploads\/2025\/03\/e3a1cd62-20b7-4c35-82e1-ca5e750c3447-768x504.jpg 768w, https:\/\/www.radiopiu.net\/wordpress\/wp-content\/uploads\/2025\/03\/e3a1cd62-20b7-4c35-82e1-ca5e750c3447-1536x1009.jpg 1536w, https:\/\/www.radiopiu.net\/wordpress\/wp-content\/uploads\/2025\/03\/e3a1cd62-20b7-4c35-82e1-ca5e750c3447.jpg 1559w\" sizes=\"auto, (max-width: 300px) 100vw, 300px\" \/><\/a>\n\t\t\t\t<\/dt><\/dl><dl class='gallery-item'>\n\t\t\t\t<dt class='gallery-icon landscape'>\n\t\t\t\t\t<a class=\"rollover rollover-zoom dt-pswp-item\" title=\"4d3e7653-5076-4d7f-95e6-223a0644f37f\" data-dt-img-description=\"\" data-large_image_width=\"1418\" data-large_image_height=\"1029\"href='https:\/\/www.radiopiu.net\/wordpress\/wp-content\/uploads\/2025\/03\/4d3e7653-5076-4d7f-95e6-223a0644f37f.jpg'><img loading=\"lazy\" decoding=\"async\" width=\"300\" height=\"218\" src=\"https:\/\/www.radiopiu.net\/wordpress\/wp-content\/uploads\/2025\/03\/4d3e7653-5076-4d7f-95e6-223a0644f37f-300x218.jpg\" class=\"attachment-medium size-medium\" alt=\"\" srcset=\"https:\/\/www.radiopiu.net\/wordpress\/wp-content\/uploads\/2025\/03\/4d3e7653-5076-4d7f-95e6-223a0644f37f-300x218.jpg 300w, https:\/\/www.radiopiu.net\/wordpress\/wp-content\/uploads\/2025\/03\/4d3e7653-5076-4d7f-95e6-223a0644f37f-1024x743.jpg 1024w, https:\/\/www.radiopiu.net\/wordpress\/wp-content\/uploads\/2025\/03\/4d3e7653-5076-4d7f-95e6-223a0644f37f-768x557.jpg 768w, https:\/\/www.radiopiu.net\/wordpress\/wp-content\/uploads\/2025\/03\/4d3e7653-5076-4d7f-95e6-223a0644f37f.jpg 1418w\" sizes=\"auto, (max-width: 300px) 100vw, 300px\" \/><\/a>\n\t\t\t\t<\/dt><\/dl><br style=\"clear: both\" \/><dl class='gallery-item'>\n\t\t\t\t<dt class='gallery-icon landscape'>\n\t\t\t\t\t<a class=\"rollover rollover-zoom dt-pswp-item\" title=\"405ca049-e17b-49b9-8a8c-e54ff8ddc8ea\" data-dt-img-description=\"\" data-large_image_width=\"1689\" data-large_image_height=\"1025\"href='https:\/\/www.radiopiu.net\/wordpress\/wp-content\/uploads\/2025\/03\/405ca049-e17b-49b9-8a8c-e54ff8ddc8ea.jpg'><img loading=\"lazy\" decoding=\"async\" width=\"300\" height=\"182\" src=\"https:\/\/www.radiopiu.net\/wordpress\/wp-content\/uploads\/2025\/03\/405ca049-e17b-49b9-8a8c-e54ff8ddc8ea-300x182.jpg\" class=\"attachment-medium size-medium\" alt=\"\" srcset=\"https:\/\/www.radiopiu.net\/wordpress\/wp-content\/uploads\/2025\/03\/405ca049-e17b-49b9-8a8c-e54ff8ddc8ea-300x182.jpg 300w, https:\/\/www.radiopiu.net\/wordpress\/wp-content\/uploads\/2025\/03\/405ca049-e17b-49b9-8a8c-e54ff8ddc8ea-1024x621.jpg 1024w, https:\/\/www.radiopiu.net\/wordpress\/wp-content\/uploads\/2025\/03\/405ca049-e17b-49b9-8a8c-e54ff8ddc8ea-768x466.jpg 768w, https:\/\/www.radiopiu.net\/wordpress\/wp-content\/uploads\/2025\/03\/405ca049-e17b-49b9-8a8c-e54ff8ddc8ea-1536x932.jpg 1536w, https:\/\/www.radiopiu.net\/wordpress\/wp-content\/uploads\/2025\/03\/405ca049-e17b-49b9-8a8c-e54ff8ddc8ea.jpg 1689w\" sizes=\"auto, (max-width: 300px) 100vw, 300px\" \/><\/a>\n\t\t\t\t<\/dt><\/dl><dl class='gallery-item'>\n\t\t\t\t<dt class='gallery-icon landscape'>\n\t\t\t\t\t<a class=\"rollover rollover-zoom dt-pswp-item\" title=\"6820d113-2798-47eb-8f94-b610dbd7afca\" data-dt-img-description=\"\" data-large_image_width=\"1711\" data-large_image_height=\"1025\"href='https:\/\/www.radiopiu.net\/wordpress\/wp-content\/uploads\/2025\/03\/6820d113-2798-47eb-8f94-b610dbd7afca.jpg'><img loading=\"lazy\" decoding=\"async\" width=\"300\" height=\"180\" src=\"https:\/\/www.radiopiu.net\/wordpress\/wp-content\/uploads\/2025\/03\/6820d113-2798-47eb-8f94-b610dbd7afca-300x180.jpg\" class=\"attachment-medium size-medium\" alt=\"\" srcset=\"https:\/\/www.radiopiu.net\/wordpress\/wp-content\/uploads\/2025\/03\/6820d113-2798-47eb-8f94-b610dbd7afca-300x180.jpg 300w, https:\/\/www.radiopiu.net\/wordpress\/wp-content\/uploads\/2025\/03\/6820d113-2798-47eb-8f94-b610dbd7afca-1024x613.jpg 1024w, https:\/\/www.radiopiu.net\/wordpress\/wp-content\/uploads\/2025\/03\/6820d113-2798-47eb-8f94-b610dbd7afca-768x460.jpg 768w, https:\/\/www.radiopiu.net\/wordpress\/wp-content\/uploads\/2025\/03\/6820d113-2798-47eb-8f94-b610dbd7afca-1536x920.jpg 1536w, https:\/\/www.radiopiu.net\/wordpress\/wp-content\/uploads\/2025\/03\/6820d113-2798-47eb-8f94-b610dbd7afca.jpg 1711w\" sizes=\"auto, (max-width: 300px) 100vw, 300px\" \/><\/a>\n\t\t\t\t<\/dt><\/dl><dl class='gallery-item'>\n\t\t\t\t<dt class='gallery-icon landscape'>\n\t\t\t\t\t<a class=\"rollover rollover-zoom dt-pswp-item\" title=\"26edee23-5d48-4595-8635-2abcad77b188\" data-dt-img-description=\"\" data-large_image_width=\"1778\" data-large_image_height=\"1023\"href='https:\/\/www.radiopiu.net\/wordpress\/wp-content\/uploads\/2025\/03\/26edee23-5d48-4595-8635-2abcad77b188.jpg'><img loading=\"lazy\" decoding=\"async\" width=\"300\" height=\"173\" src=\"https:\/\/www.radiopiu.net\/wordpress\/wp-content\/uploads\/2025\/03\/26edee23-5d48-4595-8635-2abcad77b188-300x173.jpg\" class=\"attachment-medium size-medium\" alt=\"\" srcset=\"https:\/\/www.radiopiu.net\/wordpress\/wp-content\/uploads\/2025\/03\/26edee23-5d48-4595-8635-2abcad77b188-300x173.jpg 300w, https:\/\/www.radiopiu.net\/wordpress\/wp-content\/uploads\/2025\/03\/26edee23-5d48-4595-8635-2abcad77b188-1024x589.jpg 1024w, https:\/\/www.radiopiu.net\/wordpress\/wp-content\/uploads\/2025\/03\/26edee23-5d48-4595-8635-2abcad77b188-768x442.jpg 768w, https:\/\/www.radiopiu.net\/wordpress\/wp-content\/uploads\/2025\/03\/26edee23-5d48-4595-8635-2abcad77b188-1536x884.jpg 1536w, https:\/\/www.radiopiu.net\/wordpress\/wp-content\/uploads\/2025\/03\/26edee23-5d48-4595-8635-2abcad77b188.jpg 1778w\" sizes=\"auto, (max-width: 300px) 100vw, 300px\" \/><\/a>\n\t\t\t\t<\/dt><\/dl><br style=\"clear: both\" \/>\n\t\t\t<\/div>\n\n<p><iframe loading=\"lazy\" title=\"Protezione Civile Veneto   int  G  Bottacin + imm\" width=\"1200\" height=\"675\" src=\"https:\/\/www.youtube.com\/embed\/BENcRCHUI8E?feature=oembed\" frameborder=\"0\" allow=\"accelerometer; autoplay; clipboard-write; encrypted-media; gyroscope; picture-in-picture; web-share\" referrerpolicy=\"strict-origin-when-cross-origin\" allowfullscreen><\/iframe><\/p>\n<p>&nbsp;<\/p>\n<hr \/>\n<p>&nbsp;<\/p>\n<blockquote>\n<h3>RAZIONALIZZAZIONE DEGLI ELETTRODOTTI: PARERE FAVOREVOLE ALLA MEDIA VALLE DEL PIAVE<\/h3>\n<\/blockquote>\n<p><strong><a class=\"dt-pswp-item\" href=\"https:\/\/www.radiopiu.net\/wordpress\/wp-content\/uploads\/2019\/02\/palazzo_piloni_belluno.jpg\" data-dt-img-description=\"\" data-large_image_width=\"1000\" data-large_image_height=\"667\"><img loading=\"lazy\" decoding=\"async\" class=\" wp-image-77618 alignleft\" src=\"https:\/\/www.radiopiu.net\/wordpress\/wp-content\/uploads\/2019\/02\/palazzo_piloni_belluno-300x200.jpg\" alt=\"\" width=\"161\" height=\"107\" srcset=\"https:\/\/www.radiopiu.net\/wordpress\/wp-content\/uploads\/2019\/02\/palazzo_piloni_belluno-300x200.jpg 300w, https:\/\/www.radiopiu.net\/wordpress\/wp-content\/uploads\/2019\/02\/palazzo_piloni_belluno-768x512.jpg 768w, https:\/\/www.radiopiu.net\/wordpress\/wp-content\/uploads\/2019\/02\/palazzo_piloni_belluno.jpg 1000w\" sizes=\"auto, (max-width: 161px) 100vw, 161px\" \/><\/a>BELLUNO<\/strong> La Provincia di Belluno chiede a Terna di mostrare i piani completi sugli elettrodotti che interessano il territorio, insistendo finch\u00e9 non ricever\u00e0 una risposta. Il progetto &#8220;Rtn Media valle del Piave&#8221;, che riguarda la razionalizzazione degli elettrodotti tra Perarolo e Belluno, \u00e8 in corso da oltre dieci anni, ma la conferenza dei servizi non si \u00e8 ancora conclusa a causa dell&#8217;assenza del parere provinciale. Nonostante la procedura sembri positiva, la Provincia esige di vedere l&#8217;intera programmazione di Terna per evitare interventi frammentati e di coordinare le azioni tra i Comuni. Nel 2021, la Provincia ha deciso che i nuovi impianti devono migliorare l&#8217;ecosistema e utilizzare cavi interrati per minimizzare l&#8217;impatto paesaggistico.<\/p>\n<p>&nbsp;<\/p>\n<p>&nbsp;<\/p>\n<hr \/>\n<p>&nbsp;<\/p>\n<blockquote>\n<h3>GIOVANI&amp;FUTURO CONCORDANO CON LORRAINE BERTON SULLO SPOPOLAMENTO IN PROVINCIA DI BELLUNO<\/h3>\n<\/blockquote>\n<p><strong><a class=\"dt-pswp-item\" href=\"https:\/\/www.radiopiu.net\/wordpress\/wp-content\/uploads\/2025\/03\/Frescura-Menia-Corbanese-25-03-2025.jpg\" data-dt-img-description=\"\" data-large_image_width=\"475\" data-large_image_height=\"380\"><img loading=\"lazy\" decoding=\"async\" class=\" wp-image-441497 alignleft\" src=\"https:\/\/www.radiopiu.net\/wordpress\/wp-content\/uploads\/2025\/03\/Frescura-Menia-Corbanese-25-03-2025-300x240.jpg\" alt=\"\" width=\"173\" height=\"138\" srcset=\"https:\/\/www.radiopiu.net\/wordpress\/wp-content\/uploads\/2025\/03\/Frescura-Menia-Corbanese-25-03-2025-300x240.jpg 300w, https:\/\/www.radiopiu.net\/wordpress\/wp-content\/uploads\/2025\/03\/Frescura-Menia-Corbanese-25-03-2025.jpg 475w\" sizes=\"auto, (max-width: 173px) 100vw, 173px\" \/><\/a>BELLUNO\u00a0<\/strong>Luca Frescura, Presidente di Giovani&amp;Futuro, critica la politica locale riguardo al tema dello spopolamento e alla carenza di alloggi, sottolineando che la situazione \u00e8 un\u2019emergenza che deve essere affrontata con politiche concrete. A sostegno di questo, ha presentato insieme al Sindaco di Lozzo di Cadore un progetto chiamato &#8220;Viviamo la Montagna&#8221;, volto a favorire la residenzialit\u00e0 e contrastare il declino demografico. Frescura ritiene che molti giovani, come lui, vogliono vivere e non sopravvivere nella propria terra, ma per farlo servono azioni politiche reali. L&#8217;associazione \u00e8 anche contraria agli aumenti delle bollette, proponendo una riduzione delle tariffe dell\u2019acqua dal 2026 per un totale di 4-5 milioni di euro. L&#8217;obiettivo \u00e8 modernizzare la rete idrica, attualmente inefficienti. Inoltre, Giovani&amp;Futuro sta preparando una proposta per ridurre l\u2019IVA su prodotti per l\u2019igiene femminile e la prima infanzia, promuovendo un disegno di legge di iniziativa popolare. Thomas Menia Corbanese, vicepresidente di Giovani&amp;Futuro e Sindaco di Danta, ha annunciato che l\u2019associazione sta cercando un approccio collaborativo con tutte le istituzioni per trovare soluzioni utili per il territorio.<\/p>\n<p>&nbsp;<\/p>\n<p>&nbsp;<\/p>\n<hr \/>\n<p>&nbsp;<\/p>\n<blockquote>\n<h3>FESTA DEL POPOLO VENETO, L&#8217;ASSESSORE CORAZZARI ACCOGLIE LE SCUOLE VINCITRICI DEL CONCORSO<\/h3>\n<\/blockquote>\n<p><strong><a class=\"dt-pswp-item\" href=\"https:\/\/www.radiopiu.net\/wordpress\/wp-content\/uploads\/2025\/03\/Corazzari.jpeg\" data-dt-img-description=\"\" data-large_image_width=\"1200\" data-large_image_height=\"953\"><img loading=\"lazy\" decoding=\"async\" class=\" wp-image-441508 alignleft\" src=\"https:\/\/www.radiopiu.net\/wordpress\/wp-content\/uploads\/2025\/03\/Corazzari-300x238.jpeg\" alt=\"\" width=\"234\" height=\"186\" srcset=\"https:\/\/www.radiopiu.net\/wordpress\/wp-content\/uploads\/2025\/03\/Corazzari-300x238.jpeg 300w, https:\/\/www.radiopiu.net\/wordpress\/wp-content\/uploads\/2025\/03\/Corazzari-1024x813.jpeg 1024w, https:\/\/www.radiopiu.net\/wordpress\/wp-content\/uploads\/2025\/03\/Corazzari-768x610.jpeg 768w, https:\/\/www.radiopiu.net\/wordpress\/wp-content\/uploads\/2025\/03\/Corazzari.jpeg 1200w\" sizes=\"auto, (max-width: 234px) 100vw, 234px\" \/><\/a>VENEZIA<\/strong> La 14\u00aa edizione del concorso \u201cTutela, valorizzazione e promozione del patrimonio linguistico e culturale veneto\u201d ha visto una partecipazione entusiastica da parte di migliaia di studenti, con oltre 1500 progetti presentati nelle precedenti edizioni. L&#8217;assessore regionale Cristiano Corazzari, durante la Festa del Popolo Veneto, ha sottolineato come il concorso rappresenti un&#8217;opportunit\u00e0 per i giovani di esplorare e valorizzare l&#8217;identit\u00e0 culturale della regione. L\u2019evento, che si tiene ogni anno il 25 marzo, giorno della fondazione di Venezia, ha coinvolto studenti delle scuole del Veneto e delle scuole italiane d&#8217;Istria. Corazzari ha ringraziato l&#8217;UNPLI Veneto, l\u2019Ufficio Scolastico Regionale e altre istituzioni per il loro supporto. La partecipazione di 50 scuole provenienti da diverse province venete e dalla Croazia ha portato alla presentazione di 65 progetti. Il concorso ha dimostrato l\u2019importanza di mantenere vive le tradizioni per rafforzare l&#8217;appartenenza alla comunit\u00e0 veneta. Quattro le scuole bellunesi premiate:<\/p>\n<ul>\n<li>Scuola Primaria &#8220;C. Ronchi&#8221; di Vallada Agordina \u2013 BL, <em>BOSCHI\u00c9R E MENAD\u00c0S &#8211; I LAVORI NEL BOSCO IN AGORDINO<\/em><\/li>\n<li>Istituto di Istruzione Superiore &#8220;Antonio Della Lucia&#8221; di Feltre (BL) <em>IL CASTELLO DI ZUMELLE: VIAGGIO FRA STORIA E CEREALI<\/em><\/li>\n<li>Scuola Primaria Tito Livio Burattini di Agordo (BL) <em>TILIO, EL T\u00c9I<\/em><\/li>\n<li>Scuola Dell&#8217;infanzia Paritaria \u201cDon Modesto Sorio\u201d di SEDICO (BL) <em>VIAGGIO TRA LEGGENDE, MISTERI E MAGICHE CREATURE<\/em><\/li>\n<\/ul>\n<p>&nbsp;<\/p>\n<hr \/>\n<p>&nbsp;<\/p>\n<blockquote>\n<p class=\"\" data-start=\"0\" data-end=\"71\"><strong data-start=\"0\" data-end=\"69\"><a class=\"dt-pswp-item\" href=\"https:\/\/www.radiopiu.net\/wordpress\/wp-content\/uploads\/2025\/03\/download.png\" data-dt-img-description=\"\" data-large_image_width=\"303\" data-large_image_height=\"166\"><img loading=\"lazy\" decoding=\"async\" class=\" wp-image-441585 alignleft\" src=\"https:\/\/www.radiopiu.net\/wordpress\/wp-content\/uploads\/2025\/03\/download-300x164.png\" alt=\"\" width=\"262\" height=\"143\" srcset=\"https:\/\/www.radiopiu.net\/wordpress\/wp-content\/uploads\/2025\/03\/download-300x164.png 300w, https:\/\/www.radiopiu.net\/wordpress\/wp-content\/uploads\/2025\/03\/download.png 303w\" sizes=\"auto, (max-width: 262px) 100vw, 262px\" \/><\/a>STOP AGLI ANIMALI NEI CIRCHI: LAV RACCOGLIE FIRME A BELLUNO E TAI<\/strong><\/p>\n<\/blockquote>\n<p class=\"\" data-start=\"73\" data-end=\"330\"><strong>BELLUNO<\/strong> \u2013 La Lav torna nelle piazze per chiedere la firma sul decreto che vieti l\u2019uso degli animali nei circhi. Il 29 marzo e il 5 aprile in piazza dei Martiri a Belluno e il 5 aprile a Tai di Cadore presso Zoolandia, sar\u00e0 possibile sostenere la campagna. L\u2019obiettivo \u00e8 spingere il governo ad attuare la legge n.106 del 2022 per un circo senza animali, ma senza perdere posti di lavoro. Presso gli stand si potranno acquistare anche uova di Pasqua e colombe solidali Lav.<\/p>\n<p>&nbsp;<\/p>\n<p>&nbsp;<\/p>\n<hr \/>\n<p>&nbsp;<\/p>\n<blockquote>\n<h3>DIGITALIZZARE IL VOCABOLARIO DELLA LINGUA LADINA<\/h3>\n<\/blockquote>\n<p><strong><a class=\"dt-pswp-item\" href=\"https:\/\/www.radiopiu.net\/wordpress\/wp-content\/uploads\/2020\/05\/BANDIERA-LADINA.png\" data-dt-img-description=\"\" data-large_image_width=\"1200\" data-large_image_height=\"720\"><img loading=\"lazy\" decoding=\"async\" class=\" wp-image-135145 alignleft\" src=\"https:\/\/www.radiopiu.net\/wordpress\/wp-content\/uploads\/2020\/05\/BANDIERA-LADINA-300x180.png\" alt=\"\" width=\"170\" height=\"102\" srcset=\"https:\/\/www.radiopiu.net\/wordpress\/wp-content\/uploads\/2020\/05\/BANDIERA-LADINA-300x180.png 300w, https:\/\/www.radiopiu.net\/wordpress\/wp-content\/uploads\/2020\/05\/BANDIERA-LADINA-1024x614.png 1024w, https:\/\/www.radiopiu.net\/wordpress\/wp-content\/uploads\/2020\/05\/BANDIERA-LADINA-768x461.png 768w, https:\/\/www.radiopiu.net\/wordpress\/wp-content\/uploads\/2020\/05\/BANDIERA-LADINA.png 1200w\" sizes=\"auto, (max-width: 170px) 100vw, 170px\" \/><\/a>AGORDO<\/strong><\/p>\n<p>DI GIANNI SANTOMASO<\/p>\n<audio class=\"wp-audio-shortcode\" id=\"audio-441470-8\" preload=\"none\" style=\"width: 100%;\" controls=\"controls\"><source type=\"audio\/mpeg\" src=\"https:\/\/www.radiopiu.net\/wordpress\/wp-content\/uploads\/2025\/03\/GIANNI-DIGITALIZZARE-IL-VOCABOLARIO-DELLA-LINGUA-LADINA.mp3?_=8\" \/><a href=\"https:\/\/www.radiopiu.net\/wordpress\/wp-content\/uploads\/2025\/03\/GIANNI-DIGITALIZZARE-IL-VOCABOLARIO-DELLA-LINGUA-LADINA.mp3\">https:\/\/www.radiopiu.net\/wordpress\/wp-content\/uploads\/2025\/03\/GIANNI-DIGITALIZZARE-IL-VOCABOLARIO-DELLA-LINGUA-LADINA.mp3<\/a><\/audio>\n<p>&nbsp;<\/p>\n<hr \/>\n<p>&nbsp;<\/p>\n<blockquote>\n<h3>L\u2019ARBITRATO CONVIENE: PI\u00d9 RAPIDO ED EFFICIENTE DELLA GIUSTIZIA ORDINARIA SECONDO UNA RICERCA SDA BOCCONI<\/h3>\n<\/blockquote>\n<p><strong><a class=\"dt-pswp-item\" href=\"https:\/\/www.radiopiu.net\/wordpress\/wp-content\/uploads\/2024\/06\/CAMERA-COMMERCIO.jpg\" data-dt-img-description=\"\" data-large_image_width=\"1107\" data-large_image_height=\"1107\"><img loading=\"lazy\" decoding=\"async\" class=\" wp-image-394657 alignleft\" src=\"https:\/\/www.radiopiu.net\/wordpress\/wp-content\/uploads\/2024\/06\/CAMERA-COMMERCIO-300x300.jpg\" alt=\"\" width=\"176\" height=\"176\" srcset=\"https:\/\/www.radiopiu.net\/wordpress\/wp-content\/uploads\/2024\/06\/CAMERA-COMMERCIO-300x300.jpg 300w, https:\/\/www.radiopiu.net\/wordpress\/wp-content\/uploads\/2024\/06\/CAMERA-COMMERCIO-1024x1024.jpg 1024w, https:\/\/www.radiopiu.net\/wordpress\/wp-content\/uploads\/2024\/06\/CAMERA-COMMERCIO-150x150.jpg 150w, https:\/\/www.radiopiu.net\/wordpress\/wp-content\/uploads\/2024\/06\/CAMERA-COMMERCIO-768x768.jpg 768w, https:\/\/www.radiopiu.net\/wordpress\/wp-content\/uploads\/2024\/06\/CAMERA-COMMERCIO.jpg 1107w\" sizes=\"auto, (max-width: 176px) 100vw, 176px\" \/><\/a>TREVISO <\/strong>Una ricerca della SDA Bocconi, basata su 345 procedimenti arbitrali tra il 2019 e il 2021, ha dimostrato che l\u2019arbitrato \u00e8 pi\u00f9 rapido ed economico rispetto alla giustizia ordinaria. Presentata durante l\u2019evento &#8220;Arbitrato, quanto mi costi?&#8221;, la ricerca ha smentito il pregiudizio che l\u2019arbitrato sia riservato ai pi\u00f9 abbienti. I dati mostrano che l\u2019arbitrato dura in media 307 giorni, contro i 764 giorni di un processo civile di primo grado e i 597 giorni per l\u2019appello. Questo permette alle imprese di reinvestire pi\u00f9 rapidamente. L\u2019incontro ha coinvolto esperti legali e professionisti, evidenziando come l\u2019arbitrato favorisca la competitivit\u00e0 e garantisca un riconoscimento pi\u00f9 rapido dei diritti. Il Vicedirettore della CAM, Rinaldo Sali, ha confermato la convenienza economica dell\u2019arbitrato, mentre il Prof. Alberto Grando ha sottolineato il rigore metodologico dello studio.<\/p>\n<p>&nbsp;<\/p>\n<p>&nbsp;<\/p>\n<hr \/>\n<p>&nbsp;<\/p>\n<blockquote>\n<h3>IL BANDO REGIONALE GIOVANI ENERGIE IN AZIONE<\/h3>\n<\/blockquote>\n<p><strong><a class=\"dt-pswp-item\" href=\"https:\/\/www.radiopiu.net\/wordpress\/wp-content\/uploads\/2021\/10\/consulenza-formazione-sicurezza-sul-lavoro-4.jpg\" data-dt-img-description=\"\" data-large_image_width=\"600\" data-large_image_height=\"450\"><img loading=\"lazy\" decoding=\"async\" class=\" wp-image-237753 alignleft\" src=\"https:\/\/www.radiopiu.net\/wordpress\/wp-content\/uploads\/2021\/10\/consulenza-formazione-sicurezza-sul-lavoro-4-300x225.jpg\" alt=\"\" width=\"156\" height=\"117\" srcset=\"https:\/\/www.radiopiu.net\/wordpress\/wp-content\/uploads\/2021\/10\/consulenza-formazione-sicurezza-sul-lavoro-4-300x225.jpg 300w, https:\/\/www.radiopiu.net\/wordpress\/wp-content\/uploads\/2021\/10\/consulenza-formazione-sicurezza-sul-lavoro-4.jpg 600w\" sizes=\"auto, (max-width: 156px) 100vw, 156px\" \/><\/a>VENEZIA<\/strong> La Regione del Veneto lancia il bando \u201cGiovani Energie in Azione\u201d, finanziato con 8 milioni di euro dal Fondo Sociale Europeo Plus (FSE+), per favorire l\u2019occupabilit\u00e0 giovanile e l\u2019inclusione. L\u2019iniziativa d\u00e0 continuit\u00e0 ai risultati positivi del precedente \u201cGiovani Energie\u201d e si articola in due linee d\u2019intervento: Energie in azione, con attivit\u00e0 di orientamento e formazione, e Reti in azione, per rafforzare le collaborazioni tra attori pubblici e privati. Il Veneto ha ridotto del 20% i giovani NEET, ma permangono criticit\u00e0 su precariet\u00e0 lavorativa e disuguaglianze di genere. Il bando premia progetti sostenibili e innovativi, incentivando la partecipazione attiva dei giovani. Gli enti accreditati potranno presentare le proposte secondo le modalit\u00e0 indicate nell\u2019Avviso regionale.<\/p>\n<p>&nbsp;<\/p>\n<p>&nbsp;<\/p>\n<hr \/>\n<p>&nbsp;<\/p>\n<blockquote>\n<h3>FIRMATA A BELLUNO LA CARTA SOCIALE DELLE ALPI<\/h3>\n<\/blockquote>\n<p><strong><a class=\"dt-pswp-item\" href=\"https:\/\/www.radiopiu.net\/wordpress\/wp-content\/uploads\/2025\/03\/77f21dab-a1e4-4c46-8e52-333538d9b460-scaled.jpg\" data-dt-img-description=\"\" data-large_image_width=\"2560\" data-large_image_height=\"1920\"><img loading=\"lazy\" decoding=\"async\" class=\" wp-image-441491 alignleft\" src=\"https:\/\/www.radiopiu.net\/wordpress\/wp-content\/uploads\/2025\/03\/77f21dab-a1e4-4c46-8e52-333538d9b460-300x225.jpg\" alt=\"\" width=\"203\" height=\"152\" srcset=\"https:\/\/www.radiopiu.net\/wordpress\/wp-content\/uploads\/2025\/03\/77f21dab-a1e4-4c46-8e52-333538d9b460-300x225.jpg 300w, https:\/\/www.radiopiu.net\/wordpress\/wp-content\/uploads\/2025\/03\/77f21dab-a1e4-4c46-8e52-333538d9b460-1024x768.jpg 1024w, https:\/\/www.radiopiu.net\/wordpress\/wp-content\/uploads\/2025\/03\/77f21dab-a1e4-4c46-8e52-333538d9b460-768x576.jpg 768w, https:\/\/www.radiopiu.net\/wordpress\/wp-content\/uploads\/2025\/03\/77f21dab-a1e4-4c46-8e52-333538d9b460-1536x1152.jpg 1536w, https:\/\/www.radiopiu.net\/wordpress\/wp-content\/uploads\/2025\/03\/77f21dab-a1e4-4c46-8e52-333538d9b460-2048x1536.jpg 2048w\" sizes=\"auto, (max-width: 203px) 100vw, 203px\" \/><\/a>BELLUNO<\/strong> Firmata a Belluno la Carta Sociale delle Alpi: nasce cos\u00ec la collaborazione tra i comuni di Belluno, Bolzano, Trento e Innsbruck che vedr\u00e0 i quattro territori alpini confrontarsi sui problemi sociali e sulle soluzioni messe in atto dalle diverse realt\u00e0<\/p>\n<p><strong>DI DANIELE DALVIT<\/strong><\/p>\n<audio class=\"wp-audio-shortcode\" id=\"audio-441470-9\" preload=\"none\" style=\"width: 100%;\" controls=\"controls\"><source type=\"audio\/mpeg\" src=\"https:\/\/www.radiopiu.net\/wordpress\/wp-content\/uploads\/2025\/03\/Servizio-Carta-sociale-Alpi-1.mp3?_=9\" \/><a href=\"https:\/\/www.radiopiu.net\/wordpress\/wp-content\/uploads\/2025\/03\/Servizio-Carta-sociale-Alpi-1.mp3\">https:\/\/www.radiopiu.net\/wordpress\/wp-content\/uploads\/2025\/03\/Servizio-Carta-sociale-Alpi-1.mp3<\/a><\/audio>\n<p>&nbsp;<\/p>\n<hr \/>\n<p>&nbsp;<\/p>\n<blockquote>\n<h3>SOTTOSCRITTO IL PROTOCOLLO DI FEM FACTOR DOLOMITI<\/h3>\n<\/blockquote>\n<p><strong>BELLUNO<\/strong> L\u2019evento finale del progetto Fem Factor Dolomiti, finanziato dalla Regione Veneto, ha segnato un passo avanti per la parit\u00e0 di genere nei luoghi di lavoro. \u00c8 stato presentato e sottoscritto il Protocollo per la costituzione delle Commissioni Pari Opportunit\u00e0 aziendali, firmato da CGIL, CISL e UIL, per promuovere ambienti di lavoro pi\u00f9 inclusivi ed equi. Queste commissioni avranno il compito di sensibilizzare, monitorare e implementare politiche a favore della parit\u00e0 di genere. L\u2019iniziativa si inserisce nel percorso di Fem Factor Dolomiti, che ha favorito il confronto su nuove prospettive lavorative e sociali. Un risultato significativo per il territorio bellunese.<\/p>\n\n\t\t\t<style type='text\/css'>\n\t\t\t\t#gallery-3 {\n\t\t\t\t\tmargin: auto;\n\t\t\t\t}\n\t\t\t\t#gallery-3 .gallery-item {\n\t\t\t\t\tfloat: left;\n\t\t\t\t\tmargin-top: 10px;\n\t\t\t\t\ttext-align: center;\n\t\t\t\t\twidth: 50%;\n\t\t\t\t}\n\t\t\t\t#gallery-3 img {\n\t\t\t\t\tborder: 2px solid #cfcfcf;\n\t\t\t\t}\n\t\t\t\t#gallery-3 .gallery-caption {\n\t\t\t\t\tmargin-left: 0;\n\t\t\t\t}\n\t\t\t\t\/* see gallery_shortcode() in wp-includes\/media.php *\/\n\t\t\t<\/style>\n\t\t<div id='gallery-3' class='dt-gallery-container gallery galleryid-441470 gallery-columns-2 gallery-size-medium'><dl class='gallery-item'>\n\t\t\t\t<dt class='gallery-icon landscape'>\n\t\t\t\t\t<a class=\"rollover rollover-zoom dt-pswp-item\" title=\"_MG_2716\" data-dt-img-description=\"\" data-large_image_width=\"2560\" data-large_image_height=\"1707\"href='https:\/\/www.radiopiu.net\/wordpress\/wp-content\/uploads\/2025\/03\/MG_2716-scaled.jpg'><img loading=\"lazy\" decoding=\"async\" width=\"300\" height=\"200\" src=\"https:\/\/www.radiopiu.net\/wordpress\/wp-content\/uploads\/2025\/03\/MG_2716-300x200.jpg\" class=\"attachment-medium size-medium\" alt=\"\" srcset=\"https:\/\/www.radiopiu.net\/wordpress\/wp-content\/uploads\/2025\/03\/MG_2716-300x200.jpg 300w, https:\/\/www.radiopiu.net\/wordpress\/wp-content\/uploads\/2025\/03\/MG_2716-1024x683.jpg 1024w, https:\/\/www.radiopiu.net\/wordpress\/wp-content\/uploads\/2025\/03\/MG_2716-768x512.jpg 768w, https:\/\/www.radiopiu.net\/wordpress\/wp-content\/uploads\/2025\/03\/MG_2716-1536x1024.jpg 1536w, https:\/\/www.radiopiu.net\/wordpress\/wp-content\/uploads\/2025\/03\/MG_2716-2048x1365.jpg 2048w\" sizes=\"auto, (max-width: 300px) 100vw, 300px\" \/><\/a>\n\t\t\t\t<\/dt><\/dl><dl class='gallery-item'>\n\t\t\t\t<dt class='gallery-icon landscape'>\n\t\t\t\t\t<a class=\"rollover rollover-zoom dt-pswp-item\" title=\"_MG_2672\" data-dt-img-description=\"\" data-large_image_width=\"2560\" data-large_image_height=\"1707\"href='https:\/\/www.radiopiu.net\/wordpress\/wp-content\/uploads\/2025\/03\/MG_2672-scaled.jpg'><img loading=\"lazy\" decoding=\"async\" width=\"300\" height=\"200\" src=\"https:\/\/www.radiopiu.net\/wordpress\/wp-content\/uploads\/2025\/03\/MG_2672-300x200.jpg\" class=\"attachment-medium size-medium\" alt=\"\" srcset=\"https:\/\/www.radiopiu.net\/wordpress\/wp-content\/uploads\/2025\/03\/MG_2672-300x200.jpg 300w, https:\/\/www.radiopiu.net\/wordpress\/wp-content\/uploads\/2025\/03\/MG_2672-1024x683.jpg 1024w, https:\/\/www.radiopiu.net\/wordpress\/wp-content\/uploads\/2025\/03\/MG_2672-768x512.jpg 768w, https:\/\/www.radiopiu.net\/wordpress\/wp-content\/uploads\/2025\/03\/MG_2672-1536x1024.jpg 1536w, https:\/\/www.radiopiu.net\/wordpress\/wp-content\/uploads\/2025\/03\/MG_2672-2048x1365.jpg 2048w\" sizes=\"auto, (max-width: 300px) 100vw, 300px\" \/><\/a>\n\t\t\t\t<\/dt><\/dl><br style=\"clear: both\" \/>\n\t\t\t<\/div>\n\n<p>&nbsp;<\/p>\n<p>&nbsp;<\/p>\n<hr \/>\n<p>&nbsp;<\/p>\n<blockquote>\n<h3>LE GIORNATE DEL FAI A BELLUNO: UN SUCCESSO<\/h3>\n<\/blockquote>\n<p><strong><a class=\"dt-pswp-item\" href=\"https:\/\/www.radiopiu.net\/wordpress\/wp-content\/uploads\/2023\/05\/FAI-BELLUNO.png\" data-dt-img-description=\"\" data-large_image_width=\"244\" data-large_image_height=\"122\"><img loading=\"lazy\" decoding=\"async\" class=\"size-full wp-image-333946 alignleft\" src=\"https:\/\/www.radiopiu.net\/wordpress\/wp-content\/uploads\/2023\/05\/FAI-BELLUNO.png\" alt=\"\" width=\"244\" height=\"122\" \/><\/a>BELLUNO<\/strong> Le Giornate FAI di Primavera del 22-23 marzo hanno registrato un grande successo nonostante il maltempo. A Belluno e Sovramonte sono stati aperti cinque siti, tra cui il Palazzo dei Vescovi e la chiesa di San Giorgio di Sorriva. A Belluno si sono contate 1.757 visite, con particolare interesse per i resti del castello medievale e le sale rococ\u00f2 di Palazzo Bolzanio Coraulo. A Sovramonte, 1.287 visitatori hanno esplorato luoghi di valore storico-artistico, grazie all\u2019impegno di volontari, studenti e associazioni locali. Molto apprezzato il \u201cPercorso degli Appestati\u201d, che ha raccontato la peste del 1631. Un plauso \u00e8 stato rivolto alla comunit\u00e0 e ai numerosi volontari che hanno reso l\u2019evento possibile.<\/p>\n<p>&nbsp;<\/p>\n<p>&nbsp;<\/p>\n<hr \/>\n<p>&nbsp;<\/p>\n<blockquote>\n<h3>A INIZIO 2025 LE BOLLETTE SONO AUMENTATE DEL +24% SU LUCE E +28% SU GAS<\/h3>\n<\/blockquote>\n<p><strong><a class=\"dt-pswp-item\" href=\"https:\/\/www.radiopiu.net\/wordpress\/wp-content\/uploads\/2023\/10\/ENERGIA-ELETTRICA.jpg\" data-dt-img-description=\"\" data-large_image_width=\"1280\" data-large_image_height=\"844\"><img loading=\"lazy\" decoding=\"async\" class=\" wp-image-355501 alignleft\" src=\"https:\/\/www.radiopiu.net\/wordpress\/wp-content\/uploads\/2023\/10\/ENERGIA-ELETTRICA-300x198.jpg\" alt=\"\" width=\"217\" height=\"143\" srcset=\"https:\/\/www.radiopiu.net\/wordpress\/wp-content\/uploads\/2023\/10\/ENERGIA-ELETTRICA-300x198.jpg 300w, https:\/\/www.radiopiu.net\/wordpress\/wp-content\/uploads\/2023\/10\/ENERGIA-ELETTRICA-1024x675.jpg 1024w, https:\/\/www.radiopiu.net\/wordpress\/wp-content\/uploads\/2023\/10\/ENERGIA-ELETTRICA-768x506.jpg 768w, https:\/\/www.radiopiu.net\/wordpress\/wp-content\/uploads\/2023\/10\/ENERGIA-ELETTRICA.jpg 1280w\" sizes=\"auto, (max-width: 217px) 100vw, 217px\" \/><\/a>MILANO<\/strong> Tra la seconda met\u00e0 del 2024 e i primi mesi del 2025, i costi all\u2019ingrosso di energia elettrica e gas naturale sono aumentati significativamente, con il PUN dell\u2019elettricit\u00e0 e il PSV del gas che hanno toccato i valori pi\u00f9 alti rispetto al 2024. In risposta, il Governo ha introdotto il nuovo Decreto Bollette, aumentando il Bonus sociale e estendendolo alle famiglie con ISEE fino a 25.000 euro. Secondo l&#8217;Osservatorio Tariffe di Segugio.it, le bollette di luce e gas sono aumentate rispettivamente del 24% e 28% rispetto al 2024. L&#8217;incremento del PUN per l&#8217;energia elettrica \u00e8 stato del 44% a gennaio e del 72% a febbraio, mentre per il gas il PSV \u00e8 aumentato del 60% a gennaio e del 91% a febbraio. Nonostante l\u2019aumento dei costi, la spesa totale in bolletta dipende anche da altre voci, come il trasporto, la gestione del contatore e gli oneri di sistema, con un impatto maggiore per la materia energia.<\/p>\n<p>&nbsp;<\/p>\n<p>&nbsp;<\/p>\n<hr \/>\n<p>&nbsp;<\/p>\n<blockquote>\n<h3><a class=\"dt-pswp-item\" href=\"https:\/\/www.radiopiu.net\/wordpress\/wp-content\/uploads\/2025\/03\/Spazio-GIOVANI-32026.jpeg\" data-dt-img-description=\"\" data-large_image_width=\"1204\" data-large_image_height=\"1600\"><img loading=\"lazy\" decoding=\"async\" class=\" wp-image-441494 alignleft\" src=\"https:\/\/www.radiopiu.net\/wordpress\/wp-content\/uploads\/2025\/03\/Spazio-GIOVANI-32026-226x300.jpeg\" alt=\"\" width=\"130\" height=\"173\" srcset=\"https:\/\/www.radiopiu.net\/wordpress\/wp-content\/uploads\/2025\/03\/Spazio-GIOVANI-32026-226x300.jpeg 226w, https:\/\/www.radiopiu.net\/wordpress\/wp-content\/uploads\/2025\/03\/Spazio-GIOVANI-32026-771x1024.jpeg 771w, https:\/\/www.radiopiu.net\/wordpress\/wp-content\/uploads\/2025\/03\/Spazio-GIOVANI-32026-768x1021.jpeg 768w, https:\/\/www.radiopiu.net\/wordpress\/wp-content\/uploads\/2025\/03\/Spazio-GIOVANI-32026-1156x1536.jpeg 1156w, https:\/\/www.radiopiu.net\/wordpress\/wp-content\/uploads\/2025\/03\/Spazio-GIOVANI-32026.jpeg 1204w\" sizes=\"auto, (max-width: 130px) 100vw, 130px\" \/><\/a>NASCE LO SPAZIO 32036<\/h3>\n<\/blockquote>\n<p><strong>BORGO VALBELLUNA<\/strong> Lo SPAZIO 32026, gestito dalla Cooperativa Societ\u00e0 Nuova, \u00e8 un&#8217;iniziativa del Comune di Borgo Valbelluna che offre supporto scolastico e opportunit\u00e0 di crescita sociale per i ragazzi delle scuole secondarie del comune. Dal luned\u00ec al gioved\u00ec, i ragazzi ricevono aiuto nello studio e nello sviluppo di un metodo di apprendimento. Oltre alla didattica, il progetto promuove l&#8217;inclusione e la partecipazione sociale in un ambiente non giudicante. L&#8217;obiettivo \u00e8 aiutare i giovani a migliorare motivazione, autonomia e gestione delle emozioni. Il progetto \u00e8 diventato anche un luogo di incontro e scambio, favorendo esperienze significative e supporto reciproco. La gratuit\u00e0 del servizio permette una partecipazione ampia. Gli adolescenti apprezzano l&#8217;opportunit\u00e0 di socializzare, fare i compiti e sentirsi felici e liberi.<\/p>\n<p>&nbsp;<\/p>\n<p>&nbsp;<\/p>\n<hr \/>\n<p>&nbsp;<\/p>\n<blockquote>\n<h3>ANTONELLA SCHENA RICONFERMATA ALLA GUIDA DEI DONATORI DEL SANGUE DI FALCADE<\/h3>\n<\/blockquote>\n<p><strong><a class=\"dt-pswp-item\" href=\"https:\/\/www.radiopiu.net\/wordpress\/wp-content\/uploads\/2025\/03\/ANTONELLA-SCHENA.jpg\" data-dt-img-description=\"\" data-large_image_width=\"300\" data-large_image_height=\"300\"><img loading=\"lazy\" decoding=\"async\" class=\" wp-image-441555 alignleft\" src=\"https:\/\/www.radiopiu.net\/wordpress\/wp-content\/uploads\/2025\/03\/ANTONELLA-SCHENA.jpg\" alt=\"\" width=\"185\" height=\"185\" srcset=\"https:\/\/www.radiopiu.net\/wordpress\/wp-content\/uploads\/2025\/03\/ANTONELLA-SCHENA.jpg 300w, https:\/\/www.radiopiu.net\/wordpress\/wp-content\/uploads\/2025\/03\/ANTONELLA-SCHENA-150x150.jpg 150w\" sizes=\"auto, (max-width: 185px) 100vw, 185px\" \/><\/a>FALCADE<\/strong><\/p>\n<p>DI GIANNI SANTOMASO<\/p>\n<audio class=\"wp-audio-shortcode\" id=\"audio-441470-10\" preload=\"none\" style=\"width: 100%;\" controls=\"controls\"><source type=\"audio\/mpeg\" src=\"https:\/\/www.radiopiu.net\/wordpress\/wp-content\/uploads\/2025\/03\/GIANNI-ANTONELLA-SCHENA-RICONFERMATA-ALLA-GUIDA-DEI-DONATORI-DEL-SANGUE-DI-FALCADE.mp3?_=10\" \/><a href=\"https:\/\/www.radiopiu.net\/wordpress\/wp-content\/uploads\/2025\/03\/GIANNI-ANTONELLA-SCHENA-RICONFERMATA-ALLA-GUIDA-DEI-DONATORI-DEL-SANGUE-DI-FALCADE.mp3\">https:\/\/www.radiopiu.net\/wordpress\/wp-content\/uploads\/2025\/03\/GIANNI-ANTONELLA-SCHENA-RICONFERMATA-ALLA-GUIDA-DEI-DONATORI-DEL-SANGUE-DI-FALCADE.mp3<\/a><\/audio>\n<p>&nbsp;<\/p>\n<hr \/>\n<p>&nbsp;<\/p>\n<blockquote>\n<h3>PROSEGUE IL PROGETTO SCUOLE DI FONDAZIONE CORTINA<\/h3>\n<\/blockquote>\n<p><strong><a class=\"dt-pswp-item\" href=\"https:\/\/www.radiopiu.net\/wordpress\/wp-content\/uploads\/2025\/03\/FONDAZIONE-CORTINA.jpg\" data-dt-img-description=\"\" data-large_image_width=\"400\" data-large_image_height=\"400\"><img loading=\"lazy\" decoding=\"async\" class=\" wp-image-441484 alignleft\" src=\"https:\/\/www.radiopiu.net\/wordpress\/wp-content\/uploads\/2025\/03\/FONDAZIONE-CORTINA-300x300.jpg\" alt=\"\" width=\"141\" height=\"141\" srcset=\"https:\/\/www.radiopiu.net\/wordpress\/wp-content\/uploads\/2025\/03\/FONDAZIONE-CORTINA-300x300.jpg 300w, https:\/\/www.radiopiu.net\/wordpress\/wp-content\/uploads\/2025\/03\/FONDAZIONE-CORTINA-150x150.jpg 150w, https:\/\/www.radiopiu.net\/wordpress\/wp-content\/uploads\/2025\/03\/FONDAZIONE-CORTINA.jpg 400w\" sizes=\"auto, (max-width: 141px) 100vw, 141px\" \/><\/a>CORTINA<\/strong> Il Progetto Scuole di Fondazione Cortina continua il suo tour nelle scuole per promuovere lo sport, l\u2019inclusione e la cultura della montagna. Dopo gli incontri autunnali e invernali, il ciclo primaverile inizia il 26 marzo e toccher\u00e0 diverse localit\u00e0 fino a maggio. Gli incontri di marzo, realizzati con ASSI APS, affronteranno temi come la disabilit\u00e0 e le Paralimpiadi Milano Cortina 2026, con la partecipazione di atleti paralimpici. Il 20 maggio gli studenti potranno sperimentare sport paralimpici alla VHV Arena di Belluno. Da aprile il progetto coinvolger\u00e0 anche scuole primarie e dell\u2019infanzia con attivit\u00e0 ludico-educative. L\u2019iniziativa rientra nel Protocollo d\u2019intesa tra Regione Veneto e Fondazione Cortina e nell\u2019Education Programme Gen26. Giunta alla seconda edizione, mira a trasmettere ai giovani i valori dello sport come strumento di crescita e inclusione.<\/p>\n<p>&nbsp;<\/p>\n<p>&nbsp;<\/p>\n<hr \/>\n<p>&nbsp;<\/p>\n<blockquote>\n<h3>AL SANTA MARIA DEL PRATO UN INCONTRO SULLE MALATTIE INFIAMMATORIE CRONICHE<\/h3>\n<\/blockquote>\n<p><strong><a class=\"dt-pswp-item\" href=\"https:\/\/www.radiopiu.net\/wordpress\/wp-content\/uploads\/2025\/03\/IO-ESCO.jpg\" data-dt-img-description=\"\" data-large_image_width=\"663\" data-large_image_height=\"292\"><img loading=\"lazy\" decoding=\"async\" class=\" wp-image-441351 alignleft\" src=\"https:\/\/www.radiopiu.net\/wordpress\/wp-content\/uploads\/2025\/03\/IO-ESCO-300x132.jpg\" alt=\"\" width=\"216\" height=\"95\" srcset=\"https:\/\/www.radiopiu.net\/wordpress\/wp-content\/uploads\/2025\/03\/IO-ESCO-300x132.jpg 300w, https:\/\/www.radiopiu.net\/wordpress\/wp-content\/uploads\/2025\/03\/IO-ESCO.jpg 663w\" sizes=\"auto, (max-width: 216px) 100vw, 216px\" \/><\/a>FELTRE <\/strong>Sabato 29 marzo, dalle 10:00 alle 14:30, presso l\u2019Ospedale S. Maria del Prato di Feltre, si terr\u00e0 l\u2019incontro <em data-start=\"109\" data-end=\"120\">&#8220;Io esco&#8221;<\/em>, promosso dalla UOSD di Malattie Infiammatorie Gastrointestinali e dalla UOC di Gastroenterologia. L\u2019evento mira a sensibilizzare sui problemi legati alle malattie infiammatorie croniche intestinali, che in Italia colpiscono oltre 250.000 persone, di cui 600 seguite a Feltre. La campagna <em data-start=\"413\" data-end=\"424\">&#8220;Io esco&#8221;<\/em>, sostenuta da Alfasigma e AMICI, vuole offrire strumenti per una maggiore consapevolezza e autonomia dei pazienti, favorendo il dialogo con i medici. Durante l\u2019incontro, esperti e un team multidisciplinare forniranno informazioni utili per la gestione della patologia, aiutando i pazienti a vivere con pi\u00f9 sicurezza e qualit\u00e0 di vita.<\/p>\n<p>&nbsp;<\/p>\n<p>&nbsp;<\/p>\n<hr \/>\n<p>&nbsp;<\/p>\n<blockquote>\n<h3>NASCERE NELLE DOLOMITI: PROSSIMO INCONTRO A CENCENIGHE<\/h3>\n<\/blockquote>\n<p><strong><a class=\"dt-pswp-item\" href=\"https:\/\/www.radiopiu.net\/wordpress\/wp-content\/uploads\/2025\/03\/SCR-20250322-kbxo.jpeg\" data-dt-img-description=\"\" data-large_image_width=\"1346\" data-large_image_height=\"946\"><img loading=\"lazy\" decoding=\"async\" class=\" wp-image-440975 alignleft\" src=\"https:\/\/www.radiopiu.net\/wordpress\/wp-content\/uploads\/2025\/03\/SCR-20250322-kbxo-300x211.jpeg\" alt=\"\" width=\"189\" height=\"133\" srcset=\"https:\/\/www.radiopiu.net\/wordpress\/wp-content\/uploads\/2025\/03\/SCR-20250322-kbxo-300x211.jpeg 300w, https:\/\/www.radiopiu.net\/wordpress\/wp-content\/uploads\/2025\/03\/SCR-20250322-kbxo-1024x720.jpeg 1024w, https:\/\/www.radiopiu.net\/wordpress\/wp-content\/uploads\/2025\/03\/SCR-20250322-kbxo-768x540.jpeg 768w, https:\/\/www.radiopiu.net\/wordpress\/wp-content\/uploads\/2025\/03\/SCR-20250322-kbxo.jpeg 1346w\" sizes=\"auto, (max-width: 189px) 100vw, 189px\" \/><\/a>CENCENIGHE <\/strong>Prosegue il ciclo di incontri \u201cNascere nelle Dolomiti: il percorso salute mamma-bambino\u201d, organizzati dall\u2019Ulss Dolomiti nell\u2019ambito dell\u2019area materno-infantile. Il prossimo incontro si terr\u00e0 gioved\u00ec 3 aprile alle 16.30 nella Sala Culturale Comunale \u2013 Centro Nof Fil\u00f2 a Cencenighe Agordino. Si tratta del terzo di una serie di appuntamenti sul territorio, aperti alla cittadinanza, promossi dalle unit\u00e0 operative di Ostetricia e Ginecologia e di Pediatria dell\u2019Ospedale di Belluno, dedicati al percorso salute della mamma e del bambino. Durante gli incontri saranno illustrati e approfonditi i percorsi e i servizi del punto nascita. La cittadinanza \u00e8 invitata.<\/p>\n<p>&nbsp;<\/p>\n<p>&nbsp;<\/p>\n<hr \/>\n<p>&nbsp;<\/p>\n<blockquote>\n<h3>INSIEME PER L&#8217;AUTISMO<\/h3>\n<\/blockquote>\n<p><strong><a class=\"dt-pswp-item\" href=\"https:\/\/www.radiopiu.net\/wordpress\/wp-content\/uploads\/2025\/03\/SCR-20250322-lkpf.png\" data-dt-img-description=\"\" data-large_image_width=\"1366\" data-large_image_height=\"772\"><img loading=\"lazy\" decoding=\"async\" class=\" wp-image-440982 alignleft\" src=\"https:\/\/www.radiopiu.net\/wordpress\/wp-content\/uploads\/2025\/03\/SCR-20250322-lkpf-300x170.png\" alt=\"\" width=\"215\" height=\"122\" srcset=\"https:\/\/www.radiopiu.net\/wordpress\/wp-content\/uploads\/2025\/03\/SCR-20250322-lkpf-300x170.png 300w, https:\/\/www.radiopiu.net\/wordpress\/wp-content\/uploads\/2025\/03\/SCR-20250322-lkpf-1024x579.png 1024w, https:\/\/www.radiopiu.net\/wordpress\/wp-content\/uploads\/2025\/03\/SCR-20250322-lkpf-768x434.png 768w, https:\/\/www.radiopiu.net\/wordpress\/wp-content\/uploads\/2025\/03\/SCR-20250322-lkpf.png 1366w\" sizes=\"auto, (max-width: 215px) 100vw, 215px\" \/><\/a>BELLUNO<\/strong> L\u2019Ulss Dolomiti promuove l\u2019evento \u201cInsieme per l\u2019autismo\u201d il 2 aprile 2025, in occasione della Giornata mondiale della consapevolezza sull\u2019autismo. L\u2019iniziativa, realizzata con diverse unit\u00e0 operative sanitarie, scuole e associazioni, mira a sensibilizzare sul Disturbo dello Spettro Autistico e sull\u2019importanza di interventi inclusivi. La mattina, al Centro Congressi Giovanni XXIII di Belluno, si terranno laboratori esperienziali per studenti, tra cui attivit\u00e0 teatrali, sportive e creative. Nel pomeriggio, un incontro aperto alla cittadinanza presenter\u00e0 i progetti attivi e le strategie future per il benessere delle persone autistiche, moderato da Milena Guglielminetti.<\/p>\n<p>&nbsp;<\/p>\n<p>&nbsp;<\/p>\n<hr \/>\n<p>&nbsp;<\/p>\n<h2><span style=\"color: #ff0000;\">CONSIGLI COMUNALI IN AGORDINO<\/span><\/h2>\n<p><strong>FALCADE <\/strong>Il Consiglio Comunale si riunir\u00e0 oggi alle 20. Tra i punti in discussione: la presa d\u2019atto del controllo amministrativo per il secondo semestre 2024, il recupero spese sostenute dal Comune di Belluno nell\u2019ambito ATEM Gas e la quinta variazione al bilancio 2025-2027 e modifica al piano investimenti 2025.<\/p>\n<p>&nbsp;<\/p>\n<p>&nbsp;<\/p>\n<hr \/>\n<p>&nbsp;<\/p>\n<blockquote>\n<h3>L&#8217;ASSEMBLEA DEL CIRCOLO CULTURALE AGORDINO<\/h3>\n<\/blockquote>\n<p><strong>AGORDO<\/strong> L\u2019Assemblea ordinaria del Circolo Culturale Agordino a.p.s. si terr\u00e0 presso la Biblioteca Civica di Agordo il 28 marzo 2025 (prima convocazione) e il 29 marzo 2025 alle 10:30 (seconda convocazione). All\u2019ordine del giorno: programmazione delle attivit\u00e0 2025, approvazione del bilancio 2024 e relazione sul bilancio sociale.<\/p>\n<p><strong>DI GIANNI SANTOMASO<\/strong><\/p>\n<audio class=\"wp-audio-shortcode\" id=\"audio-441470-11\" preload=\"none\" style=\"width: 100%;\" controls=\"controls\"><source type=\"audio\/mpeg\" src=\"https:\/\/www.radiopiu.net\/wordpress\/wp-content\/uploads\/2025\/03\/GIANNI-LASSEMBLEA-DEL-CIRCOLO-CULTURALE-AGORDINO.mp3?_=11\" \/><a href=\"https:\/\/www.radiopiu.net\/wordpress\/wp-content\/uploads\/2025\/03\/GIANNI-LASSEMBLEA-DEL-CIRCOLO-CULTURALE-AGORDINO.mp3\">https:\/\/www.radiopiu.net\/wordpress\/wp-content\/uploads\/2025\/03\/GIANNI-LASSEMBLEA-DEL-CIRCOLO-CULTURALE-AGORDINO.mp3<\/a><\/audio>\n<p>&nbsp;<\/p>\n<hr \/>\n<p>&nbsp;<\/p>\n<blockquote>\n<h3>L&#8217;ASSEMBLEA DELLA SEZIONE AGORDINA DEL CAI<\/h3>\n<\/blockquote>\n<p><strong><a class=\"dt-pswp-item\" href=\"https:\/\/www.radiopiu.net\/wordpress\/wp-content\/uploads\/2020\/04\/cai-agordo.jpg\" data-dt-img-description=\"\" data-large_image_width=\"297\" data-large_image_height=\"170\"><img loading=\"lazy\" decoding=\"async\" class=\"size-full wp-image-127841 alignleft\" src=\"https:\/\/www.radiopiu.net\/wordpress\/wp-content\/uploads\/2020\/04\/cai-agordo.jpg\" alt=\"\" width=\"297\" height=\"170\" \/><\/a>AGORDO<\/strong><\/p>\n<p>DI GIANNI SANTOMASO<\/p>\n<audio class=\"wp-audio-shortcode\" id=\"audio-441470-12\" preload=\"none\" style=\"width: 100%;\" controls=\"controls\"><source type=\"audio\/mpeg\" src=\"https:\/\/www.radiopiu.net\/wordpress\/wp-content\/uploads\/2025\/03\/GIANNI-LASSEMBLEA-DELLA-SEZIONE-AGORDINA-DEL-CAI.mp3?_=12\" \/><a href=\"https:\/\/www.radiopiu.net\/wordpress\/wp-content\/uploads\/2025\/03\/GIANNI-LASSEMBLEA-DELLA-SEZIONE-AGORDINA-DEL-CAI.mp3\">https:\/\/www.radiopiu.net\/wordpress\/wp-content\/uploads\/2025\/03\/GIANNI-LASSEMBLEA-DELLA-SEZIONE-AGORDINA-DEL-CAI.mp3<\/a><\/audio>\n<p>&nbsp;<\/p>\n<hr \/>\n<p>&nbsp;<\/p>\n<blockquote>\n<h3>&#8220;DA ONDE VERS ONDE&#8221; A CENCENIGHE<\/h3>\n<\/blockquote>\n<p><strong><a class=\"dt-pswp-item\" href=\"https:\/\/www.radiopiu.net\/wordpress\/wp-content\/uploads\/2025\/03\/LSODHFHDYUDJ.jpg\" data-dt-img-description=\"\" data-large_image_width=\"1754\" data-large_image_height=\"1337\"><img loading=\"lazy\" decoding=\"async\" class=\" wp-image-441343 alignleft\" src=\"https:\/\/www.radiopiu.net\/wordpress\/wp-content\/uploads\/2025\/03\/LSODHFHDYUDJ-300x229.jpg\" alt=\"\" width=\"174\" height=\"133\" srcset=\"https:\/\/www.radiopiu.net\/wordpress\/wp-content\/uploads\/2025\/03\/LSODHFHDYUDJ-300x229.jpg 300w, https:\/\/www.radiopiu.net\/wordpress\/wp-content\/uploads\/2025\/03\/LSODHFHDYUDJ-1024x781.jpg 1024w, https:\/\/www.radiopiu.net\/wordpress\/wp-content\/uploads\/2025\/03\/LSODHFHDYUDJ-768x585.jpg 768w, https:\/\/www.radiopiu.net\/wordpress\/wp-content\/uploads\/2025\/03\/LSODHFHDYUDJ-1536x1171.jpg 1536w, https:\/\/www.radiopiu.net\/wordpress\/wp-content\/uploads\/2025\/03\/LSODHFHDYUDJ.jpg 1754w\" sizes=\"auto, (max-width: 174px) 100vw, 174px\" \/><\/a>CENCENIGHE <\/strong>L\u2019Union Ladina Val Biois, in collaborazione con il Musla, organizza la seconda edizione delle serate linguistiche <em data-start=\"114\" data-end=\"135\">&#8220;Da onde vers onde&#8221;<\/em>, il 28 marzo e il 4 aprile in sala consigliare a Cencenighe Agordino. L\u2019evento approfondir\u00e0 l\u2019evoluzione storica e linguistica dell\u2019Agordino, con due ospiti d\u2019eccezione. Il 28 marzo Giovanni Tomasi, esperto di linguistica e storia locale, parler\u00e0 dell\u2019origine dei nomi e della toponomastica dell\u2019Agordino. Il 4 aprile Nicola Cassisi, docente di lettere, analizzer\u00e0 il legame tra lingua, paesaggio ed economia nelle valli dolomitiche. Le serate, aperte a tutti e a ingresso libero, vogliono valorizzare la lingua ladina e la storia locale, aiutando la comunit\u00e0 a comprendere il proprio passato e affrontare il futuro con consapevolezza.<\/p>\n<p><strong>DI GIANNI SANTOMASO<\/strong><\/p>\n<audio class=\"wp-audio-shortcode\" id=\"audio-441470-13\" preload=\"none\" style=\"width: 100%;\" controls=\"controls\"><source type=\"audio\/mpeg\" src=\"https:\/\/www.radiopiu.net\/wordpress\/wp-content\/uploads\/2025\/03\/GIANNI-DA-ONDE-VERS-ONDE.mp3?_=13\" \/><a href=\"https:\/\/www.radiopiu.net\/wordpress\/wp-content\/uploads\/2025\/03\/GIANNI-DA-ONDE-VERS-ONDE.mp3\">https:\/\/www.radiopiu.net\/wordpress\/wp-content\/uploads\/2025\/03\/GIANNI-DA-ONDE-VERS-ONDE.mp3<\/a><\/audio>\n<p>&nbsp;<\/p>\n<hr \/>\n<p>&nbsp;<\/p>\n<blockquote>\n<h3>TORNA LA VECIA POPA SUL BROI DI AGORDO<\/h3>\n<\/blockquote>\n<p><strong><a class=\"dt-pswp-item\" href=\"https:\/\/www.radiopiu.net\/wordpress\/wp-content\/uploads\/2024\/02\/VeciaPopa2014b.jpg\" data-dt-img-description=\"\" data-large_image_width=\"1500\" data-large_image_height=\"944\"><img loading=\"lazy\" decoding=\"async\" class=\" wp-image-376680 alignleft\" src=\"https:\/\/www.radiopiu.net\/wordpress\/wp-content\/uploads\/2024\/02\/VeciaPopa2014b-300x189.jpg\" alt=\"\" width=\"237\" height=\"149\" srcset=\"https:\/\/www.radiopiu.net\/wordpress\/wp-content\/uploads\/2024\/02\/VeciaPopa2014b-300x189.jpg 300w, https:\/\/www.radiopiu.net\/wordpress\/wp-content\/uploads\/2024\/02\/VeciaPopa2014b-1024x644.jpg 1024w, https:\/\/www.radiopiu.net\/wordpress\/wp-content\/uploads\/2024\/02\/VeciaPopa2014b-768x483.jpg 768w, https:\/\/www.radiopiu.net\/wordpress\/wp-content\/uploads\/2024\/02\/VeciaPopa2014b.jpg 1500w\" sizes=\"auto, (max-width: 237px) 100vw, 237px\" \/><\/a>AGORDO<\/strong><\/p>\n<p>DI GIANNI SANTOMASO<\/p>\n<audio class=\"wp-audio-shortcode\" id=\"audio-441470-14\" preload=\"none\" style=\"width: 100%;\" controls=\"controls\"><source type=\"audio\/mpeg\" src=\"https:\/\/www.radiopiu.net\/wordpress\/wp-content\/uploads\/2025\/03\/GIANNI-TORNA-LA-VECIA-POPA.mp3?_=14\" \/><a href=\"https:\/\/www.radiopiu.net\/wordpress\/wp-content\/uploads\/2025\/03\/GIANNI-TORNA-LA-VECIA-POPA.mp3\">https:\/\/www.radiopiu.net\/wordpress\/wp-content\/uploads\/2025\/03\/GIANNI-TORNA-LA-VECIA-POPA.mp3<\/a><\/audio>\n<p>&nbsp;<\/p>\n<hr \/>\n<p>&nbsp;<\/p>\n<blockquote>\n<h3>SABATO IL CONCERTO DI PRIMAVERA DEL CORO VOCI IN VALLE<\/h3>\n<\/blockquote>\n<p><strong><a class=\"dt-pswp-item\" href=\"https:\/\/www.radiopiu.net\/wordpress\/wp-content\/uploads\/2023\/01\/Schermata-2023-01-04-alle-11.37.29.png\" data-dt-img-description=\"\" data-large_image_width=\"344\" data-large_image_height=\"222\"><img loading=\"lazy\" decoding=\"async\" class=\" wp-image-314871 alignleft\" src=\"https:\/\/www.radiopiu.net\/wordpress\/wp-content\/uploads\/2023\/01\/Schermata-2023-01-04-alle-11.37.29-300x194.png\" alt=\"\" width=\"189\" height=\"122\" srcset=\"https:\/\/www.radiopiu.net\/wordpress\/wp-content\/uploads\/2023\/01\/Schermata-2023-01-04-alle-11.37.29-300x194.png 300w, https:\/\/www.radiopiu.net\/wordpress\/wp-content\/uploads\/2023\/01\/Schermata-2023-01-04-alle-11.37.29.png 344w\" sizes=\"auto, (max-width: 189px) 100vw, 189px\" \/><\/a>BELLUNO<\/strong> Il &#8220;Concerto di Primavera&#8221;, organizzato dal Gruppo Corale &#8220;Voci in Valle&#8221; di Sedico, celebra quest\u2019anno il suo decimo anniversario, dopo essere stato sospeso nel biennio 2020-2021 a causa della pandemia. L&#8217;edizione 2025 si terr\u00e0 sabato 29 marzo alle 20.30, con ingresso libero, nella chiesa arcipretale di Sedico. Durante il concerto, il coro di Sedico eseguir\u00e0 brani di ispirazione popolare, tra cui opere di autori come Dick e Melodie Turner, Salvatore Sini, Bepi De Marzi e altri. Inoltre, si esibir\u00e0 il Coro \u201cFodom\u201d di Livinallongo del Col di Lana, diretto da Lorenzo Vallazza, che presenter\u00e0 un repertorio che spazia dal canto di montagna al popolare, con particolare attenzione al canto in Ladino. Tra i brani in programma, quelli di Bepi De Marzi, Nanni Pellegrini e Jean Sibelius.<\/p>\n<p>&nbsp;<\/p>\n<p>&nbsp;<\/p>\n<hr \/>\n<p>&nbsp;<\/p>\n<blockquote>\n<h3>UN CORSO DI FUMETTI CON LA PRO LOCO DI CAVIOLA<\/h3>\n<\/blockquote>\n<p><strong>FALCADE <\/strong>La Pro Loco di Caviola organizza un workshop di fumetto dedicato principalmente ai bambini, articolato in cinque lezioni, con appuntamenti il 28 aprile, 5, 12, 26 maggio e 9 giugno, a partire dalle 16:30. Il supporto didattico sar\u00e0 curato da Silvano Savio, appassionato di pittura e disegno, il quale, in collaborazione con il sodalizio presieduto da Alessio Valt, intende entusiasmare e avvicinare i giovani alla disciplina del fumetto, del disegno e della pittura in generale. Questo appuntamento sar\u00e0 il primo di una serie di eventi didattici che la stessa Pro Loco, da sempre attenta e attiva nella promozione del territorio, intende organizzare in futuro. L&#8217;obiettivo \u00e8 rivolgere attenzione non solo al settore turistico, ma anche ai giovani del posto, offrendo iniziative accessibili e di valore, capaci di contribuire alla vivacit\u00e0 e alla qualit\u00e0 della vita nel nostro splendido territorio.<\/p>\n\n\t\t\t<style type='text\/css'>\n\t\t\t\t#gallery-4 {\n\t\t\t\t\tmargin: auto;\n\t\t\t\t}\n\t\t\t\t#gallery-4 .gallery-item {\n\t\t\t\t\tfloat: left;\n\t\t\t\t\tmargin-top: 10px;\n\t\t\t\t\ttext-align: center;\n\t\t\t\t\twidth: 16%;\n\t\t\t\t}\n\t\t\t\t#gallery-4 img {\n\t\t\t\t\tborder: 2px solid #cfcfcf;\n\t\t\t\t}\n\t\t\t\t#gallery-4 .gallery-caption {\n\t\t\t\t\tmargin-left: 0;\n\t\t\t\t}\n\t\t\t\t\/* see gallery_shortcode() in wp-includes\/media.php *\/\n\t\t\t<\/style>\n\t\t<div id='gallery-4' class='dt-gallery-container gallery galleryid-441470 gallery-columns-6 gallery-size-thumbnail'><dl class='gallery-item'>\n\t\t\t\t<dt class='gallery-icon portrait'>\n\t\t\t\t\t<a class=\"rollover rollover-zoom dt-pswp-item\" title=\"20250323_164640\" data-dt-img-description=\"\" data-large_image_width=\"1400\" data-large_image_height=\"2000\"href='https:\/\/www.radiopiu.net\/wordpress\/wp-content\/uploads\/2025\/03\/20250323_164640.jpg'><img loading=\"lazy\" decoding=\"async\" width=\"150\" height=\"150\" src=\"https:\/\/www.radiopiu.net\/wordpress\/wp-content\/uploads\/2025\/03\/20250323_164640-150x150.jpg\" class=\"attachment-thumbnail size-thumbnail\" alt=\"\" \/><\/a>\n\t\t\t\t<\/dt><\/dl><dl class='gallery-item'>\n\t\t\t\t<dt class='gallery-icon portrait'>\n\t\t\t\t\t<a class=\"rollover rollover-zoom dt-pswp-item\" title=\"20250323_164559\" data-dt-img-description=\"\" data-large_image_width=\"1298\" data-large_image_height=\"2560\"href='https:\/\/www.radiopiu.net\/wordpress\/wp-content\/uploads\/2025\/03\/20250323_164559-scaled.jpg'><img loading=\"lazy\" decoding=\"async\" width=\"150\" height=\"150\" src=\"https:\/\/www.radiopiu.net\/wordpress\/wp-content\/uploads\/2025\/03\/20250323_164559-150x150.jpg\" class=\"attachment-thumbnail size-thumbnail\" alt=\"\" \/><\/a>\n\t\t\t\t<\/dt><\/dl><dl class='gallery-item'>\n\t\t\t\t<dt class='gallery-icon portrait'>\n\t\t\t\t\t<a class=\"rollover rollover-zoom dt-pswp-item\" title=\"20250323_164626\" data-dt-img-description=\"\" data-large_image_width=\"2020\" data-large_image_height=\"2560\"href='https:\/\/www.radiopiu.net\/wordpress\/wp-content\/uploads\/2025\/03\/20250323_164626-scaled.jpg'><img loading=\"lazy\" decoding=\"async\" width=\"150\" height=\"150\" src=\"https:\/\/www.radiopiu.net\/wordpress\/wp-content\/uploads\/2025\/03\/20250323_164626-150x150.jpg\" class=\"attachment-thumbnail size-thumbnail\" alt=\"\" \/><\/a>\n\t\t\t\t<\/dt><\/dl><dl class='gallery-item'>\n\t\t\t\t<dt class='gallery-icon portrait'>\n\t\t\t\t\t<a class=\"rollover rollover-zoom dt-pswp-item\" title=\"20250323_164549\" data-dt-img-description=\"\" data-large_image_width=\"1806\" data-large_image_height=\"2560\"href='https:\/\/www.radiopiu.net\/wordpress\/wp-content\/uploads\/2025\/03\/20250323_164549-scaled.jpg'><img loading=\"lazy\" decoding=\"async\" width=\"150\" height=\"150\" src=\"https:\/\/www.radiopiu.net\/wordpress\/wp-content\/uploads\/2025\/03\/20250323_164549-150x150.jpg\" class=\"attachment-thumbnail size-thumbnail\" alt=\"\" \/><\/a>\n\t\t\t\t<\/dt><\/dl><dl class='gallery-item'>\n\t\t\t\t<dt class='gallery-icon portrait'>\n\t\t\t\t\t<a class=\"rollover rollover-zoom dt-pswp-item\" title=\"20250323_164631\" data-dt-img-description=\"\" data-large_image_width=\"1627\" data-large_image_height=\"2560\"href='https:\/\/www.radiopiu.net\/wordpress\/wp-content\/uploads\/2025\/03\/20250323_164631-scaled.jpg'><img loading=\"lazy\" decoding=\"async\" width=\"150\" height=\"150\" src=\"https:\/\/www.radiopiu.net\/wordpress\/wp-content\/uploads\/2025\/03\/20250323_164631-150x150.jpg\" class=\"attachment-thumbnail size-thumbnail\" alt=\"\" \/><\/a>\n\t\t\t\t<\/dt><\/dl><dl class='gallery-item'>\n\t\t\t\t<dt class='gallery-icon landscape'>\n\t\t\t\t\t<a class=\"rollover rollover-zoom dt-pswp-item\" title=\"20250323_164653\" data-dt-img-description=\"\" data-large_image_width=\"2560\" data-large_image_height=\"1938\"href='https:\/\/www.radiopiu.net\/wordpress\/wp-content\/uploads\/2025\/03\/20250323_164653-scaled.jpg'><img loading=\"lazy\" decoding=\"async\" width=\"150\" height=\"150\" src=\"https:\/\/www.radiopiu.net\/wordpress\/wp-content\/uploads\/2025\/03\/20250323_164653-150x150.jpg\" class=\"attachment-thumbnail size-thumbnail\" alt=\"\" \/><\/a>\n\t\t\t\t<\/dt><\/dl><br style=\"clear: both\" \/>\n\t\t\t<\/div>\n\n<p>&nbsp;<\/p>\n<hr \/>\n<p>&nbsp;<\/p>\n<blockquote>\n<h3>LIONS CLUB BELLUNO: UNA SERATA DI MUSICA E SOLIDARIET\u00c0 PER BELLUNO DONNA<\/h3>\n<\/blockquote>\n<p><strong><a class=\"dt-pswp-item\" href=\"https:\/\/www.radiopiu.net\/wordpress\/wp-content\/uploads\/2025\/03\/Immagine-2025-03-18-142342.png\" data-dt-img-description=\"\" data-large_image_width=\"630\" data-large_image_height=\"299\"><img loading=\"lazy\" decoding=\"async\" class=\" wp-image-440338 alignleft\" src=\"https:\/\/www.radiopiu.net\/wordpress\/wp-content\/uploads\/2025\/03\/Immagine-2025-03-18-142342-300x142.png\" alt=\"\" width=\"211\" height=\"100\" srcset=\"https:\/\/www.radiopiu.net\/wordpress\/wp-content\/uploads\/2025\/03\/Immagine-2025-03-18-142342-300x142.png 300w, https:\/\/www.radiopiu.net\/wordpress\/wp-content\/uploads\/2025\/03\/Immagine-2025-03-18-142342.png 630w\" sizes=\"auto, (max-width: 211px) 100vw, 211px\" \/><\/a>BELLUNO\u00a0<\/strong>Sabato 29 marzo alle ore 20:30, presso il Teatro Giovanni XXIII di Belluno, si terr\u00e0 un evento benefico organizzato dal Lions Club Belluno, con l\u2019obiettivo di raccogliere fondi per l\u2019associazione Belluno Donna Onlus, che sostiene economicamente donne e bambini in difficolt\u00e0. La serata sar\u00e0 coordinata da Michela Da Canal e vedr\u00e0 la partecipazione di ospiti di spicco. Tra questi, Ivano Battiston, maestro di fisarmonica e compositore di fama internazionale, che incanter\u00e0 il pubblico con la sua arte. Interverr\u00e0 anche la dott.ssa Roberta Gallego, Sostituto Procuratore della Repubblica presso il Tribunale di Belluno, per offrire uno spaccato della realt\u00e0 delle donne vittime di violenza. A rendere ancor pi\u00f9 speciale l\u2019evento sar\u00e0 la Compagnia dei Teatranti di Bisceglie, con Elida Musci e Michele Schiavone, che proporranno uno spettacolo teatrale di grande impatto. Un\u2019occasione per unire cultura, musica e impegno sociale, ricordando il valore della solidariet\u00e0 e del supporto a chi affronta situazioni difficili. L\u2019intero ricavato della serata sar\u00e0 devoluto a Belluno Donna.<\/p>\n<p>&nbsp;<\/p>\n<p>&nbsp;<\/p>\n<hr \/>\n<p>&nbsp;<\/p>\n<blockquote>\n<h3>SECONDO APPUNTAMENTO CON EMOZIONE MONTAGNA<\/h3>\n<\/blockquote>\n<p><strong>BELLUNO<\/strong> Gioved\u00ec alle 20:30 nella sala della Cooperativa di Caleipo, si terr\u00e0 la seconda serata di &#8220;Emozione Montagna&#8221;, un evento organizzato dalla Pro Loco Pieve Castionese per avvicinare il pubblico al mondo affascinante e poco conosciuto della speleologia. Protagonista della serata sar\u00e0 lo speleologo e geologo bellunese Alberto Riva, che guider\u00e0 i partecipanti in un viaggio emozionante attraverso racconti, foto e video suggestivi.<\/p>\n<p>&nbsp;<\/p>\n<p>&nbsp;<\/p>\n<hr \/>\n<p>&nbsp;<\/p>\n<blockquote>\n<h3>UN INCONTRO CON L&#8217;ASSOCIAZIONE CUCCHINI<\/h3>\n<\/blockquote>\n<p><strong><a class=\"dt-pswp-item\" href=\"https:\/\/www.radiopiu.net\/wordpress\/wp-content\/uploads\/2025\/03\/KJFTYAUALGO.png\" data-dt-img-description=\"\" data-large_image_width=\"1747\" data-large_image_height=\"971\"><img loading=\"lazy\" decoding=\"async\" class=\" wp-image-440851 alignleft\" src=\"https:\/\/www.radiopiu.net\/wordpress\/wp-content\/uploads\/2025\/03\/KJFTYAUALGO-300x167.png\" alt=\"\" width=\"199\" height=\"111\" srcset=\"https:\/\/www.radiopiu.net\/wordpress\/wp-content\/uploads\/2025\/03\/KJFTYAUALGO-300x167.png 300w, https:\/\/www.radiopiu.net\/wordpress\/wp-content\/uploads\/2025\/03\/KJFTYAUALGO-1024x569.png 1024w, https:\/\/www.radiopiu.net\/wordpress\/wp-content\/uploads\/2025\/03\/KJFTYAUALGO-768x427.png 768w, https:\/\/www.radiopiu.net\/wordpress\/wp-content\/uploads\/2025\/03\/KJFTYAUALGO-1536x854.png 1536w, https:\/\/www.radiopiu.net\/wordpress\/wp-content\/uploads\/2025\/03\/KJFTYAUALGO.png 1747w\" sizes=\"auto, (max-width: 199px) 100vw, 199px\" \/><\/a>BELLUNO<\/strong> L&#8217;associazione Cucchini organizza un incontro informativo sulle Disposizioni Anticipate di Trattamento (DAT) dal titolo <strong data-start=\"108\" data-end=\"143\">\u201cTroppo presto o troppo tardi?\u201d<\/strong>. L&#8217;evento si terr\u00e0 gioved\u00ec 27 marzo alle 18 presso la sede dell\u2019associazione, accanto all\u2019Hospice Casa Tua Due di Belluno. Il presidente Paolo Colleselli sottolinea l\u2019importanza di informare su questa tematica complessa. Le DAT, previste dalla legge 219\/2017, permettono a una persona di esprimere in anticipo le proprie volont\u00e0 su trattamenti sanitari in caso di futura incapacit\u00e0 di autodeterminarsi. Qualsiasi maggiorenne pu\u00f2 redigerle, e i Comuni sono responsabili della loro registrazione. L&#8217;incontro vedr\u00e0 gli interventi di esperti che tratteranno il tema da diverse prospettive: la psicologa Elena Sommacal analizzer\u00e0 gli aspetti emotivi, il medico Stefano Capelli illustrer\u00e0 la normativa, e rappresentanti comunali spiegheranno le modalit\u00e0 di deposito delle DAT.<\/p>\n<p>&nbsp;<\/p>\n<hr \/>\n<p>&nbsp;<\/p>\n<blockquote>\n<div class=\"flex max-w-full flex-col flex-grow\">\n<div class=\"min-h-8 text-message relative flex w-full flex-col items-end gap-2 whitespace-normal break-words text-start [.text-message+&amp;]:mt-5\" dir=\"auto\" data-message-author-role=\"assistant\" data-message-id=\"11b2e343-9597-496f-8fe9-b70b0fc15840\" data-message-model-slug=\"gpt-4o\">\n<div class=\"flex w-full flex-col gap-1 empty:hidden first:pt-[3px]\">\n<div class=\"markdown prose w-full break-words dark:prose-invert dark\">\n<p class=\"\" data-start=\"0\" data-end=\"71\"><strong data-start=\"0\" data-end=\"71\" data-is-last-node=\"\" data-is-only-node=\"\">OSSERVAZIONE PUBBLICA DELL\u2019ECLISSE PARZIALE DI SOLE SABATO 29 MARZO<\/strong><\/p>\n<\/div>\n<\/div>\n<\/div>\n<\/div>\n<\/blockquote>\n<p><strong><a class=\"dt-pswp-item\" href=\"https:\/\/www.radiopiu.net\/wordpress\/wp-content\/uploads\/2019\/01\/Luna-in-eclisse.jpg\" data-dt-img-description=\"\" data-large_image_width=\"2977\" data-large_image_height=\"2232\"><img loading=\"lazy\" decoding=\"async\" class=\"wp-image-73474 alignleft\" src=\"https:\/\/www.radiopiu.net\/wordpress\/wp-content\/uploads\/2019\/01\/Luna-in-eclisse-300x225.jpg\" alt=\"\" width=\"177\" height=\"133\" srcset=\"https:\/\/www.radiopiu.net\/wordpress\/wp-content\/uploads\/2019\/01\/Luna-in-eclisse-300x225.jpg 300w, https:\/\/www.radiopiu.net\/wordpress\/wp-content\/uploads\/2019\/01\/Luna-in-eclisse-768x576.jpg 768w, https:\/\/www.radiopiu.net\/wordpress\/wp-content\/uploads\/2019\/01\/Luna-in-eclisse-1024x768.jpg 1024w\" sizes=\"auto, (max-width: 177px) 100vw, 177px\" \/><\/a>AGORDO<\/strong><\/p>\n<p>Sabato\u00a0 evento al parcheggio di Tamonich\u00a0 per osservare l&#8217;eclisse parziale di sole. Cieli Dolomitici sar\u00e0 presente con i\u00a0 telescopi dalle 11. Evento gratuito, aperto a tutti.<\/p>\n<p>&nbsp;<\/p>\n<p><strong>FELTRE<\/strong><\/p>\n<p>Sabato alle\u00a0 11 con\u00a0 l&#8217;associazione Rheticus: avr\u00e0 luogo l\u2019osservazione pubblica dell\u2019eclisse parziale di Sole. Vi sar\u00e0 anche la possibilit\u00e0 di osservare la sottilissima, e quanto mai spettacolare, fase di Venere.\u00a0 In caso di maltempo, in luogo dell&#8217;osservazione, verr\u00e0 svolta una conferenza sostitutiva nel Planetario da parte di Gabriele Vanin. Ingresso 5 euro.<\/p>\n<p>&nbsp;<\/p>\n<hr \/>\n<p>&nbsp;<\/p>\n<blockquote>\n<p data-start=\"0\" data-end=\"71\"><strong data-start=\"0\" data-end=\"69\">MOSTRA DEDICATA A VITTORIO PISANI: INAUGURAZIONE A PIEVE D\u2019ALPAGO<\/strong><\/p>\n<\/blockquote>\n<p data-start=\"73\" data-end=\"333\" data-is-last-node=\"\" data-is-only-node=\"\">Domenica 30 marzo alle 17:00, presso il Palazzo Municipale di Pieve d\u2019Alpago, verr\u00e0 inaugurata la mostra temporanea dedicata a Vittorio Pisani. L\u2019evento, promosso dall&#8217;Ufficio Cultura e dalla Biblioteca Civica, ha il patrocinio di enti locali e internazionali.<\/p>\n<p>&nbsp;<\/p>\n<p>&nbsp;<\/p>\n<hr \/>\n<p>&nbsp;<\/p>\n<blockquote>\n<h3>CORSO DI MICOLOGIA A LIMANA<\/h3>\n<\/blockquote>\n<p><strong>LIMANA<\/strong> Sono ancora pochi i posti disponibili per il <strong data-start=\"45\" data-end=\"72\">corso base di micologia<\/strong> organizzato dal Comune di Limana in collaborazione con l&#8217;Associazione Micologia &#8220;Bresadola&#8221; di Belluno. La prima lezione si terr\u00e0 venerd\u00ec 28 marzo 2025, seguita da altre 7 lezioni teoriche. Due uscite pratiche in campo saranno concordate al termine del corso. Per maggiori informazioni e per iscriversi, visita il sito web: <a href=\"http:\/\/www.limana.org\/corsofunghi\" target=\"_new\" rel=\"noopener\" data-start=\"397\" data-end=\"460\">www.limana.org\/corsofunghi<\/a>.<\/p>\n<p>&nbsp;<\/p>\n<p>&nbsp;<\/p>\n<hr \/>\n<p>&nbsp;<\/p>\n<blockquote>\n<h3><a class=\"dt-pswp-item\" href=\"https:\/\/www.radiopiu.net\/wordpress\/wp-content\/uploads\/2025\/03\/16_BostonMarriage11032023-1380-scaled.jpg\" data-dt-img-description=\"\" data-large_image_width=\"2560\" data-large_image_height=\"1707\"><img loading=\"lazy\" decoding=\"async\" class=\" wp-image-441320 alignleft\" src=\"https:\/\/www.radiopiu.net\/wordpress\/wp-content\/uploads\/2025\/03\/16_BostonMarriage11032023-1380-300x200.jpg\" alt=\"\" width=\"185\" height=\"123\" srcset=\"https:\/\/www.radiopiu.net\/wordpress\/wp-content\/uploads\/2025\/03\/16_BostonMarriage11032023-1380-300x200.jpg 300w, https:\/\/www.radiopiu.net\/wordpress\/wp-content\/uploads\/2025\/03\/16_BostonMarriage11032023-1380-1024x683.jpg 1024w, https:\/\/www.radiopiu.net\/wordpress\/wp-content\/uploads\/2025\/03\/16_BostonMarriage11032023-1380-768x512.jpg 768w, https:\/\/www.radiopiu.net\/wordpress\/wp-content\/uploads\/2025\/03\/16_BostonMarriage11032023-1380-1536x1024.jpg 1536w, https:\/\/www.radiopiu.net\/wordpress\/wp-content\/uploads\/2025\/03\/16_BostonMarriage11032023-1380-2048x1365.jpg 2048w\" sizes=\"auto, (max-width: 185px) 100vw, 185px\" \/><\/a>BOSTON MARRIAGE AL TEATRO DI BELLUNO<\/h3>\n<\/blockquote>\n<p><strong>BELLUNO <\/strong>La pluripremiata Maria Paiato salir\u00e0 sul palco del Teatro Buzzati di Belluno venerd\u00ec 4 aprile alle 20.45 interpretando \u201cBoston Marriage\u201d, di David Mamet, penultimo appuntamento della 48ma Stagione di Prosa del Circolo Cultura e Stampa Bellunese. La Paiato, diretta da Giorgio Sangati, sar\u00e0 accompagnata da Mariangela Granelli e Ludovica D\u2019Auria.<\/p>\n<p>&nbsp;<\/p>\n<p>&nbsp;<\/p>\n<hr \/>\n<p>&nbsp;<\/p>\n<blockquote>\n<h3>LUOGHI NEI LIBRI, VENERDI E SABATO A SANTA GIUSTINA<\/h3>\n<\/blockquote>\n<p><strong><a class=\"dt-pswp-item\" href=\"https:\/\/www.radiopiu.net\/wordpress\/wp-content\/uploads\/2025\/03\/6a2c4ba6-e6dc-4bd3-93b8-071c5bbea82b.jpg\" data-dt-img-description=\"\" data-large_image_width=\"1079\" data-large_image_height=\"1489\"><img loading=\"lazy\" decoding=\"async\" class=\" wp-image-441391 alignleft\" src=\"https:\/\/www.radiopiu.net\/wordpress\/wp-content\/uploads\/2025\/03\/6a2c4ba6-e6dc-4bd3-93b8-071c5bbea82b-217x300.jpg\" alt=\"\" width=\"134\" height=\"185\" srcset=\"https:\/\/www.radiopiu.net\/wordpress\/wp-content\/uploads\/2025\/03\/6a2c4ba6-e6dc-4bd3-93b8-071c5bbea82b-217x300.jpg 217w, https:\/\/www.radiopiu.net\/wordpress\/wp-content\/uploads\/2025\/03\/6a2c4ba6-e6dc-4bd3-93b8-071c5bbea82b-742x1024.jpg 742w, https:\/\/www.radiopiu.net\/wordpress\/wp-content\/uploads\/2025\/03\/6a2c4ba6-e6dc-4bd3-93b8-071c5bbea82b-768x1060.jpg 768w, https:\/\/www.radiopiu.net\/wordpress\/wp-content\/uploads\/2025\/03\/6a2c4ba6-e6dc-4bd3-93b8-071c5bbea82b.jpg 1079w\" sizes=\"auto, (max-width: 134px) 100vw, 134px\" \/><\/a>SANTA GIUSTINA<\/strong><\/p>\n<p>DI LUISA ALCHINI<\/p>\n<audio class=\"wp-audio-shortcode\" id=\"audio-441470-15\" preload=\"none\" style=\"width: 100%;\" controls=\"controls\"><source type=\"audio\/mpeg\" src=\"https:\/\/www.radiopiu.net\/wordpress\/wp-content\/uploads\/2025\/03\/LUISA-ALCHINI-LUOGHI-NEI-LIBRI-SCAD-30-MARZO.mp3?_=15\" \/><a href=\"https:\/\/www.radiopiu.net\/wordpress\/wp-content\/uploads\/2025\/03\/LUISA-ALCHINI-LUOGHI-NEI-LIBRI-SCAD-30-MARZO.mp3\">https:\/\/www.radiopiu.net\/wordpress\/wp-content\/uploads\/2025\/03\/LUISA-ALCHINI-LUOGHI-NEI-LIBRI-SCAD-30-MARZO.mp3<\/a><\/audio>\n<p>&nbsp;<\/p>\n<hr \/>\n<p>&nbsp;<\/p>\n<blockquote>\n<h3>PELLEGRINAGGIO GIUBILARE A SEDICO<\/h3>\n<\/blockquote>\n<p><strong>SEDICO<\/strong> Domenica 30 marzo, i fedeli delle parrocchie di Sedico, Roe e Bribano parteciperanno a un pellegrinaggio giubilare per ricevere l\u2019indulgenza, seguendo le indicazioni del vescovo Renato e di Papa Francesco. Il percorso, chiamato \u201cUn Cammino di Speranza\u201d, partir\u00e0 alle 16 da piazza Mons. Fiori e attraverser\u00e0 vari punti del paese, permettendo anche a chi ha difficolt\u00e0 motorie di unirsi. Il pellegrinaggio sar\u00e0 arricchito da testimonianze di diverse realt\u00e0 locali impegnate nella solidariet\u00e0. L\u2019iniziativa fa parte del cammino quaresimale delle parrocchie, che prevede anche una Via Crucis itinerante l\u201911 aprile e una celebrazione penitenziale il 16 aprile.<\/p>\n<p>&nbsp;<\/p>\n<hr \/>\n<p>&nbsp;<\/p>\n<blockquote>\n<h3>LA PRESENTAZIONE DEL LIBRO SUI MIGRANTI DI VOLTAGO<\/h3>\n<\/blockquote>\n<p><strong><a class=\"dt-pswp-item\" href=\"https:\/\/www.radiopiu.net\/wordpress\/wp-content\/uploads\/2025\/03\/d1c40d7e-c6d5-42f7-ac6a-e56a05a28dcb.jpg\" data-dt-img-description=\"\" data-large_image_width=\"1131\" data-large_image_height=\"1600\"><img loading=\"lazy\" decoding=\"async\" class=\" wp-image-440564 alignleft\" src=\"https:\/\/www.radiopiu.net\/wordpress\/wp-content\/uploads\/2025\/03\/d1c40d7e-c6d5-42f7-ac6a-e56a05a28dcb-212x300.jpg\" alt=\"\" width=\"170\" height=\"241\" srcset=\"https:\/\/www.radiopiu.net\/wordpress\/wp-content\/uploads\/2025\/03\/d1c40d7e-c6d5-42f7-ac6a-e56a05a28dcb-212x300.jpg 212w, https:\/\/www.radiopiu.net\/wordpress\/wp-content\/uploads\/2025\/03\/d1c40d7e-c6d5-42f7-ac6a-e56a05a28dcb-724x1024.jpg 724w, https:\/\/www.radiopiu.net\/wordpress\/wp-content\/uploads\/2025\/03\/d1c40d7e-c6d5-42f7-ac6a-e56a05a28dcb-768x1086.jpg 768w, https:\/\/www.radiopiu.net\/wordpress\/wp-content\/uploads\/2025\/03\/d1c40d7e-c6d5-42f7-ac6a-e56a05a28dcb-1086x1536.jpg 1086w, https:\/\/www.radiopiu.net\/wordpress\/wp-content\/uploads\/2025\/03\/d1c40d7e-c6d5-42f7-ac6a-e56a05a28dcb.jpg 1131w\" sizes=\"auto, (max-width: 170px) 100vw, 170px\" \/><\/a>VOLTAGO <\/strong><\/p>\n<p>DI GIANNI SANTOMASO<\/p>\n<audio class=\"wp-audio-shortcode\" id=\"audio-441470-16\" preload=\"none\" style=\"width: 100%;\" controls=\"controls\"><source type=\"audio\/mpeg\" src=\"https:\/\/www.radiopiu.net\/wordpress\/wp-content\/uploads\/2025\/03\/GIANNI-LIBRO-MIGRANTI-VOLTAGO.mp3?_=16\" \/><a href=\"https:\/\/www.radiopiu.net\/wordpress\/wp-content\/uploads\/2025\/03\/GIANNI-LIBRO-MIGRANTI-VOLTAGO.mp3\">https:\/\/www.radiopiu.net\/wordpress\/wp-content\/uploads\/2025\/03\/GIANNI-LIBRO-MIGRANTI-VOLTAGO.mp3<\/a><\/audio>\n<p>&nbsp;<\/p>\n<hr \/>\n<p>&nbsp;<\/p>\n<blockquote>\n<p class=\"\" data-start=\"0\" data-end=\"73\"><strong data-start=\"0\" data-end=\"71\"><a class=\"dt-pswp-item\" href=\"https:\/\/www.radiopiu.net\/wordpress\/wp-content\/uploads\/2022\/05\/ce23bb83-faf8-469a-8c9b-e0f0d6a47ce7.jpg\" data-dt-img-description=\"\" data-large_image_width=\"2048\" data-large_image_height=\"1512\"><img loading=\"lazy\" decoding=\"async\" class=\"wp-image-276345 alignleft\" src=\"https:\/\/www.radiopiu.net\/wordpress\/wp-content\/uploads\/2022\/05\/ce23bb83-faf8-469a-8c9b-e0f0d6a47ce7-300x221.jpg\" alt=\"\" width=\"168\" height=\"124\" srcset=\"https:\/\/www.radiopiu.net\/wordpress\/wp-content\/uploads\/2022\/05\/ce23bb83-faf8-469a-8c9b-e0f0d6a47ce7-300x221.jpg 300w, https:\/\/www.radiopiu.net\/wordpress\/wp-content\/uploads\/2022\/05\/ce23bb83-faf8-469a-8c9b-e0f0d6a47ce7-1024x756.jpg 1024w, https:\/\/www.radiopiu.net\/wordpress\/wp-content\/uploads\/2022\/05\/ce23bb83-faf8-469a-8c9b-e0f0d6a47ce7-768x567.jpg 768w, https:\/\/www.radiopiu.net\/wordpress\/wp-content\/uploads\/2022\/05\/ce23bb83-faf8-469a-8c9b-e0f0d6a47ce7-1536x1134.jpg 1536w, https:\/\/www.radiopiu.net\/wordpress\/wp-content\/uploads\/2022\/05\/ce23bb83-faf8-469a-8c9b-e0f0d6a47ce7.jpg 2048w\" sizes=\"auto, (max-width: 168px) 100vw, 168px\" \/><\/a>SABATO A SEDICO CON COMUNE E PARROCCHIE: VOCI IN VALLE E CORO FODOM<\/strong><\/p>\n<\/blockquote>\n<p class=\"\" data-start=\"75\" data-end=\"587\"><strong>SEDICO<\/strong> Sabato sera, alle 20:30, la chiesa arcipretale di Sedico ospiter\u00e0 una serata di musica corale organizzata dal coro Voci in valle, in collaborazione con il Comune di Sedico e la comunit\u00e0 parrocchiale. L\u2019iniziativa mira a promuovere la socialit\u00e0 attraverso il linguaggio universale della musica. Sul palco si esibiranno il coro Voci in valle, attivo dal 1999 con un repertorio locale, e il coro Fodom di Livinallongo, fondato nel 1972. L\u2019ingresso \u00e8 libero e la serata segna la prima uscita del coro Fodom nel 2025.<\/p>\n<p>&nbsp;<\/p>\n<blockquote><p>&nbsp;<\/p><\/blockquote>\n<hr \/>\n<p>&nbsp;<\/p>\n<blockquote>\n<h3>ULTIMO APPUNTAMENTO A PAIANE CON IL CIRCOLO CULTURA E STAMPA BELLUNESE<\/h3>\n<\/blockquote>\n<p><strong>PONTE NELLE ALPI <\/strong>Il Circolo conclude la Seconda Stagione al Teatro G.Pierobon di Paiane con uno spettacolo scritto dall\u2019immenso Giorgio Gaber ed interpretato dal famoso ed apprezzatissimo attore Fabio Troiano: sabato 5 aprile alle 20.45 andr\u00e0 in scena \u201cIl Dio Bambino\u201d, grazie alla regia di Giorgio Gallione.<\/p>\n<p>&nbsp;<\/p>\n<p>&nbsp;<\/p>\n<hr \/>\n<p>&nbsp;<\/p>\n<blockquote>\n<h3><a class=\"dt-pswp-item\" href=\"https:\/\/www.radiopiu.net\/wordpress\/wp-content\/uploads\/2025\/03\/274143009_10158251067187096_2279475632141681814_n.jpg\" data-dt-img-description=\"\" data-large_image_width=\"2048\" data-large_image_height=\"2048\"><img loading=\"lazy\" decoding=\"async\" class=\" wp-image-441512 alignleft\" src=\"https:\/\/www.radiopiu.net\/wordpress\/wp-content\/uploads\/2025\/03\/274143009_10158251067187096_2279475632141681814_n-300x300.jpg\" alt=\"\" width=\"133\" height=\"133\" srcset=\"https:\/\/www.radiopiu.net\/wordpress\/wp-content\/uploads\/2025\/03\/274143009_10158251067187096_2279475632141681814_n-300x300.jpg 300w, https:\/\/www.radiopiu.net\/wordpress\/wp-content\/uploads\/2025\/03\/274143009_10158251067187096_2279475632141681814_n-1024x1024.jpg 1024w, https:\/\/www.radiopiu.net\/wordpress\/wp-content\/uploads\/2025\/03\/274143009_10158251067187096_2279475632141681814_n-150x150.jpg 150w, https:\/\/www.radiopiu.net\/wordpress\/wp-content\/uploads\/2025\/03\/274143009_10158251067187096_2279475632141681814_n-768x768.jpg 768w, https:\/\/www.radiopiu.net\/wordpress\/wp-content\/uploads\/2025\/03\/274143009_10158251067187096_2279475632141681814_n-1536x1536.jpg 1536w, https:\/\/www.radiopiu.net\/wordpress\/wp-content\/uploads\/2025\/03\/274143009_10158251067187096_2279475632141681814_n.jpg 2048w\" sizes=\"auto, (max-width: 133px) 100vw, 133px\" \/><\/a>FASO AL MASTERCLASS DE IL TERZO MONDO STUDIO<\/h3>\n<\/blockquote>\n<p><strong>PONTE NELLE ALPI<\/strong> La rassegna \u201cCome Funziona la Musica\u201d ospita Faso, storico bassista di Elio e Le Storie Tese, per una masterclass esclusiva dal titolo \u201cScrivimi: come essere supergiovani nella composizione\u201d. L&#8217;incontro si terr\u00e0 domenica 13 aprile, dalle 10:00 alle 17:00, presso il Terzo Mondo Studio a Paiane. Durante la masterclass, Faso condivider\u00e0 la sua esperienza nella composizione musicale e nell\u2019arrangiamento, offrendo anche suggerimenti pratici per gli artisti emergenti e tutti coloro che desiderano esplorare il mondo della musica. Per informazioni e iscrizioni, \u00e8 possibile contattare <a rel=\"noopener\" data-start=\"583\" data-end=\"610\">masterclass@ilterzomondo.it<\/a>.<\/p>\n<p>&nbsp;<\/p>\n<p>&nbsp;<\/p>\n<hr \/>\n<p>&nbsp;<\/p>\n<h1><span style=\"color: #ff6600;\">IERI ALLA RADIO\u00a0<\/span><\/h1>\n<h2><span style=\"color: #800080;\">GLI APPUNTAMENTI CON LA PRO LOCO DI CAVIOLA<\/span><\/h2>\n<p><strong><a class=\"dt-pswp-item\" href=\"https:\/\/www.radiopiu.net\/wordpress\/wp-content\/uploads\/2023\/10\/PROLOCO-CAVIOLA.jpg\" data-dt-img-description=\"\" data-large_image_width=\"232\" data-large_image_height=\"217\"><img loading=\"lazy\" decoding=\"async\" class=\" wp-image-358738 alignleft\" src=\"https:\/\/www.radiopiu.net\/wordpress\/wp-content\/uploads\/2023\/10\/PROLOCO-CAVIOLA.jpg\" alt=\"\" width=\"159\" height=\"149\" \/><\/a>DI MIRKO MEZZACASA<\/strong><\/p>\n<p>OSPITI: Alessio Valt e Silvano Savio<\/p>\n<audio class=\"wp-audio-shortcode\" id=\"audio-441470-17\" preload=\"none\" style=\"width: 100%;\" controls=\"controls\"><source type=\"audio\/mpeg\" src=\"https:\/\/www.radiopiu.net\/wordpress\/wp-content\/uploads\/2025\/03\/ALESSIO-E-SILVANO-2025.mp3?_=17\" \/><a href=\"https:\/\/www.radiopiu.net\/wordpress\/wp-content\/uploads\/2025\/03\/ALESSIO-E-SILVANO-2025.mp3\">https:\/\/www.radiopiu.net\/wordpress\/wp-content\/uploads\/2025\/03\/ALESSIO-E-SILVANO-2025.mp3<\/a><\/audio>\n<p>&nbsp;<\/p>\n<hr \/>\n<p>&nbsp;<\/p>\n<h2><span style=\"color: #ffcc00;\">OGGI COME IERI, TERZO ANNO. CON SILVIA BALDO<\/span><\/h2>\n<p><strong><a class=\"dt-pswp-item\" href=\"https:\/\/www.radiopiu.net\/wordpress\/wp-content\/uploads\/2025\/03\/LJFHOA.jpg\" data-dt-img-description=\"\" data-large_image_width=\"220\" data-large_image_height=\"222\"><img loading=\"lazy\" decoding=\"async\" class=\" wp-image-441520 alignleft\" src=\"https:\/\/www.radiopiu.net\/wordpress\/wp-content\/uploads\/2025\/03\/LJFHOA.jpg\" alt=\"\" width=\"133\" height=\"134\" srcset=\"https:\/\/www.radiopiu.net\/wordpress\/wp-content\/uploads\/2025\/03\/LJFHOA.jpg 220w, https:\/\/www.radiopiu.net\/wordpress\/wp-content\/uploads\/2025\/03\/LJFHOA-150x150.jpg 150w\" sizes=\"auto, (max-width: 133px) 100vw, 133px\" \/><\/a>25 MARZO 2025 ELTON JOHN<\/strong><\/p>\n<audio class=\"wp-audio-shortcode\" id=\"audio-441470-18\" preload=\"none\" style=\"width: 100%;\" controls=\"controls\"><source type=\"audio\/mpeg\" src=\"https:\/\/www.radiopiu.net\/wordpress\/wp-content\/uploads\/2025\/03\/SIBI2-5.mp3?_=18\" \/><a href=\"https:\/\/www.radiopiu.net\/wordpress\/wp-content\/uploads\/2025\/03\/SIBI2-5.mp3\">https:\/\/www.radiopiu.net\/wordpress\/wp-content\/uploads\/2025\/03\/SIBI2-5.mp3<\/a><\/audio>\n<p>&nbsp;<\/p>\n<p><strong>LA RACCOLTA COMPLETA <a href=\"https:\/\/www.radiopiu.net\/wordpress\/oggi-come-ieri-terzo-anno-con-silvia-baldo\/\"><span style=\"color: #3366ff;\">CLICCA QUI<\/span><\/a><\/strong><\/p>\n<p>&nbsp;<\/p>\n<hr \/>\n<p>&nbsp;<\/p>\n<h2><span style=\"color: #008000;\">&#8220;DINTORN E FORA VIA&#8221;\u00a0 IL PROGRAMMA\u00a0 A CURA DEL MUSLA<\/span><\/h2>\n<p><strong><a class=\"dt-pswp-item\" href=\"https:\/\/www.radiopiu.net\/wordpress\/wp-content\/uploads\/2018\/07\/Giorgia-Taio.jpg\" data-dt-img-description=\"\" data-large_image_width=\"777\" data-large_image_height=\"1599\"><img loading=\"lazy\" decoding=\"async\" class=\" wp-image-53380 alignleft\" src=\"https:\/\/www.radiopiu.net\/wordpress\/wp-content\/uploads\/2018\/07\/Giorgia-Taio-146x300.jpg\" alt=\"\" width=\"73\" height=\"150\" srcset=\"https:\/\/www.radiopiu.net\/wordpress\/wp-content\/uploads\/2018\/07\/Giorgia-Taio-146x300.jpg 146w, https:\/\/www.radiopiu.net\/wordpress\/wp-content\/uploads\/2018\/07\/Giorgia-Taio-768x1580.jpg 768w, https:\/\/www.radiopiu.net\/wordpress\/wp-content\/uploads\/2018\/07\/Giorgia-Taio-498x1024.jpg 498w, https:\/\/www.radiopiu.net\/wordpress\/wp-content\/uploads\/2018\/07\/Giorgia-Taio.jpg 777w\" sizes=\"auto, (max-width: 73px) 100vw, 73px\" \/><\/a>PUNTATA DEL 25 MARZO 2025 GIORGIA TAIO<\/strong><\/p>\n<audio class=\"wp-audio-shortcode\" id=\"audio-441470-19\" preload=\"none\" style=\"width: 100%;\" controls=\"controls\"><source type=\"audio\/mpeg\" src=\"https:\/\/www.radiopiu.net\/wordpress\/wp-content\/uploads\/2025\/03\/MUSLA-6.mp3?_=19\" \/><a href=\"https:\/\/www.radiopiu.net\/wordpress\/wp-content\/uploads\/2025\/03\/MUSLA-6.mp3\">https:\/\/www.radiopiu.net\/wordpress\/wp-content\/uploads\/2025\/03\/MUSLA-6.mp3<\/a><\/audio>\n<p>&nbsp;<\/p>\n<p><strong>LA RACCOLTA COMPLETA <a href=\"https:\/\/www.radiopiu.net\/wordpress\/musla\/\"><span style=\"color: #3366ff;\">CLICCA QUI\u00a0<\/span><\/a><\/strong><\/p>\n<p>&nbsp;<\/p>\n<p>&nbsp;<\/p>\n<p>&nbsp;<\/p>\n<p>&nbsp;<\/p>\n<hr \/>\n<p>&nbsp;<\/p>\n<h2><span style=\"color: #00ffff;\">ARCADE SHOW..ELIA ALLA RADIO<\/span><\/h2>\n<p align=\"JUSTIFY\"><a class=\"dt-pswp-item\" href=\"https:\/\/www.radiopiu.net\/wordpress\/wp-content\/uploads\/2025\/02\/LOGO-ELIA.png\" data-dt-img-description=\"\" data-large_image_width=\"851\" data-large_image_height=\"774\"><img loading=\"lazy\" decoding=\"async\" class=\"size-medium wp-image-436960 aligncenter\" src=\"https:\/\/www.radiopiu.net\/wordpress\/wp-content\/uploads\/2025\/02\/LOGO-ELIA-300x273.png\" alt=\"\" width=\"300\" height=\"273\" srcset=\"https:\/\/www.radiopiu.net\/wordpress\/wp-content\/uploads\/2025\/02\/LOGO-ELIA-300x273.png 300w, https:\/\/www.radiopiu.net\/wordpress\/wp-content\/uploads\/2025\/02\/LOGO-ELIA-768x699.png 768w, https:\/\/www.radiopiu.net\/wordpress\/wp-content\/uploads\/2025\/02\/LOGO-ELIA.png 851w\" sizes=\"auto, (max-width: 300px) 100vw, 300px\" \/><\/a><\/p>\n<p align=\"JUSTIFY\">Arcade show, Entra nella sala giochi ufficiale di RadioPi\u00f9! Inserisci la moneta e gioca insieme a noi! Attualit\u00e0, cinema, sport, social, spensieratezza e soprattutto musica! Il primo show like a game radiofonico in italia, condotto da Elia.<\/p>\n<p align=\"JUSTIFY\"><strong>PUNTATA 03 \/1<\/strong><\/p>\n<audio class=\"wp-audio-shortcode\" id=\"audio-441470-20\" preload=\"none\" style=\"width: 100%;\" controls=\"controls\"><source type=\"audio\/mpeg\" src=\"https:\/\/www.radiopiu.net\/wordpress\/wp-content\/uploads\/2025\/03\/ELIA1-1.mp3?_=20\" \/><a href=\"https:\/\/www.radiopiu.net\/wordpress\/wp-content\/uploads\/2025\/03\/ELIA1-1.mp3\">https:\/\/www.radiopiu.net\/wordpress\/wp-content\/uploads\/2025\/03\/ELIA1-1.mp3<\/a><\/audio>\n<p>&nbsp;<\/p>\n<p align=\"JUSTIFY\"><strong>PUNTATA 03 \/2<\/strong><\/p>\n<audio class=\"wp-audio-shortcode\" id=\"audio-441470-21\" preload=\"none\" style=\"width: 100%;\" controls=\"controls\"><source type=\"audio\/mpeg\" src=\"https:\/\/www.radiopiu.net\/wordpress\/wp-content\/uploads\/2025\/03\/ELIA2-1.mp3?_=21\" \/><a href=\"https:\/\/www.radiopiu.net\/wordpress\/wp-content\/uploads\/2025\/03\/ELIA2-1.mp3\">https:\/\/www.radiopiu.net\/wordpress\/wp-content\/uploads\/2025\/03\/ELIA2-1.mp3<\/a><\/audio>\n<p>&nbsp;<\/p>\n<p align=\"JUSTIFY\"><strong>PUNTATA 03 \/3<\/strong><\/p>\n<audio class=\"wp-audio-shortcode\" id=\"audio-441470-22\" preload=\"none\" style=\"width: 100%;\" controls=\"controls\"><source type=\"audio\/mpeg\" src=\"https:\/\/www.radiopiu.net\/wordpress\/wp-content\/uploads\/2025\/03\/ELIA3-1.mp3?_=22\" \/><a href=\"https:\/\/www.radiopiu.net\/wordpress\/wp-content\/uploads\/2025\/03\/ELIA3-1.mp3\">https:\/\/www.radiopiu.net\/wordpress\/wp-content\/uploads\/2025\/03\/ELIA3-1.mp3<\/a><\/audio>\n<p>&nbsp;<\/p>\n<p><strong>LA RACCOLTA COMPLETA <a href=\"https:\/\/www.radiopiu.net\/wordpress\/arcade-show-elia-alla-radio\/\"><span style=\"color: #3366ff;\">CLICCA QUI<\/span><\/a><\/strong><\/p>\n<p>&nbsp;<\/p>\n<hr \/>\n<p>&nbsp;<\/p>\n<h2><span style=\"color: #ff0000;\"><a class=\"dt-pswp-item\" href=\"https:\/\/www.radiopiu.net\/wordpress\/wp-content\/uploads\/2018\/09\/appuntamenti.jpeg\" data-dt-img-description=\"\" data-large_image_width=\"800\" data-large_image_height=\"100\"><img loading=\"lazy\" decoding=\"async\" class=\"wp-image-61958 size-full aligncenter\" src=\"https:\/\/www.radiopiu.net\/wordpress\/wp-content\/uploads\/2018\/09\/appuntamenti.jpeg\" alt=\"\" width=\"800\" height=\"100\" srcset=\"https:\/\/www.radiopiu.net\/wordpress\/wp-content\/uploads\/2018\/09\/appuntamenti.jpeg 800w, https:\/\/www.radiopiu.net\/wordpress\/wp-content\/uploads\/2018\/09\/appuntamenti-300x38.jpeg 300w, https:\/\/www.radiopiu.net\/wordpress\/wp-content\/uploads\/2018\/09\/appuntamenti-768x96.jpeg 768w\" sizes=\"auto, (max-width: 800px) 100vw, 800px\" \/><\/a><\/span><\/h2>\n<h3 dir=\"auto\"><\/h3>\n<blockquote>\n<h3>MORGAN &amp; BATTAGLIA I RESIDENT DJ DEL SAVE THE DATE FESTIVAL<\/h3>\n<\/blockquote>\n<p><strong>FALCADE <\/strong>Il palco si accende, le casse vibrano e l\u2019atmosfera si infiamma: Morgan e Battaglia sono pronti a farvi ballare senza sosta! Con selezioni potenti e beat travolgenti, il duo porter\u00e0 un\u2019ondata di pura energia al Rifugio Laresei. Quattro ospiti speciali arricchiranno il festival, ma sar\u00e0 la loro console a tenere il cuore pulsante della serata. L\u2019unica regola? Lasciarsi andare al ritmo e vivere la musica senza freni. Preparati a un\u2019esperienza indimenticabile! L&#8217;appuntamento \u00e8 per il 29 marzo al Rifugio Laresei<\/p>\n\n\t\t\t<style type='text\/css'>\n\t\t\t\t#gallery-5 {\n\t\t\t\t\tmargin: auto;\n\t\t\t\t}\n\t\t\t\t#gallery-5 .gallery-item {\n\t\t\t\t\tfloat: left;\n\t\t\t\t\tmargin-top: 10px;\n\t\t\t\t\ttext-align: center;\n\t\t\t\t\twidth: 20%;\n\t\t\t\t}\n\t\t\t\t#gallery-5 img {\n\t\t\t\t\tborder: 2px solid #cfcfcf;\n\t\t\t\t}\n\t\t\t\t#gallery-5 .gallery-caption {\n\t\t\t\t\tmargin-left: 0;\n\t\t\t\t}\n\t\t\t\t\/* see gallery_shortcode() in wp-includes\/media.php *\/\n\t\t\t<\/style>\n\t\t<div id='gallery-5' class='dt-gallery-container gallery galleryid-441470 gallery-columns-5 gallery-size-medium'><dl class='gallery-item'>\n\t\t\t\t<dt class='gallery-icon portrait'>\n\t\t\t\t\t<a class=\"rollover rollover-zoom dt-pswp-item\" title=\"475351389_122191419572160269_4819090400106529375_n\" data-dt-img-description=\"\" data-large_image_width=\"1024\" data-large_image_height=\"1280\"href='https:\/\/www.radiopiu.net\/wordpress\/wp-content\/uploads\/2025\/02\/475351389_122191419572160269_4819090400106529375_n.jpg'><img loading=\"lazy\" decoding=\"async\" width=\"240\" height=\"300\" src=\"https:\/\/www.radiopiu.net\/wordpress\/wp-content\/uploads\/2025\/02\/475351389_122191419572160269_4819090400106529375_n-240x300.jpg\" class=\"attachment-medium size-medium\" alt=\"\" srcset=\"https:\/\/www.radiopiu.net\/wordpress\/wp-content\/uploads\/2025\/02\/475351389_122191419572160269_4819090400106529375_n-240x300.jpg 240w, https:\/\/www.radiopiu.net\/wordpress\/wp-content\/uploads\/2025\/02\/475351389_122191419572160269_4819090400106529375_n-819x1024.jpg 819w, https:\/\/www.radiopiu.net\/wordpress\/wp-content\/uploads\/2025\/02\/475351389_122191419572160269_4819090400106529375_n-768x960.jpg 768w, https:\/\/www.radiopiu.net\/wordpress\/wp-content\/uploads\/2025\/02\/475351389_122191419572160269_4819090400106529375_n.jpg 1024w\" sizes=\"auto, (max-width: 240px) 100vw, 240px\" \/><\/a>\n\t\t\t\t<\/dt><\/dl><dl class='gallery-item'>\n\t\t\t\t<dt class='gallery-icon portrait'>\n\t\t\t\t\t<a class=\"rollover rollover-zoom dt-pswp-item\" title=\"70222334-5cff-4d4b-9ab9-a2a79305f2f3\" data-dt-img-description=\"\" data-large_image_width=\"1024\" data-large_image_height=\"1280\"href='https:\/\/www.radiopiu.net\/wordpress\/wp-content\/uploads\/2025\/02\/70222334-5cff-4d4b-9ab9-a2a79305f2f3.jpg'><img loading=\"lazy\" decoding=\"async\" width=\"240\" height=\"300\" src=\"https:\/\/www.radiopiu.net\/wordpress\/wp-content\/uploads\/2025\/02\/70222334-5cff-4d4b-9ab9-a2a79305f2f3-240x300.jpg\" class=\"attachment-medium size-medium\" alt=\"\" srcset=\"https:\/\/www.radiopiu.net\/wordpress\/wp-content\/uploads\/2025\/02\/70222334-5cff-4d4b-9ab9-a2a79305f2f3-240x300.jpg 240w, https:\/\/www.radiopiu.net\/wordpress\/wp-content\/uploads\/2025\/02\/70222334-5cff-4d4b-9ab9-a2a79305f2f3-819x1024.jpg 819w, https:\/\/www.radiopiu.net\/wordpress\/wp-content\/uploads\/2025\/02\/70222334-5cff-4d4b-9ab9-a2a79305f2f3-768x960.jpg 768w, https:\/\/www.radiopiu.net\/wordpress\/wp-content\/uploads\/2025\/02\/70222334-5cff-4d4b-9ab9-a2a79305f2f3.jpg 1024w\" sizes=\"auto, (max-width: 240px) 100vw, 240px\" \/><\/a>\n\t\t\t\t<\/dt><\/dl><dl class='gallery-item'>\n\t\t\t\t<dt class='gallery-icon portrait'>\n\t\t\t\t\t<a class=\"rollover rollover-zoom dt-pswp-item\" title=\"480483463_122191800596160269_7748395789965067962_n\" data-dt-img-description=\"\" data-large_image_width=\"1024\" data-large_image_height=\"1280\"href='https:\/\/www.radiopiu.net\/wordpress\/wp-content\/uploads\/2025\/02\/480483463_122191800596160269_7748395789965067962_n.jpg'><img loading=\"lazy\" decoding=\"async\" width=\"240\" height=\"300\" src=\"https:\/\/www.radiopiu.net\/wordpress\/wp-content\/uploads\/2025\/02\/480483463_122191800596160269_7748395789965067962_n-240x300.jpg\" class=\"attachment-medium size-medium\" alt=\"\" srcset=\"https:\/\/www.radiopiu.net\/wordpress\/wp-content\/uploads\/2025\/02\/480483463_122191800596160269_7748395789965067962_n-240x300.jpg 240w, https:\/\/www.radiopiu.net\/wordpress\/wp-content\/uploads\/2025\/02\/480483463_122191800596160269_7748395789965067962_n-819x1024.jpg 819w, https:\/\/www.radiopiu.net\/wordpress\/wp-content\/uploads\/2025\/02\/480483463_122191800596160269_7748395789965067962_n-768x960.jpg 768w, https:\/\/www.radiopiu.net\/wordpress\/wp-content\/uploads\/2025\/02\/480483463_122191800596160269_7748395789965067962_n.jpg 1024w\" sizes=\"auto, (max-width: 240px) 100vw, 240px\" \/><\/a>\n\t\t\t\t<\/dt><\/dl><dl class='gallery-item'>\n\t\t\t\t<dt class='gallery-icon portrait'>\n\t\t\t\t\t<a class=\"rollover rollover-zoom dt-pswp-item\" title=\"480755395_122191974356160269_922264644982884143_n\" data-dt-img-description=\"\" data-large_image_width=\"1024\" data-large_image_height=\"1280\"href='https:\/\/www.radiopiu.net\/wordpress\/wp-content\/uploads\/2025\/02\/480755395_122191974356160269_922264644982884143_n.jpg'><img loading=\"lazy\" decoding=\"async\" width=\"240\" height=\"300\" src=\"https:\/\/www.radiopiu.net\/wordpress\/wp-content\/uploads\/2025\/02\/480755395_122191974356160269_922264644982884143_n-240x300.jpg\" class=\"attachment-medium size-medium\" alt=\"\" srcset=\"https:\/\/www.radiopiu.net\/wordpress\/wp-content\/uploads\/2025\/02\/480755395_122191974356160269_922264644982884143_n-240x300.jpg 240w, https:\/\/www.radiopiu.net\/wordpress\/wp-content\/uploads\/2025\/02\/480755395_122191974356160269_922264644982884143_n-819x1024.jpg 819w, https:\/\/www.radiopiu.net\/wordpress\/wp-content\/uploads\/2025\/02\/480755395_122191974356160269_922264644982884143_n-768x960.jpg 768w, https:\/\/www.radiopiu.net\/wordpress\/wp-content\/uploads\/2025\/02\/480755395_122191974356160269_922264644982884143_n.jpg 1024w\" sizes=\"auto, (max-width: 240px) 100vw, 240px\" \/><\/a>\n\t\t\t\t<\/dt><\/dl><dl class='gallery-item'>\n\t\t\t\t<dt class='gallery-icon portrait'>\n\t\t\t\t\t<a class=\"rollover rollover-zoom dt-pswp-item\" title=\"480946206_122192204450160269_174180551336592227_n\" data-dt-img-description=\"\" data-large_image_width=\"512\" data-large_image_height=\"640\"href='https:\/\/www.radiopiu.net\/wordpress\/wp-content\/uploads\/2025\/02\/480946206_122192204450160269_174180551336592227_n.jpg'><img loading=\"lazy\" decoding=\"async\" width=\"240\" height=\"300\" src=\"https:\/\/www.radiopiu.net\/wordpress\/wp-content\/uploads\/2025\/02\/480946206_122192204450160269_174180551336592227_n-240x300.jpg\" class=\"attachment-medium size-medium\" alt=\"\" srcset=\"https:\/\/www.radiopiu.net\/wordpress\/wp-content\/uploads\/2025\/02\/480946206_122192204450160269_174180551336592227_n-240x300.jpg 240w, https:\/\/www.radiopiu.net\/wordpress\/wp-content\/uploads\/2025\/02\/480946206_122192204450160269_174180551336592227_n.jpg 512w\" sizes=\"auto, (max-width: 240px) 100vw, 240px\" \/><\/a>\n\t\t\t\t<\/dt><\/dl><br style=\"clear: both\" \/>\n\t\t\t<\/div>\n\n<p>&nbsp;<\/p>\n<div>\n<div class=\"\" dir=\"auto\">\n<div id=\":r9h:\" class=\"x1iorvi4 x1pi30zi x1l90r2v x1swvt13\" data-ad-comet-preview=\"message\" data-ad-preview=\"message\">\n<div class=\"\" dir=\"auto\">\n<div id=\":r9h:\" class=\"x1iorvi4 x1pi30zi x1l90r2v x1swvt13\" data-ad-comet-preview=\"message\" data-ad-preview=\"message\">\n<div class=\"\" dir=\"auto\">\n<div id=\":r9h:\" class=\"x1iorvi4 x1pi30zi x1l90r2v x1swvt13\" data-ad-comet-preview=\"message\" data-ad-preview=\"message\">\n<div class=\"\" dir=\"auto\">\n<div id=\":r9h:\" class=\"x1iorvi4 x1pi30zi x1l90r2v x1swvt13\" data-ad-comet-preview=\"message\" data-ad-preview=\"message\">\n<div>\n<div class=\"\" dir=\"auto\">\n<div id=\":r9h:\" class=\"x1iorvi4 x1pi30zi x1l90r2v x1swvt13\" data-ad-comet-preview=\"message\" data-ad-preview=\"message\">\n<div>\n<div class=\"\" dir=\"auto\">\n<div id=\":r9h:\" class=\"x1iorvi4 x1pi30zi x1l90r2v x1swvt13\" data-ad-comet-preview=\"message\" data-ad-preview=\"message\">\n<div class=\"xdj266r x11i5rnm xat24cr x1mh8g0r x1vvkbs x126k92a\">\n<div dir=\"auto\"><\/div>\n<\/div>\n<div>\n<div class=\"\" dir=\"auto\">\n<div id=\":r9h:\" class=\"x1iorvi4 x1pi30zi x1l90r2v x1swvt13\" data-ad-comet-preview=\"message\" data-ad-preview=\"message\">\n<div>\n<div class=\"\" dir=\"auto\">\n<div id=\":r9h:\" class=\"x1iorvi4 x1pi30zi x1l90r2v x1swvt13\" data-ad-comet-preview=\"message\" data-ad-preview=\"message\">\n\n\t\t\t<style type='text\/css'>\n\t\t\t\t#gallery-6 {\n\t\t\t\t\tmargin: auto;\n\t\t\t\t}\n\t\t\t\t#gallery-6 .gallery-item {\n\t\t\t\t\tfloat: left;\n\t\t\t\t\tmargin-top: 10px;\n\t\t\t\t\ttext-align: center;\n\t\t\t\t\twidth: 25%;\n\t\t\t\t}\n\t\t\t\t#gallery-6 img {\n\t\t\t\t\tborder: 2px solid #cfcfcf;\n\t\t\t\t}\n\t\t\t\t#gallery-6 .gallery-caption {\n\t\t\t\t\tmargin-left: 0;\n\t\t\t\t}\n\t\t\t\t\/* see gallery_shortcode() in wp-includes\/media.php *\/\n\t\t\t<\/style>\n\t\t<div id='gallery-6' class='dt-gallery-container gallery galleryid-441470 gallery-columns-4 gallery-size-thumbnail'><dl class='gallery-item'>\n\t\t\t\t<dt class='gallery-icon portrait'>\n\t\t\t\t\t<a class=\"rollover rollover-zoom dt-pswp-item\" title=\"Marzo (1)\" data-dt-img-description=\"\" data-large_image_width=\"841\" data-large_image_height=\"1190\"href='https:\/\/www.radiopiu.net\/wordpress\/wp-content\/uploads\/2025\/02\/Marzo-1.jpg'><img loading=\"lazy\" decoding=\"async\" width=\"150\" height=\"150\" src=\"https:\/\/www.radiopiu.net\/wordpress\/wp-content\/uploads\/2025\/02\/Marzo-1-150x150.jpg\" class=\"attachment-thumbnail size-thumbnail\" alt=\"\" \/><\/a>\n\t\t\t\t<\/dt><\/dl><dl class='gallery-item'>\n\t\t\t\t<dt class='gallery-icon portrait'>\n\t\t\t\t\t<a class=\"rollover rollover-zoom dt-pswp-item\" title=\"Senza nome\" data-dt-img-description=\"\" data-large_image_width=\"569\" data-large_image_height=\"801\"href='https:\/\/www.radiopiu.net\/wordpress\/wp-content\/uploads\/2025\/02\/Senza-nome-23.png'><img loading=\"lazy\" decoding=\"async\" width=\"150\" height=\"150\" src=\"https:\/\/www.radiopiu.net\/wordpress\/wp-content\/uploads\/2025\/02\/Senza-nome-23-150x150.png\" class=\"attachment-thumbnail size-thumbnail\" alt=\"\" \/><\/a>\n\t\t\t\t<\/dt><\/dl><dl class='gallery-item'>\n\t\t\t\t<dt class='gallery-icon portrait'>\n\t\t\t\t\t<a class=\"rollover rollover-zoom dt-pswp-item\" title=\"ba76e127-707c-4a8a-a6ac-6ab71e879690\" data-dt-img-description=\"\" data-large_image_width=\"500\" data-large_image_height=\"696\"href='https:\/\/www.radiopiu.net\/wordpress\/wp-content\/uploads\/2025\/03\/ba76e127-707c-4a8a-a6ac-6ab71e879690.jpg'><img loading=\"lazy\" decoding=\"async\" width=\"150\" height=\"150\" src=\"https:\/\/www.radiopiu.net\/wordpress\/wp-content\/uploads\/2025\/03\/ba76e127-707c-4a8a-a6ac-6ab71e879690-150x150.jpg\" class=\"attachment-thumbnail size-thumbnail\" alt=\"\" aria-describedby=\"gallery-6-437826\" \/><\/a>\n\t\t\t\t<\/dt>\n\t\t\t\t\t<dd class='wp-caption-text gallery-caption' id='gallery-6-437826'>\n\t\t\t\t\tPOSTICIPATO AL 6 APRILE\n\t\t\t\t\t<\/dd><\/dl><dl class='gallery-item'>\n\t\t\t\t<dt class='gallery-icon portrait'>\n\t\t\t\t\t<a class=\"rollover rollover-zoom dt-pswp-item\" title=\"86913bf1-cfa4-493b-8e26-1aa10ea03f0b\" data-dt-img-description=\"\" data-large_image_width=\"1638\" data-large_image_height=\"2048\"href='https:\/\/www.radiopiu.net\/wordpress\/wp-content\/uploads\/2025\/03\/86913bf1-cfa4-493b-8e26-1aa10ea03f0b.jpg'><img loading=\"lazy\" decoding=\"async\" width=\"150\" height=\"150\" src=\"https:\/\/www.radiopiu.net\/wordpress\/wp-content\/uploads\/2025\/03\/86913bf1-cfa4-493b-8e26-1aa10ea03f0b-150x150.jpg\" class=\"attachment-thumbnail size-thumbnail\" alt=\"\" \/><\/a>\n\t\t\t\t<\/dt><\/dl><br style=\"clear: both\" \/><dl class='gallery-item'>\n\t\t\t\t<dt class='gallery-icon portrait'>\n\t\t\t\t\t<a class=\"rollover rollover-zoom dt-pswp-item\" title=\"wnEWMSHDfvy6\" data-dt-img-description=\"\" data-large_image_width=\"962\" data-large_image_height=\"1328\"href='https:\/\/www.radiopiu.net\/wordpress\/wp-content\/uploads\/2025\/03\/wnEWMSHDfvy6.jpg'><img loading=\"lazy\" decoding=\"async\" width=\"150\" height=\"150\" src=\"https:\/\/www.radiopiu.net\/wordpress\/wp-content\/uploads\/2025\/03\/wnEWMSHDfvy6-150x150.jpg\" class=\"attachment-thumbnail size-thumbnail\" alt=\"\" \/><\/a>\n\t\t\t\t<\/dt><\/dl><dl class='gallery-item'>\n\t\t\t\t<dt class='gallery-icon portrait'>\n\t\t\t\t\t<a class=\"rollover rollover-zoom dt-pswp-item\" title=\"Locandina posturale primavera 2025\" data-dt-img-description=\"\" data-large_image_width=\"1132\" data-large_image_height=\"1600\"href='https:\/\/www.radiopiu.net\/wordpress\/wp-content\/uploads\/2025\/03\/Locandina-posturale-primavera-2025.jpeg'><img loading=\"lazy\" decoding=\"async\" width=\"150\" height=\"150\" src=\"https:\/\/www.radiopiu.net\/wordpress\/wp-content\/uploads\/2025\/03\/Locandina-posturale-primavera-2025-150x150.jpeg\" class=\"attachment-thumbnail size-thumbnail\" alt=\"\" \/><\/a>\n\t\t\t\t<\/dt><\/dl><dl class='gallery-item'>\n\t\t\t\t<dt class='gallery-icon landscape'>\n\t\t\t\t\t<a class=\"rollover rollover-zoom dt-pswp-item\" title=\"Lions.A.D.1\" data-dt-img-description=\"\" data-large_image_width=\"1170\" data-large_image_height=\"759\"href='https:\/\/www.radiopiu.net\/wordpress\/wp-content\/uploads\/2025\/03\/Lions.A.D.1.jpg'><img loading=\"lazy\" decoding=\"async\" width=\"150\" height=\"150\" src=\"https:\/\/www.radiopiu.net\/wordpress\/wp-content\/uploads\/2025\/03\/Lions.A.D.1-150x150.jpg\" class=\"attachment-thumbnail size-thumbnail\" alt=\"\" \/><\/a>\n\t\t\t\t<\/dt><\/dl><dl class='gallery-item'>\n\t\t\t\t<dt class='gallery-icon portrait'>\n\t\t\t\t\t<a class=\"rollover rollover-zoom dt-pswp-item\" title=\"d1c40d7e-c6d5-42f7-ac6a-e56a05a28dcb\" data-dt-img-description=\"\" data-large_image_width=\"1131\" data-large_image_height=\"1600\"href='https:\/\/www.radiopiu.net\/wordpress\/wp-content\/uploads\/2025\/03\/d1c40d7e-c6d5-42f7-ac6a-e56a05a28dcb.jpg'><img loading=\"lazy\" decoding=\"async\" width=\"150\" height=\"150\" src=\"https:\/\/www.radiopiu.net\/wordpress\/wp-content\/uploads\/2025\/03\/d1c40d7e-c6d5-42f7-ac6a-e56a05a28dcb-150x150.jpg\" class=\"attachment-thumbnail size-thumbnail\" alt=\"\" \/><\/a>\n\t\t\t\t<\/dt><\/dl><br style=\"clear: both\" \/><dl class='gallery-item'>\n\t\t\t\t<dt class='gallery-icon portrait'>\n\t\t\t\t\t<a class=\"rollover rollover-zoom dt-pswp-item\" title=\"Unknown\" data-dt-img-description=\"\" data-large_image_width=\"1080\" data-large_image_height=\"1494\"href='https:\/\/www.radiopiu.net\/wordpress\/wp-content\/uploads\/2025\/03\/Unknown-2.jpeg'><img loading=\"lazy\" decoding=\"async\" width=\"150\" height=\"150\" src=\"https:\/\/www.radiopiu.net\/wordpress\/wp-content\/uploads\/2025\/03\/Unknown-2-150x150.jpeg\" class=\"attachment-thumbnail size-thumbnail\" alt=\"\" \/><\/a>\n\t\t\t\t<\/dt><\/dl><dl class='gallery-item'>\n\t\t\t\t<dt class='gallery-icon landscape'>\n\t\t\t\t\t<a class=\"rollover rollover-zoom dt-pswp-item\" title=\"Unknown\" data-dt-img-description=\"\" data-large_image_width=\"2048\" data-large_image_height=\"1431\"href='https:\/\/www.radiopiu.net\/wordpress\/wp-content\/uploads\/2025\/03\/Unknown-18.jpeg'><img loading=\"lazy\" decoding=\"async\" width=\"150\" height=\"150\" src=\"https:\/\/www.radiopiu.net\/wordpress\/wp-content\/uploads\/2025\/03\/Unknown-18-150x150.jpeg\" class=\"attachment-thumbnail size-thumbnail\" alt=\"\" \/><\/a>\n\t\t\t\t<\/dt><\/dl><dl class='gallery-item'>\n\t\t\t\t<dt class='gallery-icon portrait'>\n\t\t\t\t\t<a class=\"rollover rollover-zoom dt-pswp-item\" title=\"2025.03.27 Si fa presto a dire spia\" data-dt-img-description=\"\" data-large_image_width=\"1414\" data-large_image_height=\"2000\"href='https:\/\/www.radiopiu.net\/wordpress\/wp-content\/uploads\/2025\/03\/2025.03.27-Si-fa-presto-a-dire-spia.png'><img loading=\"lazy\" decoding=\"async\" width=\"150\" height=\"150\" src=\"https:\/\/www.radiopiu.net\/wordpress\/wp-content\/uploads\/2025\/03\/2025.03.27-Si-fa-presto-a-dire-spia-150x150.png\" class=\"attachment-thumbnail size-thumbnail\" alt=\"\" \/><\/a>\n\t\t\t\t<\/dt><\/dl>\n\t\t\t\t<br style='clear: both' \/>\n\t\t\t<\/div>\n\n<p>&nbsp;<\/p>\n<hr \/>\n<\/div>\n<\/div>\n<\/div>\n<\/div>\n<\/div>\n<\/div>\n<\/div>\n<\/div>\n<\/div>\n<\/div>\n<\/div>\n<\/div>\n<div class=\"articlePlainSubHead\"><\/div>\n<blockquote>\n<h1 class=\"articlePlainTitle\">Piani di Pezz\u00e8 domenica c&#8217;\u00e8 l&#8217;atteso Splash party<a class=\"dt-pswp-item\" href=\"https:\/\/www.radiopiu.net\/wordpress\/wp-content\/uploads\/2025\/03\/download-14.jpg\" data-dt-img-description=\"\" data-large_image_width=\"266\" data-large_image_height=\"190\"><img loading=\"lazy\" decoding=\"async\" class=\"size-full wp-image-441438 alignleft\" src=\"https:\/\/www.radiopiu.net\/wordpress\/wp-content\/uploads\/2025\/03\/download-14.jpg\" alt=\"\" width=\"266\" height=\"190\" \/><\/a><\/h1>\n<\/blockquote>\n<div class=\"articlePlainText\">\n<p><strong>ALLEGHE<\/strong>\u00a0 Torna domenica l&#8217;atteso evento per la chiusura della stagione invernale ai Piani di Pezz\u00e8: lo Splash party, la pazza discesa sulla neve di bolidi improvvisati che si conclude con un tuffo nella piscina allestita in fondo alla pista. Un evento ormai diventato un classico: una piscina lunga 30 metri colma di acqua gelida pronta ad accogliere temerari sciatori e creatori di mezzi autocostruiti che tenteranno l&#8217;attraversamento pi\u00f9 epico dell&#8217;anno. E come ospiti speciali ci saranno i DJs From Mars con la loro musica. La festa di Alleghe Funivie aprir\u00e0 i battenti domenica alle 9,30, quindi alle 10,30 ci sar\u00e0 l&#8217;apertura della piscina. Dalle 11 animazione con Radio Piterpan con Sister Gloria, Chiarola, Edo e Andrea Nordio. Alle 13 si scatener\u00e0 la discesa dei mezzi improvvisati, seguita dalla musica dei DJs From Mars. Premiazioni alle 17 e quindi after party con Drj e Dj Jack. L&#8217;ultima discesa della cabinovia \u00e8 alle 19. Info e prenotazioni: eventi@alleghefunivie.com.\u00a0\u2014<\/p>\n<\/div>\n<\/div>\n<\/div>\n<\/div>\n<\/div>\n<\/div>\n<\/div>\n<\/div>\n<\/div>\n<\/div>\n<hr \/>\n<p>&nbsp;<\/p>\n<p class=\"mceTemp\"><a class=\"dt-pswp-item\" href=\"https:\/\/www.radiopiu.net\/wordpress\/wp-content\/uploads\/2018\/09\/WhatsApp-Image-2018-09-20-at-16.04.06.jpeg\" data-dt-img-description=\"\" data-large_image_width=\"800\" data-large_image_height=\"100\"><img loading=\"lazy\" decoding=\"async\" class=\"wp-image-61378 size-full aligncenter\" src=\"https:\/\/www.radiopiu.net\/wordpress\/wp-content\/uploads\/2018\/09\/WhatsApp-Image-2018-09-20-at-16.04.06.jpeg\" alt=\"\" width=\"800\" height=\"100\" srcset=\"https:\/\/www.radiopiu.net\/wordpress\/wp-content\/uploads\/2018\/09\/WhatsApp-Image-2018-09-20-at-16.04.06.jpeg 800w, https:\/\/www.radiopiu.net\/wordpress\/wp-content\/uploads\/2018\/09\/WhatsApp-Image-2018-09-20-at-16.04.06-300x38.jpeg 300w, https:\/\/www.radiopiu.net\/wordpress\/wp-content\/uploads\/2018\/09\/WhatsApp-Image-2018-09-20-at-16.04.06-768x96.jpeg 768w\" sizes=\"auto, (max-width: 800px) 100vw, 800px\" \/><\/a><\/p>\n<p><center><\/center><center><\/center>&nbsp;<\/p>\n<p><center><b>OGGI<\/b><\/center>Al mattino poco nuvoloso su Dolomiti, parzialmente nuvoloso su Prealpi. Dal mezzogiorno irregolare aumento della nuvolosit\u00e0 specie su Prealpi con cielo parzialmente nuvoloso ovunque.<br \/>\n<b>Precipitazioni: <\/b>Dal mezzogiorno aumento della probabilit\u00e0 di isolati piovaschi\/rovesci su Prealpi, poco probabili su Dolomiti.<br \/>\n<b>Temperature: <\/b>Temperature senza notevoli variazioni.<\/p>\n<hr \/>\n<p><center><b>DOMANI<\/b><\/center>Tempo stabile e ben soleggiato, con cielo sereno o poco nuvoloso al pomeriggio su Prealpi per modesta attivit\u00e0 cumuliforme.<br \/>\n<b>Precipitazioni: <\/b>Assenti<br \/>\n<b>Temperature: <\/b>Contesto termico fresco in molte valli e sugli altopiani al primo mattino, mite di giorno con temperature massime in aumento.<\/p>\n<hr \/>\n<p><center><b>VENERDI<\/b><\/center>Tempo stabile con cielo sereno al mattino, nel pomeriggio poco nuvoloso per qualche velatura. Temperature massime in ulteriore lieve aumento con forte escursione termica diurna nelle valli.<\/p>\n<hr \/>\n<p><center><b>SABATO<\/b><\/center>Cielo per lo pi\u00f9 nuvoloso specie durante le ore centrali e qualche schiarita pi\u00f9 probabile verso sera. Poco probabili ma non escluse a tratti deboli precipitazioni specie sulle cime con qualche fiocco attorno a 1800\/2000 m. Temperature in calo.<\/p>\n<p>&nbsp;<\/p>\n<hr \/>\n<p>&nbsp;<\/p>\n<p class=\"mceTemp\"><a class=\"dt-pswp-item\" href=\"https:\/\/www.radiopiu.net\/wordpress\/wp-content\/uploads\/2018\/09\/sport.jpg\" data-dt-img-description=\"\" data-large_image_width=\"800\" data-large_image_height=\"100\"><img loading=\"lazy\" decoding=\"async\" class=\"aligncenter wp-image-60761 size-full\" src=\"https:\/\/www.radiopiu.net\/wordpress\/wp-content\/uploads\/2018\/09\/sport.jpg\" alt=\"\" width=\"800\" height=\"100\" srcset=\"https:\/\/www.radiopiu.net\/wordpress\/wp-content\/uploads\/2018\/09\/sport.jpg 800w, https:\/\/www.radiopiu.net\/wordpress\/wp-content\/uploads\/2018\/09\/sport-300x38.jpg 300w, https:\/\/www.radiopiu.net\/wordpress\/wp-content\/uploads\/2018\/09\/sport-768x96.jpg 768w\" sizes=\"auto, (max-width: 800px) 100vw, 800px\" \/> <\/a><\/p>\n<p class=\"mceTemp\"><span style=\"color: #0000ff;\"><strong>\u00a0 \u00a0 \u00a0 \u00a0\u00a0<\/strong><\/span><\/p>\n<p><span style=\"color: #0000ff;\"><strong>HOCKEY SU GHIACCIO<\/strong><\/span><\/p>\n<blockquote>\n<h3>IL CORTINA\/DOBBIACO UNDER 16 E&#8217; CAMPIONE D&#8217;ITALIA. A DECIDERE LA SFIDA DUE GOL DELL&#8217;AGORDINO FONTANIVE<\/h3>\n<\/blockquote>\n<p><strong><a class=\"dt-pswp-item\" href=\"https:\/\/www.radiopiu.net\/wordpress\/wp-content\/uploads\/2025\/03\/43150304-15ab-4ecf-9895-0558975c00a6.jpg\" data-dt-img-description=\"\" data-large_image_width=\"2000\" data-large_image_height=\"1500\"><img loading=\"lazy\" decoding=\"async\" class=\" wp-image-441549 alignleft\" src=\"https:\/\/www.radiopiu.net\/wordpress\/wp-content\/uploads\/2025\/03\/43150304-15ab-4ecf-9895-0558975c00a6-300x225.jpg\" alt=\"\" width=\"197\" height=\"148\" srcset=\"https:\/\/www.radiopiu.net\/wordpress\/wp-content\/uploads\/2025\/03\/43150304-15ab-4ecf-9895-0558975c00a6-300x225.jpg 300w, https:\/\/www.radiopiu.net\/wordpress\/wp-content\/uploads\/2025\/03\/43150304-15ab-4ecf-9895-0558975c00a6-1024x768.jpg 1024w, https:\/\/www.radiopiu.net\/wordpress\/wp-content\/uploads\/2025\/03\/43150304-15ab-4ecf-9895-0558975c00a6-768x576.jpg 768w, https:\/\/www.radiopiu.net\/wordpress\/wp-content\/uploads\/2025\/03\/43150304-15ab-4ecf-9895-0558975c00a6-1536x1152.jpg 1536w, https:\/\/www.radiopiu.net\/wordpress\/wp-content\/uploads\/2025\/03\/43150304-15ab-4ecf-9895-0558975c00a6.jpg 2000w\" sizes=\"auto, (max-width: 197px) 100vw, 197px\" \/><\/a>di Marco Gaz<\/strong><\/p>\n<p><span style=\"color: #ff0000;\"><strong>FINALE UNDER 16\u00a0<\/strong><\/span><\/p>\n<p><strong>ASIAGO &#8211; CORTINA\/DOBBIACO 5-7<\/strong><\/p>\n<p>GOL CORTINA\/DOBBIACO: Wierer, 2 Larese De Pasqua, 2 Alver\u00e0, 2 Fontanive<\/p>\n<p>Il Cortina\/Dobbiaco vince gara 2 della finale scudetto contro l&#8217;Asiago e diventa campione d&#8217;Italia. Grande soddisfazione per la squadra mista che nelle fila ha anche giocatori dell&#8217;Alleghe Hockey. Ed \u00e8 stato proprio un agordino a regalare lo scudetto agli scoiattoli: No\u00e8 Fontanive che ha siglato le due reti finali decisive per la vittoria. L&#8217;Asiago si porta subito in vantaggio ma Wierer pareggia i conti. Padroni di casa che tornano avanti subito dopo ma la reazione del Cortina\/Dobbiaco non si fa attendere tanto che nel giro di un minuto mette a segno tre marcature. Nel secondo tempo i vicentini sembrano avere una marcia in pi\u00f9 ribaltando il risultato. Squadra ospite che nel terzo tempo pareggia i conti con Larese De Pasqua e nei minuti finali arriva la vittoria grazie a due gol dell&#8217;alleghese No\u00e8 Fontanive.<\/p>\n<p>&nbsp;<\/p>\n<p><span style=\"color: #0000ff;\"><strong>CORSA CAMPESTRE<\/strong><\/span><\/p>\n<blockquote>\n<h3><a class=\"dt-pswp-item\" href=\"https:\/\/www.radiopiu.net\/wordpress\/wp-content\/uploads\/2025\/03\/mel_campionato_nazionale_csi-campestre_7-aprile-2018.jpg\" data-dt-img-description=\"\" data-large_image_width=\"1400\" data-large_image_height=\"932\"><img loading=\"lazy\" decoding=\"async\" class=\" wp-image-438418 alignleft\" src=\"https:\/\/www.radiopiu.net\/wordpress\/wp-content\/uploads\/2025\/03\/mel_campionato_nazionale_csi-campestre_7-aprile-2018-300x200.jpg\" alt=\"\" width=\"158\" height=\"105\" srcset=\"https:\/\/www.radiopiu.net\/wordpress\/wp-content\/uploads\/2025\/03\/mel_campionato_nazionale_csi-campestre_7-aprile-2018-300x200.jpg 300w, https:\/\/www.radiopiu.net\/wordpress\/wp-content\/uploads\/2025\/03\/mel_campionato_nazionale_csi-campestre_7-aprile-2018-1024x682.jpg 1024w, https:\/\/www.radiopiu.net\/wordpress\/wp-content\/uploads\/2025\/03\/mel_campionato_nazionale_csi-campestre_7-aprile-2018-768x511.jpg 768w, https:\/\/www.radiopiu.net\/wordpress\/wp-content\/uploads\/2025\/03\/mel_campionato_nazionale_csi-campestre_7-aprile-2018.jpg 1400w\" sizes=\"auto, (max-width: 158px) 100vw, 158px\" \/><\/a>A MEL I CAMPIONATI ITALIANI DI CORSA CAMPESTRE CSI<\/h3>\n<\/blockquote>\n<p>Venerd\u00ec alle ore 18 presso il ristorante Al\u00a0 Moro di Mel di Borgo Valbelluna , si svolger\u00e0 la presentazione del CAMPIONATO NAZIONALE DI CORSA CAMPESTRE del Centro Sportivo Italiano, evento in programma dal 4 al 6 aprile per il quale \u00e8 prevista la presenza di oltre duemila concorrenti.<\/p>\n<p>&nbsp;<\/p>\n<p>&nbsp;<\/p>\n<blockquote class=\"wp-embedded-content\" data-secret=\"TzMLpudF6N\"><p><a href=\"https:\/\/www.radiopiu.net\/wordpress\/elbalfior_seconda\/\">&#8220;EL BAL DEL FIOR&#8221;, DI GIULIANA DA RONCH SECONDA STAGIONE<\/a><\/p><\/blockquote>\n<p><iframe loading=\"lazy\" class=\"wp-embedded-content\" sandbox=\"allow-scripts\" security=\"restricted\" style=\"position: absolute; visibility: hidden;\" title=\"&#8220;&#8220;EL BAL DEL FIOR&#8221;, DI GIULIANA DA RONCH SECONDA STAGIONE&#8221; &#8212; Radio Pi\u00f9\" src=\"https:\/\/www.radiopiu.net\/wordpress\/elbalfior_seconda\/embed\/#?secret=7c82pANzv8#?secret=TzMLpudF6N\" data-secret=\"TzMLpudF6N\" width=\"600\" height=\"338\" frameborder=\"0\" marginwidth=\"0\" marginheight=\"0\" scrolling=\"no\"><\/iframe><\/p>\n<p>&nbsp;<\/p>\n<blockquote class=\"wp-embedded-content\" data-secret=\"8v5GsD1WUa\"><p><a href=\"https:\/\/www.radiopiu.net\/wordpress\/almanac1\/\">RACCOLTA ANNO 2024 N di parom &#8211; L Almanach de la nosta jent<\/a><\/p><\/blockquote>\n<p><iframe loading=\"lazy\" class=\"wp-embedded-content\" sandbox=\"allow-scripts\" security=\"restricted\" style=\"position: absolute; visibility: hidden;\" title=\"&#8220;RACCOLTA ANNO 2024 N di parom &#8211; L Almanach de la nosta jent&#8221; &#8212; Radio Pi\u00f9\" src=\"https:\/\/www.radiopiu.net\/wordpress\/almanac1\/embed\/#?secret=DvCwolxjaC#?secret=8v5GsD1WUa\" data-secret=\"8v5GsD1WUa\" width=\"600\" height=\"338\" frameborder=\"0\" marginwidth=\"0\" marginheight=\"0\" scrolling=\"no\"><\/iframe><\/p>\n<p>&nbsp;<\/p>\n<blockquote class=\"wp-embedded-content\" data-secret=\"MhZLE48cGD\"><p><a href=\"https:\/\/www.radiopiu.net\/wordpress\/raccolta-anno-2024-pirole-de-lenga-dalla-puntata-1-alla-250\/\">RACCOLTA ANNO 2024-25 PIROLE DE LENGA&#8230;DALLA PUNTATA 1<\/a><\/p><\/blockquote>\n<p><iframe loading=\"lazy\" class=\"wp-embedded-content\" sandbox=\"allow-scripts\" security=\"restricted\" style=\"position: absolute; visibility: hidden;\" title=\"&#8220;RACCOLTA ANNO 2024-25 PIROLE DE LENGA&#8230;DALLA PUNTATA 1&#8221; &#8212; Radio Pi\u00f9\" src=\"https:\/\/www.radiopiu.net\/wordpress\/raccolta-anno-2024-pirole-de-lenga-dalla-puntata-1-alla-250\/embed\/#?secret=ilGrFNCrkT#?secret=MhZLE48cGD\" data-secret=\"MhZLE48cGD\" width=\"600\" height=\"338\" frameborder=\"0\" marginwidth=\"0\" marginheight=\"0\" scrolling=\"no\"><\/iframe><\/p>\n<p>&nbsp;<\/p>\n<blockquote class=\"wp-embedded-content\" data-secret=\"Rcnu30P1Cg\"><p><a href=\"https:\/\/www.radiopiu.net\/wordpress\/lad08aaaa\/\">&#8220;NCONTONSE&#8221; IN LADINO SU RADIO PI\u00d9<\/a><\/p><\/blockquote>\n<p><iframe loading=\"lazy\" class=\"wp-embedded-content\" sandbox=\"allow-scripts\" security=\"restricted\" style=\"position: absolute; visibility: hidden;\" title=\"&#8220;&#8220;NCONTONSE&#8221; IN LADINO SU RADIO PI\u00d9&#8221; &#8212; Radio Pi\u00f9\" src=\"https:\/\/www.radiopiu.net\/wordpress\/lad08aaaa\/embed\/#?secret=4RVRugRc23#?secret=Rcnu30P1Cg\" data-secret=\"Rcnu30P1Cg\" width=\"600\" height=\"338\" frameborder=\"0\" marginwidth=\"0\" marginheight=\"0\" scrolling=\"no\"><\/iframe><\/p>\n<p>&nbsp;<\/p>\n<p>&nbsp;<\/p>\n<p>&nbsp;<\/p>\n","protected":false},"excerpt":{"rendered":"<p>****** &nbsp; &nbsp; LA\u00a0 APP PER IOS-IPHONE di Nicola Vettorello https:\/\/apps.apple.com\/it\/app\/radio-pi%C3%B9-emittente-agordina\/id1515939845 LA\u00a0 APP RADIO\u00a0 PER ANDROID di Nicola Vettorello https:\/\/play.google.com\/store\/apps\/details?id=net.radiopiu.iniko\u00a0\u00a0\u00a0\u00a0 &nbsp; &nbsp; OGGI \u00a0 \u00a009.00 liber IL PROGRAMMA DI LIANA CAVALLET (FOTO)\u00a0 10.10 NOVITA&#8217; ALLA RADIO&#8230; IL NUOVO PROGRAMMA DI MARINA DONA: SEI IN RADIO&#8230; SE.. 1030 se non la smetti ti mando dal preside,&hellip;<\/p>\n","protected":false},"author":4,"featured_media":441464,"comment_status":"closed","ping_status":"closed","sticky":false,"template":"","format":"standard","meta":{"_monsterinsights_skip_tracking":false,"_monsterinsights_sitenote_active":false,"_monsterinsights_sitenote_note":"","_monsterinsights_sitenote_category":0,"footnotes":""},"categories":[51,86,49],"tags":[],"class_list":["post-441470","post","type-post","status-publish","format-standard","has-post-thumbnail","hentry","category-evidenza-top","category-gr","category-news-18","category-51","category-86","category-49","description-off"],"img_url":"https:\/\/www.radiopiu.net\/wordpress\/wp-content\/uploads\/2025\/03\/405ca049-e17b-49b9-8a8c-e54ff8ddc8ea.jpg","_links":{"self":[{"href":"https:\/\/www.radiopiu.net\/wordpress\/wp-json\/wp\/v2\/posts\/441470","targetHints":{"allow":["GET"]}}],"collection":[{"href":"https:\/\/www.radiopiu.net\/wordpress\/wp-json\/wp\/v2\/posts"}],"about":[{"href":"https:\/\/www.radiopiu.net\/wordpress\/wp-json\/wp\/v2\/types\/post"}],"author":[{"embeddable":true,"href":"https:\/\/www.radiopiu.net\/wordpress\/wp-json\/wp\/v2\/users\/4"}],"replies":[{"embeddable":true,"href":"https:\/\/www.radiopiu.net\/wordpress\/wp-json\/wp\/v2\/comments?post=441470"}],"version-history":[{"count":48,"href":"https:\/\/www.radiopiu.net\/wordpress\/wp-json\/wp\/v2\/posts\/441470\/revisions"}],"predecessor-version":[{"id":441601,"href":"https:\/\/www.radiopiu.net\/wordpress\/wp-json\/wp\/v2\/posts\/441470\/revisions\/441601"}],"wp:featuredmedia":[{"embeddable":true,"href":"https:\/\/www.radiopiu.net\/wordpress\/wp-json\/wp\/v2\/media\/441464"}],"wp:attachment":[{"href":"https:\/\/www.radiopiu.net\/wordpress\/wp-json\/wp\/v2\/media?parent=441470"}],"wp:term":[{"taxonomy":"category","embeddable":true,"href":"https:\/\/www.radiopiu.net\/wordpress\/wp-json\/wp\/v2\/categories?post=441470"},{"taxonomy":"post_tag","embeddable":true,"href":"https:\/\/www.radiopiu.net\/wordpress\/wp-json\/wp\/v2\/tags?post=441470"}],"curies":[{"name":"wp","href":"https:\/\/api.w.org\/{rel}","templated":true}]}}