{"id":441472,"date":"2025-03-25T15:25:47","date_gmt":"2025-03-25T14:25:47","guid":{"rendered":"https:\/\/www.radiopiu.net\/wordpress\/?p=441472"},"modified":"2025-03-26T10:34:31","modified_gmt":"2025-03-26T09:34:31","slug":"milano-cortina-2026-aperta-pista-di-bob-a-cortina","status":"publish","type":"post","link":"https:\/\/www.radiopiu.net\/wordpress\/milano-cortina-2026-aperta-pista-di-bob-a-cortina\/","title":{"rendered":"MILANO-CORTINA 2026. APERTA PISTA DI BOB A CORTINA"},"content":{"rendered":"<p>*******<\/p>\n<p>&nbsp;<\/p>\n<p><strong><a class=\"dt-pswp-item\" href=\"https:\/\/www.radiopiu.net\/wordpress\/wp-content\/uploads\/2025\/03\/78719e7c-02ca-4217-bb8b-48119ac83f2a-scaled.jpg\" data-dt-img-description=\"\" data-large_image_width=\"2560\" data-large_image_height=\"1708\"><img loading=\"lazy\" decoding=\"async\" class=\" wp-image-441473 alignleft\" src=\"https:\/\/www.radiopiu.net\/wordpress\/wp-content\/uploads\/2025\/03\/78719e7c-02ca-4217-bb8b-48119ac83f2a-300x200.jpg\" alt=\"\" width=\"167\" height=\"111\" srcset=\"https:\/\/www.radiopiu.net\/wordpress\/wp-content\/uploads\/2025\/03\/78719e7c-02ca-4217-bb8b-48119ac83f2a-300x200.jpg 300w, https:\/\/www.radiopiu.net\/wordpress\/wp-content\/uploads\/2025\/03\/78719e7c-02ca-4217-bb8b-48119ac83f2a-1024x683.jpg 1024w, https:\/\/www.radiopiu.net\/wordpress\/wp-content\/uploads\/2025\/03\/78719e7c-02ca-4217-bb8b-48119ac83f2a-768x512.jpg 768w, https:\/\/www.radiopiu.net\/wordpress\/wp-content\/uploads\/2025\/03\/78719e7c-02ca-4217-bb8b-48119ac83f2a-1536x1025.jpg 1536w, https:\/\/www.radiopiu.net\/wordpress\/wp-content\/uploads\/2025\/03\/78719e7c-02ca-4217-bb8b-48119ac83f2a-2048x1366.jpg 2048w\" sizes=\"auto, (max-width: 167px) 100vw, 167px\" \/><\/a>CORTINA <\/strong>\u201cAbbiamo vinto la sfida e realizzato un pezzo di storia, recuperando un\u2019area e una pista abbandonate che erano ridotte a una sorta di discarica. La nuova Eugenio Monti non sar\u00e0 solo la pista pi\u00f9 iconica dal punto di vista sportivo con bob, skeleton e slittino. Definiamola un po\u2019 come il nostro Guggheneim Museum, perch\u00e9 qui si verr\u00e0 a vedere un\u2019opera unica dal punto di vista architettonico e ingegneristico\u201d. Lo ha detto il Presidente della Regione Veneto, Luca Zaia, salito oggi a Cortina in occasione dell\u2019apertura della pista da Bob Eugenio Monti e delle prime discese degli atleti. \u201cQuass\u00f9 abbiamo dimostrato \u2013 ha aggiunto Zaia \u2013 che la volont\u00e0 e la determinazione portano ai risultati: un\u2019opera da quasi 120 miliardi realizzata in un anno rispondendo coi fatti a chi diceva che in Italia le opere non si riescono a fare. Soprattutto \u2013 ha sottolineato \u2013 abbiamo risanato un versante di montagna devastato, un\u2019autentica discarica a cielo aperto, anche con la ripiantumazione addirittura di diecimila alberi. A suo tempo definii tutto questo \u2018un monumento alla follia\u2019 perch\u00e9 tutto il dossier nasce da una mia idea e in quel dossier volli inserire la pista da bob, dato che si tratta della pista pi\u00f9 vecchia del mondo che era tristemente abbandonata. Per me una grande soddisfazione, non lo nego. Sono partito da un\u2019idea a fronte di un sacco di scettici che dicevano che sarebbe stato un fiasco e che era una presa in giro per i cittadini. Invece a Cortina verranno in centinaia di migliaia e saremo visti sui vari canali media da almeno 3 miliardi di persone. Senza contare che sul piatto abbiamo messo anche l\u2019apertura e la chiusura delle Paralimpiadi e la Chiusura delle Olimpiadi all\u2019Arena di Verona, che sar\u00e0 anche interessata da un grande restauro. A Cortina abbiamo comunque realizzato un\u2019opera che ridona dignit\u00e0 e standing alla Regina delle Dolomiti, mentre c\u2019era chi, per il bob, pensava di farci girare per mezza Europa. Ricordo anche che il Cio ha detto che questa sar\u00e0 l\u2019ultima pista di Bob realizzata al mondo, \u201d. Sul piano economico, Zaia ha sottolineato che \u201cnon sto nemmeno a parlare del punto e mezzo di Pil che prestigiose universit\u00e0 hanno previsto. Cito l\u2019ultimo studio in ordine di tempo, quello di Banca Ifis, che indica un valore di 5 miliardi e 300 milioni. Lo stiamo capendo gi\u00e0 adesso andando per le strade, dove i cantieri pullulano e le gru svettano. In pi\u00f9, e scusate se \u00e8 poco, realizziamo un miliardo e 800 milioni di opere pubbliche che non avremmo visto nemmeno in sogno se non avessimo avuto le Olimpiadi\u201d. Il presidente della Provincia di Belluno, Roberto Padrin, ha dichiarato che per trasformare lo Sliding Center di Cortina nell&#8217;opera simbolo del successo organizzativo delle Olimpiadi, \u00e8 necessario l\u2019impegno di tutti. Durante la cerimonia di preomologazione dell\u2019impianto, ha sottolineato la qualit\u00e0 della pista, moderna e innovativa, che dopo le Olimpiadi diventer\u00e0 un punto di riferimento mondiale per le discipline del ghiaccio. Padrin ha citato Ivo Ferriani, ex bobbista, evidenziando l\u2019importanza delle persone nel rendere attrattivo l\u2019impianto. Con il contesto urbano e la storia del bob a Cortina, le premesse per il successo sono ottime, e lo sport potr\u00e0 regalare grandi emozioni e successi agli atleti italiani.<\/p>\n<p><strong>DI BARBARA PAOLAZZI<\/strong><\/p>\n<audio class=\"wp-audio-shortcode\" id=\"audio-441472-1\" preload=\"none\" style=\"width: 100%;\" controls=\"controls\"><source type=\"audio\/mpeg\" src=\"https:\/\/www.radiopiu.net\/wordpress\/wp-content\/uploads\/2025\/03\/PAOLAZZI-PISTA-BOB-CORTINA-4-MIN.mp3?_=1\" \/><a href=\"https:\/\/www.radiopiu.net\/wordpress\/wp-content\/uploads\/2025\/03\/PAOLAZZI-PISTA-BOB-CORTINA-4-MIN.mp3\">https:\/\/www.radiopiu.net\/wordpress\/wp-content\/uploads\/2025\/03\/PAOLAZZI-PISTA-BOB-CORTINA-4-MIN.mp3<\/a><\/audio>\n<p>&nbsp;<\/p>\n<p><strong>IL PASSAGGIO SULLA CURVA CRISTALLO<\/strong><\/p>\n<div style=\"width: 1200px;\" class=\"wp-video\"><video class=\"wp-video-shortcode\" id=\"video-441472-1\" width=\"1200\" height=\"675\" preload=\"metadata\" controls=\"controls\"><source type=\"video\/mp4\" src=\"https:\/\/www.radiopiu.net\/wordpress\/wp-content\/uploads\/2025\/03\/WhatsApp-Video-2025-03-25-at-20.35.58.mp4?_=1\" \/><a href=\"https:\/\/www.radiopiu.net\/wordpress\/wp-content\/uploads\/2025\/03\/WhatsApp-Video-2025-03-25-at-20.35.58.mp4\">https:\/\/www.radiopiu.net\/wordpress\/wp-content\/uploads\/2025\/03\/WhatsApp-Video-2025-03-25-at-20.35.58.mp4<\/a><\/video><\/div>\n<p>&nbsp;<\/p>\n\n\t\t\t<style type='text\/css'>\n\t\t\t\t#gallery-1 {\n\t\t\t\t\tmargin: auto;\n\t\t\t\t}\n\t\t\t\t#gallery-1 .gallery-item {\n\t\t\t\t\tfloat: left;\n\t\t\t\t\tmargin-top: 10px;\n\t\t\t\t\ttext-align: center;\n\t\t\t\t\twidth: 33%;\n\t\t\t\t}\n\t\t\t\t#gallery-1 img {\n\t\t\t\t\tborder: 2px solid #cfcfcf;\n\t\t\t\t}\n\t\t\t\t#gallery-1 .gallery-caption {\n\t\t\t\t\tmargin-left: 0;\n\t\t\t\t}\n\t\t\t\t\/* see gallery_shortcode() in wp-includes\/media.php *\/\n\t\t\t<\/style>\n\t\t<div id='gallery-1' class='dt-gallery-container gallery galleryid-441472 gallery-columns-3 gallery-size-medium'><dl class='gallery-item'>\n\t\t\t\t<dt class='gallery-icon landscape'>\n\t\t\t\t\t<a class=\"rollover rollover-zoom dt-pswp-item\" title=\"7e73af66-eb16-4e2a-af27-8641a52643ca\" data-dt-img-description=\"\" data-large_image_width=\"1600\" data-large_image_height=\"1198\"href='https:\/\/www.radiopiu.net\/wordpress\/wp-content\/uploads\/2025\/03\/7e73af66-eb16-4e2a-af27-8641a52643ca.jpg'><img loading=\"lazy\" decoding=\"async\" width=\"300\" height=\"225\" src=\"https:\/\/www.radiopiu.net\/wordpress\/wp-content\/uploads\/2025\/03\/7e73af66-eb16-4e2a-af27-8641a52643ca-300x225.jpg\" class=\"attachment-medium size-medium\" alt=\"\" srcset=\"https:\/\/www.radiopiu.net\/wordpress\/wp-content\/uploads\/2025\/03\/7e73af66-eb16-4e2a-af27-8641a52643ca-300x225.jpg 300w, https:\/\/www.radiopiu.net\/wordpress\/wp-content\/uploads\/2025\/03\/7e73af66-eb16-4e2a-af27-8641a52643ca-1024x767.jpg 1024w, https:\/\/www.radiopiu.net\/wordpress\/wp-content\/uploads\/2025\/03\/7e73af66-eb16-4e2a-af27-8641a52643ca-768x575.jpg 768w, https:\/\/www.radiopiu.net\/wordpress\/wp-content\/uploads\/2025\/03\/7e73af66-eb16-4e2a-af27-8641a52643ca-1536x1150.jpg 1536w, https:\/\/www.radiopiu.net\/wordpress\/wp-content\/uploads\/2025\/03\/7e73af66-eb16-4e2a-af27-8641a52643ca.jpg 1600w\" sizes=\"auto, (max-width: 300px) 100vw, 300px\" \/><\/a>\n\t\t\t\t<\/dt><\/dl><dl class='gallery-item'>\n\t\t\t\t<dt class='gallery-icon landscape'>\n\t\t\t\t\t<a class=\"rollover rollover-zoom dt-pswp-item\" title=\"e2cd1746-470a-4171-8f02-0377dcf97b6a\" data-dt-img-description=\"\" data-large_image_width=\"1600\" data-large_image_height=\"897\"href='https:\/\/www.radiopiu.net\/wordpress\/wp-content\/uploads\/2025\/03\/e2cd1746-470a-4171-8f02-0377dcf97b6a.jpg'><img loading=\"lazy\" decoding=\"async\" width=\"300\" height=\"168\" src=\"https:\/\/www.radiopiu.net\/wordpress\/wp-content\/uploads\/2025\/03\/e2cd1746-470a-4171-8f02-0377dcf97b6a-300x168.jpg\" class=\"attachment-medium size-medium\" alt=\"\" srcset=\"https:\/\/www.radiopiu.net\/wordpress\/wp-content\/uploads\/2025\/03\/e2cd1746-470a-4171-8f02-0377dcf97b6a-300x168.jpg 300w, https:\/\/www.radiopiu.net\/wordpress\/wp-content\/uploads\/2025\/03\/e2cd1746-470a-4171-8f02-0377dcf97b6a-1024x574.jpg 1024w, https:\/\/www.radiopiu.net\/wordpress\/wp-content\/uploads\/2025\/03\/e2cd1746-470a-4171-8f02-0377dcf97b6a-768x431.jpg 768w, https:\/\/www.radiopiu.net\/wordpress\/wp-content\/uploads\/2025\/03\/e2cd1746-470a-4171-8f02-0377dcf97b6a-1536x861.jpg 1536w, https:\/\/www.radiopiu.net\/wordpress\/wp-content\/uploads\/2025\/03\/e2cd1746-470a-4171-8f02-0377dcf97b6a.jpg 1600w\" sizes=\"auto, (max-width: 300px) 100vw, 300px\" \/><\/a>\n\t\t\t\t<\/dt><\/dl><dl class='gallery-item'>\n\t\t\t\t<dt class='gallery-icon landscape'>\n\t\t\t\t\t<a class=\"rollover rollover-zoom dt-pswp-item\" title=\"3a015f02-4b86-428d-91da-7efde6471112\" data-dt-img-description=\"\" data-large_image_width=\"1600\" data-large_image_height=\"897\"href='https:\/\/www.radiopiu.net\/wordpress\/wp-content\/uploads\/2025\/03\/3a015f02-4b86-428d-91da-7efde6471112.jpg'><img loading=\"lazy\" decoding=\"async\" width=\"300\" height=\"168\" src=\"https:\/\/www.radiopiu.net\/wordpress\/wp-content\/uploads\/2025\/03\/3a015f02-4b86-428d-91da-7efde6471112-300x168.jpg\" class=\"attachment-medium size-medium\" alt=\"\" srcset=\"https:\/\/www.radiopiu.net\/wordpress\/wp-content\/uploads\/2025\/03\/3a015f02-4b86-428d-91da-7efde6471112-300x168.jpg 300w, https:\/\/www.radiopiu.net\/wordpress\/wp-content\/uploads\/2025\/03\/3a015f02-4b86-428d-91da-7efde6471112-1024x574.jpg 1024w, https:\/\/www.radiopiu.net\/wordpress\/wp-content\/uploads\/2025\/03\/3a015f02-4b86-428d-91da-7efde6471112-768x431.jpg 768w, https:\/\/www.radiopiu.net\/wordpress\/wp-content\/uploads\/2025\/03\/3a015f02-4b86-428d-91da-7efde6471112-1536x861.jpg 1536w, https:\/\/www.radiopiu.net\/wordpress\/wp-content\/uploads\/2025\/03\/3a015f02-4b86-428d-91da-7efde6471112.jpg 1600w\" sizes=\"auto, (max-width: 300px) 100vw, 300px\" \/><\/a>\n\t\t\t\t<\/dt><\/dl><br style=\"clear: both\" \/>\n\t\t\t<\/div>\n\n<p>&nbsp;<\/p>\n<p>&nbsp;<\/p>\n<p>**********<\/p>\n","protected":false},"excerpt":{"rendered":"<p>******* &nbsp; CORTINA \u201cAbbiamo vinto la sfida e realizzato un pezzo di storia, recuperando un\u2019area e una pista abbandonate che erano ridotte a una sorta di discarica. La nuova Eugenio Monti non sar\u00e0 solo la pista pi\u00f9 iconica dal punto di vista sportivo con bob, skeleton e slittino. Definiamola un po\u2019 come il nostro Guggheneim&hellip;<\/p>\n","protected":false},"author":4,"featured_media":441473,"comment_status":"closed","ping_status":"closed","sticky":false,"template":"","format":"standard","meta":{"_monsterinsights_skip_tracking":false,"_monsterinsights_sitenote_active":false,"_monsterinsights_sitenote_note":"","_monsterinsights_sitenote_category":0,"footnotes":""},"categories":[51,49],"tags":[],"class_list":["post-441472","post","type-post","status-publish","format-standard","has-post-thumbnail","hentry","category-evidenza-top","category-news-18","category-51","category-49","description-off"],"img_url":"https:\/\/www.radiopiu.net\/wordpress\/wp-content\/uploads\/2025\/03\/78719e7c-02ca-4217-bb8b-48119ac83f2a-scaled.jpg","_links":{"self":[{"href":"https:\/\/www.radiopiu.net\/wordpress\/wp-json\/wp\/v2\/posts\/441472","targetHints":{"allow":["GET"]}}],"collection":[{"href":"https:\/\/www.radiopiu.net\/wordpress\/wp-json\/wp\/v2\/posts"}],"about":[{"href":"https:\/\/www.radiopiu.net\/wordpress\/wp-json\/wp\/v2\/types\/post"}],"author":[{"embeddable":true,"href":"https:\/\/www.radiopiu.net\/wordpress\/wp-json\/wp\/v2\/users\/4"}],"replies":[{"embeddable":true,"href":"https:\/\/www.radiopiu.net\/wordpress\/wp-json\/wp\/v2\/comments?post=441472"}],"version-history":[{"count":3,"href":"https:\/\/www.radiopiu.net\/wordpress\/wp-json\/wp\/v2\/posts\/441472\/revisions"}],"predecessor-version":[{"id":441547,"href":"https:\/\/www.radiopiu.net\/wordpress\/wp-json\/wp\/v2\/posts\/441472\/revisions\/441547"}],"wp:featuredmedia":[{"embeddable":true,"href":"https:\/\/www.radiopiu.net\/wordpress\/wp-json\/wp\/v2\/media\/441473"}],"wp:attachment":[{"href":"https:\/\/www.radiopiu.net\/wordpress\/wp-json\/wp\/v2\/media?parent=441472"}],"wp:term":[{"taxonomy":"category","embeddable":true,"href":"https:\/\/www.radiopiu.net\/wordpress\/wp-json\/wp\/v2\/categories?post=441472"},{"taxonomy":"post_tag","embeddable":true,"href":"https:\/\/www.radiopiu.net\/wordpress\/wp-json\/wp\/v2\/tags?post=441472"}],"curies":[{"name":"wp","href":"https:\/\/api.w.org\/{rel}","templated":true}]}}