{"id":441580,"date":"2025-03-27T05:44:43","date_gmt":"2025-03-27T04:44:43","guid":{"rendered":"https:\/\/www.radiopiu.net\/wordpress\/?p=441580"},"modified":"2025-03-27T07:55:56","modified_gmt":"2025-03-27T06:55:56","slug":"giornale-radiopiu-27-marzo-2025-direttore-mirko-mezzacasa","status":"publish","type":"post","link":"https:\/\/www.radiopiu.net\/wordpress\/giornale-radiopiu-27-marzo-2025-direttore-mirko-mezzacasa\/","title":{"rendered":"GIORNALE RADIOPIU 27 MARZO 2025 DIRETTORE MIRKO MEZZACASA"},"content":{"rendered":"<p>******<\/p>\n<p>&nbsp;<\/p>\n<p>&nbsp;<\/p>\n<p><em><span style=\"color: #ff0000;\"><a class=\"dt-pswp-item\" href=\"https:\/\/www.radiopiu.net\/wordpress\/wp-content\/uploads\/2024\/10\/Senza-nome-8.png\" data-dt-img-description=\"\" data-large_image_width=\"343\" data-large_image_height=\"303\"><img loading=\"lazy\" decoding=\"async\" class=\"wp-image-412130 alignleft\" src=\"https:\/\/www.radiopiu.net\/wordpress\/wp-content\/uploads\/2024\/10\/Senza-nome-8-300x265.png\" alt=\"\" width=\"105\" height=\"93\" srcset=\"https:\/\/www.radiopiu.net\/wordpress\/wp-content\/uploads\/2024\/10\/Senza-nome-8-300x265.png 300w, https:\/\/www.radiopiu.net\/wordpress\/wp-content\/uploads\/2024\/10\/Senza-nome-8.png 343w\" sizes=\"auto, (max-width: 105px) 100vw, 105px\" \/><\/a><\/span><\/em><strong><em><span style=\"color: #ff0000;\"> LA\u00a0 APP PER IOS-IPHONE di Nicola Vettorello<\/span><\/em><\/strong><\/p>\n<p><strong><span style=\"color: #0000ff;\"><a style=\"color: #0000ff;\" href=\"https:\/\/apps.apple.com\/it\/app\/radio-pi%C3%B9-emittente-agordina\/id1515939845\">https:\/\/apps.apple.com\/it\/app\/radio-pi%C3%B9-emittente-agordina\/id1515939845<\/a><\/span><\/strong><\/p>\n<p><strong><em style=\"color: #ff0000;\">LA\u00a0 APP RADIO\u00a0 PER ANDROID di Nicola Vettorello<\/em><\/strong><\/p>\n<p><strong><span style=\"color: #0000ff;\"><a style=\"color: #0000ff;\" href=\"https:\/\/play.google.com\/store\/apps\/details?id=net.radiopiu.iniko\" target=\"_blank\" rel=\"noopener noreferrer\">https:\/\/<\/a><a style=\"color: #0000ff;\" href=\"https:\/\/play.google.com\/store\/apps\/details?id=net.radiopiu.iniko\" target=\"_blank\" rel=\"noopener noreferrer\">play.google.com\/store\/apps\/details?id=net.radiopiu.iniko\u00a0\u00a0\u00a0\u00a0<\/a><\/span><\/strong><\/p>\n<h1 style=\"text-align: center;\"><\/h1>\n<p>&nbsp;<\/p>\n<hr \/>\n<p>&nbsp;<\/p>\n<p><span style=\"color: #0000ff;\"><strong><a class=\"dt-pswp-item\" href=\"https:\/\/www.radiopiu.net\/wordpress\/wp-content\/uploads\/2025\/03\/f482672e-38b6-4eee-a69b-b6a70eea5486.jpg\" data-dt-img-description=\"\" data-large_image_width=\"1224\" data-large_image_height=\"1202\"><img loading=\"lazy\" decoding=\"async\" class=\"wp-image-441723 alignleft\" src=\"https:\/\/www.radiopiu.net\/wordpress\/wp-content\/uploads\/2025\/03\/f482672e-38b6-4eee-a69b-b6a70eea5486-300x295.jpg\" alt=\"\" width=\"158\" height=\"155\" srcset=\"https:\/\/www.radiopiu.net\/wordpress\/wp-content\/uploads\/2025\/03\/f482672e-38b6-4eee-a69b-b6a70eea5486-300x295.jpg 300w, https:\/\/www.radiopiu.net\/wordpress\/wp-content\/uploads\/2025\/03\/f482672e-38b6-4eee-a69b-b6a70eea5486-1024x1006.jpg 1024w, https:\/\/www.radiopiu.net\/wordpress\/wp-content\/uploads\/2025\/03\/f482672e-38b6-4eee-a69b-b6a70eea5486-768x754.jpg 768w, https:\/\/www.radiopiu.net\/wordpress\/wp-content\/uploads\/2025\/03\/f482672e-38b6-4eee-a69b-b6a70eea5486.jpg 1224w\" sizes=\"auto, (max-width: 158px) 100vw, 158px\" \/><\/a>OGGI <\/strong>\u00a0 \u00a0<\/span>\u00a0 <strong>ALLE 8<\/strong> LA RASSEGNA STAMPA LOCALE, LA STORICA, DAL 1983 DI MIRKO MEZZACASA, <strong>ALLE 10.10<\/strong> SEI IN RADIO SE&#8230;. CURIOSITA&#8217; DAI GRUPPI FACEBOOK, DI MARINA DONA&#8217; <strong>10.30<\/strong> SPECIALE HOCKEY CANALE D&#8217;AGORDO CONE EMIL MANFREDIU E ANGELO RAMAZZINA <strong>11.20<\/strong> LE SELEZIONI DI MORENO TOCCHETTO <strong>12.00<\/strong> LISCIO NON TI LASCIO <strong>13.10<\/strong> IL PUNTO IN COMUNE\u00a0 <strong>15.10<\/strong> ANTONIO FIABANE e MARINA DONA&#8217; ,\u00a0 LA SECONDA PUNTATA DI &#8220;UEB&#8221; QUELLO CHE CI ARRIVA DALLA RETE<strong> 16.45 LE HIT E LA STORIA DELLA MUSICA DI MIRCO BENCIVENNI <\/strong>\u00a0<strong>18<\/strong><b>.45 <\/b>APERTITIVO CON DJ JACK<\/p>\n<p>LA MUSICA COUNTRY, DA 42 ANNI&#8230; DALLO STESSO MICROFONO, QUELLO DI ALEX NASCINBEN. SU RADIOPIU IL GIOVEDI E IL MARTEDI ALLE 9.00<\/p>\n<p><strong>ELIA&#8230; LA NUOVA VOCE&#8230; NON PERDERTI IL PROGRAMMA DI OGGI ALLE 11 E ALLE 22&#8230;\u00a0 LO SHOW ALLA RADIO&#8230; CON UN GIOCO DA SELEZIONARE<\/strong><\/p>\n<p>&nbsp;<\/p>\n<hr \/>\n<p>&nbsp;<\/p>\n<p>&nbsp;<\/p>\n<div class=\"x11i5rnm xat24cr x1mh8g0r x1vvkbs xtlvy1s x126k92a\">\n<div dir=\"auto\">\n<div dir=\"auto\">\n<p><strong><a class=\"dt-pswp-item\" href=\"https:\/\/www.radiopiu.net\/wordpress\/wp-content\/uploads\/2024\/02\/2d44e751-d8a8-461b-8e22-d8e4e853b032.jpg\" data-dt-img-description=\"\" data-large_image_width=\"1600\" data-large_image_height=\"1200\"><img loading=\"lazy\" decoding=\"async\" class=\"wp-image-373307 alignleft\" src=\"https:\/\/www.radiopiu.net\/wordpress\/wp-content\/uploads\/2024\/02\/2d44e751-d8a8-461b-8e22-d8e4e853b032-300x225.jpg\" alt=\"\" width=\"105\" height=\"79\" srcset=\"https:\/\/www.radiopiu.net\/wordpress\/wp-content\/uploads\/2024\/02\/2d44e751-d8a8-461b-8e22-d8e4e853b032-300x225.jpg 300w, https:\/\/www.radiopiu.net\/wordpress\/wp-content\/uploads\/2024\/02\/2d44e751-d8a8-461b-8e22-d8e4e853b032-1024x768.jpg 1024w, https:\/\/www.radiopiu.net\/wordpress\/wp-content\/uploads\/2024\/02\/2d44e751-d8a8-461b-8e22-d8e4e853b032-768x576.jpg 768w, https:\/\/www.radiopiu.net\/wordpress\/wp-content\/uploads\/2024\/02\/2d44e751-d8a8-461b-8e22-d8e4e853b032-1536x1152.jpg 1536w, https:\/\/www.radiopiu.net\/wordpress\/wp-content\/uploads\/2024\/02\/2d44e751-d8a8-461b-8e22-d8e4e853b032.jpg 1600w\" sizes=\"auto, (max-width: 105px) 100vw, 105px\" \/><\/a>EL BAL DEL FIOR, DI GIULIANA DA RONCH, 27 MARZO<\/strong><strong> 2025<\/strong><\/p>\n<\/div>\n<p>&nbsp;<\/p>\n<audio class=\"wp-audio-shortcode\" id=\"audio-441580-1\" preload=\"none\" style=\"width: 100%;\" controls=\"controls\"><source type=\"audio\/mpeg\" src=\"https:\/\/www.radiopiu.net\/wordpress\/wp-content\/uploads\/2025\/03\/GGI-3.mp3?_=1\" \/><a href=\"https:\/\/www.radiopiu.net\/wordpress\/wp-content\/uploads\/2025\/03\/GGI-3.mp3\">https:\/\/www.radiopiu.net\/wordpress\/wp-content\/uploads\/2025\/03\/GGI-3.mp3<\/a><\/audio>\n<div dir=\"auto\">\n<p>&nbsp;<\/p>\n<hr \/>\n<p>&nbsp;<\/p>\n<p>&nbsp;<\/p>\n<\/div>\n<\/div>\n<\/div>\n<div class=\"x11i5rnm xat24cr x1mh8g0r x1vvkbs xtlvy1s x126k92a\">\n<blockquote>\n<h1><strong><a class=\"dt-pswp-item\" href=\"https:\/\/www.radiopiu.net\/wordpress\/wp-content\/uploads\/2024\/10\/629301fd-708d-4f53-95c2-d28cbefd500f.jpg\" data-dt-img-description=\"\" data-large_image_width=\"1600\" data-large_image_height=\"1322\"><img loading=\"lazy\" decoding=\"async\" class=\"wp-image-413782 alignright\" src=\"https:\/\/www.radiopiu.net\/wordpress\/wp-content\/uploads\/2024\/10\/629301fd-708d-4f53-95c2-d28cbefd500f-300x248.jpg\" alt=\"\" width=\"106\" height=\"88\" srcset=\"https:\/\/www.radiopiu.net\/wordpress\/wp-content\/uploads\/2024\/10\/629301fd-708d-4f53-95c2-d28cbefd500f-300x248.jpg 300w, https:\/\/www.radiopiu.net\/wordpress\/wp-content\/uploads\/2024\/10\/629301fd-708d-4f53-95c2-d28cbefd500f-1024x846.jpg 1024w, https:\/\/www.radiopiu.net\/wordpress\/wp-content\/uploads\/2024\/10\/629301fd-708d-4f53-95c2-d28cbefd500f-768x635.jpg 768w, https:\/\/www.radiopiu.net\/wordpress\/wp-content\/uploads\/2024\/10\/629301fd-708d-4f53-95c2-d28cbefd500f-1536x1269.jpg 1536w, https:\/\/www.radiopiu.net\/wordpress\/wp-content\/uploads\/2024\/10\/629301fd-708d-4f53-95c2-d28cbefd500f.jpg 1600w\" sizes=\"auto, (max-width: 106px) 100vw, 106px\" \/><\/a><\/strong><\/h1>\n<h1><strong><a class=\"dt-pswp-item\" href=\"https:\/\/www.radiopiu.net\/wordpress\/wp-content\/uploads\/2024\/11\/th-18.jpg\" data-dt-img-description=\"\" data-large_image_width=\"156\" data-large_image_height=\"180\"><img loading=\"lazy\" decoding=\"async\" class=\"size-full wp-image-421611 alignleft\" src=\"https:\/\/www.radiopiu.net\/wordpress\/wp-content\/uploads\/2024\/11\/th-18.jpg\" alt=\"\" width=\"156\" height=\"180\" \/><\/a><\/strong><\/h1>\n<h1><strong>N di parom &#8211; L Almanach de la nosta jent<\/strong><\/h1>\n<\/blockquote>\n<p>&nbsp;<\/p>\n<p>Le voci: Davide Conedera, Agordo, Michela Dell&#8217;Osbel, La Valle Agordina Simone Ganz, Falcade Veronica Lezuo, Colle Santa Lucia. La voce nella sigla \u00e8 di Giorgia Taio<\/p>\n<p><strong>LA PUNTATA DI OGGI, 27 MARZO 2025<\/strong><\/p>\n<audio class=\"wp-audio-shortcode\" id=\"audio-441580-2\" preload=\"none\" style=\"width: 100%;\" controls=\"controls\"><source type=\"audio\/mpeg\" src=\"https:\/\/www.radiopiu.net\/wordpress\/wp-content\/uploads\/2025\/03\/AL4-3.mp3?_=2\" \/><a href=\"https:\/\/www.radiopiu.net\/wordpress\/wp-content\/uploads\/2025\/03\/AL4-3.mp3\">https:\/\/www.radiopiu.net\/wordpress\/wp-content\/uploads\/2025\/03\/AL4-3.mp3<\/a><\/audio>\n<p>&nbsp;<\/p>\n<\/div>\n<div class=\"x11i5rnm xat24cr x1mh8g0r x1vvkbs xtlvy1s x126k92a\">\n<div dir=\"auto\">\n<hr \/>\n<\/div>\n<\/div>\n<blockquote>\n<blockquote>\n<h1><span style=\"color: #ff0000;\">\u00a0<\/span><\/h1>\n<h1><span style=\"color: #ff0000;\">I podcast informativi del mattino &#8211; audio &#8211;\u00a0\u00a0<\/span><\/h1>\n<\/blockquote>\n<p><strong><a class=\"dt-pswp-item\" href=\"https:\/\/www.radiopiu.net\/wordpress\/wp-content\/uploads\/2024\/11\/6.jpg\" data-dt-img-description=\"\" data-large_image_width=\"177\" data-large_image_height=\"180\"><img loading=\"lazy\" decoding=\"async\" class=\"size-full wp-image-417911 alignleft\" src=\"https:\/\/www.radiopiu.net\/wordpress\/wp-content\/uploads\/2024\/11\/6.jpg\" alt=\"\" width=\"177\" height=\"180\" \/><\/a>LA RASSEGNA STAMPA NAZIONALE ALLA RADIO, OGNI GIORNO ALLE 5 E ALLE 6 DEL MATTINO <span style=\"color: #0000ff;\">viene pubblicata alle 6.00 <span style=\"color: #ff0000;\">DIRETTA RADIO\u00a0 \u00a0\u00a0<\/span><\/span><\/strong><\/p><\/blockquote>\n<p>&nbsp;<\/p>\n<p><strong>NOTIZIE DELLA NOTTE<\/strong><\/p>\n<p><strong>Borsa:<\/strong> Hong Kong positiva, apre a +0,37%<br \/>\n<strong>Ucraina<\/strong>, Seul: da Pyongyang 3.000 soldati in Russia nel 2025<br \/>\n<strong>Borsa:<\/strong> Tokyo, apertura in calo (-0,81%)<\/p>\n<p><strong>Macron<\/strong>\u00a0&#8216;Russia mostra volont\u00e0 di continuare aggressione&#8217; Conferenza stampa al fianco di Zelensky all&#8217;Eliseo<\/p>\n<p><strong>Trump annuncia i<\/strong>l 25% dei dazi sulle auto importate, i dazi sull&#8217;auto entreranno in vigore il 2 aprile <strong>Premier canadese<\/strong>, &#8216;dazi Usa sulle auto un attacco diretto&#8217; <strong>Von der Leyen,<\/strong> profondo rammarico per i dazi Usa alle auto<\/p>\n<h1>AUDIO dalle 6 del mattino<\/h1>\n<audio class=\"wp-audio-shortcode\" id=\"audio-441580-3\" preload=\"none\" style=\"width: 100%;\" controls=\"controls\"><source type=\"audio\/mpeg\" src=\"https:\/\/www.radiopiu.net\/wordpress\/wp-content\/uploads\/2025\/03\/GIORNALEDELLESEI-20.mp3?_=3\" \/><a href=\"https:\/\/www.radiopiu.net\/wordpress\/wp-content\/uploads\/2025\/03\/GIORNALEDELLESEI-20.mp3\">https:\/\/www.radiopiu.net\/wordpress\/wp-content\/uploads\/2025\/03\/GIORNALEDELLESEI-20.mp3<\/a><\/audio>\n<p>&nbsp;<\/p>\n<p>&nbsp;<\/p>\n<hr \/>\n<p>&nbsp;<\/p>\n<h1 style=\"text-align: center;\"><span style=\"color: #ff0000;\"><a class=\"dt-pswp-item\" href=\"https:\/\/www.radiopiu.net\/wordpress\/wp-content\/uploads\/2024\/11\/7.jpg\" data-dt-img-description=\"\" data-large_image_width=\"180\" data-large_image_height=\"180\"><img loading=\"lazy\" decoding=\"async\" class=\"size-full wp-image-417912 alignleft\" src=\"https:\/\/www.radiopiu.net\/wordpress\/wp-content\/uploads\/2024\/11\/7.jpg\" alt=\"\" width=\"180\" height=\"180\" srcset=\"https:\/\/www.radiopiu.net\/wordpress\/wp-content\/uploads\/2024\/11\/7.jpg 180w, https:\/\/www.radiopiu.net\/wordpress\/wp-content\/uploads\/2024\/11\/7-150x150.jpg 150w\" sizes=\"auto, (max-width: 180px) 100vw, 180px\" \/><\/a>I podcast informativi del mattino &#8211; audio &#8211;\u00a0<\/span><\/h1>\n<p><strong>OGNI GIORNO ALLE SETTE DEL MATTINO, LA RASSEGNA STAMPA LOCALE FLASH&#8230; PER CHI VA IN FRETTA. I TITOLI DAI GIORNALI E DAL SITO WWW.RADIOPIU.NET <span style=\"color: #0000ff;\">viene pubblicato alle 7.00<\/span> <span style=\"color: #ff0000;\">DIRETTA RADIO\u00a0<\/span><\/strong><\/p>\n<p><em><span style=\"color: #ff0000;\">per chi va in fretta&#8230; tante notizie in pochi minuti. L&#8217;informazione locale alla radio, ogni ora dalle 7 del mattino alle 19 della sera.\u00a0<\/span><\/em><\/p>\n<div class=\"flex flex-1 grow basis-auto flex-col overflow-hidden\">\n<div class=\"relative h-full\">\n<div class=\"flex h-full flex-col overflow-y-auto [scrollbar-gutter:stable]\">\n<div class=\"mt-1.5 flex flex-col text-sm @thread-xl\/thread:pt-header-height md:pb-9\">\n<article class=\"group\/turn w-full text-token-text-primary focus-visible:outline-none\" dir=\"auto\" tabindex=\"-1\" data-testid=\"conversation-turn-2\" data-scroll-anchor=\"true\">\n<div class=\"text-base my-auto mx-auto py-5 px-6\">\n<div class=\"mx-auto flex flex-1 text-base gap-4 md:gap-5 lg:gap-6 md:max-w-3xl\">\n<div class=\"group\/conversation-turn relative flex w-full min-w-0 flex-col agent-turn @xs\/thread:px-0 @sm\/thread:px-1.5 @md\/thread:px-4\">\n<div class=\"relative flex-col gap-1 md:gap-3\">\n<div class=\"flex max-w-full flex-col flex-grow\">\n<div class=\"min-h-8 text-message relative flex w-full flex-col items-end gap-2 whitespace-normal break-words text-start [.text-message+&amp;]:mt-5\" dir=\"auto\" data-message-author-role=\"assistant\" data-message-id=\"bff05fc0-dc7c-4ab7-9b20-d3eec753127b\" data-message-model-slug=\"gpt-4o-mini\">\n<div class=\"flex w-full flex-col gap-1 empty:hidden first:pt-[3px]\">\n<div class=\"markdown prose w-full break-words dark:prose-invert dark\">\n<p class=\"\" data-start=\"0\" data-end=\"62\"><strong data-start=\"0\" data-end=\"62\">Notizie locali dal Bellunese: tra cronaca, eventi e novit\u00e0<\/strong><\/p>\n<blockquote>\n<h1><span style=\"color: #ff0000;\">AGGIORNAMENTO OGNI GIORNO ALLE 8.05\u00a0<\/span><\/h1>\n<\/blockquote>\n<div class=\"flex flex-1 grow basis-auto flex-col overflow-hidden\">\n<div class=\"relative h-full\">\n<div class=\"flex h-full flex-col overflow-y-auto [scrollbar-gutter:stable]\">\n<div class=\"mt-1.5 flex flex-col text-sm @thread-xl\/thread:pt-header-height md:pb-9\">\n<article class=\"group\/turn w-full text-token-text-primary focus-visible:outline-2 focus-visible:outline-offset-[-4px]\" dir=\"auto\" tabindex=\"-1\" data-testid=\"conversation-turn-24\" data-scroll-anchor=\"true\">\n<div class=\"text-base my-auto mx-auto py-[18px] px-6\">\n<div class=\"mx-auto flex flex-1 text-base gap-4 md:gap-5 lg:gap-6 md:max-w-3xl\">\n<div class=\"group\/conversation-turn relative flex w-full min-w-0 flex-col agent-turn @xs\/thread:px-0 @sm\/thread:px-1.5 @md\/thread:px-4\"><\/div>\n<\/div>\n<\/div>\n<\/article>\n<\/div>\n<\/div>\n<\/div>\n<\/div>\n<p><strong>LUTTI NEL BELLUNESE<\/strong><\/p>\n<ul data-spread=\"false\">\n<li><strong>Feltre piange Chiara Mammani,<\/strong> 50 anni, direttore di gara internazionale di ciclismo.<\/li>\n<li><strong>Alpago saluta Stefano Risini,<\/strong> 59 anni, congegnatore meccanico.<\/li>\n<li><strong>Feltre ricorda don Enrico Zasio,<\/strong> per trent\u2019anni cappellano dell\u2019ospedale, scomparso a 94 anni.<\/li>\n<\/ul>\n<p><strong>CURIOSIT\u00c0 E EVENTI<\/strong><\/p>\n<ul data-spread=\"false\">\n<li><strong>Scuola media di Agordo:<\/strong> proposta di nuovo orario, i genitori protestano.<\/li>\n<li><strong>Cortina:<\/strong> Presentata l\u2019assistenza sanitaria per le Olimpiadi e Paralimpiadi.<\/li>\n<li><strong>Belluno:<\/strong> Accordo tra Parco Dolomiti Bellunesi e Carabinieri Forestali per la tutela della biodiversit\u00e0.<\/li>\n<li><strong>Longarone:<\/strong> La Femca Cisl si conferma primo sindacato alla Th\u00e9lios.<\/li>\n<li><strong>Feltre:<\/strong> Un incontro per affrontare l\u2019emergenza abitativa.<\/li>\n<li><strong>Agrimont:<\/strong> Chiude con 24.000 visitatori, in crescita del 4%.<\/li>\n<li><strong>Alpago:<\/strong> Celebrata la giornata dei nuovi nati con 30 attestati.<\/li>\n<li><strong>Bribano:<\/strong> Premio alla scuola dell\u2019infanzia per la valorizzazione del patrimonio culturale veneto.<\/li>\n<li><strong>Cencenighe:<\/strong> Torna l\u2019evento linguistico &#8220;Da onde vers onde&#8221;. Domani primo appuntamento<\/li>\n<\/ul>\n<\/div>\n<\/div>\n<\/div>\n<\/div>\n<\/div>\n<\/div>\n<\/div>\n<\/div>\n<\/article>\n<\/div>\n<\/div>\n<\/div>\n<\/div>\n<h1>AUDIO dalle 7 del mattino<\/h1>\n<audio class=\"wp-audio-shortcode\" id=\"audio-441580-4\" preload=\"none\" style=\"width: 100%;\" controls=\"controls\"><source type=\"audio\/mpeg\" src=\"https:\/\/www.radiopiu.net\/wordpress\/wp-content\/uploads\/2025\/03\/GF07-22.mp3?_=4\" \/><a href=\"https:\/\/www.radiopiu.net\/wordpress\/wp-content\/uploads\/2025\/03\/GF07-22.mp3\">https:\/\/www.radiopiu.net\/wordpress\/wp-content\/uploads\/2025\/03\/GF07-22.mp3<\/a><\/audio>\n<p>&nbsp;<\/p>\n<p>&nbsp;<\/p>\n<hr \/>\n<p>&nbsp;<\/p>\n<h1><\/h1>\n<h1 style=\"text-align: center;\"><span style=\"color: #ff0000;\"><a class=\"dt-pswp-item\" href=\"https:\/\/www.radiopiu.net\/wordpress\/wp-content\/uploads\/2024\/11\/th.jpg\" data-dt-img-description=\"\" data-large_image_width=\"148\" data-large_image_height=\"179\"><img loading=\"lazy\" decoding=\"async\" class=\"size-full wp-image-417913 alignleft\" src=\"https:\/\/www.radiopiu.net\/wordpress\/wp-content\/uploads\/2024\/11\/th.jpg\" alt=\"\" width=\"148\" height=\"179\" \/><\/a>I podcast informativi del mattino &#8211; audio &#8211;\u00a0<\/span><\/h1>\n<blockquote><p><strong>GIORNALE RADIO NAZIONALE, EDIZIONE DELLE SETTE <span style=\"color: #0000ff;\">viene pubblicato alle 7.05 <span style=\"color: #ff0000;\">DIRETTA RADIO\u00a0<\/span><\/span><\/strong><\/p><\/blockquote>\n<p><strong>il giornale radionazionale e&#8217; in onda ogni ora, dalle sette del mattino alle venti della sera\u00a0 \u00a0<\/strong><\/p>\n<p>&nbsp;<\/p>\n<p>&nbsp;<\/p>\n<p><strong><a class=\"dt-pswp-item\" href=\"https:\/\/www.radiopiu.net\/wordpress\/wp-content\/uploads\/2025\/02\/download-7.jpg\" data-dt-img-description=\"\" data-large_image_width=\"211\" data-large_image_height=\"239\"><img loading=\"lazy\" decoding=\"async\" class=\" wp-image-435553 alignleft\" src=\"https:\/\/www.radiopiu.net\/wordpress\/wp-content\/uploads\/2025\/02\/download-7.jpg\" alt=\"\" width=\"171\" height=\"194\" \/><\/a>GENOVA<\/strong> Il crollo del Morandi Castellucci: &#8216;Mi sento responsabile, ma non colpevole&#8217;<br \/>\n<strong>ROMA<\/strong> Sul litorale romano Roghi in altri cinque stabilimenti balneari a Ostia, ipotesi dolo<br \/>\n<strong>ROMA<\/strong> Cade dal parapetto a Trinit\u00e0 dei Monti, morta una donna spagnola<br \/>\n<strong>MILANO<\/strong> zone rosse allargate e prorogate fino a settembre Decisione del comitato per l&#8217;ordine e la sicurezza<br \/>\n<strong>SASSARI<\/strong> Morte cerebrale per l&#8217;uomo schiacciato da un&#8217;auto guidata da un bimbo, L&#8217;incidente era avvenuto sabato scorso ad Ossi, nel Sassarese. Il 42enne aveva messo al volante un bambino di 10 anni dopo una festa<br \/>\n<strong>TORINO<\/strong> Bus turistico cade nel Po morto l&#8217;autista: stava andando a prendere dei bimbi in gita. Il mezzo \u00e8 precipitato dopo aver investito tre donne, finite in ospedale con contusioni<br \/>\n<strong>SPOLETO<\/strong> Femminicidio, fermato il compagno della vittima Ipotizzato l&#8217;omicidio volontario. L&#8217;uomo interrogato a lungo<br \/>\n<strong>CESENA<\/strong> La scomparsa di Cristina Golinucci: l&#8217;ospite del convento \u00e8 ricercato in Francia. La conferma del Dna, \u00e8 accusato di reati sessuali a Marsiglia<\/p>\n<p>&nbsp;<\/p>\n<p><a class=\"dt-pswp-item\" href=\"https:\/\/www.radiopiu.net\/wordpress\/wp-content\/uploads\/2025\/02\/download-3.jpg\" data-dt-img-description=\"\" data-large_image_width=\"223\" data-large_image_height=\"226\"><img loading=\"lazy\" decoding=\"async\" class=\" wp-image-434732 alignleft\" src=\"https:\/\/www.radiopiu.net\/wordpress\/wp-content\/uploads\/2025\/02\/download-3.jpg\" alt=\"\" width=\"167\" height=\"169\" \/><\/a><strong>TREVISO<\/strong> Principio di incendio alla Diadora, operai intossicati In 5 curati e poi dimessi, si \u00e8 alzata una colonna di fumo<br \/>\n<strong>VENEZIA<\/strong> L&#8217;omicidio di Tatiana Tullissi nel 2008, imputato condannato al terzo appello. Sentenza a Venezia al terzo appello a oltre 16 anni dal delitto<br \/>\n<strong>PADOVA<\/strong> Sant&#8217;Egidio apre a Padova la nuova &#8216;Casa dell&#8217;Amicizia&#8217; Al Portello una struttura di accoglienza<br \/>\n<strong>CHIOGGIA<\/strong> Gasolio in laguna, salvati uccelli protetti.\u00a0 Sono gli svassi e sono volatili migratori<br \/>\n<strong>VERONA<\/strong> Dazi, la Valpolicella congela gli ordini per vini del Veronese Importatori non si fidano, rischio tassazione al 200%<br \/>\n<strong>VICENZA<\/strong> Incendio in bar-edicola, evacuato condominio Danni alle cose, nessuna persona coinvolta<br \/>\n<strong>MOGLIANO<\/strong> Spruzza spray urticante in autobus, arrestato 23enne, non voleva pagare biglietto<br \/>\n<strong>VERONA<\/strong> Lite in sala slot, grave uomo accoltellato al collo Indagini a cura della Polizia di Stato<br \/>\n<strong>TREVISO<\/strong> Illeciti in corsi formazione mai fatti, tre imprese denunciate Gdf, utilizzavano fondi Pnrr compensandoli con debiti imposte<\/p>\n<p><span style=\"color: #ff0000;\">CAMPOBASSO<\/span> Scuola molisana intitolata a Sammy Basso, la prima in Italia Cerimonia il 31 marzo con il ministro dell&#8217;Istruzione Valditara<strong>\u00a0<\/strong><\/p>\n<h1><span style=\"color: #ff0000;\"><span style=\"color: #0000ff;\">ULTIM&#8217;ORA<\/span> <span style=\"color: #000000;\">AUDIO dalle sette del mattino, ogni ora alla radio EDIZIONE DELLE SETTE<\/span><\/span><\/h1>\n<audio class=\"wp-audio-shortcode\" id=\"audio-441580-5\" preload=\"none\" style=\"width: 100%;\" controls=\"controls\"><source type=\"audio\/mpeg\" src=\"https:\/\/www.radiopiu.net\/wordpress\/wp-content\/uploads\/2025\/03\/giornale07-26.mp3?_=5\" \/><a href=\"https:\/\/www.radiopiu.net\/wordpress\/wp-content\/uploads\/2025\/03\/giornale07-26.mp3\">https:\/\/www.radiopiu.net\/wordpress\/wp-content\/uploads\/2025\/03\/giornale07-26.mp3<\/a><\/audio>\n<p>&nbsp;<\/p>\n<p>&nbsp;<\/p>\n<hr \/>\n<p>&nbsp;<\/p>\n<p>&nbsp;<\/p>\n<h1><span style=\"color: #ff0000;\"><a class=\"dt-pswp-item\" href=\"https:\/\/www.radiopiu.net\/wordpress\/wp-content\/uploads\/2024\/11\/8.jpg\" data-dt-img-description=\"\" data-large_image_width=\"180\" data-large_image_height=\"180\"><img loading=\"lazy\" decoding=\"async\" class=\"size-full wp-image-417910 alignleft\" src=\"https:\/\/www.radiopiu.net\/wordpress\/wp-content\/uploads\/2024\/11\/8.jpg\" alt=\"\" width=\"180\" height=\"180\" srcset=\"https:\/\/www.radiopiu.net\/wordpress\/wp-content\/uploads\/2024\/11\/8.jpg 180w, https:\/\/www.radiopiu.net\/wordpress\/wp-content\/uploads\/2024\/11\/8-150x150.jpg 150w\" sizes=\"auto, (max-width: 180px) 100vw, 180px\" \/><\/a>I podcast informativi del mattino &#8211; video &#8211;\u00a0<\/span><\/h1>\n<h2 style=\"text-align: left;\"><strong>RASSEGNA STAMPA LOCALE, ORE OTTO<\/strong><\/h2>\n<h2><strong> <span style=\"color: #0000ff;\">viene\u00a0 <\/span><\/strong><strong><span style=\"color: #0000ff;\">pubblicata alle 8.05 <span style=\"color: #ff0000;\">DIRETTA RADIO\u00a0 \u00a0<\/span><\/span><\/strong><strong>DI MIRKO MEZZACASA<\/strong><\/h2>\n<blockquote>\n<h1><span style=\"color: #ff0000;\">AGGIORNAMENTO OGNI GIORNO ALLE 8.05\u00a0<\/span><\/h1>\n<\/blockquote>\n<div class=\"flex flex-1 grow basis-auto flex-col overflow-hidden\">\n<div class=\"relative h-full\">\n<div class=\"flex h-full flex-col overflow-y-auto [scrollbar-gutter:stable]\">\n<div class=\"mt-1.5 flex flex-col text-sm @thread-xl\/thread:pt-header-height md:pb-9\">\n<article class=\"group\/turn w-full text-token-text-primary focus-visible:outline-2 focus-visible:outline-offset-[-4px]\" dir=\"auto\" tabindex=\"-1\" data-testid=\"conversation-turn-24\" data-scroll-anchor=\"true\">\n<div class=\"text-base my-auto mx-auto py-[18px] px-6\">\n<div class=\"mx-auto flex flex-1 text-base gap-4 md:gap-5 lg:gap-6 md:max-w-3xl\">\n<div class=\"group\/conversation-turn relative flex w-full min-w-0 flex-col agent-turn @xs\/thread:px-0 @sm\/thread:px-1.5 @md\/thread:px-4\">\n<div class=\"flex-col gap-1 md:gap-3\"><\/div>\n<\/div>\n<\/div>\n<\/div>\n<\/article>\n<\/div>\n<\/div>\n<\/div>\n<\/div>\n<h1><span style=\"color: #ff0000;\"><strong>VIDEO\u00a0 \u00a0in diretta AGGIORNAMENTO\u00a0 dalle 8 del mattino\u00a0\u00a0<\/strong><\/span><\/h1>\n<p><iframe loading=\"lazy\" title=\"DAL 1983 LA RASSEGNA STAMPA LOCALE di mirko mezzacasa. L&#039;ORIGINALE\" width=\"1200\" height=\"675\" src=\"https:\/\/www.youtube.com\/embed\/MlWBs4dQCs4?feature=oembed\" frameborder=\"0\" allow=\"accelerometer; autoplay; clipboard-write; encrypted-media; gyroscope; picture-in-picture; web-share\" referrerpolicy=\"strict-origin-when-cross-origin\" allowfullscreen><\/iframe><\/p>\n<hr \/>\n<p>&nbsp;<\/p>\n<p>&nbsp;<\/p>\n<p>&nbsp;<\/p>\n<p><strong><a class=\"dt-pswp-item\" href=\"https:\/\/www.radiopiu.net\/wordpress\/wp-content\/uploads\/2023\/12\/ANTENNA.png\" data-dt-img-description=\"\" data-large_image_width=\"300\" data-large_image_height=\"166\"><img loading=\"lazy\" decoding=\"async\" class=\"wp-image-366306 alignright\" src=\"https:\/\/www.radiopiu.net\/wordpress\/wp-content\/uploads\/2023\/12\/ANTENNA.png\" alt=\"\" width=\"101\" height=\"56\" \/><\/a><a class=\"dt-pswp-item\" href=\"https:\/\/www.radiopiu.net\/wordpress\/wp-content\/uploads\/2024\/11\/th-17.jpg\" data-dt-img-description=\"\" data-large_image_width=\"224\" data-large_image_height=\"180\"><img loading=\"lazy\" decoding=\"async\" class=\" wp-image-421610 alignleft\" src=\"https:\/\/www.radiopiu.net\/wordpress\/wp-content\/uploads\/2024\/11\/th-17.jpg\" alt=\"\" width=\"167\" height=\"134\" \/><\/a>ogni sera alle 19 le anticipazioni alla radio, quello che poi seguirete nel TELEGIORNALE BELLUNESE\u00a0 in onda alle 19.30 sul CANALE 10 del digitale terrestre.\u00a0\u00a0<\/strong><\/p>\n<p><b>\u00a0\u00a0<\/b><\/p>\n<h1><span style=\"color: #ff0000;\"><strong>LE ANTICIPAZIONI DI TIZIANA BOLOGNANI<\/strong><\/span><\/h1>\n<audio class=\"wp-audio-shortcode\" id=\"audio-441580-6\" preload=\"none\" style=\"width: 100%;\" controls=\"controls\"><source type=\"audio\/mpeg\" src=\"https:\/\/www.radiopiu.net\/wordpress\/wp-content\/uploads\/2025\/03\/ANTENNA3-18.mp3?_=6\" \/><a href=\"https:\/\/www.radiopiu.net\/wordpress\/wp-content\/uploads\/2025\/03\/ANTENNA3-18.mp3\">https:\/\/www.radiopiu.net\/wordpress\/wp-content\/uploads\/2025\/03\/ANTENNA3-18.mp3<\/a><\/audio>\n<p>&nbsp;<\/p>\n<p>&nbsp;<\/p>\n<hr \/>\n<p>&nbsp;<\/p>\n<blockquote>\n<h3 class=\"entry-title\">CHIUSURA REGIONALE 203 AGORDINA, BIVIO ROVEI<\/h3>\n<\/blockquote>\n<p><strong>COLLE SANTA LUCIA <\/strong>Dal 24 marzo al 30 aprile dalle 8 alle 17.30 escluso sabato domenica e festivi, chiusura della regionale 203 agordina nel tratto bivio Rovei, bivio Rucav\u00e0. Interdizione totale per lavori di mitigazione del rischio caduta massi.<\/p>\n<p>&nbsp;<\/p>\n<p>&nbsp;<\/p>\n<hr \/>\n<p>&nbsp;<\/p>\n<blockquote>\n<h3 class=\"photoswipe-wrapper\"><a class=\"dt-pswp-item pspw-wrap-ready\" href=\"https:\/\/www.radiopiu.net\/wordpress\/wp-content\/uploads\/2024\/12\/Logo_SibPAYOFF.jpg\" data-dt-img-description=\"\" data-large_image_width=\"1536\" data-large_image_height=\"391\"><img loading=\"lazy\" decoding=\"async\" class=\"wp-image-426474 alignleft\" src=\"https:\/\/www.radiopiu.net\/wordpress\/wp-content\/uploads\/2024\/12\/Logo_SibPAYOFF-300x76.jpg\" sizes=\"auto, (max-width: 162px) 100vw, 162px\" srcset=\"https:\/\/www.radiopiu.net\/wordpress\/wp-content\/uploads\/2024\/12\/Logo_SibPAYOFF-300x76.jpg 300w, https:\/\/www.radiopiu.net\/wordpress\/wp-content\/uploads\/2024\/12\/Logo_SibPAYOFF-1024x261.jpg 1024w, https:\/\/www.radiopiu.net\/wordpress\/wp-content\/uploads\/2024\/12\/Logo_SibPAYOFF-768x196.jpg 768w, https:\/\/www.radiopiu.net\/wordpress\/wp-content\/uploads\/2024\/12\/Logo_SibPAYOFF.jpg 1536w\" alt=\"\" width=\"162\" height=\"41\" \/><\/a>ACQUA NON POTABILE<\/h3>\n<\/blockquote>\n<p>A Gosaldo Nelle localit\u00e0 Curti, Incasal e Le Case l\u2019acqua erogata dall\u2019acquedotto non \u00e8 potabile e non pu\u00f2 essere usata per scopi alimentari. Verr\u00e0 effettuato servizio sostitutivo con cisterna in localit\u00e0 Curti.<\/p>\n<p>a Rocca Pietore in localit\u00e0 Digonera l&#8217;acqua erogata dall&#8217;acquedotto non \u00e8 potabile e pu\u00f2 essere usata per scopi alimentari solo previa bollitura. Verr\u00e0 effettuato servizio sostitutivo con autobotte presso\u00a0 l&#8217;Albergo Digonera in localit\u00e0 Digonera.<\/p>\n<p>&nbsp;<\/p>\n<blockquote>\n<h3><span style=\"color: #005177;\"><span style=\"outline-color: initial; outline-style: initial;\"><a class=\"dt-pswp-item\" style=\"color: #005177; outline: 0px; text-decoration-line: none;\" href=\"https:\/\/www.radiopiu.net\/wordpress\/wp-content\/uploads\/2023\/08\/acqua.jpeg\" data-dt-img-description=\"\" data-large_image_width=\"1038\" data-large_image_height=\"688\"><img loading=\"lazy\" decoding=\"async\" class=\" wp-image-348061 alignleft\" src=\"https:\/\/www.radiopiu.net\/wordpress\/wp-content\/uploads\/2023\/08\/acqua-300x199.jpeg\" alt=\"\" width=\"158\" height=\"105\" srcset=\"https:\/\/www.radiopiu.net\/wordpress\/wp-content\/uploads\/2023\/08\/acqua-300x199.jpeg 300w, https:\/\/www.radiopiu.net\/wordpress\/wp-content\/uploads\/2023\/08\/acqua-1024x679.jpeg 1024w, https:\/\/www.radiopiu.net\/wordpress\/wp-content\/uploads\/2023\/08\/acqua-768x509.jpeg 768w, https:\/\/www.radiopiu.net\/wordpress\/wp-content\/uploads\/2023\/08\/acqua.jpeg 1038w\" sizes=\"auto, (max-width: 158px) 100vw, 158px\" \/><\/a><\/span><\/span>SERVIZI INTEGRATI BELLUNESI: LAVORI PROGRAMMATI<\/h3>\n<\/blockquote>\n<p><strong>SAN TOMASO<\/strong> Per lavori alla rete idrica comunale,\u00a0 OGGI E DOMANI dalle ore 08:00 alle ore 17:00 potrebbe mancare l&#8217;acqua a San Tomaso Agordino, nelle Localit\u00e0 Pecol e Piaia<\/p>\n<p>&nbsp;<\/p>\n<p>&nbsp;<\/p>\n<hr \/>\n<p>&nbsp;<\/p>\n<blockquote>\n<h3>FELTRE PIANGE CHIARA MAMMANI<\/h3>\n<\/blockquote>\n<p><strong><a class=\"dt-pswp-item\" href=\"https:\/\/www.radiopiu.net\/wordpress\/wp-content\/uploads\/2025\/03\/SCR-20250326-qpwm.jpeg\" data-dt-img-description=\"\" data-large_image_width=\"718\" data-large_image_height=\"466\"><img loading=\"lazy\" decoding=\"async\" class=\" wp-image-441710 alignleft\" src=\"https:\/\/www.radiopiu.net\/wordpress\/wp-content\/uploads\/2025\/03\/SCR-20250326-qpwm-300x195.jpeg\" alt=\"\" width=\"228\" height=\"148\" srcset=\"https:\/\/www.radiopiu.net\/wordpress\/wp-content\/uploads\/2025\/03\/SCR-20250326-qpwm-300x195.jpeg 300w, https:\/\/www.radiopiu.net\/wordpress\/wp-content\/uploads\/2025\/03\/SCR-20250326-qpwm.jpeg 718w\" sizes=\"auto, (max-width: 228px) 100vw, 228px\" \/><\/a>FELTRE<\/strong> Chiara Mammani, 50 anni, direttore di gara internazionale di ciclismo e attiva nel Pedale Feltrino, \u00e8 scomparsa a causa di una malattia. Laureata in giurisprudenza, gestiva uno studio di amministrazione condominiale a Feltre. Grande appassionata di ciclismo, aveva recentemente diretto la gran fondo Strade Bianche e festeggiato il compleanno l&#8217;8 marzo. Nel 2023 aveva ottenuto la qualifica di direttore di corsa internazionale e studiava per accedere alle gare professionistiche. Era anche regolatore di gara e punto di riferimento per il Pedale Feltrino. Il mondo del ciclismo e i colleghi la ricordano con stima per il suo impegno e la sua determinazione. La FCI e il comitato veneto ne hanno sottolineato l\u2019esempio di professionalit\u00e0. I funerali si terranno sabato a Feltre. (FOTO: Corriere Delle Alpi)<\/p>\n<p>&nbsp;<\/p>\n<p>&nbsp;<\/p>\n<hr \/>\n<p>&nbsp;<\/p>\n<blockquote>\n<h3>L&#8217;ALPAGO SALUTA CON AFFETTO IL SUO STEFANO<\/h3>\n<\/blockquote>\n<p><strong><img loading=\"lazy\" decoding=\"async\" class=\"alignleft\" src=\"https:\/\/www.radiopiu.net\/wordpress\/wp-content\/uploads\/2025\/03\/Immagine-2025-03-26-101912.png\" width=\"166\" height=\"125\" \/>ALPAGO<\/strong> La notizia a Cornei ha fatto immediatamente il giro del paese dopo l&#8217;annuncio dato dalla figlia Rebecca. Stefano Risini \u00e8 mancato a soli 59 anni compiuti pochi giorni fa, il 21 marzo. L&#8217;ultimo saluto al Congegnatore meccanico diplomatosi all&#8217;IPSIA A. Brustolon, venerdi alle 15 nella Chiesa Arcipretale di Puos. La famiglia, ringrazia per il supporto il personale dei reparti di Neurologia e Terapia Intensiva dell&#8217;ospedale San Martino di Belluno, invitando a devolvere eventuali offerte a ricordo a &#8220;EVA Alpago&#8221;. Stefano lascia la figlia Rebecca con Rikerd, i nipoti Keoma e Thomas, i cognati Marina e Christian, cugini e parenti. Messaggi di cordoglio e vicinanza alla famiglia: <span class=\"\"><span class=\"xt0psk2\"><a class=\"x1i10hfl xjbqb8w x1ejq31n xd10rxx x1sy0etr x17r0tee x972fbf xcfux6l x1qhh985 xm0m39n x9f619 x1ypdohk xt0psk2 xe8uvvx xdj266r x11i5rnm xat24cr x1mh8g0r xexx8yu x4uap5 x18d9i69 xkhd6sd x16tdsg8 x1hl2dhg xggy1nq x1a2a7pz x1heor9g xkrqix3 x1sur9pj x1s688f\" tabindex=\"0\" role=\"link\" href=\"https:\/\/www.facebook.com\/groups\/185504792157595\/user\/61556080384425\/?__cft__[0]=AZUxDuOh9q-_hLFUDdCsMmMKqvB6IzNMBhCMNm5eab_U2eWNs9_SUhUEgOHlWsEdGkCSCL_sIBbs-UAgRcBfhD_EQbvzJdQxkGVzMkWFv3vJO-XUxDB1ZPamQBmJqZbsYTjjU4U-a8PU4_pCWVnAc_qOvYRAyNGfn8Zyv-4f13Ggqu1zC89Dc-gjXdxhCBa6A54TqigppFVSzXTg5c2kgawCEX6hmYKj1W6nfAXZJQ9ajw&amp;__tn__=%2CP-R\"><span class=\"x193iq5w xeuugli x13faqbe x1vvkbs x1xmvt09 x1nxh6w3 x1sibtaa x1s688f xi81zsa\">Casa Funeraria &#8211; Onoranze Funebri Caduco<\/span><\/a><\/span><\/span><span class=\"html-span xdj266r x11i5rnm xat24cr x1mh8g0r xexx8yu x4uap5 x18d9i69 xkhd6sd x1hl2dhg x16tdsg8 x1vvkbs\"><span class=\"xzpqnlu xjm9jq1 x6ikm8r x10wlt62 x10l6tqk x1i1rx1s\">\u00a0<\/span><span aria-hidden=\"true\">\u00a0<\/span><\/span><\/p>\n<p>&nbsp;<\/p>\n<hr \/>\n<p>&nbsp;<\/p>\n<blockquote>\n<p class=\"\" data-start=\"0\" data-end=\"48\"><strong data-start=\"0\" data-end=\"46\"><a class=\"dt-pswp-item\" href=\"https:\/\/www.radiopiu.net\/wordpress\/wp-content\/uploads\/2025\/03\/Immagine-2025-03-27-051511.jpg\" data-dt-img-description=\"\" data-large_image_width=\"284\" data-large_image_height=\"205\"><img loading=\"lazy\" decoding=\"async\" class=\" wp-image-441730 alignleft\" src=\"https:\/\/www.radiopiu.net\/wordpress\/wp-content\/uploads\/2025\/03\/Immagine-2025-03-27-051511.jpg\" alt=\"\" width=\"195\" height=\"141\" \/><\/a>LA CHIESA FELTRINA PIANGE DON ENRICO ZASIO<\/strong><\/p>\n<\/blockquote>\n<p class=\"\" data-start=\"50\" data-end=\"497\"><strong>FELTRE<\/strong> Don Enrico Zasio, per trent&#8217;anni cappellano dell&#8217;ospedale di Feltre, \u00e8 scomparso all&#8217;et\u00e0 di 94 anni. Ordinato sacerdote nel 1953, fu parroco di Anz\u00f9 e insegnante in Seminario. Il suo lungo servizio all\u2019ospedale Santa Maria del Prato ha lasciato un segno profondo tra pazienti e operatori. Nel 2008 divenne canonico della Concattedrale di Feltre. Nel 2023 era stato festeggiato per i 70 anni di sacerdozio. La diocesi ne ha annunciato la scomparsa.<\/p>\n<p>&nbsp;<\/p>\n<hr \/>\n<p>&nbsp;<\/p>\n<blockquote>\n<h2 style=\"text-align: left;\">FERITO UN MOTOCICLISTA, L&#8217;INCIDENTE IERI SERA IN LOCALITA&#8217; LE CAMPE<\/h2>\n<\/blockquote>\n<p data-pm-slice=\"1 1 []\"><strong><img decoding=\"async\" class=\"alignleft\" src=\"https:\/\/www.radiopiu.net\/wordpress\/wp-content\/uploads\/2025\/03\/1.jpg\" \/>Agordo<\/strong> \u2013 Intorno alle ore 20:10, i Vigili del Fuoco di Agordo sono intervenuti lungo la SR203, al km 24+400, a seguito di un incidente stradale autonomo che ha coinvolto un giovane motociclista.<\/p>\n<p>Sul posto sono giunti tempestivamente anche i sanitari del SUEM, che hanno prestato le prime cure al ferito prima di trasferirlo all\u2019ospedale di Belluno per ulteriori accertamenti e cure mediche.<\/p>\n<p>Presenti sul luogo dell&#8217;incidente anche i Carabinieri, che hanno effettuato i rilievi per ricostruire la dinamica dell&#8217;accaduto e garantire la sicurezza della viabilit\u00e0.<\/p>\n<p>Le operazioni di soccorso si sono concluse senza ulteriori criticit\u00e0. Al momento non sono state rese note le condizioni precise del motociclista, ma si attendono aggiornamenti dalle autorit\u00e0 sanitarie.<\/p>\n<p>&nbsp;<\/p>\n<p>&nbsp;<\/p>\n<hr \/>\n<p>&nbsp;<\/p>\n<blockquote>\n<h3>SOCCORSA SCIATRICE SUL PORDOI<\/h3>\n<\/blockquote>\n<p><strong>REDAZIONE<\/strong> Il Suem 118 \u00e8 stato impegnato in un soccorso nella mattinata di ieri: alle 11:07 sul Passo Pordoi, dove una sciatrice svizzera di 54 anni \u00e8 rimasta coinvolta in uno scontro in pista. Sul posto sono intervenuti i soccorritori che hanno eltrasportato all&#8217;ospedale di Agordo la paziente con un codice di media gravit\u00e0.<\/p>\n<p>&nbsp;<\/p>\n<hr \/>\n<p>&nbsp;<\/p>\n<blockquote>\n<h3>CONDANNATO IL SINDACO DI PRAIANO PER LA MORTE DI MARIANGELA CALLIGARO<\/h3>\n<\/blockquote>\n<p><strong><img loading=\"lazy\" decoding=\"async\" class=\"alignleft\" src=\"https:\/\/www.radiopiu.net\/wordpress\/wp-content\/uploads\/2025\/03\/Immagine-2025-03-27-050634.jpg\" width=\"154\" height=\"119\" \/>OGGI LA GIUDIZIARIA-\u00a0<\/strong><strong>SINTESI DAL CORRIERE DELLE ALPI, GIGI SOSSO<\/strong><\/p>\n<p><strong>SALERNO<\/strong> Il Tribunale di Salerno ha condannato a sei mesi di reclusione, con pena sospesa, l\u2019ex sindaco di Praiano Giovanni Di Martino per omicidio colposo. La sentenza riguarda la morte di Mariangela Calligaro, travolta da un\u2019onda anomala il 2 gennaio 2018. Il giudice ha disposto un risarcimento provvisorio: 15.000 euro al compagno Carlo Talamini e 5.000 ai fratelli della vittima. L\u2019accusa ha evidenziato l\u2019assenza di cartelli di pericolo lungo il percorso costiero, nonostante un precedente incidente nel 2009. La difesa ha sostenuto che la responsabilit\u00e0 non ricadesse sul sindaco. La Procura aveva chiesto otto mesi di condanna. Ora la famiglia dovr\u00e0 avviare una causa civile per ottenere il risarcimento integrale richiesto di 3,5 milioni di euro.<\/p>\n<p>&nbsp;<\/p>\n<hr \/>\n<p>&nbsp;<\/p>\n<blockquote>\n<h2 class=\"_title post-title entry-title\">BELLUNO | AREA EX AGIP, MAGGIORANZA IN FIBRILLAZIONE. LUNEDI\u2019 LA RESA DEI CONTI<\/h2>\n<\/blockquote>\n<p>Intervistati CELESTE BALCON CONSIGLIERE PATTO PER BELLUNO (AL TELEFONO) (Servizio di\u00a0<a href=\"https:\/\/antennatre.medianordest.it\/redazione\/Tiziana-Bolognani\/\">Tiziana Bolognani<\/a>)<\/p>\n<p><iframe loading=\"lazy\" title=\"AREA EX AGIP, MAGGIORANZA IN FIBRILLAZIONE. LUNEDI&#039; LA RESA DEI CONTI | 26\/03\/2025\" width=\"1200\" height=\"675\" src=\"https:\/\/www.youtube.com\/embed\/UNJ4GMEv32Q?feature=oembed\" frameborder=\"0\" allow=\"accelerometer; autoplay; clipboard-write; encrypted-media; gyroscope; picture-in-picture; web-share\" referrerpolicy=\"strict-origin-when-cross-origin\" allowfullscreen><\/iframe><\/p>\n<p>&nbsp;<\/p>\n<hr \/>\n<p>&nbsp;<\/p>\n<blockquote>\n<h2>SCUOLA MEDIA DI AGORDO: PROPOSTA DI NUOVO ORARIO, I GENITORI PROTESTANO<\/h2>\n<\/blockquote>\n<blockquote><p>L &#8216;impressione \u00e8 che stata gi\u00e0 presa una decisione a discapito delle famiglie che non sono interessate. <em>&#8220;Quando ci siamo iscritti a scuola ci \u00e8 stato proposto un&#8217;orario e ci siamo organizzati in base a quello&#8221;.<\/em><\/p><\/blockquote>\n<p class=\"\" data-start=\"170\" data-end=\"499\"><strong><a class=\"dt-pswp-item\" href=\"https:\/\/www.radiopiu.net\/wordpress\/wp-content\/uploads\/2024\/09\/MEDIE-AGORDO.jpg\" data-dt-img-description=\"\" data-large_image_width=\"1280\" data-large_image_height=\"720\"><img loading=\"lazy\" decoding=\"async\" class=\" wp-image-411385 alignleft\" src=\"https:\/\/www.radiopiu.net\/wordpress\/wp-content\/uploads\/2024\/09\/MEDIE-AGORDO-300x169.jpg\" alt=\"\" width=\"233\" height=\"131\" srcset=\"https:\/\/www.radiopiu.net\/wordpress\/wp-content\/uploads\/2024\/09\/MEDIE-AGORDO-300x169.jpg 300w, https:\/\/www.radiopiu.net\/wordpress\/wp-content\/uploads\/2024\/09\/MEDIE-AGORDO-1024x576.jpg 1024w, https:\/\/www.radiopiu.net\/wordpress\/wp-content\/uploads\/2024\/09\/MEDIE-AGORDO-768x432.jpg 768w, https:\/\/www.radiopiu.net\/wordpress\/wp-content\/uploads\/2024\/09\/MEDIE-AGORDO.jpg 1280w\" sizes=\"auto, (max-width: 233px) 100vw, 233px\" \/><\/a>AGORDO<\/strong> Cresce il malcontento tra i genitori della scuola media di Agordo dopo la proposta avanzata dal Consiglio dei rappresentanti dei Genitori in Consiglio di Istituto di modificare l\u2019orario scolastico. La proposta prevede un nuovo modello orario dalle 7.45 alle 13.45 con due pause e la chiusura del sabato. Secondo i genitori contrari, la decisione sarebbe stata presa senza un\u2019adeguata consultazione: non sarebbe stato effettuato alcun sondaggio n\u00e9 tra le famiglie n\u00e9 con la scuola stessa. <em>\u201cNon si capisce di cosa si siano fatti portavoce\u201d, si legge nella lettera inviata alla testata Radio Pi\u00f9, \u201cprobabilmente dei loro interessi\u201d. <\/em>Molti genitori sottolineano che un\u2019alternativa per chi desidera il sabato libero gi\u00e0 esiste presso la scuola di Cencenighe e che la modifica dell\u2019orario potrebbe creare problemi organizzativi alle famiglie. Inoltre, desta preoccupazione il fatto che i ragazzi potrebbero restare senza sorveglianza in attesa dei mezzi pubblici, dato che tra la fine delle lezioni e le corse dei bus possono passare oltre 20 minuti. <em>&#8220;Siamo preoccupati che i genitori si facciano prendere dell&#8217;enfasi del sabato libero senza considerare che 6 ore di scuola siano pesanti considerando studio e impegni sportivi&#8221;\u00a0<\/em> Viene chiesta maggiore trasparenza da parte della scuola: i genitori si aspettavano una comunicazione pi\u00f9 chiara dal dirigente, soprattutto riguardo alla possibilit\u00e0 di adottare un modello pi\u00f9 flessibile.<\/p>\n<p>&nbsp;<\/p>\n<p>&nbsp;<\/p>\n<hr \/>\n<p>&nbsp;<\/p>\n<blockquote>\n<h3>PRESENTATA A CORTINA L&#8217;ASSISTENZA SANITARIA PER I GIOCHI OLIMPICI E PARALIMPICI<\/h3>\n<\/blockquote>\n<p><strong>CORTINA <\/strong>I Giochi Olimpici e Paralimpici Invernali 2026 saranno un&#8217;importante occasione per testare l\u2019efficienza del sistema sanitario del Veneto. Il policlinico Codivilla sar\u00e0 l\u2019ospedale olimpico, con attrezzature all\u2019avanguardia e il supporto di circa 1.000 professionisti da tutte le aziende sanitarie regionali, oltre ai volontari del soccorso. Durante le gare, saranno operativi 19 medici, 25 infermieri e 62 soccorritori per garantire assistenza ad atleti, staff e spettatori, senza ridurre i servizi per i residenti. Gli ospedali di riferimento saranno Belluno, Treviso e Verona. Il Villaggio Olimpico avr\u00e0 assistenza medica h24, una farmacia e uno studio dentistico. Si investir\u00e0 nel potenziamento dei mezzi di soccorso e nella prevenzione in ambiti come sicurezza alimentare ed emergenze sanitarie. L\u2019assessore Manuela Lanzarin, intervenuta al convegno di Cortina, ha sottolineato il successo dei test preliminari, ringraziando i responsabili sanitari per l\u2019efficace coordinamento in vista dell&#8217;evento.<\/p>\n\n\t\t\t<style type='text\/css'>\n\t\t\t\t#gallery-1 {\n\t\t\t\t\tmargin: auto;\n\t\t\t\t}\n\t\t\t\t#gallery-1 .gallery-item {\n\t\t\t\t\tfloat: left;\n\t\t\t\t\tmargin-top: 10px;\n\t\t\t\t\ttext-align: center;\n\t\t\t\t\twidth: 50%;\n\t\t\t\t}\n\t\t\t\t#gallery-1 img {\n\t\t\t\t\tborder: 2px solid #cfcfcf;\n\t\t\t\t}\n\t\t\t\t#gallery-1 .gallery-caption {\n\t\t\t\t\tmargin-left: 0;\n\t\t\t\t}\n\t\t\t\t\/* see gallery_shortcode() in wp-includes\/media.php *\/\n\t\t\t<\/style>\n\t\t<div id='gallery-1' class='dt-gallery-container gallery galleryid-441580 gallery-columns-2 gallery-size-medium'><dl class='gallery-item'>\n\t\t\t\t<dt class='gallery-icon landscape'>\n\t\t\t\t\t<a class=\"rollover rollover-zoom dt-pswp-item\" title=\"Convegno Cortina_Foto 1\" data-dt-img-description=\"\" data-large_image_width=\"2560\" data-large_image_height=\"1920\"href='https:\/\/www.radiopiu.net\/wordpress\/wp-content\/uploads\/2025\/03\/Convegno-Cortina_Foto-1-scaled.jpeg'><img loading=\"lazy\" decoding=\"async\" width=\"300\" height=\"225\" src=\"https:\/\/www.radiopiu.net\/wordpress\/wp-content\/uploads\/2025\/03\/Convegno-Cortina_Foto-1-300x225.jpeg\" class=\"attachment-medium size-medium\" alt=\"\" srcset=\"https:\/\/www.radiopiu.net\/wordpress\/wp-content\/uploads\/2025\/03\/Convegno-Cortina_Foto-1-300x225.jpeg 300w, https:\/\/www.radiopiu.net\/wordpress\/wp-content\/uploads\/2025\/03\/Convegno-Cortina_Foto-1-1024x768.jpeg 1024w, https:\/\/www.radiopiu.net\/wordpress\/wp-content\/uploads\/2025\/03\/Convegno-Cortina_Foto-1-768x576.jpeg 768w, https:\/\/www.radiopiu.net\/wordpress\/wp-content\/uploads\/2025\/03\/Convegno-Cortina_Foto-1-1536x1152.jpeg 1536w, https:\/\/www.radiopiu.net\/wordpress\/wp-content\/uploads\/2025\/03\/Convegno-Cortina_Foto-1-2048x1536.jpeg 2048w\" sizes=\"auto, (max-width: 300px) 100vw, 300px\" \/><\/a>\n\t\t\t\t<\/dt><\/dl><dl class='gallery-item'>\n\t\t\t\t<dt class='gallery-icon landscape'>\n\t\t\t\t\t<a class=\"rollover rollover-zoom dt-pswp-item\" title=\"Convegno Cortina_Foto 2\" data-dt-img-description=\"\" data-large_image_width=\"2560\" data-large_image_height=\"1920\"href='https:\/\/www.radiopiu.net\/wordpress\/wp-content\/uploads\/2025\/03\/Convegno-Cortina_Foto-2-scaled.jpeg'><img loading=\"lazy\" decoding=\"async\" width=\"300\" height=\"225\" src=\"https:\/\/www.radiopiu.net\/wordpress\/wp-content\/uploads\/2025\/03\/Convegno-Cortina_Foto-2-300x225.jpeg\" class=\"attachment-medium size-medium\" alt=\"\" srcset=\"https:\/\/www.radiopiu.net\/wordpress\/wp-content\/uploads\/2025\/03\/Convegno-Cortina_Foto-2-300x225.jpeg 300w, https:\/\/www.radiopiu.net\/wordpress\/wp-content\/uploads\/2025\/03\/Convegno-Cortina_Foto-2-1024x768.jpeg 1024w, https:\/\/www.radiopiu.net\/wordpress\/wp-content\/uploads\/2025\/03\/Convegno-Cortina_Foto-2-768x576.jpeg 768w, https:\/\/www.radiopiu.net\/wordpress\/wp-content\/uploads\/2025\/03\/Convegno-Cortina_Foto-2-1536x1152.jpeg 1536w, https:\/\/www.radiopiu.net\/wordpress\/wp-content\/uploads\/2025\/03\/Convegno-Cortina_Foto-2-2048x1536.jpeg 2048w\" sizes=\"auto, (max-width: 300px) 100vw, 300px\" \/><\/a>\n\t\t\t\t<\/dt><\/dl><br style=\"clear: both\" \/>\n\t\t\t<\/div>\n\n<p>&nbsp;<\/p>\n<div class=\"bd_header_single bd_header_single_template_2\">\n<div class=\"bd-container\">\n<div class=\"bd_header_single_holder\">\n<blockquote>\n<h2 class=\"_title post-title entry-title\">CORTINA D\u2019AMPEZZO | SLIDING CENTRE, OTTIMISMO PER IL DOPO OLIMPIADI<\/h2>\n<\/blockquote>\n<div class=\"article-meta-info\">\n<div class=\"cfix\">\u00a0Intervistati MATTIA GASPARI (ATLETA), FLAVIO RODA (PRESIDENTE FISI), LUCA ZAIA (PRESIDENTE REGIONE VENETO), MATTEO SALVINI (MINISTRO INFRASTRUTTURE E TRASPORTI) (Servizio di\u00a0<a href=\"https:\/\/antennatre.medianordest.it\/redazione\/Fabio-Fioravanzi\/\">Fabio Fioravanzi<\/a>)<\/div>\n<\/div>\n<\/div>\n<\/div>\n<\/div>\n<div class=\"bd-content-wrap\">\n<div class=\"cfix\"><\/div>\n<div class=\"bd-container bdaia-post-template entry-content-only\">\n<div class=\"bd-row\">\n<div class=\"bd-main\">\n<div id=\"content\" role=\"main\">\n<article id=\"post-140817\" class=\"hentry post-140817 post type-post status-publish format-standard has-post-thumbnail category-a3treviso tag-a3 tag-antennatre tag-bob tag-cortinadampezzo tag-fabiofioravanzi tag-flavioroda tag-lucazaia tag-mattiagaspari tag-news tag-olimpiadi\">\n<div class=\"bdaia-post-content\">\n<p><iframe loading=\"lazy\" title=\"SLIDING CENTRE, OTTIMISMO PER IL DOPO OLIMPIADI | 26\/03\/2025\" width=\"1200\" height=\"675\" src=\"https:\/\/www.youtube.com\/embed\/dwQoBeeu6Ow?feature=oembed\" frameborder=\"0\" allow=\"accelerometer; autoplay; clipboard-write; encrypted-media; gyroscope; picture-in-picture; web-share\" referrerpolicy=\"strict-origin-when-cross-origin\" allowfullscreen><\/iframe><\/p>\n<\/div>\n<\/article>\n<\/div>\n<\/div>\n<\/div>\n<\/div>\n<\/div>\n<p>&nbsp;<\/p>\n<p>&nbsp;<\/p>\n<p>&nbsp;<\/p>\n<hr \/>\n<p>&nbsp;<\/p>\n<blockquote>\n<h3>BOTTACIN: LA SALA SITUAZIONI NON INTERFERISCE ALL&#8217;OPERATIVITA&#8217; DEI VIGILI DEL FUOCO<\/h3>\n<\/blockquote>\n<p><strong><a class=\"dt-pswp-item\" href=\"https:\/\/www.radiopiu.net\/wordpress\/wp-content\/uploads\/2025\/03\/4d3e7653-5076-4d7f-95e6-223a0644f37f.jpg\" data-dt-img-description=\"\" data-large_image_width=\"1418\" data-large_image_height=\"1029\"><img loading=\"lazy\" decoding=\"async\" class=\" wp-image-441463 alignleft\" src=\"https:\/\/www.radiopiu.net\/wordpress\/wp-content\/uploads\/2025\/03\/4d3e7653-5076-4d7f-95e6-223a0644f37f-300x218.jpg\" alt=\"\" width=\"198\" height=\"144\" srcset=\"https:\/\/www.radiopiu.net\/wordpress\/wp-content\/uploads\/2025\/03\/4d3e7653-5076-4d7f-95e6-223a0644f37f-300x218.jpg 300w, https:\/\/www.radiopiu.net\/wordpress\/wp-content\/uploads\/2025\/03\/4d3e7653-5076-4d7f-95e6-223a0644f37f-1024x743.jpg 1024w, https:\/\/www.radiopiu.net\/wordpress\/wp-content\/uploads\/2025\/03\/4d3e7653-5076-4d7f-95e6-223a0644f37f-768x557.jpg 768w, https:\/\/www.radiopiu.net\/wordpress\/wp-content\/uploads\/2025\/03\/4d3e7653-5076-4d7f-95e6-223a0644f37f.jpg 1418w\" sizes=\"auto, (max-width: 198px) 100vw, 198px\" \/><\/a>VENEZIA<\/strong> L\u2019Assessore alla Protezione Civile del Veneto, Gianpaolo Bottacin, rassicura che la nuova Sala Situazioni di Marghera non interferisce con l\u2019operativit\u00e0 dei Vigili del Fuoco, ma integra il sistema di protezione civile. La Sala raccoglie e diffonde informazioni sulle emergenze, operando h24 in coordinamento con Regioni, Prefetture e altre strutture operative. Dal 2018, i presidenti di Regione sono Autorit\u00e0 di Protezione Civile e gestiscono le emergenze con i prefetti. La Protezione Civile si occupa di previsione, prevenzione, gestione emergenze e ricostruzione. La Sala facilita il coordinamento tra sanit\u00e0, difesa del suolo, servizi forestali e altri enti. Anche in incendi o incidenti ambientali, ARPAV e Protezione Civile regionale possono intervenire. La collaborazione con i Vigili del Fuoco \u00e8 essenziale, e Bottacin sottolinea di aver firmato la prima convenzione Regione-Vigili del Fuoco in Veneto.<\/p>\n<p>&nbsp;<\/p>\n<hr \/>\n<p>&nbsp;<\/p>\n<article class=\"w-full text-token-text-primary\" dir=\"auto\" data-testid=\"conversation-turn-14\" data-scroll-anchor=\"true\">\n<div class=\"text-base my-auto mx-auto py-5 px-6\">\n<div class=\"mx-auto flex flex-1 text-base gap-4 md:gap-5 lg:gap-6 md:max-w-3xl group\/turn-messages focus-visible:outline-none\" tabindex=\"-1\">\n<div class=\"group\/conversation-turn relative flex w-full min-w-0 flex-col agent-turn @xs\/thread:px-0 @sm\/thread:px-1.5 @md\/thread:px-4\">\n<div class=\"relative flex-col gap-1 md:gap-3\">\n<div class=\"flex max-w-full flex-col flex-grow\">\n<div class=\"min-h-8 text-message relative flex w-full flex-col items-end gap-2 whitespace-normal break-words text-start [.text-message+&amp;]:mt-5\" dir=\"auto\" data-message-author-role=\"assistant\" data-message-id=\"058259b3-7070-47a5-8ff1-ded7a94bb619\" data-message-model-slug=\"gpt-4o\">\n<div class=\"flex w-full flex-col gap-1 empty:hidden first:pt-[3px]\">\n<div class=\"markdown prose w-full break-words dark:prose-invert dark\">\n<blockquote>\n<p class=\"\" data-start=\"0\" data-end=\"60\"><strong data-start=\"0\" data-end=\"58\"><a class=\"dt-pswp-item\" href=\"https:\/\/www.radiopiu.net\/wordpress\/wp-content\/uploads\/2024\/08\/ANDREA-DE-BERNARDIN.jpeg\" data-dt-img-description=\"\" data-large_image_width=\"1356\" data-large_image_height=\"880\"><img loading=\"lazy\" decoding=\"async\" class=\"wp-image-407067 alignleft\" src=\"https:\/\/www.radiopiu.net\/wordpress\/wp-content\/uploads\/2024\/08\/ANDREA-DE-BERNARDIN-300x195.jpeg\" alt=\"\" width=\"123\" height=\"80\" srcset=\"https:\/\/www.radiopiu.net\/wordpress\/wp-content\/uploads\/2024\/08\/ANDREA-DE-BERNARDIN-300x195.jpeg 300w, https:\/\/www.radiopiu.net\/wordpress\/wp-content\/uploads\/2024\/08\/ANDREA-DE-BERNARDIN-1024x665.jpeg 1024w, https:\/\/www.radiopiu.net\/wordpress\/wp-content\/uploads\/2024\/08\/ANDREA-DE-BERNARDIN-768x498.jpeg 768w, https:\/\/www.radiopiu.net\/wordpress\/wp-content\/uploads\/2024\/08\/ANDREA-DE-BERNARDIN.jpeg 1356w\" sizes=\"auto, (max-width: 123px) 100vw, 123px\" \/><\/a>LEGA: \u00abSERVONO AZIONI CONCRETE CONTRO LO SPOPOLAMENTO\u00bb<\/strong><\/p>\n<\/blockquote>\n<p class=\"\" data-start=\"62\" data-end=\"586\"><strong>BELLUNO<\/strong> Il segretario provinciale della Lega, Luca De Bernardin, sostiene le parole di Lorraine Berton (Confindustria Belluno Dolomiti) sullo spopolamento e ribadisce l\u2019impegno del partito per il territorio. Tra le iniziative citate, i cantieri per la difesa del suolo, la proroga per le centraline idroelettriche e gli investimenti legati alle Olimpiadi. De Bernardin sottolinea anche gli sforzi per l\u2019autonomia e la Legge per la Montagna, concludendo:<em> \u00abBasta tavoli di discussione, servono decisioni concrete per salvare Belluno\u00bb.<\/em><\/p>\n<\/div>\n<\/div>\n<\/div>\n<\/div>\n<div class=\"flex justify-start\">\n<div class=\"-me-1 -ms-2.5 flex select-none items-center p-1 touch:-me-2 touch:-ms-3.5 -mt-1 duration-[1.5s] focus-within:transition-none hover:transition-none pointer-events-none [mask-image:linear-gradient(to_right,black_33%,transparent_66%)] [mask-position:100%_0%] [mask-size:300%_100%] motion-safe:transition-[mask-position] group-hover\/turn-messages:pointer-events-auto group-hover\/turn-messages:[mask-position:0_0] group-focus-within\/turn-messages:pointer-events-auto group-focus-within\/turn-messages:[mask-position:0_0] has-[[data-state=open]]:pointer-events-auto has-[[data-state=open]]:[mask-position:0_0]\"><\/div>\n<\/div>\n<\/div>\n<\/div>\n<\/div>\n<\/div>\n<\/article>\n<p>&nbsp;<\/p>\n<hr \/>\n<p>&nbsp;<\/p>\n<blockquote>\n<h3>POTENZIATA LA COLLABORAZIONE TRA IL PARCO NAZIONALE DOLOMITI BELLUNESI E I CARABINIERI FORESTALI DEL REPARTO BIODIVERSITA&#8217; DI BELLUNO<\/h3>\n<\/blockquote>\n<p><strong><a class=\"dt-pswp-item\" href=\"https:\/\/www.radiopiu.net\/wordpress\/wp-content\/uploads\/2025\/03\/vice_comandante_cufaa_gen_d_danilo_mostacchi_e_il_commissario__ennio_vigne_11zon.jpg\" data-dt-img-description=\"\" data-large_image_width=\"1360\" data-large_image_height=\"1080\"><img loading=\"lazy\" decoding=\"async\" class=\" wp-image-441679 alignleft\" src=\"https:\/\/www.radiopiu.net\/wordpress\/wp-content\/uploads\/2025\/03\/vice_comandante_cufaa_gen_d_danilo_mostacchi_e_il_commissario__ennio_vigne_11zon-300x238.jpg\" alt=\"\" width=\"185\" height=\"147\" srcset=\"https:\/\/www.radiopiu.net\/wordpress\/wp-content\/uploads\/2025\/03\/vice_comandante_cufaa_gen_d_danilo_mostacchi_e_il_commissario__ennio_vigne_11zon-300x238.jpg 300w, https:\/\/www.radiopiu.net\/wordpress\/wp-content\/uploads\/2025\/03\/vice_comandante_cufaa_gen_d_danilo_mostacchi_e_il_commissario__ennio_vigne_11zon-1024x813.jpg 1024w, https:\/\/www.radiopiu.net\/wordpress\/wp-content\/uploads\/2025\/03\/vice_comandante_cufaa_gen_d_danilo_mostacchi_e_il_commissario__ennio_vigne_11zon-768x610.jpg 768w, https:\/\/www.radiopiu.net\/wordpress\/wp-content\/uploads\/2025\/03\/vice_comandante_cufaa_gen_d_danilo_mostacchi_e_il_commissario__ennio_vigne_11zon.jpg 1360w\" sizes=\"auto, (max-width: 185px) 100vw, 185px\" \/><\/a>BELLUNO <\/strong>\u00c8 stata siglata oggi a Roma la Convenzione per la gestione delle Riserve Naturali Statali nel Parco Nazionale Dolomiti Bellunesi tra l\u2019Ente Parco e il Comando Carabinieri per la Tutela della Biodiversit\u00e0. Valida per il triennio 2025-2028, mira a rafforzare la collaborazione nella conservazione degli habitat montani e nella gestione sostenibile del territorio. L\u2019accordo prevede attivit\u00e0 di educazione ambientale, monitoraggio della biodiversit\u00e0, ricerca scientifica e tutela degli ecosistemi. Si disciplineranno interventi di ripristino, manutenzione e valorizzazione delle risorse naturali nel rispetto delle normative nazionali ed europee. L\u2019Ente Parco fornir\u00e0 un contributo economico annuale al Reparto Carabinieri Biodiversit\u00e0 di Belluno per sostenere le attivit\u00e0 di tutela ambientale. La convenzione rilancer\u00e0 la collaborazione con il centro visitatori, gestito dai Carabinieri Forestali e dalle Guide del Parco, per sensibilizzare scuole e visitatori sulle tematiche ambientali.<\/p>\n<p>&nbsp;<\/p>\n<p>&nbsp;<\/p>\n<hr \/>\n<p>&nbsp;<\/p>\n<blockquote>\n<h3>FEMCA CISL SI CONFERMA PRIMO SINDACATO ALLA TH\u00c9LIOS DI LONGARONE<\/h3>\n<\/blockquote>\n<p><strong><a class=\"dt-pswp-item\" href=\"https:\/\/www.radiopiu.net\/wordpress\/wp-content\/uploads\/2025\/03\/download-16.jpg\" data-dt-img-description=\"\" data-large_image_width=\"275\" data-large_image_height=\"183\"><img loading=\"lazy\" decoding=\"async\" class=\" wp-image-441647 alignleft\" src=\"https:\/\/www.radiopiu.net\/wordpress\/wp-content\/uploads\/2025\/03\/download-16.jpg\" alt=\"\" width=\"180\" height=\"120\" \/><\/a>LONGARONE <\/strong>La Femca Cisl ha vinto le elezioni per il rinnovo delle RSU alla Th\u00e9lios di Longarone e Cima Gogna, tenutesi il 24 e 25 marzo. Hanno votato 733 dipendenti su 1.203 aventi diritto (affluenza del 61%). Dei 712 voti validi, la Femca Cisl ha ottenuto 278 voti (39,04%), seguita da Uil con 229 voti (32,16%) e Cgil con 205 voti (28,79%). I segretari assegnati sono: 7 alla Femca Cisl, 6 alla Uil, 5 alla Cgil. Il quorum per l\u2019elezione era fissato a 40 voti. Gli eletti per Femca Cisl sono Andrea Umattino, Nicola Dal Farra, Sergio Cacciatore, Elisa Balzan, Danica Balzan, Luca Carli e Gianluca Egitto. La segretaria della Femca Cisl Belluno Treviso, Milena Cesca, ha sottolineato come il risultato non fosse scontato, dato che l\u2019azienda ha assorbito centinaia di lavoratori ex-Safilo. Nel 2021 i dipendenti erano poco pi\u00f9 di 500. Cesca ha espresso soddisfazione per la fiducia ricevuta e ha annunciato l\u2019intenzione di avviare un confronto con i lavoratori e la direzione aziendale per il rinnovo del contratto integrativo. Tra gli obiettivi, anche il miglioramento del clima lavorativo, con pi\u00f9 rispetto e riconoscimento per tutti i dipendenti.<\/p>\n<p>&nbsp;<\/p>\n<p>&nbsp;<\/p>\n<hr \/>\n<p>&nbsp;<\/p>\n<blockquote>\n<h3>UN INCONTRO PER ANALIZZARE L&#8217;EMERGENZA ABITATIVA NEL FELTRINO<\/h3>\n<\/blockquote>\n<p><strong>FELTRE<\/strong> Emergenza abitativa sotto i riflettori nel Feltrino, con una mattinata dove si sono analizzate situazione, prospettive ed esperienze sociali e di accoglienza del territorio. Intanto da Venezia arrivano buone notizie per il recupero degli alloggi pubblici.<\/p>\n<p><strong>DI DANIELE DALVIT<\/strong><\/p>\n<audio class=\"wp-audio-shortcode\" id=\"audio-441580-7\" preload=\"none\" style=\"width: 100%;\" controls=\"controls\"><source type=\"audio\/mpeg\" src=\"https:\/\/www.radiopiu.net\/wordpress\/wp-content\/uploads\/2025\/03\/Servizio-Convegno-Abitare-Feltrino.mp3?_=7\" \/><a href=\"https:\/\/www.radiopiu.net\/wordpress\/wp-content\/uploads\/2025\/03\/Servizio-Convegno-Abitare-Feltrino.mp3\">https:\/\/www.radiopiu.net\/wordpress\/wp-content\/uploads\/2025\/03\/Servizio-Convegno-Abitare-Feltrino.mp3<\/a><\/audio>\n<p>&nbsp;<\/p>\n\n\t\t\t<style type='text\/css'>\n\t\t\t\t#gallery-2 {\n\t\t\t\t\tmargin: auto;\n\t\t\t\t}\n\t\t\t\t#gallery-2 .gallery-item {\n\t\t\t\t\tfloat: left;\n\t\t\t\t\tmargin-top: 10px;\n\t\t\t\t\ttext-align: center;\n\t\t\t\t\twidth: 33%;\n\t\t\t\t}\n\t\t\t\t#gallery-2 img {\n\t\t\t\t\tborder: 2px solid #cfcfcf;\n\t\t\t\t}\n\t\t\t\t#gallery-2 .gallery-caption {\n\t\t\t\t\tmargin-left: 0;\n\t\t\t\t}\n\t\t\t\t\/* see gallery_shortcode() in wp-includes\/media.php *\/\n\t\t\t<\/style>\n\t\t<div id='gallery-2' class='dt-gallery-container gallery galleryid-441580 gallery-columns-3 gallery-size-medium'><dl class='gallery-item'>\n\t\t\t\t<dt class='gallery-icon landscape'>\n\t\t\t\t\t<a class=\"rollover rollover-zoom dt-pswp-item\" title=\"5c9c827d-f0ca-405b-8ae3-9635e924b7a5\" data-dt-img-description=\"\" data-large_image_width=\"2560\" data-large_image_height=\"1920\"href='https:\/\/www.radiopiu.net\/wordpress\/wp-content\/uploads\/2025\/03\/5c9c827d-f0ca-405b-8ae3-9635e924b7a5-scaled.jpg'><img loading=\"lazy\" decoding=\"async\" width=\"300\" height=\"225\" src=\"https:\/\/www.radiopiu.net\/wordpress\/wp-content\/uploads\/2025\/03\/5c9c827d-f0ca-405b-8ae3-9635e924b7a5-300x225.jpg\" class=\"attachment-medium size-medium\" alt=\"\" srcset=\"https:\/\/www.radiopiu.net\/wordpress\/wp-content\/uploads\/2025\/03\/5c9c827d-f0ca-405b-8ae3-9635e924b7a5-300x225.jpg 300w, https:\/\/www.radiopiu.net\/wordpress\/wp-content\/uploads\/2025\/03\/5c9c827d-f0ca-405b-8ae3-9635e924b7a5-1024x768.jpg 1024w, https:\/\/www.radiopiu.net\/wordpress\/wp-content\/uploads\/2025\/03\/5c9c827d-f0ca-405b-8ae3-9635e924b7a5-768x576.jpg 768w, https:\/\/www.radiopiu.net\/wordpress\/wp-content\/uploads\/2025\/03\/5c9c827d-f0ca-405b-8ae3-9635e924b7a5-1536x1152.jpg 1536w, https:\/\/www.radiopiu.net\/wordpress\/wp-content\/uploads\/2025\/03\/5c9c827d-f0ca-405b-8ae3-9635e924b7a5-2048x1536.jpg 2048w\" sizes=\"auto, (max-width: 300px) 100vw, 300px\" \/><\/a>\n\t\t\t\t<\/dt><\/dl><dl class='gallery-item'>\n\t\t\t\t<dt class='gallery-icon landscape'>\n\t\t\t\t\t<a class=\"rollover rollover-zoom dt-pswp-item\" title=\"df358a73-1d18-41f5-b92b-18ee04285ce1\" data-dt-img-description=\"\" data-large_image_width=\"2560\" data-large_image_height=\"1920\"href='https:\/\/www.radiopiu.net\/wordpress\/wp-content\/uploads\/2025\/03\/df358a73-1d18-41f5-b92b-18ee04285ce1-scaled.jpg'><img loading=\"lazy\" decoding=\"async\" width=\"300\" height=\"225\" src=\"https:\/\/www.radiopiu.net\/wordpress\/wp-content\/uploads\/2025\/03\/df358a73-1d18-41f5-b92b-18ee04285ce1-300x225.jpg\" class=\"attachment-medium size-medium\" alt=\"\" srcset=\"https:\/\/www.radiopiu.net\/wordpress\/wp-content\/uploads\/2025\/03\/df358a73-1d18-41f5-b92b-18ee04285ce1-300x225.jpg 300w, https:\/\/www.radiopiu.net\/wordpress\/wp-content\/uploads\/2025\/03\/df358a73-1d18-41f5-b92b-18ee04285ce1-1024x768.jpg 1024w, https:\/\/www.radiopiu.net\/wordpress\/wp-content\/uploads\/2025\/03\/df358a73-1d18-41f5-b92b-18ee04285ce1-768x576.jpg 768w, https:\/\/www.radiopiu.net\/wordpress\/wp-content\/uploads\/2025\/03\/df358a73-1d18-41f5-b92b-18ee04285ce1-1536x1152.jpg 1536w, https:\/\/www.radiopiu.net\/wordpress\/wp-content\/uploads\/2025\/03\/df358a73-1d18-41f5-b92b-18ee04285ce1-2048x1536.jpg 2048w\" sizes=\"auto, (max-width: 300px) 100vw, 300px\" \/><\/a>\n\t\t\t\t<\/dt><\/dl><dl class='gallery-item'>\n\t\t\t\t<dt class='gallery-icon landscape'>\n\t\t\t\t\t<a class=\"rollover rollover-zoom dt-pswp-item\" title=\"cdb47973-3530-4875-b789-5225a8373e28\" data-dt-img-description=\"\" data-large_image_width=\"2560\" data-large_image_height=\"1920\"href='https:\/\/www.radiopiu.net\/wordpress\/wp-content\/uploads\/2025\/03\/cdb47973-3530-4875-b789-5225a8373e28-scaled.jpg'><img loading=\"lazy\" decoding=\"async\" width=\"300\" height=\"225\" src=\"https:\/\/www.radiopiu.net\/wordpress\/wp-content\/uploads\/2025\/03\/cdb47973-3530-4875-b789-5225a8373e28-300x225.jpg\" class=\"attachment-medium size-medium\" alt=\"\" srcset=\"https:\/\/www.radiopiu.net\/wordpress\/wp-content\/uploads\/2025\/03\/cdb47973-3530-4875-b789-5225a8373e28-300x225.jpg 300w, https:\/\/www.radiopiu.net\/wordpress\/wp-content\/uploads\/2025\/03\/cdb47973-3530-4875-b789-5225a8373e28-1024x768.jpg 1024w, https:\/\/www.radiopiu.net\/wordpress\/wp-content\/uploads\/2025\/03\/cdb47973-3530-4875-b789-5225a8373e28-768x576.jpg 768w, https:\/\/www.radiopiu.net\/wordpress\/wp-content\/uploads\/2025\/03\/cdb47973-3530-4875-b789-5225a8373e28-1536x1152.jpg 1536w, https:\/\/www.radiopiu.net\/wordpress\/wp-content\/uploads\/2025\/03\/cdb47973-3530-4875-b789-5225a8373e28-2048x1536.jpg 2048w\" sizes=\"auto, (max-width: 300px) 100vw, 300px\" \/><\/a>\n\t\t\t\t<\/dt><\/dl><br style=\"clear: both\" \/>\n\t\t\t<\/div>\n\n<p>&nbsp;<\/p>\n<hr \/>\n<p>&nbsp;<\/p>\n<blockquote>\n<h3>AGRIMONT CHIUDE A QUOTA 24.000 VISITATORI, +4% SUL 2024 53 EVENTI HANNO PORTATO UN VALORE AGGIUNTO<\/h3>\n<\/blockquote>\n<p><strong><a class=\"dt-pswp-item\" href=\"https:\/\/www.radiopiu.net\/wordpress\/wp-content\/uploads\/2024\/03\/Biglietteria-domenica-ad-Agrimont.jpg\" data-dt-img-description=\"\" data-large_image_width=\"1600\" data-large_image_height=\"976\"><img loading=\"lazy\" decoding=\"async\" class=\"size-medium wp-image-381223 alignleft\" src=\"https:\/\/www.radiopiu.net\/wordpress\/wp-content\/uploads\/2024\/03\/Biglietteria-domenica-ad-Agrimont-300x183.jpg\" alt=\"\" width=\"300\" height=\"183\" srcset=\"https:\/\/www.radiopiu.net\/wordpress\/wp-content\/uploads\/2024\/03\/Biglietteria-domenica-ad-Agrimont-300x183.jpg 300w, https:\/\/www.radiopiu.net\/wordpress\/wp-content\/uploads\/2024\/03\/Biglietteria-domenica-ad-Agrimont-1024x625.jpg 1024w, https:\/\/www.radiopiu.net\/wordpress\/wp-content\/uploads\/2024\/03\/Biglietteria-domenica-ad-Agrimont-768x468.jpg 768w, https:\/\/www.radiopiu.net\/wordpress\/wp-content\/uploads\/2024\/03\/Biglietteria-domenica-ad-Agrimont-1536x937.jpg 1536w, https:\/\/www.radiopiu.net\/wordpress\/wp-content\/uploads\/2024\/03\/Biglietteria-domenica-ad-Agrimont.jpg 1600w\" sizes=\"auto, (max-width: 300px) 100vw, 300px\" \/><\/a>LONGARONE <\/strong>Si \u00e8 conclusa con successo l\u2019edizione 2025 di Agrimont, che ha registrato un totale di 24.000 visitatori, segnando un aumento del 4% rispetto all\u2019anno precedente. L\u2019evento ha mantenuto un flusso costante di presenze fino all\u2019ultima ora, con una lunga fila all\u2019ingresso fino al tardo pomeriggio di domenica. \u00abUn ottimo risultato, che conferma Agrimont come la fiera di primavera pi\u00f9 amata e apprezzata\u00bb, ha dichiarato Giovanni De Lorenzi, Amministratore Delegato di Longarone Fiere Dolomiti. \u00abL\u2019incremento degli ingressi riflette la qualit\u00e0 dell\u2019offerta e il grande riscontro da parte degli espositori\u00bb. La fiera ha attratto visitatori non solo dal Veneto, ma anche dal Friuli Venezia Giulia, Trentino Alto Adige, Emilia Romagna, Lombardia e Marche, con una presenza significativa dall\u2019estero, in particolare da Germania, Slovenia e Austria. Oltre alla vasta esposizione di prodotti per agricoltura, giardinaggio e allevamento, Agrimont ha proposto 53 eventi tra convegni e approfondimenti. Il successo della fattoria didattica di Arav e del Gelato Day ha contribuito al record di quasi 7.000 ingressi nell\u2019ultima giornata. Longarone Fiere Dolomiti ora si prepara al prossimo appuntamento: dall\u201911 al 13 aprile torner\u00e0 \u201cCaccia, Pesca e Natura\u201d, la rassegna dedicata agli sport faunistici, venatori e outdoor.<\/p>\n<p>&nbsp;<\/p>\n<p>&nbsp;<\/p>\n<hr \/>\n<p>&nbsp;<\/p>\n<blockquote>\n<h3>COMUNE DI ALPAGO CELEBRA LA GIORNATA DEI NUOVI NATI<\/h3>\n<\/blockquote>\n<p><strong><a class=\"dt-pswp-item\" href=\"https:\/\/www.radiopiu.net\/wordpress\/wp-content\/uploads\/2025\/03\/image0-2-scaled.jpeg\" data-dt-img-description=\"\" data-large_image_width=\"2560\" data-large_image_height=\"2560\"><img loading=\"lazy\" decoding=\"async\" class=\" wp-image-441651 alignleft\" src=\"https:\/\/www.radiopiu.net\/wordpress\/wp-content\/uploads\/2025\/03\/image0-2-300x300.jpeg\" alt=\"\" width=\"230\" height=\"230\" srcset=\"https:\/\/www.radiopiu.net\/wordpress\/wp-content\/uploads\/2025\/03\/image0-2-300x300.jpeg 300w, https:\/\/www.radiopiu.net\/wordpress\/wp-content\/uploads\/2025\/03\/image0-2-1024x1024.jpeg 1024w, https:\/\/www.radiopiu.net\/wordpress\/wp-content\/uploads\/2025\/03\/image0-2-150x150.jpeg 150w, https:\/\/www.radiopiu.net\/wordpress\/wp-content\/uploads\/2025\/03\/image0-2-768x768.jpeg 768w, https:\/\/www.radiopiu.net\/wordpress\/wp-content\/uploads\/2025\/03\/image0-2-1536x1536.jpeg 1536w, https:\/\/www.radiopiu.net\/wordpress\/wp-content\/uploads\/2025\/03\/image0-2-2048x2048.jpeg 2048w\" sizes=\"auto, (max-width: 230px) 100vw, 230px\" \/><\/a>ALPAGO <\/strong>Il Comune ha celebrato la Giornata dei Nuovi Nati, un evento annuale dedicato alle famiglie dei bambini nati nel corso del 2024 e residenti nel territorio comunale. La cerimonia, svoltasi lo scorso venerd\u00ec 21 marzo presso la sede municipale di Puos d\u2019Alpago, ha visto la partecipazione di numerosi cittadini e delle istituzioni locali. Durante l\u2019evento, gli Amministratori hanno consegnato un attestato a ciascuno dei 30 nuovi nati, accompagnato da un libro e un omaggio floreale, simbolo di vita e crescita. Questa iniziativa si inserisce nelle politiche sociali del Comune a sostegno delle famiglie e della natalit\u00e0, che comprendono anche un contributo economico di 500 euro per ogni nuovo nato residente. Tale beneficio pu\u00f2 essere richiesto dai genitori compilando il modulo fornito dall\u2019Ufficio di Stato Civile al momento della registrazione della nascita. Il Sindaco di Alpago, Alberto Peterle, ha sottolineato l\u2019importanza della cerimonia:<em> \u201cQuesto evento rappresenta un momento di comunit\u00e0 e condivisione, creando legami tra le famiglie e l\u2019amministrazione. Il nostro auspicio \u00e8 che questi gesti simbolici rafforzino il senso di appartenenza alla nostra realt\u00e0 locale\u201d. <\/em>Il Vicesindaco e Assessore alle Politiche Sociali, Marina Zopp\u00e8, ha espresso preoccupazione per il calo delle nascite nel territorio: \u201c<em>Lo spopolamento e l\u2019invecchiamento della popolazione rappresentano una sfida, ma questi nuovi nati ci danno la forza per continuare a lavorare per il futuro della nostra comunit\u00e0\u201d.<\/em><\/p>\n<p>&nbsp;<\/p>\n<p>&nbsp;<\/p>\n<hr \/>\n<p>&nbsp;<\/p>\n<blockquote>\n<h3>SCUOLA DELL\u2019INFANZIA DI BRIBANO PREMIATA PER LA VALORIZZAZIONE DEL PATRIMONIO CULTURALE VENETO<\/h3>\n<\/blockquote>\n<p><strong>SEDICO<\/strong> La Scuola dell\u2019Infanzia Paritaria Don Modesto Sorio di Bribano di Sedico ha vinto il 14\u00b0 Concorso sulla tutela del patrimonio veneto. Il progetto premiato, \u201cLeggende, Misteri e Magiche Creature\u201d, ha reinterpretato antiche leggende venete con laboratori artistici. Una delegazione della classe dei Girasoli ha ritirato il premio a Mestre. Il video presentato mostrava storie come <em data-start=\"383\" data-end=\"421\">La Redosega, Il Mazarol e San Nicol\u00f2<\/em>, rappresentate con opere d\u2019arte dei bambini. Per celebrare i 100 anni della scuola, a giugno verr\u00e0 inaugurato il \u201cSentiero delle Leggende\u201d. La giuria ha elogiato il lavoro con il messaggio: <em data-start=\"612\" data-end=\"675\">\u201cUNA LODE AI BAMBINI, PICCOLE PERSONE CHE FANNO GRANDI COSE!\u201d<\/em>, riconoscendo l\u2019impegno nella valorizzazione delle tradizioni venete.<\/p>\n\n\t\t\t<style type='text\/css'>\n\t\t\t\t#gallery-3 {\n\t\t\t\t\tmargin: auto;\n\t\t\t\t}\n\t\t\t\t#gallery-3 .gallery-item {\n\t\t\t\t\tfloat: left;\n\t\t\t\t\tmargin-top: 10px;\n\t\t\t\t\ttext-align: center;\n\t\t\t\t\twidth: 50%;\n\t\t\t\t}\n\t\t\t\t#gallery-3 img {\n\t\t\t\t\tborder: 2px solid #cfcfcf;\n\t\t\t\t}\n\t\t\t\t#gallery-3 .gallery-caption {\n\t\t\t\t\tmargin-left: 0;\n\t\t\t\t}\n\t\t\t\t\/* see gallery_shortcode() in wp-includes\/media.php *\/\n\t\t\t<\/style>\n\t\t<div id='gallery-3' class='dt-gallery-container gallery galleryid-441580 gallery-columns-2 gallery-size-thumbnail'><dl class='gallery-item'>\n\t\t\t\t<dt class='gallery-icon landscape'>\n\t\t\t\t\t<a class=\"rollover rollover-zoom dt-pswp-item\" title=\"GIRA4\" data-dt-img-description=\"\" data-large_image_width=\"372\" data-large_image_height=\"220\"href='https:\/\/www.radiopiu.net\/wordpress\/wp-content\/uploads\/2025\/03\/GIRA4.png'><img loading=\"lazy\" decoding=\"async\" width=\"150\" height=\"150\" src=\"https:\/\/www.radiopiu.net\/wordpress\/wp-content\/uploads\/2025\/03\/GIRA4-150x150.png\" class=\"attachment-thumbnail size-thumbnail\" alt=\"\" \/><\/a>\n\t\t\t\t<\/dt><\/dl><dl class='gallery-item'>\n\t\t\t\t<dt class='gallery-icon landscape'>\n\t\t\t\t\t<a class=\"rollover rollover-zoom dt-pswp-item\" title=\"aaaa\" data-dt-img-description=\"\" data-large_image_width=\"446\" data-large_image_height=\"273\"href='https:\/\/www.radiopiu.net\/wordpress\/wp-content\/uploads\/2025\/03\/aaaa-1.png'><img loading=\"lazy\" decoding=\"async\" width=\"150\" height=\"150\" src=\"https:\/\/www.radiopiu.net\/wordpress\/wp-content\/uploads\/2025\/03\/aaaa-1-150x150.png\" class=\"attachment-thumbnail size-thumbnail\" alt=\"\" \/><\/a>\n\t\t\t\t<\/dt><\/dl><br style=\"clear: both\" \/>\n\t\t\t<\/div>\n\n<p>&nbsp;<\/p>\n<p>&nbsp;<\/p>\n<hr \/>\n<p>&nbsp;<\/p>\n<blockquote>\n<h3>UN BANDO PER 133 COMMISSARI TECNICI DELLA POLIZIA DI STATO<\/h3>\n<\/blockquote>\n<p><strong>BELLUNO<\/strong> Sono stati pubblicati i bandi per concorsi pubblici della Polizia di Stato per l&#8217;assunzione di 133 commissari tecnici in diverse discipline (biologi, ingegneri, chimici, psicologi e fisici). Le domande possono essere presentate online dal 25 marzo al 23 aprile 2025 tramite il sito della Polizia di Stato o il Portale unico del reclutamento.<\/p>\n<p>&nbsp;<\/p>\n<p>&nbsp;<\/p>\n<hr \/>\n<p>&nbsp;<\/p>\n<blockquote>\n<h3><a class=\"dt-pswp-item\" href=\"https:\/\/www.radiopiu.net\/wordpress\/wp-content\/uploads\/2025\/03\/COLOMBA-ADMO.jpg\" data-dt-img-description=\"\" data-large_image_width=\"785\" data-large_image_height=\"785\"><img loading=\"lazy\" decoding=\"async\" class=\" wp-image-441688 alignleft\" src=\"https:\/\/www.radiopiu.net\/wordpress\/wp-content\/uploads\/2025\/03\/COLOMBA-ADMO-300x300.jpg\" alt=\"\" width=\"160\" height=\"160\" srcset=\"https:\/\/www.radiopiu.net\/wordpress\/wp-content\/uploads\/2025\/03\/COLOMBA-ADMO-300x300.jpg 300w, https:\/\/www.radiopiu.net\/wordpress\/wp-content\/uploads\/2025\/03\/COLOMBA-ADMO-150x150.jpg 150w, https:\/\/www.radiopiu.net\/wordpress\/wp-content\/uploads\/2025\/03\/COLOMBA-ADMO-768x768.jpg 768w, https:\/\/www.radiopiu.net\/wordpress\/wp-content\/uploads\/2025\/03\/COLOMBA-ADMO.jpg 785w\" sizes=\"auto, (max-width: 160px) 100vw, 160px\" \/><\/a>UNA COLOMBA PER LA VITA CON ADMO<\/h3>\n<\/blockquote>\n<p><strong>BELLUNO<\/strong> Solo 1 persona su 100.000 \u00e8 compatibile per la donazione di midollo osseo. ADMO promuove la campagna pasquale con la vendita di colombe per sensibilizzare e raccogliere fondi a favore dell\u2019iscrizione al registro donatori (IBMDR). L&#8217;iniziativa \u00e8 attiva in tutta Italia, incluse le piazze e supermercati del Veneto. Le informazioni sono disponibili sui social delle province e sul sito <a class=\"\" href=\"http:\/\/www.admoveneto.it\/iscriviti\" target=\"_new\" rel=\"noopener\" data-start=\"384\" data-end=\"411\">www.admoveneto.it\/iscriviti<\/a>. Nel 2024, ADMO Veneto ha registrato oltre 5000 nuovi iscritti e 103 donazioni effettive. L\u2019obiettivo \u00e8 stimolare una scelta consapevole e duratura. La Presidente Mara Rosolen sottolinea il valore della solidariet\u00e0. Le colombe solidali sono disponibili anche online su <a class=\"\" href=\"http:\/\/www.admoveneto.it\/campagna-colombe\/\" target=\"_new\" rel=\"noopener\" data-start=\"681\" data-end=\"716\">www.admoveneto.it\/campagna-colombe\/<\/a>.<\/p>\n<p>&nbsp;<\/p>\n<p>&nbsp;<\/p>\n<hr \/>\n<p>&nbsp;<\/p>\n<blockquote>\n<h3>AL SANTA MARIA DEL PRATO UN INCONTRO SULLE MALATTIE INFIAMMATORIE CRONICHE<\/h3>\n<\/blockquote>\n<p><strong><a class=\"dt-pswp-item\" href=\"https:\/\/www.radiopiu.net\/wordpress\/wp-content\/uploads\/2025\/03\/IO-ESCO.jpg\" data-dt-img-description=\"\" data-large_image_width=\"663\" data-large_image_height=\"292\"><img loading=\"lazy\" decoding=\"async\" class=\" wp-image-441351 alignleft\" src=\"https:\/\/www.radiopiu.net\/wordpress\/wp-content\/uploads\/2025\/03\/IO-ESCO-300x132.jpg\" alt=\"\" width=\"216\" height=\"95\" srcset=\"https:\/\/www.radiopiu.net\/wordpress\/wp-content\/uploads\/2025\/03\/IO-ESCO-300x132.jpg 300w, https:\/\/www.radiopiu.net\/wordpress\/wp-content\/uploads\/2025\/03\/IO-ESCO.jpg 663w\" sizes=\"auto, (max-width: 216px) 100vw, 216px\" \/><\/a>FELTRE <\/strong>Sabato 29 marzo, dalle 10:00 alle 14:30, presso l\u2019Ospedale S. Maria del Prato di Feltre, si terr\u00e0 l\u2019incontro <em data-start=\"109\" data-end=\"120\">&#8220;Io esco&#8221;<\/em>, promosso dalla UOSD di Malattie Infiammatorie Gastrointestinali e dalla UOC di Gastroenterologia. L\u2019evento mira a sensibilizzare sui problemi legati alle malattie infiammatorie croniche intestinali, che in Italia colpiscono oltre 250.000 persone, di cui 600 seguite a Feltre. La campagna <em data-start=\"413\" data-end=\"424\">&#8220;Io esco&#8221;<\/em>, sostenuta da Alfasigma e AMICI, vuole offrire strumenti per una maggiore consapevolezza e autonomia dei pazienti, favorendo il dialogo con i medici. Durante l\u2019incontro, esperti e un team multidisciplinare forniranno informazioni utili per la gestione della patologia, aiutando i pazienti a vivere con pi\u00f9 sicurezza e qualit\u00e0 di vita.<\/p>\n<p>&nbsp;<\/p>\n<p>&nbsp;<\/p>\n<hr \/>\n<p>&nbsp;<\/p>\n<blockquote>\n<h3>NASCERE NELLE DOLOMITI: PROSSIMO INCONTRO A CENCENIGHE<\/h3>\n<\/blockquote>\n<p><strong><a class=\"dt-pswp-item\" href=\"https:\/\/www.radiopiu.net\/wordpress\/wp-content\/uploads\/2025\/03\/SCR-20250322-kbxo.jpeg\" data-dt-img-description=\"\" data-large_image_width=\"1346\" data-large_image_height=\"946\"><img loading=\"lazy\" decoding=\"async\" class=\" wp-image-440975 alignleft\" src=\"https:\/\/www.radiopiu.net\/wordpress\/wp-content\/uploads\/2025\/03\/SCR-20250322-kbxo-300x211.jpeg\" alt=\"\" width=\"189\" height=\"133\" srcset=\"https:\/\/www.radiopiu.net\/wordpress\/wp-content\/uploads\/2025\/03\/SCR-20250322-kbxo-300x211.jpeg 300w, https:\/\/www.radiopiu.net\/wordpress\/wp-content\/uploads\/2025\/03\/SCR-20250322-kbxo-1024x720.jpeg 1024w, https:\/\/www.radiopiu.net\/wordpress\/wp-content\/uploads\/2025\/03\/SCR-20250322-kbxo-768x540.jpeg 768w, https:\/\/www.radiopiu.net\/wordpress\/wp-content\/uploads\/2025\/03\/SCR-20250322-kbxo.jpeg 1346w\" sizes=\"auto, (max-width: 189px) 100vw, 189px\" \/><\/a>CENCENIGHE <\/strong>Prosegue il ciclo di incontri \u201cNascere nelle Dolomiti: il percorso salute mamma-bambino\u201d, organizzati dall\u2019Ulss Dolomiti nell\u2019ambito dell\u2019area materno-infantile. Il prossimo incontro si terr\u00e0 gioved\u00ec 3 aprile alle 16.30 nella Sala Culturale Comunale \u2013 Centro Nof Fil\u00f2 a Cencenighe Agordino. Si tratta del terzo di una serie di appuntamenti sul territorio, aperti alla cittadinanza, promossi dalle unit\u00e0 operative di Ostetricia e Ginecologia e di Pediatria dell\u2019Ospedale di Belluno, dedicati al percorso salute della mamma e del bambino. Durante gli incontri saranno illustrati e approfonditi i percorsi e i servizi del punto nascita. La cittadinanza \u00e8 invitata.<\/p>\n<p>&nbsp;<\/p>\n<p>&nbsp;<\/p>\n<hr \/>\n<p>&nbsp;<\/p>\n<blockquote>\n<h3>INSIEME PER L&#8217;AUTISMO<\/h3>\n<\/blockquote>\n<p><strong><a class=\"dt-pswp-item\" href=\"https:\/\/www.radiopiu.net\/wordpress\/wp-content\/uploads\/2025\/03\/SCR-20250322-lkpf.png\" data-dt-img-description=\"\" data-large_image_width=\"1366\" data-large_image_height=\"772\"><img loading=\"lazy\" decoding=\"async\" class=\" wp-image-440982 alignleft\" src=\"https:\/\/www.radiopiu.net\/wordpress\/wp-content\/uploads\/2025\/03\/SCR-20250322-lkpf-300x170.png\" alt=\"\" width=\"215\" height=\"122\" srcset=\"https:\/\/www.radiopiu.net\/wordpress\/wp-content\/uploads\/2025\/03\/SCR-20250322-lkpf-300x170.png 300w, https:\/\/www.radiopiu.net\/wordpress\/wp-content\/uploads\/2025\/03\/SCR-20250322-lkpf-1024x579.png 1024w, https:\/\/www.radiopiu.net\/wordpress\/wp-content\/uploads\/2025\/03\/SCR-20250322-lkpf-768x434.png 768w, https:\/\/www.radiopiu.net\/wordpress\/wp-content\/uploads\/2025\/03\/SCR-20250322-lkpf.png 1366w\" sizes=\"auto, (max-width: 215px) 100vw, 215px\" \/><\/a>BELLUNO<\/strong> L\u2019Ulss Dolomiti promuove l\u2019evento \u201cInsieme per l\u2019autismo\u201d il 2 aprile 2025, in occasione della Giornata mondiale della consapevolezza sull\u2019autismo. L\u2019iniziativa, realizzata con diverse unit\u00e0 operative sanitarie, scuole e associazioni, mira a sensibilizzare sul Disturbo dello Spettro Autistico e sull\u2019importanza di interventi inclusivi. La mattina, al Centro Congressi Giovanni XXIII di Belluno, si terranno laboratori esperienziali per studenti, tra cui attivit\u00e0 teatrali, sportive e creative. Nel pomeriggio, un incontro aperto alla cittadinanza presenter\u00e0 i progetti attivi e le strategie future per il benessere delle persone autistiche, moderato da Milena Guglielminetti.<\/p>\n<p>&nbsp;<\/p>\n<p>&nbsp;<\/p>\n<hr \/>\n<p>&nbsp;<\/p>\n<blockquote>\n<h3>L&#8217;ASSEMBLEA DEL CIRCOLO CULTURALE AGORDINO<\/h3>\n<\/blockquote>\n<p><strong>AGORDO<\/strong> L\u2019Assemblea ordinaria del Circolo Culturale Agordino a.p.s. si terr\u00e0 presso la Biblioteca Civica di Agordo il 28 marzo 2025 (prima convocazione) e il 29 marzo 2025 alle 10:30 (seconda convocazione). All\u2019ordine del giorno: programmazione delle attivit\u00e0 2025, approvazione del bilancio 2024 e relazione sul bilancio sociale.<\/p>\n<p><strong>DI GIANNI SANTOMASO<\/strong><\/p>\n<audio class=\"wp-audio-shortcode\" id=\"audio-441580-8\" preload=\"none\" style=\"width: 100%;\" controls=\"controls\"><source type=\"audio\/mpeg\" src=\"https:\/\/www.radiopiu.net\/wordpress\/wp-content\/uploads\/2025\/03\/GIANNI-LASSEMBLEA-DEL-CIRCOLO-CULTURALE-AGORDINO.mp3?_=8\" \/><a href=\"https:\/\/www.radiopiu.net\/wordpress\/wp-content\/uploads\/2025\/03\/GIANNI-LASSEMBLEA-DEL-CIRCOLO-CULTURALE-AGORDINO.mp3\">https:\/\/www.radiopiu.net\/wordpress\/wp-content\/uploads\/2025\/03\/GIANNI-LASSEMBLEA-DEL-CIRCOLO-CULTURALE-AGORDINO.mp3<\/a><\/audio>\n<p>&nbsp;<\/p>\n<hr \/>\n<p>&nbsp;<\/p>\n<blockquote>\n<h3>L&#8217;ASSEMBLEA DELLA SEZIONE AGORDINA DEL CAI<\/h3>\n<\/blockquote>\n<p><strong><a class=\"dt-pswp-item\" href=\"https:\/\/www.radiopiu.net\/wordpress\/wp-content\/uploads\/2020\/04\/cai-agordo.jpg\" data-dt-img-description=\"\" data-large_image_width=\"297\" data-large_image_height=\"170\"><img loading=\"lazy\" decoding=\"async\" class=\"size-full wp-image-127841 alignleft\" src=\"https:\/\/www.radiopiu.net\/wordpress\/wp-content\/uploads\/2020\/04\/cai-agordo.jpg\" alt=\"\" width=\"297\" height=\"170\" \/><\/a>AGORDO<\/strong><\/p>\n<p>DI GIANNI SANTOMASO<\/p>\n<audio class=\"wp-audio-shortcode\" id=\"audio-441580-9\" preload=\"none\" style=\"width: 100%;\" controls=\"controls\"><source type=\"audio\/mpeg\" src=\"https:\/\/www.radiopiu.net\/wordpress\/wp-content\/uploads\/2025\/03\/GIANNI-LASSEMBLEA-DELLA-SEZIONE-AGORDINA-DEL-CAI.mp3?_=9\" \/><a href=\"https:\/\/www.radiopiu.net\/wordpress\/wp-content\/uploads\/2025\/03\/GIANNI-LASSEMBLEA-DELLA-SEZIONE-AGORDINA-DEL-CAI.mp3\">https:\/\/www.radiopiu.net\/wordpress\/wp-content\/uploads\/2025\/03\/GIANNI-LASSEMBLEA-DELLA-SEZIONE-AGORDINA-DEL-CAI.mp3<\/a><\/audio>\n<p>&nbsp;<\/p>\n<hr \/>\n<p>&nbsp;<\/p>\n<blockquote>\n<h3>&#8220;DA ONDE VERS ONDE&#8221; A CENCENIGHE<\/h3>\n<\/blockquote>\n<p><strong><a class=\"dt-pswp-item\" href=\"https:\/\/www.radiopiu.net\/wordpress\/wp-content\/uploads\/2025\/03\/LSODHFHDYUDJ.jpg\" data-dt-img-description=\"\" data-large_image_width=\"1754\" data-large_image_height=\"1337\"><img loading=\"lazy\" decoding=\"async\" class=\" wp-image-441343 alignleft\" src=\"https:\/\/www.radiopiu.net\/wordpress\/wp-content\/uploads\/2025\/03\/LSODHFHDYUDJ-300x229.jpg\" alt=\"\" width=\"174\" height=\"133\" srcset=\"https:\/\/www.radiopiu.net\/wordpress\/wp-content\/uploads\/2025\/03\/LSODHFHDYUDJ-300x229.jpg 300w, https:\/\/www.radiopiu.net\/wordpress\/wp-content\/uploads\/2025\/03\/LSODHFHDYUDJ-1024x781.jpg 1024w, https:\/\/www.radiopiu.net\/wordpress\/wp-content\/uploads\/2025\/03\/LSODHFHDYUDJ-768x585.jpg 768w, https:\/\/www.radiopiu.net\/wordpress\/wp-content\/uploads\/2025\/03\/LSODHFHDYUDJ-1536x1171.jpg 1536w, https:\/\/www.radiopiu.net\/wordpress\/wp-content\/uploads\/2025\/03\/LSODHFHDYUDJ.jpg 1754w\" sizes=\"auto, (max-width: 174px) 100vw, 174px\" \/><\/a>CENCENIGHE <\/strong>L\u2019Union Ladina Val Biois, in collaborazione con il Musla, organizza la seconda edizione delle serate linguistiche <em data-start=\"114\" data-end=\"135\">&#8220;Da onde vers onde&#8221;<\/em>, il 28 marzo e il 4 aprile in sala consigliare a Cencenighe Agordino. L\u2019evento approfondir\u00e0 l\u2019evoluzione storica e linguistica dell\u2019Agordino, con due ospiti d\u2019eccezione. Il 28 marzo Giovanni Tomasi, esperto di linguistica e storia locale, parler\u00e0 dell\u2019origine dei nomi e della toponomastica dell\u2019Agordino. Il 4 aprile Nicola Cassisi, docente di lettere, analizzer\u00e0 il legame tra lingua, paesaggio ed economia nelle valli dolomitiche. Le serate, aperte a tutti e a ingresso libero, vogliono valorizzare la lingua ladina e la storia locale, aiutando la comunit\u00e0 a comprendere il proprio passato e affrontare il futuro con consapevolezza.<\/p>\n<p><strong>DI GIANNI SANTOMASO<\/strong><\/p>\n<audio class=\"wp-audio-shortcode\" id=\"audio-441580-10\" preload=\"none\" style=\"width: 100%;\" controls=\"controls\"><source type=\"audio\/mpeg\" src=\"https:\/\/www.radiopiu.net\/wordpress\/wp-content\/uploads\/2025\/03\/GIANNI-DA-ONDE-VERS-ONDE.mp3?_=10\" \/><a href=\"https:\/\/www.radiopiu.net\/wordpress\/wp-content\/uploads\/2025\/03\/GIANNI-DA-ONDE-VERS-ONDE.mp3\">https:\/\/www.radiopiu.net\/wordpress\/wp-content\/uploads\/2025\/03\/GIANNI-DA-ONDE-VERS-ONDE.mp3<\/a><\/audio>\n<p>&nbsp;<\/p>\n<hr \/>\n<p>&nbsp;<\/p>\n<blockquote>\n<h3>TORNA LA VECIA POPA SUL BROI DI AGORDO<\/h3>\n<\/blockquote>\n<p><strong><a class=\"dt-pswp-item\" href=\"https:\/\/www.radiopiu.net\/wordpress\/wp-content\/uploads\/2024\/02\/VeciaPopa2014b.jpg\" data-dt-img-description=\"\" data-large_image_width=\"1500\" data-large_image_height=\"944\"><img loading=\"lazy\" decoding=\"async\" class=\" wp-image-376680 alignleft\" src=\"https:\/\/www.radiopiu.net\/wordpress\/wp-content\/uploads\/2024\/02\/VeciaPopa2014b-300x189.jpg\" alt=\"\" width=\"237\" height=\"149\" srcset=\"https:\/\/www.radiopiu.net\/wordpress\/wp-content\/uploads\/2024\/02\/VeciaPopa2014b-300x189.jpg 300w, https:\/\/www.radiopiu.net\/wordpress\/wp-content\/uploads\/2024\/02\/VeciaPopa2014b-1024x644.jpg 1024w, https:\/\/www.radiopiu.net\/wordpress\/wp-content\/uploads\/2024\/02\/VeciaPopa2014b-768x483.jpg 768w, https:\/\/www.radiopiu.net\/wordpress\/wp-content\/uploads\/2024\/02\/VeciaPopa2014b.jpg 1500w\" sizes=\"auto, (max-width: 237px) 100vw, 237px\" \/><\/a>AGORDO<\/strong><\/p>\n<p>DI GIANNI SANTOMASO<\/p>\n<audio class=\"wp-audio-shortcode\" id=\"audio-441580-11\" preload=\"none\" style=\"width: 100%;\" controls=\"controls\"><source type=\"audio\/mpeg\" src=\"https:\/\/www.radiopiu.net\/wordpress\/wp-content\/uploads\/2025\/03\/GIANNI-TORNA-LA-VECIA-POPA.mp3?_=11\" \/><a href=\"https:\/\/www.radiopiu.net\/wordpress\/wp-content\/uploads\/2025\/03\/GIANNI-TORNA-LA-VECIA-POPA.mp3\">https:\/\/www.radiopiu.net\/wordpress\/wp-content\/uploads\/2025\/03\/GIANNI-TORNA-LA-VECIA-POPA.mp3<\/a><\/audio>\n<p>&nbsp;<\/p>\n<hr \/>\n<p>&nbsp;<\/p>\n<blockquote>\n<h3>SABATO IL CONCERTO DI PRIMAVERA DEL CORO VOCI IN VALLE<\/h3>\n<\/blockquote>\n<p><strong><a class=\"dt-pswp-item\" href=\"https:\/\/www.radiopiu.net\/wordpress\/wp-content\/uploads\/2023\/01\/Schermata-2023-01-04-alle-11.37.29.png\" data-dt-img-description=\"\" data-large_image_width=\"344\" data-large_image_height=\"222\"><img loading=\"lazy\" decoding=\"async\" class=\" wp-image-314871 alignleft\" src=\"https:\/\/www.radiopiu.net\/wordpress\/wp-content\/uploads\/2023\/01\/Schermata-2023-01-04-alle-11.37.29-300x194.png\" alt=\"\" width=\"189\" height=\"122\" srcset=\"https:\/\/www.radiopiu.net\/wordpress\/wp-content\/uploads\/2023\/01\/Schermata-2023-01-04-alle-11.37.29-300x194.png 300w, https:\/\/www.radiopiu.net\/wordpress\/wp-content\/uploads\/2023\/01\/Schermata-2023-01-04-alle-11.37.29.png 344w\" sizes=\"auto, (max-width: 189px) 100vw, 189px\" \/><\/a>BELLUNO<\/strong> Il &#8220;Concerto di Primavera&#8221;, organizzato dal Gruppo Corale &#8220;Voci in Valle&#8221; di Sedico, celebra quest\u2019anno il suo decimo anniversario, dopo essere stato sospeso nel biennio 2020-2021 a causa della pandemia. L&#8217;edizione 2025 si terr\u00e0 sabato 29 marzo alle 20.30, con ingresso libero, nella chiesa arcipretale di Sedico. Durante il concerto, il coro di Sedico eseguir\u00e0 brani di ispirazione popolare, tra cui opere di autori come Dick e Melodie Turner, Salvatore Sini, Bepi De Marzi e altri. Inoltre, si esibir\u00e0 il Coro \u201cFodom\u201d di Livinallongo del Col di Lana, diretto da Lorenzo Vallazza, che presenter\u00e0 un repertorio che spazia dal canto di montagna al popolare, con particolare attenzione al canto in Ladino. Tra i brani in programma, quelli di Bepi De Marzi, Nanni Pellegrini e Jean Sibelius.<\/p>\n<p>&nbsp;<\/p>\n<p>&nbsp;<\/p>\n<hr \/>\n<p>&nbsp;<\/p>\n<blockquote>\n<p class=\"\" data-start=\"0\" data-end=\"95\"><strong data-start=\"0\" data-end=\"93\"><a class=\"dt-pswp-item\" href=\"https:\/\/www.radiopiu.net\/wordpress\/wp-content\/uploads\/2025\/03\/mostra-scalpellini-1-scaled.jpg\" data-dt-img-description=\"\" data-large_image_width=\"2560\" data-large_image_height=\"1276\"><img loading=\"lazy\" decoding=\"async\" class=\" wp-image-441657 alignleft\" src=\"https:\/\/www.radiopiu.net\/wordpress\/wp-content\/uploads\/2025\/03\/mostra-scalpellini-1-300x150.jpg\" alt=\"\" width=\"254\" height=\"127\" srcset=\"https:\/\/www.radiopiu.net\/wordpress\/wp-content\/uploads\/2025\/03\/mostra-scalpellini-1-300x150.jpg 300w, https:\/\/www.radiopiu.net\/wordpress\/wp-content\/uploads\/2025\/03\/mostra-scalpellini-1-1024x510.jpg 1024w, https:\/\/www.radiopiu.net\/wordpress\/wp-content\/uploads\/2025\/03\/mostra-scalpellini-1-768x383.jpg 768w, https:\/\/www.radiopiu.net\/wordpress\/wp-content\/uploads\/2025\/03\/mostra-scalpellini-1-1536x766.jpg 1536w, https:\/\/www.radiopiu.net\/wordpress\/wp-content\/uploads\/2025\/03\/mostra-scalpellini-1-2048x1021.jpg 2048w\" sizes=\"auto, (max-width: 254px) 100vw, 254px\" \/><\/a>RITRATTI DI UN TEMPO: LA MOSTRA DEI VETRINI FOTOGRAFICI DEL \u201cMODESTA\u201d PROLUNGA DI UN MESE<\/strong><\/p>\n<p class=\"\" data-start=\"97\" data-end=\"420\"><strong>LONGARONE<\/strong> La mostra \u201cRitratti di un tempo\u201d, ospitata al Museo della Pietra e degli Scalpellini di Castellavazzo, sar\u00e0 visitabile fino al 4 maggio, grazie al grande successo di pubblico. L\u2019esposizione presenta i vetrini fotografici di Lorenzo Bergamasco, detto \u201cModesta\u201d, che immortalano la vita tra fine Ottocento e inizio Novecento.<\/p>\n<\/blockquote>\n<p>&nbsp;<\/p>\n<hr \/>\n<p>&nbsp;<\/p>\n<blockquote>\n<h3>LIONS CLUB BELLUNO: UNA SERATA DI MUSICA E SOLIDARIET\u00c0 PER BELLUNO DONNA<\/h3>\n<\/blockquote>\n<p><strong><a class=\"dt-pswp-item\" href=\"https:\/\/www.radiopiu.net\/wordpress\/wp-content\/uploads\/2025\/03\/Immagine-2025-03-18-142342.png\" data-dt-img-description=\"\" data-large_image_width=\"630\" data-large_image_height=\"299\"><img loading=\"lazy\" decoding=\"async\" class=\" wp-image-440338 alignleft\" src=\"https:\/\/www.radiopiu.net\/wordpress\/wp-content\/uploads\/2025\/03\/Immagine-2025-03-18-142342-300x142.png\" alt=\"\" width=\"211\" height=\"100\" srcset=\"https:\/\/www.radiopiu.net\/wordpress\/wp-content\/uploads\/2025\/03\/Immagine-2025-03-18-142342-300x142.png 300w, https:\/\/www.radiopiu.net\/wordpress\/wp-content\/uploads\/2025\/03\/Immagine-2025-03-18-142342.png 630w\" sizes=\"auto, (max-width: 211px) 100vw, 211px\" \/><\/a>BELLUNO\u00a0<\/strong>Sabato 29 marzo alle ore 20:30, presso il Teatro Giovanni XXIII di Belluno, si terr\u00e0 un evento benefico organizzato dal Lions Club Belluno, con l\u2019obiettivo di raccogliere fondi per l\u2019associazione Belluno Donna Onlus, che sostiene economicamente donne e bambini in difficolt\u00e0. La serata sar\u00e0 coordinata da Michela Da Canal e vedr\u00e0 la partecipazione di ospiti di spicco. Tra questi, Ivano Battiston, maestro di fisarmonica e compositore di fama internazionale, che incanter\u00e0 il pubblico con la sua arte. Interverr\u00e0 anche la dott.ssa Roberta Gallego, Sostituto Procuratore della Repubblica presso il Tribunale di Belluno, per offrire uno spaccato della realt\u00e0 delle donne vittime di violenza. A rendere ancor pi\u00f9 speciale l\u2019evento sar\u00e0 la Compagnia dei Teatranti di Bisceglie, con Elida Musci e Michele Schiavone, che proporranno uno spettacolo teatrale di grande impatto. Un\u2019occasione per unire cultura, musica e impegno sociale, ricordando il valore della solidariet\u00e0 e del supporto a chi affronta situazioni difficili. L\u2019intero ricavato della serata sar\u00e0 devoluto a Belluno Donna.<\/p>\n<p>&nbsp;<\/p>\n<p>&nbsp;<\/p>\n<hr \/>\n<p>&nbsp;<\/p>\n<blockquote>\n<h3>SECONDO APPUNTAMENTO CON EMOZIONE MONTAGNA<\/h3>\n<\/blockquote>\n<p><strong>BELLUNO<\/strong> Stasera alle 20:30 nella sala della Cooperativa di Caleipo, si terr\u00e0 la seconda serata di &#8220;Emozione Montagna&#8221;, un evento organizzato dalla Pro Loco Pieve Castionese per avvicinare il pubblico al mondo affascinante e poco conosciuto della speleologia. Protagonista della serata sar\u00e0 lo speleologo e geologo bellunese Alberto Riva, che guider\u00e0 i partecipanti in un viaggio emozionante attraverso racconti, foto e video suggestivi.<\/p>\n<p>&nbsp;<\/p>\n<p>&nbsp;<\/p>\n<hr \/>\n<p>&nbsp;<\/p>\n<blockquote>\n<h3>UN INCONTRO CON L&#8217;ASSOCIAZIONE CUCCHINI<\/h3>\n<\/blockquote>\n<p><strong><a class=\"dt-pswp-item\" href=\"https:\/\/www.radiopiu.net\/wordpress\/wp-content\/uploads\/2025\/03\/KJFTYAUALGO.png\" data-dt-img-description=\"\" data-large_image_width=\"1747\" data-large_image_height=\"971\"><img loading=\"lazy\" decoding=\"async\" class=\" wp-image-440851 alignleft\" src=\"https:\/\/www.radiopiu.net\/wordpress\/wp-content\/uploads\/2025\/03\/KJFTYAUALGO-300x167.png\" alt=\"\" width=\"199\" height=\"111\" srcset=\"https:\/\/www.radiopiu.net\/wordpress\/wp-content\/uploads\/2025\/03\/KJFTYAUALGO-300x167.png 300w, https:\/\/www.radiopiu.net\/wordpress\/wp-content\/uploads\/2025\/03\/KJFTYAUALGO-1024x569.png 1024w, https:\/\/www.radiopiu.net\/wordpress\/wp-content\/uploads\/2025\/03\/KJFTYAUALGO-768x427.png 768w, https:\/\/www.radiopiu.net\/wordpress\/wp-content\/uploads\/2025\/03\/KJFTYAUALGO-1536x854.png 1536w, https:\/\/www.radiopiu.net\/wordpress\/wp-content\/uploads\/2025\/03\/KJFTYAUALGO.png 1747w\" sizes=\"auto, (max-width: 199px) 100vw, 199px\" \/><\/a>BELLUNO<\/strong> L&#8217;associazione Cucchini organizza un incontro informativo sulle Disposizioni Anticipate di Trattamento (DAT) dal titolo <strong data-start=\"108\" data-end=\"143\">\u201cTroppo presto o troppo tardi?\u201d<\/strong>. L&#8217;evento si terr\u00e0 gioved\u00ec 27 marzo alle 18 presso la sede dell\u2019associazione, accanto all\u2019Hospice Casa Tua Due di Belluno. Il presidente Paolo Colleselli sottolinea l\u2019importanza di informare su questa tematica complessa. Le DAT, previste dalla legge 219\/2017, permettono a una persona di esprimere in anticipo le proprie volont\u00e0 su trattamenti sanitari in caso di futura incapacit\u00e0 di autodeterminarsi. Qualsiasi maggiorenne pu\u00f2 redigerle, e i Comuni sono responsabili della loro registrazione. L&#8217;incontro vedr\u00e0 gli interventi di esperti che tratteranno il tema da diverse prospettive: la psicologa Elena Sommacal analizzer\u00e0 gli aspetti emotivi, il medico Stefano Capelli illustrer\u00e0 la normativa, e rappresentanti comunali spiegheranno le modalit\u00e0 di deposito delle DAT.<\/p>\n<p>&nbsp;<\/p>\n<p>&nbsp;<\/p>\n<hr \/>\n<p>&nbsp;<\/p>\n<blockquote>\n<div class=\"flex max-w-full flex-col flex-grow\">\n<div class=\"min-h-8 text-message relative flex w-full flex-col items-end gap-2 whitespace-normal break-words text-start [.text-message+&amp;]:mt-5\" dir=\"auto\" data-message-author-role=\"assistant\" data-message-id=\"11b2e343-9597-496f-8fe9-b70b0fc15840\" data-message-model-slug=\"gpt-4o\">\n<div class=\"flex w-full flex-col gap-1 empty:hidden first:pt-[3px]\">\n<div class=\"markdown prose w-full break-words dark:prose-invert dark\">\n<p class=\"\" data-start=\"0\" data-end=\"71\"><strong data-start=\"0\" data-end=\"71\" data-is-last-node=\"\" data-is-only-node=\"\">OSSERVAZIONE PUBBLICA DELL\u2019ECLISSE PARZIALE DI SOLE SABATO 29 MARZO<\/strong><\/p>\n<\/div>\n<\/div>\n<\/div>\n<\/div>\n<\/blockquote>\n<p><strong><a class=\"dt-pswp-item\" href=\"https:\/\/www.radiopiu.net\/wordpress\/wp-content\/uploads\/2019\/01\/Luna-in-eclisse.jpg\" data-dt-img-description=\"\" data-large_image_width=\"2977\" data-large_image_height=\"2232\"><img loading=\"lazy\" decoding=\"async\" class=\"wp-image-73474 alignleft\" src=\"https:\/\/www.radiopiu.net\/wordpress\/wp-content\/uploads\/2019\/01\/Luna-in-eclisse-300x225.jpg\" alt=\"\" width=\"177\" height=\"133\" srcset=\"https:\/\/www.radiopiu.net\/wordpress\/wp-content\/uploads\/2019\/01\/Luna-in-eclisse-300x225.jpg 300w, https:\/\/www.radiopiu.net\/wordpress\/wp-content\/uploads\/2019\/01\/Luna-in-eclisse-768x576.jpg 768w, https:\/\/www.radiopiu.net\/wordpress\/wp-content\/uploads\/2019\/01\/Luna-in-eclisse-1024x768.jpg 1024w\" sizes=\"auto, (max-width: 177px) 100vw, 177px\" \/><\/a>AGORDO<\/strong><\/p>\n<p>Sabato\u00a0 evento al parcheggio di Tamonich\u00a0 per osservare l&#8217;eclisse parziale di sole. Cieli Dolomitici sar\u00e0 presente con i\u00a0 telescopi dalle 11. Evento gratuito, aperto a tutti.<\/p>\n<p>&nbsp;<\/p>\n<p><strong>FELTRE<\/strong><\/p>\n<p>Sabato alle\u00a0 11 con\u00a0 l&#8217;associazione Rheticus: avr\u00e0 luogo l\u2019osservazione pubblica dell\u2019eclisse parziale di Sole. Vi sar\u00e0 anche la possibilit\u00e0 di osservare la sottilissima, e quanto mai spettacolare, fase di Venere.\u00a0 In caso di maltempo, in luogo dell&#8217;osservazione, verr\u00e0 svolta una conferenza sostitutiva nel Planetario da parte di Gabriele Vanin. Ingresso 5 euro.<\/p>\n<p>&nbsp;<\/p>\n<hr \/>\n<p>&nbsp;<\/p>\n<blockquote>\n<p data-start=\"0\" data-end=\"71\"><strong data-start=\"0\" data-end=\"69\">MOSTRA DEDICATA A VITTORIO PISANI: INAUGURAZIONE A PIEVE D\u2019ALPAGO<\/strong><\/p>\n<\/blockquote>\n<p data-start=\"73\" data-end=\"333\" data-is-last-node=\"\" data-is-only-node=\"\">Domenica 30 marzo alle 17:00, presso il Palazzo Municipale di Pieve d\u2019Alpago, verr\u00e0 inaugurata la mostra temporanea dedicata a Vittorio Pisani. L\u2019evento, promosso dall&#8217;Ufficio Cultura e dalla Biblioteca Civica, ha il patrocinio di enti locali e internazionali.<\/p>\n<p>&nbsp;<\/p>\n<p>&nbsp;<\/p>\n<hr \/>\n<p>&nbsp;<\/p>\n<blockquote>\n<h3>CORSO DI MICOLOGIA A LIMANA<\/h3>\n<\/blockquote>\n<p><strong>LIMANA<\/strong> Sono ancora pochi i posti disponibili per il <strong data-start=\"45\" data-end=\"72\">corso base di micologia<\/strong> organizzato dal Comune di Limana in collaborazione con l&#8217;Associazione Micologia &#8220;Bresadola&#8221; di Belluno. La prima lezione si terr\u00e0 domani, seguita da altre 7 lezioni teoriche. Due uscite pratiche in campo saranno concordate al termine del corso. Per maggiori informazioni e per iscriversi, visita il sito web: <a href=\"http:\/\/www.limana.org\/corsofunghi\" target=\"_new\" rel=\"noopener\" data-start=\"397\" data-end=\"460\">www.limana.org\/corsofunghi<\/a>.<\/p>\n<p>&nbsp;<\/p>\n<p>&nbsp;<\/p>\n<hr \/>\n<p>&nbsp;<\/p>\n<blockquote>\n<h3>STASERA LA PRESENTAZIONE DEL LIBRO DI TONI SIRENA<\/h3>\n<\/blockquote>\n<p><strong>BELLUNO<\/strong><\/p>\n<p>DI ROBERTO BONA<\/p>\n<audio class=\"wp-audio-shortcode\" id=\"audio-441580-12\" preload=\"none\" style=\"width: 100%;\" controls=\"controls\"><source type=\"audio\/mpeg\" src=\"https:\/\/www.radiopiu.net\/wordpress\/wp-content\/uploads\/2025\/03\/BONA-STASERA-LA-PRESENTAZIONE-DEL-LIBRO-DI-TONI-SIRENA.mp3?_=12\" \/><a href=\"https:\/\/www.radiopiu.net\/wordpress\/wp-content\/uploads\/2025\/03\/BONA-STASERA-LA-PRESENTAZIONE-DEL-LIBRO-DI-TONI-SIRENA.mp3\">https:\/\/www.radiopiu.net\/wordpress\/wp-content\/uploads\/2025\/03\/BONA-STASERA-LA-PRESENTAZIONE-DEL-LIBRO-DI-TONI-SIRENA.mp3<\/a><\/audio>\n<p>&nbsp;<\/p>\n<hr \/>\n<p>&nbsp;<\/p>\n<blockquote>\n<h3><a class=\"dt-pswp-item\" href=\"https:\/\/www.radiopiu.net\/wordpress\/wp-content\/uploads\/2025\/03\/16_BostonMarriage11032023-1380-scaled.jpg\" data-dt-img-description=\"\" data-large_image_width=\"2560\" data-large_image_height=\"1707\"><img loading=\"lazy\" decoding=\"async\" class=\" wp-image-441320 alignleft\" src=\"https:\/\/www.radiopiu.net\/wordpress\/wp-content\/uploads\/2025\/03\/16_BostonMarriage11032023-1380-300x200.jpg\" alt=\"\" width=\"185\" height=\"123\" srcset=\"https:\/\/www.radiopiu.net\/wordpress\/wp-content\/uploads\/2025\/03\/16_BostonMarriage11032023-1380-300x200.jpg 300w, https:\/\/www.radiopiu.net\/wordpress\/wp-content\/uploads\/2025\/03\/16_BostonMarriage11032023-1380-1024x683.jpg 1024w, https:\/\/www.radiopiu.net\/wordpress\/wp-content\/uploads\/2025\/03\/16_BostonMarriage11032023-1380-768x512.jpg 768w, https:\/\/www.radiopiu.net\/wordpress\/wp-content\/uploads\/2025\/03\/16_BostonMarriage11032023-1380-1536x1024.jpg 1536w, https:\/\/www.radiopiu.net\/wordpress\/wp-content\/uploads\/2025\/03\/16_BostonMarriage11032023-1380-2048x1365.jpg 2048w\" sizes=\"auto, (max-width: 185px) 100vw, 185px\" \/><\/a>BOSTON MARRIAGE AL TEATRO DI BELLUNO<\/h3>\n<\/blockquote>\n<p><strong>BELLUNO <\/strong>La pluripremiata Maria Paiato salir\u00e0 sul palco del Teatro Buzzati di Belluno venerd\u00ec 4 aprile alle 20.45 interpretando \u201cBoston Marriage\u201d, di David Mamet, penultimo appuntamento della 48ma Stagione di Prosa del Circolo Cultura e Stampa Bellunese. La Paiato, diretta da Giorgio Sangati, sar\u00e0 accompagnata da Mariangela Granelli e Ludovica D\u2019Auria.<\/p>\n<p>&nbsp;<\/p>\n<p>&nbsp;<\/p>\n<hr \/>\n<p>&nbsp;<\/p>\n<blockquote>\n<h3>LUOGHI NEI LIBRI, VENERDI E SABATO A SANTA GIUSTINA<\/h3>\n<\/blockquote>\n<p><strong><a class=\"dt-pswp-item\" href=\"https:\/\/www.radiopiu.net\/wordpress\/wp-content\/uploads\/2025\/03\/6a2c4ba6-e6dc-4bd3-93b8-071c5bbea82b.jpg\" data-dt-img-description=\"\" data-large_image_width=\"1079\" data-large_image_height=\"1489\"><img loading=\"lazy\" decoding=\"async\" class=\" wp-image-441391 alignleft\" src=\"https:\/\/www.radiopiu.net\/wordpress\/wp-content\/uploads\/2025\/03\/6a2c4ba6-e6dc-4bd3-93b8-071c5bbea82b-217x300.jpg\" alt=\"\" width=\"134\" height=\"185\" srcset=\"https:\/\/www.radiopiu.net\/wordpress\/wp-content\/uploads\/2025\/03\/6a2c4ba6-e6dc-4bd3-93b8-071c5bbea82b-217x300.jpg 217w, https:\/\/www.radiopiu.net\/wordpress\/wp-content\/uploads\/2025\/03\/6a2c4ba6-e6dc-4bd3-93b8-071c5bbea82b-742x1024.jpg 742w, https:\/\/www.radiopiu.net\/wordpress\/wp-content\/uploads\/2025\/03\/6a2c4ba6-e6dc-4bd3-93b8-071c5bbea82b-768x1060.jpg 768w, https:\/\/www.radiopiu.net\/wordpress\/wp-content\/uploads\/2025\/03\/6a2c4ba6-e6dc-4bd3-93b8-071c5bbea82b.jpg 1079w\" sizes=\"auto, (max-width: 134px) 100vw, 134px\" \/><\/a>SANTA GIUSTINA<\/strong><\/p>\n<p>DI LUISA ALCHINI<\/p>\n<audio class=\"wp-audio-shortcode\" id=\"audio-441580-13\" preload=\"none\" style=\"width: 100%;\" controls=\"controls\"><source type=\"audio\/mpeg\" src=\"https:\/\/www.radiopiu.net\/wordpress\/wp-content\/uploads\/2025\/03\/LUISA-ALCHINI-LUOGHI-NEI-LIBRI-SCAD-30-MARZO.mp3?_=13\" \/><a href=\"https:\/\/www.radiopiu.net\/wordpress\/wp-content\/uploads\/2025\/03\/LUISA-ALCHINI-LUOGHI-NEI-LIBRI-SCAD-30-MARZO.mp3\">https:\/\/www.radiopiu.net\/wordpress\/wp-content\/uploads\/2025\/03\/LUISA-ALCHINI-LUOGHI-NEI-LIBRI-SCAD-30-MARZO.mp3<\/a><\/audio>\n<p>&nbsp;<\/p>\n<hr \/>\n<p>&nbsp;<\/p>\n<blockquote>\n<h3>PELLEGRINAGGIO GIUBILARE A SEDICO<\/h3>\n<\/blockquote>\n<p><strong>SEDICO<\/strong> Domenica 30 marzo, i fedeli delle parrocchie di Sedico, Roe e Bribano parteciperanno a un pellegrinaggio giubilare per ricevere l\u2019indulgenza, seguendo le indicazioni del vescovo Renato e di Papa Francesco. Il percorso, chiamato \u201cUn Cammino di Speranza\u201d, partir\u00e0 alle 16 da piazza Mons. Fiori e attraverser\u00e0 vari punti del paese, permettendo anche a chi ha difficolt\u00e0 motorie di unirsi. Il pellegrinaggio sar\u00e0 arricchito da testimonianze di diverse realt\u00e0 locali impegnate nella solidariet\u00e0. L\u2019iniziativa fa parte del cammino quaresimale delle parrocchie, che prevede anche una Via Crucis itinerante l\u201911 aprile e una celebrazione penitenziale il 16 aprile.<\/p>\n<p>&nbsp;<\/p>\n<hr \/>\n<p>&nbsp;<\/p>\n<blockquote>\n<h3>LA PRESENTAZIONE DEL LIBRO SUI MIGRANTI DI VOLTAGO<\/h3>\n<\/blockquote>\n<p><strong><a class=\"dt-pswp-item\" href=\"https:\/\/www.radiopiu.net\/wordpress\/wp-content\/uploads\/2025\/03\/d1c40d7e-c6d5-42f7-ac6a-e56a05a28dcb.jpg\" data-dt-img-description=\"\" data-large_image_width=\"1131\" data-large_image_height=\"1600\"><img loading=\"lazy\" decoding=\"async\" class=\" wp-image-440564 alignleft\" src=\"https:\/\/www.radiopiu.net\/wordpress\/wp-content\/uploads\/2025\/03\/d1c40d7e-c6d5-42f7-ac6a-e56a05a28dcb-212x300.jpg\" alt=\"\" width=\"170\" height=\"241\" srcset=\"https:\/\/www.radiopiu.net\/wordpress\/wp-content\/uploads\/2025\/03\/d1c40d7e-c6d5-42f7-ac6a-e56a05a28dcb-212x300.jpg 212w, https:\/\/www.radiopiu.net\/wordpress\/wp-content\/uploads\/2025\/03\/d1c40d7e-c6d5-42f7-ac6a-e56a05a28dcb-724x1024.jpg 724w, https:\/\/www.radiopiu.net\/wordpress\/wp-content\/uploads\/2025\/03\/d1c40d7e-c6d5-42f7-ac6a-e56a05a28dcb-768x1086.jpg 768w, https:\/\/www.radiopiu.net\/wordpress\/wp-content\/uploads\/2025\/03\/d1c40d7e-c6d5-42f7-ac6a-e56a05a28dcb-1086x1536.jpg 1086w, https:\/\/www.radiopiu.net\/wordpress\/wp-content\/uploads\/2025\/03\/d1c40d7e-c6d5-42f7-ac6a-e56a05a28dcb.jpg 1131w\" sizes=\"auto, (max-width: 170px) 100vw, 170px\" \/><\/a>VOLTAGO <\/strong><\/p>\n<p>DI GIANNI SANTOMASO<\/p>\n<audio class=\"wp-audio-shortcode\" id=\"audio-441580-14\" preload=\"none\" style=\"width: 100%;\" controls=\"controls\"><source type=\"audio\/mpeg\" src=\"https:\/\/www.radiopiu.net\/wordpress\/wp-content\/uploads\/2025\/03\/GIANNI-LIBRO-MIGRANTI-VOLTAGO.mp3?_=14\" \/><a href=\"https:\/\/www.radiopiu.net\/wordpress\/wp-content\/uploads\/2025\/03\/GIANNI-LIBRO-MIGRANTI-VOLTAGO.mp3\">https:\/\/www.radiopiu.net\/wordpress\/wp-content\/uploads\/2025\/03\/GIANNI-LIBRO-MIGRANTI-VOLTAGO.mp3<\/a><\/audio>\n<p>&nbsp;<\/p>\n<hr \/>\n<p>&nbsp;<\/p>\n<blockquote>\n<p class=\"\" data-start=\"0\" data-end=\"73\"><strong data-start=\"0\" data-end=\"71\"><a class=\"dt-pswp-item\" href=\"https:\/\/www.radiopiu.net\/wordpress\/wp-content\/uploads\/2022\/05\/ce23bb83-faf8-469a-8c9b-e0f0d6a47ce7.jpg\" data-dt-img-description=\"\" data-large_image_width=\"2048\" data-large_image_height=\"1512\"><img loading=\"lazy\" decoding=\"async\" class=\"wp-image-276345 alignleft\" src=\"https:\/\/www.radiopiu.net\/wordpress\/wp-content\/uploads\/2022\/05\/ce23bb83-faf8-469a-8c9b-e0f0d6a47ce7-300x221.jpg\" alt=\"\" width=\"168\" height=\"124\" srcset=\"https:\/\/www.radiopiu.net\/wordpress\/wp-content\/uploads\/2022\/05\/ce23bb83-faf8-469a-8c9b-e0f0d6a47ce7-300x221.jpg 300w, https:\/\/www.radiopiu.net\/wordpress\/wp-content\/uploads\/2022\/05\/ce23bb83-faf8-469a-8c9b-e0f0d6a47ce7-1024x756.jpg 1024w, https:\/\/www.radiopiu.net\/wordpress\/wp-content\/uploads\/2022\/05\/ce23bb83-faf8-469a-8c9b-e0f0d6a47ce7-768x567.jpg 768w, https:\/\/www.radiopiu.net\/wordpress\/wp-content\/uploads\/2022\/05\/ce23bb83-faf8-469a-8c9b-e0f0d6a47ce7-1536x1134.jpg 1536w, https:\/\/www.radiopiu.net\/wordpress\/wp-content\/uploads\/2022\/05\/ce23bb83-faf8-469a-8c9b-e0f0d6a47ce7.jpg 2048w\" sizes=\"auto, (max-width: 168px) 100vw, 168px\" \/><\/a>SABATO A SEDICO CON COMUNE E PARROCCHIE: VOCI IN VALLE E CORO FODOM<\/strong><\/p>\n<\/blockquote>\n<p class=\"\" data-start=\"75\" data-end=\"587\"><strong>SEDICO<\/strong> Sabato sera, alle 20:30, la chiesa arcipretale di Sedico ospiter\u00e0 una serata di musica corale organizzata dal coro Voci in valle, in collaborazione con il Comune di Sedico e la comunit\u00e0 parrocchiale. L\u2019iniziativa mira a promuovere la socialit\u00e0 attraverso il linguaggio universale della musica. Sul palco si esibiranno il coro Voci in valle, attivo dal 1999 con un repertorio locale, e il coro Fodom di Livinallongo, fondato nel 1972. L\u2019ingresso \u00e8 libero e la serata segna la prima uscita del coro Fodom nel 2025.<\/p>\n<p>&nbsp;<\/p>\n<blockquote><p>&nbsp;<\/p><\/blockquote>\n<hr \/>\n<p>&nbsp;<\/p>\n<blockquote>\n<h3>ULTIMO APPUNTAMENTO A PAIANE CON IL CIRCOLO CULTURA E STAMPA BELLUNESE<\/h3>\n<\/blockquote>\n<p><strong>PONTE NELLE ALPI <\/strong>Il Circolo conclude la Seconda Stagione al Teatro G.Pierobon di Paiane con uno spettacolo scritto dall\u2019immenso Giorgio Gaber ed interpretato dal famoso ed apprezzatissimo attore Fabio Troiano: sabato 5 aprile alle 20.45 andr\u00e0 in scena \u201cIl Dio Bambino\u201d, grazie alla regia di Giorgio Gallione.<\/p>\n<p>&nbsp;<\/p>\n<p>&nbsp;<\/p>\n<hr \/>\n<p>&nbsp;<\/p>\n<blockquote>\n<h3><a class=\"dt-pswp-item\" href=\"https:\/\/www.radiopiu.net\/wordpress\/wp-content\/uploads\/2025\/03\/274143009_10158251067187096_2279475632141681814_n.jpg\" data-dt-img-description=\"\" data-large_image_width=\"2048\" data-large_image_height=\"2048\"><img loading=\"lazy\" decoding=\"async\" class=\" wp-image-441512 alignleft\" src=\"https:\/\/www.radiopiu.net\/wordpress\/wp-content\/uploads\/2025\/03\/274143009_10158251067187096_2279475632141681814_n-300x300.jpg\" alt=\"\" width=\"133\" height=\"133\" srcset=\"https:\/\/www.radiopiu.net\/wordpress\/wp-content\/uploads\/2025\/03\/274143009_10158251067187096_2279475632141681814_n-300x300.jpg 300w, https:\/\/www.radiopiu.net\/wordpress\/wp-content\/uploads\/2025\/03\/274143009_10158251067187096_2279475632141681814_n-1024x1024.jpg 1024w, https:\/\/www.radiopiu.net\/wordpress\/wp-content\/uploads\/2025\/03\/274143009_10158251067187096_2279475632141681814_n-150x150.jpg 150w, https:\/\/www.radiopiu.net\/wordpress\/wp-content\/uploads\/2025\/03\/274143009_10158251067187096_2279475632141681814_n-768x768.jpg 768w, https:\/\/www.radiopiu.net\/wordpress\/wp-content\/uploads\/2025\/03\/274143009_10158251067187096_2279475632141681814_n-1536x1536.jpg 1536w, https:\/\/www.radiopiu.net\/wordpress\/wp-content\/uploads\/2025\/03\/274143009_10158251067187096_2279475632141681814_n.jpg 2048w\" sizes=\"auto, (max-width: 133px) 100vw, 133px\" \/><\/a>FASO AL MASTERCLASS DE IL TERZO MONDO STUDIO<\/h3>\n<\/blockquote>\n<p><strong>PONTE NELLE ALPI<\/strong> La rassegna \u201cCome Funziona la Musica\u201d ospita Faso, storico bassista di Elio e Le Storie Tese, per una masterclass esclusiva dal titolo \u201cScrivimi: come essere supergiovani nella composizione\u201d. L&#8217;incontro si terr\u00e0 domenica 13 aprile, dalle 10:00 alle 17:00, presso il Terzo Mondo Studio a Paiane. Durante la masterclass, Faso condivider\u00e0 la sua esperienza nella composizione musicale e nell\u2019arrangiamento, offrendo anche suggerimenti pratici per gli artisti emergenti e tutti coloro che desiderano esplorare il mondo della musica. Per informazioni e iscrizioni, \u00e8 possibile contattare <a rel=\"noopener\" data-start=\"583\" data-end=\"610\">masterclass@ilterzomondo.it<\/a>.<\/p>\n<p>&nbsp;<\/p>\n<p>&nbsp;<\/p>\n<hr \/>\n<p>&nbsp;<\/p>\n<h1><span style=\"color: #ff6600;\">IERI ALLA RADIO\u00a0<\/span><\/h1>\n<h2><span style=\"color: #ff0000;\">LIBER DI LIANA CAVALLET<\/span><\/h2>\n<p><strong>PUNTATA 28 25 MARZO 2025 &#8220;VOLVER&#8221;\u00a0 MAURIZIO DE GIOVANNI<br \/>\n<\/strong><\/p>\n<audio class=\"wp-audio-shortcode\" id=\"audio-441580-15\" preload=\"none\" style=\"width: 100%;\" controls=\"controls\"><source type=\"audio\/mpeg\" src=\"https:\/\/www.radiopiu.net\/wordpress\/wp-content\/uploads\/2024\/03\/LIANA-10.mp3?_=15\" \/><a href=\"https:\/\/www.radiopiu.net\/wordpress\/wp-content\/uploads\/2024\/03\/LIANA-10.mp3\">https:\/\/www.radiopiu.net\/wordpress\/wp-content\/uploads\/2024\/03\/LIANA-10.mp3<\/a><\/audio>\n<p><strong>\u00a0<\/strong><\/p>\n<p><a class=\"dt-pswp-item\" href=\"https:\/\/www.radiopiu.net\/wordpress\/wp-content\/uploads\/2024\/03\/08e3d66b-7e6e-4e28-9083-0c5fc78a5935.jpg\" data-dt-img-description=\"\" data-large_image_width=\"355\" data-large_image_height=\"552\"><img loading=\"lazy\" decoding=\"async\" class=\"size-medium wp-image-441596 aligncenter\" src=\"https:\/\/www.radiopiu.net\/wordpress\/wp-content\/uploads\/2024\/03\/08e3d66b-7e6e-4e28-9083-0c5fc78a5935-193x300.jpg\" alt=\"\" width=\"193\" height=\"300\" srcset=\"https:\/\/www.radiopiu.net\/wordpress\/wp-content\/uploads\/2024\/03\/08e3d66b-7e6e-4e28-9083-0c5fc78a5935-193x300.jpg 193w, https:\/\/www.radiopiu.net\/wordpress\/wp-content\/uploads\/2024\/03\/08e3d66b-7e6e-4e28-9083-0c5fc78a5935.jpg 355w\" sizes=\"auto, (max-width: 193px) 100vw, 193px\" \/><\/a><\/p>\n<p>&nbsp;<\/p>\n<p><strong>LA RACOLTA COMPLETA <span style=\"color: #3366ff;\"><a style=\"color: #3366ff;\" href=\"https:\/\/www.radiopiu.net\/wordpress\/liber-di-liana-cavallet-raccolta-2023-2024\/\">CLICCA QUI<\/a><\/span><\/strong><\/p>\n<p>&nbsp;<\/p>\n<hr \/>\n<p>&nbsp;<\/p>\n<h2><span style=\"color: #33cccc;\"><a class=\"dt-pswp-item\" href=\"https:\/\/www.radiopiu.net\/wordpress\/wp-content\/uploads\/2022\/11\/scuola-zaino.jpeg\" data-dt-img-description=\"\" data-large_image_width=\"626\" data-large_image_height=\"417\"><img loading=\"lazy\" decoding=\"async\" class=\" wp-image-306830 alignleft\" src=\"https:\/\/www.radiopiu.net\/wordpress\/wp-content\/uploads\/2022\/11\/scuola-zaino-300x200.jpeg\" alt=\"\" width=\"191\" height=\"127\" srcset=\"https:\/\/www.radiopiu.net\/wordpress\/wp-content\/uploads\/2022\/11\/scuola-zaino-300x200.jpeg 300w, https:\/\/www.radiopiu.net\/wordpress\/wp-content\/uploads\/2022\/11\/scuola-zaino.jpeg 626w\" sizes=\"auto, (max-width: 191px) 100vw, 191px\" \/><\/a>SE NON LA SMETTI TI MANDO DAL PRESIDE<\/span><\/h2>\n<p><strong>DI MIRKO MEZZACASA<\/strong><\/p>\n<p>CON MARIA ROSA SALMAZO<\/p>\n<p><strong>PUNTATA DEL 26 MARZO 2025<\/strong><\/p>\n<audio class=\"wp-audio-shortcode\" id=\"audio-441580-16\" preload=\"none\" style=\"width: 100%;\" controls=\"controls\"><source type=\"audio\/mpeg\" src=\"https:\/\/www.radiopiu.net\/wordpress\/wp-content\/uploads\/2025\/03\/PRESIDE-2.mp3?_=16\" \/><a href=\"https:\/\/www.radiopiu.net\/wordpress\/wp-content\/uploads\/2025\/03\/PRESIDE-2.mp3\">https:\/\/www.radiopiu.net\/wordpress\/wp-content\/uploads\/2025\/03\/PRESIDE-2.mp3<\/a><\/audio>\n<p>&nbsp;<\/p>\n<hr \/>\n<p>&nbsp;<\/p>\n<h2 class=\"entry-title\"><span style=\"color: #ff99cc;\">SEI IN RADIO\u2026 SE, il nuovo programma di MARINA DONA\u2019<\/span><\/h2>\n<p><strong>PUNTATA 01\u00a0 \u00a0 \u00a0 \u00a0 \u00a0 \u00a0 \u00a0 \u00a0 \u00a0AUDIO<br \/>\n<span style=\"color: #ff0000;\">\u00a0 \u00a0 \u00a0 \u00a0 \u00a0 \u00a0 \u00a0 \u00a0 \u00a0 \u00a0 \u00a0 \u00a0 \u00a0 \u00a0 \u00a0 \u00a0 \u00a0 \u00a0 \u00a0 \u00a0DA&#8230;. <\/span>\u00a0 \u00a0 \u00a0 \u00a0\u00a0<span style=\"color: #ff0000;\">GRUPPO TAIBON AGORDINO<\/span><\/strong><\/p>\n<audio class=\"wp-audio-shortcode\" id=\"audio-441580-17\" preload=\"none\" style=\"width: 100%;\" controls=\"controls\"><source type=\"audio\/mpeg\" src=\"https:\/\/www.radiopiu.net\/wordpress\/wp-content\/uploads\/2025\/03\/SEI-IN-RADIO-SEE-1.mp3?_=17\" \/><a href=\"https:\/\/www.radiopiu.net\/wordpress\/wp-content\/uploads\/2025\/03\/SEI-IN-RADIO-SEE-1.mp3\">https:\/\/www.radiopiu.net\/wordpress\/wp-content\/uploads\/2025\/03\/SEI-IN-RADIO-SEE-1.mp3<\/a><\/audio>\n<p>&nbsp;<\/p>\n<p>&nbsp;<\/p>\n\n\t\t\t<style type='text\/css'>\n\t\t\t\t#gallery-4 {\n\t\t\t\t\tmargin: auto;\n\t\t\t\t}\n\t\t\t\t#gallery-4 .gallery-item {\n\t\t\t\t\tfloat: left;\n\t\t\t\t\tmargin-top: 10px;\n\t\t\t\t\ttext-align: center;\n\t\t\t\t\twidth: 50%;\n\t\t\t\t}\n\t\t\t\t#gallery-4 img {\n\t\t\t\t\tborder: 2px solid #cfcfcf;\n\t\t\t\t}\n\t\t\t\t#gallery-4 .gallery-caption {\n\t\t\t\t\tmargin-left: 0;\n\t\t\t\t}\n\t\t\t\t\/* see gallery_shortcode() in wp-includes\/media.php *\/\n\t\t\t<\/style>\n\t\t<div id='gallery-4' class='dt-gallery-container gallery galleryid-441580 gallery-columns-2 gallery-size-medium'><dl class='gallery-item'>\n\t\t\t\t<dt class='gallery-icon landscape'>\n\t\t\t\t\t<a class=\"rollover rollover-zoom dt-pswp-item\" title=\"015cc61b-4b05-44d6-9391-2b04f69749c2\" data-dt-img-description=\"\" data-large_image_width=\"1224\" data-large_image_height=\"991\"href='https:\/\/www.radiopiu.net\/wordpress\/wp-content\/uploads\/2025\/03\/015cc61b-4b05-44d6-9391-2b04f69749c2.jpg'><img loading=\"lazy\" decoding=\"async\" width=\"300\" height=\"243\" src=\"https:\/\/www.radiopiu.net\/wordpress\/wp-content\/uploads\/2025\/03\/015cc61b-4b05-44d6-9391-2b04f69749c2-300x243.jpg\" class=\"attachment-medium size-medium\" alt=\"\" srcset=\"https:\/\/www.radiopiu.net\/wordpress\/wp-content\/uploads\/2025\/03\/015cc61b-4b05-44d6-9391-2b04f69749c2-300x243.jpg 300w, https:\/\/www.radiopiu.net\/wordpress\/wp-content\/uploads\/2025\/03\/015cc61b-4b05-44d6-9391-2b04f69749c2-1024x829.jpg 1024w, https:\/\/www.radiopiu.net\/wordpress\/wp-content\/uploads\/2025\/03\/015cc61b-4b05-44d6-9391-2b04f69749c2-768x622.jpg 768w, https:\/\/www.radiopiu.net\/wordpress\/wp-content\/uploads\/2025\/03\/015cc61b-4b05-44d6-9391-2b04f69749c2.jpg 1224w\" sizes=\"auto, (max-width: 300px) 100vw, 300px\" \/><\/a>\n\t\t\t\t<\/dt><\/dl><dl class='gallery-item'>\n\t\t\t\t<dt class='gallery-icon landscape'>\n\t\t\t\t\t<a class=\"rollover rollover-zoom dt-pswp-item\" title=\"b5a9253d-02bd-4028-bbdc-ceded71e4dc5\" data-dt-img-description=\"\" data-large_image_width=\"1224\" data-large_image_height=\"996\"href='https:\/\/www.radiopiu.net\/wordpress\/wp-content\/uploads\/2025\/03\/b5a9253d-02bd-4028-bbdc-ceded71e4dc5.jpg'><img loading=\"lazy\" decoding=\"async\" width=\"300\" height=\"244\" src=\"https:\/\/www.radiopiu.net\/wordpress\/wp-content\/uploads\/2025\/03\/b5a9253d-02bd-4028-bbdc-ceded71e4dc5-300x244.jpg\" class=\"attachment-medium size-medium\" alt=\"\" srcset=\"https:\/\/www.radiopiu.net\/wordpress\/wp-content\/uploads\/2025\/03\/b5a9253d-02bd-4028-bbdc-ceded71e4dc5-300x244.jpg 300w, https:\/\/www.radiopiu.net\/wordpress\/wp-content\/uploads\/2025\/03\/b5a9253d-02bd-4028-bbdc-ceded71e4dc5-1024x833.jpg 1024w, https:\/\/www.radiopiu.net\/wordpress\/wp-content\/uploads\/2025\/03\/b5a9253d-02bd-4028-bbdc-ceded71e4dc5-768x625.jpg 768w, https:\/\/www.radiopiu.net\/wordpress\/wp-content\/uploads\/2025\/03\/b5a9253d-02bd-4028-bbdc-ceded71e4dc5.jpg 1224w\" sizes=\"auto, (max-width: 300px) 100vw, 300px\" \/><\/a>\n\t\t\t\t<\/dt><\/dl><br style=\"clear: both\" \/>\n\t\t\t<\/div>\n\n<p>&nbsp;<\/p>\n<p>&nbsp;<\/p>\n<hr \/>\n<p>&nbsp;<\/p>\n<h2><span style=\"color: #008080;\">BATTI CINQUE&#8230;CON MARINA ED ALESSIO<\/span><\/h2>\n<p><strong><a class=\"dt-pswp-item\" href=\"https:\/\/www.radiopiu.net\/wordpress\/wp-content\/uploads\/2024\/10\/2b41afd1-2910-40a2-aa8e-1f6263104f30.jpg\" data-dt-img-description=\"\" data-large_image_width=\"2048\" data-large_image_height=\"1536\"><img loading=\"lazy\" decoding=\"async\" class=\" wp-image-415813 alignleft\" src=\"https:\/\/www.radiopiu.net\/wordpress\/wp-content\/uploads\/2024\/10\/2b41afd1-2910-40a2-aa8e-1f6263104f30-300x225.jpg\" alt=\"\" width=\"135\" height=\"101\" srcset=\"https:\/\/www.radiopiu.net\/wordpress\/wp-content\/uploads\/2024\/10\/2b41afd1-2910-40a2-aa8e-1f6263104f30-300x225.jpg 300w, https:\/\/www.radiopiu.net\/wordpress\/wp-content\/uploads\/2024\/10\/2b41afd1-2910-40a2-aa8e-1f6263104f30-1024x768.jpg 1024w, https:\/\/www.radiopiu.net\/wordpress\/wp-content\/uploads\/2024\/10\/2b41afd1-2910-40a2-aa8e-1f6263104f30-768x576.jpg 768w, https:\/\/www.radiopiu.net\/wordpress\/wp-content\/uploads\/2024\/10\/2b41afd1-2910-40a2-aa8e-1f6263104f30-1536x1152.jpg 1536w, https:\/\/www.radiopiu.net\/wordpress\/wp-content\/uploads\/2024\/10\/2b41afd1-2910-40a2-aa8e-1f6263104f30.jpg 2048w\" sizes=\"auto, (max-width: 135px) 100vw, 135px\" \/><\/a>REDAZIONE<\/strong> Un confronto tra generazioni, lo si pu\u00f2 definire cos\u00ec il nuovo programma pomeridiano di Radio Pi\u00f9. &#8220;Batti Cinque&#8221; il titolo del contenitore in onda il mercoled\u00ec dalle 15 a cadenza quindicinale. In studio Marina ed Alessio<\/p>\n<p><span style=\"color: #ff0000;\"><strong>\u00a0<\/strong><\/span><\/p>\n<p>&nbsp;<\/p>\n<p><span style=\"color: #ff0000;\"><strong>PUNTATA 11 &#8211; PRIMA PARTE<\/strong><\/span><\/p>\n<audio class=\"wp-audio-shortcode\" id=\"audio-441580-18\" preload=\"none\" style=\"width: 100%;\" controls=\"controls\"><source type=\"audio\/mpeg\" src=\"https:\/\/www.radiopiu.net\/wordpress\/wp-content\/uploads\/2025\/03\/BATTI-5-UNDICESIMA-PUNTATA-1-2.mp3?_=18\" \/><a href=\"https:\/\/www.radiopiu.net\/wordpress\/wp-content\/uploads\/2025\/03\/BATTI-5-UNDICESIMA-PUNTATA-1-2.mp3\">https:\/\/www.radiopiu.net\/wordpress\/wp-content\/uploads\/2025\/03\/BATTI-5-UNDICESIMA-PUNTATA-1-2.mp3<\/a><\/audio>\n<p><span style=\"color: #ff0000;\"><strong>\u00a0<\/strong><\/span><\/p>\n<p><span style=\"color: #ff0000;\"><strong>SECONDA PARTE<\/strong><\/span><\/p>\n<audio class=\"wp-audio-shortcode\" id=\"audio-441580-19\" preload=\"none\" style=\"width: 100%;\" controls=\"controls\"><source type=\"audio\/mpeg\" src=\"https:\/\/www.radiopiu.net\/wordpress\/wp-content\/uploads\/2025\/03\/BATTI-5-UNDICESIMA-PUNTATA-2-2.mp3?_=19\" \/><a href=\"https:\/\/www.radiopiu.net\/wordpress\/wp-content\/uploads\/2025\/03\/BATTI-5-UNDICESIMA-PUNTATA-2-2.mp3\">https:\/\/www.radiopiu.net\/wordpress\/wp-content\/uploads\/2025\/03\/BATTI-5-UNDICESIMA-PUNTATA-2-2.mp3<\/a><\/audio>\n<p><span style=\"color: #ff0000;\"><strong>\u00a0<\/strong><\/span><\/p>\n<p><span style=\"color: #ff0000;\"><strong>TERZA PARTE<\/strong><\/span><\/p>\n<audio class=\"wp-audio-shortcode\" id=\"audio-441580-20\" preload=\"none\" style=\"width: 100%;\" controls=\"controls\"><source type=\"audio\/mpeg\" src=\"https:\/\/www.radiopiu.net\/wordpress\/wp-content\/uploads\/2025\/03\/BATTI-5-UNDICESIMA-PUNTATA-3-2.mp3?_=20\" \/><a href=\"https:\/\/www.radiopiu.net\/wordpress\/wp-content\/uploads\/2025\/03\/BATTI-5-UNDICESIMA-PUNTATA-3-2.mp3\">https:\/\/www.radiopiu.net\/wordpress\/wp-content\/uploads\/2025\/03\/BATTI-5-UNDICESIMA-PUNTATA-3-2.mp3<\/a><\/audio>\n<p><span style=\"color: #ff0000;\"><strong>\u00a0\u00a0<\/strong><\/span><\/p>\n<p><strong>LA RACCOLTA COMPLETA <a href=\"https:\/\/www.radiopiu.net\/wordpress\/batti-cinque-con-marina-ed-alessio-la-raccolta\/\"><span style=\"color: #3366ff;\">CLICCA QUI<\/span><\/a><\/strong><\/p>\n<p>&nbsp;<\/p>\n<hr \/>\n<p>&nbsp;<\/p>\n<h2><span style=\"color: #ff0000;\"><a class=\"dt-pswp-item\" href=\"https:\/\/www.radiopiu.net\/wordpress\/wp-content\/uploads\/2018\/09\/appuntamenti.jpeg\" data-dt-img-description=\"\" data-large_image_width=\"800\" data-large_image_height=\"100\"><img loading=\"lazy\" decoding=\"async\" class=\"wp-image-61958 size-full aligncenter\" src=\"https:\/\/www.radiopiu.net\/wordpress\/wp-content\/uploads\/2018\/09\/appuntamenti.jpeg\" alt=\"\" width=\"800\" height=\"100\" srcset=\"https:\/\/www.radiopiu.net\/wordpress\/wp-content\/uploads\/2018\/09\/appuntamenti.jpeg 800w, https:\/\/www.radiopiu.net\/wordpress\/wp-content\/uploads\/2018\/09\/appuntamenti-300x38.jpeg 300w, https:\/\/www.radiopiu.net\/wordpress\/wp-content\/uploads\/2018\/09\/appuntamenti-768x96.jpeg 768w\" sizes=\"auto, (max-width: 800px) 100vw, 800px\" \/><\/a><\/span><\/h2>\n<h3 dir=\"auto\"><\/h3>\n<blockquote>\n<h3>MORGAN &amp; BATTAGLIA I RESIDENT DJ DEL SAVE THE DATE FESTIVAL<\/h3>\n<\/blockquote>\n<p><strong>FALCADE <\/strong>Il palco si accende, le casse vibrano e l\u2019atmosfera si infiamma: Morgan e Battaglia sono pronti a farvi ballare senza sosta! Con selezioni potenti e beat travolgenti, il duo porter\u00e0 un\u2019ondata di pura energia al Rifugio Laresei. Quattro ospiti speciali arricchiranno il festival, ma sar\u00e0 la loro console a tenere il cuore pulsante della serata. L\u2019unica regola? Lasciarsi andare al ritmo e vivere la musica senza freni. Preparati a un\u2019esperienza indimenticabile! L&#8217;appuntamento \u00e8 per il 29 marzo al Rifugio Laresei<\/p>\n\n\t\t\t<style type='text\/css'>\n\t\t\t\t#gallery-5 {\n\t\t\t\t\tmargin: auto;\n\t\t\t\t}\n\t\t\t\t#gallery-5 .gallery-item {\n\t\t\t\t\tfloat: left;\n\t\t\t\t\tmargin-top: 10px;\n\t\t\t\t\ttext-align: center;\n\t\t\t\t\twidth: 20%;\n\t\t\t\t}\n\t\t\t\t#gallery-5 img {\n\t\t\t\t\tborder: 2px solid #cfcfcf;\n\t\t\t\t}\n\t\t\t\t#gallery-5 .gallery-caption {\n\t\t\t\t\tmargin-left: 0;\n\t\t\t\t}\n\t\t\t\t\/* see gallery_shortcode() in wp-includes\/media.php *\/\n\t\t\t<\/style>\n\t\t<div id='gallery-5' class='dt-gallery-container gallery galleryid-441580 gallery-columns-5 gallery-size-medium'><dl class='gallery-item'>\n\t\t\t\t<dt class='gallery-icon portrait'>\n\t\t\t\t\t<a class=\"rollover rollover-zoom dt-pswp-item\" title=\"475351389_122191419572160269_4819090400106529375_n\" data-dt-img-description=\"\" data-large_image_width=\"1024\" data-large_image_height=\"1280\"href='https:\/\/www.radiopiu.net\/wordpress\/wp-content\/uploads\/2025\/02\/475351389_122191419572160269_4819090400106529375_n.jpg'><img loading=\"lazy\" decoding=\"async\" width=\"240\" height=\"300\" src=\"https:\/\/www.radiopiu.net\/wordpress\/wp-content\/uploads\/2025\/02\/475351389_122191419572160269_4819090400106529375_n-240x300.jpg\" class=\"attachment-medium size-medium\" alt=\"\" srcset=\"https:\/\/www.radiopiu.net\/wordpress\/wp-content\/uploads\/2025\/02\/475351389_122191419572160269_4819090400106529375_n-240x300.jpg 240w, https:\/\/www.radiopiu.net\/wordpress\/wp-content\/uploads\/2025\/02\/475351389_122191419572160269_4819090400106529375_n-819x1024.jpg 819w, https:\/\/www.radiopiu.net\/wordpress\/wp-content\/uploads\/2025\/02\/475351389_122191419572160269_4819090400106529375_n-768x960.jpg 768w, https:\/\/www.radiopiu.net\/wordpress\/wp-content\/uploads\/2025\/02\/475351389_122191419572160269_4819090400106529375_n.jpg 1024w\" sizes=\"auto, (max-width: 240px) 100vw, 240px\" \/><\/a>\n\t\t\t\t<\/dt><\/dl><dl class='gallery-item'>\n\t\t\t\t<dt class='gallery-icon portrait'>\n\t\t\t\t\t<a class=\"rollover rollover-zoom dt-pswp-item\" title=\"70222334-5cff-4d4b-9ab9-a2a79305f2f3\" data-dt-img-description=\"\" data-large_image_width=\"1024\" data-large_image_height=\"1280\"href='https:\/\/www.radiopiu.net\/wordpress\/wp-content\/uploads\/2025\/02\/70222334-5cff-4d4b-9ab9-a2a79305f2f3.jpg'><img loading=\"lazy\" decoding=\"async\" width=\"240\" height=\"300\" src=\"https:\/\/www.radiopiu.net\/wordpress\/wp-content\/uploads\/2025\/02\/70222334-5cff-4d4b-9ab9-a2a79305f2f3-240x300.jpg\" class=\"attachment-medium size-medium\" alt=\"\" srcset=\"https:\/\/www.radiopiu.net\/wordpress\/wp-content\/uploads\/2025\/02\/70222334-5cff-4d4b-9ab9-a2a79305f2f3-240x300.jpg 240w, https:\/\/www.radiopiu.net\/wordpress\/wp-content\/uploads\/2025\/02\/70222334-5cff-4d4b-9ab9-a2a79305f2f3-819x1024.jpg 819w, https:\/\/www.radiopiu.net\/wordpress\/wp-content\/uploads\/2025\/02\/70222334-5cff-4d4b-9ab9-a2a79305f2f3-768x960.jpg 768w, https:\/\/www.radiopiu.net\/wordpress\/wp-content\/uploads\/2025\/02\/70222334-5cff-4d4b-9ab9-a2a79305f2f3.jpg 1024w\" sizes=\"auto, (max-width: 240px) 100vw, 240px\" \/><\/a>\n\t\t\t\t<\/dt><\/dl><dl class='gallery-item'>\n\t\t\t\t<dt class='gallery-icon portrait'>\n\t\t\t\t\t<a class=\"rollover rollover-zoom dt-pswp-item\" title=\"480483463_122191800596160269_7748395789965067962_n\" data-dt-img-description=\"\" data-large_image_width=\"1024\" data-large_image_height=\"1280\"href='https:\/\/www.radiopiu.net\/wordpress\/wp-content\/uploads\/2025\/02\/480483463_122191800596160269_7748395789965067962_n.jpg'><img loading=\"lazy\" decoding=\"async\" width=\"240\" height=\"300\" src=\"https:\/\/www.radiopiu.net\/wordpress\/wp-content\/uploads\/2025\/02\/480483463_122191800596160269_7748395789965067962_n-240x300.jpg\" class=\"attachment-medium size-medium\" alt=\"\" srcset=\"https:\/\/www.radiopiu.net\/wordpress\/wp-content\/uploads\/2025\/02\/480483463_122191800596160269_7748395789965067962_n-240x300.jpg 240w, https:\/\/www.radiopiu.net\/wordpress\/wp-content\/uploads\/2025\/02\/480483463_122191800596160269_7748395789965067962_n-819x1024.jpg 819w, https:\/\/www.radiopiu.net\/wordpress\/wp-content\/uploads\/2025\/02\/480483463_122191800596160269_7748395789965067962_n-768x960.jpg 768w, https:\/\/www.radiopiu.net\/wordpress\/wp-content\/uploads\/2025\/02\/480483463_122191800596160269_7748395789965067962_n.jpg 1024w\" sizes=\"auto, (max-width: 240px) 100vw, 240px\" \/><\/a>\n\t\t\t\t<\/dt><\/dl><dl class='gallery-item'>\n\t\t\t\t<dt class='gallery-icon portrait'>\n\t\t\t\t\t<a class=\"rollover rollover-zoom dt-pswp-item\" title=\"480755395_122191974356160269_922264644982884143_n\" data-dt-img-description=\"\" data-large_image_width=\"1024\" data-large_image_height=\"1280\"href='https:\/\/www.radiopiu.net\/wordpress\/wp-content\/uploads\/2025\/02\/480755395_122191974356160269_922264644982884143_n.jpg'><img loading=\"lazy\" decoding=\"async\" width=\"240\" height=\"300\" src=\"https:\/\/www.radiopiu.net\/wordpress\/wp-content\/uploads\/2025\/02\/480755395_122191974356160269_922264644982884143_n-240x300.jpg\" class=\"attachment-medium size-medium\" alt=\"\" srcset=\"https:\/\/www.radiopiu.net\/wordpress\/wp-content\/uploads\/2025\/02\/480755395_122191974356160269_922264644982884143_n-240x300.jpg 240w, https:\/\/www.radiopiu.net\/wordpress\/wp-content\/uploads\/2025\/02\/480755395_122191974356160269_922264644982884143_n-819x1024.jpg 819w, https:\/\/www.radiopiu.net\/wordpress\/wp-content\/uploads\/2025\/02\/480755395_122191974356160269_922264644982884143_n-768x960.jpg 768w, https:\/\/www.radiopiu.net\/wordpress\/wp-content\/uploads\/2025\/02\/480755395_122191974356160269_922264644982884143_n.jpg 1024w\" sizes=\"auto, (max-width: 240px) 100vw, 240px\" \/><\/a>\n\t\t\t\t<\/dt><\/dl><dl class='gallery-item'>\n\t\t\t\t<dt class='gallery-icon portrait'>\n\t\t\t\t\t<a class=\"rollover rollover-zoom dt-pswp-item\" title=\"480946206_122192204450160269_174180551336592227_n\" data-dt-img-description=\"\" data-large_image_width=\"512\" data-large_image_height=\"640\"href='https:\/\/www.radiopiu.net\/wordpress\/wp-content\/uploads\/2025\/02\/480946206_122192204450160269_174180551336592227_n.jpg'><img loading=\"lazy\" decoding=\"async\" width=\"240\" height=\"300\" src=\"https:\/\/www.radiopiu.net\/wordpress\/wp-content\/uploads\/2025\/02\/480946206_122192204450160269_174180551336592227_n-240x300.jpg\" class=\"attachment-medium size-medium\" alt=\"\" srcset=\"https:\/\/www.radiopiu.net\/wordpress\/wp-content\/uploads\/2025\/02\/480946206_122192204450160269_174180551336592227_n-240x300.jpg 240w, https:\/\/www.radiopiu.net\/wordpress\/wp-content\/uploads\/2025\/02\/480946206_122192204450160269_174180551336592227_n.jpg 512w\" sizes=\"auto, (max-width: 240px) 100vw, 240px\" \/><\/a>\n\t\t\t\t<\/dt><\/dl><br style=\"clear: both\" \/>\n\t\t\t<\/div>\n\n<p>&nbsp;<\/p>\n<div>\n<div class=\"\" dir=\"auto\">\n<div id=\":r9h:\" class=\"x1iorvi4 x1pi30zi x1l90r2v x1swvt13\" data-ad-comet-preview=\"message\" data-ad-preview=\"message\">\n<div class=\"\" dir=\"auto\">\n<div id=\":r9h:\" class=\"x1iorvi4 x1pi30zi x1l90r2v x1swvt13\" data-ad-comet-preview=\"message\" data-ad-preview=\"message\">\n<div class=\"\" dir=\"auto\">\n<div id=\":r9h:\" class=\"x1iorvi4 x1pi30zi x1l90r2v x1swvt13\" data-ad-comet-preview=\"message\" data-ad-preview=\"message\">\n<div class=\"\" dir=\"auto\">\n<div id=\":r9h:\" class=\"x1iorvi4 x1pi30zi x1l90r2v x1swvt13\" data-ad-comet-preview=\"message\" data-ad-preview=\"message\">\n<div>\n<div class=\"\" dir=\"auto\">\n<div id=\":r9h:\" class=\"x1iorvi4 x1pi30zi x1l90r2v x1swvt13\" data-ad-comet-preview=\"message\" data-ad-preview=\"message\">\n<div>\n<div class=\"\" dir=\"auto\">\n<div id=\":r9h:\" class=\"x1iorvi4 x1pi30zi x1l90r2v x1swvt13\" data-ad-comet-preview=\"message\" data-ad-preview=\"message\">\n<div class=\"xdj266r x11i5rnm xat24cr x1mh8g0r x1vvkbs x126k92a\">\n<div dir=\"auto\"><\/div>\n<\/div>\n<div>\n<div class=\"\" dir=\"auto\">\n<div id=\":r9h:\" class=\"x1iorvi4 x1pi30zi x1l90r2v x1swvt13\" data-ad-comet-preview=\"message\" data-ad-preview=\"message\">\n<div>\n<div class=\"\" dir=\"auto\">\n<div id=\":r9h:\" class=\"x1iorvi4 x1pi30zi x1l90r2v x1swvt13\" data-ad-comet-preview=\"message\" data-ad-preview=\"message\">\n\n\t\t\t<style type='text\/css'>\n\t\t\t\t#gallery-6 {\n\t\t\t\t\tmargin: auto;\n\t\t\t\t}\n\t\t\t\t#gallery-6 .gallery-item {\n\t\t\t\t\tfloat: left;\n\t\t\t\t\tmargin-top: 10px;\n\t\t\t\t\ttext-align: center;\n\t\t\t\t\twidth: 25%;\n\t\t\t\t}\n\t\t\t\t#gallery-6 img {\n\t\t\t\t\tborder: 2px solid #cfcfcf;\n\t\t\t\t}\n\t\t\t\t#gallery-6 .gallery-caption {\n\t\t\t\t\tmargin-left: 0;\n\t\t\t\t}\n\t\t\t\t\/* see gallery_shortcode() in wp-includes\/media.php *\/\n\t\t\t<\/style>\n\t\t<div id='gallery-6' class='dt-gallery-container gallery galleryid-441580 gallery-columns-4 gallery-size-thumbnail'><dl class='gallery-item'>\n\t\t\t\t<dt class='gallery-icon portrait'>\n\t\t\t\t\t<a class=\"rollover rollover-zoom dt-pswp-item\" title=\"Marzo (1)\" data-dt-img-description=\"\" data-large_image_width=\"841\" data-large_image_height=\"1190\"href='https:\/\/www.radiopiu.net\/wordpress\/wp-content\/uploads\/2025\/02\/Marzo-1.jpg'><img loading=\"lazy\" decoding=\"async\" width=\"150\" height=\"150\" src=\"https:\/\/www.radiopiu.net\/wordpress\/wp-content\/uploads\/2025\/02\/Marzo-1-150x150.jpg\" class=\"attachment-thumbnail size-thumbnail\" alt=\"\" \/><\/a>\n\t\t\t\t<\/dt><\/dl><dl class='gallery-item'>\n\t\t\t\t<dt class='gallery-icon portrait'>\n\t\t\t\t\t<a class=\"rollover rollover-zoom dt-pswp-item\" title=\"Senza nome\" data-dt-img-description=\"\" data-large_image_width=\"569\" data-large_image_height=\"801\"href='https:\/\/www.radiopiu.net\/wordpress\/wp-content\/uploads\/2025\/02\/Senza-nome-23.png'><img loading=\"lazy\" decoding=\"async\" width=\"150\" height=\"150\" src=\"https:\/\/www.radiopiu.net\/wordpress\/wp-content\/uploads\/2025\/02\/Senza-nome-23-150x150.png\" class=\"attachment-thumbnail size-thumbnail\" alt=\"\" \/><\/a>\n\t\t\t\t<\/dt><\/dl><dl class='gallery-item'>\n\t\t\t\t<dt class='gallery-icon portrait'>\n\t\t\t\t\t<a class=\"rollover rollover-zoom dt-pswp-item\" title=\"ba76e127-707c-4a8a-a6ac-6ab71e879690\" data-dt-img-description=\"\" data-large_image_width=\"500\" data-large_image_height=\"696\"href='https:\/\/www.radiopiu.net\/wordpress\/wp-content\/uploads\/2025\/03\/ba76e127-707c-4a8a-a6ac-6ab71e879690.jpg'><img loading=\"lazy\" decoding=\"async\" width=\"150\" height=\"150\" src=\"https:\/\/www.radiopiu.net\/wordpress\/wp-content\/uploads\/2025\/03\/ba76e127-707c-4a8a-a6ac-6ab71e879690-150x150.jpg\" class=\"attachment-thumbnail size-thumbnail\" alt=\"\" aria-describedby=\"gallery-6-437826\" \/><\/a>\n\t\t\t\t<\/dt>\n\t\t\t\t\t<dd class='wp-caption-text gallery-caption' id='gallery-6-437826'>\n\t\t\t\t\tPOSTICIPATO AL 6 APRILE\n\t\t\t\t\t<\/dd><\/dl><dl class='gallery-item'>\n\t\t\t\t<dt class='gallery-icon portrait'>\n\t\t\t\t\t<a class=\"rollover rollover-zoom dt-pswp-item\" title=\"86913bf1-cfa4-493b-8e26-1aa10ea03f0b\" data-dt-img-description=\"\" data-large_image_width=\"1638\" data-large_image_height=\"2048\"href='https:\/\/www.radiopiu.net\/wordpress\/wp-content\/uploads\/2025\/03\/86913bf1-cfa4-493b-8e26-1aa10ea03f0b.jpg'><img loading=\"lazy\" decoding=\"async\" width=\"150\" height=\"150\" src=\"https:\/\/www.radiopiu.net\/wordpress\/wp-content\/uploads\/2025\/03\/86913bf1-cfa4-493b-8e26-1aa10ea03f0b-150x150.jpg\" class=\"attachment-thumbnail size-thumbnail\" alt=\"\" \/><\/a>\n\t\t\t\t<\/dt><\/dl><br style=\"clear: both\" \/><dl class='gallery-item'>\n\t\t\t\t<dt class='gallery-icon portrait'>\n\t\t\t\t\t<a class=\"rollover rollover-zoom dt-pswp-item\" title=\"wnEWMSHDfvy6\" data-dt-img-description=\"\" data-large_image_width=\"962\" data-large_image_height=\"1328\"href='https:\/\/www.radiopiu.net\/wordpress\/wp-content\/uploads\/2025\/03\/wnEWMSHDfvy6.jpg'><img loading=\"lazy\" decoding=\"async\" width=\"150\" height=\"150\" src=\"https:\/\/www.radiopiu.net\/wordpress\/wp-content\/uploads\/2025\/03\/wnEWMSHDfvy6-150x150.jpg\" class=\"attachment-thumbnail size-thumbnail\" alt=\"\" \/><\/a>\n\t\t\t\t<\/dt><\/dl><dl class='gallery-item'>\n\t\t\t\t<dt class='gallery-icon portrait'>\n\t\t\t\t\t<a class=\"rollover rollover-zoom dt-pswp-item\" title=\"Locandina posturale primavera 2025\" data-dt-img-description=\"\" data-large_image_width=\"1132\" data-large_image_height=\"1600\"href='https:\/\/www.radiopiu.net\/wordpress\/wp-content\/uploads\/2025\/03\/Locandina-posturale-primavera-2025.jpeg'><img loading=\"lazy\" decoding=\"async\" width=\"150\" height=\"150\" src=\"https:\/\/www.radiopiu.net\/wordpress\/wp-content\/uploads\/2025\/03\/Locandina-posturale-primavera-2025-150x150.jpeg\" class=\"attachment-thumbnail size-thumbnail\" alt=\"\" \/><\/a>\n\t\t\t\t<\/dt><\/dl><dl class='gallery-item'>\n\t\t\t\t<dt class='gallery-icon landscape'>\n\t\t\t\t\t<a class=\"rollover rollover-zoom dt-pswp-item\" title=\"Lions.A.D.1\" data-dt-img-description=\"\" data-large_image_width=\"1170\" data-large_image_height=\"759\"href='https:\/\/www.radiopiu.net\/wordpress\/wp-content\/uploads\/2025\/03\/Lions.A.D.1.jpg'><img loading=\"lazy\" decoding=\"async\" width=\"150\" height=\"150\" src=\"https:\/\/www.radiopiu.net\/wordpress\/wp-content\/uploads\/2025\/03\/Lions.A.D.1-150x150.jpg\" class=\"attachment-thumbnail size-thumbnail\" alt=\"\" \/><\/a>\n\t\t\t\t<\/dt><\/dl><dl class='gallery-item'>\n\t\t\t\t<dt class='gallery-icon portrait'>\n\t\t\t\t\t<a class=\"rollover rollover-zoom dt-pswp-item\" title=\"d1c40d7e-c6d5-42f7-ac6a-e56a05a28dcb\" data-dt-img-description=\"\" data-large_image_width=\"1131\" data-large_image_height=\"1600\"href='https:\/\/www.radiopiu.net\/wordpress\/wp-content\/uploads\/2025\/03\/d1c40d7e-c6d5-42f7-ac6a-e56a05a28dcb.jpg'><img loading=\"lazy\" decoding=\"async\" width=\"150\" height=\"150\" src=\"https:\/\/www.radiopiu.net\/wordpress\/wp-content\/uploads\/2025\/03\/d1c40d7e-c6d5-42f7-ac6a-e56a05a28dcb-150x150.jpg\" class=\"attachment-thumbnail size-thumbnail\" alt=\"\" \/><\/a>\n\t\t\t\t<\/dt><\/dl><br style=\"clear: both\" \/><dl class='gallery-item'>\n\t\t\t\t<dt class='gallery-icon portrait'>\n\t\t\t\t\t<a class=\"rollover rollover-zoom dt-pswp-item\" title=\"Unknown\" data-dt-img-description=\"\" data-large_image_width=\"1080\" data-large_image_height=\"1494\"href='https:\/\/www.radiopiu.net\/wordpress\/wp-content\/uploads\/2025\/03\/Unknown-2.jpeg'><img loading=\"lazy\" decoding=\"async\" width=\"150\" height=\"150\" src=\"https:\/\/www.radiopiu.net\/wordpress\/wp-content\/uploads\/2025\/03\/Unknown-2-150x150.jpeg\" class=\"attachment-thumbnail size-thumbnail\" alt=\"\" \/><\/a>\n\t\t\t\t<\/dt><\/dl><dl class='gallery-item'>\n\t\t\t\t<dt class='gallery-icon landscape'>\n\t\t\t\t\t<a class=\"rollover rollover-zoom dt-pswp-item\" title=\"Unknown\" data-dt-img-description=\"\" data-large_image_width=\"2048\" data-large_image_height=\"1431\"href='https:\/\/www.radiopiu.net\/wordpress\/wp-content\/uploads\/2025\/03\/Unknown-18.jpeg'><img loading=\"lazy\" decoding=\"async\" width=\"150\" height=\"150\" src=\"https:\/\/www.radiopiu.net\/wordpress\/wp-content\/uploads\/2025\/03\/Unknown-18-150x150.jpeg\" class=\"attachment-thumbnail size-thumbnail\" alt=\"\" \/><\/a>\n\t\t\t\t<\/dt><\/dl><dl class='gallery-item'>\n\t\t\t\t<dt class='gallery-icon portrait'>\n\t\t\t\t\t<a class=\"rollover rollover-zoom dt-pswp-item\" title=\"2025.03.27 Si fa presto a dire spia\" data-dt-img-description=\"\" data-large_image_width=\"1414\" data-large_image_height=\"2000\"href='https:\/\/www.radiopiu.net\/wordpress\/wp-content\/uploads\/2025\/03\/2025.03.27-Si-fa-presto-a-dire-spia.png'><img loading=\"lazy\" decoding=\"async\" width=\"150\" height=\"150\" src=\"https:\/\/www.radiopiu.net\/wordpress\/wp-content\/uploads\/2025\/03\/2025.03.27-Si-fa-presto-a-dire-spia-150x150.png\" class=\"attachment-thumbnail size-thumbnail\" alt=\"\" \/><\/a>\n\t\t\t\t<\/dt><\/dl><dl class='gallery-item'>\n\t\t\t\t<dt class='gallery-icon portrait'>\n\t\t\t\t\t<a class=\"rollover rollover-zoom dt-pswp-item\" title=\"Locandina Gardaland 19.05.2025\" data-dt-img-description=\"\" data-large_image_width=\"1131\" data-large_image_height=\"1600\"href='https:\/\/www.radiopiu.net\/wordpress\/wp-content\/uploads\/2025\/03\/Locandina-Gardaland-19.05.2025.jpeg'><img loading=\"lazy\" decoding=\"async\" width=\"150\" height=\"150\" src=\"https:\/\/www.radiopiu.net\/wordpress\/wp-content\/uploads\/2025\/03\/Locandina-Gardaland-19.05.2025-150x150.jpeg\" class=\"attachment-thumbnail size-thumbnail\" alt=\"\" \/><\/a>\n\t\t\t\t<\/dt><\/dl><br style=\"clear: both\" \/>\n\t\t\t<\/div>\n\n<p>&nbsp;<\/p>\n<hr \/>\n<\/div>\n<\/div>\n<\/div>\n<\/div>\n<\/div>\n<\/div>\n<\/div>\n<\/div>\n<\/div>\n<\/div>\n<\/div>\n<\/div>\n<div class=\"articlePlainSubHead\"><\/div>\n<blockquote>\n<h1 class=\"articlePlainTitle\">Piani di Pezz\u00e8 domenica c&#8217;\u00e8 l&#8217;atteso Splash party<a class=\"dt-pswp-item\" href=\"https:\/\/www.radiopiu.net\/wordpress\/wp-content\/uploads\/2025\/03\/download-14.jpg\" data-dt-img-description=\"\" data-large_image_width=\"266\" data-large_image_height=\"190\"><img loading=\"lazy\" decoding=\"async\" class=\"size-full wp-image-441438 alignleft\" src=\"https:\/\/www.radiopiu.net\/wordpress\/wp-content\/uploads\/2025\/03\/download-14.jpg\" alt=\"\" width=\"266\" height=\"190\" \/><\/a><\/h1>\n<\/blockquote>\n<div class=\"articlePlainText\">\n<p><strong>ALLEGHE<\/strong>\u00a0 Torna domenica l&#8217;atteso evento per la chiusura della stagione invernale ai Piani di Pezz\u00e8: lo Splash party, la pazza discesa sulla neve di bolidi improvvisati che si conclude con un tuffo nella piscina allestita in fondo alla pista. Un evento ormai diventato un classico: una piscina lunga 30 metri colma di acqua gelida pronta ad accogliere temerari sciatori e creatori di mezzi autocostruiti che tenteranno l&#8217;attraversamento pi\u00f9 epico dell&#8217;anno. E come ospiti speciali ci saranno i DJs From Mars con la loro musica. La festa di Alleghe Funivie aprir\u00e0 i battenti domenica alle 9,30, quindi alle 10,30 ci sar\u00e0 l&#8217;apertura della piscina. Dalle 11 animazione con Radio Piterpan con Sister Gloria, Chiarola, Edo e Andrea Nordio. Alle 13 si scatener\u00e0 la discesa dei mezzi improvvisati, seguita dalla musica dei DJs From Mars. Premiazioni alle 17 e quindi after party con Drj e Dj Jack. L&#8217;ultima discesa della cabinovia \u00e8 alle 19. Info e prenotazioni: eventi@alleghefunivie.com.\u00a0\u2014<\/p>\n<\/div>\n<\/div>\n<\/div>\n<\/div>\n<\/div>\n<\/div>\n<\/div>\n<\/div>\n<\/div>\n<\/div>\n<hr \/>\n<p>&nbsp;<\/p>\n<blockquote>\n<h3>DESTROY THE WINTER, IL PARTY DI FINE STAGIONE A CIAMPAC<\/h3>\n<\/blockquote>\n<p><strong>DI MATTIA VALENTINI<\/strong><\/p>\n<p>Proseguono i preparativi del DESTROY THE WINTER, la Festa di fine stagione al Ciampac\u00a0 Domenica 30 marzo a partire dalle 10.00 musica, sport e divertimento saranno protagonisti nella splendida conca del Ciampac ad Alba di Canazei. Si rinnova la collaborazione tra Funivia Ciampac e la Cooperativa Sociale INOUT per l\u2019organizzazione dell\u2019evento che segna la chiusura della stagione invernale 24\/25 L\u2019anno scorso \u00e8 stato Matty Valentino ad infiammare il palco, per l\u2019edizione 2025 ci penseranno il dj e lo staff del noto Apres Ski Paradis di Canazei e poi spazio agli special guest, di fama internazionale, i dj Da Brozz! In programma anche un torneo di pallavolo sulla neve, con gi\u00e0 16 squadre iscritte.<\/p>\n<audio class=\"wp-audio-shortcode\" id=\"audio-441580-21\" preload=\"none\" style=\"width: 100%;\" controls=\"controls\"><source type=\"audio\/mpeg\" src=\"https:\/\/www.radiopiu.net\/wordpress\/wp-content\/uploads\/2025\/03\/Destroy-The-Winter-2025.mp3?_=21\" \/><a href=\"https:\/\/www.radiopiu.net\/wordpress\/wp-content\/uploads\/2025\/03\/Destroy-The-Winter-2025.mp3\">https:\/\/www.radiopiu.net\/wordpress\/wp-content\/uploads\/2025\/03\/Destroy-The-Winter-2025.mp3<\/a><\/audio>\n<p>&nbsp;<\/p>\n\n\t\t\t<style type='text\/css'>\n\t\t\t\t#gallery-7 {\n\t\t\t\t\tmargin: auto;\n\t\t\t\t}\n\t\t\t\t#gallery-7 .gallery-item {\n\t\t\t\t\tfloat: left;\n\t\t\t\t\tmargin-top: 10px;\n\t\t\t\t\ttext-align: center;\n\t\t\t\t\twidth: 50%;\n\t\t\t\t}\n\t\t\t\t#gallery-7 img {\n\t\t\t\t\tborder: 2px solid #cfcfcf;\n\t\t\t\t}\n\t\t\t\t#gallery-7 .gallery-caption {\n\t\t\t\t\tmargin-left: 0;\n\t\t\t\t}\n\t\t\t\t\/* see gallery_shortcode() in wp-includes\/media.php *\/\n\t\t\t<\/style>\n\t\t<div id='gallery-7' class='dt-gallery-container gallery galleryid-441580 gallery-columns-2 gallery-size-medium'><dl class='gallery-item'>\n\t\t\t\t<dt class='gallery-icon portrait'>\n\t\t\t\t\t<a class=\"rollover rollover-zoom dt-pswp-item\" title=\"Locandina destroy 2025\" data-dt-img-description=\"\" data-large_image_width=\"512\" data-large_image_height=\"640\"href='https:\/\/www.radiopiu.net\/wordpress\/wp-content\/uploads\/2025\/03\/Locandina-destroy-2025.jpg'><img loading=\"lazy\" decoding=\"async\" width=\"240\" height=\"300\" src=\"https:\/\/www.radiopiu.net\/wordpress\/wp-content\/uploads\/2025\/03\/Locandina-destroy-2025-240x300.jpg\" class=\"attachment-medium size-medium\" alt=\"\" srcset=\"https:\/\/www.radiopiu.net\/wordpress\/wp-content\/uploads\/2025\/03\/Locandina-destroy-2025-240x300.jpg 240w, https:\/\/www.radiopiu.net\/wordpress\/wp-content\/uploads\/2025\/03\/Locandina-destroy-2025.jpg 512w\" sizes=\"auto, (max-width: 240px) 100vw, 240px\" \/><\/a>\n\t\t\t\t<\/dt><\/dl><dl class='gallery-item'>\n\t\t\t\t<dt class='gallery-icon landscape'>\n\t\t\t\t\t<a class=\"rollover rollover-zoom dt-pswp-item\" title=\"Destroy The Winter - 2025 pallavolo\" data-dt-img-description=\"\" data-large_image_width=\"2048\" data-large_image_height=\"1367\"href='https:\/\/www.radiopiu.net\/wordpress\/wp-content\/uploads\/2025\/03\/Destroy-The-Winter-2025-pallavolo.jpg'><img loading=\"lazy\" decoding=\"async\" width=\"300\" height=\"200\" src=\"https:\/\/www.radiopiu.net\/wordpress\/wp-content\/uploads\/2025\/03\/Destroy-The-Winter-2025-pallavolo-300x200.jpg\" class=\"attachment-medium size-medium\" alt=\"\" srcset=\"https:\/\/www.radiopiu.net\/wordpress\/wp-content\/uploads\/2025\/03\/Destroy-The-Winter-2025-pallavolo-300x200.jpg 300w, https:\/\/www.radiopiu.net\/wordpress\/wp-content\/uploads\/2025\/03\/Destroy-The-Winter-2025-pallavolo-1024x684.jpg 1024w, https:\/\/www.radiopiu.net\/wordpress\/wp-content\/uploads\/2025\/03\/Destroy-The-Winter-2025-pallavolo-768x513.jpg 768w, https:\/\/www.radiopiu.net\/wordpress\/wp-content\/uploads\/2025\/03\/Destroy-The-Winter-2025-pallavolo-1536x1025.jpg 1536w, https:\/\/www.radiopiu.net\/wordpress\/wp-content\/uploads\/2025\/03\/Destroy-The-Winter-2025-pallavolo.jpg 2048w\" sizes=\"auto, (max-width: 300px) 100vw, 300px\" \/><\/a>\n\t\t\t\t<\/dt><\/dl><br style=\"clear: both\" \/>\n\t\t\t<\/div>\n\n<p>&nbsp;<\/p>\n<hr \/>\n<p>&nbsp;<\/p>\n<p class=\"mceTemp\"><a class=\"dt-pswp-item\" href=\"https:\/\/www.radiopiu.net\/wordpress\/wp-content\/uploads\/2018\/09\/WhatsApp-Image-2018-09-20-at-16.04.06.jpeg\" data-dt-img-description=\"\" data-large_image_width=\"800\" data-large_image_height=\"100\"><img loading=\"lazy\" decoding=\"async\" class=\"wp-image-61378 size-full aligncenter\" src=\"https:\/\/www.radiopiu.net\/wordpress\/wp-content\/uploads\/2018\/09\/WhatsApp-Image-2018-09-20-at-16.04.06.jpeg\" alt=\"\" width=\"800\" height=\"100\" srcset=\"https:\/\/www.radiopiu.net\/wordpress\/wp-content\/uploads\/2018\/09\/WhatsApp-Image-2018-09-20-at-16.04.06.jpeg 800w, https:\/\/www.radiopiu.net\/wordpress\/wp-content\/uploads\/2018\/09\/WhatsApp-Image-2018-09-20-at-16.04.06-300x38.jpeg 300w, https:\/\/www.radiopiu.net\/wordpress\/wp-content\/uploads\/2018\/09\/WhatsApp-Image-2018-09-20-at-16.04.06-768x96.jpeg 768w\" sizes=\"auto, (max-width: 800px) 100vw, 800px\" \/><\/a><\/p>\n<p><center><\/center><center><\/center>&nbsp;<\/p>\n<p><center><b>OGGI<\/b><\/center>Tempo stabile e un p\u00f2 pi\u00f9 soleggiato, con cielo da poco nuvoloso a tratti parzialmente nuvoloso sia per velature che per per modesta attivit\u00e0 cumuliforme nel pomeriggio su Prealpi.<br \/>\n<b>Precipitazioni: <\/b>Assenti<br \/>\n<b>Temperature: <\/b>Contesto termico fresco in molte valli e sugli altopiani al primo mattino, mite di giorno con temperature massime in aumento.<\/p>\n<hr \/>\n<p><center><b>DOMANI<\/b><\/center>Tempo stabile con cielo poco nuvoloso su Dolomiti al mattino, parzialmente nuvoloso su Prealpi. Nel pomeriggio e soprattutto verso sera generale aumento delle nubi ovunque.<br \/>\n<b>Precipitazioni: <\/b>In serata non del tutto escluso un piovasco\/rovescio su Prealpi occidentali<br \/>\n<b>Temperature: <\/b>Temperature massime in ulteriore lieve aumento con forte escursione termica diurna nelle valli.<\/p>\n<hr \/>\n<p><center><b>SABATO<\/b><\/center>Cielo per lo pi\u00f9 nuvoloso con qualche schiarita pi\u00f9 probabile verso sera. Possibili a tratti debolissime precipitazioni durante le ore centrali specie sulle cime con qualche fiocco attorno a 1700\/1800 m. Temperature massime in calo.<\/p>\n<hr \/>\n<p><center><b>DOMENICA<\/b><\/center>Nuvolosit\u00e0 variabile: Fino al mattino nuvolosit\u00e0 irregolare anche estesa con tendenza a schiarite via via pi\u00f9 ampie fino a poco nuvoloso ovunque seguita da nuovo aumento delle nubi da met\u00e0 pomeriggio. Temperature massime in aumento.<\/p>\n<p>&nbsp;<\/p>\n<hr \/>\n<p>&nbsp;<\/p>\n<p class=\"mceTemp\"><a class=\"dt-pswp-item\" href=\"https:\/\/www.radiopiu.net\/wordpress\/wp-content\/uploads\/2018\/09\/sport.jpg\" data-dt-img-description=\"\" data-large_image_width=\"800\" data-large_image_height=\"100\"><img loading=\"lazy\" decoding=\"async\" class=\"aligncenter wp-image-60761 size-full\" src=\"https:\/\/www.radiopiu.net\/wordpress\/wp-content\/uploads\/2018\/09\/sport.jpg\" alt=\"\" width=\"800\" height=\"100\" srcset=\"https:\/\/www.radiopiu.net\/wordpress\/wp-content\/uploads\/2018\/09\/sport.jpg 800w, https:\/\/www.radiopiu.net\/wordpress\/wp-content\/uploads\/2018\/09\/sport-300x38.jpg 300w, https:\/\/www.radiopiu.net\/wordpress\/wp-content\/uploads\/2018\/09\/sport-768x96.jpg 768w\" sizes=\"auto, (max-width: 800px) 100vw, 800px\" \/> <\/a><\/p>\n<p class=\"mceTemp\"><span style=\"color: #0000ff;\"><strong>\u00a0 \u00a0 \u00a0 \u00a0\u00a0<\/strong><\/span><\/p>\n<p><span style=\"color: #0000ff;\"><strong>CALCIO<\/strong><\/span><\/p>\n<blockquote>\n<h3>L&#8217;AGORDINA VINCE DI MISURA CON LA LAMONESE NELL&#8217;ANDATA DELLA SEMIFINALE DI COPPA DOLOMITI<\/h3>\n<\/blockquote>\n<p><strong><a class=\"dt-pswp-item\" href=\"https:\/\/www.radiopiu.net\/wordpress\/wp-content\/uploads\/2019\/01\/CALCIO-GOL.jpg\" data-dt-img-description=\"\" data-large_image_width=\"800\" data-large_image_height=\"400\"><img loading=\"lazy\" decoding=\"async\" class=\" wp-image-73083 alignleft\" src=\"https:\/\/www.radiopiu.net\/wordpress\/wp-content\/uploads\/2019\/01\/CALCIO-GOL-300x150.jpg\" alt=\"\" width=\"202\" height=\"101\" srcset=\"https:\/\/www.radiopiu.net\/wordpress\/wp-content\/uploads\/2019\/01\/CALCIO-GOL-300x150.jpg 300w, https:\/\/www.radiopiu.net\/wordpress\/wp-content\/uploads\/2019\/01\/CALCIO-GOL-768x384.jpg 768w, https:\/\/www.radiopiu.net\/wordpress\/wp-content\/uploads\/2019\/01\/CALCIO-GOL.jpg 800w\" sizes=\"auto, (max-width: 202px) 100vw, 202px\" \/><\/a>DI MARCO GAZ<\/strong><\/p>\n<p><strong>SEMIFINALE COPPA DOLOMITI &#8211; ANDATA<\/strong><\/p>\n<p><strong>LAMONESE &#8211; AGORDINA 2-3<\/strong><\/p>\n<p>GOL AGORDINA: De Col\u00f2, Selle, Panart<\/p>\n<p>Grande prova di carattere dell\u2019Agordina, che si impone per 3-2 in trasferta sul campo della Lamonese nella semifinale d\u2019andata di Coppa Dolomiti. La sfida, intensa e combattuta, lascia aperto ogni discorso in vista del ritorno, in programma per il 23 aprile. La prima frazione di gioco si sviluppa in equilibrio, con entrambe le squadre attente a non scoprirsi. Al 30\u2019 la partita si sblocca grazie a una prodezza di De Col\u00f2, che su calcio di punizione dal limite dell\u2019area insacca la sfera sotto l\u2019incrocio dei pali, lasciando di stucco il portiere avversario. La ripresa si apre con il pareggio della Lamonese: al 55\u2019 Reato trova la rete con un preciso tiro dalla distanza, riportando il match in parit\u00e0. La reazione dell\u2019Agordina non tarda ad arrivare e al 65\u2019 la formazione di mister Davare torna avanti grazie a Selle, abile a sfruttare una rimessa laterale e a insaccare di testa. Gli ospiti sfiorano poi il tris con un\u2019altra giocata di De Col\u00f2, il cui tiro si stampa sulla traversa. Il terzo gol arriva comunque nel finale, con Panart che sigla la rete del momentaneo 3-1. La Lamonese, per\u00f2, non si arrende e nel recupero accorcia le distanze con Tollardo, autore di un colpo di testa in mischia che fissa il risultato sul definitivo 3-2. La sfida rimane quindi aperta e tutto si decider\u00e0 nella gara di ritorno in programma il 23 aprile, con l\u2019Agordina chiamata a difendere il prezioso vantaggio acquisito in trasferta.<\/p>\n<p>&nbsp;<\/p>\n<p><span style=\"color: #0000ff;\"><strong>HOCKEY SU GHIACCIO<\/strong><\/span><\/p>\n<blockquote>\n<h3><a class=\"dt-pswp-item\" href=\"https:\/\/www.radiopiu.net\/wordpress\/wp-content\/uploads\/2022\/01\/HOCKEY-2022.jpg\" data-dt-img-description=\"\" data-large_image_width=\"1920\" data-large_image_height=\"1280\"><img loading=\"lazy\" decoding=\"async\" class=\" wp-image-255780 alignleft\" src=\"https:\/\/www.radiopiu.net\/wordpress\/wp-content\/uploads\/2022\/01\/HOCKEY-2022-300x200.jpg\" alt=\"\" width=\"164\" height=\"109\" srcset=\"https:\/\/www.radiopiu.net\/wordpress\/wp-content\/uploads\/2022\/01\/HOCKEY-2022-300x200.jpg 300w, https:\/\/www.radiopiu.net\/wordpress\/wp-content\/uploads\/2022\/01\/HOCKEY-2022-1024x683.jpg 1024w, https:\/\/www.radiopiu.net\/wordpress\/wp-content\/uploads\/2022\/01\/HOCKEY-2022-768x512.jpg 768w, https:\/\/www.radiopiu.net\/wordpress\/wp-content\/uploads\/2022\/01\/HOCKEY-2022-1536x1024.jpg 1536w, https:\/\/www.radiopiu.net\/wordpress\/wp-content\/uploads\/2022\/01\/HOCKEY-2022.jpg 1920w\" sizes=\"auto, (max-width: 164px) 100vw, 164px\" \/><\/a>IL CALDARO VA IN FINALE CONTRO L&#8217;AOSTA<\/h3>\n<\/blockquote>\n<p>La finale della Italian Hockey League vedr\u00e0 sfidarsi Caldaro e Aosta, con gli altoatesini che potranno contare sul vantaggio del fattore campo. La decisiva gara-5 di semifinale ha visto i Lucci imporsi in rimonta sui Mastini per 4-2 nel terzo periodo. L\u2019atto conclusivo del campionato prender\u00e0 il via sabato 29 marzo e si disputer\u00e0 al meglio delle sette partite, promettendo uno spettacolo di alto livello.<\/p>\n<p>&nbsp;<\/p>\n<p>&nbsp;<\/p>\n<blockquote class=\"wp-embedded-content\" data-secret=\"b8sbXpEqYr\"><p><a href=\"https:\/\/www.radiopiu.net\/wordpress\/elbalfior_seconda\/\">&#8220;EL BAL DEL FIOR&#8221;, DI GIULIANA DA RONCH SECONDA STAGIONE<\/a><\/p><\/blockquote>\n<p><iframe loading=\"lazy\" class=\"wp-embedded-content\" sandbox=\"allow-scripts\" security=\"restricted\" style=\"position: absolute; visibility: hidden;\" title=\"&#8220;&#8220;EL BAL DEL FIOR&#8221;, DI GIULIANA DA RONCH SECONDA STAGIONE&#8221; &#8212; Radio Pi\u00f9\" src=\"https:\/\/www.radiopiu.net\/wordpress\/elbalfior_seconda\/embed\/#?secret=vGR2Cx5hnQ#?secret=b8sbXpEqYr\" data-secret=\"b8sbXpEqYr\" width=\"600\" height=\"338\" frameborder=\"0\" marginwidth=\"0\" marginheight=\"0\" scrolling=\"no\"><\/iframe><\/p>\n<p>&nbsp;<\/p>\n<blockquote class=\"wp-embedded-content\" data-secret=\"ch01Am5srJ\"><p><a href=\"https:\/\/www.radiopiu.net\/wordpress\/almanac1\/\">RACCOLTA ANNO 2024 N di parom &#8211; L Almanach de la nosta jent<\/a><\/p><\/blockquote>\n<p><iframe loading=\"lazy\" class=\"wp-embedded-content\" sandbox=\"allow-scripts\" security=\"restricted\" style=\"position: absolute; visibility: hidden;\" title=\"&#8220;RACCOLTA ANNO 2024 N di parom &#8211; L Almanach de la nosta jent&#8221; &#8212; Radio Pi\u00f9\" src=\"https:\/\/www.radiopiu.net\/wordpress\/almanac1\/embed\/#?secret=6M5bTCgUSb#?secret=ch01Am5srJ\" data-secret=\"ch01Am5srJ\" width=\"600\" height=\"338\" frameborder=\"0\" marginwidth=\"0\" marginheight=\"0\" scrolling=\"no\"><\/iframe><\/p>\n<p>&nbsp;<\/p>\n<blockquote class=\"wp-embedded-content\" data-secret=\"t6lY1gzm5H\"><p><a href=\"https:\/\/www.radiopiu.net\/wordpress\/raccolta-anno-2024-pirole-de-lenga-dalla-puntata-1-alla-250\/\">RACCOLTA ANNO 2024-25 PIROLE DE LENGA&#8230;DALLA PUNTATA 1<\/a><\/p><\/blockquote>\n<p><iframe loading=\"lazy\" class=\"wp-embedded-content\" sandbox=\"allow-scripts\" security=\"restricted\" style=\"position: absolute; visibility: hidden;\" title=\"&#8220;RACCOLTA ANNO 2024-25 PIROLE DE LENGA&#8230;DALLA PUNTATA 1&#8221; &#8212; Radio Pi\u00f9\" src=\"https:\/\/www.radiopiu.net\/wordpress\/raccolta-anno-2024-pirole-de-lenga-dalla-puntata-1-alla-250\/embed\/#?secret=2RNkV45BFh#?secret=t6lY1gzm5H\" data-secret=\"t6lY1gzm5H\" width=\"600\" height=\"338\" frameborder=\"0\" marginwidth=\"0\" marginheight=\"0\" scrolling=\"no\"><\/iframe><\/p>\n<p>&nbsp;<\/p>\n<blockquote class=\"wp-embedded-content\" data-secret=\"JYWDinkovR\"><p><a href=\"https:\/\/www.radiopiu.net\/wordpress\/lad08aaaa\/\">&#8220;NCONTONSE&#8221; IN LADINO SU RADIO PI\u00d9<\/a><\/p><\/blockquote>\n<p><iframe loading=\"lazy\" class=\"wp-embedded-content\" sandbox=\"allow-scripts\" security=\"restricted\" style=\"position: absolute; visibility: hidden;\" title=\"&#8220;&#8220;NCONTONSE&#8221; IN LADINO SU RADIO PI\u00d9&#8221; &#8212; Radio Pi\u00f9\" src=\"https:\/\/www.radiopiu.net\/wordpress\/lad08aaaa\/embed\/#?secret=JYBfCy6RSK#?secret=JYWDinkovR\" data-secret=\"JYWDinkovR\" width=\"600\" height=\"338\" frameborder=\"0\" marginwidth=\"0\" marginheight=\"0\" scrolling=\"no\"><\/iframe><\/p>\n<p>&nbsp;<\/p>\n<p>&nbsp;<\/p>\n<p>&nbsp;<\/p>\n","protected":false},"excerpt":{"rendered":"<p>****** &nbsp; &nbsp; LA\u00a0 APP PER IOS-IPHONE di Nicola Vettorello https:\/\/apps.apple.com\/it\/app\/radio-pi%C3%B9-emittente-agordina\/id1515939845 LA\u00a0 APP RADIO\u00a0 PER ANDROID di Nicola Vettorello https:\/\/play.google.com\/store\/apps\/details?id=net.radiopiu.iniko\u00a0\u00a0\u00a0\u00a0 &nbsp; &nbsp; OGGI \u00a0 \u00a0\u00a0 ALLE 8 LA RASSEGNA STAMPA LOCALE, LA STORICA, DAL 1983 DI MIRKO MEZZACASA, ALLE 10.10 SEI IN RADIO SE&#8230;. CURIOSITA&#8217; DAI GRUPPI FACEBOOK, DI MARINA DONA&#8217; 10.30 SPECIALE HOCKEY CANALE&hellip;<\/p>\n","protected":false},"author":4,"featured_media":441682,"comment_status":"closed","ping_status":"closed","sticky":false,"template":"","format":"standard","meta":{"_monsterinsights_skip_tracking":false,"_monsterinsights_sitenote_active":false,"_monsterinsights_sitenote_note":"","_monsterinsights_sitenote_category":0,"footnotes":""},"categories":[51,86,49],"tags":[],"class_list":["post-441580","post","type-post","status-publish","format-standard","has-post-thumbnail","hentry","category-evidenza-top","category-gr","category-news-18","category-51","category-86","category-49","description-off"],"img_url":"https:\/\/www.radiopiu.net\/wordpress\/wp-content\/uploads\/2025\/03\/Convegno-Cortina_Foto-1-scaled.jpeg","_links":{"self":[{"href":"https:\/\/www.radiopiu.net\/wordpress\/wp-json\/wp\/v2\/posts\/441580","targetHints":{"allow":["GET"]}}],"collection":[{"href":"https:\/\/www.radiopiu.net\/wordpress\/wp-json\/wp\/v2\/posts"}],"about":[{"href":"https:\/\/www.radiopiu.net\/wordpress\/wp-json\/wp\/v2\/types\/post"}],"author":[{"embeddable":true,"href":"https:\/\/www.radiopiu.net\/wordpress\/wp-json\/wp\/v2\/users\/4"}],"replies":[{"embeddable":true,"href":"https:\/\/www.radiopiu.net\/wordpress\/wp-json\/wp\/v2\/comments?post=441580"}],"version-history":[{"count":32,"href":"https:\/\/www.radiopiu.net\/wordpress\/wp-json\/wp\/v2\/posts\/441580\/revisions"}],"predecessor-version":[{"id":441754,"href":"https:\/\/www.radiopiu.net\/wordpress\/wp-json\/wp\/v2\/posts\/441580\/revisions\/441754"}],"wp:featuredmedia":[{"embeddable":true,"href":"https:\/\/www.radiopiu.net\/wordpress\/wp-json\/wp\/v2\/media\/441682"}],"wp:attachment":[{"href":"https:\/\/www.radiopiu.net\/wordpress\/wp-json\/wp\/v2\/media?parent=441580"}],"wp:term":[{"taxonomy":"category","embeddable":true,"href":"https:\/\/www.radiopiu.net\/wordpress\/wp-json\/wp\/v2\/categories?post=441580"},{"taxonomy":"post_tag","embeddable":true,"href":"https:\/\/www.radiopiu.net\/wordpress\/wp-json\/wp\/v2\/tags?post=441580"}],"curies":[{"name":"wp","href":"https:\/\/api.w.org\/{rel}","templated":true}]}}