{"id":441587,"date":"2025-03-26T05:22:16","date_gmt":"2025-03-26T04:22:16","guid":{"rendered":"https:\/\/www.radiopiu.net\/wordpress\/?p=441587"},"modified":"2025-03-26T05:22:16","modified_gmt":"2025-03-26T04:22:16","slug":"ispezione-allistituto-follador-di-agordo-chiarire-le-cause-del-malcontento","status":"publish","type":"post","link":"https:\/\/www.radiopiu.net\/wordpress\/ispezione-allistituto-follador-di-agordo-chiarire-le-cause-del-malcontento\/","title":{"rendered":"ISPEZIONE ALL&#8217;ISTITUTO FOLLADOR DI AGORDO: CHIARIRE LE CAUSE DEL MALCONTENTO"},"content":{"rendered":"<p>**<\/p>\n<article class=\"group\/turn w-full text-token-text-primary focus-visible:outline-none\" dir=\"auto\" tabindex=\"-1\" data-testid=\"conversation-turn-26\" data-scroll-anchor=\"true\">\n<div class=\"text-base my-auto mx-auto py-5 px-6\">\n<div class=\"mx-auto flex flex-1 text-base gap-4 md:gap-5 lg:gap-6 md:max-w-3xl\">\n<div class=\"group\/conversation-turn relative flex w-full min-w-0 flex-col agent-turn @xs\/thread:px-0 @sm\/thread:px-1.5 @md\/thread:px-4\">\n<div class=\"relative flex-col gap-1 md:gap-3\">\n<div class=\"flex max-w-full flex-col flex-grow\">\n<div class=\"min-h-8 text-message relative flex w-full flex-col items-end gap-2 whitespace-normal break-words text-start [.text-message+&amp;]:mt-5\" dir=\"auto\" data-message-author-role=\"assistant\" data-message-id=\"fa083ebd-2985-4db7-a7c6-c23436423408\" data-message-model-slug=\"gpt-4o-mini\">\n<div class=\"flex w-full flex-col gap-1 empty:hidden first:pt-[3px]\">\n<div class=\"markdown prose w-full break-words dark:prose-invert dark\">\n<p class=\"\" data-start=\"82\" data-end=\"602\"><strong><img loading=\"lazy\" decoding=\"async\" class=\"alignleft\" src=\"https:\/\/www.radiopiu.net\/wordpress\/wp-content\/uploads\/2024\/09\/FOLLADOR.jpg\" width=\"224\" height=\"126\" \/>AGORDO<\/strong> \u2013 L&#8217;Ufficio scolastico regionale ha avviato un\u2019ispezione all&#8217;istituto Follador di Agordo, al fine di fare chiarezza sul malcontento che coinvolge tanto i docenti quanto gli studenti e le famiglie. L\u2019ispettrice Maria Mapelli, incaricata di raccogliere testimonianze e documenti, si \u00e8 gi\u00e0 recata presso la scuola per iniziare il lavoro di indagine. L\u2019obiettivo dell\u2019ispezione \u00e8 identificare le motivazioni alla base di questa insoddisfazione diffusa, che ha avuto un impatto significativo sulla comunit\u00e0 scolastica.<\/p>\n<p class=\"\" data-start=\"604\" data-end=\"1195\">Le famiglie, venute a conoscenza dell\u2019ispezione, hanno richiesto di essere ascoltate per esprimere il loro punto di vista e raccontare la loro esperienza. Questo accresce l&#8217;importanza di una visione complessiva della situazione, che tenga conto anche dei disagi percepiti da chi vive ogni giorno la realt\u00e0 scolastica.<\/p>\n<p class=\"\" data-start=\"1197\" data-end=\"1566\">L\u2019ispezione dovr\u00e0 durare alcuni mesi, poich\u00e9 il processo di raccolta delle testimonianze e dei documenti richiede tempo. Alla fine, verr\u00e0 redatta una relazione che sar\u00e0 inviata all\u2019Ufficio scolastico veneto per l\u2019elaborazione di eventuali soluzioni. Questo documento potrebbe rappresentare un passo fondamentale per risolvere le problematiche che affliggono l\u2019istituto.<\/p>\n<blockquote>\n<p class=\"\" data-start=\"1568\" data-end=\"2283\">Nel frattempo, il dibattito sulla situazione all\u2019interno della scuola \u00e8 proseguito anche fuori dall\u2019ambito scolastico. Ieri, un sindacalista ha cercato di intervenire nella discussione invitando a &#8220;abbassare i toni&#8221;. Tuttavia, tale commento non \u00e8 stato accolto favorevolmente, poich\u00e9, al momento, non sono stati registrati episodi di escalation o di eccessiva conflittualit\u00e0. Piuttosto, la situazione appare come un&#8217;espressione di disagio latente, che non ha ancora trovato una risposta concreta. Il sindacalista, quindi, potrebbe presto rendersi conto che la situazione non \u00e8 un capriccio di qualche singolo studente, ma una questione che riguarda l\u2019intera scuola e che necessit\u00e0 di risposte adeguate e tempestive.<\/p>\n<\/blockquote>\n<p class=\"\" data-start=\"2285\" data-end=\"2479\">L\u2019attesa ora \u00e8 rivolta alla conclusione dell\u2019ispezione, che potrebbe finalmente portare alle risposte tanto attese da tempo e risolvere le problematiche che si sono accumulate negli ultimi mesi.<\/p>\n<\/div>\n<\/div>\n<\/div>\n<\/div>\n<div class=\"flex justify-start\">\n<div class=\"-me-1 -ms-2.5 flex select-none items-center p-1 touch:-me-2 touch:-ms-3.5 -mt-1 transition-[mask-position] [mask-image:linear-gradient(to_var(--mask-direction),black_33%,transparent_66%)] [mask-position:var(--mask-from-pos)] [mask-size:300%_100%] [--mask-direction:right] [--mask-from-pos:100%_0] [--mask-to-pos:0_0] duration-[1.5s]\">\n<div class=\"flex items-center pb-0\"><\/div>\n<\/div>\n<\/div>\n<div class=\"mt-3 w-full empty:hidden\">\n<div class=\"text-center\"><\/div>\n<\/div>\n<\/div>\n<div class=\"absolute\">\n<div class=\"flex items-center justify-center\"><\/div>\n<\/div>\n<\/div>\n<\/div>\n<\/div>\n<\/article>\n<div class=\"pointer-events-none h-px w-px\" aria-hidden=\"true\" data-edge=\"true\"><\/div>\n","protected":false},"excerpt":{"rendered":"<p>** AGORDO \u2013 L&#8217;Ufficio scolastico regionale ha avviato un\u2019ispezione all&#8217;istituto Follador di Agordo, al fine di fare chiarezza sul malcontento che coinvolge tanto i docenti quanto gli studenti e le famiglie. L\u2019ispettrice Maria Mapelli, incaricata di raccogliere testimonianze e documenti, si \u00e8 gi\u00e0 recata presso la scuola per iniziare il lavoro di indagine. L\u2019obiettivo dell\u2019ispezione&hellip;<\/p>\n","protected":false},"author":4,"featured_media":411383,"comment_status":"closed","ping_status":"closed","sticky":false,"template":"","format":"standard","meta":{"_monsterinsights_skip_tracking":false,"_monsterinsights_sitenote_active":false,"_monsterinsights_sitenote_note":"","_monsterinsights_sitenote_category":0,"footnotes":""},"categories":[51,49],"tags":[],"class_list":["post-441587","post","type-post","status-publish","format-standard","has-post-thumbnail","hentry","category-evidenza-top","category-news-18","category-51","category-49","description-off"],"img_url":"https:\/\/www.radiopiu.net\/wordpress\/wp-content\/uploads\/2024\/09\/FOLLADOR.jpg","_links":{"self":[{"href":"https:\/\/www.radiopiu.net\/wordpress\/wp-json\/wp\/v2\/posts\/441587","targetHints":{"allow":["GET"]}}],"collection":[{"href":"https:\/\/www.radiopiu.net\/wordpress\/wp-json\/wp\/v2\/posts"}],"about":[{"href":"https:\/\/www.radiopiu.net\/wordpress\/wp-json\/wp\/v2\/types\/post"}],"author":[{"embeddable":true,"href":"https:\/\/www.radiopiu.net\/wordpress\/wp-json\/wp\/v2\/users\/4"}],"replies":[{"embeddable":true,"href":"https:\/\/www.radiopiu.net\/wordpress\/wp-json\/wp\/v2\/comments?post=441587"}],"version-history":[{"count":2,"href":"https:\/\/www.radiopiu.net\/wordpress\/wp-json\/wp\/v2\/posts\/441587\/revisions"}],"predecessor-version":[{"id":441589,"href":"https:\/\/www.radiopiu.net\/wordpress\/wp-json\/wp\/v2\/posts\/441587\/revisions\/441589"}],"wp:featuredmedia":[{"embeddable":true,"href":"https:\/\/www.radiopiu.net\/wordpress\/wp-json\/wp\/v2\/media\/411383"}],"wp:attachment":[{"href":"https:\/\/www.radiopiu.net\/wordpress\/wp-json\/wp\/v2\/media?parent=441587"}],"wp:term":[{"taxonomy":"category","embeddable":true,"href":"https:\/\/www.radiopiu.net\/wordpress\/wp-json\/wp\/v2\/categories?post=441587"},{"taxonomy":"post_tag","embeddable":true,"href":"https:\/\/www.radiopiu.net\/wordpress\/wp-json\/wp\/v2\/tags?post=441587"}],"curies":[{"name":"wp","href":"https:\/\/api.w.org\/{rel}","templated":true}]}}