{"id":441766,"date":"2025-03-28T05:16:27","date_gmt":"2025-03-28T04:16:27","guid":{"rendered":"https:\/\/www.radiopiu.net\/wordpress\/?p=441766"},"modified":"2025-03-28T05:58:36","modified_gmt":"2025-03-28T04:58:36","slug":"ponte-del-primo-maggio-e-ferie-estive-2025-siglato-laccordo-allo-stabilimento-essilorluxottica-di-agordo","status":"publish","type":"post","link":"https:\/\/www.radiopiu.net\/wordpress\/ponte-del-primo-maggio-e-ferie-estive-2025-siglato-laccordo-allo-stabilimento-essilorluxottica-di-agordo\/","title":{"rendered":"PONTE DEL PRIMO MAGGIO E FERIE ESTIVE 2025: SIGLATO L&#8217;ACCORDO ALLO STABILIMENTO ESSILORLUXOTTICA DI AGORDO"},"content":{"rendered":"<p>*******<\/p>\n<p>&nbsp;<\/p>\n<p><strong><a class=\"dt-pswp-item\" href=\"https:\/\/www.radiopiu.net\/wordpress\/wp-content\/uploads\/2025\/03\/luxottica-1.jpg\" data-dt-img-description=\"\" data-large_image_width=\"1600\" data-large_image_height=\"1200\"><img loading=\"lazy\" decoding=\"async\" class=\" wp-image-440127 alignleft\" src=\"https:\/\/www.radiopiu.net\/wordpress\/wp-content\/uploads\/2025\/03\/luxottica-1-300x225.jpg\" alt=\"\" width=\"195\" height=\"146\" srcset=\"https:\/\/www.radiopiu.net\/wordpress\/wp-content\/uploads\/2025\/03\/luxottica-1-300x225.jpg 300w, https:\/\/www.radiopiu.net\/wordpress\/wp-content\/uploads\/2025\/03\/luxottica-1-1024x768.jpg 1024w, https:\/\/www.radiopiu.net\/wordpress\/wp-content\/uploads\/2025\/03\/luxottica-1-768x576.jpg 768w, https:\/\/www.radiopiu.net\/wordpress\/wp-content\/uploads\/2025\/03\/luxottica-1-1536x1152.jpg 1536w, https:\/\/www.radiopiu.net\/wordpress\/wp-content\/uploads\/2025\/03\/luxottica-1.jpg 1600w\" sizes=\"auto, (max-width: 195px) 100vw, 195px\" \/><\/a>AGORDO <\/strong>Importanti novit\u00e0 per i lavoratori dello stabilimento EssilorLuxottica di Agordo: nella giornata di oggi le RSU e l&#8217;azienda hanno ufficialmente siglato l&#8217;accordo per il ponte del 1 Maggio e il calendario delle ferie estive 2025. Grazie all&#8217;intesa raggiunta, i dipendenti potranno beneficiare di un lungo weekend in occasione della Festa dei Lavoratori. Infatti, oltre al giorno festivo di gioved\u00ec 1 Maggio, anche venerd\u00ec 2 Maggio sar\u00e0 non lavorativo. La giornata sar\u00e0 coperta con un PIR (Permesso Individuale Retribuito), permettendo ai lavoratori di godere di un meritato riposo senza impatti economici. Contestualmente, \u00e8 stato ufficializzato anche il calendario delle ferie estive per le maestranze di produzione e degli uffici. Le vacanze inizieranno ufficialmente luned\u00ec 4 Agosto, con l&#8217;ultimo giorno lavorativo fissato per venerd\u00ec 1 Agosto. Il periodo di sospensione delle attivit\u00e0 terminer\u00e0 venerd\u00ec 22 Agosto, consentendo ai dipendenti di rientrare al lavoro luned\u00ec 25 Agosto.<\/p>\n<p>&nbsp;<\/p>\n<p>&nbsp;<\/p>\n<p>********<\/p>\n","protected":false},"excerpt":{"rendered":"<p>******* &nbsp; AGORDO Importanti novit\u00e0 per i lavoratori dello stabilimento EssilorLuxottica di Agordo: nella giornata di oggi le RSU e l&#8217;azienda hanno ufficialmente siglato l&#8217;accordo per il ponte del 1 Maggio e il calendario delle ferie estive 2025. Grazie all&#8217;intesa raggiunta, i dipendenti potranno beneficiare di un lungo weekend in occasione della Festa dei Lavoratori.&hellip;<\/p>\n","protected":false},"author":4,"featured_media":440127,"comment_status":"closed","ping_status":"closed","sticky":false,"template":"","format":"standard","meta":{"_monsterinsights_skip_tracking":false,"_monsterinsights_sitenote_active":false,"_monsterinsights_sitenote_note":"","_monsterinsights_sitenote_category":0,"footnotes":""},"categories":[104,49],"tags":[],"class_list":["post-441766","post","type-post","status-publish","format-standard","has-post-thumbnail","hentry","category-evidenza_3","category-news-18","category-104","category-49","description-off"],"img_url":"https:\/\/www.radiopiu.net\/wordpress\/wp-content\/uploads\/2025\/03\/luxottica-1.jpg","_links":{"self":[{"href":"https:\/\/www.radiopiu.net\/wordpress\/wp-json\/wp\/v2\/posts\/441766","targetHints":{"allow":["GET"]}}],"collection":[{"href":"https:\/\/www.radiopiu.net\/wordpress\/wp-json\/wp\/v2\/posts"}],"about":[{"href":"https:\/\/www.radiopiu.net\/wordpress\/wp-json\/wp\/v2\/types\/post"}],"author":[{"embeddable":true,"href":"https:\/\/www.radiopiu.net\/wordpress\/wp-json\/wp\/v2\/users\/4"}],"replies":[{"embeddable":true,"href":"https:\/\/www.radiopiu.net\/wordpress\/wp-json\/wp\/v2\/comments?post=441766"}],"version-history":[{"count":1,"href":"https:\/\/www.radiopiu.net\/wordpress\/wp-json\/wp\/v2\/posts\/441766\/revisions"}],"predecessor-version":[{"id":441767,"href":"https:\/\/www.radiopiu.net\/wordpress\/wp-json\/wp\/v2\/posts\/441766\/revisions\/441767"}],"wp:featuredmedia":[{"embeddable":true,"href":"https:\/\/www.radiopiu.net\/wordpress\/wp-json\/wp\/v2\/media\/440127"}],"wp:attachment":[{"href":"https:\/\/www.radiopiu.net\/wordpress\/wp-json\/wp\/v2\/media?parent=441766"}],"wp:term":[{"taxonomy":"category","embeddable":true,"href":"https:\/\/www.radiopiu.net\/wordpress\/wp-json\/wp\/v2\/categories?post=441766"},{"taxonomy":"post_tag","embeddable":true,"href":"https:\/\/www.radiopiu.net\/wordpress\/wp-json\/wp\/v2\/tags?post=441766"}],"curies":[{"name":"wp","href":"https:\/\/api.w.org\/{rel}","templated":true}]}}