{"id":441769,"date":"2025-03-27T11:39:23","date_gmt":"2025-03-27T10:39:23","guid":{"rendered":"https:\/\/www.radiopiu.net\/wordpress\/?p=441769"},"modified":"2025-03-28T05:58:07","modified_gmt":"2025-03-28T04:58:07","slug":"dichiarazione-dei-redditi-al-via-il-1-aprile-la-campagna-fiscale-del-caf-cisl","status":"publish","type":"post","link":"https:\/\/www.radiopiu.net\/wordpress\/dichiarazione-dei-redditi-al-via-il-1-aprile-la-campagna-fiscale-del-caf-cisl\/","title":{"rendered":"DICHIARAZIONE DEI REDDITI: AL VIA IL 1 APRILE LA CAMPAGNA FISCALE DEL CAF CISL"},"content":{"rendered":"<p>******<\/p>\n<p>&nbsp;<\/p>\n<p><strong><a class=\"dt-pswp-item\" href=\"https:\/\/www.radiopiu.net\/wordpress\/wp-content\/uploads\/2023\/07\/CAF-CISL.png\" data-dt-img-description=\"\" data-large_image_width=\"1200\" data-large_image_height=\"630\"><img loading=\"lazy\" decoding=\"async\" class=\"size-medium wp-image-344831 alignleft\" src=\"https:\/\/www.radiopiu.net\/wordpress\/wp-content\/uploads\/2023\/07\/CAF-CISL-300x158.png\" alt=\"\" width=\"300\" height=\"158\" srcset=\"https:\/\/www.radiopiu.net\/wordpress\/wp-content\/uploads\/2023\/07\/CAF-CISL-300x158.png 300w, https:\/\/www.radiopiu.net\/wordpress\/wp-content\/uploads\/2023\/07\/CAF-CISL-1024x538.png 1024w, https:\/\/www.radiopiu.net\/wordpress\/wp-content\/uploads\/2023\/07\/CAF-CISL-768x403.png 768w, https:\/\/www.radiopiu.net\/wordpress\/wp-content\/uploads\/2023\/07\/CAF-CISL.png 1200w\" sizes=\"auto, (max-width: 300px) 100vw, 300px\" \/><\/a>TREVISO\/BELLUNO <\/strong><span style=\"color: #000000; font-family: ArialMT;\">Al via con l\u2019inizio del mese di aprile la campagna fiscale del Caf della Cisl Belluno Treviso. Molte le novit\u00e0 di quest\u2019anno: dalle nuove aliquote fiscali su tre scaglioni all\u2019aumento delle detrazioni per il lavoro dipendente, fino alle nuove modalit\u00e0 di ripartizione delle spese sostenute per la ristrutturazione della casa attraverso il superbonus. Una materia, quella fiscale, sempre pi\u00f9 complessa, che richiede un livello di preparazione sempre pi\u00f9 elevato da parte del personale dedicato alle pratiche di lavoratori, pensionati, cittadini, iscritti e non iscritti alla Cisl. <\/span><span style=\"color: #000000; font-family: ArialMT;\">Mediamente, ogni anno il Caf della Cisl territoriale elabora circa 65mila modelli 730. Durante la scorsa campagna fiscale, chiusa il 30 settembre 2024, il Centro di assistenza della Cisl ha elaborato in totale 64.504 modelli 730, di cui 48.849 in provincia di Treviso e 15.655 nel Bellunese. Importante l\u2019exploit della nuova sede di Treviso, che ha registrato un +9%, affermandosi punto di riferimento per l&#8217;area a nord del capoluogo. Ma anche nel bellunese i risultati sono stati migliorativi nella nuova sede di Tai di Cadore (+1,60%), a Sedico (+5%), Agordo (+2%) e Belluno (+1,35%). <\/span><span style=\"color: #000000; font-family: ArialMT;\">Gli appuntamenti gi\u00e0 fissati per la nuova campagna ormai alle porte sono 12mila per la Marca e 3.800 per Belluno. Sono molte le modalit\u00e0 di prenotazione offerte all\u2019utenza: telefonica, attraverso il numero unico 0422 1660661 &#8211; oltre 94mila le telefonate gestite in entrata e in uscita per Caf e patronato Inas nel 2024 -, online attraverso il sito <\/span><a href=\"http:\/\/www.cafcisl.it\/\" target=\"_blank\" rel=\"noopener\"><span style=\"font-family: ArialMT;\"><u>www.cafcisl.it<\/u><\/span><\/a><span style=\"color: #000000; font-family: ArialMT;\">, tramite Whatsapp scrivendo al numero 06 87165505 e infine con il sistema automatico per gli utenti che gi\u00e0 si sono rivolti al Caf negli anni passati, attraverso sms, mail o telefonata automatica. <\/span><span style=\"color: #000000; font-family: ArialMT;\">Gli uffici, per garantire un servizio pi\u00f9 efficiente ed evitare disagi all\u2019utenza, ricevono esclusivamente su appuntamento. Gli operatori del Caf sono operativi in 15 sedi trevigiane (Castelfranco, Conegliano, Mogliano, Montebelluna, Motta di Livenza, Oderzo, On\u00e8 di Fonte, Paese, Pieve di Soligo, Roncade, Spresiano, Valdobbiadene, Vazzola, Treviso, Vittorio Veneto) e in 10 sedi bellunesi (Agordo, Belluno, Cortina, Farra d&#8217;Alpago, Feltre, Quero, Pieve di Cadore, Santo Stefano di Cadore, Sedico, Mel).\u00a0 <\/span><span style=\"color: #000000; font-family: ArialMT;\">Per andare incontro alle esigenze di lavoratori e lavoratrici, sono state stabilite aperture extra il sabato mattina fino a luglio a Castelfranco, Conegliano, Montebelluna, Oderzo, Paese, Pieve di Soligo, Spresiano, Treviso, Vittorio Veneto, Belluno e Feltre, cos\u00ec come saranno presenti operatori del Caf nelle principali aziende di entrambe le province. <\/span><span style=\"color: #000000; font-family: ArialMT;\">Ben 200 le ore di formazione dedicate a operatori aggiuntivi che verranno inseriti nei diversi uffici per la campagna fiscale: 15 nel bellunese e 70 nel trevigiano. Un rinforzo necessario anche per garantire il lavoro ordinario del Centro di assistenza fiscale durante il periodo clou della presentazione delle dichiarazioni dei redditi: nel 2024, oltre a 64.504 modelli 730 e 1.802 modelli Redditi, sono stati elaborati 26.810 Isee, 2.195 pratiche Imu, 744 pratiche di successione (+3% rispetto al 2023), 240 pratiche di locazione (+3% rispetto al 2023), gestiti 1.114 contratti di colf e badanti.\u00a0 <\/span><span style=\"color: #000000; font-family: ArialMT;\">Sono molte le novit\u00e0 fiscali per la dichiarazione dei redditi relative al 2024. Innanzitutto le nuove aliquote su 3 scaglioni, confermate anche per il 2025, poi l\u2019aumento delle detrazioni per il lavoro dipendente, con la no tax area ampliata fino a 8.500 euro anche per i dipendenti. Sul fronte delle locazioni brevi &#8211; quelle sotto i 30 giorni che non hanno obbligo di contratto scritto &#8211; da quest\u2019anno scatta l\u2019innalzamento dell&#8217;aliquota della cedolare secca al 26%, che pu\u00f2 essere ridotta al 21% solo per una unit\u00e0 immobiliare individuata dal contribuente stesso. Infine le nuove modalit\u00e0 di ripartizione in 10 anni per le spese legate ai bonus edilizi (Superbonus, Sismabonus, eliminazione delle barriere architettoniche) sostenute nel 2023 e il cosiddetto \u201cBonus Natale\u201d 2024, che se non ricevuto nel 2024 pu\u00f2 essere recuperato attraverso il 730.\u00a0<\/span><\/p>\n<p><strong>ROBERTA BARBIERI, SEGRETARIA CISL BELLUNO TREVISO, E SIBILLA MENEGUZ, RESPONSABILE CAF CISL BELLUNO TREVISO<\/strong><\/p>\n<audio class=\"wp-audio-shortcode\" id=\"audio-441769-1\" preload=\"none\" style=\"width: 100%;\" controls=\"controls\"><source type=\"audio\/mpeg\" src=\"https:\/\/www.radiopiu.net\/wordpress\/wp-content\/uploads\/2025\/03\/CAF-CISL.mp3?_=1\" \/><a href=\"https:\/\/www.radiopiu.net\/wordpress\/wp-content\/uploads\/2025\/03\/CAF-CISL.mp3\">https:\/\/www.radiopiu.net\/wordpress\/wp-content\/uploads\/2025\/03\/CAF-CISL.mp3<\/a><\/audio>\n<p>&nbsp;<\/p>\n<p>&nbsp;<\/p>\n<p>**********<\/p>\n","protected":false},"excerpt":{"rendered":"<p>****** &nbsp; TREVISO\/BELLUNO Al via con l\u2019inizio del mese di aprile la campagna fiscale del Caf della Cisl Belluno Treviso. Molte le novit\u00e0 di quest\u2019anno: dalle nuove aliquote fiscali su tre scaglioni all\u2019aumento delle detrazioni per il lavoro dipendente, fino alle nuove modalit\u00e0 di ripartizione delle spese sostenute per la ristrutturazione della casa attraverso il&hellip;<\/p>\n","protected":false},"author":4,"featured_media":344831,"comment_status":"closed","ping_status":"closed","sticky":false,"template":"","format":"standard","meta":{"_monsterinsights_skip_tracking":false,"_monsterinsights_sitenote_active":false,"_monsterinsights_sitenote_note":"","_monsterinsights_sitenote_category":0,"footnotes":""},"categories":[51,49],"tags":[],"class_list":["post-441769","post","type-post","status-publish","format-standard","has-post-thumbnail","hentry","category-evidenza-top","category-news-18","category-51","category-49","description-off"],"img_url":"https:\/\/www.radiopiu.net\/wordpress\/wp-content\/uploads\/2023\/07\/CAF-CISL.png","_links":{"self":[{"href":"https:\/\/www.radiopiu.net\/wordpress\/wp-json\/wp\/v2\/posts\/441769","targetHints":{"allow":["GET"]}}],"collection":[{"href":"https:\/\/www.radiopiu.net\/wordpress\/wp-json\/wp\/v2\/posts"}],"about":[{"href":"https:\/\/www.radiopiu.net\/wordpress\/wp-json\/wp\/v2\/types\/post"}],"author":[{"embeddable":true,"href":"https:\/\/www.radiopiu.net\/wordpress\/wp-json\/wp\/v2\/users\/4"}],"replies":[{"embeddable":true,"href":"https:\/\/www.radiopiu.net\/wordpress\/wp-json\/wp\/v2\/comments?post=441769"}],"version-history":[{"count":4,"href":"https:\/\/www.radiopiu.net\/wordpress\/wp-json\/wp\/v2\/posts\/441769\/revisions"}],"predecessor-version":[{"id":441779,"href":"https:\/\/www.radiopiu.net\/wordpress\/wp-json\/wp\/v2\/posts\/441769\/revisions\/441779"}],"wp:featuredmedia":[{"embeddable":true,"href":"https:\/\/www.radiopiu.net\/wordpress\/wp-json\/wp\/v2\/media\/344831"}],"wp:attachment":[{"href":"https:\/\/www.radiopiu.net\/wordpress\/wp-json\/wp\/v2\/media?parent=441769"}],"wp:term":[{"taxonomy":"category","embeddable":true,"href":"https:\/\/www.radiopiu.net\/wordpress\/wp-json\/wp\/v2\/categories?post=441769"},{"taxonomy":"post_tag","embeddable":true,"href":"https:\/\/www.radiopiu.net\/wordpress\/wp-json\/wp\/v2\/tags?post=441769"}],"curies":[{"name":"wp","href":"https:\/\/api.w.org\/{rel}","templated":true}]}}