{"id":441784,"date":"2025-03-27T23:59:29","date_gmt":"2025-03-27T22:59:29","guid":{"rendered":"https:\/\/www.radiopiu.net\/wordpress\/?p=441784"},"modified":"2025-03-28T05:57:25","modified_gmt":"2025-03-28T04:57:25","slug":"leclisse-parziale-di-sole","status":"publish","type":"post","link":"https:\/\/www.radiopiu.net\/wordpress\/leclisse-parziale-di-sole\/","title":{"rendered":"L&#8217;ECLISSE PARZIALE DI SOLE"},"content":{"rendered":"<p>******<\/p>\n<p>&nbsp;<\/p>\n<p><strong><a class=\"dt-pswp-item\" href=\"https:\/\/www.radiopiu.net\/wordpress\/wp-content\/uploads\/2025\/03\/ECLISSE-SOLE.jpg\" data-dt-img-description=\"\" data-large_image_width=\"1000\" data-large_image_height=\"588\"><img loading=\"lazy\" decoding=\"async\" class=\" wp-image-441785 alignleft\" src=\"https:\/\/www.radiopiu.net\/wordpress\/wp-content\/uploads\/2025\/03\/ECLISSE-SOLE-300x176.jpg\" alt=\"\" width=\"179\" height=\"105\" srcset=\"https:\/\/www.radiopiu.net\/wordpress\/wp-content\/uploads\/2025\/03\/ECLISSE-SOLE-300x176.jpg 300w, https:\/\/www.radiopiu.net\/wordpress\/wp-content\/uploads\/2025\/03\/ECLISSE-SOLE-768x452.jpg 768w, https:\/\/www.radiopiu.net\/wordpress\/wp-content\/uploads\/2025\/03\/ECLISSE-SOLE.jpg 1000w\" sizes=\"auto, (max-width: 179px) 100vw, 179px\" \/><\/a>DI CLAUDIO PRA<\/strong><\/p>\n<p>Due settimane dopo l&#8217;eclisse parziale che l&#8217;ha vista protagonista, purtroppo nascostci dal maltempo, la Luna si allinea di nuovo con Terra e Sole. Stavolta per\u00f2 \u00e8 proprio il Sole il corpo celeste su cui incentrare l&#8217;attenzione dato che il suo disco, per le nostre localit\u00e0, sar\u00e0 occultato da quello lunare fino ad un massimo del 17%. Un eclisse parziale di Sole dunque, comodamente e interamente visibile, che inizier\u00e0 alle 11.29 ed avr\u00e0 il suo massimo alle 12.10. La fine del fenomeno \u00e8 prevista infine alle 12.50. Ovviamente per le osservazioni occorrer\u00e0 essere muniti di un apposito filtro da mettere davanti agli occhi o da applicare all&#8217;eventuale strumento con cui si osserva. Pur non essendo una notevole eclisse sar\u00e0 comunque suggestivo osservare un fenomeno che da sempre sprigiona un grande fascino sull&#8217;uomo.<\/p>\n<p>&nbsp;<\/p>\n<p>&nbsp;<\/p>\n<p>&nbsp;<\/p>\n<p>**********<\/p>\n","protected":false},"excerpt":{"rendered":"<p>****** &nbsp; DI CLAUDIO PRA Due settimane dopo l&#8217;eclisse parziale che l&#8217;ha vista protagonista, purtroppo nascostci dal maltempo, la Luna si allinea di nuovo con Terra e Sole. Stavolta per\u00f2 \u00e8 proprio il Sole il corpo celeste su cui incentrare l&#8217;attenzione dato che il suo disco, per le nostre localit\u00e0, sar\u00e0 occultato da quello lunare&hellip;<\/p>\n","protected":false},"author":4,"featured_media":441785,"comment_status":"closed","ping_status":"closed","sticky":false,"template":"","format":"standard","meta":{"_monsterinsights_skip_tracking":false,"_monsterinsights_sitenote_active":false,"_monsterinsights_sitenote_note":"","_monsterinsights_sitenote_category":0,"footnotes":""},"categories":[104,49],"tags":[],"class_list":["post-441784","post","type-post","status-publish","format-standard","has-post-thumbnail","hentry","category-evidenza_3","category-news-18","category-104","category-49","description-off"],"img_url":"https:\/\/www.radiopiu.net\/wordpress\/wp-content\/uploads\/2025\/03\/ECLISSE-SOLE.jpg","_links":{"self":[{"href":"https:\/\/www.radiopiu.net\/wordpress\/wp-json\/wp\/v2\/posts\/441784","targetHints":{"allow":["GET"]}}],"collection":[{"href":"https:\/\/www.radiopiu.net\/wordpress\/wp-json\/wp\/v2\/posts"}],"about":[{"href":"https:\/\/www.radiopiu.net\/wordpress\/wp-json\/wp\/v2\/types\/post"}],"author":[{"embeddable":true,"href":"https:\/\/www.radiopiu.net\/wordpress\/wp-json\/wp\/v2\/users\/4"}],"replies":[{"embeddable":true,"href":"https:\/\/www.radiopiu.net\/wordpress\/wp-json\/wp\/v2\/comments?post=441784"}],"version-history":[{"count":1,"href":"https:\/\/www.radiopiu.net\/wordpress\/wp-json\/wp\/v2\/posts\/441784\/revisions"}],"predecessor-version":[{"id":441786,"href":"https:\/\/www.radiopiu.net\/wordpress\/wp-json\/wp\/v2\/posts\/441784\/revisions\/441786"}],"wp:featuredmedia":[{"embeddable":true,"href":"https:\/\/www.radiopiu.net\/wordpress\/wp-json\/wp\/v2\/media\/441785"}],"wp:attachment":[{"href":"https:\/\/www.radiopiu.net\/wordpress\/wp-json\/wp\/v2\/media?parent=441784"}],"wp:term":[{"taxonomy":"category","embeddable":true,"href":"https:\/\/www.radiopiu.net\/wordpress\/wp-json\/wp\/v2\/categories?post=441784"},{"taxonomy":"post_tag","embeddable":true,"href":"https:\/\/www.radiopiu.net\/wordpress\/wp-json\/wp\/v2\/tags?post=441784"}],"curies":[{"name":"wp","href":"https:\/\/api.w.org\/{rel}","templated":true}]}}