{"id":441856,"date":"2025-03-29T05:53:22","date_gmt":"2025-03-29T04:53:22","guid":{"rendered":"https:\/\/www.radiopiu.net\/wordpress\/?p=441856"},"modified":"2025-03-29T09:30:21","modified_gmt":"2025-03-29T08:30:21","slug":"giornale-radiopiu-29-marzo-2025-direttore-mirko-mezzacasa","status":"publish","type":"post","link":"https:\/\/www.radiopiu.net\/wordpress\/giornale-radiopiu-29-marzo-2025-direttore-mirko-mezzacasa\/","title":{"rendered":"GIORNALE RADIOPIU 29 MARZO 2025 DIRETTORE MIRKO MEZZACASA"},"content":{"rendered":"<p>******<\/p>\n<p>&nbsp;<\/p>\n<p>&nbsp;<\/p>\n<p><em><span style=\"color: #ff0000;\"><a class=\"dt-pswp-item\" href=\"https:\/\/www.radiopiu.net\/wordpress\/wp-content\/uploads\/2024\/10\/Senza-nome-8.png\" data-dt-img-description=\"\" data-large_image_width=\"343\" data-large_image_height=\"303\"><img loading=\"lazy\" decoding=\"async\" class=\"wp-image-412130 alignleft\" src=\"https:\/\/www.radiopiu.net\/wordpress\/wp-content\/uploads\/2024\/10\/Senza-nome-8-300x265.png\" alt=\"\" width=\"105\" height=\"93\" srcset=\"https:\/\/www.radiopiu.net\/wordpress\/wp-content\/uploads\/2024\/10\/Senza-nome-8-300x265.png 300w, https:\/\/www.radiopiu.net\/wordpress\/wp-content\/uploads\/2024\/10\/Senza-nome-8.png 343w\" sizes=\"auto, (max-width: 105px) 100vw, 105px\" \/><\/a><\/span><\/em><strong><em><span style=\"color: #ff0000;\"> LA\u00a0 APP PER IOS-IPHONE di Nicola Vettorello<\/span><\/em><\/strong><\/p>\n<p><strong><span style=\"color: #0000ff;\"><a style=\"color: #0000ff;\" href=\"https:\/\/apps.apple.com\/it\/app\/radio-pi%C3%B9-emittente-agordina\/id1515939845\">https:\/\/apps.apple.com\/it\/app\/radio-pi%C3%B9-emittente-agordina\/id1515939845<\/a><\/span><\/strong><\/p>\n<p><strong><em style=\"color: #ff0000;\">LA\u00a0 APP RADIO\u00a0 PER ANDROID di Nicola Vettorello<\/em><\/strong><\/p>\n<p><strong><span style=\"color: #0000ff;\"><a style=\"color: #0000ff;\" href=\"https:\/\/play.google.com\/store\/apps\/details?id=net.radiopiu.iniko\" target=\"_blank\" rel=\"noopener noreferrer\">https:\/\/<\/a><a style=\"color: #0000ff;\" href=\"https:\/\/play.google.com\/store\/apps\/details?id=net.radiopiu.iniko\" target=\"_blank\" rel=\"noopener noreferrer\">play.google.com\/store\/apps\/details?id=net.radiopiu.iniko\u00a0\u00a0\u00a0\u00a0<\/a><\/span><\/strong><\/p>\n<h1 style=\"text-align: center;\"><\/h1>\n<p>&nbsp;<\/p>\n<hr \/>\n<p>&nbsp;<\/p>\n<p><span style=\"color: #0000ff;\"><strong><a class=\"dt-pswp-item\" href=\"https:\/\/www.radiopiu.net\/wordpress\/wp-content\/uploads\/2025\/03\/download-19.jpg\" data-dt-img-description=\"\" data-large_image_width=\"355\" data-large_image_height=\"142\"><img loading=\"lazy\" decoding=\"async\" class=\" wp-image-442001 alignleft\" src=\"https:\/\/www.radiopiu.net\/wordpress\/wp-content\/uploads\/2025\/03\/download-19-300x120.jpg\" alt=\"\" width=\"205\" height=\"82\" srcset=\"https:\/\/www.radiopiu.net\/wordpress\/wp-content\/uploads\/2025\/03\/download-19-300x120.jpg 300w, https:\/\/www.radiopiu.net\/wordpress\/wp-content\/uploads\/2025\/03\/download-19.jpg 355w\" sizes=\"auto, (max-width: 205px) 100vw, 205px\" \/><\/a>OGGI <\/strong>\u00a0<\/span>\u00a0 <strong>\u00a009.30<\/strong>\u00a0 PREMIER, LE NOVITA&#8217; MUSICALI DI MARCO GAZ <strong>10.30<\/strong>\u00a0 LA RASSEGNA STAMPA DA L&#8217;AMICO DEL POPOLO, DI GIANNI SANTOMASO<strong> 11.00\u00a0<\/strong> ELIA CASAGRANDE CON ARCADE SHOW\u00a0 <span class=\"transfer_display_name\">\u00a0<strong>12.30<\/strong> IL GIORNALE RADIO EDIZIONE PRINCIPALE \u00a0<strong>13.20<\/strong>\u00a0 COLLAGE, CON LORIS SCUSSEL DAL MARTEDI ALLA DOMENICA ALLE <\/span><strong>18<\/strong><b>.45 <\/b>APERTITIVO CON DJ JACK su radio piu anche alle <strong>14.00<\/strong> con il programma elettroshock la musica che batte<\/p>\n<p><strong>ANNULLATO CAUSA MALTEMPO IL SAVE THE DATE AL RIFUGIO LARESEI <\/strong><\/p>\n<p><strong>DOMANI LO SPLASH PARTY AD ALLEGHE_PIANI DI PEZZE&#8217;<br \/>\n<\/strong><\/p>\n<p><strong>domani in diretta dal Broi di Agordo.. La Vecia Popa e il testamento\u00a0<\/strong><\/p>\n<p>&nbsp;<\/p>\n<p>&nbsp;<\/p>\n<blockquote>\n<h1>Torna l\u2019ora legale: stanotte lancette avanti di un\u2019ora<\/h1>\n<\/blockquote>\n<p><a class=\"dt-pswp-item\" href=\"https:\/\/www.radiopiu.net\/wordpress\/wp-content\/uploads\/2025\/03\/download-21.jpg\" data-dt-img-description=\"\" data-large_image_width=\"310\" data-large_image_height=\"163\"><img loading=\"lazy\" decoding=\"async\" class=\"size-medium wp-image-442003 alignleft\" src=\"https:\/\/www.radiopiu.net\/wordpress\/wp-content\/uploads\/2025\/03\/download-21-300x158.jpg\" alt=\"\" width=\"300\" height=\"158\" srcset=\"https:\/\/www.radiopiu.net\/wordpress\/wp-content\/uploads\/2025\/03\/download-21-300x158.jpg 300w, https:\/\/www.radiopiu.net\/wordpress\/wp-content\/uploads\/2025\/03\/download-21.jpg 310w\" sizes=\"auto, (max-width: 300px) 100vw, 300px\" \/><\/a>Questa notte,\u00a0 torna l\u2019ora legale. Alle 2:00 le lancette dell\u2019orologio dovranno essere spostate avanti di un\u2019ora, passando direttamente alle 3:00. Un piccolo cambiamento che segna l\u2019arrivo della bella stagione, con giornate pi\u00f9 lunghe e un\u2019ora in pi\u00f9 di luce naturale alla sera. L\u2019ora legale rester\u00e0 in vigore fino al 26 ottobre, quando torneremo all\u2019ora solare. L\u2019obiettivo principale di questa modifica oraria \u00e8 il risparmio energetico, poich\u00e9 si riduce il consumo di elettricit\u00e0 grazie alla maggiore illuminazione naturale nelle ore serali. Tuttavia, il passaggio all\u2019ora legale pu\u00f2 influenzare il ritmo biologico di alcune persone, causando piccoli disagi come sonnolenza o difficolt\u00e0 di concentrazione nei primi giorni. Gli esperti consigliano di adattarsi gradualmente, anticipando di qualche minuto l\u2019orario di sonno nei giorni precedenti. Negli ultimi anni, il dibattito sulla sua abolizione \u00e8 stato acceso in tutta Europa. Alcuni Paesi sostengono che l\u2019alternanza tra ora legale e solare abbia pi\u00f9 svantaggi che benefici, mentre altri difendono la sua utilit\u00e0 economica e ambientale. Per ora, per\u00f2, il cambio dell\u2019ora resta una tradizione consolidata. Dunque, ricordate di regolare i vostri orologi e di godervi le giornate pi\u00f9 lunghe!<\/p>\n<p>&nbsp;<\/p>\n<p>&nbsp;<\/p>\n<p>&nbsp;<\/p>\n<hr \/>\n<p>&nbsp;<\/p>\n<p>&nbsp;<\/p>\n<div class=\"x11i5rnm xat24cr x1mh8g0r x1vvkbs xtlvy1s x126k92a\">\n<div dir=\"auto\">\n<div dir=\"auto\">\n<p><strong><a class=\"dt-pswp-item\" href=\"https:\/\/www.radiopiu.net\/wordpress\/wp-content\/uploads\/2024\/02\/2d44e751-d8a8-461b-8e22-d8e4e853b032.jpg\" data-dt-img-description=\"\" data-large_image_width=\"1600\" data-large_image_height=\"1200\"><img loading=\"lazy\" decoding=\"async\" class=\"wp-image-373307 alignleft\" src=\"https:\/\/www.radiopiu.net\/wordpress\/wp-content\/uploads\/2024\/02\/2d44e751-d8a8-461b-8e22-d8e4e853b032-300x225.jpg\" alt=\"\" width=\"105\" height=\"79\" srcset=\"https:\/\/www.radiopiu.net\/wordpress\/wp-content\/uploads\/2024\/02\/2d44e751-d8a8-461b-8e22-d8e4e853b032-300x225.jpg 300w, https:\/\/www.radiopiu.net\/wordpress\/wp-content\/uploads\/2024\/02\/2d44e751-d8a8-461b-8e22-d8e4e853b032-1024x768.jpg 1024w, https:\/\/www.radiopiu.net\/wordpress\/wp-content\/uploads\/2024\/02\/2d44e751-d8a8-461b-8e22-d8e4e853b032-768x576.jpg 768w, https:\/\/www.radiopiu.net\/wordpress\/wp-content\/uploads\/2024\/02\/2d44e751-d8a8-461b-8e22-d8e4e853b032-1536x1152.jpg 1536w, https:\/\/www.radiopiu.net\/wordpress\/wp-content\/uploads\/2024\/02\/2d44e751-d8a8-461b-8e22-d8e4e853b032.jpg 1600w\" sizes=\"auto, (max-width: 105px) 100vw, 105px\" \/><\/a>EL BAL DEL FIOR, DI GIULIANA DA RONCH, 29 MARZO<\/strong><strong> 2025<\/strong><\/p>\n<\/div>\n<p>&nbsp;<\/p>\n<audio class=\"wp-audio-shortcode\" id=\"audio-441856-1\" preload=\"none\" style=\"width: 100%;\" controls=\"controls\"><source type=\"audio\/mpeg\" src=\"https:\/\/www.radiopiu.net\/wordpress\/wp-content\/uploads\/2025\/03\/GSA-3.mp3?_=1\" \/><a href=\"https:\/\/www.radiopiu.net\/wordpress\/wp-content\/uploads\/2025\/03\/GSA-3.mp3\">https:\/\/www.radiopiu.net\/wordpress\/wp-content\/uploads\/2025\/03\/GSA-3.mp3<\/a><\/audio>\n<div dir=\"auto\">\n<p>&nbsp;<\/p>\n<hr \/>\n<p>&nbsp;<\/p>\n<p>&nbsp;<\/p>\n<\/div>\n<\/div>\n<\/div>\n<div class=\"x11i5rnm xat24cr x1mh8g0r x1vvkbs xtlvy1s x126k92a\">\n<blockquote>\n<h1><strong><a class=\"dt-pswp-item\" href=\"https:\/\/www.radiopiu.net\/wordpress\/wp-content\/uploads\/2024\/10\/629301fd-708d-4f53-95c2-d28cbefd500f.jpg\" data-dt-img-description=\"\" data-large_image_width=\"1600\" data-large_image_height=\"1322\"><img loading=\"lazy\" decoding=\"async\" class=\"wp-image-413782 alignright\" src=\"https:\/\/www.radiopiu.net\/wordpress\/wp-content\/uploads\/2024\/10\/629301fd-708d-4f53-95c2-d28cbefd500f-300x248.jpg\" alt=\"\" width=\"106\" height=\"88\" srcset=\"https:\/\/www.radiopiu.net\/wordpress\/wp-content\/uploads\/2024\/10\/629301fd-708d-4f53-95c2-d28cbefd500f-300x248.jpg 300w, https:\/\/www.radiopiu.net\/wordpress\/wp-content\/uploads\/2024\/10\/629301fd-708d-4f53-95c2-d28cbefd500f-1024x846.jpg 1024w, https:\/\/www.radiopiu.net\/wordpress\/wp-content\/uploads\/2024\/10\/629301fd-708d-4f53-95c2-d28cbefd500f-768x635.jpg 768w, https:\/\/www.radiopiu.net\/wordpress\/wp-content\/uploads\/2024\/10\/629301fd-708d-4f53-95c2-d28cbefd500f-1536x1269.jpg 1536w, https:\/\/www.radiopiu.net\/wordpress\/wp-content\/uploads\/2024\/10\/629301fd-708d-4f53-95c2-d28cbefd500f.jpg 1600w\" sizes=\"auto, (max-width: 106px) 100vw, 106px\" \/><\/a><\/strong><\/h1>\n<h1><strong><a class=\"dt-pswp-item\" href=\"https:\/\/www.radiopiu.net\/wordpress\/wp-content\/uploads\/2024\/11\/th-18.jpg\" data-dt-img-description=\"\" data-large_image_width=\"156\" data-large_image_height=\"180\"><img loading=\"lazy\" decoding=\"async\" class=\"size-full wp-image-421611 alignleft\" src=\"https:\/\/www.radiopiu.net\/wordpress\/wp-content\/uploads\/2024\/11\/th-18.jpg\" alt=\"\" width=\"156\" height=\"180\" \/><\/a><\/strong><\/h1>\n<h1><strong>N di parom &#8211; L Almanach de la nosta jent<\/strong><\/h1>\n<\/blockquote>\n<p>&nbsp;<\/p>\n<p>Le voci: Davide Conedera, Agordo, Michela Dell&#8217;Osbel, La Valle Agordina Simone Ganz, Falcade Veronica Lezuo, Colle Santa Lucia. La voce nella sigla \u00e8 di Giorgia Taio<\/p>\n<p><strong>LA PUNTATA DI OGGI, 29 MARZO 2025<\/strong><\/p>\n<p>&nbsp;<\/p>\n<audio class=\"wp-audio-shortcode\" id=\"audio-441856-2\" preload=\"none\" style=\"width: 100%;\" controls=\"controls\"><source type=\"audio\/mpeg\" src=\"https:\/\/www.radiopiu.net\/wordpress\/wp-content\/uploads\/2025\/03\/AL6-3.mp3?_=2\" \/><a href=\"https:\/\/www.radiopiu.net\/wordpress\/wp-content\/uploads\/2025\/03\/AL6-3.mp3\">https:\/\/www.radiopiu.net\/wordpress\/wp-content\/uploads\/2025\/03\/AL6-3.mp3<\/a><\/audio>\n<p>&nbsp;<\/p>\n<\/div>\n<div class=\"x11i5rnm xat24cr x1mh8g0r x1vvkbs xtlvy1s x126k92a\">\n<div dir=\"auto\">\n<hr \/>\n<\/div>\n<\/div>\n<blockquote>\n<blockquote>\n<h1><span style=\"color: #ff0000;\">\u00a0<\/span><\/h1>\n<h1><span style=\"color: #ff0000;\">I podcast informativi del mattino &#8211; audio &#8211;\u00a0\u00a0<\/span><\/h1>\n<\/blockquote>\n<p><strong><a class=\"dt-pswp-item\" href=\"https:\/\/www.radiopiu.net\/wordpress\/wp-content\/uploads\/2024\/11\/6.jpg\" data-dt-img-description=\"\" data-large_image_width=\"177\" data-large_image_height=\"180\"><img loading=\"lazy\" decoding=\"async\" class=\"size-full wp-image-417911 alignleft\" src=\"https:\/\/www.radiopiu.net\/wordpress\/wp-content\/uploads\/2024\/11\/6.jpg\" alt=\"\" width=\"177\" height=\"180\" \/><\/a>LA RASSEGNA STAMPA NAZIONALE ALLA RADIO, OGNI GIORNO ALLE 5 E ALLE 6 DEL MATTINO <span style=\"color: #0000ff;\">viene pubblicata alle 6.00 <span style=\"color: #ff0000;\">DIRETTA RADIO\u00a0 \u00a0\u00a0<\/span><\/span><\/strong><\/p><\/blockquote>\n<p>&nbsp;<\/p>\n<p><strong>NOTIZIE DELLA NOTTE<\/strong><\/p>\n<p><strong>Giappone,<\/strong> i prezzi del riso a Tokyo aumentati del 90% in marzo<br \/>\n<strong>Guinea<\/strong>, ex dittatore Camara graziato &#8216;per motivi di salute&#8217;<br \/>\n<strong>Sisma in Myanmar,<\/strong> &#8216;Usa: possibili pi\u00f9 di 10.000 morti&#8217;<br \/>\n<strong>Kiev, &#8216;4 morti<\/strong> a Dnipro, domate fiamme in hotel e ristorante&#8217;<br \/>\n<strong>Musk annuncia<\/strong>, xAI ha acquistato il social X<strong> Tennis:<\/strong> Miami, Mensik batte Fritz e raggiunge Djokovic in finale <strong>Mondiali pattinaggio<\/strong> figura: vince l&#8217;americana Liu, Gutmann 13ma<\/p>\n<h1>AUDIO dalle 6 del mattino<\/h1>\n<audio class=\"wp-audio-shortcode\" id=\"audio-441856-3\" preload=\"none\" style=\"width: 100%;\" controls=\"controls\"><source type=\"audio\/mpeg\" src=\"https:\/\/www.radiopiu.net\/wordpress\/wp-content\/uploads\/2025\/03\/GIORNALEDELLESEI-23.mp3?_=3\" \/><a href=\"https:\/\/www.radiopiu.net\/wordpress\/wp-content\/uploads\/2025\/03\/GIORNALEDELLESEI-23.mp3\">https:\/\/www.radiopiu.net\/wordpress\/wp-content\/uploads\/2025\/03\/GIORNALEDELLESEI-23.mp3<\/a><\/audio>\n<p>&nbsp;<\/p>\n<p>&nbsp;<\/p>\n<hr \/>\n<p>&nbsp;<\/p>\n<h1 style=\"text-align: center;\"><span style=\"color: #ff0000;\"><a class=\"dt-pswp-item\" href=\"https:\/\/www.radiopiu.net\/wordpress\/wp-content\/uploads\/2024\/11\/7.jpg\" data-dt-img-description=\"\" data-large_image_width=\"180\" data-large_image_height=\"180\"><img loading=\"lazy\" decoding=\"async\" class=\"size-full wp-image-417912 alignleft\" src=\"https:\/\/www.radiopiu.net\/wordpress\/wp-content\/uploads\/2024\/11\/7.jpg\" alt=\"\" width=\"180\" height=\"180\" srcset=\"https:\/\/www.radiopiu.net\/wordpress\/wp-content\/uploads\/2024\/11\/7.jpg 180w, https:\/\/www.radiopiu.net\/wordpress\/wp-content\/uploads\/2024\/11\/7-150x150.jpg 150w\" sizes=\"auto, (max-width: 180px) 100vw, 180px\" \/><\/a>I podcast informativi del mattino &#8211; audio &#8211;\u00a0<\/span><\/h1>\n<p><strong>OGNI GIORNO ALLE SETTE DEL MATTINO, LA RASSEGNA STAMPA LOCALE FLASH&#8230; PER CHI VA IN FRETTA. I TITOLI DAI GIORNALI E DAL SITO WWW.RADIOPIU.NET <span style=\"color: #0000ff;\">viene pubblicato alle 7.00<\/span> <span style=\"color: #ff0000;\">DIRETTA RADIO\u00a0<\/span><\/strong><\/p>\n<p><em><span style=\"color: #ff0000;\">per chi va in fretta&#8230; tante notizie in pochi minuti. L&#8217;informazione locale alla radio, ogni ora dalle 7 del mattino alle 19 della sera.\u00a0\u00a0<\/span><\/em><\/p>\n<p>&nbsp;<\/p>\n<p><strong>\u00a0<\/strong><\/p>\n<p><strong>STRETTA SULLA CITTADINANZA IURE SANGUINIS: STOP OLTRE LA SECONDA GENERAZIONE<\/strong><br \/>\n<strong>UN &#8220;ANGELO&#8221; FERMA UN&#8217;AUTO IN CONTROMANO<\/strong><br \/>\n<strong>CORTINA CONCLUSA CON SUCCESSO LA PRE-OMOLOGAZIONE DELLO SLIDING CENTRE<\/strong><br \/>\n<strong>IERI ALTA ADESIONE ALLO SCIOPERO DEI METALMECCANICI IN PROVINCIA DI BELLUNO, OLTRE 200 LAVORATORI A LIMANA<br \/>\nAGORDO Pericolo all\u2019incrocio per il Col di Foglia: scomparso lo specchio stradale<br \/>\nRETTE ALLE STELLE NELLE CASE DI RIPOSO VENETE. NEL 2025 GLI OSPITI PAGANO 295 EURO IN PI\u00d9 DELL\u2019ANNO SCORSO<br \/>\nLA REGIONE VENETO RAFFORZA LA RETE TERRITORIALE ANTI VIOLENZA DI GENERE<br \/>\nDELIBERATO IL BANDO OLIMPIADI 2026 DI FONDAZIONE CARIVERONA<br \/>\nNEL CONSIGLIO COMUNALE DI BELLUNO SI PARLERA&#8217; DEL PIANO URBANISTICO DELL&#8217;EX AREA AGIP DI VIA VITTORIO VENETO<br \/>\nIL COMUNE DI ALPAGO INCONTRA GLI STUDENTI.<br \/>\n<\/strong><\/p>\n<p><strong data-start=\"0\" data-end=\"62\">Notizie locali dal Bellunese: tra cronaca, eventi e novit\u00e0<\/strong><\/p>\n<div class=\"flex flex-1 grow basis-auto flex-col overflow-hidden\">\n<div class=\"relative h-full\">\n<div class=\"flex h-full flex-col overflow-y-auto [scrollbar-gutter:stable]\">\n<div class=\"mt-1.5 flex flex-col text-sm @thread-xl\/thread:pt-header-height md:pb-9\">\n<article class=\"group\/turn w-full text-token-text-primary focus-visible:outline-none\" dir=\"auto\" tabindex=\"-1\" data-testid=\"conversation-turn-2\" data-scroll-anchor=\"true\">\n<div class=\"text-base my-auto mx-auto py-5 px-6\">\n<div class=\"mx-auto flex flex-1 text-base gap-4 md:gap-5 lg:gap-6 md:max-w-3xl\">\n<div class=\"group\/conversation-turn relative flex w-full min-w-0 flex-col agent-turn @xs\/thread:px-0 @sm\/thread:px-1.5 @md\/thread:px-4\">\n<div class=\"relative flex-col gap-1 md:gap-3\">\n<div class=\"flex max-w-full flex-col flex-grow\">\n<div class=\"min-h-8 text-message relative flex w-full flex-col items-end gap-2 whitespace-normal break-words text-start [.text-message+&amp;]:mt-5\" dir=\"auto\" data-message-author-role=\"assistant\" data-message-id=\"bff05fc0-dc7c-4ab7-9b20-d3eec753127b\" data-message-model-slug=\"gpt-4o-mini\">\n<div class=\"flex w-full flex-col gap-1 empty:hidden first:pt-[3px]\">\n<div class=\"markdown prose w-full break-words dark:prose-invert dark\">\n<p class=\"\" data-start=\"64\" data-end=\"329\">Radio Pi\u00f9 offre una panoramica sui principali eventi e notizie in provincia di Belluno, accompagnata dalla programmazione radiofonica. Tra le principali notizie<\/p>\n<\/div>\n<\/div>\n<\/div>\n<\/div>\n<\/div>\n<\/div>\n<\/div>\n<\/div>\n<\/article>\n<\/div>\n<\/div>\n<\/div>\n<\/div>\n<h1>AUDIO dalle 7 del mattino<\/h1>\n<audio class=\"wp-audio-shortcode\" id=\"audio-441856-4\" preload=\"none\" style=\"width: 100%;\" controls=\"controls\"><source type=\"audio\/mpeg\" src=\"https:\/\/www.radiopiu.net\/wordpress\/wp-content\/uploads\/2025\/03\/GF07-24.mp3?_=4\" \/><a href=\"https:\/\/www.radiopiu.net\/wordpress\/wp-content\/uploads\/2025\/03\/GF07-24.mp3\">https:\/\/www.radiopiu.net\/wordpress\/wp-content\/uploads\/2025\/03\/GF07-24.mp3<\/a><\/audio>\n<p>&nbsp;<\/p>\n<p>&nbsp;<\/p>\n<hr \/>\n<p>&nbsp;<\/p>\n<h1><\/h1>\n<h1 style=\"text-align: center;\"><span style=\"color: #ff0000;\"><a class=\"dt-pswp-item\" href=\"https:\/\/www.radiopiu.net\/wordpress\/wp-content\/uploads\/2024\/11\/th.jpg\" data-dt-img-description=\"\" data-large_image_width=\"148\" data-large_image_height=\"179\"><img loading=\"lazy\" decoding=\"async\" class=\"size-full wp-image-417913 alignleft\" src=\"https:\/\/www.radiopiu.net\/wordpress\/wp-content\/uploads\/2024\/11\/th.jpg\" alt=\"\" width=\"148\" height=\"179\" \/><\/a>I podcast informativi del mattino &#8211; audio &#8211;\u00a0<\/span><\/h1>\n<blockquote><p><strong>GIORNALE RADIO NAZIONALE, EDIZIONE DELLE SETTE <span style=\"color: #0000ff;\">viene pubblicato alle 7.05 <span style=\"color: #ff0000;\">DIRETTA RADIO\u00a0<\/span><\/span><\/strong><\/p><\/blockquote>\n<p><strong>il giornale radionazionale e&#8217; in onda ogni ora, dalle sette del mattino alle venti della sera\u00a0 \u00a0<\/strong><\/p>\n<p>&nbsp;<\/p>\n<p>&nbsp;<\/p>\n<p>&nbsp;<\/p>\n<p>&nbsp;<\/p>\n<p><strong><a class=\"dt-pswp-item\" href=\"https:\/\/www.radiopiu.net\/wordpress\/wp-content\/uploads\/2025\/02\/download-7.jpg\" data-dt-img-description=\"\" data-large_image_width=\"211\" data-large_image_height=\"239\"><img loading=\"lazy\" decoding=\"async\" class=\" wp-image-435553 alignleft\" src=\"https:\/\/www.radiopiu.net\/wordpress\/wp-content\/uploads\/2025\/02\/download-7.jpg\" alt=\"\" width=\"145\" height=\"164\" \/><\/a>NOVARA<\/strong> Arrestato Come nella serie Breaking Bad, studente &#8216;cuoceva&#8217; metanfetamina in casa <strong>MILANO<\/strong> La decisione della Questura Blitz di Ultima generazione da chef Cracco, disposti provvedimenti per 12 attivisti <strong>NAPOLI<\/strong> Una tonnellata di cocaina sequestrata nel porto di Gioia Tauro Sul mercato avrebbe fruttato 187 milioni di euro <strong>ROMA<\/strong> Presunta truffa all&#8217;Inps, non cambia la gup per Daniela Santanch\u00e9 Scongiurati i rallentamenti. Il presidente del Tribunale di Milano, Roia: &#8220;fatti a rischio prescrizione&#8221; <strong>TRIESTE<\/strong> Malata di Sla, il Tribunale le nega il suicidio assistito A Trieste, perch\u00e9 non \u00e8 dipendente da trattamenti di sostegno vitale <strong>TRENTO<\/strong> Mette di traverso il suo tir e blocca un&#8217;auto in contromano A volante di una 500 c&#8217;era un&#8217;anziana che non si era aaccorta del suo errore. La camionista: &#8216;Non ho fatto niente di speciale, solo una cosa normale&#8217; <strong>BOLOGNA<\/strong> Violenze sessuali su 13enni, arrestato un allenatore di pallavolo A Bologna, indagano i carabinieri dopo la denuncia di una famiglia <strong>CROTONE<\/strong> Stalking ed estorsione alla ex fidanzata, arrestato un 21enne Fermato dalla polizia a Crotone, avrebbe anche aggredito la sua vittima <strong>LIVORNO<\/strong> Assalto a due portavalori, avvertito un boato. I banditi armati sono in fuga Sul posto le forze dell&#8217;ordine e ambulanze. Il governatore della Toscana, Giani: &#8216;Coinvolte entrambe le carreggiate&#8217; <strong>SASSARI<\/strong> Monopattino conntro un furgoncino, 17enne in gravi condizioni Il giovane \u00e8 ricoverato in rianimazione dell&#8217;ospedale SS Annunziata a Sassari<\/p>\n<p><strong>\u00a0\u00a0<\/strong><\/p>\n<p><strong><a class=\"dt-pswp-item\" href=\"https:\/\/www.radiopiu.net\/wordpress\/wp-content\/uploads\/2025\/02\/download-3.jpg\" data-dt-img-description=\"\" data-large_image_width=\"223\" data-large_image_height=\"226\"><img loading=\"lazy\" decoding=\"async\" class=\" wp-image-434732 alignleft\" src=\"https:\/\/www.radiopiu.net\/wordpress\/wp-content\/uploads\/2025\/02\/download-3.jpg\" alt=\"\" width=\"161\" height=\"163\" \/><\/a>VENEZIA<\/strong> Zoppas, &#8216;dazi non sono questione italiana ma europea&#8217; Tajani e Meloni autorevoli, anche se controparte pare arroccata <strong>VENEZIA<\/strong> Zoppas, &#8216;dazi non sono questione italiana ma europea&#8217; Tajani e Meloni autorevoli, anche se controparte pare arroccata <strong>VERONA<\/strong> Faro di illuminazione cade nella piscina, ferito un bimbo Il sindaco:&#8217;Fatto grave, chiediamo scusa ai cittadini&#8217; <strong>VENEZIA<\/strong> \u00a0in 1.500 allo sciopero dei metalmeccanici Dato dei sindacati, 100% in Fincantier e Leonardo <strong>VENETO<\/strong> 1,48 milioni di pensioni a gennaio 2025 Liquidati nel 2024 110mila nuovi in quiescenza<br \/>\n<strong>VENEZIA<\/strong> Auto in retromarcia cade in canale, 24enne salvata dai carabinieri I militari intervengono dopo una chiamata al 112 <strong>TREVISO<\/strong> Un verme nel piatto in mensa, forse era emulazione di un alunno L&#8217;ipotesi \u00e8 del fornitore, un caso precedente nel Trevigiano <strong>ROVIGO<\/strong> Fleximan, procura Rovigo chiude indagini su 43enne per 7 casi Reato contestato \u00e8 danneggiamento aggravato <strong>PADOVA<\/strong> Rissa in tram con uso spray urticante, denunciati 6 giovani Cinque sono minorenni, fermati dalla polizia di Padova<\/p>\n<h1><span style=\"color: #ff0000;\"><span style=\"color: #0000ff;\">ULTIM&#8217;ORA<\/span> <span style=\"color: #000000;\">AUDIO dalle sette del mattino, ogni ora alla radio EDIZIONE DELLE SETTE<\/span><\/span><\/h1>\n<audio class=\"wp-audio-shortcode\" id=\"audio-441856-5\" preload=\"none\" style=\"width: 100%;\" controls=\"controls\"><source type=\"audio\/mpeg\" src=\"https:\/\/www.radiopiu.net\/wordpress\/wp-content\/uploads\/2025\/03\/giornale07-28.mp3?_=5\" \/><a href=\"https:\/\/www.radiopiu.net\/wordpress\/wp-content\/uploads\/2025\/03\/giornale07-28.mp3\">https:\/\/www.radiopiu.net\/wordpress\/wp-content\/uploads\/2025\/03\/giornale07-28.mp3<\/a><\/audio>\n<p>&nbsp;<\/p>\n<p>&nbsp;<\/p>\n<hr \/>\n<p>&nbsp;<\/p>\n<p>&nbsp;<\/p>\n<h1><span style=\"color: #ff0000;\"><a class=\"dt-pswp-item\" href=\"https:\/\/www.radiopiu.net\/wordpress\/wp-content\/uploads\/2024\/11\/8.jpg\" data-dt-img-description=\"\" data-large_image_width=\"180\" data-large_image_height=\"180\"><img loading=\"lazy\" decoding=\"async\" class=\"size-full wp-image-417910 alignleft\" src=\"https:\/\/www.radiopiu.net\/wordpress\/wp-content\/uploads\/2024\/11\/8.jpg\" alt=\"\" width=\"180\" height=\"180\" srcset=\"https:\/\/www.radiopiu.net\/wordpress\/wp-content\/uploads\/2024\/11\/8.jpg 180w, https:\/\/www.radiopiu.net\/wordpress\/wp-content\/uploads\/2024\/11\/8-150x150.jpg 150w\" sizes=\"auto, (max-width: 180px) 100vw, 180px\" \/><\/a>I podcast informativi del mattino &#8211; video &#8211;\u00a0<\/span><\/h1>\n<h2 style=\"text-align: left;\"><strong>RASSEGNA STAMPA LOCALE, ORE OTTO<\/strong><\/h2>\n<h2><strong> <span style=\"color: #0000ff;\">viene\u00a0 <\/span><\/strong><strong><span style=\"color: #0000ff;\">pubblicata alle 8.05 <span style=\"color: #ff0000;\">DIRETTA RADIO\u00a0 \u00a0<\/span><\/span><\/strong><strong>DI MIRKO MEZZACASA<\/strong><\/h2>\n<h2><span style=\"color: #ff0000;\"><strong>\u00a0<\/strong><\/span><\/h2>\n<h1><span style=\"color: #ff0000;\"><strong>VIDEO\u00a0 \u00a0in diretta AGGIORNAMENTO\u00a0 dalle 8 del mattino\u00a0\u00a0<\/strong><\/span><\/h1>\n<p><a class=\"dt-pswp-item\" href=\"https:\/\/www.radiopiu.net\/wordpress\/wp-content\/uploads\/2025\/03\/coop1-14.png\" data-dt-img-description=\"\" data-large_image_width=\"541\" data-large_image_height=\"251\"><img loading=\"lazy\" decoding=\"async\" class=\"wp-image-442008 size-full aligncenter\" src=\"https:\/\/www.radiopiu.net\/wordpress\/wp-content\/uploads\/2025\/03\/coop1-14.png\" alt=\"\" width=\"541\" height=\"251\" srcset=\"https:\/\/www.radiopiu.net\/wordpress\/wp-content\/uploads\/2025\/03\/coop1-14.png 541w, https:\/\/www.radiopiu.net\/wordpress\/wp-content\/uploads\/2025\/03\/coop1-14-300x139.png 300w\" sizes=\"auto, (max-width: 541px) 100vw, 541px\" \/><\/a><\/p>\n<hr \/>\n<p>&nbsp;<\/p>\n<p>&nbsp;<\/p>\n<p>&nbsp;<\/p>\n<p><strong><a class=\"dt-pswp-item\" href=\"https:\/\/www.radiopiu.net\/wordpress\/wp-content\/uploads\/2023\/12\/ANTENNA.png\" data-dt-img-description=\"\" data-large_image_width=\"300\" data-large_image_height=\"166\"><img loading=\"lazy\" decoding=\"async\" class=\"wp-image-366306 alignright\" src=\"https:\/\/www.radiopiu.net\/wordpress\/wp-content\/uploads\/2023\/12\/ANTENNA.png\" alt=\"\" width=\"101\" height=\"56\" \/><\/a><a class=\"dt-pswp-item\" href=\"https:\/\/www.radiopiu.net\/wordpress\/wp-content\/uploads\/2024\/11\/th-17.jpg\" data-dt-img-description=\"\" data-large_image_width=\"224\" data-large_image_height=\"180\"><img loading=\"lazy\" decoding=\"async\" class=\" wp-image-421610 alignleft\" src=\"https:\/\/www.radiopiu.net\/wordpress\/wp-content\/uploads\/2024\/11\/th-17.jpg\" alt=\"\" width=\"167\" height=\"134\" \/><\/a>ogni sera alle 19 le anticipazioni alla radio, quello che poi seguirete nel TELEGIORNALE BELLUNESE\u00a0 in onda alle 19.30 sul CANALE 10 del digitale terrestre.\u00a0\u00a0<\/strong><\/p>\n<p><b>\u00a0\u00a0<\/b><\/p>\n<h1><span style=\"color: #ff0000;\"><strong>LE ANTICIPAZIONI DI TIZIANA BOLOGNANI<\/strong><\/span><\/h1>\n<audio class=\"wp-audio-shortcode\" id=\"audio-441856-6\" preload=\"none\" style=\"width: 100%;\" controls=\"controls\"><source type=\"audio\/mpeg\" src=\"https:\/\/www.radiopiu.net\/wordpress\/wp-content\/uploads\/2025\/03\/ANTENNA3-21.mp3?_=6\" \/><a href=\"https:\/\/www.radiopiu.net\/wordpress\/wp-content\/uploads\/2025\/03\/ANTENNA3-21.mp3\">https:\/\/www.radiopiu.net\/wordpress\/wp-content\/uploads\/2025\/03\/ANTENNA3-21.mp3<\/a><\/audio>\n<p>&nbsp;<\/p>\n<p>&nbsp;<\/p>\n<hr \/>\n<p>&nbsp;<\/p>\n<blockquote>\n<h3 class=\"entry-title\">CHIUSURA REGIONALE 203 AGORDINA, BIVIO ROVEI<\/h3>\n<\/blockquote>\n<p><strong>COLLE SANTA LUCIA <\/strong>Dal 24 marzo al 30 aprile dalle 8 alle 17.30 escluso sabato domenica e festivi, chiusura della regionale 203 agordina nel tratto bivio Rovei, bivio Rucav\u00e0. Interdizione totale per lavori di mitigazione del rischio caduta massi.<\/p>\n<p>&nbsp;<\/p>\n<p>&nbsp;<\/p>\n<hr \/>\n<p>&nbsp;<\/p>\n<blockquote>\n<h3 class=\"photoswipe-wrapper\"><a class=\"dt-pswp-item pspw-wrap-ready\" href=\"https:\/\/www.radiopiu.net\/wordpress\/wp-content\/uploads\/2024\/12\/Logo_SibPAYOFF.jpg\" data-dt-img-description=\"\" data-large_image_width=\"1536\" data-large_image_height=\"391\"><img loading=\"lazy\" decoding=\"async\" class=\"wp-image-426474 alignleft\" src=\"https:\/\/www.radiopiu.net\/wordpress\/wp-content\/uploads\/2024\/12\/Logo_SibPAYOFF-300x76.jpg\" sizes=\"auto, (max-width: 162px) 100vw, 162px\" srcset=\"https:\/\/www.radiopiu.net\/wordpress\/wp-content\/uploads\/2024\/12\/Logo_SibPAYOFF-300x76.jpg 300w, https:\/\/www.radiopiu.net\/wordpress\/wp-content\/uploads\/2024\/12\/Logo_SibPAYOFF-1024x261.jpg 1024w, https:\/\/www.radiopiu.net\/wordpress\/wp-content\/uploads\/2024\/12\/Logo_SibPAYOFF-768x196.jpg 768w, https:\/\/www.radiopiu.net\/wordpress\/wp-content\/uploads\/2024\/12\/Logo_SibPAYOFF.jpg 1536w\" alt=\"\" width=\"162\" height=\"41\" \/><\/a>ACQUA NON POTABILE A GOSALDO E ROCCA PIETORE, TORNA POTABILE A LIVINALLONGO<\/h3>\n<\/blockquote>\n<p>A Gosaldo Nelle localit\u00e0 Curti, Incasal e Le Case l\u2019acqua erogata dall\u2019acquedotto non \u00e8 potabile e non pu\u00f2 essere usata per scopi alimentari. Verr\u00e0 effettuato servizio sostitutivo con cisterna in localit\u00e0 Curti.<\/p>\n<p>a Rocca Pietore in localit\u00e0 Digonera l&#8217;acqua erogata dall&#8217;acquedotto non \u00e8 potabile e pu\u00f2 essere usata per scopi alimentari solo previa bollitura. Verr\u00e0 effettuato servizio sostitutivo con autobotte presso\u00a0 l&#8217;Albergo Digonera in localit\u00e0 Digonera.<\/p>\n<p>Torna potabile l&#8217;acqua a Livinallongo nelle localit\u00e0 Palla e Agai.<\/p>\n<p>&nbsp;<\/p>\n<blockquote>\n<h3>SERVIZI INTEGRATI BELLUNESI: LAVORI A SAN TOMASO<\/h3>\n<\/blockquote>\n<p>Servizi Integrati Bellunesi informa che, per lavori alla rete idrica comunale, dal 31 marzo al 04 aprile, dalle ore 08:00 alle ore 17:00, potrebbe mancare l&#8217;acqua a San Tomaso Agordino, nelle Localit\u00e0 Pecol e Piaia<\/p>\n<p>&nbsp;<\/p>\n<hr \/>\n<p>&nbsp;<\/p>\n<blockquote>\n<h3>DUE INCIDENTI SULLE PISTE DA SCI<\/h3>\n<\/blockquote>\n<p><strong>REDAZIONE <\/strong>Il SUEM 118 dell&#8217;ULSS 1 Dolomiti ha effettuato diversi interventi sulle piste da sci delle Dolomiti bellunesi nella giornata di ieri. Tra gli incidenti pi\u00f9 rilevanti, si segnalano due interventi di soccorso con elicottero Falco, entrambi con destinazione all\u2019ospedale di Belluno. Alle ore 11:14, una donna di 39 anni, residente a Roma, \u00e8 rimasta coinvolta in una caduta sulle piste di Cima Valgranda, riportando ferite di media gravit\u00e0. Poco dopo, alle 13:35, un uomo di 51 anni di San Benedetto del Tronto ha subito un trauma sciando ad Arabba. Anche lui \u00e8 stato trasportato con il supporto dell\u2019elisoccorso.<\/p>\n<p>&nbsp;<\/p>\n<p>&nbsp;<\/p>\n<hr \/>\n<p>&nbsp;<\/p>\n<blockquote>\n<h2>STRETTA SULLA CITTADINANZA IURE SANGUINIS: STOP OLTRE LA SECONDA GENERAZIONE<\/h2>\n<\/blockquote>\n<p>&nbsp;<\/p>\n<p class=\"\" data-start=\"84\" data-end=\"286\"><a class=\"dt-pswp-item\" href=\"https:\/\/www.radiopiu.net\/wordpress\/wp-content\/uploads\/2025\/03\/28056423_1570743069705719_9091845138820201561_n-300x300-1.jpg\" data-dt-img-description=\"\" data-large_image_width=\"300\" data-large_image_height=\"300\"><img loading=\"lazy\" decoding=\"async\" class=\"wp-image-441997 alignleft\" src=\"https:\/\/www.radiopiu.net\/wordpress\/wp-content\/uploads\/2025\/03\/28056423_1570743069705719_9091845138820201561_n-300x300-1.jpg\" alt=\"\" width=\"123\" height=\"123\" srcset=\"https:\/\/www.radiopiu.net\/wordpress\/wp-content\/uploads\/2025\/03\/28056423_1570743069705719_9091845138820201561_n-300x300-1.jpg 300w, https:\/\/www.radiopiu.net\/wordpress\/wp-content\/uploads\/2025\/03\/28056423_1570743069705719_9091845138820201561_n-300x300-1-150x150.jpg 150w\" sizes=\"auto, (max-width: 123px) 100vw, 123px\" \/><\/a>E&#8217; ufficiale: con un decreto legge approvato dal Consiglio dei ministri, la trasmissione della cittadinanza italiana iure sanguinis sar\u00e0 limitata alle sole prime due generazioni di discendenti. Una svolta che ha trovato il pieno sostegno del sindaco Camillo De Pellegrin, da anni impegnato su questo tema.\u00a0 Dopo otto anni di battaglie il ministro Tajani ha messo in evidenza anche\u00a0 il rischio della commercializzazione dei passaporti. La nuova normativa segna un cambiamento significativo, ponendo fine alla possibilit\u00e0 di ottenere la cittadinanza per discendenti di italiani senza limiti generazionali, una pratica che aveva sollevato polemiche e preoccupazioni soprattutto per il crescente fenomeno dei passaporti ottenuti a fini speculativi.<\/p>\n<p data-start=\"84\" data-end=\"286\">IL SINDACO CAMILLO DE PELLEGRIN<\/p>\n<audio class=\"wp-audio-shortcode\" id=\"audio-441856-7\" preload=\"none\" style=\"width: 100%;\" controls=\"controls\"><source type=\"audio\/ogg\" src=\"https:\/\/www.radiopiu.net\/wordpress\/wp-content\/uploads\/2025\/03\/WhatsApp-Ptt-2025-03-29-at-07.38.05.ogg?_=7\" \/><a href=\"https:\/\/www.radiopiu.net\/wordpress\/wp-content\/uploads\/2025\/03\/WhatsApp-Ptt-2025-03-29-at-07.38.05.ogg\">https:\/\/www.radiopiu.net\/wordpress\/wp-content\/uploads\/2025\/03\/WhatsApp-Ptt-2025-03-29-at-07.38.05.ogg<\/a><\/audio>\n<p data-start=\"84\" data-end=\"286\"><strong>ARCHIVIO RADIOPIU<\/strong><\/p>\n<blockquote class=\"wp-embedded-content\" data-secret=\"rFEaFS1oGS\"><p><a href=\"https:\/\/www.radiopiu.net\/wordpress\/stretta-sulla-cittadinanza-iure-sanguinis-stop-oltre-la-seconda-generazione\/\">STRETTA SULLA CITTADINANZA IURE SANGUINIS: STOP OLTRE LA SECONDA GENERAZIONE<\/a><\/p><\/blockquote>\n<p><iframe loading=\"lazy\" class=\"wp-embedded-content\" sandbox=\"allow-scripts\" security=\"restricted\" style=\"position: absolute; visibility: hidden;\" title=\"&#8220;STRETTA SULLA CITTADINANZA IURE SANGUINIS: STOP OLTRE LA SECONDA GENERAZIONE&#8221; &#8212; Radio Pi\u00f9\" src=\"https:\/\/www.radiopiu.net\/wordpress\/stretta-sulla-cittadinanza-iure-sanguinis-stop-oltre-la-seconda-generazione\/embed\/#?secret=RU1lFkqyf3#?secret=rFEaFS1oGS\" data-secret=\"rFEaFS1oGS\" width=\"600\" height=\"338\" frameborder=\"0\" marginwidth=\"0\" marginheight=\"0\" scrolling=\"no\"><\/iframe><\/p>\n<p>&nbsp;<\/p>\n<hr \/>\n<p>&nbsp;<\/p>\n<blockquote>\n<h3>UN &#8220;ANGELO&#8221; FERMA UN&#8217;AUTO IN CONTROMANO<\/h3>\n<p><em>Valsugana. gioved\u00ec mattina lungo la statale 47 della Valsugana a Marter, la camionista Sara De Bastiani ha bloccato un&#8217;auto in contromano, obbligandola a ritornare nella giusta direzione. <\/em><em>Grande Sara, veramente Inarrestabile !!<\/em><\/p><\/blockquote>\n<p><strong>BELLUNO<\/strong> Pronta reazione di Sara De Bastiani, 36enne bellunese, che ha bloccato il traffico sulla SS47 della Valsugana per fermare una Fiat 500 che viaggiava contromano. L&#8217;autista, dipendente della Waldprofi, ha raccontato l&#8217;episodio sui social, condividendo anche una foto scattata da un collega. L&#8217;incidente, avvenuto gioved\u00ec intorno alle 12.30 in Trentino, si \u00e8 risolto senza conseguenze. La figlia della conducente dell\u2019utilitaria ha gi\u00e0 contattato De Bastiani per ringraziarla.<\/p>\n<p><span style=\"color: #ff0000;\"><strong>DALLA PAGINA FACEBOOK DI SARA DE BASTIANI<\/strong><\/span><\/p>\n<p>Fortuna che ogni tanto non ragiono ma agisco d\u2019istinto\u2026. Poi ci sbattono ore e ore di corsi CQC a noi autisti ma probabilmente quelli che pi\u00f9 ne hanno bisogno sono gli automobilisti\u2026. Valsugana loc. Marter auto in contromano e io di traverso a bloccare il traffico che arriva da dietro.<br \/>\nE anche oggi \u00e8 andata bene<\/p>\n\n\t\t\t<style type='text\/css'>\n\t\t\t\t#gallery-1 {\n\t\t\t\t\tmargin: auto;\n\t\t\t\t}\n\t\t\t\t#gallery-1 .gallery-item {\n\t\t\t\t\tfloat: left;\n\t\t\t\t\tmargin-top: 10px;\n\t\t\t\t\ttext-align: center;\n\t\t\t\t\twidth: 50%;\n\t\t\t\t}\n\t\t\t\t#gallery-1 img {\n\t\t\t\t\tborder: 2px solid #cfcfcf;\n\t\t\t\t}\n\t\t\t\t#gallery-1 .gallery-caption {\n\t\t\t\t\tmargin-left: 0;\n\t\t\t\t}\n\t\t\t\t\/* see gallery_shortcode() in wp-includes\/media.php *\/\n\t\t\t<\/style>\n\t\t<div id='gallery-1' class='dt-gallery-container gallery galleryid-441856 gallery-columns-2 gallery-size-medium'><dl class='gallery-item'>\n\t\t\t\t<dt class='gallery-icon portrait'>\n\t\t\t\t\t<a class=\"rollover rollover-zoom dt-pswp-item\" title=\"132bdcef-3342-4438-907d-12c5e6a54251\" data-dt-img-description=\"\" data-large_image_width=\"450\" data-large_image_height=\"600\"href='https:\/\/www.radiopiu.net\/wordpress\/wp-content\/uploads\/2025\/03\/132bdcef-3342-4438-907d-12c5e6a54251.jpg'><img loading=\"lazy\" decoding=\"async\" width=\"225\" height=\"300\" src=\"https:\/\/www.radiopiu.net\/wordpress\/wp-content\/uploads\/2025\/03\/132bdcef-3342-4438-907d-12c5e6a54251-225x300.jpg\" class=\"attachment-medium size-medium\" alt=\"\" srcset=\"https:\/\/www.radiopiu.net\/wordpress\/wp-content\/uploads\/2025\/03\/132bdcef-3342-4438-907d-12c5e6a54251-225x300.jpg 225w, https:\/\/www.radiopiu.net\/wordpress\/wp-content\/uploads\/2025\/03\/132bdcef-3342-4438-907d-12c5e6a54251.jpg 450w\" sizes=\"auto, (max-width: 225px) 100vw, 225px\" \/><\/a>\n\t\t\t\t<\/dt><\/dl><dl class='gallery-item'>\n\t\t\t\t<dt class='gallery-icon portrait'>\n\t\t\t\t\t<a class=\"rollover rollover-zoom dt-pswp-item\" title=\"882e08ab-b8b7-4fdb-9e21-3b6988df6252\" data-dt-img-description=\"\" data-large_image_width=\"450\" data-large_image_height=\"600\"href='https:\/\/www.radiopiu.net\/wordpress\/wp-content\/uploads\/2025\/03\/882e08ab-b8b7-4fdb-9e21-3b6988df6252.jpg'><img loading=\"lazy\" decoding=\"async\" width=\"225\" height=\"300\" src=\"https:\/\/www.radiopiu.net\/wordpress\/wp-content\/uploads\/2025\/03\/882e08ab-b8b7-4fdb-9e21-3b6988df6252-225x300.jpg\" class=\"attachment-medium size-medium\" alt=\"\" srcset=\"https:\/\/www.radiopiu.net\/wordpress\/wp-content\/uploads\/2025\/03\/882e08ab-b8b7-4fdb-9e21-3b6988df6252-225x300.jpg 225w, https:\/\/www.radiopiu.net\/wordpress\/wp-content\/uploads\/2025\/03\/882e08ab-b8b7-4fdb-9e21-3b6988df6252.jpg 450w\" sizes=\"auto, (max-width: 225px) 100vw, 225px\" \/><\/a>\n\t\t\t\t<\/dt><\/dl><br style=\"clear: both\" \/>\n\t\t\t<\/div>\n\n<p>&nbsp;<\/p>\n<hr \/>\n<p>&nbsp;<\/p>\n<blockquote>\n<h3><a class=\"dt-pswp-item\" href=\"https:\/\/www.radiopiu.net\/wordpress\/wp-content\/uploads\/2025\/03\/e2cd1746-470a-4171-8f02-0377dcf97b6a.jpg\" data-dt-img-description=\"\" data-large_image_width=\"1600\" data-large_image_height=\"897\"><img loading=\"lazy\" decoding=\"async\" class=\"size-medium wp-image-441543 alignleft\" src=\"https:\/\/www.radiopiu.net\/wordpress\/wp-content\/uploads\/2025\/03\/e2cd1746-470a-4171-8f02-0377dcf97b6a-300x168.jpg\" alt=\"\" width=\"300\" height=\"168\" srcset=\"https:\/\/www.radiopiu.net\/wordpress\/wp-content\/uploads\/2025\/03\/e2cd1746-470a-4171-8f02-0377dcf97b6a-300x168.jpg 300w, https:\/\/www.radiopiu.net\/wordpress\/wp-content\/uploads\/2025\/03\/e2cd1746-470a-4171-8f02-0377dcf97b6a-1024x574.jpg 1024w, https:\/\/www.radiopiu.net\/wordpress\/wp-content\/uploads\/2025\/03\/e2cd1746-470a-4171-8f02-0377dcf97b6a-768x431.jpg 768w, https:\/\/www.radiopiu.net\/wordpress\/wp-content\/uploads\/2025\/03\/e2cd1746-470a-4171-8f02-0377dcf97b6a-1536x861.jpg 1536w, https:\/\/www.radiopiu.net\/wordpress\/wp-content\/uploads\/2025\/03\/e2cd1746-470a-4171-8f02-0377dcf97b6a.jpg 1600w\" sizes=\"auto, (max-width: 300px) 100vw, 300px\" \/><\/a>CONCLUSA CON SUCCESSO LA PRE-OMOLOGAZIONE DELLO SLIDING CENTRE DI CORTINA<\/h3>\n<\/blockquote>\n<p><strong>DI BARBARA PAOLAZZI<\/strong><\/p>\n<audio class=\"wp-audio-shortcode\" id=\"audio-441856-8\" preload=\"none\" style=\"width: 100%;\" controls=\"controls\"><source type=\"audio\/mpeg\" src=\"https:\/\/www.radiopiu.net\/wordpress\/wp-content\/uploads\/2025\/03\/PAOLAZZI-PISTA-DA-BOB-CORTINA.mp3?_=8\" \/><a href=\"https:\/\/www.radiopiu.net\/wordpress\/wp-content\/uploads\/2025\/03\/PAOLAZZI-PISTA-DA-BOB-CORTINA.mp3\">https:\/\/www.radiopiu.net\/wordpress\/wp-content\/uploads\/2025\/03\/PAOLAZZI-PISTA-DA-BOB-CORTINA.mp3<\/a><\/audio>\n<p>&nbsp;<\/p>\n<p>&nbsp;<\/p>\n<hr \/>\n<p>&nbsp;<\/p>\n<blockquote>\n<h3>ALTA ADESIONE ALLO SCIOPERO DEI METALMECCANICI IN PROVINCIA DI BELLUNO<\/h3>\n<\/blockquote>\n<p><strong>BELLUNO <\/strong>Alta adesione allo sciopero dei metalmeccanici e delle metalmeccaniche oggi, 28 marzo, a Belluno, per chiedere la ripresa del tavolo di trattativa per il rinnovo del contratto nazionale di lavoro, scaduto nel giugno 2024. Le percentuali di adesione sono state significative: 70% alla Clivet, 80% alla Pandolfo Alluminio di Feltre e Lentiai, 70% alla LU.VE. di Limana e BVB, 90% alla Gavazzi di Belluno e alla Mitsubishi di Alpago, 90% alla NPE di Longarone, 60% alla Aligroup di Belluno e alla Edim-Bosch di Setteville, 80% alla Evco di Sedico, 50% alla De Rigo Refrigeration di Sedico, 60% alla Videndum di Feltre, 80% alla Hydro Extrusion di Feltre e alla Epta Costan di Limana. Proprio dalla Epta Costan \u00e8 partito il corteo dei lavoratori e delle lavoratrici, che ha raggiunto la rotatoria di Limana per sensibilizzare anche la cittadinanza sulla gravit\u00e0 della vertenza. I manifestanti contestano la posizione di Federmeccanica, ritenuta grave e antidemocratica, poich\u00e9 si rifiuta di riaprire la trattativa basandosi sulle richieste avanzate nella piattaforma unitaria di Fim-Fiom-Uilm. La manifestazione si \u00e8 poi conclusa davanti ai cancelli della Epta Costan, con gli interventi di delegati e delegate, dei segretari generali di Cgil, Cisl e Uil, e delle categorie Fim-Fiom-Uilm.<\/p>\n\n\t\t\t<style type='text\/css'>\n\t\t\t\t#gallery-2 {\n\t\t\t\t\tmargin: auto;\n\t\t\t\t}\n\t\t\t\t#gallery-2 .gallery-item {\n\t\t\t\t\tfloat: left;\n\t\t\t\t\tmargin-top: 10px;\n\t\t\t\t\ttext-align: center;\n\t\t\t\t\twidth: 33%;\n\t\t\t\t}\n\t\t\t\t#gallery-2 img {\n\t\t\t\t\tborder: 2px solid #cfcfcf;\n\t\t\t\t}\n\t\t\t\t#gallery-2 .gallery-caption {\n\t\t\t\t\tmargin-left: 0;\n\t\t\t\t}\n\t\t\t\t\/* see gallery_shortcode() in wp-includes\/media.php *\/\n\t\t\t<\/style>\n\t\t<div id='gallery-2' class='dt-gallery-container gallery galleryid-441856 gallery-columns-3 gallery-size-medium'><dl class='gallery-item'>\n\t\t\t\t<dt class='gallery-icon landscape'>\n\t\t\t\t\t<a class=\"rollover rollover-zoom dt-pswp-item\" title=\"00d76b31-dd61-4d6f-a859-a3c7cb12b298\" data-dt-img-description=\"\" data-large_image_width=\"1600\" data-large_image_height=\"1200\"href='https:\/\/www.radiopiu.net\/wordpress\/wp-content\/uploads\/2025\/03\/00d76b31-dd61-4d6f-a859-a3c7cb12b298.jpg'><img loading=\"lazy\" decoding=\"async\" width=\"300\" height=\"225\" src=\"https:\/\/www.radiopiu.net\/wordpress\/wp-content\/uploads\/2025\/03\/00d76b31-dd61-4d6f-a859-a3c7cb12b298-300x225.jpg\" class=\"attachment-medium size-medium\" alt=\"\" srcset=\"https:\/\/www.radiopiu.net\/wordpress\/wp-content\/uploads\/2025\/03\/00d76b31-dd61-4d6f-a859-a3c7cb12b298-300x225.jpg 300w, https:\/\/www.radiopiu.net\/wordpress\/wp-content\/uploads\/2025\/03\/00d76b31-dd61-4d6f-a859-a3c7cb12b298-1024x768.jpg 1024w, https:\/\/www.radiopiu.net\/wordpress\/wp-content\/uploads\/2025\/03\/00d76b31-dd61-4d6f-a859-a3c7cb12b298-768x576.jpg 768w, https:\/\/www.radiopiu.net\/wordpress\/wp-content\/uploads\/2025\/03\/00d76b31-dd61-4d6f-a859-a3c7cb12b298-1536x1152.jpg 1536w, https:\/\/www.radiopiu.net\/wordpress\/wp-content\/uploads\/2025\/03\/00d76b31-dd61-4d6f-a859-a3c7cb12b298.jpg 1600w\" sizes=\"auto, (max-width: 300px) 100vw, 300px\" \/><\/a>\n\t\t\t\t<\/dt><\/dl><dl class='gallery-item'>\n\t\t\t\t<dt class='gallery-icon landscape'>\n\t\t\t\t\t<a class=\"rollover rollover-zoom dt-pswp-item\" title=\"d48c549b-b56f-4696-97ee-dc38312c1134\" data-dt-img-description=\"\" data-large_image_width=\"1600\" data-large_image_height=\"1200\"href='https:\/\/www.radiopiu.net\/wordpress\/wp-content\/uploads\/2025\/03\/d48c549b-b56f-4696-97ee-dc38312c1134.jpg'><img loading=\"lazy\" decoding=\"async\" width=\"300\" height=\"225\" src=\"https:\/\/www.radiopiu.net\/wordpress\/wp-content\/uploads\/2025\/03\/d48c549b-b56f-4696-97ee-dc38312c1134-300x225.jpg\" class=\"attachment-medium size-medium\" alt=\"\" srcset=\"https:\/\/www.radiopiu.net\/wordpress\/wp-content\/uploads\/2025\/03\/d48c549b-b56f-4696-97ee-dc38312c1134-300x225.jpg 300w, https:\/\/www.radiopiu.net\/wordpress\/wp-content\/uploads\/2025\/03\/d48c549b-b56f-4696-97ee-dc38312c1134-1024x768.jpg 1024w, https:\/\/www.radiopiu.net\/wordpress\/wp-content\/uploads\/2025\/03\/d48c549b-b56f-4696-97ee-dc38312c1134-768x576.jpg 768w, https:\/\/www.radiopiu.net\/wordpress\/wp-content\/uploads\/2025\/03\/d48c549b-b56f-4696-97ee-dc38312c1134-1536x1152.jpg 1536w, https:\/\/www.radiopiu.net\/wordpress\/wp-content\/uploads\/2025\/03\/d48c549b-b56f-4696-97ee-dc38312c1134.jpg 1600w\" sizes=\"auto, (max-width: 300px) 100vw, 300px\" \/><\/a>\n\t\t\t\t<\/dt><\/dl><dl class='gallery-item'>\n\t\t\t\t<dt class='gallery-icon landscape'>\n\t\t\t\t\t<a class=\"rollover rollover-zoom dt-pswp-item\" title=\"ea9759d2-8743-44d8-a271-6bf6207bba81\" data-dt-img-description=\"\" data-large_image_width=\"1600\" data-large_image_height=\"1200\"href='https:\/\/www.radiopiu.net\/wordpress\/wp-content\/uploads\/2025\/03\/ea9759d2-8743-44d8-a271-6bf6207bba81.jpg'><img loading=\"lazy\" decoding=\"async\" width=\"300\" height=\"225\" src=\"https:\/\/www.radiopiu.net\/wordpress\/wp-content\/uploads\/2025\/03\/ea9759d2-8743-44d8-a271-6bf6207bba81-300x225.jpg\" class=\"attachment-medium size-medium\" alt=\"\" srcset=\"https:\/\/www.radiopiu.net\/wordpress\/wp-content\/uploads\/2025\/03\/ea9759d2-8743-44d8-a271-6bf6207bba81-300x225.jpg 300w, https:\/\/www.radiopiu.net\/wordpress\/wp-content\/uploads\/2025\/03\/ea9759d2-8743-44d8-a271-6bf6207bba81-1024x768.jpg 1024w, https:\/\/www.radiopiu.net\/wordpress\/wp-content\/uploads\/2025\/03\/ea9759d2-8743-44d8-a271-6bf6207bba81-768x576.jpg 768w, https:\/\/www.radiopiu.net\/wordpress\/wp-content\/uploads\/2025\/03\/ea9759d2-8743-44d8-a271-6bf6207bba81-1536x1152.jpg 1536w, https:\/\/www.radiopiu.net\/wordpress\/wp-content\/uploads\/2025\/03\/ea9759d2-8743-44d8-a271-6bf6207bba81.jpg 1600w\" sizes=\"auto, (max-width: 300px) 100vw, 300px\" \/><\/a>\n\t\t\t\t<\/dt><\/dl><br style=\"clear: both\" \/>\n\t\t\t<\/div>\n\n<p>&nbsp;<\/p>\n<hr \/>\n<p>&nbsp;<\/p>\n<blockquote>\n<h3>SCIOPERO DEL METALMECCANICO: OLTRE 200 LAVORATORI IN STRADA A LIMANA<\/h3>\n<\/blockquote>\n<p><strong><a class=\"dt-pswp-item\" href=\"https:\/\/www.radiopiu.net\/wordpress\/wp-content\/uploads\/2025\/03\/ce3efd71-2b9b-43f4-bb02-cb87192cc3ac-scaled.jpg\" data-dt-img-description=\"\" data-large_image_width=\"2560\" data-large_image_height=\"1920\"><img loading=\"lazy\" decoding=\"async\" class=\" wp-image-441898 alignleft\" src=\"https:\/\/www.radiopiu.net\/wordpress\/wp-content\/uploads\/2025\/03\/ce3efd71-2b9b-43f4-bb02-cb87192cc3ac-300x225.jpg\" alt=\"\" width=\"167\" height=\"125\" srcset=\"https:\/\/www.radiopiu.net\/wordpress\/wp-content\/uploads\/2025\/03\/ce3efd71-2b9b-43f4-bb02-cb87192cc3ac-300x225.jpg 300w, https:\/\/www.radiopiu.net\/wordpress\/wp-content\/uploads\/2025\/03\/ce3efd71-2b9b-43f4-bb02-cb87192cc3ac-1024x768.jpg 1024w, https:\/\/www.radiopiu.net\/wordpress\/wp-content\/uploads\/2025\/03\/ce3efd71-2b9b-43f4-bb02-cb87192cc3ac-768x576.jpg 768w, https:\/\/www.radiopiu.net\/wordpress\/wp-content\/uploads\/2025\/03\/ce3efd71-2b9b-43f4-bb02-cb87192cc3ac-1536x1152.jpg 1536w, https:\/\/www.radiopiu.net\/wordpress\/wp-content\/uploads\/2025\/03\/ce3efd71-2b9b-43f4-bb02-cb87192cc3ac-2048x1536.jpg 2048w\" sizes=\"auto, (max-width: 167px) 100vw, 167px\" \/><\/a>LIMANA<\/strong> Erano oltre duecento i lavoratori del metalmeccanico bellunese scesi in strada venerd\u00ec mattina a Limana per chiedere la riapertura delle trattative sul rinnovo del contratto nazionale, scaduto da quasi dieci mesi.<\/p>\n<p><strong>DI DANIELE DALVIT<\/strong><\/p>\n<audio class=\"wp-audio-shortcode\" id=\"audio-441856-9\" preload=\"none\" style=\"width: 100%;\" controls=\"controls\"><source type=\"audio\/mpeg\" src=\"https:\/\/www.radiopiu.net\/wordpress\/wp-content\/uploads\/2025\/03\/Servizio-Sciopero-metalmeccanici-Limana.mp3?_=9\" \/><a href=\"https:\/\/www.radiopiu.net\/wordpress\/wp-content\/uploads\/2025\/03\/Servizio-Sciopero-metalmeccanici-Limana.mp3\">https:\/\/www.radiopiu.net\/wordpress\/wp-content\/uploads\/2025\/03\/Servizio-Sciopero-metalmeccanici-Limana.mp3<\/a><\/audio>\n<p>&nbsp;<\/p>\n<p>&nbsp;<\/p>\n<p>&nbsp;<\/p>\n<hr \/>\n<p>&nbsp;<\/p>\n<h1 class=\"_title post-title entry-title\">ROCCA PIETORE | I GHIACCIAI DELLE DOLOMITI STANNO SCOMPARENDO, TUTTI SOLO LA SOGLIA DI EQUILIBRIO<\/h1>\n<p>(Servizio di\u00a0<a href=\"https:\/\/antennatre.medianordest.it\/redazione\/Tiziana-Bolognani\/\">Tiziana Bolognani<\/a>)<\/p>\n<p>&nbsp;<\/p>\n<p><iframe loading=\"lazy\" title=\"I GHIACCIAI DELLE DOLOMITI STANNO SCOMPARENDO, TUTTI SOLO LA SOGLIA DI EQUILIBRIO | 28\/03\/2025\" width=\"1200\" height=\"675\" src=\"https:\/\/www.youtube.com\/embed\/F8gvB7GGgB8?feature=oembed\" frameborder=\"0\" allow=\"accelerometer; autoplay; clipboard-write; encrypted-media; gyroscope; picture-in-picture; web-share\" referrerpolicy=\"strict-origin-when-cross-origin\" allowfullscreen><\/iframe><\/p>\n<p>&nbsp;<\/p>\n<hr \/>\n<p>&nbsp;<\/p>\n<blockquote>\n<h2>Pericolo all\u2019incrocio per il Col di Foglia: scomparso lo specchio stradale<\/h2>\n<\/blockquote>\n<h3 class=\"\" data-start=\"25\" data-end=\"105\">Conseguenza dei lavori in corso, con l&#8217;auspicio che presto si ritorni alla normalit\u00e0<\/h3>\n<p class=\"\" data-start=\"107\" data-end=\"478\"><strong><a class=\"dt-pswp-item\" href=\"https:\/\/www.radiopiu.net\/wordpress\/wp-content\/uploads\/2025\/03\/download-18.jpg\" data-dt-img-description=\"\" data-large_image_width=\"225\" data-large_image_height=\"225\"><img loading=\"lazy\" decoding=\"async\" class=\"wp-image-441988 alignleft\" src=\"https:\/\/www.radiopiu.net\/wordpress\/wp-content\/uploads\/2025\/03\/download-18.jpg\" alt=\"\" width=\"129\" height=\"129\" srcset=\"https:\/\/www.radiopiu.net\/wordpress\/wp-content\/uploads\/2025\/03\/download-18.jpg 225w, https:\/\/www.radiopiu.net\/wordpress\/wp-content\/uploads\/2025\/03\/download-18-150x150.jpg 150w\" sizes=\"auto, (max-width: 129px) 100vw, 129px\" \/><\/a>AGORDO<\/strong> \u2013 Uno degli incroci pi\u00f9 critici della viabilit\u00e0 locale, tra la strada per il Col di Foglia e il mobilificio Roccon \u00e8 diventato ancora pi\u00f9 pericoloso. Lo specchio stradale, fondamentale per garantire visibilit\u00e0 a chi si immette sulla carreggiata, \u00e8 stato tolto in seguito all&#8217;apertura del cantiere, creando una situazione di grave rischio per automobilisti e motociclisti. Chi transita da quella zona sa bene quanto lo specchio sia essenziale per controllare il traffico in arrivo, vista la scarsa visibilit\u00e0 dell\u2019incrocio. Ora, senza questo strumento di sicurezza, chi si immette sulla strada deve affidarsi solo all\u2019udito e alla speranza di non trovarsi davanti un veicolo all\u2019ultimo momento. Diversi residenti e automobilisti hanno gi\u00e0 segnalato il problema, chiedendo un intervento immediato per ripristinare lo specchio e garantire maggiore sicurezza. L\u2019assenza di questo dispositivo, soprattutto con l\u2019arrivo della bella stagione e l\u2019aumento del traffico turistico, potrebbe infatti favorire il verificarsi di incidenti.<\/p>\n<p>&nbsp;<\/p>\n<p>&nbsp;<\/p>\n<hr \/>\n<p>&nbsp;<\/p>\n<blockquote>\n<h3>RETTE ALLE STELLE NELLE CASE DI RIPOSO VENETE. NEL 2025 GLI OSPITI PAGANO 295 EURO IN PI\u00d9 DELL\u2019ANNO SCORSO<\/h3>\n<\/blockquote>\n<p><strong><a class=\"dt-pswp-item\" href=\"https:\/\/www.radiopiu.net\/wordpress\/wp-content\/uploads\/2025\/03\/Biancardi-Rocco-Cupani-scaled.jpg\" data-dt-img-description=\"\" data-large_image_width=\"2560\" data-large_image_height=\"1920\"><img loading=\"lazy\" decoding=\"async\" class=\" wp-image-441913 alignleft\" src=\"https:\/\/www.radiopiu.net\/wordpress\/wp-content\/uploads\/2025\/03\/Biancardi-Rocco-Cupani-300x225.jpg\" alt=\"\" width=\"189\" height=\"142\" srcset=\"https:\/\/www.radiopiu.net\/wordpress\/wp-content\/uploads\/2025\/03\/Biancardi-Rocco-Cupani-300x225.jpg 300w, https:\/\/www.radiopiu.net\/wordpress\/wp-content\/uploads\/2025\/03\/Biancardi-Rocco-Cupani-1024x768.jpg 1024w, https:\/\/www.radiopiu.net\/wordpress\/wp-content\/uploads\/2025\/03\/Biancardi-Rocco-Cupani-768x576.jpg 768w, https:\/\/www.radiopiu.net\/wordpress\/wp-content\/uploads\/2025\/03\/Biancardi-Rocco-Cupani-1536x1152.jpg 1536w, https:\/\/www.radiopiu.net\/wordpress\/wp-content\/uploads\/2025\/03\/Biancardi-Rocco-Cupani-2048x1536.jpg 2048w\" sizes=\"auto, (max-width: 189px) 100vw, 189px\" \/><\/a>VENEZIA <\/strong>Nel 2025, le rette delle case di riposo venete aumentano di 295 euro rispetto al 2024 e di 665 euro rispetto al 2023, aggravando la situazione economica degli oltre 30mila anziani non autosufficienti ospitati nelle strutture regionali. L\u2019indagine condotta dai sindacati dei pensionati Cgil, Cisl e Uil ha monitorato i costi tra dicembre 2024 e febbraio 2025, coinvolgendo 260 strutture su 293. Per gli ospiti con impegnativa di residenzialit\u00e0, la retta media \u00e8 salita a 1.919,70 euro mensili (63,99 euro al giorno), con un incremento annuo di 295 euro. Per chi non usufruisce del contributo regionale, il costo medio \u00e8 aumentato a 2.730,90 euro mensili, con un rialzo di oltre 45 euro rispetto all\u2019anno precedente. Lo studio ha evidenziato notevoli differenze tra province: Belluno ha le rette pi\u00f9 basse (55,09 euro al giorno), mentre Venezia \u00e8 la pi\u00f9 cara (69,59 euro), seguita da Padova (68,19 euro). I prezzi variano anche in base ai servizi offerti, al tipo di camera e allo stato di salute dell\u2019ospite. I sindacati sottolineano che la questione della non autosufficienza resta una priorit\u00e0, con oltre 300mila ultra65enni non autosufficienti nella regione. Molti vengono assistiti in casa da familiari o badanti, ma servono soluzioni concrete per garantire un\u2019assistenza sostenibile nelle case di riposo.<\/p>\n\n\t\t\t<style type='text\/css'>\n\t\t\t\t#gallery-3 {\n\t\t\t\t\tmargin: auto;\n\t\t\t\t}\n\t\t\t\t#gallery-3 .gallery-item {\n\t\t\t\t\tfloat: left;\n\t\t\t\t\tmargin-top: 10px;\n\t\t\t\t\ttext-align: center;\n\t\t\t\t\twidth: 50%;\n\t\t\t\t}\n\t\t\t\t#gallery-3 img {\n\t\t\t\t\tborder: 2px solid #cfcfcf;\n\t\t\t\t}\n\t\t\t\t#gallery-3 .gallery-caption {\n\t\t\t\t\tmargin-left: 0;\n\t\t\t\t}\n\t\t\t\t\/* see gallery_shortcode() in wp-includes\/media.php *\/\n\t\t\t<\/style>\n\t\t<div id='gallery-3' class='dt-gallery-container gallery galleryid-441856 gallery-columns-2 gallery-size-medium'><dl class='gallery-item'>\n\t\t\t\t<dt class='gallery-icon landscape'>\n\t\t\t\t\t<a class=\"rollover rollover-zoom dt-pswp-item\" title=\"rette-csa_senza-impegnativa\" data-dt-img-description=\"\" data-large_image_width=\"1280\" data-large_image_height=\"720\"href='https:\/\/www.radiopiu.net\/wordpress\/wp-content\/uploads\/2025\/03\/rette-csa_senza-impegnativa.jpg'><img loading=\"lazy\" decoding=\"async\" width=\"300\" height=\"169\" src=\"https:\/\/www.radiopiu.net\/wordpress\/wp-content\/uploads\/2025\/03\/rette-csa_senza-impegnativa-300x169.jpg\" class=\"attachment-medium size-medium\" alt=\"\" aria-describedby=\"gallery-3-441911\" srcset=\"https:\/\/www.radiopiu.net\/wordpress\/wp-content\/uploads\/2025\/03\/rette-csa_senza-impegnativa-300x169.jpg 300w, https:\/\/www.radiopiu.net\/wordpress\/wp-content\/uploads\/2025\/03\/rette-csa_senza-impegnativa-1024x576.jpg 1024w, https:\/\/www.radiopiu.net\/wordpress\/wp-content\/uploads\/2025\/03\/rette-csa_senza-impegnativa-768x432.jpg 768w, https:\/\/www.radiopiu.net\/wordpress\/wp-content\/uploads\/2025\/03\/rette-csa_senza-impegnativa.jpg 1280w\" sizes=\"auto, (max-width: 300px) 100vw, 300px\" \/><\/a>\n\t\t\t\t<\/dt>\n\t\t\t\t\t<dd class='wp-caption-text gallery-caption' id='gallery-3-441911'>\n\t\t\t\t\tRETTE CSA SENZA IMMPEGNATIVA\n\t\t\t\t\t<\/dd><\/dl><dl class='gallery-item'>\n\t\t\t\t<dt class='gallery-icon landscape'>\n\t\t\t\t\t<a class=\"rollover rollover-zoom dt-pswp-item\" title=\"rette-csa_con-impegnativa\" data-dt-img-description=\"\" data-large_image_width=\"1280\" data-large_image_height=\"720\"href='https:\/\/www.radiopiu.net\/wordpress\/wp-content\/uploads\/2025\/03\/rette-csa_con-impegnativa.jpg'><img loading=\"lazy\" decoding=\"async\" width=\"300\" height=\"169\" src=\"https:\/\/www.radiopiu.net\/wordpress\/wp-content\/uploads\/2025\/03\/rette-csa_con-impegnativa-300x169.jpg\" class=\"attachment-medium size-medium\" alt=\"\" aria-describedby=\"gallery-3-441912\" srcset=\"https:\/\/www.radiopiu.net\/wordpress\/wp-content\/uploads\/2025\/03\/rette-csa_con-impegnativa-300x169.jpg 300w, https:\/\/www.radiopiu.net\/wordpress\/wp-content\/uploads\/2025\/03\/rette-csa_con-impegnativa-1024x576.jpg 1024w, https:\/\/www.radiopiu.net\/wordpress\/wp-content\/uploads\/2025\/03\/rette-csa_con-impegnativa-768x432.jpg 768w, https:\/\/www.radiopiu.net\/wordpress\/wp-content\/uploads\/2025\/03\/rette-csa_con-impegnativa.jpg 1280w\" sizes=\"auto, (max-width: 300px) 100vw, 300px\" \/><\/a>\n\t\t\t\t<\/dt>\n\t\t\t\t\t<dd class='wp-caption-text gallery-caption' id='gallery-3-441912'>\n\t\t\t\t\tRETTE CSA CON IMPEGNATIVA\n\t\t\t\t\t<\/dd><\/dl><br style=\"clear: both\" \/>\n\t\t\t<\/div>\n\n<p>&nbsp;<\/p>\n<hr \/>\n<p>&nbsp;<\/p>\n<blockquote>\n<h3>LA REGIONE VENETO RAFFORZA LA RETE TERRITORIALE ANTI VIOLENZA DI GENERE<\/h3>\n<\/blockquote>\n<p><strong><a class=\"dt-pswp-item\" href=\"https:\/\/www.radiopiu.net\/wordpress\/wp-content\/uploads\/2020\/11\/VIOLENZA-DONNE.jpg\" data-dt-img-description=\"\" data-large_image_width=\"1920\" data-large_image_height=\"1565\"><img loading=\"lazy\" decoding=\"async\" class=\" wp-image-174279 alignleft\" src=\"https:\/\/www.radiopiu.net\/wordpress\/wp-content\/uploads\/2020\/11\/VIOLENZA-DONNE-300x245.jpg\" alt=\"\" width=\"163\" height=\"133\" srcset=\"https:\/\/www.radiopiu.net\/wordpress\/wp-content\/uploads\/2020\/11\/VIOLENZA-DONNE-300x245.jpg 300w, https:\/\/www.radiopiu.net\/wordpress\/wp-content\/uploads\/2020\/11\/VIOLENZA-DONNE-1024x835.jpg 1024w, https:\/\/www.radiopiu.net\/wordpress\/wp-content\/uploads\/2020\/11\/VIOLENZA-DONNE-768x626.jpg 768w, https:\/\/www.radiopiu.net\/wordpress\/wp-content\/uploads\/2020\/11\/VIOLENZA-DONNE-1536x1252.jpg 1536w, https:\/\/www.radiopiu.net\/wordpress\/wp-content\/uploads\/2020\/11\/VIOLENZA-DONNE.jpg 1920w\" sizes=\"auto, (max-width: 163px) 100vw, 163px\" \/><\/a>VENEZIA<\/strong> La Regione del Veneto sta rafforzando la rete territoriale antiviolenza per contrastare il crescente fenomeno della violenza di genere, con un aumento dei contatti ai centri antiviolenza nel 2023 (7200, rispetto ai 6009 del 2022). Le donne prese in carico sono state 3.628, con un incremento rispetto all\u2019anno precedente. Per affrontare questo problema, sono coinvolti 25 Centri antiviolenza, 32 Sportelli e 37 case rifugio, con la partecipazione di Aziende sanitarie, Forze dell&#8217;Ordine, Magistratura e associazioni. L&#8217;assessore Manuela Lanzarin ha sottolineato l\u2019importanza di un approccio integrato e ha ricordato l\u2019adozione di una delle prime leggi nazionali contro la violenza nel 2013, che ha portato alla creazione di una rete regionale. Inoltre, sono stati finanziati sportelli antiviolenza nelle universit\u00e0 e centri per uomini autori di violenza, e promossi corsi di formazione per il personale sanitario. L\u2019introduzione della gratuit\u00e0 del ticket per le donne vittime di violenza e l\u2019istituzione di un Osservatorio regionale sono altre misure importanti. Lanzarin ha anche evidenziato la necessit\u00e0 di garantire alle donne vittime di violenza autonomia economica, lavorativa e sicurezza abitativa.<\/p>\n<p>&nbsp;<\/p>\n<p>&nbsp;<\/p>\n<hr \/>\n<p>&nbsp;<\/p>\n<blockquote>\n<h3><strong>DELIBERATO IL BANDO OLIMPIADI 2026 DI FONDAZIONE CARIVERONA<\/strong><\/h3>\n<\/blockquote>\n<p><strong>BELLUNO<\/strong> Il Comune di Belluno ha ottenuto un finanziamento di 175 mila euro dalla Fondazione Cariverona per il progetto \u201cObiettivo Olimpiadi: medaglia d\u2019oro a un territorio\u201d, finalizzato a valorizzare il territorio in vista delle Olimpiadi e Paralimpiadi Invernali di Milano-Cortina 2026. Il sindaco Oscar de Pellegrin ha espresso soddisfazione<\/p>\n<p>&nbsp;<\/p>\n<p>&nbsp;<\/p>\n<hr \/>\n<p>&nbsp;<\/p>\n<blockquote>\n<h3>MULTE: COLLE SANTA LUCIA DETIENE IL RECORD D&#8217;INCASSI PER I PICCOLI COMUNI<\/h3>\n<\/blockquote>\n<p><strong><a class=\"dt-pswp-item\" href=\"https:\/\/www.radiopiu.net\/wordpress\/wp-content\/uploads\/2020\/09\/autovelox-1.jpg\" data-dt-img-description=\"\" data-large_image_width=\"1217\" data-large_image_height=\"694\"><img loading=\"lazy\" decoding=\"async\" class=\" wp-image-159887 alignleft\" src=\"https:\/\/www.radiopiu.net\/wordpress\/wp-content\/uploads\/2020\/09\/autovelox-1-300x171.jpg\" alt=\"\" width=\"204\" height=\"116\" srcset=\"https:\/\/www.radiopiu.net\/wordpress\/wp-content\/uploads\/2020\/09\/autovelox-1-300x171.jpg 300w, https:\/\/www.radiopiu.net\/wordpress\/wp-content\/uploads\/2020\/09\/autovelox-1-1024x584.jpg 1024w, https:\/\/www.radiopiu.net\/wordpress\/wp-content\/uploads\/2020\/09\/autovelox-1-768x438.jpg 768w, https:\/\/www.radiopiu.net\/wordpress\/wp-content\/uploads\/2020\/09\/autovelox-1-640x365.jpg 640w, https:\/\/www.radiopiu.net\/wordpress\/wp-content\/uploads\/2020\/09\/autovelox-1.jpg 1217w\" sizes=\"auto, (max-width: 204px) 100vw, 204px\" \/><\/a>MILANO<\/strong> Nel 2024, Verona \u00e8 stato il comune capoluogo del Veneto con il maggior incasso da multe stradali, pari a 23,6 milioni di euro, posizionandosi all&#8217;ottavo posto a livello nazionale. Segue Padova con 23,1 milioni (nono posto nazionale) e Venezia con 17,8 milioni (undicesimo posto). Complessivamente, i comuni capoluogo veneti hanno registrato oltre 79 milioni di euro di proventi da sanzioni, con un aumento del 12% rispetto al 2023. Vicenza ha incassato 6 milioni, Treviso 5,2 milioni, Rovigo 3,1 milioni, mentre Belluno chiude la classifica con 757mila euro. Considerando la multa pro capite, Padova \u00e8 prima con 111 euro per abitante, seguita da Verona (92 euro) e Venezia (71 euro). Rovigo e Treviso registrano valori simili (62 e 61 euro), Vicenza \u00e8 penultima con 55 euro, e Belluno ultima con 21 euro. Tra i piccoli comuni veneti (meno di 2.000 abitanti), il record spetta a Colle Santa Lucia (Belluno), con 671mila euro di multe su 346 abitanti. Seguono San Bellino (Rovigo) con 433mila euro e Melara (Rovigo) con 345mila euro.<\/p>\n<p>&nbsp;<\/p>\n<p>&nbsp;<\/p>\n<hr \/>\n<p>&nbsp;<\/p>\n<blockquote>\n<h3>DILLO A RADIO PIU&#8217;&#8230;I PARCHEGGI DI PIAZZA PILONI A BELLUNO<\/h3>\n<\/blockquote>\n<p><strong><a class=\"dt-pswp-item\" href=\"https:\/\/www.radiopiu.net\/wordpress\/wp-content\/uploads\/2025\/03\/SCR-20250328-scdl.jpeg\" data-dt-img-description=\"\" data-large_image_width=\"1414\" data-large_image_height=\"888\"><img loading=\"lazy\" decoding=\"async\" class=\" wp-image-441981 alignleft\" src=\"https:\/\/www.radiopiu.net\/wordpress\/wp-content\/uploads\/2025\/03\/SCR-20250328-scdl-300x188.jpeg\" alt=\"\" width=\"206\" height=\"129\" srcset=\"https:\/\/www.radiopiu.net\/wordpress\/wp-content\/uploads\/2025\/03\/SCR-20250328-scdl-300x188.jpeg 300w, https:\/\/www.radiopiu.net\/wordpress\/wp-content\/uploads\/2025\/03\/SCR-20250328-scdl-1024x643.jpeg 1024w, https:\/\/www.radiopiu.net\/wordpress\/wp-content\/uploads\/2025\/03\/SCR-20250328-scdl-768x482.jpeg 768w, https:\/\/www.radiopiu.net\/wordpress\/wp-content\/uploads\/2025\/03\/SCR-20250328-scdl.jpeg 1414w\" sizes=\"auto, (max-width: 206px) 100vw, 206px\" \/><\/a>RICEVIAMO E PUBBLICHIAMO<\/strong><\/p>\n<p>Oggi sono stata in centro a Belluno e ho parcheggiato nella zona di Piazza Piloni. Ho inserito 2 euro nel parcometro, ottenendo un\u2019ora di sosta. Dopo un giro tra i negozi, mi sono accorta che il tempo stava per scadere, cos\u00ec mi sono affrettata a sostituire il biglietto con uno nuovo per prolungare la sosta e completare i miei acquisti. Non potevo crederci! Il parcometro consente una sola sosta consecutiva, obbligandoti ad attendere un\u2019ora prima di poter parcheggiare di nuovo. A quel punto, contrariata, ho deciso di spostarmi verso la periferia. Mi chiedo: il centro storico di Belluno, che ho sempre frequentato fin da bambina, prima in corriera e poi con i miei mezzi, sta forse andando incontro a un declino? Con queste regole, sembra quasi che si voglia costringere le persone ad andarsene. Dopotutto, l\u2019autostrada \u00e8 vicina e in venti minuti si possono raggiungere centri pi\u00f9 accoglienti. Davvero un peccato!<\/p>\n<p>Roberta Cappeller<\/p>\n<p>&nbsp;<\/p>\n<hr \/>\n<p>&nbsp;<\/p>\n<blockquote>\n<h3>NEL CONSIGLIO COMUNALE DI BELLUNO SI PARLERA&#8217; DEL PIANO URBANISTICO DELL&#8217;EX AREA AGIP DI VIA VITTORIO VENETO<\/h3>\n<\/blockquote>\n<p><strong><a class=\"dt-pswp-item\" href=\"https:\/\/www.radiopiu.net\/wordpress\/wp-content\/uploads\/2022\/12\/PALAZZO-ROSSO.png\" data-dt-img-description=\"\" data-large_image_width=\"2076\" data-large_image_height=\"1328\"><img loading=\"lazy\" decoding=\"async\" class=\" wp-image-313801 alignleft\" src=\"https:\/\/www.radiopiu.net\/wordpress\/wp-content\/uploads\/2022\/12\/PALAZZO-ROSSO-300x192.png\" alt=\"\" width=\"205\" height=\"131\" srcset=\"https:\/\/www.radiopiu.net\/wordpress\/wp-content\/uploads\/2022\/12\/PALAZZO-ROSSO-300x192.png 300w, https:\/\/www.radiopiu.net\/wordpress\/wp-content\/uploads\/2022\/12\/PALAZZO-ROSSO-1024x655.png 1024w, https:\/\/www.radiopiu.net\/wordpress\/wp-content\/uploads\/2022\/12\/PALAZZO-ROSSO-768x491.png 768w, https:\/\/www.radiopiu.net\/wordpress\/wp-content\/uploads\/2022\/12\/PALAZZO-ROSSO-1536x983.png 1536w, https:\/\/www.radiopiu.net\/wordpress\/wp-content\/uploads\/2022\/12\/PALAZZO-ROSSO-2048x1310.png 2048w\" sizes=\"auto, (max-width: 205px) 100vw, 205px\" \/><\/a>BELLUNO<\/strong> Si preannuncia un consiglio comunale ad alta tensione luned\u00ec pomeriggio a Belluno, dove approda in aula il piano urbanistico dell&#8217;ex Agip di Via Vittorio Veneto.<\/p>\n<p><strong>DI DANIELE DALVIT<\/strong><\/p>\n<audio class=\"wp-audio-shortcode\" id=\"audio-441856-10\" preload=\"none\" style=\"width: 100%;\" controls=\"controls\"><source type=\"audio\/mpeg\" src=\"https:\/\/www.radiopiu.net\/wordpress\/wp-content\/uploads\/2025\/03\/Servizio-Variante-Agip-consiglio.mp3?_=10\" \/><a href=\"https:\/\/www.radiopiu.net\/wordpress\/wp-content\/uploads\/2025\/03\/Servizio-Variante-Agip-consiglio.mp3\">https:\/\/www.radiopiu.net\/wordpress\/wp-content\/uploads\/2025\/03\/Servizio-Variante-Agip-consiglio.mp3<\/a><\/audio>\n<p>&nbsp;<\/p>\n<p>&nbsp;<\/p>\n<hr \/>\n<p>&nbsp;<\/p>\n<blockquote>\n<h3>IL COMUNE DI ALPAGO INCONTRA GLI STUDENTI.<\/h3>\n<\/blockquote>\n<p><strong>ALPAGO<\/strong> Il 22 marzo, l&#8217;amministrazione comunale di Alpago ha organizzato due incontri per gli studenti delle scuole medie del nuovo plesso di Puos d\u2019Alpago, recentemente premiato con il Premio Architettura \u201cCitt\u00e0 di Oderzo\u201d. Gli studenti hanno avuto l&#8217;opportunit\u00e0 di conoscere i progettisti della scuola e il responsabile dell&#8217;area Lavori Pubblici del Comune, ing. Luca Facchin. L\u2019incontro ha suscitato curiosit\u00e0 tra i ragazzi, che hanno apprezzato la modernit\u00e0, la luminosit\u00e0 e la sicurezza dell\u2019edificio, soprattutto sotto il profilo sismico. Il secondo incontro ha visto la proiezione del documentario \u201cTerremoto150\u201d, un&#8217;iniziativa del Comune di Alpago, sostenuta dalla Regione Veneto, per sensibilizzare sul terremoto del 1873 in Alpago. Il documentario, della durata di circa un&#8217;ora, include interviste a esperti e storici come Maurizio Alfieri e Gianpaolo Bottacin. I registi e il geologo Alfieri hanno risposto alle domande degli studenti, spiegando l&#8217;importanza di conoscere il passato e i rischi sismici. L\u2019obiettivo del documentario \u00e8 sensibilizzare le nuove generazioni sui pericoli sismici e su come affrontarli con consapevolezza.<\/p>\n\n\t\t\t<style type='text\/css'>\n\t\t\t\t#gallery-4 {\n\t\t\t\t\tmargin: auto;\n\t\t\t\t}\n\t\t\t\t#gallery-4 .gallery-item {\n\t\t\t\t\tfloat: left;\n\t\t\t\t\tmargin-top: 10px;\n\t\t\t\t\ttext-align: center;\n\t\t\t\t\twidth: 50%;\n\t\t\t\t}\n\t\t\t\t#gallery-4 img {\n\t\t\t\t\tborder: 2px solid #cfcfcf;\n\t\t\t\t}\n\t\t\t\t#gallery-4 .gallery-caption {\n\t\t\t\t\tmargin-left: 0;\n\t\t\t\t}\n\t\t\t\t\/* see gallery_shortcode() in wp-includes\/media.php *\/\n\t\t\t<\/style>\n\t\t<div id='gallery-4' class='dt-gallery-container gallery galleryid-441856 gallery-columns-2 gallery-size-medium'><dl class='gallery-item'>\n\t\t\t\t<dt class='gallery-icon landscape'>\n\t\t\t\t\t<a class=\"rollover rollover-zoom dt-pswp-item\" title=\"immagine 1\" data-dt-img-description=\"\" data-large_image_width=\"640\" data-large_image_height=\"480\"href='https:\/\/www.radiopiu.net\/wordpress\/wp-content\/uploads\/2025\/03\/immagine-1.jpeg'><img loading=\"lazy\" decoding=\"async\" width=\"300\" height=\"225\" src=\"https:\/\/www.radiopiu.net\/wordpress\/wp-content\/uploads\/2025\/03\/immagine-1-300x225.jpeg\" class=\"attachment-medium size-medium\" alt=\"\" srcset=\"https:\/\/www.radiopiu.net\/wordpress\/wp-content\/uploads\/2025\/03\/immagine-1-300x225.jpeg 300w, https:\/\/www.radiopiu.net\/wordpress\/wp-content\/uploads\/2025\/03\/immagine-1.jpeg 640w\" sizes=\"auto, (max-width: 300px) 100vw, 300px\" \/><\/a>\n\t\t\t\t<\/dt><\/dl><dl class='gallery-item'>\n\t\t\t\t<dt class='gallery-icon landscape'>\n\t\t\t\t\t<a class=\"rollover rollover-zoom dt-pswp-item\" title=\"immagine 2\" data-dt-img-description=\"\" data-large_image_width=\"640\" data-large_image_height=\"480\"href='https:\/\/www.radiopiu.net\/wordpress\/wp-content\/uploads\/2025\/03\/immagine-2.jpeg'><img loading=\"lazy\" decoding=\"async\" width=\"300\" height=\"225\" src=\"https:\/\/www.radiopiu.net\/wordpress\/wp-content\/uploads\/2025\/03\/immagine-2-300x225.jpeg\" class=\"attachment-medium size-medium\" alt=\"\" srcset=\"https:\/\/www.radiopiu.net\/wordpress\/wp-content\/uploads\/2025\/03\/immagine-2-300x225.jpeg 300w, https:\/\/www.radiopiu.net\/wordpress\/wp-content\/uploads\/2025\/03\/immagine-2.jpeg 640w\" sizes=\"auto, (max-width: 300px) 100vw, 300px\" \/><\/a>\n\t\t\t\t<\/dt><\/dl><br style=\"clear: both\" \/>\n\t\t\t<\/div>\n\n<p>&nbsp;<\/p>\n<hr \/>\n<p>&nbsp;<\/p>\n<blockquote>\n<h3>SI SPOSTANO NEL QUARTIERE DI MUSSOI LE ATTIVIT\u00c0 DI ANFFAS BELLUNO APS<\/h3>\n<\/blockquote>\n<p><strong><a class=\"dt-pswp-item\" href=\"https:\/\/www.radiopiu.net\/wordpress\/wp-content\/uploads\/2025\/03\/Appartamento-Anffas.jpg\" data-dt-img-description=\"\" data-large_image_width=\"2000\" data-large_image_height=\"1500\"><img loading=\"lazy\" decoding=\"async\" class=\" wp-image-441918 alignleft\" src=\"https:\/\/www.radiopiu.net\/wordpress\/wp-content\/uploads\/2025\/03\/Appartamento-Anffas-300x225.jpg\" alt=\"\" width=\"153\" height=\"115\" srcset=\"https:\/\/www.radiopiu.net\/wordpress\/wp-content\/uploads\/2025\/03\/Appartamento-Anffas-300x225.jpg 300w, https:\/\/www.radiopiu.net\/wordpress\/wp-content\/uploads\/2025\/03\/Appartamento-Anffas-1024x768.jpg 1024w, https:\/\/www.radiopiu.net\/wordpress\/wp-content\/uploads\/2025\/03\/Appartamento-Anffas-768x576.jpg 768w, https:\/\/www.radiopiu.net\/wordpress\/wp-content\/uploads\/2025\/03\/Appartamento-Anffas-1536x1152.jpg 1536w, https:\/\/www.radiopiu.net\/wordpress\/wp-content\/uploads\/2025\/03\/Appartamento-Anffas.jpg 2000w\" sizes=\"auto, (max-width: 153px) 100vw, 153px\" \/><\/a>BELLUNO<\/strong> Anffas Belluno Aps ha acquistato un nuovo appartamento a Mussoi per promuovere l\u2019autonomia delle persone con disabilit\u00e0 intellettiva. La struttura, di 180 mq, ospiter\u00e0 progetti semiresidenziali, laboratori e attivit\u00e0 di supporto alle famiglie, in continuit\u00e0 con le iniziative avviate dal 2007 a Cavarzano. L\u2019acquisto, del valore di circa 200mila euro, permette all\u2019associazione di essere indipendente e di risparmiare sull\u2019affitto. Grazie a una raccolta fondi, sono stati coperti i costi di ristrutturazione per 15mila euro, ma resta attivo un mutuo per l\u2019acquisto. La campagna di donazioni continua per ridurre il debito. Anffas cerca anche operatori socio-sanitari e volontari per le sue attivit\u00e0.<\/p>\n<p>&nbsp;<\/p>\n<p>&nbsp;<\/p>\n<hr \/>\n<p>&nbsp;<\/p>\n<blockquote>\n<h3>BELLUNO INVESTE SU GIOVANI, LAVORO E PARIT\u00c0 DI GENERE: IL GAL PREALPI E DOLOMITI IN PRIMA LINEA PER L&#8217;INNOVAZIONE E LA CONCILIAZIONE VITA-LAVORO<\/h3>\n<\/blockquote>\n<p><strong><a class=\"dt-pswp-item\" href=\"https:\/\/www.radiopiu.net\/wordpress\/wp-content\/uploads\/2025\/02\/logo_gal_prealpi_dolomiti.png\" data-dt-img-description=\"\" data-large_image_width=\"980\" data-large_image_height=\"650\"><img loading=\"lazy\" decoding=\"async\" class=\" wp-image-433565 alignleft\" src=\"https:\/\/www.radiopiu.net\/wordpress\/wp-content\/uploads\/2025\/02\/logo_gal_prealpi_dolomiti-300x199.png\" alt=\"\" width=\"197\" height=\"131\" srcset=\"https:\/\/www.radiopiu.net\/wordpress\/wp-content\/uploads\/2025\/02\/logo_gal_prealpi_dolomiti-300x199.png 300w, https:\/\/www.radiopiu.net\/wordpress\/wp-content\/uploads\/2025\/02\/logo_gal_prealpi_dolomiti-768x509.png 768w, https:\/\/www.radiopiu.net\/wordpress\/wp-content\/uploads\/2025\/02\/logo_gal_prealpi_dolomiti.png 980w\" sizes=\"auto, (max-width: 197px) 100vw, 197px\" \/><\/a>BELLUNO<\/strong> Belluno si distingue per l\u2019occupazione giovanile e la lotta ai NEET, come evidenziato dalla ricerca della Camera di Commercio e AsVeSs. Tuttavia, persistono sfide legate all\u2019innovazione, alla parit\u00e0 di genere e alla conciliazione vita-lavoro. Il GAL Prealpi e Dolomiti \u00e8 protagonista di progetti innovativi, come \u201cEcosistema Belluno\u201d, che mira a creare una rete di innovazione locale. Grazie al supporto di istituti bancari e della Fondazione Cariverona, il GAL ha ottenuto finanziamenti per diverse iniziative. Tra queste, il progetto Interreg \u201cEQUALIT-\u00c1\u201d punta a migliorare la governance sulla parit\u00e0 di genere nelle aree rurali e montane. Nel 2024, il GAL ha anche finanziato servizi per l\u2019infanzia, gli anziani e la mobilit\u00e0. Con il programma \u201cOrizzonte Attrattivit\u00e0\u201d e un investimento di 3,8 milioni di euro, l\u2019obiettivo \u00e8 migliorare i risultati raggiunti e avanzare verso gli obiettivi dell\u2019Agenda 2030.<\/p>\n<p>&nbsp;<\/p>\n<p>&nbsp;<\/p>\n<hr \/>\n<p>&nbsp;<\/p>\n<blockquote>\n<h3>ANNULLATO IL SAVE THE DATE FESTIVAL AL RIFUGIO LARESEI<\/h3>\n<\/blockquote>\n<p><strong><a class=\"dt-pswp-item\" href=\"https:\/\/www.radiopiu.net\/wordpress\/wp-content\/uploads\/2025\/02\/SAVE-THE-DATE-2025.jpg\" data-dt-img-description=\"\" data-large_image_width=\"1639\" data-large_image_height=\"978\"><img loading=\"lazy\" decoding=\"async\" class=\" wp-image-435181 alignleft\" src=\"https:\/\/www.radiopiu.net\/wordpress\/wp-content\/uploads\/2025\/02\/SAVE-THE-DATE-2025-300x179.jpg\" alt=\"\" width=\"270\" height=\"161\" srcset=\"https:\/\/www.radiopiu.net\/wordpress\/wp-content\/uploads\/2025\/02\/SAVE-THE-DATE-2025-300x179.jpg 300w, https:\/\/www.radiopiu.net\/wordpress\/wp-content\/uploads\/2025\/02\/SAVE-THE-DATE-2025-1024x611.jpg 1024w, https:\/\/www.radiopiu.net\/wordpress\/wp-content\/uploads\/2025\/02\/SAVE-THE-DATE-2025-768x458.jpg 768w, https:\/\/www.radiopiu.net\/wordpress\/wp-content\/uploads\/2025\/02\/SAVE-THE-DATE-2025-1536x917.jpg 1536w, https:\/\/www.radiopiu.net\/wordpress\/wp-content\/uploads\/2025\/02\/SAVE-THE-DATE-2025.jpg 1639w\" sizes=\"auto, (max-width: 270px) 100vw, 270px\" \/><\/a>FALCADE<\/strong> Gli organizzatori comunicano che il &#8220;Save The Date Festival&#8221;, in programma il 29 marzo al Rifugio Laresei di Falcade, \u00e8 stato annullato a causa delle avverse condizioni meteo. La decisione \u00e8 stata presa per garantire la sicurezza di partecipanti, staff, artisti e per non compromettere le altre manifestazioni previste per il weekend. Le previsioni indicano un peggioramento delle condizioni atmosferiche che rendono impossibile lo svolgimento dell&#8217;evento in sicurezza. I biglietti acquistati verranno rimborsati secondo le modalit\u00e0 indicate su Ciaotickets.com. Si confida di recuperare l&#8217;evento in una nuova data, che sar\u00e0 annunciata tramite i canali ufficiali. Resta confermato l\u2019O\ufb03cial After Party al Parco Giochi di Falcade dalle 18 alle 24.<\/p>\n<p><strong>MASSIMO MANFROI DAL RIFUGIO LARESEI<\/strong><\/p>\n<audio class=\"wp-audio-shortcode\" id=\"audio-441856-11\" preload=\"none\" style=\"width: 100%;\" controls=\"controls\"><source type=\"audio\/mpeg\" src=\"https:\/\/www.radiopiu.net\/wordpress\/wp-content\/uploads\/2025\/03\/MAX.mp3?_=11\" \/><a href=\"https:\/\/www.radiopiu.net\/wordpress\/wp-content\/uploads\/2025\/03\/MAX.mp3\">https:\/\/www.radiopiu.net\/wordpress\/wp-content\/uploads\/2025\/03\/MAX.mp3<\/a><\/audio>\n<p>&nbsp;<\/p>\n<hr \/>\n<p>&nbsp;<\/p>\n<h2><span style=\"color: #ff0000;\">CONSIGLI COMUNALI IN AGORDINO<\/span><\/h2>\n<p><strong>RIVAMONTE<\/strong> Mercoled\u00ec alle 18:30 \u00e8 stato convocato il consiglio comunale a Rivamonte. Saranno 10 i punti da trattare tra cui due variazioni a bilancio, l&#8217;approvazione dello schema di contratto con ASCA, la nomina del revisore dei conti, l&#8217;approvazione della convenzione della gestione degli impianti sportivi di propriet\u00e0 dell&#8217;Unione Montana Agordina e l&#8217;approvazione della convenzione per la gestione associata della centrale unica di committenza.<\/p>\n<p>&nbsp;<\/p>\n<p>&nbsp;<\/p>\n<hr \/>\n<p>&nbsp;<\/p>\n<blockquote>\n<h3>UN BANDO PER 133 COMMISSARI TECNICI DELLA POLIZIA DI STATO<\/h3>\n<\/blockquote>\n<p><strong>BELLUNO<\/strong> Sono stati pubblicati i bandi per concorsi pubblici della Polizia di Stato per l&#8217;assunzione di 133 commissari tecnici in diverse discipline (biologi, ingegneri, chimici, psicologi e fisici). Le domande possono essere presentate online dal 25 marzo al 23 aprile 2025 tramite il sito della Polizia di Stato o il Portale unico del reclutamento.<\/p>\n<p>&nbsp;<\/p>\n<p>&nbsp;<\/p>\n<hr \/>\n<p>&nbsp;<\/p>\n<blockquote>\n<h3><a class=\"dt-pswp-item\" href=\"https:\/\/www.radiopiu.net\/wordpress\/wp-content\/uploads\/2025\/03\/COLOMBA-ADMO.jpg\" data-dt-img-description=\"\" data-large_image_width=\"785\" data-large_image_height=\"785\"><img loading=\"lazy\" decoding=\"async\" class=\" wp-image-441688 alignleft\" src=\"https:\/\/www.radiopiu.net\/wordpress\/wp-content\/uploads\/2025\/03\/COLOMBA-ADMO-300x300.jpg\" alt=\"\" width=\"160\" height=\"160\" srcset=\"https:\/\/www.radiopiu.net\/wordpress\/wp-content\/uploads\/2025\/03\/COLOMBA-ADMO-300x300.jpg 300w, https:\/\/www.radiopiu.net\/wordpress\/wp-content\/uploads\/2025\/03\/COLOMBA-ADMO-150x150.jpg 150w, https:\/\/www.radiopiu.net\/wordpress\/wp-content\/uploads\/2025\/03\/COLOMBA-ADMO-768x768.jpg 768w, https:\/\/www.radiopiu.net\/wordpress\/wp-content\/uploads\/2025\/03\/COLOMBA-ADMO.jpg 785w\" sizes=\"auto, (max-width: 160px) 100vw, 160px\" \/><\/a>UNA COLOMBA PER LA VITA CON ADMO<\/h3>\n<\/blockquote>\n<p><strong>BELLUNO<\/strong> Solo 1 persona su 100.000 \u00e8 compatibile per la donazione di midollo osseo. ADMO promuove la campagna pasquale con la vendita di colombe per sensibilizzare e raccogliere fondi a favore dell\u2019iscrizione al registro donatori (IBMDR). L&#8217;iniziativa \u00e8 attiva in tutta Italia, incluse le piazze e supermercati del Veneto. Le informazioni sono disponibili sui social delle province e sul sito <a class=\"\" href=\"http:\/\/www.admoveneto.it\/iscriviti\" target=\"_new\" rel=\"noopener\" data-start=\"384\" data-end=\"411\">www.admoveneto.it\/iscriviti<\/a>. Nel 2024, ADMO Veneto ha registrato oltre 5000 nuovi iscritti e 103 donazioni effettive. L\u2019obiettivo \u00e8 stimolare una scelta consapevole e duratura. La Presidente Mara Rosolen sottolinea il valore della solidariet\u00e0. Le colombe solidali sono disponibili anche online su <a class=\"\" href=\"http:\/\/www.admoveneto.it\/campagna-colombe\/\" target=\"_new\" rel=\"noopener\" data-start=\"681\" data-end=\"716\">www.admoveneto.it\/campagna-colombe\/<\/a>.<\/p>\n<p>&nbsp;<\/p>\n<p>&nbsp;<\/p>\n<hr \/>\n<p>&nbsp;<\/p>\n<blockquote>\n<h3>AL SANTA MARIA DEL PRATO UN INCONTRO SULLE MALATTIE INFIAMMATORIE CRONICHE<\/h3>\n<\/blockquote>\n<p><strong><a class=\"dt-pswp-item\" href=\"https:\/\/www.radiopiu.net\/wordpress\/wp-content\/uploads\/2025\/03\/IO-ESCO.jpg\" data-dt-img-description=\"\" data-large_image_width=\"663\" data-large_image_height=\"292\"><img loading=\"lazy\" decoding=\"async\" class=\" wp-image-441351 alignleft\" src=\"https:\/\/www.radiopiu.net\/wordpress\/wp-content\/uploads\/2025\/03\/IO-ESCO-300x132.jpg\" alt=\"\" width=\"216\" height=\"95\" srcset=\"https:\/\/www.radiopiu.net\/wordpress\/wp-content\/uploads\/2025\/03\/IO-ESCO-300x132.jpg 300w, https:\/\/www.radiopiu.net\/wordpress\/wp-content\/uploads\/2025\/03\/IO-ESCO.jpg 663w\" sizes=\"auto, (max-width: 216px) 100vw, 216px\" \/><\/a>FELTRE <\/strong>Oggi, dalle 10:00 alle 14:30, presso l\u2019Ospedale S. Maria del Prato di Feltre, si terr\u00e0 l\u2019incontro <em data-start=\"109\" data-end=\"120\">&#8220;Io esco&#8221;<\/em>, promosso dalla UOSD di Malattie Infiammatorie Gastrointestinali e dalla UOC di Gastroenterologia. L\u2019evento mira a sensibilizzare sui problemi legati alle malattie infiammatorie croniche intestinali, che in Italia colpiscono oltre 250.000 persone, di cui 600 seguite a Feltre. La campagna <em data-start=\"413\" data-end=\"424\">&#8220;Io esco&#8221;<\/em>, sostenuta da Alfasigma e AMICI, vuole offrire strumenti per una maggiore consapevolezza e autonomia dei pazienti, favorendo il dialogo con i medici. Durante l\u2019incontro, esperti e un team multidisciplinare forniranno informazioni utili per la gestione della patologia, aiutando i pazienti a vivere con pi\u00f9 sicurezza e qualit\u00e0 di vita.<\/p>\n<p>&nbsp;<\/p>\n<p>&nbsp;<\/p>\n<hr \/>\n<p>&nbsp;<\/p>\n<blockquote>\n<h3>NASCERE NELLE DOLOMITI: PROSSIMO INCONTRO A CENCENIGHE<\/h3>\n<\/blockquote>\n<p><strong><a class=\"dt-pswp-item\" href=\"https:\/\/www.radiopiu.net\/wordpress\/wp-content\/uploads\/2025\/03\/SCR-20250322-kbxo.jpeg\" data-dt-img-description=\"\" data-large_image_width=\"1346\" data-large_image_height=\"946\"><img loading=\"lazy\" decoding=\"async\" class=\" wp-image-440975 alignleft\" src=\"https:\/\/www.radiopiu.net\/wordpress\/wp-content\/uploads\/2025\/03\/SCR-20250322-kbxo-300x211.jpeg\" alt=\"\" width=\"189\" height=\"133\" srcset=\"https:\/\/www.radiopiu.net\/wordpress\/wp-content\/uploads\/2025\/03\/SCR-20250322-kbxo-300x211.jpeg 300w, https:\/\/www.radiopiu.net\/wordpress\/wp-content\/uploads\/2025\/03\/SCR-20250322-kbxo-1024x720.jpeg 1024w, https:\/\/www.radiopiu.net\/wordpress\/wp-content\/uploads\/2025\/03\/SCR-20250322-kbxo-768x540.jpeg 768w, https:\/\/www.radiopiu.net\/wordpress\/wp-content\/uploads\/2025\/03\/SCR-20250322-kbxo.jpeg 1346w\" sizes=\"auto, (max-width: 189px) 100vw, 189px\" \/><\/a>CENCENIGHE <\/strong>Prosegue il ciclo di incontri \u201cNascere nelle Dolomiti: il percorso salute mamma-bambino\u201d, organizzati dall\u2019Ulss Dolomiti nell\u2019ambito dell\u2019area materno-infantile. Il prossimo incontro si terr\u00e0 gioved\u00ec 3 aprile alle 16.30 nella Sala Culturale Comunale \u2013 Centro Nof Fil\u00f2 a Cencenighe Agordino. Si tratta del terzo di una serie di appuntamenti sul territorio, aperti alla cittadinanza, promossi dalle unit\u00e0 operative di Ostetricia e Ginecologia e di Pediatria dell\u2019Ospedale di Belluno, dedicati al percorso salute della mamma e del bambino. Durante gli incontri saranno illustrati e approfonditi i percorsi e i servizi del punto nascita. La cittadinanza \u00e8 invitata.<\/p>\n<p>&nbsp;<\/p>\n<p>&nbsp;<\/p>\n<hr \/>\n<p>&nbsp;<\/p>\n<blockquote>\n<h3>INSIEME PER L&#8217;AUTISMO<\/h3>\n<\/blockquote>\n<p><strong><a class=\"dt-pswp-item\" href=\"https:\/\/www.radiopiu.net\/wordpress\/wp-content\/uploads\/2025\/03\/SCR-20250322-lkpf.png\" data-dt-img-description=\"\" data-large_image_width=\"1366\" data-large_image_height=\"772\"><img loading=\"lazy\" decoding=\"async\" class=\" wp-image-440982 alignleft\" src=\"https:\/\/www.radiopiu.net\/wordpress\/wp-content\/uploads\/2025\/03\/SCR-20250322-lkpf-300x170.png\" alt=\"\" width=\"215\" height=\"122\" srcset=\"https:\/\/www.radiopiu.net\/wordpress\/wp-content\/uploads\/2025\/03\/SCR-20250322-lkpf-300x170.png 300w, https:\/\/www.radiopiu.net\/wordpress\/wp-content\/uploads\/2025\/03\/SCR-20250322-lkpf-1024x579.png 1024w, https:\/\/www.radiopiu.net\/wordpress\/wp-content\/uploads\/2025\/03\/SCR-20250322-lkpf-768x434.png 768w, https:\/\/www.radiopiu.net\/wordpress\/wp-content\/uploads\/2025\/03\/SCR-20250322-lkpf.png 1366w\" sizes=\"auto, (max-width: 215px) 100vw, 215px\" \/><\/a>BELLUNO<\/strong> L\u2019Ulss Dolomiti promuove l\u2019evento \u201cInsieme per l\u2019autismo\u201d il 2 aprile 2025, in occasione della Giornata mondiale della consapevolezza sull\u2019autismo. L\u2019iniziativa, realizzata con diverse unit\u00e0 operative sanitarie, scuole e associazioni, mira a sensibilizzare sul Disturbo dello Spettro Autistico e sull\u2019importanza di interventi inclusivi. La mattina, al Centro Congressi Giovanni XXIII di Belluno, si terranno laboratori esperienziali per studenti, tra cui attivit\u00e0 teatrali, sportive e creative. Nel pomeriggio, un incontro aperto alla cittadinanza presenter\u00e0 i progetti attivi e le strategie future per il benessere delle persone autistiche, moderato da Milena Guglielminetti.<\/p>\n<p>&nbsp;<\/p>\n<p>&nbsp;<\/p>\n<hr \/>\n<p>&nbsp;<\/p>\n<blockquote>\n<h3>L&#8217;ASSEMBLEA DEL CIRCOLO CULTURALE AGORDINO<\/h3>\n<\/blockquote>\n<p><strong>AGORDO<\/strong> L\u2019Assemblea ordinaria del Circolo Culturale Agordino a.p.s. si terr\u00e0 presso la Biblioteca Civica di Agordo oggi alle 10:30. All\u2019ordine del giorno: programmazione delle attivit\u00e0 2025, approvazione del bilancio 2024 e relazione sul bilancio sociale.<\/p>\n<p>&nbsp;<\/p>\n<p>&nbsp;<\/p>\n<hr \/>\n<p>&nbsp;<\/p>\n<blockquote>\n<h3>L&#8217;ASSEMBLEA DELLA SEZIONE AGORDINA DEL CAI<\/h3>\n<\/blockquote>\n<p><strong><a class=\"dt-pswp-item\" href=\"https:\/\/www.radiopiu.net\/wordpress\/wp-content\/uploads\/2020\/04\/cai-agordo.jpg\" data-dt-img-description=\"\" data-large_image_width=\"297\" data-large_image_height=\"170\"><img loading=\"lazy\" decoding=\"async\" class=\"size-full wp-image-127841 alignleft\" src=\"https:\/\/www.radiopiu.net\/wordpress\/wp-content\/uploads\/2020\/04\/cai-agordo.jpg\" alt=\"\" width=\"297\" height=\"170\" \/><\/a>AGORDO<\/strong><\/p>\n<p>DI GIANNI SANTOMASO<\/p>\n<audio class=\"wp-audio-shortcode\" id=\"audio-441856-12\" preload=\"none\" style=\"width: 100%;\" controls=\"controls\"><source type=\"audio\/mpeg\" src=\"https:\/\/www.radiopiu.net\/wordpress\/wp-content\/uploads\/2025\/03\/GIANNI-LASSEMBLEA-DELLA-SEZIONE-AGORDINA-DEL-CAI.mp3?_=12\" \/><a href=\"https:\/\/www.radiopiu.net\/wordpress\/wp-content\/uploads\/2025\/03\/GIANNI-LASSEMBLEA-DELLA-SEZIONE-AGORDINA-DEL-CAI.mp3\">https:\/\/www.radiopiu.net\/wordpress\/wp-content\/uploads\/2025\/03\/GIANNI-LASSEMBLEA-DELLA-SEZIONE-AGORDINA-DEL-CAI.mp3<\/a><\/audio>\n<p>&nbsp;<\/p>\n<hr \/>\n<p>&nbsp;<\/p>\n<blockquote>\n<h3>&#8220;DA ONDE VERS ONDE&#8221; A CENCENIGHE<\/h3>\n<\/blockquote>\n<p><strong><a class=\"dt-pswp-item\" href=\"https:\/\/www.radiopiu.net\/wordpress\/wp-content\/uploads\/2025\/03\/LSODHFHDYUDJ.jpg\" data-dt-img-description=\"\" data-large_image_width=\"1754\" data-large_image_height=\"1337\"><img loading=\"lazy\" decoding=\"async\" class=\" wp-image-441343 alignleft\" src=\"https:\/\/www.radiopiu.net\/wordpress\/wp-content\/uploads\/2025\/03\/LSODHFHDYUDJ-300x229.jpg\" alt=\"\" width=\"174\" height=\"133\" srcset=\"https:\/\/www.radiopiu.net\/wordpress\/wp-content\/uploads\/2025\/03\/LSODHFHDYUDJ-300x229.jpg 300w, https:\/\/www.radiopiu.net\/wordpress\/wp-content\/uploads\/2025\/03\/LSODHFHDYUDJ-1024x781.jpg 1024w, https:\/\/www.radiopiu.net\/wordpress\/wp-content\/uploads\/2025\/03\/LSODHFHDYUDJ-768x585.jpg 768w, https:\/\/www.radiopiu.net\/wordpress\/wp-content\/uploads\/2025\/03\/LSODHFHDYUDJ-1536x1171.jpg 1536w, https:\/\/www.radiopiu.net\/wordpress\/wp-content\/uploads\/2025\/03\/LSODHFHDYUDJ.jpg 1754w\" sizes=\"auto, (max-width: 174px) 100vw, 174px\" \/><\/a>CENCENIGHE <\/strong>L\u2019Union Ladina Val Biois, in collaborazione con il Musla, organizza la seconda edizione delle serate linguistiche <em data-start=\"114\" data-end=\"135\">&#8220;Da onde vers onde&#8221;<\/em>, in sala consigliare a Cencenighe Agordino. L\u2019evento approfondir\u00e0 l\u2019evoluzione storica e linguistica dell\u2019Agordino. Il 4 aprile Nicola Cassisi, docente di lettere, analizzer\u00e0 il legame tra lingua, paesaggio ed economia nelle valli dolomitiche. Le serate, aperte a tutti e a ingresso libero, vogliono valorizzare la lingua ladina e la storia locale, aiutando la comunit\u00e0 a comprendere il proprio passato e affrontare il futuro con consapevolezza.<\/p>\n<p>&nbsp;<\/p>\n<p>&nbsp;<\/p>\n<hr \/>\n<p>&nbsp;<\/p>\n<blockquote>\n<h3>TORNA LA VECIA POPA SUL BROI DI AGORDO<\/h3>\n<\/blockquote>\n<p><strong><a class=\"dt-pswp-item\" href=\"https:\/\/www.radiopiu.net\/wordpress\/wp-content\/uploads\/2024\/02\/VeciaPopa2014b.jpg\" data-dt-img-description=\"\" data-large_image_width=\"1500\" data-large_image_height=\"944\"><img loading=\"lazy\" decoding=\"async\" class=\" wp-image-376680 alignleft\" src=\"https:\/\/www.radiopiu.net\/wordpress\/wp-content\/uploads\/2024\/02\/VeciaPopa2014b-300x189.jpg\" alt=\"\" width=\"237\" height=\"149\" srcset=\"https:\/\/www.radiopiu.net\/wordpress\/wp-content\/uploads\/2024\/02\/VeciaPopa2014b-300x189.jpg 300w, https:\/\/www.radiopiu.net\/wordpress\/wp-content\/uploads\/2024\/02\/VeciaPopa2014b-1024x644.jpg 1024w, https:\/\/www.radiopiu.net\/wordpress\/wp-content\/uploads\/2024\/02\/VeciaPopa2014b-768x483.jpg 768w, https:\/\/www.radiopiu.net\/wordpress\/wp-content\/uploads\/2024\/02\/VeciaPopa2014b.jpg 1500w\" sizes=\"auto, (max-width: 237px) 100vw, 237px\" \/><\/a>AGORDO<\/strong><\/p>\n<p>DI GIANNI SANTOMASO<\/p>\n<audio class=\"wp-audio-shortcode\" id=\"audio-441856-13\" preload=\"none\" style=\"width: 100%;\" controls=\"controls\"><source type=\"audio\/mpeg\" src=\"https:\/\/www.radiopiu.net\/wordpress\/wp-content\/uploads\/2025\/03\/GIANNI-TORNA-LA-VECIA-POPA.mp3?_=13\" \/><a href=\"https:\/\/www.radiopiu.net\/wordpress\/wp-content\/uploads\/2025\/03\/GIANNI-TORNA-LA-VECIA-POPA.mp3\">https:\/\/www.radiopiu.net\/wordpress\/wp-content\/uploads\/2025\/03\/GIANNI-TORNA-LA-VECIA-POPA.mp3<\/a><\/audio>\n<p>&nbsp;<\/p>\n<hr \/>\n<p>&nbsp;<\/p>\n<blockquote>\n<h3>OGGI IL CONCERTO DI PRIMAVERA DEL CORO VOCI IN VALLE<\/h3>\n<\/blockquote>\n<p><strong><a class=\"dt-pswp-item\" href=\"https:\/\/www.radiopiu.net\/wordpress\/wp-content\/uploads\/2023\/01\/Schermata-2023-01-04-alle-11.37.29.png\" data-dt-img-description=\"\" data-large_image_width=\"344\" data-large_image_height=\"222\"><img loading=\"lazy\" decoding=\"async\" class=\" wp-image-314871 alignleft\" src=\"https:\/\/www.radiopiu.net\/wordpress\/wp-content\/uploads\/2023\/01\/Schermata-2023-01-04-alle-11.37.29-300x194.png\" alt=\"\" width=\"189\" height=\"122\" srcset=\"https:\/\/www.radiopiu.net\/wordpress\/wp-content\/uploads\/2023\/01\/Schermata-2023-01-04-alle-11.37.29-300x194.png 300w, https:\/\/www.radiopiu.net\/wordpress\/wp-content\/uploads\/2023\/01\/Schermata-2023-01-04-alle-11.37.29.png 344w\" sizes=\"auto, (max-width: 189px) 100vw, 189px\" \/><\/a>BELLUNO<\/strong> Il &#8220;Concerto di Primavera&#8221;, organizzato dal Gruppo Corale &#8220;Voci in Valle&#8221; di Sedico, celebra quest\u2019anno il suo decimo anniversario, dopo essere stato sospeso nel biennio 2020-2021 a causa della pandemia. L&#8217;edizione 2025 si terr\u00e0 stasera alle 20.30, con ingresso libero, nella chiesa arcipretale di Sedico. Durante il concerto, il coro di Sedico eseguir\u00e0 brani di ispirazione popolare, tra cui opere di autori come Dick e Melodie Turner, Salvatore Sini, Bepi De Marzi e altri. Inoltre, si esibir\u00e0 il Coro \u201cFodom\u201d di Livinallongo del Col di Lana, diretto da Lorenzo Vallazza, che presenter\u00e0 un repertorio che spazia dal canto di montagna al popolare, con particolare attenzione al canto in Ladino. Tra i brani in programma, quelli di Bepi De Marzi, Nanni Pellegrini e Jean Sibelius.<\/p>\n<p>&nbsp;<\/p>\n<p>&nbsp;<\/p>\n<hr \/>\n<p>&nbsp;<\/p>\n<blockquote>\n<h3>LIONS CLUB BELLUNO: UNA SERATA DI MUSICA E SOLIDARIET\u00c0 PER BELLUNO DONNA<\/h3>\n<\/blockquote>\n<p><strong><a class=\"dt-pswp-item\" href=\"https:\/\/www.radiopiu.net\/wordpress\/wp-content\/uploads\/2025\/03\/Immagine-2025-03-18-142342.png\" data-dt-img-description=\"\" data-large_image_width=\"630\" data-large_image_height=\"299\"><img loading=\"lazy\" decoding=\"async\" class=\" wp-image-440338 alignleft\" src=\"https:\/\/www.radiopiu.net\/wordpress\/wp-content\/uploads\/2025\/03\/Immagine-2025-03-18-142342-300x142.png\" alt=\"\" width=\"211\" height=\"100\" srcset=\"https:\/\/www.radiopiu.net\/wordpress\/wp-content\/uploads\/2025\/03\/Immagine-2025-03-18-142342-300x142.png 300w, https:\/\/www.radiopiu.net\/wordpress\/wp-content\/uploads\/2025\/03\/Immagine-2025-03-18-142342.png 630w\" sizes=\"auto, (max-width: 211px) 100vw, 211px\" \/><\/a>BELLUNO\u00a0<\/strong>Oggi alle 20:30, presso il Teatro Giovanni XXIII di Belluno, si terr\u00e0 un evento benefico organizzato dal Lions Club Belluno, con l\u2019obiettivo di raccogliere fondi per l\u2019associazione Belluno Donna Onlus, che sostiene economicamente donne e bambini in difficolt\u00e0. La serata sar\u00e0 coordinata da Michela Da Canal e vedr\u00e0 la partecipazione di ospiti di spicco. L\u2019intero ricavato della serata sar\u00e0 devoluto a Belluno Donna.<\/p>\n<p>&nbsp;<\/p>\n<p>&nbsp;<\/p>\n<hr \/>\n<p>&nbsp;<\/p>\n<blockquote>\n<div class=\"flex max-w-full flex-col flex-grow\">\n<div class=\"min-h-8 text-message relative flex w-full flex-col items-end gap-2 whitespace-normal break-words text-start [.text-message+&amp;]:mt-5\" dir=\"auto\" data-message-author-role=\"assistant\" data-message-id=\"11b2e343-9597-496f-8fe9-b70b0fc15840\" data-message-model-slug=\"gpt-4o\">\n<div class=\"flex w-full flex-col gap-1 empty:hidden first:pt-[3px]\">\n<div class=\"markdown prose w-full break-words dark:prose-invert dark\">\n<p class=\"\" data-start=\"0\" data-end=\"71\"><strong data-start=\"0\" data-end=\"71\" data-is-last-node=\"\" data-is-only-node=\"\">OSSERVAZIONE PUBBLICA DELL\u2019ECLISSE PARZIALE DI SOLE SABATO 29 MARZO<\/strong><\/p>\n<\/div>\n<\/div>\n<\/div>\n<\/div>\n<\/blockquote>\n<p><strong><a class=\"dt-pswp-item\" href=\"https:\/\/www.radiopiu.net\/wordpress\/wp-content\/uploads\/2019\/01\/Luna-in-eclisse.jpg\" data-dt-img-description=\"\" data-large_image_width=\"2977\" data-large_image_height=\"2232\"><img loading=\"lazy\" decoding=\"async\" class=\"wp-image-73474 alignleft\" src=\"https:\/\/www.radiopiu.net\/wordpress\/wp-content\/uploads\/2019\/01\/Luna-in-eclisse-300x225.jpg\" alt=\"\" width=\"177\" height=\"133\" srcset=\"https:\/\/www.radiopiu.net\/wordpress\/wp-content\/uploads\/2019\/01\/Luna-in-eclisse-300x225.jpg 300w, https:\/\/www.radiopiu.net\/wordpress\/wp-content\/uploads\/2019\/01\/Luna-in-eclisse-768x576.jpg 768w, https:\/\/www.radiopiu.net\/wordpress\/wp-content\/uploads\/2019\/01\/Luna-in-eclisse-1024x768.jpg 1024w\" sizes=\"auto, (max-width: 177px) 100vw, 177px\" \/><\/a>AGORDO<\/strong><\/p>\n<p>Oggi evento al parcheggio di Tamonich\u00a0 per osservare l&#8217;eclisse parziale di sole. Cieli Dolomitici sar\u00e0 presente con i\u00a0 telescopi dalle 11. Evento gratuito, aperto a tutti.<\/p>\n<p>&nbsp;<\/p>\n<p><strong>FELTRE<\/strong><\/p>\n<p>Oggi alle\u00a0 11 con\u00a0 l&#8217;associazione Rheticus: avr\u00e0 luogo l\u2019osservazione pubblica dell\u2019eclisse parziale di Sole. Vi sar\u00e0 anche la possibilit\u00e0 di osservare la sottilissima, e quanto mai spettacolare, fase di Venere.\u00a0 In caso di maltempo, in luogo dell&#8217;osservazione, verr\u00e0 svolta una conferenza sostitutiva nel Planetario da parte di Gabriele Vanin. Ingresso 5 euro.<\/p>\n<p>&nbsp;<\/p>\n<hr \/>\n<p>&nbsp;<\/p>\n<blockquote>\n<p data-start=\"0\" data-end=\"71\"><strong data-start=\"0\" data-end=\"69\">MOSTRA DEDICATA A VITTORIO PISANI: INAUGURAZIONE A PIEVE D\u2019ALPAGO<\/strong><\/p>\n<\/blockquote>\n<p data-start=\"73\" data-end=\"333\" data-is-last-node=\"\" data-is-only-node=\"\">Domenica 30 marzo alle 17:00, presso il Palazzo Municipale di Pieve d\u2019Alpago, verr\u00e0 inaugurata la mostra temporanea dedicata a Vittorio Pisani. L\u2019evento, promosso dall&#8217;Ufficio Cultura e dalla Biblioteca Civica, ha il patrocinio di enti locali e internazionali.<\/p>\n<p>&nbsp;<\/p>\n<p>&nbsp;<\/p>\n<hr \/>\n<p>&nbsp;<\/p>\n<blockquote>\n<h3>PELLEGRINAGGIO GIUBILARE A SEDICO<\/h3>\n<\/blockquote>\n<p><strong>SEDICO<\/strong> Domani, i fedeli delle parrocchie di Sedico, Roe e Bribano parteciperanno a un pellegrinaggio giubilare per ricevere l\u2019indulgenza, seguendo le indicazioni del vescovo Renato e di Papa Francesco. Il percorso, chiamato \u201cUn Cammino di Speranza\u201d, partir\u00e0 alle 16 da piazza Mons. Fiori e attraverser\u00e0 vari punti del paese, permettendo anche a chi ha difficolt\u00e0 motorie di unirsi. Il pellegrinaggio sar\u00e0 arricchito da testimonianze di diverse realt\u00e0 locali impegnate nella solidariet\u00e0. L\u2019iniziativa fa parte del cammino quaresimale delle parrocchie, che prevede anche una Via Crucis itinerante l\u201911 aprile e una celebrazione penitenziale il 16 aprile.<\/p>\n<p>&nbsp;<\/p>\n<hr \/>\n<p>&nbsp;<\/p>\n<blockquote>\n<h3>LA PRESENTAZIONE DEL LIBRO SUI MIGRANTI DI VOLTAGO<\/h3>\n<\/blockquote>\n<p><strong><a class=\"dt-pswp-item\" href=\"https:\/\/www.radiopiu.net\/wordpress\/wp-content\/uploads\/2025\/03\/d1c40d7e-c6d5-42f7-ac6a-e56a05a28dcb.jpg\" data-dt-img-description=\"\" data-large_image_width=\"1131\" data-large_image_height=\"1600\"><img loading=\"lazy\" decoding=\"async\" class=\" wp-image-440564 alignleft\" src=\"https:\/\/www.radiopiu.net\/wordpress\/wp-content\/uploads\/2025\/03\/d1c40d7e-c6d5-42f7-ac6a-e56a05a28dcb-212x300.jpg\" alt=\"\" width=\"170\" height=\"241\" srcset=\"https:\/\/www.radiopiu.net\/wordpress\/wp-content\/uploads\/2025\/03\/d1c40d7e-c6d5-42f7-ac6a-e56a05a28dcb-212x300.jpg 212w, https:\/\/www.radiopiu.net\/wordpress\/wp-content\/uploads\/2025\/03\/d1c40d7e-c6d5-42f7-ac6a-e56a05a28dcb-724x1024.jpg 724w, https:\/\/www.radiopiu.net\/wordpress\/wp-content\/uploads\/2025\/03\/d1c40d7e-c6d5-42f7-ac6a-e56a05a28dcb-768x1086.jpg 768w, https:\/\/www.radiopiu.net\/wordpress\/wp-content\/uploads\/2025\/03\/d1c40d7e-c6d5-42f7-ac6a-e56a05a28dcb-1086x1536.jpg 1086w, https:\/\/www.radiopiu.net\/wordpress\/wp-content\/uploads\/2025\/03\/d1c40d7e-c6d5-42f7-ac6a-e56a05a28dcb.jpg 1131w\" sizes=\"auto, (max-width: 170px) 100vw, 170px\" \/><\/a>VOLTAGO <\/strong><\/p>\n<p>DI GIANNI SANTOMASO<\/p>\n<audio class=\"wp-audio-shortcode\" id=\"audio-441856-14\" preload=\"none\" style=\"width: 100%;\" controls=\"controls\"><source type=\"audio\/mpeg\" src=\"https:\/\/www.radiopiu.net\/wordpress\/wp-content\/uploads\/2025\/03\/GIANNI-LIBRO-MIGRANTI-VOLTAGO.mp3?_=14\" \/><a href=\"https:\/\/www.radiopiu.net\/wordpress\/wp-content\/uploads\/2025\/03\/GIANNI-LIBRO-MIGRANTI-VOLTAGO.mp3\">https:\/\/www.radiopiu.net\/wordpress\/wp-content\/uploads\/2025\/03\/GIANNI-LIBRO-MIGRANTI-VOLTAGO.mp3<\/a><\/audio>\n<p>&nbsp;<\/p>\n<blockquote><p>&nbsp;<\/p><\/blockquote>\n<hr \/>\n<p>&nbsp;<\/p>\n<blockquote>\n<h3>ULTIMO APPUNTAMENTO A PAIANE CON IL CIRCOLO CULTURA E STAMPA BELLUNESE<\/h3>\n<\/blockquote>\n<p><strong>PONTE NELLE ALPI <\/strong>Il Circolo conclude la Seconda Stagione al Teatro G.Pierobon di Paiane con uno spettacolo scritto dall\u2019immenso Giorgio Gaber ed interpretato dal famoso ed apprezzatissimo attore Fabio Troiano: sabato 5 aprile alle 20.45 andr\u00e0 in scena \u201cIl Dio Bambino\u201d, grazie alla regia di Giorgio Gallione.<\/p>\n<p>&nbsp;<\/p>\n<p>&nbsp;<\/p>\n<p>&nbsp;<\/p>\n<hr \/>\n<p>&nbsp;<\/p>\n<h1><span style=\"color: #ff6600;\">IERI ALLA RADIO\u00a0<\/span><\/h1>\n<h2><span style=\"color: #99cc00;\">&#8220;DINTORN E FORA VIA&#8221;\u00a0 IL PROGRAMMA\u00a0 A CURA DEL MUSLA<\/span><\/h2>\n<p><strong><a class=\"dt-pswp-item\" href=\"https:\/\/www.radiopiu.net\/wordpress\/wp-content\/uploads\/2024\/04\/file-1.jpg\" data-dt-img-description=\"\" data-large_image_width=\"640\" data-large_image_height=\"640\"><img loading=\"lazy\" decoding=\"async\" class=\"wp-image-387869 alignleft\" src=\"https:\/\/www.radiopiu.net\/wordpress\/wp-content\/uploads\/2024\/04\/file-1-300x300.jpg\" alt=\"\" width=\"130\" height=\"130\" srcset=\"https:\/\/www.radiopiu.net\/wordpress\/wp-content\/uploads\/2024\/04\/file-1-300x300.jpg 300w, https:\/\/www.radiopiu.net\/wordpress\/wp-content\/uploads\/2024\/04\/file-1-150x150.jpg 150w, https:\/\/www.radiopiu.net\/wordpress\/wp-content\/uploads\/2024\/04\/file-1.jpg 640w\" sizes=\"auto, (max-width: 130px) 100vw, 130px\" \/><\/a>PUNTATA DEL 28 MARZO 2025 ELEONORA TROI<\/strong><\/p>\n<audio class=\"wp-audio-shortcode\" id=\"audio-441856-15\" preload=\"none\" style=\"width: 100%;\" controls=\"controls\"><source type=\"audio\/mpeg\" src=\"https:\/\/www.radiopiu.net\/wordpress\/wp-content\/uploads\/2025\/03\/MUSLA-7.mp3?_=15\" \/><a href=\"https:\/\/www.radiopiu.net\/wordpress\/wp-content\/uploads\/2025\/03\/MUSLA-7.mp3\">https:\/\/www.radiopiu.net\/wordpress\/wp-content\/uploads\/2025\/03\/MUSLA-7.mp3<\/a><\/audio>\n<p>&nbsp;<\/p>\n<p><strong>LA RACCOLTA COMPLETA <a href=\"https:\/\/www.radiopiu.net\/wordpress\/musla\/\"><span style=\"color: #3366ff;\">CLICCA QUI<\/span><\/a><\/strong><\/p>\n<p>&nbsp;<\/p>\n<hr \/>\n<p>&nbsp;<\/p>\n<h2><span style=\"color: #ff00ff;\">TORNA LA VECIA POPA AD AGORDO<\/span><\/h2>\n<p><strong><a class=\"dt-pswp-item\" href=\"https:\/\/www.radiopiu.net\/wordpress\/wp-content\/uploads\/2022\/03\/vecia-popa.jpg\" data-dt-img-description=\"\" data-large_image_width=\"2048\" data-large_image_height=\"1360\"><img loading=\"lazy\" decoding=\"async\" class=\" wp-image-263290 alignleft\" src=\"https:\/\/www.radiopiu.net\/wordpress\/wp-content\/uploads\/2022\/03\/vecia-popa-300x199.jpg\" alt=\"\" width=\"187\" height=\"124\" srcset=\"https:\/\/www.radiopiu.net\/wordpress\/wp-content\/uploads\/2022\/03\/vecia-popa-300x199.jpg 300w, https:\/\/www.radiopiu.net\/wordpress\/wp-content\/uploads\/2022\/03\/vecia-popa-1024x680.jpg 1024w, https:\/\/www.radiopiu.net\/wordpress\/wp-content\/uploads\/2022\/03\/vecia-popa-768x510.jpg 768w, https:\/\/www.radiopiu.net\/wordpress\/wp-content\/uploads\/2022\/03\/vecia-popa-1536x1020.jpg 1536w, https:\/\/www.radiopiu.net\/wordpress\/wp-content\/uploads\/2022\/03\/vecia-popa.jpg 2048w\" sizes=\"auto, (max-width: 187px) 100vw, 187px\" \/><\/a>DI MARCO GAZ<\/strong><\/p>\n<p>OSPITI: Valentina De Nardin e Thomas Manfroi<\/p>\n<audio class=\"wp-audio-shortcode\" id=\"audio-441856-16\" preload=\"none\" style=\"width: 100%;\" controls=\"controls\"><source type=\"audio\/mpeg\" src=\"https:\/\/www.radiopiu.net\/wordpress\/wp-content\/uploads\/2025\/03\/VECIA-POPA-2025-THOMAS-E-VALENTINA.mp3?_=16\" \/><a href=\"https:\/\/www.radiopiu.net\/wordpress\/wp-content\/uploads\/2025\/03\/VECIA-POPA-2025-THOMAS-E-VALENTINA.mp3\">https:\/\/www.radiopiu.net\/wordpress\/wp-content\/uploads\/2025\/03\/VECIA-POPA-2025-THOMAS-E-VALENTINA.mp3<\/a><\/audio>\n<p>&nbsp;<\/p>\n<hr \/>\n<p>&nbsp;<\/p>\n<h2><span style=\"color: #cc99ff;\">MUSIC A B C, IL MONDO DELLA MUSICA UNA LETTERA ALLA VOLTA<\/span><\/h2>\n<p><span style=\"color: #ff0000;\"><strong><a class=\"dt-pswp-item\" href=\"https:\/\/www.radiopiu.net\/wordpress\/wp-content\/uploads\/2021\/07\/microfono-radio-ok-768x448-768x448-1.jpg\" data-dt-img-description=\"\" data-large_image_width=\"768\" data-large_image_height=\"448\"><img loading=\"lazy\" decoding=\"async\" class=\" wp-image-220632 alignleft\" src=\"https:\/\/www.radiopiu.net\/wordpress\/wp-content\/uploads\/2021\/07\/microfono-radio-ok-768x448-768x448-1-300x175.jpg\" alt=\"\" width=\"148\" height=\"86\" srcset=\"https:\/\/www.radiopiu.net\/wordpress\/wp-content\/uploads\/2021\/07\/microfono-radio-ok-768x448-768x448-1-300x175.jpg 300w, https:\/\/www.radiopiu.net\/wordpress\/wp-content\/uploads\/2021\/07\/microfono-radio-ok-768x448-768x448-1.jpg 768w\" sizes=\"auto, (max-width: 148px) 100vw, 148px\" \/><\/a>CON MARINA DONA&#8217; E DAVID &#8220;ATHOS&#8221; BEN<\/strong><\/span><\/p>\n<p><span style=\"color: #0000ff;\"><strong>PUNTATA DEL 28 MARZO 2025<\/strong><\/span><\/p>\n<p><strong>PRIMA PARTE<\/strong><\/p>\n<audio class=\"wp-audio-shortcode\" id=\"audio-441856-17\" preload=\"none\" style=\"width: 100%;\" controls=\"controls\"><source type=\"audio\/mpeg\" src=\"https:\/\/www.radiopiu.net\/wordpress\/wp-content\/uploads\/2025\/03\/GOLD1-2.mp3?_=17\" \/><a href=\"https:\/\/www.radiopiu.net\/wordpress\/wp-content\/uploads\/2025\/03\/GOLD1-2.mp3\">https:\/\/www.radiopiu.net\/wordpress\/wp-content\/uploads\/2025\/03\/GOLD1-2.mp3<\/a><\/audio>\n<p>&nbsp;<\/p>\n<p><strong>SECONDA PARTE<\/strong><\/p>\n<audio class=\"wp-audio-shortcode\" id=\"audio-441856-18\" preload=\"none\" style=\"width: 100%;\" controls=\"controls\"><source type=\"audio\/mpeg\" src=\"https:\/\/www.radiopiu.net\/wordpress\/wp-content\/uploads\/2025\/03\/GOLD2-2.mp3?_=18\" \/><a href=\"https:\/\/www.radiopiu.net\/wordpress\/wp-content\/uploads\/2025\/03\/GOLD2-2.mp3\">https:\/\/www.radiopiu.net\/wordpress\/wp-content\/uploads\/2025\/03\/GOLD2-2.mp3<\/a><\/audio>\n<p>&nbsp;<\/p>\n<p><strong>TERZA PARTE<\/strong><\/p>\n<audio class=\"wp-audio-shortcode\" id=\"audio-441856-19\" preload=\"none\" style=\"width: 100%;\" controls=\"controls\"><source type=\"audio\/mpeg\" src=\"https:\/\/www.radiopiu.net\/wordpress\/wp-content\/uploads\/2025\/03\/GOLD3-2.mp3?_=19\" \/><a href=\"https:\/\/www.radiopiu.net\/wordpress\/wp-content\/uploads\/2025\/03\/GOLD3-2.mp3\">https:\/\/www.radiopiu.net\/wordpress\/wp-content\/uploads\/2025\/03\/GOLD3-2.mp3<\/a><\/audio>\n<p>&nbsp;<\/p>\n<p><strong>LA RACCOLTA COMPLETA <a href=\"https:\/\/www.radiopiu.net\/wordpress\/music-a-b-c-il-mondo-della-musica-una-lettera-alla-volta-la-raccolta\/\"><span style=\"color: #3366ff;\">CLICCA QUI<\/span><\/a><\/strong><\/p>\n<p>&nbsp;<\/p>\n<hr \/>\n<p>&nbsp;<\/p>\n<h2><span style=\"color: #ff0000;\"><a class=\"dt-pswp-item\" href=\"https:\/\/www.radiopiu.net\/wordpress\/wp-content\/uploads\/2018\/09\/appuntamenti.jpeg\" data-dt-img-description=\"\" data-large_image_width=\"800\" data-large_image_height=\"100\"><img loading=\"lazy\" decoding=\"async\" class=\"wp-image-61958 size-full aligncenter\" src=\"https:\/\/www.radiopiu.net\/wordpress\/wp-content\/uploads\/2018\/09\/appuntamenti.jpeg\" alt=\"\" width=\"800\" height=\"100\" srcset=\"https:\/\/www.radiopiu.net\/wordpress\/wp-content\/uploads\/2018\/09\/appuntamenti.jpeg 800w, https:\/\/www.radiopiu.net\/wordpress\/wp-content\/uploads\/2018\/09\/appuntamenti-300x38.jpeg 300w, https:\/\/www.radiopiu.net\/wordpress\/wp-content\/uploads\/2018\/09\/appuntamenti-768x96.jpeg 768w\" sizes=\"auto, (max-width: 800px) 100vw, 800px\" \/><\/a><\/span><\/h2>\n<p>&nbsp;<\/p>\n<div>\n<div class=\"\" dir=\"auto\">\n<div id=\":r9h:\" class=\"x1iorvi4 x1pi30zi x1l90r2v x1swvt13\" data-ad-comet-preview=\"message\" data-ad-preview=\"message\">\n<div class=\"\" dir=\"auto\">\n<div id=\":r9h:\" class=\"x1iorvi4 x1pi30zi x1l90r2v x1swvt13\" data-ad-comet-preview=\"message\" data-ad-preview=\"message\">\n<div class=\"\" dir=\"auto\">\n<div id=\":r9h:\" class=\"x1iorvi4 x1pi30zi x1l90r2v x1swvt13\" data-ad-comet-preview=\"message\" data-ad-preview=\"message\">\n<div class=\"\" dir=\"auto\">\n<div id=\":r9h:\" class=\"x1iorvi4 x1pi30zi x1l90r2v x1swvt13\" data-ad-comet-preview=\"message\" data-ad-preview=\"message\">\n<div>\n<div class=\"\" dir=\"auto\">\n<div id=\":r9h:\" class=\"x1iorvi4 x1pi30zi x1l90r2v x1swvt13\" data-ad-comet-preview=\"message\" data-ad-preview=\"message\">\n<div>\n<div class=\"\" dir=\"auto\">\n<div id=\":r9h:\" class=\"x1iorvi4 x1pi30zi x1l90r2v x1swvt13\" data-ad-comet-preview=\"message\" data-ad-preview=\"message\">\n<div class=\"xdj266r x11i5rnm xat24cr x1mh8g0r x1vvkbs x126k92a\">\n<div dir=\"auto\"><\/div>\n<\/div>\n<div>\n<div class=\"\" dir=\"auto\">\n<div id=\":r9h:\" class=\"x1iorvi4 x1pi30zi x1l90r2v x1swvt13\" data-ad-comet-preview=\"message\" data-ad-preview=\"message\">\n<div>\n<div class=\"\" dir=\"auto\">\n<div id=\":r9h:\" class=\"x1iorvi4 x1pi30zi x1l90r2v x1swvt13\" data-ad-comet-preview=\"message\" data-ad-preview=\"message\">\n\n\t\t\t<style type='text\/css'>\n\t\t\t\t#gallery-5 {\n\t\t\t\t\tmargin: auto;\n\t\t\t\t}\n\t\t\t\t#gallery-5 .gallery-item {\n\t\t\t\t\tfloat: left;\n\t\t\t\t\tmargin-top: 10px;\n\t\t\t\t\ttext-align: center;\n\t\t\t\t\twidth: 25%;\n\t\t\t\t}\n\t\t\t\t#gallery-5 img {\n\t\t\t\t\tborder: 2px solid #cfcfcf;\n\t\t\t\t}\n\t\t\t\t#gallery-5 .gallery-caption {\n\t\t\t\t\tmargin-left: 0;\n\t\t\t\t}\n\t\t\t\t\/* see gallery_shortcode() in wp-includes\/media.php *\/\n\t\t\t<\/style>\n\t\t<div id='gallery-5' class='dt-gallery-container gallery galleryid-441856 gallery-columns-4 gallery-size-thumbnail'><dl class='gallery-item'>\n\t\t\t\t<dt class='gallery-icon portrait'>\n\t\t\t\t\t<a class=\"rollover rollover-zoom dt-pswp-item\" title=\"Marzo (1)\" data-dt-img-description=\"\" data-large_image_width=\"841\" data-large_image_height=\"1190\"href='https:\/\/www.radiopiu.net\/wordpress\/wp-content\/uploads\/2025\/02\/Marzo-1.jpg'><img loading=\"lazy\" decoding=\"async\" width=\"150\" height=\"150\" src=\"https:\/\/www.radiopiu.net\/wordpress\/wp-content\/uploads\/2025\/02\/Marzo-1-150x150.jpg\" class=\"attachment-thumbnail size-thumbnail\" alt=\"\" \/><\/a>\n\t\t\t\t<\/dt><\/dl><dl class='gallery-item'>\n\t\t\t\t<dt class='gallery-icon portrait'>\n\t\t\t\t\t<a class=\"rollover rollover-zoom dt-pswp-item\" title=\"Senza nome\" data-dt-img-description=\"\" data-large_image_width=\"569\" data-large_image_height=\"801\"href='https:\/\/www.radiopiu.net\/wordpress\/wp-content\/uploads\/2025\/02\/Senza-nome-23.png'><img loading=\"lazy\" decoding=\"async\" width=\"150\" height=\"150\" src=\"https:\/\/www.radiopiu.net\/wordpress\/wp-content\/uploads\/2025\/02\/Senza-nome-23-150x150.png\" class=\"attachment-thumbnail size-thumbnail\" alt=\"\" \/><\/a>\n\t\t\t\t<\/dt><\/dl><dl class='gallery-item'>\n\t\t\t\t<dt class='gallery-icon portrait'>\n\t\t\t\t\t<a class=\"rollover rollover-zoom dt-pswp-item\" title=\"ba76e127-707c-4a8a-a6ac-6ab71e879690\" data-dt-img-description=\"\" data-large_image_width=\"500\" data-large_image_height=\"696\"href='https:\/\/www.radiopiu.net\/wordpress\/wp-content\/uploads\/2025\/03\/ba76e127-707c-4a8a-a6ac-6ab71e879690.jpg'><img loading=\"lazy\" decoding=\"async\" width=\"150\" height=\"150\" src=\"https:\/\/www.radiopiu.net\/wordpress\/wp-content\/uploads\/2025\/03\/ba76e127-707c-4a8a-a6ac-6ab71e879690-150x150.jpg\" class=\"attachment-thumbnail size-thumbnail\" alt=\"\" aria-describedby=\"gallery-5-437826\" \/><\/a>\n\t\t\t\t<\/dt>\n\t\t\t\t\t<dd class='wp-caption-text gallery-caption' id='gallery-5-437826'>\n\t\t\t\t\tPOSTICIPATO AL 6 APRILE\n\t\t\t\t\t<\/dd><\/dl><dl class='gallery-item'>\n\t\t\t\t<dt class='gallery-icon portrait'>\n\t\t\t\t\t<a class=\"rollover rollover-zoom dt-pswp-item\" title=\"86913bf1-cfa4-493b-8e26-1aa10ea03f0b\" data-dt-img-description=\"\" data-large_image_width=\"1638\" data-large_image_height=\"2048\"href='https:\/\/www.radiopiu.net\/wordpress\/wp-content\/uploads\/2025\/03\/86913bf1-cfa4-493b-8e26-1aa10ea03f0b.jpg'><img loading=\"lazy\" decoding=\"async\" width=\"150\" height=\"150\" src=\"https:\/\/www.radiopiu.net\/wordpress\/wp-content\/uploads\/2025\/03\/86913bf1-cfa4-493b-8e26-1aa10ea03f0b-150x150.jpg\" class=\"attachment-thumbnail size-thumbnail\" alt=\"\" \/><\/a>\n\t\t\t\t<\/dt><\/dl><br style=\"clear: both\" \/><dl class='gallery-item'>\n\t\t\t\t<dt class='gallery-icon portrait'>\n\t\t\t\t\t<a class=\"rollover rollover-zoom dt-pswp-item\" title=\"wnEWMSHDfvy6\" data-dt-img-description=\"\" data-large_image_width=\"962\" data-large_image_height=\"1328\"href='https:\/\/www.radiopiu.net\/wordpress\/wp-content\/uploads\/2025\/03\/wnEWMSHDfvy6.jpg'><img loading=\"lazy\" decoding=\"async\" width=\"150\" height=\"150\" src=\"https:\/\/www.radiopiu.net\/wordpress\/wp-content\/uploads\/2025\/03\/wnEWMSHDfvy6-150x150.jpg\" class=\"attachment-thumbnail size-thumbnail\" alt=\"\" \/><\/a>\n\t\t\t\t<\/dt><\/dl><dl class='gallery-item'>\n\t\t\t\t<dt class='gallery-icon portrait'>\n\t\t\t\t\t<a class=\"rollover rollover-zoom dt-pswp-item\" title=\"Locandina posturale primavera 2025\" data-dt-img-description=\"\" data-large_image_width=\"1132\" data-large_image_height=\"1600\"href='https:\/\/www.radiopiu.net\/wordpress\/wp-content\/uploads\/2025\/03\/Locandina-posturale-primavera-2025.jpeg'><img loading=\"lazy\" decoding=\"async\" width=\"150\" height=\"150\" src=\"https:\/\/www.radiopiu.net\/wordpress\/wp-content\/uploads\/2025\/03\/Locandina-posturale-primavera-2025-150x150.jpeg\" class=\"attachment-thumbnail size-thumbnail\" alt=\"\" \/><\/a>\n\t\t\t\t<\/dt><\/dl><dl class='gallery-item'>\n\t\t\t\t<dt class='gallery-icon landscape'>\n\t\t\t\t\t<a class=\"rollover rollover-zoom dt-pswp-item\" title=\"Lions.A.D.1\" data-dt-img-description=\"\" data-large_image_width=\"1170\" data-large_image_height=\"759\"href='https:\/\/www.radiopiu.net\/wordpress\/wp-content\/uploads\/2025\/03\/Lions.A.D.1.jpg'><img loading=\"lazy\" decoding=\"async\" width=\"150\" height=\"150\" src=\"https:\/\/www.radiopiu.net\/wordpress\/wp-content\/uploads\/2025\/03\/Lions.A.D.1-150x150.jpg\" class=\"attachment-thumbnail size-thumbnail\" alt=\"\" \/><\/a>\n\t\t\t\t<\/dt><\/dl><dl class='gallery-item'>\n\t\t\t\t<dt class='gallery-icon portrait'>\n\t\t\t\t\t<a class=\"rollover rollover-zoom dt-pswp-item\" title=\"d1c40d7e-c6d5-42f7-ac6a-e56a05a28dcb\" data-dt-img-description=\"\" data-large_image_width=\"1131\" data-large_image_height=\"1600\"href='https:\/\/www.radiopiu.net\/wordpress\/wp-content\/uploads\/2025\/03\/d1c40d7e-c6d5-42f7-ac6a-e56a05a28dcb.jpg'><img loading=\"lazy\" decoding=\"async\" width=\"150\" height=\"150\" src=\"https:\/\/www.radiopiu.net\/wordpress\/wp-content\/uploads\/2025\/03\/d1c40d7e-c6d5-42f7-ac6a-e56a05a28dcb-150x150.jpg\" class=\"attachment-thumbnail size-thumbnail\" alt=\"\" \/><\/a>\n\t\t\t\t<\/dt><\/dl><br style=\"clear: both\" \/><dl class='gallery-item'>\n\t\t\t\t<dt class='gallery-icon portrait'>\n\t\t\t\t\t<a class=\"rollover rollover-zoom dt-pswp-item\" title=\"Unknown\" data-dt-img-description=\"\" data-large_image_width=\"1080\" data-large_image_height=\"1494\"href='https:\/\/www.radiopiu.net\/wordpress\/wp-content\/uploads\/2025\/03\/Unknown-2.jpeg'><img loading=\"lazy\" decoding=\"async\" width=\"150\" height=\"150\" src=\"https:\/\/www.radiopiu.net\/wordpress\/wp-content\/uploads\/2025\/03\/Unknown-2-150x150.jpeg\" class=\"attachment-thumbnail size-thumbnail\" alt=\"\" \/><\/a>\n\t\t\t\t<\/dt><\/dl><dl class='gallery-item'>\n\t\t\t\t<dt class='gallery-icon landscape'>\n\t\t\t\t\t<a class=\"rollover rollover-zoom dt-pswp-item\" title=\"Unknown\" data-dt-img-description=\"\" data-large_image_width=\"2048\" data-large_image_height=\"1431\"href='https:\/\/www.radiopiu.net\/wordpress\/wp-content\/uploads\/2025\/03\/Unknown-18.jpeg'><img loading=\"lazy\" decoding=\"async\" width=\"150\" height=\"150\" src=\"https:\/\/www.radiopiu.net\/wordpress\/wp-content\/uploads\/2025\/03\/Unknown-18-150x150.jpeg\" class=\"attachment-thumbnail size-thumbnail\" alt=\"\" \/><\/a>\n\t\t\t\t<\/dt><\/dl><dl class='gallery-item'>\n\t\t\t\t<dt class='gallery-icon portrait'>\n\t\t\t\t\t<a class=\"rollover rollover-zoom dt-pswp-item\" title=\"2025.03.27 Si fa presto a dire spia\" data-dt-img-description=\"\" data-large_image_width=\"1414\" data-large_image_height=\"2000\"href='https:\/\/www.radiopiu.net\/wordpress\/wp-content\/uploads\/2025\/03\/2025.03.27-Si-fa-presto-a-dire-spia.png'><img loading=\"lazy\" decoding=\"async\" width=\"150\" height=\"150\" src=\"https:\/\/www.radiopiu.net\/wordpress\/wp-content\/uploads\/2025\/03\/2025.03.27-Si-fa-presto-a-dire-spia-150x150.png\" class=\"attachment-thumbnail size-thumbnail\" alt=\"\" \/><\/a>\n\t\t\t\t<\/dt><\/dl><dl class='gallery-item'>\n\t\t\t\t<dt class='gallery-icon portrait'>\n\t\t\t\t\t<a class=\"rollover rollover-zoom dt-pswp-item\" title=\"Locandina Gardaland 19.05.2025\" data-dt-img-description=\"\" data-large_image_width=\"1131\" data-large_image_height=\"1600\"href='https:\/\/www.radiopiu.net\/wordpress\/wp-content\/uploads\/2025\/03\/Locandina-Gardaland-19.05.2025.jpeg'><img loading=\"lazy\" decoding=\"async\" width=\"150\" height=\"150\" src=\"https:\/\/www.radiopiu.net\/wordpress\/wp-content\/uploads\/2025\/03\/Locandina-Gardaland-19.05.2025-150x150.jpeg\" class=\"attachment-thumbnail size-thumbnail\" alt=\"\" \/><\/a>\n\t\t\t\t<\/dt><\/dl><br style=\"clear: both\" \/>\n\t\t\t<\/div>\n\n<p>&nbsp;<\/p>\n<hr \/>\n<\/div>\n<\/div>\n<\/div>\n<\/div>\n<\/div>\n<\/div>\n<\/div>\n<\/div>\n<\/div>\n<\/div>\n<\/div>\n<\/div>\n<div class=\"articlePlainSubHead\"><\/div>\n<blockquote>\n<h1 class=\"articlePlainTitle\">Piani di Pezz\u00e8 domenica c&#8217;\u00e8 l&#8217;atteso Splash party<a class=\"dt-pswp-item\" href=\"https:\/\/www.radiopiu.net\/wordpress\/wp-content\/uploads\/2025\/03\/download-14.jpg\" data-dt-img-description=\"\" data-large_image_width=\"266\" data-large_image_height=\"190\"><img loading=\"lazy\" decoding=\"async\" class=\"size-full wp-image-441438 alignleft\" src=\"https:\/\/www.radiopiu.net\/wordpress\/wp-content\/uploads\/2025\/03\/download-14.jpg\" alt=\"\" width=\"266\" height=\"190\" \/><\/a><\/h1>\n<\/blockquote>\n<div class=\"articlePlainText\">\n<p><strong>ALLEGHE<\/strong>\u00a0 Torna domani l&#8217;atteso evento per la chiusura della stagione invernale ai Piani di Pezz\u00e8: lo Splash party, la pazza discesa sulla neve di bolidi improvvisati che si conclude con un tuffo nella piscina allestita in fondo alla pista. Un evento ormai diventato un classico: una piscina lunga 30 metri colma di acqua gelida pronta ad accogliere temerari sciatori e creatori di mezzi autocostruiti che tenteranno l&#8217;attraversamento pi\u00f9 epico dell&#8217;anno. E come ospiti speciali ci saranno i DJs From Mars con la loro musica. La festa di Alleghe Funivie aprir\u00e0 i battenti domenica alle 9,30, quindi alle 10,30 ci sar\u00e0 l&#8217;apertura della piscina. Dalle 11 animazione con Radio Piterpan con Sister Gloria, Chiarola, Edo e Andrea Nordio. Alle 13 si scatener\u00e0 la discesa dei mezzi improvvisati, seguita dalla musica dei DJs From Mars. Premiazioni alle 17 e quindi after party con Drj e Dj Jack. L&#8217;ultima discesa della cabinovia \u00e8 alle 19. Info e prenotazioni: eventi@alleghefunivie.com. \u2014<\/p>\n<\/div>\n<\/div>\n<\/div>\n<\/div>\n<\/div>\n<\/div>\n<\/div>\n<\/div>\n<\/div>\n<\/div>\n<hr \/>\n<p>&nbsp;<\/p>\n<blockquote>\n<h3>DESTROY THE WINTER, IL PARTY DI FINE STAGIONE A CIAMPAC<\/h3>\n<\/blockquote>\n<p><strong>DI MATTIA VALENTINI<\/strong><\/p>\n<p>Proseguono i preparativi del DESTROY THE WINTER, la Festa di fine stagione al Ciampac\u00a0 Domenica 30 marzo a partire dalle 10.00 musica, sport e divertimento saranno protagonisti nella splendida conca del Ciampac ad Alba di Canazei. Si rinnova la collaborazione tra Funivia Ciampac e la Cooperativa Sociale INOUT per l\u2019organizzazione dell\u2019evento che segna la chiusura della stagione invernale 24\/25 L\u2019anno scorso \u00e8 stato Matty Valentino ad infiammare il palco, per l\u2019edizione 2025 ci penseranno il dj e lo staff del noto Apres Ski Paradis di Canazei e poi spazio agli special guest, di fama internazionale, i dj Da Brozz! In programma anche un torneo di pallavolo sulla neve, con gi\u00e0 16 squadre iscritte.<\/p>\n<audio class=\"wp-audio-shortcode\" id=\"audio-441856-20\" preload=\"none\" style=\"width: 100%;\" controls=\"controls\"><source type=\"audio\/mpeg\" src=\"https:\/\/www.radiopiu.net\/wordpress\/wp-content\/uploads\/2025\/03\/Destroy-The-Winter-2025.mp3?_=20\" \/><a href=\"https:\/\/www.radiopiu.net\/wordpress\/wp-content\/uploads\/2025\/03\/Destroy-The-Winter-2025.mp3\">https:\/\/www.radiopiu.net\/wordpress\/wp-content\/uploads\/2025\/03\/Destroy-The-Winter-2025.mp3<\/a><\/audio>\n<p>&nbsp;<\/p>\n\n\t\t\t<style type='text\/css'>\n\t\t\t\t#gallery-6 {\n\t\t\t\t\tmargin: auto;\n\t\t\t\t}\n\t\t\t\t#gallery-6 .gallery-item {\n\t\t\t\t\tfloat: left;\n\t\t\t\t\tmargin-top: 10px;\n\t\t\t\t\ttext-align: center;\n\t\t\t\t\twidth: 50%;\n\t\t\t\t}\n\t\t\t\t#gallery-6 img {\n\t\t\t\t\tborder: 2px solid #cfcfcf;\n\t\t\t\t}\n\t\t\t\t#gallery-6 .gallery-caption {\n\t\t\t\t\tmargin-left: 0;\n\t\t\t\t}\n\t\t\t\t\/* see gallery_shortcode() in wp-includes\/media.php *\/\n\t\t\t<\/style>\n\t\t<div id='gallery-6' class='dt-gallery-container gallery galleryid-441856 gallery-columns-2 gallery-size-medium'><dl class='gallery-item'>\n\t\t\t\t<dt class='gallery-icon portrait'>\n\t\t\t\t\t<a class=\"rollover rollover-zoom dt-pswp-item\" title=\"Locandina destroy 2025\" data-dt-img-description=\"\" data-large_image_width=\"512\" data-large_image_height=\"640\"href='https:\/\/www.radiopiu.net\/wordpress\/wp-content\/uploads\/2025\/03\/Locandina-destroy-2025.jpg'><img loading=\"lazy\" decoding=\"async\" width=\"240\" height=\"300\" src=\"https:\/\/www.radiopiu.net\/wordpress\/wp-content\/uploads\/2025\/03\/Locandina-destroy-2025-240x300.jpg\" class=\"attachment-medium size-medium\" alt=\"\" srcset=\"https:\/\/www.radiopiu.net\/wordpress\/wp-content\/uploads\/2025\/03\/Locandina-destroy-2025-240x300.jpg 240w, https:\/\/www.radiopiu.net\/wordpress\/wp-content\/uploads\/2025\/03\/Locandina-destroy-2025.jpg 512w\" sizes=\"auto, (max-width: 240px) 100vw, 240px\" \/><\/a>\n\t\t\t\t<\/dt><\/dl><dl class='gallery-item'>\n\t\t\t\t<dt class='gallery-icon landscape'>\n\t\t\t\t\t<a class=\"rollover rollover-zoom dt-pswp-item\" title=\"Destroy The Winter - 2025 pallavolo\" data-dt-img-description=\"\" data-large_image_width=\"2048\" data-large_image_height=\"1367\"href='https:\/\/www.radiopiu.net\/wordpress\/wp-content\/uploads\/2025\/03\/Destroy-The-Winter-2025-pallavolo.jpg'><img loading=\"lazy\" decoding=\"async\" width=\"300\" height=\"200\" src=\"https:\/\/www.radiopiu.net\/wordpress\/wp-content\/uploads\/2025\/03\/Destroy-The-Winter-2025-pallavolo-300x200.jpg\" class=\"attachment-medium size-medium\" alt=\"\" srcset=\"https:\/\/www.radiopiu.net\/wordpress\/wp-content\/uploads\/2025\/03\/Destroy-The-Winter-2025-pallavolo-300x200.jpg 300w, https:\/\/www.radiopiu.net\/wordpress\/wp-content\/uploads\/2025\/03\/Destroy-The-Winter-2025-pallavolo-1024x684.jpg 1024w, https:\/\/www.radiopiu.net\/wordpress\/wp-content\/uploads\/2025\/03\/Destroy-The-Winter-2025-pallavolo-768x513.jpg 768w, https:\/\/www.radiopiu.net\/wordpress\/wp-content\/uploads\/2025\/03\/Destroy-The-Winter-2025-pallavolo-1536x1025.jpg 1536w, https:\/\/www.radiopiu.net\/wordpress\/wp-content\/uploads\/2025\/03\/Destroy-The-Winter-2025-pallavolo.jpg 2048w\" sizes=\"auto, (max-width: 300px) 100vw, 300px\" \/><\/a>\n\t\t\t\t<\/dt><\/dl><br style=\"clear: both\" \/>\n\t\t\t<\/div>\n\n<p>&nbsp;<\/p>\n<hr \/>\n<p>&nbsp;<\/p>\n<p class=\"mceTemp\"><a class=\"dt-pswp-item\" href=\"https:\/\/www.radiopiu.net\/wordpress\/wp-content\/uploads\/2018\/09\/WhatsApp-Image-2018-09-20-at-16.04.06.jpeg\" data-dt-img-description=\"\" data-large_image_width=\"800\" data-large_image_height=\"100\"><img loading=\"lazy\" decoding=\"async\" class=\"wp-image-61378 size-full aligncenter\" src=\"https:\/\/www.radiopiu.net\/wordpress\/wp-content\/uploads\/2018\/09\/WhatsApp-Image-2018-09-20-at-16.04.06.jpeg\" alt=\"\" width=\"800\" height=\"100\" srcset=\"https:\/\/www.radiopiu.net\/wordpress\/wp-content\/uploads\/2018\/09\/WhatsApp-Image-2018-09-20-at-16.04.06.jpeg 800w, https:\/\/www.radiopiu.net\/wordpress\/wp-content\/uploads\/2018\/09\/WhatsApp-Image-2018-09-20-at-16.04.06-300x38.jpeg 300w, https:\/\/www.radiopiu.net\/wordpress\/wp-content\/uploads\/2018\/09\/WhatsApp-Image-2018-09-20-at-16.04.06-768x96.jpeg 768w\" sizes=\"auto, (max-width: 800px) 100vw, 800px\" \/><\/a><\/p>\n<p><center><\/center><center><\/center>&nbsp;<\/p>\n<p><center><b>OGGI<\/b><\/center>Cielo per lo pi\u00f9 nuvoloso o molto nuvoloso con qualche irregolare e breve schiarita verso sera su Dolomiti.<br \/>\n<b>Precipitazioni: <\/b>Tra notte e mattino probabili deboli diffuse, nevose oltre i 1700-1900 m, al primo mattino localmente e a tratti un p\u00f2 pi\u00f9 in basso su Dolomiti. Nel pomeriggio su Dolomiti probabilit\u00e0 in calo di qualche goccia qua e l\u00e0 e qualche fiocco sulle cime, su Prealpi probabilit\u00e0 medio\/alta fino a sera sempre deboli e discontinue, con qualche piovasco\/rovescio non escluso. Dalla sera tendenza ad esaurimento dei fenomeni ovunque.<br \/>\n<b>Temperature: <\/b>Temperature in calo specie le massime.<\/p>\n<hr \/>\n<p><center><b>DOMANI<\/b><\/center>Nella notte e fino al mattino nuvolosit\u00e0 irregolare anche estesa con tendenza a schiarite via via pi\u00f9 ampie dal mezzogiorno fino a poco nuvoloso, su Dolomiti nord annuvolamenti irregolari fino a sera.<br \/>\n<b>Precipitazioni: <\/b>Assenti<br \/>\n<b>Temperature: <\/b>Temperature massime in aumento.<\/p>\n<hr \/>\n<p><center><b>LUNEDI<\/b><\/center>Su Dolomiti nuvolosit\u00e0 irregolare a tratti estesa specie a nord. Su Prealpi sereno o poco nuvoloso con ottima visibilit\u00e0 Temperature in generale calo.<\/p>\n<hr \/>\n<p><center><b>MARTEDI<\/b><\/center>Sereno su Dolomiti, da poco a parzialmente nuvoloso su Prealpi. Temperature massime in aumento.<\/p>\n<p>&nbsp;<\/p>\n<hr \/>\n<p>&nbsp;<\/p>\n<p class=\"mceTemp\"><a class=\"dt-pswp-item\" href=\"https:\/\/www.radiopiu.net\/wordpress\/wp-content\/uploads\/2018\/09\/sport.jpg\" data-dt-img-description=\"\" data-large_image_width=\"800\" data-large_image_height=\"100\"><img loading=\"lazy\" decoding=\"async\" class=\"aligncenter wp-image-60761 size-full\" src=\"https:\/\/www.radiopiu.net\/wordpress\/wp-content\/uploads\/2018\/09\/sport.jpg\" alt=\"\" width=\"800\" height=\"100\" srcset=\"https:\/\/www.radiopiu.net\/wordpress\/wp-content\/uploads\/2018\/09\/sport.jpg 800w, https:\/\/www.radiopiu.net\/wordpress\/wp-content\/uploads\/2018\/09\/sport-300x38.jpg 300w, https:\/\/www.radiopiu.net\/wordpress\/wp-content\/uploads\/2018\/09\/sport-768x96.jpg 768w\" sizes=\"auto, (max-width: 800px) 100vw, 800px\" \/> <\/a><\/p>\n<p class=\"mceTemp\"><span style=\"color: #0000ff;\"><strong>\u00a0 \u00a0 \u00a0 \u00a0 \u00a0<\/strong><\/span><\/p>\n<h3><span style=\"color: #0000ff;\"><strong>SCI NORDICO<\/strong><\/span><\/h3>\n<blockquote>\n<h3>CAGNATI FORTISSIMA IN COPPA A DOBBIACO<\/h3>\n<\/blockquote>\n<blockquote>\n<p class=\"\" data-start=\"46\" data-end=\"86\"><strong data-start=\"46\" data-end=\"84\"><img loading=\"lazy\" decoding=\"async\" class=\"alignleft\" src=\"https:\/\/www.radiopiu.net\/wordpress\/wp-content\/uploads\/2022\/03\/vanessa-cagnati-gen-2021.jpg\" width=\"249\" height=\"166\" \/>SCI DI FONDO \u2013 CAMPIONATI ITALIANI<\/strong><\/p>\n<\/blockquote>\n<p class=\"\" data-start=\"88\" data-end=\"374\"><strong>DOBBIACO<\/strong> \u2013 \u00c8 iniziato ieri il weekend dedicato ai Campionati Italiani di sci di fondo, che vedr\u00e0 la localit\u00e0 altoatesina protagonista fino a domani, ospitando anche la Coppa Italia Giovani. Un evento che ha richiamato quasi 350 atleti, tutti in gara per conquistare gli ambiti trofei. Subito una grande soddisfazione per i colori bellunesi: l\u2019agordina Vanessa Cagnati (Fiamme Gialle) ha dominato la sua gara, portando a casa un&#8217;importante vittoria. Ottima prestazione anche per Edoardo Trombetta (Ski College Veneto Falcade), che ha chiuso nella top 5 della sprint Under 18\u00a0 Le competizioni proseguiranno per tutto il fine settimana, con grande attesa per le prossime prove che vedranno ancora in pista i giovani talenti dello sci di fondo italiano.<\/p>\n<p>&nbsp;<\/p>\n<p>&nbsp;<\/p>\n<p><span style=\"color: #0000ff;\"><strong>CALCIO<\/strong><\/span><\/p>\n<blockquote>\n<h3>AGORDINA A PIENO REGIME NEL FINE SETTIMANA DEI CAMPIONATI LND<\/h3>\n<\/blockquote>\n<p><strong><a class=\"dt-pswp-item\" href=\"https:\/\/www.radiopiu.net\/wordpress\/wp-content\/uploads\/2023\/04\/calcio-rigore-2023.png\" data-dt-img-description=\"\" data-large_image_width=\"623\" data-large_image_height=\"402\"><img loading=\"lazy\" decoding=\"async\" class=\" wp-image-331419 alignleft\" src=\"https:\/\/www.radiopiu.net\/wordpress\/wp-content\/uploads\/2023\/04\/calcio-rigore-2023-300x194.png\" alt=\"\" width=\"196\" height=\"127\" srcset=\"https:\/\/www.radiopiu.net\/wordpress\/wp-content\/uploads\/2023\/04\/calcio-rigore-2023-300x194.png 300w, https:\/\/www.radiopiu.net\/wordpress\/wp-content\/uploads\/2023\/04\/calcio-rigore-2023.png 623w\" sizes=\"auto, (max-width: 196px) 100vw, 196px\" \/><\/a>DI MARCO GAZ<\/strong><\/p>\n<p><strong>REDAZIONE<\/strong> Continuano i fine settimana calcistici dell&#8217;Agordina che anche questa settimana \u00e8 in campo con le sue 5 squadre iscritte ai campionati provinciali della LND. Tra oggi e domani sono 5 le partite in programma. Ad aprire le danze ci penseranno i ragazzi della Juniores ed Esordienti. Alle 15 scenderanno in campo le due squadre degli Esordienti. La squadra A giocher\u00e0 all&#8217;Ivano Dorigo di Agordo contro il Cavarzano mentre la squadra B a Lentiai contro LG Valbelluna. Alle 18:30 sar\u00e0 il turno della Juniores che sul campo di Agordo giocher\u00e0 con la Plavis. Domani mattina alle 10 scenderanno in campo gli Allievi che dovranno affrontare una trasferta in terra cadorina per scontrarsi con il Cadore. Con il cambio dell&#8217;ora viene posticipato di un&#8217;ora il calcio d&#8217;inizio delle partite di Terza Categoria. Si giocher\u00e0 alle 15:30 e l&#8217;Agordina di Davare scender\u00e0 a Belluno per lo scontro con il Piave. Sul campo di Salce ci si aspetta una bella partita con il risultato che non \u00e8 scontato alla vigilia. Domani alle 20:30 su Radio Pi\u00f9 l&#8217;appuntamento con &#8220;Agordina In Prima Linea&#8221;, il contenitore calcistico della domenica sera dedicato al fine settimana dell&#8217;Agordina Calcio.<\/p>\n<p>&nbsp;<\/p>\n<p><span style=\"color: #0000ff;\"><strong>IMPRESE PARALIMPICHE<\/strong><\/span><\/p>\n<blockquote>\n<h3><a class=\"dt-pswp-item\" href=\"https:\/\/www.radiopiu.net\/wordpress\/wp-content\/uploads\/2025\/03\/PHOTO-2025-03-21-21-19-01-copia.jpeg\" data-dt-img-description=\"\" data-large_image_width=\"640\" data-large_image_height=\"288\"><img loading=\"lazy\" decoding=\"async\" class=\" wp-image-441921 alignleft\" src=\"https:\/\/www.radiopiu.net\/wordpress\/wp-content\/uploads\/2025\/03\/PHOTO-2025-03-21-21-19-01-copia-300x135.jpeg\" alt=\"\" width=\"224\" height=\"101\" srcset=\"https:\/\/www.radiopiu.net\/wordpress\/wp-content\/uploads\/2025\/03\/PHOTO-2025-03-21-21-19-01-copia-300x135.jpeg 300w, https:\/\/www.radiopiu.net\/wordpress\/wp-content\/uploads\/2025\/03\/PHOTO-2025-03-21-21-19-01-copia.jpeg 640w\" sizes=\"auto, (max-width: 224px) 100vw, 224px\" \/><\/a>MORENO PESCE NON SI FERMA MAI, SALITA ANCHE LA PISTA VITELLI DI CORTINA<\/h3>\n<\/blockquote>\n<p>L\u2019atleta paralimpico Moreno Pesce ha affrontato la storica pista Vitelli nella Ski Area Faloria, percorrendo una salita impegnativa senza impianti di risalita o rifugi. Partendo da Rio Gere, ha affrontato la sfida in una serata stellata, accompagnato dai Carabinieri, Alessandro Zesta e Barbara Zambelli. Pesce ha raggiunto il punto tra la pista Slittone e la Tondi di Faloria, vivendo un\u2019esperienza intensa e suggestiva. La sua determinazione lo spinge sempre verso nuove sfide, confermandolo come simbolo di resilienza e passione per la montagna.<\/p>\n<p>&nbsp;<\/p>\n<p>&nbsp;<\/p>\n<p>&nbsp;<\/p>\n","protected":false},"excerpt":{"rendered":"<p>****** &nbsp; &nbsp; LA\u00a0 APP PER IOS-IPHONE di Nicola Vettorello https:\/\/apps.apple.com\/it\/app\/radio-pi%C3%B9-emittente-agordina\/id1515939845 LA\u00a0 APP RADIO\u00a0 PER ANDROID di Nicola Vettorello https:\/\/play.google.com\/store\/apps\/details?id=net.radiopiu.iniko\u00a0\u00a0\u00a0\u00a0 &nbsp; &nbsp; OGGI \u00a0\u00a0 \u00a009.30\u00a0 PREMIER, LE NOVITA&#8217; MUSICALI DI MARCO GAZ 10.30\u00a0 LA RASSEGNA STAMPA DA L&#8217;AMICO DEL POPOLO, DI GIANNI SANTOMASO 11.00\u00a0 ELIA CASAGRANDE CON ARCADE SHOW\u00a0 \u00a012.30 IL GIORNALE RADIO EDIZIONE PRINCIPALE&hellip;<\/p>\n","protected":false},"author":4,"featured_media":442006,"comment_status":"closed","ping_status":"closed","sticky":false,"template":"","format":"standard","meta":{"_monsterinsights_skip_tracking":false,"_monsterinsights_sitenote_active":false,"_monsterinsights_sitenote_note":"","_monsterinsights_sitenote_category":0,"footnotes":""},"categories":[51,86,49],"tags":[],"class_list":["post-441856","post","type-post","status-publish","format-standard","has-post-thumbnail","hentry","category-evidenza-top","category-gr","category-news-18","category-51","category-86","category-49","description-off"],"img_url":"https:\/\/www.radiopiu.net\/wordpress\/wp-content\/uploads\/2025\/03\/AA-2.png","_links":{"self":[{"href":"https:\/\/www.radiopiu.net\/wordpress\/wp-json\/wp\/v2\/posts\/441856","targetHints":{"allow":["GET"]}}],"collection":[{"href":"https:\/\/www.radiopiu.net\/wordpress\/wp-json\/wp\/v2\/posts"}],"about":[{"href":"https:\/\/www.radiopiu.net\/wordpress\/wp-json\/wp\/v2\/types\/post"}],"author":[{"embeddable":true,"href":"https:\/\/www.radiopiu.net\/wordpress\/wp-json\/wp\/v2\/users\/4"}],"replies":[{"embeddable":true,"href":"https:\/\/www.radiopiu.net\/wordpress\/wp-json\/wp\/v2\/comments?post=441856"}],"version-history":[{"count":34,"href":"https:\/\/www.radiopiu.net\/wordpress\/wp-json\/wp\/v2\/posts\/441856\/revisions"}],"predecessor-version":[{"id":442029,"href":"https:\/\/www.radiopiu.net\/wordpress\/wp-json\/wp\/v2\/posts\/441856\/revisions\/442029"}],"wp:featuredmedia":[{"embeddable":true,"href":"https:\/\/www.radiopiu.net\/wordpress\/wp-json\/wp\/v2\/media\/442006"}],"wp:attachment":[{"href":"https:\/\/www.radiopiu.net\/wordpress\/wp-json\/wp\/v2\/media?parent=441856"}],"wp:term":[{"taxonomy":"category","embeddable":true,"href":"https:\/\/www.radiopiu.net\/wordpress\/wp-json\/wp\/v2\/categories?post=441856"},{"taxonomy":"post_tag","embeddable":true,"href":"https:\/\/www.radiopiu.net\/wordpress\/wp-json\/wp\/v2\/tags?post=441856"}],"curies":[{"name":"wp","href":"https:\/\/api.w.org\/{rel}","templated":true}]}}