{"id":441863,"date":"2025-03-28T05:53:22","date_gmt":"2025-03-28T04:53:22","guid":{"rendered":"https:\/\/www.radiopiu.net\/wordpress\/?p=441863"},"modified":"2025-03-28T05:55:13","modified_gmt":"2025-03-28T04:55:13","slug":"due-finti-religiosi-truffano-una-ricca-vedova","status":"publish","type":"post","link":"https:\/\/www.radiopiu.net\/wordpress\/due-finti-religiosi-truffano-una-ricca-vedova\/","title":{"rendered":"DUE FINTI RELIGIOSI TRUFFANO UNA RICCA VEDOVA"},"content":{"rendered":"<p>***<\/p>\n<p><strong>OGGI LA GIUDIZIARIA, SUL CORRIERE DELLE ALPI<\/strong><br \/>\n<strong>SINTESI, GIGI SOSSO<\/strong><\/p>\n<article class=\"w-full text-token-text-primary\" dir=\"auto\" data-testid=\"conversation-turn-6\" data-scroll-anchor=\"true\">\n<div class=\"text-base my-auto mx-auto py-5 px-6\">\n<div class=\"mx-auto flex flex-1 text-base gap-4 md:gap-5 lg:gap-6 md:max-w-3xl group\/turn-messages focus-visible:outline-none\" tabindex=\"-1\">\n<div class=\"group\/conversation-turn relative flex w-full min-w-0 flex-col agent-turn @xs\/thread:px-0 @sm\/thread:px-1.5 @md\/thread:px-4\">\n<div class=\"relative flex-col gap-1 md:gap-3\">\n<div class=\"flex max-w-full flex-col flex-grow\">\n<div class=\"min-h-8 text-message relative flex w-full flex-col items-end gap-2 whitespace-normal break-words text-start [.text-message+&amp;]:mt-5\" dir=\"auto\" data-message-author-role=\"assistant\" data-message-id=\"f39472dd-d3ea-4755-beca-72ea25f8ada7\" data-message-model-slug=\"gpt-4o\">\n<div class=\"flex w-full flex-col gap-1 empty:hidden first:pt-[3px]\">\n<div class=\"markdown prose w-full break-words dark:prose-invert dark\">\n<p class=\"\" data-start=\"53\" data-end=\"504\"><strong>BELLUNO<\/strong> Due impostori, un finto diacono e una finta suora, sono stati rinviati a giudizio per circonvenzione d&#8217;incapace. Hanno raggirato una vedova ereditiera, fragile dopo il lutto, guadagnandosi la sua fiducia e ottenendo denaro e accesso al conto del defunto marito. Hanno prelevato oltre mille euro e tentato di gestire il suo patrimonio. La truffa, avvenuta tra dicembre 2023 e aprile 2024, \u00e8 stata scoperta e bloccata. Il processo inizier\u00e0 il 22 maggio.<\/p>\n<blockquote>\n<h3 class=\"\" data-start=\"0\" data-end=\"70\">BRUTALE PESTAGGIO ALLA STAZIONE: A PROCESSO PER TENTATO OMICIDIO<\/h3>\n<\/blockquote>\n<p class=\"\" data-start=\"72\" data-end=\"545\"><strong>FELTRE<\/strong> Resta l\u2019accusa di tentato omicidio per\u00a0 il bellunese accusato di aver ridotto in fin di vita l\u2019egiziano\u00a0 alla stazione di Feltre, il 28 agosto 2023. Il pubblico ministero Claudio Fabris ha confermato l\u2019imputazione e luned\u00ec il giudice Enrica Marson legger\u00e0 il dispositivo del rinvio a giudizio. L\u2019imputato, affetto da problemi psichiatrici, \u00e8 ospite della comunit\u00e0 Cepac di Ficarolo (RO), poich\u00e9 il carcere non \u00e8 compatibile con le sue condizioni. \u00a0Il pestaggio, ripreso dalle telecamere di sorveglianza, \u00e8 stato estremamente violento, senza coinvolgimento di terzi. l&#8217;Uomo egiziano ha subito un lungo ricovero ed \u00e8 stato in coma. Luned\u00ec il giudice confermer\u00e0 il rinvio a giudizio.<\/p>\n<blockquote>\n<h3 class=\"\" data-start=\"0\" data-end=\"53\">PUGNO AL BAR, 70 GIORNI DI PROGNOSI: A PROCESSO<\/h3>\n<\/blockquote>\n<p class=\"\" data-start=\"55\" data-end=\"544\"><strong>BORGO VALBELLUNA<\/strong> \u00a0un pugno sferrato in un bar di Mel ha causato 70 giorni di prognosi per un cittadino bosniaco, con frattura del femore e trauma all\u2019anca. \u00a0Accusato di lesioni aggravate, \u00e8 stato portato in tribunale, difeso dall\u2019avvocato Monica Casagrande. Lui nega l\u2019impatto, mentre la vittima e un testimone affermano il contrario. Il giudice Paolo Velo ha rinviato la sentenza ai prossimi mesi, esortando l\u2019imputato a seguire la terapia prescritta.<\/p>\n<blockquote>\n<h3 class=\"\" data-start=\"0\" data-end=\"54\">AFFARI CON LA &#8216;NDRANGHETA, A PROCESSO I CENEDESE<\/h3>\n<\/blockquote>\n<p class=\"\" data-start=\"56\" data-end=\"572\"><b>CORTINA <\/b> Luigi Cenedese, 73 anni, residente a Cortina, e il figlio Andrea, 42 anni, sono a processo a Varese per presunti legami con la &#8216;ndrangheta nella gestione di appalti ferroviari tra 2015 e 2020. Accusati di associazione a delinquere, avrebbero fornito manodopera e false fatturazioni a imprese legate alle cosche. L\u2019azienda di famiglia \u00e8 ora in amministrazione giudiziaria. La difesa nega ogni coinvolgimento, confidando nell&#8217;assoluzione, come gi\u00e0 avvenuto per altri imputati.<\/p>\n<\/div>\n<\/div>\n<\/div>\n<\/div>\n<div class=\"mt-3 w-full empty:hidden\">\n<blockquote>\n<div class=\"text-center\"><strong>RISSA IN CUCINA A CORTINA, CHEF A PROCESSO<\/strong><\/div>\n<\/blockquote>\n<\/div>\n<\/div>\n<div class=\"absolute\">\n<div class=\"flex items-center justify-center\"><strong data-start=\"50\" data-end=\"61\">CORTINA<\/strong> \u2013 Violenta lite in cucina tra chef e aiuto cuoco in un ristorante di montagna. Lo\u00a0chef palermitano, \u00e8 accusato di lesioni aggravate per aver spintonato, preso per il collo e colpito con calci alla schiena un collega, causandogli la frattura di una vertebra. Il pubblico ministero ha chiesto sei mesi di reclusione, mentre la difesa punta all\u2019assoluzione. Sentenza attesa per il 25 maggio.<\/div>\n<\/div>\n<\/div>\n<\/div>\n<\/div>\n<\/article>\n<div class=\"pointer-events-none h-px w-px\" aria-hidden=\"true\" data-edge=\"true\"><\/div>\n","protected":false},"excerpt":{"rendered":"<p>*** OGGI LA GIUDIZIARIA, SUL CORRIERE DELLE ALPI SINTESI, GIGI SOSSO BELLUNO Due impostori, un finto diacono e una finta suora, sono stati rinviati a giudizio per circonvenzione d&#8217;incapace. Hanno raggirato una vedova ereditiera, fragile dopo il lutto, guadagnandosi la sua fiducia e ottenendo denaro e accesso al conto del defunto marito. Hanno prelevato oltre&hellip;<\/p>\n","protected":false},"author":4,"featured_media":441872,"comment_status":"closed","ping_status":"closed","sticky":false,"template":"","format":"standard","meta":{"_monsterinsights_skip_tracking":false,"_monsterinsights_sitenote_active":false,"_monsterinsights_sitenote_note":"","_monsterinsights_sitenote_category":0,"footnotes":""},"categories":[51,49],"tags":[],"class_list":["post-441863","post","type-post","status-publish","format-standard","has-post-thumbnail","hentry","category-evidenza-top","category-news-18","category-51","category-49","description-off"],"img_url":"https:\/\/www.radiopiu.net\/wordpress\/wp-content\/uploads\/2025\/03\/60919c78-f06a-4a68-a1e2-73416b1f0f4c.webp","_links":{"self":[{"href":"https:\/\/www.radiopiu.net\/wordpress\/wp-json\/wp\/v2\/posts\/441863","targetHints":{"allow":["GET"]}}],"collection":[{"href":"https:\/\/www.radiopiu.net\/wordpress\/wp-json\/wp\/v2\/posts"}],"about":[{"href":"https:\/\/www.radiopiu.net\/wordpress\/wp-json\/wp\/v2\/types\/post"}],"author":[{"embeddable":true,"href":"https:\/\/www.radiopiu.net\/wordpress\/wp-json\/wp\/v2\/users\/4"}],"replies":[{"embeddable":true,"href":"https:\/\/www.radiopiu.net\/wordpress\/wp-json\/wp\/v2\/comments?post=441863"}],"version-history":[{"count":1,"href":"https:\/\/www.radiopiu.net\/wordpress\/wp-json\/wp\/v2\/posts\/441863\/revisions"}],"predecessor-version":[{"id":441873,"href":"https:\/\/www.radiopiu.net\/wordpress\/wp-json\/wp\/v2\/posts\/441863\/revisions\/441873"}],"wp:featuredmedia":[{"embeddable":true,"href":"https:\/\/www.radiopiu.net\/wordpress\/wp-json\/wp\/v2\/media\/441872"}],"wp:attachment":[{"href":"https:\/\/www.radiopiu.net\/wordpress\/wp-json\/wp\/v2\/media?parent=441863"}],"wp:term":[{"taxonomy":"category","embeddable":true,"href":"https:\/\/www.radiopiu.net\/wordpress\/wp-json\/wp\/v2\/categories?post=441863"},{"taxonomy":"post_tag","embeddable":true,"href":"https:\/\/www.radiopiu.net\/wordpress\/wp-json\/wp\/v2\/tags?post=441863"}],"curies":[{"name":"wp","href":"https:\/\/api.w.org\/{rel}","templated":true}]}}