{"id":441865,"date":"2025-03-28T05:18:30","date_gmt":"2025-03-28T04:18:30","guid":{"rendered":"https:\/\/www.radiopiu.net\/wordpress\/?p=441865"},"modified":"2025-03-28T05:51:33","modified_gmt":"2025-03-28T04:51:33","slug":"chiara-mammani-addio-a-50-anni","status":"publish","type":"post","link":"https:\/\/www.radiopiu.net\/wordpress\/chiara-mammani-addio-a-50-anni\/","title":{"rendered":"CHIARA MAMMANI, ADDIO A 50 ANNI"},"content":{"rendered":"<p>**<\/p>\n<p class=\"\" data-start=\"39\" data-end=\"230\">\n<p class=\"\" data-start=\"39\" data-end=\"230\"><a class=\"dt-pswp-item\" href=\"https:\/\/www.radiopiu.net\/wordpress\/wp-content\/uploads\/2025\/03\/chiara.png\" data-dt-img-description=\"\" data-large_image_width=\"215\" data-large_image_height=\"208\"><img loading=\"lazy\" decoding=\"async\" class=\"size-full wp-image-441866 alignleft\" src=\"https:\/\/www.radiopiu.net\/wordpress\/wp-content\/uploads\/2025\/03\/chiara.png\" alt=\"\" width=\"215\" height=\"208\" \/><\/a>FELTRE \u2013 Si \u00e8 spenta all&#8217;et\u00e0 di 50 anni Chiara Mammani. A darne il triste annuncio sono la mamma Daniela, il pap\u00e0 Giuliano, la sorella Laura con Federico e Davide, insieme ai parenti tutti.<\/p>\n<p class=\"\" data-start=\"232\" data-end=\"378\">I funerali si terranno\u00a0 domani alle ore 9.30 nella Cattedrale di Feltre. Dopo la cerimonia, la salma verr\u00e0 tumulata nel cimitero locale.<\/p>\n<p class=\"\" data-start=\"380\" data-end=\"568\">La famiglia esprime un sentito ringraziamento alla Dott.ssa Doriguzzi, al Dr. Segreto e al personale delle cure palliative dell\u2019Hospice \u201cLe Vette\u201d di Feltre per le amorevoli cure prestate.<\/p>\n<p data-start=\"380\" data-end=\"568\">\n<hr \/>\n<p data-start=\"380\" data-end=\"568\">\n","protected":false},"excerpt":{"rendered":"<p>** FELTRE \u2013 Si \u00e8 spenta all&#8217;et\u00e0 di 50 anni Chiara Mammani. A darne il triste annuncio sono la mamma Daniela, il pap\u00e0 Giuliano, la sorella Laura con Federico e Davide, insieme ai parenti tutti. I funerali si terranno\u00a0 domani alle ore 9.30 nella Cattedrale di Feltre. Dopo la cerimonia, la salma verr\u00e0 tumulata nel&hellip;<\/p>\n","protected":false},"author":4,"featured_media":441866,"comment_status":"closed","ping_status":"closed","sticky":false,"template":"","format":"standard","meta":{"_monsterinsights_skip_tracking":false,"_monsterinsights_sitenote_active":false,"_monsterinsights_sitenote_note":"","_monsterinsights_sitenote_category":0,"footnotes":""},"categories":[51,49],"tags":[],"class_list":["post-441865","post","type-post","status-publish","format-standard","has-post-thumbnail","hentry","category-evidenza-top","category-news-18","category-51","category-49","description-off"],"img_url":"https:\/\/www.radiopiu.net\/wordpress\/wp-content\/uploads\/2025\/03\/chiara.png","_links":{"self":[{"href":"https:\/\/www.radiopiu.net\/wordpress\/wp-json\/wp\/v2\/posts\/441865","targetHints":{"allow":["GET"]}}],"collection":[{"href":"https:\/\/www.radiopiu.net\/wordpress\/wp-json\/wp\/v2\/posts"}],"about":[{"href":"https:\/\/www.radiopiu.net\/wordpress\/wp-json\/wp\/v2\/types\/post"}],"author":[{"embeddable":true,"href":"https:\/\/www.radiopiu.net\/wordpress\/wp-json\/wp\/v2\/users\/4"}],"replies":[{"embeddable":true,"href":"https:\/\/www.radiopiu.net\/wordpress\/wp-json\/wp\/v2\/comments?post=441865"}],"version-history":[{"count":1,"href":"https:\/\/www.radiopiu.net\/wordpress\/wp-json\/wp\/v2\/posts\/441865\/revisions"}],"predecessor-version":[{"id":441867,"href":"https:\/\/www.radiopiu.net\/wordpress\/wp-json\/wp\/v2\/posts\/441865\/revisions\/441867"}],"wp:featuredmedia":[{"embeddable":true,"href":"https:\/\/www.radiopiu.net\/wordpress\/wp-json\/wp\/v2\/media\/441866"}],"wp:attachment":[{"href":"https:\/\/www.radiopiu.net\/wordpress\/wp-json\/wp\/v2\/media?parent=441865"}],"wp:term":[{"taxonomy":"category","embeddable":true,"href":"https:\/\/www.radiopiu.net\/wordpress\/wp-json\/wp\/v2\/categories?post=441865"},{"taxonomy":"post_tag","embeddable":true,"href":"https:\/\/www.radiopiu.net\/wordpress\/wp-json\/wp\/v2\/tags?post=441865"}],"curies":[{"name":"wp","href":"https:\/\/api.w.org\/{rel}","templated":true}]}}